{"id":10067,"date":"2024-12-01T00:01:00","date_gmt":"2024-11-30T23:01:00","guid":{"rendered":"https:\/\/celebrityhouse.cz\/?p=10067"},"modified":"2024-12-04T03:19:09","modified_gmt":"2024-12-04T02:19:09","slug":"adventni-koncerty-ceske-televize-se-letos-poprve-uskutecni-i-mimo-prahu","status":"publish","type":"post","link":"https:\/\/celebrityhouse.cz\/index.php\/2024\/12\/01\/adventni-koncerty-ceske-televize-se-letos-poprve-uskutecni-i-mimo-prahu\/","title":{"rendered":"Adventn\u00ed koncerty \u010cesk\u00e9 televize se letos poprv\u00e9 uskute\u010dn\u00ed i mimo Prahu"},"content":{"rendered":"\n<div style=\"height:45px\" aria-hidden=\"true\" class=\"wp-block-spacer\"><\/div>\n\n\n\n<p><strong>V\u00fdt\u011b\u017eek bude op\u011bt pom\u00e1hat \u010dty\u0159em neziskov\u00fdm organizac\u00edm<\/strong>.<\/p>\n\n\n\n<p><strong>Jedna z&nbsp;nejd\u00e9le funguj\u00edc\u00edch ve\u0159ejn\u00fdch sb\u00edrek v&nbsp;\u010cesku zapo\u010dala svou \u010dinnost v roce 1991. Od t\u00e9 doby rozd\u011blila mezi neziskov\u00e9 organizace v\u00edce ne\u017e 299 milion\u016f korun. Lo\u0148sk\u00fd ro\u010dn\u00edk byl zat\u00edm nej\u00fasp\u011b\u0161n\u011bj\u0161\u00ed, poda\u0159ilo se vybrat t\u00e9m\u011b\u0159 23 milion\u016f. V\u0161echny \u010dty\u0159i koncerty odvys\u00edl\u00e1 program \u010cT1 v\u017edy v ned\u011bli od 17:30. Letos poprv\u00e9 koncerty zam\u00ed\u0159\u00ed i do region\u016f.<\/strong><\/p>\n\n\n\n<div style=\"height:45px\" aria-hidden=\"true\" class=\"wp-block-spacer\"><\/div>\n\n\n<div class=\"wp-block-image\">\n<figure class=\"aligncenter size-large\"><img decoding=\"async\" src=\"https:\/\/cinemahouse.cz\/wp-content\/uploads\/2024\/11\/AK_2024_patroni-spolu-724x1024.jpg\" alt=\"Adventn\u00ed koncerty \u010cesk\u00e9 televize se letos poprv\u00e9 uskute\u010dn\u00ed i mimo Prahu\" class=\"wp-image-8969\"\/><\/figure><\/div>\n\n\n<div style=\"height:45px\" aria-hidden=\"true\" class=\"wp-block-spacer\"><\/div>\n\n\n\n<p>\u201e<em>Jsem r\u00e1d, \u017ee letos se n\u00e1m poda\u0159ilo zorganizovat dva koncerty i mimo Prahu. Krom\u011b ji\u017e t\u011bch tradi\u010dn\u00edch v&nbsp;B\u0159evnovsk\u00e9m a Strahovsk\u00e9m kl\u00e1\u0161te\u0159e se letos uskute\u010dn\u00ed i v&nbsp;kostelech Nanebevzet\u00ed Panny Marie v&nbsp;Poln\u00e9 a v&nbsp;Oseku. T\u011b\u0161\u00ed m\u011b ka\u017edoro\u010dn\u00ed z\u00e1jem div\u00e1k\u016f o Adventn\u00ed koncerty, kter\u00e9 se u\u017e staly ned\u00edlnou sou\u010d\u00e1st\u00ed v\u00e1no\u010dn\u00edho programu \u010cesk\u00e9 televize, a&nbsp;v\u0161em d\u011bkuji za \u0161t\u011bdrost a&nbsp;ochotu pomoci pot\u0159ebn\u00fdm,\u201c<\/em> \u0159\u00edk\u00e1 gener\u00e1ln\u00ed \u0159editel \u010cesk\u00e9televize <strong>Jan Sou\u010dek<\/strong>.<\/p>\n\n\n\n<p>Moder\u00e1tory leto\u0161n\u00edho ro\u010dn\u00edku budou<strong> Ester Jane\u010dkov\u00e1, Petr Hradil <\/strong>a<strong> Jan Potm\u011b\u0161il<\/strong>. Stejn\u011b jako ka\u017ed\u00fd rok jsou patrony adventn\u00edch koncert\u016f obl\u00edben\u00e9 tv\u00e1\u0159e \u010cesk\u00e9 televize, letos nab\u00eddku p\u0159ijali <strong>Josef Kvasni\u010dka, Ale\u0161 Zbo\u0159il, Darja Stomatov\u00e1 <\/strong>a<strong> Petra Eli\u00e1\u0161 Vol\u00e1kov\u00e1<\/strong>. O hudebn\u00ed vystoupen\u00ed se postar\u00e1 na t\u0159i des\u00edtky host\u016f. Varhan\u00edk Pavel \u010cern\u00fd, \u010cesk\u00fd akademick\u00fd sbor z&nbsp;Brna, cimb\u00e1lov\u00e1 muzika Veselica a v&nbsp;p\u011bveck\u00e9 roli se objev\u00ed i here\u010dka Veronika Khek Kuba\u0159ov\u00e1 nebo \u017ees\u0165ov\u00e9 kvinteto Hudby Hradn\u00ed str\u00e1\u017ee a Policie \u010cesk\u00e9 republiky, cellist\u00e9 z&nbsp;Violoncellov\u00e9ho ans\u00e1mblu \u0160ev\u010d\u00edkovy akademie \u010di Orchestr Je\u017ekovy stopy se zaj\u00edmavou orchestrac\u00ed klasick\u00fdch Je\u017ekov\u00fdch skladeb. Vystoup\u00ed tak\u00e9 Ji\u0159\u00ed Pavlica a Hradi\u0161\u0165an, skupina Jelen, Mark\u00e9ta Irglov\u00e1, Smy\u010dcov\u00e9 kvinteto Jiho\u010desk\u00e9 filharmonie, Barocco sempre giovane, Eva Bure\u0161ov\u00e1 a Kry\u0161tof Pobo\u0159il, Pavel Haas Quartet nebo Alinde Quintet.<\/p>\n\n\n\n<p>\u201e<em>Adventn\u00ed koncerty \u010cesk\u00e9 televize se letos budou vys\u00edlat u\u017e po t\u0159ic\u00e1t\u00e9 \u010dtvrt\u00e9, co\u017e je dlouh\u00e1 a zavazuj\u00edc\u00ed tradice. Prvn\u00ed ro\u010dn\u00edk se konal v&nbsp;roce 1991. Byla to doba, kdy \u010desk\u00e1 spole\u010dnost teprve objevovala principy charitativn\u00ed pomoci. K form\u00e1tu Adventn\u00edch koncert\u016f \u010cT jsme se nechali inspirovat obdobn\u00fdm projektem v&nbsp;Rakousku a \u0161lo o prvn\u00ed vyb\u00edr\u00e1n\u00ed v&nbsp;p\u0159\u00edm\u00e9m p\u0159enosu, kdy se on-line s\u010d\u00edtala vybran\u00e1 \u010d\u00e1stka. Nicm\u00e9n\u011b i tento koncept se mus\u00ed \u010das od \u010dasu vyv\u00edjet,\u201c<\/em> \u0159\u00edk\u00e1 kreativn\u00ed producent <strong>Radom\u00edr \u0160ofr. <\/strong>A&nbsp;p\u0159id\u00e1v\u00e1 v\u00edce informac\u00ed k leto\u0161n\u00ed novince: \u201e<em>Spole\u010dn\u00fdm jmenovatelem na\u0161ich v\u00fdjezd\u016f z&nbsp;Prahy je, \u017ee se dostaneme bl\u00ed\u017ee k div\u00e1k\u016fm \u010cesk\u00e9 televize, p\u0159\u00edmo do region\u016f, a bude to na atmosf\u00e9\u0159e koncert\u016f zn\u00e1t.\u201c<\/em><\/p>\n\n\n\n<p>V\u00fdt\u011b\u017eek z&nbsp;prvn\u00edho koncertu poputuje do St\u0159ediska ran\u00e9 p\u00e9\u010de Educo Zl\u00edn, kter\u00e9 poskytuje ter\u00e9nn\u00ed slu\u017ebu ran\u00e9 p\u00e9\u010de 120 rodin\u00e1m v&nbsp;cel\u00e9m Zl\u00ednsk\u00e9m kraji. Podporuj\u00ed rodiny s&nbsp;d\u011btmi se zdravotn\u00edm posti\u017een\u00edm od narozen\u00ed do 7 let v\u011bku d\u00edt\u011bte, d\u011bti s&nbsp;PAS, ment\u00e1ln\u00edm, t\u011blesn\u00fdm nebo kombinovan\u00fdm posti\u017een\u00edm, d\u011bti s&nbsp;komplikacemi zp\u016fsoben\u00fdmi p\u0159ed\u010dasn\u00fdm porodem, s poruchami komunikace a neurov\u00fdvojov\u00fdmi poruchami \u010di d\u011bti s&nbsp;obt\u00ed\u017eemi ve v\u00fdvoji bez stanoven\u00e9 diagn\u00f3zy.<\/p>\n\n\n\n<p>Patron koncertu, moder\u00e1tor hlavn\u00ed zpravodajsk\u00e9 relace Ud\u00e1losti,<strong> Josef Kvasni\u010dka<\/strong> k&nbsp;tomu \u0159\u00edk\u00e1: <em>\u201eJsem ze Zl\u00edna, jsem patronem zl\u00ednsk\u00e9 organizace. O to v\u011bt\u0161\u00ed je to motivace! Ran\u00e1 p\u00e9\u010de znamen\u00e1 pomoc t\u011bm nejzraniteln\u011bj\u0161\u00edm, tedy d\u011btem. Absolvoval jsem n\u00e1v\u0161t\u011bvu u rodiny v Otrokovic\u00edch. Ty pocity jsou tak\u0159ka nesd\u011bliteln\u00e9. Bylo mi s nimi moc hezky.\u201c<\/em><\/p>\n\n\n\n<div style=\"height:45px\" aria-hidden=\"true\" class=\"wp-block-spacer\"><\/div>\n\n\n<div class=\"wp-block-image\">\n<figure class=\"aligncenter size-large\"><img loading=\"lazy\" decoding=\"async\" width=\"724\" height=\"1024\" src=\"https:\/\/celebrityhouse.cz\/wp-content\/uploads\/2024\/11\/2024-Adventni-koncerty-724x1024.jpg\" alt=\"Adventn\u00ed koncerty \u010cesk\u00e9 televize se letos poprv\u00e9 uskute\u010dn\u00ed i mimo Prahu\" class=\"wp-image-10068\" srcset=\"https:\/\/celebrityhouse.cz\/wp-content\/uploads\/2024\/11\/2024-Adventni-koncerty-724x1024.jpg 724w, https:\/\/celebrityhouse.cz\/wp-content\/uploads\/2024\/11\/2024-Adventni-koncerty-212x300.jpg 212w, https:\/\/celebrityhouse.cz\/wp-content\/uploads\/2024\/11\/2024-Adventni-koncerty-768x1086.jpg 768w, https:\/\/celebrityhouse.cz\/wp-content\/uploads\/2024\/11\/2024-Adventni-koncerty-1086x1536.jpg 1086w, https:\/\/celebrityhouse.cz\/wp-content\/uploads\/2024\/11\/2024-Adventni-koncerty-1448x2048.jpg 1448w, https:\/\/celebrityhouse.cz\/wp-content\/uploads\/2024\/11\/2024-Adventni-koncerty.jpg 1754w\" sizes=\"(max-width: 724px) 100vw, 724px\" \/><\/figure><\/div>\n\n\n<div style=\"height:45px\" aria-hidden=\"true\" class=\"wp-block-spacer\"><\/div>\n\n\n\n<p>Druh\u00fd koncert pom\u016f\u017ee ParaCENTRU Fenix v Brn\u011b, jeho\u017e hlavn\u00edm c\u00edlem je sob\u011bsta\u010dnost klient\u016f \u2013 voz\u00ed\u010dk\u00e1\u0159\u016fm usnad\u0148uje p\u0159echod z&nbsp;institucion\u00e1ln\u00ed p\u00e9\u010de do dom\u00e1c\u00edho prost\u0159ed\u00ed, pom\u00e1h\u00e1 jim a jejich bl\u00edzk\u00fdm akceptovat novou \u017eivotn\u00ed situaci, podporuje je p\u0159i n\u00e1vratu na pracovn\u00ed trh a umo\u017e\u0148uje jim sd\u00edlet a vym\u011b\u0148ovat zku\u0161enosti a informace. Jeho patronem je moder\u00e1tor sout\u011b\u017en\u00edho po\u0159adu AZ-kv\u00edz <strong>Ale\u0161 Zbo\u0159il<\/strong><em>: \u201eFenix m\u00e1 obrovsk\u00e9 pot\u00ed\u017ee s&nbsp;prostory a to limituje slu\u017eby, kter\u00e9 m\u016f\u017ee klient\u016fm nab\u00edzet. Sv\u00edt\u00e1 nicm\u00e9n\u011b nad\u011bje na v\u011bt\u0161\u00ed s\u00eddlo na rovin\u011b na jihu Brna. Pokud se jeho rekonstrukce poda\u0159\u00ed, Fenix bude moct roz\u0161\u00ed\u0159it jak sv\u00e9 slu\u017eby, tak zv\u011bt\u0161it po\u010det klient\u016f, kter\u00fdm je m\u016f\u017ee nab\u00eddnout.\u201c<\/em><\/p>\n\n\n\n<p>T\u0159et\u00ed koncert chce pomoci Centru Locika, nest\u00e1tn\u00edmu specializovan\u00e9mu pracovi\u0161ti zam\u011b\u0159en\u00e9mu na pomoc d\u011btem ohro\u017een\u00fdm n\u00e1sil\u00edm, a\u0165 ji\u017e v\u00a0pozici p\u0159\u00edm\u00e9 ob\u011bti, \u010di sv\u011bdka n\u00e1sil\u00ed v\u00a0rodin\u011b. C\u00edlem Lociky je minimalizovat dopady na v\u00fdvoj d\u00edt\u011bte a nastavit jeho zdrav\u00e9 vztahy s\u00a0ob\u011bma rodi\u010di tak, aby mohlo vyr\u016fstat v\u00a0respektuj\u00edc\u00edm rodinn\u00e9m prost\u0159ed\u00ed. Patronkou Lociky je v\u00e1le\u010dn\u00e1 zpravodajka \u010cT na Ukrajin\u011b <strong>Darja Stomatov\u00e1<\/strong>: <\/p>\n\n\n\n<p><em>\u201eSvou \u00fa\u010dast na Adventn\u00edch koncertech vn\u00edm\u00e1m jako poctu. Ve sv\u00e9 pr\u00e1ci se hlavn\u011b v posledn\u00edch t\u00e9m\u011b\u0159 t\u0159ech letech pravideln\u011b setk\u00e1v\u00e1m se strachem, n\u00e1sil\u00edm a beznad\u011bj\u00ed. Nejhor\u0161\u00ed je vid\u011bt bezradnost lid\u00ed, kte\u0159\u00ed si uv\u011bdomuj\u00ed, jak m\u00e1lo toho mohou ve sv\u00e9m \u017eivot\u011b ovlivnit, kdy\u017e se ze dne na den obr\u00e1t\u00ed v\u0161echno naruby. Jako novin\u00e1\u0159i to m\u016f\u017eeme jen zaznamen\u00e1vat. Jako patronka ale m\u016f\u017eu ve\u0159ejn\u011b podpo\u0159it organizaci, kter\u00e1 skute\u010dn\u011b n\u011bco zm\u011bnit dok\u00e1\u017ee.\u201c<\/em><\/p>\n\n\n\n<p>V\u00fdt\u011b\u017eek ze \u010dtvrt\u00e9ho koncertu zam\u00ed\u0159\u00ed do pacientsk\u00e9 neziskov\u00e9 organizace Maminy s\u00a0rakovinou, kter\u00e1 jako jedin\u00e1 v\u00a0\u010cR pom\u00e1h\u00e1 onkologicky nemocn\u00fdm mamink\u00e1m, ani\u017e by rozli\u0161ovala druh jejich n\u00e1dorov\u00e9ho onemocn\u011bn\u00ed. A proto\u017ee jde o t\u00fdm lid\u00ed, kte\u0159\u00ed si t\u00edmto onemocn\u011bn\u00edm pro\u0161li, v\u011bnuj\u00ed se komplexn\u00ed pomoci cel\u00e9 rodin\u011b v\u00a0centrech v\u00a0Praze, Plzni, T\u00e1bo\u0159e a A\u0161i. Nab\u00edz\u00ed i on-line pomoc. Patronkou t\u00e9to organizace je moder\u00e1torka po\u0159adu Sama doma <strong>Petra Eli\u00e1\u0161 Vol\u00e1kov\u00e1<\/strong>: <\/p>\n\n\n\n<p>\u201e<em>Je vid\u011bt, \u017ee plat\u00ed, \u017ee sd\u00edlen\u00e1 zku\u0161enost zde opravdu neskute\u010dn\u011b funguje. Organizace se zam\u011b\u0159uje, krom odborn\u00e9, psychologick\u00e9 a jin\u00e9 pomoci mamink\u00e1m, i na praktickou pomoc s hl\u00edd\u00e1n\u00edm v rodin\u00e1ch, dou\u010dov\u00e1n\u00ed a \u0159adu dal\u0161\u00ed pomoci, kter\u00e1 je nesm\u00edrn\u011b d\u016fle\u017eit\u00e1. Jsou to inovativn\u00ed praktick\u00e9 slu\u017eby, kter\u00e9 jsou vlastn\u011b na hranic\u00ed soci\u00e1ln\u00edch slu\u017eeb, neexistuj\u00ed na n\u011b \u017e\u00e1dn\u00e9 granty, a proto v\u011b\u0159\u00edm, \u017ee by zde mohla sb\u00edrka v\u00fdznamn\u011b pomoci. Stejn\u011b tak i v dopl\u0148kov\u00fdch projektech, jako je p\u016fj\u010dov\u00e1n\u00ed paruk, prevence a \u0159ada dal\u0161\u00edch.\u201c<\/em><\/p>\n\n\n\n<p>Div\u00e1ci mohou vybran\u00e9 neziskov\u00e9 organizace podpo\u0159it v\u00edce zp\u016fsoby: zasl\u00e1n\u00edm d\u00e1rcovsk\u00e9 SMS ve tvaru DMS ADVENT 30, DMS ADVENT 60, DMS ADVENT 90 nebo DMS ADVENT 190 na \u010d\u00edslo 87 777. Dal\u0161\u00ed mo\u017enost\u00ed je p\u0159evod na transparentn\u00ed \u00fa\u010det Adventn\u00edch koncert\u016f \u010cT (692 692 692\/0800) nebo prost\u0159ednictv\u00edm QR platby. Darovat on-line je mo\u017en\u00e9 na port\u00e1lu www.darujspravne.cz a&nbsp;v&nbsp;pr\u016fb\u011bhu jednotliv\u00fdch koncert\u016f tak\u00e9 prost\u0159ednictv\u00edm call centra.<\/p>\n\n\n\n<div style=\"height:45px\" aria-hidden=\"true\" class=\"wp-block-spacer\"><\/div>\n\n\n\n<figure class=\"wp-block-gallery aligncenter has-nested-images columns-default is-cropped wp-block-gallery-1 is-layout-flex wp-block-gallery-is-layout-flex\">\n<figure class=\"wp-block-image size-large\"><img decoding=\"async\" data-id=\"8969\" src=\"https:\/\/cinemahouse.cz\/wp-content\/uploads\/2024\/11\/AK_2024_patroni-spolu-724x1024.jpg\" alt=\"Adventn\u00ed koncerty \u010cesk\u00e9 televize se letos poprv\u00e9 uskute\u010dn\u00ed i mimo Prahu\" class=\"wp-image-8969\"\/><\/figure>\n\n\n\n<figure class=\"wp-block-image size-large\"><img decoding=\"async\" data-id=\"8970\" src=\"https:\/\/cinemahouse.cz\/wp-content\/uploads\/2024\/11\/2024-Adventni-koncerty-724x1024.jpg\" alt=\"Adventn\u00ed koncerty \u010cesk\u00e9 televize se letos poprv\u00e9 uskute\u010dn\u00ed i mimo Prahu\" class=\"wp-image-8970\"\/><\/figure>\n<\/figure>\n\n\n\n<div style=\"height:45px\" aria-hidden=\"true\" class=\"wp-block-spacer\"><\/div>\n\n\n\n<p><strong>Zdroj foto:<\/strong> \u010cesk\u00e1 televize<\/p>\n\n\n\n<div style=\"height:45px\" aria-hidden=\"true\" class=\"wp-block-spacer\"><\/div>\n","protected":false},"excerpt":{"rendered":"<p>V\u00fdt\u011b\u017eek bude op\u011bt pom\u00e1hat \u010dty\u0159em neziskov\u00fdm organizac\u00edm. Jedna z&nbsp;nejd\u00e9le funguj\u00edc\u00edch ve\u0159ejn\u00fdch sb\u00edrek v&nbsp;\u010cesku zapo\u010dala svou \u010dinnost v roce 1991. Od t\u00e9 doby rozd\u011blila mezi neziskov\u00e9 organizace v\u00edce ne\u017e 299 milion\u016f korun. Lo\u0148sk\u00fd ro\u010dn\u00edk byl&#46;&#46;&#46;<\/p>\n","protected":false},"author":8,"featured_media":10069,"comment_status":"closed","ping_status":"closed","sticky":false,"template":"","format":"standard","meta":{"_monsterinsights_skip_tracking":false,"_monsterinsights_sitenote_active":false,"_monsterinsights_sitenote_note":"","_monsterinsights_sitenote_category":0,"footnotes":""},"categories":[19,6,13,2],"tags":[],"yoast_head":"<!-- This site is optimized with the Yoast SEO plugin v21.5 - https:\/\/yoast.com\/wordpress\/plugins\/seo\/ -->\n<title>Adventn\u00ed koncerty \u010cesk\u00e9 televize se letos poprv\u00e9 uskute\u010dn\u00ed i mimo Prahu - CELEBRITYHOUSE.cz<\/title>\n<meta name=\"description\" content=\"Jedna z\u00a0nejd\u00e9le funguj\u00edc\u00edch ve\u0159ejn\u00fdch sb\u00edrek v\u00a0\u010cesku zapo\u010dala svou \u010dinnost v roce 1991, rozd\u011blila mezi neziskov\u00e9 organizace 299 milion\u016f korun\" \/>\n<meta name=\"robots\" content=\"index, follow, max-snippet:-1, max-image-preview:large, max-video-preview:-1\" \/>\n<link rel=\"canonical\" href=\"https:\/\/celebrityhouse.cz\/index.php\/2024\/12\/01\/adventni-koncerty-ceske-televize-se-letos-poprve-uskutecni-i-mimo-prahu\/\" \/>\n<meta property=\"og:locale\" content=\"cs_CZ\" \/>\n<meta property=\"og:type\" content=\"article\" \/>\n<meta property=\"og:title\" content=\"Adventn\u00ed koncerty \u010cesk\u00e9 televize se letos poprv\u00e9 uskute\u010dn\u00ed i mimo Prahu - CELEBRITYHOUSE.cz\" \/>\n<meta property=\"og:description\" content=\"Jedna z\u00a0nejd\u00e9le funguj\u00edc\u00edch ve\u0159ejn\u00fdch sb\u00edrek v\u00a0\u010cesku zapo\u010dala svou \u010dinnost v roce 1991, rozd\u011blila mezi neziskov\u00e9 organizace 299 milion\u016f korun\" \/>\n<meta property=\"og:url\" content=\"https:\/\/celebrityhouse.cz\/index.php\/2024\/12\/01\/adventni-koncerty-ceske-televize-se-letos-poprve-uskutecni-i-mimo-prahu\/\" \/>\n<meta property=\"og:site_name\" content=\"CELEBRITYHOUSE.cz\" \/>\n<meta property=\"article:published_time\" content=\"2024-11-30T23:01:00+00:00\" \/>\n<meta property=\"article:modified_time\" content=\"2024-12-04T02:19:09+00:00\" \/>\n<meta property=\"og:image\" content=\"https:\/\/celebrityhouse.cz\/wp-content\/uploads\/2024\/11\/AK_2024_patroni-spolu-scaled.jpg\" \/>\n\t<meta property=\"og:image:width\" content=\"1810\" \/>\n\t<meta property=\"og:image:height\" content=\"2560\" \/>\n\t<meta property=\"og:image:type\" content=\"image\/jpeg\" \/>\n<meta name=\"author\" content=\"Martina Pechov\u00e1\" \/>\n<meta name=\"twitter:card\" content=\"summary_large_image\" \/>\n<meta name=\"twitter:label1\" content=\"Napsal(a)\" \/>\n\t<meta name=\"twitter:data1\" content=\"Martina Pechov\u00e1\" \/>\n\t<meta name=\"twitter:label2\" content=\"Odhadovan\u00e1 doba \u010dten\u00ed\" \/>\n\t<meta name=\"twitter:data2\" content=\"6 minut\" \/>\n<script type=\"application\/ld+json\" class=\"yoast-schema-graph\">{\"@context\":\"https:\/\/schema.org\",\"@graph\":[{\"@type\":\"Article\",\"@id\":\"https:\/\/celebrityhouse.cz\/index.php\/2024\/12\/01\/adventni-koncerty-ceske-televize-se-letos-poprve-uskutecni-i-mimo-prahu\/#article\",\"isPartOf\":{\"@id\":\"https:\/\/celebrityhouse.cz\/index.php\/2024\/12\/01\/adventni-koncerty-ceske-televize-se-letos-poprve-uskutecni-i-mimo-prahu\/\"},\"author\":{\"name\":\"Martina Pechov\u00e1\",\"@id\":\"https:\/\/celebrityhouse.cz\/#\/schema\/person\/b97cee16a2caa8cf7a55df6bcaff5d8c\"},\"headline\":\"Adventn\u00ed koncerty \u010cesk\u00e9 televize se letos poprv\u00e9 uskute\u010dn\u00ed i mimo Prahu\",\"datePublished\":\"2024-11-30T23:01:00+00:00\",\"dateModified\":\"2024-12-04T02:19:09+00:00\",\"mainEntityOfPage\":{\"@id\":\"https:\/\/celebrityhouse.cz\/index.php\/2024\/12\/01\/adventni-koncerty-ceske-televize-se-letos-poprve-uskutecni-i-mimo-prahu\/\"},\"wordCount\":1312,\"publisher\":{\"@id\":\"https:\/\/celebrityhouse.cz\/#organization\"},\"articleSection\":[\"AKCE\",\"FILMY, SERI\u00c1LY, TV a KINO\",\"FOTOREPORTY\",\"NEWS\"],\"inLanguage\":\"cs\"},{\"@type\":\"WebPage\",\"@id\":\"https:\/\/celebrityhouse.cz\/index.php\/2024\/12\/01\/adventni-koncerty-ceske-televize-se-letos-poprve-uskutecni-i-mimo-prahu\/\",\"url\":\"https:\/\/celebrityhouse.cz\/index.php\/2024\/12\/01\/adventni-koncerty-ceske-televize-se-letos-poprve-uskutecni-i-mimo-prahu\/\",\"name\":\"Adventn\u00ed koncerty \u010cesk\u00e9 televize se letos poprv\u00e9 uskute\u010dn\u00ed i mimo Prahu - CELEBRITYHOUSE.cz\",\"isPartOf\":{\"@id\":\"https:\/\/celebrityhouse.cz\/#website\"},\"datePublished\":\"2024-11-30T23:01:00+00:00\",\"dateModified\":\"2024-12-04T02:19:09+00:00\",\"description\":\"Jedna z\u00a0nejd\u00e9le funguj\u00edc\u00edch ve\u0159ejn\u00fdch sb\u00edrek v\u00a0\u010cesku zapo\u010dala svou \u010dinnost v roce 1991, rozd\u011blila mezi neziskov\u00e9 organizace 299 milion\u016f korun\",\"breadcrumb\":{\"@id\":\"https:\/\/celebrityhouse.cz\/index.php\/2024\/12\/01\/adventni-koncerty-ceske-televize-se-letos-poprve-uskutecni-i-mimo-prahu\/#breadcrumb\"},\"inLanguage\":\"cs\",\"potentialAction\":[{\"@type\":\"ReadAction\",\"target\":[\"https:\/\/celebrityhouse.cz\/index.php\/2024\/12\/01\/adventni-koncerty-ceske-televize-se-letos-poprve-uskutecni-i-mimo-prahu\/\"]}]},{\"@type\":\"BreadcrumbList\",\"@id\":\"https:\/\/celebrityhouse.cz\/index.php\/2024\/12\/01\/adventni-koncerty-ceske-televize-se-letos-poprve-uskutecni-i-mimo-prahu\/#breadcrumb\",\"itemListElement\":[{\"@type\":\"ListItem\",\"position\":1,\"name\":\"Dom\u016f\",\"item\":\"https:\/\/celebrityhouse.cz\/\"},{\"@type\":\"ListItem\",\"position\":2,\"name\":\"Adventn\u00ed koncerty \u010cesk\u00e9 televize se letos poprv\u00e9 uskute\u010dn\u00ed i mimo Prahu\"}]},{\"@type\":\"WebSite\",\"@id\":\"https:\/\/celebrityhouse.cz\/#website\",\"url\":\"https:\/\/celebrityhouse.cz\/\",\"name\":\"CELEBRITYHOUSE.cz\",\"description\":\"Port\u00e1l o showbyznysu...\",\"publisher\":{\"@id\":\"https:\/\/celebrityhouse.cz\/#organization\"},\"potentialAction\":[{\"@type\":\"SearchAction\",\"target\":{\"@type\":\"EntryPoint\",\"urlTemplate\":\"https:\/\/celebrityhouse.cz\/?s={search_term_string}\"},\"query-input\":\"required name=search_term_string\"}],\"inLanguage\":\"cs\"},{\"@type\":\"Organization\",\"@id\":\"https:\/\/celebrityhouse.cz\/#organization\",\"name\":\"CELEBRITYHOUSE.cz\",\"url\":\"https:\/\/celebrityhouse.cz\/\",\"logo\":{\"@type\":\"ImageObject\",\"inLanguage\":\"cs\",\"@id\":\"https:\/\/celebrityhouse.cz\/#\/schema\/logo\/image\/\",\"url\":\"https:\/\/celebrityhouse.cz\/wp-content\/uploads\/2024\/12\/cropped-Logo_CelebrityHouse_2.jpg\",\"contentUrl\":\"https:\/\/celebrityhouse.cz\/wp-content\/uploads\/2024\/12\/cropped-Logo_CelebrityHouse_2.jpg\",\"width\":937,\"height\":510,\"caption\":\"CELEBRITYHOUSE.cz\"},\"image\":{\"@id\":\"https:\/\/celebrityhouse.cz\/#\/schema\/logo\/image\/\"}},{\"@type\":\"Person\",\"@id\":\"https:\/\/celebrityhouse.cz\/#\/schema\/person\/b97cee16a2caa8cf7a55df6bcaff5d8c\",\"name\":\"Martina Pechov\u00e1\",\"image\":{\"@type\":\"ImageObject\",\"inLanguage\":\"cs\",\"@id\":\"https:\/\/celebrityhouse.cz\/#\/schema\/person\/image\/\",\"url\":\"https:\/\/secure.gravatar.com\/avatar\/d3ad7f43789eed68b221d01c6d7ac4e5?s=96&d=mm&r=g\",\"contentUrl\":\"https:\/\/secure.gravatar.com\/avatar\/d3ad7f43789eed68b221d01c6d7ac4e5?s=96&d=mm&r=g\",\"caption\":\"Martina Pechov\u00e1\"},\"sameAs\":[\"http:\/\/CELEBRITYHOUSE.cz\"],\"url\":\"https:\/\/celebrityhouse.cz\/index.php\/author\/marpech\/\"}]}<\/script>\n<!-- \/ Yoast SEO plugin. -->","yoast_head_json":{"title":"Adventn\u00ed koncerty \u010cesk\u00e9 televize se letos poprv\u00e9 uskute\u010dn\u00ed i mimo Prahu - CELEBRITYHOUSE.cz","description":"Jedna z\u00a0nejd\u00e9le funguj\u00edc\u00edch ve\u0159ejn\u00fdch sb\u00edrek v\u00a0\u010cesku zapo\u010dala svou \u010dinnost v roce 1991, rozd\u011blila mezi neziskov\u00e9 organizace 299 milion\u016f korun","robots":{"index":"index","follow":"follow","max-snippet":"max-snippet:-1","max-image-preview":"max-image-preview:large","max-video-preview":"max-video-preview:-1"},"canonical":"https:\/\/celebrityhouse.cz\/index.php\/2024\/12\/01\/adventni-koncerty-ceske-televize-se-letos-poprve-uskutecni-i-mimo-prahu\/","og_locale":"cs_CZ","og_type":"article","og_title":"Adventn\u00ed koncerty \u010cesk\u00e9 televize se letos poprv\u00e9 uskute\u010dn\u00ed i mimo Prahu - CELEBRITYHOUSE.cz","og_description":"Jedna z\u00a0nejd\u00e9le funguj\u00edc\u00edch ve\u0159ejn\u00fdch sb\u00edrek v\u00a0\u010cesku zapo\u010dala svou \u010dinnost v roce 1991, rozd\u011blila mezi neziskov\u00e9 organizace 299 milion\u016f korun","og_url":"https:\/\/celebrityhouse.cz\/index.php\/2024\/12\/01\/adventni-koncerty-ceske-televize-se-letos-poprve-uskutecni-i-mimo-prahu\/","og_site_name":"CELEBRITYHOUSE.cz","article_published_time":"2024-11-30T23:01:00+00:00","article_modified_time":"2024-12-04T02:19:09+00:00","og_image":[{"width":1810,"height":2560,"url":"https:\/\/celebrityhouse.cz\/wp-content\/uploads\/2024\/11\/AK_2024_patroni-spolu-scaled.jpg","type":"image\/jpeg"}],"author":"Martina Pechov\u00e1","twitter_card":"summary_large_image","twitter_misc":{"Napsal(a)":"Martina Pechov\u00e1","Odhadovan\u00e1 doba \u010dten\u00ed":"6 minut"},"schema":{"@context":"https:\/\/schema.org","@graph":[{"@type":"Article","@id":"https:\/\/celebrityhouse.cz\/index.php\/2024\/12\/01\/adventni-koncerty-ceske-televize-se-letos-poprve-uskutecni-i-mimo-prahu\/#article","isPartOf":{"@id":"https:\/\/celebrityhouse.cz\/index.php\/2024\/12\/01\/adventni-koncerty-ceske-televize-se-letos-poprve-uskutecni-i-mimo-prahu\/"},"author":{"name":"Martina Pechov\u00e1","@id":"https:\/\/celebrityhouse.cz\/#\/schema\/person\/b97cee16a2caa8cf7a55df6bcaff5d8c"},"headline":"Adventn\u00ed koncerty \u010cesk\u00e9 televize se letos poprv\u00e9 uskute\u010dn\u00ed i mimo Prahu","datePublished":"2024-11-30T23:01:00+00:00","dateModified":"2024-12-04T02:19:09+00:00","mainEntityOfPage":{"@id":"https:\/\/celebrityhouse.cz\/index.php\/2024\/12\/01\/adventni-koncerty-ceske-televize-se-letos-poprve-uskutecni-i-mimo-prahu\/"},"wordCount":1312,"publisher":{"@id":"https:\/\/celebrityhouse.cz\/#organization"},"articleSection":["AKCE","FILMY, SERI\u00c1LY, TV a KINO","FOTOREPORTY","NEWS"],"inLanguage":"cs"},{"@type":"WebPage","@id":"https:\/\/celebrityhouse.cz\/index.php\/2024\/12\/01\/adventni-koncerty-ceske-televize-se-letos-poprve-uskutecni-i-mimo-prahu\/","url":"https:\/\/celebrityhouse.cz\/index.php\/2024\/12\/01\/adventni-koncerty-ceske-televize-se-letos-poprve-uskutecni-i-mimo-prahu\/","name":"Adventn\u00ed koncerty \u010cesk\u00e9 televize se letos poprv\u00e9 uskute\u010dn\u00ed i mimo Prahu - CELEBRITYHOUSE.cz","isPartOf":{"@id":"https:\/\/celebrityhouse.cz\/#website"},"datePublished":"2024-11-30T23:01:00+00:00","dateModified":"2024-12-04T02:19:09+00:00","description":"Jedna z\u00a0nejd\u00e9le funguj\u00edc\u00edch ve\u0159ejn\u00fdch sb\u00edrek v\u00a0\u010cesku zapo\u010dala svou \u010dinnost v roce 1991, rozd\u011blila mezi neziskov\u00e9 organizace 299 milion\u016f korun","breadcrumb":{"@id":"https:\/\/celebrityhouse.cz\/index.php\/2024\/12\/01\/adventni-koncerty-ceske-televize-se-letos-poprve-uskutecni-i-mimo-prahu\/#breadcrumb"},"inLanguage":"cs","potentialAction":[{"@type":"ReadAction","target":["https:\/\/celebrityhouse.cz\/index.php\/2024\/12\/01\/adventni-koncerty-ceske-televize-se-letos-poprve-uskutecni-i-mimo-prahu\/"]}]},{"@type":"BreadcrumbList","@id":"https:\/\/celebrityhouse.cz\/index.php\/2024\/12\/01\/adventni-koncerty-ceske-televize-se-letos-poprve-uskutecni-i-mimo-prahu\/#breadcrumb","itemListElement":[{"@type":"ListItem","position":1,"name":"Dom\u016f","item":"https:\/\/celebrityhouse.cz\/"},{"@type":"ListItem","position":2,"name":"Adventn\u00ed koncerty \u010cesk\u00e9 televize se letos poprv\u00e9 uskute\u010dn\u00ed i mimo Prahu"}]},{"@type":"WebSite","@id":"https:\/\/celebrityhouse.cz\/#website","url":"https:\/\/celebrityhouse.cz\/","name":"CELEBRITYHOUSE.cz","description":"Port\u00e1l o showbyznysu...","publisher":{"@id":"https:\/\/celebrityhouse.cz\/#organization"},"potentialAction":[{"@type":"SearchAction","target":{"@type":"EntryPoint","urlTemplate":"https:\/\/celebrityhouse.cz\/?s={search_term_string}"},"query-input":"required name=search_term_string"}],"inLanguage":"cs"},{"@type":"Organization","@id":"https:\/\/celebrityhouse.cz\/#organization","name":"CELEBRITYHOUSE.cz","url":"https:\/\/celebrityhouse.cz\/","logo":{"@type":"ImageObject","inLanguage":"cs","@id":"https:\/\/celebrityhouse.cz\/#\/schema\/logo\/image\/","url":"https:\/\/celebrityhouse.cz\/wp-content\/uploads\/2024\/12\/cropped-Logo_CelebrityHouse_2.jpg","contentUrl":"https:\/\/celebrityhouse.cz\/wp-content\/uploads\/2024\/12\/cropped-Logo_CelebrityHouse_2.jpg","width":937,"height":510,"caption":"CELEBRITYHOUSE.cz"},"image":{"@id":"https:\/\/celebrityhouse.cz\/#\/schema\/logo\/image\/"}},{"@type":"Person","@id":"https:\/\/celebrityhouse.cz\/#\/schema\/person\/b97cee16a2caa8cf7a55df6bcaff5d8c","name":"Martina Pechov\u00e1","image":{"@type":"ImageObject","inLanguage":"cs","@id":"https:\/\/celebrityhouse.cz\/#\/schema\/person\/image\/","url":"https:\/\/secure.gravatar.com\/avatar\/d3ad7f43789eed68b221d01c6d7ac4e5?s=96&d=mm&r=g","contentUrl":"https:\/\/secure.gravatar.com\/avatar\/d3ad7f43789eed68b221d01c6d7ac4e5?s=96&d=mm&r=g","caption":"Martina Pechov\u00e1"},"sameAs":["http:\/\/CELEBRITYHOUSE.cz"],"url":"https:\/\/celebrityhouse.cz\/index.php\/author\/marpech\/"}]}},"_links":{"self":[{"href":"https:\/\/celebrityhouse.cz\/index.php\/wp-json\/wp\/v2\/posts\/10067"}],"collection":[{"href":"https:\/\/celebrityhouse.cz\/index.php\/wp-json\/wp\/v2\/posts"}],"about":[{"href":"https:\/\/celebrityhouse.cz\/index.php\/wp-json\/wp\/v2\/types\/post"}],"author":[{"embeddable":true,"href":"https:\/\/celebrityhouse.cz\/index.php\/wp-json\/wp\/v2\/users\/8"}],"replies":[{"embeddable":true,"href":"https:\/\/celebrityhouse.cz\/index.php\/wp-json\/wp\/v2\/comments?post=10067"}],"version-history":[{"count":3,"href":"https:\/\/celebrityhouse.cz\/index.php\/wp-json\/wp\/v2\/posts\/10067\/revisions"}],"predecessor-version":[{"id":10246,"href":"https:\/\/celebrityhouse.cz\/index.php\/wp-json\/wp\/v2\/posts\/10067\/revisions\/10246"}],"wp:featuredmedia":[{"embeddable":true,"href":"https:\/\/celebrityhouse.cz\/index.php\/wp-json\/wp\/v2\/media\/10069"}],"wp:attachment":[{"href":"https:\/\/celebrityhouse.cz\/index.php\/wp-json\/wp\/v2\/media?parent=10067"}],"wp:term":[{"taxonomy":"category","embeddable":true,"href":"https:\/\/celebrityhouse.cz\/index.php\/wp-json\/wp\/v2\/categories?post=10067"},{"taxonomy":"post_tag","embeddable":true,"href":"https:\/\/celebrityhouse.cz\/index.php\/wp-json\/wp\/v2\/tags?post=10067"}],"curies":[{"name":"wp","href":"https:\/\/api.w.org\/{rel}","templated":true}]}}