{"id":10161,"date":"2024-12-03T00:01:00","date_gmt":"2024-12-02T23:01:00","guid":{"rendered":"https:\/\/celebrityhouse.cz\/?p=10161"},"modified":"2024-11-28T20:45:20","modified_gmt":"2024-11-28T19:45:20","slug":"ct-art-uvede-novy-snimek-o-skladateli-petru-ebenovi-dokumentu-ho-pripomenou-hudebnici-i-jeho-rodina","status":"publish","type":"post","link":"https:\/\/celebrityhouse.cz\/index.php\/2024\/12\/03\/ct-art-uvede-novy-snimek-o-skladateli-petru-ebenovi-dokumentu-ho-pripomenou-hudebnici-i-jeho-rodina\/","title":{"rendered":"\u010cT art uvede nov\u00fd sn\u00edmek o skladateli Petru Ebenovi &#8211; dokumentu ho p\u0159ipomenou hudebn\u00edci i jeho rodina"},"content":{"rendered":"\n<div style=\"height:45px\" aria-hidden=\"true\" class=\"wp-block-spacer\"><\/div>\n\n\n\n<p><strong>\u010cesk\u00e1 televize p\u0159ipravila dokument\u00e1rn\u00ed film o v\u00fdjime\u010dn\u00e9m \u010desk\u00e9m hudebn\u00edkovi a jednom z&nbsp;nejhran\u011bj\u0161\u00edch \u010desk\u00fdch skladatel\u016f druh\u00e9 poloviny 20. stolet\u00ed Petru Ebenovi, pro kter\u00e9ho se stala hudba \u017eivotn\u00edm posl\u00e1n\u00edm. Na projektu se pod\u00edleli i jeho synov\u00e9 &#8211; Marek, Kry\u0161tof a David. \u010cT art dokument uvede ve st\u0159edu 4. prosince ve 20:15.<\/strong><\/p>\n\n\n\n<div style=\"height:45px\" aria-hidden=\"true\" class=\"wp-block-spacer\"><\/div>\n\n\n\n<figure class=\"wp-block-gallery has-nested-images columns-default is-cropped wp-block-gallery-1 is-layout-flex wp-block-gallery-is-layout-flex\"><div class=\"wp-block-image\">\n<figure class=\"aligncenter size-large\"><img decoding=\"async\" data-id=\"8980\" src=\"https:\/\/cinemahouse.cz\/wp-content\/uploads\/2024\/11\/Hudebni-dokument-Petr-Eben-724x1024.jpg\" alt=\"\u010cT art uvede nov\u00fd sn\u00edmek o skladateli Petru Ebenovi\" class=\"wp-image-8980\" \/><\/figure><\/div><\/figure>\n\n\n\n<div style=\"height:45px\" aria-hidden=\"true\" class=\"wp-block-spacer\"><\/div>\n\n\n\n<p>Dokument vznikl jako pocta Petru Ebenovi \u2013 byl varhan\u00edkem, klav\u00edristou, sbormistrem i vysoko\u0161kolsk\u00fdm pedagogem. Film vynik\u00e1 zejm\u00e9na \u0161\u00ed\u0159\u00ed sv\u00e9ho z\u00e1b\u011bru, tedy zam\u011b\u0159en\u00edm nejen na hudebn\u00ed tvorbu, ale tak\u00e9 na hudebn\u00edk\u016fv \u017eivotn\u00ed osud. <em>\u201eJm\u00e9no Eben nen\u00ed t\u0159eba nikomu moc v\u00edce p\u0159edstavovat.<\/em> <em>Ka\u017ed\u00fd si hned vybav\u00ed moder\u00e1tora a herce Marka, spousta dal\u0161\u00edch jeho bratry hudebn\u00edky a p\u0159\u00edznivci klasick\u00e9 hudby pak jejich tat\u00ednka Petra. A j\u00e1 jsem velmi r\u00e1d, \u017ee div\u00e1k\u016fm \u010cT art p\u0159edstav\u00edme ve velk\u00e9m portr\u00e9tn\u00edm dokumentu pr\u00e1v\u011b \u017eivot, d\u00edlo i mezin\u00e1rodn\u00ed renom\u00e9 zakladatele slavn\u00e9 hudebn\u00ed a&nbsp;um\u011bleck\u00e9 dynastie. \u010clov\u011bka, kter\u00fd u\u017e sedmn\u00e1ct let bohu\u017eel nen\u00ed mezi n\u00e1mi, ale jeho\u017e hudba i&nbsp;rodinn\u00e9 geny tady jsou a z\u016fstanou napo\u0159\u00e1d,\u201c <\/em>\u0159\u00edk\u00e1 v\u00fdkonn\u00fd \u0159editel \u010cT art <strong>Tom\u00e1\u0161 Motl<\/strong>.<\/p>\n\n\n\n<p>Tv\u016frci \u010derpali z bohat\u00e9ho fotografick\u00e9ho archivu rodiny Eben\u016f a nato\u010dili tak\u00e9 rozhovory s&nbsp;\u010desk\u00fdmi i&nbsp;zahrani\u010dn\u00edmi hudebn\u00edky, kte\u0159\u00ed s&nbsp;Petrem Ebenem pracovali. \u201e<em>Pr\u00e1v\u011b d\u00edky t\u011bmto muzikant\u016fm jsme m\u011bli mo\u017enost nato\u010dit \u017eiv\u011b i mnoh\u00e1 Ebenova origin\u00e1ln\u00ed hudebn\u00ed d\u00edla, kter\u00e1 dosud nebyla zaznamen\u00e1na,\u201c<\/em> \u0159\u00edk\u00e1 re\u017eis\u00e9r dokumentu <strong>Jan Mudra<\/strong> a dod\u00e1v\u00e1: \u201e<em>Div\u00e1k by si mohl z dokumentu odn\u00e9st pocit o prav\u00e9 podstat\u011b \u017eivota: je to dar \u017eivota, kter\u00fd n\u00e1m byl d\u00e1n, kter\u00fd bychom nem\u011bli promarnit, nebo\u0165 na\u0161e \u017eivoty jsou vymezeny vz\u00e1cn\u00fdm \u010dasem. A je to dar, kter\u00fd je t\u0159eba smyslupln\u011b naplnit, je to mo\u017enost tvo\u0159it a p\u0159in\u00e9st bl\u00edzk\u00fdm i lidem kolem n\u00e1s l\u00e1sku, v\u00edru a radost \u2013 v p\u0159\u00edpad\u011b Petra Ebena \u2013 prost\u0159ednictv\u00edm hudby<\/em>.\u201c<\/p>\n\n\n\n<p>V&nbsp;dokumentu o Petru Ebenovi hovo\u0159\u00ed tak\u00e9 jeho synov\u00e9. \u201e<em>On byl nesm\u00edrn\u011b vd\u011b\u010dn\u00fd v\u0161em interpret\u016fm, kte\u0159\u00ed hr\u00e1li jeho skladby. V\u017edycky o tom mluvil s \u00fa\u017easem. Jednou jsem mu \u0159ekl: Hele, tati, a nemohlo by to b\u00fdt t\u0159eba t\u00edm, \u017ee je to dobr\u00fd? On byl prost\u011b laskav\u00fd \u010dlov\u011bk, a to kdy\u017e m\u00e1te takov\u00e9ho laskav\u00e9ho otce, tak to je tedy velk\u00e9 \u017eivotn\u00ed \u0161t\u011bst\u00ed. To nem\u00e1 ka\u017ed\u00fd,\u201c<\/em> \u0159\u00edk\u00e1 v&nbsp;dokumentu <strong>Marek Eben<\/strong>.<\/p>\n\n\n\n<p>Dokument\u00e1rn\u00ed film bude dostupn\u00fd tak\u00e9 v&nbsp;iVys\u00edl\u00e1n\u00ed.<\/p>\n\n\n\n<div style=\"height:21px\" aria-hidden=\"true\" class=\"wp-block-spacer\"><\/div>\n\n\n\n<h2 class=\"wp-block-heading\">Petr Eben<\/h2>\n\n\n\n<div style=\"height:45px\" aria-hidden=\"true\" class=\"wp-block-spacer\"><\/div>\n\n\n\n<p><strong>Premi\u00e9ra:<\/strong> 4.12.2024<\/p>\n\n\n\n<p><strong>Re\u017eie, sc\u00e9n\u00e1\u0159 a kamera:<\/strong> Jan Mudra<\/p>\n\n\n\n<p><strong>St\u0159ih<\/strong>: Jan Mudra, Jind\u0159ich Juna<\/p>\n\n\n\n<p><strong>Produkce<\/strong>: Leona H\u00e1jkov\u00e1<\/p>\n\n\n\n<p><strong>Dramaturgie<\/strong>: V\u00edt\u011bzslav S\u00fdkora<\/p>\n\n\n\n<p><strong>V\u00fdkonn\u00fd producent<\/strong>: Robert Uxa<\/p>\n\n\n\n<p><strong>Kreativn\u00ed producentka<\/strong>: Lucie Kapounov\u00e1<\/p>\n\n\n\n<div style=\"height:45px\" aria-hidden=\"true\" class=\"wp-block-spacer\"><\/div>\n\n\n\n<figure class=\"wp-block-gallery has-nested-images columns-default is-cropped wp-block-gallery-2 is-layout-flex wp-block-gallery-is-layout-flex\"><div class=\"wp-block-image\">\n<figure class=\"aligncenter size-large\"><img decoding=\"async\" data-id=\"8980\" src=\"https:\/\/cinemahouse.cz\/wp-content\/uploads\/2024\/11\/Hudebni-dokument-Petr-Eben-724x1024.jpg\" alt=\"\u010cT art uvede nov\u00fd sn\u00edmek o skladateli Petru Ebenovi\" class=\"wp-image-8980\" \/><\/figure><\/div><\/figure>\n\n\n\n<div style=\"height:45px\" aria-hidden=\"true\" class=\"wp-block-spacer\"><\/div>\n\n\n\n<p><strong>Zdroj foto:<\/strong> \u010cesk\u00e1 televize<\/p>\n\n\n\n<div style=\"height:45px\" aria-hidden=\"true\" class=\"wp-block-spacer\"><\/div>\n","protected":false},"excerpt":{"rendered":"<p>\u010cesk\u00e1 televize p\u0159ipravila dokument\u00e1rn\u00ed film o v\u00fdjime\u010dn\u00e9m \u010desk\u00e9m hudebn\u00edkovi a jednom z&nbsp;nejhran\u011bj\u0161\u00edch \u010desk\u00fdch skladatel\u016f druh\u00e9 poloviny 20. stolet\u00ed Petru Ebenovi, pro kter\u00e9ho se stala hudba \u017eivotn\u00edm posl\u00e1n\u00edm. Na projektu se pod\u00edleli i jeho synov\u00e9&#46;&#46;&#46;<\/p>\n","protected":false},"author":8,"featured_media":10162,"comment_status":"closed","ping_status":"closed","sticky":false,"template":"","format":"standard","meta":{"_monsterinsights_skip_tracking":false,"_monsterinsights_sitenote_active":false,"_monsterinsights_sitenote_note":"","_monsterinsights_sitenote_category":0,"footnotes":""},"categories":[3,6,2],"tags":[],"yoast_head":"<!-- This site is optimized with the Yoast SEO plugin v21.5 - https:\/\/yoast.com\/wordpress\/plugins\/seo\/ -->\n<title>\u010cT art uvede nov\u00fd sn\u00edmek o skladateli Petru Ebenovi - dokumentu ho p\u0159ipomenou hudebn\u00edci i jeho rodina - CELEBRITYHOUSE.cz<\/title>\n<meta name=\"description\" content=\"\u010cesk\u00e1 televize p\u0159ipravila dokument\u00e1rn\u00ed film o jednom z\u00a0nejhran\u011bj\u0161\u00edch \u010desk\u00fdch skladatel\u016f druh\u00e9 poloviny 20. stolet\u00ed Petru Ebenovi\" \/>\n<meta name=\"robots\" content=\"index, follow, max-snippet:-1, max-image-preview:large, max-video-preview:-1\" \/>\n<link rel=\"canonical\" href=\"https:\/\/celebrityhouse.cz\/index.php\/2024\/12\/03\/ct-art-uvede-novy-snimek-o-skladateli-petru-ebenovi-dokumentu-ho-pripomenou-hudebnici-i-jeho-rodina\/\" \/>\n<meta property=\"og:locale\" content=\"cs_CZ\" \/>\n<meta property=\"og:type\" content=\"article\" \/>\n<meta property=\"og:title\" content=\"\u010cT art uvede nov\u00fd sn\u00edmek o skladateli Petru Ebenovi - dokumentu ho p\u0159ipomenou hudebn\u00edci i jeho rodina - CELEBRITYHOUSE.cz\" \/>\n<meta property=\"og:description\" content=\"\u010cesk\u00e1 televize p\u0159ipravila dokument\u00e1rn\u00ed film o jednom z\u00a0nejhran\u011bj\u0161\u00edch \u010desk\u00fdch skladatel\u016f druh\u00e9 poloviny 20. stolet\u00ed Petru Ebenovi\" \/>\n<meta property=\"og:url\" content=\"https:\/\/celebrityhouse.cz\/index.php\/2024\/12\/03\/ct-art-uvede-novy-snimek-o-skladateli-petru-ebenovi-dokumentu-ho-pripomenou-hudebnici-i-jeho-rodina\/\" \/>\n<meta property=\"og:site_name\" content=\"CELEBRITYHOUSE.cz\" \/>\n<meta property=\"article:published_time\" content=\"2024-12-02T23:01:00+00:00\" \/>\n<meta property=\"article:modified_time\" content=\"2024-11-28T19:45:20+00:00\" \/>\n<meta property=\"og:image\" content=\"https:\/\/celebrityhouse.cz\/wp-content\/uploads\/2024\/11\/Hudebni-dokument-Petr-Eben-scaled.jpg\" \/>\n\t<meta property=\"og:image:width\" content=\"1811\" \/>\n\t<meta property=\"og:image:height\" content=\"2560\" \/>\n\t<meta property=\"og:image:type\" content=\"image\/jpeg\" \/>\n<meta name=\"author\" content=\"Martina Pechov\u00e1\" \/>\n<meta name=\"twitter:card\" content=\"summary_large_image\" \/>\n<meta name=\"twitter:label1\" content=\"Napsal(a)\" \/>\n\t<meta name=\"twitter:data1\" content=\"Martina Pechov\u00e1\" \/>\n\t<meta name=\"twitter:label2\" content=\"Odhadovan\u00e1 doba \u010dten\u00ed\" \/>\n\t<meta name=\"twitter:data2\" content=\"3 minuty\" \/>\n<script type=\"application\/ld+json\" class=\"yoast-schema-graph\">{\"@context\":\"https:\/\/schema.org\",\"@graph\":[{\"@type\":\"Article\",\"@id\":\"https:\/\/celebrityhouse.cz\/index.php\/2024\/12\/03\/ct-art-uvede-novy-snimek-o-skladateli-petru-ebenovi-dokumentu-ho-pripomenou-hudebnici-i-jeho-rodina\/#article\",\"isPartOf\":{\"@id\":\"https:\/\/celebrityhouse.cz\/index.php\/2024\/12\/03\/ct-art-uvede-novy-snimek-o-skladateli-petru-ebenovi-dokumentu-ho-pripomenou-hudebnici-i-jeho-rodina\/\"},\"author\":{\"name\":\"Martina Pechov\u00e1\",\"@id\":\"https:\/\/celebrityhouse.cz\/#\/schema\/person\/b97cee16a2caa8cf7a55df6bcaff5d8c\"},\"headline\":\"\u010cT art uvede nov\u00fd sn\u00edmek o skladateli Petru Ebenovi &#8211; dokumentu ho p\u0159ipomenou hudebn\u00edci i jeho rodina\",\"datePublished\":\"2024-12-02T23:01:00+00:00\",\"dateModified\":\"2024-11-28T19:45:20+00:00\",\"mainEntityOfPage\":{\"@id\":\"https:\/\/celebrityhouse.cz\/index.php\/2024\/12\/03\/ct-art-uvede-novy-snimek-o-skladateli-petru-ebenovi-dokumentu-ho-pripomenou-hudebnici-i-jeho-rodina\/\"},\"wordCount\":533,\"publisher\":{\"@id\":\"https:\/\/celebrityhouse.cz\/#organization\"},\"articleSection\":[\"\u010cESK\u00c9 CELEBRITY\",\"FILMY, SERI\u00c1LY, TV a KINO\",\"NEWS\"],\"inLanguage\":\"cs\"},{\"@type\":\"WebPage\",\"@id\":\"https:\/\/celebrityhouse.cz\/index.php\/2024\/12\/03\/ct-art-uvede-novy-snimek-o-skladateli-petru-ebenovi-dokumentu-ho-pripomenou-hudebnici-i-jeho-rodina\/\",\"url\":\"https:\/\/celebrityhouse.cz\/index.php\/2024\/12\/03\/ct-art-uvede-novy-snimek-o-skladateli-petru-ebenovi-dokumentu-ho-pripomenou-hudebnici-i-jeho-rodina\/\",\"name\":\"\u010cT art uvede nov\u00fd sn\u00edmek o skladateli Petru Ebenovi - dokumentu ho p\u0159ipomenou hudebn\u00edci i jeho rodina - CELEBRITYHOUSE.cz\",\"isPartOf\":{\"@id\":\"https:\/\/celebrityhouse.cz\/#website\"},\"datePublished\":\"2024-12-02T23:01:00+00:00\",\"dateModified\":\"2024-11-28T19:45:20+00:00\",\"description\":\"\u010cesk\u00e1 televize p\u0159ipravila dokument\u00e1rn\u00ed film o jednom z\u00a0nejhran\u011bj\u0161\u00edch \u010desk\u00fdch skladatel\u016f druh\u00e9 poloviny 20. stolet\u00ed Petru Ebenovi\",\"breadcrumb\":{\"@id\":\"https:\/\/celebrityhouse.cz\/index.php\/2024\/12\/03\/ct-art-uvede-novy-snimek-o-skladateli-petru-ebenovi-dokumentu-ho-pripomenou-hudebnici-i-jeho-rodina\/#breadcrumb\"},\"inLanguage\":\"cs\",\"potentialAction\":[{\"@type\":\"ReadAction\",\"target\":[\"https:\/\/celebrityhouse.cz\/index.php\/2024\/12\/03\/ct-art-uvede-novy-snimek-o-skladateli-petru-ebenovi-dokumentu-ho-pripomenou-hudebnici-i-jeho-rodina\/\"]}]},{\"@type\":\"BreadcrumbList\",\"@id\":\"https:\/\/celebrityhouse.cz\/index.php\/2024\/12\/03\/ct-art-uvede-novy-snimek-o-skladateli-petru-ebenovi-dokumentu-ho-pripomenou-hudebnici-i-jeho-rodina\/#breadcrumb\",\"itemListElement\":[{\"@type\":\"ListItem\",\"position\":1,\"name\":\"Dom\u016f\",\"item\":\"https:\/\/celebrityhouse.cz\/\"},{\"@type\":\"ListItem\",\"position\":2,\"name\":\"\u010cT art uvede nov\u00fd sn\u00edmek o skladateli Petru Ebenovi &#8211; dokumentu ho p\u0159ipomenou hudebn\u00edci i jeho rodina\"}]},{\"@type\":\"WebSite\",\"@id\":\"https:\/\/celebrityhouse.cz\/#website\",\"url\":\"https:\/\/celebrityhouse.cz\/\",\"name\":\"CELEBRITYHOUSE.cz\",\"description\":\"Port\u00e1l o showbyznysu...\",\"publisher\":{\"@id\":\"https:\/\/celebrityhouse.cz\/#organization\"},\"potentialAction\":[{\"@type\":\"SearchAction\",\"target\":{\"@type\":\"EntryPoint\",\"urlTemplate\":\"https:\/\/celebrityhouse.cz\/?s={search_term_string}\"},\"query-input\":\"required name=search_term_string\"}],\"inLanguage\":\"cs\"},{\"@type\":\"Organization\",\"@id\":\"https:\/\/celebrityhouse.cz\/#organization\",\"name\":\"CELEBRITYHOUSE.cz\",\"url\":\"https:\/\/celebrityhouse.cz\/\",\"logo\":{\"@type\":\"ImageObject\",\"inLanguage\":\"cs\",\"@id\":\"https:\/\/celebrityhouse.cz\/#\/schema\/logo\/image\/\",\"url\":\"https:\/\/celebrityhouse.cz\/wp-content\/uploads\/2024\/12\/cropped-Logo_CelebrityHouse_2.jpg\",\"contentUrl\":\"https:\/\/celebrityhouse.cz\/wp-content\/uploads\/2024\/12\/cropped-Logo_CelebrityHouse_2.jpg\",\"width\":937,\"height\":510,\"caption\":\"CELEBRITYHOUSE.cz\"},\"image\":{\"@id\":\"https:\/\/celebrityhouse.cz\/#\/schema\/logo\/image\/\"}},{\"@type\":\"Person\",\"@id\":\"https:\/\/celebrityhouse.cz\/#\/schema\/person\/b97cee16a2caa8cf7a55df6bcaff5d8c\",\"name\":\"Martina Pechov\u00e1\",\"image\":{\"@type\":\"ImageObject\",\"inLanguage\":\"cs\",\"@id\":\"https:\/\/celebrityhouse.cz\/#\/schema\/person\/image\/\",\"url\":\"https:\/\/secure.gravatar.com\/avatar\/d3ad7f43789eed68b221d01c6d7ac4e5?s=96&d=mm&r=g\",\"contentUrl\":\"https:\/\/secure.gravatar.com\/avatar\/d3ad7f43789eed68b221d01c6d7ac4e5?s=96&d=mm&r=g\",\"caption\":\"Martina Pechov\u00e1\"},\"sameAs\":[\"http:\/\/CELEBRITYHOUSE.cz\"],\"url\":\"https:\/\/celebrityhouse.cz\/index.php\/author\/marpech\/\"}]}<\/script>\n<!-- \/ Yoast SEO plugin. -->","yoast_head_json":{"title":"\u010cT art uvede nov\u00fd sn\u00edmek o skladateli Petru Ebenovi - dokumentu ho p\u0159ipomenou hudebn\u00edci i jeho rodina - CELEBRITYHOUSE.cz","description":"\u010cesk\u00e1 televize p\u0159ipravila dokument\u00e1rn\u00ed film o jednom z\u00a0nejhran\u011bj\u0161\u00edch \u010desk\u00fdch skladatel\u016f druh\u00e9 poloviny 20. stolet\u00ed Petru Ebenovi","robots":{"index":"index","follow":"follow","max-snippet":"max-snippet:-1","max-image-preview":"max-image-preview:large","max-video-preview":"max-video-preview:-1"},"canonical":"https:\/\/celebrityhouse.cz\/index.php\/2024\/12\/03\/ct-art-uvede-novy-snimek-o-skladateli-petru-ebenovi-dokumentu-ho-pripomenou-hudebnici-i-jeho-rodina\/","og_locale":"cs_CZ","og_type":"article","og_title":"\u010cT art uvede nov\u00fd sn\u00edmek o skladateli Petru Ebenovi - dokumentu ho p\u0159ipomenou hudebn\u00edci i jeho rodina - CELEBRITYHOUSE.cz","og_description":"\u010cesk\u00e1 televize p\u0159ipravila dokument\u00e1rn\u00ed film o jednom z\u00a0nejhran\u011bj\u0161\u00edch \u010desk\u00fdch skladatel\u016f druh\u00e9 poloviny 20. stolet\u00ed Petru Ebenovi","og_url":"https:\/\/celebrityhouse.cz\/index.php\/2024\/12\/03\/ct-art-uvede-novy-snimek-o-skladateli-petru-ebenovi-dokumentu-ho-pripomenou-hudebnici-i-jeho-rodina\/","og_site_name":"CELEBRITYHOUSE.cz","article_published_time":"2024-12-02T23:01:00+00:00","article_modified_time":"2024-11-28T19:45:20+00:00","og_image":[{"width":1811,"height":2560,"url":"https:\/\/celebrityhouse.cz\/wp-content\/uploads\/2024\/11\/Hudebni-dokument-Petr-Eben-scaled.jpg","type":"image\/jpeg"}],"author":"Martina Pechov\u00e1","twitter_card":"summary_large_image","twitter_misc":{"Napsal(a)":"Martina Pechov\u00e1","Odhadovan\u00e1 doba \u010dten\u00ed":"3 minuty"},"schema":{"@context":"https:\/\/schema.org","@graph":[{"@type":"Article","@id":"https:\/\/celebrityhouse.cz\/index.php\/2024\/12\/03\/ct-art-uvede-novy-snimek-o-skladateli-petru-ebenovi-dokumentu-ho-pripomenou-hudebnici-i-jeho-rodina\/#article","isPartOf":{"@id":"https:\/\/celebrityhouse.cz\/index.php\/2024\/12\/03\/ct-art-uvede-novy-snimek-o-skladateli-petru-ebenovi-dokumentu-ho-pripomenou-hudebnici-i-jeho-rodina\/"},"author":{"name":"Martina Pechov\u00e1","@id":"https:\/\/celebrityhouse.cz\/#\/schema\/person\/b97cee16a2caa8cf7a55df6bcaff5d8c"},"headline":"\u010cT art uvede nov\u00fd sn\u00edmek o skladateli Petru Ebenovi &#8211; dokumentu ho p\u0159ipomenou hudebn\u00edci i jeho rodina","datePublished":"2024-12-02T23:01:00+00:00","dateModified":"2024-11-28T19:45:20+00:00","mainEntityOfPage":{"@id":"https:\/\/celebrityhouse.cz\/index.php\/2024\/12\/03\/ct-art-uvede-novy-snimek-o-skladateli-petru-ebenovi-dokumentu-ho-pripomenou-hudebnici-i-jeho-rodina\/"},"wordCount":533,"publisher":{"@id":"https:\/\/celebrityhouse.cz\/#organization"},"articleSection":["\u010cESK\u00c9 CELEBRITY","FILMY, SERI\u00c1LY, TV a KINO","NEWS"],"inLanguage":"cs"},{"@type":"WebPage","@id":"https:\/\/celebrityhouse.cz\/index.php\/2024\/12\/03\/ct-art-uvede-novy-snimek-o-skladateli-petru-ebenovi-dokumentu-ho-pripomenou-hudebnici-i-jeho-rodina\/","url":"https:\/\/celebrityhouse.cz\/index.php\/2024\/12\/03\/ct-art-uvede-novy-snimek-o-skladateli-petru-ebenovi-dokumentu-ho-pripomenou-hudebnici-i-jeho-rodina\/","name":"\u010cT art uvede nov\u00fd sn\u00edmek o skladateli Petru Ebenovi - dokumentu ho p\u0159ipomenou hudebn\u00edci i jeho rodina - CELEBRITYHOUSE.cz","isPartOf":{"@id":"https:\/\/celebrityhouse.cz\/#website"},"datePublished":"2024-12-02T23:01:00+00:00","dateModified":"2024-11-28T19:45:20+00:00","description":"\u010cesk\u00e1 televize p\u0159ipravila dokument\u00e1rn\u00ed film o jednom z\u00a0nejhran\u011bj\u0161\u00edch \u010desk\u00fdch skladatel\u016f druh\u00e9 poloviny 20. stolet\u00ed Petru Ebenovi","breadcrumb":{"@id":"https:\/\/celebrityhouse.cz\/index.php\/2024\/12\/03\/ct-art-uvede-novy-snimek-o-skladateli-petru-ebenovi-dokumentu-ho-pripomenou-hudebnici-i-jeho-rodina\/#breadcrumb"},"inLanguage":"cs","potentialAction":[{"@type":"ReadAction","target":["https:\/\/celebrityhouse.cz\/index.php\/2024\/12\/03\/ct-art-uvede-novy-snimek-o-skladateli-petru-ebenovi-dokumentu-ho-pripomenou-hudebnici-i-jeho-rodina\/"]}]},{"@type":"BreadcrumbList","@id":"https:\/\/celebrityhouse.cz\/index.php\/2024\/12\/03\/ct-art-uvede-novy-snimek-o-skladateli-petru-ebenovi-dokumentu-ho-pripomenou-hudebnici-i-jeho-rodina\/#breadcrumb","itemListElement":[{"@type":"ListItem","position":1,"name":"Dom\u016f","item":"https:\/\/celebrityhouse.cz\/"},{"@type":"ListItem","position":2,"name":"\u010cT art uvede nov\u00fd sn\u00edmek o skladateli Petru Ebenovi &#8211; dokumentu ho p\u0159ipomenou hudebn\u00edci i jeho rodina"}]},{"@type":"WebSite","@id":"https:\/\/celebrityhouse.cz\/#website","url":"https:\/\/celebrityhouse.cz\/","name":"CELEBRITYHOUSE.cz","description":"Port\u00e1l o showbyznysu...","publisher":{"@id":"https:\/\/celebrityhouse.cz\/#organization"},"potentialAction":[{"@type":"SearchAction","target":{"@type":"EntryPoint","urlTemplate":"https:\/\/celebrityhouse.cz\/?s={search_term_string}"},"query-input":"required name=search_term_string"}],"inLanguage":"cs"},{"@type":"Organization","@id":"https:\/\/celebrityhouse.cz\/#organization","name":"CELEBRITYHOUSE.cz","url":"https:\/\/celebrityhouse.cz\/","logo":{"@type":"ImageObject","inLanguage":"cs","@id":"https:\/\/celebrityhouse.cz\/#\/schema\/logo\/image\/","url":"https:\/\/celebrityhouse.cz\/wp-content\/uploads\/2024\/12\/cropped-Logo_CelebrityHouse_2.jpg","contentUrl":"https:\/\/celebrityhouse.cz\/wp-content\/uploads\/2024\/12\/cropped-Logo_CelebrityHouse_2.jpg","width":937,"height":510,"caption":"CELEBRITYHOUSE.cz"},"image":{"@id":"https:\/\/celebrityhouse.cz\/#\/schema\/logo\/image\/"}},{"@type":"Person","@id":"https:\/\/celebrityhouse.cz\/#\/schema\/person\/b97cee16a2caa8cf7a55df6bcaff5d8c","name":"Martina Pechov\u00e1","image":{"@type":"ImageObject","inLanguage":"cs","@id":"https:\/\/celebrityhouse.cz\/#\/schema\/person\/image\/","url":"https:\/\/secure.gravatar.com\/avatar\/d3ad7f43789eed68b221d01c6d7ac4e5?s=96&d=mm&r=g","contentUrl":"https:\/\/secure.gravatar.com\/avatar\/d3ad7f43789eed68b221d01c6d7ac4e5?s=96&d=mm&r=g","caption":"Martina Pechov\u00e1"},"sameAs":["http:\/\/CELEBRITYHOUSE.cz"],"url":"https:\/\/celebrityhouse.cz\/index.php\/author\/marpech\/"}]}},"_links":{"self":[{"href":"https:\/\/celebrityhouse.cz\/index.php\/wp-json\/wp\/v2\/posts\/10161"}],"collection":[{"href":"https:\/\/celebrityhouse.cz\/index.php\/wp-json\/wp\/v2\/posts"}],"about":[{"href":"https:\/\/celebrityhouse.cz\/index.php\/wp-json\/wp\/v2\/types\/post"}],"author":[{"embeddable":true,"href":"https:\/\/celebrityhouse.cz\/index.php\/wp-json\/wp\/v2\/users\/8"}],"replies":[{"embeddable":true,"href":"https:\/\/celebrityhouse.cz\/index.php\/wp-json\/wp\/v2\/comments?post=10161"}],"version-history":[{"count":1,"href":"https:\/\/celebrityhouse.cz\/index.php\/wp-json\/wp\/v2\/posts\/10161\/revisions"}],"predecessor-version":[{"id":10163,"href":"https:\/\/celebrityhouse.cz\/index.php\/wp-json\/wp\/v2\/posts\/10161\/revisions\/10163"}],"wp:featuredmedia":[{"embeddable":true,"href":"https:\/\/celebrityhouse.cz\/index.php\/wp-json\/wp\/v2\/media\/10162"}],"wp:attachment":[{"href":"https:\/\/celebrityhouse.cz\/index.php\/wp-json\/wp\/v2\/media?parent=10161"}],"wp:term":[{"taxonomy":"category","embeddable":true,"href":"https:\/\/celebrityhouse.cz\/index.php\/wp-json\/wp\/v2\/categories?post=10161"},{"taxonomy":"post_tag","embeddable":true,"href":"https:\/\/celebrityhouse.cz\/index.php\/wp-json\/wp\/v2\/tags?post=10161"}],"curies":[{"name":"wp","href":"https:\/\/api.w.org\/{rel}","templated":true}]}}