{"id":10192,"date":"2024-12-17T00:01:00","date_gmt":"2024-12-16T23:01:00","guid":{"rendered":"https:\/\/celebrityhouse.cz\/?p=10192"},"modified":"2024-12-02T16:59:06","modified_gmt":"2024-12-02T15:59:06","slug":"v-botanicke-zahrade-v-troji-se-rozzarila-kristalova-zahrada","status":"publish","type":"post","link":"https:\/\/celebrityhouse.cz\/index.php\/2024\/12\/17\/v-botanicke-zahrade-v-troji-se-rozzarila-kristalova-zahrada\/","title":{"rendered":"V botanick\u00e9 zahrad\u011b v Troji se rozz\u00e1\u0159ila K\u0159i\u0161\u0165\u00e1lov\u00e1 zahrada"},"content":{"rendered":"\n<div style=\"height:45px\" aria-hidden=\"true\" class=\"wp-block-spacer\"><\/div>\n\n\n\n<p><strong>Botanick\u00e1 zahrada hl. m. Prahy otev\u00edr\u00e1 poprv\u00e9 ve sv\u00e9 historii velkou zimn\u00ed v\u00fdstavu. Expozice rozz\u00e1\u0159\u00ed roztodivn\u00e9 kv\u011btiny, rostliny a zv\u00ed\u0159ata, kter\u00e9 vyrostly pod rukama skl\u00e1\u0159e Ji\u0159\u00edho Pa\u010dinka a jeho koleg\u016f ze skl\u00e1rny Pa\u010dinek Glass. V\u00fdstava K\u0159i\u0161\u0165\u00e1lov\u00e1 zahrada ve dne p\u0159edstavuje unik\u00e1tn\u00ed sklen\u011bn\u00e9 instalace nasv\u00edcen\u00e9 slune\u010dn\u00edm svitem, p\u0159i ve\u010dern\u00edch prohl\u00eddk\u00e1ch pak budou n\u00e1v\u0161t\u011bvn\u00edci sv\u011bdky fantastick\u00e9 hry sv\u011btel a hudby. Ambasadory v\u00fdstavy se staly \u010dty\u0159i osobnosti, kter\u00e9 maj\u00ed ke sklu, ke skl\u00e1\u0159i Ji\u0159\u00edmu Pa\u010dinkovi i k&nbsp;trojsk\u00e9 botanick\u00e9 zahrad\u011b bl\u00edzky vztah. Je to zp\u011bva\u010dka Leona Mach\u00e1lkov\u00e1, m\u00f3dn\u00ed n\u00e1vrh\u00e1\u0159ka a design\u00e9rka Blanka Matragi, filmov\u00e1 producentka Olga Menzelov\u00e1 a herec a dramatik Arno\u0161t Goldflam. Ve\u010dern\u00ed atmosf\u00e9ru je mo\u017en\u00e9 si vychutnat v\u017edy od \u010dtvrtka do ned\u011ble od 17 do 21 hodin. P\u0159ehl\u00eddka se kon\u00e1 v&nbsp;\u010dase adventu a V\u00e1noc, a tak je sou\u010d\u00e1st\u00ed v\u00fdstavy i nejvy\u0161\u0161\u00ed nasv\u00edcen\u00fd v\u00e1no\u010dn\u00ed strom a k\u0159i\u0161\u0165\u00e1lov\u00fd betl\u00e9m. K\u0159i\u0161\u0165\u00e1lov\u00e1 zahrada bude otev\u0159ena i v&nbsp;dob\u011b v\u00e1no\u010dn\u00edch sv\u00e1tk\u016f a&nbsp;potrv\u00e1 a\u017e do 2. \u00fanora.<\/strong><\/p>\n\n\n\n<div style=\"height:45px\" aria-hidden=\"true\" class=\"wp-block-spacer\"><\/div>\n\n\n<div class=\"wp-block-image\">\n<figure class=\"aligncenter size-large\"><img decoding=\"async\" src=\"https:\/\/kidshouse.cz\/wp-content\/uploads\/2024\/12\/0K3A9870-1024x683.jpeg\" alt=\"V botanick\u00e9 zahrad\u011b v Troji se rozz\u00e1\u0159ila K\u0159i\u0161\u0165\u00e1lov\u00e1 zahrada\" class=\"wp-image-6671\" \/><\/figure><\/div>\n\n\n<div style=\"height:45px\" aria-hidden=\"true\" class=\"wp-block-spacer\"><\/div>\n\n\n\n<p> \u201e<em>Na\u0161e botanick\u00e1 zahrada se letos, historicky poprv\u00e9, na zimu rozz\u00e1\u0159ila d\u00edky v\u00fdstav\u011b K\u0159i\u0161\u0165\u00e1lov\u00e1 zahrada, umo\u017e\u0148uj\u00edc\u00ed i&nbsp;ve\u010dern\u00ed prohl\u00eddky. V&nbsp;na\u0161ich expozic\u00edch m\u016f\u017eete vid\u011bt unik\u00e1tn\u00ed d\u00edla skl\u00e1\u0159e Ji\u0159\u00edho Pa\u010dinka a jeho t\u00fdmu. Mnoh\u00e1 z&nbsp;nich vytvo\u0159il pr\u00e1v\u011b pro tuto v\u00fdstavu a&nbsp;na\u0161\u00ed botanickou zahradu. Moc m\u011b t\u011b\u0161\u00ed, \u017ee se n\u00e1m poda\u0159ilo spojit s\u00edly a&nbsp;p\u0159ipravit tuto jedine\u010dnou akci. Ve\u010dern\u00ed nasv\u00edcen\u00ed dod\u00e1v\u00e1 cel\u00e9 expozici kr\u00e1snou, p\u0159edv\u00e1no\u010dn\u00ed atmosf\u00e9ru. D\u00edla obohacuj\u00ed interaktivn\u00ed prvky a tak\u00e9 t\u00f3ny sklen\u011bn\u00e9 harfy. D\u011bkuji tak\u00e9 ambasador\u016fm, tedy Leon\u011b Mach\u00e1lkov\u00e9, Blance Matragu, Olze Menzelov\u00e9 a Arno\u0161tu Goldflamovi, \u017ee slavnostn\u00ed zah\u00e1jen\u00ed poctili svou p\u0159\u00edtomnost\u00ed. V\u011b\u0159\u00edm, \u017ee tato v\u00fdstava bude velk\u00fdm z\u00e1\u017eitkem pro v\u0161echny milovn\u00edky zahrady i&nbsp;poctiv\u00e9ho \u010desk\u00e9ho skla, a to bez rozd\u00edlu v\u011bku,<\/em>\u201c zve <strong>Bohumil \u010cern\u00fd, \u0159editel Botanick\u00e9 zahrady hl. m. Prahy<\/strong>.<\/p>\n\n\n\n<div style=\"height:45px\" aria-hidden=\"true\" class=\"wp-block-spacer\"><\/div>\n\n\n<div class=\"wp-block-image\">\n<figure class=\"aligncenter size-large\"><img decoding=\"async\" src=\"https:\/\/kidshouse.cz\/wp-content\/uploads\/2024\/12\/DSC08428-1024x752.jpeg\" alt=\"V botanick\u00e9 zahrad\u011b v Troji se rozz\u00e1\u0159ila K\u0159i\u0161\u0165\u00e1lov\u00e1 zahrada\" class=\"wp-image-6684\" \/><\/figure><\/div>\n\n\n<div style=\"height:45px\" aria-hidden=\"true\" class=\"wp-block-spacer\"><\/div>\n\n\n\n<p>\u201e<em>Spolupr\u00e1ce s&nbsp;Botanickou zahradou Praha je pro n\u00e1s prvn\u00ed akc\u00ed v&nbsp;p\u0159\u00edrodn\u00edm prost\u0159ed\u00ed, nav\u00edc v&nbsp;takov\u00e9m rozsahu. Kr\u00e1sn\u00e9 fantastick\u00e9 kv\u011btiny si z\u00e1jemci mohou prohl\u00e9dnout i&nbsp;v&nbsp;zahrad\u011b u na\u0161\u00ed skl\u00e1rny, nicm\u00e9n\u011b v&nbsp;expozic\u00edch botanick\u00e9 zahrady se p\u0159edstav\u00ed nov\u00e9 unik\u00e1tn\u00ed instalace, kter\u00e9 jsme vytvo\u0159ili na m\u00edru pr\u00e1v\u011b pro v\u00fdstavu K\u0159i\u0161\u0165\u00e1lov\u00e1 zahrada. Obdob\u00ed adventu je o jin\u00e9, v r\u00e1mci mo\u017enost\u00ed klidn\u011bj\u0161\u00ed a&nbsp;magi\u010dt\u011bj\u0161\u00ed atmosf\u00e9\u0159e, a tak bych r\u00e1d v\u0161echny pozval do K\u0159i\u0161\u0165\u00e1lov\u00e9 zahrady, kter\u00e1 v\u00e1m ve spojen\u00ed se sv\u011btlem a&nbsp;hudbou snad navod\u00ed hezkou n\u00e1ladu a&nbsp;p\u0159inese inspiraci,<\/em>\u201c \u0159\u00edk\u00e1 um\u011bleck\u00fd skl\u00e1\u0159 <strong>Ji\u0159\u00ed Pa\u010dinek<\/strong>.<\/p>\n\n\n\n<div style=\"height:45px\" aria-hidden=\"true\" class=\"wp-block-spacer\"><\/div>\n\n\n<div class=\"wp-block-image\">\n<figure class=\"aligncenter size-large\"><img decoding=\"async\" src=\"https:\/\/kidshouse.cz\/wp-content\/uploads\/2024\/12\/DSC08180-1024x683.jpeg\" alt=\"V botanick\u00e9 zahrad\u011b v Troji se rozz\u00e1\u0159ila K\u0159i\u0161\u0165\u00e1lov\u00e1 zahrada\" class=\"wp-image-6676\" \/><\/figure><\/div>\n\n\n<div style=\"height:45px\" aria-hidden=\"true\" class=\"wp-block-spacer\"><\/div>\n\n\n\n<h2 class=\"wp-block-heading\">K\u0159i\u0161\u0165\u00e1lov\u00e1 zahrada<\/h2>\n\n\n\n<div style=\"height:21px\" aria-hidden=\"true\" class=\"wp-block-spacer\"><\/div>\n\n\n\n<p>V\u00fdstava <strong>K\u0159i\u0161\u0165\u00e1lov\u00e1 zahrada bude v Ornament\u00e1ln\u00ed zahrad\u011b<\/strong> a p\u0159ilehl\u00fdch expozic\u00edch k\u00a0vid\u011bn\u00ed a\u017e do 2. \u00fanora 2025. Z\u00a0Kunratic u Cvikova dorazily do Prahy n\u00e1dhern\u00e9 fantastick\u00e9 rostliny, jako je sklen\u011bnka z\u00e1\u0159iv\u00e1, sasanka ostr\u00e1, hadovka leskl\u00e1, kv\u011btnatec op\u00e1lov\u00fd a nechyb\u00ed ani pov\u011bstn\u00e1 maso\u017erav\u00e1 Ad\u00e9la. Rostliny dopl\u0148uj\u00ed pestrobarevn\u00ed plame\u0148\u00e1ci u jez\u00edrka nebo je\u0161t\u011brky. \u201e<em>Pro na\u0161e n\u00e1v\u0161t\u011bvn\u00edky jsme se sna\u017eili p\u0159ipravit jedine\u010dn\u00fd z\u00e1\u017eitek s\u00a0um\u011bleck\u00fdm p\u0159esahem. Ve dne mohou v K\u0159i\u0161\u0165\u00e1lov\u00e9 zahrad\u011b obdivovat kr\u00e1su skla v z\u00e1\u0159i slunce a p\u0159i ve\u010dern\u00ed prohl\u00eddce se pak nechat un\u00e9st velkolepou hrou sv\u011btel, st\u00edn\u016f a hudby,<\/em>\u201c dopl\u0148uje <strong>Martin Jodas, n\u00e1m\u011bstek marketingu a obchodu v\u00a0Botanick\u00e9 zahrad\u011b hl. m. Prahy<\/strong>. N\u011bkter\u00e9 sv\u011bteln\u00e9 instalace obohacuj\u00ed interaktivn\u00ed prvky, do jejich\u017e fungov\u00e1n\u00ed se z\u00e1jemci mohou sami zapojit, ve vybran\u00fdch \u010dasech lze sledovat origin\u00e1ln\u00ed audiovizu\u00e1ln\u00ed show. Specialitou v\u00fdstavy budou reprodukovan\u00e9 <strong>t\u00f3ny sklen\u011bn\u00e9 harfy v pod\u00e1n\u00ed Petra \u0160patiny<\/strong>, kter\u00e9 zazn\u00ed u n\u011bkter\u00fdch expon\u00e1t\u016f. Skladby komponovan\u00e9 pro tuto p\u0159\u00edle\u017eitost dodaj\u00ed sklen\u011bn\u00fdm d\u00edl\u016fm jedine\u010dnou p\u016fsobivost. K\u00a0vid\u011bn\u00ed jsou i origin\u00e1ln\u00ed instalace z\u00a0tzv. <strong>uranov\u00e9ho skla<\/strong>. \u201e<em>Uranem barven\u00e9 sklo z\u00edsk\u00e1 unik\u00e1tn\u00ed zabarven\u00ed. Na prvn\u00ed dojem tento n\u00e1zev m\u016f\u017ee tak trochu zav\u00e1n\u011bt nebezpe\u010dnost\u00ed radiace, ale dod\u00e1v\u00e1m, \u017ee je naprosto bezpe\u010dn\u00fdm materi\u00e1lem, se kter\u00fdm pracuji ji\u017e n\u011bkolik des\u00edtek let. Jeho v\u00fdjime\u010dnou vlastnost\u00ed je schopnost odr\u00e1\u017eet UV paprsky, a proto se oku div\u00e1ka jev\u00ed jako z\u00e1\u0159\u00edc\u00ed. V botanick\u00e9 zahrad\u011b najdete velkou instalaci URANA,<\/em>\u201c uv\u00e1d\u00ed <strong>Ji\u0159\u00ed Pa\u010dinek<\/strong>. Sou\u010d\u00e1st\u00ed akce bude i uk\u00e1zka sklen\u011bn\u00e9 ikebany (japonsk\u00e9ho um\u011bn\u00ed aran\u017eov\u00e1n\u00ed kv\u011btin) a\u00a0<strong>nejvy\u0161\u0161\u00ed osv\u011btlen\u00fd strom v\u00a0Praze s\u00a0k\u0159i\u0161\u0165\u00e1lov\u00fdm betl\u00e9mem<\/strong>. Ka\u017ed\u00e9 z\u00a0d\u011bl m\u00e1 sv\u016fj unik\u00e1tn\u00ed n\u00e1zev a je dopln\u011bno popiskem. Katalog v\u00fdstavy a p\u0159ehled instalac\u00ed mohou z\u00e1jemci nal\u00e9zt na internetov\u00fdch str\u00e1nk\u00e1ch: <\/p>\n\n\n\n<p><a href=\"https:\/\/www.botanicka.cz\/clanky\/novinky\/kristalova-zahrada-online-katalog-vystavy\"><strong>www.botanicka.cz\/clanky\/novinky\/kristalova-zahrada-online-katalog-vystavy<\/strong><\/a>.<\/p>\n\n\n\n<div style=\"height:45px\" aria-hidden=\"true\" class=\"wp-block-spacer\"><\/div>\n\n\n<div class=\"wp-block-image\">\n<figure class=\"aligncenter size-large\"><img decoding=\"async\" src=\"https:\/\/kidshouse.cz\/wp-content\/uploads\/2024\/12\/IMG_2268-1024x683.jpg\" alt=\"V botanick\u00e9 zahrad\u011b v Troji se rozz\u00e1\u0159ila K\u0159i\u0161\u0165\u00e1lov\u00e1 zahrada\" class=\"wp-image-6693\" \/><\/figure><\/div>\n\n\n<div style=\"height:45px\" aria-hidden=\"true\" class=\"wp-block-spacer\"><\/div>\n\n\n\n<p>Denn\u00ed prohl\u00eddky se konaj\u00ed ve standardn\u00ed otev\u00edrac\u00ed dobu od pond\u011bl\u00ed do ned\u011ble mezi 9.00 a 16.00, <strong>ve\u010dern\u00ed nasv\u00edcenou expozici bude mo\u017en\u00e9 nav\u0161t\u00edvit od \u010dtvrtka do ned\u011ble od 17.00 do 21.00<\/strong>. Vstupn\u00e9 na ve\u010dern\u00ed prohl\u00eddky je ve stejn\u00e9 v\u00fd\u0161i jako b\u011b\u017en\u00e9 vstupn\u00e9 do botanick\u00e9 zahrady, dosp\u011bl\u00ed tedy zaplat\u00ed 180 K\u010d, d\u011bti od 3 do 15 let maj\u00ed sn\u00ed\u017een\u00e9 vstupn\u00e9 120 K\u010d a senio\u0159i nad 60&nbsp;let zaplat\u00ed 95 K\u010d. Pro ve\u010dern\u00ed v\u00fdstavu bude mimo\u0159\u00e1dn\u011b otev\u0159en\u00fd vstup v&nbsp;ulici N\u00e1dvorn\u00ed. Drobn\u00e9 v\u00fdtvory a dekorace z&nbsp;d\u00edlny Ji\u0159\u00edho Pa\u010dinka bude mo\u017en\u00e9 na m\u00edst\u011b zakoupit.<\/p>\n\n\n\n<div style=\"height:45px\" aria-hidden=\"true\" class=\"wp-block-spacer\"><\/div>\n\n\n<div class=\"wp-block-image\">\n<figure class=\"aligncenter size-large\"><img decoding=\"async\" src=\"https:\/\/kidshouse.cz\/wp-content\/uploads\/2024\/12\/DSC08174-1024x683.jpeg\" alt=\"V botanick\u00e9 zahrad\u011b v Troji se rozz\u00e1\u0159ila K\u0159i\u0161\u0165\u00e1lov\u00e1 zahrada\" class=\"wp-image-6679\" \/><\/figure><\/div>\n\n\n<div style=\"height:45px\" aria-hidden=\"true\" class=\"wp-block-spacer\"><\/div>\n\n\n\n<p>Ve <strong>\u010dtvrtek 12. prosince<\/strong> bude mo\u017en\u00e9 si nasv\u00edcenou K\u0159i\u0161\u0165\u00e1lovou zahradu prohl\u00e9dnout <strong>v&nbsp;doprovodu skl\u00e1\u0159e Ji\u0159\u00edho Pa\u010dinka<\/strong>. <strong>Komentovan\u00e1 prohl\u00eddka za\u010d\u00edn\u00e1 v&nbsp;17:30<\/strong> u vchodu do botanick\u00e9 zahrady v&nbsp;N\u00e1dvorn\u00ed ulici.<\/p>\n\n\n\n<div style=\"height:45px\" aria-hidden=\"true\" class=\"wp-block-spacer\"><\/div>\n\n\n<div class=\"wp-block-image\">\n<figure class=\"aligncenter size-large\"><img decoding=\"async\" src=\"https:\/\/kidshouse.cz\/wp-content\/uploads\/2024\/12\/DSC08168-1024x683.jpeg\" alt=\"V botanick\u00e9 zahrad\u011b v Troji se rozz\u00e1\u0159ila K\u0159i\u0161\u0165\u00e1lov\u00e1 zahrada\" class=\"wp-image-6675\" \/><\/figure><\/div>\n\n\n<div style=\"height:45px\" aria-hidden=\"true\" class=\"wp-block-spacer\"><\/div>\n\n\n\n<p> Podrobn\u00e9 informace o akc\u00edch Botanick\u00e9 zahrady Praha najdete na<strong> <a href=\"http:\/\/www.botanicka.cz\/\">www.botanicka.cz<\/a><\/strong>.<\/p>\n\n\n\n<div style=\"height:45px\" aria-hidden=\"true\" class=\"wp-block-spacer\"><\/div>\n\n\n\n<figure class=\"wp-block-gallery has-nested-images columns-2 is-cropped wp-block-gallery-1 is-layout-flex wp-block-gallery-is-layout-flex\">\n<figure class=\"wp-block-image size-large\"><img decoding=\"async\" data-id=\"6696\" src=\"https:\/\/kidshouse.cz\/wp-content\/uploads\/2024\/12\/IMG_2346-683x1024.jpg\" alt=\"V botanick\u00e9 zahrad\u011b v Troji se rozz\u00e1\u0159ila K\u0159i\u0161\u0165\u00e1lov\u00e1 zahrada\" class=\"wp-image-6696\" \/><\/figure>\n\n\n\n<figure class=\"wp-block-image size-large\"><img decoding=\"async\" data-id=\"6691\" src=\"https:\/\/kidshouse.cz\/wp-content\/uploads\/2024\/12\/DSC08107-683x1024.jpeg\" alt=\"V botanick\u00e9 zahrad\u011b v Troji se rozz\u00e1\u0159ila K\u0159i\u0161\u0165\u00e1lov\u00e1 zahrada\" class=\"wp-image-6691\" \/><\/figure>\n\n\n\n<figure class=\"wp-block-image size-large\"><img decoding=\"async\" data-id=\"6684\" src=\"https:\/\/kidshouse.cz\/wp-content\/uploads\/2024\/12\/DSC08428-1024x752.jpeg\" alt=\"V botanick\u00e9 zahrad\u011b v Troji se rozz\u00e1\u0159ila K\u0159i\u0161\u0165\u00e1lov\u00e1 zahrada\" class=\"wp-image-6684\" \/><\/figure>\n\n\n\n<figure class=\"wp-block-image size-large\"><img decoding=\"async\" data-id=\"6694\" src=\"https:\/\/kidshouse.cz\/wp-content\/uploads\/2024\/12\/DSC08382-1024x683.jpeg\" alt=\"V botanick\u00e9 zahrad\u011b v Troji se rozz\u00e1\u0159ila K\u0159i\u0161\u0165\u00e1lov\u00e1 zahrada\" class=\"wp-image-6694\" \/><\/figure>\n\n\n\n<figure class=\"wp-block-image size-large\"><img decoding=\"async\" data-id=\"6688\" src=\"https:\/\/kidshouse.cz\/wp-content\/uploads\/2024\/12\/DSC08336-1024x683.jpeg\" alt=\"V botanick\u00e9 zahrad\u011b v Troji se rozz\u00e1\u0159ila K\u0159i\u0161\u0165\u00e1lov\u00e1 zahrada\" class=\"wp-image-6688\" \/><\/figure>\n\n\n\n<figure class=\"wp-block-image size-large\"><img decoding=\"async\" data-id=\"6693\" src=\"https:\/\/kidshouse.cz\/wp-content\/uploads\/2024\/12\/IMG_2268-1024x683.jpg\" alt=\"V botanick\u00e9 zahrad\u011b v Troji se rozz\u00e1\u0159ila K\u0159i\u0161\u0165\u00e1lov\u00e1 zahrada\" class=\"wp-image-6693\" \/><\/figure>\n\n\n\n<figure class=\"wp-block-image size-large\"><img decoding=\"async\" data-id=\"6676\" src=\"https:\/\/kidshouse.cz\/wp-content\/uploads\/2024\/12\/DSC08180-1024x683.jpeg\" alt=\"V botanick\u00e9 zahrad\u011b v Troji se rozz\u00e1\u0159ila K\u0159i\u0161\u0165\u00e1lov\u00e1 zahrada\" class=\"wp-image-6676\" \/><\/figure>\n\n\n\n<figure class=\"wp-block-image size-large\"><img decoding=\"async\" data-id=\"6685\" src=\"https:\/\/kidshouse.cz\/wp-content\/uploads\/2024\/12\/IMG_2803-1024x683.jpg\" alt=\"V botanick\u00e9 zahrad\u011b v Troji se rozz\u00e1\u0159ila K\u0159i\u0161\u0165\u00e1lov\u00e1 zahrada\" class=\"wp-image-6685\" \/><\/figure>\n\n\n\n<figure class=\"wp-block-image size-large\"><img decoding=\"async\" data-id=\"6682\" src=\"https:\/\/kidshouse.cz\/wp-content\/uploads\/2024\/12\/IMG_2801-1024x683.jpg\" alt=\"V botanick\u00e9 zahrad\u011b v Troji se rozz\u00e1\u0159ila K\u0159i\u0161\u0165\u00e1lov\u00e1 zahrada\" class=\"wp-image-6682\" \/><\/figure>\n\n\n\n<figure class=\"wp-block-image size-large\"><img decoding=\"async\" data-id=\"6681\" src=\"https:\/\/kidshouse.cz\/wp-content\/uploads\/2024\/12\/IMG_2751-1024x683.jpg\" alt=\"V botanick\u00e9 zahrad\u011b v Troji se rozz\u00e1\u0159ila K\u0159i\u0161\u0165\u00e1lov\u00e1 zahrada\" class=\"wp-image-6681\" \/><\/figure>\n\n\n\n<figure class=\"wp-block-image size-large\"><img decoding=\"async\" data-id=\"6678\" src=\"https:\/\/kidshouse.cz\/wp-content\/uploads\/2024\/12\/DSC08111-1024x683.jpeg\" alt=\"V botanick\u00e9 zahrad\u011b v Troji se rozz\u00e1\u0159ila K\u0159i\u0161\u0165\u00e1lov\u00e1 zahrada\" class=\"wp-image-6678\" \/><\/figure>\n\n\n\n<figure class=\"wp-block-image size-large\"><img decoding=\"async\" data-id=\"6679\" src=\"https:\/\/kidshouse.cz\/wp-content\/uploads\/2024\/12\/DSC08174-1024x683.jpeg\" alt=\"V botanick\u00e9 zahrad\u011b v Troji se rozz\u00e1\u0159ila K\u0159i\u0161\u0165\u00e1lov\u00e1 zahrada\" class=\"wp-image-6679\" \/><\/figure>\n\n\n\n<figure class=\"wp-block-image size-large\"><img decoding=\"async\" data-id=\"6675\" src=\"https:\/\/kidshouse.cz\/wp-content\/uploads\/2024\/12\/DSC08168-1024x683.jpeg\" alt=\"V botanick\u00e9 zahrad\u011b v Troji se rozz\u00e1\u0159ila K\u0159i\u0161\u0165\u00e1lov\u00e1 zahrada\" class=\"wp-image-6675\" \/><\/figure>\n\n\n\n<figure class=\"wp-block-image size-large\"><img decoding=\"async\" data-id=\"6677\" src=\"https:\/\/kidshouse.cz\/wp-content\/uploads\/2024\/12\/DSC08112-1024x683.jpeg\" alt=\"V botanick\u00e9 zahrad\u011b v Troji se rozz\u00e1\u0159ila K\u0159i\u0161\u0165\u00e1lov\u00e1 zahrada\" class=\"wp-image-6677\" \/><\/figure>\n\n\n\n<figure class=\"wp-block-image size-large\"><img decoding=\"async\" data-id=\"6672\" src=\"https:\/\/kidshouse.cz\/wp-content\/uploads\/2024\/12\/IMG_2837-1024x683.jpg\" alt=\"V botanick\u00e9 zahrad\u011b v Troji se rozz\u00e1\u0159ila K\u0159i\u0161\u0165\u00e1lov\u00e1 zahrada\" class=\"wp-image-6672\" \/><\/figure>\n\n\n\n<figure class=\"wp-block-image size-large\"><img decoding=\"async\" data-id=\"6670\" src=\"https:\/\/kidshouse.cz\/wp-content\/uploads\/2024\/12\/0K3A9937-1024x683.jpeg\" alt=\"V botanick\u00e9 zahrad\u011b v Troji se rozz\u00e1\u0159ila K\u0159i\u0161\u0165\u00e1lov\u00e1 zahrada\" class=\"wp-image-6670\" \/><\/figure>\n\n\n\n<figure class=\"wp-block-image size-large\"><img decoding=\"async\" data-id=\"6673\" src=\"https:\/\/kidshouse.cz\/wp-content\/uploads\/2024\/12\/IMG_2826-683x1024.jpg\" alt=\"V botanick\u00e9 zahrad\u011b v Troji se rozz\u00e1\u0159ila K\u0159i\u0161\u0165\u00e1lov\u00e1 zahrada\" class=\"wp-image-6673\" \/><\/figure>\n\n\n\n<figure class=\"wp-block-image size-large\"><img decoding=\"async\" data-id=\"6674\" src=\"https:\/\/kidshouse.cz\/wp-content\/uploads\/2024\/12\/IMG_2840-683x1024.jpg\" alt=\"V botanick\u00e9 zahrad\u011b v Troji se rozz\u00e1\u0159ila K\u0159i\u0161\u0165\u00e1lov\u00e1 zahrada\" class=\"wp-image-6674\" \/><\/figure>\n\n\n\n<figure class=\"wp-block-image size-large\"><img decoding=\"async\" data-id=\"6686\" src=\"https:\/\/kidshouse.cz\/wp-content\/uploads\/2024\/12\/IMG_2358-683x1024.jpg\" alt=\"V botanick\u00e9 zahrad\u011b v Troji se rozz\u00e1\u0159ila K\u0159i\u0161\u0165\u00e1lov\u00e1 zahrada\" class=\"wp-image-6686\" \/><\/figure>\n\n\n\n<figure class=\"wp-block-image size-large\"><img decoding=\"async\" data-id=\"6687\" src=\"https:\/\/kidshouse.cz\/wp-content\/uploads\/2024\/12\/20241120_082813-768x1024.jpg\" alt=\"V botanick\u00e9 zahrad\u011b v Troji se rozz\u00e1\u0159ila K\u0159i\u0161\u0165\u00e1lov\u00e1 zahrada\" class=\"wp-image-6687\" \/><\/figure>\n\n\n\n<figure class=\"wp-block-image size-large\"><img decoding=\"async\" data-id=\"6690\" src=\"https:\/\/kidshouse.cz\/wp-content\/uploads\/2024\/12\/IMG_2329-683x1024.jpg\" alt=\"V botanick\u00e9 zahrad\u011b v Troji se rozz\u00e1\u0159ila K\u0159i\u0161\u0165\u00e1lov\u00e1 zahrada\" class=\"wp-image-6690\" \/><\/figure>\n\n\n\n<figure class=\"wp-block-image size-large\"><img decoding=\"async\" data-id=\"6683\" src=\"https:\/\/kidshouse.cz\/wp-content\/uploads\/2024\/12\/20241120_120106-768x1024.jpg\" alt=\"V botanick\u00e9 zahrad\u011b v Troji se rozz\u00e1\u0159ila K\u0159i\u0161\u0165\u00e1lov\u00e1 zahrada\" class=\"wp-image-6683\" \/><\/figure>\n\n\n\n<figure class=\"wp-block-image size-large\"><img decoding=\"async\" data-id=\"6692\" src=\"https:\/\/kidshouse.cz\/wp-content\/uploads\/2024\/12\/IMG_2420-683x1024.jpg\" alt=\"V botanick\u00e9 zahrad\u011b v Troji se rozz\u00e1\u0159ila K\u0159i\u0161\u0165\u00e1lov\u00e1 zahrada\" class=\"wp-image-6692\" \/><\/figure>\n\n\n\n<figure class=\"wp-block-image size-large\"><img decoding=\"async\" data-id=\"6689\" src=\"https:\/\/kidshouse.cz\/wp-content\/uploads\/2024\/12\/IMG_2647-683x1024.jpg\" alt=\"V botanick\u00e9 zahrad\u011b v Troji se rozz\u00e1\u0159ila K\u0159i\u0161\u0165\u00e1lov\u00e1 zahrada\" class=\"wp-image-6689\" \/><\/figure>\n\n\n\n<figure class=\"wp-block-image size-large\"><img decoding=\"async\" data-id=\"6671\" src=\"https:\/\/kidshouse.cz\/wp-content\/uploads\/2024\/12\/0K3A9870-1024x683.jpeg\" alt=\"V botanick\u00e9 zahrad\u011b v Troji se rozz\u00e1\u0159ila K\u0159i\u0161\u0165\u00e1lov\u00e1 zahrada\" class=\"wp-image-6671\" \/><\/figure>\n<\/figure>\n\n\n\n<div style=\"height:45px\" aria-hidden=\"true\" class=\"wp-block-spacer\"><\/div>\n\n\n\n<p><strong>Zdroj foto:<\/strong> Botanick\u00e1 zahrada Praha<\/p>\n\n\n\n<div style=\"height:45px\" aria-hidden=\"true\" class=\"wp-block-spacer\"><\/div>\n","protected":false},"excerpt":{"rendered":"<p>Botanick\u00e1 zahrada hl. m. Prahy otev\u00edr\u00e1 poprv\u00e9 ve sv\u00e9 historii velkou zimn\u00ed v\u00fdstavu. Expozice rozz\u00e1\u0159\u00ed roztodivn\u00e9 kv\u011btiny, rostliny a zv\u00ed\u0159ata, kter\u00e9 vyrostly pod rukama skl\u00e1\u0159e Ji\u0159\u00edho Pa\u010dinka a jeho koleg\u016f ze skl\u00e1rny Pa\u010dinek Glass.&#46;&#46;&#46;<\/p>\n","protected":false},"author":8,"featured_media":10193,"comment_status":"closed","ping_status":"closed","sticky":false,"template":"","format":"standard","meta":{"_monsterinsights_skip_tracking":false,"_monsterinsights_sitenote_active":false,"_monsterinsights_sitenote_note":"","_monsterinsights_sitenote_category":0,"footnotes":""},"categories":[19,2],"tags":[],"yoast_head":"<!-- This site is optimized with the Yoast SEO plugin v21.5 - https:\/\/yoast.com\/wordpress\/plugins\/seo\/ -->\n<title>V botanick\u00e9 zahrad\u011b v Troji se rozz\u00e1\u0159ila K\u0159i\u0161\u0165\u00e1lov\u00e1 zahrada - CELEBRITYHOUSE.cz<\/title>\n<meta name=\"description\" content=\"Botanick\u00e1 zahrada hl. m. Prahy otev\u00edr\u00e1 poprv\u00e9 ve sv\u00e9 historii velkou zimn\u00ed v\u00fdstavu. Expozice rozz\u00e1\u0159\u00ed roztodivn\u00e9 kv\u011btiny, rostliny a zv\u00ed\u0159ata.\" \/>\n<meta name=\"robots\" content=\"index, follow, max-snippet:-1, max-image-preview:large, max-video-preview:-1\" \/>\n<link rel=\"canonical\" href=\"https:\/\/celebrityhouse.cz\/index.php\/2024\/12\/17\/v-botanicke-zahrade-v-troji-se-rozzarila-kristalova-zahrada\/\" \/>\n<meta property=\"og:locale\" content=\"cs_CZ\" \/>\n<meta property=\"og:type\" content=\"article\" \/>\n<meta property=\"og:title\" content=\"V botanick\u00e9 zahrad\u011b v Troji se rozz\u00e1\u0159ila K\u0159i\u0161\u0165\u00e1lov\u00e1 zahrada - CELEBRITYHOUSE.cz\" \/>\n<meta property=\"og:description\" content=\"Botanick\u00e1 zahrada hl. m. Prahy otev\u00edr\u00e1 poprv\u00e9 ve sv\u00e9 historii velkou zimn\u00ed v\u00fdstavu. Expozice rozz\u00e1\u0159\u00ed roztodivn\u00e9 kv\u011btiny, rostliny a zv\u00ed\u0159ata.\" \/>\n<meta property=\"og:url\" content=\"https:\/\/celebrityhouse.cz\/index.php\/2024\/12\/17\/v-botanicke-zahrade-v-troji-se-rozzarila-kristalova-zahrada\/\" \/>\n<meta property=\"og:site_name\" content=\"CELEBRITYHOUSE.cz\" \/>\n<meta property=\"article:published_time\" content=\"2024-12-16T23:01:00+00:00\" \/>\n<meta property=\"article:modified_time\" content=\"2024-12-02T15:59:06+00:00\" \/>\n<meta property=\"og:image\" content=\"https:\/\/celebrityhouse.cz\/wp-content\/uploads\/2024\/12\/0K3A9870.jpeg\" \/>\n\t<meta property=\"og:image:width\" content=\"2400\" \/>\n\t<meta property=\"og:image:height\" content=\"1600\" \/>\n\t<meta property=\"og:image:type\" content=\"image\/jpeg\" \/>\n<meta name=\"author\" content=\"Martina Pechov\u00e1\" \/>\n<meta name=\"twitter:card\" content=\"summary_large_image\" \/>\n<meta name=\"twitter:label1\" content=\"Napsal(a)\" \/>\n\t<meta name=\"twitter:data1\" content=\"Martina Pechov\u00e1\" \/>\n\t<meta name=\"twitter:label2\" content=\"Odhadovan\u00e1 doba \u010dten\u00ed\" \/>\n\t<meta name=\"twitter:data2\" content=\"11 minut\" \/>\n<script type=\"application\/ld+json\" class=\"yoast-schema-graph\">{\"@context\":\"https:\/\/schema.org\",\"@graph\":[{\"@type\":\"Article\",\"@id\":\"https:\/\/celebrityhouse.cz\/index.php\/2024\/12\/17\/v-botanicke-zahrade-v-troji-se-rozzarila-kristalova-zahrada\/#article\",\"isPartOf\":{\"@id\":\"https:\/\/celebrityhouse.cz\/index.php\/2024\/12\/17\/v-botanicke-zahrade-v-troji-se-rozzarila-kristalova-zahrada\/\"},\"author\":{\"name\":\"Martina Pechov\u00e1\",\"@id\":\"https:\/\/celebrityhouse.cz\/#\/schema\/person\/b97cee16a2caa8cf7a55df6bcaff5d8c\"},\"headline\":\"V botanick\u00e9 zahrad\u011b v Troji se rozz\u00e1\u0159ila K\u0159i\u0161\u0165\u00e1lov\u00e1 zahrada\",\"datePublished\":\"2024-12-16T23:01:00+00:00\",\"dateModified\":\"2024-12-02T15:59:06+00:00\",\"mainEntityOfPage\":{\"@id\":\"https:\/\/celebrityhouse.cz\/index.php\/2024\/12\/17\/v-botanicke-zahrade-v-troji-se-rozzarila-kristalova-zahrada\/\"},\"wordCount\":1110,\"publisher\":{\"@id\":\"https:\/\/celebrityhouse.cz\/#organization\"},\"articleSection\":[\"AKCE\",\"NEWS\"],\"inLanguage\":\"cs\"},{\"@type\":\"WebPage\",\"@id\":\"https:\/\/celebrityhouse.cz\/index.php\/2024\/12\/17\/v-botanicke-zahrade-v-troji-se-rozzarila-kristalova-zahrada\/\",\"url\":\"https:\/\/celebrityhouse.cz\/index.php\/2024\/12\/17\/v-botanicke-zahrade-v-troji-se-rozzarila-kristalova-zahrada\/\",\"name\":\"V botanick\u00e9 zahrad\u011b v Troji se rozz\u00e1\u0159ila K\u0159i\u0161\u0165\u00e1lov\u00e1 zahrada - CELEBRITYHOUSE.cz\",\"isPartOf\":{\"@id\":\"https:\/\/celebrityhouse.cz\/#website\"},\"datePublished\":\"2024-12-16T23:01:00+00:00\",\"dateModified\":\"2024-12-02T15:59:06+00:00\",\"description\":\"Botanick\u00e1 zahrada hl. m. Prahy otev\u00edr\u00e1 poprv\u00e9 ve sv\u00e9 historii velkou zimn\u00ed v\u00fdstavu. Expozice rozz\u00e1\u0159\u00ed roztodivn\u00e9 kv\u011btiny, rostliny a zv\u00ed\u0159ata.\",\"breadcrumb\":{\"@id\":\"https:\/\/celebrityhouse.cz\/index.php\/2024\/12\/17\/v-botanicke-zahrade-v-troji-se-rozzarila-kristalova-zahrada\/#breadcrumb\"},\"inLanguage\":\"cs\",\"potentialAction\":[{\"@type\":\"ReadAction\",\"target\":[\"https:\/\/celebrityhouse.cz\/index.php\/2024\/12\/17\/v-botanicke-zahrade-v-troji-se-rozzarila-kristalova-zahrada\/\"]}]},{\"@type\":\"BreadcrumbList\",\"@id\":\"https:\/\/celebrityhouse.cz\/index.php\/2024\/12\/17\/v-botanicke-zahrade-v-troji-se-rozzarila-kristalova-zahrada\/#breadcrumb\",\"itemListElement\":[{\"@type\":\"ListItem\",\"position\":1,\"name\":\"Dom\u016f\",\"item\":\"https:\/\/celebrityhouse.cz\/\"},{\"@type\":\"ListItem\",\"position\":2,\"name\":\"V botanick\u00e9 zahrad\u011b v Troji se rozz\u00e1\u0159ila K\u0159i\u0161\u0165\u00e1lov\u00e1 zahrada\"}]},{\"@type\":\"WebSite\",\"@id\":\"https:\/\/celebrityhouse.cz\/#website\",\"url\":\"https:\/\/celebrityhouse.cz\/\",\"name\":\"CELEBRITYHOUSE.cz\",\"description\":\"Port\u00e1l o showbyznysu...\",\"publisher\":{\"@id\":\"https:\/\/celebrityhouse.cz\/#organization\"},\"potentialAction\":[{\"@type\":\"SearchAction\",\"target\":{\"@type\":\"EntryPoint\",\"urlTemplate\":\"https:\/\/celebrityhouse.cz\/?s={search_term_string}\"},\"query-input\":\"required name=search_term_string\"}],\"inLanguage\":\"cs\"},{\"@type\":\"Organization\",\"@id\":\"https:\/\/celebrityhouse.cz\/#organization\",\"name\":\"CELEBRITYHOUSE.cz\",\"url\":\"https:\/\/celebrityhouse.cz\/\",\"logo\":{\"@type\":\"ImageObject\",\"inLanguage\":\"cs\",\"@id\":\"https:\/\/celebrityhouse.cz\/#\/schema\/logo\/image\/\",\"url\":\"https:\/\/celebrityhouse.cz\/wp-content\/uploads\/2024\/12\/cropped-Logo_CelebrityHouse_2.jpg\",\"contentUrl\":\"https:\/\/celebrityhouse.cz\/wp-content\/uploads\/2024\/12\/cropped-Logo_CelebrityHouse_2.jpg\",\"width\":937,\"height\":510,\"caption\":\"CELEBRITYHOUSE.cz\"},\"image\":{\"@id\":\"https:\/\/celebrityhouse.cz\/#\/schema\/logo\/image\/\"}},{\"@type\":\"Person\",\"@id\":\"https:\/\/celebrityhouse.cz\/#\/schema\/person\/b97cee16a2caa8cf7a55df6bcaff5d8c\",\"name\":\"Martina Pechov\u00e1\",\"image\":{\"@type\":\"ImageObject\",\"inLanguage\":\"cs\",\"@id\":\"https:\/\/celebrityhouse.cz\/#\/schema\/person\/image\/\",\"url\":\"https:\/\/secure.gravatar.com\/avatar\/d3ad7f43789eed68b221d01c6d7ac4e5?s=96&d=mm&r=g\",\"contentUrl\":\"https:\/\/secure.gravatar.com\/avatar\/d3ad7f43789eed68b221d01c6d7ac4e5?s=96&d=mm&r=g\",\"caption\":\"Martina Pechov\u00e1\"},\"sameAs\":[\"http:\/\/CELEBRITYHOUSE.cz\"],\"url\":\"https:\/\/celebrityhouse.cz\/index.php\/author\/marpech\/\"}]}<\/script>\n<!-- \/ Yoast SEO plugin. -->","yoast_head_json":{"title":"V botanick\u00e9 zahrad\u011b v Troji se rozz\u00e1\u0159ila K\u0159i\u0161\u0165\u00e1lov\u00e1 zahrada - CELEBRITYHOUSE.cz","description":"Botanick\u00e1 zahrada hl. m. Prahy otev\u00edr\u00e1 poprv\u00e9 ve sv\u00e9 historii velkou zimn\u00ed v\u00fdstavu. Expozice rozz\u00e1\u0159\u00ed roztodivn\u00e9 kv\u011btiny, rostliny a zv\u00ed\u0159ata.","robots":{"index":"index","follow":"follow","max-snippet":"max-snippet:-1","max-image-preview":"max-image-preview:large","max-video-preview":"max-video-preview:-1"},"canonical":"https:\/\/celebrityhouse.cz\/index.php\/2024\/12\/17\/v-botanicke-zahrade-v-troji-se-rozzarila-kristalova-zahrada\/","og_locale":"cs_CZ","og_type":"article","og_title":"V botanick\u00e9 zahrad\u011b v Troji se rozz\u00e1\u0159ila K\u0159i\u0161\u0165\u00e1lov\u00e1 zahrada - CELEBRITYHOUSE.cz","og_description":"Botanick\u00e1 zahrada hl. m. Prahy otev\u00edr\u00e1 poprv\u00e9 ve sv\u00e9 historii velkou zimn\u00ed v\u00fdstavu. Expozice rozz\u00e1\u0159\u00ed roztodivn\u00e9 kv\u011btiny, rostliny a zv\u00ed\u0159ata.","og_url":"https:\/\/celebrityhouse.cz\/index.php\/2024\/12\/17\/v-botanicke-zahrade-v-troji-se-rozzarila-kristalova-zahrada\/","og_site_name":"CELEBRITYHOUSE.cz","article_published_time":"2024-12-16T23:01:00+00:00","article_modified_time":"2024-12-02T15:59:06+00:00","og_image":[{"width":2400,"height":1600,"url":"https:\/\/celebrityhouse.cz\/wp-content\/uploads\/2024\/12\/0K3A9870.jpeg","type":"image\/jpeg"}],"author":"Martina Pechov\u00e1","twitter_card":"summary_large_image","twitter_misc":{"Napsal(a)":"Martina Pechov\u00e1","Odhadovan\u00e1 doba \u010dten\u00ed":"11 minut"},"schema":{"@context":"https:\/\/schema.org","@graph":[{"@type":"Article","@id":"https:\/\/celebrityhouse.cz\/index.php\/2024\/12\/17\/v-botanicke-zahrade-v-troji-se-rozzarila-kristalova-zahrada\/#article","isPartOf":{"@id":"https:\/\/celebrityhouse.cz\/index.php\/2024\/12\/17\/v-botanicke-zahrade-v-troji-se-rozzarila-kristalova-zahrada\/"},"author":{"name":"Martina Pechov\u00e1","@id":"https:\/\/celebrityhouse.cz\/#\/schema\/person\/b97cee16a2caa8cf7a55df6bcaff5d8c"},"headline":"V botanick\u00e9 zahrad\u011b v Troji se rozz\u00e1\u0159ila K\u0159i\u0161\u0165\u00e1lov\u00e1 zahrada","datePublished":"2024-12-16T23:01:00+00:00","dateModified":"2024-12-02T15:59:06+00:00","mainEntityOfPage":{"@id":"https:\/\/celebrityhouse.cz\/index.php\/2024\/12\/17\/v-botanicke-zahrade-v-troji-se-rozzarila-kristalova-zahrada\/"},"wordCount":1110,"publisher":{"@id":"https:\/\/celebrityhouse.cz\/#organization"},"articleSection":["AKCE","NEWS"],"inLanguage":"cs"},{"@type":"WebPage","@id":"https:\/\/celebrityhouse.cz\/index.php\/2024\/12\/17\/v-botanicke-zahrade-v-troji-se-rozzarila-kristalova-zahrada\/","url":"https:\/\/celebrityhouse.cz\/index.php\/2024\/12\/17\/v-botanicke-zahrade-v-troji-se-rozzarila-kristalova-zahrada\/","name":"V botanick\u00e9 zahrad\u011b v Troji se rozz\u00e1\u0159ila K\u0159i\u0161\u0165\u00e1lov\u00e1 zahrada - CELEBRITYHOUSE.cz","isPartOf":{"@id":"https:\/\/celebrityhouse.cz\/#website"},"datePublished":"2024-12-16T23:01:00+00:00","dateModified":"2024-12-02T15:59:06+00:00","description":"Botanick\u00e1 zahrada hl. m. Prahy otev\u00edr\u00e1 poprv\u00e9 ve sv\u00e9 historii velkou zimn\u00ed v\u00fdstavu. Expozice rozz\u00e1\u0159\u00ed roztodivn\u00e9 kv\u011btiny, rostliny a zv\u00ed\u0159ata.","breadcrumb":{"@id":"https:\/\/celebrityhouse.cz\/index.php\/2024\/12\/17\/v-botanicke-zahrade-v-troji-se-rozzarila-kristalova-zahrada\/#breadcrumb"},"inLanguage":"cs","potentialAction":[{"@type":"ReadAction","target":["https:\/\/celebrityhouse.cz\/index.php\/2024\/12\/17\/v-botanicke-zahrade-v-troji-se-rozzarila-kristalova-zahrada\/"]}]},{"@type":"BreadcrumbList","@id":"https:\/\/celebrityhouse.cz\/index.php\/2024\/12\/17\/v-botanicke-zahrade-v-troji-se-rozzarila-kristalova-zahrada\/#breadcrumb","itemListElement":[{"@type":"ListItem","position":1,"name":"Dom\u016f","item":"https:\/\/celebrityhouse.cz\/"},{"@type":"ListItem","position":2,"name":"V botanick\u00e9 zahrad\u011b v Troji se rozz\u00e1\u0159ila K\u0159i\u0161\u0165\u00e1lov\u00e1 zahrada"}]},{"@type":"WebSite","@id":"https:\/\/celebrityhouse.cz\/#website","url":"https:\/\/celebrityhouse.cz\/","name":"CELEBRITYHOUSE.cz","description":"Port\u00e1l o showbyznysu...","publisher":{"@id":"https:\/\/celebrityhouse.cz\/#organization"},"potentialAction":[{"@type":"SearchAction","target":{"@type":"EntryPoint","urlTemplate":"https:\/\/celebrityhouse.cz\/?s={search_term_string}"},"query-input":"required name=search_term_string"}],"inLanguage":"cs"},{"@type":"Organization","@id":"https:\/\/celebrityhouse.cz\/#organization","name":"CELEBRITYHOUSE.cz","url":"https:\/\/celebrityhouse.cz\/","logo":{"@type":"ImageObject","inLanguage":"cs","@id":"https:\/\/celebrityhouse.cz\/#\/schema\/logo\/image\/","url":"https:\/\/celebrityhouse.cz\/wp-content\/uploads\/2024\/12\/cropped-Logo_CelebrityHouse_2.jpg","contentUrl":"https:\/\/celebrityhouse.cz\/wp-content\/uploads\/2024\/12\/cropped-Logo_CelebrityHouse_2.jpg","width":937,"height":510,"caption":"CELEBRITYHOUSE.cz"},"image":{"@id":"https:\/\/celebrityhouse.cz\/#\/schema\/logo\/image\/"}},{"@type":"Person","@id":"https:\/\/celebrityhouse.cz\/#\/schema\/person\/b97cee16a2caa8cf7a55df6bcaff5d8c","name":"Martina Pechov\u00e1","image":{"@type":"ImageObject","inLanguage":"cs","@id":"https:\/\/celebrityhouse.cz\/#\/schema\/person\/image\/","url":"https:\/\/secure.gravatar.com\/avatar\/d3ad7f43789eed68b221d01c6d7ac4e5?s=96&d=mm&r=g","contentUrl":"https:\/\/secure.gravatar.com\/avatar\/d3ad7f43789eed68b221d01c6d7ac4e5?s=96&d=mm&r=g","caption":"Martina Pechov\u00e1"},"sameAs":["http:\/\/CELEBRITYHOUSE.cz"],"url":"https:\/\/celebrityhouse.cz\/index.php\/author\/marpech\/"}]}},"_links":{"self":[{"href":"https:\/\/celebrityhouse.cz\/index.php\/wp-json\/wp\/v2\/posts\/10192"}],"collection":[{"href":"https:\/\/celebrityhouse.cz\/index.php\/wp-json\/wp\/v2\/posts"}],"about":[{"href":"https:\/\/celebrityhouse.cz\/index.php\/wp-json\/wp\/v2\/types\/post"}],"author":[{"embeddable":true,"href":"https:\/\/celebrityhouse.cz\/index.php\/wp-json\/wp\/v2\/users\/8"}],"replies":[{"embeddable":true,"href":"https:\/\/celebrityhouse.cz\/index.php\/wp-json\/wp\/v2\/comments?post=10192"}],"version-history":[{"count":1,"href":"https:\/\/celebrityhouse.cz\/index.php\/wp-json\/wp\/v2\/posts\/10192\/revisions"}],"predecessor-version":[{"id":10203,"href":"https:\/\/celebrityhouse.cz\/index.php\/wp-json\/wp\/v2\/posts\/10192\/revisions\/10203"}],"wp:featuredmedia":[{"embeddable":true,"href":"https:\/\/celebrityhouse.cz\/index.php\/wp-json\/wp\/v2\/media\/10193"}],"wp:attachment":[{"href":"https:\/\/celebrityhouse.cz\/index.php\/wp-json\/wp\/v2\/media?parent=10192"}],"wp:term":[{"taxonomy":"category","embeddable":true,"href":"https:\/\/celebrityhouse.cz\/index.php\/wp-json\/wp\/v2\/categories?post=10192"},{"taxonomy":"post_tag","embeddable":true,"href":"https:\/\/celebrityhouse.cz\/index.php\/wp-json\/wp\/v2\/tags?post=10192"}],"curies":[{"name":"wp","href":"https:\/\/api.w.org\/{rel}","templated":true}]}}