{"id":10609,"date":"2025-01-30T00:01:00","date_gmt":"2025-01-29T23:01:00","guid":{"rendered":"https:\/\/celebrityhouse.cz\/?p=10609"},"modified":"2025-01-27T15:08:18","modified_gmt":"2025-01-27T14:08:18","slug":"sto-dvacet-let-jana-wericha-na-obrazovkach-ct-medved-usporena-libra-a-vzacny-nalez-z-archivu","status":"publish","type":"post","link":"https:\/\/celebrityhouse.cz\/index.php\/2025\/01\/30\/sto-dvacet-let-jana-wericha-na-obrazovkach-ct-medved-usporena-libra-a-vzacny-nalez-z-archivu\/","title":{"rendered":"Sto dvacet let Jana Wericha na obrazovk\u00e1ch \u010cT Medv\u011bd, Uspo\u0159en\u00e1 libra a vz\u00e1cn\u00fd n\u00e1lez z archivu"},"content":{"rendered":"\n<div style=\"height:45px\" aria-hidden=\"true\" class=\"wp-block-spacer\"><\/div>\n\n\n\n<p><strong>Leto\u0161n\u00ed 120. v\u00fdro\u010d\u00ed narozen\u00ed Jana Wericha (6. 2. 1905 \u2013 31. 10. 1980) p\u0159ipomene \u010cesk\u00e1 televize dvan\u00e1cti po\u0159ady v\u011bnovan\u00fdmi t\u00e9to hereck\u00e9 legend\u011b. Um\u011blci spjat\u00e9mu s&nbsp;Osvobozen\u00fdm divadlem \u010di s autorskou trojic\u00ed s&nbsp;Ji\u0159\u00edm Voskovcem a Jaroslavem Je\u017ekem v\u011bnuje v\u00fdb\u011br jeho televizn\u00edch komedi\u00ed, celove\u010dern\u00ed dokument, d\u00edl popul\u00e1rn\u00edho cyklu \u00dasm\u011bvy, poetickou poh\u00e1dku Vojt\u011bcha Jasn\u00e9ho i unik\u00e1tn\u00ed z\u00e1znam divadeln\u00ed hry T\u011b\u017ek\u00e1 Barbora, zachr\u00e1n\u011bn\u00fd v archivu \u010cT. Na kan\u00e1lech \u010cT1, \u010cT2 i \u010cT art budou m\u00edt vzpom\u00ednkov\u00e9 po\u0159ady prostor od p\u00e1tku 31.&nbsp;ledna do soboty 8. \u00fanora a pot\u00e9 tak\u00e9 v&nbsp;iVys\u00edl\u00e1n\u00ed, kde bude k&nbsp;dispozici \u0159ada dal\u0161\u00edch po\u0159ad\u016f z&nbsp;archivu \u010cT.<\/strong><\/p>\n\n\n\n<div style=\"height:45px\" aria-hidden=\"true\" class=\"wp-block-spacer\"><\/div>\n\n\n<div class=\"wp-block-image\">\n<figure class=\"aligncenter size-large\"><img decoding=\"async\" src=\"https:\/\/cinemahouse.cz\/wp-content\/uploads\/2025\/01\/Usporena-libra-\u00a9-Ceska-televize-1024x715.jpg\" alt=\"Sto dvacet let Jana Wericha\" class=\"wp-image-9429\" \/><\/figure><\/div>\n\n\n<div style=\"height:45px\" aria-hidden=\"true\" class=\"wp-block-spacer\"><\/div>\n\n\n\n<p>\u201e<em>M\u00edsto Jana Wericha v&nbsp;\u010desk\u00e9 kultu\u0159e, filmov\u00e9 a televizn\u00ed historii se d\u00e1 t\u011b\u017eko p\u0159ecenit. Stejn\u011b tak jeho osobn\u00ed a ob\u010dansk\u00e1 state\u010dnost. Jan Werich byl v\u00fdrazn\u00fd herec a osobnost, a nav\u00edc byl n\u00e1rodem milov\u00e1n. To se nepo\u0161t\u011bst\u00ed ka\u017ed\u00e9mu. Jsme proto hrd\u00ed, \u017ee m\u016f\u017eeme na Jana Wericha zavzpom\u00ednat prost\u0159ednictv\u00edm plej\u00e1dy po\u0159ad\u016f nap\u0159\u00ed\u010d kan\u00e1ly \u010cesk\u00e9 televize, kter\u00e9 p\u0159ipomenou jeho hereck\u00e9 mistrovstv\u00ed,\u201c<\/em> \u0159\u00edk\u00e1 programov\u00fd \u0159editel \u010cT <strong>Milan Fridrich.<\/strong><\/p>\n\n\n\n<div style=\"height:45px\" aria-hidden=\"true\" class=\"wp-block-spacer\"><\/div>\n\n\n<div class=\"wp-block-image\">\n<figure class=\"aligncenter size-large\"><img decoding=\"async\" src=\"https:\/\/cinemahouse.cz\/wp-content\/uploads\/2025\/01\/Drahy-zesnuly-03-\u00a9-Ceska-televize-1024x747.jpg\" alt=\"Sto dvacet let Jana Wericha\" class=\"wp-image-9428\" \/><\/figure><\/div>\n\n\n<div style=\"height:45px\" aria-hidden=\"true\" class=\"wp-block-spacer\"><\/div>\n\n\n\n<p>\u010cesk\u00e1 televize div\u00e1k\u016fm nab\u00eddne celove\u010dern\u00ed dokument Martina Slune\u010dka a Miloslav \u0160m\u00eddmajera Jan Werich: Kdy\u017e u\u017e \u010dlov\u011bk jednou je&#8230;, popul\u00e1rn\u00ed komedie Medv\u011bd, Uspo\u0159en\u00e1 libra, U n\u00e1s v Kocourkov\u011b nebo Drah\u00fd zesnul\u00fd, \u010dty\u0159i d\u00edly diskusn\u00edho po\u0159adu Vladim\u00edra \u0160kutiny Co tomu \u0159\u00edk\u00e1te, pane Werich? anebo poetickou f\u00e9erii Vojt\u011bcha Jasn\u00e9ho A\u017e p\u0159ijde kocour. Jedine\u010dn\u00fd materi\u00e1l p\u0159edstavuje z\u00e1znam divadeln\u00ed hry T\u011b\u017ek\u00e1 Barbora z&nbsp;roku 1960, kter\u00fd jen z\u00e1zrakem unikl zk\u00e1ze.<\/p>\n\n\n\n<p>\u201e<em>Mysl\u00edm, \u017ee skute\u010dnou raritou je z\u00e1znam T\u011b\u017ek\u00e9 Barbory z&nbsp;divadla ABC z&nbsp;roku 1960,\u201c<\/em> \u0159\u00edk\u00e1 v\u00fdkonn\u00fd \u0159editel \u010cT art <strong>Tom\u00e1\u0161 Motl<\/strong>. <em>\u201eNejen proto, \u017ee v&nbsp;n\u011bm uvid\u00edme excelovat Jana Wericha s&nbsp;Miroslavem Horn\u00ed\u010dkem, ale i kv\u016fli p\u0159\u00edb\u011bhu, kter\u00fd se k&nbsp;n\u011bmu v\u00e1\u017ee. Rozst\u0159\u00edhan\u00e9 p\u00e1sy se z\u00e1znamem se kdysi n\u00e1hodou na\u0161ly ve zb\u00edda\u010den\u00e9m stavu v&nbsp;popelnic\u00edch a byly zcela nepou\u017eiteln\u00e9. V&nbsp;90. letech je pak pracovnice archivu \u010cT Alena Berkov\u00e1 cel\u00fd rok pe\u010dliv\u011b rekonstruovala a d\u00edky n\u00ed se z&nbsp;legend\u00e1rn\u00ed inscenace m\u016f\u017eeme t\u011b\u0161it i dnes.\u201c<\/em><\/p>\n\n\n\n<div style=\"height:45px\" aria-hidden=\"true\" class=\"wp-block-spacer\"><\/div>\n\n\n<div class=\"wp-block-image\">\n<figure class=\"aligncenter size-large\"><img decoding=\"async\" src=\"https:\/\/cinemahouse.cz\/wp-content\/uploads\/2025\/01\/Drahy-zesnuly-\u00a9-Ceska-televize-1024x710.jpg\" alt=\"Sto dvacet let Jana Wericha\" class=\"wp-image-9427\" \/><\/figure><\/div>\n\n\n<div style=\"height:45px\" aria-hidden=\"true\" class=\"wp-block-spacer\"><\/div>\n\n\n\n<p>\u201e<em>\u0160lo o materi\u00e1l zachr\u00e1n\u011bn\u00fd z popelnic ve Vladislavov\u011b ulici, kde tehdy televize s\u00eddlila,\u201c <\/em>vypr\u00e1v\u011bla v&nbsp;roce 2005 o vz\u00e1cn\u00e9m n\u00e1lezu dvou divadeln\u00edch her \u2013 krom\u011b T\u011b\u017ek\u00e9 Barbory je\u0161t\u011b Balady z hadr\u016f \u2013 <strong>Alena Berkov\u00e1<\/strong>. Rozst\u0159\u00edhan\u00fd materi\u00e1l, p\u016fvodn\u011b ur\u010den\u00fd k&nbsp;vyhozen\u00ed, byl ve velmi \u0161patn\u00e9m technick\u00e9m stavu. S pomoc\u00ed t\u00fdmu koleg\u016f se j\u00ed ale z\u00e1znamy her, v\u010detn\u011b obl\u00edben\u00fdch forb\u00edn, poda\u0159ilo zrekonstruovat. <em>\u201eVod\u00edtkem se n\u00e1m staly tak\u00e9 rozhlasov\u00e9 nahr\u00e1vky a gramofonov\u00e9 desky, je\u017e umo\u017enily, \u017ee se nejd\u016fle\u017eit\u011bj\u0161\u00ed \u00fatr\u017eky vlo\u017eily tam, kam pat\u0159\u00ed,&#8220;<\/em> vzpom\u00ednala pracovnice archivu, kter\u00e9 za tento po\u010din ud\u011blil Filmov\u00fd a televizn\u00ed svaz v roce 1999 \u010destn\u00e9 uzn\u00e1n\u00ed. Zrekonstruovan\u00fd z\u00e1znam T\u011b\u017ek\u00e9 Barbory odvys\u00edl\u00e1 v&nbsp;pond\u011bl\u00ed 3. \u00fanora ve 20:15 \u010cT art.<\/p>\n\n\n\n<div style=\"height:45px\" aria-hidden=\"true\" class=\"wp-block-spacer\"><\/div>\n\n\n<div class=\"wp-block-image\">\n<figure class=\"aligncenter size-large\"><img decoding=\"async\" src=\"https:\/\/cinemahouse.cz\/wp-content\/uploads\/2025\/01\/Az-prijde-kocour-\u00a9-Ceska-televize-1024x781.jpg\" alt=\"Sto dvacet let Jana Wericha\" class=\"wp-image-9426\" \/><\/figure><\/div>\n\n\n<div style=\"height:45px\" aria-hidden=\"true\" class=\"wp-block-spacer\"><\/div>\n\n\n\n<p>Werichovsk\u00e9 v\u00fdro\u010d\u00ed p\u0159ipomene tak\u00e9 iVys\u00edl\u00e1n\u00ed. Div\u00e1k\u016fm nab\u00eddne filmy Ko\u010d\u00e1r nejsv\u011bt\u011bj\u0161\u00ed sv\u00e1tosti, Kr\u00e1l a \u017eena, Slzy, kter\u00e9 sv\u011bt nevid\u00ed, Magnetick\u00e9 vlny l\u00e9\u010d\u00ed, archivn\u00ed po\u0159ady Co tomu \u0159\u00edk\u00e1te, pane Werich? Magist\u0159i sm\u00edchu, P\u0159ilo\u017ete \u017eivotopis anebo animovan\u00fd film Aurela Klimta Fimf\u00e1rum. <\/p>\n\n\n\n<p>Odkaz na iVys\u00edl\u00e1n\u00ed <a href=\"https:\/\/www.ceskatelevize.cz\/ivysilani\/vypis\/1815\/\">ZDE<\/a>.<\/p>\n\n\n\n<div style=\"height:45px\" aria-hidden=\"true\" class=\"wp-block-spacer\"><\/div>\n\n\n\n<figure class=\"wp-block-gallery has-nested-images columns-2 is-cropped wp-block-gallery-1 is-layout-flex wp-block-gallery-is-layout-flex\">\n<figure class=\"wp-block-image size-large\"><img decoding=\"async\" data-id=\"9426\" src=\"https:\/\/cinemahouse.cz\/wp-content\/uploads\/2025\/01\/Az-prijde-kocour-\u00a9-Ceska-televize-1024x781.jpg\" alt=\"Sto dvacet let Jana Wericha\" class=\"wp-image-9426\" \/><\/figure>\n\n\n\n<figure class=\"wp-block-image size-large\"><img decoding=\"async\" data-id=\"9427\" src=\"https:\/\/cinemahouse.cz\/wp-content\/uploads\/2025\/01\/Drahy-zesnuly-\u00a9-Ceska-televize-1024x710.jpg\" alt=\"Sto dvacet let Jana Wericha\" class=\"wp-image-9427\" \/><\/figure>\n\n\n\n<figure class=\"wp-block-image size-large\"><img decoding=\"async\" data-id=\"9428\" src=\"https:\/\/cinemahouse.cz\/wp-content\/uploads\/2025\/01\/Drahy-zesnuly-03-\u00a9-Ceska-televize-1024x747.jpg\" alt=\"Sto dvacet let Jana Wericha\" class=\"wp-image-9428\" \/><\/figure>\n\n\n\n<figure class=\"wp-block-image size-large\"><img decoding=\"async\" data-id=\"9429\" src=\"https:\/\/cinemahouse.cz\/wp-content\/uploads\/2025\/01\/Usporena-libra-\u00a9-Ceska-televize-1024x715.jpg\" alt=\"Sto dvacet let Jana Wericha\" class=\"wp-image-9429\" \/><\/figure>\n\n\n\n<figure class=\"wp-block-image size-large\"><img decoding=\"async\" data-id=\"9430\" src=\"https:\/\/cinemahouse.cz\/wp-content\/uploads\/2025\/01\/Tezka-Barbora-\u00a9-Ceska-televize-1024x1004.jpg\" alt=\"Sto dvacet let Jana Wericha\" class=\"wp-image-9430\" \/><\/figure>\n<\/figure>\n\n\n\n<div style=\"height:45px\" aria-hidden=\"true\" class=\"wp-block-spacer\"><\/div>\n\n\n\n<p><strong>Zdroj foto:<\/strong> \u010cesk\u00e1 televize<\/p>\n\n\n\n<div style=\"height:45px\" aria-hidden=\"true\" class=\"wp-block-spacer\"><\/div>\n","protected":false},"excerpt":{"rendered":"<p>Leto\u0161n\u00ed 120. v\u00fdro\u010d\u00ed narozen\u00ed Jana Wericha (6. 2. 1905 \u2013 31. 10. 1980) p\u0159ipomene \u010cesk\u00e1 televize dvan\u00e1cti po\u0159ady v\u011bnovan\u00fdmi t\u00e9to hereck\u00e9 legend\u011b. Um\u011blci spjat\u00e9mu s&nbsp;Osvobozen\u00fdm divadlem \u010di s autorskou trojic\u00ed s&nbsp;Ji\u0159\u00edm Voskovcem a Jaroslavem&#46;&#46;&#46;<\/p>\n","protected":false},"author":8,"featured_media":10615,"comment_status":"closed","ping_status":"closed","sticky":false,"template":"","format":"standard","meta":{"_monsterinsights_skip_tracking":false,"_monsterinsights_sitenote_active":false,"_monsterinsights_sitenote_note":"","_monsterinsights_sitenote_category":0,"footnotes":""},"categories":[3,6,2],"tags":[],"yoast_head":"<!-- This site is optimized with the Yoast SEO plugin v21.5 - https:\/\/yoast.com\/wordpress\/plugins\/seo\/ -->\n<title>Sto dvacet let Jana Wericha na obrazovk\u00e1ch \u010cT Medv\u011bd, Uspo\u0159en\u00e1 libra a vz\u00e1cn\u00fd n\u00e1lez z archivu - CELEBRITYHOUSE.cz<\/title>\n<meta name=\"description\" content=\"Leto\u0161n\u00ed 120. v\u00fdro\u010d\u00ed narozen\u00ed Jana Wericha p\u0159ipomene \u010cesk\u00e1 televize dvan\u00e1cti po\u0159ady v\u011bnovan\u00fdmi t\u00e9to hereck\u00e9 legend\u011b.\" \/>\n<meta name=\"robots\" content=\"index, follow, max-snippet:-1, max-image-preview:large, max-video-preview:-1\" \/>\n<link rel=\"canonical\" href=\"https:\/\/celebrityhouse.cz\/index.php\/2025\/01\/30\/sto-dvacet-let-jana-wericha-na-obrazovkach-ct-medved-usporena-libra-a-vzacny-nalez-z-archivu\/\" \/>\n<meta property=\"og:locale\" content=\"cs_CZ\" \/>\n<meta property=\"og:type\" content=\"article\" \/>\n<meta property=\"og:title\" content=\"Sto dvacet let Jana Wericha na obrazovk\u00e1ch \u010cT Medv\u011bd, Uspo\u0159en\u00e1 libra a vz\u00e1cn\u00fd n\u00e1lez z archivu - CELEBRITYHOUSE.cz\" \/>\n<meta property=\"og:description\" content=\"Leto\u0161n\u00ed 120. v\u00fdro\u010d\u00ed narozen\u00ed Jana Wericha p\u0159ipomene \u010cesk\u00e1 televize dvan\u00e1cti po\u0159ady v\u011bnovan\u00fdmi t\u00e9to hereck\u00e9 legend\u011b.\" \/>\n<meta property=\"og:url\" content=\"https:\/\/celebrityhouse.cz\/index.php\/2025\/01\/30\/sto-dvacet-let-jana-wericha-na-obrazovkach-ct-medved-usporena-libra-a-vzacny-nalez-z-archivu\/\" \/>\n<meta property=\"og:site_name\" content=\"CELEBRITYHOUSE.cz\" \/>\n<meta property=\"article:published_time\" content=\"2025-01-29T23:01:00+00:00\" \/>\n<meta property=\"article:modified_time\" content=\"2025-01-27T14:08:18+00:00\" \/>\n<meta property=\"og:image\" content=\"https:\/\/celebrityhouse.cz\/wp-content\/uploads\/2025\/01\/Usporena-libra-\u00a9-Ceska-televize.jpg\" \/>\n\t<meta property=\"og:image:width\" content=\"1920\" \/>\n\t<meta property=\"og:image:height\" content=\"1341\" \/>\n\t<meta property=\"og:image:type\" content=\"image\/jpeg\" \/>\n<meta name=\"author\" content=\"Martina Pechov\u00e1\" \/>\n<meta name=\"twitter:card\" content=\"summary_large_image\" \/>\n<meta name=\"twitter:label1\" content=\"Napsal(a)\" \/>\n\t<meta name=\"twitter:data1\" content=\"Martina Pechov\u00e1\" \/>\n\t<meta name=\"twitter:label2\" content=\"Odhadovan\u00e1 doba \u010dten\u00ed\" \/>\n\t<meta name=\"twitter:data2\" content=\"5 minut\" \/>\n<script type=\"application\/ld+json\" class=\"yoast-schema-graph\">{\"@context\":\"https:\/\/schema.org\",\"@graph\":[{\"@type\":\"Article\",\"@id\":\"https:\/\/celebrityhouse.cz\/index.php\/2025\/01\/30\/sto-dvacet-let-jana-wericha-na-obrazovkach-ct-medved-usporena-libra-a-vzacny-nalez-z-archivu\/#article\",\"isPartOf\":{\"@id\":\"https:\/\/celebrityhouse.cz\/index.php\/2025\/01\/30\/sto-dvacet-let-jana-wericha-na-obrazovkach-ct-medved-usporena-libra-a-vzacny-nalez-z-archivu\/\"},\"author\":{\"name\":\"Martina Pechov\u00e1\",\"@id\":\"https:\/\/celebrityhouse.cz\/#\/schema\/person\/b97cee16a2caa8cf7a55df6bcaff5d8c\"},\"headline\":\"Sto dvacet let Jana Wericha na obrazovk\u00e1ch \u010cT Medv\u011bd, Uspo\u0159en\u00e1 libra a vz\u00e1cn\u00fd n\u00e1lez z archivu\",\"datePublished\":\"2025-01-29T23:01:00+00:00\",\"dateModified\":\"2025-01-27T14:08:18+00:00\",\"mainEntityOfPage\":{\"@id\":\"https:\/\/celebrityhouse.cz\/index.php\/2025\/01\/30\/sto-dvacet-let-jana-wericha-na-obrazovkach-ct-medved-usporena-libra-a-vzacny-nalez-z-archivu\/\"},\"wordCount\":669,\"publisher\":{\"@id\":\"https:\/\/celebrityhouse.cz\/#organization\"},\"articleSection\":[\"\u010cESK\u00c9 CELEBRITY\",\"FILMY, SERI\u00c1LY, TV a KINO\",\"NEWS\"],\"inLanguage\":\"cs\"},{\"@type\":\"WebPage\",\"@id\":\"https:\/\/celebrityhouse.cz\/index.php\/2025\/01\/30\/sto-dvacet-let-jana-wericha-na-obrazovkach-ct-medved-usporena-libra-a-vzacny-nalez-z-archivu\/\",\"url\":\"https:\/\/celebrityhouse.cz\/index.php\/2025\/01\/30\/sto-dvacet-let-jana-wericha-na-obrazovkach-ct-medved-usporena-libra-a-vzacny-nalez-z-archivu\/\",\"name\":\"Sto dvacet let Jana Wericha na obrazovk\u00e1ch \u010cT Medv\u011bd, Uspo\u0159en\u00e1 libra a vz\u00e1cn\u00fd n\u00e1lez z archivu - CELEBRITYHOUSE.cz\",\"isPartOf\":{\"@id\":\"https:\/\/celebrityhouse.cz\/#website\"},\"datePublished\":\"2025-01-29T23:01:00+00:00\",\"dateModified\":\"2025-01-27T14:08:18+00:00\",\"description\":\"Leto\u0161n\u00ed 120. v\u00fdro\u010d\u00ed narozen\u00ed Jana Wericha p\u0159ipomene \u010cesk\u00e1 televize dvan\u00e1cti po\u0159ady v\u011bnovan\u00fdmi t\u00e9to hereck\u00e9 legend\u011b.\",\"breadcrumb\":{\"@id\":\"https:\/\/celebrityhouse.cz\/index.php\/2025\/01\/30\/sto-dvacet-let-jana-wericha-na-obrazovkach-ct-medved-usporena-libra-a-vzacny-nalez-z-archivu\/#breadcrumb\"},\"inLanguage\":\"cs\",\"potentialAction\":[{\"@type\":\"ReadAction\",\"target\":[\"https:\/\/celebrityhouse.cz\/index.php\/2025\/01\/30\/sto-dvacet-let-jana-wericha-na-obrazovkach-ct-medved-usporena-libra-a-vzacny-nalez-z-archivu\/\"]}]},{\"@type\":\"BreadcrumbList\",\"@id\":\"https:\/\/celebrityhouse.cz\/index.php\/2025\/01\/30\/sto-dvacet-let-jana-wericha-na-obrazovkach-ct-medved-usporena-libra-a-vzacny-nalez-z-archivu\/#breadcrumb\",\"itemListElement\":[{\"@type\":\"ListItem\",\"position\":1,\"name\":\"Dom\u016f\",\"item\":\"https:\/\/celebrityhouse.cz\/\"},{\"@type\":\"ListItem\",\"position\":2,\"name\":\"Sto dvacet let Jana Wericha na obrazovk\u00e1ch \u010cT Medv\u011bd, Uspo\u0159en\u00e1 libra a vz\u00e1cn\u00fd n\u00e1lez z archivu\"}]},{\"@type\":\"WebSite\",\"@id\":\"https:\/\/celebrityhouse.cz\/#website\",\"url\":\"https:\/\/celebrityhouse.cz\/\",\"name\":\"CELEBRITYHOUSE.cz\",\"description\":\"Port\u00e1l o showbyznysu...\",\"publisher\":{\"@id\":\"https:\/\/celebrityhouse.cz\/#organization\"},\"potentialAction\":[{\"@type\":\"SearchAction\",\"target\":{\"@type\":\"EntryPoint\",\"urlTemplate\":\"https:\/\/celebrityhouse.cz\/?s={search_term_string}\"},\"query-input\":\"required name=search_term_string\"}],\"inLanguage\":\"cs\"},{\"@type\":\"Organization\",\"@id\":\"https:\/\/celebrityhouse.cz\/#organization\",\"name\":\"CELEBRITYHOUSE.cz\",\"url\":\"https:\/\/celebrityhouse.cz\/\",\"logo\":{\"@type\":\"ImageObject\",\"inLanguage\":\"cs\",\"@id\":\"https:\/\/celebrityhouse.cz\/#\/schema\/logo\/image\/\",\"url\":\"https:\/\/celebrityhouse.cz\/wp-content\/uploads\/2024\/12\/cropped-Logo_CelebrityHouse_2.jpg\",\"contentUrl\":\"https:\/\/celebrityhouse.cz\/wp-content\/uploads\/2024\/12\/cropped-Logo_CelebrityHouse_2.jpg\",\"width\":937,\"height\":510,\"caption\":\"CELEBRITYHOUSE.cz\"},\"image\":{\"@id\":\"https:\/\/celebrityhouse.cz\/#\/schema\/logo\/image\/\"}},{\"@type\":\"Person\",\"@id\":\"https:\/\/celebrityhouse.cz\/#\/schema\/person\/b97cee16a2caa8cf7a55df6bcaff5d8c\",\"name\":\"Martina Pechov\u00e1\",\"image\":{\"@type\":\"ImageObject\",\"inLanguage\":\"cs\",\"@id\":\"https:\/\/celebrityhouse.cz\/#\/schema\/person\/image\/\",\"url\":\"https:\/\/secure.gravatar.com\/avatar\/d3ad7f43789eed68b221d01c6d7ac4e5?s=96&d=mm&r=g\",\"contentUrl\":\"https:\/\/secure.gravatar.com\/avatar\/d3ad7f43789eed68b221d01c6d7ac4e5?s=96&d=mm&r=g\",\"caption\":\"Martina Pechov\u00e1\"},\"sameAs\":[\"http:\/\/CELEBRITYHOUSE.cz\"],\"url\":\"https:\/\/celebrityhouse.cz\/index.php\/author\/marpech\/\"}]}<\/script>\n<!-- \/ Yoast SEO plugin. -->","yoast_head_json":{"title":"Sto dvacet let Jana Wericha na obrazovk\u00e1ch \u010cT Medv\u011bd, Uspo\u0159en\u00e1 libra a vz\u00e1cn\u00fd n\u00e1lez z archivu - CELEBRITYHOUSE.cz","description":"Leto\u0161n\u00ed 120. v\u00fdro\u010d\u00ed narozen\u00ed Jana Wericha p\u0159ipomene \u010cesk\u00e1 televize dvan\u00e1cti po\u0159ady v\u011bnovan\u00fdmi t\u00e9to hereck\u00e9 legend\u011b.","robots":{"index":"index","follow":"follow","max-snippet":"max-snippet:-1","max-image-preview":"max-image-preview:large","max-video-preview":"max-video-preview:-1"},"canonical":"https:\/\/celebrityhouse.cz\/index.php\/2025\/01\/30\/sto-dvacet-let-jana-wericha-na-obrazovkach-ct-medved-usporena-libra-a-vzacny-nalez-z-archivu\/","og_locale":"cs_CZ","og_type":"article","og_title":"Sto dvacet let Jana Wericha na obrazovk\u00e1ch \u010cT Medv\u011bd, Uspo\u0159en\u00e1 libra a vz\u00e1cn\u00fd n\u00e1lez z archivu - CELEBRITYHOUSE.cz","og_description":"Leto\u0161n\u00ed 120. v\u00fdro\u010d\u00ed narozen\u00ed Jana Wericha p\u0159ipomene \u010cesk\u00e1 televize dvan\u00e1cti po\u0159ady v\u011bnovan\u00fdmi t\u00e9to hereck\u00e9 legend\u011b.","og_url":"https:\/\/celebrityhouse.cz\/index.php\/2025\/01\/30\/sto-dvacet-let-jana-wericha-na-obrazovkach-ct-medved-usporena-libra-a-vzacny-nalez-z-archivu\/","og_site_name":"CELEBRITYHOUSE.cz","article_published_time":"2025-01-29T23:01:00+00:00","article_modified_time":"2025-01-27T14:08:18+00:00","og_image":[{"width":1920,"height":1341,"url":"https:\/\/celebrityhouse.cz\/wp-content\/uploads\/2025\/01\/Usporena-libra-\u00a9-Ceska-televize.jpg","type":"image\/jpeg"}],"author":"Martina Pechov\u00e1","twitter_card":"summary_large_image","twitter_misc":{"Napsal(a)":"Martina Pechov\u00e1","Odhadovan\u00e1 doba \u010dten\u00ed":"5 minut"},"schema":{"@context":"https:\/\/schema.org","@graph":[{"@type":"Article","@id":"https:\/\/celebrityhouse.cz\/index.php\/2025\/01\/30\/sto-dvacet-let-jana-wericha-na-obrazovkach-ct-medved-usporena-libra-a-vzacny-nalez-z-archivu\/#article","isPartOf":{"@id":"https:\/\/celebrityhouse.cz\/index.php\/2025\/01\/30\/sto-dvacet-let-jana-wericha-na-obrazovkach-ct-medved-usporena-libra-a-vzacny-nalez-z-archivu\/"},"author":{"name":"Martina Pechov\u00e1","@id":"https:\/\/celebrityhouse.cz\/#\/schema\/person\/b97cee16a2caa8cf7a55df6bcaff5d8c"},"headline":"Sto dvacet let Jana Wericha na obrazovk\u00e1ch \u010cT Medv\u011bd, Uspo\u0159en\u00e1 libra a vz\u00e1cn\u00fd n\u00e1lez z archivu","datePublished":"2025-01-29T23:01:00+00:00","dateModified":"2025-01-27T14:08:18+00:00","mainEntityOfPage":{"@id":"https:\/\/celebrityhouse.cz\/index.php\/2025\/01\/30\/sto-dvacet-let-jana-wericha-na-obrazovkach-ct-medved-usporena-libra-a-vzacny-nalez-z-archivu\/"},"wordCount":669,"publisher":{"@id":"https:\/\/celebrityhouse.cz\/#organization"},"articleSection":["\u010cESK\u00c9 CELEBRITY","FILMY, SERI\u00c1LY, TV a KINO","NEWS"],"inLanguage":"cs"},{"@type":"WebPage","@id":"https:\/\/celebrityhouse.cz\/index.php\/2025\/01\/30\/sto-dvacet-let-jana-wericha-na-obrazovkach-ct-medved-usporena-libra-a-vzacny-nalez-z-archivu\/","url":"https:\/\/celebrityhouse.cz\/index.php\/2025\/01\/30\/sto-dvacet-let-jana-wericha-na-obrazovkach-ct-medved-usporena-libra-a-vzacny-nalez-z-archivu\/","name":"Sto dvacet let Jana Wericha na obrazovk\u00e1ch \u010cT Medv\u011bd, Uspo\u0159en\u00e1 libra a vz\u00e1cn\u00fd n\u00e1lez z archivu - CELEBRITYHOUSE.cz","isPartOf":{"@id":"https:\/\/celebrityhouse.cz\/#website"},"datePublished":"2025-01-29T23:01:00+00:00","dateModified":"2025-01-27T14:08:18+00:00","description":"Leto\u0161n\u00ed 120. v\u00fdro\u010d\u00ed narozen\u00ed Jana Wericha p\u0159ipomene \u010cesk\u00e1 televize dvan\u00e1cti po\u0159ady v\u011bnovan\u00fdmi t\u00e9to hereck\u00e9 legend\u011b.","breadcrumb":{"@id":"https:\/\/celebrityhouse.cz\/index.php\/2025\/01\/30\/sto-dvacet-let-jana-wericha-na-obrazovkach-ct-medved-usporena-libra-a-vzacny-nalez-z-archivu\/#breadcrumb"},"inLanguage":"cs","potentialAction":[{"@type":"ReadAction","target":["https:\/\/celebrityhouse.cz\/index.php\/2025\/01\/30\/sto-dvacet-let-jana-wericha-na-obrazovkach-ct-medved-usporena-libra-a-vzacny-nalez-z-archivu\/"]}]},{"@type":"BreadcrumbList","@id":"https:\/\/celebrityhouse.cz\/index.php\/2025\/01\/30\/sto-dvacet-let-jana-wericha-na-obrazovkach-ct-medved-usporena-libra-a-vzacny-nalez-z-archivu\/#breadcrumb","itemListElement":[{"@type":"ListItem","position":1,"name":"Dom\u016f","item":"https:\/\/celebrityhouse.cz\/"},{"@type":"ListItem","position":2,"name":"Sto dvacet let Jana Wericha na obrazovk\u00e1ch \u010cT Medv\u011bd, Uspo\u0159en\u00e1 libra a vz\u00e1cn\u00fd n\u00e1lez z archivu"}]},{"@type":"WebSite","@id":"https:\/\/celebrityhouse.cz\/#website","url":"https:\/\/celebrityhouse.cz\/","name":"CELEBRITYHOUSE.cz","description":"Port\u00e1l o showbyznysu...","publisher":{"@id":"https:\/\/celebrityhouse.cz\/#organization"},"potentialAction":[{"@type":"SearchAction","target":{"@type":"EntryPoint","urlTemplate":"https:\/\/celebrityhouse.cz\/?s={search_term_string}"},"query-input":"required name=search_term_string"}],"inLanguage":"cs"},{"@type":"Organization","@id":"https:\/\/celebrityhouse.cz\/#organization","name":"CELEBRITYHOUSE.cz","url":"https:\/\/celebrityhouse.cz\/","logo":{"@type":"ImageObject","inLanguage":"cs","@id":"https:\/\/celebrityhouse.cz\/#\/schema\/logo\/image\/","url":"https:\/\/celebrityhouse.cz\/wp-content\/uploads\/2024\/12\/cropped-Logo_CelebrityHouse_2.jpg","contentUrl":"https:\/\/celebrityhouse.cz\/wp-content\/uploads\/2024\/12\/cropped-Logo_CelebrityHouse_2.jpg","width":937,"height":510,"caption":"CELEBRITYHOUSE.cz"},"image":{"@id":"https:\/\/celebrityhouse.cz\/#\/schema\/logo\/image\/"}},{"@type":"Person","@id":"https:\/\/celebrityhouse.cz\/#\/schema\/person\/b97cee16a2caa8cf7a55df6bcaff5d8c","name":"Martina Pechov\u00e1","image":{"@type":"ImageObject","inLanguage":"cs","@id":"https:\/\/celebrityhouse.cz\/#\/schema\/person\/image\/","url":"https:\/\/secure.gravatar.com\/avatar\/d3ad7f43789eed68b221d01c6d7ac4e5?s=96&d=mm&r=g","contentUrl":"https:\/\/secure.gravatar.com\/avatar\/d3ad7f43789eed68b221d01c6d7ac4e5?s=96&d=mm&r=g","caption":"Martina Pechov\u00e1"},"sameAs":["http:\/\/CELEBRITYHOUSE.cz"],"url":"https:\/\/celebrityhouse.cz\/index.php\/author\/marpech\/"}]}},"_links":{"self":[{"href":"https:\/\/celebrityhouse.cz\/index.php\/wp-json\/wp\/v2\/posts\/10609"}],"collection":[{"href":"https:\/\/celebrityhouse.cz\/index.php\/wp-json\/wp\/v2\/posts"}],"about":[{"href":"https:\/\/celebrityhouse.cz\/index.php\/wp-json\/wp\/v2\/types\/post"}],"author":[{"embeddable":true,"href":"https:\/\/celebrityhouse.cz\/index.php\/wp-json\/wp\/v2\/users\/8"}],"replies":[{"embeddable":true,"href":"https:\/\/celebrityhouse.cz\/index.php\/wp-json\/wp\/v2\/comments?post=10609"}],"version-history":[{"count":1,"href":"https:\/\/celebrityhouse.cz\/index.php\/wp-json\/wp\/v2\/posts\/10609\/revisions"}],"predecessor-version":[{"id":10616,"href":"https:\/\/celebrityhouse.cz\/index.php\/wp-json\/wp\/v2\/posts\/10609\/revisions\/10616"}],"wp:featuredmedia":[{"embeddable":true,"href":"https:\/\/celebrityhouse.cz\/index.php\/wp-json\/wp\/v2\/media\/10615"}],"wp:attachment":[{"href":"https:\/\/celebrityhouse.cz\/index.php\/wp-json\/wp\/v2\/media?parent=10609"}],"wp:term":[{"taxonomy":"category","embeddable":true,"href":"https:\/\/celebrityhouse.cz\/index.php\/wp-json\/wp\/v2\/categories?post=10609"},{"taxonomy":"post_tag","embeddable":true,"href":"https:\/\/celebrityhouse.cz\/index.php\/wp-json\/wp\/v2\/tags?post=10609"}],"curies":[{"name":"wp","href":"https:\/\/api.w.org\/{rel}","templated":true}]}}