{"id":10727,"date":"2025-02-24T00:01:00","date_gmt":"2025-02-23T23:01:00","guid":{"rendered":"https:\/\/celebrityhouse.cz\/?p=10727"},"modified":"2025-03-09T22:12:22","modified_gmt":"2025-03-09T21:12:22","slug":"rodinny-film-cukrkandl-s-terezou-ramba-jirim-labusem-a-dalsimi-predstavuje-teaser","status":"publish","type":"post","link":"https:\/\/celebrityhouse.cz\/index.php\/2025\/02\/24\/rodinny-film-cukrkandl-s-terezou-ramba-jirim-labusem-a-dalsimi-predstavuje-teaser\/","title":{"rendered":"Rodinn\u00fd film Cukrkandl s Terezou Ramba, Ji\u0159\u00edm L\u00e1busem a dal\u0161\u00edmi p\u0159edstavuje teaser"},"content":{"rendered":"\n<div style=\"height:45px\" aria-hidden=\"true\" class=\"wp-block-spacer\"><\/div>\n\n\n\n<p class=\"has-medium-font-size\"><strong>Na Zl\u00ednsku, v&nbsp;severn\u00edch \u010cech\u00e1ch, v&nbsp;\u00da\u0161t\u011bku, ale tak\u00e9 na Slovensku vznikal loni na p\u0159elomu l\u00e9ta a podzimu dobrodru\u017en\u00fd film pro celou rodinu s&nbsp;n\u00e1zvem Cukrkandl. V&nbsp;hlavn\u00edch rol\u00edch vizu\u00e1ln\u011b unik\u00e1tn\u00edho sn\u00edmku se p\u0159edstav\u00ed obl\u00edben\u00ed herci a here\u010dky Tereza Ramba, Marek Adamczyk, Ji\u0159\u00ed L\u00e1bus, Jaroslav Plesl, Vica Kerekes nebo Ji\u0159\u00ed Dvo\u0159\u00e1k. Re\u017eis\u00e9rem mezigenera\u010dn\u00edho p\u0159\u00edb\u011bhu z&nbsp;po\u010d\u00e1tk\u016f stomatologie je Pavel Jandourek, do kin by m\u011bl film p\u0159ij\u00edt letos na podzim.<\/strong><\/p>\n\n\n\n<div style=\"height:45px\" aria-hidden=\"true\" class=\"wp-block-spacer\"><\/div>\n\n\n<div class=\"wp-block-image\">\n<figure class=\"aligncenter size-full\"><img decoding=\"async\" src=\"https:\/\/cinemahouse.cz\/wp-content\/uploads\/2025\/02\/CKK_27_ND-13_Jiri-Labus_Tereza-Ramba.jpg\" alt=\"Cukrkandl\" class=\"wp-image-9560\"\/><\/figure><\/div>\n\n\n<div style=\"height:45px\" aria-hidden=\"true\" class=\"wp-block-spacer\"><\/div>\n\n\n\n<p class=\"has-medium-font-size\">Jako hlavn\u00ed lokaci vyu\u017eili tv\u016frci historickou vilu Kancn\u00fd\u0159ka v&nbsp;Luha\u010dovic\u00edch, je\u017e p\u0159edstavuje d\u016fm se zuba\u0159skou ordinac\u00ed. Tu po sv\u00e9m str\u00fdci zd\u011bdila mlad\u00e1 l\u00e9ka\u0159ka Ani\u010dka Jesensk\u00e1 (Tereza Ramba), kter\u00e1 se rozhodla v&nbsp;Medov\u011b, obci vyhl\u00e1\u0161en\u00e9 v\u00fdrobou cukrkandlu, pomoct v\u0161em se zka\u017een\u00fdmi zuby.<\/p>\n\n\n\n<div style=\"height:45px\" aria-hidden=\"true\" class=\"wp-block-spacer\"><\/div>\n\n\n\n<figure class=\"wp-block-embed aligncenter is-type-video is-provider-youtube wp-block-embed-youtube wp-embed-aspect-16-9 wp-has-aspect-ratio\"><div class=\"wp-block-embed__wrapper\">\n<div class=\"video-container\"><iframe loading=\"lazy\" title=\"Cukrkandl (2025) CZ HD Teaser Trailer #TerezaRamba\" width=\"500\" height=\"281\" src=\"https:\/\/www.youtube.com\/embed\/8a3Ohqw19Ug?feature=oembed&#038;wmode=opaque\" frameborder=\"0\" allow=\"accelerometer; autoplay; clipboard-write; encrypted-media; gyroscope; picture-in-picture; web-share\" referrerpolicy=\"strict-origin-when-cross-origin\" allowfullscreen><\/iframe><\/div>\n<\/div><\/figure>\n\n\n\n<div style=\"height:45px\" aria-hidden=\"true\" class=\"wp-block-spacer\"><\/div>\n\n\n\n<p class=\"has-medium-font-size\">Okouzluj\u00edc\u00ed sklen\u00edk, kter\u00fd k&nbsp;domu pat\u0159\u00ed, a kde Ani\u010dka najde tak\u00e9 kouzelnou bylinu, je\u017e j\u00ed pom\u016f\u017ee s&nbsp;bezbolestn\u00fdm o\u0161et\u0159en\u00edm pacient\u016f, zde ztv\u00e1rnil tak\u00e9 skute\u010dn\u011b existuj\u00edc\u00ed sklen\u00edk v are\u00e1lu nemocnice v&nbsp;Hodon\u00edn\u011b. V\u00fdjime\u010dn\u00e1 kamera <strong>Petera Benczika<\/strong> zachytila skv\u011blou pr\u00e1ci architekta filmu <strong>Adama Pitry<\/strong> a spolu s&nbsp;n\u00e1dhern\u00fdmi dobov\u00fdmi kost\u00fdmy, za kter\u00fdmi stoj\u00ed <strong>Sylva Zimula Han\u00e1kov\u00e1<\/strong>, a maskami <strong>Zuzany Peschlov\u00e9<\/strong> tak vznikl sn\u00edmek, kter\u00fd pot\u011b\u0161\u00ed v\u0161echny generace div\u00e1k\u016f nejen zaj\u00edmav\u00fdm p\u0159\u00edb\u011bhem, ale i vizu\u00e1ln\u00edm zpracov\u00e1n\u00edm.<\/p>\n\n\n\n<div style=\"height:45px\" aria-hidden=\"true\" class=\"wp-block-spacer\"><\/div>\n\n\n<div class=\"wp-block-image\">\n<figure class=\"aligncenter size-full\"><img decoding=\"async\" src=\"https:\/\/cinemahouse.cz\/wp-content\/uploads\/2025\/02\/3ND-15_Vica-Kerekes_Jiri-Dvorak.jpg\" alt=\"Cukrkandl\" class=\"wp-image-9555\"\/><\/figure><\/div>\n\n\n<div style=\"height:45px\" aria-hidden=\"true\" class=\"wp-block-spacer\"><\/div>\n\n\n\n<p class=\"has-medium-font-size\">Nem\u00e9n\u011b zaj\u00edmav\u00e9 jsou i v\u00fdkony herc\u016f, kte\u0159\u00ed se v\u00a0dobov\u00fdch kost\u00fdmech pohybuj\u00ed neuv\u011b\u0159iteln\u011b uv\u011b\u0159iteln\u011b, jako by se vr\u00e1tili o stolet\u00ed zp\u00e1tky. <\/p>\n\n\n\n<p class=\"has-medium-font-size\"><em>\u201eTereze Ramba dobov\u00e1 poetika sn\u00edmku velmi slu\u0161\u00ed a kost\u00fdmy jako by byly p\u0159\u00edmo stvo\u0159eny pro ni. Jako hlavn\u00ed postava filmu je neust\u00e1le na obraze a v\u00e1m se t\u00e9m\u011b\u0159 dv\u011b hodiny opravdu chce na ni d\u00edvat,\u201c<\/em> pochvaluje si obsazen\u00ed producent filmu <strong>Miloslav \u0160m\u00eddmajer<\/strong>.<\/p>\n\n\n\n<div style=\"height:45px\" aria-hidden=\"true\" class=\"wp-block-spacer\"><\/div>\n\n\n<div class=\"wp-block-image\">\n<figure class=\"aligncenter size-full\"><img decoding=\"async\" src=\"https:\/\/cinemahouse.cz\/wp-content\/uploads\/2025\/02\/16ND-64_Tereza-Ramba_Marek__-Adamczyk.jpg\" alt=\"Cukrkandl\" class=\"wp-image-9557\"\/><\/figure><\/div>\n\n\n<div style=\"height:45px\" aria-hidden=\"true\" class=\"wp-block-spacer\"><\/div>\n\n\n\n<p class=\"has-medium-font-size\"><img decoding=\"async\" src=\"\">V&nbsp;roli obecn\u00edho stavitele, kter\u00fd se do Ani\u010dky tak trochu zakouk\u00e1, se objev\u00ed <strong>Marek Adamczyk<\/strong> a po boku j\u00ed je tak\u00e9 tajemn\u00fd \u201emajordomus\u201c a zahradn\u00edk, jeho\u017e skv\u011ble ztv\u00e1rnil <strong>Ji\u0159\u00ed L\u00e1bus<\/strong>. Spolu s&nbsp;n\u011bkolika d\u011btsk\u00fdmi herci se tyto postavy sna\u017e\u00ed n\u011bco v&nbsp;Medov\u011b zm\u011bnit. Jak pozd\u011bji prokouknou, stoj\u00ed proti nim n\u011bkolik spiklenc\u016f, kte\u0159\u00ed o zm\u011bny k&nbsp;lep\u0161\u00edmu nestoj\u00ed. Tov\u00e1rn\u00edka \u0160torcha, vyr\u00e1b\u011bj\u00edc\u00edho a propaguj\u00edc\u00edho cukrkandl jako l\u00e9k na v\u0161echno, p\u0159edstavuje <strong>Ji\u0159\u00ed Dvo\u0159\u00e1k<\/strong>, u\u010ditelku Pavl\u00edkovou vod\u00edc\u00ed \u017e\u00e1ky na prohl\u00eddky sladkost\u00ed <strong>Vica Kerekes<\/strong>, zuba\u0159e Drumla, kter\u00e9mu a\u017e tak moc o zdrav\u00e9 zuby nejde, pak <strong>Maro\u0161 Kram\u00e1r<\/strong>. Div\u00e1ci se ale mohou t\u011b\u0161it tak\u00e9 na obecn\u00edho dopravce Lojzu <strong>Jaroslava Plesla<\/strong>, Kolowrata <strong>Martina My\u0161i\u010dku<\/strong> \u010di starostu obce <strong>Pavla Zedn\u00ed\u010dka<\/strong>.<\/p>\n\n\n\n<div style=\"height:45px\" aria-hidden=\"true\" class=\"wp-block-spacer\"><\/div>\n\n\n<div class=\"wp-block-image\">\n<figure class=\"aligncenter size-full\"><img decoding=\"async\" src=\"https:\/\/cinemahouse.cz\/wp-content\/uploads\/2025\/02\/2ND-25_Maros-Kramar.jpg\" alt=\"Cukrkandl\" class=\"wp-image-9554\"\/><\/figure><\/div>\n\n\n<div style=\"height:45px\" aria-hidden=\"true\" class=\"wp-block-spacer\"><\/div>\n\n\n\n<p class=\"has-medium-font-size\"><img decoding=\"async\" src=\"\">Nejen tv\u016frci jsou ale z\u00a0nat\u00e1\u010den\u00ed, kter\u00e9 skon\u010dilo na konci \u0159\u00edjna, nad\u0161en\u00ed. <\/p>\n\n\n\n<p class=\"has-medium-font-size\"><em>\u201eTen film m\u00e1 v\u00fdjime\u010dnou poetiku, z\u00e1bavn\u00fd a nap\u00ednav\u00fd sc\u00e9n\u00e1\u0159, byl jsem z\u00a0n\u011bj nad\u0161en\u00fd,\u201c<\/em> sv\u011b\u0159il se p\u0159edstavitel Lojzy <strong>Jaroslav Plesl<\/strong>. <em>\u201ePo dlouh\u00e9 dob\u011b se u n\u00e1s objevil film s\u00a0neb\u00fdvalou poetikou a humorem, kter\u00fd tady velmi chyb\u00ed,\u201c<\/em> dodal<strong> Ji\u0159\u00ed L\u00e1bus<\/strong>, kter\u00fd hraje zahradn\u00edka Franti\u0161ka Plantu.<\/p>\n\n\n\n<div style=\"height:45px\" aria-hidden=\"true\" class=\"wp-block-spacer\"><\/div>\n\n\n<div class=\"wp-block-image\">\n<figure class=\"aligncenter size-full\"><img decoding=\"async\" src=\"https:\/\/cinemahouse.cz\/wp-content\/uploads\/2025\/02\/3ND-13_Tereza-Ramba.jpg\" alt=\"Cukrkandl\" class=\"wp-image-9553\"\/><\/figure><\/div>\n\n\n<div style=\"height:45px\" aria-hidden=\"true\" class=\"wp-block-spacer\"><\/div>\n\n\n\n<p class=\"has-medium-font-size\">Film byl nato\u010den v&nbsp;pr\u016fb\u011bhu z\u00e1\u0159\u00ed a \u0159\u00edjna 2024 na lokac\u00edch v&nbsp;Luha\u010dovic\u00edch, Hodon\u00edn\u011b, \u00da\u0161t\u011bku, Zubrnic\u00edch, ale tak\u00e9 na n\u011bkolika m\u00edstech na Slovensku. Producentem je spole\u010dnost Bio Illusion Miloslava \u0160m\u00eddmajera, sn\u00edmek byl podpo\u0159en St\u00e1tn\u00edm fondem kinematografie (CZ), Audiovizu\u00e1lnym fondem (SK), Zl\u00ednsk\u00fdm a \u00dasteck\u00fdm krajem. Koproducenty jsou slovensk\u00e1 spole\u010dnost Attack film, QQ studio Ostrava a firma Heart of Europe.<\/p>\n\n\n\n<p class=\"has-medium-font-size\">Do kin by m\u011bl Cukrkandl po s\u00e9rii speci\u00e1ln\u00edch projekc\u00ed na festivalech a v&nbsp;r\u00e1mci letn\u00edch kin p\u0159ij\u00edt na podzim roku 2025, distributorem je spole\u010dnost Bioscop.<\/p>\n\n\n\n<div style=\"height:45px\" aria-hidden=\"true\" class=\"wp-block-spacer\"><\/div>\n\n\n<div class=\"wp-block-image\">\n<figure class=\"aligncenter size-full\"><img decoding=\"async\" src=\"https:\/\/cinemahouse.cz\/wp-content\/uploads\/2025\/02\/2ND-3_Pavel-Zednicek_Marek-Adamczyk.jpg\" alt=\"Cukrkandl\" class=\"wp-image-9556\"\/><\/figure><\/div>\n\n\n<div style=\"height:45px\" aria-hidden=\"true\" class=\"wp-block-spacer\"><\/div>\n\n\n\n<p class=\"has-medium-font-size\">Ani\u010dka Jesensk\u00e1 zd\u011bd\u00ed po sv\u00e9m tajemn\u00e9m str\u00fdci d\u016fm se sklen\u00edkem a zuba\u0159skou ordinaci na ve m\u011bst\u011b Medov. Proto\u017ee jej\u00ed maminka zem\u0159ela po z\u00e1kroku venkovsk\u00e9ho kov\u00e1\u0159e, kter\u00fd byl pova\u017eov\u00e1n za m\u00edstn\u00edho experta na l\u00e9\u010den\u00ed zub\u016f, chce sama jako vystudovan\u00e1 l\u00e9ka\u0159ka pom\u00e1hat zejm\u00e9na d\u011btem. K Ani\u010dce ale nikdo nechod\u00ed. V Medov\u011b je toti\u017e je\u0161t\u011b jeden zuba\u0159, kter\u00fd je sp\u0159a\u017een\u00fd s m\u00edstn\u00ed u\u010ditelkou a tov\u00e1rn\u00edkem \u0160torchem, velkov\u00fdrobcem cukrkandlu. Proto cel\u00e9 m\u011bsto trp\u00ed nadv\u00e1hou a zka\u017een\u00fdmi zuby. Ani\u010dka d\u00edky exotick\u00e9 peru\u00e1nsk\u00e9 bylin\u011b ze sklen\u00edku zjist\u00ed, \u017ee zuba\u0159sk\u00e9 z\u00e1kroky nemusej\u00ed bolet, a tak se pust\u00ed do boje s&nbsp;m\u00edstn\u00edmi. Z\u00e1hy j\u00ed v tom za\u010dne pom\u00e1hat i parta d\u011bt\u00ed\u2026<\/p>\n\n\n\n<div style=\"height:45px\" aria-hidden=\"true\" class=\"wp-block-spacer\"><\/div>\n\n\n<div class=\"wp-block-image\">\n<figure class=\"aligncenter size-full\"><img decoding=\"async\" src=\"https:\/\/cinemahouse.cz\/wp-content\/uploads\/2025\/02\/6ND-37_Tereza-Ramba.jpg\" alt=\"Cukrkandl\" class=\"wp-image-9558\"\/><\/figure><\/div>\n\n\n<div style=\"height:45px\" aria-hidden=\"true\" class=\"wp-block-spacer\"><\/div>\n\n\n\n<h2 class=\"wp-block-heading\">Cukrkandl<\/h2>\n\n\n\n<div style=\"height:46px\" aria-hidden=\"true\" class=\"wp-block-spacer\"><\/div>\n\n\n\n<p class=\"has-medium-font-size\"><strong>Premi\u00e9ra:<\/strong> 23.10.2025<\/p>\n\n\n\n<p class=\"has-medium-font-size\"><strong>Re\u017eie: <\/strong>Pavel Jandourek<\/p>\n\n\n\n<p class=\"has-medium-font-size\"><strong>N\u00e1m\u011bt: <\/strong>V\u00e1clav Kostohryz(skute\u010dn\u00fd zuba\u0159)<\/p>\n\n\n\n<p class=\"has-medium-font-size\"><strong>Sc\u00e9n\u00e1\u0159: <\/strong>Pavel Jandourek<\/p>\n\n\n\n<p class=\"has-medium-font-size\"><strong>Spolupr\u00e1ce na sc\u00e9n\u00e1\u0159i: <\/strong>Vladim\u00edr Holanec<\/p>\n\n\n\n<p class=\"has-medium-font-size\"><strong>Kamera: <\/strong>Peter Benczik<\/p>\n\n\n\n<p class=\"has-medium-font-size\"><strong>St\u0159ih: <\/strong>Jan Skalsk\u00fd<\/p>\n\n\n\n<p class=\"has-medium-font-size\"><strong>Zvuk: <\/strong>Ond\u0159ej Mu\u0161ka<\/p>\n\n\n\n<p class=\"has-medium-font-size\"><strong>Hudba: <\/strong>Michal Novinski<\/p>\n\n\n\n<p class=\"has-medium-font-size\"><strong>Producent: <\/strong>Miloslav \u0160m\u00eddmajer (Bio Illusion), Lubom\u00edr Slivka (Attack film),<br>Vladim\u00edr Mr\u00e1z (QQ Studio Ostrava), Alena \u010cin\u010derov\u00e1 (Heart of Europe<strong>)<\/strong><\/p>\n\n\n\n<p class=\"has-medium-font-size\"><strong>Hraj\u00ed<\/strong>: Tereza Ramba (Ani\u010dka Jesensk\u00e1), Marek Adamczyk (Karel R\u00e9zl), Marek \u0164ap\u00e1k (Dr. R\u00e9zl), Ji\u0159\u00ed Dvo\u0159\u00e1k (tov\u00e1rn\u00edk \u0160torch), Pavel Zedn\u00ed\u010dek (starosta Kmoch), Jaroslav Plesl (Lojza), Vica Kerekes (u\u010ditelka Pavl\u00edkov\u00e1), Maro\u0161 Kram\u00e1r (zuba\u0159 Druml), Ji\u0159\u00ed L\u00e1bus (d\u011bda Planta), Miroslav Sojka (Alb\u00edn), Theodor Schaefer (Kuba), Ond\u0159ej S\u00fcss (Va\u0161ek), Martin My\u0161i\u010dka (Kolowrat)<\/p>\n\n\n\n<div style=\"height:45px\" aria-hidden=\"true\" class=\"wp-block-spacer\"><\/div>\n\n\n\n<figure class=\"wp-block-gallery has-nested-images columns-2 is-cropped wp-block-gallery-1 is-layout-flex wp-block-gallery-is-layout-flex\">\n<figure class=\"wp-block-image size-large\"><img decoding=\"async\" data-id=\"9556\" src=\"https:\/\/cinemahouse.cz\/wp-content\/uploads\/2025\/02\/2ND-3_Pavel-Zednicek_Marek-Adamczyk.jpg\" alt=\"Cukrkandl\" class=\"wp-image-9556\"\/><\/figure>\n\n\n\n<figure class=\"wp-block-image size-large\"><img decoding=\"async\" data-id=\"9554\" src=\"https:\/\/cinemahouse.cz\/wp-content\/uploads\/2025\/02\/2ND-25_Maros-Kramar.jpg\" alt=\"Cukrkandl\" class=\"wp-image-9554\"\/><\/figure>\n\n\n\n<figure class=\"wp-block-image size-large\"><img decoding=\"async\" data-id=\"9553\" src=\"https:\/\/cinemahouse.cz\/wp-content\/uploads\/2025\/02\/3ND-13_Tereza-Ramba.jpg\" alt=\"Cukrkandl\" class=\"wp-image-9553\"\/><\/figure>\n\n\n\n<figure class=\"wp-block-image size-large\"><img decoding=\"async\" data-id=\"9555\" src=\"https:\/\/cinemahouse.cz\/wp-content\/uploads\/2025\/02\/3ND-15_Vica-Kerekes_Jiri-Dvorak.jpg\" alt=\"Cukrkandl\" class=\"wp-image-9555\"\/><\/figure>\n\n\n\n<figure class=\"wp-block-image size-large\"><img decoding=\"async\" data-id=\"9558\" src=\"https:\/\/cinemahouse.cz\/wp-content\/uploads\/2025\/02\/6ND-37_Tereza-Ramba.jpg\" alt=\"Cukrkandl\" class=\"wp-image-9558\"\/><\/figure>\n\n\n\n<figure class=\"wp-block-image size-large\"><img decoding=\"async\" data-id=\"9557\" src=\"https:\/\/cinemahouse.cz\/wp-content\/uploads\/2025\/02\/16ND-64_Tereza-Ramba_Marek__-Adamczyk.jpg\" alt=\"Cukrkandl\" class=\"wp-image-9557\"\/><\/figure>\n\n\n\n<figure class=\"wp-block-image size-large\"><img decoding=\"async\" data-id=\"9559\" src=\"https:\/\/cinemahouse.cz\/wp-content\/uploads\/2025\/02\/CKK_1_ND-70_Jiri-Labus.jpg\" alt=\"Cukrkandl\" class=\"wp-image-9559\"\/><\/figure>\n\n\n\n<figure class=\"wp-block-image size-large\"><img decoding=\"async\" data-id=\"9560\" src=\"https:\/\/cinemahouse.cz\/wp-content\/uploads\/2025\/02\/CKK_27_ND-13_Jiri-Labus_Tereza-Ramba.jpg\" alt=\"\" class=\"wp-image-9560\"\/><\/figure>\n\n\n\n<figure class=\"wp-block-image size-large\"><img decoding=\"async\" data-id=\"9561\" src=\"https:\/\/cinemahouse.cz\/wp-content\/uploads\/2025\/02\/filmyobrazek_nahled-31855-1732197837-723x1024.png\" alt=\"Cukrkandl\" class=\"wp-image-9561\"\/><\/figure>\n<\/figure>\n\n\n\n<div style=\"height:45px\" aria-hidden=\"true\" class=\"wp-block-spacer\"><\/div>\n\n\n\n<p class=\"has-medium-font-size\"><strong>Zdroj foto a video:<\/strong> Bioscop<\/p>\n\n\n\n<div style=\"height:45px\" aria-hidden=\"true\" class=\"wp-block-spacer\"><\/div>\n","protected":false},"excerpt":{"rendered":"<p>Na Zl\u00ednsku, v&nbsp;severn\u00edch \u010cech\u00e1ch, v&nbsp;\u00da\u0161t\u011bku, ale tak\u00e9 na Slovensku vznikal loni na p\u0159elomu l\u00e9ta a podzimu dobrodru\u017en\u00fd film pro celou rodinu s&nbsp;n\u00e1zvem Cukrkandl. V&nbsp;hlavn\u00edch rol\u00edch vizu\u00e1ln\u011b unik\u00e1tn\u00edho sn\u00edmku se p\u0159edstav\u00ed obl\u00edben\u00ed herci a here\u010dky&#46;&#46;&#46;<\/p>\n","protected":false},"author":8,"featured_media":10735,"comment_status":"closed","ping_status":"closed","sticky":false,"template":"","format":"standard","meta":{"_monsterinsights_skip_tracking":false,"_monsterinsights_sitenote_active":false,"_monsterinsights_sitenote_note":"","_monsterinsights_sitenote_category":0,"footnotes":""},"categories":[3,6,2,12,4],"tags":[],"yoast_head":"<!-- This site is optimized with the Yoast SEO plugin v21.5 - https:\/\/yoast.com\/wordpress\/plugins\/seo\/ -->\n<title>Rodinn\u00fd film Cukrkandl s Terezou Ramba, Ji\u0159\u00edm L\u00e1busem a dal\u0161\u00edmi p\u0159edstavuje teaser - CELEBRITYHOUSE.cz<\/title>\n<meta name=\"description\" content=\"Na Zl\u00ednsku, v\u00a0severn\u00edch \u010cech\u00e1ch, v\u00a0\u00da\u0161t\u011bku vznikal loni na p\u0159elomu l\u00e9ta a podzimu dobrodru\u017en\u00fd film pro celou rodinu s\u00a0n\u00e1zvem Cukrkandl.\" \/>\n<meta name=\"robots\" content=\"index, follow, max-snippet:-1, max-image-preview:large, max-video-preview:-1\" \/>\n<link rel=\"canonical\" href=\"https:\/\/celebrityhouse.cz\/index.php\/2025\/02\/24\/rodinny-film-cukrkandl-s-terezou-ramba-jirim-labusem-a-dalsimi-predstavuje-teaser\/\" \/>\n<meta property=\"og:locale\" content=\"cs_CZ\" \/>\n<meta property=\"og:type\" content=\"article\" \/>\n<meta property=\"og:title\" content=\"Rodinn\u00fd film Cukrkandl s Terezou Ramba, Ji\u0159\u00edm L\u00e1busem a dal\u0161\u00edmi p\u0159edstavuje teaser - CELEBRITYHOUSE.cz\" \/>\n<meta property=\"og:description\" content=\"Na Zl\u00ednsku, v\u00a0severn\u00edch \u010cech\u00e1ch, v\u00a0\u00da\u0161t\u011bku vznikal loni na p\u0159elomu l\u00e9ta a podzimu dobrodru\u017en\u00fd film pro celou rodinu s\u00a0n\u00e1zvem Cukrkandl.\" \/>\n<meta property=\"og:url\" content=\"https:\/\/celebrityhouse.cz\/index.php\/2025\/02\/24\/rodinny-film-cukrkandl-s-terezou-ramba-jirim-labusem-a-dalsimi-predstavuje-teaser\/\" \/>\n<meta property=\"og:site_name\" content=\"CELEBRITYHOUSE.cz\" \/>\n<meta property=\"article:published_time\" content=\"2025-02-23T23:01:00+00:00\" \/>\n<meta property=\"article:modified_time\" content=\"2025-03-09T21:12:22+00:00\" \/>\n<meta property=\"og:image\" content=\"https:\/\/celebrityhouse.cz\/wp-content\/uploads\/2025\/02\/CKK_27_ND-13_Jiri-Labus_Tereza-Ramba.jpg\" \/>\n\t<meta property=\"og:image:width\" content=\"1024\" \/>\n\t<meta property=\"og:image:height\" content=\"682\" \/>\n\t<meta property=\"og:image:type\" content=\"image\/jpeg\" \/>\n<meta name=\"author\" content=\"Martina Pechov\u00e1\" \/>\n<meta name=\"twitter:card\" content=\"summary_large_image\" \/>\n<meta name=\"twitter:label1\" content=\"Napsal(a)\" \/>\n\t<meta name=\"twitter:data1\" content=\"Martina Pechov\u00e1\" \/>\n\t<meta name=\"twitter:label2\" content=\"Odhadovan\u00e1 doba \u010dten\u00ed\" \/>\n\t<meta name=\"twitter:data2\" content=\"8 minut\" \/>\n<script type=\"application\/ld+json\" class=\"yoast-schema-graph\">{\"@context\":\"https:\/\/schema.org\",\"@graph\":[{\"@type\":\"Article\",\"@id\":\"https:\/\/celebrityhouse.cz\/index.php\/2025\/02\/24\/rodinny-film-cukrkandl-s-terezou-ramba-jirim-labusem-a-dalsimi-predstavuje-teaser\/#article\",\"isPartOf\":{\"@id\":\"https:\/\/celebrityhouse.cz\/index.php\/2025\/02\/24\/rodinny-film-cukrkandl-s-terezou-ramba-jirim-labusem-a-dalsimi-predstavuje-teaser\/\"},\"author\":{\"name\":\"Martina Pechov\u00e1\",\"@id\":\"https:\/\/celebrityhouse.cz\/#\/schema\/person\/b97cee16a2caa8cf7a55df6bcaff5d8c\"},\"headline\":\"Rodinn\u00fd film Cukrkandl s Terezou Ramba, Ji\u0159\u00edm L\u00e1busem a dal\u0161\u00edmi p\u0159edstavuje teaser\",\"datePublished\":\"2025-02-23T23:01:00+00:00\",\"dateModified\":\"2025-03-09T21:12:22+00:00\",\"mainEntityOfPage\":{\"@id\":\"https:\/\/celebrityhouse.cz\/index.php\/2025\/02\/24\/rodinny-film-cukrkandl-s-terezou-ramba-jirim-labusem-a-dalsimi-predstavuje-teaser\/\"},\"wordCount\":1019,\"publisher\":{\"@id\":\"https:\/\/celebrityhouse.cz\/#organization\"},\"articleSection\":[\"\u010cESK\u00c9 CELEBRITY\",\"FILMY, SERI\u00c1LY, TV a KINO\",\"NEWS\",\"TIPY NA KINO\",\"ZAHRANI\u010cN\u00cd CELEBRITY\"],\"inLanguage\":\"cs\"},{\"@type\":\"WebPage\",\"@id\":\"https:\/\/celebrityhouse.cz\/index.php\/2025\/02\/24\/rodinny-film-cukrkandl-s-terezou-ramba-jirim-labusem-a-dalsimi-predstavuje-teaser\/\",\"url\":\"https:\/\/celebrityhouse.cz\/index.php\/2025\/02\/24\/rodinny-film-cukrkandl-s-terezou-ramba-jirim-labusem-a-dalsimi-predstavuje-teaser\/\",\"name\":\"Rodinn\u00fd film Cukrkandl s Terezou Ramba, Ji\u0159\u00edm L\u00e1busem a dal\u0161\u00edmi p\u0159edstavuje teaser - CELEBRITYHOUSE.cz\",\"isPartOf\":{\"@id\":\"https:\/\/celebrityhouse.cz\/#website\"},\"datePublished\":\"2025-02-23T23:01:00+00:00\",\"dateModified\":\"2025-03-09T21:12:22+00:00\",\"description\":\"Na Zl\u00ednsku, v\u00a0severn\u00edch \u010cech\u00e1ch, v\u00a0\u00da\u0161t\u011bku vznikal loni na p\u0159elomu l\u00e9ta a podzimu dobrodru\u017en\u00fd film pro celou rodinu s\u00a0n\u00e1zvem Cukrkandl.\",\"breadcrumb\":{\"@id\":\"https:\/\/celebrityhouse.cz\/index.php\/2025\/02\/24\/rodinny-film-cukrkandl-s-terezou-ramba-jirim-labusem-a-dalsimi-predstavuje-teaser\/#breadcrumb\"},\"inLanguage\":\"cs\",\"potentialAction\":[{\"@type\":\"ReadAction\",\"target\":[\"https:\/\/celebrityhouse.cz\/index.php\/2025\/02\/24\/rodinny-film-cukrkandl-s-terezou-ramba-jirim-labusem-a-dalsimi-predstavuje-teaser\/\"]}]},{\"@type\":\"BreadcrumbList\",\"@id\":\"https:\/\/celebrityhouse.cz\/index.php\/2025\/02\/24\/rodinny-film-cukrkandl-s-terezou-ramba-jirim-labusem-a-dalsimi-predstavuje-teaser\/#breadcrumb\",\"itemListElement\":[{\"@type\":\"ListItem\",\"position\":1,\"name\":\"Dom\u016f\",\"item\":\"https:\/\/celebrityhouse.cz\/\"},{\"@type\":\"ListItem\",\"position\":2,\"name\":\"Rodinn\u00fd film Cukrkandl s Terezou Ramba, Ji\u0159\u00edm L\u00e1busem a dal\u0161\u00edmi p\u0159edstavuje teaser\"}]},{\"@type\":\"WebSite\",\"@id\":\"https:\/\/celebrityhouse.cz\/#website\",\"url\":\"https:\/\/celebrityhouse.cz\/\",\"name\":\"CELEBRITYHOUSE.cz\",\"description\":\"Port\u00e1l o showbyznysu...\",\"publisher\":{\"@id\":\"https:\/\/celebrityhouse.cz\/#organization\"},\"potentialAction\":[{\"@type\":\"SearchAction\",\"target\":{\"@type\":\"EntryPoint\",\"urlTemplate\":\"https:\/\/celebrityhouse.cz\/?s={search_term_string}\"},\"query-input\":\"required name=search_term_string\"}],\"inLanguage\":\"cs\"},{\"@type\":\"Organization\",\"@id\":\"https:\/\/celebrityhouse.cz\/#organization\",\"name\":\"CELEBRITYHOUSE.cz\",\"url\":\"https:\/\/celebrityhouse.cz\/\",\"logo\":{\"@type\":\"ImageObject\",\"inLanguage\":\"cs\",\"@id\":\"https:\/\/celebrityhouse.cz\/#\/schema\/logo\/image\/\",\"url\":\"https:\/\/celebrityhouse.cz\/wp-content\/uploads\/2024\/12\/cropped-Logo_CelebrityHouse_2.jpg\",\"contentUrl\":\"https:\/\/celebrityhouse.cz\/wp-content\/uploads\/2024\/12\/cropped-Logo_CelebrityHouse_2.jpg\",\"width\":937,\"height\":510,\"caption\":\"CELEBRITYHOUSE.cz\"},\"image\":{\"@id\":\"https:\/\/celebrityhouse.cz\/#\/schema\/logo\/image\/\"}},{\"@type\":\"Person\",\"@id\":\"https:\/\/celebrityhouse.cz\/#\/schema\/person\/b97cee16a2caa8cf7a55df6bcaff5d8c\",\"name\":\"Martina Pechov\u00e1\",\"image\":{\"@type\":\"ImageObject\",\"inLanguage\":\"cs\",\"@id\":\"https:\/\/celebrityhouse.cz\/#\/schema\/person\/image\/\",\"url\":\"https:\/\/secure.gravatar.com\/avatar\/d3ad7f43789eed68b221d01c6d7ac4e5?s=96&d=mm&r=g\",\"contentUrl\":\"https:\/\/secure.gravatar.com\/avatar\/d3ad7f43789eed68b221d01c6d7ac4e5?s=96&d=mm&r=g\",\"caption\":\"Martina Pechov\u00e1\"},\"sameAs\":[\"http:\/\/CELEBRITYHOUSE.cz\"],\"url\":\"https:\/\/celebrityhouse.cz\/index.php\/author\/marpech\/\"}]}<\/script>\n<!-- \/ Yoast SEO plugin. -->","yoast_head_json":{"title":"Rodinn\u00fd film Cukrkandl s Terezou Ramba, Ji\u0159\u00edm L\u00e1busem a dal\u0161\u00edmi p\u0159edstavuje teaser - CELEBRITYHOUSE.cz","description":"Na Zl\u00ednsku, v\u00a0severn\u00edch \u010cech\u00e1ch, v\u00a0\u00da\u0161t\u011bku vznikal loni na p\u0159elomu l\u00e9ta a podzimu dobrodru\u017en\u00fd film pro celou rodinu s\u00a0n\u00e1zvem Cukrkandl.","robots":{"index":"index","follow":"follow","max-snippet":"max-snippet:-1","max-image-preview":"max-image-preview:large","max-video-preview":"max-video-preview:-1"},"canonical":"https:\/\/celebrityhouse.cz\/index.php\/2025\/02\/24\/rodinny-film-cukrkandl-s-terezou-ramba-jirim-labusem-a-dalsimi-predstavuje-teaser\/","og_locale":"cs_CZ","og_type":"article","og_title":"Rodinn\u00fd film Cukrkandl s Terezou Ramba, Ji\u0159\u00edm L\u00e1busem a dal\u0161\u00edmi p\u0159edstavuje teaser - CELEBRITYHOUSE.cz","og_description":"Na Zl\u00ednsku, v\u00a0severn\u00edch \u010cech\u00e1ch, v\u00a0\u00da\u0161t\u011bku vznikal loni na p\u0159elomu l\u00e9ta a podzimu dobrodru\u017en\u00fd film pro celou rodinu s\u00a0n\u00e1zvem Cukrkandl.","og_url":"https:\/\/celebrityhouse.cz\/index.php\/2025\/02\/24\/rodinny-film-cukrkandl-s-terezou-ramba-jirim-labusem-a-dalsimi-predstavuje-teaser\/","og_site_name":"CELEBRITYHOUSE.cz","article_published_time":"2025-02-23T23:01:00+00:00","article_modified_time":"2025-03-09T21:12:22+00:00","og_image":[{"width":1024,"height":682,"url":"https:\/\/celebrityhouse.cz\/wp-content\/uploads\/2025\/02\/CKK_27_ND-13_Jiri-Labus_Tereza-Ramba.jpg","type":"image\/jpeg"}],"author":"Martina Pechov\u00e1","twitter_card":"summary_large_image","twitter_misc":{"Napsal(a)":"Martina Pechov\u00e1","Odhadovan\u00e1 doba \u010dten\u00ed":"8 minut"},"schema":{"@context":"https:\/\/schema.org","@graph":[{"@type":"Article","@id":"https:\/\/celebrityhouse.cz\/index.php\/2025\/02\/24\/rodinny-film-cukrkandl-s-terezou-ramba-jirim-labusem-a-dalsimi-predstavuje-teaser\/#article","isPartOf":{"@id":"https:\/\/celebrityhouse.cz\/index.php\/2025\/02\/24\/rodinny-film-cukrkandl-s-terezou-ramba-jirim-labusem-a-dalsimi-predstavuje-teaser\/"},"author":{"name":"Martina Pechov\u00e1","@id":"https:\/\/celebrityhouse.cz\/#\/schema\/person\/b97cee16a2caa8cf7a55df6bcaff5d8c"},"headline":"Rodinn\u00fd film Cukrkandl s Terezou Ramba, Ji\u0159\u00edm L\u00e1busem a dal\u0161\u00edmi p\u0159edstavuje teaser","datePublished":"2025-02-23T23:01:00+00:00","dateModified":"2025-03-09T21:12:22+00:00","mainEntityOfPage":{"@id":"https:\/\/celebrityhouse.cz\/index.php\/2025\/02\/24\/rodinny-film-cukrkandl-s-terezou-ramba-jirim-labusem-a-dalsimi-predstavuje-teaser\/"},"wordCount":1019,"publisher":{"@id":"https:\/\/celebrityhouse.cz\/#organization"},"articleSection":["\u010cESK\u00c9 CELEBRITY","FILMY, SERI\u00c1LY, TV a KINO","NEWS","TIPY NA KINO","ZAHRANI\u010cN\u00cd CELEBRITY"],"inLanguage":"cs"},{"@type":"WebPage","@id":"https:\/\/celebrityhouse.cz\/index.php\/2025\/02\/24\/rodinny-film-cukrkandl-s-terezou-ramba-jirim-labusem-a-dalsimi-predstavuje-teaser\/","url":"https:\/\/celebrityhouse.cz\/index.php\/2025\/02\/24\/rodinny-film-cukrkandl-s-terezou-ramba-jirim-labusem-a-dalsimi-predstavuje-teaser\/","name":"Rodinn\u00fd film Cukrkandl s Terezou Ramba, Ji\u0159\u00edm L\u00e1busem a dal\u0161\u00edmi p\u0159edstavuje teaser - CELEBRITYHOUSE.cz","isPartOf":{"@id":"https:\/\/celebrityhouse.cz\/#website"},"datePublished":"2025-02-23T23:01:00+00:00","dateModified":"2025-03-09T21:12:22+00:00","description":"Na Zl\u00ednsku, v\u00a0severn\u00edch \u010cech\u00e1ch, v\u00a0\u00da\u0161t\u011bku vznikal loni na p\u0159elomu l\u00e9ta a podzimu dobrodru\u017en\u00fd film pro celou rodinu s\u00a0n\u00e1zvem Cukrkandl.","breadcrumb":{"@id":"https:\/\/celebrityhouse.cz\/index.php\/2025\/02\/24\/rodinny-film-cukrkandl-s-terezou-ramba-jirim-labusem-a-dalsimi-predstavuje-teaser\/#breadcrumb"},"inLanguage":"cs","potentialAction":[{"@type":"ReadAction","target":["https:\/\/celebrityhouse.cz\/index.php\/2025\/02\/24\/rodinny-film-cukrkandl-s-terezou-ramba-jirim-labusem-a-dalsimi-predstavuje-teaser\/"]}]},{"@type":"BreadcrumbList","@id":"https:\/\/celebrityhouse.cz\/index.php\/2025\/02\/24\/rodinny-film-cukrkandl-s-terezou-ramba-jirim-labusem-a-dalsimi-predstavuje-teaser\/#breadcrumb","itemListElement":[{"@type":"ListItem","position":1,"name":"Dom\u016f","item":"https:\/\/celebrityhouse.cz\/"},{"@type":"ListItem","position":2,"name":"Rodinn\u00fd film Cukrkandl s Terezou Ramba, Ji\u0159\u00edm L\u00e1busem a dal\u0161\u00edmi p\u0159edstavuje teaser"}]},{"@type":"WebSite","@id":"https:\/\/celebrityhouse.cz\/#website","url":"https:\/\/celebrityhouse.cz\/","name":"CELEBRITYHOUSE.cz","description":"Port\u00e1l o showbyznysu...","publisher":{"@id":"https:\/\/celebrityhouse.cz\/#organization"},"potentialAction":[{"@type":"SearchAction","target":{"@type":"EntryPoint","urlTemplate":"https:\/\/celebrityhouse.cz\/?s={search_term_string}"},"query-input":"required name=search_term_string"}],"inLanguage":"cs"},{"@type":"Organization","@id":"https:\/\/celebrityhouse.cz\/#organization","name":"CELEBRITYHOUSE.cz","url":"https:\/\/celebrityhouse.cz\/","logo":{"@type":"ImageObject","inLanguage":"cs","@id":"https:\/\/celebrityhouse.cz\/#\/schema\/logo\/image\/","url":"https:\/\/celebrityhouse.cz\/wp-content\/uploads\/2024\/12\/cropped-Logo_CelebrityHouse_2.jpg","contentUrl":"https:\/\/celebrityhouse.cz\/wp-content\/uploads\/2024\/12\/cropped-Logo_CelebrityHouse_2.jpg","width":937,"height":510,"caption":"CELEBRITYHOUSE.cz"},"image":{"@id":"https:\/\/celebrityhouse.cz\/#\/schema\/logo\/image\/"}},{"@type":"Person","@id":"https:\/\/celebrityhouse.cz\/#\/schema\/person\/b97cee16a2caa8cf7a55df6bcaff5d8c","name":"Martina Pechov\u00e1","image":{"@type":"ImageObject","inLanguage":"cs","@id":"https:\/\/celebrityhouse.cz\/#\/schema\/person\/image\/","url":"https:\/\/secure.gravatar.com\/avatar\/d3ad7f43789eed68b221d01c6d7ac4e5?s=96&d=mm&r=g","contentUrl":"https:\/\/secure.gravatar.com\/avatar\/d3ad7f43789eed68b221d01c6d7ac4e5?s=96&d=mm&r=g","caption":"Martina Pechov\u00e1"},"sameAs":["http:\/\/CELEBRITYHOUSE.cz"],"url":"https:\/\/celebrityhouse.cz\/index.php\/author\/marpech\/"}]}},"_links":{"self":[{"href":"https:\/\/celebrityhouse.cz\/index.php\/wp-json\/wp\/v2\/posts\/10727"}],"collection":[{"href":"https:\/\/celebrityhouse.cz\/index.php\/wp-json\/wp\/v2\/posts"}],"about":[{"href":"https:\/\/celebrityhouse.cz\/index.php\/wp-json\/wp\/v2\/types\/post"}],"author":[{"embeddable":true,"href":"https:\/\/celebrityhouse.cz\/index.php\/wp-json\/wp\/v2\/users\/8"}],"replies":[{"embeddable":true,"href":"https:\/\/celebrityhouse.cz\/index.php\/wp-json\/wp\/v2\/comments?post=10727"}],"version-history":[{"count":3,"href":"https:\/\/celebrityhouse.cz\/index.php\/wp-json\/wp\/v2\/posts\/10727\/revisions"}],"predecessor-version":[{"id":10890,"href":"https:\/\/celebrityhouse.cz\/index.php\/wp-json\/wp\/v2\/posts\/10727\/revisions\/10890"}],"wp:featuredmedia":[{"embeddable":true,"href":"https:\/\/celebrityhouse.cz\/index.php\/wp-json\/wp\/v2\/media\/10735"}],"wp:attachment":[{"href":"https:\/\/celebrityhouse.cz\/index.php\/wp-json\/wp\/v2\/media?parent=10727"}],"wp:term":[{"taxonomy":"category","embeddable":true,"href":"https:\/\/celebrityhouse.cz\/index.php\/wp-json\/wp\/v2\/categories?post=10727"},{"taxonomy":"post_tag","embeddable":true,"href":"https:\/\/celebrityhouse.cz\/index.php\/wp-json\/wp\/v2\/tags?post=10727"}],"curies":[{"name":"wp","href":"https:\/\/api.w.org\/{rel}","templated":true}]}}