{"id":11081,"date":"2025-04-18T00:01:00","date_gmt":"2025-04-17T22:01:00","guid":{"rendered":"https:\/\/celebrityhouse.cz\/?p=11081"},"modified":"2025-04-25T16:40:44","modified_gmt":"2025-04-25T14:40:44","slug":"leto-v-praze-roztanci-exkluzivni-summer-balls-na-nadvori-musea-kampa","status":"publish","type":"post","link":"https:\/\/celebrityhouse.cz\/index.php\/2025\/04\/18\/leto-v-praze-roztanci-exkluzivni-summer-balls-na-nadvori-musea-kampa\/","title":{"rendered":"L\u00e9to v Praze roztan\u010d\u00ed exkluzivn\u00ed Summer Balls na n\u00e1dvo\u0159\u00ed Musea Kampa"},"content":{"rendered":"\n<div style=\"height:35px\" aria-hidden=\"true\" class=\"wp-block-spacer\"><\/div>\n\n\n\n<p class=\"has-medium-font-size\"><strong>Plesov\u00e1 sez\u00f3na rozhodn\u011b nemus\u00ed zdobit jen zimn\u00ed m\u011bs\u00edce! Program Letn\u00ed sc\u00e9ny Musea Kampa letos poprv\u00e9 v historii otev\u0159ou Summer Balls \u2013 exkluzivn\u00ed letn\u00ed plesy p\u0159\u00edmo na n\u00e1dvo\u0159\u00ed Musea Kampa. T\u0159i \u010dervnov\u00e9 ve\u010dery pod \u0161ir\u00fdm nebem na kouzeln\u00e9m vltavsk\u00e9m n\u00e1b\u0159e\u017e\u00ed, ka\u017ed\u00fd na jin\u00e9 t\u00e9ma: 10. \u010dervna Meda&nbsp;Gala, 11. \u010dervna Prvn\u00ed republika a 12. \u010dervna z\u00e1v\u011bre\u010dn\u00fd Letn\u00ed ples s Hanou Holi\u0161ovou &amp; New Time Orchestra.<\/strong><\/p>\n\n\n\n<div style=\"height:35px\" aria-hidden=\"true\" class=\"wp-block-spacer\"><\/div>\n\n\n<div class=\"wp-block-image\">\n<figure class=\"aligncenter size-full\"><img decoding=\"async\" src=\"https:\/\/prazskeprikopy.cz\/wp-content\/uploads\/2025\/03\/SummerBalls_Poster_MedaGala_V02_VIZUAL-kopie.jpg\" alt=\"L\u00e9to v Praze roztan\u010d\u00ed exkluzivn\u00ed Summer Balls na n\u00e1dvo\u0159\u00ed Musea Kampa\" class=\"wp-image-13286\" \/><\/figure><\/div>\n\n\n<div style=\"height:35px\" aria-hidden=\"true\" class=\"wp-block-spacer\"><\/div>\n\n\n\n<p class=\"has-medium-font-size\">O grand opening se postar\u00e1 v&nbsp;\u00fater\u00fd <strong>10. \u010dervna<\/strong> prvn\u00ed letn\u00ed ples s&nbsp;podtitulem&nbsp;<strong>Meda&nbsp;Gala<\/strong>. Ve\u010der vzd\u00e1 hold ikonick\u00e9 d\u00e1m\u011b Med\u011b Ml\u00e1dkov\u00e9 i samotn\u00e9mu m\u00edstu kon\u00e1n\u00ed \u2013 Museu Kampa. N\u00e1v\u0161t\u011bvn\u00edci jsou o\u010dek\u00e1v\u00e1ni v&nbsp;origin\u00e1ln\u00edch outfitech inspirovan\u00fdch t\u00e9matem Kupkova zahrada. Stylov\u00e1 bude i hudba, program, dekorace, ob\u010derstven\u00ed a atmosf\u00e9ra jedine\u010dn\u00e9ho ve\u010dera, v&nbsp;n\u011bm\u017e se um\u011bn\u00ed propoj\u00ed s&nbsp;eleganc\u00ed a kreativitou.<\/p>\n\n\n\n<div style=\"height:35px\" aria-hidden=\"true\" class=\"wp-block-spacer\"><\/div>\n\n\n<div class=\"wp-block-image\">\n<figure class=\"aligncenter size-large\"><img decoding=\"async\" src=\"https:\/\/prazskeprikopy.cz\/wp-content\/uploads\/2025\/03\/SummerBalls_Poster_Hana-Holisova_V02_TEXT-724x1024.jpeg\" alt=\"L\u00e9to v Praze roztan\u010d\u00ed exkluzivn\u00ed Summer Balls na n\u00e1dvo\u0159\u00ed Musea Kampa\" class=\"wp-image-13287\" \/><\/figure><\/div>\n\n\n<div style=\"height:35px\" aria-hidden=\"true\" class=\"wp-block-spacer\"><\/div>\n\n\n\n<p class=\"has-medium-font-size\">Nostalgick\u00fdm i nespoutan\u00fdm n\u00e1vratem do historie bude n\u00e1sleduj\u00edc\u00ed <strong>Ples prvn\u00ed republiky<\/strong> ve st\u0159edu <strong>11. \u010dervna<\/strong>. N\u00e1dvo\u0159\u00ed se prom\u011bn\u00ed v tane\u010dn\u00ed s\u00e1l jako vyst\u0159i\u017een\u00fd z meziv\u00e1le\u010dn\u00e9 \u00e9ry, na p\u00f3diu to n\u00e1le\u017eit\u011b rozjedou legend\u00e1rn\u00ed Melody Makers s Vojt\u011bchem Havelkou. Spolu s n\u00edm se p\u0159edstav\u00ed Igor Orozovi\u010d, Vanda Chaloupkov\u00e1 a dal\u0161\u00ed herci spojen\u00ed s Letn\u00ed sc\u00e9nou Musea Kampa. N\u00e1v\u0161t\u011bvn\u00edci budou nejen tan\u010dit v rytmu swingu 20. a 30. let a ochutn\u00e1vat dobov\u00e9 ob\u010derstven\u00ed, ale tak\u00e9 se prost\u0159ednictv\u00edm imerzivn\u00edho divadla stanou aktivn\u00ed sou\u010d\u00e1st\u00ed p\u0159\u00edb\u011bhu, kter\u00fd se bude odehr\u00e1vat v\u0161ude kolem!<\/p>\n\n\n\n<p class=\"has-medium-font-size\">S\u00e9rii exkluzivn\u00edch Summer Balls ve \u010dtvrtek <strong>12. \u010dervna<\/strong> uzav\u0159e ples s <strong>Hanou Holi\u0161ovou &amp; New Time Orchestra<\/strong> pln\u00fd n\u00e1dhern\u00fdch melodi\u00ed a povzn\u00e1\u0161ej\u00edc\u00ed energie. Hana Holi\u0161ov\u00e1 na Letn\u00ed sc\u00e9n\u011b Musea Kampa z\u00e1\u0159\u00ed v&nbsp;tituln\u00ed roli divadeln\u00edho recit\u00e1lu Marta, za sv\u016fj strhuj\u00edc\u00ed v\u00fdkon z\u00edskala Cenu Th\u00e1lie. Jej\u00ed podmaniv\u00fd hlas zazn\u00ed v doprovodu New Time Orchestra \u2013 dynamick\u00e9ho big bandu, kter\u00fd p\u0159in\u00e1\u0161\u00ed modern\u00ed pojet\u00ed orchestr\u00e1ln\u00ed hudby. Reperto\u00e1r spojuj\u00edc\u00ed pop, jazz a swing nadchne v\u0161echny milovn\u00edky hudby i letn\u00edch noc\u00ed pod \u0161ir\u00fdm nebem.<\/p>\n\n\n\n<div style=\"height:35px\" aria-hidden=\"true\" class=\"wp-block-spacer\"><\/div>\n\n\n<div class=\"wp-block-image\">\n<figure class=\"aligncenter size-full\"><img decoding=\"async\" src=\"https:\/\/prazskeprikopy.cz\/wp-content\/uploads\/2025\/03\/SummerBalls_Poster_PrvniRepublika_V02_VIZUAL-kopie.jpg\" alt=\"L\u00e9to v Praze roztan\u010d\u00ed exkluzivn\u00ed Summer Balls na n\u00e1dvo\u0159\u00ed Musea Kampa\" class=\"wp-image-13285\" \/><\/figure><\/div>\n\n\n<div style=\"height:35px\" aria-hidden=\"true\" class=\"wp-block-spacer\"><\/div>\n\n\n\n<p class=\"has-medium-font-size\">Na realizaci <strong>Summer Balls <\/strong>se pod\u00edl\u00ed Barrandov Studio, kter\u00e9 ke ka\u017ed\u00e9 zakoupen\u00e9 vstupence nab\u00edz\u00ed slevu na zap\u016fj\u010den\u00ed kost\u00fdm\u016f z&nbsp;bohat\u00e9ho barrandovsk\u00e9ho fundusu.<\/p>\n\n\n\n<p class=\"has-medium-font-size\"><strong>Summer Balls<\/strong> na Letn\u00ed sc\u00e9n\u011b Musea Kampa budou jedine\u010dnou ud\u00e1lost\u00ed, jakou Praha je\u0161t\u011b neza\u017eila. Spojen\u00ed um\u011bn\u00ed, historie, noblesy a \u017eiv\u00e9 z\u00e1bavy vytvo\u0159\u00ed kulisu pro nezapomenuteln\u00e9 letn\u00ed ve\u010dery. Vstupenky u\u017e jsou v&nbsp;prodeji v s\u00edti <strong>GoOut<\/strong> a na <strong>webu Letn\u00ed sc\u00e9ny Musea Kampawww.letniscenamuseakampa.cz.<\/strong><\/p>\n\n\n\n<div style=\"height:100px\" aria-hidden=\"true\" class=\"wp-block-spacer\"><\/div>\n\n\n\n<figure class=\"wp-block-gallery has-nested-images columns-2 is-cropped wp-block-gallery-1 is-layout-flex wp-block-gallery-is-layout-flex\">\n<figure class=\"wp-block-image size-large\"><img decoding=\"async\" data-id=\"13286\" src=\"https:\/\/prazskeprikopy.cz\/wp-content\/uploads\/2025\/03\/SummerBalls_Poster_MedaGala_V02_VIZUAL-kopie.jpg\" alt=\"L\u00e9to v Praze roztan\u010d\u00ed exkluzivn\u00ed Summer Balls na n\u00e1dvo\u0159\u00ed Musea Kampa\" class=\"wp-image-13286\" \/><\/figure>\n\n\n\n<figure class=\"wp-block-image size-large\"><img decoding=\"async\" data-id=\"13287\" src=\"https:\/\/prazskeprikopy.cz\/wp-content\/uploads\/2025\/03\/SummerBalls_Poster_Hana-Holisova_V02_TEXT-724x1024.jpeg\" alt=\"L\u00e9to v Praze roztan\u010d\u00ed exkluzivn\u00ed Summer Balls na n\u00e1dvo\u0159\u00ed Musea Kampa\" class=\"wp-image-13287\" \/><\/figure>\n\n\n\n<figure class=\"wp-block-image size-large\"><img decoding=\"async\" data-id=\"13285\" src=\"https:\/\/prazskeprikopy.cz\/wp-content\/uploads\/2025\/03\/SummerBalls_Poster_PrvniRepublika_V02_VIZUAL-kopie.jpg\" alt=\"L\u00e9to v Praze roztan\u010d\u00ed exkluzivn\u00ed Summer Balls na n\u00e1dvo\u0159\u00ed Musea Kampa\" class=\"wp-image-13285\" \/><\/figure>\n<\/figure>\n\n\n\n<div style=\"height:35px\" aria-hidden=\"true\" class=\"wp-block-spacer\"><\/div>\n\n\n\n<p><strong>Zdroj foto:<\/strong> Museum Kampa<\/p>\n\n\n\n<div style=\"height:65px\" aria-hidden=\"true\" class=\"wp-block-spacer\"><\/div>\n","protected":false},"excerpt":{"rendered":"<p>Plesov\u00e1 sez\u00f3na rozhodn\u011b nemus\u00ed zdobit jen zimn\u00ed m\u011bs\u00edce! Program Letn\u00ed sc\u00e9ny Musea Kampa letos poprv\u00e9 v historii otev\u0159ou Summer Balls \u2013 exkluzivn\u00ed letn\u00ed plesy p\u0159\u00edmo na n\u00e1dvo\u0159\u00ed Musea Kampa. T\u0159i \u010dervnov\u00e9 ve\u010dery pod \u0161ir\u00fdm&#46;&#46;&#46;<\/p>\n","protected":false},"author":10,"featured_media":11083,"comment_status":"closed","ping_status":"closed","sticky":false,"template":"","format":"standard","meta":{"_monsterinsights_skip_tracking":false,"_monsterinsights_sitenote_active":false,"_monsterinsights_sitenote_note":"","_monsterinsights_sitenote_category":0,"footnotes":""},"categories":[19,3,2,169,163,10,17],"tags":[],"yoast_head":"<!-- This site is optimized with the Yoast SEO plugin v21.5 - https:\/\/yoast.com\/wordpress\/plugins\/seo\/ -->\n<title>L\u00e9to v Praze roztan\u010d\u00ed exkluzivn\u00ed Summer Balls na n\u00e1dvo\u0159\u00ed Musea Kampa - CELEBRITYHOUSE.cz<\/title>\n<meta name=\"description\" content=\"Plesov\u00e1 sez\u00f3na rozhodn\u011b nemus\u00ed zdobit jen zimn\u00ed m\u011bs\u00edce! Program Letn\u00ed sc\u00e9ny Musea Kampa letos poprv\u00e9 v historii otev\u0159ou Summer Balls\" \/>\n<meta name=\"robots\" content=\"index, follow, max-snippet:-1, max-image-preview:large, max-video-preview:-1\" \/>\n<link rel=\"canonical\" href=\"https:\/\/celebrityhouse.cz\/index.php\/2025\/04\/18\/leto-v-praze-roztanci-exkluzivni-summer-balls-na-nadvori-musea-kampa\/\" \/>\n<meta property=\"og:locale\" content=\"cs_CZ\" \/>\n<meta property=\"og:type\" content=\"article\" \/>\n<meta property=\"og:title\" content=\"L\u00e9to v Praze roztan\u010d\u00ed exkluzivn\u00ed Summer Balls na n\u00e1dvo\u0159\u00ed Musea Kampa - CELEBRITYHOUSE.cz\" \/>\n<meta property=\"og:description\" content=\"Plesov\u00e1 sez\u00f3na rozhodn\u011b nemus\u00ed zdobit jen zimn\u00ed m\u011bs\u00edce! Program Letn\u00ed sc\u00e9ny Musea Kampa letos poprv\u00e9 v historii otev\u0159ou Summer Balls\" \/>\n<meta property=\"og:url\" content=\"https:\/\/celebrityhouse.cz\/index.php\/2025\/04\/18\/leto-v-praze-roztanci-exkluzivni-summer-balls-na-nadvori-musea-kampa\/\" \/>\n<meta property=\"og:site_name\" content=\"CELEBRITYHOUSE.cz\" \/>\n<meta property=\"article:published_time\" content=\"2025-04-17T22:01:00+00:00\" \/>\n<meta property=\"article:modified_time\" content=\"2025-04-25T14:40:44+00:00\" \/>\n<meta property=\"og:image\" content=\"https:\/\/celebrityhouse.cz\/wp-content\/uploads\/2025\/03\/SummerBalls_Poster_PrvniRepublika_V02_VIZUAL-kopie.jpg\" \/>\n\t<meta property=\"og:image:width\" content=\"905\" \/>\n\t<meta property=\"og:image:height\" content=\"634\" \/>\n\t<meta property=\"og:image:type\" content=\"image\/jpeg\" \/>\n<meta name=\"author\" content=\"Helen Guardian\" \/>\n<meta name=\"twitter:card\" content=\"summary_large_image\" \/>\n<meta name=\"twitter:label1\" content=\"Napsal(a)\" \/>\n\t<meta name=\"twitter:data1\" content=\"Helen Guardian\" \/>\n\t<meta name=\"twitter:label2\" content=\"Odhadovan\u00e1 doba \u010dten\u00ed\" \/>\n\t<meta name=\"twitter:data2\" content=\"4 minuty\" \/>\n<script type=\"application\/ld+json\" class=\"yoast-schema-graph\">{\"@context\":\"https:\/\/schema.org\",\"@graph\":[{\"@type\":\"Article\",\"@id\":\"https:\/\/celebrityhouse.cz\/index.php\/2025\/04\/18\/leto-v-praze-roztanci-exkluzivni-summer-balls-na-nadvori-musea-kampa\/#article\",\"isPartOf\":{\"@id\":\"https:\/\/celebrityhouse.cz\/index.php\/2025\/04\/18\/leto-v-praze-roztanci-exkluzivni-summer-balls-na-nadvori-musea-kampa\/\"},\"author\":{\"name\":\"Helen Guardian\",\"@id\":\"https:\/\/celebrityhouse.cz\/#\/schema\/person\/bd8317bbfad32bdb6e4bb66ad0065f09\"},\"headline\":\"L\u00e9to v Praze roztan\u010d\u00ed exkluzivn\u00ed Summer Balls na n\u00e1dvo\u0159\u00ed Musea Kampa\",\"datePublished\":\"2025-04-17T22:01:00+00:00\",\"dateModified\":\"2025-04-25T14:40:44+00:00\",\"mainEntityOfPage\":{\"@id\":\"https:\/\/celebrityhouse.cz\/index.php\/2025\/04\/18\/leto-v-praze-roztanci-exkluzivni-summer-balls-na-nadvori-musea-kampa\/\"},\"wordCount\":497,\"publisher\":{\"@id\":\"https:\/\/celebrityhouse.cz\/#organization\"},\"articleSection\":[\"AKCE\",\"\u010cESK\u00c9 CELEBRITY\",\"NEWS\",\"PRA\u017dSK\u00c1 KAMPA\",\"PRA\u017dSK\u00c1 METROPOLE\",\"TIPY &amp; TRENDY\",\"TIPY NA DIVADLO\"],\"inLanguage\":\"cs\"},{\"@type\":\"WebPage\",\"@id\":\"https:\/\/celebrityhouse.cz\/index.php\/2025\/04\/18\/leto-v-praze-roztanci-exkluzivni-summer-balls-na-nadvori-musea-kampa\/\",\"url\":\"https:\/\/celebrityhouse.cz\/index.php\/2025\/04\/18\/leto-v-praze-roztanci-exkluzivni-summer-balls-na-nadvori-musea-kampa\/\",\"name\":\"L\u00e9to v Praze roztan\u010d\u00ed exkluzivn\u00ed Summer Balls na n\u00e1dvo\u0159\u00ed Musea Kampa - CELEBRITYHOUSE.cz\",\"isPartOf\":{\"@id\":\"https:\/\/celebrityhouse.cz\/#website\"},\"datePublished\":\"2025-04-17T22:01:00+00:00\",\"dateModified\":\"2025-04-25T14:40:44+00:00\",\"description\":\"Plesov\u00e1 sez\u00f3na rozhodn\u011b nemus\u00ed zdobit jen zimn\u00ed m\u011bs\u00edce! Program Letn\u00ed sc\u00e9ny Musea Kampa letos poprv\u00e9 v historii otev\u0159ou Summer Balls\",\"breadcrumb\":{\"@id\":\"https:\/\/celebrityhouse.cz\/index.php\/2025\/04\/18\/leto-v-praze-roztanci-exkluzivni-summer-balls-na-nadvori-musea-kampa\/#breadcrumb\"},\"inLanguage\":\"cs\",\"potentialAction\":[{\"@type\":\"ReadAction\",\"target\":[\"https:\/\/celebrityhouse.cz\/index.php\/2025\/04\/18\/leto-v-praze-roztanci-exkluzivni-summer-balls-na-nadvori-musea-kampa\/\"]}]},{\"@type\":\"BreadcrumbList\",\"@id\":\"https:\/\/celebrityhouse.cz\/index.php\/2025\/04\/18\/leto-v-praze-roztanci-exkluzivni-summer-balls-na-nadvori-musea-kampa\/#breadcrumb\",\"itemListElement\":[{\"@type\":\"ListItem\",\"position\":1,\"name\":\"Dom\u016f\",\"item\":\"https:\/\/celebrityhouse.cz\/\"},{\"@type\":\"ListItem\",\"position\":2,\"name\":\"L\u00e9to v Praze roztan\u010d\u00ed exkluzivn\u00ed Summer Balls na n\u00e1dvo\u0159\u00ed Musea Kampa\"}]},{\"@type\":\"WebSite\",\"@id\":\"https:\/\/celebrityhouse.cz\/#website\",\"url\":\"https:\/\/celebrityhouse.cz\/\",\"name\":\"CELEBRITYHOUSE.cz\",\"description\":\"Port\u00e1l o showbyznysu...\",\"publisher\":{\"@id\":\"https:\/\/celebrityhouse.cz\/#organization\"},\"potentialAction\":[{\"@type\":\"SearchAction\",\"target\":{\"@type\":\"EntryPoint\",\"urlTemplate\":\"https:\/\/celebrityhouse.cz\/?s={search_term_string}\"},\"query-input\":\"required name=search_term_string\"}],\"inLanguage\":\"cs\"},{\"@type\":\"Organization\",\"@id\":\"https:\/\/celebrityhouse.cz\/#organization\",\"name\":\"CELEBRITYHOUSE.cz\",\"url\":\"https:\/\/celebrityhouse.cz\/\",\"logo\":{\"@type\":\"ImageObject\",\"inLanguage\":\"cs\",\"@id\":\"https:\/\/celebrityhouse.cz\/#\/schema\/logo\/image\/\",\"url\":\"https:\/\/celebrityhouse.cz\/wp-content\/uploads\/2024\/12\/cropped-Logo_CelebrityHouse_2.jpg\",\"contentUrl\":\"https:\/\/celebrityhouse.cz\/wp-content\/uploads\/2024\/12\/cropped-Logo_CelebrityHouse_2.jpg\",\"width\":937,\"height\":510,\"caption\":\"CELEBRITYHOUSE.cz\"},\"image\":{\"@id\":\"https:\/\/celebrityhouse.cz\/#\/schema\/logo\/image\/\"}},{\"@type\":\"Person\",\"@id\":\"https:\/\/celebrityhouse.cz\/#\/schema\/person\/bd8317bbfad32bdb6e4bb66ad0065f09\",\"name\":\"Helen Guardian\",\"image\":{\"@type\":\"ImageObject\",\"inLanguage\":\"cs\",\"@id\":\"https:\/\/celebrityhouse.cz\/#\/schema\/person\/image\/\",\"url\":\"https:\/\/secure.gravatar.com\/avatar\/f62c76287ccbbd3f899549a169c0e6aa?s=96&d=mm&r=g\",\"contentUrl\":\"https:\/\/secure.gravatar.com\/avatar\/f62c76287ccbbd3f899549a169c0e6aa?s=96&d=mm&r=g\",\"caption\":\"Helen Guardian\"},\"sameAs\":[\"http:\/\/CELEBRITYHOUSE.cz\"],\"url\":\"https:\/\/celebrityhouse.cz\/index.php\/author\/helgu\/\"}]}<\/script>\n<!-- \/ Yoast SEO plugin. -->","yoast_head_json":{"title":"L\u00e9to v Praze roztan\u010d\u00ed exkluzivn\u00ed Summer Balls na n\u00e1dvo\u0159\u00ed Musea Kampa - CELEBRITYHOUSE.cz","description":"Plesov\u00e1 sez\u00f3na rozhodn\u011b nemus\u00ed zdobit jen zimn\u00ed m\u011bs\u00edce! Program Letn\u00ed sc\u00e9ny Musea Kampa letos poprv\u00e9 v historii otev\u0159ou Summer Balls","robots":{"index":"index","follow":"follow","max-snippet":"max-snippet:-1","max-image-preview":"max-image-preview:large","max-video-preview":"max-video-preview:-1"},"canonical":"https:\/\/celebrityhouse.cz\/index.php\/2025\/04\/18\/leto-v-praze-roztanci-exkluzivni-summer-balls-na-nadvori-musea-kampa\/","og_locale":"cs_CZ","og_type":"article","og_title":"L\u00e9to v Praze roztan\u010d\u00ed exkluzivn\u00ed Summer Balls na n\u00e1dvo\u0159\u00ed Musea Kampa - CELEBRITYHOUSE.cz","og_description":"Plesov\u00e1 sez\u00f3na rozhodn\u011b nemus\u00ed zdobit jen zimn\u00ed m\u011bs\u00edce! Program Letn\u00ed sc\u00e9ny Musea Kampa letos poprv\u00e9 v historii otev\u0159ou Summer Balls","og_url":"https:\/\/celebrityhouse.cz\/index.php\/2025\/04\/18\/leto-v-praze-roztanci-exkluzivni-summer-balls-na-nadvori-musea-kampa\/","og_site_name":"CELEBRITYHOUSE.cz","article_published_time":"2025-04-17T22:01:00+00:00","article_modified_time":"2025-04-25T14:40:44+00:00","og_image":[{"width":905,"height":634,"url":"https:\/\/celebrityhouse.cz\/wp-content\/uploads\/2025\/03\/SummerBalls_Poster_PrvniRepublika_V02_VIZUAL-kopie.jpg","type":"image\/jpeg"}],"author":"Helen Guardian","twitter_card":"summary_large_image","twitter_misc":{"Napsal(a)":"Helen Guardian","Odhadovan\u00e1 doba \u010dten\u00ed":"4 minuty"},"schema":{"@context":"https:\/\/schema.org","@graph":[{"@type":"Article","@id":"https:\/\/celebrityhouse.cz\/index.php\/2025\/04\/18\/leto-v-praze-roztanci-exkluzivni-summer-balls-na-nadvori-musea-kampa\/#article","isPartOf":{"@id":"https:\/\/celebrityhouse.cz\/index.php\/2025\/04\/18\/leto-v-praze-roztanci-exkluzivni-summer-balls-na-nadvori-musea-kampa\/"},"author":{"name":"Helen Guardian","@id":"https:\/\/celebrityhouse.cz\/#\/schema\/person\/bd8317bbfad32bdb6e4bb66ad0065f09"},"headline":"L\u00e9to v Praze roztan\u010d\u00ed exkluzivn\u00ed Summer Balls na n\u00e1dvo\u0159\u00ed Musea Kampa","datePublished":"2025-04-17T22:01:00+00:00","dateModified":"2025-04-25T14:40:44+00:00","mainEntityOfPage":{"@id":"https:\/\/celebrityhouse.cz\/index.php\/2025\/04\/18\/leto-v-praze-roztanci-exkluzivni-summer-balls-na-nadvori-musea-kampa\/"},"wordCount":497,"publisher":{"@id":"https:\/\/celebrityhouse.cz\/#organization"},"articleSection":["AKCE","\u010cESK\u00c9 CELEBRITY","NEWS","PRA\u017dSK\u00c1 KAMPA","PRA\u017dSK\u00c1 METROPOLE","TIPY &amp; TRENDY","TIPY NA DIVADLO"],"inLanguage":"cs"},{"@type":"WebPage","@id":"https:\/\/celebrityhouse.cz\/index.php\/2025\/04\/18\/leto-v-praze-roztanci-exkluzivni-summer-balls-na-nadvori-musea-kampa\/","url":"https:\/\/celebrityhouse.cz\/index.php\/2025\/04\/18\/leto-v-praze-roztanci-exkluzivni-summer-balls-na-nadvori-musea-kampa\/","name":"L\u00e9to v Praze roztan\u010d\u00ed exkluzivn\u00ed Summer Balls na n\u00e1dvo\u0159\u00ed Musea Kampa - CELEBRITYHOUSE.cz","isPartOf":{"@id":"https:\/\/celebrityhouse.cz\/#website"},"datePublished":"2025-04-17T22:01:00+00:00","dateModified":"2025-04-25T14:40:44+00:00","description":"Plesov\u00e1 sez\u00f3na rozhodn\u011b nemus\u00ed zdobit jen zimn\u00ed m\u011bs\u00edce! Program Letn\u00ed sc\u00e9ny Musea Kampa letos poprv\u00e9 v historii otev\u0159ou Summer Balls","breadcrumb":{"@id":"https:\/\/celebrityhouse.cz\/index.php\/2025\/04\/18\/leto-v-praze-roztanci-exkluzivni-summer-balls-na-nadvori-musea-kampa\/#breadcrumb"},"inLanguage":"cs","potentialAction":[{"@type":"ReadAction","target":["https:\/\/celebrityhouse.cz\/index.php\/2025\/04\/18\/leto-v-praze-roztanci-exkluzivni-summer-balls-na-nadvori-musea-kampa\/"]}]},{"@type":"BreadcrumbList","@id":"https:\/\/celebrityhouse.cz\/index.php\/2025\/04\/18\/leto-v-praze-roztanci-exkluzivni-summer-balls-na-nadvori-musea-kampa\/#breadcrumb","itemListElement":[{"@type":"ListItem","position":1,"name":"Dom\u016f","item":"https:\/\/celebrityhouse.cz\/"},{"@type":"ListItem","position":2,"name":"L\u00e9to v Praze roztan\u010d\u00ed exkluzivn\u00ed Summer Balls na n\u00e1dvo\u0159\u00ed Musea Kampa"}]},{"@type":"WebSite","@id":"https:\/\/celebrityhouse.cz\/#website","url":"https:\/\/celebrityhouse.cz\/","name":"CELEBRITYHOUSE.cz","description":"Port\u00e1l o showbyznysu...","publisher":{"@id":"https:\/\/celebrityhouse.cz\/#organization"},"potentialAction":[{"@type":"SearchAction","target":{"@type":"EntryPoint","urlTemplate":"https:\/\/celebrityhouse.cz\/?s={search_term_string}"},"query-input":"required name=search_term_string"}],"inLanguage":"cs"},{"@type":"Organization","@id":"https:\/\/celebrityhouse.cz\/#organization","name":"CELEBRITYHOUSE.cz","url":"https:\/\/celebrityhouse.cz\/","logo":{"@type":"ImageObject","inLanguage":"cs","@id":"https:\/\/celebrityhouse.cz\/#\/schema\/logo\/image\/","url":"https:\/\/celebrityhouse.cz\/wp-content\/uploads\/2024\/12\/cropped-Logo_CelebrityHouse_2.jpg","contentUrl":"https:\/\/celebrityhouse.cz\/wp-content\/uploads\/2024\/12\/cropped-Logo_CelebrityHouse_2.jpg","width":937,"height":510,"caption":"CELEBRITYHOUSE.cz"},"image":{"@id":"https:\/\/celebrityhouse.cz\/#\/schema\/logo\/image\/"}},{"@type":"Person","@id":"https:\/\/celebrityhouse.cz\/#\/schema\/person\/bd8317bbfad32bdb6e4bb66ad0065f09","name":"Helen Guardian","image":{"@type":"ImageObject","inLanguage":"cs","@id":"https:\/\/celebrityhouse.cz\/#\/schema\/person\/image\/","url":"https:\/\/secure.gravatar.com\/avatar\/f62c76287ccbbd3f899549a169c0e6aa?s=96&d=mm&r=g","contentUrl":"https:\/\/secure.gravatar.com\/avatar\/f62c76287ccbbd3f899549a169c0e6aa?s=96&d=mm&r=g","caption":"Helen Guardian"},"sameAs":["http:\/\/CELEBRITYHOUSE.cz"],"url":"https:\/\/celebrityhouse.cz\/index.php\/author\/helgu\/"}]}},"_links":{"self":[{"href":"https:\/\/celebrityhouse.cz\/index.php\/wp-json\/wp\/v2\/posts\/11081"}],"collection":[{"href":"https:\/\/celebrityhouse.cz\/index.php\/wp-json\/wp\/v2\/posts"}],"about":[{"href":"https:\/\/celebrityhouse.cz\/index.php\/wp-json\/wp\/v2\/types\/post"}],"author":[{"embeddable":true,"href":"https:\/\/celebrityhouse.cz\/index.php\/wp-json\/wp\/v2\/users\/10"}],"replies":[{"embeddable":true,"href":"https:\/\/celebrityhouse.cz\/index.php\/wp-json\/wp\/v2\/comments?post=11081"}],"version-history":[{"count":1,"href":"https:\/\/celebrityhouse.cz\/index.php\/wp-json\/wp\/v2\/posts\/11081\/revisions"}],"predecessor-version":[{"id":11084,"href":"https:\/\/celebrityhouse.cz\/index.php\/wp-json\/wp\/v2\/posts\/11081\/revisions\/11084"}],"wp:featuredmedia":[{"embeddable":true,"href":"https:\/\/celebrityhouse.cz\/index.php\/wp-json\/wp\/v2\/media\/11083"}],"wp:attachment":[{"href":"https:\/\/celebrityhouse.cz\/index.php\/wp-json\/wp\/v2\/media?parent=11081"}],"wp:term":[{"taxonomy":"category","embeddable":true,"href":"https:\/\/celebrityhouse.cz\/index.php\/wp-json\/wp\/v2\/categories?post=11081"},{"taxonomy":"post_tag","embeddable":true,"href":"https:\/\/celebrityhouse.cz\/index.php\/wp-json\/wp\/v2\/tags?post=11081"}],"curies":[{"name":"wp","href":"https:\/\/api.w.org\/{rel}","templated":true}]}}