{"id":1113,"date":"2019-09-13T00:01:06","date_gmt":"2019-09-12T22:01:06","guid":{"rendered":"http:\/\/celebrityhouse.cz\/?p=1113"},"modified":"2019-09-13T01:39:24","modified_gmt":"2019-09-12T23:39:24","slug":"cim-jezdil-brad-pitt-nebo-scarlett-johansson-v-benatkach","status":"publish","type":"post","link":"https:\/\/celebrityhouse.cz\/index.php\/2019\/09\/13\/cim-jezdil-brad-pitt-nebo-scarlett-johansson-v-benatkach\/","title":{"rendered":"\u010c\u00edm jezdil Brad Pitt nebo Scarlett Johansson v Ben\u00e1tk\u00e1ch?"},"content":{"rendered":"\n<p><strong>Mezi nejd\u016fle\u017eit\u011bj\u0161\u00ed hosty Mezin\u00e1rodn\u00edho filmov\u00e9ho festivalu v Ben\u00e1tk\u00e1ch letos pat\u0159ili Brad Pitt, Jude Law, John Malkovich, Scarlett Johansson \u010di Laura Dern. Na \u010derven\u00fd koberec dorazili ve speci\u00e1ln\u00ed spole\u010dnosti &#8211; p\u0159ivezl je hybridn\u00ed Lexus UX 250h.<\/strong><\/p>\n\n\n\n<figure class=\"wp-block-image\"><img loading=\"lazy\" decoding=\"async\" width=\"1024\" height=\"679\" src=\"http:\/\/celebrityhouse.cz\/wp-content\/uploads\/2019\/09\/13-braddpitt-lexus-redcarpet-726794-896909-1024x679.jpg\" alt=\"\" class=\"wp-image-1125\" srcset=\"https:\/\/celebrityhouse.cz\/wp-content\/uploads\/2019\/09\/13-braddpitt-lexus-redcarpet-726794-896909-1024x679.jpg 1024w, https:\/\/celebrityhouse.cz\/wp-content\/uploads\/2019\/09\/13-braddpitt-lexus-redcarpet-726794-896909-300x199.jpg 300w, https:\/\/celebrityhouse.cz\/wp-content\/uploads\/2019\/09\/13-braddpitt-lexus-redcarpet-726794-896909-768x509.jpg 768w, https:\/\/celebrityhouse.cz\/wp-content\/uploads\/2019\/09\/13-braddpitt-lexus-redcarpet-726794-896909.jpg 1228w\" sizes=\"(max-width: 1024px) 100vw, 1024px\" \/><\/figure>\n\n\n\n<p>Japonsk\u00e1 automobilka Lexus byla u\u017e t\u0159et\u00edm rokem po sob\u011b sponzorem Mezin\u00e1rodn\u00edho filmov\u00e9ho festivalu v Ben\u00e1tk\u00e1ch La Biennale di Venezia. Jej\u00edmi vozy jezdily i ty nejv\u011bt\u0161\u00ed hollywoodsk\u00e9 hv\u011bzdy. Rud\u00fdm Lexusem UX 250h s ekologick\u00fdm hybridn\u00edm pohonem a autonomn\u00edm dob\u00edjen\u00edm se svezl Brad Pitt, Scarlett Johansson, Jude Law, John Malkovich, Adam Driver, Penelope Cruz, Laura Dern, Mel B, Juliett Binochet, Stacy Martin \u010di Catherine Deneuve.<\/p>\n\n\n\n<figure class=\"wp-block-image\"><img loading=\"lazy\" decoding=\"async\" width=\"1024\" height=\"646\" src=\"http:\/\/celebrityhouse.cz\/wp-content\/uploads\/2019\/09\/2.merylstreep-578036-580129-1024x646.jpg\" alt=\"\" class=\"wp-image-1116\" srcset=\"https:\/\/celebrityhouse.cz\/wp-content\/uploads\/2019\/09\/2.merylstreep-578036-580129-1024x646.jpg 1024w, https:\/\/celebrityhouse.cz\/wp-content\/uploads\/2019\/09\/2.merylstreep-578036-580129-300x189.jpg 300w, https:\/\/celebrityhouse.cz\/wp-content\/uploads\/2019\/09\/2.merylstreep-578036-580129-768x484.jpg 768w, https:\/\/celebrityhouse.cz\/wp-content\/uploads\/2019\/09\/2.merylstreep-578036-580129.jpg 1259w\" sizes=\"(max-width: 1024px) 100vw, 1024px\" \/><\/figure>\n\n\n\n<p>Pro VIP hosty byla v Ben\u00e1tk\u00e1ch p\u0159ipravena flotila 35 voz\u016f Lexus. Nov\u00fd Lexus UX 250h, jedin\u00fd hybridn\u00ed model v automobilov\u00e9m segmentu pr\u00e9miov\u00fdch kompaktn\u00edch crossover\u016f, byl zvolen jako vozidlo k doprav\u011b VIP host\u016f na ofici\u00e1ln\u00ed projekce 76. ro\u010dn\u00edku mezin\u00e1rodn\u00edho filmov\u00e9ho festivalu v Ben\u00e1tk\u00e1ch po\u0159\u00e1dan\u00e9ho ve dnech 28. srpna a\u017e 7. z\u00e1\u0159\u00ed 2019.<\/p>\n\n\n\n<figure class=\"wp-block-image\"><img loading=\"lazy\" decoding=\"async\" width=\"1024\" height=\"687\" src=\"http:\/\/celebrityhouse.cz\/wp-content\/uploads\/2019\/09\/3.penelopecruz-292687-696174-1024x687.jpg\" alt=\"\" class=\"wp-image-1118\" srcset=\"https:\/\/celebrityhouse.cz\/wp-content\/uploads\/2019\/09\/3.penelopecruz-292687-696174-1024x687.jpg 1024w, https:\/\/celebrityhouse.cz\/wp-content\/uploads\/2019\/09\/3.penelopecruz-292687-696174-300x201.jpg 300w, https:\/\/celebrityhouse.cz\/wp-content\/uploads\/2019\/09\/3.penelopecruz-292687-696174-768x515.jpg 768w, https:\/\/celebrityhouse.cz\/wp-content\/uploads\/2019\/09\/3.penelopecruz-292687-696174.jpg 1221w\" sizes=\"(max-width: 1024px) 100vw, 1024px\" \/><\/figure>\n\n\n\n<p>Jednou z nejv\u00edce o\u010dek\u00e1van\u00fdch celebrit festivalu byl Brad Pitt, kter\u00fd tu uvedl sv\u016fj nov\u00fd film Ad Astra (Ke hv\u011bzd\u00e1m). I na jeho premi\u00e9ru dorazil v Lexusu UX 250h.<\/p>\n\n\n\n<figure class=\"wp-block-image\"><img loading=\"lazy\" decoding=\"async\" width=\"1024\" height=\"677\" src=\"http:\/\/celebrityhouse.cz\/wp-content\/uploads\/2019\/09\/4.judelawejohnmalkovich-637306-144011-1024x677.jpg\" alt=\"\" class=\"wp-image-1120\" srcset=\"https:\/\/celebrityhouse.cz\/wp-content\/uploads\/2019\/09\/4.judelawejohnmalkovich-637306-144011-1024x677.jpg 1024w, https:\/\/celebrityhouse.cz\/wp-content\/uploads\/2019\/09\/4.judelawejohnmalkovich-637306-144011-300x198.jpg 300w, https:\/\/celebrityhouse.cz\/wp-content\/uploads\/2019\/09\/4.judelawejohnmalkovich-637306-144011-768x508.jpg 768w, https:\/\/celebrityhouse.cz\/wp-content\/uploads\/2019\/09\/4.judelawejohnmalkovich-637306-144011.jpg 1229w\" sizes=\"(max-width: 1024px) 100vw, 1024px\" \/><\/figure>\n\n\n\n<p>\n<strong>Lexus\nve filmu<\/strong><\/p>\n\n\n\n<p>Lexus v\u0161ak ve sv\u011bt\u011b filmu nen\u00ed \u017e\u00e1dn\u00fdm nov\u00e1\u010dkem. Jednak je partnerem festivalu ji\u017e pot\u0159et\u00ed, a jednak se velmi \u010dasto s\u00e1m objevuje v d\u016fle\u017eit\u00fdch filmov\u00fdch rol\u00edch. Naposledy si zahr\u00e1l nap\u0159\u00edklad ve sn\u00edmku Mu\u017ei v \u010dern\u00e9m: Glob\u00e1ln\u00ed hrozba.<\/p>\n\n\n\n<figure class=\"wp-block-image\"><img loading=\"lazy\" decoding=\"async\" width=\"1024\" height=\"723\" src=\"http:\/\/celebrityhouse.cz\/wp-content\/uploads\/2019\/09\/7.monicabellucci-332183-268034-1024x723.jpg\" alt=\"\" class=\"wp-image-1123\" srcset=\"https:\/\/celebrityhouse.cz\/wp-content\/uploads\/2019\/09\/7.monicabellucci-332183-268034-1024x723.jpg 1024w, https:\/\/celebrityhouse.cz\/wp-content\/uploads\/2019\/09\/7.monicabellucci-332183-268034-300x212.jpg 300w, https:\/\/celebrityhouse.cz\/wp-content\/uploads\/2019\/09\/7.monicabellucci-332183-268034-768x542.jpg 768w, https:\/\/celebrityhouse.cz\/wp-content\/uploads\/2019\/09\/7.monicabellucci-332183-268034.jpg 1190w\" sizes=\"(max-width: 1024px) 100vw, 1024px\" \/><\/figure>\n\n\n\n<p>Festival si vybral Lexus za sv\u016fj ofici\u00e1ln\u00ed v\u016fz pro jeho japonskou pohostinnost. Filozofie Lexus v duchu sloganu Experience Amazing prom\u011b\u0148uje funk\u010dnost v emoce, schopnosti v inovace a technologie ve v\u00e1\u0161e\u0148. Zna\u010dku Lexus spojuje s oce\u0148ovan\u00fdmi filmy ben\u00e1tsk\u00e9ho festivalu mimo jin\u00e9 i \u0161pi\u010dkov\u00e1 produkce, maxim\u00e1ln\u00ed d\u016fraz na ka\u017ed\u00fd detail, prvot\u0159\u00eddn\u00ed kvalita a dokonal\u00e1 souhra \u0159emesln\u00e9ho zpracov\u00e1n\u00ed s pokrokov\u00fdmi technologiemi.<\/p>\n\n\n\n<ul class=\"wp-block-gallery columns-2 is-cropped wp-block-gallery-1 is-layout-flex wp-block-gallery-is-layout-flex\"><li class=\"blocks-gallery-item\"><figure><img loading=\"lazy\" decoding=\"async\" width=\"1024\" height=\"682\" src=\"http:\/\/celebrityhouse.cz\/wp-content\/uploads\/2019\/09\/1-bradpitt-lexus-redcarpet-29.08-334492-261806-1-1024x682.jpg\" alt=\"\" data-id=\"1115\" data-link=\"http:\/\/celebrityhouse.cz\/?attachment_id=1115\" class=\"wp-image-1115\" srcset=\"https:\/\/celebrityhouse.cz\/wp-content\/uploads\/2019\/09\/1-bradpitt-lexus-redcarpet-29.08-334492-261806-1-1024x682.jpg 1024w, https:\/\/celebrityhouse.cz\/wp-content\/uploads\/2019\/09\/1-bradpitt-lexus-redcarpet-29.08-334492-261806-1-300x200.jpg 300w, https:\/\/celebrityhouse.cz\/wp-content\/uploads\/2019\/09\/1-bradpitt-lexus-redcarpet-29.08-334492-261806-1-768x511.jpg 768w, https:\/\/celebrityhouse.cz\/wp-content\/uploads\/2019\/09\/1-bradpitt-lexus-redcarpet-29.08-334492-261806-1.jpg 1226w\" sizes=\"(max-width: 1024px) 100vw, 1024px\" \/><\/figure><\/li><li class=\"blocks-gallery-item\"><figure><img loading=\"lazy\" decoding=\"async\" width=\"1024\" height=\"646\" src=\"http:\/\/celebrityhouse.cz\/wp-content\/uploads\/2019\/09\/2.merylstreep-578036-580129-1024x646.jpg\" alt=\"\" data-id=\"1116\" data-link=\"http:\/\/celebrityhouse.cz\/?attachment_id=1116\" class=\"wp-image-1116\" srcset=\"https:\/\/celebrityhouse.cz\/wp-content\/uploads\/2019\/09\/2.merylstreep-578036-580129-1024x646.jpg 1024w, https:\/\/celebrityhouse.cz\/wp-content\/uploads\/2019\/09\/2.merylstreep-578036-580129-300x189.jpg 300w, https:\/\/celebrityhouse.cz\/wp-content\/uploads\/2019\/09\/2.merylstreep-578036-580129-768x484.jpg 768w, https:\/\/celebrityhouse.cz\/wp-content\/uploads\/2019\/09\/2.merylstreep-578036-580129.jpg 1259w\" sizes=\"(max-width: 1024px) 100vw, 1024px\" \/><\/figure><\/li><li class=\"blocks-gallery-item\"><figure><img loading=\"lazy\" decoding=\"async\" width=\"682\" height=\"1024\" src=\"http:\/\/celebrityhouse.cz\/wp-content\/uploads\/2019\/09\/2-lexus-almodovar-festivadelcinemadivenezia-615535-160438-682x1024.jpg\" alt=\"\" data-id=\"1117\" data-link=\"http:\/\/celebrityhouse.cz\/?attachment_id=1117\" class=\"wp-image-1117\" srcset=\"https:\/\/celebrityhouse.cz\/wp-content\/uploads\/2019\/09\/2-lexus-almodovar-festivadelcinemadivenezia-615535-160438-682x1024.jpg 682w, https:\/\/celebrityhouse.cz\/wp-content\/uploads\/2019\/09\/2-lexus-almodovar-festivadelcinemadivenezia-615535-160438-200x300.jpg 200w, https:\/\/celebrityhouse.cz\/wp-content\/uploads\/2019\/09\/2-lexus-almodovar-festivadelcinemadivenezia-615535-160438-768x1153.jpg 768w, https:\/\/celebrityhouse.cz\/wp-content\/uploads\/2019\/09\/2-lexus-almodovar-festivadelcinemadivenezia-615535-160438.jpg 816w\" sizes=\"(max-width: 682px) 100vw, 682px\" \/><\/figure><\/li><li class=\"blocks-gallery-item\"><figure><img loading=\"lazy\" decoding=\"async\" width=\"1024\" height=\"687\" src=\"http:\/\/celebrityhouse.cz\/wp-content\/uploads\/2019\/09\/3.penelopecruz-292687-696174-1024x687.jpg\" alt=\"\" data-id=\"1118\" data-link=\"http:\/\/celebrityhouse.cz\/?attachment_id=1118\" class=\"wp-image-1118\" srcset=\"https:\/\/celebrityhouse.cz\/wp-content\/uploads\/2019\/09\/3.penelopecruz-292687-696174-1024x687.jpg 1024w, https:\/\/celebrityhouse.cz\/wp-content\/uploads\/2019\/09\/3.penelopecruz-292687-696174-300x201.jpg 300w, https:\/\/celebrityhouse.cz\/wp-content\/uploads\/2019\/09\/3.penelopecruz-292687-696174-768x515.jpg 768w, https:\/\/celebrityhouse.cz\/wp-content\/uploads\/2019\/09\/3.penelopecruz-292687-696174.jpg 1221w\" sizes=\"(max-width: 1024px) 100vw, 1024px\" \/><\/figure><\/li><li class=\"blocks-gallery-item\"><figure><img loading=\"lazy\" decoding=\"async\" width=\"683\" height=\"1024\" src=\"http:\/\/celebrityhouse.cz\/wp-content\/uploads\/2019\/09\/3-alessandramastronardi-lexus-redcarpet-28.08-241429-784685-683x1024.jpg\" alt=\"\" data-id=\"1119\" data-link=\"http:\/\/celebrityhouse.cz\/?attachment_id=1119\" class=\"wp-image-1119\" srcset=\"https:\/\/celebrityhouse.cz\/wp-content\/uploads\/2019\/09\/3-alessandramastronardi-lexus-redcarpet-28.08-241429-784685-683x1024.jpg 683w, https:\/\/celebrityhouse.cz\/wp-content\/uploads\/2019\/09\/3-alessandramastronardi-lexus-redcarpet-28.08-241429-784685-200x300.jpg 200w, https:\/\/celebrityhouse.cz\/wp-content\/uploads\/2019\/09\/3-alessandramastronardi-lexus-redcarpet-28.08-241429-784685-768x1152.jpg 768w, https:\/\/celebrityhouse.cz\/wp-content\/uploads\/2019\/09\/3-alessandramastronardi-lexus-redcarpet-28.08-241429-784685.jpg 817w\" sizes=\"(max-width: 683px) 100vw, 683px\" \/><\/figure><\/li><li class=\"blocks-gallery-item\"><figure><img loading=\"lazy\" decoding=\"async\" width=\"1024\" height=\"677\" src=\"http:\/\/celebrityhouse.cz\/wp-content\/uploads\/2019\/09\/4.judelawejohnmalkovich-637306-144011-1024x677.jpg\" alt=\"\" data-id=\"1120\" data-link=\"http:\/\/celebrityhouse.cz\/?attachment_id=1120\" class=\"wp-image-1120\" srcset=\"https:\/\/celebrityhouse.cz\/wp-content\/uploads\/2019\/09\/4.judelawejohnmalkovich-637306-144011-1024x677.jpg 1024w, https:\/\/celebrityhouse.cz\/wp-content\/uploads\/2019\/09\/4.judelawejohnmalkovich-637306-144011-300x198.jpg 300w, https:\/\/celebrityhouse.cz\/wp-content\/uploads\/2019\/09\/4.judelawejohnmalkovich-637306-144011-768x508.jpg 768w, https:\/\/celebrityhouse.cz\/wp-content\/uploads\/2019\/09\/4.judelawejohnmalkovich-637306-144011.jpg 1229w\" sizes=\"(max-width: 1024px) 100vw, 1024px\" \/><\/figure><\/li><li class=\"blocks-gallery-item\"><figure><img loading=\"lazy\" decoding=\"async\" width=\"1024\" height=\"683\" src=\"http:\/\/celebrityhouse.cz\/wp-content\/uploads\/2019\/09\/5-lexus-redcarpet-812016-497003-1024x683.jpg\" alt=\"\" data-id=\"1121\" data-link=\"http:\/\/celebrityhouse.cz\/?attachment_id=1121\" class=\"wp-image-1121\" srcset=\"https:\/\/celebrityhouse.cz\/wp-content\/uploads\/2019\/09\/5-lexus-redcarpet-812016-497003-1024x683.jpg 1024w, https:\/\/celebrityhouse.cz\/wp-content\/uploads\/2019\/09\/5-lexus-redcarpet-812016-497003-300x200.jpg 300w, https:\/\/celebrityhouse.cz\/wp-content\/uploads\/2019\/09\/5-lexus-redcarpet-812016-497003-768x512.jpg 768w, https:\/\/celebrityhouse.cz\/wp-content\/uploads\/2019\/09\/5-lexus-redcarpet-812016-497003.jpg 1225w\" sizes=\"(max-width: 1024px) 100vw, 1024px\" \/><\/figure><\/li><li class=\"blocks-gallery-item\"><figure><img loading=\"lazy\" decoding=\"async\" width=\"1024\" height=\"670\" src=\"http:\/\/celebrityhouse.cz\/wp-content\/uploads\/2019\/09\/6-lexus-redcarpet-735539-127704-1024x670.jpg\" alt=\"\" data-id=\"1122\" data-link=\"http:\/\/celebrityhouse.cz\/?attachment_id=1122\" class=\"wp-image-1122\" srcset=\"https:\/\/celebrityhouse.cz\/wp-content\/uploads\/2019\/09\/6-lexus-redcarpet-735539-127704-1024x670.jpg 1024w, https:\/\/celebrityhouse.cz\/wp-content\/uploads\/2019\/09\/6-lexus-redcarpet-735539-127704-300x196.jpg 300w, https:\/\/celebrityhouse.cz\/wp-content\/uploads\/2019\/09\/6-lexus-redcarpet-735539-127704-768x503.jpg 768w, https:\/\/celebrityhouse.cz\/wp-content\/uploads\/2019\/09\/6-lexus-redcarpet-735539-127704.jpg 1236w\" sizes=\"(max-width: 1024px) 100vw, 1024px\" \/><\/figure><\/li><li class=\"blocks-gallery-item\"><figure><img loading=\"lazy\" decoding=\"async\" width=\"1024\" height=\"723\" src=\"http:\/\/celebrityhouse.cz\/wp-content\/uploads\/2019\/09\/7.monicabellucci-332183-268034-1024x723.jpg\" alt=\"\" data-id=\"1123\" data-link=\"http:\/\/celebrityhouse.cz\/?attachment_id=1123\" class=\"wp-image-1123\" srcset=\"https:\/\/celebrityhouse.cz\/wp-content\/uploads\/2019\/09\/7.monicabellucci-332183-268034-1024x723.jpg 1024w, https:\/\/celebrityhouse.cz\/wp-content\/uploads\/2019\/09\/7.monicabellucci-332183-268034-300x212.jpg 300w, https:\/\/celebrityhouse.cz\/wp-content\/uploads\/2019\/09\/7.monicabellucci-332183-268034-768x542.jpg 768w, https:\/\/celebrityhouse.cz\/wp-content\/uploads\/2019\/09\/7.monicabellucci-332183-268034.jpg 1190w\" sizes=\"(max-width: 1024px) 100vw, 1024px\" \/><\/figure><\/li><li class=\"blocks-gallery-item\"><figure><img loading=\"lazy\" decoding=\"async\" width=\"1024\" height=\"690\" src=\"http:\/\/celebrityhouse.cz\/wp-content\/uploads\/2019\/09\/10-adamdriver-lexus-redcarpet-494379-498717-1024x690.jpg\" alt=\"\" data-id=\"1124\" data-link=\"http:\/\/celebrityhouse.cz\/?attachment_id=1124\" class=\"wp-image-1124\" srcset=\"https:\/\/celebrityhouse.cz\/wp-content\/uploads\/2019\/09\/10-adamdriver-lexus-redcarpet-494379-498717-1024x690.jpg 1024w, https:\/\/celebrityhouse.cz\/wp-content\/uploads\/2019\/09\/10-adamdriver-lexus-redcarpet-494379-498717-300x202.jpg 300w, https:\/\/celebrityhouse.cz\/wp-content\/uploads\/2019\/09\/10-adamdriver-lexus-redcarpet-494379-498717-768x518.jpg 768w, https:\/\/celebrityhouse.cz\/wp-content\/uploads\/2019\/09\/10-adamdriver-lexus-redcarpet-494379-498717.jpg 1218w\" sizes=\"(max-width: 1024px) 100vw, 1024px\" \/><\/figure><\/li><li class=\"blocks-gallery-item\"><figure><img loading=\"lazy\" decoding=\"async\" width=\"1024\" height=\"679\" src=\"http:\/\/celebrityhouse.cz\/wp-content\/uploads\/2019\/09\/13-braddpitt-lexus-redcarpet-726794-896909-1024x679.jpg\" alt=\"\" data-id=\"1125\" data-link=\"http:\/\/celebrityhouse.cz\/?attachment_id=1125\" class=\"wp-image-1125\" srcset=\"https:\/\/celebrityhouse.cz\/wp-content\/uploads\/2019\/09\/13-braddpitt-lexus-redcarpet-726794-896909-1024x679.jpg 1024w, https:\/\/celebrityhouse.cz\/wp-content\/uploads\/2019\/09\/13-braddpitt-lexus-redcarpet-726794-896909-300x199.jpg 300w, https:\/\/celebrityhouse.cz\/wp-content\/uploads\/2019\/09\/13-braddpitt-lexus-redcarpet-726794-896909-768x509.jpg 768w, https:\/\/celebrityhouse.cz\/wp-content\/uploads\/2019\/09\/13-braddpitt-lexus-redcarpet-726794-896909.jpg 1228w\" sizes=\"(max-width: 1024px) 100vw, 1024px\" \/><\/figure><\/li><\/ul>\n","protected":false},"excerpt":{"rendered":"<p>Mezi nejd\u016fle\u017eit\u011bj\u0161\u00ed hosty Mezin\u00e1rodn\u00edho filmov\u00e9ho festivalu v Ben\u00e1tk\u00e1ch letos pat\u0159ili Brad Pitt, Jude Law, John Malkovich, Scarlett Johansson \u010di Laura Dern. Na \u010derven\u00fd koberec dorazili ve speci\u00e1ln\u00ed spole\u010dnosti &#8211; p\u0159ivezl je hybridn\u00ed Lexus UX&#46;&#46;&#46;<\/p>\n","protected":false},"author":1,"featured_media":1114,"comment_status":"closed","ping_status":"closed","sticky":false,"template":"","format":"standard","meta":{"_monsterinsights_skip_tracking":false,"_monsterinsights_sitenote_active":false,"_monsterinsights_sitenote_note":"","_monsterinsights_sitenote_category":0,"footnotes":""},"categories":[13,2,4],"tags":[],"yoast_head":"<!-- This site is optimized with the Yoast SEO plugin v21.5 - https:\/\/yoast.com\/wordpress\/plugins\/seo\/ -->\n<title>\u010c\u00edm jezdil Brad Pitt nebo Scarlett Johansson v Ben\u00e1tk\u00e1ch? - CELEBRITYHOUSE.cz<\/title>\n<meta name=\"robots\" content=\"index, follow, max-snippet:-1, max-image-preview:large, max-video-preview:-1\" \/>\n<link rel=\"canonical\" href=\"https:\/\/celebrityhouse.cz\/index.php\/2019\/09\/13\/cim-jezdil-brad-pitt-nebo-scarlett-johansson-v-benatkach\/\" \/>\n<meta property=\"og:locale\" content=\"cs_CZ\" \/>\n<meta property=\"og:type\" content=\"article\" \/>\n<meta property=\"og:title\" content=\"\u010c\u00edm jezdil Brad Pitt nebo Scarlett Johansson v Ben\u00e1tk\u00e1ch? - CELEBRITYHOUSE.cz\" \/>\n<meta property=\"og:description\" content=\"Mezi nejd\u016fle\u017eit\u011bj\u0161\u00ed hosty Mezin\u00e1rodn\u00edho filmov\u00e9ho festivalu v Ben\u00e1tk\u00e1ch letos pat\u0159ili Brad Pitt, Jude Law, John Malkovich, Scarlett Johansson \u010di Laura Dern. Na \u010derven\u00fd koberec dorazili ve speci\u00e1ln\u00ed spole\u010dnosti &#8211; p\u0159ivezl je hybridn\u00ed Lexus UX&#046;&#046;&#046;\" \/>\n<meta property=\"og:url\" content=\"https:\/\/celebrityhouse.cz\/index.php\/2019\/09\/13\/cim-jezdil-brad-pitt-nebo-scarlett-johansson-v-benatkach\/\" \/>\n<meta property=\"og:site_name\" content=\"CELEBRITYHOUSE.cz\" \/>\n<meta property=\"article:published_time\" content=\"2019-09-12T22:01:06+00:00\" \/>\n<meta property=\"article:modified_time\" content=\"2019-09-12T23:39:24+00:00\" \/>\n<meta property=\"og:image\" content=\"https:\/\/celebrityhouse.cz\/wp-content\/uploads\/2019\/09\/1-bradpitt-lexus-redcarpet-29.08-334492-261806.jpg\" \/>\n\t<meta property=\"og:image:width\" content=\"1226\" \/>\n\t<meta property=\"og:image:height\" content=\"816\" \/>\n\t<meta property=\"og:image:type\" content=\"image\/jpeg\" \/>\n<meta name=\"author\" content=\"Ivomik\" \/>\n<meta name=\"twitter:card\" content=\"summary_large_image\" \/>\n<meta name=\"twitter:label1\" content=\"Napsal(a)\" \/>\n\t<meta name=\"twitter:data1\" content=\"Ivomik\" \/>\n\t<meta name=\"twitter:label2\" content=\"Odhadovan\u00e1 doba \u010dten\u00ed\" \/>\n\t<meta name=\"twitter:data2\" content=\"2 minuty\" \/>\n<script type=\"application\/ld+json\" class=\"yoast-schema-graph\">{\"@context\":\"https:\/\/schema.org\",\"@graph\":[{\"@type\":\"Article\",\"@id\":\"https:\/\/celebrityhouse.cz\/index.php\/2019\/09\/13\/cim-jezdil-brad-pitt-nebo-scarlett-johansson-v-benatkach\/#article\",\"isPartOf\":{\"@id\":\"https:\/\/celebrityhouse.cz\/index.php\/2019\/09\/13\/cim-jezdil-brad-pitt-nebo-scarlett-johansson-v-benatkach\/\"},\"author\":{\"name\":\"Ivomik\",\"@id\":\"https:\/\/celebrityhouse.cz\/#\/schema\/person\/e56175be839ff28d67accd2c9d44d8e9\"},\"headline\":\"\u010c\u00edm jezdil Brad Pitt nebo Scarlett Johansson v Ben\u00e1tk\u00e1ch?\",\"datePublished\":\"2019-09-12T22:01:06+00:00\",\"dateModified\":\"2019-09-12T23:39:24+00:00\",\"mainEntityOfPage\":{\"@id\":\"https:\/\/celebrityhouse.cz\/index.php\/2019\/09\/13\/cim-jezdil-brad-pitt-nebo-scarlett-johansson-v-benatkach\/\"},\"wordCount\":369,\"publisher\":{\"@id\":\"https:\/\/celebrityhouse.cz\/#organization\"},\"articleSection\":[\"FOTOREPORTY\",\"NEWS\",\"ZAHRANI\u010cN\u00cd CELEBRITY\"],\"inLanguage\":\"cs\"},{\"@type\":\"WebPage\",\"@id\":\"https:\/\/celebrityhouse.cz\/index.php\/2019\/09\/13\/cim-jezdil-brad-pitt-nebo-scarlett-johansson-v-benatkach\/\",\"url\":\"https:\/\/celebrityhouse.cz\/index.php\/2019\/09\/13\/cim-jezdil-brad-pitt-nebo-scarlett-johansson-v-benatkach\/\",\"name\":\"\u010c\u00edm jezdil Brad Pitt nebo Scarlett Johansson v Ben\u00e1tk\u00e1ch? - CELEBRITYHOUSE.cz\",\"isPartOf\":{\"@id\":\"https:\/\/celebrityhouse.cz\/#website\"},\"datePublished\":\"2019-09-12T22:01:06+00:00\",\"dateModified\":\"2019-09-12T23:39:24+00:00\",\"breadcrumb\":{\"@id\":\"https:\/\/celebrityhouse.cz\/index.php\/2019\/09\/13\/cim-jezdil-brad-pitt-nebo-scarlett-johansson-v-benatkach\/#breadcrumb\"},\"inLanguage\":\"cs\",\"potentialAction\":[{\"@type\":\"ReadAction\",\"target\":[\"https:\/\/celebrityhouse.cz\/index.php\/2019\/09\/13\/cim-jezdil-brad-pitt-nebo-scarlett-johansson-v-benatkach\/\"]}]},{\"@type\":\"BreadcrumbList\",\"@id\":\"https:\/\/celebrityhouse.cz\/index.php\/2019\/09\/13\/cim-jezdil-brad-pitt-nebo-scarlett-johansson-v-benatkach\/#breadcrumb\",\"itemListElement\":[{\"@type\":\"ListItem\",\"position\":1,\"name\":\"Dom\u016f\",\"item\":\"https:\/\/celebrityhouse.cz\/\"},{\"@type\":\"ListItem\",\"position\":2,\"name\":\"\u010c\u00edm jezdil Brad Pitt nebo Scarlett Johansson v Ben\u00e1tk\u00e1ch?\"}]},{\"@type\":\"WebSite\",\"@id\":\"https:\/\/celebrityhouse.cz\/#website\",\"url\":\"https:\/\/celebrityhouse.cz\/\",\"name\":\"CELEBRITYHOUSE.cz\",\"description\":\"Port\u00e1l o showbyznysu...\",\"publisher\":{\"@id\":\"https:\/\/celebrityhouse.cz\/#organization\"},\"potentialAction\":[{\"@type\":\"SearchAction\",\"target\":{\"@type\":\"EntryPoint\",\"urlTemplate\":\"https:\/\/celebrityhouse.cz\/?s={search_term_string}\"},\"query-input\":\"required name=search_term_string\"}],\"inLanguage\":\"cs\"},{\"@type\":\"Organization\",\"@id\":\"https:\/\/celebrityhouse.cz\/#organization\",\"name\":\"CELEBRITYHOUSE.cz\",\"url\":\"https:\/\/celebrityhouse.cz\/\",\"logo\":{\"@type\":\"ImageObject\",\"inLanguage\":\"cs\",\"@id\":\"https:\/\/celebrityhouse.cz\/#\/schema\/logo\/image\/\",\"url\":\"https:\/\/celebrityhouse.cz\/wp-content\/uploads\/2024\/12\/cropped-Logo_CelebrityHouse_2.jpg\",\"contentUrl\":\"https:\/\/celebrityhouse.cz\/wp-content\/uploads\/2024\/12\/cropped-Logo_CelebrityHouse_2.jpg\",\"width\":937,\"height\":510,\"caption\":\"CELEBRITYHOUSE.cz\"},\"image\":{\"@id\":\"https:\/\/celebrityhouse.cz\/#\/schema\/logo\/image\/\"}},{\"@type\":\"Person\",\"@id\":\"https:\/\/celebrityhouse.cz\/#\/schema\/person\/e56175be839ff28d67accd2c9d44d8e9\",\"name\":\"Ivomik\",\"image\":{\"@type\":\"ImageObject\",\"inLanguage\":\"cs\",\"@id\":\"https:\/\/celebrityhouse.cz\/#\/schema\/person\/image\/\",\"url\":\"https:\/\/secure.gravatar.com\/avatar\/1c8a35f186d8baabb0513b2bdd8e53cd?s=96&d=mm&r=g\",\"contentUrl\":\"https:\/\/secure.gravatar.com\/avatar\/1c8a35f186d8baabb0513b2bdd8e53cd?s=96&d=mm&r=g\",\"caption\":\"Ivomik\"},\"url\":\"https:\/\/celebrityhouse.cz\/index.php\/author\/ivomik\/\"}]}<\/script>\n<!-- \/ Yoast SEO plugin. -->","yoast_head_json":{"title":"\u010c\u00edm jezdil Brad Pitt nebo Scarlett Johansson v Ben\u00e1tk\u00e1ch? - CELEBRITYHOUSE.cz","robots":{"index":"index","follow":"follow","max-snippet":"max-snippet:-1","max-image-preview":"max-image-preview:large","max-video-preview":"max-video-preview:-1"},"canonical":"https:\/\/celebrityhouse.cz\/index.php\/2019\/09\/13\/cim-jezdil-brad-pitt-nebo-scarlett-johansson-v-benatkach\/","og_locale":"cs_CZ","og_type":"article","og_title":"\u010c\u00edm jezdil Brad Pitt nebo Scarlett Johansson v Ben\u00e1tk\u00e1ch? - CELEBRITYHOUSE.cz","og_description":"Mezi nejd\u016fle\u017eit\u011bj\u0161\u00ed hosty Mezin\u00e1rodn\u00edho filmov\u00e9ho festivalu v Ben\u00e1tk\u00e1ch letos pat\u0159ili Brad Pitt, Jude Law, John Malkovich, Scarlett Johansson \u010di Laura Dern. Na \u010derven\u00fd koberec dorazili ve speci\u00e1ln\u00ed spole\u010dnosti &#8211; p\u0159ivezl je hybridn\u00ed Lexus UX&#46;&#46;&#46;","og_url":"https:\/\/celebrityhouse.cz\/index.php\/2019\/09\/13\/cim-jezdil-brad-pitt-nebo-scarlett-johansson-v-benatkach\/","og_site_name":"CELEBRITYHOUSE.cz","article_published_time":"2019-09-12T22:01:06+00:00","article_modified_time":"2019-09-12T23:39:24+00:00","og_image":[{"width":1226,"height":816,"url":"https:\/\/celebrityhouse.cz\/wp-content\/uploads\/2019\/09\/1-bradpitt-lexus-redcarpet-29.08-334492-261806.jpg","type":"image\/jpeg"}],"author":"Ivomik","twitter_card":"summary_large_image","twitter_misc":{"Napsal(a)":"Ivomik","Odhadovan\u00e1 doba \u010dten\u00ed":"2 minuty"},"schema":{"@context":"https:\/\/schema.org","@graph":[{"@type":"Article","@id":"https:\/\/celebrityhouse.cz\/index.php\/2019\/09\/13\/cim-jezdil-brad-pitt-nebo-scarlett-johansson-v-benatkach\/#article","isPartOf":{"@id":"https:\/\/celebrityhouse.cz\/index.php\/2019\/09\/13\/cim-jezdil-brad-pitt-nebo-scarlett-johansson-v-benatkach\/"},"author":{"name":"Ivomik","@id":"https:\/\/celebrityhouse.cz\/#\/schema\/person\/e56175be839ff28d67accd2c9d44d8e9"},"headline":"\u010c\u00edm jezdil Brad Pitt nebo Scarlett Johansson v Ben\u00e1tk\u00e1ch?","datePublished":"2019-09-12T22:01:06+00:00","dateModified":"2019-09-12T23:39:24+00:00","mainEntityOfPage":{"@id":"https:\/\/celebrityhouse.cz\/index.php\/2019\/09\/13\/cim-jezdil-brad-pitt-nebo-scarlett-johansson-v-benatkach\/"},"wordCount":369,"publisher":{"@id":"https:\/\/celebrityhouse.cz\/#organization"},"articleSection":["FOTOREPORTY","NEWS","ZAHRANI\u010cN\u00cd CELEBRITY"],"inLanguage":"cs"},{"@type":"WebPage","@id":"https:\/\/celebrityhouse.cz\/index.php\/2019\/09\/13\/cim-jezdil-brad-pitt-nebo-scarlett-johansson-v-benatkach\/","url":"https:\/\/celebrityhouse.cz\/index.php\/2019\/09\/13\/cim-jezdil-brad-pitt-nebo-scarlett-johansson-v-benatkach\/","name":"\u010c\u00edm jezdil Brad Pitt nebo Scarlett Johansson v Ben\u00e1tk\u00e1ch? - CELEBRITYHOUSE.cz","isPartOf":{"@id":"https:\/\/celebrityhouse.cz\/#website"},"datePublished":"2019-09-12T22:01:06+00:00","dateModified":"2019-09-12T23:39:24+00:00","breadcrumb":{"@id":"https:\/\/celebrityhouse.cz\/index.php\/2019\/09\/13\/cim-jezdil-brad-pitt-nebo-scarlett-johansson-v-benatkach\/#breadcrumb"},"inLanguage":"cs","potentialAction":[{"@type":"ReadAction","target":["https:\/\/celebrityhouse.cz\/index.php\/2019\/09\/13\/cim-jezdil-brad-pitt-nebo-scarlett-johansson-v-benatkach\/"]}]},{"@type":"BreadcrumbList","@id":"https:\/\/celebrityhouse.cz\/index.php\/2019\/09\/13\/cim-jezdil-brad-pitt-nebo-scarlett-johansson-v-benatkach\/#breadcrumb","itemListElement":[{"@type":"ListItem","position":1,"name":"Dom\u016f","item":"https:\/\/celebrityhouse.cz\/"},{"@type":"ListItem","position":2,"name":"\u010c\u00edm jezdil Brad Pitt nebo Scarlett Johansson v Ben\u00e1tk\u00e1ch?"}]},{"@type":"WebSite","@id":"https:\/\/celebrityhouse.cz\/#website","url":"https:\/\/celebrityhouse.cz\/","name":"CELEBRITYHOUSE.cz","description":"Port\u00e1l o showbyznysu...","publisher":{"@id":"https:\/\/celebrityhouse.cz\/#organization"},"potentialAction":[{"@type":"SearchAction","target":{"@type":"EntryPoint","urlTemplate":"https:\/\/celebrityhouse.cz\/?s={search_term_string}"},"query-input":"required name=search_term_string"}],"inLanguage":"cs"},{"@type":"Organization","@id":"https:\/\/celebrityhouse.cz\/#organization","name":"CELEBRITYHOUSE.cz","url":"https:\/\/celebrityhouse.cz\/","logo":{"@type":"ImageObject","inLanguage":"cs","@id":"https:\/\/celebrityhouse.cz\/#\/schema\/logo\/image\/","url":"https:\/\/celebrityhouse.cz\/wp-content\/uploads\/2024\/12\/cropped-Logo_CelebrityHouse_2.jpg","contentUrl":"https:\/\/celebrityhouse.cz\/wp-content\/uploads\/2024\/12\/cropped-Logo_CelebrityHouse_2.jpg","width":937,"height":510,"caption":"CELEBRITYHOUSE.cz"},"image":{"@id":"https:\/\/celebrityhouse.cz\/#\/schema\/logo\/image\/"}},{"@type":"Person","@id":"https:\/\/celebrityhouse.cz\/#\/schema\/person\/e56175be839ff28d67accd2c9d44d8e9","name":"Ivomik","image":{"@type":"ImageObject","inLanguage":"cs","@id":"https:\/\/celebrityhouse.cz\/#\/schema\/person\/image\/","url":"https:\/\/secure.gravatar.com\/avatar\/1c8a35f186d8baabb0513b2bdd8e53cd?s=96&d=mm&r=g","contentUrl":"https:\/\/secure.gravatar.com\/avatar\/1c8a35f186d8baabb0513b2bdd8e53cd?s=96&d=mm&r=g","caption":"Ivomik"},"url":"https:\/\/celebrityhouse.cz\/index.php\/author\/ivomik\/"}]}},"_links":{"self":[{"href":"https:\/\/celebrityhouse.cz\/index.php\/wp-json\/wp\/v2\/posts\/1113"}],"collection":[{"href":"https:\/\/celebrityhouse.cz\/index.php\/wp-json\/wp\/v2\/posts"}],"about":[{"href":"https:\/\/celebrityhouse.cz\/index.php\/wp-json\/wp\/v2\/types\/post"}],"author":[{"embeddable":true,"href":"https:\/\/celebrityhouse.cz\/index.php\/wp-json\/wp\/v2\/users\/1"}],"replies":[{"embeddable":true,"href":"https:\/\/celebrityhouse.cz\/index.php\/wp-json\/wp\/v2\/comments?post=1113"}],"version-history":[{"count":1,"href":"https:\/\/celebrityhouse.cz\/index.php\/wp-json\/wp\/v2\/posts\/1113\/revisions"}],"predecessor-version":[{"id":1126,"href":"https:\/\/celebrityhouse.cz\/index.php\/wp-json\/wp\/v2\/posts\/1113\/revisions\/1126"}],"wp:featuredmedia":[{"embeddable":true,"href":"https:\/\/celebrityhouse.cz\/index.php\/wp-json\/wp\/v2\/media\/1114"}],"wp:attachment":[{"href":"https:\/\/celebrityhouse.cz\/index.php\/wp-json\/wp\/v2\/media?parent=1113"}],"wp:term":[{"taxonomy":"category","embeddable":true,"href":"https:\/\/celebrityhouse.cz\/index.php\/wp-json\/wp\/v2\/categories?post=1113"},{"taxonomy":"post_tag","embeddable":true,"href":"https:\/\/celebrityhouse.cz\/index.php\/wp-json\/wp\/v2\/tags?post=1113"}],"curies":[{"name":"wp","href":"https:\/\/api.w.org\/{rel}","templated":true}]}}