{"id":11253,"date":"2025-04-23T00:01:00","date_gmt":"2025-04-22T22:01:00","guid":{"rendered":"https:\/\/celebrityhouse.cz\/?p=11253"},"modified":"2025-04-16T19:18:46","modified_gmt":"2025-04-16T17:18:46","slug":"cesky-horor-thankskilling-day-predstavuje-prvni-zabery-v-hlavni-roli-sekacek-a-desiva-legenda-z-dob-komunismu","status":"publish","type":"post","link":"https:\/\/celebrityhouse.cz\/index.php\/2025\/04\/23\/cesky-horor-thankskilling-day-predstavuje-prvni-zabery-v-hlavni-roli-sekacek-a-desiva-legenda-z-dob-komunismu\/","title":{"rendered":"\u010cesk\u00fd horor Thankskilling Day p\u0159edstavuje prvn\u00ed z\u00e1b\u011bry: V\u00a0hlavn\u00ed roli sek\u00e1\u010dek a d\u011bsiv\u00e1 legenda z dob komunismu"},"content":{"rendered":"\n<div style=\"height:45px\" aria-hidden=\"true\" class=\"wp-block-spacer\"><\/div>\n\n\n\n<p class=\"has-medium-font-size\"><strong>Horor Thankskilling Day p\u0159edstavuje prvn\u00ed z\u00e1b\u011bry. Kl\u00ed\u010dovou \u00falohu sehraje sek\u00e1\u010dek na maso, kter\u00fdm tv\u016frci nazna\u010duj\u00ed, jak\u00fdm zp\u016fsobem oslav\u00ed spolu s&nbsp;div\u00e1ky leto\u0161n\u00ed Den d\u00edk\u016fvzd\u00e1n\u00ed.&nbsp;Film toti\u017e vstoup\u00ed do kin pr\u00e1v\u011b v&nbsp;tento den, tedy 27. listopadu 2025, a slibuje nezapomenuteln\u00fd z\u00e1\u017eitek. Doslova. <\/strong><\/p>\n\n\n\n<div style=\"height:45px\" aria-hidden=\"true\" class=\"wp-block-spacer\"><\/div>\n\n\n<div class=\"wp-block-image\">\n<figure class=\"aligncenter size-large\"><img decoding=\"async\" src=\"https:\/\/cinemahouse.cz\/wp-content\/uploads\/2025\/04\/Thankskilling-Day_Sara-Korbelova-zdroj-Thankskilling-Day-Jiri-Jevicky1-1024x683.jpg\" alt=\"Thankskilling Day\" class=\"wp-image-10007\" \/><\/figure><\/div>\n\n\n<div style=\"height:45px\" aria-hidden=\"true\" class=\"wp-block-spacer\"><\/div>\n\n\n\n<p class=\"has-medium-font-size\">Producenti a re\u017eis\u00e9\u0159i Petr Kub\u00edk a JC Kov\u00e1\u0159, kter\u00fd je z\u00e1rove\u0148 autorem sc\u00e9n\u00e1\u0159e, pr\u00e1v\u011b dokon\u010duj\u00ed posledn\u00ed \u00fapravy st\u0159ihu Thankskilling Day. \u201e<em>Hororov\u00fd \u017e\u00e1nr v \u010cesku nen\u00ed tak b\u011b\u017en\u00fd, tak\u017ee jsme r\u00e1di, \u017ee m\u016f\u017eeme nab\u00eddnout n\u011bco origin\u00e1ln\u00edho nejen \u010desk\u00fdm, ale i zahrani\u010dn\u00edm div\u00e1k\u016fm. Hodn\u011b jsme \u010derpali z legendy o tajemn\u00fdch katakomb\u00e1ch pod tov\u00e1rn\u00edmi halami v Praze, kter\u00e1 n\u00e1m pom\u00e1h\u00e1 vytvo\u0159it hutnou a intenzivn\u00ed atmosf\u00e9ru,\u201d<\/em> \u0159\u00edkaj\u00ed Kub\u00edk a Kov\u00e1\u0159.<\/p>\n\n\n\n<div style=\"height:45px\" aria-hidden=\"true\" class=\"wp-block-spacer\"><\/div>\n\n\n\n<figure class=\"wp-block-embed aligncenter is-type-video is-provider-youtube wp-block-embed-youtube wp-embed-aspect-16-9 wp-has-aspect-ratio\"><div class=\"wp-block-embed__wrapper\">\n<div class=\"video-container\"><iframe loading=\"lazy\" title=\"Thankskilling Day (2025) - HD TEASER\" width=\"500\" height=\"281\" src=\"https:\/\/www.youtube.com\/embed\/DvTJbbBY9w0?list=PLMjX-mAaDj_mbY-jMQXu4l8XJ-MGbWBsa\" frameborder=\"0\" allow=\"accelerometer; autoplay; clipboard-write; encrypted-media; gyroscope; picture-in-picture; web-share\" referrerpolicy=\"strict-origin-when-cross-origin\" allowfullscreen><\/iframe><\/div>\n<\/div><\/figure>\n\n\n\n<div style=\"height:45px\" aria-hidden=\"true\" class=\"wp-block-spacer\"><\/div>\n\n\n\n<p class=\"has-medium-font-size\">Nat\u00e1\u010den\u00ed p\u0159\u00edb\u011bhu \u0161esti student\u016f, jejich\u017e nevinn\u00e9 soupe\u0159en\u00ed o prvn\u00ed m\u00edsto v&nbsp;\u00fanikov\u00e9 h\u0159e se prom\u011bn\u00ed v&nbsp;boj o hol\u00fd \u017eivot prob\u00edhal v b\u00fdval\u00e9 pr\u016fmyslov\u00e9 hale \u010cKD, dne\u0161n\u00edch prostor\u00e1ch z\u00e1bavn\u00edho parku Futurento. Krom\u011b \u010desk\u00fdch obsadili tv\u016frci tak\u00e9 zahrani\u010dn\u00ed herce a netaj\u00ed se mezin\u00e1rodn\u00edmi ambicemi filmu. <em>\u201ePo \u00fasp\u011b\u0161\u00edch na\u0161ich p\u0159edchoz\u00edch projekt\u016f, jako je Princezna zaklet\u00e1 v \u010dase nebo Zatm\u011bn\u00ed, chceme tento horor nab\u00eddnout i \u0161ir\u0161\u00edmu mezin\u00e1rodn\u00edmu publiku. Proto nat\u00e1\u010den\u00ed prob\u00edhalo v\u00fdhradn\u011b v&nbsp;angli\u010dtin\u011b, pro \u010desk\u00e9 div\u00e1ky bude film samoz\u0159ejm\u011b opat\u0159en titulky<\/em>,\u201d dod\u00e1vaj\u00ed oba re\u017eis\u00e9\u0159i.<\/p>\n\n\n\n<div style=\"height:45px\" aria-hidden=\"true\" class=\"wp-block-spacer\"><\/div>\n\n\n<div class=\"wp-block-image\">\n<figure class=\"aligncenter size-large\"><img decoding=\"async\" src=\"https:\/\/cinemahouse.cz\/wp-content\/uploads\/2025\/04\/Thankskilling-Day-zdroj-Thankskilling-Day-Jiri-Jevicky2-1024x683.jpg\" alt=\"Thankskilling Day\" class=\"wp-image-10006\" \/><\/figure><\/div>\n\n\n<div style=\"height:45px\" aria-hidden=\"true\" class=\"wp-block-spacer\"><\/div>\n\n\n\n<p class=\"has-medium-font-size\">Thankskilling Day slibuje nejen nap\u011bt\u00ed a d\u011bsivou atmosf\u00e9ru, ale i tr\u00fdzniv\u00e9 hororov\u00e9 momenty. V&nbsp;rol\u00edch p\u0159\u00e1tel, kte\u0159\u00ed se rozhodnout str\u00e1vit tento v\u00fdznamn\u00fd severoamerick\u00fd sv\u00e1tek bez sv\u00fdch rodin, se p\u0159edstav\u00ed S\u00e1ra Korbelov\u00e1, Tom\u00e1\u0161 Weber, Aneta Kernov\u00e1, Jana Findlay, Darren Jenkins-Johnston a Fabio Morelli, d\u00e1le hraj\u00ed Vladim\u00edr Pol\u00edvka, J\u00e1n Jackuliak a Tom\u00e1\u0161 Novotn\u00fd.<\/p>\n\n\n\n<div style=\"height:45px\" aria-hidden=\"true\" class=\"wp-block-spacer\"><\/div>\n\n\n<div class=\"wp-block-image\">\n<figure class=\"aligncenter size-large\"><img decoding=\"async\" src=\"https:\/\/cinemahouse.cz\/wp-content\/uploads\/2025\/04\/Thankskilling-Day-zdroj-Thankskilling-Day-Jiri-Jevicky1-1024x683.jpg\" alt=\"Thankskilling Day\" class=\"wp-image-10004\" \/><\/figure><\/div>\n\n\n<div style=\"height:45px\" aria-hidden=\"true\" class=\"wp-block-spacer\"><\/div>\n\n\n\n<h2 class=\"wp-block-heading\">Thankskilling Day<\/h2>\n\n\n\n<div style=\"height:45px\" aria-hidden=\"true\" class=\"wp-block-spacer\"><\/div>\n\n\n\n<p class=\"has-medium-font-size\"><strong>Premi\u00e9ra:<\/strong> 27.11.2025<\/p>\n\n\n\n<p class=\"has-medium-font-size\"><strong>Re\u017eie:<\/strong> Petr Kub\u00edk, JC Kov\u00e1\u0159<\/p>\n\n\n\n<p class=\"has-medium-font-size\"><strong>Sc\u00e9n\u00e1\u0159:<\/strong> JC Kov\u00e1\u0159 <\/p>\n\n\n\n<p class=\"has-medium-font-size\"><strong>Kamera:<\/strong> Pavel Kopp<\/p>\n\n\n\n<p class=\"has-medium-font-size\"><strong>Hudba:<\/strong> Luk\u00e1\u0161 Daniel Pa\u0159\u00edk<\/p>\n\n\n\n<p class=\"has-medium-font-size\"><strong>Produkce:<\/strong> AYRA Production<\/p>\n\n\n\n<p class=\"has-medium-font-size\"><strong>Producenti:<\/strong> Petr Kub\u00edk, JC Kov\u00e1\u0159<\/p>\n\n\n\n<p class=\"has-medium-font-size\"><strong>Obsazen\u00ed:<\/strong> S\u00e1ra Korbelov\u00e1, Vladim\u00edr Pol\u00edvka, J\u00e1n Jackuliak, Tom\u00e1\u0161 Weber, Aneta Kernov\u00e1, Tom\u00e1\u0161 Novotn\u00fd, Jana Findlay, Darren Jenkins-Johnston, Fabio Morelli<\/p>\n\n\n\n<div style=\"height:45px\" aria-hidden=\"true\" class=\"wp-block-spacer\"><\/div>\n\n\n\n<figure class=\"wp-block-gallery has-nested-images columns-2 is-cropped wp-block-gallery-1 is-layout-flex wp-block-gallery-is-layout-flex\">\n<figure class=\"wp-block-image size-large\"><img decoding=\"async\" data-id=\"10009\" src=\"https:\/\/cinemahouse.cz\/wp-content\/uploads\/2025\/04\/Thankskilling-Day-Vladimir-Polivka-Tomas-Novotny-zdroj-Thankskilling-Day-Jiri-Jevicky-1024x683.jpg\" alt=\"Thankskilling Day\" class=\"wp-image-10009\" \/><\/figure>\n\n\n\n<figure class=\"wp-block-image size-large\"><img decoding=\"async\" data-id=\"10010\" src=\"https:\/\/cinemahouse.cz\/wp-content\/uploads\/2025\/04\/Thankskilling-Day-Tomas-Weber-zdroj-Thankskilling-Day-Jiri-Jevicky-1024x683.jpg\" alt=\"Thankskilling Day\" class=\"wp-image-10010\" \/><\/figure>\n\n\n\n<figure class=\"wp-block-image size-large\"><img decoding=\"async\" data-id=\"10007\" src=\"https:\/\/cinemahouse.cz\/wp-content\/uploads\/2025\/04\/Thankskilling-Day_Sara-Korbelova-zdroj-Thankskilling-Day-Jiri-Jevicky1-1024x683.jpg\" alt=\"Thankskilling Day\" class=\"wp-image-10007\" \/><\/figure>\n\n\n\n<figure class=\"wp-block-image size-large\"><img decoding=\"async\" data-id=\"10004\" src=\"https:\/\/cinemahouse.cz\/wp-content\/uploads\/2025\/04\/Thankskilling-Day-zdroj-Thankskilling-Day-Jiri-Jevicky1-1024x683.jpg\" alt=\"Thankskilling Day\" class=\"wp-image-10004\" \/><\/figure>\n\n\n\n<figure class=\"wp-block-image size-large\"><img decoding=\"async\" data-id=\"10006\" src=\"https:\/\/cinemahouse.cz\/wp-content\/uploads\/2025\/04\/Thankskilling-Day-zdroj-Thankskilling-Day-Jiri-Jevicky2-1024x683.jpg\" alt=\"Thankskilling Day\" class=\"wp-image-10006\" \/><\/figure>\n\n\n\n<figure class=\"wp-block-image size-large\"><img decoding=\"async\" data-id=\"10005\" src=\"https:\/\/cinemahouse.cz\/wp-content\/uploads\/2025\/04\/Thankskilling-Day_Sara-Korbelovazdroj-Thankskilling-Day-Jiri-Jevicky2-1024x683.jpg\" alt=\"Thankskilling Day\" class=\"wp-image-10005\" \/><\/figure>\n\n\n\n<figure class=\"wp-block-image size-large\"><img decoding=\"async\" data-id=\"10008\" src=\"https:\/\/cinemahouse.cz\/wp-content\/uploads\/2025\/04\/TEASER-PLAKAT_Thankskilling-Day-zdroj-Bontonfilm-723x1024.jpg\" alt=\"Thankskilling Day\" class=\"wp-image-10008\" \/><\/figure>\n<\/figure>\n\n\n\n<div style=\"height:44px\" aria-hidden=\"true\" class=\"wp-block-spacer\"><\/div>\n\n\n\n<p class=\"has-medium-font-size\"><strong>Zdroj foto a video:<\/strong>&nbsp;BONTONFILM<\/p>\n\n\n\n<div style=\"height:45px\" aria-hidden=\"true\" class=\"wp-block-spacer\"><\/div>\n","protected":false},"excerpt":{"rendered":"<p>Horor Thankskilling Day p\u0159edstavuje prvn\u00ed z\u00e1b\u011bry. Kl\u00ed\u010dovou \u00falohu sehraje sek\u00e1\u010dek na maso, kter\u00fdm tv\u016frci nazna\u010duj\u00ed, jak\u00fdm zp\u016fsobem oslav\u00ed spolu s&nbsp;div\u00e1ky leto\u0161n\u00ed Den d\u00edk\u016fvzd\u00e1n\u00ed.&nbsp;Film toti\u017e vstoup\u00ed do kin pr\u00e1v\u011b v&nbsp;tento den, tedy 27. listopadu 2025,&#46;&#46;&#46;<\/p>\n","protected":false},"author":8,"featured_media":11259,"comment_status":"closed","ping_status":"closed","sticky":false,"template":"","format":"standard","meta":{"_monsterinsights_skip_tracking":false,"_monsterinsights_sitenote_active":false,"_monsterinsights_sitenote_note":"","_monsterinsights_sitenote_category":0,"footnotes":""},"categories":[6,2,12,4],"tags":[],"yoast_head":"<!-- This site is optimized with the Yoast SEO plugin v21.5 - https:\/\/yoast.com\/wordpress\/plugins\/seo\/ -->\n<title>\u010cesk\u00fd horor Thankskilling Day p\u0159edstavuje prvn\u00ed z\u00e1b\u011bry: V\u00a0hlavn\u00ed roli sek\u00e1\u010dek a d\u011bsiv\u00e1 legenda z dob komunismu - CELEBRITYHOUSE.cz<\/title>\n<meta name=\"description\" content=\"Horor Thankskilling Day p\u0159edstavuje prvn\u00ed z\u00e1b\u011bry. Kl\u00ed\u010dovou \u00falohu sehraje sek\u00e1\u010dek na maso, jak\u00fdm zp\u016fsobem oslav\u00ed leto\u0161n\u00ed Den d\u00edk\u016fvzd\u00e1n\u00ed.\" \/>\n<meta name=\"robots\" content=\"index, follow, max-snippet:-1, max-image-preview:large, max-video-preview:-1\" \/>\n<link rel=\"canonical\" href=\"https:\/\/celebrityhouse.cz\/index.php\/2025\/04\/23\/cesky-horor-thankskilling-day-predstavuje-prvni-zabery-v-hlavni-roli-sekacek-a-desiva-legenda-z-dob-komunismu\/\" \/>\n<meta property=\"og:locale\" content=\"cs_CZ\" \/>\n<meta property=\"og:type\" content=\"article\" \/>\n<meta property=\"og:title\" content=\"\u010cesk\u00fd horor Thankskilling Day p\u0159edstavuje prvn\u00ed z\u00e1b\u011bry: V\u00a0hlavn\u00ed roli sek\u00e1\u010dek a d\u011bsiv\u00e1 legenda z dob komunismu - CELEBRITYHOUSE.cz\" \/>\n<meta property=\"og:description\" content=\"Horor Thankskilling Day p\u0159edstavuje prvn\u00ed z\u00e1b\u011bry. Kl\u00ed\u010dovou \u00falohu sehraje sek\u00e1\u010dek na maso, jak\u00fdm zp\u016fsobem oslav\u00ed leto\u0161n\u00ed Den d\u00edk\u016fvzd\u00e1n\u00ed.\" \/>\n<meta property=\"og:url\" content=\"https:\/\/celebrityhouse.cz\/index.php\/2025\/04\/23\/cesky-horor-thankskilling-day-predstavuje-prvni-zabery-v-hlavni-roli-sekacek-a-desiva-legenda-z-dob-komunismu\/\" \/>\n<meta property=\"og:site_name\" content=\"CELEBRITYHOUSE.cz\" \/>\n<meta property=\"article:published_time\" content=\"2025-04-22T22:01:00+00:00\" \/>\n<meta property=\"article:modified_time\" content=\"2025-04-16T17:18:46+00:00\" \/>\n<meta property=\"og:image\" content=\"https:\/\/celebrityhouse.cz\/wp-content\/uploads\/2025\/04\/Thankskilling-Day_Sara-Korbelova-zdroj-Thankskilling-Day-Jiri-Jevicky1.jpg\" \/>\n\t<meta property=\"og:image:width\" content=\"1290\" \/>\n\t<meta property=\"og:image:height\" content=\"860\" \/>\n\t<meta property=\"og:image:type\" content=\"image\/jpeg\" \/>\n<meta name=\"author\" content=\"Martina Pechov\u00e1\" \/>\n<meta name=\"twitter:card\" content=\"summary_large_image\" \/>\n<meta name=\"twitter:label1\" content=\"Napsal(a)\" \/>\n\t<meta name=\"twitter:data1\" content=\"Martina Pechov\u00e1\" \/>\n\t<meta name=\"twitter:label2\" content=\"Odhadovan\u00e1 doba \u010dten\u00ed\" \/>\n\t<meta name=\"twitter:data2\" content=\"4 minuty\" \/>\n<script type=\"application\/ld+json\" class=\"yoast-schema-graph\">{\"@context\":\"https:\/\/schema.org\",\"@graph\":[{\"@type\":\"Article\",\"@id\":\"https:\/\/celebrityhouse.cz\/index.php\/2025\/04\/23\/cesky-horor-thankskilling-day-predstavuje-prvni-zabery-v-hlavni-roli-sekacek-a-desiva-legenda-z-dob-komunismu\/#article\",\"isPartOf\":{\"@id\":\"https:\/\/celebrityhouse.cz\/index.php\/2025\/04\/23\/cesky-horor-thankskilling-day-predstavuje-prvni-zabery-v-hlavni-roli-sekacek-a-desiva-legenda-z-dob-komunismu\/\"},\"author\":{\"name\":\"Martina Pechov\u00e1\",\"@id\":\"https:\/\/celebrityhouse.cz\/#\/schema\/person\/b97cee16a2caa8cf7a55df6bcaff5d8c\"},\"headline\":\"\u010cesk\u00fd horor Thankskilling Day p\u0159edstavuje prvn\u00ed z\u00e1b\u011bry: V\u00a0hlavn\u00ed roli sek\u00e1\u010dek a d\u011bsiv\u00e1 legenda z dob komunismu\",\"datePublished\":\"2025-04-22T22:01:00+00:00\",\"dateModified\":\"2025-04-16T17:18:46+00:00\",\"mainEntityOfPage\":{\"@id\":\"https:\/\/celebrityhouse.cz\/index.php\/2025\/04\/23\/cesky-horor-thankskilling-day-predstavuje-prvni-zabery-v-hlavni-roli-sekacek-a-desiva-legenda-z-dob-komunismu\/\"},\"wordCount\":442,\"publisher\":{\"@id\":\"https:\/\/celebrityhouse.cz\/#organization\"},\"articleSection\":[\"FILMY, SERI\u00c1LY, TV a KINO\",\"NEWS\",\"TIPY NA KINO\",\"ZAHRANI\u010cN\u00cd CELEBRITY\"],\"inLanguage\":\"cs\"},{\"@type\":\"WebPage\",\"@id\":\"https:\/\/celebrityhouse.cz\/index.php\/2025\/04\/23\/cesky-horor-thankskilling-day-predstavuje-prvni-zabery-v-hlavni-roli-sekacek-a-desiva-legenda-z-dob-komunismu\/\",\"url\":\"https:\/\/celebrityhouse.cz\/index.php\/2025\/04\/23\/cesky-horor-thankskilling-day-predstavuje-prvni-zabery-v-hlavni-roli-sekacek-a-desiva-legenda-z-dob-komunismu\/\",\"name\":\"\u010cesk\u00fd horor Thankskilling Day p\u0159edstavuje prvn\u00ed z\u00e1b\u011bry: V\u00a0hlavn\u00ed roli sek\u00e1\u010dek a d\u011bsiv\u00e1 legenda z dob komunismu - CELEBRITYHOUSE.cz\",\"isPartOf\":{\"@id\":\"https:\/\/celebrityhouse.cz\/#website\"},\"datePublished\":\"2025-04-22T22:01:00+00:00\",\"dateModified\":\"2025-04-16T17:18:46+00:00\",\"description\":\"Horor Thankskilling Day p\u0159edstavuje prvn\u00ed z\u00e1b\u011bry. Kl\u00ed\u010dovou \u00falohu sehraje sek\u00e1\u010dek na maso, jak\u00fdm zp\u016fsobem oslav\u00ed leto\u0161n\u00ed Den d\u00edk\u016fvzd\u00e1n\u00ed.\",\"breadcrumb\":{\"@id\":\"https:\/\/celebrityhouse.cz\/index.php\/2025\/04\/23\/cesky-horor-thankskilling-day-predstavuje-prvni-zabery-v-hlavni-roli-sekacek-a-desiva-legenda-z-dob-komunismu\/#breadcrumb\"},\"inLanguage\":\"cs\",\"potentialAction\":[{\"@type\":\"ReadAction\",\"target\":[\"https:\/\/celebrityhouse.cz\/index.php\/2025\/04\/23\/cesky-horor-thankskilling-day-predstavuje-prvni-zabery-v-hlavni-roli-sekacek-a-desiva-legenda-z-dob-komunismu\/\"]}]},{\"@type\":\"BreadcrumbList\",\"@id\":\"https:\/\/celebrityhouse.cz\/index.php\/2025\/04\/23\/cesky-horor-thankskilling-day-predstavuje-prvni-zabery-v-hlavni-roli-sekacek-a-desiva-legenda-z-dob-komunismu\/#breadcrumb\",\"itemListElement\":[{\"@type\":\"ListItem\",\"position\":1,\"name\":\"Dom\u016f\",\"item\":\"https:\/\/celebrityhouse.cz\/\"},{\"@type\":\"ListItem\",\"position\":2,\"name\":\"\u010cesk\u00fd horor Thankskilling Day p\u0159edstavuje prvn\u00ed z\u00e1b\u011bry: V\u00a0hlavn\u00ed roli sek\u00e1\u010dek a d\u011bsiv\u00e1 legenda z dob komunismu\"}]},{\"@type\":\"WebSite\",\"@id\":\"https:\/\/celebrityhouse.cz\/#website\",\"url\":\"https:\/\/celebrityhouse.cz\/\",\"name\":\"CELEBRITYHOUSE.cz\",\"description\":\"Port\u00e1l o showbyznysu...\",\"publisher\":{\"@id\":\"https:\/\/celebrityhouse.cz\/#organization\"},\"potentialAction\":[{\"@type\":\"SearchAction\",\"target\":{\"@type\":\"EntryPoint\",\"urlTemplate\":\"https:\/\/celebrityhouse.cz\/?s={search_term_string}\"},\"query-input\":\"required name=search_term_string\"}],\"inLanguage\":\"cs\"},{\"@type\":\"Organization\",\"@id\":\"https:\/\/celebrityhouse.cz\/#organization\",\"name\":\"CELEBRITYHOUSE.cz\",\"url\":\"https:\/\/celebrityhouse.cz\/\",\"logo\":{\"@type\":\"ImageObject\",\"inLanguage\":\"cs\",\"@id\":\"https:\/\/celebrityhouse.cz\/#\/schema\/logo\/image\/\",\"url\":\"https:\/\/celebrityhouse.cz\/wp-content\/uploads\/2024\/12\/cropped-Logo_CelebrityHouse_2.jpg\",\"contentUrl\":\"https:\/\/celebrityhouse.cz\/wp-content\/uploads\/2024\/12\/cropped-Logo_CelebrityHouse_2.jpg\",\"width\":937,\"height\":510,\"caption\":\"CELEBRITYHOUSE.cz\"},\"image\":{\"@id\":\"https:\/\/celebrityhouse.cz\/#\/schema\/logo\/image\/\"}},{\"@type\":\"Person\",\"@id\":\"https:\/\/celebrityhouse.cz\/#\/schema\/person\/b97cee16a2caa8cf7a55df6bcaff5d8c\",\"name\":\"Martina Pechov\u00e1\",\"image\":{\"@type\":\"ImageObject\",\"inLanguage\":\"cs\",\"@id\":\"https:\/\/celebrityhouse.cz\/#\/schema\/person\/image\/\",\"url\":\"https:\/\/secure.gravatar.com\/avatar\/d3ad7f43789eed68b221d01c6d7ac4e5?s=96&d=mm&r=g\",\"contentUrl\":\"https:\/\/secure.gravatar.com\/avatar\/d3ad7f43789eed68b221d01c6d7ac4e5?s=96&d=mm&r=g\",\"caption\":\"Martina Pechov\u00e1\"},\"sameAs\":[\"http:\/\/CELEBRITYHOUSE.cz\"],\"url\":\"https:\/\/celebrityhouse.cz\/index.php\/author\/marpech\/\"}]}<\/script>\n<!-- \/ Yoast SEO plugin. -->","yoast_head_json":{"title":"\u010cesk\u00fd horor Thankskilling Day p\u0159edstavuje prvn\u00ed z\u00e1b\u011bry: V\u00a0hlavn\u00ed roli sek\u00e1\u010dek a d\u011bsiv\u00e1 legenda z dob komunismu - CELEBRITYHOUSE.cz","description":"Horor Thankskilling Day p\u0159edstavuje prvn\u00ed z\u00e1b\u011bry. Kl\u00ed\u010dovou \u00falohu sehraje sek\u00e1\u010dek na maso, jak\u00fdm zp\u016fsobem oslav\u00ed leto\u0161n\u00ed Den d\u00edk\u016fvzd\u00e1n\u00ed.","robots":{"index":"index","follow":"follow","max-snippet":"max-snippet:-1","max-image-preview":"max-image-preview:large","max-video-preview":"max-video-preview:-1"},"canonical":"https:\/\/celebrityhouse.cz\/index.php\/2025\/04\/23\/cesky-horor-thankskilling-day-predstavuje-prvni-zabery-v-hlavni-roli-sekacek-a-desiva-legenda-z-dob-komunismu\/","og_locale":"cs_CZ","og_type":"article","og_title":"\u010cesk\u00fd horor Thankskilling Day p\u0159edstavuje prvn\u00ed z\u00e1b\u011bry: V\u00a0hlavn\u00ed roli sek\u00e1\u010dek a d\u011bsiv\u00e1 legenda z dob komunismu - CELEBRITYHOUSE.cz","og_description":"Horor Thankskilling Day p\u0159edstavuje prvn\u00ed z\u00e1b\u011bry. Kl\u00ed\u010dovou \u00falohu sehraje sek\u00e1\u010dek na maso, jak\u00fdm zp\u016fsobem oslav\u00ed leto\u0161n\u00ed Den d\u00edk\u016fvzd\u00e1n\u00ed.","og_url":"https:\/\/celebrityhouse.cz\/index.php\/2025\/04\/23\/cesky-horor-thankskilling-day-predstavuje-prvni-zabery-v-hlavni-roli-sekacek-a-desiva-legenda-z-dob-komunismu\/","og_site_name":"CELEBRITYHOUSE.cz","article_published_time":"2025-04-22T22:01:00+00:00","article_modified_time":"2025-04-16T17:18:46+00:00","og_image":[{"width":1290,"height":860,"url":"https:\/\/celebrityhouse.cz\/wp-content\/uploads\/2025\/04\/Thankskilling-Day_Sara-Korbelova-zdroj-Thankskilling-Day-Jiri-Jevicky1.jpg","type":"image\/jpeg"}],"author":"Martina Pechov\u00e1","twitter_card":"summary_large_image","twitter_misc":{"Napsal(a)":"Martina Pechov\u00e1","Odhadovan\u00e1 doba \u010dten\u00ed":"4 minuty"},"schema":{"@context":"https:\/\/schema.org","@graph":[{"@type":"Article","@id":"https:\/\/celebrityhouse.cz\/index.php\/2025\/04\/23\/cesky-horor-thankskilling-day-predstavuje-prvni-zabery-v-hlavni-roli-sekacek-a-desiva-legenda-z-dob-komunismu\/#article","isPartOf":{"@id":"https:\/\/celebrityhouse.cz\/index.php\/2025\/04\/23\/cesky-horor-thankskilling-day-predstavuje-prvni-zabery-v-hlavni-roli-sekacek-a-desiva-legenda-z-dob-komunismu\/"},"author":{"name":"Martina Pechov\u00e1","@id":"https:\/\/celebrityhouse.cz\/#\/schema\/person\/b97cee16a2caa8cf7a55df6bcaff5d8c"},"headline":"\u010cesk\u00fd horor Thankskilling Day p\u0159edstavuje prvn\u00ed z\u00e1b\u011bry: V\u00a0hlavn\u00ed roli sek\u00e1\u010dek a d\u011bsiv\u00e1 legenda z dob komunismu","datePublished":"2025-04-22T22:01:00+00:00","dateModified":"2025-04-16T17:18:46+00:00","mainEntityOfPage":{"@id":"https:\/\/celebrityhouse.cz\/index.php\/2025\/04\/23\/cesky-horor-thankskilling-day-predstavuje-prvni-zabery-v-hlavni-roli-sekacek-a-desiva-legenda-z-dob-komunismu\/"},"wordCount":442,"publisher":{"@id":"https:\/\/celebrityhouse.cz\/#organization"},"articleSection":["FILMY, SERI\u00c1LY, TV a KINO","NEWS","TIPY NA KINO","ZAHRANI\u010cN\u00cd CELEBRITY"],"inLanguage":"cs"},{"@type":"WebPage","@id":"https:\/\/celebrityhouse.cz\/index.php\/2025\/04\/23\/cesky-horor-thankskilling-day-predstavuje-prvni-zabery-v-hlavni-roli-sekacek-a-desiva-legenda-z-dob-komunismu\/","url":"https:\/\/celebrityhouse.cz\/index.php\/2025\/04\/23\/cesky-horor-thankskilling-day-predstavuje-prvni-zabery-v-hlavni-roli-sekacek-a-desiva-legenda-z-dob-komunismu\/","name":"\u010cesk\u00fd horor Thankskilling Day p\u0159edstavuje prvn\u00ed z\u00e1b\u011bry: V\u00a0hlavn\u00ed roli sek\u00e1\u010dek a d\u011bsiv\u00e1 legenda z dob komunismu - CELEBRITYHOUSE.cz","isPartOf":{"@id":"https:\/\/celebrityhouse.cz\/#website"},"datePublished":"2025-04-22T22:01:00+00:00","dateModified":"2025-04-16T17:18:46+00:00","description":"Horor Thankskilling Day p\u0159edstavuje prvn\u00ed z\u00e1b\u011bry. Kl\u00ed\u010dovou \u00falohu sehraje sek\u00e1\u010dek na maso, jak\u00fdm zp\u016fsobem oslav\u00ed leto\u0161n\u00ed Den d\u00edk\u016fvzd\u00e1n\u00ed.","breadcrumb":{"@id":"https:\/\/celebrityhouse.cz\/index.php\/2025\/04\/23\/cesky-horor-thankskilling-day-predstavuje-prvni-zabery-v-hlavni-roli-sekacek-a-desiva-legenda-z-dob-komunismu\/#breadcrumb"},"inLanguage":"cs","potentialAction":[{"@type":"ReadAction","target":["https:\/\/celebrityhouse.cz\/index.php\/2025\/04\/23\/cesky-horor-thankskilling-day-predstavuje-prvni-zabery-v-hlavni-roli-sekacek-a-desiva-legenda-z-dob-komunismu\/"]}]},{"@type":"BreadcrumbList","@id":"https:\/\/celebrityhouse.cz\/index.php\/2025\/04\/23\/cesky-horor-thankskilling-day-predstavuje-prvni-zabery-v-hlavni-roli-sekacek-a-desiva-legenda-z-dob-komunismu\/#breadcrumb","itemListElement":[{"@type":"ListItem","position":1,"name":"Dom\u016f","item":"https:\/\/celebrityhouse.cz\/"},{"@type":"ListItem","position":2,"name":"\u010cesk\u00fd horor Thankskilling Day p\u0159edstavuje prvn\u00ed z\u00e1b\u011bry: V\u00a0hlavn\u00ed roli sek\u00e1\u010dek a d\u011bsiv\u00e1 legenda z dob komunismu"}]},{"@type":"WebSite","@id":"https:\/\/celebrityhouse.cz\/#website","url":"https:\/\/celebrityhouse.cz\/","name":"CELEBRITYHOUSE.cz","description":"Port\u00e1l o showbyznysu...","publisher":{"@id":"https:\/\/celebrityhouse.cz\/#organization"},"potentialAction":[{"@type":"SearchAction","target":{"@type":"EntryPoint","urlTemplate":"https:\/\/celebrityhouse.cz\/?s={search_term_string}"},"query-input":"required name=search_term_string"}],"inLanguage":"cs"},{"@type":"Organization","@id":"https:\/\/celebrityhouse.cz\/#organization","name":"CELEBRITYHOUSE.cz","url":"https:\/\/celebrityhouse.cz\/","logo":{"@type":"ImageObject","inLanguage":"cs","@id":"https:\/\/celebrityhouse.cz\/#\/schema\/logo\/image\/","url":"https:\/\/celebrityhouse.cz\/wp-content\/uploads\/2024\/12\/cropped-Logo_CelebrityHouse_2.jpg","contentUrl":"https:\/\/celebrityhouse.cz\/wp-content\/uploads\/2024\/12\/cropped-Logo_CelebrityHouse_2.jpg","width":937,"height":510,"caption":"CELEBRITYHOUSE.cz"},"image":{"@id":"https:\/\/celebrityhouse.cz\/#\/schema\/logo\/image\/"}},{"@type":"Person","@id":"https:\/\/celebrityhouse.cz\/#\/schema\/person\/b97cee16a2caa8cf7a55df6bcaff5d8c","name":"Martina Pechov\u00e1","image":{"@type":"ImageObject","inLanguage":"cs","@id":"https:\/\/celebrityhouse.cz\/#\/schema\/person\/image\/","url":"https:\/\/secure.gravatar.com\/avatar\/d3ad7f43789eed68b221d01c6d7ac4e5?s=96&d=mm&r=g","contentUrl":"https:\/\/secure.gravatar.com\/avatar\/d3ad7f43789eed68b221d01c6d7ac4e5?s=96&d=mm&r=g","caption":"Martina Pechov\u00e1"},"sameAs":["http:\/\/CELEBRITYHOUSE.cz"],"url":"https:\/\/celebrityhouse.cz\/index.php\/author\/marpech\/"}]}},"_links":{"self":[{"href":"https:\/\/celebrityhouse.cz\/index.php\/wp-json\/wp\/v2\/posts\/11253"}],"collection":[{"href":"https:\/\/celebrityhouse.cz\/index.php\/wp-json\/wp\/v2\/posts"}],"about":[{"href":"https:\/\/celebrityhouse.cz\/index.php\/wp-json\/wp\/v2\/types\/post"}],"author":[{"embeddable":true,"href":"https:\/\/celebrityhouse.cz\/index.php\/wp-json\/wp\/v2\/users\/8"}],"replies":[{"embeddable":true,"href":"https:\/\/celebrityhouse.cz\/index.php\/wp-json\/wp\/v2\/comments?post=11253"}],"version-history":[{"count":1,"href":"https:\/\/celebrityhouse.cz\/index.php\/wp-json\/wp\/v2\/posts\/11253\/revisions"}],"predecessor-version":[{"id":11262,"href":"https:\/\/celebrityhouse.cz\/index.php\/wp-json\/wp\/v2\/posts\/11253\/revisions\/11262"}],"wp:featuredmedia":[{"embeddable":true,"href":"https:\/\/celebrityhouse.cz\/index.php\/wp-json\/wp\/v2\/media\/11259"}],"wp:attachment":[{"href":"https:\/\/celebrityhouse.cz\/index.php\/wp-json\/wp\/v2\/media?parent=11253"}],"wp:term":[{"taxonomy":"category","embeddable":true,"href":"https:\/\/celebrityhouse.cz\/index.php\/wp-json\/wp\/v2\/categories?post=11253"},{"taxonomy":"post_tag","embeddable":true,"href":"https:\/\/celebrityhouse.cz\/index.php\/wp-json\/wp\/v2\/tags?post=11253"}],"curies":[{"name":"wp","href":"https:\/\/api.w.org\/{rel}","templated":true}]}}