{"id":11510,"date":"2025-05-21T00:24:30","date_gmt":"2025-05-20T22:24:30","guid":{"rendered":"https:\/\/celebrityhouse.cz\/?p=11510"},"modified":"2025-05-21T00:24:31","modified_gmt":"2025-05-20T22:24:31","slug":"jak-ceske-celebrity-buduji-svuj-osobni-brand-na-socialnich-sitich","status":"publish","type":"post","link":"https:\/\/celebrityhouse.cz\/index.php\/2025\/05\/21\/jak-ceske-celebrity-buduji-svuj-osobni-brand-na-socialnich-sitich\/","title":{"rendered":"Jak \u010desk\u00e9 celebrity buduj\u00ed sv\u016fj osobn\u00ed brand na soci\u00e1ln\u00edch s\u00edt\u00edch"},"content":{"rendered":"\n<div style=\"height:40px\" aria-hidden=\"true\" class=\"wp-block-spacer\"><\/div>\n\n\n\n<p class=\"has-medium-font-size\"><strong>V digit\u00e1ln\u00ed \u00e9\u0159e roku 2025 se soci\u00e1ln\u00ed s\u00edt\u011b staly neodd\u011blitelnou sou\u010d\u00e1st\u00ed \u017eivota celebrit. Zat\u00edmco d\u0159\u00edve byly hv\u011bzdy z\u00e1visl\u00e9 na tradi\u010dn\u00edch m\u00e9di\u00edch, dnes maj\u00ed k dispozici p\u0159\u00edm\u00fd kan\u00e1l ke sv\u00fdm fanou\u0161k\u016fm. \u010cesk\u00e9 celebrity si tuto p\u0159\u00edle\u017eitost nenech\u00e1vaj\u00ed uj\u00edt a systematicky buduj\u00ed sv\u00e9 osobn\u00ed zna\u010dky na platform\u00e1ch jako Instagram a TikTok. Poj\u010fme se pod\u00edvat na strategie, kter\u00e9 jim p\u0159in\u00e1\u0161ej\u00ed \u00fasp\u011bch.<\/strong><\/p>\n\n\n\n<div style=\"height:40px\" aria-hidden=\"true\" class=\"wp-block-spacer\"><\/div>\n\n\n<div class=\"wp-block-image\">\n<figure class=\"aligncenter size-full\"><img loading=\"lazy\" decoding=\"async\" width=\"800\" height=\"533\" src=\"https:\/\/celebrityhouse.cz\/wp-content\/uploads\/2025\/05\/claudio-schwarz-xjp9cdaxax8-unsplash.jpg\" alt=\"Jak \u010desk\u00e9 celebrity buduj\u00ed sv\u016fj osobn\u00ed brand na soci\u00e1ln\u00edch s\u00edt\u00edch\" class=\"wp-image-11511\" srcset=\"https:\/\/celebrityhouse.cz\/wp-content\/uploads\/2025\/05\/claudio-schwarz-xjp9cdaxax8-unsplash.jpg 800w, https:\/\/celebrityhouse.cz\/wp-content\/uploads\/2025\/05\/claudio-schwarz-xjp9cdaxax8-unsplash-300x200.jpg 300w, https:\/\/celebrityhouse.cz\/wp-content\/uploads\/2025\/05\/claudio-schwarz-xjp9cdaxax8-unsplash-768x512.jpg 768w\" sizes=\"(max-width: 800px) 100vw, 800px\" \/><\/figure><\/div>\n\n\n<div style=\"height:40px\" aria-hidden=\"true\" class=\"wp-block-spacer\"><\/div>\n\n\n\n<h2 class=\"wp-block-heading\">Siln\u00fd profil jako z\u00e1klad \u00fasp\u011bchu<\/h2>\n\n\n\n<div style=\"height:40px\" aria-hidden=\"true\" class=\"wp-block-spacer\"><\/div>\n\n\n\n<p class=\"has-medium-font-size\">Z\u00e1kladem \u00fasp\u011b\u0161n\u00e9 prezentace na soci\u00e1ln\u00edch s\u00edt\u00edch je profesion\u00e1ln\u011b veden\u00fd profil. \u010cesk\u00e9 celebrity investuj\u00ed do kvalitn\u00edch fotografi\u00ed, promy\u0161len\u00e9 biografie a konzistentn\u00edho vizu\u00e1ln\u00edho stylu.<\/p>\n\n\n\n<p class=\"has-medium-font-size\">&#8222;Dnes u\u017e nesta\u010d\u00ed b\u00fdt jen dobr\u00fd herec nebo zp\u011bv\u00e1k. Mus\u00edte um\u011bt sv\u016fj talent prodat i na soci\u00e1ln\u00edch s\u00edt\u00edch,&#8220; \u0159\u00edk\u00e1 marketingov\u00e1 specialistka Ad\u00e9la Nov\u00e1kov\u00e1, kter\u00e1 spolupracuje s \u0159adou \u010desk\u00fdch celebrit.<\/p>\n\n\n\n<p class=\"has-medium-font-size\">D\u016fle\u017eit\u00fdm aspektem je tak\u00e9 spr\u00e1vn\u00e1 kombinace osobn\u00edho a profesn\u00edho obsahu. Zat\u00edmco n\u011bkter\u00e9 hv\u011bzdy jako Leo\u0161 Mare\u0161 s\u00e1zej\u00ed na zobrazov\u00e1n\u00ed luxusn\u00edho \u017eivotn\u00edho stylu, jin\u00e9, nap\u0159\u00edklad Ewa Farna, preferuj\u00ed autenti\u010dt\u011bj\u0161\u00ed a zraniteln\u011bj\u0161\u00ed p\u0159\u00edstup.<\/p>\n\n\n\n<div style=\"height:40px\" aria-hidden=\"true\" class=\"wp-block-spacer\"><\/div>\n\n\n\n<h2 class=\"wp-block-heading\">Strategie na Instagramu: Kvalita a konzistence<\/h2>\n\n\n\n<div style=\"height:40px\" aria-hidden=\"true\" class=\"wp-block-spacer\"><\/div>\n\n\n\n<p class=\"has-medium-font-size\">Instagram z\u016fst\u00e1v\u00e1 pro mnoho \u010desk\u00fdch celebrit prim\u00e1rn\u00ed platformou. \u00dasp\u011b\u0161n\u00e9 \u00fa\u010dty jako ty Ani\u010dky Slov\u00e1\u010dkov\u00e9 nebo Bena Cristovao se vyzna\u010duj\u00ed pravidelnou aktivitou a promy\u0161len\u00fdm obsahem.<\/p>\n\n\n\n<p class=\"has-medium-font-size\">Kl\u00ed\u010dov\u00fdm faktorem je tak\u00e9 po\u010det sleduj\u00edc\u00edch. Vysok\u00fd po\u010det&nbsp;<a href=\"https:\/\/befollow.cz\/instagram-followers\">instagram followers<\/a>&nbsp;funguje jako soci\u00e1ln\u00ed d\u016fkaz, kter\u00fd zvy\u0161uje atraktivitu profilu pro zna\u010dky hledaj\u00edc\u00ed partnery pro spolupr\u00e1ci. Nen\u00ed proto p\u0159ekvapen\u00edm, \u017ee celebrity v\u011bnuj\u00ed zna\u010dnou pozornost r\u016fstu sv\u00e9 sledovanosti.<\/p>\n\n\n\n<p class=\"has-medium-font-size\">&#8222;Pro spolupr\u00e1ce se zna\u010dkami je po\u010det sleduj\u00edc\u00edch st\u00e1le jedn\u00edm z hlavn\u00edch krit\u00e9ri\u00ed. \u010c\u00edsla nejsou v\u0161e, ale otev\u00edraj\u00ed dve\u0159e k jedn\u00e1n\u00ed,&#8220; <strong>vysv\u011btluje Tom\u00e1\u0161 Hrub\u00fd, influencer mana\u017eer jedn\u00e9 z p\u0159edn\u00edch \u010desk\u00fdch agentur<\/strong>.<\/p>\n\n\n\n<p class=\"has-medium-font-size\"><strong>Dal\u0161\u00ed strategie na Instagramu zahrnuj\u00ed:<\/strong><\/p>\n\n\n\n<ul>\n<li class=\"has-medium-font-size\">Pravideln\u00e9 vyu\u017e\u00edv\u00e1n\u00ed Stories pro udr\u017een\u00ed ka\u017edodenn\u00edho kontaktu s fanou\u0161ky<\/li>\n\n\n\n<li class=\"has-medium-font-size\">Spolupr\u00e1ce s dal\u0161\u00edmi zn\u00e1m\u00fdmi osobnostmi<\/li>\n\n\n\n<li class=\"has-medium-font-size\">Sd\u00edlen\u00ed exkluzivn\u00edho obsahu ze z\u00e1kulis\u00ed profesn\u00edch projekt\u016f<\/li>\n\n\n\n<li class=\"has-medium-font-size\">Strategick\u00e9 vyu\u017e\u00edv\u00e1n\u00ed hashtag\u016f pro zv\u00fd\u0161en\u00ed dosahu<\/li>\n<\/ul>\n\n\n\n<div style=\"height:40px\" aria-hidden=\"true\" class=\"wp-block-spacer\"><\/div>\n\n\n<div class=\"wp-block-image\">\n<figure class=\"aligncenter size-large\"><img loading=\"lazy\" decoding=\"async\" width=\"1024\" height=\"683\" src=\"https:\/\/celebrityhouse.cz\/wp-content\/uploads\/2025\/05\/jakub-zerdzicki-8AHRUprVOk4-unsplash-1-1024x683.jpg\" alt=\"Jak \u010desk\u00e9 celebrity buduj\u00ed sv\u016fj osobn\u00ed brand na soci\u00e1ln\u00edch s\u00edt\u00edch\" class=\"wp-image-11513\" srcset=\"https:\/\/celebrityhouse.cz\/wp-content\/uploads\/2025\/05\/jakub-zerdzicki-8AHRUprVOk4-unsplash-1-1024x683.jpg 1024w, https:\/\/celebrityhouse.cz\/wp-content\/uploads\/2025\/05\/jakub-zerdzicki-8AHRUprVOk4-unsplash-1-300x200.jpg 300w, https:\/\/celebrityhouse.cz\/wp-content\/uploads\/2025\/05\/jakub-zerdzicki-8AHRUprVOk4-unsplash-1-768x512.jpg 768w, https:\/\/celebrityhouse.cz\/wp-content\/uploads\/2025\/05\/jakub-zerdzicki-8AHRUprVOk4-unsplash-1-1536x1025.jpg 1536w, https:\/\/celebrityhouse.cz\/wp-content\/uploads\/2025\/05\/jakub-zerdzicki-8AHRUprVOk4-unsplash-1.jpg 1724w\" sizes=\"(max-width: 1024px) 100vw, 1024px\" \/><\/figure><\/div>\n\n\n<div style=\"height:40px\" aria-hidden=\"true\" class=\"wp-block-spacer\"><\/div>\n\n\n\n<h2 class=\"wp-block-heading\">TikTok: Nov\u00e1 platforma pro star\u0161\u00ed generaci celebrit<\/h2>\n\n\n\n<div style=\"height:40px\" aria-hidden=\"true\" class=\"wp-block-spacer\"><\/div>\n\n\n\n<p class=\"has-medium-font-size\">A\u010dkoliv byl TikTok dlouho pova\u017eov\u00e1n za platformu pro teenagery, posledn\u00ed roky p\u0159inesly v\u00fdznamn\u00fd posun. \u010cesk\u00e9 celebrity jako Jitka Boho, Petr Lexa nebo Shopaholic Nicol vybudovaly na TikToku silnou z\u00e1kladnu fanou\u0161k\u016f.<\/p>\n\n\n\n<p class=\"has-medium-font-size\">Kl\u00ed\u010dem k \u00fasp\u011bchu na t\u00e9to platform\u011b je pochopen\u00ed jej\u00edho specifick\u00e9ho charakteru a algoritm\u016f. Zat\u00edmco na Instagramu hraje roli po\u010det sleduj\u00edc\u00edch, na TikToku jsou rozhoduj\u00edc\u00ed\u00a0<a href=\"https:\/\/befollow.cz\/tiktok-views\"><strong>tiktok<\/strong> <strong>views<\/strong><\/a>. Vysok\u00fd po\u010det zhl\u00e9dnut\u00ed signalizuje platform\u011b, \u017ee obsah je zaj\u00edmav\u00fd, co\u017e vede k jeho dal\u0161\u00edmu zobrazov\u00e1n\u00ed v sekci &#8222;Pro tebe&#8220;.<\/p>\n\n\n\n<p class=\"has-medium-font-size\">&#8222;Na TikToku m\u016f\u017ee b\u00fdt n\u011bkdo s relativn\u011b mal\u00fdm po\u010dtem follower\u016f mnohem \u00fasp\u011b\u0161n\u011bj\u0161\u00ed ne\u017e zaveden\u00e1 celebrita s miliony sleduj\u00edc\u00edch na Instagramu. Rozhoduje schopnost vytv\u00e1\u0159et vir\u00e1ln\u00ed obsah,&#8220; vysv\u011btluje soci\u00e1ln\u00ed strat\u00e9g David Novotn\u00fd.<\/p>\n\n\n\n<p class=\"has-medium-font-size\"><strong>\u00dasp\u011b\u0161n\u00e9 strategie \u010desk\u00fdch celebrit na TikToku zahrnuj\u00ed:<\/strong><\/p>\n\n\n\n<ul>\n<li class=\"has-medium-font-size\">Zapojen\u00ed se do aktu\u00e1ln\u00edch v\u00fdzev a trend\u016f<\/li>\n\n\n\n<li class=\"has-medium-font-size\">Tvorbu autentick\u00e9ho a nenucen\u00e9ho obsahu<\/li>\n\n\n\n<li class=\"has-medium-font-size\">Konzistentn\u00ed publikov\u00e1n\u00ed (ide\u00e1ln\u011b n\u011bkolikr\u00e1t t\u00fddn\u011b)<\/li>\n\n\n\n<li class=\"has-medium-font-size\">Reakce na koment\u00e1\u0159e fanou\u0161k\u016f<\/li>\n\n\n\n<li class=\"has-medium-font-size\">Vyu\u017e\u00edv\u00e1n\u00ed popul\u00e1rn\u00ed hudby a zvuk\u016f<\/li>\n<\/ul>\n\n\n\n<div style=\"height:40px\" aria-hidden=\"true\" class=\"wp-block-spacer\"><\/div>\n\n\n\n<h2 class=\"wp-block-heading\">Kombinace platforem a cross-promotion<\/h2>\n\n\n\n<div style=\"height:40px\" aria-hidden=\"true\" class=\"wp-block-spacer\"><\/div>\n\n\n\n<p class=\"has-medium-font-size\">Nej\u00fasp\u011b\u0161n\u011bj\u0161\u00ed \u010desk\u00e9 celebrity pracuj\u00ed se soci\u00e1ln\u00edmi s\u00edt\u011bmi strategicky a propojuj\u00ed sv\u00e9 aktivity nap\u0159\u00ed\u010d platformami. Nap\u0159\u00edklad Leo\u0161 Mare\u0161 \u010dasto propaguje sv\u00e9 TikTok videa na Instagramu, zat\u00edmco Shopaholic Nicol vyu\u017e\u00edv\u00e1 sv\u016fj YouTube kan\u00e1l k p\u0159iveden\u00ed sleduj\u00edc\u00edch na Instagram.<\/p>\n\n\n\n<p class=\"has-medium-font-size\">&#8222;Pro skute\u010dn\u00fd \u00fasp\u011bch je pot\u0159eba uva\u017eovat o soci\u00e1ln\u00edch s\u00edt\u00edch jako o ekosyst\u00e9mu. Ka\u017ed\u00e1 platforma m\u00e1 sv\u00e9 specifick\u00e9 publikum a v\u00fdhody, ale dohromady vytv\u00e1\u0159ej\u00ed silnou kombinaci,&#8220; \u0159\u00edk\u00e1 digit\u00e1ln\u00ed strat\u00e9g Martin Karabin.<\/p>\n\n\n\n<div style=\"height:40px\" aria-hidden=\"true\" class=\"wp-block-spacer\"><\/div>\n\n\n\n<h2 class=\"wp-block-heading\">Autenticita jako konkuren\u010dn\u00ed v\u00fdhoda<\/h2>\n\n\n\n<div style=\"height:40px\" aria-hidden=\"true\" class=\"wp-block-spacer\"><\/div>\n\n\n\n<p class=\"has-medium-font-size\">V z\u00e1plav\u011b dokonale upraven\u00fdch fotografi\u00ed a vide\u00ed se jako kl\u00ed\u010d k \u00fasp\u011bchu ukazuje autenticita. Celebrita jako Ewa Farna, kter\u00e1 otev\u0159en\u011b komunikuje o sv\u00fdch nejistot\u00e1ch a \u017eivotn\u00edch v\u00fdzv\u00e1ch, dosahuje mimo\u0159\u00e1dn\u00e9ho engagementu.<\/p>\n\n\n\n<p class=\"has-medium-font-size\">&#8222;Paradoxn\u011b, \u010d\u00edm v\u00edce se celebrity p\u0159ibli\u017euj\u00ed b\u011b\u017en\u00fdm lidem, t\u00edm exkluzivn\u011bj\u0161\u00ed se st\u00e1vaj\u00ed. Fanou\u0161ci dnes hledaj\u00ed skute\u010dn\u00e9 p\u0159\u00edb\u011bhy a osobnosti, se kter\u00fdmi se mohou ztoto\u017enit,&#8220; vysv\u011btluje psycholo\u017eka Mark\u00e9ta Tich\u00e1, specializuj\u00edc\u00ed se na soci\u00e1ln\u00ed m\u00e9dia.<\/p>\n\n\n\n<div style=\"height:40px\" aria-hidden=\"true\" class=\"wp-block-spacer\"><\/div>\n\n\n<div class=\"wp-block-image\">\n<figure class=\"aligncenter size-large\"><img loading=\"lazy\" decoding=\"async\" width=\"1024\" height=\"576\" src=\"https:\/\/celebrityhouse.cz\/wp-content\/uploads\/2025\/05\/egor-ivlev-lCaduLuFwOk-unsplash-1024x576.jpg\" alt=\"Jak \u010desk\u00e9 celebrity buduj\u00ed sv\u016fj osobn\u00ed brand na soci\u00e1ln\u00edch s\u00edt\u00edch\" class=\"wp-image-11514\" srcset=\"https:\/\/celebrityhouse.cz\/wp-content\/uploads\/2025\/05\/egor-ivlev-lCaduLuFwOk-unsplash-1024x576.jpg 1024w, https:\/\/celebrityhouse.cz\/wp-content\/uploads\/2025\/05\/egor-ivlev-lCaduLuFwOk-unsplash-300x169.jpg 300w, https:\/\/celebrityhouse.cz\/wp-content\/uploads\/2025\/05\/egor-ivlev-lCaduLuFwOk-unsplash-768x432.jpg 768w, https:\/\/celebrityhouse.cz\/wp-content\/uploads\/2025\/05\/egor-ivlev-lCaduLuFwOk-unsplash-1536x864.jpg 1536w, https:\/\/celebrityhouse.cz\/wp-content\/uploads\/2025\/05\/egor-ivlev-lCaduLuFwOk-unsplash-2048x1152.jpg 2048w\" sizes=\"(max-width: 1024px) 100vw, 1024px\" \/><\/figure><\/div>\n\n\n<div style=\"height:40px\" aria-hidden=\"true\" class=\"wp-block-spacer\"><\/div>\n\n\n\n<h2 class=\"wp-block-heading\">Profesion\u00e1ln\u00ed t\u00fdmy v pozad\u00ed<\/h2>\n\n\n\n<div style=\"height:40px\" aria-hidden=\"true\" class=\"wp-block-spacer\"><\/div>\n\n\n\n<p class=\"has-medium-font-size\">Za zd\u00e1nliv\u011b spont\u00e1nn\u00edmi p\u0159\u00edsp\u011bvky \u010desk\u00fdch celebrit \u010dasto stoj\u00ed profesion\u00e1ln\u00ed t\u00fdmy. V\u011bt\u0161\u00ed hv\u011bzdy jako Leo\u0161 Mare\u0161 nebo Ag\u00e1ta Hanychov\u00e1 spolupracuj\u00ed s mana\u017eery soci\u00e1ln\u00edch m\u00e9di\u00ed, fotografy a copywritery, kte\u0159\u00ed pom\u00e1haj\u00ed udr\u017eovat konzistentn\u00ed kvalitu obsahu.<\/p>\n\n\n\n<p class=\"has-medium-font-size\">&#8222;Je to jako jak\u00e1koliv jin\u00e1 pr\u00e1ce. Vy\u017eaduje to pl\u00e1nov\u00e1n\u00ed, strategii a pravidelnost. Bez ohledu na to, jak slavn\u00fd jste, nefunguje to bez systematick\u00e9 pr\u00e1ce,&#8220; uv\u00e1d\u00ed Petr Nov\u00e1k, kter\u00fd spravuje soci\u00e1ln\u00ed s\u00edt\u011b n\u011bkolika \u010desk\u00fdch celebrit.<\/p>\n\n\n\n<div style=\"height:40px\" aria-hidden=\"true\" class=\"wp-block-spacer\"><\/div>\n\n\n\n<h2 class=\"wp-block-heading\">Monetizace osobn\u00ed zna\u010dky<\/h2>\n\n\n\n<div style=\"height:40px\" aria-hidden=\"true\" class=\"wp-block-spacer\"><\/div>\n\n\n\n<p class=\"has-medium-font-size\">Budov\u00e1n\u00ed osobn\u00ed zna\u010dky na soci\u00e1ln\u00edch s\u00edt\u00edch m\u00e1 pro celebrity jasn\u00fd c\u00edl \u2013 monetizaci. \u00dasp\u011b\u0161n\u00e9 profily generuj\u00ed p\u0159\u00edjmy n\u011bkolika zp\u016fsoby:<\/p>\n\n\n\n<ol>\n<li class=\"has-medium-font-size\"><strong>Placen\u00e1 partnerstv\u00ed se zna\u010dkami<\/strong>&nbsp;\u2013 od jednor\u00e1zov\u00fdch spoluprac\u00ed po dlouhodob\u00e9 ambasadorstv\u00ed<\/li>\n\n\n\n<li class=\"has-medium-font-size\"><strong>Propagace vlastn\u00edch produkt\u016f a slu\u017eeb<\/strong>&nbsp;\u2013 od kosmetick\u00fdch zna\u010dek po online kurzy<\/li>\n\n\n\n<li class=\"has-medium-font-size\"><strong>Affiliate marketing<\/strong>&nbsp;\u2013 doporu\u010dov\u00e1n\u00ed produkt\u016f s proviz\u00ed z prodeje<\/li>\n\n\n\n<li class=\"has-medium-font-size\"><strong>Exkluzivn\u00ed obsah<\/strong>&nbsp;\u2013 nap\u0159\u00edklad prost\u0159ednictv\u00edm platforem jako OnlyFans nebo Patreonu<\/li>\n<\/ol>\n\n\n\n<p class=\"has-medium-font-size\">&#8222;Dob\u0159e vybudovan\u00fd profil na soci\u00e1ln\u00edch s\u00edt\u00edch m\u016f\u017ee pro celebrity p\u0159edstavovat v\u00fdznamn\u011bj\u0161\u00ed zdroj p\u0159\u00edjm\u016f ne\u017e jejich p\u016fvodn\u00ed profese,&#8220; dod\u00e1v\u00e1 Tom\u00e1\u0161 Hrub\u00fd.<\/p>\n\n\n\n<div style=\"height:40px\" aria-hidden=\"true\" class=\"wp-block-spacer\"><\/div>\n\n\n\n<h2 class=\"wp-block-heading\">V\u00fdzvy a \u00faskal\u00ed<\/h2>\n\n\n\n<div style=\"height:40px\" aria-hidden=\"true\" class=\"wp-block-spacer\"><\/div>\n\n\n\n<p class=\"has-medium-font-size\">Soci\u00e1ln\u00ed s\u00edt\u011b p\u0159in\u00e1\u0161ej\u00ed celebrit\u00e1m nejen p\u0159\u00edle\u017eitosti, ale i v\u00fdzvy. \u017divot pod neust\u00e1l\u00fdm drobnohledem, kritika a nutnost reagovat na trendy m\u016f\u017ee b\u00fdt vy\u010derp\u00e1vaj\u00edc\u00ed.<\/p>\n\n\n\n<p class=\"has-medium-font-size\">&#8222;Mnoho celebrit za\u017e\u00edv\u00e1 syndrom vyho\u0159en\u00ed. Je t\u011b\u017ek\u00e9 b\u00fdt neust\u00e1le &#8218;zapnut\u00fd&#8216; a reagovat na v\u0161echny podn\u011bty,&#8220; vysv\u011btluje psycholo\u017eka Tich\u00e1. &#8222;Proto je d\u016fle\u017eit\u00e9 m\u00edt jasn\u011b stanoven\u00e9 hranice a n\u011bkdy si dop\u0159\u00e1t digit\u00e1ln\u00ed detox.&#8220;<\/p>\n\n\n\n<p class=\"has-medium-font-size\">Dal\u0161\u00ed v\u00fdzvou je vyrovn\u00e1n\u00ed se s hejty a negativn\u00edmi koment\u00e1\u0159i, kter\u00e9 jsou na soci\u00e1ln\u00edch s\u00edt\u00edch b\u011b\u017en\u00e9. Zat\u00edmco n\u011bkter\u00e9 celebrity jako Leo\u0161 Mare\u0161 vol\u00ed strategii ignorov\u00e1n\u00ed, jin\u00e9, nap\u0159\u00edklad Ewa Farna, se ob\u010das pust\u00ed do diskuse s kritiky.<\/p>\n\n\n\n<div style=\"height:40px\" aria-hidden=\"true\" class=\"wp-block-spacer\"><\/div>\n\n\n\n<h2 class=\"wp-block-heading\">Budoucnost: Metaverse a nov\u00e9 platformy<\/h2>\n\n\n\n<div style=\"height:40px\" aria-hidden=\"true\" class=\"wp-block-spacer\"><\/div>\n\n\n\n<p class=\"has-medium-font-size\">\u010cesk\u00e9 celebrity ji\u017e za\u010d\u00ednaj\u00ed experimentovat s nov\u00fdmi form\u00e1ty a platformami. Virtu\u00e1ln\u00ed realita a metaverse p\u0159edstavuj\u00ed dal\u0161\u00ed frontier, kde mohou budovat svou osobn\u00ed zna\u010dku.<\/p>\n\n\n\n<p class=\"has-medium-font-size\">&#8222;V p\u0159\u00ed\u0161t\u00edch letech o\u010dek\u00e1v\u00e1me, \u017ee hranice mezi fyzick\u00fdm a digit\u00e1ln\u00edm sv\u011btem celebrit se budou st\u00e1le v\u00edce st\u00edrat. U\u017e dnes vid\u00edme prvn\u00ed pokusy o vytv\u00e1\u0159en\u00ed virtu\u00e1ln\u00edch avatar\u016f a zku\u0161enost\u00ed v roz\u0161\u00ed\u0159en\u00e9 realit\u011b,&#8220; p\u0159edpov\u00edd\u00e1 digit\u00e1ln\u00ed futurista Jan Koval\u010d\u00edk.<\/p>\n\n\n\n<div style=\"height:40px\" aria-hidden=\"true\" class=\"wp-block-spacer\"><\/div>\n\n\n\n<h2 class=\"wp-block-heading\">Pamatujte<\/h2>\n\n\n\n<div style=\"height:40px\" aria-hidden=\"true\" class=\"wp-block-spacer\"><\/div>\n\n\n\n<p class=\"has-medium-font-size\">\u010cesk\u00e9 celebrity pochopily, \u017ee soci\u00e1ln\u00ed s\u00edt\u011b nejsou jen dopl\u0148kem jejich kari\u00e9ry, ale jej\u00ed integr\u00e1ln\u00ed sou\u010d\u00e1st\u00ed. Ti nej\u00fasp\u011b\u0161n\u011bj\u0161\u00ed p\u0159istupuj\u00ed k budov\u00e1n\u00ed osobn\u00ed zna\u010dky na digit\u00e1ln\u00edch platform\u00e1ch strategicky a profesion\u00e1ln\u011b, zat\u00edmco si udr\u017euj\u00ed autenticitu, kter\u00e1 rezonuje s jejich publikem.<\/p>\n\n\n\n<p class=\"has-medium-font-size\">A\u0165 u\u017e jde o po\u010det\u00a0<a href=\"https:\/\/befollow.cz\/instagram-followers\"><strong>instagram followers<\/strong><\/a>\u00a0nebo\u00a0<a href=\"https:\/\/befollow.cz\/tiktok-views\"><strong>tiktok views<\/strong><\/a>, \u010d\u00edsla jsou d\u016fle\u017eit\u00e1, ale nejsou jedin\u00fdm faktorem \u00fasp\u011bchu. Kl\u00ed\u010dem z\u016fst\u00e1v\u00e1 schopnost vypr\u00e1v\u011bt p\u0159\u00edb\u011bh, vytv\u00e1\u0159et hodnotu pro sleduj\u00edc\u00ed a z\u016fstat relevantn\u00ed v rychle se m\u011bn\u00edc\u00edm digit\u00e1ln\u00edm prost\u0159ed\u00ed.<\/p>\n\n\n\n<p class=\"has-medium-font-size\">Pro za\u010d\u00ednaj\u00edc\u00ed influencery a osobnosti je inspirativn\u00ed sledovat, jak etablovan\u00e9 hv\u011bzdy p\u0159istupuj\u00ed k budov\u00e1n\u00ed sv\u00e9 digit\u00e1ln\u00ed p\u0159\u00edtomnosti \u2013 s profesionalitou, konzistenc\u00ed a strategick\u00fdm my\u0161len\u00edm, kter\u00e9 z jejich profil\u016f \u010din\u00ed cenn\u00e1 digit\u00e1ln\u00ed aktiva.<\/p>\n\n\n\n<div style=\"height:100px\" aria-hidden=\"true\" class=\"wp-block-spacer\"><\/div>\n\n\n\n<figure class=\"wp-block-gallery has-nested-images columns-2 is-cropped wp-block-gallery-1 is-layout-flex wp-block-gallery-is-layout-flex\">\n<figure class=\"wp-block-image size-large\"><img loading=\"lazy\" decoding=\"async\" width=\"1024\" height=\"576\" data-id=\"11514\" src=\"https:\/\/celebrityhouse.cz\/wp-content\/uploads\/2025\/05\/egor-ivlev-lCaduLuFwOk-unsplash-1024x576.jpg\" alt=\"Jak \u010desk\u00e9 celebrity buduj\u00ed sv\u016fj osobn\u00ed brand na soci\u00e1ln\u00edch s\u00edt\u00edch\" class=\"wp-image-11514\" srcset=\"https:\/\/celebrityhouse.cz\/wp-content\/uploads\/2025\/05\/egor-ivlev-lCaduLuFwOk-unsplash-1024x576.jpg 1024w, https:\/\/celebrityhouse.cz\/wp-content\/uploads\/2025\/05\/egor-ivlev-lCaduLuFwOk-unsplash-300x169.jpg 300w, https:\/\/celebrityhouse.cz\/wp-content\/uploads\/2025\/05\/egor-ivlev-lCaduLuFwOk-unsplash-768x432.jpg 768w, https:\/\/celebrityhouse.cz\/wp-content\/uploads\/2025\/05\/egor-ivlev-lCaduLuFwOk-unsplash-1536x864.jpg 1536w, https:\/\/celebrityhouse.cz\/wp-content\/uploads\/2025\/05\/egor-ivlev-lCaduLuFwOk-unsplash-2048x1152.jpg 2048w\" sizes=\"(max-width: 1024px) 100vw, 1024px\" \/><\/figure>\n\n\n\n<figure class=\"wp-block-image size-large\"><img loading=\"lazy\" decoding=\"async\" width=\"1024\" height=\"683\" data-id=\"11513\" src=\"https:\/\/celebrityhouse.cz\/wp-content\/uploads\/2025\/05\/jakub-zerdzicki-8AHRUprVOk4-unsplash-1-1024x683.jpg\" alt=\"Jak \u010desk\u00e9 celebrity buduj\u00ed sv\u016fj osobn\u00ed brand na soci\u00e1ln\u00edch s\u00edt\u00edch\" class=\"wp-image-11513\" srcset=\"https:\/\/celebrityhouse.cz\/wp-content\/uploads\/2025\/05\/jakub-zerdzicki-8AHRUprVOk4-unsplash-1-1024x683.jpg 1024w, https:\/\/celebrityhouse.cz\/wp-content\/uploads\/2025\/05\/jakub-zerdzicki-8AHRUprVOk4-unsplash-1-300x200.jpg 300w, https:\/\/celebrityhouse.cz\/wp-content\/uploads\/2025\/05\/jakub-zerdzicki-8AHRUprVOk4-unsplash-1-768x512.jpg 768w, https:\/\/celebrityhouse.cz\/wp-content\/uploads\/2025\/05\/jakub-zerdzicki-8AHRUprVOk4-unsplash-1-1536x1025.jpg 1536w, https:\/\/celebrityhouse.cz\/wp-content\/uploads\/2025\/05\/jakub-zerdzicki-8AHRUprVOk4-unsplash-1.jpg 1724w\" sizes=\"(max-width: 1024px) 100vw, 1024px\" \/><\/figure>\n\n\n\n<figure class=\"wp-block-image size-large\"><img loading=\"lazy\" decoding=\"async\" width=\"800\" height=\"533\" data-id=\"11511\" src=\"https:\/\/celebrityhouse.cz\/wp-content\/uploads\/2025\/05\/claudio-schwarz-xjp9cdaxax8-unsplash.jpg\" alt=\"Jak \u010desk\u00e9 celebrity buduj\u00ed sv\u016fj osobn\u00ed brand na soci\u00e1ln\u00edch s\u00edt\u00edch\" class=\"wp-image-11511\" srcset=\"https:\/\/celebrityhouse.cz\/wp-content\/uploads\/2025\/05\/claudio-schwarz-xjp9cdaxax8-unsplash.jpg 800w, https:\/\/celebrityhouse.cz\/wp-content\/uploads\/2025\/05\/claudio-schwarz-xjp9cdaxax8-unsplash-300x200.jpg 300w, https:\/\/celebrityhouse.cz\/wp-content\/uploads\/2025\/05\/claudio-schwarz-xjp9cdaxax8-unsplash-768x512.jpg 768w\" sizes=\"(max-width: 800px) 100vw, 800px\" \/><\/figure>\n<\/figure>\n\n\n\n<div style=\"height:36px\" aria-hidden=\"true\" class=\"wp-block-spacer\"><\/div>\n\n\n\n<p><strong>Zdroj foto: <\/strong>Unsplash.com<\/p>\n\n\n\n<div style=\"height:70px\" aria-hidden=\"true\" class=\"wp-block-spacer\"><\/div>\n","protected":false},"excerpt":{"rendered":"<p>V digit\u00e1ln\u00ed \u00e9\u0159e roku 2025 se soci\u00e1ln\u00ed s\u00edt\u011b staly neodd\u011blitelnou sou\u010d\u00e1st\u00ed \u017eivota celebrit. Zat\u00edmco d\u0159\u00edve byly hv\u011bzdy z\u00e1visl\u00e9 na tradi\u010dn\u00edch m\u00e9di\u00edch, dnes maj\u00ed k dispozici p\u0159\u00edm\u00fd kan\u00e1l ke sv\u00fdm fanou\u0161k\u016fm. \u010cesk\u00e9 celebrity si tuto&#46;&#46;&#46;<\/p>\n","protected":false},"author":2,"featured_media":11511,"comment_status":"closed","ping_status":"closed","sticky":false,"template":"","format":"standard","meta":{"_monsterinsights_skip_tracking":false,"_monsterinsights_sitenote_active":false,"_monsterinsights_sitenote_note":"","_monsterinsights_sitenote_category":0,"footnotes":""},"categories":[187,18,2,10],"tags":[],"yoast_head":"<!-- This site is optimized with the Yoast SEO plugin v21.5 - https:\/\/yoast.com\/wordpress\/plugins\/seo\/ -->\n<title>Jak \u010desk\u00e9 celebrity buduj\u00ed sv\u016fj osobn\u00ed brand na soci\u00e1ln\u00edch s\u00edt\u00edch - CELEBRITYHOUSE.cz<\/title>\n<meta name=\"description\" content=\"\u010cesk\u00e9 celebrity si tuto p\u0159\u00edle\u017eitost nenech\u00e1vaj\u00ed uj\u00edt a systematicky buduj\u00ed sv\u00e9 osobn\u00ed zna\u010dky na platform\u00e1ch jako Instagram a TikTok.\" \/>\n<meta name=\"robots\" content=\"index, follow, max-snippet:-1, max-image-preview:large, max-video-preview:-1\" \/>\n<link rel=\"canonical\" href=\"https:\/\/celebrityhouse.cz\/index.php\/2025\/05\/21\/jak-ceske-celebrity-buduji-svuj-osobni-brand-na-socialnich-sitich\/\" \/>\n<meta property=\"og:locale\" content=\"cs_CZ\" \/>\n<meta property=\"og:type\" content=\"article\" \/>\n<meta property=\"og:title\" content=\"Jak \u010desk\u00e9 celebrity buduj\u00ed sv\u016fj osobn\u00ed brand na soci\u00e1ln\u00edch s\u00edt\u00edch - CELEBRITYHOUSE.cz\" \/>\n<meta property=\"og:description\" content=\"\u010cesk\u00e9 celebrity si tuto p\u0159\u00edle\u017eitost nenech\u00e1vaj\u00ed uj\u00edt a systematicky buduj\u00ed sv\u00e9 osobn\u00ed zna\u010dky na platform\u00e1ch jako Instagram a TikTok.\" \/>\n<meta property=\"og:url\" content=\"https:\/\/celebrityhouse.cz\/index.php\/2025\/05\/21\/jak-ceske-celebrity-buduji-svuj-osobni-brand-na-socialnich-sitich\/\" \/>\n<meta property=\"og:site_name\" content=\"CELEBRITYHOUSE.cz\" \/>\n<meta property=\"article:published_time\" content=\"2025-05-20T22:24:30+00:00\" \/>\n<meta property=\"article:modified_time\" content=\"2025-05-20T22:24:31+00:00\" \/>\n<meta property=\"og:image\" content=\"https:\/\/celebrityhouse.cz\/wp-content\/uploads\/2025\/05\/claudio-schwarz-xjp9cdaxax8-unsplash.jpg\" \/>\n\t<meta property=\"og:image:width\" content=\"800\" \/>\n\t<meta property=\"og:image:height\" content=\"533\" \/>\n\t<meta property=\"og:image:type\" content=\"image\/jpeg\" \/>\n<meta name=\"author\" content=\"Jolana Hol\u00e1\u0148ov\u00e1\" \/>\n<meta name=\"twitter:card\" content=\"summary_large_image\" \/>\n<meta name=\"twitter:label1\" content=\"Napsal(a)\" \/>\n\t<meta name=\"twitter:data1\" content=\"Jolana Hol\u00e1\u0148ov\u00e1\" \/>\n\t<meta name=\"twitter:label2\" content=\"Odhadovan\u00e1 doba \u010dten\u00ed\" \/>\n\t<meta name=\"twitter:data2\" content=\"7 minut\" \/>\n<script type=\"application\/ld+json\" class=\"yoast-schema-graph\">{\"@context\":\"https:\/\/schema.org\",\"@graph\":[{\"@type\":\"Article\",\"@id\":\"https:\/\/celebrityhouse.cz\/index.php\/2025\/05\/21\/jak-ceske-celebrity-buduji-svuj-osobni-brand-na-socialnich-sitich\/#article\",\"isPartOf\":{\"@id\":\"https:\/\/celebrityhouse.cz\/index.php\/2025\/05\/21\/jak-ceske-celebrity-buduji-svuj-osobni-brand-na-socialnich-sitich\/\"},\"author\":{\"name\":\"Jolana Hol\u00e1\u0148ov\u00e1\",\"@id\":\"https:\/\/celebrityhouse.cz\/#\/schema\/person\/d017015938d4512794986427eb23a2e9\"},\"headline\":\"Jak \u010desk\u00e9 celebrity buduj\u00ed sv\u016fj osobn\u00ed brand na soci\u00e1ln\u00edch s\u00edt\u00edch\",\"datePublished\":\"2025-05-20T22:24:30+00:00\",\"dateModified\":\"2025-05-20T22:24:31+00:00\",\"mainEntityOfPage\":{\"@id\":\"https:\/\/celebrityhouse.cz\/index.php\/2025\/05\/21\/jak-ceske-celebrity-buduji-svuj-osobni-brand-na-socialnich-sitich\/\"},\"wordCount\":1429,\"publisher\":{\"@id\":\"https:\/\/celebrityhouse.cz\/#organization\"},\"articleSection\":[\"CELEBRITY\",\"LIFESTYLE\",\"NEWS\",\"TIPY &amp; TRENDY\"],\"inLanguage\":\"cs\"},{\"@type\":\"WebPage\",\"@id\":\"https:\/\/celebrityhouse.cz\/index.php\/2025\/05\/21\/jak-ceske-celebrity-buduji-svuj-osobni-brand-na-socialnich-sitich\/\",\"url\":\"https:\/\/celebrityhouse.cz\/index.php\/2025\/05\/21\/jak-ceske-celebrity-buduji-svuj-osobni-brand-na-socialnich-sitich\/\",\"name\":\"Jak \u010desk\u00e9 celebrity buduj\u00ed sv\u016fj osobn\u00ed brand na soci\u00e1ln\u00edch s\u00edt\u00edch - CELEBRITYHOUSE.cz\",\"isPartOf\":{\"@id\":\"https:\/\/celebrityhouse.cz\/#website\"},\"datePublished\":\"2025-05-20T22:24:30+00:00\",\"dateModified\":\"2025-05-20T22:24:31+00:00\",\"description\":\"\u010cesk\u00e9 celebrity si tuto p\u0159\u00edle\u017eitost nenech\u00e1vaj\u00ed uj\u00edt a systematicky buduj\u00ed sv\u00e9 osobn\u00ed zna\u010dky na platform\u00e1ch jako Instagram a TikTok.\",\"breadcrumb\":{\"@id\":\"https:\/\/celebrityhouse.cz\/index.php\/2025\/05\/21\/jak-ceske-celebrity-buduji-svuj-osobni-brand-na-socialnich-sitich\/#breadcrumb\"},\"inLanguage\":\"cs\",\"potentialAction\":[{\"@type\":\"ReadAction\",\"target\":[\"https:\/\/celebrityhouse.cz\/index.php\/2025\/05\/21\/jak-ceske-celebrity-buduji-svuj-osobni-brand-na-socialnich-sitich\/\"]}]},{\"@type\":\"BreadcrumbList\",\"@id\":\"https:\/\/celebrityhouse.cz\/index.php\/2025\/05\/21\/jak-ceske-celebrity-buduji-svuj-osobni-brand-na-socialnich-sitich\/#breadcrumb\",\"itemListElement\":[{\"@type\":\"ListItem\",\"position\":1,\"name\":\"Dom\u016f\",\"item\":\"https:\/\/celebrityhouse.cz\/\"},{\"@type\":\"ListItem\",\"position\":2,\"name\":\"Jak \u010desk\u00e9 celebrity buduj\u00ed sv\u016fj osobn\u00ed brand na soci\u00e1ln\u00edch s\u00edt\u00edch\"}]},{\"@type\":\"WebSite\",\"@id\":\"https:\/\/celebrityhouse.cz\/#website\",\"url\":\"https:\/\/celebrityhouse.cz\/\",\"name\":\"CELEBRITYHOUSE.cz\",\"description\":\"Port\u00e1l o showbyznysu...\",\"publisher\":{\"@id\":\"https:\/\/celebrityhouse.cz\/#organization\"},\"potentialAction\":[{\"@type\":\"SearchAction\",\"target\":{\"@type\":\"EntryPoint\",\"urlTemplate\":\"https:\/\/celebrityhouse.cz\/?s={search_term_string}\"},\"query-input\":\"required name=search_term_string\"}],\"inLanguage\":\"cs\"},{\"@type\":\"Organization\",\"@id\":\"https:\/\/celebrityhouse.cz\/#organization\",\"name\":\"CELEBRITYHOUSE.cz\",\"url\":\"https:\/\/celebrityhouse.cz\/\",\"logo\":{\"@type\":\"ImageObject\",\"inLanguage\":\"cs\",\"@id\":\"https:\/\/celebrityhouse.cz\/#\/schema\/logo\/image\/\",\"url\":\"https:\/\/celebrityhouse.cz\/wp-content\/uploads\/2024\/12\/cropped-Logo_CelebrityHouse_2.jpg\",\"contentUrl\":\"https:\/\/celebrityhouse.cz\/wp-content\/uploads\/2024\/12\/cropped-Logo_CelebrityHouse_2.jpg\",\"width\":937,\"height\":510,\"caption\":\"CELEBRITYHOUSE.cz\"},\"image\":{\"@id\":\"https:\/\/celebrityhouse.cz\/#\/schema\/logo\/image\/\"}},{\"@type\":\"Person\",\"@id\":\"https:\/\/celebrityhouse.cz\/#\/schema\/person\/d017015938d4512794986427eb23a2e9\",\"name\":\"Jolana Hol\u00e1\u0148ov\u00e1\",\"image\":{\"@type\":\"ImageObject\",\"inLanguage\":\"cs\",\"@id\":\"https:\/\/celebrityhouse.cz\/#\/schema\/person\/image\/\",\"url\":\"https:\/\/secure.gravatar.com\/avatar\/5863c504ed89cd419ff3a5e812c722ff?s=96&d=mm&r=g\",\"contentUrl\":\"https:\/\/secure.gravatar.com\/avatar\/5863c504ed89cd419ff3a5e812c722ff?s=96&d=mm&r=g\",\"caption\":\"Jolana Hol\u00e1\u0148ov\u00e1\"},\"sameAs\":[\"http:\/\/www.celebrityhouse.cz\"],\"url\":\"https:\/\/celebrityhouse.cz\/index.php\/author\/jolhol\/\"}]}<\/script>\n<!-- \/ Yoast SEO plugin. -->","yoast_head_json":{"title":"Jak \u010desk\u00e9 celebrity buduj\u00ed sv\u016fj osobn\u00ed brand na soci\u00e1ln\u00edch s\u00edt\u00edch - CELEBRITYHOUSE.cz","description":"\u010cesk\u00e9 celebrity si tuto p\u0159\u00edle\u017eitost nenech\u00e1vaj\u00ed uj\u00edt a systematicky buduj\u00ed sv\u00e9 osobn\u00ed zna\u010dky na platform\u00e1ch jako Instagram a TikTok.","robots":{"index":"index","follow":"follow","max-snippet":"max-snippet:-1","max-image-preview":"max-image-preview:large","max-video-preview":"max-video-preview:-1"},"canonical":"https:\/\/celebrityhouse.cz\/index.php\/2025\/05\/21\/jak-ceske-celebrity-buduji-svuj-osobni-brand-na-socialnich-sitich\/","og_locale":"cs_CZ","og_type":"article","og_title":"Jak \u010desk\u00e9 celebrity buduj\u00ed sv\u016fj osobn\u00ed brand na soci\u00e1ln\u00edch s\u00edt\u00edch - CELEBRITYHOUSE.cz","og_description":"\u010cesk\u00e9 celebrity si tuto p\u0159\u00edle\u017eitost nenech\u00e1vaj\u00ed uj\u00edt a systematicky buduj\u00ed sv\u00e9 osobn\u00ed zna\u010dky na platform\u00e1ch jako Instagram a TikTok.","og_url":"https:\/\/celebrityhouse.cz\/index.php\/2025\/05\/21\/jak-ceske-celebrity-buduji-svuj-osobni-brand-na-socialnich-sitich\/","og_site_name":"CELEBRITYHOUSE.cz","article_published_time":"2025-05-20T22:24:30+00:00","article_modified_time":"2025-05-20T22:24:31+00:00","og_image":[{"width":800,"height":533,"url":"https:\/\/celebrityhouse.cz\/wp-content\/uploads\/2025\/05\/claudio-schwarz-xjp9cdaxax8-unsplash.jpg","type":"image\/jpeg"}],"author":"Jolana Hol\u00e1\u0148ov\u00e1","twitter_card":"summary_large_image","twitter_misc":{"Napsal(a)":"Jolana Hol\u00e1\u0148ov\u00e1","Odhadovan\u00e1 doba \u010dten\u00ed":"7 minut"},"schema":{"@context":"https:\/\/schema.org","@graph":[{"@type":"Article","@id":"https:\/\/celebrityhouse.cz\/index.php\/2025\/05\/21\/jak-ceske-celebrity-buduji-svuj-osobni-brand-na-socialnich-sitich\/#article","isPartOf":{"@id":"https:\/\/celebrityhouse.cz\/index.php\/2025\/05\/21\/jak-ceske-celebrity-buduji-svuj-osobni-brand-na-socialnich-sitich\/"},"author":{"name":"Jolana Hol\u00e1\u0148ov\u00e1","@id":"https:\/\/celebrityhouse.cz\/#\/schema\/person\/d017015938d4512794986427eb23a2e9"},"headline":"Jak \u010desk\u00e9 celebrity buduj\u00ed sv\u016fj osobn\u00ed brand na soci\u00e1ln\u00edch s\u00edt\u00edch","datePublished":"2025-05-20T22:24:30+00:00","dateModified":"2025-05-20T22:24:31+00:00","mainEntityOfPage":{"@id":"https:\/\/celebrityhouse.cz\/index.php\/2025\/05\/21\/jak-ceske-celebrity-buduji-svuj-osobni-brand-na-socialnich-sitich\/"},"wordCount":1429,"publisher":{"@id":"https:\/\/celebrityhouse.cz\/#organization"},"articleSection":["CELEBRITY","LIFESTYLE","NEWS","TIPY &amp; TRENDY"],"inLanguage":"cs"},{"@type":"WebPage","@id":"https:\/\/celebrityhouse.cz\/index.php\/2025\/05\/21\/jak-ceske-celebrity-buduji-svuj-osobni-brand-na-socialnich-sitich\/","url":"https:\/\/celebrityhouse.cz\/index.php\/2025\/05\/21\/jak-ceske-celebrity-buduji-svuj-osobni-brand-na-socialnich-sitich\/","name":"Jak \u010desk\u00e9 celebrity buduj\u00ed sv\u016fj osobn\u00ed brand na soci\u00e1ln\u00edch s\u00edt\u00edch - CELEBRITYHOUSE.cz","isPartOf":{"@id":"https:\/\/celebrityhouse.cz\/#website"},"datePublished":"2025-05-20T22:24:30+00:00","dateModified":"2025-05-20T22:24:31+00:00","description":"\u010cesk\u00e9 celebrity si tuto p\u0159\u00edle\u017eitost nenech\u00e1vaj\u00ed uj\u00edt a systematicky buduj\u00ed sv\u00e9 osobn\u00ed zna\u010dky na platform\u00e1ch jako Instagram a TikTok.","breadcrumb":{"@id":"https:\/\/celebrityhouse.cz\/index.php\/2025\/05\/21\/jak-ceske-celebrity-buduji-svuj-osobni-brand-na-socialnich-sitich\/#breadcrumb"},"inLanguage":"cs","potentialAction":[{"@type":"ReadAction","target":["https:\/\/celebrityhouse.cz\/index.php\/2025\/05\/21\/jak-ceske-celebrity-buduji-svuj-osobni-brand-na-socialnich-sitich\/"]}]},{"@type":"BreadcrumbList","@id":"https:\/\/celebrityhouse.cz\/index.php\/2025\/05\/21\/jak-ceske-celebrity-buduji-svuj-osobni-brand-na-socialnich-sitich\/#breadcrumb","itemListElement":[{"@type":"ListItem","position":1,"name":"Dom\u016f","item":"https:\/\/celebrityhouse.cz\/"},{"@type":"ListItem","position":2,"name":"Jak \u010desk\u00e9 celebrity buduj\u00ed sv\u016fj osobn\u00ed brand na soci\u00e1ln\u00edch s\u00edt\u00edch"}]},{"@type":"WebSite","@id":"https:\/\/celebrityhouse.cz\/#website","url":"https:\/\/celebrityhouse.cz\/","name":"CELEBRITYHOUSE.cz","description":"Port\u00e1l o showbyznysu...","publisher":{"@id":"https:\/\/celebrityhouse.cz\/#organization"},"potentialAction":[{"@type":"SearchAction","target":{"@type":"EntryPoint","urlTemplate":"https:\/\/celebrityhouse.cz\/?s={search_term_string}"},"query-input":"required name=search_term_string"}],"inLanguage":"cs"},{"@type":"Organization","@id":"https:\/\/celebrityhouse.cz\/#organization","name":"CELEBRITYHOUSE.cz","url":"https:\/\/celebrityhouse.cz\/","logo":{"@type":"ImageObject","inLanguage":"cs","@id":"https:\/\/celebrityhouse.cz\/#\/schema\/logo\/image\/","url":"https:\/\/celebrityhouse.cz\/wp-content\/uploads\/2024\/12\/cropped-Logo_CelebrityHouse_2.jpg","contentUrl":"https:\/\/celebrityhouse.cz\/wp-content\/uploads\/2024\/12\/cropped-Logo_CelebrityHouse_2.jpg","width":937,"height":510,"caption":"CELEBRITYHOUSE.cz"},"image":{"@id":"https:\/\/celebrityhouse.cz\/#\/schema\/logo\/image\/"}},{"@type":"Person","@id":"https:\/\/celebrityhouse.cz\/#\/schema\/person\/d017015938d4512794986427eb23a2e9","name":"Jolana Hol\u00e1\u0148ov\u00e1","image":{"@type":"ImageObject","inLanguage":"cs","@id":"https:\/\/celebrityhouse.cz\/#\/schema\/person\/image\/","url":"https:\/\/secure.gravatar.com\/avatar\/5863c504ed89cd419ff3a5e812c722ff?s=96&d=mm&r=g","contentUrl":"https:\/\/secure.gravatar.com\/avatar\/5863c504ed89cd419ff3a5e812c722ff?s=96&d=mm&r=g","caption":"Jolana Hol\u00e1\u0148ov\u00e1"},"sameAs":["http:\/\/www.celebrityhouse.cz"],"url":"https:\/\/celebrityhouse.cz\/index.php\/author\/jolhol\/"}]}},"_links":{"self":[{"href":"https:\/\/celebrityhouse.cz\/index.php\/wp-json\/wp\/v2\/posts\/11510"}],"collection":[{"href":"https:\/\/celebrityhouse.cz\/index.php\/wp-json\/wp\/v2\/posts"}],"about":[{"href":"https:\/\/celebrityhouse.cz\/index.php\/wp-json\/wp\/v2\/types\/post"}],"author":[{"embeddable":true,"href":"https:\/\/celebrityhouse.cz\/index.php\/wp-json\/wp\/v2\/users\/2"}],"replies":[{"embeddable":true,"href":"https:\/\/celebrityhouse.cz\/index.php\/wp-json\/wp\/v2\/comments?post=11510"}],"version-history":[{"count":1,"href":"https:\/\/celebrityhouse.cz\/index.php\/wp-json\/wp\/v2\/posts\/11510\/revisions"}],"predecessor-version":[{"id":11515,"href":"https:\/\/celebrityhouse.cz\/index.php\/wp-json\/wp\/v2\/posts\/11510\/revisions\/11515"}],"wp:featuredmedia":[{"embeddable":true,"href":"https:\/\/celebrityhouse.cz\/index.php\/wp-json\/wp\/v2\/media\/11511"}],"wp:attachment":[{"href":"https:\/\/celebrityhouse.cz\/index.php\/wp-json\/wp\/v2\/media?parent=11510"}],"wp:term":[{"taxonomy":"category","embeddable":true,"href":"https:\/\/celebrityhouse.cz\/index.php\/wp-json\/wp\/v2\/categories?post=11510"},{"taxonomy":"post_tag","embeddable":true,"href":"https:\/\/celebrityhouse.cz\/index.php\/wp-json\/wp\/v2\/tags?post=11510"}],"curies":[{"name":"wp","href":"https:\/\/api.w.org\/{rel}","templated":true}]}}