{"id":11545,"date":"2025-06-02T00:01:00","date_gmt":"2025-06-01T22:01:00","guid":{"rendered":"https:\/\/celebrityhouse.cz\/?p=11545"},"modified":"2025-05-22T00:30:08","modified_gmt":"2025-05-21T22:30:08","slug":"dokument-akce-monaco-o-akci-stb-proti-francouzskemu-konzulatu-se-predstavuje-v-traileru","status":"publish","type":"post","link":"https:\/\/celebrityhouse.cz\/index.php\/2025\/06\/02\/dokument-akce-monaco-o-akci-stb-proti-francouzskemu-konzulatu-se-predstavuje-v-traileru\/","title":{"rendered":"Dokument AKCE MONACO o akci StB proti francouzsk\u00e9mu konzul\u00e1tu se p\u0159edstavuje v traileru"},"content":{"rendered":"\n<div style=\"height:45px\" aria-hidden=\"true\" class=\"wp-block-spacer\"><\/div>\n\n\n\n<p class=\"has-medium-font-size\"><strong>Dokudrama re\u017eis\u00e9ra Du\u0161ana Tran\u010d\u00edka AKCE MONACO<\/strong><em><strong> <\/strong><\/em><strong>p\u0159ibli\u017euje jednu z nej\u00fasp\u011b\u0161n\u011bj\u0161\u00edch akc\u00ed \u010deskoslovensk\u00e9 StB. Ta pod veden\u00edm sov\u011btsk\u00fdch poradc\u016f realizovala v letech 1948 a\u017e 1953 konspira\u010dn\u00ed akci v\u016f\u010di francouzsk\u00e9mu konzul\u00e1tu v Bratislav\u011b, kter\u00e1 skon\u010dila popravou dvou \u010deskoslovensk\u00fdch ob\u010dan\u016f a uv\u011bzn\u011bn\u00edm \u0159ady dal\u0161\u00edch. Nyn\u00ed se p\u0159edstavuje v&nbsp;traileru.<\/strong><\/p>\n\n\n\n<div style=\"height:45px\" aria-hidden=\"true\" class=\"wp-block-spacer\"><\/div>\n\n\n<div class=\"wp-block-image\">\n<figure class=\"aligncenter size-large\"><img decoding=\"async\" src=\"https:\/\/cinemahouse.cz\/wp-content\/uploads\/2025\/05\/Akce-Monaco__-FOTOSKY_01_43_28_00-1024x576.jpg\" alt=\"Akce Monaco\" class=\"wp-image-10193\" \/><\/figure><\/div>\n\n\n<div style=\"height:45px\" aria-hidden=\"true\" class=\"wp-block-spacer\"><\/div>\n\n\n\n<p class=\"has-medium-font-size\">P\u00ed\u0161e se rok 1948. V pohrani\u010dn\u00edm p\u00e1smu mezi Bratislavou a rakousk\u00fdm Bergem zadr\u017eeli mlad\u00e9ho mu\u017ee. Je obvin\u011bn z pokusu o ileg\u00e1ln\u00ed p\u0159ekro\u010deni st\u00e1tn\u00ed hranice. P\u0159i v\u00fdslechu vyjde najevo, \u017ee jeho otec je spr\u00e1vcem na francouzsk\u00e9m konzul\u00e1t\u011b v Bratislav\u011b. Nam\u00edsto obvin\u011bn\u00ed a v\u011bzen\u00ed podep\u00ed\u0161e mlad\u00edk spolu s otcem spolupr\u00e1ci se St\u00e1tn\u00ed bezpe\u010dnost\u00ed. N\u00e1sledn\u011b je z Prahy do Bratislavy vysl\u00e1n filmov\u00fd \u0161t\u00e1b. Ve skute\u010dnosti je to v\u0161ak skupina est\u00e9b\u00e1k\u016f, kte\u0159\u00ed s pomoc\u00ed nov\u011b z\u00edskan\u00fdch spolupracovn\u00edk\u016f vyb\u00edraj\u00ed z konzul\u00e1rn\u00edho trezoru diplomatickou po\u0161tu (krom\u011b jin\u00e9ho \u017e\u00e1dosti o azyl) a dokumentuj\u00ed jej\u00ed obsah. Dokumenty vz\u00e1p\u011bt\u00ed poslou\u017e\u00ed jako d\u016fkazn\u00ed materi\u00e1l o \u201c\u0161pion\u00e1\u017en\u00ed \u010dinnosti\u201d francouzsk\u00e9ho konzul\u00e1tu. <\/p>\n\n\n\n<div style=\"height:45px\" aria-hidden=\"true\" class=\"wp-block-spacer\"><\/div>\n\n\n\n<figure class=\"wp-block-embed aligncenter is-type-video is-provider-youtube wp-block-embed-youtube wp-embed-aspect-16-9 wp-has-aspect-ratio\"><div class=\"wp-block-embed__wrapper\">\n<div class=\"video-container\"><iframe loading=\"lazy\" title=\"AKCE MONACO (2025) ofici\u00e1ln\u00ed trailer k filmu\" width=\"500\" height=\"281\" src=\"https:\/\/www.youtube.com\/embed\/TIruAIN5Npo?feature=oembed&#038;wmode=opaque\" frameborder=\"0\" allow=\"accelerometer; autoplay; clipboard-write; encrypted-media; gyroscope; picture-in-picture; web-share\" referrerpolicy=\"strict-origin-when-cross-origin\" allowfullscreen><\/iframe><\/div>\n<\/div><\/figure>\n\n\n\n<div style=\"height:45px\" aria-hidden=\"true\" class=\"wp-block-spacer\"><\/div>\n\n\n\n<p class=\"has-medium-font-size\">N\u00e1sledkem t\u00e9to operace jsou zaji\u0161t\u011bni \u010deskosloven\u0161t\u00ed ob\u010dan\u00e9 a pracovn\u00edci konzul\u00e1tu: tajemn\u00edk konzul\u00e1tu Ji\u0159\u00ed Dlouh\u00fd, odboj\u00e1\u0159i a \u010dlenov\u00e9 tajn\u00e9 organizace Obrana n\u00e1roda Vladim\u00edr Veleck\u00fd a Karel Koch, \u010dlen St\u00e1tn\u00ed rady \u010deskoslovensk\u00e9 v Lond\u00fdn\u011b Viliam Radakovi\u010d. Po vysiluj\u00edc\u00edch v\u00fdsle\u0161\u00edch a mu\u010den\u00ed poprav\u00ed na podzim roku 1951 Ji\u0159\u00edho Dlouh\u00e9ho a Vladim\u00edra Veleck\u00e9ho. Dal\u0161\u00ed obvin\u011bn\u00e9 stihne trest do\u017eivotn\u00edho v\u011bzen\u00ed. Francouzsk\u00e9mu konzulovi \u00c9tienne Manac\u2019hovi a jeho n\u00e1m\u011bstkovi Michelotovi se poda\u0159\u00ed na posledn\u00ed chv\u00edli opustit \u010ceskoslovensko a uniknout zat\u010den\u00ed.<\/p>\n\n\n\n<div style=\"height:45px\" aria-hidden=\"true\" class=\"wp-block-spacer\"><\/div>\n\n\n<div class=\"wp-block-image\">\n<figure class=\"aligncenter size-large\"><img decoding=\"async\" src=\"https:\/\/cinemahouse.cz\/wp-content\/uploads\/2025\/05\/Akce-Monaco__-FOTOSKY_01_02_15_14-1024x576.jpg\" alt=\"Akce Monaco\" class=\"wp-image-10195\" \/><\/figure><\/div>\n\n\n<div style=\"height:45px\" aria-hidden=\"true\" class=\"wp-block-spacer\"><\/div>\n\n\n\n<p class=\"has-medium-font-size\">Sn\u00edmek vznikl ve slovensko-\u010desk\u00e9 produkci (za slovenskou stranu spole\u010dnost PubRes producentek Zuzany Mistr\u00edkov\u00e9, Arkaitze Basterra Zalbidea a \u013dubici Orechovsk\u00e9, za \u010deskou Cineart TV Prague producenta Viktora Schwarcze). Koproducenty jsou \u010cesk\u00e1 televize (kreativn\u00ed producentka Lenka Pol\u00e1kov\u00e1) a francouzsk\u00e1 Kolam Productions (producent Jo\u00ebl Farges). Projekt podpo\u0159ily St\u00e1tn\u00ed fond kinematografie, Audiovizu\u00e1lny fond, Rozhlas a telev\u00edzia Slovenska a Media Development. Distributorem je CinemArt.<\/p>\n\n\n\n<div style=\"height:43px\" aria-hidden=\"true\" class=\"wp-block-spacer\"><\/div>\n\n\n<div class=\"wp-block-image\">\n<figure class=\"aligncenter size-large\"><img decoding=\"async\" src=\"https:\/\/cinemahouse.cz\/wp-content\/uploads\/2025\/05\/Akce-Monaco__-FOTOSKY_01_17_36_01-1024x576.jpg\" alt=\"Akce Monaco\" class=\"wp-image-10192\" \/><\/figure><\/div>\n\n\n<div style=\"height:45px\" aria-hidden=\"true\" class=\"wp-block-spacer\"><\/div>\n\n\n\n<h2 class=\"wp-block-heading\">Akce Monaco<\/h2>\n\n\n\n<div style=\"height:45px\" aria-hidden=\"true\" class=\"wp-block-spacer\"><\/div>\n\n\n\n<p class=\"has-medium-font-size\"><strong>Premi\u00e9ra: <\/strong>19.6. 2025<\/p>\n\n\n\n<p class=\"has-medium-font-size\"><strong>Re\u017eie a sc\u00e9n\u00e1\u0159:<\/strong> Du\u0161an Tran\u010d\u00edk<\/p>\n\n\n\n<p class=\"has-medium-font-size\"><strong>Kamera: <\/strong>Michal \u010cern\u00fd<\/p>\n\n\n\n<p class=\"has-medium-font-size\"><strong>St\u0159ih:<\/strong> Peter Harum<\/p>\n\n\n\n<p class=\"has-medium-font-size\"><strong>Vystupuj\u00ed: <\/strong>B\u00e9r\u00e9nice Manac\u2019h, Antoine Mar?s, Pavel Kosat\u00edk, Jergu\u0161 Sivo\u0161, Matej Medveck\u00fd, Jana Horv\u00e1thov\u00e1-Schillerov\u00e1<\/p>\n\n\n\n<p class=\"has-medium-font-size\"><strong>Producenti: <\/strong>Viktor Schwarcz (Cineart TV Prague, CZ), Zuzana Mistr\u00edkov\u00e1, Arkaitz Basterra Zalbide (PubRes, SK)<\/p>\n\n\n\n<p class=\"has-medium-font-size\"><strong>Hraj\u00ed: <\/strong>Radek Valenta (Ji\u0159\u00ed Dlouh\u00fd), V\u00e1clav Ra\u0161ilov (Etienne Manac\u00b4h), M\u00e1rk Mez\u0151sz\u00e1ll\u00e1si (Robert \u0160tosek), Ji\u0159\u00ed Ployhar (Karel \u0160tosek), Jaroslav Sypal (agent StB), Peter G\u00e1bor (agent StB), V\u00e1clav \u0160vec (agent StB), Kry\u0161tof Grygar (Jean Fakan) a dal\u0161\u00ed<\/p>\n\n\n\n<div style=\"height:45px\" aria-hidden=\"true\" class=\"wp-block-spacer\"><\/div>\n\n\n\n<figure class=\"wp-block-gallery has-nested-images columns-2 is-cropped wp-block-gallery-1 is-layout-flex wp-block-gallery-is-layout-flex\">\n<figure class=\"wp-block-image size-large\"><img decoding=\"async\" data-id=\"10195\" src=\"https:\/\/cinemahouse.cz\/wp-content\/uploads\/2025\/05\/Akce-Monaco__-FOTOSKY_01_02_15_14-1024x576.jpg\" alt=\"Akce Monaco\" class=\"wp-image-10195\" \/><\/figure>\n\n\n\n<figure class=\"wp-block-image size-large\"><img decoding=\"async\" data-id=\"10192\" src=\"https:\/\/cinemahouse.cz\/wp-content\/uploads\/2025\/05\/Akce-Monaco__-FOTOSKY_01_17_36_01-1024x576.jpg\" alt=\"Akce Monaco\" class=\"wp-image-10192\" \/><\/figure>\n\n\n\n<figure class=\"wp-block-image size-large\"><img decoding=\"async\" data-id=\"10191\" src=\"https:\/\/cinemahouse.cz\/wp-content\/uploads\/2025\/05\/Akce-Monaco__-FOTOSKY_01_28_25_12-1024x576.jpg\" alt=\"Akce Monaco\" class=\"wp-image-10191\" \/><\/figure>\n\n\n\n<figure class=\"wp-block-image size-large\"><img decoding=\"async\" data-id=\"10194\" src=\"https:\/\/cinemahouse.cz\/wp-content\/uploads\/2025\/05\/Akce-Monaco__-FOTOSKY_01_36_32_23-1024x576.jpg\" alt=\"Akce Monaco\" class=\"wp-image-10194\" \/><\/figure>\n\n\n\n<figure class=\"wp-block-image size-large\"><img decoding=\"async\" data-id=\"10193\" src=\"https:\/\/cinemahouse.cz\/wp-content\/uploads\/2025\/05\/Akce-Monaco__-FOTOSKY_01_43_28_00-1024x576.jpg\" alt=\"Akce Monaco\" class=\"wp-image-10193\" \/><\/figure>\n\n\n\n<figure class=\"wp-block-image size-large\"><img decoding=\"async\" data-id=\"10197\" src=\"https:\/\/cinemahouse.cz\/wp-content\/uploads\/2025\/05\/Akce-Monaco-FOTOSKY_Berenice_Manach_01.jpg\" alt=\"Akce Monaco\" class=\"wp-image-10197\" \/><\/figure>\n\n\n\n<figure class=\"wp-block-image size-large\"><img decoding=\"async\" data-id=\"10196\" src=\"https:\/\/cinemahouse.cz\/wp-content\/uploads\/2025\/05\/Plakat_AKCE-MONACO_mail-724x1024.jpg\" alt=\"Akce Monaco\" class=\"wp-image-10196\" \/><\/figure>\n<\/figure>\n\n\n\n<div style=\"height:45px\" aria-hidden=\"true\" class=\"wp-block-spacer\"><\/div>\n\n\n\n<p class=\"has-medium-font-size\"><strong>Zdroj foto a video<\/strong>: CinemArt<\/p>\n\n\n\n<div style=\"height:45px\" aria-hidden=\"true\" class=\"wp-block-spacer\"><\/div>\n","protected":false},"excerpt":{"rendered":"<p>Dokudrama re\u017eis\u00e9ra Du\u0161ana Tran\u010d\u00edka AKCE MONACO p\u0159ibli\u017euje jednu z nej\u00fasp\u011b\u0161n\u011bj\u0161\u00edch akc\u00ed \u010deskoslovensk\u00e9 StB. Ta pod veden\u00edm sov\u011btsk\u00fdch poradc\u016f realizovala v letech 1948 a\u017e 1953 konspira\u010dn\u00ed akci v\u016f\u010di francouzsk\u00e9mu konzul\u00e1tu v Bratislav\u011b, kter\u00e1 skon\u010dila popravou&#46;&#46;&#46;<\/p>\n","protected":false},"author":8,"featured_media":11551,"comment_status":"closed","ping_status":"closed","sticky":false,"template":"","format":"standard","meta":{"_monsterinsights_skip_tracking":false,"_monsterinsights_sitenote_active":false,"_monsterinsights_sitenote_note":"","_monsterinsights_sitenote_category":0,"footnotes":""},"categories":[187,3,6,2,12,4],"tags":[],"yoast_head":"<!-- This site is optimized with the Yoast SEO plugin v21.5 - https:\/\/yoast.com\/wordpress\/plugins\/seo\/ -->\n<title>Dokument AKCE MONACO o akci StB proti francouzsk\u00e9mu konzul\u00e1tu se p\u0159edstavuje v traileru - CELEBRITYHOUSE.cz<\/title>\n<meta name=\"description\" content=\"Dokudrama re\u017eis\u00e9ra Du\u0161ana Tran\u010d\u00edka AKCE MONACO p\u0159ibli\u017euje jednu z nej\u00fasp\u011b\u0161n\u011bj\u0161\u00edch akc\u00ed \u010deskoslovensk\u00e9 StB....\" \/>\n<meta name=\"robots\" content=\"index, follow, max-snippet:-1, max-image-preview:large, max-video-preview:-1\" \/>\n<link rel=\"canonical\" href=\"https:\/\/celebrityhouse.cz\/index.php\/2025\/06\/02\/dokument-akce-monaco-o-akci-stb-proti-francouzskemu-konzulatu-se-predstavuje-v-traileru\/\" \/>\n<meta property=\"og:locale\" content=\"cs_CZ\" \/>\n<meta property=\"og:type\" content=\"article\" \/>\n<meta property=\"og:title\" content=\"Dokument AKCE MONACO o akci StB proti francouzsk\u00e9mu konzul\u00e1tu se p\u0159edstavuje v traileru - CELEBRITYHOUSE.cz\" \/>\n<meta property=\"og:description\" content=\"Dokudrama re\u017eis\u00e9ra Du\u0161ana Tran\u010d\u00edka AKCE MONACO p\u0159ibli\u017euje jednu z nej\u00fasp\u011b\u0161n\u011bj\u0161\u00edch akc\u00ed \u010deskoslovensk\u00e9 StB....\" \/>\n<meta property=\"og:url\" content=\"https:\/\/celebrityhouse.cz\/index.php\/2025\/06\/02\/dokument-akce-monaco-o-akci-stb-proti-francouzskemu-konzulatu-se-predstavuje-v-traileru\/\" \/>\n<meta property=\"og:site_name\" content=\"CELEBRITYHOUSE.cz\" \/>\n<meta property=\"article:published_time\" content=\"2025-06-01T22:01:00+00:00\" \/>\n<meta property=\"article:modified_time\" content=\"2025-05-21T22:30:08+00:00\" \/>\n<meta property=\"og:image\" content=\"https:\/\/celebrityhouse.cz\/wp-content\/uploads\/2025\/05\/Akce-Monaco__-FOTOSKY_01_43_28_00.jpg\" \/>\n\t<meta property=\"og:image:width\" content=\"1920\" \/>\n\t<meta property=\"og:image:height\" content=\"1080\" \/>\n\t<meta property=\"og:image:type\" content=\"image\/jpeg\" \/>\n<meta name=\"author\" content=\"Martina Pechov\u00e1\" \/>\n<meta name=\"twitter:card\" content=\"summary_large_image\" \/>\n<meta name=\"twitter:label1\" content=\"Napsal(a)\" \/>\n\t<meta name=\"twitter:data1\" content=\"Martina Pechov\u00e1\" \/>\n\t<meta name=\"twitter:label2\" content=\"Odhadovan\u00e1 doba \u010dten\u00ed\" \/>\n\t<meta name=\"twitter:data2\" content=\"4 minuty\" \/>\n<script type=\"application\/ld+json\" class=\"yoast-schema-graph\">{\"@context\":\"https:\/\/schema.org\",\"@graph\":[{\"@type\":\"Article\",\"@id\":\"https:\/\/celebrityhouse.cz\/index.php\/2025\/06\/02\/dokument-akce-monaco-o-akci-stb-proti-francouzskemu-konzulatu-se-predstavuje-v-traileru\/#article\",\"isPartOf\":{\"@id\":\"https:\/\/celebrityhouse.cz\/index.php\/2025\/06\/02\/dokument-akce-monaco-o-akci-stb-proti-francouzskemu-konzulatu-se-predstavuje-v-traileru\/\"},\"author\":{\"name\":\"Martina Pechov\u00e1\",\"@id\":\"https:\/\/celebrityhouse.cz\/#\/schema\/person\/b97cee16a2caa8cf7a55df6bcaff5d8c\"},\"headline\":\"Dokument AKCE MONACO o akci StB proti francouzsk\u00e9mu konzul\u00e1tu se p\u0159edstavuje v traileru\",\"datePublished\":\"2025-06-01T22:01:00+00:00\",\"dateModified\":\"2025-05-21T22:30:08+00:00\",\"mainEntityOfPage\":{\"@id\":\"https:\/\/celebrityhouse.cz\/index.php\/2025\/06\/02\/dokument-akce-monaco-o-akci-stb-proti-francouzskemu-konzulatu-se-predstavuje-v-traileru\/\"},\"wordCount\":517,\"publisher\":{\"@id\":\"https:\/\/celebrityhouse.cz\/#organization\"},\"articleSection\":[\"CELEBRITY\",\"\u010cESK\u00c9 CELEBRITY\",\"FILMY, SERI\u00c1LY, TV a KINO\",\"NEWS\",\"TIPY NA KINO\",\"ZAHRANI\u010cN\u00cd CELEBRITY\"],\"inLanguage\":\"cs\"},{\"@type\":\"WebPage\",\"@id\":\"https:\/\/celebrityhouse.cz\/index.php\/2025\/06\/02\/dokument-akce-monaco-o-akci-stb-proti-francouzskemu-konzulatu-se-predstavuje-v-traileru\/\",\"url\":\"https:\/\/celebrityhouse.cz\/index.php\/2025\/06\/02\/dokument-akce-monaco-o-akci-stb-proti-francouzskemu-konzulatu-se-predstavuje-v-traileru\/\",\"name\":\"Dokument AKCE MONACO o akci StB proti francouzsk\u00e9mu konzul\u00e1tu se p\u0159edstavuje v traileru - CELEBRITYHOUSE.cz\",\"isPartOf\":{\"@id\":\"https:\/\/celebrityhouse.cz\/#website\"},\"datePublished\":\"2025-06-01T22:01:00+00:00\",\"dateModified\":\"2025-05-21T22:30:08+00:00\",\"description\":\"Dokudrama re\u017eis\u00e9ra Du\u0161ana Tran\u010d\u00edka AKCE MONACO p\u0159ibli\u017euje jednu z nej\u00fasp\u011b\u0161n\u011bj\u0161\u00edch akc\u00ed \u010deskoslovensk\u00e9 StB....\",\"breadcrumb\":{\"@id\":\"https:\/\/celebrityhouse.cz\/index.php\/2025\/06\/02\/dokument-akce-monaco-o-akci-stb-proti-francouzskemu-konzulatu-se-predstavuje-v-traileru\/#breadcrumb\"},\"inLanguage\":\"cs\",\"potentialAction\":[{\"@type\":\"ReadAction\",\"target\":[\"https:\/\/celebrityhouse.cz\/index.php\/2025\/06\/02\/dokument-akce-monaco-o-akci-stb-proti-francouzskemu-konzulatu-se-predstavuje-v-traileru\/\"]}]},{\"@type\":\"BreadcrumbList\",\"@id\":\"https:\/\/celebrityhouse.cz\/index.php\/2025\/06\/02\/dokument-akce-monaco-o-akci-stb-proti-francouzskemu-konzulatu-se-predstavuje-v-traileru\/#breadcrumb\",\"itemListElement\":[{\"@type\":\"ListItem\",\"position\":1,\"name\":\"Dom\u016f\",\"item\":\"https:\/\/celebrityhouse.cz\/\"},{\"@type\":\"ListItem\",\"position\":2,\"name\":\"Dokument AKCE MONACO o akci StB proti francouzsk\u00e9mu konzul\u00e1tu se p\u0159edstavuje v traileru\"}]},{\"@type\":\"WebSite\",\"@id\":\"https:\/\/celebrityhouse.cz\/#website\",\"url\":\"https:\/\/celebrityhouse.cz\/\",\"name\":\"CELEBRITYHOUSE.cz\",\"description\":\"Port\u00e1l o showbyznysu...\",\"publisher\":{\"@id\":\"https:\/\/celebrityhouse.cz\/#organization\"},\"potentialAction\":[{\"@type\":\"SearchAction\",\"target\":{\"@type\":\"EntryPoint\",\"urlTemplate\":\"https:\/\/celebrityhouse.cz\/?s={search_term_string}\"},\"query-input\":\"required name=search_term_string\"}],\"inLanguage\":\"cs\"},{\"@type\":\"Organization\",\"@id\":\"https:\/\/celebrityhouse.cz\/#organization\",\"name\":\"CELEBRITYHOUSE.cz\",\"url\":\"https:\/\/celebrityhouse.cz\/\",\"logo\":{\"@type\":\"ImageObject\",\"inLanguage\":\"cs\",\"@id\":\"https:\/\/celebrityhouse.cz\/#\/schema\/logo\/image\/\",\"url\":\"https:\/\/celebrityhouse.cz\/wp-content\/uploads\/2024\/12\/cropped-Logo_CelebrityHouse_2.jpg\",\"contentUrl\":\"https:\/\/celebrityhouse.cz\/wp-content\/uploads\/2024\/12\/cropped-Logo_CelebrityHouse_2.jpg\",\"width\":937,\"height\":510,\"caption\":\"CELEBRITYHOUSE.cz\"},\"image\":{\"@id\":\"https:\/\/celebrityhouse.cz\/#\/schema\/logo\/image\/\"}},{\"@type\":\"Person\",\"@id\":\"https:\/\/celebrityhouse.cz\/#\/schema\/person\/b97cee16a2caa8cf7a55df6bcaff5d8c\",\"name\":\"Martina Pechov\u00e1\",\"image\":{\"@type\":\"ImageObject\",\"inLanguage\":\"cs\",\"@id\":\"https:\/\/celebrityhouse.cz\/#\/schema\/person\/image\/\",\"url\":\"https:\/\/secure.gravatar.com\/avatar\/d3ad7f43789eed68b221d01c6d7ac4e5?s=96&d=mm&r=g\",\"contentUrl\":\"https:\/\/secure.gravatar.com\/avatar\/d3ad7f43789eed68b221d01c6d7ac4e5?s=96&d=mm&r=g\",\"caption\":\"Martina Pechov\u00e1\"},\"sameAs\":[\"http:\/\/CELEBRITYHOUSE.cz\"],\"url\":\"https:\/\/celebrityhouse.cz\/index.php\/author\/marpech\/\"}]}<\/script>\n<!-- \/ Yoast SEO plugin. -->","yoast_head_json":{"title":"Dokument AKCE MONACO o akci StB proti francouzsk\u00e9mu konzul\u00e1tu se p\u0159edstavuje v traileru - CELEBRITYHOUSE.cz","description":"Dokudrama re\u017eis\u00e9ra Du\u0161ana Tran\u010d\u00edka AKCE MONACO p\u0159ibli\u017euje jednu z nej\u00fasp\u011b\u0161n\u011bj\u0161\u00edch akc\u00ed \u010deskoslovensk\u00e9 StB....","robots":{"index":"index","follow":"follow","max-snippet":"max-snippet:-1","max-image-preview":"max-image-preview:large","max-video-preview":"max-video-preview:-1"},"canonical":"https:\/\/celebrityhouse.cz\/index.php\/2025\/06\/02\/dokument-akce-monaco-o-akci-stb-proti-francouzskemu-konzulatu-se-predstavuje-v-traileru\/","og_locale":"cs_CZ","og_type":"article","og_title":"Dokument AKCE MONACO o akci StB proti francouzsk\u00e9mu konzul\u00e1tu se p\u0159edstavuje v traileru - CELEBRITYHOUSE.cz","og_description":"Dokudrama re\u017eis\u00e9ra Du\u0161ana Tran\u010d\u00edka AKCE MONACO p\u0159ibli\u017euje jednu z nej\u00fasp\u011b\u0161n\u011bj\u0161\u00edch akc\u00ed \u010deskoslovensk\u00e9 StB....","og_url":"https:\/\/celebrityhouse.cz\/index.php\/2025\/06\/02\/dokument-akce-monaco-o-akci-stb-proti-francouzskemu-konzulatu-se-predstavuje-v-traileru\/","og_site_name":"CELEBRITYHOUSE.cz","article_published_time":"2025-06-01T22:01:00+00:00","article_modified_time":"2025-05-21T22:30:08+00:00","og_image":[{"width":1920,"height":1080,"url":"https:\/\/celebrityhouse.cz\/wp-content\/uploads\/2025\/05\/Akce-Monaco__-FOTOSKY_01_43_28_00.jpg","type":"image\/jpeg"}],"author":"Martina Pechov\u00e1","twitter_card":"summary_large_image","twitter_misc":{"Napsal(a)":"Martina Pechov\u00e1","Odhadovan\u00e1 doba \u010dten\u00ed":"4 minuty"},"schema":{"@context":"https:\/\/schema.org","@graph":[{"@type":"Article","@id":"https:\/\/celebrityhouse.cz\/index.php\/2025\/06\/02\/dokument-akce-monaco-o-akci-stb-proti-francouzskemu-konzulatu-se-predstavuje-v-traileru\/#article","isPartOf":{"@id":"https:\/\/celebrityhouse.cz\/index.php\/2025\/06\/02\/dokument-akce-monaco-o-akci-stb-proti-francouzskemu-konzulatu-se-predstavuje-v-traileru\/"},"author":{"name":"Martina Pechov\u00e1","@id":"https:\/\/celebrityhouse.cz\/#\/schema\/person\/b97cee16a2caa8cf7a55df6bcaff5d8c"},"headline":"Dokument AKCE MONACO o akci StB proti francouzsk\u00e9mu konzul\u00e1tu se p\u0159edstavuje v traileru","datePublished":"2025-06-01T22:01:00+00:00","dateModified":"2025-05-21T22:30:08+00:00","mainEntityOfPage":{"@id":"https:\/\/celebrityhouse.cz\/index.php\/2025\/06\/02\/dokument-akce-monaco-o-akci-stb-proti-francouzskemu-konzulatu-se-predstavuje-v-traileru\/"},"wordCount":517,"publisher":{"@id":"https:\/\/celebrityhouse.cz\/#organization"},"articleSection":["CELEBRITY","\u010cESK\u00c9 CELEBRITY","FILMY, SERI\u00c1LY, TV a KINO","NEWS","TIPY NA KINO","ZAHRANI\u010cN\u00cd CELEBRITY"],"inLanguage":"cs"},{"@type":"WebPage","@id":"https:\/\/celebrityhouse.cz\/index.php\/2025\/06\/02\/dokument-akce-monaco-o-akci-stb-proti-francouzskemu-konzulatu-se-predstavuje-v-traileru\/","url":"https:\/\/celebrityhouse.cz\/index.php\/2025\/06\/02\/dokument-akce-monaco-o-akci-stb-proti-francouzskemu-konzulatu-se-predstavuje-v-traileru\/","name":"Dokument AKCE MONACO o akci StB proti francouzsk\u00e9mu konzul\u00e1tu se p\u0159edstavuje v traileru - CELEBRITYHOUSE.cz","isPartOf":{"@id":"https:\/\/celebrityhouse.cz\/#website"},"datePublished":"2025-06-01T22:01:00+00:00","dateModified":"2025-05-21T22:30:08+00:00","description":"Dokudrama re\u017eis\u00e9ra Du\u0161ana Tran\u010d\u00edka AKCE MONACO p\u0159ibli\u017euje jednu z nej\u00fasp\u011b\u0161n\u011bj\u0161\u00edch akc\u00ed \u010deskoslovensk\u00e9 StB....","breadcrumb":{"@id":"https:\/\/celebrityhouse.cz\/index.php\/2025\/06\/02\/dokument-akce-monaco-o-akci-stb-proti-francouzskemu-konzulatu-se-predstavuje-v-traileru\/#breadcrumb"},"inLanguage":"cs","potentialAction":[{"@type":"ReadAction","target":["https:\/\/celebrityhouse.cz\/index.php\/2025\/06\/02\/dokument-akce-monaco-o-akci-stb-proti-francouzskemu-konzulatu-se-predstavuje-v-traileru\/"]}]},{"@type":"BreadcrumbList","@id":"https:\/\/celebrityhouse.cz\/index.php\/2025\/06\/02\/dokument-akce-monaco-o-akci-stb-proti-francouzskemu-konzulatu-se-predstavuje-v-traileru\/#breadcrumb","itemListElement":[{"@type":"ListItem","position":1,"name":"Dom\u016f","item":"https:\/\/celebrityhouse.cz\/"},{"@type":"ListItem","position":2,"name":"Dokument AKCE MONACO o akci StB proti francouzsk\u00e9mu konzul\u00e1tu se p\u0159edstavuje v traileru"}]},{"@type":"WebSite","@id":"https:\/\/celebrityhouse.cz\/#website","url":"https:\/\/celebrityhouse.cz\/","name":"CELEBRITYHOUSE.cz","description":"Port\u00e1l o showbyznysu...","publisher":{"@id":"https:\/\/celebrityhouse.cz\/#organization"},"potentialAction":[{"@type":"SearchAction","target":{"@type":"EntryPoint","urlTemplate":"https:\/\/celebrityhouse.cz\/?s={search_term_string}"},"query-input":"required name=search_term_string"}],"inLanguage":"cs"},{"@type":"Organization","@id":"https:\/\/celebrityhouse.cz\/#organization","name":"CELEBRITYHOUSE.cz","url":"https:\/\/celebrityhouse.cz\/","logo":{"@type":"ImageObject","inLanguage":"cs","@id":"https:\/\/celebrityhouse.cz\/#\/schema\/logo\/image\/","url":"https:\/\/celebrityhouse.cz\/wp-content\/uploads\/2024\/12\/cropped-Logo_CelebrityHouse_2.jpg","contentUrl":"https:\/\/celebrityhouse.cz\/wp-content\/uploads\/2024\/12\/cropped-Logo_CelebrityHouse_2.jpg","width":937,"height":510,"caption":"CELEBRITYHOUSE.cz"},"image":{"@id":"https:\/\/celebrityhouse.cz\/#\/schema\/logo\/image\/"}},{"@type":"Person","@id":"https:\/\/celebrityhouse.cz\/#\/schema\/person\/b97cee16a2caa8cf7a55df6bcaff5d8c","name":"Martina Pechov\u00e1","image":{"@type":"ImageObject","inLanguage":"cs","@id":"https:\/\/celebrityhouse.cz\/#\/schema\/person\/image\/","url":"https:\/\/secure.gravatar.com\/avatar\/d3ad7f43789eed68b221d01c6d7ac4e5?s=96&d=mm&r=g","contentUrl":"https:\/\/secure.gravatar.com\/avatar\/d3ad7f43789eed68b221d01c6d7ac4e5?s=96&d=mm&r=g","caption":"Martina Pechov\u00e1"},"sameAs":["http:\/\/CELEBRITYHOUSE.cz"],"url":"https:\/\/celebrityhouse.cz\/index.php\/author\/marpech\/"}]}},"_links":{"self":[{"href":"https:\/\/celebrityhouse.cz\/index.php\/wp-json\/wp\/v2\/posts\/11545"}],"collection":[{"href":"https:\/\/celebrityhouse.cz\/index.php\/wp-json\/wp\/v2\/posts"}],"about":[{"href":"https:\/\/celebrityhouse.cz\/index.php\/wp-json\/wp\/v2\/types\/post"}],"author":[{"embeddable":true,"href":"https:\/\/celebrityhouse.cz\/index.php\/wp-json\/wp\/v2\/users\/8"}],"replies":[{"embeddable":true,"href":"https:\/\/celebrityhouse.cz\/index.php\/wp-json\/wp\/v2\/comments?post=11545"}],"version-history":[{"count":1,"href":"https:\/\/celebrityhouse.cz\/index.php\/wp-json\/wp\/v2\/posts\/11545\/revisions"}],"predecessor-version":[{"id":11556,"href":"https:\/\/celebrityhouse.cz\/index.php\/wp-json\/wp\/v2\/posts\/11545\/revisions\/11556"}],"wp:featuredmedia":[{"embeddable":true,"href":"https:\/\/celebrityhouse.cz\/index.php\/wp-json\/wp\/v2\/media\/11551"}],"wp:attachment":[{"href":"https:\/\/celebrityhouse.cz\/index.php\/wp-json\/wp\/v2\/media?parent=11545"}],"wp:term":[{"taxonomy":"category","embeddable":true,"href":"https:\/\/celebrityhouse.cz\/index.php\/wp-json\/wp\/v2\/categories?post=11545"},{"taxonomy":"post_tag","embeddable":true,"href":"https:\/\/celebrityhouse.cz\/index.php\/wp-json\/wp\/v2\/tags?post=11545"}],"curies":[{"name":"wp","href":"https:\/\/api.w.org\/{rel}","templated":true}]}}