{"id":11562,"date":"2025-06-04T00:01:00","date_gmt":"2025-06-03T22:01:00","guid":{"rendered":"https:\/\/celebrityhouse.cz\/?p=11562"},"modified":"2025-05-22T11:34:19","modified_gmt":"2025-05-22T09:34:19","slug":"smichovske-svandovo-divadlo-chysta-inscenaci-laskkka-cernou-grotesku-o-tajemstvi-vzorne-bileho-mestecka","status":"publish","type":"post","link":"https:\/\/celebrityhouse.cz\/index.php\/2025\/06\/04\/smichovske-svandovo-divadlo-chysta-inscenaci-laskkka-cernou-grotesku-o-tajemstvi-vzorne-bileho-mestecka\/","title":{"rendered":"Sm\u00edchovsk\u00e9 \u0160vandovo divadlo chyst\u00e1 inscenaci L\u00e1sKKKa: \u010cernou grotesku o tajemstv\u00ed vzorn\u011b b\u00edl\u00e9ho m\u011bste\u010dka"},"content":{"rendered":"\n<div style=\"height:45px\" aria-hidden=\"true\" class=\"wp-block-spacer\"><\/div>\n\n\n\n<p class=\"has-medium-font-size\"><strong>Posledn\u00ed novinkou leto\u0161n\u00ed sez\u00f3ny ve \u0160vandov\u011b divadle je L\u00e1sKKKa!, inscenace scen\u00e1risty<br>a re\u017eis\u00e9ra Adama Steinbauera. Nap\u00ednav\u00fd p\u0159\u00edb\u011bh z&nbsp;americk\u00e9ho jihu<\/strong> <strong>byl inspirov\u00e1n knihou Katarzyny Surmiak-Doma\u0144sk\u00e9 Ku-klux-klan. Tady bydl\u00ed l\u00e1ska, kter\u00e1 u n\u00e1s vy\u0161la v&nbsp;\u010desk\u00e9m p\u0159ekladu Jarmily Hor\u00e1kov\u00e9. Na divadle ji nyn\u00ed uvid\u00edme v&nbsp;origin\u00e1ln\u00edm ztv\u00e1rn\u011bn\u00ed mlad\u00e9ho inscena\u010dn\u00edho t\u00fdmu pod veden\u00edm Adama Steinbauera. Ten hru L\u00e1sKKKa! pojal jako mysteri\u00f3zn\u00ed western s detektivn\u00ed z\u00e1pletkou a groteskn\u011b \u010dern\u00fdm humorem. V&nbsp;p\u0159\u00edb\u011bhu polsk\u00e9 novin\u00e1\u0159ky p\u0159ich\u00e1zej\u00edc\u00ed do vzorn\u011b b\u00edl\u00e9ho m\u011bste\u010dka Harrison, aby zde p\u00e1trala po temn\u00e9 du\u0161i Ameriky, hraje Anna Grundmanov\u00e1, Eva Leinweberov\u00e1, Mat\u011bj And\u011bl, Jan Grundman a Mark Kristi\u00e1n Hochman. Premi\u00e9ra bude 31. kv\u011btna ve Studiu \u0160vandova divadla.<\/strong><\/p>\n\n\n\n<div style=\"height:45px\" aria-hidden=\"true\" class=\"wp-block-spacer\"><\/div>\n\n\n<div class=\"wp-block-image\">\n<figure class=\"aligncenter size-full\"><img loading=\"lazy\" decoding=\"async\" width=\"830\" height=\"590\" src=\"https:\/\/celebrityhouse.cz\/wp-content\/uploads\/2025\/05\/1-FOTO-NAHLED_Vizual-k-chystane-inscenaci-LasKKKa-v-roli-novinarky-Kate-se-predstavi-Anna-Grundmanova.jpg\" alt=\"L\u00e1sKKKa\" class=\"wp-image-11572\" srcset=\"https:\/\/celebrityhouse.cz\/wp-content\/uploads\/2025\/05\/1-FOTO-NAHLED_Vizual-k-chystane-inscenaci-LasKKKa-v-roli-novinarky-Kate-se-predstavi-Anna-Grundmanova.jpg 830w, https:\/\/celebrityhouse.cz\/wp-content\/uploads\/2025\/05\/1-FOTO-NAHLED_Vizual-k-chystane-inscenaci-LasKKKa-v-roli-novinarky-Kate-se-predstavi-Anna-Grundmanova-300x213.jpg 300w, https:\/\/celebrityhouse.cz\/wp-content\/uploads\/2025\/05\/1-FOTO-NAHLED_Vizual-k-chystane-inscenaci-LasKKKa-v-roli-novinarky-Kate-se-predstavi-Anna-Grundmanova-768x546.jpg 768w\" sizes=\"(max-width: 830px) 100vw, 830px\" \/><\/figure><\/div>\n\n\n<div style=\"height:45px\" aria-hidden=\"true\" class=\"wp-block-spacer\"><\/div>\n\n\n\n<p class=\"has-medium-font-size\">Polsk\u00e1 report\u00e9rka Kate (<strong>Anna Grundmanov\u00e1<\/strong>) p\u0159ij\u00ed\u017ed\u00ed do Harrisonu, \u00fadajn\u011b nejrasisti\u010dt\u011bj\u0161\u00edho m\u011bsta v&nbsp;USA. Mlad\u00e1 novin\u00e1\u0159ka se tu m\u00e1 z\u00fa\u010dastnit sjezdu Ku-klux-klanu (KKK), organizace v&nbsp;minulosti neblaze proslul\u00e9 p\u00e1ch\u00e1n\u00edm lyn\u010d\u016f a vra\u017ed. Jak ale Kate s&nbsp;\u00fadivem zji\u0161\u0165uje, v Harrisonu \u017eij\u00ed sam\u00ed hodn\u00ed a bohabojn\u00ed lid\u00e9. Mu\u017en\u00fd Sheen (<strong>Mat\u011bj And\u011bl<\/strong>) j\u00ed hned gentlemansky nab\u00eddne pomoc, starostliv\u00e1 Mary (hostuj\u00edc\u00ed <strong>Eva Leinweberov\u00e1<\/strong>) ob\u011btav\u011b pe\u010duje o sv\u00e9ho syna Jeffreyho (<strong>Mark Kristi\u00e1n Hochman<\/strong>). A Reverend (<strong>Jan Grundman<\/strong>) chce nejen pro Afroameri\u010dany, ale i pro \u017didy a dal\u0161\u00ed d\u0159\u00edve utiskovan\u00e9 minority jen to nejlep\u0161\u00ed. Vl\u00e1dne tu l\u00e1ska, v\u00edra a \u010dist\u00e9 \u00famysly. Ve vzorn\u011b b\u00edl\u00e9m m\u011bste\u010dku tak \u010f\u00e1bel, n\u00e1sil\u00ed ani plameny pekeln\u00e9 nemaj\u00ed \u017e\u00e1dnou \u0161anci\u2026<\/p>\n\n\n\n<div style=\"height:45px\" aria-hidden=\"true\" class=\"wp-block-spacer\"><\/div>\n\n\n\n<figure class=\"wp-block-embed aligncenter is-type-video is-provider-youtube wp-block-embed-youtube wp-embed-aspect-16-9 wp-has-aspect-ratio\"><div class=\"wp-block-embed__wrapper\">\n<div class=\"video-container\"><iframe loading=\"lazy\" title=\"\u0160vandovo divadlo - L\u00e1sKKKa! \u2022 teaser\" width=\"500\" height=\"281\" src=\"https:\/\/www.youtube.com\/embed\/-6B4E4UIf4Y?feature=oembed&#038;wmode=opaque\" frameborder=\"0\" allow=\"accelerometer; autoplay; clipboard-write; encrypted-media; gyroscope; picture-in-picture; web-share\" referrerpolicy=\"strict-origin-when-cross-origin\" allowfullscreen><\/iframe><\/div>\n<\/div><\/figure>\n\n\n\n<div style=\"height:45px\" aria-hidden=\"true\" class=\"wp-block-spacer\"><\/div>\n\n\n\n<h2 class=\"wp-block-heading\">M\u011bste\u010dko Twin Peaks i postavy z&nbsp;western\u016f<\/h2>\n\n\n\n<div style=\"height:21px\" aria-hidden=\"true\" class=\"wp-block-spacer\"><\/div>\n\n\n\n<p class=\"has-medium-font-size\">\u201eMluv\u00edme k&nbsp;div\u00e1k\u016fm \u017eij\u00edc\u00edm v&nbsp;sou\u010dasn\u00e9m sv\u011bt\u011b,\u201c \u0159\u00edk\u00e1<strong> Adam Steinbauer<\/strong>,autor sc\u00e9n\u00e1\u0159e a re\u017eis\u00e9r inscenace L\u00e1sKKKa!. \u201eP\u016fvodn\u011b jsem si myslel, \u017ee budu ps\u00e1t dramatizaci knihy Ku-klux-klan. Tady bydl\u00ed l\u00e1ska. Hned zpo\u010d\u00e1tku psan\u00ed se mi ale v hlav\u011b za\u010dal formovat fantasmagorick\u00fd p\u0159\u00edb\u011bh, k n\u011bmu\u017e m\u011b kni\u017en\u00ed p\u0159edloha inspirovala. Z\u00e1kladn\u00ed situace je stejn\u00e1: polsk\u00e1 novin\u00e1\u0159ka p\u0159ij\u00ed\u017ed\u00ed do Harrisonu a chyst\u00e1 report\u00e1\u017e o Ku-klux-klanu. V\u0161e ostatn\u00ed je smy\u0161lenka. Z knihy jsem si vyp\u016fj\u010dil pouze faktografii,\u201c l\u00ed\u010d\u00ed Steinbauer.<\/p>\n\n\n\n<p class=\"has-medium-font-size\">Sc\u00e9n\u00e1\u0159 hry se inspiroval tak\u00e9 seri\u00e1lem M\u011bste\u010dko Twin Peaks <strong>Davida Lynche<\/strong>, filmy re\u017eis\u00e9ra <strong>Quentina Tarantina<\/strong> a dal\u0161\u00edmi slavn\u00fdmi sn\u00edmky, zejm\u00e9na legend\u00e1rn\u00edmi americk\u00fdmi westerny. V&nbsp;nich nechyb\u00ed postavy drsn\u00fdch kovboj\u016f, rozv\u00e1\u017en\u00fdch \u0161erif\u016f a u\u0161lechtil\u00fdch hrdin\u016f \u010di hrdinek. \u201eI s&nbsp;t\u011bmito westernov\u00fdmi ikonami se v inscenaci L\u00e1sKKKa! potk\u00e1me. Z\u00e1rove\u0148 si v\u0161ak posv\u00edt\u00edme do temn\u00fdch kout\u016f malom\u011bstsk\u00e9 idyly a na dno lidsk\u00fdch du\u0161\u00ed,\u201c slibuje Steinbauer.<\/p>\n\n\n\n<div style=\"height:45px\" aria-hidden=\"true\" class=\"wp-block-spacer\"><\/div>\n\n\n<div class=\"wp-block-image\">\n<figure class=\"aligncenter size-full is-resized\"><img loading=\"lazy\" decoding=\"async\" width=\"700\" height=\"390\" src=\"https:\/\/celebrityhouse.cz\/wp-content\/uploads\/2025\/05\/8FOT1.jpg\" alt=\"L\u00e1sKKKa\" class=\"wp-image-11570\" style=\"width:790px;height:auto\" srcset=\"https:\/\/celebrityhouse.cz\/wp-content\/uploads\/2025\/05\/8FOT1.jpg 700w, https:\/\/celebrityhouse.cz\/wp-content\/uploads\/2025\/05\/8FOT1-300x167.jpg 300w\" sizes=\"(max-width: 700px) 100vw, 700px\" \/><\/figure><\/div>\n\n\n<div style=\"height:45px\" aria-hidden=\"true\" class=\"wp-block-spacer\"><\/div>\n\n\n\n<h2 class=\"wp-block-heading\">B\u00edl\u00fd p\u0159\u00edb\u011bh s&nbsp;\u010dern\u00fdm humorem<\/h2>\n\n\n\n<div style=\"height:21px\" aria-hidden=\"true\" class=\"wp-block-spacer\"><\/div>\n\n\n\n<p class=\"has-medium-font-size\">Podle dramaturgyn\u011b <strong>Martiny Kinsk\u00e9 <\/strong>pracuje Adam Steinbauer s d\u016fmyslnou zkratkou, velmi ostrou nads\u00e1zkou a v\u00fdraznou atmosf\u00e9rou. Zaj\u00edmav\u011b vyu\u017e\u00edv\u00e1 tak\u00e9 motiv ohn\u011b. \u201ePro Adama Steinbauera je zde d\u016fle\u017eit\u00e9 t\u00e9ma s\u00edly, nen\u00e1visti, rasismu, netolerance a jejich dopad\u016f. A to nejen v americk\u00e9, ale jak\u00e9koli spole\u010dnosti v\u010detn\u011b t\u00e9 na\u0161\u00ed. Zaj\u00edm\u00e1 ho, co je \u017eivnou p\u016fdou pro agresi, a\u0165 je skryt\u00e1 \u010di otev\u0159en\u011b ventilovan\u00e1, co v \u010dlov\u011bku dok\u00e1\u017ee otev\u00edrat a posilovat jeho temn\u00e9 str\u00e1nky,\u201c \u0159\u00edk\u00e1 Kinsk\u00e1.<\/p>\n\n\n\n<p class=\"has-medium-font-size\">\u201eTomu v\u0161emu na\u0161t\u011bst\u00ed nesch\u00e1z\u00ed humor, jakkoli je m\u00edsty opravdu velmi \u010dern\u00fd,\u201c zd\u016fraz\u0148uje dramaturgyn\u011b. \u201e\u010casto se zde tak\u00e9 ironicky odhaluje absurdita a zkreslenost my\u0161len\u00ed lid\u00ed sdru\u017een\u00fdch v podobn\u00fdch uskupen\u00edch jako je KKK,\u201c dod\u00e1v\u00e1.<\/p>\n\n\n\n<p class=\"has-medium-font-size\">Pr\u00e1v\u011b odleh\u010den\u00ed a vtip jsou v novince Adama Steinbauera velmi d\u016fle\u017eit\u00e9: \u201eI samotn\u00fd Ku-klux-klan vznikl t\u011bsn\u011b po v\u00e1lce Severu proti Jihu jako spolek n\u011bkolika v\u00e1le\u010dn\u00fdch veter\u00e1n\u016f. Ti se &#8211; zprvu sp\u00ed\u0161 pro legraci &#8211; rozhodli zalo\u017eit tajn\u00fd p\u00e1nsk\u00fd klub a navl\u00e9kli na sebe r\u016fzn\u00e9 d\u00e1msk\u00e9 \u0161aty a b\u00edl\u00e1 prost\u011bradla. Vyslou\u017eil\u00ed konfedera\u010dn\u00ed voj\u00e1ci si cht\u011bli zpo\u010d\u00e1tku jen trochu za\u0159\u00e1dit a vylekat b\u00fdval\u00e9 otroky. A zavzpom\u00ednat na star\u00e9 dobr\u00e9 \u010dasy, k&nbsp;nim\u017e ov\u0161em pat\u0159ila i vl\u00e1da b\u00edl\u00e9 rasy,\u201c p\u0159ipom\u00edn\u00e1 re\u017eis\u00e9r \u201enevinn\u00fd\u201c zrod organizace \u201eproslaven\u00e9\u201c pozd\u011bji mnoha ukrutnostmi.<\/p>\n\n\n\n<p class=\"has-medium-font-size\">\u201eN\u00e1zev vych\u00e1z\u00ed z&nbsp;\u0159eck\u00e9ho slova \u201ekuklos\u201c &#8211; kruh. V\u00fdraz \u201eklan\u201c si z\u0159ejm\u011b p\u016fj\u010dili ze skotsk\u00e9ho jazyka, kde ozna\u010duje t\u011bsnou kmenovou pospolitost \u010di p\u0159\u00edmo pokrevn\u00ed svazek,\u201c dopl\u0148uje Steinbauer.<\/p>\n\n\n\n<div style=\"height:45px\" aria-hidden=\"true\" class=\"wp-block-spacer\"><\/div>\n\n\n<div class=\"wp-block-image\">\n<figure class=\"aligncenter size-full is-resized\"><img loading=\"lazy\" decoding=\"async\" width=\"700\" height=\"390\" src=\"https:\/\/celebrityhouse.cz\/wp-content\/uploads\/2025\/05\/6FOT1.jpg\" alt=\"L\u00e1sKKKa\" class=\"wp-image-11568\" style=\"width:754px;height:auto\" srcset=\"https:\/\/celebrityhouse.cz\/wp-content\/uploads\/2025\/05\/6FOT1.jpg 700w, https:\/\/celebrityhouse.cz\/wp-content\/uploads\/2025\/05\/6FOT1-300x167.jpg 300w\" sizes=\"(max-width: 700px) 100vw, 700px\" \/><\/figure><\/div>\n\n\n<div style=\"height:45px\" aria-hidden=\"true\" class=\"wp-block-spacer\"><\/div>\n\n\n\n<h2 class=\"wp-block-heading\">\u0160\u0165ourav\u00e1 novin\u00e1\u0159ka, hodn\u00fd kluk, sv\u016fdn\u00fd Reverend a ko\u010dko-love-hater<\/h2>\n\n\n\n<div style=\"height:21px\" aria-hidden=\"true\" class=\"wp-block-spacer\"><\/div>\n\n\n\n<p class=\"has-medium-font-size\">Postavu Kate hraje <strong>Anna Grundmanov\u00e1<\/strong>. \u201eMysl\u00edm, \u017ee Kate je jako ka\u017ed\u00e1 investigativn\u00ed novin\u00e1\u0159ka. M\u00e1 sv\u00e9 t\u00e9ma, chce z\u00edskat informace, mapovat danou spole\u010dnost a rozkr\u00fdt p\u0159\u00edb\u011bhy, kter\u00e9 se v podivn\u00e9m seskupen\u00ed Ku-klux-klanu odehr\u00e1vaj\u00ed. To se tak\u00e9 pomalu d\u011bje, z\u00e1hady se vr\u0161\u00ed a postupn\u011b m\u011bste\u010dko uk\u00e1\u017ee sv\u00e9 mysteri\u00f3zn\u00ed J\u00c1,\u201c \u0159\u00edk\u00e1 here\u010dka.<\/p>\n\n\n\n<p class=\"has-medium-font-size\">A jak\u00fd vztah m\u00e1 Kate k&nbsp;postav\u011b ztv\u00e1rn\u011bn\u00e9 <strong>Janem Grundmanem<\/strong>? \u201eM\u016fj man\u017eel hraje Reverenda, v\u016fdce a vzor cel\u00e9 skupiny. Rozhodn\u011b mu nen\u00ed po chuti, \u017ee tam \u0161\u0165our\u00e1 a p\u00e1tr\u00e1 n\u011bjak\u00e1 novin\u00e1\u0159ka. Kdo z n\u00e1s nakonec zv\u00edt\u011bz\u00ed &#8211; pokud je n\u011bjak\u00fd v\u00edt\u011bz &#8211; na to se mohou div\u00e1ci t\u011b\u0161it,\u201c zve na titul L\u00e1sKKKa! Anna Grundmanov\u00e1.<\/p>\n\n\n\n<p class=\"has-medium-font-size\">Zaj\u00edmav\u00e9 je, \u017ee postavu Reverenda ve h\u0159e L\u00e1sKKKa! inspiroval jeden ze skute\u010dn\u00fdch v\u016fdc\u016f KKK <strong>Thomas Robb<\/strong>. \u201eSamozvan\u00fd pastor je od roku 1989 n\u00e1rodn\u00edm \u0159editelem <em>Ryt\u00ed\u0159sk\u00e9 strany<\/em>, nov\u00e9 skupiny KKK zn\u00e1m\u00e9 jako Ryt\u00ed\u0159i Ku-klux-klanu,\u201c vysv\u011btluje Adam Steinbauer. Robb obhajoval Klan coby \u201enevinnou organizaci\u201c, kter\u00e1 je \u201em\u00edrn\u00e1, radostn\u00e1 a p\u0159\u00e1telsk\u00e1\u201c. \u201eB\u00edlou k\u00e1pi, kterou \u010dlenov\u00e9 Klanu obl\u00e9kali spolu s&nbsp;b\u00edl\u00fdm rouchem, aby p\u0159i sv\u00fdch no\u010dn\u00edch j\u00edzd\u00e1ch je\u0161t\u011b v\u00edce d\u011bsili sv\u00e9 ob\u011bti a z\u00e1rove\u0148 skryli svoji identitu, p\u0159irovn\u00e1val Robb k&nbsp;n\u011b\u010demu tak ne\u0161kodn\u00e9mu a tradi\u010dn\u00edmu, jako je kravata obchodn\u00edka. Z\u00e1kladna Ryt\u00ed\u0159\u016f je pr\u00e1v\u011b ve m\u011bst\u011b Harrison v&nbsp;Arkansasu,\u201c uv\u00e1d\u00ed Steinbauer.<\/p>\n\n\n\n<p class=\"has-medium-font-size\">D\u016fle\u017eitou postavu hraje i <strong>Mat\u011bj And\u011bl<\/strong>. \u201eSheen je v j\u00e1dru hodn\u00fd kluk, kter\u00fd m\u00e1 tendenci t\u00edhnout k autorit\u00e1m a p\u0159ej\u00edmat jejich n\u00e1zory. Vyrostl v prost\u0159ed\u00ed, kde je pohled na sv\u011bt jasn\u011b dan\u00fd. Z\u00e1rove\u0148 je ale p\u0159em\u00fd\u0161liv\u00fd, klade si ot\u00e1zky. Do Kate se zamiluje, jen\u017ee ona mu nabour\u00e1 jeho p\u0159esv\u011bd\u010den\u00ed a upozorn\u00ed ho na o\u010dividn\u00e9 rozpory. Jeho rozpolcenost se zv\u011bt\u0161uje a je ot\u00e1zka, kter\u00e1 jeho \u010d\u00e1st tenhle vnit\u0159n\u00ed souboj vyhraje,\u201c nazna\u010duje And\u011bl.<\/p>\n\n\n\n<p class=\"has-medium-font-size\">\u201eHraju Jeffreyho, mlad\u00e9ho fanatika KKK, b\u00edl\u00e9ho jezdce na kole, ko\u010dko-love-hatera, latentn\u00edho pokrytce, mlad\u00e9ho mu\u017ee miluj\u00edc\u00edho svou maminku, u n\u00ed\u017e \u017eije,\u201c barvit\u011b l\u00ed\u010d\u00ed sv\u00e9ho \u201ehrdinu\u201c <strong>Mark Kristi\u00e1n Hochman<\/strong>. \u201eHraju tak\u00e9 Mystic Cowboye. Ten je jak z vyst\u0159ihov\u00e1nek Davida Lynche propleten\u00fd \u0161patn\u00fdm dabingem dobr\u00e9ho westernu,\u201c dod\u00e1v\u00e1 herec.<\/p>\n\n\n\n<div style=\"height:45px\" aria-hidden=\"true\" class=\"wp-block-spacer\"><\/div>\n\n\n<div class=\"wp-block-image\">\n<figure class=\"aligncenter size-full is-resized\"><img loading=\"lazy\" decoding=\"async\" width=\"700\" height=\"390\" src=\"https:\/\/celebrityhouse.cz\/wp-content\/uploads\/2025\/05\/7FOT1.jpg\" alt=\"L\u00e1sKKKa\" class=\"wp-image-11571\" style=\"width:778px;height:auto\" srcset=\"https:\/\/celebrityhouse.cz\/wp-content\/uploads\/2025\/05\/7FOT1.jpg 700w, https:\/\/celebrityhouse.cz\/wp-content\/uploads\/2025\/05\/7FOT1-300x167.jpg 300w\" sizes=\"(max-width: 700px) 100vw, 700px\" \/><\/figure><\/div>\n\n\n<div style=\"height:45px\" aria-hidden=\"true\" class=\"wp-block-spacer\"><\/div>\n\n\n\n<h2 class=\"wp-block-heading\">Z idylky do pekla<\/h2>\n\n\n\n<div style=\"height:21px\" aria-hidden=\"true\" class=\"wp-block-spacer\"><\/div>\n\n\n\n<p class=\"has-medium-font-size\">Do tv\u016fr\u010d\u00edho t\u00fdmu p\u0159izval re\u017eis\u00e9r osv\u011bd\u010den\u00e9 spolupracovn\u00edky. <strong>Magdalena Teleky<\/strong> vytvo\u0159ila sc\u00e9nografii, j\u00ed\u017e v\u00e9vod\u00ed \u00fatuln\u00e1 veranda, typick\u00fd znak americk\u00e9ho ji\u017eansk\u00e9ho domku. \u201eCel\u00e1 sc\u00e9nografie je stav\u011bna tak, aby na prvn\u00ed pohled osl\u0148ovala b\u00edl\u00fdm z\u00e1\u0159iv\u00fdm \u00fasm\u011bvem, l\u00e1skyplnou v\u0159elost\u00ed a pohostinnou aurou,\u201c \u0159\u00edk\u00e1 Teleky. Sloupy s girlandami barevn\u00fdch sv\u011btel vn\u00e1\u0161ej\u00ed do prostoru atmosf\u00e9ru sousedsk\u00e9 pospolitosti a lidov\u00fdch z\u00e1bav pod \u0161ir\u00fdm nebem. Oto\u010dn\u00fd dome\u010dek m\u00e1 v\u0161ak i druhou, odvr\u00e1cenou tv\u00e1\u0159. \u201eT\u00edm, jak Kate pronik\u00e1 do mentality m\u00edstn\u00edch obyvatel, postupujeme do nitra domku, kter\u00fd se m\u011bn\u00ed ve stra\u0161ideln\u00fd, a\u017e jak\u00fdsi z\u00e1sv\u011btn\u00ed prostor,\u201c dopl\u0148uje Martina Kinsk\u00e1.<\/p>\n\n\n\n<p class=\"has-medium-font-size\">Podobnou prom\u011bnou proch\u00e1zej\u00ed kost\u00fdmy <strong>Karol\u00edny Srpkov\u00e9<\/strong>. Ta na\u0161la hlavn\u00ed inspiraci ve spo\u0159\u00e1dan\u00e9, reklamn\u011b barevn\u00e9 Americe 70. let minul\u00e9ho stolet\u00ed. Vyu\u017eila rovn\u011b\u017e od\u011bvn\u00ed prvky typick\u00e9 pro americk\u00fd jih. \u201eReaganovsk\u00e1 stabilita, power glamour Ivany Trump, k\u0159es\u0165ansk\u00fd metal, vnit\u0159n\u00ed klid Marlboromana\u2026 To v\u0161e budget friendly z odd\u011blen\u00ed od\u011bv\u016f ve Walmartu. Ve sk\u0159\u00edn\u00edch se v\u0161ak skr\u00fdv\u00e1 v\u00edc ne\u017e jen kostlivci,\u201c l\u00ed\u010d\u00ed Karol\u00edna Srpkov\u00e1.<\/p>\n\n\n\n<p class=\"has-medium-font-size\">\u201eI d\u00edky nejr\u016fzn\u011bj\u0161\u00edm americk\u00fdm film\u016fm se v\u0161e jev\u00ed jako mil\u00e9, zn\u00e1m\u00e9 a bezpe\u010dn\u00e9. Reverend\u016fv outfit m\u016f\u017ee p\u0159ipomenout postavy dobr\u00e1ck\u00fdch kn\u00edrkat\u00fdch \u0161erif\u016f v pod\u00e1n\u00ed <strong>Burta Reynoldse<\/strong>, od\u011bv tajupln\u00e9ho Kovboje odkazuje na z\u00e1\u0159iv\u00fd overal <strong>Roberta Redforda<\/strong> z filmu Elektrick\u00fd jezdec,\u201c \u0159\u00edk\u00e1 Adam Steinbauer. I kost\u00fdmy v\u0161ak odr\u00e1\u017eej\u00ed rostouc\u00ed chaos a \u0161\u00edlenstv\u00ed, n\u011bkter\u00e9 komicky \u0161pi\u010dat\u00e9 \u00fa\u010desy a pokr\u00fdvky hlavy nav\u00edc p\u0159ipom\u00ednaj\u00ed k\u00e1p\u011b\u2026<\/p>\n\n\n\n<div style=\"height:45px\" aria-hidden=\"true\" class=\"wp-block-spacer\"><\/div>\n\n\n<div class=\"wp-block-image\">\n<figure class=\"aligncenter size-full is-resized\"><img loading=\"lazy\" decoding=\"async\" width=\"700\" height=\"390\" src=\"https:\/\/celebrityhouse.cz\/wp-content\/uploads\/2025\/05\/2FOT1.jpg\" alt=\"L\u00e1sKKKa\" class=\"wp-image-11566\" style=\"width:792px;height:auto\" srcset=\"https:\/\/celebrityhouse.cz\/wp-content\/uploads\/2025\/05\/2FOT1.jpg 700w, https:\/\/celebrityhouse.cz\/wp-content\/uploads\/2025\/05\/2FOT1-300x167.jpg 300w\" sizes=\"(max-width: 700px) 100vw, 700px\" \/><\/figure><\/div>\n\n\n<div style=\"height:45px\" aria-hidden=\"true\" class=\"wp-block-spacer\"><\/div>\n\n\n\n<h2 class=\"wp-block-heading\">Jisk\u0159en\u00ed v\u00fdbojek, country a&nbsp;Nick Cave<\/h2>\n\n\n\n<div style=\"height:21px\" aria-hidden=\"true\" class=\"wp-block-spacer\"><\/div>\n\n\n\n<p class=\"has-medium-font-size\">V\u00fdtvarnou slo\u017eku podpo\u0159\u00ed light design <strong>Jon\u00e1\u0161e Garaje<\/strong>. Inspirovaly ho p\u0159edev\u0161\u00edm sv\u00edt\u00edc\u00ed billboardy na americk\u00fdch d\u00e1lnic\u00edch: kr\u00e1tk\u00fd&nbsp;okam\u017eik, kdy se sv\u011btla pomalu rozsv\u011bcuj\u00ed a kr\u00e1sn\u00fd bezstarostn\u00fd b\u00edl\u00fd den se m\u011bn\u00ed v tajemnou noc. \u201ePro inscenaci jsem mimo jin\u00e9 vybral n\u011bkolik&nbsp;v\u00fdbojkov\u00fdch sv\u011bteln\u00fdch zdroj\u016f pro jejich specifick\u00e9 sv\u011btlo a tajemn\u00e9 jisk\u0159en\u00ed, kter\u00e9 se bude linout celou&nbsp;inscenac\u00ed,\u201c prozradil Jon\u00e1\u0161 Garaj.<\/p>\n\n\n\n<p class=\"has-medium-font-size\">Hudbu vytvo\u0159il <strong>Martin Srpek Konvi\u010dka<\/strong>, kter\u00fd osobn\u011b sledoval zkou\u0161ky. Jeho hudebn\u00ed doprovod tak vznikl z p\u0159\u00edm\u00e9ho kontaktu s inscenac\u00ed. <em>\u201e<\/em>T\u00e9ma si p\u0159\u00edmo \u0159\u00edkalo o hudbu, kterou si Evropan okam\u017eit\u011b um\u00edst\u00ed n\u011bkam do USA. Zvolil jsem proto americk\u00e9 country a jako v\u00fdchoz\u00ed bod bend\u017eo\u2026 Nakonec hudba kol\u00eds\u00e1 n\u011bkde mezi americkou idylou, spaghetti westernem a mysteri\u00f3zn\u00edm sound designem. Jo a&nbsp;Nickem&nbsp;Cavem!\u201c dod\u00e1v\u00e1 Srpek Konvi\u010dka.<\/p>\n\n\n\n<p class=\"has-medium-font-size\">K&nbsp;pohybov\u00e9 spolupr\u00e1ci p\u0159izval re\u017eis\u00e9r <strong>Pavola Seri\u0161e. <\/strong>\u201eHra L\u00e1sKKKa! m\u00e1 ur\u010ditou m\u00edru fyzick\u00e9 stylizace,\u201c vysv\u011btluje Seri\u0161. \u201eHledali jsme proto pohybov\u00fd jazyk konkr\u00e9tn\u00edch postav, jakousi abecedu zvl\u00e1\u0161tnost\u00ed a bizarnost\u00ed. Jsem r\u00e1d, \u017ee Studio \u0160vandova divadla je komorn\u00ed a mohli jsme se soust\u0159edit na detail,\u201c uv\u00e1d\u00ed Seri\u0161.<\/p>\n\n\n\n<div style=\"height:45px\" aria-hidden=\"true\" class=\"wp-block-spacer\"><\/div>\n\n\n<div class=\"wp-block-image\">\n<figure class=\"aligncenter size-full is-resized\"><img loading=\"lazy\" decoding=\"async\" width=\"700\" height=\"390\" src=\"https:\/\/celebrityhouse.cz\/wp-content\/uploads\/2025\/05\/3FOT1.jpg\" alt=\"L\u00e1sKKKa\" class=\"wp-image-11567\" style=\"width:792px;height:auto\" srcset=\"https:\/\/celebrityhouse.cz\/wp-content\/uploads\/2025\/05\/3FOT1.jpg 700w, https:\/\/celebrityhouse.cz\/wp-content\/uploads\/2025\/05\/3FOT1-300x167.jpg 300w\" sizes=\"(max-width: 700px) 100vw, 700px\" \/><\/figure><\/div>\n\n\n<div style=\"height:45px\" aria-hidden=\"true\" class=\"wp-block-spacer\"><\/div>\n\n\n\n<h2 class=\"wp-block-heading\">Pohledem mlad\u00e9 generace<\/h2>\n\n\n\n<div style=\"height:21px\" aria-hidden=\"true\" class=\"wp-block-spacer\"><\/div>\n\n\n\n<p class=\"has-medium-font-size\">\u201eL\u00e1sKKKa! ve Studiu \u0160vandova divadla je titulem, kter\u00fdm se hl\u00e1s\u00edme k&nbsp;hodnot\u00e1m liber\u00e1ln\u00ed, tedy svobodomysln\u00e9 demokracie,\u201c \u0159\u00edk\u00e1 um\u011bleck\u00fd \u0161\u00e9f divadla <strong>Martin Franti\u0161\u00e1k.<\/strong> \u201eK&nbsp;takov\u00fdm inscenac\u00edm na sou\u010dasn\u00e9m reperto\u00e1ru pat\u0159\u00ed nap\u0159\u00edklad drama Na prvn\u00ed pohled, D\u011bjiny n\u00e1sil\u00ed nebo D\u00edvenka na trampol\u00edn\u011b,\u201c uv\u00e1d\u00ed Franti\u0161\u00e1k.<\/p>\n\n\n\n<p class=\"has-medium-font-size\">N\u00e1zor Martina Franti\u0161\u00e1ka potvrzuje i dramaturgyn\u011b Martina Kinsk\u00e1. \u201eL\u00e1sKKKa!je dal\u0161\u00ed inscenac\u00ed studiov\u00e9 sc\u00e9ny \u0160vandova divadla, kter\u00e1 v sob\u011b nese jistou provokativnost a naru\u0161uje konformn\u00ed pohled na dne\u0161n\u00ed ud\u00e1losti. Navazuje t\u00e9\u017e na linii, v n\u00ed\u017e se sna\u017e\u00edme zv\u00e1t ke spolupr\u00e1ci divadeln\u00ed tv\u016frce mlad\u00e9 \u010di nejmlad\u0161\u00ed generace. Zaj\u00edm\u00e1 n\u00e1s jejich pohled na sou\u010dasn\u00fd sv\u011bt a ot\u00e1zky, kter\u00e9 si kladou,\u201c uzav\u00edr\u00e1 Kinsk\u00e1.<\/p>\n\n\n\n<div style=\"height:45px\" aria-hidden=\"true\" class=\"wp-block-spacer\"><\/div>\n\n\n<div class=\"wp-block-image\">\n<figure class=\"aligncenter size-full is-resized\"><img loading=\"lazy\" decoding=\"async\" width=\"700\" height=\"390\" src=\"https:\/\/celebrityhouse.cz\/wp-content\/uploads\/2025\/05\/4FOT1.jpg\" alt=\"L\u00e1sKKKa\" class=\"wp-image-11565\" style=\"width:800px;height:auto\" srcset=\"https:\/\/celebrityhouse.cz\/wp-content\/uploads\/2025\/05\/4FOT1.jpg 700w, https:\/\/celebrityhouse.cz\/wp-content\/uploads\/2025\/05\/4FOT1-300x167.jpg 300w\" sizes=\"(max-width: 700px) 100vw, 700px\" \/><\/figure><\/div>\n\n\n<div style=\"height:45px\" aria-hidden=\"true\" class=\"wp-block-spacer\"><\/div>\n\n\n\n<p class=\"has-medium-font-size\"><strong>Premi\u00e9ra je 31. kv\u011btna 2025 ve Studiu \u0160vandova divadla, nejbli\u017e\u0161\u00ed voln\u00e9 repr\u00edzy 27. a 30. z\u00e1\u0159\u00ed 2025.<\/strong><\/p>\n\n\n\n<div style=\"height:45px\" aria-hidden=\"true\" class=\"wp-block-spacer\"><\/div>\n\n\n<div class=\"wp-block-image\">\n<figure class=\"aligncenter size-full is-resized\"><img loading=\"lazy\" decoding=\"async\" width=\"700\" height=\"390\" src=\"https:\/\/celebrityhouse.cz\/wp-content\/uploads\/2025\/05\/5FOT1.jpg\" alt=\"L\u00e1sKKKa\" class=\"wp-image-11564\" style=\"width:838px;height:auto\" srcset=\"https:\/\/celebrityhouse.cz\/wp-content\/uploads\/2025\/05\/5FOT1.jpg 700w, https:\/\/celebrityhouse.cz\/wp-content\/uploads\/2025\/05\/5FOT1-300x167.jpg 300w\" sizes=\"(max-width: 700px) 100vw, 700px\" \/><\/figure><\/div>\n\n\n<div style=\"height:45px\" aria-hidden=\"true\" class=\"wp-block-spacer\"><\/div>\n\n\n\n<p class=\"has-medium-font-size\"><a href=\"http:\/\/www.svandovodivadlo.cz\/\"><strong>www.svandovodivadlo.cz<\/strong><\/a><\/p>\n\n\n\n<div style=\"height:45px\" aria-hidden=\"true\" class=\"wp-block-spacer\"><\/div>\n\n\n\n<figure class=\"wp-block-gallery has-nested-images columns-2 is-cropped wp-block-gallery-1 is-layout-flex wp-block-gallery-is-layout-flex\">\n<figure class=\"wp-block-image size-large\"><img loading=\"lazy\" decoding=\"async\" width=\"830\" height=\"590\" data-id=\"11572\" src=\"https:\/\/celebrityhouse.cz\/wp-content\/uploads\/2025\/05\/1-FOTO-NAHLED_Vizual-k-chystane-inscenaci-LasKKKa-v-roli-novinarky-Kate-se-predstavi-Anna-Grundmanova.jpg\" alt=\"L\u00e1sKKKa\" class=\"wp-image-11572\" srcset=\"https:\/\/celebrityhouse.cz\/wp-content\/uploads\/2025\/05\/1-FOTO-NAHLED_Vizual-k-chystane-inscenaci-LasKKKa-v-roli-novinarky-Kate-se-predstavi-Anna-Grundmanova.jpg 830w, https:\/\/celebrityhouse.cz\/wp-content\/uploads\/2025\/05\/1-FOTO-NAHLED_Vizual-k-chystane-inscenaci-LasKKKa-v-roli-novinarky-Kate-se-predstavi-Anna-Grundmanova-300x213.jpg 300w, https:\/\/celebrityhouse.cz\/wp-content\/uploads\/2025\/05\/1-FOTO-NAHLED_Vizual-k-chystane-inscenaci-LasKKKa-v-roli-novinarky-Kate-se-predstavi-Anna-Grundmanova-768x546.jpg 768w\" sizes=\"(max-width: 830px) 100vw, 830px\" \/><\/figure>\n\n\n\n<figure class=\"wp-block-image size-large\"><img loading=\"lazy\" decoding=\"async\" width=\"700\" height=\"390\" data-id=\"11566\" src=\"https:\/\/celebrityhouse.cz\/wp-content\/uploads\/2025\/05\/2FOT1.jpg\" alt=\"L\u00e1sKKKa\" class=\"wp-image-11566\" srcset=\"https:\/\/celebrityhouse.cz\/wp-content\/uploads\/2025\/05\/2FOT1.jpg 700w, https:\/\/celebrityhouse.cz\/wp-content\/uploads\/2025\/05\/2FOT1-300x167.jpg 300w\" sizes=\"(max-width: 700px) 100vw, 700px\" \/><\/figure>\n\n\n\n<figure class=\"wp-block-image size-large\"><img loading=\"lazy\" decoding=\"async\" width=\"700\" height=\"390\" data-id=\"11567\" src=\"https:\/\/celebrityhouse.cz\/wp-content\/uploads\/2025\/05\/3FOT1.jpg\" alt=\"L\u00e1sKKKa\" class=\"wp-image-11567\" srcset=\"https:\/\/celebrityhouse.cz\/wp-content\/uploads\/2025\/05\/3FOT1.jpg 700w, https:\/\/celebrityhouse.cz\/wp-content\/uploads\/2025\/05\/3FOT1-300x167.jpg 300w\" sizes=\"(max-width: 700px) 100vw, 700px\" \/><\/figure>\n\n\n\n<figure class=\"wp-block-image size-large\"><img loading=\"lazy\" decoding=\"async\" width=\"700\" height=\"390\" data-id=\"11565\" src=\"https:\/\/celebrityhouse.cz\/wp-content\/uploads\/2025\/05\/4FOT1.jpg\" alt=\"L\u00e1sKKKa\" class=\"wp-image-11565\" srcset=\"https:\/\/celebrityhouse.cz\/wp-content\/uploads\/2025\/05\/4FOT1.jpg 700w, https:\/\/celebrityhouse.cz\/wp-content\/uploads\/2025\/05\/4FOT1-300x167.jpg 300w\" sizes=\"(max-width: 700px) 100vw, 700px\" \/><\/figure>\n\n\n\n<figure class=\"wp-block-image size-large\"><img loading=\"lazy\" decoding=\"async\" width=\"700\" height=\"390\" data-id=\"11564\" src=\"https:\/\/celebrityhouse.cz\/wp-content\/uploads\/2025\/05\/5FOT1.jpg\" alt=\"L\u00e1sKKKa\" class=\"wp-image-11564\" srcset=\"https:\/\/celebrityhouse.cz\/wp-content\/uploads\/2025\/05\/5FOT1.jpg 700w, https:\/\/celebrityhouse.cz\/wp-content\/uploads\/2025\/05\/5FOT1-300x167.jpg 300w\" sizes=\"(max-width: 700px) 100vw, 700px\" \/><\/figure>\n\n\n\n<figure class=\"wp-block-image size-large\"><img loading=\"lazy\" decoding=\"async\" width=\"700\" height=\"390\" data-id=\"11568\" src=\"https:\/\/celebrityhouse.cz\/wp-content\/uploads\/2025\/05\/6FOT1.jpg\" alt=\"L\u00e1sKKKa\" class=\"wp-image-11568\" srcset=\"https:\/\/celebrityhouse.cz\/wp-content\/uploads\/2025\/05\/6FOT1.jpg 700w, https:\/\/celebrityhouse.cz\/wp-content\/uploads\/2025\/05\/6FOT1-300x167.jpg 300w\" sizes=\"(max-width: 700px) 100vw, 700px\" \/><\/figure>\n\n\n\n<figure class=\"wp-block-image size-large\"><img loading=\"lazy\" decoding=\"async\" width=\"700\" height=\"390\" data-id=\"11571\" src=\"https:\/\/celebrityhouse.cz\/wp-content\/uploads\/2025\/05\/7FOT1.jpg\" alt=\"L\u00e1sKKKa\" class=\"wp-image-11571\" srcset=\"https:\/\/celebrityhouse.cz\/wp-content\/uploads\/2025\/05\/7FOT1.jpg 700w, https:\/\/celebrityhouse.cz\/wp-content\/uploads\/2025\/05\/7FOT1-300x167.jpg 300w\" sizes=\"(max-width: 700px) 100vw, 700px\" \/><\/figure>\n\n\n\n<figure class=\"wp-block-image size-large\"><img loading=\"lazy\" decoding=\"async\" width=\"700\" height=\"390\" data-id=\"11570\" src=\"https:\/\/celebrityhouse.cz\/wp-content\/uploads\/2025\/05\/8FOT1.jpg\" alt=\"L\u00e1sKKKa\" class=\"wp-image-11570\" srcset=\"https:\/\/celebrityhouse.cz\/wp-content\/uploads\/2025\/05\/8FOT1.jpg 700w, https:\/\/celebrityhouse.cz\/wp-content\/uploads\/2025\/05\/8FOT1-300x167.jpg 300w\" sizes=\"(max-width: 700px) 100vw, 700px\" \/><\/figure>\n\n\n\n<figure class=\"wp-block-image size-large\"><img loading=\"lazy\" decoding=\"async\" width=\"440\" height=\"620\" data-id=\"11569\" src=\"https:\/\/celebrityhouse.cz\/wp-content\/uploads\/2025\/05\/10-FOTO-NAHLED_Plakat-k-inscenaci-LasKKKa.jpg\" alt=\"L\u00e1sKKKa\" class=\"wp-image-11569\" srcset=\"https:\/\/celebrityhouse.cz\/wp-content\/uploads\/2025\/05\/10-FOTO-NAHLED_Plakat-k-inscenaci-LasKKKa.jpg 440w, https:\/\/celebrityhouse.cz\/wp-content\/uploads\/2025\/05\/10-FOTO-NAHLED_Plakat-k-inscenaci-LasKKKa-213x300.jpg 213w\" sizes=\"(max-width: 440px) 100vw, 440px\" \/><\/figure>\n<\/figure>\n\n\n\n<div style=\"height:45px\" aria-hidden=\"true\" class=\"wp-block-spacer\"><\/div>\n\n\n\n<p class=\"has-medium-font-size\"><strong>Zdroj foto a video:<\/strong>&nbsp;\u0160vandovo divadlo<\/p>\n\n\n\n<div style=\"height:45px\" aria-hidden=\"true\" class=\"wp-block-spacer\"><\/div>\n","protected":false},"excerpt":{"rendered":"<p>Posledn\u00ed novinkou leto\u0161n\u00ed sez\u00f3ny ve \u0160vandov\u011b divadle je L\u00e1sKKKa!, inscenace scen\u00e1ristya re\u017eis\u00e9ra Adama Steinbauera. Nap\u00ednav\u00fd p\u0159\u00edb\u011bh z&nbsp;americk\u00e9ho jihu byl inspirov\u00e1n knihou Katarzyny Surmiak-Doma\u0144sk\u00e9 Ku-klux-klan. Tady bydl\u00ed l\u00e1ska, kter\u00e1 u n\u00e1s vy\u0161la v&nbsp;\u010desk\u00e9m p\u0159ekladu Jarmily&#46;&#46;&#46;<\/p>\n","protected":false},"author":8,"featured_media":11572,"comment_status":"closed","ping_status":"closed","sticky":false,"template":"","format":"standard","meta":{"_monsterinsights_skip_tracking":false,"_monsterinsights_sitenote_active":false,"_monsterinsights_sitenote_note":"","_monsterinsights_sitenote_category":0,"footnotes":""},"categories":[187,3,2,163,17],"tags":[],"yoast_head":"<!-- This site is optimized with the Yoast SEO plugin v21.5 - https:\/\/yoast.com\/wordpress\/plugins\/seo\/ -->\n<title>Sm\u00edchovsk\u00e9 \u0160vandovo divadlo chyst\u00e1 inscenaci L\u00e1sKKKa: \u010cernou grotesku o tajemstv\u00ed vzorn\u011b b\u00edl\u00e9ho m\u011bste\u010dka - CELEBRITYHOUSE.cz<\/title>\n<meta name=\"description\" content=\"Posledn\u00ed novinkou leto\u0161n\u00ed sez\u00f3ny ve \u0160vandov\u011b divadle je L\u00e1sKKKa!, inscenace scen\u00e1ristya re\u017eis\u00e9ra Adama Steinbauera.\" \/>\n<meta name=\"robots\" content=\"index, follow, max-snippet:-1, max-image-preview:large, max-video-preview:-1\" \/>\n<link rel=\"canonical\" href=\"https:\/\/celebrityhouse.cz\/index.php\/2025\/06\/04\/smichovske-svandovo-divadlo-chysta-inscenaci-laskkka-cernou-grotesku-o-tajemstvi-vzorne-bileho-mestecka\/\" \/>\n<meta property=\"og:locale\" content=\"cs_CZ\" \/>\n<meta property=\"og:type\" content=\"article\" \/>\n<meta property=\"og:title\" content=\"Sm\u00edchovsk\u00e9 \u0160vandovo divadlo chyst\u00e1 inscenaci L\u00e1sKKKa: \u010cernou grotesku o tajemstv\u00ed vzorn\u011b b\u00edl\u00e9ho m\u011bste\u010dka - CELEBRITYHOUSE.cz\" \/>\n<meta property=\"og:description\" content=\"Posledn\u00ed novinkou leto\u0161n\u00ed sez\u00f3ny ve \u0160vandov\u011b divadle je L\u00e1sKKKa!, inscenace scen\u00e1ristya re\u017eis\u00e9ra Adama Steinbauera.\" \/>\n<meta property=\"og:url\" content=\"https:\/\/celebrityhouse.cz\/index.php\/2025\/06\/04\/smichovske-svandovo-divadlo-chysta-inscenaci-laskkka-cernou-grotesku-o-tajemstvi-vzorne-bileho-mestecka\/\" \/>\n<meta property=\"og:site_name\" content=\"CELEBRITYHOUSE.cz\" \/>\n<meta property=\"article:published_time\" content=\"2025-06-03T22:01:00+00:00\" \/>\n<meta property=\"article:modified_time\" content=\"2025-05-22T09:34:19+00:00\" \/>\n<meta property=\"og:image\" content=\"https:\/\/celebrityhouse.cz\/wp-content\/uploads\/2025\/05\/1-FOTO-NAHLED_Vizual-k-chystane-inscenaci-LasKKKa-v-roli-novinarky-Kate-se-predstavi-Anna-Grundmanova.jpg\" \/>\n\t<meta property=\"og:image:width\" content=\"830\" \/>\n\t<meta property=\"og:image:height\" content=\"590\" \/>\n\t<meta property=\"og:image:type\" content=\"image\/jpeg\" \/>\n<meta name=\"author\" content=\"Martina Pechov\u00e1\" \/>\n<meta name=\"twitter:card\" content=\"summary_large_image\" \/>\n<meta name=\"twitter:label1\" content=\"Napsal(a)\" \/>\n\t<meta name=\"twitter:data1\" content=\"Martina Pechov\u00e1\" \/>\n\t<meta name=\"twitter:label2\" content=\"Odhadovan\u00e1 doba \u010dten\u00ed\" \/>\n\t<meta name=\"twitter:data2\" content=\"12 minut\" \/>\n<script type=\"application\/ld+json\" class=\"yoast-schema-graph\">{\"@context\":\"https:\/\/schema.org\",\"@graph\":[{\"@type\":\"Article\",\"@id\":\"https:\/\/celebrityhouse.cz\/index.php\/2025\/06\/04\/smichovske-svandovo-divadlo-chysta-inscenaci-laskkka-cernou-grotesku-o-tajemstvi-vzorne-bileho-mestecka\/#article\",\"isPartOf\":{\"@id\":\"https:\/\/celebrityhouse.cz\/index.php\/2025\/06\/04\/smichovske-svandovo-divadlo-chysta-inscenaci-laskkka-cernou-grotesku-o-tajemstvi-vzorne-bileho-mestecka\/\"},\"author\":{\"name\":\"Martina Pechov\u00e1\",\"@id\":\"https:\/\/celebrityhouse.cz\/#\/schema\/person\/b97cee16a2caa8cf7a55df6bcaff5d8c\"},\"headline\":\"Sm\u00edchovsk\u00e9 \u0160vandovo divadlo chyst\u00e1 inscenaci L\u00e1sKKKa: \u010cernou grotesku o tajemstv\u00ed vzorn\u011b b\u00edl\u00e9ho m\u011bste\u010dka\",\"datePublished\":\"2025-06-03T22:01:00+00:00\",\"dateModified\":\"2025-05-22T09:34:19+00:00\",\"mainEntityOfPage\":{\"@id\":\"https:\/\/celebrityhouse.cz\/index.php\/2025\/06\/04\/smichovske-svandovo-divadlo-chysta-inscenaci-laskkka-cernou-grotesku-o-tajemstvi-vzorne-bileho-mestecka\/\"},\"wordCount\":2008,\"publisher\":{\"@id\":\"https:\/\/celebrityhouse.cz\/#organization\"},\"articleSection\":[\"CELEBRITY\",\"\u010cESK\u00c9 CELEBRITY\",\"NEWS\",\"PRA\u017dSK\u00c1 METROPOLE\",\"TIPY NA DIVADLO\"],\"inLanguage\":\"cs\"},{\"@type\":\"WebPage\",\"@id\":\"https:\/\/celebrityhouse.cz\/index.php\/2025\/06\/04\/smichovske-svandovo-divadlo-chysta-inscenaci-laskkka-cernou-grotesku-o-tajemstvi-vzorne-bileho-mestecka\/\",\"url\":\"https:\/\/celebrityhouse.cz\/index.php\/2025\/06\/04\/smichovske-svandovo-divadlo-chysta-inscenaci-laskkka-cernou-grotesku-o-tajemstvi-vzorne-bileho-mestecka\/\",\"name\":\"Sm\u00edchovsk\u00e9 \u0160vandovo divadlo chyst\u00e1 inscenaci L\u00e1sKKKa: \u010cernou grotesku o tajemstv\u00ed vzorn\u011b b\u00edl\u00e9ho m\u011bste\u010dka - CELEBRITYHOUSE.cz\",\"isPartOf\":{\"@id\":\"https:\/\/celebrityhouse.cz\/#website\"},\"datePublished\":\"2025-06-03T22:01:00+00:00\",\"dateModified\":\"2025-05-22T09:34:19+00:00\",\"description\":\"Posledn\u00ed novinkou leto\u0161n\u00ed sez\u00f3ny ve \u0160vandov\u011b divadle je L\u00e1sKKKa!, inscenace scen\u00e1ristya re\u017eis\u00e9ra Adama Steinbauera.\",\"breadcrumb\":{\"@id\":\"https:\/\/celebrityhouse.cz\/index.php\/2025\/06\/04\/smichovske-svandovo-divadlo-chysta-inscenaci-laskkka-cernou-grotesku-o-tajemstvi-vzorne-bileho-mestecka\/#breadcrumb\"},\"inLanguage\":\"cs\",\"potentialAction\":[{\"@type\":\"ReadAction\",\"target\":[\"https:\/\/celebrityhouse.cz\/index.php\/2025\/06\/04\/smichovske-svandovo-divadlo-chysta-inscenaci-laskkka-cernou-grotesku-o-tajemstvi-vzorne-bileho-mestecka\/\"]}]},{\"@type\":\"BreadcrumbList\",\"@id\":\"https:\/\/celebrityhouse.cz\/index.php\/2025\/06\/04\/smichovske-svandovo-divadlo-chysta-inscenaci-laskkka-cernou-grotesku-o-tajemstvi-vzorne-bileho-mestecka\/#breadcrumb\",\"itemListElement\":[{\"@type\":\"ListItem\",\"position\":1,\"name\":\"Dom\u016f\",\"item\":\"https:\/\/celebrityhouse.cz\/\"},{\"@type\":\"ListItem\",\"position\":2,\"name\":\"Sm\u00edchovsk\u00e9 \u0160vandovo divadlo chyst\u00e1 inscenaci L\u00e1sKKKa: \u010cernou grotesku o tajemstv\u00ed vzorn\u011b b\u00edl\u00e9ho m\u011bste\u010dka\"}]},{\"@type\":\"WebSite\",\"@id\":\"https:\/\/celebrityhouse.cz\/#website\",\"url\":\"https:\/\/celebrityhouse.cz\/\",\"name\":\"CELEBRITYHOUSE.cz\",\"description\":\"Port\u00e1l o showbyznysu...\",\"publisher\":{\"@id\":\"https:\/\/celebrityhouse.cz\/#organization\"},\"potentialAction\":[{\"@type\":\"SearchAction\",\"target\":{\"@type\":\"EntryPoint\",\"urlTemplate\":\"https:\/\/celebrityhouse.cz\/?s={search_term_string}\"},\"query-input\":\"required name=search_term_string\"}],\"inLanguage\":\"cs\"},{\"@type\":\"Organization\",\"@id\":\"https:\/\/celebrityhouse.cz\/#organization\",\"name\":\"CELEBRITYHOUSE.cz\",\"url\":\"https:\/\/celebrityhouse.cz\/\",\"logo\":{\"@type\":\"ImageObject\",\"inLanguage\":\"cs\",\"@id\":\"https:\/\/celebrityhouse.cz\/#\/schema\/logo\/image\/\",\"url\":\"https:\/\/celebrityhouse.cz\/wp-content\/uploads\/2024\/12\/cropped-Logo_CelebrityHouse_2.jpg\",\"contentUrl\":\"https:\/\/celebrityhouse.cz\/wp-content\/uploads\/2024\/12\/cropped-Logo_CelebrityHouse_2.jpg\",\"width\":937,\"height\":510,\"caption\":\"CELEBRITYHOUSE.cz\"},\"image\":{\"@id\":\"https:\/\/celebrityhouse.cz\/#\/schema\/logo\/image\/\"}},{\"@type\":\"Person\",\"@id\":\"https:\/\/celebrityhouse.cz\/#\/schema\/person\/b97cee16a2caa8cf7a55df6bcaff5d8c\",\"name\":\"Martina Pechov\u00e1\",\"image\":{\"@type\":\"ImageObject\",\"inLanguage\":\"cs\",\"@id\":\"https:\/\/celebrityhouse.cz\/#\/schema\/person\/image\/\",\"url\":\"https:\/\/secure.gravatar.com\/avatar\/d3ad7f43789eed68b221d01c6d7ac4e5?s=96&d=mm&r=g\",\"contentUrl\":\"https:\/\/secure.gravatar.com\/avatar\/d3ad7f43789eed68b221d01c6d7ac4e5?s=96&d=mm&r=g\",\"caption\":\"Martina Pechov\u00e1\"},\"sameAs\":[\"http:\/\/CELEBRITYHOUSE.cz\"],\"url\":\"https:\/\/celebrityhouse.cz\/index.php\/author\/marpech\/\"}]}<\/script>\n<!-- \/ Yoast SEO plugin. -->","yoast_head_json":{"title":"Sm\u00edchovsk\u00e9 \u0160vandovo divadlo chyst\u00e1 inscenaci L\u00e1sKKKa: \u010cernou grotesku o tajemstv\u00ed vzorn\u011b b\u00edl\u00e9ho m\u011bste\u010dka - CELEBRITYHOUSE.cz","description":"Posledn\u00ed novinkou leto\u0161n\u00ed sez\u00f3ny ve \u0160vandov\u011b divadle je L\u00e1sKKKa!, inscenace scen\u00e1ristya re\u017eis\u00e9ra Adama Steinbauera.","robots":{"index":"index","follow":"follow","max-snippet":"max-snippet:-1","max-image-preview":"max-image-preview:large","max-video-preview":"max-video-preview:-1"},"canonical":"https:\/\/celebrityhouse.cz\/index.php\/2025\/06\/04\/smichovske-svandovo-divadlo-chysta-inscenaci-laskkka-cernou-grotesku-o-tajemstvi-vzorne-bileho-mestecka\/","og_locale":"cs_CZ","og_type":"article","og_title":"Sm\u00edchovsk\u00e9 \u0160vandovo divadlo chyst\u00e1 inscenaci L\u00e1sKKKa: \u010cernou grotesku o tajemstv\u00ed vzorn\u011b b\u00edl\u00e9ho m\u011bste\u010dka - CELEBRITYHOUSE.cz","og_description":"Posledn\u00ed novinkou leto\u0161n\u00ed sez\u00f3ny ve \u0160vandov\u011b divadle je L\u00e1sKKKa!, inscenace scen\u00e1ristya re\u017eis\u00e9ra Adama Steinbauera.","og_url":"https:\/\/celebrityhouse.cz\/index.php\/2025\/06\/04\/smichovske-svandovo-divadlo-chysta-inscenaci-laskkka-cernou-grotesku-o-tajemstvi-vzorne-bileho-mestecka\/","og_site_name":"CELEBRITYHOUSE.cz","article_published_time":"2025-06-03T22:01:00+00:00","article_modified_time":"2025-05-22T09:34:19+00:00","og_image":[{"width":830,"height":590,"url":"https:\/\/celebrityhouse.cz\/wp-content\/uploads\/2025\/05\/1-FOTO-NAHLED_Vizual-k-chystane-inscenaci-LasKKKa-v-roli-novinarky-Kate-se-predstavi-Anna-Grundmanova.jpg","type":"image\/jpeg"}],"author":"Martina Pechov\u00e1","twitter_card":"summary_large_image","twitter_misc":{"Napsal(a)":"Martina Pechov\u00e1","Odhadovan\u00e1 doba \u010dten\u00ed":"12 minut"},"schema":{"@context":"https:\/\/schema.org","@graph":[{"@type":"Article","@id":"https:\/\/celebrityhouse.cz\/index.php\/2025\/06\/04\/smichovske-svandovo-divadlo-chysta-inscenaci-laskkka-cernou-grotesku-o-tajemstvi-vzorne-bileho-mestecka\/#article","isPartOf":{"@id":"https:\/\/celebrityhouse.cz\/index.php\/2025\/06\/04\/smichovske-svandovo-divadlo-chysta-inscenaci-laskkka-cernou-grotesku-o-tajemstvi-vzorne-bileho-mestecka\/"},"author":{"name":"Martina Pechov\u00e1","@id":"https:\/\/celebrityhouse.cz\/#\/schema\/person\/b97cee16a2caa8cf7a55df6bcaff5d8c"},"headline":"Sm\u00edchovsk\u00e9 \u0160vandovo divadlo chyst\u00e1 inscenaci L\u00e1sKKKa: \u010cernou grotesku o tajemstv\u00ed vzorn\u011b b\u00edl\u00e9ho m\u011bste\u010dka","datePublished":"2025-06-03T22:01:00+00:00","dateModified":"2025-05-22T09:34:19+00:00","mainEntityOfPage":{"@id":"https:\/\/celebrityhouse.cz\/index.php\/2025\/06\/04\/smichovske-svandovo-divadlo-chysta-inscenaci-laskkka-cernou-grotesku-o-tajemstvi-vzorne-bileho-mestecka\/"},"wordCount":2008,"publisher":{"@id":"https:\/\/celebrityhouse.cz\/#organization"},"articleSection":["CELEBRITY","\u010cESK\u00c9 CELEBRITY","NEWS","PRA\u017dSK\u00c1 METROPOLE","TIPY NA DIVADLO"],"inLanguage":"cs"},{"@type":"WebPage","@id":"https:\/\/celebrityhouse.cz\/index.php\/2025\/06\/04\/smichovske-svandovo-divadlo-chysta-inscenaci-laskkka-cernou-grotesku-o-tajemstvi-vzorne-bileho-mestecka\/","url":"https:\/\/celebrityhouse.cz\/index.php\/2025\/06\/04\/smichovske-svandovo-divadlo-chysta-inscenaci-laskkka-cernou-grotesku-o-tajemstvi-vzorne-bileho-mestecka\/","name":"Sm\u00edchovsk\u00e9 \u0160vandovo divadlo chyst\u00e1 inscenaci L\u00e1sKKKa: \u010cernou grotesku o tajemstv\u00ed vzorn\u011b b\u00edl\u00e9ho m\u011bste\u010dka - CELEBRITYHOUSE.cz","isPartOf":{"@id":"https:\/\/celebrityhouse.cz\/#website"},"datePublished":"2025-06-03T22:01:00+00:00","dateModified":"2025-05-22T09:34:19+00:00","description":"Posledn\u00ed novinkou leto\u0161n\u00ed sez\u00f3ny ve \u0160vandov\u011b divadle je L\u00e1sKKKa!, inscenace scen\u00e1ristya re\u017eis\u00e9ra Adama Steinbauera.","breadcrumb":{"@id":"https:\/\/celebrityhouse.cz\/index.php\/2025\/06\/04\/smichovske-svandovo-divadlo-chysta-inscenaci-laskkka-cernou-grotesku-o-tajemstvi-vzorne-bileho-mestecka\/#breadcrumb"},"inLanguage":"cs","potentialAction":[{"@type":"ReadAction","target":["https:\/\/celebrityhouse.cz\/index.php\/2025\/06\/04\/smichovske-svandovo-divadlo-chysta-inscenaci-laskkka-cernou-grotesku-o-tajemstvi-vzorne-bileho-mestecka\/"]}]},{"@type":"BreadcrumbList","@id":"https:\/\/celebrityhouse.cz\/index.php\/2025\/06\/04\/smichovske-svandovo-divadlo-chysta-inscenaci-laskkka-cernou-grotesku-o-tajemstvi-vzorne-bileho-mestecka\/#breadcrumb","itemListElement":[{"@type":"ListItem","position":1,"name":"Dom\u016f","item":"https:\/\/celebrityhouse.cz\/"},{"@type":"ListItem","position":2,"name":"Sm\u00edchovsk\u00e9 \u0160vandovo divadlo chyst\u00e1 inscenaci L\u00e1sKKKa: \u010cernou grotesku o tajemstv\u00ed vzorn\u011b b\u00edl\u00e9ho m\u011bste\u010dka"}]},{"@type":"WebSite","@id":"https:\/\/celebrityhouse.cz\/#website","url":"https:\/\/celebrityhouse.cz\/","name":"CELEBRITYHOUSE.cz","description":"Port\u00e1l o showbyznysu...","publisher":{"@id":"https:\/\/celebrityhouse.cz\/#organization"},"potentialAction":[{"@type":"SearchAction","target":{"@type":"EntryPoint","urlTemplate":"https:\/\/celebrityhouse.cz\/?s={search_term_string}"},"query-input":"required name=search_term_string"}],"inLanguage":"cs"},{"@type":"Organization","@id":"https:\/\/celebrityhouse.cz\/#organization","name":"CELEBRITYHOUSE.cz","url":"https:\/\/celebrityhouse.cz\/","logo":{"@type":"ImageObject","inLanguage":"cs","@id":"https:\/\/celebrityhouse.cz\/#\/schema\/logo\/image\/","url":"https:\/\/celebrityhouse.cz\/wp-content\/uploads\/2024\/12\/cropped-Logo_CelebrityHouse_2.jpg","contentUrl":"https:\/\/celebrityhouse.cz\/wp-content\/uploads\/2024\/12\/cropped-Logo_CelebrityHouse_2.jpg","width":937,"height":510,"caption":"CELEBRITYHOUSE.cz"},"image":{"@id":"https:\/\/celebrityhouse.cz\/#\/schema\/logo\/image\/"}},{"@type":"Person","@id":"https:\/\/celebrityhouse.cz\/#\/schema\/person\/b97cee16a2caa8cf7a55df6bcaff5d8c","name":"Martina Pechov\u00e1","image":{"@type":"ImageObject","inLanguage":"cs","@id":"https:\/\/celebrityhouse.cz\/#\/schema\/person\/image\/","url":"https:\/\/secure.gravatar.com\/avatar\/d3ad7f43789eed68b221d01c6d7ac4e5?s=96&d=mm&r=g","contentUrl":"https:\/\/secure.gravatar.com\/avatar\/d3ad7f43789eed68b221d01c6d7ac4e5?s=96&d=mm&r=g","caption":"Martina Pechov\u00e1"},"sameAs":["http:\/\/CELEBRITYHOUSE.cz"],"url":"https:\/\/celebrityhouse.cz\/index.php\/author\/marpech\/"}]}},"_links":{"self":[{"href":"https:\/\/celebrityhouse.cz\/index.php\/wp-json\/wp\/v2\/posts\/11562"}],"collection":[{"href":"https:\/\/celebrityhouse.cz\/index.php\/wp-json\/wp\/v2\/posts"}],"about":[{"href":"https:\/\/celebrityhouse.cz\/index.php\/wp-json\/wp\/v2\/types\/post"}],"author":[{"embeddable":true,"href":"https:\/\/celebrityhouse.cz\/index.php\/wp-json\/wp\/v2\/users\/8"}],"replies":[{"embeddable":true,"href":"https:\/\/celebrityhouse.cz\/index.php\/wp-json\/wp\/v2\/comments?post=11562"}],"version-history":[{"count":3,"href":"https:\/\/celebrityhouse.cz\/index.php\/wp-json\/wp\/v2\/posts\/11562\/revisions"}],"predecessor-version":[{"id":11575,"href":"https:\/\/celebrityhouse.cz\/index.php\/wp-json\/wp\/v2\/posts\/11562\/revisions\/11575"}],"wp:featuredmedia":[{"embeddable":true,"href":"https:\/\/celebrityhouse.cz\/index.php\/wp-json\/wp\/v2\/media\/11572"}],"wp:attachment":[{"href":"https:\/\/celebrityhouse.cz\/index.php\/wp-json\/wp\/v2\/media?parent=11562"}],"wp:term":[{"taxonomy":"category","embeddable":true,"href":"https:\/\/celebrityhouse.cz\/index.php\/wp-json\/wp\/v2\/categories?post=11562"},{"taxonomy":"post_tag","embeddable":true,"href":"https:\/\/celebrityhouse.cz\/index.php\/wp-json\/wp\/v2\/tags?post=11562"}],"curies":[{"name":"wp","href":"https:\/\/api.w.org\/{rel}","templated":true}]}}