{"id":11597,"date":"2025-06-05T00:01:00","date_gmt":"2025-06-04T22:01:00","guid":{"rendered":"https:\/\/celebrityhouse.cz\/?p=11597"},"modified":"2025-06-04T01:38:58","modified_gmt":"2025-06-03T23:38:58","slug":"27-rocnik-festivalu-zamosti-v-trebici-uz-tento-vikend-6-a-7-cervna","status":"publish","type":"post","link":"https:\/\/celebrityhouse.cz\/index.php\/2025\/06\/05\/27-rocnik-festivalu-zamosti-v-trebici-uz-tento-vikend-6-a-7-cervna\/","title":{"rendered":"27. ro\u010dn\u00edk\u00a0festivalu Z\u00e1most\u00ed v T\u0159eb\u00ed\u010di u\u017e tento v\u00edkend 6. a 7. \u010dervna"},"content":{"rendered":"\n<div style=\"height:35px\" aria-hidden=\"true\" class=\"wp-block-spacer\"><\/div>\n\n\n\n<p class=\"has-medium-font-size\"><strong>Prvn\u00ed \u010dervnov\u00fd v\u00edkend se T\u0159eb\u00ed\u010d tradi\u010dn\u011b zahal\u00ed do modr\u00e9 a na dva dny rozezn\u00ed hudbou. Kulturn\u00ed festival Z\u00e1most\u00ed za\u010d\u00edn\u00e1 u\u017e v&nbsp;p\u00e1tek a 27. ro\u010dn\u00edk popul\u00e1rn\u00ed akce se letos do\u010dk\u00e1 velk\u00fdch zm\u011bn. Kv\u016fli revitalizaci Podz\u00e1meck\u00e9 nivy se Z\u00e1most\u00ed st\u011bhuje do Z\u00e1meck\u00e9ho p\u0159\u00edkopu, na Starou radnici nebo do Subakovy tov\u00e1rny.<\/strong><\/p>\n\n\n\n<div style=\"height:35px\" aria-hidden=\"true\" class=\"wp-block-spacer\"><\/div>\n\n\n<div class=\"wp-block-image\">\n<figure class=\"aligncenter size-large\"><img decoding=\"async\" src=\"https:\/\/letniservis.cz\/wp-content\/uploads\/2025\/06\/zamosti_vizual_2025-1024x576.png\" alt=\"Festival Z\u00e1most\u00ed v T\u0159eb\u00ed\u010di u\u017e tento v\u00edkend\" class=\"wp-image-3546\" \/><\/figure><\/div>\n\n\n<div style=\"height:35px\" aria-hidden=\"true\" class=\"wp-block-spacer\"><\/div>\n\n\n\n<p class=\"has-medium-font-size\">\u201e<em>Bereme to jako velkou v\u00fdzvu a p\u0159\u00edle\u017eitost. Z\u00e1most\u00ed bude letos ur\u010dit\u011b trochu jin\u00e9, ne\u017e jsme my i n\u00e1v\u0161t\u011bvn\u00edci zvykl\u00ed, ale u\u017e se nem\u016f\u017eeme do\u010dkat, bude to par\u00e1da. T\u0159i p\u00f3dia po centru m\u011bsta plus nespo\u010det dal\u0161\u00edch m\u00edst pro doprovodn\u00fd program n\u00e1m d\u00e1vaj\u00ed unik\u00e1tn\u00ed p\u0159\u00edle\u017eitost o\u017eivit opravdu celou T\u0159eb\u00ed\u010d. Nav\u00edc d\u00edky nov\u00e9mu konceptu spojujeme t\u0159eb\u00ed\u010dsk\u00e9 komunity nap\u0159\u00ed\u010d kulturou, a\u0165 v&nbsp;hudb\u011b nebo v&nbsp;doprovodn\u00e9m programu,<\/em>\u201c \u0159\u00edk\u00e1 \u010dlen organiza\u010dn\u00edho t\u00fdmu David \u0160tastn\u00fd.<\/p>\n\n\n\n<div style=\"height:35px\" aria-hidden=\"true\" class=\"wp-block-spacer\"><\/div>\n\n\n<div class=\"wp-block-image\">\n<figure class=\"aligncenter size-large\"><img decoding=\"async\" src=\"https:\/\/letniservis.cz\/wp-content\/uploads\/2025\/06\/zamosti-1024x683.jpg\" alt=\"Festival Z\u00e1most\u00ed v T\u0159eb\u00ed\u010di u\u017e tento v\u00edkend\" class=\"wp-image-3547\" \/><\/figure><\/div>\n\n\n<div style=\"height:35px\" aria-hidden=\"true\" class=\"wp-block-spacer\"><\/div>\n\n\n\n<p class=\"has-medium-font-size\">Hlavn\u00ed p\u00f3dium vyroste v&nbsp;Z\u00e1meck\u00e9m p\u0159\u00edkopu, pr\u00e1v\u011b tady se p\u0159edstav\u00ed nejv\u011bt\u0161\u00ed festivalov\u00e1 jm\u00e9na jako jsou Bert &amp; Friends, Ventolin, Narvan nebo Moimir Papalescu &amp; The Nihilists. O kus bl\u00ed\u017ee do centra, v&nbsp;hospod\u011b na Star\u00e9 radnici, zahraj\u00ed Ty Sy\u010d\u00e1ci \u010di Modr\u00e9 Hory. Subakova tov\u00e1rna pak bude pat\u0159it rapu a DJ. \u201e<em>Program jsme stav\u011bli tak, aby sed\u011bl nov\u00fdm lokalit\u00e1m. Ale hlavn\u011b se dr\u017e\u00edme toho, co bylo pro Z\u00e1most\u00ed v\u017edycky nejd\u016fle\u017eit\u011bj\u0161\u00ed, tedy p\u0159in\u00e1\u0161et \u010derstv\u00e9 objevy, alternativn\u00ed projekty a um\u011blce, kter\u00e9 jen tak n\u011bkde neusly\u0161\u00edte,<\/em>\u201c dod\u00e1v\u00e1 dramaturg Marek Mijovi\u010d.<\/p>\n\n\n\n<div style=\"height:35px\" aria-hidden=\"true\" class=\"wp-block-spacer\"><\/div>\n\n\n<div class=\"wp-block-image\">\n<figure class=\"aligncenter size-large\"><img decoding=\"async\" src=\"https:\/\/letniservis.cz\/wp-content\/uploads\/2025\/06\/zamosti_v_modrem-1024x683.jpg\" alt=\"Festival Z\u00e1most\u00ed v T\u0159eb\u00ed\u010di u\u017e tento v\u00edkend\" class=\"wp-image-3549\" \/><\/figure><\/div>\n\n\n<div style=\"height:35px\" aria-hidden=\"true\" class=\"wp-block-spacer\"><\/div>\n\n\n\n<p class=\"has-medium-font-size\">Velk\u00fd d\u016fraz kladou organiz\u00e1to\u0159i tak\u00e9 na ob\u010derstven\u00ed, gastro sc\u00e9na uspokoj\u00ed chu\u0165ov\u00e9 bu\u0148ky ka\u017ed\u00e9ho. Novinku festival hl\u00e1s\u00ed i co se pit\u00ed t\u00fd\u010de. \u201e<em>N\u00e1poje se budou \u010depovat do kompostovateln\u00fdch kel\u00edmk\u016f, podle<\/em><em>nejnov\u011bj\u0161\u00edch dat jde o udr\u017eiteln\u011bj\u0161\u00ed variantu ekologicky i energeticky. Pokud se toti\u017e vratn\u00fd kel\u00edmek nepou\u017eije aspo\u0148 desetkr\u00e1t, zat\u00ed\u017e\u00ed planetu v\u00edc ne\u017e ten jednor\u00e1zov\u00fd,<\/em>\u201c uv\u00e1d\u00ed \u0160\u0165astn\u00fd.<\/p>\n\n\n\n<p class=\"has-medium-font-size\">Sou\u010d\u00e1st\u00ed Z\u00e1most\u00ed bude i bohat\u00fd doprovodn\u00fd program. D\u011btsk\u00e1 sc\u00e9na vyroste v&nbsp;bylinkov\u00e9 zahr\u00e1dce u baziliky, nejmlad\u0161\u00ed se mohou t\u011b\u0161it na d\u00edlni\u010dky, divadlo nebo \u010dten\u00ed poh\u00e1dek. Ve spolupr\u00e1ci se spolkem F\u0160EM a galeri\u00ed G34 se budou konat workshopy, \u010dten\u00ed poezie, cestovatelsk\u00e1 beseda i slam poetry. <\/p>\n\n\n\n<div style=\"height:35px\" aria-hidden=\"true\" class=\"wp-block-spacer\"><\/div>\n\n\n<div class=\"wp-block-image\">\n<figure class=\"aligncenter size-large\"><img decoding=\"async\" src=\"https:\/\/letniservis.cz\/wp-content\/uploads\/2025\/06\/zamosti_destska_scena-1024x683.jpg\" alt=\"Festival Z\u00e1most\u00ed v T\u0159eb\u00ed\u010di u\u017e tento v\u00edkend\" class=\"wp-image-3548\" \/><\/figure><\/div>\n\n\n<div style=\"height:35px\" aria-hidden=\"true\" class=\"wp-block-spacer\"><\/div>\n\n\n\n<p class=\"has-medium-font-size\">Na hlavn\u00ed sc\u00e9n\u011b se uk\u00e1\u017e\u00ed krom\u011b hudebn\u00edk\u016f i t\u0159eb\u00ed\u010d\u0161t\u00ed rod\u00e1ci Barbora Bo\u010dkov\u00e1 a Ji\u0159\u00ed Vyor\u00e1lek p\u0159i debat\u011b o \u017eivot\u011b herce. A chyb\u011bt nem\u016f\u017ee mezi m\u00edstn\u00edmi velmi obl\u00edben\u00e9 Z\u00e1most\u00ed v&nbsp;modr\u00e9m, kter\u00e9 hudbou v ulic\u00edch a sv\u011bteln\u00fdmi efekty dod\u00e1 \u017eidovsk\u00e9 \u010dtvrti neodolateln\u00fd p\u016fvab.<\/p>\n\n\n\n<p class=\"has-medium-font-size\">Z\u00e1most\u00ed se uskute\u010dn\u00ed v&nbsp;p\u00e1tek 6. a v&nbsp;sobotu 7. \u010dervna. Kv\u016fli mal\u00e9 kapacit\u011b are\u00e1l\u016f jde do prodeje omezen\u00fd po\u010det l\u00edstk\u016f, posledn\u00edch n\u011bkolik kus\u016f bude za 990 korun k&nbsp;dispozici i na m\u00edst\u011b.<\/p>\n\n\n\n<div style=\"height:100px\" aria-hidden=\"true\" class=\"wp-block-spacer\"><\/div>\n\n\n\n<figure class=\"wp-block-gallery has-nested-images columns-2 is-cropped wp-block-gallery-1 is-layout-flex wp-block-gallery-is-layout-flex\">\n<figure class=\"wp-block-image size-large\"><img decoding=\"async\" data-id=\"3547\" src=\"https:\/\/letniservis.cz\/wp-content\/uploads\/2025\/06\/zamosti-1024x683.jpg\" alt=\"Festival Z\u00e1most\u00ed v T\u0159eb\u00ed\u010di u\u017e tento v\u00edkend\" class=\"wp-image-3547\" \/><\/figure>\n\n\n\n<figure class=\"wp-block-image size-large\"><img decoding=\"async\" data-id=\"3548\" src=\"https:\/\/letniservis.cz\/wp-content\/uploads\/2025\/06\/zamosti_destska_scena-1024x683.jpg\" alt=\"Festival Z\u00e1most\u00ed v T\u0159eb\u00ed\u010di u\u017e tento v\u00edkend\" class=\"wp-image-3548\" \/><\/figure>\n\n\n\n<figure class=\"wp-block-image size-large\"><img decoding=\"async\" data-id=\"3549\" src=\"https:\/\/letniservis.cz\/wp-content\/uploads\/2025\/06\/zamosti_v_modrem-1024x683.jpg\" alt=\"Festival Z\u00e1most\u00ed v T\u0159eb\u00ed\u010di u\u017e tento v\u00edkend\" class=\"wp-image-3549\" \/><\/figure>\n\n\n\n<figure class=\"wp-block-image size-large\"><img decoding=\"async\" data-id=\"3546\" src=\"https:\/\/letniservis.cz\/wp-content\/uploads\/2025\/06\/zamosti_vizual_2025-1024x576.png\" alt=\"Festival Z\u00e1most\u00ed v T\u0159eb\u00ed\u010di u\u017e tento v\u00edkend\" class=\"wp-image-3546\" \/><\/figure>\n<\/figure>\n\n\n\n<div style=\"height:35px\" aria-hidden=\"true\" class=\"wp-block-spacer\"><\/div>\n\n\n\n<p><strong>Zdroj foto:<\/strong> Festival Z\u00e1most\u00ed v T\u0159eb\u00ed\u010d<\/p>\n\n\n\n<div style=\"height:65px\" aria-hidden=\"true\" class=\"wp-block-spacer\"><\/div>\n","protected":false},"excerpt":{"rendered":"<p>Prvn\u00ed \u010dervnov\u00fd v\u00edkend se T\u0159eb\u00ed\u010d tradi\u010dn\u011b zahal\u00ed do modr\u00e9 a na dva dny rozezn\u00ed hudbou. Kulturn\u00ed festival Z\u00e1most\u00ed za\u010d\u00edn\u00e1 u\u017e v&nbsp;p\u00e1tek a 27. ro\u010dn\u00edk popul\u00e1rn\u00ed akce se letos do\u010dk\u00e1 velk\u00fdch zm\u011bn. Kv\u016fli revitalizaci Podz\u00e1meck\u00e9&#46;&#46;&#46;<\/p>\n","protected":false},"author":10,"featured_media":11598,"comment_status":"closed","ping_status":"closed","sticky":false,"template":"","format":"standard","meta":{"_monsterinsights_skip_tracking":false,"_monsterinsights_sitenote_active":false,"_monsterinsights_sitenote_note":"","_monsterinsights_sitenote_category":0,"footnotes":""},"categories":[19,2,10],"tags":[],"yoast_head":"<!-- This site is optimized with the Yoast SEO plugin v21.5 - https:\/\/yoast.com\/wordpress\/plugins\/seo\/ -->\n<title>27. ro\u010dn\u00edk\u00a0festivalu Z\u00e1most\u00ed v T\u0159eb\u00ed\u010di u\u017e tento v\u00edkend 6. a 7. \u010dervna - CELEBRITYHOUSE.cz<\/title>\n<meta name=\"description\" content=\"Prvn\u00ed \u010dervnov\u00fd v\u00edkend se T\u0159eb\u00ed\u010d tradi\u010dn\u011b zahal\u00ed do modr\u00e9 a na dva dny rozezn\u00ed hudbou. Kulturn\u00ed festival Z\u00e1most\u00ed za\u010d\u00edn\u00e1 u\u017e v\u00a0p\u00e1tek a 27. ro\u010dn\u00edk\" \/>\n<meta name=\"robots\" content=\"index, follow, max-snippet:-1, max-image-preview:large, max-video-preview:-1\" \/>\n<link rel=\"canonical\" href=\"https:\/\/celebrityhouse.cz\/index.php\/2025\/06\/05\/27-rocnik-festivalu-zamosti-v-trebici-uz-tento-vikend-6-a-7-cervna\/\" \/>\n<meta property=\"og:locale\" content=\"cs_CZ\" \/>\n<meta property=\"og:type\" content=\"article\" \/>\n<meta property=\"og:title\" content=\"27. ro\u010dn\u00edk\u00a0festivalu Z\u00e1most\u00ed v T\u0159eb\u00ed\u010di u\u017e tento v\u00edkend 6. a 7. \u010dervna - CELEBRITYHOUSE.cz\" \/>\n<meta property=\"og:description\" content=\"Prvn\u00ed \u010dervnov\u00fd v\u00edkend se T\u0159eb\u00ed\u010d tradi\u010dn\u011b zahal\u00ed do modr\u00e9 a na dva dny rozezn\u00ed hudbou. Kulturn\u00ed festival Z\u00e1most\u00ed za\u010d\u00edn\u00e1 u\u017e v\u00a0p\u00e1tek a 27. ro\u010dn\u00edk\" \/>\n<meta property=\"og:url\" content=\"https:\/\/celebrityhouse.cz\/index.php\/2025\/06\/05\/27-rocnik-festivalu-zamosti-v-trebici-uz-tento-vikend-6-a-7-cervna\/\" \/>\n<meta property=\"og:site_name\" content=\"CELEBRITYHOUSE.cz\" \/>\n<meta property=\"article:published_time\" content=\"2025-06-04T22:01:00+00:00\" \/>\n<meta property=\"article:modified_time\" content=\"2025-06-03T23:38:58+00:00\" \/>\n<meta property=\"og:image\" content=\"https:\/\/celebrityhouse.cz\/wp-content\/uploads\/2025\/06\/zamosti_v_modrem.jpg\" \/>\n\t<meta property=\"og:image:width\" content=\"1450\" \/>\n\t<meta property=\"og:image:height\" content=\"967\" \/>\n\t<meta property=\"og:image:type\" content=\"image\/jpeg\" \/>\n<meta name=\"author\" content=\"Helen Guardian\" \/>\n<meta name=\"twitter:card\" content=\"summary_large_image\" \/>\n<meta name=\"twitter:label1\" content=\"Napsal(a)\" \/>\n\t<meta name=\"twitter:data1\" content=\"Helen Guardian\" \/>\n\t<meta name=\"twitter:label2\" content=\"Odhadovan\u00e1 doba \u010dten\u00ed\" \/>\n\t<meta name=\"twitter:data2\" content=\"4 minuty\" \/>\n<script type=\"application\/ld+json\" class=\"yoast-schema-graph\">{\"@context\":\"https:\/\/schema.org\",\"@graph\":[{\"@type\":\"Article\",\"@id\":\"https:\/\/celebrityhouse.cz\/index.php\/2025\/06\/05\/27-rocnik-festivalu-zamosti-v-trebici-uz-tento-vikend-6-a-7-cervna\/#article\",\"isPartOf\":{\"@id\":\"https:\/\/celebrityhouse.cz\/index.php\/2025\/06\/05\/27-rocnik-festivalu-zamosti-v-trebici-uz-tento-vikend-6-a-7-cervna\/\"},\"author\":{\"name\":\"Helen Guardian\",\"@id\":\"https:\/\/celebrityhouse.cz\/#\/schema\/person\/bd8317bbfad32bdb6e4bb66ad0065f09\"},\"headline\":\"27. ro\u010dn\u00edk\u00a0festivalu Z\u00e1most\u00ed v T\u0159eb\u00ed\u010di u\u017e tento v\u00edkend 6. a 7. \u010dervna\",\"datePublished\":\"2025-06-04T22:01:00+00:00\",\"dateModified\":\"2025-06-03T23:38:58+00:00\",\"mainEntityOfPage\":{\"@id\":\"https:\/\/celebrityhouse.cz\/index.php\/2025\/06\/05\/27-rocnik-festivalu-zamosti-v-trebici-uz-tento-vikend-6-a-7-cervna\/\"},\"wordCount\":553,\"publisher\":{\"@id\":\"https:\/\/celebrityhouse.cz\/#organization\"},\"articleSection\":[\"AKCE\",\"NEWS\",\"TIPY &amp; TRENDY\"],\"inLanguage\":\"cs\"},{\"@type\":\"WebPage\",\"@id\":\"https:\/\/celebrityhouse.cz\/index.php\/2025\/06\/05\/27-rocnik-festivalu-zamosti-v-trebici-uz-tento-vikend-6-a-7-cervna\/\",\"url\":\"https:\/\/celebrityhouse.cz\/index.php\/2025\/06\/05\/27-rocnik-festivalu-zamosti-v-trebici-uz-tento-vikend-6-a-7-cervna\/\",\"name\":\"27. ro\u010dn\u00edk\u00a0festivalu Z\u00e1most\u00ed v T\u0159eb\u00ed\u010di u\u017e tento v\u00edkend 6. a 7. \u010dervna - CELEBRITYHOUSE.cz\",\"isPartOf\":{\"@id\":\"https:\/\/celebrityhouse.cz\/#website\"},\"datePublished\":\"2025-06-04T22:01:00+00:00\",\"dateModified\":\"2025-06-03T23:38:58+00:00\",\"description\":\"Prvn\u00ed \u010dervnov\u00fd v\u00edkend se T\u0159eb\u00ed\u010d tradi\u010dn\u011b zahal\u00ed do modr\u00e9 a na dva dny rozezn\u00ed hudbou. Kulturn\u00ed festival Z\u00e1most\u00ed za\u010d\u00edn\u00e1 u\u017e v\u00a0p\u00e1tek a 27. ro\u010dn\u00edk\",\"breadcrumb\":{\"@id\":\"https:\/\/celebrityhouse.cz\/index.php\/2025\/06\/05\/27-rocnik-festivalu-zamosti-v-trebici-uz-tento-vikend-6-a-7-cervna\/#breadcrumb\"},\"inLanguage\":\"cs\",\"potentialAction\":[{\"@type\":\"ReadAction\",\"target\":[\"https:\/\/celebrityhouse.cz\/index.php\/2025\/06\/05\/27-rocnik-festivalu-zamosti-v-trebici-uz-tento-vikend-6-a-7-cervna\/\"]}]},{\"@type\":\"BreadcrumbList\",\"@id\":\"https:\/\/celebrityhouse.cz\/index.php\/2025\/06\/05\/27-rocnik-festivalu-zamosti-v-trebici-uz-tento-vikend-6-a-7-cervna\/#breadcrumb\",\"itemListElement\":[{\"@type\":\"ListItem\",\"position\":1,\"name\":\"Dom\u016f\",\"item\":\"https:\/\/celebrityhouse.cz\/\"},{\"@type\":\"ListItem\",\"position\":2,\"name\":\"27. ro\u010dn\u00edk\u00a0festivalu Z\u00e1most\u00ed v T\u0159eb\u00ed\u010di u\u017e tento v\u00edkend 6. a 7. \u010dervna\"}]},{\"@type\":\"WebSite\",\"@id\":\"https:\/\/celebrityhouse.cz\/#website\",\"url\":\"https:\/\/celebrityhouse.cz\/\",\"name\":\"CELEBRITYHOUSE.cz\",\"description\":\"Port\u00e1l o showbyznysu...\",\"publisher\":{\"@id\":\"https:\/\/celebrityhouse.cz\/#organization\"},\"potentialAction\":[{\"@type\":\"SearchAction\",\"target\":{\"@type\":\"EntryPoint\",\"urlTemplate\":\"https:\/\/celebrityhouse.cz\/?s={search_term_string}\"},\"query-input\":\"required name=search_term_string\"}],\"inLanguage\":\"cs\"},{\"@type\":\"Organization\",\"@id\":\"https:\/\/celebrityhouse.cz\/#organization\",\"name\":\"CELEBRITYHOUSE.cz\",\"url\":\"https:\/\/celebrityhouse.cz\/\",\"logo\":{\"@type\":\"ImageObject\",\"inLanguage\":\"cs\",\"@id\":\"https:\/\/celebrityhouse.cz\/#\/schema\/logo\/image\/\",\"url\":\"https:\/\/celebrityhouse.cz\/wp-content\/uploads\/2024\/12\/cropped-Logo_CelebrityHouse_2.jpg\",\"contentUrl\":\"https:\/\/celebrityhouse.cz\/wp-content\/uploads\/2024\/12\/cropped-Logo_CelebrityHouse_2.jpg\",\"width\":937,\"height\":510,\"caption\":\"CELEBRITYHOUSE.cz\"},\"image\":{\"@id\":\"https:\/\/celebrityhouse.cz\/#\/schema\/logo\/image\/\"}},{\"@type\":\"Person\",\"@id\":\"https:\/\/celebrityhouse.cz\/#\/schema\/person\/bd8317bbfad32bdb6e4bb66ad0065f09\",\"name\":\"Helen Guardian\",\"image\":{\"@type\":\"ImageObject\",\"inLanguage\":\"cs\",\"@id\":\"https:\/\/celebrityhouse.cz\/#\/schema\/person\/image\/\",\"url\":\"https:\/\/secure.gravatar.com\/avatar\/f62c76287ccbbd3f899549a169c0e6aa?s=96&d=mm&r=g\",\"contentUrl\":\"https:\/\/secure.gravatar.com\/avatar\/f62c76287ccbbd3f899549a169c0e6aa?s=96&d=mm&r=g\",\"caption\":\"Helen Guardian\"},\"sameAs\":[\"http:\/\/CELEBRITYHOUSE.cz\"],\"url\":\"https:\/\/celebrityhouse.cz\/index.php\/author\/helgu\/\"}]}<\/script>\n<!-- \/ Yoast SEO plugin. -->","yoast_head_json":{"title":"27. ro\u010dn\u00edk\u00a0festivalu Z\u00e1most\u00ed v T\u0159eb\u00ed\u010di u\u017e tento v\u00edkend 6. a 7. \u010dervna - CELEBRITYHOUSE.cz","description":"Prvn\u00ed \u010dervnov\u00fd v\u00edkend se T\u0159eb\u00ed\u010d tradi\u010dn\u011b zahal\u00ed do modr\u00e9 a na dva dny rozezn\u00ed hudbou. Kulturn\u00ed festival Z\u00e1most\u00ed za\u010d\u00edn\u00e1 u\u017e v\u00a0p\u00e1tek a 27. ro\u010dn\u00edk","robots":{"index":"index","follow":"follow","max-snippet":"max-snippet:-1","max-image-preview":"max-image-preview:large","max-video-preview":"max-video-preview:-1"},"canonical":"https:\/\/celebrityhouse.cz\/index.php\/2025\/06\/05\/27-rocnik-festivalu-zamosti-v-trebici-uz-tento-vikend-6-a-7-cervna\/","og_locale":"cs_CZ","og_type":"article","og_title":"27. ro\u010dn\u00edk\u00a0festivalu Z\u00e1most\u00ed v T\u0159eb\u00ed\u010di u\u017e tento v\u00edkend 6. a 7. \u010dervna - CELEBRITYHOUSE.cz","og_description":"Prvn\u00ed \u010dervnov\u00fd v\u00edkend se T\u0159eb\u00ed\u010d tradi\u010dn\u011b zahal\u00ed do modr\u00e9 a na dva dny rozezn\u00ed hudbou. Kulturn\u00ed festival Z\u00e1most\u00ed za\u010d\u00edn\u00e1 u\u017e v\u00a0p\u00e1tek a 27. ro\u010dn\u00edk","og_url":"https:\/\/celebrityhouse.cz\/index.php\/2025\/06\/05\/27-rocnik-festivalu-zamosti-v-trebici-uz-tento-vikend-6-a-7-cervna\/","og_site_name":"CELEBRITYHOUSE.cz","article_published_time":"2025-06-04T22:01:00+00:00","article_modified_time":"2025-06-03T23:38:58+00:00","og_image":[{"width":1450,"height":967,"url":"https:\/\/celebrityhouse.cz\/wp-content\/uploads\/2025\/06\/zamosti_v_modrem.jpg","type":"image\/jpeg"}],"author":"Helen Guardian","twitter_card":"summary_large_image","twitter_misc":{"Napsal(a)":"Helen Guardian","Odhadovan\u00e1 doba \u010dten\u00ed":"4 minuty"},"schema":{"@context":"https:\/\/schema.org","@graph":[{"@type":"Article","@id":"https:\/\/celebrityhouse.cz\/index.php\/2025\/06\/05\/27-rocnik-festivalu-zamosti-v-trebici-uz-tento-vikend-6-a-7-cervna\/#article","isPartOf":{"@id":"https:\/\/celebrityhouse.cz\/index.php\/2025\/06\/05\/27-rocnik-festivalu-zamosti-v-trebici-uz-tento-vikend-6-a-7-cervna\/"},"author":{"name":"Helen Guardian","@id":"https:\/\/celebrityhouse.cz\/#\/schema\/person\/bd8317bbfad32bdb6e4bb66ad0065f09"},"headline":"27. ro\u010dn\u00edk\u00a0festivalu Z\u00e1most\u00ed v T\u0159eb\u00ed\u010di u\u017e tento v\u00edkend 6. a 7. \u010dervna","datePublished":"2025-06-04T22:01:00+00:00","dateModified":"2025-06-03T23:38:58+00:00","mainEntityOfPage":{"@id":"https:\/\/celebrityhouse.cz\/index.php\/2025\/06\/05\/27-rocnik-festivalu-zamosti-v-trebici-uz-tento-vikend-6-a-7-cervna\/"},"wordCount":553,"publisher":{"@id":"https:\/\/celebrityhouse.cz\/#organization"},"articleSection":["AKCE","NEWS","TIPY &amp; TRENDY"],"inLanguage":"cs"},{"@type":"WebPage","@id":"https:\/\/celebrityhouse.cz\/index.php\/2025\/06\/05\/27-rocnik-festivalu-zamosti-v-trebici-uz-tento-vikend-6-a-7-cervna\/","url":"https:\/\/celebrityhouse.cz\/index.php\/2025\/06\/05\/27-rocnik-festivalu-zamosti-v-trebici-uz-tento-vikend-6-a-7-cervna\/","name":"27. ro\u010dn\u00edk\u00a0festivalu Z\u00e1most\u00ed v T\u0159eb\u00ed\u010di u\u017e tento v\u00edkend 6. a 7. \u010dervna - CELEBRITYHOUSE.cz","isPartOf":{"@id":"https:\/\/celebrityhouse.cz\/#website"},"datePublished":"2025-06-04T22:01:00+00:00","dateModified":"2025-06-03T23:38:58+00:00","description":"Prvn\u00ed \u010dervnov\u00fd v\u00edkend se T\u0159eb\u00ed\u010d tradi\u010dn\u011b zahal\u00ed do modr\u00e9 a na dva dny rozezn\u00ed hudbou. Kulturn\u00ed festival Z\u00e1most\u00ed za\u010d\u00edn\u00e1 u\u017e v\u00a0p\u00e1tek a 27. ro\u010dn\u00edk","breadcrumb":{"@id":"https:\/\/celebrityhouse.cz\/index.php\/2025\/06\/05\/27-rocnik-festivalu-zamosti-v-trebici-uz-tento-vikend-6-a-7-cervna\/#breadcrumb"},"inLanguage":"cs","potentialAction":[{"@type":"ReadAction","target":["https:\/\/celebrityhouse.cz\/index.php\/2025\/06\/05\/27-rocnik-festivalu-zamosti-v-trebici-uz-tento-vikend-6-a-7-cervna\/"]}]},{"@type":"BreadcrumbList","@id":"https:\/\/celebrityhouse.cz\/index.php\/2025\/06\/05\/27-rocnik-festivalu-zamosti-v-trebici-uz-tento-vikend-6-a-7-cervna\/#breadcrumb","itemListElement":[{"@type":"ListItem","position":1,"name":"Dom\u016f","item":"https:\/\/celebrityhouse.cz\/"},{"@type":"ListItem","position":2,"name":"27. ro\u010dn\u00edk\u00a0festivalu Z\u00e1most\u00ed v T\u0159eb\u00ed\u010di u\u017e tento v\u00edkend 6. a 7. \u010dervna"}]},{"@type":"WebSite","@id":"https:\/\/celebrityhouse.cz\/#website","url":"https:\/\/celebrityhouse.cz\/","name":"CELEBRITYHOUSE.cz","description":"Port\u00e1l o showbyznysu...","publisher":{"@id":"https:\/\/celebrityhouse.cz\/#organization"},"potentialAction":[{"@type":"SearchAction","target":{"@type":"EntryPoint","urlTemplate":"https:\/\/celebrityhouse.cz\/?s={search_term_string}"},"query-input":"required name=search_term_string"}],"inLanguage":"cs"},{"@type":"Organization","@id":"https:\/\/celebrityhouse.cz\/#organization","name":"CELEBRITYHOUSE.cz","url":"https:\/\/celebrityhouse.cz\/","logo":{"@type":"ImageObject","inLanguage":"cs","@id":"https:\/\/celebrityhouse.cz\/#\/schema\/logo\/image\/","url":"https:\/\/celebrityhouse.cz\/wp-content\/uploads\/2024\/12\/cropped-Logo_CelebrityHouse_2.jpg","contentUrl":"https:\/\/celebrityhouse.cz\/wp-content\/uploads\/2024\/12\/cropped-Logo_CelebrityHouse_2.jpg","width":937,"height":510,"caption":"CELEBRITYHOUSE.cz"},"image":{"@id":"https:\/\/celebrityhouse.cz\/#\/schema\/logo\/image\/"}},{"@type":"Person","@id":"https:\/\/celebrityhouse.cz\/#\/schema\/person\/bd8317bbfad32bdb6e4bb66ad0065f09","name":"Helen Guardian","image":{"@type":"ImageObject","inLanguage":"cs","@id":"https:\/\/celebrityhouse.cz\/#\/schema\/person\/image\/","url":"https:\/\/secure.gravatar.com\/avatar\/f62c76287ccbbd3f899549a169c0e6aa?s=96&d=mm&r=g","contentUrl":"https:\/\/secure.gravatar.com\/avatar\/f62c76287ccbbd3f899549a169c0e6aa?s=96&d=mm&r=g","caption":"Helen Guardian"},"sameAs":["http:\/\/CELEBRITYHOUSE.cz"],"url":"https:\/\/celebrityhouse.cz\/index.php\/author\/helgu\/"}]}},"_links":{"self":[{"href":"https:\/\/celebrityhouse.cz\/index.php\/wp-json\/wp\/v2\/posts\/11597"}],"collection":[{"href":"https:\/\/celebrityhouse.cz\/index.php\/wp-json\/wp\/v2\/posts"}],"about":[{"href":"https:\/\/celebrityhouse.cz\/index.php\/wp-json\/wp\/v2\/types\/post"}],"author":[{"embeddable":true,"href":"https:\/\/celebrityhouse.cz\/index.php\/wp-json\/wp\/v2\/users\/10"}],"replies":[{"embeddable":true,"href":"https:\/\/celebrityhouse.cz\/index.php\/wp-json\/wp\/v2\/comments?post=11597"}],"version-history":[{"count":1,"href":"https:\/\/celebrityhouse.cz\/index.php\/wp-json\/wp\/v2\/posts\/11597\/revisions"}],"predecessor-version":[{"id":11599,"href":"https:\/\/celebrityhouse.cz\/index.php\/wp-json\/wp\/v2\/posts\/11597\/revisions\/11599"}],"wp:featuredmedia":[{"embeddable":true,"href":"https:\/\/celebrityhouse.cz\/index.php\/wp-json\/wp\/v2\/media\/11598"}],"wp:attachment":[{"href":"https:\/\/celebrityhouse.cz\/index.php\/wp-json\/wp\/v2\/media?parent=11597"}],"wp:term":[{"taxonomy":"category","embeddable":true,"href":"https:\/\/celebrityhouse.cz\/index.php\/wp-json\/wp\/v2\/categories?post=11597"},{"taxonomy":"post_tag","embeddable":true,"href":"https:\/\/celebrityhouse.cz\/index.php\/wp-json\/wp\/v2\/tags?post=11597"}],"curies":[{"name":"wp","href":"https:\/\/api.w.org\/{rel}","templated":true}]}}