{"id":11678,"date":"2025-07-02T00:01:00","date_gmt":"2025-07-01T22:01:00","guid":{"rendered":"https:\/\/celebrityhouse.cz\/?p=11678"},"modified":"2025-06-18T14:04:36","modified_gmt":"2025-06-18T12:04:36","slug":"prazske-divadlo-viola-chysta-v-sezone-2025-2026-radu-novinek","status":"publish","type":"post","link":"https:\/\/celebrityhouse.cz\/index.php\/2025\/07\/02\/prazske-divadlo-viola-chysta-v-sezone-2025-2026-radu-novinek\/","title":{"rendered":"Pra\u017esk\u00e9 Divadlo Viola chyst\u00e1 v sez\u00f3n\u011b 2025\/2026 \u0159adu novinek"},"content":{"rendered":"\n<div style=\"height:35px\" aria-hidden=\"true\" class=\"wp-block-spacer\"><\/div>\n\n\n\n<p class=\"has-medium-font-size\"><strong>Pohodln\u011bj\u0161\u00ed, nov\u011b polstrovan\u00e9 sezen\u00ed v&nbsp;tradi\u010dn\u00ed burgundsk\u00e9 \u010derveni, za\u010d\u00e1tky p\u0159edstaven\u00ed ji\u017e od&nbsp;19 hodin a hlavn\u011b nov\u00e9 inscenace a programov\u00e9 cykly nab\u00eddne div\u00e1k\u016fm pra\u017esk\u00e9 Divadlo Viola v&nbsp;sez\u00f3n\u011b 2025\/2026. <\/strong><\/p>\n\n\n\n<p class=\"has-medium-font-size\"><strong>\u201e<em>Uvedeme t\u0159i premi\u00e9ry, kter\u00e9 propojuj\u00ed slovo s&nbsp;\u017eivou hudbou, na jevi\u0161t\u011b pozveme zn\u00e1m\u00e9 hereck\u00e9 osobnosti i mladou divadeln\u00ed a muzikantskou generaci, nav\u00e1\u017eeme na tradici poetick\u00fdch ve\u010der\u016f a prvorepublikov\u00fdch kabaret\u016f<\/em>,\u201c \u0159\u00edk\u00e1 Kl\u00e1ra Cibulkov\u00e1, \u0159editelka a dramaturgyn\u011b Violy.&nbsp;&nbsp;&nbsp;<\/strong><\/p>\n\n\n\n<div style=\"height:35px\" aria-hidden=\"true\" class=\"wp-block-spacer\"><\/div>\n\n\n<div class=\"wp-block-image\">\n<figure class=\"aligncenter size-large\"><img decoding=\"async\" src=\"https:\/\/prazskametropole.cz\/wp-content\/uploads\/2025\/06\/1_Klara-Cibulkova-reditelka-divadla-Viola-zve-na-novinku-Hrajte-mi-my-blues_V-nem-se-ujme-se-role-pruvodkyne_foto-Rene-Volfik-840x560.jpg\" alt=\"Pra\u017esk\u00e9 Divadlo Viola chyst\u00e1 v sez\u00f3n\u011b 2025\/2026 \u0159adu novinek\" class=\"wp-image-4213\" \/><\/figure><\/div>\n\n\n<div style=\"height:35px\" aria-hidden=\"true\" class=\"wp-block-spacer\"><\/div>\n\n\n\n<p class=\"has-medium-font-size\">Prvn\u00ed premi\u00e9rou bude <strong>Olmerka<\/strong> \u2013 pocta nezam\u011bniteln\u00e9 zp\u011bva\u010dce Ev\u011b Olmerov\u00e9. V hlavn\u00ed roli se p\u0159edstav\u00ed B\u00e1ra Hrz\u00e1nov\u00e1 obklopen\u00e1 \u010dty\u0159\u010dlennou kapelou slo\u017eenou z&nbsp;mlad\u00fdch herc\u016f, kte\u0159\u00ed jsou z\u00e1rove\u0148 talentovan\u00fdmi muzikanty: Viktorem Limrem, Janem Medunou, Anton\u00ednem Holubem a Tom\u00e1\u0161em \u010capkem. Sc\u00e9n\u00e1\u0159 napsala Krist\u00fdna Nebesk\u00e1 a Maxim Bitto, hudebn\u00ed aran\u017ee uprav\u00ed Zden\u011bk Do\u010dekal, re\u017eii bude m\u00edt Nat\u00e1lie De\u00e1kov\u00e1. <strong>Prvn\u00ed premi\u00e9ra se uskute\u010dn\u00ed 14. listopadu, druh\u00e1 15. listopadu 2025.<\/strong><\/p>\n\n\n\n<p class=\"has-medium-font-size\">Druhou novinkou bude monodrama Matta Wilkinsona <strong>Psychodrama <\/strong>s&nbsp;Tatianou Dykovou. P\u0159\u00edb\u011bh here\u010dky s&nbsp;nap\u00ednavou detektivn\u00ed z\u00e1pletkou p\u0159elo\u017eila Ester \u017dantovsk\u00e1, zre\u017e\u00edruje ho Martina Kinsk\u00e1. Na pohybov\u00e9 slo\u017ece bude spolupracovat Mi\u0159enka \u010cechov\u00e1. N\u00e1padit\u011b napsan\u00fd text pln\u00fd p\u0159ekvapiv\u00fdch zvrat\u016f uvede Viola v \u010desk\u00e9 premi\u00e9\u0159e. Poprv\u00e9 ho tu publikum uvid\u00ed <strong>21. \u00fanora 2026, druh\u00e1 premi\u00e9ra bude 6. b\u0159ezna 2026 <\/strong>ve Velk\u00e9m s\u00e1le \u0160vandova divadla. <\/p>\n\n\n\n<p class=\"has-medium-font-size\">\u201e<em>Se \u0160vandov\u00fdm divadlem n\u00e1s poj\u00ed dlouholet\u00e9 osobn\u00ed i um\u011bleck\u00e9 vztahy. Tento v\u00fdjime\u010dn\u00fd projekt proto uvede Viola jako host i na sc\u00e9n\u011b na druh\u00e9m vltavsk\u00e9m b\u0159ehu<\/em>,\u201c dopl\u0148uje Kl\u00e1ra Cibulkov\u00e1, kter\u00e1 ve \u0160vandov\u011b divadle dlouho p\u016fsobila jako here\u010dka.&nbsp;<\/p>\n\n\n\n<p class=\"has-medium-font-size\">V&nbsp;po\u0159ad\u00ed t\u0159et\u00ed premi\u00e9rou napl\u00e1novanou na<strong> kv\u011bten 2026<\/strong> bude inscenace s&nbsp;n\u00e1zvem <strong>Nevstanu od Tv\u00fdch kolen ani p\u0159i hl\u00e1snici posledn\u00edho soudu<\/strong>. Na novince vze\u0161l\u00e9 z korespondence a tvorby b\u00e1sn\u00edka Franti\u0161ka Halase spolupracuje dramaturg Petr Gojda, re\u017e\u00edrovat a z\u00e1rove\u0148 v n\u00ed hr\u00e1t&nbsp;bude Ivan \u0158ez\u00e1\u010d spolu s absolventy DAMU<strong>.<\/strong><\/p>\n\n\n\n<div style=\"height:35px\" aria-hidden=\"true\" class=\"wp-block-spacer\"><\/div>\n\n\n\n<h2 class=\"wp-block-heading\">Divadlo pro rodiny s&nbsp;d\u011btmi i kabaretn\u00ed n\u00e1vraty<\/h2>\n\n\n\n<div style=\"height:35px\" aria-hidden=\"true\" class=\"wp-block-spacer\"><\/div>\n\n\n\n<p class=\"has-medium-font-size\">Jak zd\u016fraz\u0148uje \u0159editelka Kl\u00e1ra Cibulkov\u00e1, v&nbsp;nov\u00e9 sez\u00f3n\u011b Viola roz\u0161\u00ed\u0159\u00ed programovou nab\u00eddku tak\u00e9 pro rodiny s&nbsp;d\u011btmi. \u201e<em>Vedle obl\u00edben\u00e9ho Divadla L\u00e1ryf\u00e1ry u n\u00e1s za\u010dne vystupovat tak\u00e9 herec Miroslav T\u00e1borsk\u00fd a jeho \u017eena Kate\u0159ina, renomovan\u00e1 loutkohere\u010dka. Jsme r\u00e1di, \u017ee se tato skv\u011bl\u00e1 dvojice do Violy vrac\u00ed<\/em>,\u201c \u0159\u00edk\u00e1 Cibulkov\u00e1. Pro tato rodinn\u00e1 p\u0159edstaven\u00ed by m\u011bla b\u00fdt vyhrazena n\u011bkter\u00e1 sobotn\u00ed dopoledne.<\/p>\n\n\n\n<p class=\"has-medium-font-size\">Na tradici kabaret\u016f prvn\u00ed republiky nav\u00e1\u017ee cyklus <strong>Kabaret Viola<\/strong>: prvn\u00ed z&nbsp;nich &#8211; v\u011bnovan\u00fd pra\u017esk\u00fdm kabaret\u016fm &#8211; bude m\u00edt premi\u00e9ru <strong>16. \u0159\u00edjna 2025.<\/strong> Autorkou a re\u017eis\u00e9rkou bude Martina Kinsk\u00e1, hudebn\u00ed dramaturgie a veden\u00ed \u017eiv\u00e9ho <strong>Viola Bandu<\/strong> se ujme dirigent Jan Ku\u010dera. Postavu Kabareti\u00e9ra bude hr\u00e1t Vasil Fridrich a na sc\u00e9n\u011b Violy se objev\u00ed i Petra H\u0159eb\u00ed\u010dkov\u00e1, Kate\u0159ina Marie Fialov\u00e1 \u010di Viktor Javo\u0159\u00edk.<\/p>\n\n\n\n<div style=\"height:35px\" aria-hidden=\"true\" class=\"wp-block-spacer\"><\/div>\n\n\n<div class=\"wp-block-image\">\n<figure class=\"aligncenter size-large\"><img decoding=\"async\" src=\"https:\/\/prazskametropole.cz\/wp-content\/uploads\/2025\/06\/2_KLAR1-840x560.jpg\" alt=\"Pra\u017esk\u00e9 Divadlo Viola chyst\u00e1 v sez\u00f3n\u011b 2025\/2026 \u0159adu novinek\" class=\"wp-image-4215\" \/><\/figure><\/div>\n\n\n<div style=\"height:35px\" aria-hidden=\"true\" class=\"wp-block-spacer\"><\/div>\n\n\n\n<h2 class=\"wp-block-heading\">Poezie v&nbsp;mistrovsk\u00e9m pod\u00e1n\u00ed<\/h2>\n\n\n\n<div style=\"height:35px\" aria-hidden=\"true\" class=\"wp-block-spacer\"><\/div>\n\n\n\n<p class=\"has-medium-font-size\">K poetick\u00fdm ko\u0159en\u016fm Violy se vrac\u00ed nov\u00fd cyklus <strong>Poetick\u00e1 setk\u00e1n\u00ed<\/strong>. Zn\u00e1m\u00e9 hereck\u00e9 osobnosti v&nbsp;n\u011bm p\u0159ednesou sv\u00e9 vlastn\u00ed b\u00e1sn\u011b nebo ver\u0161e \u010di pr\u00f3zu sv\u00fdch obl\u00edben\u00fdch autor\u016f. V&nbsp;cyklu vystoup\u00ed nap\u0159\u00edklad Viktor Preiss s Ji\u0159\u00edm Dvo\u0159\u00e1kem, Petr Kostka, Ta\u0165jana Medveck\u00e1 s Tom\u00e1\u0161em Pavelkou, Igor Bare\u0161, Vladim\u00edr Javorsk\u00fd a dal\u0161\u00ed. Hudebn\u00ed doprovod zajist\u00ed mlad\u00ed muzikanti p\u0159\u00edmo na jevi\u0161ti.<\/p>\n\n\n\n<div style=\"height:35px\" aria-hidden=\"true\" class=\"wp-block-spacer\"><\/div>\n\n\n\n<h2 class=\"wp-block-heading\">Modern\u00ed Viola: nov\u00fd styl, nov\u00fd web<\/h2>\n\n\n\n<div style=\"height:35px\" aria-hidden=\"true\" class=\"wp-block-spacer\"><\/div>\n\n\n\n<p class=\"has-medium-font-size\">V&nbsp;nov\u00e9 sez\u00f3n\u011b se div\u00e1ci mohou t\u011b\u0161it tak\u00e9 na d\u0159\u00edv\u011bj\u0161\u00ed za\u010d\u00e1tky p\u0159edstaven\u00ed od 19 hodin. Viola rovn\u011b\u017e spustila nov\u00fd web, za\u010dala vyu\u017e\u00edvat u\u017eivatelsky p\u0159\u00edjemn\u011bj\u0161\u00ed vstupenkov\u00fd port\u00e1l a p\u0159ipravuje modernizaci vizu\u00e1ln\u00ed identity. \u201e<em>V&nbsp;p\u0159\u00ed\u0161t\u00ed sez\u00f3n\u011b p\u0159edstav\u00edme tak\u00e9 nov\u00fd vizu\u00e1ln\u00ed styl<\/em>,\u201c \u0159\u00edk\u00e1 Cibulkov\u00e1 a Pavel Van\u011bk, autor projektu a z\u00e1stupce \u0159editelky, ji dopl\u0148uje: <\/p>\n\n\n\n<p class=\"has-medium-font-size\">\u201e<em>D\u00e1v\u00e1me Viole jednotnou tv\u00e1\u0159, nesna\u017e\u00edme se o p\u0159evrat, vybrali jsme ur\u010dit\u00e9 rysy, posouv\u00e1me je a modernizujeme v souladu s n\u00ed. Dominantou vizu\u00e1l\u016f budou nov\u00e9 profilov\u00e9 fotografie protagonist\u016f inscenac\u00ed, \u017eiv\u00e9 a vystupuj\u00edc\u00ed ze vstupn\u00edch oblouk\u016f propojuj\u00edc\u00ed v\u0161echny prostory divadla. Na plak\u00e1ty chceme p\u0159en\u00e9st komornost a bl\u00edzkost mezi hercem a div\u00e1kem, kter\u00e9 na\u0161e divadlo nab\u00edz\u00ed. Prom\u011bnou postupn\u011b proch\u00e1z\u00ed ve\u0161ker\u00e9 materi\u00e1ly v\u010detn\u011b form\u00e1tu a vzhledu vstupenek\u201c.<\/em><\/p>\n\n\n\n<div style=\"height:35px\" aria-hidden=\"true\" class=\"wp-block-spacer\"><\/div>\n\n\n<div class=\"wp-block-image\">\n<figure class=\"aligncenter size-large\"><img decoding=\"async\" src=\"https:\/\/prazskametropole.cz\/wp-content\/uploads\/2025\/06\/4_Klara-Cibulkova-reditelka-a-dramaturgyne-Divadla-Viola-prosluleho-propojovanim-slova-a-hudby_foto-Rene-Volfik-840x560.jpg\" alt=\"Pra\u017esk\u00e9 Divadlo Viola chyst\u00e1 v sez\u00f3n\u011b 2025\/2026 \u0159adu novinek\" class=\"wp-image-4212\" \/><\/figure><\/div>\n\n\n<div style=\"height:35px\" aria-hidden=\"true\" class=\"wp-block-spacer\"><\/div>\n\n\n\n<h2 class=\"wp-block-heading\">Co z\u016fst\u00e1v\u00e1 a co se lou\u010d\u00ed<\/h2>\n\n\n\n<div style=\"height:35px\" aria-hidden=\"true\" class=\"wp-block-spacer\"><\/div>\n\n\n\n<p class=\"has-medium-font-size\">Na reperto\u00e1ru se v&nbsp;sez\u00f3n\u011b 2025\/2026&nbsp;bude celkem 23 titul\u016f, k&nbsp;nim\u017e p\u0159ibydou je\u0161t\u011b dva pravideln\u00e9 cykly. Do derni\u00e9ry p\u016fjde n\u011bkolik inscenac\u00ed, v&nbsp;nov\u00e9 sez\u00f3n\u011b se publikum rozlou\u010d\u00ed nap\u0159\u00edklad s&nbsp;tituly <strong>Commedia finita, Mramorov\u00e1 hore\u010dka<\/strong> \u010di <strong>Skorpios na obzoru.<\/strong><\/p>\n\n\n\n<p class=\"has-medium-font-size\">Je\u0161t\u011b v\u00edc inscenac\u00ed ale na programu z\u016fstane: t\u0159eba <strong>Hodn\u011b sm\u00edchu a p\u00e1r slz<\/strong> s&nbsp;hereckou dvojic\u00ed dcery a matky Terezou Kostkovou a Carmen Mayerovou, monodrama <strong>Novecento<\/strong> (<strong>Magick\u00e9 pi\u00e1no) <\/strong>v&nbsp;n\u011bm\u017e exceluje David Pracha\u0159 za hudebn\u00edho doprovodu Emila Viklick\u00e9ho, drama o \u00fasp\u011bchu a p\u00e1du s&nbsp;n\u00e1zvem <strong>Hugo Haas a Adina Mandlov\u00e1<\/strong> v&nbsp;pod\u00e1n\u00ed Jarom\u00edra Dulavy a Kl\u00e1ry Cibulkov\u00e9 a mnoho dal\u0161\u00edch. <\/p>\n\n\n\n<p class=\"has-medium-font-size\">\u201e<em>Reperto\u00e1r je sestaven tak, abychom hry mohli v&nbsp;rozumn\u00fdch intervalech repr\u00edzovat. Vedle \u00fasp\u011b\u0161n\u00fdch, div\u00e1cky obl\u00edben\u00fdch p\u0159edstaven\u00ed nab\u00eddneme publiku i mnoho nov\u00fdch v\u011bc\u00ed, na kter\u00e9 se budou moci t\u011b\u0161it<\/em>,\u201c \u0159\u00edk\u00e1 Kl\u00e1ra Cibulkov\u00e1.&nbsp;<\/p>\n\n\n\n<div style=\"height:35px\" aria-hidden=\"true\" class=\"wp-block-spacer\"><\/div>\n\n\n\n<p class=\"has-medium-font-size\"><a href=\"http:\/\/www.divadloviola.cz\/\">www.divadloviola.cz<\/a>&nbsp;&nbsp;<\/p>\n\n\n\n<div style=\"height:100px\" aria-hidden=\"true\" class=\"wp-block-spacer\"><\/div>\n\n\n\n<figure class=\"wp-block-gallery has-nested-images columns-2 is-cropped wp-block-gallery-1 is-layout-flex wp-block-gallery-is-layout-flex\">\n<figure class=\"wp-block-image size-large\"><img decoding=\"async\" data-id=\"4213\" src=\"https:\/\/prazskametropole.cz\/wp-content\/uploads\/2025\/06\/1_Klara-Cibulkova-reditelka-divadla-Viola-zve-na-novinku-Hrajte-mi-my-blues_V-nem-se-ujme-se-role-pruvodkyne_foto-Rene-Volfik-840x560.jpg\" alt=\"Pra\u017esk\u00e9 Divadlo Viola chyst\u00e1 v sez\u00f3n\u011b 2025\/2026 \u0159adu novinek\" class=\"wp-image-4213\" \/><\/figure>\n\n\n\n<figure class=\"wp-block-image size-large\"><img decoding=\"async\" data-id=\"4215\" src=\"https:\/\/prazskametropole.cz\/wp-content\/uploads\/2025\/06\/2_KLAR1-840x560.jpg\" alt=\"Pra\u017esk\u00e9 Divadlo Viola chyst\u00e1 v sez\u00f3n\u011b 2025\/2026 \u0159adu novinek\" class=\"wp-image-4215\" \/><\/figure>\n\n\n\n<figure class=\"wp-block-image size-large\"><img decoding=\"async\" data-id=\"4212\" src=\"https:\/\/prazskametropole.cz\/wp-content\/uploads\/2025\/06\/4_Klara-Cibulkova-reditelka-a-dramaturgyne-Divadla-Viola-prosluleho-propojovanim-slova-a-hudby_foto-Rene-Volfik-840x560.jpg\" alt=\"Pra\u017esk\u00e9 Divadlo Viola chyst\u00e1 v sez\u00f3n\u011b 2025\/2026 \u0159adu novinek\" class=\"wp-image-4212\" \/><\/figure>\n<\/figure>\n\n\n\n<div style=\"height:35px\" aria-hidden=\"true\" class=\"wp-block-spacer\"><\/div>\n\n\n\n<p class=\"has-medium-font-size\"><strong>Zdroj foto:<\/strong> Divadlo Viola<\/p>\n\n\n\n<div style=\"height:65px\" aria-hidden=\"true\" class=\"wp-block-spacer\"><\/div>\n","protected":false},"excerpt":{"rendered":"<p>Pohodln\u011bj\u0161\u00ed, nov\u011b polstrovan\u00e9 sezen\u00ed v&nbsp;tradi\u010dn\u00ed burgundsk\u00e9 \u010derveni, za\u010d\u00e1tky p\u0159edstaven\u00ed ji\u017e od&nbsp;19 hodin a hlavn\u011b nov\u00e9 inscenace a programov\u00e9 cykly nab\u00eddne div\u00e1k\u016fm pra\u017esk\u00e9 Divadlo Viola v&nbsp;sez\u00f3n\u011b 2025\/2026. \u201eUvedeme t\u0159i premi\u00e9ry, kter\u00e9 propojuj\u00ed slovo s&nbsp;\u017eivou hudbou,&#46;&#46;&#46;<\/p>\n","protected":false},"author":10,"featured_media":11679,"comment_status":"closed","ping_status":"closed","sticky":false,"template":"","format":"standard","meta":{"_monsterinsights_skip_tracking":false,"_monsterinsights_sitenote_active":false,"_monsterinsights_sitenote_note":"","_monsterinsights_sitenote_category":0,"footnotes":""},"categories":[2,163,17],"tags":[],"yoast_head":"<!-- This site is optimized with the Yoast SEO plugin v21.5 - https:\/\/yoast.com\/wordpress\/plugins\/seo\/ -->\n<title>Pra\u017esk\u00e9 Divadlo Viola chyst\u00e1 v sez\u00f3n\u011b 2025\/2026 \u0159adu novinek - CELEBRITYHOUSE.cz<\/title>\n<meta name=\"description\" content=\"Pohodln\u011bj\u0161\u00ed, nov\u011b polstrovan\u00e9 sezen\u00ed v\u00a0tradi\u010dn\u00ed burgundsk\u00e9 \u010derveni, za\u010d\u00e1tky p\u0159edstaven\u00ed ji\u017e od\u00a019 hodin a hlavn\u011b nov\u00e9 inscenace.\" \/>\n<meta name=\"robots\" content=\"index, follow, max-snippet:-1, max-image-preview:large, max-video-preview:-1\" \/>\n<link rel=\"canonical\" href=\"https:\/\/celebrityhouse.cz\/index.php\/2025\/07\/02\/prazske-divadlo-viola-chysta-v-sezone-2025-2026-radu-novinek\/\" \/>\n<meta property=\"og:locale\" content=\"cs_CZ\" \/>\n<meta property=\"og:type\" content=\"article\" \/>\n<meta property=\"og:title\" content=\"Pra\u017esk\u00e9 Divadlo Viola chyst\u00e1 v sez\u00f3n\u011b 2025\/2026 \u0159adu novinek - CELEBRITYHOUSE.cz\" \/>\n<meta property=\"og:description\" content=\"Pohodln\u011bj\u0161\u00ed, nov\u011b polstrovan\u00e9 sezen\u00ed v\u00a0tradi\u010dn\u00ed burgundsk\u00e9 \u010derveni, za\u010d\u00e1tky p\u0159edstaven\u00ed ji\u017e od\u00a019 hodin a hlavn\u011b nov\u00e9 inscenace.\" \/>\n<meta property=\"og:url\" content=\"https:\/\/celebrityhouse.cz\/index.php\/2025\/07\/02\/prazske-divadlo-viola-chysta-v-sezone-2025-2026-radu-novinek\/\" \/>\n<meta property=\"og:site_name\" content=\"CELEBRITYHOUSE.cz\" \/>\n<meta property=\"article:published_time\" content=\"2025-07-01T22:01:00+00:00\" \/>\n<meta property=\"article:modified_time\" content=\"2025-06-18T12:04:36+00:00\" \/>\n<meta property=\"og:image\" content=\"https:\/\/celebrityhouse.cz\/wp-content\/uploads\/2025\/06\/2_KLAR1.jpg\" \/>\n\t<meta property=\"og:image:width\" content=\"1450\" \/>\n\t<meta property=\"og:image:height\" content=\"967\" \/>\n\t<meta property=\"og:image:type\" content=\"image\/jpeg\" \/>\n<meta name=\"author\" content=\"Helen Guardian\" \/>\n<meta name=\"twitter:card\" content=\"summary_large_image\" \/>\n<meta name=\"twitter:label1\" content=\"Napsal(a)\" \/>\n\t<meta name=\"twitter:data1\" content=\"Helen Guardian\" \/>\n\t<meta name=\"twitter:label2\" content=\"Odhadovan\u00e1 doba \u010dten\u00ed\" \/>\n\t<meta name=\"twitter:data2\" content=\"6 minut\" \/>\n<script type=\"application\/ld+json\" class=\"yoast-schema-graph\">{\"@context\":\"https:\/\/schema.org\",\"@graph\":[{\"@type\":\"Article\",\"@id\":\"https:\/\/celebrityhouse.cz\/index.php\/2025\/07\/02\/prazske-divadlo-viola-chysta-v-sezone-2025-2026-radu-novinek\/#article\",\"isPartOf\":{\"@id\":\"https:\/\/celebrityhouse.cz\/index.php\/2025\/07\/02\/prazske-divadlo-viola-chysta-v-sezone-2025-2026-radu-novinek\/\"},\"author\":{\"name\":\"Helen Guardian\",\"@id\":\"https:\/\/celebrityhouse.cz\/#\/schema\/person\/bd8317bbfad32bdb6e4bb66ad0065f09\"},\"headline\":\"Pra\u017esk\u00e9 Divadlo Viola chyst\u00e1 v sez\u00f3n\u011b 2025\/2026 \u0159adu novinek\",\"datePublished\":\"2025-07-01T22:01:00+00:00\",\"dateModified\":\"2025-06-18T12:04:36+00:00\",\"mainEntityOfPage\":{\"@id\":\"https:\/\/celebrityhouse.cz\/index.php\/2025\/07\/02\/prazske-divadlo-viola-chysta-v-sezone-2025-2026-radu-novinek\/\"},\"wordCount\":1000,\"publisher\":{\"@id\":\"https:\/\/celebrityhouse.cz\/#organization\"},\"articleSection\":[\"NEWS\",\"PRA\u017dSK\u00c1 METROPOLE\",\"TIPY NA DIVADLO\"],\"inLanguage\":\"cs\"},{\"@type\":\"WebPage\",\"@id\":\"https:\/\/celebrityhouse.cz\/index.php\/2025\/07\/02\/prazske-divadlo-viola-chysta-v-sezone-2025-2026-radu-novinek\/\",\"url\":\"https:\/\/celebrityhouse.cz\/index.php\/2025\/07\/02\/prazske-divadlo-viola-chysta-v-sezone-2025-2026-radu-novinek\/\",\"name\":\"Pra\u017esk\u00e9 Divadlo Viola chyst\u00e1 v sez\u00f3n\u011b 2025\/2026 \u0159adu novinek - CELEBRITYHOUSE.cz\",\"isPartOf\":{\"@id\":\"https:\/\/celebrityhouse.cz\/#website\"},\"datePublished\":\"2025-07-01T22:01:00+00:00\",\"dateModified\":\"2025-06-18T12:04:36+00:00\",\"description\":\"Pohodln\u011bj\u0161\u00ed, nov\u011b polstrovan\u00e9 sezen\u00ed v\u00a0tradi\u010dn\u00ed burgundsk\u00e9 \u010derveni, za\u010d\u00e1tky p\u0159edstaven\u00ed ji\u017e od\u00a019 hodin a hlavn\u011b nov\u00e9 inscenace.\",\"breadcrumb\":{\"@id\":\"https:\/\/celebrityhouse.cz\/index.php\/2025\/07\/02\/prazske-divadlo-viola-chysta-v-sezone-2025-2026-radu-novinek\/#breadcrumb\"},\"inLanguage\":\"cs\",\"potentialAction\":[{\"@type\":\"ReadAction\",\"target\":[\"https:\/\/celebrityhouse.cz\/index.php\/2025\/07\/02\/prazske-divadlo-viola-chysta-v-sezone-2025-2026-radu-novinek\/\"]}]},{\"@type\":\"BreadcrumbList\",\"@id\":\"https:\/\/celebrityhouse.cz\/index.php\/2025\/07\/02\/prazske-divadlo-viola-chysta-v-sezone-2025-2026-radu-novinek\/#breadcrumb\",\"itemListElement\":[{\"@type\":\"ListItem\",\"position\":1,\"name\":\"Dom\u016f\",\"item\":\"https:\/\/celebrityhouse.cz\/\"},{\"@type\":\"ListItem\",\"position\":2,\"name\":\"Pra\u017esk\u00e9 Divadlo Viola chyst\u00e1 v sez\u00f3n\u011b 2025\/2026 \u0159adu novinek\"}]},{\"@type\":\"WebSite\",\"@id\":\"https:\/\/celebrityhouse.cz\/#website\",\"url\":\"https:\/\/celebrityhouse.cz\/\",\"name\":\"CELEBRITYHOUSE.cz\",\"description\":\"Port\u00e1l o showbyznysu...\",\"publisher\":{\"@id\":\"https:\/\/celebrityhouse.cz\/#organization\"},\"potentialAction\":[{\"@type\":\"SearchAction\",\"target\":{\"@type\":\"EntryPoint\",\"urlTemplate\":\"https:\/\/celebrityhouse.cz\/?s={search_term_string}\"},\"query-input\":\"required name=search_term_string\"}],\"inLanguage\":\"cs\"},{\"@type\":\"Organization\",\"@id\":\"https:\/\/celebrityhouse.cz\/#organization\",\"name\":\"CELEBRITYHOUSE.cz\",\"url\":\"https:\/\/celebrityhouse.cz\/\",\"logo\":{\"@type\":\"ImageObject\",\"inLanguage\":\"cs\",\"@id\":\"https:\/\/celebrityhouse.cz\/#\/schema\/logo\/image\/\",\"url\":\"https:\/\/celebrityhouse.cz\/wp-content\/uploads\/2024\/12\/cropped-Logo_CelebrityHouse_2.jpg\",\"contentUrl\":\"https:\/\/celebrityhouse.cz\/wp-content\/uploads\/2024\/12\/cropped-Logo_CelebrityHouse_2.jpg\",\"width\":937,\"height\":510,\"caption\":\"CELEBRITYHOUSE.cz\"},\"image\":{\"@id\":\"https:\/\/celebrityhouse.cz\/#\/schema\/logo\/image\/\"}},{\"@type\":\"Person\",\"@id\":\"https:\/\/celebrityhouse.cz\/#\/schema\/person\/bd8317bbfad32bdb6e4bb66ad0065f09\",\"name\":\"Helen Guardian\",\"image\":{\"@type\":\"ImageObject\",\"inLanguage\":\"cs\",\"@id\":\"https:\/\/celebrityhouse.cz\/#\/schema\/person\/image\/\",\"url\":\"https:\/\/secure.gravatar.com\/avatar\/f62c76287ccbbd3f899549a169c0e6aa?s=96&d=mm&r=g\",\"contentUrl\":\"https:\/\/secure.gravatar.com\/avatar\/f62c76287ccbbd3f899549a169c0e6aa?s=96&d=mm&r=g\",\"caption\":\"Helen Guardian\"},\"sameAs\":[\"http:\/\/CELEBRITYHOUSE.cz\"],\"url\":\"https:\/\/celebrityhouse.cz\/index.php\/author\/helgu\/\"}]}<\/script>\n<!-- \/ Yoast SEO plugin. -->","yoast_head_json":{"title":"Pra\u017esk\u00e9 Divadlo Viola chyst\u00e1 v sez\u00f3n\u011b 2025\/2026 \u0159adu novinek - CELEBRITYHOUSE.cz","description":"Pohodln\u011bj\u0161\u00ed, nov\u011b polstrovan\u00e9 sezen\u00ed v\u00a0tradi\u010dn\u00ed burgundsk\u00e9 \u010derveni, za\u010d\u00e1tky p\u0159edstaven\u00ed ji\u017e od\u00a019 hodin a hlavn\u011b nov\u00e9 inscenace.","robots":{"index":"index","follow":"follow","max-snippet":"max-snippet:-1","max-image-preview":"max-image-preview:large","max-video-preview":"max-video-preview:-1"},"canonical":"https:\/\/celebrityhouse.cz\/index.php\/2025\/07\/02\/prazske-divadlo-viola-chysta-v-sezone-2025-2026-radu-novinek\/","og_locale":"cs_CZ","og_type":"article","og_title":"Pra\u017esk\u00e9 Divadlo Viola chyst\u00e1 v sez\u00f3n\u011b 2025\/2026 \u0159adu novinek - CELEBRITYHOUSE.cz","og_description":"Pohodln\u011bj\u0161\u00ed, nov\u011b polstrovan\u00e9 sezen\u00ed v\u00a0tradi\u010dn\u00ed burgundsk\u00e9 \u010derveni, za\u010d\u00e1tky p\u0159edstaven\u00ed ji\u017e od\u00a019 hodin a hlavn\u011b nov\u00e9 inscenace.","og_url":"https:\/\/celebrityhouse.cz\/index.php\/2025\/07\/02\/prazske-divadlo-viola-chysta-v-sezone-2025-2026-radu-novinek\/","og_site_name":"CELEBRITYHOUSE.cz","article_published_time":"2025-07-01T22:01:00+00:00","article_modified_time":"2025-06-18T12:04:36+00:00","og_image":[{"width":1450,"height":967,"url":"https:\/\/celebrityhouse.cz\/wp-content\/uploads\/2025\/06\/2_KLAR1.jpg","type":"image\/jpeg"}],"author":"Helen Guardian","twitter_card":"summary_large_image","twitter_misc":{"Napsal(a)":"Helen Guardian","Odhadovan\u00e1 doba \u010dten\u00ed":"6 minut"},"schema":{"@context":"https:\/\/schema.org","@graph":[{"@type":"Article","@id":"https:\/\/celebrityhouse.cz\/index.php\/2025\/07\/02\/prazske-divadlo-viola-chysta-v-sezone-2025-2026-radu-novinek\/#article","isPartOf":{"@id":"https:\/\/celebrityhouse.cz\/index.php\/2025\/07\/02\/prazske-divadlo-viola-chysta-v-sezone-2025-2026-radu-novinek\/"},"author":{"name":"Helen Guardian","@id":"https:\/\/celebrityhouse.cz\/#\/schema\/person\/bd8317bbfad32bdb6e4bb66ad0065f09"},"headline":"Pra\u017esk\u00e9 Divadlo Viola chyst\u00e1 v sez\u00f3n\u011b 2025\/2026 \u0159adu novinek","datePublished":"2025-07-01T22:01:00+00:00","dateModified":"2025-06-18T12:04:36+00:00","mainEntityOfPage":{"@id":"https:\/\/celebrityhouse.cz\/index.php\/2025\/07\/02\/prazske-divadlo-viola-chysta-v-sezone-2025-2026-radu-novinek\/"},"wordCount":1000,"publisher":{"@id":"https:\/\/celebrityhouse.cz\/#organization"},"articleSection":["NEWS","PRA\u017dSK\u00c1 METROPOLE","TIPY NA DIVADLO"],"inLanguage":"cs"},{"@type":"WebPage","@id":"https:\/\/celebrityhouse.cz\/index.php\/2025\/07\/02\/prazske-divadlo-viola-chysta-v-sezone-2025-2026-radu-novinek\/","url":"https:\/\/celebrityhouse.cz\/index.php\/2025\/07\/02\/prazske-divadlo-viola-chysta-v-sezone-2025-2026-radu-novinek\/","name":"Pra\u017esk\u00e9 Divadlo Viola chyst\u00e1 v sez\u00f3n\u011b 2025\/2026 \u0159adu novinek - CELEBRITYHOUSE.cz","isPartOf":{"@id":"https:\/\/celebrityhouse.cz\/#website"},"datePublished":"2025-07-01T22:01:00+00:00","dateModified":"2025-06-18T12:04:36+00:00","description":"Pohodln\u011bj\u0161\u00ed, nov\u011b polstrovan\u00e9 sezen\u00ed v\u00a0tradi\u010dn\u00ed burgundsk\u00e9 \u010derveni, za\u010d\u00e1tky p\u0159edstaven\u00ed ji\u017e od\u00a019 hodin a hlavn\u011b nov\u00e9 inscenace.","breadcrumb":{"@id":"https:\/\/celebrityhouse.cz\/index.php\/2025\/07\/02\/prazske-divadlo-viola-chysta-v-sezone-2025-2026-radu-novinek\/#breadcrumb"},"inLanguage":"cs","potentialAction":[{"@type":"ReadAction","target":["https:\/\/celebrityhouse.cz\/index.php\/2025\/07\/02\/prazske-divadlo-viola-chysta-v-sezone-2025-2026-radu-novinek\/"]}]},{"@type":"BreadcrumbList","@id":"https:\/\/celebrityhouse.cz\/index.php\/2025\/07\/02\/prazske-divadlo-viola-chysta-v-sezone-2025-2026-radu-novinek\/#breadcrumb","itemListElement":[{"@type":"ListItem","position":1,"name":"Dom\u016f","item":"https:\/\/celebrityhouse.cz\/"},{"@type":"ListItem","position":2,"name":"Pra\u017esk\u00e9 Divadlo Viola chyst\u00e1 v sez\u00f3n\u011b 2025\/2026 \u0159adu novinek"}]},{"@type":"WebSite","@id":"https:\/\/celebrityhouse.cz\/#website","url":"https:\/\/celebrityhouse.cz\/","name":"CELEBRITYHOUSE.cz","description":"Port\u00e1l o showbyznysu...","publisher":{"@id":"https:\/\/celebrityhouse.cz\/#organization"},"potentialAction":[{"@type":"SearchAction","target":{"@type":"EntryPoint","urlTemplate":"https:\/\/celebrityhouse.cz\/?s={search_term_string}"},"query-input":"required name=search_term_string"}],"inLanguage":"cs"},{"@type":"Organization","@id":"https:\/\/celebrityhouse.cz\/#organization","name":"CELEBRITYHOUSE.cz","url":"https:\/\/celebrityhouse.cz\/","logo":{"@type":"ImageObject","inLanguage":"cs","@id":"https:\/\/celebrityhouse.cz\/#\/schema\/logo\/image\/","url":"https:\/\/celebrityhouse.cz\/wp-content\/uploads\/2024\/12\/cropped-Logo_CelebrityHouse_2.jpg","contentUrl":"https:\/\/celebrityhouse.cz\/wp-content\/uploads\/2024\/12\/cropped-Logo_CelebrityHouse_2.jpg","width":937,"height":510,"caption":"CELEBRITYHOUSE.cz"},"image":{"@id":"https:\/\/celebrityhouse.cz\/#\/schema\/logo\/image\/"}},{"@type":"Person","@id":"https:\/\/celebrityhouse.cz\/#\/schema\/person\/bd8317bbfad32bdb6e4bb66ad0065f09","name":"Helen Guardian","image":{"@type":"ImageObject","inLanguage":"cs","@id":"https:\/\/celebrityhouse.cz\/#\/schema\/person\/image\/","url":"https:\/\/secure.gravatar.com\/avatar\/f62c76287ccbbd3f899549a169c0e6aa?s=96&d=mm&r=g","contentUrl":"https:\/\/secure.gravatar.com\/avatar\/f62c76287ccbbd3f899549a169c0e6aa?s=96&d=mm&r=g","caption":"Helen Guardian"},"sameAs":["http:\/\/CELEBRITYHOUSE.cz"],"url":"https:\/\/celebrityhouse.cz\/index.php\/author\/helgu\/"}]}},"_links":{"self":[{"href":"https:\/\/celebrityhouse.cz\/index.php\/wp-json\/wp\/v2\/posts\/11678"}],"collection":[{"href":"https:\/\/celebrityhouse.cz\/index.php\/wp-json\/wp\/v2\/posts"}],"about":[{"href":"https:\/\/celebrityhouse.cz\/index.php\/wp-json\/wp\/v2\/types\/post"}],"author":[{"embeddable":true,"href":"https:\/\/celebrityhouse.cz\/index.php\/wp-json\/wp\/v2\/users\/10"}],"replies":[{"embeddable":true,"href":"https:\/\/celebrityhouse.cz\/index.php\/wp-json\/wp\/v2\/comments?post=11678"}],"version-history":[{"count":1,"href":"https:\/\/celebrityhouse.cz\/index.php\/wp-json\/wp\/v2\/posts\/11678\/revisions"}],"predecessor-version":[{"id":11680,"href":"https:\/\/celebrityhouse.cz\/index.php\/wp-json\/wp\/v2\/posts\/11678\/revisions\/11680"}],"wp:featuredmedia":[{"embeddable":true,"href":"https:\/\/celebrityhouse.cz\/index.php\/wp-json\/wp\/v2\/media\/11679"}],"wp:attachment":[{"href":"https:\/\/celebrityhouse.cz\/index.php\/wp-json\/wp\/v2\/media?parent=11678"}],"wp:term":[{"taxonomy":"category","embeddable":true,"href":"https:\/\/celebrityhouse.cz\/index.php\/wp-json\/wp\/v2\/categories?post=11678"},{"taxonomy":"post_tag","embeddable":true,"href":"https:\/\/celebrityhouse.cz\/index.php\/wp-json\/wp\/v2\/tags?post=11678"}],"curies":[{"name":"wp","href":"https:\/\/api.w.org\/{rel}","templated":true}]}}