{"id":11909,"date":"2025-07-25T00:01:00","date_gmt":"2025-07-24T22:01:00","guid":{"rendered":"https:\/\/celebrityhouse.cz\/?p=11909"},"modified":"2025-07-13T12:36:19","modified_gmt":"2025-07-13T10:36:19","slug":"spolecnost-ey-zahajila-behem-mff-karlovy-vary-novy-rocnik-souteze-ey-podnikatel-roku","status":"publish","type":"post","link":"https:\/\/celebrityhouse.cz\/index.php\/2025\/07\/25\/spolecnost-ey-zahajila-behem-mff-karlovy-vary-novy-rocnik-souteze-ey-podnikatel-roku\/","title":{"rendered":"Spole\u010dnost EY zah\u00e1jila b\u011bhem MFF Karlovy Vary nov\u00fd ro\u010dn\u00edk sout\u011b\u017ee EY Podnikatel roku"},"content":{"rendered":"\n<div style=\"height:45px\" aria-hidden=\"true\" class=\"wp-block-spacer\"><\/div>\n\n\n\n<div style=\"height:0px\" aria-hidden=\"true\" class=\"wp-block-spacer\"><\/div>\n\n\n\n<p class=\"has-medium-font-size\"><strong>Spole\u010dnost EY v r\u00e1mci spole\u010densk\u00e9ho setk\u00e1n\u00ed v kulis\u00e1ch Mezin\u00e1rodn\u00edho filmov\u00e9ho festivalu Karlovy Vary zah\u00e1jila nov\u00fd, v&nbsp;po\u0159ad\u00ed ji\u017e 26. ro\u010dn\u00edk presti\u017en\u00ed sout\u011b\u017ee EY Podnikatel roku. EY Party, po\u0159\u00e1dan\u00e9 k&nbsp;t\u00e9to p\u0159\u00edle\u017eitosti 7. \u010dervence 2025 v&nbsp;restauraci Varyo, se z\u00fa\u010dastnili v\u00fdznamn\u00ed host\u00e9 z&nbsp;\u0159ad obchodn\u00edch partner\u016f spole\u010dnosti, \u0161pi\u010dek tuzemsk\u00e9ho byznysu i dr\u017eitel\u016f ocen\u011bn\u00ed EY Podnikatel roku.<\/strong><\/p>\n\n\n\n<div style=\"height:45px\" aria-hidden=\"true\" class=\"wp-block-spacer\"><\/div>\n\n\n<div class=\"wp-block-image\">\n<figure class=\"aligncenter size-large\"><img decoding=\"async\" src=\"https:\/\/festivalovevary.cz\/wp-content\/uploads\/2025\/07\/250707-EY-Party-2-1024x683.jpg\" alt=\"Spole\u010dnost EY\" class=\"wp-image-3796\" \/><\/figure><\/div>\n\n\n<div style=\"height:45px\" aria-hidden=\"true\" class=\"wp-block-spacer\"><\/div>\n\n\n\n<p class=\"has-medium-font-size\">Mezi vz\u00e1cn\u00fdmi hosty, kter\u00e9 osobn\u011b p\u0159iv\u00edtala vedouc\u00ed partnerka EY v&nbsp;\u010cesk\u00e9 republice Martina Kneiflov\u00e1 spolu s&nbsp;Kry\u0161tofem Muchou, v\u00fdkonn\u00fdm \u0159editelem Mezin\u00e1rodn\u00edho filmov\u00e9ho festivalu Karlovy Vary, se objevili p\u0159edstavitel\u00e9 spole\u010dnost\u00ed, jako je \u010cesk\u00e1 spo\u0159itelna, \u010cEZ, J&amp;T Private Equity Group, KKCG, Penta Real Estate nebo Rockaway Capital. Ve\u0159ejn\u00fd sektor reprezentovali z\u00e1stupci Britsk\u00e9 ambas\u00e1dy \u010di agentury Czechinvest.<\/p>\n\n\n\n<div style=\"height:45px\" aria-hidden=\"true\" class=\"wp-block-spacer\"><\/div>\n\n\n<div class=\"wp-block-image\">\n<figure class=\"aligncenter size-large\"><img decoding=\"async\" src=\"https:\/\/festivalovevary.cz\/wp-content\/uploads\/2025\/07\/250707-EY-Party-1-1024x683.jpg\" alt=\"Spole\u010dnost EY\" class=\"wp-image-3795\" \/><\/figure><\/div>\n\n\n<div style=\"height:45px\" aria-hidden=\"true\" class=\"wp-block-spacer\"><\/div>\n\n\n\n<p class=\"has-medium-font-size\">Spole\u010dnost EY je ji\u017e druh\u00fdm rokem ofici\u00e1ln\u00edm podporovatelem Mezin\u00e1rodn\u00edho filmov\u00e9ho festivalu Karlovy Vary. Stejn\u011b jako loni se rozhodla ve slavnostn\u00ed atmosf\u00e9\u0159e a v&nbsp;srdci festivalov\u00e9ho d\u011bn\u00ed zah\u00e1jit nov\u00fd ro\u010dn\u00edk sout\u011b\u017ee EY Podnikatel roku. Ud\u00e1losti v prostor\u00e1ch vyhl\u00eddkov\u00e9 restaurace Varyo na teras\u00e1ch hotelu Thermal se z\u00fa\u010dastnili i v\u00edt\u011bzov\u00e9 minul\u00fdch ro\u010dn\u00edk\u016f sout\u011b\u017ee, nap\u0159. Zden\u011bk \u0160oustal (Accolade), Radka Prokopov\u00e1 a Franti\u0161ek Fabi\u010dovic (Alcadrain) nebo Jind\u0159ich Hou\u017evi\u010dka (Crytur).<\/p>\n\n\n\n<div style=\"height:45px\" aria-hidden=\"true\" class=\"wp-block-spacer\"><\/div>\n\n\n<div class=\"wp-block-image\">\n<figure class=\"aligncenter size-large\"><img decoding=\"async\" src=\"https:\/\/festivalovevary.cz\/wp-content\/uploads\/2025\/07\/250707-EY-Party-3-1024x683.jpg\" alt=\"Spole\u010dnost EY\" class=\"wp-image-3797\" \/><\/figure><\/div>\n\n\n<div style=\"height:45px\" aria-hidden=\"true\" class=\"wp-block-spacer\"><\/div>\n\n\n\n<p class=\"has-medium-font-size\">\u201e<em>Zah\u00e1jen\u00ed dal\u0161\u00edho ro\u010dn\u00edku sout\u011b\u017ee EY Podnikatel roku b\u011bhem jedn\u00e9 z nejv\u00fdznamn\u011bj\u0161\u00edch kulturn\u00edch ud\u00e1lost\u00ed v zemi m\u00e1 pro n\u00e1s jistou symboliku. Tak jako festival ukazuje to nejlep\u0161\u00ed, co se zrodilo na poli kinematografie, my se o tot\u00e9\u017e ka\u017edoro\u010dn\u011b sna\u017e\u00edme ve sf\u00e9r\u00e1ch \u010desk\u00e9ho podnikatelsk\u00e9ho sektoru. Zdej\u0161\u00ed p\u0159\u00e1telsk\u00e1 a p\u0159\u00edjemn\u011b neusp\u011bchan\u00e1 atmosf\u00e9ra n\u00e1m poskytuje ide\u00e1ln\u00ed prost\u0159ed\u00ed k&nbsp;setk\u00e1n\u00ed s&nbsp;inspirativn\u00edmi osobnostmi nejen z&nbsp;byznysov\u00e9ho sv\u011bta a z\u00e1rove\u0148 k&nbsp;ofici\u00e1ln\u00edmu spu\u0161t\u011bn\u00ed nominac\u00ed nov\u00e9ho ro\u010dn\u00edku na\u0161\u00ed sout\u011b\u017ee,\u201c<\/em> uvedla <strong>vedouc\u00ed partnerka EY v \u010cesk\u00e9 republice Martina Kneiflov\u00e1<\/strong>.<\/p>\n\n\n\n<div style=\"height:45px\" aria-hidden=\"true\" class=\"wp-block-spacer\"><\/div>\n\n\n\n<figure class=\"wp-block-gallery has-nested-images columns-2 is-cropped wp-block-gallery-1 is-layout-flex wp-block-gallery-is-layout-flex\">\n<figure class=\"wp-block-image size-large\"><img decoding=\"async\" data-id=\"3795\" src=\"https:\/\/festivalovevary.cz\/wp-content\/uploads\/2025\/07\/250707-EY-Party-1-1024x683.jpg\" alt=\"Spole\u010dnost EY\" class=\"wp-image-3795\" \/><\/figure>\n\n\n\n<figure class=\"wp-block-image size-large\"><img decoding=\"async\" data-id=\"3796\" src=\"https:\/\/festivalovevary.cz\/wp-content\/uploads\/2025\/07\/250707-EY-Party-2-1024x683.jpg\" alt=\"Spole\u010dnost EY\" class=\"wp-image-3796\" \/><\/figure>\n\n\n\n<figure class=\"wp-block-image size-large\"><img decoding=\"async\" data-id=\"3797\" src=\"https:\/\/festivalovevary.cz\/wp-content\/uploads\/2025\/07\/250707-EY-Party-3-1024x683.jpg\" alt=\"Spole\u010dnost EY\" class=\"wp-image-3797\" \/><\/figure>\n<\/figure>\n\n\n\n<div style=\"height:45px\" aria-hidden=\"true\" class=\"wp-block-spacer\"><\/div>\n\n\n\n<p class=\"has-medium-font-size\"><strong>Zdroj foto:&nbsp;<\/strong>EY<\/p>\n\n\n\n<div style=\"height:45px\" aria-hidden=\"true\" class=\"wp-block-spacer\"><\/div>\n","protected":false},"excerpt":{"rendered":"<p>Spole\u010dnost EY v r\u00e1mci spole\u010densk\u00e9ho setk\u00e1n\u00ed v kulis\u00e1ch Mezin\u00e1rodn\u00edho filmov\u00e9ho festivalu Karlovy Vary zah\u00e1jila nov\u00fd, v&nbsp;po\u0159ad\u00ed ji\u017e 26. ro\u010dn\u00edk presti\u017en\u00ed sout\u011b\u017ee EY Podnikatel roku. EY Party, po\u0159\u00e1dan\u00e9 k&nbsp;t\u00e9to p\u0159\u00edle\u017eitosti 7. \u010dervence 2025 v&nbsp;restauraci Varyo,&#46;&#46;&#46;<\/p>\n","protected":false},"author":8,"featured_media":11911,"comment_status":"closed","ping_status":"closed","sticky":false,"template":"","format":"standard","meta":{"_monsterinsights_skip_tracking":false,"_monsterinsights_sitenote_active":false,"_monsterinsights_sitenote_note":"","_monsterinsights_sitenote_category":0,"footnotes":""},"categories":[19,172,13,2,14],"tags":[],"yoast_head":"<!-- This site is optimized with the Yoast SEO plugin v21.5 - https:\/\/yoast.com\/wordpress\/plugins\/seo\/ -->\n<title>Spole\u010dnost EY zah\u00e1jila b\u011bhem MFF Karlovy Vary nov\u00fd ro\u010dn\u00edk sout\u011b\u017ee EY Podnikatel roku - CELEBRITYHOUSE.cz<\/title>\n<meta name=\"description\" content=\"Spole\u010dnost EY v r\u00e1mci Mezin\u00e1rodn\u00edho filmov\u00e9ho festivalu Karlovy Vary zah\u00e1jila ji\u017e 26. ro\u010dn\u00edk presti\u017en\u00ed sout\u011b\u017ee EY Podnikatel roku.\" \/>\n<meta name=\"robots\" content=\"index, follow, max-snippet:-1, max-image-preview:large, max-video-preview:-1\" \/>\n<link rel=\"canonical\" href=\"https:\/\/celebrityhouse.cz\/index.php\/2025\/07\/25\/spolecnost-ey-zahajila-behem-mff-karlovy-vary-novy-rocnik-souteze-ey-podnikatel-roku\/\" \/>\n<meta property=\"og:locale\" content=\"cs_CZ\" \/>\n<meta property=\"og:type\" content=\"article\" \/>\n<meta property=\"og:title\" content=\"Spole\u010dnost EY zah\u00e1jila b\u011bhem MFF Karlovy Vary nov\u00fd ro\u010dn\u00edk sout\u011b\u017ee EY Podnikatel roku - CELEBRITYHOUSE.cz\" \/>\n<meta property=\"og:description\" content=\"Spole\u010dnost EY v r\u00e1mci Mezin\u00e1rodn\u00edho filmov\u00e9ho festivalu Karlovy Vary zah\u00e1jila ji\u017e 26. ro\u010dn\u00edk presti\u017en\u00ed sout\u011b\u017ee EY Podnikatel roku.\" \/>\n<meta property=\"og:url\" content=\"https:\/\/celebrityhouse.cz\/index.php\/2025\/07\/25\/spolecnost-ey-zahajila-behem-mff-karlovy-vary-novy-rocnik-souteze-ey-podnikatel-roku\/\" \/>\n<meta property=\"og:site_name\" content=\"CELEBRITYHOUSE.cz\" \/>\n<meta property=\"article:published_time\" content=\"2025-07-24T22:01:00+00:00\" \/>\n<meta property=\"article:modified_time\" content=\"2025-07-13T10:36:19+00:00\" \/>\n<meta property=\"og:image\" content=\"https:\/\/celebrityhouse.cz\/wp-content\/uploads\/2025\/07\/250707-EY-Party-2-scaled.jpg\" \/>\n\t<meta property=\"og:image:width\" content=\"2560\" \/>\n\t<meta property=\"og:image:height\" content=\"1707\" \/>\n\t<meta property=\"og:image:type\" content=\"image\/jpeg\" \/>\n<meta name=\"author\" content=\"Martina Pechov\u00e1\" \/>\n<meta name=\"twitter:card\" content=\"summary_large_image\" \/>\n<meta name=\"twitter:label1\" content=\"Napsal(a)\" \/>\n\t<meta name=\"twitter:data1\" content=\"Martina Pechov\u00e1\" \/>\n\t<meta name=\"twitter:label2\" content=\"Odhadovan\u00e1 doba \u010dten\u00ed\" \/>\n\t<meta name=\"twitter:data2\" content=\"3 minuty\" \/>\n<script type=\"application\/ld+json\" class=\"yoast-schema-graph\">{\"@context\":\"https:\/\/schema.org\",\"@graph\":[{\"@type\":\"Article\",\"@id\":\"https:\/\/celebrityhouse.cz\/index.php\/2025\/07\/25\/spolecnost-ey-zahajila-behem-mff-karlovy-vary-novy-rocnik-souteze-ey-podnikatel-roku\/#article\",\"isPartOf\":{\"@id\":\"https:\/\/celebrityhouse.cz\/index.php\/2025\/07\/25\/spolecnost-ey-zahajila-behem-mff-karlovy-vary-novy-rocnik-souteze-ey-podnikatel-roku\/\"},\"author\":{\"name\":\"Martina Pechov\u00e1\",\"@id\":\"https:\/\/celebrityhouse.cz\/#\/schema\/person\/b97cee16a2caa8cf7a55df6bcaff5d8c\"},\"headline\":\"Spole\u010dnost EY zah\u00e1jila b\u011bhem MFF Karlovy Vary nov\u00fd ro\u010dn\u00edk sout\u011b\u017ee EY Podnikatel roku\",\"datePublished\":\"2025-07-24T22:01:00+00:00\",\"dateModified\":\"2025-07-13T10:36:19+00:00\",\"mainEntityOfPage\":{\"@id\":\"https:\/\/celebrityhouse.cz\/index.php\/2025\/07\/25\/spolecnost-ey-zahajila-behem-mff-karlovy-vary-novy-rocnik-souteze-ey-podnikatel-roku\/\"},\"wordCount\":400,\"publisher\":{\"@id\":\"https:\/\/celebrityhouse.cz\/#organization\"},\"articleSection\":[\"AKCE\",\"FESTIVALOV\u00c9 VARY\",\"FOTOREPORTY\",\"NEWS\",\"SOUT\u011a\u017dE\"],\"inLanguage\":\"cs\"},{\"@type\":\"WebPage\",\"@id\":\"https:\/\/celebrityhouse.cz\/index.php\/2025\/07\/25\/spolecnost-ey-zahajila-behem-mff-karlovy-vary-novy-rocnik-souteze-ey-podnikatel-roku\/\",\"url\":\"https:\/\/celebrityhouse.cz\/index.php\/2025\/07\/25\/spolecnost-ey-zahajila-behem-mff-karlovy-vary-novy-rocnik-souteze-ey-podnikatel-roku\/\",\"name\":\"Spole\u010dnost EY zah\u00e1jila b\u011bhem MFF Karlovy Vary nov\u00fd ro\u010dn\u00edk sout\u011b\u017ee EY Podnikatel roku - CELEBRITYHOUSE.cz\",\"isPartOf\":{\"@id\":\"https:\/\/celebrityhouse.cz\/#website\"},\"datePublished\":\"2025-07-24T22:01:00+00:00\",\"dateModified\":\"2025-07-13T10:36:19+00:00\",\"description\":\"Spole\u010dnost EY v r\u00e1mci Mezin\u00e1rodn\u00edho filmov\u00e9ho festivalu Karlovy Vary zah\u00e1jila ji\u017e 26. ro\u010dn\u00edk presti\u017en\u00ed sout\u011b\u017ee EY Podnikatel roku.\",\"breadcrumb\":{\"@id\":\"https:\/\/celebrityhouse.cz\/index.php\/2025\/07\/25\/spolecnost-ey-zahajila-behem-mff-karlovy-vary-novy-rocnik-souteze-ey-podnikatel-roku\/#breadcrumb\"},\"inLanguage\":\"cs\",\"potentialAction\":[{\"@type\":\"ReadAction\",\"target\":[\"https:\/\/celebrityhouse.cz\/index.php\/2025\/07\/25\/spolecnost-ey-zahajila-behem-mff-karlovy-vary-novy-rocnik-souteze-ey-podnikatel-roku\/\"]}]},{\"@type\":\"BreadcrumbList\",\"@id\":\"https:\/\/celebrityhouse.cz\/index.php\/2025\/07\/25\/spolecnost-ey-zahajila-behem-mff-karlovy-vary-novy-rocnik-souteze-ey-podnikatel-roku\/#breadcrumb\",\"itemListElement\":[{\"@type\":\"ListItem\",\"position\":1,\"name\":\"Dom\u016f\",\"item\":\"https:\/\/celebrityhouse.cz\/\"},{\"@type\":\"ListItem\",\"position\":2,\"name\":\"Spole\u010dnost EY zah\u00e1jila b\u011bhem MFF Karlovy Vary nov\u00fd ro\u010dn\u00edk sout\u011b\u017ee EY Podnikatel roku\"}]},{\"@type\":\"WebSite\",\"@id\":\"https:\/\/celebrityhouse.cz\/#website\",\"url\":\"https:\/\/celebrityhouse.cz\/\",\"name\":\"CELEBRITYHOUSE.cz\",\"description\":\"Port\u00e1l o showbyznysu...\",\"publisher\":{\"@id\":\"https:\/\/celebrityhouse.cz\/#organization\"},\"potentialAction\":[{\"@type\":\"SearchAction\",\"target\":{\"@type\":\"EntryPoint\",\"urlTemplate\":\"https:\/\/celebrityhouse.cz\/?s={search_term_string}\"},\"query-input\":\"required name=search_term_string\"}],\"inLanguage\":\"cs\"},{\"@type\":\"Organization\",\"@id\":\"https:\/\/celebrityhouse.cz\/#organization\",\"name\":\"CELEBRITYHOUSE.cz\",\"url\":\"https:\/\/celebrityhouse.cz\/\",\"logo\":{\"@type\":\"ImageObject\",\"inLanguage\":\"cs\",\"@id\":\"https:\/\/celebrityhouse.cz\/#\/schema\/logo\/image\/\",\"url\":\"https:\/\/celebrityhouse.cz\/wp-content\/uploads\/2024\/12\/cropped-Logo_CelebrityHouse_2.jpg\",\"contentUrl\":\"https:\/\/celebrityhouse.cz\/wp-content\/uploads\/2024\/12\/cropped-Logo_CelebrityHouse_2.jpg\",\"width\":937,\"height\":510,\"caption\":\"CELEBRITYHOUSE.cz\"},\"image\":{\"@id\":\"https:\/\/celebrityhouse.cz\/#\/schema\/logo\/image\/\"}},{\"@type\":\"Person\",\"@id\":\"https:\/\/celebrityhouse.cz\/#\/schema\/person\/b97cee16a2caa8cf7a55df6bcaff5d8c\",\"name\":\"Martina Pechov\u00e1\",\"image\":{\"@type\":\"ImageObject\",\"inLanguage\":\"cs\",\"@id\":\"https:\/\/celebrityhouse.cz\/#\/schema\/person\/image\/\",\"url\":\"https:\/\/secure.gravatar.com\/avatar\/d3ad7f43789eed68b221d01c6d7ac4e5?s=96&d=mm&r=g\",\"contentUrl\":\"https:\/\/secure.gravatar.com\/avatar\/d3ad7f43789eed68b221d01c6d7ac4e5?s=96&d=mm&r=g\",\"caption\":\"Martina Pechov\u00e1\"},\"sameAs\":[\"http:\/\/CELEBRITYHOUSE.cz\"],\"url\":\"https:\/\/celebrityhouse.cz\/index.php\/author\/marpech\/\"}]}<\/script>\n<!-- \/ Yoast SEO plugin. -->","yoast_head_json":{"title":"Spole\u010dnost EY zah\u00e1jila b\u011bhem MFF Karlovy Vary nov\u00fd ro\u010dn\u00edk sout\u011b\u017ee EY Podnikatel roku - CELEBRITYHOUSE.cz","description":"Spole\u010dnost EY v r\u00e1mci Mezin\u00e1rodn\u00edho filmov\u00e9ho festivalu Karlovy Vary zah\u00e1jila ji\u017e 26. ro\u010dn\u00edk presti\u017en\u00ed sout\u011b\u017ee EY Podnikatel roku.","robots":{"index":"index","follow":"follow","max-snippet":"max-snippet:-1","max-image-preview":"max-image-preview:large","max-video-preview":"max-video-preview:-1"},"canonical":"https:\/\/celebrityhouse.cz\/index.php\/2025\/07\/25\/spolecnost-ey-zahajila-behem-mff-karlovy-vary-novy-rocnik-souteze-ey-podnikatel-roku\/","og_locale":"cs_CZ","og_type":"article","og_title":"Spole\u010dnost EY zah\u00e1jila b\u011bhem MFF Karlovy Vary nov\u00fd ro\u010dn\u00edk sout\u011b\u017ee EY Podnikatel roku - CELEBRITYHOUSE.cz","og_description":"Spole\u010dnost EY v r\u00e1mci Mezin\u00e1rodn\u00edho filmov\u00e9ho festivalu Karlovy Vary zah\u00e1jila ji\u017e 26. ro\u010dn\u00edk presti\u017en\u00ed sout\u011b\u017ee EY Podnikatel roku.","og_url":"https:\/\/celebrityhouse.cz\/index.php\/2025\/07\/25\/spolecnost-ey-zahajila-behem-mff-karlovy-vary-novy-rocnik-souteze-ey-podnikatel-roku\/","og_site_name":"CELEBRITYHOUSE.cz","article_published_time":"2025-07-24T22:01:00+00:00","article_modified_time":"2025-07-13T10:36:19+00:00","og_image":[{"width":2560,"height":1707,"url":"https:\/\/celebrityhouse.cz\/wp-content\/uploads\/2025\/07\/250707-EY-Party-2-scaled.jpg","type":"image\/jpeg"}],"author":"Martina Pechov\u00e1","twitter_card":"summary_large_image","twitter_misc":{"Napsal(a)":"Martina Pechov\u00e1","Odhadovan\u00e1 doba \u010dten\u00ed":"3 minuty"},"schema":{"@context":"https:\/\/schema.org","@graph":[{"@type":"Article","@id":"https:\/\/celebrityhouse.cz\/index.php\/2025\/07\/25\/spolecnost-ey-zahajila-behem-mff-karlovy-vary-novy-rocnik-souteze-ey-podnikatel-roku\/#article","isPartOf":{"@id":"https:\/\/celebrityhouse.cz\/index.php\/2025\/07\/25\/spolecnost-ey-zahajila-behem-mff-karlovy-vary-novy-rocnik-souteze-ey-podnikatel-roku\/"},"author":{"name":"Martina Pechov\u00e1","@id":"https:\/\/celebrityhouse.cz\/#\/schema\/person\/b97cee16a2caa8cf7a55df6bcaff5d8c"},"headline":"Spole\u010dnost EY zah\u00e1jila b\u011bhem MFF Karlovy Vary nov\u00fd ro\u010dn\u00edk sout\u011b\u017ee EY Podnikatel roku","datePublished":"2025-07-24T22:01:00+00:00","dateModified":"2025-07-13T10:36:19+00:00","mainEntityOfPage":{"@id":"https:\/\/celebrityhouse.cz\/index.php\/2025\/07\/25\/spolecnost-ey-zahajila-behem-mff-karlovy-vary-novy-rocnik-souteze-ey-podnikatel-roku\/"},"wordCount":400,"publisher":{"@id":"https:\/\/celebrityhouse.cz\/#organization"},"articleSection":["AKCE","FESTIVALOV\u00c9 VARY","FOTOREPORTY","NEWS","SOUT\u011a\u017dE"],"inLanguage":"cs"},{"@type":"WebPage","@id":"https:\/\/celebrityhouse.cz\/index.php\/2025\/07\/25\/spolecnost-ey-zahajila-behem-mff-karlovy-vary-novy-rocnik-souteze-ey-podnikatel-roku\/","url":"https:\/\/celebrityhouse.cz\/index.php\/2025\/07\/25\/spolecnost-ey-zahajila-behem-mff-karlovy-vary-novy-rocnik-souteze-ey-podnikatel-roku\/","name":"Spole\u010dnost EY zah\u00e1jila b\u011bhem MFF Karlovy Vary nov\u00fd ro\u010dn\u00edk sout\u011b\u017ee EY Podnikatel roku - CELEBRITYHOUSE.cz","isPartOf":{"@id":"https:\/\/celebrityhouse.cz\/#website"},"datePublished":"2025-07-24T22:01:00+00:00","dateModified":"2025-07-13T10:36:19+00:00","description":"Spole\u010dnost EY v r\u00e1mci Mezin\u00e1rodn\u00edho filmov\u00e9ho festivalu Karlovy Vary zah\u00e1jila ji\u017e 26. ro\u010dn\u00edk presti\u017en\u00ed sout\u011b\u017ee EY Podnikatel roku.","breadcrumb":{"@id":"https:\/\/celebrityhouse.cz\/index.php\/2025\/07\/25\/spolecnost-ey-zahajila-behem-mff-karlovy-vary-novy-rocnik-souteze-ey-podnikatel-roku\/#breadcrumb"},"inLanguage":"cs","potentialAction":[{"@type":"ReadAction","target":["https:\/\/celebrityhouse.cz\/index.php\/2025\/07\/25\/spolecnost-ey-zahajila-behem-mff-karlovy-vary-novy-rocnik-souteze-ey-podnikatel-roku\/"]}]},{"@type":"BreadcrumbList","@id":"https:\/\/celebrityhouse.cz\/index.php\/2025\/07\/25\/spolecnost-ey-zahajila-behem-mff-karlovy-vary-novy-rocnik-souteze-ey-podnikatel-roku\/#breadcrumb","itemListElement":[{"@type":"ListItem","position":1,"name":"Dom\u016f","item":"https:\/\/celebrityhouse.cz\/"},{"@type":"ListItem","position":2,"name":"Spole\u010dnost EY zah\u00e1jila b\u011bhem MFF Karlovy Vary nov\u00fd ro\u010dn\u00edk sout\u011b\u017ee EY Podnikatel roku"}]},{"@type":"WebSite","@id":"https:\/\/celebrityhouse.cz\/#website","url":"https:\/\/celebrityhouse.cz\/","name":"CELEBRITYHOUSE.cz","description":"Port\u00e1l o showbyznysu...","publisher":{"@id":"https:\/\/celebrityhouse.cz\/#organization"},"potentialAction":[{"@type":"SearchAction","target":{"@type":"EntryPoint","urlTemplate":"https:\/\/celebrityhouse.cz\/?s={search_term_string}"},"query-input":"required name=search_term_string"}],"inLanguage":"cs"},{"@type":"Organization","@id":"https:\/\/celebrityhouse.cz\/#organization","name":"CELEBRITYHOUSE.cz","url":"https:\/\/celebrityhouse.cz\/","logo":{"@type":"ImageObject","inLanguage":"cs","@id":"https:\/\/celebrityhouse.cz\/#\/schema\/logo\/image\/","url":"https:\/\/celebrityhouse.cz\/wp-content\/uploads\/2024\/12\/cropped-Logo_CelebrityHouse_2.jpg","contentUrl":"https:\/\/celebrityhouse.cz\/wp-content\/uploads\/2024\/12\/cropped-Logo_CelebrityHouse_2.jpg","width":937,"height":510,"caption":"CELEBRITYHOUSE.cz"},"image":{"@id":"https:\/\/celebrityhouse.cz\/#\/schema\/logo\/image\/"}},{"@type":"Person","@id":"https:\/\/celebrityhouse.cz\/#\/schema\/person\/b97cee16a2caa8cf7a55df6bcaff5d8c","name":"Martina Pechov\u00e1","image":{"@type":"ImageObject","inLanguage":"cs","@id":"https:\/\/celebrityhouse.cz\/#\/schema\/person\/image\/","url":"https:\/\/secure.gravatar.com\/avatar\/d3ad7f43789eed68b221d01c6d7ac4e5?s=96&d=mm&r=g","contentUrl":"https:\/\/secure.gravatar.com\/avatar\/d3ad7f43789eed68b221d01c6d7ac4e5?s=96&d=mm&r=g","caption":"Martina Pechov\u00e1"},"sameAs":["http:\/\/CELEBRITYHOUSE.cz"],"url":"https:\/\/celebrityhouse.cz\/index.php\/author\/marpech\/"}]}},"_links":{"self":[{"href":"https:\/\/celebrityhouse.cz\/index.php\/wp-json\/wp\/v2\/posts\/11909"}],"collection":[{"href":"https:\/\/celebrityhouse.cz\/index.php\/wp-json\/wp\/v2\/posts"}],"about":[{"href":"https:\/\/celebrityhouse.cz\/index.php\/wp-json\/wp\/v2\/types\/post"}],"author":[{"embeddable":true,"href":"https:\/\/celebrityhouse.cz\/index.php\/wp-json\/wp\/v2\/users\/8"}],"replies":[{"embeddable":true,"href":"https:\/\/celebrityhouse.cz\/index.php\/wp-json\/wp\/v2\/comments?post=11909"}],"version-history":[{"count":1,"href":"https:\/\/celebrityhouse.cz\/index.php\/wp-json\/wp\/v2\/posts\/11909\/revisions"}],"predecessor-version":[{"id":11913,"href":"https:\/\/celebrityhouse.cz\/index.php\/wp-json\/wp\/v2\/posts\/11909\/revisions\/11913"}],"wp:featuredmedia":[{"embeddable":true,"href":"https:\/\/celebrityhouse.cz\/index.php\/wp-json\/wp\/v2\/media\/11911"}],"wp:attachment":[{"href":"https:\/\/celebrityhouse.cz\/index.php\/wp-json\/wp\/v2\/media?parent=11909"}],"wp:term":[{"taxonomy":"category","embeddable":true,"href":"https:\/\/celebrityhouse.cz\/index.php\/wp-json\/wp\/v2\/categories?post=11909"},{"taxonomy":"post_tag","embeddable":true,"href":"https:\/\/celebrityhouse.cz\/index.php\/wp-json\/wp\/v2\/tags?post=11909"}],"curies":[{"name":"wp","href":"https:\/\/api.w.org\/{rel}","templated":true}]}}