{"id":12601,"date":"2025-09-15T00:01:00","date_gmt":"2025-09-14T22:01:00","guid":{"rendered":"https:\/\/celebrityhouse.cz\/?p=12601"},"modified":"2025-10-08T00:35:26","modified_gmt":"2025-10-07T22:35:26","slug":"americke-jednotky-odchazeji-z-afghanistanu-a-taliban-zautoci-na-hlavni-mesto-v-novem-filmu-13-dni-13-noci","status":"publish","type":"post","link":"https:\/\/celebrityhouse.cz\/index.php\/2025\/09\/15\/americke-jednotky-odchazeji-z-afghanistanu-a-taliban-zautoci-na-hlavni-mesto-v-novem-filmu-13-dni-13-noci\/","title":{"rendered":"Americk\u00e9 jednotky odch\u00e1zej\u00ed z Afgh\u00e1nist\u00e1nu a Talib\u00e1n za\u00fato\u010d\u00ed na hlavn\u00ed m\u011bsto v nov\u00e9m filmu: 13 DN\u00cd, 13 NOC\u00cd"},"content":{"rendered":"\n<div style=\"height:45px\" aria-hidden=\"true\" class=\"wp-block-spacer\"><\/div>\n\n\n\n<p class=\"has-medium-font-size\"><strong>Drama nato\u010den\u00e9 podle skute\u010dn\u00fdch ud\u00e1lost\u00ed. Americk\u00e9 jednotky se stahuj\u00ed z&nbsp;Afgh\u00e1nist\u00e1nu a ozbrojenci T\u00e1lib\u00e1nu vtrhnou do ulic K\u00e1bulu. Tis\u00edce jeho obyvatel se p\u0159ed nimi sna\u017e\u00ed uniknout. Posledn\u00ed st\u00e1le funguj\u00edc\u00ed mis\u00ed z\u016fst\u00e1v\u00e1 francouzsk\u00e9 velvyslanectv\u00ed.<\/strong><\/p>\n\n\n\n<div style=\"height:45px\" aria-hidden=\"true\" class=\"wp-block-spacer\"><\/div>\n\n\n<div class=\"wp-block-image\">\n<figure class=\"aligncenter size-full\"><img decoding=\"async\" src=\"https:\/\/cinemahouse.cz\/wp-content\/uploads\/2025\/08\/J31_499_ABH9299-2.jpg\" alt=\"13 dn\u00ed, 13 noc\u00ed\" class=\"wp-image-10863\" \/><\/figure><\/div>\n\n\n<div style=\"height:45px\" aria-hidden=\"true\" class=\"wp-block-spacer\"><\/div>\n\n\n\n<p class=\"has-medium-font-size\">K\u00e1bul, 15. srpna 2021. Americk\u00e9 jednotky odch\u00e1zej\u00ed z&nbsp;Afgh\u00e1nist\u00e1nu a Talib\u00e1n za\u00fato\u010d\u00ed na hlavn\u00ed m\u011bsto. Zmocn\u00ed se jej a cel\u00fd K\u00e1bul tak upadne do naprost\u00e9ho chaosu. Tis\u00edce vyd\u011b\u0161en\u00fdch Afgh\u00e1nc\u016f se hrnou na posledn\u00ed bezpe\u010dn\u00e9 \u00fato\u010di\u0161t\u011b, na francouzskou ambas\u00e1du, kde velitel Mohamed Bida a jeho elitn\u00ed t\u00fdm zaji\u0161\u0165uj\u00ed bezpe\u010dnost. <\/p>\n\n\n\n<div style=\"height:45px\" aria-hidden=\"true\" class=\"wp-block-spacer\"><\/div>\n\n\n\n<figure class=\"wp-block-embed aligncenter is-type-video is-provider-youtube wp-block-embed-youtube wp-embed-aspect-16-9 wp-has-aspect-ratio\"><div class=\"wp-block-embed__wrapper\">\n<div class=\"video-container\"><iframe loading=\"lazy\" title=\"13 DN\u00cd, 13 NOC\u00cd (2025) - ofici\u00e1ln\u00ed trailer\" width=\"500\" height=\"281\" src=\"https:\/\/www.youtube.com\/embed\/BuHtJx77QZU?feature=oembed&#038;wmode=opaque\" frameborder=\"0\" allow=\"accelerometer; autoplay; clipboard-write; encrypted-media; gyroscope; picture-in-picture; web-share\" referrerpolicy=\"strict-origin-when-cross-origin\" allowfullscreen><\/iframe><\/div>\n<\/div><\/figure>\n\n\n\n<div style=\"height:45px\" aria-hidden=\"true\" class=\"wp-block-spacer\"><\/div>\n\n\n\n<p class=\"has-medium-font-size\">Bida je tak spolu se stovkami civilist\u016f uv\u011bzn\u011bn&nbsp;uvnit\u0159 tohoto objektu. V posledn\u00ed zoufal\u00e9 snaze mus\u00ed s pomoc\u00ed francouzsko-afgh\u00e1nsk\u00e9 humanit\u00e1rn\u00ed pracovnice Evy vyjedn\u00e1vat s T\u00e1lib\u00e1nem o zorganizov\u00e1n\u00ed evakua\u010dn\u00edho konvoje. Za\u010d\u00edn\u00e1 z\u00e1vod s \u010dasem, za p\u00e1r dn\u00ed u\u017e na \u00fanik bude p\u0159\u00edli\u0161 pozd\u011b. Mus\u00ed se dostat na leti\u0161t\u011b a uniknout tak nastupuj\u00edc\u00edmu peklu v K\u00e1bulu. Film 13 dn\u00ed, 13 noc\u00ed je zalo\u017een na neuv\u011b\u0159iteln\u00e9m, p\u0159esto skute\u010dn\u00e9m p\u0159\u00edb\u011bhu, kter\u00fd Mohamed Bida publikoval ve stejnojmenn\u00e9 knize.<\/p>\n\n\n\n<div style=\"height:45px\" aria-hidden=\"true\" class=\"wp-block-spacer\"><\/div>\n\n\n<div class=\"wp-block-image\">\n<figure class=\"aligncenter size-large\"><img decoding=\"async\" src=\"https:\/\/cinemahouse.cz\/wp-content\/uploads\/2025\/08\/J12_0012_CDH1376-2-1024x683.jpg\" alt=\"13 dn\u00ed, 13 noc\u00ed\" class=\"wp-image-10871\" \/><\/figure><\/div>\n\n\n<div style=\"height:45px\" aria-hidden=\"true\" class=\"wp-block-spacer\"><\/div>\n\n\n\n<p class=\"has-medium-font-size\">Drama<em> <\/em>13 dn\u00ed, 13 noc\u00ed vznikalo s obrovsk\u00fdm produk\u010dn\u00edm z\u00e1zem\u00edm a s d\u016frazem na autenticitu. Nat\u00e1\u010den\u00ed prob\u00edhalo ve Francii a v Maroku, kde byly pe\u010dliv\u011b postaveny k\u00e1bulsk\u00e9 ulice a prostory ambas\u00e1dy. Jak re\u017eis\u00e9r Martin Bourboulon zvl\u00e1dal pr\u00e1ci s herci? <em>\u201ePostavy jsou ve filmu neust\u00e1le pod obrovsk\u00fdm tlakem, ale m\u011bl jsem \u0161t\u011bst\u00ed a pracoval jsem s tak talentovan\u00fdmi a oddan\u00fdmi herci, jako jsou Roschdy Zem, Lyna Khoudri a Sidse Babett Knudsen, co\u017e mi pr\u00e1ci v\u00fdrazn\u011b usnadnilo,\u201c <\/em>vysv\u011btluje. P\u0159edstavitel hlavn\u00ed role Roschdy Zem o sv\u00e9 roli \u0159\u00edk\u00e1: <em>\u201eTakov\u00fd projekt se prost\u011b neodm\u00edt\u00e1. Hned jsem c\u00edtil, \u017ee z toho vznikne pozoruhodn\u00fd a ambici\u00f3zn\u00ed film. Souhlasil jsem je\u0161t\u011b p\u0159ed t\u00edm, ne\u017e byl naps\u00e1n prvn\u00ed \u0159\u00e1dek sc\u00e9n\u00e1\u0159e.\u201c<\/em><\/p>\n\n\n\n<div style=\"height:45px\" aria-hidden=\"true\" class=\"wp-block-spacer\"><\/div>\n\n\n<div class=\"wp-block-image\">\n<figure class=\"aligncenter size-full\"><img decoding=\"async\" src=\"https:\/\/cinemahouse.cz\/wp-content\/uploads\/2025\/08\/864_CDJ6453.jpg\" alt=\"13 dn\u00ed, 13 noc\u00ed\" class=\"wp-image-10866\" \/><\/figure><\/div>\n\n\n<div style=\"height:45px\" aria-hidden=\"true\" class=\"wp-block-spacer\"><\/div>\n\n\n\n<h2 class=\"wp-block-heading\">13 dn\u00ed, 13 noc\u00ed<\/h2>\n\n\n\n<div style=\"height:45px\" aria-hidden=\"true\" class=\"wp-block-spacer\"><\/div>\n\n\n\n<p class=\"has-medium-font-size\"><strong>Premi\u00e9ra: <\/strong>4.9. 2025<\/p>\n\n\n\n<p class=\"has-medium-font-size\"><strong>Re\u017eie:<\/strong> Martin Bourboulon<\/p>\n\n\n\n<p class=\"has-medium-font-size\"><strong>Sc\u00e9n\u00e1\u0159:<\/strong> Martin Bourboulon, Alexandre Smia<\/p>\n\n\n\n<p class=\"has-medium-font-size\"><strong>Kamera:<\/strong> Nicolas Bolduc<\/p>\n\n\n\n<p class=\"has-medium-font-size\"><strong>Hudba:<\/strong> Guillaume Roussel<\/p>\n\n\n\n<p class=\"has-medium-font-size\"><strong>Hraj\u00ed:<\/strong> Roschdy Zem, Lyna Khoudri, Sidse Babett Knudsen, Christophe Montenez, Nicolas Bridet, Shoaib Said, Sina Parvaneh<\/p>\n\n\n\n<div style=\"height:45px\" aria-hidden=\"true\" class=\"wp-block-spacer\"><\/div>\n\n\n\n<figure class=\"wp-block-gallery has-nested-images columns-2 is-cropped wp-block-gallery-1 is-layout-flex wp-block-gallery-is-layout-flex\">\n<figure class=\"wp-block-image size-large\"><img decoding=\"async\" data-id=\"10869\" src=\"https:\/\/cinemahouse.cz\/wp-content\/uploads\/2025\/08\/13Jours13Nuits_01_00_02_17_63_4K_TIFF_R709_20250206-2-1024x426.jpg\" alt=\"13 dn\u00ed, 13 noc\u00ed\" class=\"wp-image-10869\" \/><\/figure>\n\n\n\n<figure class=\"wp-block-image size-large\"><img decoding=\"async\" data-id=\"10865\" src=\"https:\/\/cinemahouse.cz\/wp-content\/uploads\/2025\/08\/13Jours13Nuits_01_00_00_06_6_4K_TIFF_R709_20250206-1024x426.jpg\" alt=\"13 dn\u00ed, 13 noc\u00ed\" class=\"wp-image-10865\" \/><\/figure>\n\n\n\n<figure class=\"wp-block-image size-large\"><img decoding=\"async\" data-id=\"10864\" src=\"https:\/\/cinemahouse.cz\/wp-content\/uploads\/2025\/08\/13Jours13Nuits_01_00_03_00_73_4K_TIFF_R709_20250206-2.jpg\" alt=\"13 dn\u00ed, 13 noc\u00ed\" class=\"wp-image-10864\" \/><\/figure>\n\n\n\n<figure class=\"wp-block-image size-large\"><img decoding=\"async\" data-id=\"10867\" src=\"https:\/\/cinemahouse.cz\/wp-content\/uploads\/2025\/08\/13Jours13Nuits_01_00_02_26_70_4K_TIFF_R709_20250206-2-1024x426.jpg\" alt=\"13 dn\u00ed, 13 noc\u00ed\" class=\"wp-image-10867\" \/><\/figure>\n\n\n\n<figure class=\"wp-block-image size-large\"><img decoding=\"async\" data-id=\"10866\" src=\"https:\/\/cinemahouse.cz\/wp-content\/uploads\/2025\/08\/864_CDJ6453.jpg\" alt=\"13 dn\u00ed, 13 noc\u00ed\" class=\"wp-image-10866\" \/><\/figure>\n\n\n\n<figure class=\"wp-block-image size-large\"><img decoding=\"async\" data-id=\"10871\" src=\"https:\/\/cinemahouse.cz\/wp-content\/uploads\/2025\/08\/J12_0012_CDH1376-2-1024x683.jpg\" alt=\"13 dn\u00ed, 13 noc\u00ed\" class=\"wp-image-10871\" \/><\/figure>\n\n\n\n<figure class=\"wp-block-image size-large\"><img decoding=\"async\" data-id=\"10870\" src=\"https:\/\/cinemahouse.cz\/wp-content\/uploads\/2025\/08\/J31_438_CDJ1560-2-1024x683.jpg\" alt=\"13 dn\u00ed, 13 noc\u00ed\" class=\"wp-image-10870\" \/><\/figure>\n\n\n\n<figure class=\"wp-block-image size-large\"><img decoding=\"async\" data-id=\"10863\" src=\"https:\/\/cinemahouse.cz\/wp-content\/uploads\/2025\/08\/J31_499_ABH9299-2.jpg\" alt=\"13 dn\u00ed, 13 noc\u00ed\" class=\"wp-image-10863\" \/><\/figure>\n\n\n\n<figure class=\"wp-block-image size-large\"><img decoding=\"async\" data-id=\"10862\" src=\"https:\/\/cinemahouse.cz\/wp-content\/uploads\/2025\/08\/J32_491_ABH9262-2.jpg\" alt=\"13 dn\u00ed, 13 noc\u00ed\" class=\"wp-image-10862\" \/><\/figure>\n\n\n\n<figure class=\"wp-block-image size-large\"><img decoding=\"async\" data-id=\"10861\" src=\"https:\/\/cinemahouse.cz\/wp-content\/uploads\/2025\/08\/J49_718_CDJ4593-1.jpg\" alt=\"13 dn\u00ed, 13 noc\u00ed\" class=\"wp-image-10861\" \/><\/figure>\n\n\n\n<figure class=\"wp-block-image size-large\"><img decoding=\"async\" data-id=\"10868\" src=\"https:\/\/cinemahouse.cz\/wp-content\/uploads\/2025\/08\/image001.png\" alt=\"13 dn\u00ed, 13 noc\u00ed\" class=\"wp-image-10868\" \/><\/figure>\n<\/figure>\n\n\n\n<div style=\"height:45px\" aria-hidden=\"true\" class=\"wp-block-spacer\"><\/div>\n\n\n\n<p class=\"has-medium-font-size\"><strong>Zdroj foto a video:<\/strong>&nbsp;CinemArt<\/p>\n\n\n\n<div style=\"height:45px\" aria-hidden=\"true\" class=\"wp-block-spacer\"><\/div>\n","protected":false},"excerpt":{"rendered":"<p>Drama nato\u010den\u00e9 podle skute\u010dn\u00fdch ud\u00e1lost\u00ed. Americk\u00e9 jednotky se stahuj\u00ed z&nbsp;Afgh\u00e1nist\u00e1nu a ozbrojenci T\u00e1lib\u00e1nu vtrhnou do ulic K\u00e1bulu. Tis\u00edce jeho obyvatel se p\u0159ed nimi sna\u017e\u00ed uniknout. Posledn\u00ed st\u00e1le funguj\u00edc\u00ed mis\u00ed z\u016fst\u00e1v\u00e1 francouzsk\u00e9 velvyslanectv\u00ed. K\u00e1bul, 15.&#46;&#46;&#46;<\/p>\n","protected":false},"author":8,"featured_media":12611,"comment_status":"closed","ping_status":"closed","sticky":false,"template":"","format":"standard","meta":{"_monsterinsights_skip_tracking":false,"_monsterinsights_sitenote_active":false,"_monsterinsights_sitenote_note":"","_monsterinsights_sitenote_category":0,"footnotes":""},"categories":[6,2,12,4],"tags":[],"yoast_head":"<!-- This site is optimized with the Yoast SEO plugin v21.5 - https:\/\/yoast.com\/wordpress\/plugins\/seo\/ -->\n<title>Americk\u00e9 jednotky odch\u00e1zej\u00ed z Afgh\u00e1nist\u00e1nu a Talib\u00e1n za\u00fato\u010d\u00ed na hlavn\u00ed m\u011bsto v nov\u00e9m filmu: 13 DN\u00cd, 13 NOC\u00cd - CELEBRITYHOUSE.cz<\/title>\n<meta name=\"description\" content=\"Drama nato\u010den\u00e9 podle skute\u010dn\u00fdch ud\u00e1lost\u00ed. Americk\u00e9 jednotky se stahuj\u00ed z\u00a0Afgh\u00e1nist\u00e1nu a ozbrojenci T\u00e1lib\u00e1nu vtrhnou do ulic K\u00e1bulu.\" \/>\n<meta name=\"robots\" content=\"index, follow, max-snippet:-1, max-image-preview:large, max-video-preview:-1\" \/>\n<link rel=\"canonical\" href=\"https:\/\/celebrityhouse.cz\/index.php\/2025\/09\/15\/americke-jednotky-odchazeji-z-afghanistanu-a-taliban-zautoci-na-hlavni-mesto-v-novem-filmu-13-dni-13-noci\/\" \/>\n<meta property=\"og:locale\" content=\"cs_CZ\" \/>\n<meta property=\"og:type\" content=\"article\" \/>\n<meta property=\"og:title\" content=\"Americk\u00e9 jednotky odch\u00e1zej\u00ed z Afgh\u00e1nist\u00e1nu a Talib\u00e1n za\u00fato\u010d\u00ed na hlavn\u00ed m\u011bsto v nov\u00e9m filmu: 13 DN\u00cd, 13 NOC\u00cd - CELEBRITYHOUSE.cz\" \/>\n<meta property=\"og:description\" content=\"Drama nato\u010den\u00e9 podle skute\u010dn\u00fdch ud\u00e1lost\u00ed. Americk\u00e9 jednotky se stahuj\u00ed z\u00a0Afgh\u00e1nist\u00e1nu a ozbrojenci T\u00e1lib\u00e1nu vtrhnou do ulic K\u00e1bulu.\" \/>\n<meta property=\"og:url\" content=\"https:\/\/celebrityhouse.cz\/index.php\/2025\/09\/15\/americke-jednotky-odchazeji-z-afghanistanu-a-taliban-zautoci-na-hlavni-mesto-v-novem-filmu-13-dni-13-noci\/\" \/>\n<meta property=\"og:site_name\" content=\"CELEBRITYHOUSE.cz\" \/>\n<meta property=\"article:published_time\" content=\"2025-09-14T22:01:00+00:00\" \/>\n<meta property=\"article:modified_time\" content=\"2025-10-07T22:35:26+00:00\" \/>\n<meta property=\"og:image\" content=\"https:\/\/celebrityhouse.cz\/wp-content\/uploads\/2025\/08\/J31_499_ABH9299-2.jpg\" \/>\n\t<meta property=\"og:image:width\" content=\"1000\" \/>\n\t<meta property=\"og:image:height\" content=\"667\" \/>\n\t<meta property=\"og:image:type\" content=\"image\/jpeg\" \/>\n<meta name=\"author\" content=\"Martina Pechov\u00e1\" \/>\n<meta name=\"twitter:card\" content=\"summary_large_image\" \/>\n<meta name=\"twitter:label1\" content=\"Napsal(a)\" \/>\n\t<meta name=\"twitter:data1\" content=\"Martina Pechov\u00e1\" \/>\n\t<meta name=\"twitter:label2\" content=\"Odhadovan\u00e1 doba \u010dten\u00ed\" \/>\n\t<meta name=\"twitter:data2\" content=\"5 minut\" \/>\n<script type=\"application\/ld+json\" class=\"yoast-schema-graph\">{\"@context\":\"https:\/\/schema.org\",\"@graph\":[{\"@type\":\"Article\",\"@id\":\"https:\/\/celebrityhouse.cz\/index.php\/2025\/09\/15\/americke-jednotky-odchazeji-z-afghanistanu-a-taliban-zautoci-na-hlavni-mesto-v-novem-filmu-13-dni-13-noci\/#article\",\"isPartOf\":{\"@id\":\"https:\/\/celebrityhouse.cz\/index.php\/2025\/09\/15\/americke-jednotky-odchazeji-z-afghanistanu-a-taliban-zautoci-na-hlavni-mesto-v-novem-filmu-13-dni-13-noci\/\"},\"author\":{\"name\":\"Martina Pechov\u00e1\",\"@id\":\"https:\/\/celebrityhouse.cz\/#\/schema\/person\/b97cee16a2caa8cf7a55df6bcaff5d8c\"},\"headline\":\"Americk\u00e9 jednotky odch\u00e1zej\u00ed z Afgh\u00e1nist\u00e1nu a Talib\u00e1n za\u00fato\u010d\u00ed na hlavn\u00ed m\u011bsto v nov\u00e9m filmu: 13 DN\u00cd, 13 NOC\u00cd\",\"datePublished\":\"2025-09-14T22:01:00+00:00\",\"dateModified\":\"2025-10-07T22:35:26+00:00\",\"mainEntityOfPage\":{\"@id\":\"https:\/\/celebrityhouse.cz\/index.php\/2025\/09\/15\/americke-jednotky-odchazeji-z-afghanistanu-a-taliban-zautoci-na-hlavni-mesto-v-novem-filmu-13-dni-13-noci\/\"},\"wordCount\":428,\"publisher\":{\"@id\":\"https:\/\/celebrityhouse.cz\/#organization\"},\"articleSection\":[\"FILMY, SERI\u00c1LY, TV a KINO\",\"NEWS\",\"TIPY NA KINO\",\"ZAHRANI\u010cN\u00cd CELEBRITY\"],\"inLanguage\":\"cs\"},{\"@type\":\"WebPage\",\"@id\":\"https:\/\/celebrityhouse.cz\/index.php\/2025\/09\/15\/americke-jednotky-odchazeji-z-afghanistanu-a-taliban-zautoci-na-hlavni-mesto-v-novem-filmu-13-dni-13-noci\/\",\"url\":\"https:\/\/celebrityhouse.cz\/index.php\/2025\/09\/15\/americke-jednotky-odchazeji-z-afghanistanu-a-taliban-zautoci-na-hlavni-mesto-v-novem-filmu-13-dni-13-noci\/\",\"name\":\"Americk\u00e9 jednotky odch\u00e1zej\u00ed z Afgh\u00e1nist\u00e1nu a Talib\u00e1n za\u00fato\u010d\u00ed na hlavn\u00ed m\u011bsto v nov\u00e9m filmu: 13 DN\u00cd, 13 NOC\u00cd - CELEBRITYHOUSE.cz\",\"isPartOf\":{\"@id\":\"https:\/\/celebrityhouse.cz\/#website\"},\"datePublished\":\"2025-09-14T22:01:00+00:00\",\"dateModified\":\"2025-10-07T22:35:26+00:00\",\"description\":\"Drama nato\u010den\u00e9 podle skute\u010dn\u00fdch ud\u00e1lost\u00ed. Americk\u00e9 jednotky se stahuj\u00ed z\u00a0Afgh\u00e1nist\u00e1nu a ozbrojenci T\u00e1lib\u00e1nu vtrhnou do ulic K\u00e1bulu.\",\"breadcrumb\":{\"@id\":\"https:\/\/celebrityhouse.cz\/index.php\/2025\/09\/15\/americke-jednotky-odchazeji-z-afghanistanu-a-taliban-zautoci-na-hlavni-mesto-v-novem-filmu-13-dni-13-noci\/#breadcrumb\"},\"inLanguage\":\"cs\",\"potentialAction\":[{\"@type\":\"ReadAction\",\"target\":[\"https:\/\/celebrityhouse.cz\/index.php\/2025\/09\/15\/americke-jednotky-odchazeji-z-afghanistanu-a-taliban-zautoci-na-hlavni-mesto-v-novem-filmu-13-dni-13-noci\/\"]}]},{\"@type\":\"BreadcrumbList\",\"@id\":\"https:\/\/celebrityhouse.cz\/index.php\/2025\/09\/15\/americke-jednotky-odchazeji-z-afghanistanu-a-taliban-zautoci-na-hlavni-mesto-v-novem-filmu-13-dni-13-noci\/#breadcrumb\",\"itemListElement\":[{\"@type\":\"ListItem\",\"position\":1,\"name\":\"Dom\u016f\",\"item\":\"https:\/\/celebrityhouse.cz\/\"},{\"@type\":\"ListItem\",\"position\":2,\"name\":\"Americk\u00e9 jednotky odch\u00e1zej\u00ed z Afgh\u00e1nist\u00e1nu a Talib\u00e1n za\u00fato\u010d\u00ed na hlavn\u00ed m\u011bsto v nov\u00e9m filmu: 13 DN\u00cd, 13 NOC\u00cd\"}]},{\"@type\":\"WebSite\",\"@id\":\"https:\/\/celebrityhouse.cz\/#website\",\"url\":\"https:\/\/celebrityhouse.cz\/\",\"name\":\"CELEBRITYHOUSE.cz\",\"description\":\"Port\u00e1l o showbyznysu...\",\"publisher\":{\"@id\":\"https:\/\/celebrityhouse.cz\/#organization\"},\"potentialAction\":[{\"@type\":\"SearchAction\",\"target\":{\"@type\":\"EntryPoint\",\"urlTemplate\":\"https:\/\/celebrityhouse.cz\/?s={search_term_string}\"},\"query-input\":\"required name=search_term_string\"}],\"inLanguage\":\"cs\"},{\"@type\":\"Organization\",\"@id\":\"https:\/\/celebrityhouse.cz\/#organization\",\"name\":\"CELEBRITYHOUSE.cz\",\"url\":\"https:\/\/celebrityhouse.cz\/\",\"logo\":{\"@type\":\"ImageObject\",\"inLanguage\":\"cs\",\"@id\":\"https:\/\/celebrityhouse.cz\/#\/schema\/logo\/image\/\",\"url\":\"https:\/\/celebrityhouse.cz\/wp-content\/uploads\/2024\/12\/cropped-Logo_CelebrityHouse_2.jpg\",\"contentUrl\":\"https:\/\/celebrityhouse.cz\/wp-content\/uploads\/2024\/12\/cropped-Logo_CelebrityHouse_2.jpg\",\"width\":937,\"height\":510,\"caption\":\"CELEBRITYHOUSE.cz\"},\"image\":{\"@id\":\"https:\/\/celebrityhouse.cz\/#\/schema\/logo\/image\/\"}},{\"@type\":\"Person\",\"@id\":\"https:\/\/celebrityhouse.cz\/#\/schema\/person\/b97cee16a2caa8cf7a55df6bcaff5d8c\",\"name\":\"Martina Pechov\u00e1\",\"image\":{\"@type\":\"ImageObject\",\"inLanguage\":\"cs\",\"@id\":\"https:\/\/celebrityhouse.cz\/#\/schema\/person\/image\/\",\"url\":\"https:\/\/secure.gravatar.com\/avatar\/d3ad7f43789eed68b221d01c6d7ac4e5?s=96&d=mm&r=g\",\"contentUrl\":\"https:\/\/secure.gravatar.com\/avatar\/d3ad7f43789eed68b221d01c6d7ac4e5?s=96&d=mm&r=g\",\"caption\":\"Martina Pechov\u00e1\"},\"sameAs\":[\"http:\/\/CELEBRITYHOUSE.cz\"],\"url\":\"https:\/\/celebrityhouse.cz\/index.php\/author\/marpech\/\"}]}<\/script>\n<!-- \/ Yoast SEO plugin. -->","yoast_head_json":{"title":"Americk\u00e9 jednotky odch\u00e1zej\u00ed z Afgh\u00e1nist\u00e1nu a Talib\u00e1n za\u00fato\u010d\u00ed na hlavn\u00ed m\u011bsto v nov\u00e9m filmu: 13 DN\u00cd, 13 NOC\u00cd - CELEBRITYHOUSE.cz","description":"Drama nato\u010den\u00e9 podle skute\u010dn\u00fdch ud\u00e1lost\u00ed. Americk\u00e9 jednotky se stahuj\u00ed z\u00a0Afgh\u00e1nist\u00e1nu a ozbrojenci T\u00e1lib\u00e1nu vtrhnou do ulic K\u00e1bulu.","robots":{"index":"index","follow":"follow","max-snippet":"max-snippet:-1","max-image-preview":"max-image-preview:large","max-video-preview":"max-video-preview:-1"},"canonical":"https:\/\/celebrityhouse.cz\/index.php\/2025\/09\/15\/americke-jednotky-odchazeji-z-afghanistanu-a-taliban-zautoci-na-hlavni-mesto-v-novem-filmu-13-dni-13-noci\/","og_locale":"cs_CZ","og_type":"article","og_title":"Americk\u00e9 jednotky odch\u00e1zej\u00ed z Afgh\u00e1nist\u00e1nu a Talib\u00e1n za\u00fato\u010d\u00ed na hlavn\u00ed m\u011bsto v nov\u00e9m filmu: 13 DN\u00cd, 13 NOC\u00cd - CELEBRITYHOUSE.cz","og_description":"Drama nato\u010den\u00e9 podle skute\u010dn\u00fdch ud\u00e1lost\u00ed. Americk\u00e9 jednotky se stahuj\u00ed z\u00a0Afgh\u00e1nist\u00e1nu a ozbrojenci T\u00e1lib\u00e1nu vtrhnou do ulic K\u00e1bulu.","og_url":"https:\/\/celebrityhouse.cz\/index.php\/2025\/09\/15\/americke-jednotky-odchazeji-z-afghanistanu-a-taliban-zautoci-na-hlavni-mesto-v-novem-filmu-13-dni-13-noci\/","og_site_name":"CELEBRITYHOUSE.cz","article_published_time":"2025-09-14T22:01:00+00:00","article_modified_time":"2025-10-07T22:35:26+00:00","og_image":[{"width":1000,"height":667,"url":"https:\/\/celebrityhouse.cz\/wp-content\/uploads\/2025\/08\/J31_499_ABH9299-2.jpg","type":"image\/jpeg"}],"author":"Martina Pechov\u00e1","twitter_card":"summary_large_image","twitter_misc":{"Napsal(a)":"Martina Pechov\u00e1","Odhadovan\u00e1 doba \u010dten\u00ed":"5 minut"},"schema":{"@context":"https:\/\/schema.org","@graph":[{"@type":"Article","@id":"https:\/\/celebrityhouse.cz\/index.php\/2025\/09\/15\/americke-jednotky-odchazeji-z-afghanistanu-a-taliban-zautoci-na-hlavni-mesto-v-novem-filmu-13-dni-13-noci\/#article","isPartOf":{"@id":"https:\/\/celebrityhouse.cz\/index.php\/2025\/09\/15\/americke-jednotky-odchazeji-z-afghanistanu-a-taliban-zautoci-na-hlavni-mesto-v-novem-filmu-13-dni-13-noci\/"},"author":{"name":"Martina Pechov\u00e1","@id":"https:\/\/celebrityhouse.cz\/#\/schema\/person\/b97cee16a2caa8cf7a55df6bcaff5d8c"},"headline":"Americk\u00e9 jednotky odch\u00e1zej\u00ed z Afgh\u00e1nist\u00e1nu a Talib\u00e1n za\u00fato\u010d\u00ed na hlavn\u00ed m\u011bsto v nov\u00e9m filmu: 13 DN\u00cd, 13 NOC\u00cd","datePublished":"2025-09-14T22:01:00+00:00","dateModified":"2025-10-07T22:35:26+00:00","mainEntityOfPage":{"@id":"https:\/\/celebrityhouse.cz\/index.php\/2025\/09\/15\/americke-jednotky-odchazeji-z-afghanistanu-a-taliban-zautoci-na-hlavni-mesto-v-novem-filmu-13-dni-13-noci\/"},"wordCount":428,"publisher":{"@id":"https:\/\/celebrityhouse.cz\/#organization"},"articleSection":["FILMY, SERI\u00c1LY, TV a KINO","NEWS","TIPY NA KINO","ZAHRANI\u010cN\u00cd CELEBRITY"],"inLanguage":"cs"},{"@type":"WebPage","@id":"https:\/\/celebrityhouse.cz\/index.php\/2025\/09\/15\/americke-jednotky-odchazeji-z-afghanistanu-a-taliban-zautoci-na-hlavni-mesto-v-novem-filmu-13-dni-13-noci\/","url":"https:\/\/celebrityhouse.cz\/index.php\/2025\/09\/15\/americke-jednotky-odchazeji-z-afghanistanu-a-taliban-zautoci-na-hlavni-mesto-v-novem-filmu-13-dni-13-noci\/","name":"Americk\u00e9 jednotky odch\u00e1zej\u00ed z Afgh\u00e1nist\u00e1nu a Talib\u00e1n za\u00fato\u010d\u00ed na hlavn\u00ed m\u011bsto v nov\u00e9m filmu: 13 DN\u00cd, 13 NOC\u00cd - CELEBRITYHOUSE.cz","isPartOf":{"@id":"https:\/\/celebrityhouse.cz\/#website"},"datePublished":"2025-09-14T22:01:00+00:00","dateModified":"2025-10-07T22:35:26+00:00","description":"Drama nato\u010den\u00e9 podle skute\u010dn\u00fdch ud\u00e1lost\u00ed. Americk\u00e9 jednotky se stahuj\u00ed z\u00a0Afgh\u00e1nist\u00e1nu a ozbrojenci T\u00e1lib\u00e1nu vtrhnou do ulic K\u00e1bulu.","breadcrumb":{"@id":"https:\/\/celebrityhouse.cz\/index.php\/2025\/09\/15\/americke-jednotky-odchazeji-z-afghanistanu-a-taliban-zautoci-na-hlavni-mesto-v-novem-filmu-13-dni-13-noci\/#breadcrumb"},"inLanguage":"cs","potentialAction":[{"@type":"ReadAction","target":["https:\/\/celebrityhouse.cz\/index.php\/2025\/09\/15\/americke-jednotky-odchazeji-z-afghanistanu-a-taliban-zautoci-na-hlavni-mesto-v-novem-filmu-13-dni-13-noci\/"]}]},{"@type":"BreadcrumbList","@id":"https:\/\/celebrityhouse.cz\/index.php\/2025\/09\/15\/americke-jednotky-odchazeji-z-afghanistanu-a-taliban-zautoci-na-hlavni-mesto-v-novem-filmu-13-dni-13-noci\/#breadcrumb","itemListElement":[{"@type":"ListItem","position":1,"name":"Dom\u016f","item":"https:\/\/celebrityhouse.cz\/"},{"@type":"ListItem","position":2,"name":"Americk\u00e9 jednotky odch\u00e1zej\u00ed z Afgh\u00e1nist\u00e1nu a Talib\u00e1n za\u00fato\u010d\u00ed na hlavn\u00ed m\u011bsto v nov\u00e9m filmu: 13 DN\u00cd, 13 NOC\u00cd"}]},{"@type":"WebSite","@id":"https:\/\/celebrityhouse.cz\/#website","url":"https:\/\/celebrityhouse.cz\/","name":"CELEBRITYHOUSE.cz","description":"Port\u00e1l o showbyznysu...","publisher":{"@id":"https:\/\/celebrityhouse.cz\/#organization"},"potentialAction":[{"@type":"SearchAction","target":{"@type":"EntryPoint","urlTemplate":"https:\/\/celebrityhouse.cz\/?s={search_term_string}"},"query-input":"required name=search_term_string"}],"inLanguage":"cs"},{"@type":"Organization","@id":"https:\/\/celebrityhouse.cz\/#organization","name":"CELEBRITYHOUSE.cz","url":"https:\/\/celebrityhouse.cz\/","logo":{"@type":"ImageObject","inLanguage":"cs","@id":"https:\/\/celebrityhouse.cz\/#\/schema\/logo\/image\/","url":"https:\/\/celebrityhouse.cz\/wp-content\/uploads\/2024\/12\/cropped-Logo_CelebrityHouse_2.jpg","contentUrl":"https:\/\/celebrityhouse.cz\/wp-content\/uploads\/2024\/12\/cropped-Logo_CelebrityHouse_2.jpg","width":937,"height":510,"caption":"CELEBRITYHOUSE.cz"},"image":{"@id":"https:\/\/celebrityhouse.cz\/#\/schema\/logo\/image\/"}},{"@type":"Person","@id":"https:\/\/celebrityhouse.cz\/#\/schema\/person\/b97cee16a2caa8cf7a55df6bcaff5d8c","name":"Martina Pechov\u00e1","image":{"@type":"ImageObject","inLanguage":"cs","@id":"https:\/\/celebrityhouse.cz\/#\/schema\/person\/image\/","url":"https:\/\/secure.gravatar.com\/avatar\/d3ad7f43789eed68b221d01c6d7ac4e5?s=96&d=mm&r=g","contentUrl":"https:\/\/secure.gravatar.com\/avatar\/d3ad7f43789eed68b221d01c6d7ac4e5?s=96&d=mm&r=g","caption":"Martina Pechov\u00e1"},"sameAs":["http:\/\/CELEBRITYHOUSE.cz"],"url":"https:\/\/celebrityhouse.cz\/index.php\/author\/marpech\/"}]}},"_links":{"self":[{"href":"https:\/\/celebrityhouse.cz\/index.php\/wp-json\/wp\/v2\/posts\/12601"}],"collection":[{"href":"https:\/\/celebrityhouse.cz\/index.php\/wp-json\/wp\/v2\/posts"}],"about":[{"href":"https:\/\/celebrityhouse.cz\/index.php\/wp-json\/wp\/v2\/types\/post"}],"author":[{"embeddable":true,"href":"https:\/\/celebrityhouse.cz\/index.php\/wp-json\/wp\/v2\/users\/8"}],"replies":[{"embeddable":true,"href":"https:\/\/celebrityhouse.cz\/index.php\/wp-json\/wp\/v2\/comments?post=12601"}],"version-history":[{"count":2,"href":"https:\/\/celebrityhouse.cz\/index.php\/wp-json\/wp\/v2\/posts\/12601\/revisions"}],"predecessor-version":[{"id":12615,"href":"https:\/\/celebrityhouse.cz\/index.php\/wp-json\/wp\/v2\/posts\/12601\/revisions\/12615"}],"wp:featuredmedia":[{"embeddable":true,"href":"https:\/\/celebrityhouse.cz\/index.php\/wp-json\/wp\/v2\/media\/12611"}],"wp:attachment":[{"href":"https:\/\/celebrityhouse.cz\/index.php\/wp-json\/wp\/v2\/media?parent=12601"}],"wp:term":[{"taxonomy":"category","embeddable":true,"href":"https:\/\/celebrityhouse.cz\/index.php\/wp-json\/wp\/v2\/categories?post=12601"},{"taxonomy":"post_tag","embeddable":true,"href":"https:\/\/celebrityhouse.cz\/index.php\/wp-json\/wp\/v2\/tags?post=12601"}],"curies":[{"name":"wp","href":"https:\/\/api.w.org\/{rel}","templated":true}]}}