{"id":13105,"date":"2026-03-14T00:01:40","date_gmt":"2026-03-13T23:01:40","guid":{"rendered":"https:\/\/celebrityhouse.cz\/?p=13105"},"modified":"2026-03-01T01:50:22","modified_gmt":"2026-03-01T00:50:22","slug":"ikona-jmenem-armani-posledni-kolekce-a-zivotni-odkaz-modniho-genia","status":"publish","type":"post","link":"https:\/\/celebrityhouse.cz\/index.php\/2026\/03\/14\/ikona-jmenem-armani-posledni-kolekce-a-zivotni-odkaz-modniho-genia\/","title":{"rendered":"Ikona jm\u00e9nem Armani. Posledn\u00ed kolekce a \u017eivotn\u00ed odkaz m\u00f3dn\u00edho g\u00e9nia"},"content":{"rendered":"\n<div style=\"height:40px\" aria-hidden=\"true\" class=\"wp-block-spacer\"><\/div>\n\n\n\n<figure class=\"wp-block-image size-large\"><img loading=\"lazy\" decoding=\"async\" width=\"1024\" height=\"409\" src=\"https:\/\/celebrityhouse.cz\/wp-content\/uploads\/2025\/10\/87242886_148829383329603_1272911144121532416_n-1024x409.jpeg\" alt=\"Ikona jm\u00e9nem Armani. Posledn\u00ed kolekce a \u017eivotn\u00ed odkaz m\u00f3dn\u00edho g\u00e9nia\" class=\"wp-image-13113\" srcset=\"https:\/\/celebrityhouse.cz\/wp-content\/uploads\/2025\/10\/87242886_148829383329603_1272911144121532416_n-1024x409.jpeg 1024w, https:\/\/celebrityhouse.cz\/wp-content\/uploads\/2025\/10\/87242886_148829383329603_1272911144121532416_n-300x120.jpeg 300w, https:\/\/celebrityhouse.cz\/wp-content\/uploads\/2025\/10\/87242886_148829383329603_1272911144121532416_n-768x306.jpeg 768w, https:\/\/celebrityhouse.cz\/wp-content\/uploads\/2025\/10\/87242886_148829383329603_1272911144121532416_n.jpeg 1243w\" sizes=\"(max-width: 1024px) 100vw, 1024px\" \/><\/figure>\n\n\n\n<p class=\"has-medium-font-size\"><strong>Kdy\u017e 4. z\u00e1\u0159\u00ed 2025 ve v\u011bku 91 let ode\u0161el Giorgio Armani, sv\u011bt m\u00f3dy z\u016fstal v tich\u00e9m \u00fa\u017easu. Ikona, kter\u00e1 v\u00edce ne\u017e p\u016fl stolet\u00ed formovala estetiku modern\u00edho od\u00edv\u00e1n\u00ed, za sebou zanechala d\u011bdictv\u00ed, je\u017e se dot\u00fdk\u00e1 nejen m\u00f3dy, ale i kultury, filmu a \u017eivotn\u00edho stylu. Letos se proto Milan Fashion Week prom\u011bn\u00ed ve velkolepou oslavu jeho odkazu \u2013 propojen\u00ed retrospektivy, um\u011bn\u00ed a posledn\u00ed kolekce, kterou n\u00e1vrh\u00e1\u0159 p\u0159ipravoval a\u017e do sv\u00fdch posledn\u00edch dn\u00ed.<\/strong><\/p>\n\n\n\n<div style=\"height:14px\" aria-hidden=\"true\" class=\"wp-block-spacer\"><\/div>\n\n\n\n<p class=\"has-medium-font-size\">Armani se narodil v roce 1934 v Piacenze na severu It\u00e1lie. P\u016fvodn\u011b studoval medic\u00ednu, ale jeho cesta se brzy sto\u010dila k m\u00f3d\u011b. V 60. letech pracoval jako n\u00e1kup\u010d\u00ed a n\u00e1vrh\u00e1\u0159 pro obchodn\u00ed d\u016fm La Rinascente a pozd\u011bji se p\u0159ipojil ke zna\u010dce Cerruti, kde navrhoval p\u00e1nsk\u00e9 kolekce.<\/p>\n\n\n\n<p class=\"has-medium-font-size\">V roce 1975 pak spolu se sv\u00fdm partnerem Sergiem Galeottim zalo\u017eil vlastn\u00ed zna\u010dku <strong>Giorgio Armani S.p.A.<\/strong>. Jeho minimalistick\u00fd, \u010dist\u00fd a sofistikovan\u00fd styl se stal symbolem nov\u00e9 \u00e9ry elegance. Armaniho obleky s m\u011bkkou strukturou a le\u017e\u00e9rn\u00edm, ale precizn\u00edm st\u0159ihem p\u0159epsaly pravidla p\u00e1nsk\u00e9 m\u00f3dy.<\/p>\n\n\n\n<div style=\"height:40px\" class=\"wp-block-spacer\"><\/div>\n\n\n\n<figure class=\"wp-block-gallery has-nested-images columns-default is-cropped wp-block-gallery-1 is-layout-flex wp-block-gallery-is-layout-flex\">\n<figure class=\"wp-block-image size-large\"><img decoding=\"async\" data-id=\"4619\" src=\"https:\/\/prazskaparizska.cz\/wp-content\/uploads\/2025\/09\/543811359_18081285613939467_3467105015323567154_n-819x1024.jpeg\" alt=\"Ikona jm\u00e9nem Armani. Posledn\u00ed kolekce a \u017eivotn\u00ed odkaz m\u00f3dn\u00edho g\u00e9nia\" class=\"wp-image-4619\" \/><\/figure>\n\n\n\n<figure class=\"wp-block-image size-large\"><img decoding=\"async\" data-id=\"4621\" src=\"https:\/\/prazskaparizska.cz\/wp-content\/uploads\/2025\/09\/523109594_18076904635939467_405731199957249317_n-769x1024.jpeg\" alt=\"Ikona jm\u00e9nem Armani. Posledn\u00ed kolekce a \u017eivotn\u00ed odkaz m\u00f3dn\u00edho g\u00e9nia\" class=\"wp-image-4621\" \/><\/figure>\n<\/figure>\n\n\n\n<div style=\"height:40px\" class=\"wp-block-spacer\"><\/div>\n\n\n\n<p class=\"has-medium-font-size\">Jeho vliv v\u0161ak sahal mnohem d\u00e1l ne\u017e jen do m\u00f3dn\u00ed oblasti. Obl\u00e9kl hollywoodsk\u00e9 hv\u011bzdy pro \u010derven\u00fd koberec, spolupracoval na ikonick\u00fdch filmov\u00fdch kost\u00fdmech (nap\u0159. <em>American Gigolo<\/em> s Richardem Gerem) a stal se tv\u00e1\u0159\u00ed \u017eivotn\u00edho stylu, kde luxus znamen\u00e1 jednoduchost a precizn\u00ed \u0159emeslo.<\/p>\n\n\n\n<div style=\"height:40px\" class=\"wp-block-spacer\"><\/div>\n\n\n\n<h2 class=\"wp-block-heading\">Armaniho rukopis: elegance v jednoduchosti<\/h2>\n\n\n\n<div style=\"height:40px\" class=\"wp-block-spacer\"><\/div>\n\n\n\n<ul class=\"wp-block-list\">\n<li class=\"has-medium-font-size\"><strong>Nad\u010dasov\u00e1 barevnost<\/strong> \u2013 tlumen\u00e9 t\u00f3ny, b\u00e9\u017eov\u00e1, \u0161ed\u00e1, n\u00e1mo\u0159nick\u00e1 mod\u0159 a \u010dern\u00e1, kter\u00e9 tvo\u0159ily z\u00e1klad jeho kolekc\u00ed.<\/li>\n\n\n\n<li class=\"has-medium-font-size\"><strong>Lehkost a pohyb<\/strong> \u2013 obleky bez vyztu\u017een\u00fdch ramen, sat\u00e9nov\u00e9 \u0161aty, voln\u00e9 st\u0159ihy.<\/li>\n\n\n\n<li class=\"has-medium-font-size\"><strong>Spojen\u00ed p\u00e1nsk\u00e9ho a d\u00e1msk\u00e9ho stylu<\/strong> \u2013 Armani emancipoval \u017eeny prost\u0159ednictv\u00edm dokonale st\u0159i\u017een\u00fdch kalhotov\u00fdch kost\u00fdm\u016f, kter\u00e9 se staly symbolem sebev\u011bdom\u00ed 80. let.<\/li>\n\n\n\n<li class=\"has-medium-font-size\"><strong>Luxus bez ok\u00e1zalosti<\/strong> \u2013 filozofie \u201em\u00e9n\u011b je v\u00edce\u201c definovala cel\u00fd jeho p\u0159\u00edstup.<\/li>\n<\/ul>\n\n\n\n<div style=\"height:40px\" class=\"wp-block-spacer\"><\/div>\n\n\n\n<figure class=\"wp-block-image size-large\"><img decoding=\"async\" src=\"https:\/\/prazskaparizska.cz\/wp-content\/uploads\/2025\/09\/494769045_702348705625096_8361761942464166075_n-1024x682.jpeg\" alt=\"Ikona jm\u00e9nem Armani. Posledn\u00ed kolekce a \u017eivotn\u00ed odkaz m\u00f3dn\u00edho g\u00e9nia\" class=\"wp-image-4622\" \/><\/figure>\n\n\n\n<div style=\"height:39px\" class=\"wp-block-spacer\"><\/div>\n\n\n\n<p class=\"has-medium-font-size\">Na po\u010dest 50. v\u00fdro\u010d\u00ed zna\u010dky byl v srpnu 2025 spu\u0161t\u011bn projekt <strong>Armani\/Archivio<\/strong>. Interaktivn\u00ed digit\u00e1ln\u00ed platforma p\u0159edstavuje v\u00fdb\u011br ikonick\u00fdch model\u016f, skic a kampan\u00ed, kter\u00e9 definovaly dek\u00e1dy Armaniho tvorby. P\u0159i spu\u0161t\u011bn\u00ed nab\u00eddla 57 model\u016f, v dal\u0161\u00edch m\u011bs\u00edc\u00edch se bude archiv postupn\u011b roz\u0161i\u0159ovat.<\/p>\n\n\n\n<p class=\"has-medium-font-size\">Sou\u010d\u00e1st\u00ed je tak\u00e9 fyzick\u00fd archiv u Mil\u00e1na a v\u00fdstava v <strong>Pinacoteca di Brera<\/strong>, kter\u00e1 se otev\u0159e 24. z\u00e1\u0159\u00ed 2025. Poprv\u00e9 v historii tohoto presti\u017en\u00edho muzea bude m\u00f3da vystavena vedle v\u00fdtvarn\u00e9ho um\u011bn\u00ed \u2013 a to prost\u0159ednictv\u00edm 150 model\u016f Giorgio Armani, kter\u00e9 ilustruj\u00ed jeho schopnost spojit m\u00f3du s um\u011bn\u00edm.<\/p>\n\n\n\n<div style=\"height:40px\" class=\"wp-block-spacer\"><\/div>\n\n\n\n<figure class=\"wp-block-gallery has-nested-images columns-default is-cropped wp-block-gallery-2 is-layout-flex wp-block-gallery-is-layout-flex\">\n<figure class=\"wp-block-image size-large\"><img decoding=\"async\" data-id=\"4624\" src=\"https:\/\/prazskaparizska.cz\/wp-content\/uploads\/2025\/09\/512685151_743232181536748_7433043390375356326_n-683x1024.jpeg\" alt=\"Ikona jm\u00e9nem Armani. Posledn\u00ed kolekce a \u017eivotn\u00ed odkaz m\u00f3dn\u00edho g\u00e9nia\" class=\"wp-image-4624\" \/><\/figure>\n\n\n\n<figure class=\"wp-block-image size-large\"><img decoding=\"async\" data-id=\"4625\" src=\"https:\/\/prazskaparizska.cz\/wp-content\/uploads\/2025\/09\/487873597_682778797582087_2275782300018649157_n-819x1024.jpeg\" alt=\"Ikona jm\u00e9nem Armani. Posledn\u00ed kolekce a \u017eivotn\u00ed odkaz m\u00f3dn\u00edho g\u00e9nia\" class=\"wp-image-4625\" \/><\/figure>\n<\/figure>\n\n\n\n<div style=\"height:40px\" class=\"wp-block-spacer\"><\/div>\n\n\n\n<h2 class=\"wp-block-heading\">Posledn\u00ed kapitola a nov\u00e9 za\u010d\u00e1tky <\/h2>\n\n\n\n<div style=\"height:40px\" class=\"wp-block-spacer\"><\/div>\n\n\n\n<p class=\"has-medium-font-size\">Emporio Armani p\u0159edstav\u00ed preview kolekce pro jaro\/l\u00e9to 2026 25. z\u00e1\u0159\u00ed b\u011bhem Milan Fashion Weeku. Bude to d\u016fkaz, \u017ee zna\u010dka pokra\u010duje d\u00e1l, a z\u00e1rove\u0148 pocta jej\u00edmu zakladateli. Velk\u00e9 fin\u00e1le se odehraje <strong>28. z\u00e1\u0159\u00ed v Courtyard of Honour, Palazzo Brera<\/strong>. Fin\u00e1ln\u00ed kolekce Giorgio Armani pro jaro\/l\u00e9to 2026 spoj\u00ed \u017eenskou a \u010d\u00e1ste\u010dn\u011b i mu\u017eskou linii a show se stane symbolick\u00fdm uzav\u0159en\u00edm nejen Fashion Weeku, ale cel\u00e9 \u00e9ry jednoho z nejvlivn\u011bj\u0161\u00edch n\u00e1vrh\u00e1\u0159\u016f 20. a 21. stolet\u00ed.<\/p>\n\n\n\n<div style=\"height:40px\" class=\"wp-block-spacer\"><\/div>\n\n\n\n<figure class=\"wp-block-gallery has-nested-images columns-default is-cropped wp-block-gallery-3 is-layout-flex wp-block-gallery-is-layout-flex\">\n<figure class=\"wp-block-image size-large\"><img decoding=\"async\" data-id=\"4627\" src=\"https:\/\/prazskaparizska.cz\/wp-content\/uploads\/2025\/09\/475405120_18060673417939467_1621633419433751736_n-819x1024.jpeg\" alt=\"Ikona jm\u00e9nem Armani. Posledn\u00ed kolekce a \u017eivotn\u00ed odkaz m\u00f3dn\u00edho g\u00e9nia\" class=\"wp-image-4627\" \/><\/figure>\n\n\n\n<figure class=\"wp-block-image size-large\"><img decoding=\"async\" data-id=\"4629\" src=\"https:\/\/prazskaparizska.cz\/wp-content\/uploads\/2025\/09\/486015229_671175018742465_2355476167709802963_n-819x1024.jpeg\" alt=\"Ikona jm\u00e9nem Armani. Posledn\u00ed kolekce a \u017eivotn\u00ed odkaz m\u00f3dn\u00edho g\u00e9nia\" class=\"wp-image-4629\" \/><\/figure>\n\n\n\n<figure class=\"wp-block-image size-large\"><img decoding=\"async\" data-id=\"4628\" src=\"https:\/\/prazskaparizska.cz\/wp-content\/uploads\/2025\/09\/485955146_671175358742431_2068242131783694343_n-819x1024.jpeg\" alt=\"Ikona jm\u00e9nem Armani. Posledn\u00ed kolekce a \u017eivotn\u00ed odkaz m\u00f3dn\u00edho g\u00e9nia\" class=\"wp-image-4628\" \/><\/figure>\n<\/figure>\n\n\n\n<div style=\"height:40px\" class=\"wp-block-spacer\"><\/div>\n\n\n\n<p class=\"has-medium-font-size\">Giorgio Armani dok\u00e1zal b\u011bhem v\u00edce ne\u017e p\u011bti dek\u00e1d zm\u011bnit tv\u00e1\u0159 m\u00f3dy. Jeho kolekce nebyly pouh\u00fdm oble\u010den\u00edm \u2013 byly vyj\u00e1d\u0159en\u00edm postoje, \u017ee prav\u00fd luxus se skr\u00fdv\u00e1 v jednoduchosti, detailech a kvalit\u011b.<\/p>\n\n\n\n<p class=\"has-medium-font-size\">Jeho posledn\u00ed kolekce, v\u00fdstava a archiv tak nejsou jen poctou minulosti, ale i mostem k budoucnosti, kter\u00fd umo\u017en\u00ed dal\u0161\u00edm generac\u00edm \u010derpat inspiraci z jeho odkazu.<\/p>\n\n\n\n<div style=\"height:100px\" class=\"wp-block-spacer\"><\/div>\n\n\n\n<figure class=\"wp-block-gallery has-nested-images columns-default is-cropped wp-block-gallery-4 is-layout-flex wp-block-gallery-is-layout-flex\">\n<figure class=\"wp-block-image size-large\"><img decoding=\"async\" data-id=\"4615\" src=\"https:\/\/prazskaparizska.cz\/wp-content\/uploads\/2025\/09\/87242886_148829383329603_1272911144121532416_n-1024x409.jpeg\" alt=\"Ikona jm\u00e9nem Armani. Posledn\u00ed kolekce a \u017eivotn\u00ed odkaz m\u00f3dn\u00edho g\u00e9nia\" class=\"wp-image-4615\" \/><\/figure>\n\n\n\n<figure class=\"wp-block-image size-large\"><img decoding=\"async\" data-id=\"4618\" src=\"https:\/\/prazskaparizska.cz\/wp-content\/uploads\/2025\/09\/541599442_18080829238939467_6886588659118768301_n-768x1024.jpeg\" alt=\"Ikona jm\u00e9nem Armani. Posledn\u00ed kolekce a \u017eivotn\u00ed odkaz m\u00f3dn\u00edho g\u00e9nia\" class=\"wp-image-4618\" \/><\/figure>\n\n\n\n<figure class=\"wp-block-image size-large\"><img decoding=\"async\" data-id=\"4619\" src=\"https:\/\/prazskaparizska.cz\/wp-content\/uploads\/2025\/09\/543811359_18081285613939467_3467105015323567154_n-819x1024.jpeg\" alt=\"Ikona jm\u00e9nem Armani. Posledn\u00ed kolekce a \u017eivotn\u00ed odkaz m\u00f3dn\u00edho g\u00e9nia\" class=\"wp-image-4619\" \/><\/figure>\n\n\n\n<figure class=\"wp-block-image size-large\"><img decoding=\"async\" data-id=\"4621\" src=\"https:\/\/prazskaparizska.cz\/wp-content\/uploads\/2025\/09\/523109594_18076904635939467_405731199957249317_n-769x1024.jpeg\" alt=\"Ikona jm\u00e9nem Armani. Posledn\u00ed kolekce a \u017eivotn\u00ed odkaz m\u00f3dn\u00edho g\u00e9nia\" class=\"wp-image-4621\" \/><\/figure>\n\n\n\n<figure class=\"wp-block-image size-large\"><img decoding=\"async\" data-id=\"4622\" src=\"https:\/\/prazskaparizska.cz\/wp-content\/uploads\/2025\/09\/494769045_702348705625096_8361761942464166075_n-1024x682.jpeg\" alt=\"Ikona jm\u00e9nem Armani. Posledn\u00ed kolekce a \u017eivotn\u00ed odkaz m\u00f3dn\u00edho g\u00e9nia\" class=\"wp-image-4622\" \/><\/figure>\n\n\n\n<figure class=\"wp-block-image size-large\"><img decoding=\"async\" data-id=\"4624\" src=\"https:\/\/prazskaparizska.cz\/wp-content\/uploads\/2025\/09\/512685151_743232181536748_7433043390375356326_n-683x1024.jpeg\" alt=\"Ikona jm\u00e9nem Armani. Posledn\u00ed kolekce a \u017eivotn\u00ed odkaz m\u00f3dn\u00edho g\u00e9nia\" class=\"wp-image-4624\" \/><\/figure>\n\n\n\n<figure class=\"wp-block-image size-large\"><img decoding=\"async\" data-id=\"4625\" src=\"https:\/\/prazskaparizska.cz\/wp-content\/uploads\/2025\/09\/487873597_682778797582087_2275782300018649157_n-819x1024.jpeg\" alt=\"Ikona jm\u00e9nem Armani. Posledn\u00ed kolekce a \u017eivotn\u00ed odkaz m\u00f3dn\u00edho g\u00e9nia\" class=\"wp-image-4625\" \/><\/figure>\n\n\n\n<figure class=\"wp-block-image size-large\"><img decoding=\"async\" data-id=\"4627\" src=\"https:\/\/prazskaparizska.cz\/wp-content\/uploads\/2025\/09\/475405120_18060673417939467_1621633419433751736_n-819x1024.jpeg\" alt=\"Ikona jm\u00e9nem Armani. Posledn\u00ed kolekce a \u017eivotn\u00ed odkaz m\u00f3dn\u00edho g\u00e9nia\" class=\"wp-image-4627\" \/><\/figure>\n\n\n\n<figure class=\"wp-block-image size-large\"><img decoding=\"async\" data-id=\"4628\" src=\"https:\/\/prazskaparizska.cz\/wp-content\/uploads\/2025\/09\/485955146_671175358742431_2068242131783694343_n-819x1024.jpeg\" alt=\"Ikona jm\u00e9nem Armani. Posledn\u00ed kolekce a \u017eivotn\u00ed odkaz m\u00f3dn\u00edho g\u00e9nia\" class=\"wp-image-4628\" \/><\/figure>\n\n\n\n<figure class=\"wp-block-image size-large\"><img decoding=\"async\" data-id=\"4629\" src=\"https:\/\/prazskaparizska.cz\/wp-content\/uploads\/2025\/09\/486015229_671175018742465_2355476167709802963_n-819x1024.jpeg\" alt=\"Ikona jm\u00e9nem Armani. Posledn\u00ed kolekce a \u017eivotn\u00ed odkaz m\u00f3dn\u00edho g\u00e9nia\" class=\"wp-image-4629\" \/><\/figure>\n<\/figure>\n\n\n\n<div style=\"height:40px\" class=\"wp-block-spacer\"><\/div>\n\n\n\n<p class=\"has-medium-font-size\"><strong>Zdroj foto<\/strong>: Giorgio Armani <\/p>\n\n\n\n<div style=\"height:100px\" class=\"wp-block-spacer\"><\/div>\n","protected":false},"excerpt":{"rendered":"<p>Kdy\u017e 4. z\u00e1\u0159\u00ed 2025 ve v\u011bku 91 let ode\u0161el Giorgio Armani, sv\u011bt m\u00f3dy z\u016fstal v tich\u00e9m \u00fa\u017easu. Ikona, kter\u00e1 v\u00edce ne\u017e p\u016fl stolet\u00ed formovala estetiku modern\u00edho od\u00edv\u00e1n\u00ed, za sebou zanechala d\u011bdictv\u00ed, je\u017e se dot\u00fdk\u00e1&#46;&#46;&#46;<\/p>\n","protected":false},"author":12,"featured_media":13113,"comment_status":"closed","ping_status":"closed","sticky":false,"template":"","format":"standard","meta":{"_monsterinsights_skip_tracking":false,"_monsterinsights_sitenote_active":false,"_monsterinsights_sitenote_note":"","_monsterinsights_sitenote_category":0,"footnotes":""},"categories":[187,18],"tags":[221,25,223,24,222],"yoast_head":"<!-- This site is optimized with the Yoast SEO plugin v21.5 - https:\/\/yoast.com\/wordpress\/plugins\/seo\/ -->\n<title>Ikona jm\u00e9nem Armani. Posledn\u00ed kolekce a \u017eivotn\u00ed odkaz m\u00f3dn\u00edho g\u00e9nia - CELEBRITYHOUSE.cz<\/title>\n<meta name=\"description\" content=\"Posledn\u00ed kolekce zesnul\u00e9ho n\u00e1vrh\u00e1\u0159e a vizion\u00e1\u0159e Armaniho bude p\u0159edstavena b\u011bhem Milan Fashion Weeku 28. z\u00e1\u0159\u00ed.\" \/>\n<meta name=\"robots\" content=\"index, follow, max-snippet:-1, max-image-preview:large, max-video-preview:-1\" \/>\n<link rel=\"canonical\" href=\"https:\/\/celebrityhouse.cz\/index.php\/2026\/03\/14\/ikona-jmenem-armani-posledni-kolekce-a-zivotni-odkaz-modniho-genia\/\" \/>\n<meta property=\"og:locale\" content=\"cs_CZ\" \/>\n<meta property=\"og:type\" content=\"article\" \/>\n<meta property=\"og:title\" content=\"Ikona jm\u00e9nem Armani. Posledn\u00ed kolekce a \u017eivotn\u00ed odkaz m\u00f3dn\u00edho g\u00e9nia - CELEBRITYHOUSE.cz\" \/>\n<meta property=\"og:description\" content=\"Posledn\u00ed kolekce zesnul\u00e9ho n\u00e1vrh\u00e1\u0159e a vizion\u00e1\u0159e Armaniho bude p\u0159edstavena b\u011bhem Milan Fashion Weeku 28. z\u00e1\u0159\u00ed.\" \/>\n<meta property=\"og:url\" content=\"https:\/\/celebrityhouse.cz\/index.php\/2026\/03\/14\/ikona-jmenem-armani-posledni-kolekce-a-zivotni-odkaz-modniho-genia\/\" \/>\n<meta property=\"og:site_name\" content=\"CELEBRITYHOUSE.cz\" \/>\n<meta property=\"article:published_time\" content=\"2026-03-13T23:01:40+00:00\" \/>\n<meta property=\"article:modified_time\" content=\"2026-03-01T00:50:22+00:00\" \/>\n<meta property=\"og:image\" content=\"https:\/\/celebrityhouse.cz\/wp-content\/uploads\/2025\/10\/87242886_148829383329603_1272911144121532416_n.jpeg\" \/>\n\t<meta property=\"og:image:width\" content=\"1243\" \/>\n\t<meta property=\"og:image:height\" content=\"496\" \/>\n\t<meta property=\"og:image:type\" content=\"image\/jpeg\" \/>\n<meta name=\"author\" content=\"Nela Slivkov\u00e1\" \/>\n<meta name=\"twitter:card\" content=\"summary_large_image\" \/>\n<meta name=\"twitter:label1\" content=\"Napsal(a)\" \/>\n\t<meta name=\"twitter:data1\" content=\"Nela Slivkov\u00e1\" \/>\n\t<meta name=\"twitter:label2\" content=\"Odhadovan\u00e1 doba \u010dten\u00ed\" \/>\n\t<meta name=\"twitter:data2\" content=\"7 minut\" \/>\n<script type=\"application\/ld+json\" class=\"yoast-schema-graph\">{\"@context\":\"https:\/\/schema.org\",\"@graph\":[{\"@type\":\"Article\",\"@id\":\"https:\/\/celebrityhouse.cz\/index.php\/2026\/03\/14\/ikona-jmenem-armani-posledni-kolekce-a-zivotni-odkaz-modniho-genia\/#article\",\"isPartOf\":{\"@id\":\"https:\/\/celebrityhouse.cz\/index.php\/2026\/03\/14\/ikona-jmenem-armani-posledni-kolekce-a-zivotni-odkaz-modniho-genia\/\"},\"author\":{\"name\":\"Nela Slivkov\u00e1\",\"@id\":\"https:\/\/celebrityhouse.cz\/#\/schema\/person\/34a573fce9e85429a8a9bf5d43ea040c\"},\"headline\":\"Ikona jm\u00e9nem Armani. Posledn\u00ed kolekce a \u017eivotn\u00ed odkaz m\u00f3dn\u00edho g\u00e9nia\",\"datePublished\":\"2026-03-13T23:01:40+00:00\",\"dateModified\":\"2026-03-01T00:50:22+00:00\",\"mainEntityOfPage\":{\"@id\":\"https:\/\/celebrityhouse.cz\/index.php\/2026\/03\/14\/ikona-jmenem-armani-posledni-kolekce-a-zivotni-odkaz-modniho-genia\/\"},\"wordCount\":636,\"publisher\":{\"@id\":\"https:\/\/celebrityhouse.cz\/#organization\"},\"keywords\":[\"Armani\",\"fashion\",\"MFW\",\"m\u00f3da\",\"n\u00e1vrh\u00e1\u0159i\"],\"articleSection\":[\"CELEBRITY\",\"LIFESTYLE\"],\"inLanguage\":\"cs\"},{\"@type\":\"WebPage\",\"@id\":\"https:\/\/celebrityhouse.cz\/index.php\/2026\/03\/14\/ikona-jmenem-armani-posledni-kolekce-a-zivotni-odkaz-modniho-genia\/\",\"url\":\"https:\/\/celebrityhouse.cz\/index.php\/2026\/03\/14\/ikona-jmenem-armani-posledni-kolekce-a-zivotni-odkaz-modniho-genia\/\",\"name\":\"Ikona jm\u00e9nem Armani. Posledn\u00ed kolekce a \u017eivotn\u00ed odkaz m\u00f3dn\u00edho g\u00e9nia - CELEBRITYHOUSE.cz\",\"isPartOf\":{\"@id\":\"https:\/\/celebrityhouse.cz\/#website\"},\"datePublished\":\"2026-03-13T23:01:40+00:00\",\"dateModified\":\"2026-03-01T00:50:22+00:00\",\"description\":\"Posledn\u00ed kolekce zesnul\u00e9ho n\u00e1vrh\u00e1\u0159e a vizion\u00e1\u0159e Armaniho bude p\u0159edstavena b\u011bhem Milan Fashion Weeku 28. z\u00e1\u0159\u00ed.\",\"breadcrumb\":{\"@id\":\"https:\/\/celebrityhouse.cz\/index.php\/2026\/03\/14\/ikona-jmenem-armani-posledni-kolekce-a-zivotni-odkaz-modniho-genia\/#breadcrumb\"},\"inLanguage\":\"cs\",\"potentialAction\":[{\"@type\":\"ReadAction\",\"target\":[\"https:\/\/celebrityhouse.cz\/index.php\/2026\/03\/14\/ikona-jmenem-armani-posledni-kolekce-a-zivotni-odkaz-modniho-genia\/\"]}]},{\"@type\":\"BreadcrumbList\",\"@id\":\"https:\/\/celebrityhouse.cz\/index.php\/2026\/03\/14\/ikona-jmenem-armani-posledni-kolekce-a-zivotni-odkaz-modniho-genia\/#breadcrumb\",\"itemListElement\":[{\"@type\":\"ListItem\",\"position\":1,\"name\":\"Dom\u016f\",\"item\":\"https:\/\/celebrityhouse.cz\/\"},{\"@type\":\"ListItem\",\"position\":2,\"name\":\"Ikona jm\u00e9nem Armani. Posledn\u00ed kolekce a \u017eivotn\u00ed odkaz m\u00f3dn\u00edho g\u00e9nia\"}]},{\"@type\":\"WebSite\",\"@id\":\"https:\/\/celebrityhouse.cz\/#website\",\"url\":\"https:\/\/celebrityhouse.cz\/\",\"name\":\"CELEBRITYHOUSE.cz\",\"description\":\"Port\u00e1l o showbyznysu...\",\"publisher\":{\"@id\":\"https:\/\/celebrityhouse.cz\/#organization\"},\"potentialAction\":[{\"@type\":\"SearchAction\",\"target\":{\"@type\":\"EntryPoint\",\"urlTemplate\":\"https:\/\/celebrityhouse.cz\/?s={search_term_string}\"},\"query-input\":\"required name=search_term_string\"}],\"inLanguage\":\"cs\"},{\"@type\":\"Organization\",\"@id\":\"https:\/\/celebrityhouse.cz\/#organization\",\"name\":\"CELEBRITYHOUSE.cz\",\"url\":\"https:\/\/celebrityhouse.cz\/\",\"logo\":{\"@type\":\"ImageObject\",\"inLanguage\":\"cs\",\"@id\":\"https:\/\/celebrityhouse.cz\/#\/schema\/logo\/image\/\",\"url\":\"https:\/\/celebrityhouse.cz\/wp-content\/uploads\/2024\/12\/cropped-Logo_CelebrityHouse_2.jpg\",\"contentUrl\":\"https:\/\/celebrityhouse.cz\/wp-content\/uploads\/2024\/12\/cropped-Logo_CelebrityHouse_2.jpg\",\"width\":937,\"height\":510,\"caption\":\"CELEBRITYHOUSE.cz\"},\"image\":{\"@id\":\"https:\/\/celebrityhouse.cz\/#\/schema\/logo\/image\/\"}},{\"@type\":\"Person\",\"@id\":\"https:\/\/celebrityhouse.cz\/#\/schema\/person\/34a573fce9e85429a8a9bf5d43ea040c\",\"name\":\"Nela Slivkov\u00e1\",\"image\":{\"@type\":\"ImageObject\",\"inLanguage\":\"cs\",\"@id\":\"https:\/\/celebrityhouse.cz\/#\/schema\/person\/image\/\",\"url\":\"https:\/\/secure.gravatar.com\/avatar\/ab3633d3d1b2954691cbe0859eeeb644?s=96&d=mm&r=g\",\"contentUrl\":\"https:\/\/secure.gravatar.com\/avatar\/ab3633d3d1b2954691cbe0859eeeb644?s=96&d=mm&r=g\",\"caption\":\"Nela Slivkov\u00e1\"},\"sameAs\":[\"http:\/\/CELEBRITYHOUSE.cz\"],\"url\":\"https:\/\/celebrityhouse.cz\/index.php\/author\/nelasliv\/\"}]}<\/script>\n<!-- \/ Yoast SEO plugin. -->","yoast_head_json":{"title":"Ikona jm\u00e9nem Armani. Posledn\u00ed kolekce a \u017eivotn\u00ed odkaz m\u00f3dn\u00edho g\u00e9nia - CELEBRITYHOUSE.cz","description":"Posledn\u00ed kolekce zesnul\u00e9ho n\u00e1vrh\u00e1\u0159e a vizion\u00e1\u0159e Armaniho bude p\u0159edstavena b\u011bhem Milan Fashion Weeku 28. z\u00e1\u0159\u00ed.","robots":{"index":"index","follow":"follow","max-snippet":"max-snippet:-1","max-image-preview":"max-image-preview:large","max-video-preview":"max-video-preview:-1"},"canonical":"https:\/\/celebrityhouse.cz\/index.php\/2026\/03\/14\/ikona-jmenem-armani-posledni-kolekce-a-zivotni-odkaz-modniho-genia\/","og_locale":"cs_CZ","og_type":"article","og_title":"Ikona jm\u00e9nem Armani. Posledn\u00ed kolekce a \u017eivotn\u00ed odkaz m\u00f3dn\u00edho g\u00e9nia - CELEBRITYHOUSE.cz","og_description":"Posledn\u00ed kolekce zesnul\u00e9ho n\u00e1vrh\u00e1\u0159e a vizion\u00e1\u0159e Armaniho bude p\u0159edstavena b\u011bhem Milan Fashion Weeku 28. z\u00e1\u0159\u00ed.","og_url":"https:\/\/celebrityhouse.cz\/index.php\/2026\/03\/14\/ikona-jmenem-armani-posledni-kolekce-a-zivotni-odkaz-modniho-genia\/","og_site_name":"CELEBRITYHOUSE.cz","article_published_time":"2026-03-13T23:01:40+00:00","article_modified_time":"2026-03-01T00:50:22+00:00","og_image":[{"width":1243,"height":496,"url":"https:\/\/celebrityhouse.cz\/wp-content\/uploads\/2025\/10\/87242886_148829383329603_1272911144121532416_n.jpeg","type":"image\/jpeg"}],"author":"Nela Slivkov\u00e1","twitter_card":"summary_large_image","twitter_misc":{"Napsal(a)":"Nela Slivkov\u00e1","Odhadovan\u00e1 doba \u010dten\u00ed":"7 minut"},"schema":{"@context":"https:\/\/schema.org","@graph":[{"@type":"Article","@id":"https:\/\/celebrityhouse.cz\/index.php\/2026\/03\/14\/ikona-jmenem-armani-posledni-kolekce-a-zivotni-odkaz-modniho-genia\/#article","isPartOf":{"@id":"https:\/\/celebrityhouse.cz\/index.php\/2026\/03\/14\/ikona-jmenem-armani-posledni-kolekce-a-zivotni-odkaz-modniho-genia\/"},"author":{"name":"Nela Slivkov\u00e1","@id":"https:\/\/celebrityhouse.cz\/#\/schema\/person\/34a573fce9e85429a8a9bf5d43ea040c"},"headline":"Ikona jm\u00e9nem Armani. Posledn\u00ed kolekce a \u017eivotn\u00ed odkaz m\u00f3dn\u00edho g\u00e9nia","datePublished":"2026-03-13T23:01:40+00:00","dateModified":"2026-03-01T00:50:22+00:00","mainEntityOfPage":{"@id":"https:\/\/celebrityhouse.cz\/index.php\/2026\/03\/14\/ikona-jmenem-armani-posledni-kolekce-a-zivotni-odkaz-modniho-genia\/"},"wordCount":636,"publisher":{"@id":"https:\/\/celebrityhouse.cz\/#organization"},"keywords":["Armani","fashion","MFW","m\u00f3da","n\u00e1vrh\u00e1\u0159i"],"articleSection":["CELEBRITY","LIFESTYLE"],"inLanguage":"cs"},{"@type":"WebPage","@id":"https:\/\/celebrityhouse.cz\/index.php\/2026\/03\/14\/ikona-jmenem-armani-posledni-kolekce-a-zivotni-odkaz-modniho-genia\/","url":"https:\/\/celebrityhouse.cz\/index.php\/2026\/03\/14\/ikona-jmenem-armani-posledni-kolekce-a-zivotni-odkaz-modniho-genia\/","name":"Ikona jm\u00e9nem Armani. Posledn\u00ed kolekce a \u017eivotn\u00ed odkaz m\u00f3dn\u00edho g\u00e9nia - CELEBRITYHOUSE.cz","isPartOf":{"@id":"https:\/\/celebrityhouse.cz\/#website"},"datePublished":"2026-03-13T23:01:40+00:00","dateModified":"2026-03-01T00:50:22+00:00","description":"Posledn\u00ed kolekce zesnul\u00e9ho n\u00e1vrh\u00e1\u0159e a vizion\u00e1\u0159e Armaniho bude p\u0159edstavena b\u011bhem Milan Fashion Weeku 28. z\u00e1\u0159\u00ed.","breadcrumb":{"@id":"https:\/\/celebrityhouse.cz\/index.php\/2026\/03\/14\/ikona-jmenem-armani-posledni-kolekce-a-zivotni-odkaz-modniho-genia\/#breadcrumb"},"inLanguage":"cs","potentialAction":[{"@type":"ReadAction","target":["https:\/\/celebrityhouse.cz\/index.php\/2026\/03\/14\/ikona-jmenem-armani-posledni-kolekce-a-zivotni-odkaz-modniho-genia\/"]}]},{"@type":"BreadcrumbList","@id":"https:\/\/celebrityhouse.cz\/index.php\/2026\/03\/14\/ikona-jmenem-armani-posledni-kolekce-a-zivotni-odkaz-modniho-genia\/#breadcrumb","itemListElement":[{"@type":"ListItem","position":1,"name":"Dom\u016f","item":"https:\/\/celebrityhouse.cz\/"},{"@type":"ListItem","position":2,"name":"Ikona jm\u00e9nem Armani. Posledn\u00ed kolekce a \u017eivotn\u00ed odkaz m\u00f3dn\u00edho g\u00e9nia"}]},{"@type":"WebSite","@id":"https:\/\/celebrityhouse.cz\/#website","url":"https:\/\/celebrityhouse.cz\/","name":"CELEBRITYHOUSE.cz","description":"Port\u00e1l o showbyznysu...","publisher":{"@id":"https:\/\/celebrityhouse.cz\/#organization"},"potentialAction":[{"@type":"SearchAction","target":{"@type":"EntryPoint","urlTemplate":"https:\/\/celebrityhouse.cz\/?s={search_term_string}"},"query-input":"required name=search_term_string"}],"inLanguage":"cs"},{"@type":"Organization","@id":"https:\/\/celebrityhouse.cz\/#organization","name":"CELEBRITYHOUSE.cz","url":"https:\/\/celebrityhouse.cz\/","logo":{"@type":"ImageObject","inLanguage":"cs","@id":"https:\/\/celebrityhouse.cz\/#\/schema\/logo\/image\/","url":"https:\/\/celebrityhouse.cz\/wp-content\/uploads\/2024\/12\/cropped-Logo_CelebrityHouse_2.jpg","contentUrl":"https:\/\/celebrityhouse.cz\/wp-content\/uploads\/2024\/12\/cropped-Logo_CelebrityHouse_2.jpg","width":937,"height":510,"caption":"CELEBRITYHOUSE.cz"},"image":{"@id":"https:\/\/celebrityhouse.cz\/#\/schema\/logo\/image\/"}},{"@type":"Person","@id":"https:\/\/celebrityhouse.cz\/#\/schema\/person\/34a573fce9e85429a8a9bf5d43ea040c","name":"Nela Slivkov\u00e1","image":{"@type":"ImageObject","inLanguage":"cs","@id":"https:\/\/celebrityhouse.cz\/#\/schema\/person\/image\/","url":"https:\/\/secure.gravatar.com\/avatar\/ab3633d3d1b2954691cbe0859eeeb644?s=96&d=mm&r=g","contentUrl":"https:\/\/secure.gravatar.com\/avatar\/ab3633d3d1b2954691cbe0859eeeb644?s=96&d=mm&r=g","caption":"Nela Slivkov\u00e1"},"sameAs":["http:\/\/CELEBRITYHOUSE.cz"],"url":"https:\/\/celebrityhouse.cz\/index.php\/author\/nelasliv\/"}]}},"_links":{"self":[{"href":"https:\/\/celebrityhouse.cz\/index.php\/wp-json\/wp\/v2\/posts\/13105"}],"collection":[{"href":"https:\/\/celebrityhouse.cz\/index.php\/wp-json\/wp\/v2\/posts"}],"about":[{"href":"https:\/\/celebrityhouse.cz\/index.php\/wp-json\/wp\/v2\/types\/post"}],"author":[{"embeddable":true,"href":"https:\/\/celebrityhouse.cz\/index.php\/wp-json\/wp\/v2\/users\/12"}],"replies":[{"embeddable":true,"href":"https:\/\/celebrityhouse.cz\/index.php\/wp-json\/wp\/v2\/comments?post=13105"}],"version-history":[{"count":2,"href":"https:\/\/celebrityhouse.cz\/index.php\/wp-json\/wp\/v2\/posts\/13105\/revisions"}],"predecessor-version":[{"id":13115,"href":"https:\/\/celebrityhouse.cz\/index.php\/wp-json\/wp\/v2\/posts\/13105\/revisions\/13115"}],"wp:featuredmedia":[{"embeddable":true,"href":"https:\/\/celebrityhouse.cz\/index.php\/wp-json\/wp\/v2\/media\/13113"}],"wp:attachment":[{"href":"https:\/\/celebrityhouse.cz\/index.php\/wp-json\/wp\/v2\/media?parent=13105"}],"wp:term":[{"taxonomy":"category","embeddable":true,"href":"https:\/\/celebrityhouse.cz\/index.php\/wp-json\/wp\/v2\/categories?post=13105"},{"taxonomy":"post_tag","embeddable":true,"href":"https:\/\/celebrityhouse.cz\/index.php\/wp-json\/wp\/v2\/tags?post=13105"}],"curies":[{"name":"wp","href":"https:\/\/api.w.org\/{rel}","templated":true}]}}