{"id":13242,"date":"2026-03-16T00:01:26","date_gmt":"2026-03-15T23:01:26","guid":{"rendered":"https:\/\/celebrityhouse.cz\/?p=13242"},"modified":"2026-03-06T02:34:04","modified_gmt":"2026-03-06T01:34:04","slug":"jacob-elordi-se-stal-tvari-nove-kampane-bottega-veneta","status":"publish","type":"post","link":"https:\/\/celebrityhouse.cz\/index.php\/2026\/03\/16\/jacob-elordi-se-stal-tvari-nove-kampane-bottega-veneta\/","title":{"rendered":"Jacob Elordi se stal tv\u00e1\u0159\u00ed nov\u00e9 kampan\u011b Bottega Veneta"},"content":{"rendered":"\n<div style=\"height:40px\" aria-hidden=\"true\" class=\"wp-block-spacer\"><\/div>\n\n\n\n<p class=\"has-medium-font-size\"><strong>N\u011bkdy p\u0159ijde moment, kdy m\u00f3da p\u0159est\u00e1v\u00e1 b\u00fdt jen o oble\u010den\u00ed a st\u00e1v\u00e1 se oknem do sv\u011bta sn\u016f. Takov\u00fd je p\u0159\u00edpad nov\u00e9 kampan\u011b Bottega Veneta s Jacobem Elordim, nazvan\u00e9 <em>\u201eWhat Are Dreams\u201c<\/em>. Projekt, kter\u00fd vznikl ve spolupr\u00e1ci s legend\u00e1rn\u00edm fotografem Duane Michalsem, je v\u00edc ne\u017e reklamou \u2013 je to intimn\u00ed pohled do surrealistick\u00e9ho sv\u011bta, kde se realita prol\u00edn\u00e1 s fantazi\u00ed.<\/strong><\/p>\n\n\n\n<div style=\"height:40px\" aria-hidden=\"true\" class=\"wp-block-spacer\"><\/div>\n\n\n\n<figure class=\"wp-block-image size-large\"><img loading=\"lazy\" decoding=\"async\" width=\"1024\" height=\"446\" src=\"https:\/\/celebrityhouse.cz\/wp-content\/uploads\/2025\/11\/Snimek-obrazovky-2025-11-03-v-17.12.20-1024x446.png\" alt=\"Jacob Elordi se stal tv\u00e1\u0159\u00ed nov\u00e9 kampan\u011b Bottega Veneta\" class=\"wp-image-13243\" srcset=\"https:\/\/celebrityhouse.cz\/wp-content\/uploads\/2025\/11\/Snimek-obrazovky-2025-11-03-v-17.12.20-1024x446.png 1024w, https:\/\/celebrityhouse.cz\/wp-content\/uploads\/2025\/11\/Snimek-obrazovky-2025-11-03-v-17.12.20-300x131.png 300w, https:\/\/celebrityhouse.cz\/wp-content\/uploads\/2025\/11\/Snimek-obrazovky-2025-11-03-v-17.12.20-768x334.png 768w, https:\/\/celebrityhouse.cz\/wp-content\/uploads\/2025\/11\/Snimek-obrazovky-2025-11-03-v-17.12.20.png 1364w\" sizes=\"(max-width: 1024px) 100vw, 1024px\" \/><\/figure>\n\n\n\n<div style=\"height:40px\" aria-hidden=\"true\" class=\"wp-block-spacer\"><\/div>\n\n\n\n<p class=\"has-medium-font-size\">Elordi, zn\u00e1m\u00fd it-boy modern\u00ed generace, zde vystupuje nejen jako tv\u00e1\u0159 zna\u010dky, ale jako protagonista snov\u00e9ho filmu. V \u010dernob\u00edl\u00fdch vizu\u00e1lech, kter\u00e9 Michals vytvo\u0159il p\u0159\u00edmo ve sv\u00e9m newyorsk\u00e9m dom\u011b, se objevuje jako figurka z \u010dasopisu i z b\u00e1sn\u011b z\u00e1rove\u0148. Jeho pohledy, tich\u00e1 gesta a ka\u017ed\u00fd detail stylingu p\u016fsob\u00ed jako mal\u00e9 okno do n\u011b\u010d\u00edho vnit\u0159n\u00edho sv\u011bta \u2013 sv\u011bta, kde se sny st\u00e1vaj\u00ed hmatateln\u00fdmi.<\/p>\n\n\n\n<div style=\"height:40px\" class=\"wp-block-spacer\"><\/div>\n\n\n\n<figure class=\"wp-block-embed is-type-video is-provider-youtube wp-block-embed-youtube wp-embed-aspect-16-9 wp-has-aspect-ratio\"><div class=\"wp-block-embed__wrapper\">\n<div class=\"video-container\"><iframe loading=\"lazy\" title=\"What are Dreams by Bottega Veneta\" width=\"500\" height=\"281\" src=\"https:\/\/www.youtube.com\/embed\/MajDkVy3ImE?feature=oembed&#038;wmode=opaque\" frameborder=\"0\" allow=\"accelerometer; autoplay; clipboard-write; encrypted-media; gyroscope; picture-in-picture; web-share\" referrerpolicy=\"strict-origin-when-cross-origin\" allowfullscreen><\/iframe><\/div>\n<\/div><\/figure>\n\n\n\n<div style=\"height:39px\" class=\"wp-block-spacer\"><\/div>\n\n\n\n<p class=\"has-medium-font-size\">Projekt je inspirov\u00e1n surrealismem a um\u011bleck\u00fdmi sv\u011bty Giorgio de Chirica \u010di Ren\u00e9 Magritta. Michals s\u00e1m \u0159\u00edk\u00e1: <em>\u201eI\u2019m very much interested in the realm of the invisible\u2026 My problem is how do I make the invisible visible?\u201c<\/em> V kampani proto zn\u00ed i hlas Elordiho, kter\u00fd \u010dte Michalsovu b\u00e1se\u0148 <em>\u201cWhat Are Dreams\u201d<\/em> z roku 2001, a p\u0159id\u00e1v\u00e1 t\u00edm osobn\u00ed a intimn\u00ed vrstvu cel\u00e9mu um\u011bleck\u00e9mu v\u00fdstupu. <\/p>\n\n\n\n<p class=\"has-medium-font-size\">Fotografie i kr\u00e1tk\u00fd film zachycuj\u00ed Elordiho v minimalistick\u00e9m, p\u0159itom hluboce emotivn\u00edm prost\u0159ed\u00ed \u2013 ka\u017ed\u00fd st\u00edn, ka\u017ed\u00fd odlesk sv\u011btla je pe\u010dliv\u011b komponovan\u00fd. \u010cernob\u00edl\u00e1 paleta zd\u016fraz\u0148uje nad\u010dasovost, eleganci a snov\u00fd rozm\u011br, kter\u00fd je pro zna\u010dku Bottega Veneta typick\u00fd.<\/p>\n\n\n\n<div style=\"height:40px\" class=\"wp-block-spacer\"><\/div>\n\n\n\n<figure class=\"wp-block-image size-full\"><img decoding=\"async\" src=\"https:\/\/prazskaparizska.cz\/wp-content\/uploads\/2025\/11\/Snimek-obrazovky-2025-11-03-v-17.05.59.png\" alt=\"\" class=\"wp-image-5743\" \/><\/figure>\n\n\n\n<div style=\"height:40px\" class=\"wp-block-spacer\"><\/div>\n\n\n\n<p class=\"has-medium-font-size\">Co d\u011bl\u00e1 tuto kampa\u0148 fascinuj\u00edc\u00ed nejen pro m\u00f3dn\u00ed nad\u0161ence, ale i pro v\u0161echny, kdo vn\u00edmaj\u00ed um\u011bn\u00ed, je jej\u00ed schopnost transformovat produkt v pro\u017eitek. Elordi zde nen\u00ed jen modelem \u2013 je akt\u00e9rem snu, kter\u00fd inspiruje div\u00e1ka, aby se zamyslel nad vlastn\u00ed p\u0159edstavou kr\u00e1sy, intimity a romantiky ka\u017edodenn\u00edho \u017eivota.<\/p>\n\n\n\n<p class=\"has-medium-font-size\">Pro Pa\u0159\u00ed\u017eskou, ulici, kde m\u00f3da a \u017eivotn\u00ed styl spl\u00fdvaj\u00ed s histori\u00ed a eleganc\u00ed, je tato kampa\u0148 perfektn\u00edm odrazem sou\u010dasn\u00e9ho trendu: m\u00f3da u\u017e nen\u00ed jen vizu\u00e1ln\u00ed, je to z\u00e1\u017eitek. A stejn\u011b jako Bottega Veneta, i my na Pa\u0159\u00ed\u017esk\u00e9 hled\u00e1me kr\u00e1su, kter\u00e1 p\u0159esahuje povrch \u2013 kr\u00e1\u0161l\u00ed ka\u017ed\u00fd detail, romantizuje ka\u017edou chv\u00edli a prom\u011b\u0148uje ka\u017edodennost v mal\u00fd sen.<\/p>\n\n\n\n<div style=\"height:100px\" class=\"wp-block-spacer\"><\/div>\n\n\n\n<figure class=\"wp-block-gallery has-nested-images columns-3 is-cropped wp-block-gallery-1 is-layout-flex wp-block-gallery-is-layout-flex\">\n<figure class=\"wp-block-image size-large\"><img decoding=\"async\" data-id=\"5742\" src=\"https:\/\/prazskaparizska.cz\/wp-content\/uploads\/2025\/11\/Snimek-obrazovky-2025-11-03-v-17.12.20-1024x446.png\" alt=\"\" class=\"wp-image-5742\" \/><\/figure>\n\n\n\n<figure class=\"wp-block-image size-large\"><img decoding=\"async\" data-id=\"5740\" src=\"https:\/\/prazskaparizska.cz\/wp-content\/uploads\/2025\/11\/Snimek-obrazovky-2025-11-03-v-17.12.33-1024x527.png\" alt=\"\" class=\"wp-image-5740\" \/><\/figure>\n\n\n\n<figure class=\"wp-block-image size-large\"><img decoding=\"async\" data-id=\"5743\" src=\"https:\/\/prazskaparizska.cz\/wp-content\/uploads\/2025\/11\/Snimek-obrazovky-2025-11-03-v-17.05.59.png\" alt=\"\" class=\"wp-image-5743\" \/><\/figure>\n<\/figure>\n\n\n\n<div style=\"height:100px\" class=\"wp-block-spacer\"><\/div>\n\n\n\n<p class=\"has-medium-font-size\"><strong>Zdroj foto<\/strong>: Bottega Veneta<\/p>\n","protected":false},"excerpt":{"rendered":"<p>N\u011bkdy p\u0159ijde moment, kdy m\u00f3da p\u0159est\u00e1v\u00e1 b\u00fdt jen o oble\u010den\u00ed a st\u00e1v\u00e1 se oknem do sv\u011bta sn\u016f. Takov\u00fd je p\u0159\u00edpad nov\u00e9 kampan\u011b Bottega Veneta s Jacobem Elordim, nazvan\u00e9 \u201eWhat Are Dreams\u201c. Projekt, kter\u00fd vznikl&#46;&#46;&#46;<\/p>\n","protected":false},"author":12,"featured_media":13243,"comment_status":"closed","ping_status":"closed","sticky":false,"template":"","format":"standard","meta":{"_monsterinsights_skip_tracking":false,"_monsterinsights_sitenote_active":false,"_monsterinsights_sitenote_note":"","_monsterinsights_sitenote_category":0,"footnotes":""},"categories":[18],"tags":[240,25,24],"yoast_head":"<!-- This site is optimized with the Yoast SEO plugin v21.5 - https:\/\/yoast.com\/wordpress\/plugins\/seo\/ -->\n<title>Jacob Elordi se stal tv\u00e1\u0159\u00ed nov\u00e9 kampan\u011b Bottega Veneta - CELEBRITYHOUSE.cz<\/title>\n<meta name=\"description\" content=\"Australsk\u00fd herec Jacob Elordi z\u00e1\u0159\u00ed v \u010dernob\u00edl\u00e9m snov\u00e9m kr\u00e1tk\u00e9m filmu luxusn\u00ed zna\u010dky Bottega Veneta \u201eWhat Are Dreams\u201c.\" \/>\n<meta name=\"robots\" content=\"index, follow, max-snippet:-1, max-image-preview:large, max-video-preview:-1\" \/>\n<link rel=\"canonical\" href=\"https:\/\/celebrityhouse.cz\/index.php\/2026\/03\/16\/jacob-elordi-se-stal-tvari-nove-kampane-bottega-veneta\/\" \/>\n<meta property=\"og:locale\" content=\"cs_CZ\" \/>\n<meta property=\"og:type\" content=\"article\" \/>\n<meta property=\"og:title\" content=\"Jacob Elordi se stal tv\u00e1\u0159\u00ed nov\u00e9 kampan\u011b Bottega Veneta - CELEBRITYHOUSE.cz\" \/>\n<meta property=\"og:description\" content=\"Australsk\u00fd herec Jacob Elordi z\u00e1\u0159\u00ed v \u010dernob\u00edl\u00e9m snov\u00e9m kr\u00e1tk\u00e9m filmu luxusn\u00ed zna\u010dky Bottega Veneta \u201eWhat Are Dreams\u201c.\" \/>\n<meta property=\"og:url\" content=\"https:\/\/celebrityhouse.cz\/index.php\/2026\/03\/16\/jacob-elordi-se-stal-tvari-nove-kampane-bottega-veneta\/\" \/>\n<meta property=\"og:site_name\" content=\"CELEBRITYHOUSE.cz\" \/>\n<meta property=\"article:published_time\" content=\"2026-03-15T23:01:26+00:00\" \/>\n<meta property=\"article:modified_time\" content=\"2026-03-06T01:34:04+00:00\" \/>\n<meta property=\"og:image\" content=\"https:\/\/celebrityhouse.cz\/wp-content\/uploads\/2025\/11\/Snimek-obrazovky-2025-11-03-v-17.12.20.png\" \/>\n\t<meta property=\"og:image:width\" content=\"1364\" \/>\n\t<meta property=\"og:image:height\" content=\"594\" \/>\n\t<meta property=\"og:image:type\" content=\"image\/png\" \/>\n<meta name=\"author\" content=\"Nela Slivkov\u00e1\" \/>\n<meta name=\"twitter:card\" content=\"summary_large_image\" \/>\n<meta name=\"twitter:label1\" content=\"Napsal(a)\" \/>\n\t<meta name=\"twitter:data1\" content=\"Nela Slivkov\u00e1\" \/>\n\t<meta name=\"twitter:label2\" content=\"Odhadovan\u00e1 doba \u010dten\u00ed\" \/>\n\t<meta name=\"twitter:data2\" content=\"3 minuty\" \/>\n<script type=\"application\/ld+json\" class=\"yoast-schema-graph\">{\"@context\":\"https:\/\/schema.org\",\"@graph\":[{\"@type\":\"Article\",\"@id\":\"https:\/\/celebrityhouse.cz\/index.php\/2026\/03\/16\/jacob-elordi-se-stal-tvari-nove-kampane-bottega-veneta\/#article\",\"isPartOf\":{\"@id\":\"https:\/\/celebrityhouse.cz\/index.php\/2026\/03\/16\/jacob-elordi-se-stal-tvari-nove-kampane-bottega-veneta\/\"},\"author\":{\"name\":\"Nela Slivkov\u00e1\",\"@id\":\"https:\/\/celebrityhouse.cz\/#\/schema\/person\/34a573fce9e85429a8a9bf5d43ea040c\"},\"headline\":\"Jacob Elordi se stal tv\u00e1\u0159\u00ed nov\u00e9 kampan\u011b Bottega Veneta\",\"datePublished\":\"2026-03-15T23:01:26+00:00\",\"dateModified\":\"2026-03-06T01:34:04+00:00\",\"mainEntityOfPage\":{\"@id\":\"https:\/\/celebrityhouse.cz\/index.php\/2026\/03\/16\/jacob-elordi-se-stal-tvari-nove-kampane-bottega-veneta\/\"},\"wordCount\":436,\"publisher\":{\"@id\":\"https:\/\/celebrityhouse.cz\/#organization\"},\"keywords\":[\"Bottega Veneta\",\"fashion\",\"m\u00f3da\"],\"articleSection\":[\"LIFESTYLE\"],\"inLanguage\":\"cs\"},{\"@type\":\"WebPage\",\"@id\":\"https:\/\/celebrityhouse.cz\/index.php\/2026\/03\/16\/jacob-elordi-se-stal-tvari-nove-kampane-bottega-veneta\/\",\"url\":\"https:\/\/celebrityhouse.cz\/index.php\/2026\/03\/16\/jacob-elordi-se-stal-tvari-nove-kampane-bottega-veneta\/\",\"name\":\"Jacob Elordi se stal tv\u00e1\u0159\u00ed nov\u00e9 kampan\u011b Bottega Veneta - CELEBRITYHOUSE.cz\",\"isPartOf\":{\"@id\":\"https:\/\/celebrityhouse.cz\/#website\"},\"datePublished\":\"2026-03-15T23:01:26+00:00\",\"dateModified\":\"2026-03-06T01:34:04+00:00\",\"description\":\"Australsk\u00fd herec Jacob Elordi z\u00e1\u0159\u00ed v \u010dernob\u00edl\u00e9m snov\u00e9m kr\u00e1tk\u00e9m filmu luxusn\u00ed zna\u010dky Bottega Veneta \u201eWhat Are Dreams\u201c.\",\"breadcrumb\":{\"@id\":\"https:\/\/celebrityhouse.cz\/index.php\/2026\/03\/16\/jacob-elordi-se-stal-tvari-nove-kampane-bottega-veneta\/#breadcrumb\"},\"inLanguage\":\"cs\",\"potentialAction\":[{\"@type\":\"ReadAction\",\"target\":[\"https:\/\/celebrityhouse.cz\/index.php\/2026\/03\/16\/jacob-elordi-se-stal-tvari-nove-kampane-bottega-veneta\/\"]}]},{\"@type\":\"BreadcrumbList\",\"@id\":\"https:\/\/celebrityhouse.cz\/index.php\/2026\/03\/16\/jacob-elordi-se-stal-tvari-nove-kampane-bottega-veneta\/#breadcrumb\",\"itemListElement\":[{\"@type\":\"ListItem\",\"position\":1,\"name\":\"Dom\u016f\",\"item\":\"https:\/\/celebrityhouse.cz\/\"},{\"@type\":\"ListItem\",\"position\":2,\"name\":\"Jacob Elordi se stal tv\u00e1\u0159\u00ed nov\u00e9 kampan\u011b Bottega Veneta\"}]},{\"@type\":\"WebSite\",\"@id\":\"https:\/\/celebrityhouse.cz\/#website\",\"url\":\"https:\/\/celebrityhouse.cz\/\",\"name\":\"CELEBRITYHOUSE.cz\",\"description\":\"Port\u00e1l o showbyznysu...\",\"publisher\":{\"@id\":\"https:\/\/celebrityhouse.cz\/#organization\"},\"potentialAction\":[{\"@type\":\"SearchAction\",\"target\":{\"@type\":\"EntryPoint\",\"urlTemplate\":\"https:\/\/celebrityhouse.cz\/?s={search_term_string}\"},\"query-input\":\"required name=search_term_string\"}],\"inLanguage\":\"cs\"},{\"@type\":\"Organization\",\"@id\":\"https:\/\/celebrityhouse.cz\/#organization\",\"name\":\"CELEBRITYHOUSE.cz\",\"url\":\"https:\/\/celebrityhouse.cz\/\",\"logo\":{\"@type\":\"ImageObject\",\"inLanguage\":\"cs\",\"@id\":\"https:\/\/celebrityhouse.cz\/#\/schema\/logo\/image\/\",\"url\":\"https:\/\/celebrityhouse.cz\/wp-content\/uploads\/2024\/12\/cropped-Logo_CelebrityHouse_2.jpg\",\"contentUrl\":\"https:\/\/celebrityhouse.cz\/wp-content\/uploads\/2024\/12\/cropped-Logo_CelebrityHouse_2.jpg\",\"width\":937,\"height\":510,\"caption\":\"CELEBRITYHOUSE.cz\"},\"image\":{\"@id\":\"https:\/\/celebrityhouse.cz\/#\/schema\/logo\/image\/\"}},{\"@type\":\"Person\",\"@id\":\"https:\/\/celebrityhouse.cz\/#\/schema\/person\/34a573fce9e85429a8a9bf5d43ea040c\",\"name\":\"Nela Slivkov\u00e1\",\"image\":{\"@type\":\"ImageObject\",\"inLanguage\":\"cs\",\"@id\":\"https:\/\/celebrityhouse.cz\/#\/schema\/person\/image\/\",\"url\":\"https:\/\/secure.gravatar.com\/avatar\/ab3633d3d1b2954691cbe0859eeeb644?s=96&d=mm&r=g\",\"contentUrl\":\"https:\/\/secure.gravatar.com\/avatar\/ab3633d3d1b2954691cbe0859eeeb644?s=96&d=mm&r=g\",\"caption\":\"Nela Slivkov\u00e1\"},\"sameAs\":[\"http:\/\/CELEBRITYHOUSE.cz\"],\"url\":\"https:\/\/celebrityhouse.cz\/index.php\/author\/nelasliv\/\"}]}<\/script>\n<!-- \/ Yoast SEO plugin. -->","yoast_head_json":{"title":"Jacob Elordi se stal tv\u00e1\u0159\u00ed nov\u00e9 kampan\u011b Bottega Veneta - CELEBRITYHOUSE.cz","description":"Australsk\u00fd herec Jacob Elordi z\u00e1\u0159\u00ed v \u010dernob\u00edl\u00e9m snov\u00e9m kr\u00e1tk\u00e9m filmu luxusn\u00ed zna\u010dky Bottega Veneta \u201eWhat Are Dreams\u201c.","robots":{"index":"index","follow":"follow","max-snippet":"max-snippet:-1","max-image-preview":"max-image-preview:large","max-video-preview":"max-video-preview:-1"},"canonical":"https:\/\/celebrityhouse.cz\/index.php\/2026\/03\/16\/jacob-elordi-se-stal-tvari-nove-kampane-bottega-veneta\/","og_locale":"cs_CZ","og_type":"article","og_title":"Jacob Elordi se stal tv\u00e1\u0159\u00ed nov\u00e9 kampan\u011b Bottega Veneta - CELEBRITYHOUSE.cz","og_description":"Australsk\u00fd herec Jacob Elordi z\u00e1\u0159\u00ed v \u010dernob\u00edl\u00e9m snov\u00e9m kr\u00e1tk\u00e9m filmu luxusn\u00ed zna\u010dky Bottega Veneta \u201eWhat Are Dreams\u201c.","og_url":"https:\/\/celebrityhouse.cz\/index.php\/2026\/03\/16\/jacob-elordi-se-stal-tvari-nove-kampane-bottega-veneta\/","og_site_name":"CELEBRITYHOUSE.cz","article_published_time":"2026-03-15T23:01:26+00:00","article_modified_time":"2026-03-06T01:34:04+00:00","og_image":[{"width":1364,"height":594,"url":"https:\/\/celebrityhouse.cz\/wp-content\/uploads\/2025\/11\/Snimek-obrazovky-2025-11-03-v-17.12.20.png","type":"image\/png"}],"author":"Nela Slivkov\u00e1","twitter_card":"summary_large_image","twitter_misc":{"Napsal(a)":"Nela Slivkov\u00e1","Odhadovan\u00e1 doba \u010dten\u00ed":"3 minuty"},"schema":{"@context":"https:\/\/schema.org","@graph":[{"@type":"Article","@id":"https:\/\/celebrityhouse.cz\/index.php\/2026\/03\/16\/jacob-elordi-se-stal-tvari-nove-kampane-bottega-veneta\/#article","isPartOf":{"@id":"https:\/\/celebrityhouse.cz\/index.php\/2026\/03\/16\/jacob-elordi-se-stal-tvari-nove-kampane-bottega-veneta\/"},"author":{"name":"Nela Slivkov\u00e1","@id":"https:\/\/celebrityhouse.cz\/#\/schema\/person\/34a573fce9e85429a8a9bf5d43ea040c"},"headline":"Jacob Elordi se stal tv\u00e1\u0159\u00ed nov\u00e9 kampan\u011b Bottega Veneta","datePublished":"2026-03-15T23:01:26+00:00","dateModified":"2026-03-06T01:34:04+00:00","mainEntityOfPage":{"@id":"https:\/\/celebrityhouse.cz\/index.php\/2026\/03\/16\/jacob-elordi-se-stal-tvari-nove-kampane-bottega-veneta\/"},"wordCount":436,"publisher":{"@id":"https:\/\/celebrityhouse.cz\/#organization"},"keywords":["Bottega Veneta","fashion","m\u00f3da"],"articleSection":["LIFESTYLE"],"inLanguage":"cs"},{"@type":"WebPage","@id":"https:\/\/celebrityhouse.cz\/index.php\/2026\/03\/16\/jacob-elordi-se-stal-tvari-nove-kampane-bottega-veneta\/","url":"https:\/\/celebrityhouse.cz\/index.php\/2026\/03\/16\/jacob-elordi-se-stal-tvari-nove-kampane-bottega-veneta\/","name":"Jacob Elordi se stal tv\u00e1\u0159\u00ed nov\u00e9 kampan\u011b Bottega Veneta - CELEBRITYHOUSE.cz","isPartOf":{"@id":"https:\/\/celebrityhouse.cz\/#website"},"datePublished":"2026-03-15T23:01:26+00:00","dateModified":"2026-03-06T01:34:04+00:00","description":"Australsk\u00fd herec Jacob Elordi z\u00e1\u0159\u00ed v \u010dernob\u00edl\u00e9m snov\u00e9m kr\u00e1tk\u00e9m filmu luxusn\u00ed zna\u010dky Bottega Veneta \u201eWhat Are Dreams\u201c.","breadcrumb":{"@id":"https:\/\/celebrityhouse.cz\/index.php\/2026\/03\/16\/jacob-elordi-se-stal-tvari-nove-kampane-bottega-veneta\/#breadcrumb"},"inLanguage":"cs","potentialAction":[{"@type":"ReadAction","target":["https:\/\/celebrityhouse.cz\/index.php\/2026\/03\/16\/jacob-elordi-se-stal-tvari-nove-kampane-bottega-veneta\/"]}]},{"@type":"BreadcrumbList","@id":"https:\/\/celebrityhouse.cz\/index.php\/2026\/03\/16\/jacob-elordi-se-stal-tvari-nove-kampane-bottega-veneta\/#breadcrumb","itemListElement":[{"@type":"ListItem","position":1,"name":"Dom\u016f","item":"https:\/\/celebrityhouse.cz\/"},{"@type":"ListItem","position":2,"name":"Jacob Elordi se stal tv\u00e1\u0159\u00ed nov\u00e9 kampan\u011b Bottega Veneta"}]},{"@type":"WebSite","@id":"https:\/\/celebrityhouse.cz\/#website","url":"https:\/\/celebrityhouse.cz\/","name":"CELEBRITYHOUSE.cz","description":"Port\u00e1l o showbyznysu...","publisher":{"@id":"https:\/\/celebrityhouse.cz\/#organization"},"potentialAction":[{"@type":"SearchAction","target":{"@type":"EntryPoint","urlTemplate":"https:\/\/celebrityhouse.cz\/?s={search_term_string}"},"query-input":"required name=search_term_string"}],"inLanguage":"cs"},{"@type":"Organization","@id":"https:\/\/celebrityhouse.cz\/#organization","name":"CELEBRITYHOUSE.cz","url":"https:\/\/celebrityhouse.cz\/","logo":{"@type":"ImageObject","inLanguage":"cs","@id":"https:\/\/celebrityhouse.cz\/#\/schema\/logo\/image\/","url":"https:\/\/celebrityhouse.cz\/wp-content\/uploads\/2024\/12\/cropped-Logo_CelebrityHouse_2.jpg","contentUrl":"https:\/\/celebrityhouse.cz\/wp-content\/uploads\/2024\/12\/cropped-Logo_CelebrityHouse_2.jpg","width":937,"height":510,"caption":"CELEBRITYHOUSE.cz"},"image":{"@id":"https:\/\/celebrityhouse.cz\/#\/schema\/logo\/image\/"}},{"@type":"Person","@id":"https:\/\/celebrityhouse.cz\/#\/schema\/person\/34a573fce9e85429a8a9bf5d43ea040c","name":"Nela Slivkov\u00e1","image":{"@type":"ImageObject","inLanguage":"cs","@id":"https:\/\/celebrityhouse.cz\/#\/schema\/person\/image\/","url":"https:\/\/secure.gravatar.com\/avatar\/ab3633d3d1b2954691cbe0859eeeb644?s=96&d=mm&r=g","contentUrl":"https:\/\/secure.gravatar.com\/avatar\/ab3633d3d1b2954691cbe0859eeeb644?s=96&d=mm&r=g","caption":"Nela Slivkov\u00e1"},"sameAs":["http:\/\/CELEBRITYHOUSE.cz"],"url":"https:\/\/celebrityhouse.cz\/index.php\/author\/nelasliv\/"}]}},"_links":{"self":[{"href":"https:\/\/celebrityhouse.cz\/index.php\/wp-json\/wp\/v2\/posts\/13242"}],"collection":[{"href":"https:\/\/celebrityhouse.cz\/index.php\/wp-json\/wp\/v2\/posts"}],"about":[{"href":"https:\/\/celebrityhouse.cz\/index.php\/wp-json\/wp\/v2\/types\/post"}],"author":[{"embeddable":true,"href":"https:\/\/celebrityhouse.cz\/index.php\/wp-json\/wp\/v2\/users\/12"}],"replies":[{"embeddable":true,"href":"https:\/\/celebrityhouse.cz\/index.php\/wp-json\/wp\/v2\/comments?post=13242"}],"version-history":[{"count":2,"href":"https:\/\/celebrityhouse.cz\/index.php\/wp-json\/wp\/v2\/posts\/13242\/revisions"}],"predecessor-version":[{"id":13245,"href":"https:\/\/celebrityhouse.cz\/index.php\/wp-json\/wp\/v2\/posts\/13242\/revisions\/13245"}],"wp:featuredmedia":[{"embeddable":true,"href":"https:\/\/celebrityhouse.cz\/index.php\/wp-json\/wp\/v2\/media\/13243"}],"wp:attachment":[{"href":"https:\/\/celebrityhouse.cz\/index.php\/wp-json\/wp\/v2\/media?parent=13242"}],"wp:term":[{"taxonomy":"category","embeddable":true,"href":"https:\/\/celebrityhouse.cz\/index.php\/wp-json\/wp\/v2\/categories?post=13242"},{"taxonomy":"post_tag","embeddable":true,"href":"https:\/\/celebrityhouse.cz\/index.php\/wp-json\/wp\/v2\/tags?post=13242"}],"curies":[{"name":"wp","href":"https:\/\/api.w.org\/{rel}","templated":true}]}}