{"id":13342,"date":"2025-12-10T00:01:00","date_gmt":"2025-12-09T23:01:00","guid":{"rendered":"https:\/\/celebrityhouse.cz\/?p=13342"},"modified":"2025-12-04T01:29:22","modified_gmt":"2025-12-04T00:29:22","slug":"advent-v-prazske-galerii-butovice-ctyri-nedele-plne-tradic-tvoreni-a-rodinne-atmosfery","status":"publish","type":"post","link":"https:\/\/celebrityhouse.cz\/index.php\/2025\/12\/10\/advent-v-prazske-galerii-butovice-ctyri-nedele-plne-tradic-tvoreni-a-rodinne-atmosfery\/","title":{"rendered":"Advent v pra\u017esk\u00e9 Galerii Butovice: \u010dty\u0159i ned\u011ble pln\u00e9 tradic, tvo\u0159en\u00ed a rodinn\u00e9 atmosf\u00e9ry"},"content":{"rendered":"\n<div style=\"height:35px\" aria-hidden=\"true\" class=\"wp-block-spacer\"><\/div>\n\n\n\n<p class=\"has-medium-font-size\"><strong>\u010cty\u0159i adventn\u00ed ned\u011ble, \u010dty\u0159i r\u016fzn\u00e9 atmosf\u00e9ry \u2014 od Mikul\u00e1\u0161sk\u00e9 a\u017e po zlatou te\u010dku t\u011bsn\u011b p\u0159ed \u0160t\u011bdr\u00fdm dnem. Galerie Butovice p\u0159ipravila program, kter\u00fd von\u00ed po V\u00e1noc\u00edch a zve rodiny na tvo\u0159en\u00ed, tradice i chv\u00edle, kdy se v\u0161ichni spole\u010dn\u011b nalad\u00ed na to nejkr\u00e1sn\u011bj\u0161\u00ed obdob\u00ed roku. Nechyb\u00ed ani dobro\u010dinn\u00fd Strom spln\u011bn\u00fdch p\u0159\u00e1n\u00ed pro d\u011bti z d\u011btsk\u00e9ho domova Dub\u00e1\u2013De\u0161tn\u00e1, d\u00edky n\u011bmu\u017e se m\u016f\u017ee ka\u017ed\u00fd n\u00e1v\u0161t\u011bvn\u00edk st\u00e1t sou\u010d\u00e1st\u00ed mal\u00e9ho v\u00e1no\u010dn\u00edho z\u00e1zraku.<\/strong><\/p>\n\n\n\n<div style=\"height:35px\" class=\"wp-block-spacer\"><\/div>\n\n\n<div class=\"wp-block-image\">\n<figure class=\"aligncenter size-large\"><img decoding=\"async\" src=\"https:\/\/vcentru.cz\/wp-content\/uploads\/2025\/11\/gb_vstup-1024x683.jpg\" alt=\"Advent v pra\u017esk\u00e9 Galerii Butovice: \u010dty\u0159i ned\u011ble pln\u00e9 tradic, tvo\u0159en\u00ed a rodinn\u00e9 atmosf\u00e9ry\" class=\"wp-image-5864\" \/><\/figure><\/div>\n\n\n<div style=\"height:35px\" class=\"wp-block-spacer\"><\/div>\n\n\n\n<p class=\"has-medium-font-size\">V Galerii Butovice symbolicky za\u010d\u00edn\u00e1 obdob\u00ed, kdy se tempo zpomaluje a lid\u00e9 si znovu p\u0159ipom\u00ednaj\u00ed drobn\u00e9 radosti, kter\u00e9 tvo\u0159\u00ed p\u0159edv\u00e1no\u010dn\u00ed \u010das. Ka\u017edou adventn\u00ed ned\u011bli se prostor centra prom\u011bn\u00ed v \u00fatuln\u00e9 m\u00edsto setk\u00e1v\u00e1n\u00ed \u2014 v 1. pat\u0159e nad hlavn\u00edm v\u00e1no\u010dn\u00edm stromem vznikne m\u00edsto, kde je dovoleno na chv\u00edli se zastavit, nadechnout a u\u017e\u00edt si n\u011bco kr\u00e1sn\u00e9ho spole\u010dn\u011b.<\/p>\n\n\n\n<p class=\"has-medium-font-size\">Program prob\u00edh\u00e1 v\u017edy od 13 do 18 hodin a je p\u0159ipraven tak, aby si v n\u011bm na\u0161ly sv\u00e9 d\u011bti, rodi\u010de i ti, kte\u0159\u00ed se cht\u011bj\u00ed naladit na atmosf\u00e9ru bl\u00ed\u017e\u00edc\u00edch se sv\u00e1tk\u016f. V\u0161e v duchu tradic, laskavosti a sd\u00edlen\u00ed p\u0159\u00edjemn\u00fdch chvil, kter\u00e9 se v p\u0159edv\u00e1no\u010dn\u00edm shonu tak snadno vytr\u00e1c\u00ed.<\/p>\n\n\n\n<div style=\"height:35px\" class=\"wp-block-spacer\"><\/div>\n\n\n\n<h2 class=\"wp-block-heading\">1. adventn\u00ed ned\u011ble, 30. listopadu: \u017delezn\u00e1 &#8211; za\u010d\u00edn\u00e1 \u010das p\u0159\u00edprav<\/h2>\n\n\n\n<div style=\"height:35px\" class=\"wp-block-spacer\"><\/div>\n\n\n\n<p class=\"has-medium-font-size\">Prvn\u00ed adventn\u00ed ned\u011ble je v\u011bnov\u00e1na tomu nejtradi\u010dn\u011bj\u0161\u00edmu \u2014 spole\u010dn\u00e9 v\u00fdrob\u011b adventn\u00edch v\u011bnc\u016f a v\u00e1no\u010dn\u00edch kalend\u00e1\u0159\u016f. N\u00e1v\u0161t\u011bvn\u00edci si mohou vytvo\u0159it dekorace, kter\u00e9 jim budou d\u011blat radost cel\u00e9 V\u00e1noce. V\u016fn\u011b chvoj\u00ed, stuhy, sv\u00ed\u010dky a jemn\u00fd p\u0159edv\u00e1no\u010dn\u00ed ruch pomohou otev\u0159\u00edt tu spr\u00e1vnou atmosf\u00e9ru za\u010d\u00ednaj\u00edc\u00edho adventu.<\/p>\n\n\n\n<div style=\"height:35px\" class=\"wp-block-spacer\"><\/div>\n\n\n\n<h2 class=\"wp-block-heading\">2. adventn\u00ed ned\u011ble, 7. prosince: Bronzov\u00e1 &#8211; Mikul\u00e1\u0161sk\u00e1 s and\u011bli i \u010derty<\/h2>\n\n\n\n<div style=\"height:35px\" class=\"wp-block-spacer\"><\/div>\n\n\n\n<p class=\"has-medium-font-size\">Druh\u00e1 adventn\u00ed ned\u011ble bude pat\u0159it Mikul\u00e1\u0161sk\u00e9. Doraz\u00ed and\u011blsk\u00e1 po\u0161tovna, \u010dertovsk\u00e9 alotrie a program pln\u00fd z\u00e1bavy pro ty nejmen\u0161\u00ed. D\u011bti se mohou t\u011b\u0161it na laskavou atmosf\u00e9ru, kter\u00e1 k Mikul\u00e1\u0161sk\u00e9 pat\u0159\u00ed, a rodi\u010de ocen\u00ed mo\u017enost zapojit se do programu bez sp\u011bchu a stresu.<\/p>\n\n\n\n<div style=\"height:35px\" class=\"wp-block-spacer\"><\/div>\n\n\n\n<h2 class=\"wp-block-heading\">3. adventn\u00ed ned\u011ble, 14. prosince: St\u0159\u00edbrn\u00e1 &#8211; staro\u010desk\u00e9 zvyky a tradice<\/h2>\n\n\n\n<div style=\"height:35px\" class=\"wp-block-spacer\"><\/div>\n\n\n\n<p class=\"has-medium-font-size\">T\u0159et\u00ed adventn\u00ed ned\u011ble otev\u0159e okno do star\u00fdch \u010das\u016f. Bude se tvo\u0159it, vzpom\u00ednat na tradi\u010dn\u00ed zvyky a p\u0159ipom\u00ednat si, jak vypadalo o\u010dek\u00e1v\u00e1n\u00ed V\u00e1noc d\u0159\u00edve. Staro\u010desk\u00e1 d\u00edlni\u010dka nab\u00eddne d\u011btem i dosp\u011bl\u00fdm mo\u017enost vyzkou\u0161et si star\u00e9 postupy, symboly a drobn\u00e9 ritu\u00e1ly, kter\u00e9 se z generace na generaci p\u0159en\u00e1\u0161ely po dlouh\u00e1 l\u00e9ta.<\/p>\n\n\n\n<div style=\"height:35px\" class=\"wp-block-spacer\"><\/div>\n\n\n\n<h2 class=\"wp-block-heading\">4. adventn\u00ed ned\u011ble, 21. prosince: Zlat\u00e1 &#8211; radost, tvo\u0159en\u00ed a mal\u00e9 v\u00e1no\u010dn\u00ed slavnosti<\/h2>\n\n\n\n<div style=\"height:35px\" class=\"wp-block-spacer\"><\/div>\n\n\n\n<p class=\"has-medium-font-size\">Zlat\u00e1 ned\u011ble p\u0159inese v\u0161e, co k \u00fapln\u00e9mu z\u00e1v\u011bru adventu pat\u0159\u00ed: zdoben\u00ed v\u00e1no\u010dn\u00edch ozdob, praktick\u00e9 tvo\u0159en\u00ed s v\u00e1no\u010dn\u00ed tematikou, hravou angli\u010dtinu s Dome\u010dkem, burzu dom\u00e1c\u00edho cukrov\u00ed i pokra\u010dov\u00e1n\u00ed Stromu spln\u011bn\u00fdch p\u0159\u00e1n\u00ed. Je to ned\u011ble, kter\u00e1 propoj\u00ed kreativitu, rodinn\u00e9 chvilky i laskavost, a vytvo\u0159\u00ed tak ide\u00e1ln\u00ed atmosf\u00e9ru posledn\u00edch p\u0159edv\u00e1no\u010dn\u00edch dn\u00ed.<\/p>\n\n\n\n<div style=\"height:35px\" class=\"wp-block-spacer\"><\/div>\n\n\n<div class=\"wp-block-image\">\n<figure class=\"aligncenter size-large\"><img decoding=\"async\" src=\"https:\/\/vcentru.cz\/wp-content\/uploads\/2025\/11\/32_edited-1024x775.jpg\" alt=\"Advent v pra\u017esk\u00e9 Galerii Butovice: \u010dty\u0159i ned\u011ble pln\u00e9 tradic, tvo\u0159en\u00ed a rodinn\u00e9 atmosf\u00e9ry\" class=\"wp-image-5866\" \/><\/figure><\/div>\n\n\n<div style=\"height:35px\" class=\"wp-block-spacer\"><\/div>\n\n\n\n<h2 class=\"wp-block-heading\">Strom spln\u011bn\u00fdch p\u0159\u00e1n\u00ed: drobn\u00fd d\u00e1rek, kter\u00fd znamen\u00e1 cel\u00fd sv\u011bt<\/h2>\n\n\n\n<div style=\"height:35px\" class=\"wp-block-spacer\"><\/div>\n\n\n\n<p class=\"has-medium-font-size\">Sou\u010d\u00e1st\u00ed adventu v Galerii Butovice je tak\u00e9 charitativn\u00ed projekt, kter\u00fd d\u00e1v\u00e1 V\u00e1noc\u016fm skute\u010dn\u00fd smysl. U hlavn\u00edho vchodu stoj\u00ed v\u00e1no\u010dn\u00ed strome\u010dek, na kter\u00e9m vis\u00ed p\u0159\u00e1n\u00ed d\u011bt\u00ed z d\u011btsk\u00e9ho domova Dub\u00e1\u2013De\u0161tn\u00e1. Kdo chce pomoci, m\u016f\u017ee si jedno p\u0159\u00e1n\u00ed vz\u00edt, zakoupit d\u00e1rek a do 10. prosince jej p\u0159in\u00e9st na Infost\u00e1nek. Zde n\u00e1v\u0161t\u011bvn\u00edk obdr\u017e\u00ed drobnou pozornost jako pod\u011bkov\u00e1n\u00ed za dobr\u00fd skutek.<\/p>\n\n\n\n<p class=\"has-medium-font-size\">D\u00e1rky je mo\u017en\u00e9 p\u0159in\u00e9st zabalen\u00e9, dopln\u011bn\u00e9 o kr\u00e1tk\u00fd vzkaz \u2014 ostatn\u00ed balen\u00ed zajist\u00ed Galerie Butovice. Centrum nav\u00edc d\u011btsk\u00e9mu domovu daruje i pot\u0159ebn\u00e9 vybaven\u00ed, aby se d\u011bti mohly c\u00edtit v\u00edce jako doma.<\/p>\n\n\n\n<div style=\"height:35px\" class=\"wp-block-spacer\"><\/div>\n\n\n\n<p class=\"has-medium-font-size\"><a href=\"https:\/\/www.galerie-butovice.cz\"><strong>https:\/\/www.galerie-butovice.cz<\/strong><\/a><\/p>\n\n\n\n<div style=\"height:100px\" class=\"wp-block-spacer\"><\/div>\n\n\n\n<figure class=\"wp-block-gallery has-nested-images columns-2 is-cropped wp-block-gallery-1 is-layout-flex wp-block-gallery-is-layout-flex\">\n<figure class=\"wp-block-image size-large\"><img decoding=\"async\" data-id=\"5864\" src=\"https:\/\/vcentru.cz\/wp-content\/uploads\/2025\/11\/gb_vstup-1024x683.jpg\" alt=\"Advent v pra\u017esk\u00e9 Galerii Butovice: \u010dty\u0159i ned\u011ble pln\u00e9 tradic, tvo\u0159en\u00ed a rodinn\u00e9 atmosf\u00e9ry\" class=\"wp-image-5864\" \/><\/figure>\n\n\n\n<figure class=\"wp-block-image size-large\"><img decoding=\"async\" data-id=\"5865\" src=\"https:\/\/vcentru.cz\/wp-content\/uploads\/2025\/11\/gb_celek-1024x682.jpg\" alt=\"Advent v pra\u017esk\u00e9 Galerii Butovice: \u010dty\u0159i ned\u011ble pln\u00e9 tradic, tvo\u0159en\u00ed a rodinn\u00e9 atmosf\u00e9ry\" class=\"wp-image-5865\" \/><\/figure>\n\n\n\n<figure class=\"wp-block-image size-large\"><img decoding=\"async\" data-id=\"5866\" src=\"https:\/\/vcentru.cz\/wp-content\/uploads\/2025\/11\/32_edited-1024x775.jpg\" alt=\"Advent v pra\u017esk\u00e9 Galerii Butovice: \u010dty\u0159i ned\u011ble pln\u00e9 tradic, tvo\u0159en\u00ed a rodinn\u00e9 atmosf\u00e9ry\" class=\"wp-image-5866\" \/><\/figure>\n<\/figure>\n\n\n\n<div style=\"height:35px\" class=\"wp-block-spacer\"><\/div>\n\n\n\n<p class=\"has-medium-font-size\"><strong>Zdroj foto:<\/strong>&nbsp;Galerie Butovice<\/p>\n\n\n\n<div style=\"height:65px\" class=\"wp-block-spacer\"><\/div>\n","protected":false},"excerpt":{"rendered":"<p>\u010cty\u0159i adventn\u00ed ned\u011ble, \u010dty\u0159i r\u016fzn\u00e9 atmosf\u00e9ry \u2014 od Mikul\u00e1\u0161sk\u00e9 a\u017e po zlatou te\u010dku t\u011bsn\u011b p\u0159ed \u0160t\u011bdr\u00fdm dnem. Galerie Butovice p\u0159ipravila program, kter\u00fd von\u00ed po V\u00e1noc\u00edch a zve rodiny na tvo\u0159en\u00ed, tradice i chv\u00edle, kdy&#46;&#46;&#46;<\/p>\n","protected":false},"author":10,"featured_media":13343,"comment_status":"closed","ping_status":"closed","sticky":false,"template":"","format":"standard","meta":{"_monsterinsights_skip_tracking":false,"_monsterinsights_sitenote_active":false,"_monsterinsights_sitenote_note":"","_monsterinsights_sitenote_category":0,"footnotes":""},"categories":[19,2,188,163,10],"tags":[],"yoast_head":"<!-- This site is optimized with the Yoast SEO plugin v21.5 - https:\/\/yoast.com\/wordpress\/plugins\/seo\/ -->\n<title>Advent v pra\u017esk\u00e9 Galerii Butovice: \u010dty\u0159i ned\u011ble pln\u00e9 tradic, tvo\u0159en\u00ed a rodinn\u00e9 atmosf\u00e9ry - CELEBRITYHOUSE.cz<\/title>\n<meta name=\"description\" content=\"\u010cty\u0159i adventn\u00ed ned\u011ble, \u010dty\u0159i r\u016fzn\u00e9 atmosf\u00e9ry \u2014 od Mikul\u00e1\u0161sk\u00e9 a\u017e po zlatou te\u010dku t\u011bsn\u011b p\u0159ed \u0160t\u011bdr\u00fdm dnem. Galerie Butovice p\u0159ipravila program\" \/>\n<meta name=\"robots\" content=\"index, follow, max-snippet:-1, max-image-preview:large, max-video-preview:-1\" \/>\n<link rel=\"canonical\" href=\"https:\/\/celebrityhouse.cz\/index.php\/2025\/12\/10\/advent-v-prazske-galerii-butovice-ctyri-nedele-plne-tradic-tvoreni-a-rodinne-atmosfery\/\" \/>\n<meta property=\"og:locale\" content=\"cs_CZ\" \/>\n<meta property=\"og:type\" content=\"article\" \/>\n<meta property=\"og:title\" content=\"Advent v pra\u017esk\u00e9 Galerii Butovice: \u010dty\u0159i ned\u011ble pln\u00e9 tradic, tvo\u0159en\u00ed a rodinn\u00e9 atmosf\u00e9ry - CELEBRITYHOUSE.cz\" \/>\n<meta property=\"og:description\" content=\"\u010cty\u0159i adventn\u00ed ned\u011ble, \u010dty\u0159i r\u016fzn\u00e9 atmosf\u00e9ry \u2014 od Mikul\u00e1\u0161sk\u00e9 a\u017e po zlatou te\u010dku t\u011bsn\u011b p\u0159ed \u0160t\u011bdr\u00fdm dnem. Galerie Butovice p\u0159ipravila program\" \/>\n<meta property=\"og:url\" content=\"https:\/\/celebrityhouse.cz\/index.php\/2025\/12\/10\/advent-v-prazske-galerii-butovice-ctyri-nedele-plne-tradic-tvoreni-a-rodinne-atmosfery\/\" \/>\n<meta property=\"og:site_name\" content=\"CELEBRITYHOUSE.cz\" \/>\n<meta property=\"article:published_time\" content=\"2025-12-09T23:01:00+00:00\" \/>\n<meta property=\"article:modified_time\" content=\"2025-12-04T00:29:22+00:00\" \/>\n<meta property=\"og:image\" content=\"https:\/\/celebrityhouse.cz\/wp-content\/uploads\/2025\/11\/gb_celek.jpg\" \/>\n\t<meta property=\"og:image:width\" content=\"1450\" \/>\n\t<meta property=\"og:image:height\" content=\"966\" \/>\n\t<meta property=\"og:image:type\" content=\"image\/jpeg\" \/>\n<meta name=\"author\" content=\"Helen Guardian\" \/>\n<meta name=\"twitter:card\" content=\"summary_large_image\" \/>\n<meta name=\"twitter:label1\" content=\"Napsal(a)\" \/>\n\t<meta name=\"twitter:data1\" content=\"Helen Guardian\" \/>\n\t<meta name=\"twitter:label2\" content=\"Odhadovan\u00e1 doba \u010dten\u00ed\" \/>\n\t<meta name=\"twitter:data2\" content=\"4 minuty\" \/>\n<script type=\"application\/ld+json\" class=\"yoast-schema-graph\">{\"@context\":\"https:\/\/schema.org\",\"@graph\":[{\"@type\":\"Article\",\"@id\":\"https:\/\/celebrityhouse.cz\/index.php\/2025\/12\/10\/advent-v-prazske-galerii-butovice-ctyri-nedele-plne-tradic-tvoreni-a-rodinne-atmosfery\/#article\",\"isPartOf\":{\"@id\":\"https:\/\/celebrityhouse.cz\/index.php\/2025\/12\/10\/advent-v-prazske-galerii-butovice-ctyri-nedele-plne-tradic-tvoreni-a-rodinne-atmosfery\/\"},\"author\":{\"name\":\"Helen Guardian\",\"@id\":\"https:\/\/celebrityhouse.cz\/#\/schema\/person\/bd8317bbfad32bdb6e4bb66ad0065f09\"},\"headline\":\"Advent v pra\u017esk\u00e9 Galerii Butovice: \u010dty\u0159i ned\u011ble pln\u00e9 tradic, tvo\u0159en\u00ed a rodinn\u00e9 atmosf\u00e9ry\",\"datePublished\":\"2025-12-09T23:01:00+00:00\",\"dateModified\":\"2025-12-04T00:29:22+00:00\",\"mainEntityOfPage\":{\"@id\":\"https:\/\/celebrityhouse.cz\/index.php\/2025\/12\/10\/advent-v-prazske-galerii-butovice-ctyri-nedele-plne-tradic-tvoreni-a-rodinne-atmosfery\/\"},\"wordCount\":752,\"publisher\":{\"@id\":\"https:\/\/celebrityhouse.cz\/#organization\"},\"articleSection\":[\"AKCE\",\"NEWS\",\"OBCHODN\u00cd CENTRA\",\"PRA\u017dSK\u00c1 METROPOLE\",\"TIPY &amp; TRENDY\"],\"inLanguage\":\"cs\"},{\"@type\":\"WebPage\",\"@id\":\"https:\/\/celebrityhouse.cz\/index.php\/2025\/12\/10\/advent-v-prazske-galerii-butovice-ctyri-nedele-plne-tradic-tvoreni-a-rodinne-atmosfery\/\",\"url\":\"https:\/\/celebrityhouse.cz\/index.php\/2025\/12\/10\/advent-v-prazske-galerii-butovice-ctyri-nedele-plne-tradic-tvoreni-a-rodinne-atmosfery\/\",\"name\":\"Advent v pra\u017esk\u00e9 Galerii Butovice: \u010dty\u0159i ned\u011ble pln\u00e9 tradic, tvo\u0159en\u00ed a rodinn\u00e9 atmosf\u00e9ry - CELEBRITYHOUSE.cz\",\"isPartOf\":{\"@id\":\"https:\/\/celebrityhouse.cz\/#website\"},\"datePublished\":\"2025-12-09T23:01:00+00:00\",\"dateModified\":\"2025-12-04T00:29:22+00:00\",\"description\":\"\u010cty\u0159i adventn\u00ed ned\u011ble, \u010dty\u0159i r\u016fzn\u00e9 atmosf\u00e9ry \u2014 od Mikul\u00e1\u0161sk\u00e9 a\u017e po zlatou te\u010dku t\u011bsn\u011b p\u0159ed \u0160t\u011bdr\u00fdm dnem. Galerie Butovice p\u0159ipravila program\",\"breadcrumb\":{\"@id\":\"https:\/\/celebrityhouse.cz\/index.php\/2025\/12\/10\/advent-v-prazske-galerii-butovice-ctyri-nedele-plne-tradic-tvoreni-a-rodinne-atmosfery\/#breadcrumb\"},\"inLanguage\":\"cs\",\"potentialAction\":[{\"@type\":\"ReadAction\",\"target\":[\"https:\/\/celebrityhouse.cz\/index.php\/2025\/12\/10\/advent-v-prazske-galerii-butovice-ctyri-nedele-plne-tradic-tvoreni-a-rodinne-atmosfery\/\"]}]},{\"@type\":\"BreadcrumbList\",\"@id\":\"https:\/\/celebrityhouse.cz\/index.php\/2025\/12\/10\/advent-v-prazske-galerii-butovice-ctyri-nedele-plne-tradic-tvoreni-a-rodinne-atmosfery\/#breadcrumb\",\"itemListElement\":[{\"@type\":\"ListItem\",\"position\":1,\"name\":\"Dom\u016f\",\"item\":\"https:\/\/celebrityhouse.cz\/\"},{\"@type\":\"ListItem\",\"position\":2,\"name\":\"Advent v pra\u017esk\u00e9 Galerii Butovice: \u010dty\u0159i ned\u011ble pln\u00e9 tradic, tvo\u0159en\u00ed a rodinn\u00e9 atmosf\u00e9ry\"}]},{\"@type\":\"WebSite\",\"@id\":\"https:\/\/celebrityhouse.cz\/#website\",\"url\":\"https:\/\/celebrityhouse.cz\/\",\"name\":\"CELEBRITYHOUSE.cz\",\"description\":\"Port\u00e1l o showbyznysu...\",\"publisher\":{\"@id\":\"https:\/\/celebrityhouse.cz\/#organization\"},\"potentialAction\":[{\"@type\":\"SearchAction\",\"target\":{\"@type\":\"EntryPoint\",\"urlTemplate\":\"https:\/\/celebrityhouse.cz\/?s={search_term_string}\"},\"query-input\":\"required name=search_term_string\"}],\"inLanguage\":\"cs\"},{\"@type\":\"Organization\",\"@id\":\"https:\/\/celebrityhouse.cz\/#organization\",\"name\":\"CELEBRITYHOUSE.cz\",\"url\":\"https:\/\/celebrityhouse.cz\/\",\"logo\":{\"@type\":\"ImageObject\",\"inLanguage\":\"cs\",\"@id\":\"https:\/\/celebrityhouse.cz\/#\/schema\/logo\/image\/\",\"url\":\"https:\/\/celebrityhouse.cz\/wp-content\/uploads\/2024\/12\/cropped-Logo_CelebrityHouse_2.jpg\",\"contentUrl\":\"https:\/\/celebrityhouse.cz\/wp-content\/uploads\/2024\/12\/cropped-Logo_CelebrityHouse_2.jpg\",\"width\":937,\"height\":510,\"caption\":\"CELEBRITYHOUSE.cz\"},\"image\":{\"@id\":\"https:\/\/celebrityhouse.cz\/#\/schema\/logo\/image\/\"}},{\"@type\":\"Person\",\"@id\":\"https:\/\/celebrityhouse.cz\/#\/schema\/person\/bd8317bbfad32bdb6e4bb66ad0065f09\",\"name\":\"Helen Guardian\",\"image\":{\"@type\":\"ImageObject\",\"inLanguage\":\"cs\",\"@id\":\"https:\/\/celebrityhouse.cz\/#\/schema\/person\/image\/\",\"url\":\"https:\/\/secure.gravatar.com\/avatar\/f62c76287ccbbd3f899549a169c0e6aa?s=96&d=mm&r=g\",\"contentUrl\":\"https:\/\/secure.gravatar.com\/avatar\/f62c76287ccbbd3f899549a169c0e6aa?s=96&d=mm&r=g\",\"caption\":\"Helen Guardian\"},\"sameAs\":[\"http:\/\/CELEBRITYHOUSE.cz\"],\"url\":\"https:\/\/celebrityhouse.cz\/index.php\/author\/helgu\/\"}]}<\/script>\n<!-- \/ Yoast SEO plugin. -->","yoast_head_json":{"title":"Advent v pra\u017esk\u00e9 Galerii Butovice: \u010dty\u0159i ned\u011ble pln\u00e9 tradic, tvo\u0159en\u00ed a rodinn\u00e9 atmosf\u00e9ry - CELEBRITYHOUSE.cz","description":"\u010cty\u0159i adventn\u00ed ned\u011ble, \u010dty\u0159i r\u016fzn\u00e9 atmosf\u00e9ry \u2014 od Mikul\u00e1\u0161sk\u00e9 a\u017e po zlatou te\u010dku t\u011bsn\u011b p\u0159ed \u0160t\u011bdr\u00fdm dnem. Galerie Butovice p\u0159ipravila program","robots":{"index":"index","follow":"follow","max-snippet":"max-snippet:-1","max-image-preview":"max-image-preview:large","max-video-preview":"max-video-preview:-1"},"canonical":"https:\/\/celebrityhouse.cz\/index.php\/2025\/12\/10\/advent-v-prazske-galerii-butovice-ctyri-nedele-plne-tradic-tvoreni-a-rodinne-atmosfery\/","og_locale":"cs_CZ","og_type":"article","og_title":"Advent v pra\u017esk\u00e9 Galerii Butovice: \u010dty\u0159i ned\u011ble pln\u00e9 tradic, tvo\u0159en\u00ed a rodinn\u00e9 atmosf\u00e9ry - CELEBRITYHOUSE.cz","og_description":"\u010cty\u0159i adventn\u00ed ned\u011ble, \u010dty\u0159i r\u016fzn\u00e9 atmosf\u00e9ry \u2014 od Mikul\u00e1\u0161sk\u00e9 a\u017e po zlatou te\u010dku t\u011bsn\u011b p\u0159ed \u0160t\u011bdr\u00fdm dnem. Galerie Butovice p\u0159ipravila program","og_url":"https:\/\/celebrityhouse.cz\/index.php\/2025\/12\/10\/advent-v-prazske-galerii-butovice-ctyri-nedele-plne-tradic-tvoreni-a-rodinne-atmosfery\/","og_site_name":"CELEBRITYHOUSE.cz","article_published_time":"2025-12-09T23:01:00+00:00","article_modified_time":"2025-12-04T00:29:22+00:00","og_image":[{"width":1450,"height":966,"url":"https:\/\/celebrityhouse.cz\/wp-content\/uploads\/2025\/11\/gb_celek.jpg","type":"image\/jpeg"}],"author":"Helen Guardian","twitter_card":"summary_large_image","twitter_misc":{"Napsal(a)":"Helen Guardian","Odhadovan\u00e1 doba \u010dten\u00ed":"4 minuty"},"schema":{"@context":"https:\/\/schema.org","@graph":[{"@type":"Article","@id":"https:\/\/celebrityhouse.cz\/index.php\/2025\/12\/10\/advent-v-prazske-galerii-butovice-ctyri-nedele-plne-tradic-tvoreni-a-rodinne-atmosfery\/#article","isPartOf":{"@id":"https:\/\/celebrityhouse.cz\/index.php\/2025\/12\/10\/advent-v-prazske-galerii-butovice-ctyri-nedele-plne-tradic-tvoreni-a-rodinne-atmosfery\/"},"author":{"name":"Helen Guardian","@id":"https:\/\/celebrityhouse.cz\/#\/schema\/person\/bd8317bbfad32bdb6e4bb66ad0065f09"},"headline":"Advent v pra\u017esk\u00e9 Galerii Butovice: \u010dty\u0159i ned\u011ble pln\u00e9 tradic, tvo\u0159en\u00ed a rodinn\u00e9 atmosf\u00e9ry","datePublished":"2025-12-09T23:01:00+00:00","dateModified":"2025-12-04T00:29:22+00:00","mainEntityOfPage":{"@id":"https:\/\/celebrityhouse.cz\/index.php\/2025\/12\/10\/advent-v-prazske-galerii-butovice-ctyri-nedele-plne-tradic-tvoreni-a-rodinne-atmosfery\/"},"wordCount":752,"publisher":{"@id":"https:\/\/celebrityhouse.cz\/#organization"},"articleSection":["AKCE","NEWS","OBCHODN\u00cd CENTRA","PRA\u017dSK\u00c1 METROPOLE","TIPY &amp; TRENDY"],"inLanguage":"cs"},{"@type":"WebPage","@id":"https:\/\/celebrityhouse.cz\/index.php\/2025\/12\/10\/advent-v-prazske-galerii-butovice-ctyri-nedele-plne-tradic-tvoreni-a-rodinne-atmosfery\/","url":"https:\/\/celebrityhouse.cz\/index.php\/2025\/12\/10\/advent-v-prazske-galerii-butovice-ctyri-nedele-plne-tradic-tvoreni-a-rodinne-atmosfery\/","name":"Advent v pra\u017esk\u00e9 Galerii Butovice: \u010dty\u0159i ned\u011ble pln\u00e9 tradic, tvo\u0159en\u00ed a rodinn\u00e9 atmosf\u00e9ry - CELEBRITYHOUSE.cz","isPartOf":{"@id":"https:\/\/celebrityhouse.cz\/#website"},"datePublished":"2025-12-09T23:01:00+00:00","dateModified":"2025-12-04T00:29:22+00:00","description":"\u010cty\u0159i adventn\u00ed ned\u011ble, \u010dty\u0159i r\u016fzn\u00e9 atmosf\u00e9ry \u2014 od Mikul\u00e1\u0161sk\u00e9 a\u017e po zlatou te\u010dku t\u011bsn\u011b p\u0159ed \u0160t\u011bdr\u00fdm dnem. Galerie Butovice p\u0159ipravila program","breadcrumb":{"@id":"https:\/\/celebrityhouse.cz\/index.php\/2025\/12\/10\/advent-v-prazske-galerii-butovice-ctyri-nedele-plne-tradic-tvoreni-a-rodinne-atmosfery\/#breadcrumb"},"inLanguage":"cs","potentialAction":[{"@type":"ReadAction","target":["https:\/\/celebrityhouse.cz\/index.php\/2025\/12\/10\/advent-v-prazske-galerii-butovice-ctyri-nedele-plne-tradic-tvoreni-a-rodinne-atmosfery\/"]}]},{"@type":"BreadcrumbList","@id":"https:\/\/celebrityhouse.cz\/index.php\/2025\/12\/10\/advent-v-prazske-galerii-butovice-ctyri-nedele-plne-tradic-tvoreni-a-rodinne-atmosfery\/#breadcrumb","itemListElement":[{"@type":"ListItem","position":1,"name":"Dom\u016f","item":"https:\/\/celebrityhouse.cz\/"},{"@type":"ListItem","position":2,"name":"Advent v pra\u017esk\u00e9 Galerii Butovice: \u010dty\u0159i ned\u011ble pln\u00e9 tradic, tvo\u0159en\u00ed a rodinn\u00e9 atmosf\u00e9ry"}]},{"@type":"WebSite","@id":"https:\/\/celebrityhouse.cz\/#website","url":"https:\/\/celebrityhouse.cz\/","name":"CELEBRITYHOUSE.cz","description":"Port\u00e1l o showbyznysu...","publisher":{"@id":"https:\/\/celebrityhouse.cz\/#organization"},"potentialAction":[{"@type":"SearchAction","target":{"@type":"EntryPoint","urlTemplate":"https:\/\/celebrityhouse.cz\/?s={search_term_string}"},"query-input":"required name=search_term_string"}],"inLanguage":"cs"},{"@type":"Organization","@id":"https:\/\/celebrityhouse.cz\/#organization","name":"CELEBRITYHOUSE.cz","url":"https:\/\/celebrityhouse.cz\/","logo":{"@type":"ImageObject","inLanguage":"cs","@id":"https:\/\/celebrityhouse.cz\/#\/schema\/logo\/image\/","url":"https:\/\/celebrityhouse.cz\/wp-content\/uploads\/2024\/12\/cropped-Logo_CelebrityHouse_2.jpg","contentUrl":"https:\/\/celebrityhouse.cz\/wp-content\/uploads\/2024\/12\/cropped-Logo_CelebrityHouse_2.jpg","width":937,"height":510,"caption":"CELEBRITYHOUSE.cz"},"image":{"@id":"https:\/\/celebrityhouse.cz\/#\/schema\/logo\/image\/"}},{"@type":"Person","@id":"https:\/\/celebrityhouse.cz\/#\/schema\/person\/bd8317bbfad32bdb6e4bb66ad0065f09","name":"Helen Guardian","image":{"@type":"ImageObject","inLanguage":"cs","@id":"https:\/\/celebrityhouse.cz\/#\/schema\/person\/image\/","url":"https:\/\/secure.gravatar.com\/avatar\/f62c76287ccbbd3f899549a169c0e6aa?s=96&d=mm&r=g","contentUrl":"https:\/\/secure.gravatar.com\/avatar\/f62c76287ccbbd3f899549a169c0e6aa?s=96&d=mm&r=g","caption":"Helen Guardian"},"sameAs":["http:\/\/CELEBRITYHOUSE.cz"],"url":"https:\/\/celebrityhouse.cz\/index.php\/author\/helgu\/"}]}},"_links":{"self":[{"href":"https:\/\/celebrityhouse.cz\/index.php\/wp-json\/wp\/v2\/posts\/13342"}],"collection":[{"href":"https:\/\/celebrityhouse.cz\/index.php\/wp-json\/wp\/v2\/posts"}],"about":[{"href":"https:\/\/celebrityhouse.cz\/index.php\/wp-json\/wp\/v2\/types\/post"}],"author":[{"embeddable":true,"href":"https:\/\/celebrityhouse.cz\/index.php\/wp-json\/wp\/v2\/users\/10"}],"replies":[{"embeddable":true,"href":"https:\/\/celebrityhouse.cz\/index.php\/wp-json\/wp\/v2\/comments?post=13342"}],"version-history":[{"count":1,"href":"https:\/\/celebrityhouse.cz\/index.php\/wp-json\/wp\/v2\/posts\/13342\/revisions"}],"predecessor-version":[{"id":13344,"href":"https:\/\/celebrityhouse.cz\/index.php\/wp-json\/wp\/v2\/posts\/13342\/revisions\/13344"}],"wp:featuredmedia":[{"embeddable":true,"href":"https:\/\/celebrityhouse.cz\/index.php\/wp-json\/wp\/v2\/media\/13343"}],"wp:attachment":[{"href":"https:\/\/celebrityhouse.cz\/index.php\/wp-json\/wp\/v2\/media?parent=13342"}],"wp:term":[{"taxonomy":"category","embeddable":true,"href":"https:\/\/celebrityhouse.cz\/index.php\/wp-json\/wp\/v2\/categories?post=13342"},{"taxonomy":"post_tag","embeddable":true,"href":"https:\/\/celebrityhouse.cz\/index.php\/wp-json\/wp\/v2\/tags?post=13342"}],"curies":[{"name":"wp","href":"https:\/\/api.w.org\/{rel}","templated":true}]}}