{"id":13431,"date":"2025-12-15T00:01:00","date_gmt":"2025-12-14T23:01:00","guid":{"rendered":"https:\/\/celebrityhouse.cz\/?p=13431"},"modified":"2025-12-14T04:34:32","modified_gmt":"2025-12-14T03:34:32","slug":"avatar-ohen-a-popel-miri-do-kin-navrat-na-pandoru-zacina-uz-17-prosince","status":"publish","type":"post","link":"https:\/\/celebrityhouse.cz\/index.php\/2025\/12\/15\/avatar-ohen-a-popel-miri-do-kin-navrat-na-pandoru-zacina-uz-17-prosince\/","title":{"rendered":"Avatar: Ohe\u0148 a popel m\u00ed\u0159\u00ed do kin. N\u00e1vrat na Pandoru za\u010d\u00edn\u00e1 u\u017e 17. prosince"},"content":{"rendered":"\n<div style=\"height:40px\" aria-hidden=\"true\" class=\"wp-block-spacer\"><\/div>\n\n\n\n<p class=\"has-medium-font-size\"><strong>Pandora znovu o\u017e\u00edv\u00e1. U\u017e tento t\u00fdden se do kin vrac\u00ed jeden z nejv\u011bt\u0161\u00edch filmov\u00fdch fenom\u00e9n\u016f v\u0161ech dob \u2013 Avatar. Nov\u00fd d\u00edl s n\u00e1zvem Avatar: Ohe\u0148 a popel slibuje dechberouc\u00ed pod\u00edvanou, siln\u00e9 emoce i dal\u0161\u00ed kapitolu epick\u00e9ho p\u0159\u00edb\u011bhu, kter\u00fd p\u0159ed lety zm\u011bnil filmov\u00fd sv\u011bt. Re\u017eis\u00e9r James Cameron znovu otev\u00edr\u00e1 br\u00e1ny mimozemsk\u00e9ho sv\u011bta, kde se st\u0159et\u00e1v\u00e1 kr\u00e1sa p\u0159\u00edrody, rodina, v\u00e1lka i nekompromisn\u00ed boj o p\u0159e\u017eit\u00ed.<\/strong><\/p>\n\n\n\n<p class=\"has-medium-font-size\">Premi\u00e9ra filmu <strong>Avatar: Ohe\u0148 a popel<\/strong> je napl\u00e1nov\u00e1na na <strong>17. prosince<\/strong> a u\u017e te\u010f je jasn\u00e9, \u017ee p\u016fjde o jeden z nejv\u011bt\u0161\u00edch filmov\u00fdch tah\u00e1k\u016f leto\u0161n\u00edho roku.<\/p>\n\n\n\n<div style=\"height:40px\" aria-hidden=\"true\" class=\"wp-block-spacer\"><\/div>\n\n\n<div class=\"wp-block-image\">\n<figure class=\"aligncenter size-large\"><img decoding=\"async\" src=\"https:\/\/vcentru.cz\/wp-content\/uploads\/2025\/12\/avatar_nahled-1024x406.jpg\" alt=\"Avatar: Ohe\u0148 a popel m\u00ed\u0159\u00ed do kin. N\u00e1vrat na Pandoru za\u010d\u00edn\u00e1 u\u017e 17. prosince\" class=\"wp-image-6451\"\/><\/figure><\/div>\n\n\n<div style=\"height:40px\" aria-hidden=\"true\" class=\"wp-block-spacer\"><\/div>\n\n\n\n<h2 class=\"wp-block-heading\">N\u00e1vrat Jakea Sullyho a Neytiri: Rodina, ohe\u0148 a nov\u00e9 hrozby<\/h2>\n\n\n\n<div style=\"height:40px\" aria-hidden=\"true\" class=\"wp-block-spacer\"><\/div>\n\n\n\n<p class=\"has-medium-font-size\">P\u0159\u00edb\u011bh n\u00e1s op\u011bt zav\u00e1d\u00ed na Pandoru, kde sledujeme dal\u0161\u00ed osudy b\u00fdval\u00e9ho mari\u0148\u00e1ka <strong>Jakea Sullyho<\/strong> (Sam Worthington), dnes v\u016fdce kmene Na\u2019vi, jeho partnerky <strong>Neytiri<\/strong> (Zoe Salda?a) a jejich rodiny. Po ud\u00e1lostech p\u0159edchoz\u00edch d\u00edl\u016f se sv\u011bt Pandory d\u00e1l prom\u011b\u0148uje \u2013 a s n\u00edm i konflikty, kter\u00e9 jsou temn\u011bj\u0161\u00ed, osobn\u011bj\u0161\u00ed a ni\u010div\u011bj\u0161\u00ed ne\u017e kdy d\u0159\u00edv.<\/p>\n\n\n\n<p class=\"has-medium-font-size\"><strong>Ohe\u0148 a popel<\/strong> nejsou jen symboly destrukce, ale i prom\u011bny. Film nazna\u010duje, \u017ee Pandoru \u010dekaj\u00ed nov\u00e9 kmeny, nov\u00e9 elementy a p\u0159edev\u0161\u00edm nov\u00e9 mor\u00e1ln\u00ed dilema: co v\u0161echno je mo\u017en\u00e9 ob\u011btovat pro ochranu domova a rodiny?<\/p>\n\n\n\n<div style=\"height:40px\" aria-hidden=\"true\" class=\"wp-block-spacer\"><\/div>\n\n\n<div class=\"wp-block-image\">\n<figure class=\"aligncenter size-full\"><img decoding=\"async\" src=\"https:\/\/vcentru.cz\/wp-content\/uploads\/2025\/12\/avatarfireandash_still06-800x332-1.jpg\" alt=\"Avatar: Ohe\u0148 a popel m\u00ed\u0159\u00ed do kin. N\u00e1vrat na Pandoru za\u010d\u00edn\u00e1 u\u017e 17. prosince\" class=\"wp-image-6439\"\/><\/figure><\/div>\n\n\n<div style=\"height:40px\" aria-hidden=\"true\" class=\"wp-block-spacer\"><\/div>\n\n\n\n<h2 class=\"wp-block-heading\">James Cameron ve vrcholn\u00e9 form\u011b<\/h2>\n\n\n\n<div style=\"height:40px\" aria-hidden=\"true\" class=\"wp-block-spacer\"><\/div>\n\n\n\n<p class=\"has-medium-font-size\">Jm\u00e9no <strong>James Cameron<\/strong> je samo o sob\u011b z\u00e1rukou velkolep\u00e9 pod\u00edvan\u00e9. Tv\u016frce film\u016f jako Titanic, Vet\u0159elec nebo Termin\u00e1tor znovu dokazuje, \u017ee um\u00ed spojit technologickou revoluci s lidsk\u00fdm p\u0159\u00edb\u011bhem. Sc\u00e9n\u00e1\u0159 k filmu <strong>Avatar: Ohe\u0148 a popel<\/strong> napsal Cameron spole\u010dn\u011b s Rickem Jaffou a Amandou Silver, p\u0159i\u010dem\u017e na p\u0159\u00edb\u011bhu se pod\u00edlel i Josh Friedman a Shane Salerno.<\/p>\n\n\n\n<p class=\"has-medium-font-size\">V\u00fdsledkem m\u00e1 b\u00fdt film, kter\u00fd nejen ohrom\u00ed vizu\u00e1ln\u011b, ale nab\u00eddne i silnou emo\u010dn\u00ed linku, jakou od Avatara div\u00e1ci o\u010dek\u00e1vaj\u00ed.<\/p>\n\n\n\n<div style=\"height:40px\" aria-hidden=\"true\" class=\"wp-block-spacer\"><\/div>\n\n\n<div class=\"wp-block-image\">\n<figure class=\"aligncenter size-full\"><img decoding=\"async\" src=\"https:\/\/vcentru.cz\/wp-content\/uploads\/2025\/12\/avatarfireandash_still15-800x335-1.jpg\" alt=\"Avatar: Ohe\u0148 a popel m\u00ed\u0159\u00ed do kin. N\u00e1vrat na Pandoru za\u010d\u00edn\u00e1 u\u017e 17. prosince\" class=\"wp-image-6448\"\/><\/figure><\/div>\n\n\n<div style=\"height:40px\" aria-hidden=\"true\" class=\"wp-block-spacer\"><\/div>\n\n\n\n<h2 class=\"wp-block-heading\">Hereck\u00e9 obsazen\u00ed pln\u00e9 zn\u00e1m\u00fdch tv\u00e1\u0159\u00ed<\/h2>\n\n\n\n<div style=\"height:40px\" aria-hidden=\"true\" class=\"wp-block-spacer\"><\/div>\n\n\n\n<p class=\"has-medium-font-size\"><strong>Vedle \u00fast\u0159edn\u00ed dvojice se na pl\u00e1tna kin vrac\u00ed i \u0159ada zn\u00e1m\u00fdch herc\u016f. T\u011b\u0161it se m\u016f\u017eete na:<\/strong><\/p>\n\n\n\n<p class=\"has-medium-font-size\">Zoe Salda?a<br>Sam Worthington<br>Sigourney Weaver<br>Stephen Lang<br>Kate Winslet<br>Cliff Curtis<br>Oona Chaplin<br>Michelle Yeoh<\/p>\n\n\n\n<p class=\"has-medium-font-size\">Siln\u00e9 hereck\u00e9 obsazen\u00ed d\u00e1v\u00e1 p\u0159\u00edb\u011bhu hloubku a autentick\u00e9 emoce, kter\u00e9 d\u011blaj\u00ed z Avatara v\u00edc ne\u017e jen vizu\u00e1ln\u00ed spekt\u00e1kl.<\/p>\n\n\n\n<div style=\"height:40px\" aria-hidden=\"true\" class=\"wp-block-spacer\"><\/div>\n\n\n<div class=\"wp-block-image\">\n<figure class=\"aligncenter size-full\"><img decoding=\"async\" src=\"https:\/\/vcentru.cz\/wp-content\/uploads\/2025\/12\/avatarfireandash_still12-800x333-1.jpg\" alt=\"Avatar: Ohe\u0148 a popel m\u00ed\u0159\u00ed do kin. N\u00e1vrat na Pandoru za\u010d\u00edn\u00e1 u\u017e 17. prosince\" class=\"wp-image-6446\"\/><\/figure><\/div>\n\n\n<div style=\"height:40px\" aria-hidden=\"true\" class=\"wp-block-spacer\"><\/div>\n\n\n\n<h2 class=\"wp-block-heading\">Hudba, kter\u00e1 v\u00e1s vt\u00e1hne do sv\u011bta Pandory<\/h2>\n\n\n\n<div style=\"height:40px\" aria-hidden=\"true\" class=\"wp-block-spacer\"><\/div>\n\n\n\n<p class=\"has-medium-font-size\">Atmosf\u00e9ru filmu tradi\u010dn\u011b podtrhuje hudba. O soundtrack se postaral <strong>Simon Franglen<\/strong>, kter\u00fd navazuje na ikonick\u00fd hudebn\u00ed rukopis cel\u00e9 s\u00e9rie. Hudba v Avatarovi nen\u00ed jen doprovodem, ale plnohodnotnou sou\u010d\u00e1st\u00ed vypr\u00e1v\u011bn\u00ed \u2013 zintenziv\u0148uje emoce, nap\u011bt\u00ed i ticho mezi jednotliv\u00fdmi sc\u00e9nami.<\/p>\n\n\n\n<div style=\"height:40px\" aria-hidden=\"true\" class=\"wp-block-spacer\"><\/div>\n\n\n\n<figure class=\"wp-block-embed aligncenter is-type-video is-provider-youtube wp-block-embed-youtube wp-embed-aspect-16-9 wp-has-aspect-ratio\"><div class=\"wp-block-embed__wrapper\">\n<div class=\"video-container\"><iframe loading=\"lazy\" title=\"AVATAR: OHE\u0147 A POPEL (2025) HD ofici\u00e1ln\u00ed trailer | CZ titulky\" width=\"500\" height=\"281\" src=\"https:\/\/www.youtube.com\/embed\/GKpXVRN1IqQ?feature=oembed&#038;wmode=opaque\" frameborder=\"0\" allow=\"accelerometer; autoplay; clipboard-write; encrypted-media; gyroscope; picture-in-picture; web-share\" referrerpolicy=\"strict-origin-when-cross-origin\" allowfullscreen><\/iframe><\/div>\n<\/div><\/figure>\n\n\n\n<div style=\"height:40px\" aria-hidden=\"true\" class=\"wp-block-spacer\"><\/div>\n\n\n\n<h2 class=\"wp-block-heading\">Pro\u010d byste si Avatar: Ohe\u0148 a popel nem\u011bli nechat uj\u00edt v kin\u011b<\/h2>\n\n\n\n<div style=\"height:40px\" aria-hidden=\"true\" class=\"wp-block-spacer\"><\/div>\n\n\n\n<p class=\"has-medium-font-size\">Avatar byl v\u017edy filmem, kter\u00fd pat\u0159\u00ed na velk\u00e9 pl\u00e1tno. <strong>Obraz, zvuk, prostor a emoce<\/strong> zde funguj\u00ed jako jeden celek. Dom\u00e1c\u00ed obrazovka jednodu\u0161e nedok\u00e1\u017ee nahradit z\u00e1\u017eitek z kina, kde se Pandora rozprost\u0159e v cel\u00e9 sv\u00e9 kr\u00e1se a s\u00edle.<\/p>\n\n\n\n<p class=\"has-medium-font-size\">Nov\u00fd Avatar nav\u00edc p\u0159in\u00e1\u0161\u00ed temn\u011bj\u0161\u00ed t\u00f3n, hlub\u0161\u00ed vztahy a ot\u00e1zky, kter\u00e9 rezonuj\u00ed i s dne\u0161n\u00edm sv\u011btem \u2013 od ochrany p\u0159\u00edrody a\u017e po cenu svobody.<\/p>\n\n\n\n<div style=\"height:40px\" aria-hidden=\"true\" class=\"wp-block-spacer\"><\/div>\n\n\n<div class=\"wp-block-image\">\n<figure class=\"aligncenter size-large is-resized\"><img decoding=\"async\" src=\"https:\/\/vcentru.cz\/wp-content\/uploads\/2025\/12\/avaoap_poster_770px-723x1024.jpg\" alt=\"Avatar: Ohe\u0148 a popel m\u00ed\u0159\u00ed do kin. N\u00e1vrat na Pandoru za\u010d\u00edn\u00e1 u\u017e 17. prosince\" class=\"wp-image-6444\" style=\"width:760px;height:auto\"\/><\/figure><\/div>\n\n\n<div style=\"height:60px\" aria-hidden=\"true\" class=\"wp-block-spacer\"><\/div>\n\n\n\n<h2 class=\"wp-block-heading\">Avatar: Ohe\u0148 a popel v kinech ji\u017e od 17. prosince<\/h2>\n\n\n\n<div style=\"height:40px\" aria-hidden=\"true\" class=\"wp-block-spacer\"><\/div>\n\n\n\n<p class=\"has-medium-font-size\">Film <strong>Avatar: Ohe\u0148 a popel<\/strong> vstupuje do kin <strong>ji\u017e od 17. prosince<\/strong>. Pokud hled\u00e1te ide\u00e1ln\u00ed filmov\u00fd z\u00e1\u017eitek pro p\u0159edv\u00e1no\u010dn\u00ed obdob\u00ed, t\u011b\u017eko budete hledat v\u011bt\u0161\u00ed ud\u00e1lost.<\/p>\n\n\n\n<p class=\"has-medium-font-size\"><strong>Pandora vol\u00e1. A tentokr\u00e1t ho\u0159\u00ed.<\/strong><\/p>\n\n\n\n<div style=\"height:100px\" aria-hidden=\"true\" class=\"wp-block-spacer\"><\/div>\n\n\n\n<figure class=\"wp-block-gallery has-nested-images columns-2 is-cropped wp-block-gallery-1 is-layout-flex wp-block-gallery-is-layout-flex\">\n<figure class=\"wp-block-image size-large\"><img decoding=\"async\" data-id=\"6435\" src=\"https:\/\/vcentru.cz\/wp-content\/uploads\/2025\/12\/3033a_0060_v0765.l.1219-800x422-1.jpg\" alt=\"Avatar: Ohe\u0148 a popel m\u00ed\u0159\u00ed do kin. N\u00e1vrat na Pandoru za\u010d\u00edn\u00e1 u\u017e 17. prosince\" class=\"wp-image-6435\"\/><\/figure>\n\n\n\n<figure class=\"wp-block-image size-large\"><img decoding=\"async\" data-id=\"6443\" src=\"https:\/\/vcentru.cz\/wp-content\/uploads\/2025\/12\/avatarfireandash_still03-800x332-1.jpg\" alt=\"Avatar: Ohe\u0148 a popel m\u00ed\u0159\u00ed do kin. N\u00e1vrat na Pandoru za\u010d\u00edn\u00e1 u\u017e 17. prosince\" class=\"wp-image-6443\"\/><\/figure>\n\n\n\n<figure class=\"wp-block-image size-large\"><img decoding=\"async\" data-id=\"6437\" src=\"https:\/\/vcentru.cz\/wp-content\/uploads\/2025\/12\/avatarfireandash_still05-800x331-1.jpg\" alt=\"Avatar: Ohe\u0148 a popel m\u00ed\u0159\u00ed do kin. N\u00e1vrat na Pandoru za\u010d\u00edn\u00e1 u\u017e 17. prosince\" class=\"wp-image-6437\"\/><\/figure>\n\n\n\n<figure class=\"wp-block-image size-large\"><img decoding=\"async\" data-id=\"6439\" src=\"https:\/\/vcentru.cz\/wp-content\/uploads\/2025\/12\/avatarfireandash_still06-800x332-1.jpg\" alt=\"Avatar: Ohe\u0148 a popel m\u00ed\u0159\u00ed do kin. N\u00e1vrat na Pandoru za\u010d\u00edn\u00e1 u\u017e 17. prosince\" class=\"wp-image-6439\"\/><\/figure>\n\n\n\n<figure class=\"wp-block-image size-large\"><img decoding=\"async\" data-id=\"6440\" src=\"https:\/\/vcentru.cz\/wp-content\/uploads\/2025\/12\/avatarfireandash_still07-800x333-1.jpg\" alt=\"Avatar: Ohe\u0148 a popel m\u00ed\u0159\u00ed do kin. N\u00e1vrat na Pandoru za\u010d\u00edn\u00e1 u\u017e 17. prosince\" class=\"wp-image-6440\"\/><\/figure>\n\n\n\n<figure class=\"wp-block-image size-large\"><img decoding=\"async\" data-id=\"6438\" src=\"https:\/\/vcentru.cz\/wp-content\/uploads\/2025\/12\/avatarfireandash_still08-800x331-1.jpg\" alt=\"Avatar: Ohe\u0148 a popel m\u00ed\u0159\u00ed do kin. N\u00e1vrat na Pandoru za\u010d\u00edn\u00e1 u\u017e 17. prosince\" class=\"wp-image-6438\"\/><\/figure>\n\n\n\n<figure class=\"wp-block-image size-large\"><img decoding=\"async\" data-id=\"6441\" src=\"https:\/\/vcentru.cz\/wp-content\/uploads\/2025\/12\/avatarfireandash_still09-800x332-1.jpg\" alt=\"Avatar: Ohe\u0148 a popel m\u00ed\u0159\u00ed do kin. N\u00e1vrat na Pandoru za\u010d\u00edn\u00e1 u\u017e 17. prosince\" class=\"wp-image-6441\"\/><\/figure>\n\n\n\n<figure class=\"wp-block-image size-large\"><img decoding=\"async\" data-id=\"6447\" src=\"https:\/\/vcentru.cz\/wp-content\/uploads\/2025\/12\/avatarfireandash_still10-800x333-1.jpg\" alt=\"Avatar: Ohe\u0148 a popel m\u00ed\u0159\u00ed do kin. N\u00e1vrat na Pandoru za\u010d\u00edn\u00e1 u\u017e 17. prosince\" class=\"wp-image-6447\"\/><\/figure>\n\n\n\n<figure class=\"wp-block-image size-large\"><img decoding=\"async\" data-id=\"6446\" src=\"https:\/\/vcentru.cz\/wp-content\/uploads\/2025\/12\/avatarfireandash_still12-800x333-1.jpg\" alt=\"Avatar: Ohe\u0148 a popel m\u00ed\u0159\u00ed do kin. N\u00e1vrat na Pandoru za\u010d\u00edn\u00e1 u\u017e 17. prosince\" class=\"wp-image-6446\"\/><\/figure>\n\n\n\n<figure class=\"wp-block-image size-large\"><img decoding=\"async\" data-id=\"6442\" src=\"https:\/\/vcentru.cz\/wp-content\/uploads\/2025\/12\/avatarfireandash_still14-800x331-1.jpg\" alt=\"Avatar: Ohe\u0148 a popel m\u00ed\u0159\u00ed do kin. N\u00e1vrat na Pandoru za\u010d\u00edn\u00e1 u\u017e 17. prosince\" class=\"wp-image-6442\"\/><\/figure>\n\n\n\n<figure class=\"wp-block-image size-large\"><img decoding=\"async\" data-id=\"6436\" src=\"https:\/\/vcentru.cz\/wp-content\/uploads\/2025\/12\/avatarfireandash_still13-800x335-1.jpg\" alt=\"Avatar: Ohe\u0148 a popel m\u00ed\u0159\u00ed do kin. N\u00e1vrat na Pandoru za\u010d\u00edn\u00e1 u\u017e 17. prosince\" class=\"wp-image-6436\"\/><\/figure>\n\n\n\n<figure class=\"wp-block-image size-large\"><img decoding=\"async\" data-id=\"6445\" src=\"https:\/\/vcentru.cz\/wp-content\/uploads\/2025\/12\/avatarfireandash_still11-800x335-1.jpg\" alt=\"Avatar: Ohe\u0148 a popel m\u00ed\u0159\u00ed do kin. N\u00e1vrat na Pandoru za\u010d\u00edn\u00e1 u\u017e 17. prosince\" class=\"wp-image-6445\"\/><\/figure>\n\n\n\n<figure class=\"wp-block-image size-large\"><img decoding=\"async\" data-id=\"6448\" src=\"https:\/\/vcentru.cz\/wp-content\/uploads\/2025\/12\/avatarfireandash_still15-800x335-1.jpg\" alt=\"Avatar: Ohe\u0148 a popel m\u00ed\u0159\u00ed do kin. N\u00e1vrat na Pandoru za\u010d\u00edn\u00e1 u\u017e 17. prosince\" class=\"wp-image-6448\"\/><\/figure>\n\n\n\n<figure class=\"wp-block-image size-large\"><img decoding=\"async\" data-id=\"6444\" src=\"https:\/\/vcentru.cz\/wp-content\/uploads\/2025\/12\/avaoap_poster_770px-723x1024.jpg\" alt=\"Avatar: Ohe\u0148 a popel m\u00ed\u0159\u00ed do kin. N\u00e1vrat na Pandoru za\u010d\u00edn\u00e1 u\u017e 17. prosince\" class=\"wp-image-6444\"\/><\/figure>\n\n\n\n<figure class=\"wp-block-image size-large\"><img decoding=\"async\" data-id=\"6449\" src=\"https:\/\/vcentru.cz\/wp-content\/uploads\/2025\/12\/avaoap_poster_770px_TTL-1024x614.jpg\" alt=\"Avatar: Ohe\u0148 a popel m\u00ed\u0159\u00ed do kin. N\u00e1vrat na Pandoru za\u010d\u00edn\u00e1 u\u017e 17. prosince\" class=\"wp-image-6449\"\/><\/figure>\n<\/figure>\n\n\n\n<div style=\"height:38px\" aria-hidden=\"true\" class=\"wp-block-spacer\"><\/div>\n\n\n\n<p class=\"has-medium-font-size\"><strong>Zdroj foto a video:<\/strong> FALCON<\/p>\n\n\n\n<div style=\"height:100px\" aria-hidden=\"true\" class=\"wp-block-spacer\"><\/div>\n\n\n\n<p class=\"has-medium-font-size\"><\/p>\n","protected":false},"excerpt":{"rendered":"<p>Pandora znovu o\u017e\u00edv\u00e1. U\u017e tento t\u00fdden se do kin vrac\u00ed jeden z nejv\u011bt\u0161\u00edch filmov\u00fdch fenom\u00e9n\u016f v\u0161ech dob \u2013 Avatar. Nov\u00fd d\u00edl s n\u00e1zvem Avatar: Ohe\u0148 a popel slibuje dechberouc\u00ed pod\u00edvanou, siln\u00e9 emoce i dal\u0161\u00ed&#46;&#46;&#46;<\/p>\n","protected":false},"author":6,"featured_media":13432,"comment_status":"closed","ping_status":"closed","sticky":false,"template":"","format":"standard","meta":{"_monsterinsights_skip_tracking":false,"_monsterinsights_sitenote_active":false,"_monsterinsights_sitenote_note":"","_monsterinsights_sitenote_category":0,"footnotes":""},"categories":[6,18,2,10,12,8],"tags":[],"yoast_head":"<!-- This site is optimized with the Yoast SEO plugin v21.5 - https:\/\/yoast.com\/wordpress\/plugins\/seo\/ -->\n<title>Avatar: Ohe\u0148 a popel m\u00ed\u0159\u00ed do kin. N\u00e1vrat na Pandoru za\u010d\u00edn\u00e1 u\u017e 17. prosince - CELEBRITYHOUSE.cz<\/title>\n<meta name=\"robots\" content=\"index, follow, max-snippet:-1, max-image-preview:large, max-video-preview:-1\" \/>\n<link rel=\"canonical\" href=\"https:\/\/celebrityhouse.cz\/index.php\/2025\/12\/15\/avatar-ohen-a-popel-miri-do-kin-navrat-na-pandoru-zacina-uz-17-prosince\/\" \/>\n<meta property=\"og:locale\" content=\"cs_CZ\" \/>\n<meta property=\"og:type\" content=\"article\" \/>\n<meta property=\"og:title\" content=\"Avatar: Ohe\u0148 a popel m\u00ed\u0159\u00ed do kin. N\u00e1vrat na Pandoru za\u010d\u00edn\u00e1 u\u017e 17. prosince - CELEBRITYHOUSE.cz\" \/>\n<meta property=\"og:description\" content=\"Pandora znovu o\u017e\u00edv\u00e1. U\u017e tento t\u00fdden se do kin vrac\u00ed jeden z nejv\u011bt\u0161\u00edch filmov\u00fdch fenom\u00e9n\u016f v\u0161ech dob \u2013 Avatar. Nov\u00fd d\u00edl s n\u00e1zvem Avatar: Ohe\u0148 a popel slibuje dechberouc\u00ed pod\u00edvanou, siln\u00e9 emoce i dal\u0161\u00ed&#046;&#046;&#046;\" \/>\n<meta property=\"og:url\" content=\"https:\/\/celebrityhouse.cz\/index.php\/2025\/12\/15\/avatar-ohen-a-popel-miri-do-kin-navrat-na-pandoru-zacina-uz-17-prosince\/\" \/>\n<meta property=\"og:site_name\" content=\"CELEBRITYHOUSE.cz\" \/>\n<meta property=\"article:published_time\" content=\"2025-12-14T23:01:00+00:00\" \/>\n<meta property=\"article:modified_time\" content=\"2025-12-14T03:34:32+00:00\" \/>\n<meta property=\"og:image\" content=\"https:\/\/celebrityhouse.cz\/wp-content\/uploads\/2025\/12\/avaoap_poster_770px_TTL.jpg\" \/>\n\t<meta property=\"og:image:width\" content=\"1250\" \/>\n\t<meta property=\"og:image:height\" content=\"750\" \/>\n\t<meta property=\"og:image:type\" content=\"image\/jpeg\" \/>\n<meta name=\"author\" content=\"Petra Kub\u00edkov\u00e1\" \/>\n<meta name=\"twitter:card\" content=\"summary_large_image\" \/>\n<meta name=\"twitter:label1\" content=\"Napsal(a)\" \/>\n\t<meta name=\"twitter:data1\" content=\"Petra Kub\u00edkov\u00e1\" \/>\n\t<meta name=\"twitter:label2\" content=\"Odhadovan\u00e1 doba \u010dten\u00ed\" \/>\n\t<meta name=\"twitter:data2\" content=\"7 minut\" \/>\n<script type=\"application\/ld+json\" class=\"yoast-schema-graph\">{\"@context\":\"https:\/\/schema.org\",\"@graph\":[{\"@type\":\"Article\",\"@id\":\"https:\/\/celebrityhouse.cz\/index.php\/2025\/12\/15\/avatar-ohen-a-popel-miri-do-kin-navrat-na-pandoru-zacina-uz-17-prosince\/#article\",\"isPartOf\":{\"@id\":\"https:\/\/celebrityhouse.cz\/index.php\/2025\/12\/15\/avatar-ohen-a-popel-miri-do-kin-navrat-na-pandoru-zacina-uz-17-prosince\/\"},\"author\":{\"name\":\"Petra Kub\u00edkov\u00e1\",\"@id\":\"https:\/\/celebrityhouse.cz\/#\/schema\/person\/91fc6a2bd574f7b7c97db353cb97f0be\"},\"headline\":\"Avatar: Ohe\u0148 a popel m\u00ed\u0159\u00ed do kin. N\u00e1vrat na Pandoru za\u010d\u00edn\u00e1 u\u017e 17. prosince\",\"datePublished\":\"2025-12-14T23:01:00+00:00\",\"dateModified\":\"2025-12-14T03:34:32+00:00\",\"mainEntityOfPage\":{\"@id\":\"https:\/\/celebrityhouse.cz\/index.php\/2025\/12\/15\/avatar-ohen-a-popel-miri-do-kin-navrat-na-pandoru-zacina-uz-17-prosince\/\"},\"wordCount\":642,\"publisher\":{\"@id\":\"https:\/\/celebrityhouse.cz\/#organization\"},\"articleSection\":[\"FILMY, SERI\u00c1LY, TV a KINO\",\"LIFESTYLE\",\"NEWS\",\"TIPY &amp; TRENDY\",\"TIPY NA KINO\",\"VIDEO\"],\"inLanguage\":\"cs\"},{\"@type\":\"WebPage\",\"@id\":\"https:\/\/celebrityhouse.cz\/index.php\/2025\/12\/15\/avatar-ohen-a-popel-miri-do-kin-navrat-na-pandoru-zacina-uz-17-prosince\/\",\"url\":\"https:\/\/celebrityhouse.cz\/index.php\/2025\/12\/15\/avatar-ohen-a-popel-miri-do-kin-navrat-na-pandoru-zacina-uz-17-prosince\/\",\"name\":\"Avatar: Ohe\u0148 a popel m\u00ed\u0159\u00ed do kin. N\u00e1vrat na Pandoru za\u010d\u00edn\u00e1 u\u017e 17. prosince - CELEBRITYHOUSE.cz\",\"isPartOf\":{\"@id\":\"https:\/\/celebrityhouse.cz\/#website\"},\"datePublished\":\"2025-12-14T23:01:00+00:00\",\"dateModified\":\"2025-12-14T03:34:32+00:00\",\"breadcrumb\":{\"@id\":\"https:\/\/celebrityhouse.cz\/index.php\/2025\/12\/15\/avatar-ohen-a-popel-miri-do-kin-navrat-na-pandoru-zacina-uz-17-prosince\/#breadcrumb\"},\"inLanguage\":\"cs\",\"potentialAction\":[{\"@type\":\"ReadAction\",\"target\":[\"https:\/\/celebrityhouse.cz\/index.php\/2025\/12\/15\/avatar-ohen-a-popel-miri-do-kin-navrat-na-pandoru-zacina-uz-17-prosince\/\"]}]},{\"@type\":\"BreadcrumbList\",\"@id\":\"https:\/\/celebrityhouse.cz\/index.php\/2025\/12\/15\/avatar-ohen-a-popel-miri-do-kin-navrat-na-pandoru-zacina-uz-17-prosince\/#breadcrumb\",\"itemListElement\":[{\"@type\":\"ListItem\",\"position\":1,\"name\":\"Dom\u016f\",\"item\":\"https:\/\/celebrityhouse.cz\/\"},{\"@type\":\"ListItem\",\"position\":2,\"name\":\"Avatar: Ohe\u0148 a popel m\u00ed\u0159\u00ed do kin. N\u00e1vrat na Pandoru za\u010d\u00edn\u00e1 u\u017e 17. prosince\"}]},{\"@type\":\"WebSite\",\"@id\":\"https:\/\/celebrityhouse.cz\/#website\",\"url\":\"https:\/\/celebrityhouse.cz\/\",\"name\":\"CELEBRITYHOUSE.cz\",\"description\":\"Port\u00e1l o showbyznysu...\",\"publisher\":{\"@id\":\"https:\/\/celebrityhouse.cz\/#organization\"},\"potentialAction\":[{\"@type\":\"SearchAction\",\"target\":{\"@type\":\"EntryPoint\",\"urlTemplate\":\"https:\/\/celebrityhouse.cz\/?s={search_term_string}\"},\"query-input\":\"required name=search_term_string\"}],\"inLanguage\":\"cs\"},{\"@type\":\"Organization\",\"@id\":\"https:\/\/celebrityhouse.cz\/#organization\",\"name\":\"CELEBRITYHOUSE.cz\",\"url\":\"https:\/\/celebrityhouse.cz\/\",\"logo\":{\"@type\":\"ImageObject\",\"inLanguage\":\"cs\",\"@id\":\"https:\/\/celebrityhouse.cz\/#\/schema\/logo\/image\/\",\"url\":\"https:\/\/celebrityhouse.cz\/wp-content\/uploads\/2024\/12\/cropped-Logo_CelebrityHouse_2.jpg\",\"contentUrl\":\"https:\/\/celebrityhouse.cz\/wp-content\/uploads\/2024\/12\/cropped-Logo_CelebrityHouse_2.jpg\",\"width\":937,\"height\":510,\"caption\":\"CELEBRITYHOUSE.cz\"},\"image\":{\"@id\":\"https:\/\/celebrityhouse.cz\/#\/schema\/logo\/image\/\"}},{\"@type\":\"Person\",\"@id\":\"https:\/\/celebrityhouse.cz\/#\/schema\/person\/91fc6a2bd574f7b7c97db353cb97f0be\",\"name\":\"Petra Kub\u00edkov\u00e1\",\"image\":{\"@type\":\"ImageObject\",\"inLanguage\":\"cs\",\"@id\":\"https:\/\/celebrityhouse.cz\/#\/schema\/person\/image\/\",\"url\":\"https:\/\/secure.gravatar.com\/avatar\/b73acd1265062ae3b93da9908474de40?s=96&d=mm&r=g\",\"contentUrl\":\"https:\/\/secure.gravatar.com\/avatar\/b73acd1265062ae3b93da9908474de40?s=96&d=mm&r=g\",\"caption\":\"Petra Kub\u00edkov\u00e1\"},\"sameAs\":[\"http:\/\/CELEBRITYHOUSE.cz\"],\"url\":\"https:\/\/celebrityhouse.cz\/index.php\/author\/kubip\/\"}]}<\/script>\n<!-- \/ Yoast SEO plugin. -->","yoast_head_json":{"title":"Avatar: Ohe\u0148 a popel m\u00ed\u0159\u00ed do kin. N\u00e1vrat na Pandoru za\u010d\u00edn\u00e1 u\u017e 17. prosince - CELEBRITYHOUSE.cz","robots":{"index":"index","follow":"follow","max-snippet":"max-snippet:-1","max-image-preview":"max-image-preview:large","max-video-preview":"max-video-preview:-1"},"canonical":"https:\/\/celebrityhouse.cz\/index.php\/2025\/12\/15\/avatar-ohen-a-popel-miri-do-kin-navrat-na-pandoru-zacina-uz-17-prosince\/","og_locale":"cs_CZ","og_type":"article","og_title":"Avatar: Ohe\u0148 a popel m\u00ed\u0159\u00ed do kin. N\u00e1vrat na Pandoru za\u010d\u00edn\u00e1 u\u017e 17. prosince - CELEBRITYHOUSE.cz","og_description":"Pandora znovu o\u017e\u00edv\u00e1. U\u017e tento t\u00fdden se do kin vrac\u00ed jeden z nejv\u011bt\u0161\u00edch filmov\u00fdch fenom\u00e9n\u016f v\u0161ech dob \u2013 Avatar. Nov\u00fd d\u00edl s n\u00e1zvem Avatar: Ohe\u0148 a popel slibuje dechberouc\u00ed pod\u00edvanou, siln\u00e9 emoce i dal\u0161\u00ed&#46;&#46;&#46;","og_url":"https:\/\/celebrityhouse.cz\/index.php\/2025\/12\/15\/avatar-ohen-a-popel-miri-do-kin-navrat-na-pandoru-zacina-uz-17-prosince\/","og_site_name":"CELEBRITYHOUSE.cz","article_published_time":"2025-12-14T23:01:00+00:00","article_modified_time":"2025-12-14T03:34:32+00:00","og_image":[{"width":1250,"height":750,"url":"https:\/\/celebrityhouse.cz\/wp-content\/uploads\/2025\/12\/avaoap_poster_770px_TTL.jpg","type":"image\/jpeg"}],"author":"Petra Kub\u00edkov\u00e1","twitter_card":"summary_large_image","twitter_misc":{"Napsal(a)":"Petra Kub\u00edkov\u00e1","Odhadovan\u00e1 doba \u010dten\u00ed":"7 minut"},"schema":{"@context":"https:\/\/schema.org","@graph":[{"@type":"Article","@id":"https:\/\/celebrityhouse.cz\/index.php\/2025\/12\/15\/avatar-ohen-a-popel-miri-do-kin-navrat-na-pandoru-zacina-uz-17-prosince\/#article","isPartOf":{"@id":"https:\/\/celebrityhouse.cz\/index.php\/2025\/12\/15\/avatar-ohen-a-popel-miri-do-kin-navrat-na-pandoru-zacina-uz-17-prosince\/"},"author":{"name":"Petra Kub\u00edkov\u00e1","@id":"https:\/\/celebrityhouse.cz\/#\/schema\/person\/91fc6a2bd574f7b7c97db353cb97f0be"},"headline":"Avatar: Ohe\u0148 a popel m\u00ed\u0159\u00ed do kin. N\u00e1vrat na Pandoru za\u010d\u00edn\u00e1 u\u017e 17. prosince","datePublished":"2025-12-14T23:01:00+00:00","dateModified":"2025-12-14T03:34:32+00:00","mainEntityOfPage":{"@id":"https:\/\/celebrityhouse.cz\/index.php\/2025\/12\/15\/avatar-ohen-a-popel-miri-do-kin-navrat-na-pandoru-zacina-uz-17-prosince\/"},"wordCount":642,"publisher":{"@id":"https:\/\/celebrityhouse.cz\/#organization"},"articleSection":["FILMY, SERI\u00c1LY, TV a KINO","LIFESTYLE","NEWS","TIPY &amp; TRENDY","TIPY NA KINO","VIDEO"],"inLanguage":"cs"},{"@type":"WebPage","@id":"https:\/\/celebrityhouse.cz\/index.php\/2025\/12\/15\/avatar-ohen-a-popel-miri-do-kin-navrat-na-pandoru-zacina-uz-17-prosince\/","url":"https:\/\/celebrityhouse.cz\/index.php\/2025\/12\/15\/avatar-ohen-a-popel-miri-do-kin-navrat-na-pandoru-zacina-uz-17-prosince\/","name":"Avatar: Ohe\u0148 a popel m\u00ed\u0159\u00ed do kin. N\u00e1vrat na Pandoru za\u010d\u00edn\u00e1 u\u017e 17. prosince - CELEBRITYHOUSE.cz","isPartOf":{"@id":"https:\/\/celebrityhouse.cz\/#website"},"datePublished":"2025-12-14T23:01:00+00:00","dateModified":"2025-12-14T03:34:32+00:00","breadcrumb":{"@id":"https:\/\/celebrityhouse.cz\/index.php\/2025\/12\/15\/avatar-ohen-a-popel-miri-do-kin-navrat-na-pandoru-zacina-uz-17-prosince\/#breadcrumb"},"inLanguage":"cs","potentialAction":[{"@type":"ReadAction","target":["https:\/\/celebrityhouse.cz\/index.php\/2025\/12\/15\/avatar-ohen-a-popel-miri-do-kin-navrat-na-pandoru-zacina-uz-17-prosince\/"]}]},{"@type":"BreadcrumbList","@id":"https:\/\/celebrityhouse.cz\/index.php\/2025\/12\/15\/avatar-ohen-a-popel-miri-do-kin-navrat-na-pandoru-zacina-uz-17-prosince\/#breadcrumb","itemListElement":[{"@type":"ListItem","position":1,"name":"Dom\u016f","item":"https:\/\/celebrityhouse.cz\/"},{"@type":"ListItem","position":2,"name":"Avatar: Ohe\u0148 a popel m\u00ed\u0159\u00ed do kin. N\u00e1vrat na Pandoru za\u010d\u00edn\u00e1 u\u017e 17. prosince"}]},{"@type":"WebSite","@id":"https:\/\/celebrityhouse.cz\/#website","url":"https:\/\/celebrityhouse.cz\/","name":"CELEBRITYHOUSE.cz","description":"Port\u00e1l o showbyznysu...","publisher":{"@id":"https:\/\/celebrityhouse.cz\/#organization"},"potentialAction":[{"@type":"SearchAction","target":{"@type":"EntryPoint","urlTemplate":"https:\/\/celebrityhouse.cz\/?s={search_term_string}"},"query-input":"required name=search_term_string"}],"inLanguage":"cs"},{"@type":"Organization","@id":"https:\/\/celebrityhouse.cz\/#organization","name":"CELEBRITYHOUSE.cz","url":"https:\/\/celebrityhouse.cz\/","logo":{"@type":"ImageObject","inLanguage":"cs","@id":"https:\/\/celebrityhouse.cz\/#\/schema\/logo\/image\/","url":"https:\/\/celebrityhouse.cz\/wp-content\/uploads\/2024\/12\/cropped-Logo_CelebrityHouse_2.jpg","contentUrl":"https:\/\/celebrityhouse.cz\/wp-content\/uploads\/2024\/12\/cropped-Logo_CelebrityHouse_2.jpg","width":937,"height":510,"caption":"CELEBRITYHOUSE.cz"},"image":{"@id":"https:\/\/celebrityhouse.cz\/#\/schema\/logo\/image\/"}},{"@type":"Person","@id":"https:\/\/celebrityhouse.cz\/#\/schema\/person\/91fc6a2bd574f7b7c97db353cb97f0be","name":"Petra Kub\u00edkov\u00e1","image":{"@type":"ImageObject","inLanguage":"cs","@id":"https:\/\/celebrityhouse.cz\/#\/schema\/person\/image\/","url":"https:\/\/secure.gravatar.com\/avatar\/b73acd1265062ae3b93da9908474de40?s=96&d=mm&r=g","contentUrl":"https:\/\/secure.gravatar.com\/avatar\/b73acd1265062ae3b93da9908474de40?s=96&d=mm&r=g","caption":"Petra Kub\u00edkov\u00e1"},"sameAs":["http:\/\/CELEBRITYHOUSE.cz"],"url":"https:\/\/celebrityhouse.cz\/index.php\/author\/kubip\/"}]}},"_links":{"self":[{"href":"https:\/\/celebrityhouse.cz\/index.php\/wp-json\/wp\/v2\/posts\/13431"}],"collection":[{"href":"https:\/\/celebrityhouse.cz\/index.php\/wp-json\/wp\/v2\/posts"}],"about":[{"href":"https:\/\/celebrityhouse.cz\/index.php\/wp-json\/wp\/v2\/types\/post"}],"author":[{"embeddable":true,"href":"https:\/\/celebrityhouse.cz\/index.php\/wp-json\/wp\/v2\/users\/6"}],"replies":[{"embeddable":true,"href":"https:\/\/celebrityhouse.cz\/index.php\/wp-json\/wp\/v2\/comments?post=13431"}],"version-history":[{"count":1,"href":"https:\/\/celebrityhouse.cz\/index.php\/wp-json\/wp\/v2\/posts\/13431\/revisions"}],"predecessor-version":[{"id":13433,"href":"https:\/\/celebrityhouse.cz\/index.php\/wp-json\/wp\/v2\/posts\/13431\/revisions\/13433"}],"wp:featuredmedia":[{"embeddable":true,"href":"https:\/\/celebrityhouse.cz\/index.php\/wp-json\/wp\/v2\/media\/13432"}],"wp:attachment":[{"href":"https:\/\/celebrityhouse.cz\/index.php\/wp-json\/wp\/v2\/media?parent=13431"}],"wp:term":[{"taxonomy":"category","embeddable":true,"href":"https:\/\/celebrityhouse.cz\/index.php\/wp-json\/wp\/v2\/categories?post=13431"},{"taxonomy":"post_tag","embeddable":true,"href":"https:\/\/celebrityhouse.cz\/index.php\/wp-json\/wp\/v2\/tags?post=13431"}],"curies":[{"name":"wp","href":"https:\/\/api.w.org\/{rel}","templated":true}]}}