{"id":13668,"date":"2026-03-11T00:01:00","date_gmt":"2026-03-10T23:01:00","guid":{"rendered":"https:\/\/celebrityhouse.cz\/?p=13668"},"modified":"2026-03-07T04:41:49","modified_gmt":"2026-03-07T03:41:49","slug":"nejvetsi-transport-zubru-v-historii-18-zvirat-vcetne-ceskych-samic-dorazilo-na-kavkaz","status":"publish","type":"post","link":"https:\/\/celebrityhouse.cz\/index.php\/2026\/03\/11\/nejvetsi-transport-zubru-v-historii-18-zvirat-vcetne-ceskych-samic-dorazilo-na-kavkaz\/","title":{"rendered":"Nejv\u011bt\u0161\u00ed transport zubr\u016f v historii: 18 zv\u00ed\u0159at v\u010detn\u011b \u010desk\u00fdch samic dorazilo na Kavkaz"},"content":{"rendered":"\n<div style=\"height:35px\" aria-hidden=\"true\" class=\"wp-block-spacer\"><\/div>\n\n\n\n<p class=\"has-medium-font-size\"><strong>Zub\u0159i evrop\u0161t\u00ed ze Zoo Praha a Zoo Olomouc dorazili do&nbsp;\u00c1zerb\u00e1jd\u017e\u00e1nu. V&nbsp;N\u00e1rodn\u00edm parku Shahdag pos\u00edl\u00ed tamn\u00ed reintrodukovanou populaci ve&nbsp;volnosti. Z&nbsp;p\u016fvodn\u00ed \u010dtve\u0159ice samic se nav\u00edc stala p\u011btice \u2013 b\u011bhem \u010dek\u00e1n\u00ed na transport, kter\u00fd byl zpo\u017ed\u011bn kv\u016fli riziku n\u00e1kazy slintavkou a&nbsp;kulhavkou, se pra\u017esk\u00e9 kr\u00e1v\u011b narodilo tele. P\u0159evoz, kter\u00fd minul\u00fd t\u00fdden zorganizoval Tierpark Berl\u00edn a n\u011bmeck\u00e1 odno\u017e Sv\u011btov\u00e9ho fondu na&nbsp;ochranu p\u0159\u00edrody (WWF), byl nejv\u011bt\u0161\u00ed sv\u00e9ho druhu. Celkem na \u00fapat\u00ed Velk\u00e9ho Kavkazu zam\u00ed\u0159ilo osmn\u00e1ct zv\u00ed\u0159at: dvan\u00e1ct zubr\u016f z&nbsp;n\u011bmeck\u00fdch, rakousk\u00fdch, ma\u010farsk\u00fdch a \u010desk\u00fdch zoo a \u0161est z poho\u0159\u00ed Rothaargebirge.<\/strong><\/p>\n\n\n\n<div style=\"height:35px\" aria-hidden=\"true\" class=\"wp-block-spacer\"><\/div>\n\n\n<div class=\"wp-block-image\">\n<figure class=\"aligncenter size-large\"><img decoding=\"async\" src=\"https:\/\/vcentru.cz\/wp-content\/uploads\/2026\/02\/Foto-1_ShahdagNP_Arrival_EuropeanBison_cWWF_EmilKhalilov-5-1024x683.jpg\" alt=\"Nejv\u011bt\u0161\u00ed transport zubr\u016f v historii: 18 zv\u00ed\u0159at v\u010detn\u011b \u010desk\u00fdch samic dorazilo na Kavkaz\" class=\"wp-image-7554\" \/><figcaption class=\"wp-element-caption\"><br><em>Vypou\u0161t\u011bn\u00ed zubr\u016f do aklimatiza\u010dn\u00ed ohrady. Foto Emil Khalilov, WWF<\/em><\/figcaption><\/figure><\/div>\n\n\n<div style=\"height:35px\" aria-hidden=\"true\" class=\"wp-block-spacer\"><\/div>\n\n\n\n<p class=\"has-medium-font-size\">\u201e<em>Spolupr\u00e1ce zoologick\u00fdch zahrad je nenahraditeln\u00e1. Bez n\u00ed bychom takov\u00e9 projekty nemohli uskute\u010dnit, ba na n\u011b ani pomyslet. Jsem r\u00e1da, \u017ee \u010cesk\u00e1 republika m\u00e1 v t\u00e9to mezin\u00e1rodn\u00ed iniciativ\u011b svou stopu, respektive jednu od n\u00e1s z \u010cech a jednu od koleg\u016f z Moravy. Vedle samotn\u00e9ho p\u0159evozu zv\u00ed\u0159at se t\u00edmto rovn\u011b\u017e pod\u00edl\u00edme na&nbsp;\u0161\u00ed\u0159en\u00ed pov\u011bdom\u00ed o zoologick\u00fdch zahrad\u00e1ch jako kl\u00ed\u010dov\u00fdch instituc\u00ed pro ochranu p\u0159\u00edrody,\u201d <\/em>\u0159\u00edk\u00e1 kur\u00e1torka chovu kopytn\u00edk\u016f Zoo Praha Barbora Dobi\u00e1\u0161ov\u00e1.<\/p>\n\n\n\n<p class=\"has-medium-font-size\">V\u00fdb\u011br konkr\u00e9tn\u00edch jedinc\u016f m\u011bla na starost koordin\u00e1torka Evropsk\u00e9ho chovn\u00e9ho programu (EEP) pro zubry evropsk\u00e9, kter\u00e1 s\u00eddl\u00ed pr\u00e1v\u011b v Berl\u00edn\u011b. Svou roli hr\u00e1l zejm\u00e9na v\u011bk, zdravotn\u00ed stav a&nbsp;genetick\u00e1 vhodnost ka\u017ed\u00e9ho kandid\u00e1ta. Zv\u00ed\u0159ata byla v&nbsp;roce 2024 p\u0159evezena do n\u011bmeck\u00e9 metropole, kde m\u011bla mo\u017enost se p\u0159ed cestou sezn\u00e1mit. Berl\u00ednsk\u00e1 zoo pot\u00e9 koordinovala leteck\u00fd transport z Frankfurtu do Baku n\u00e1kladn\u00edm Boeingem 777F i jejich pozemn\u00ed cestu n\u00e1kladn\u00edmi vozy do NP Shahdag.<\/p>\n\n\n\n<p class=\"has-medium-font-size\">\u201e<em>P\u0159ed takovou p\u0159epravou vy\u017eaduje ka\u017ed\u00fd krok \u2013 od v\u00fdb\u011bru zv\u00ed\u0159at a proveden\u00ed l\u00e9ka\u0159sk\u00fdch vy\u0161et\u0159en\u00ed a\u017e po p\u0159\u00edpravu a uskute\u010dn\u011bn\u00ed samotn\u00e9 cesty \u2013 odborn\u00e9 znalosti v oblasti veterin\u00e1rn\u00ed medic\u00edny, managementu divok\u00e9 zv\u011b\u0159e a logistiky,\u201c <\/em>vysv\u011btluje zoologick\u00fd \u0159editel Tierparku Berl\u00edn Christian Kern.<em> \u201eZubry doprov\u00e1z\u00edme po celou dobu, dokud bezpe\u010dn\u011b nedoraz\u00ed do n\u00e1rodn\u00edho parku.\u201c<\/em><\/p>\n\n\n\n<div style=\"height:35px\" aria-hidden=\"true\" class=\"wp-block-spacer\"><\/div>\n\n\n<div class=\"wp-block-image\">\n<figure class=\"aligncenter size-large\"><img decoding=\"async\" src=\"https:\/\/vcentru.cz\/wp-content\/uploads\/2026\/02\/Foto-2_ShahdagNP_Arrival_EuropeanBison_cWWF_EmilKhalilov-6-1024x683.jpg\" alt=\"Nejv\u011bt\u0161\u00ed transport zubr\u016f v historii: 18 zv\u00ed\u0159at v\u010detn\u011b \u010desk\u00fdch samic dorazilo na Kavkaz\" class=\"wp-image-7552\" \/><figcaption class=\"wp-element-caption\"><br><em>Pohled do tv\u00e1\u0159e jednoho ze t\u0159\u00ed p\u0159evezen\u00fdch b\u00fdk\u016f. Foto Emil Khalilov, WWF<\/em><\/figcaption><\/figure><\/div>\n\n\n<div style=\"height:35px\" aria-hidden=\"true\" class=\"wp-block-spacer\"><\/div>\n\n\n\n<p class=\"has-medium-font-size\">Zub\u0159i byli ve st\u0159edu minul\u00e9ho t\u00fddne vypu\u0161t\u011bn\u00ed do aklimatiza\u010dn\u00ed ohrady, kde si nyn\u00ed budou zvykat na tamn\u00ed podm\u00ednky. Pot\u00e9 ji\u017e zam\u00ed\u0159\u00ed do voln\u00e9 p\u0159\u00edrody, tedy do m\u00edstn\u00edch rozlehl\u00fdch listnat\u00fdch prales\u016f. N\u00e1rodn\u00ed park Shahdag vznikl v&nbsp;roce 2006 a se 130 tis\u00edci hektary je nejv\u011bt\u0161\u00ed v&nbsp;\u00c1zerb\u00e1jd\u017e\u00e1nu i na cel\u00e9m Kavkazu. Reintroduk\u010dn\u00ed centrum le\u017e\u00ed v jeho v\u00fdchodn\u00edm c\u00edpu a bylo z\u0159\u00edzeno v roce 2018.<\/p>\n\n\n\n<p class=\"has-medium-font-size\">Hned v&nbsp;n\u00e1sleduj\u00edc\u00edm roce za\u010dal projekt \u201eN\u00e1vrat zubra na Kavkaz\u201c, v&nbsp;jeho\u017e r\u00e1mci bylo do \u00c1zerb\u00e1jd\u017e\u00e1nu p\u0159epraveno ji\u017e 64 zubr\u016f. Ti se nav\u00edc na m\u00edst\u011b \u00fasp\u011b\u0161n\u011b mno\u017e\u00ed. Jen loni tam p\u0159i\u0161lo na sv\u011bt dev\u011bt ml\u00e1\u010fat, a tak je aktu\u00e1ln\u011b v&nbsp;Shahdagu zhruba 90 t\u011bchto kopytn\u00edk\u016f. C\u00edlem projektu je vytvo\u0159it sob\u011bsta\u010dnou populaci zubr\u016f v&nbsp;m\u00edst\u011b jejich p\u016fvodn\u00edho v\u00fdskytu. Pr\u00e1v\u011b Kavkaz byl pro zubry p\u0159ed sto lety posledn\u00edm \u00fato\u010di\u0161t\u011bm.<\/p>\n\n\n\n<p class=\"has-medium-font-size\">\u201e<em>N\u00e1vrat zubra po jednom stolet\u00ed m\u00e1 pro n\u00e1\u0161 region zvl\u00e1\u0161tn\u00ed v\u00fdznam. M\u00edstn\u00ed komunity, \u0161koly i n\u00e1v\u0161t\u011bvn\u00edci se zapojuj\u00ed do na\u0161\u00ed pr\u00e1ce a na vlastn\u00ed k\u016f\u017ei za\u017e\u00edvaj\u00ed, jak funguj\u00ed ekosyst\u00e9my a jakou roli v nich hraj\u00ed ohro\u017een\u00e9 druhy,\u201c<\/em> vysv\u011btluje Zeynab Khalilova, projektov\u00e1 mana\u017eerka WWF \u00c1zerb\u00e1jd\u017e\u00e1n.<\/p>\n\n\n\n<div style=\"height:35px\" aria-hidden=\"true\" class=\"wp-block-spacer\"><\/div>\n\n\n<div class=\"wp-block-image\">\n<figure class=\"aligncenter size-large\"><img decoding=\"async\" src=\"https:\/\/vcentru.cz\/wp-content\/uploads\/2026\/02\/Foto-3_ShahdagNP_Arrival_EuropeanBison_cWWF_EmilKhalilov-9-1024x683.jpg\" alt=\"Nejv\u011bt\u0161\u00ed transport zubr\u016f v historii: 18 zv\u00ed\u0159at v\u010detn\u011b \u010desk\u00fdch samic dorazilo na Kavkaz\" class=\"wp-image-7553\" \/><figcaption class=\"wp-element-caption\"><br><em>Prvn\u00ed kroky st\u00e1da zubr\u016f v&nbsp;aklimatiza\u010dn\u00ed ohrad\u011b. Foto Emil Khalilov, WWF<\/em><\/figcaption><\/figure><\/div>\n\n\n<div style=\"height:35px\" aria-hidden=\"true\" class=\"wp-block-spacer\"><\/div>\n\n\n\n<p class=\"has-medium-font-size\">Zub\u0159i p\u0159e\u017eili do dne\u0161n\u00edch dn\u00ed pouze d\u00edky zoologick\u00fdm instituc\u00edm. Pot\u00e9, co byli v&nbsp;prvn\u00ed t\u0159etin\u011b 20. stolet\u00ed ve voln\u00e9 p\u0159\u00edrod\u011b vyhubeni, zalo\u017eili evrop\u0161t\u00ed odborn\u00edci Mezin\u00e1rodn\u00ed spole\u010dnost na ochranu zubra evropsk\u00e9ho. Jej\u00edm prvn\u00edm v\u00fdstupem byla plemenn\u00e1 kniha zubra evropsk\u00e9ho. Tehdy \u0161lo o prvn\u00ed plemennou knihu divok\u00e9ho druhu zv\u00ed\u0159ete na sv\u011bt\u011b (nen\u00ed bez zaj\u00edmavosti, \u017ee druhou v&nbsp;po\u0159ad\u00ed se stala kniha pro&nbsp;kon\u011b P\u0159evalsk\u00e9ho v&nbsp;roce 1959). Jej\u00ed prvn\u00ed vyd\u00e1n\u00ed publikovan\u00e9 ve 30. letech registrovalo 56 posledn\u00edch \u017eij\u00edc\u00edch jedinc\u016f. Od t\u00e9 doby zub\u0159\u00ed populace stoupala.<\/p>\n\n\n\n<p class=\"has-medium-font-size\">V roce 1952 byli zub\u0159i vypu\u0161t\u011bni do B\u011blov\u011b\u017esk\u00e9ho pralesa a d\u00e1le pokra\u010doval jejich \u00fasp\u011b\u0161n\u00fd n\u00e1vrat do p\u0159\u00edrody v \u0159ad\u011b evropsk\u00fdch zem\u00ed. Aktu\u00e1ln\u011b \u017eij\u00ed v&nbsp;deseti evropsk\u00fdch st\u00e1tech. Celkem se ve voln\u00e9 p\u0159\u00edrod\u011b nach\u00e1z\u00ed p\u0159es 2800 zubr\u016f. Dal\u0161\u00edch n\u011bkolik tis\u00edc jich \u017eije v obor\u00e1ch, oplocen\u00fdch pastvin\u00e1ch a zoologick\u00fdch zahrad\u00e1ch. Na \u010cerven\u00e9m seznamu ohro\u017een\u00fdch druh\u016f IUCN m\u00e1 dnes zubr evropsk\u00fd status \u201et\u00e9m\u011b\u0159 ohro\u017een\u00fd\u201c.<\/p>\n\n\n\n<p class=\"has-medium-font-size\">Zoo Praha chov\u00e1 zubry od roku 1948. Od t\u00e9 doby se zde narodilo p\u0159es sto ml\u00e1\u010fat. Vedle trojsk\u00e9ho are\u00e1lu je lid\u00e9 od \u0159\u00edjna spat\u0159\u00ed tak\u00e9 ve v\u00fdb\u011bhu v&nbsp;pra\u017esk\u00fdch Doln\u00edch Po\u010dernic\u00edch. V&nbsp;minulosti u\u017e pra\u017esk\u00e1 zoo zubry pro&nbsp;reintrodukci poskytla, a to nejen pro&nbsp;pos\u00edlen\u00ed kavkazsk\u00e9 populace, ale tak\u00e9 do&nbsp;N\u00e1rodn\u00edho parku Bieszczady v&nbsp;Polsku. <\/p>\n\n\n\n<div style=\"height:35px\" aria-hidden=\"true\" class=\"wp-block-spacer\"><\/div>\n\n\n\n<figure class=\"wp-block-video aligncenter\"><video controls src=\"https:\/\/vcentru.cz\/wp-content\/uploads\/2026\/02\/Wisent-Schnittbilder_ShahdagNP_cWWF_TierparkBerlin.mp4\"><\/video><figcaption class=\"wp-element-caption\"><em>Wisent-Schnittbilder_ShahdagNP_(c)WWF_TierparkBerlin<\/em><\/figcaption><\/figure>\n\n\n\n<div style=\"height:100px\" aria-hidden=\"true\" class=\"wp-block-spacer\"><\/div>\n\n\n\n<figure class=\"wp-block-gallery has-nested-images columns-2 is-cropped wp-block-gallery-1 is-layout-flex wp-block-gallery-is-layout-flex\">\n<figure class=\"wp-block-image size-large\"><img decoding=\"async\" data-id=\"7554\" src=\"https:\/\/vcentru.cz\/wp-content\/uploads\/2026\/02\/Foto-1_ShahdagNP_Arrival_EuropeanBison_cWWF_EmilKhalilov-5-1024x683.jpg\" alt=\"Nejv\u011bt\u0161\u00ed transport zubr\u016f v historii: 18 zv\u00ed\u0159at v\u010detn\u011b \u010desk\u00fdch samic dorazilo na Kavkaz\" class=\"wp-image-7554\" \/><\/figure>\n\n\n\n<figure class=\"wp-block-image size-large\"><img decoding=\"async\" data-id=\"7552\" src=\"https:\/\/vcentru.cz\/wp-content\/uploads\/2026\/02\/Foto-2_ShahdagNP_Arrival_EuropeanBison_cWWF_EmilKhalilov-6-1024x683.jpg\" alt=\"Nejv\u011bt\u0161\u00ed transport zubr\u016f v historii: 18 zv\u00ed\u0159at v\u010detn\u011b \u010desk\u00fdch samic dorazilo na Kavkaz\" class=\"wp-image-7552\" \/><\/figure>\n\n\n\n<figure class=\"wp-block-image size-large\"><img decoding=\"async\" data-id=\"7553\" src=\"https:\/\/vcentru.cz\/wp-content\/uploads\/2026\/02\/Foto-3_ShahdagNP_Arrival_EuropeanBison_cWWF_EmilKhalilov-9-1024x683.jpg\" alt=\"Nejv\u011bt\u0161\u00ed transport zubr\u016f v historii: 18 zv\u00ed\u0159at v\u010detn\u011b \u010desk\u00fdch samic dorazilo na Kavkaz\" class=\"wp-image-7553\" \/><\/figure>\n<\/figure>\n\n\n\n<div style=\"height:35px\" aria-hidden=\"true\" class=\"wp-block-spacer\"><\/div>\n\n\n\n<p class=\"has-medium-font-size\"><strong>Zdroj foto:&nbsp;<\/strong>ZOO Praha,&nbsp;Foto Emil Khalilov, WWF<\/p>\n\n\n\n<div style=\"height:65px\" aria-hidden=\"true\" class=\"wp-block-spacer\"><\/div>\n","protected":false},"excerpt":{"rendered":"<p>Zub\u0159i evrop\u0161t\u00ed ze Zoo Praha a Zoo Olomouc dorazili do&nbsp;\u00c1zerb\u00e1jd\u017e\u00e1nu. V&nbsp;N\u00e1rodn\u00edm parku Shahdag pos\u00edl\u00ed tamn\u00ed reintrodukovanou populaci ve&nbsp;volnosti. Z&nbsp;p\u016fvodn\u00ed \u010dtve\u0159ice samic se nav\u00edc stala p\u011btice \u2013 b\u011bhem \u010dek\u00e1n\u00ed na transport, kter\u00fd byl zpo\u017ed\u011bn kv\u016fli&#46;&#46;&#46;<\/p>\n","protected":false},"author":10,"featured_media":13672,"comment_status":"closed","ping_status":"closed","sticky":false,"template":"","format":"standard","meta":{"_monsterinsights_skip_tracking":false,"_monsterinsights_sitenote_active":false,"_monsterinsights_sitenote_note":"","_monsterinsights_sitenote_category":0,"footnotes":""},"categories":[2,167],"tags":[],"yoast_head":"<!-- This site is optimized with the Yoast SEO plugin v21.5 - https:\/\/yoast.com\/wordpress\/plugins\/seo\/ -->\n<title>Nejv\u011bt\u0161\u00ed transport zubr\u016f v historii: 18 zv\u00ed\u0159at v\u010detn\u011b \u010desk\u00fdch samic dorazilo na Kavkaz - CELEBRITYHOUSE.cz<\/title>\n<meta name=\"description\" content=\"Zub\u0159i evrop\u0161t\u00ed ze Zoo Praha a Zoo Olomouc dorazili do\u00a0\u00c1zerb\u00e1jd\u017e\u00e1nu. V\u00a0N\u00e1rodn\u00edm parku Shahdag pos\u00edl\u00ed tamn\u00ed reintrodukovanou populaci\" \/>\n<meta name=\"robots\" content=\"index, follow, max-snippet:-1, max-image-preview:large, max-video-preview:-1\" \/>\n<link rel=\"canonical\" href=\"https:\/\/celebrityhouse.cz\/index.php\/2026\/03\/11\/nejvetsi-transport-zubru-v-historii-18-zvirat-vcetne-ceskych-samic-dorazilo-na-kavkaz\/\" \/>\n<meta property=\"og:locale\" content=\"cs_CZ\" \/>\n<meta property=\"og:type\" content=\"article\" \/>\n<meta property=\"og:title\" content=\"Nejv\u011bt\u0161\u00ed transport zubr\u016f v historii: 18 zv\u00ed\u0159at v\u010detn\u011b \u010desk\u00fdch samic dorazilo na Kavkaz - CELEBRITYHOUSE.cz\" \/>\n<meta property=\"og:description\" content=\"Zub\u0159i evrop\u0161t\u00ed ze Zoo Praha a Zoo Olomouc dorazili do\u00a0\u00c1zerb\u00e1jd\u017e\u00e1nu. V\u00a0N\u00e1rodn\u00edm parku Shahdag pos\u00edl\u00ed tamn\u00ed reintrodukovanou populaci\" \/>\n<meta property=\"og:url\" content=\"https:\/\/celebrityhouse.cz\/index.php\/2026\/03\/11\/nejvetsi-transport-zubru-v-historii-18-zvirat-vcetne-ceskych-samic-dorazilo-na-kavkaz\/\" \/>\n<meta property=\"og:site_name\" content=\"CELEBRITYHOUSE.cz\" \/>\n<meta property=\"article:published_time\" content=\"2026-03-10T23:01:00+00:00\" \/>\n<meta property=\"article:modified_time\" content=\"2026-03-07T03:41:49+00:00\" \/>\n<meta property=\"og:image\" content=\"https:\/\/celebrityhouse.cz\/wp-content\/uploads\/2026\/02\/Foto-3_ShahdagNP_Arrival_EuropeanBison_cWWF_EmilKhalilov-9.jpg\" \/>\n\t<meta property=\"og:image:width\" content=\"1450\" \/>\n\t<meta property=\"og:image:height\" content=\"967\" \/>\n\t<meta property=\"og:image:type\" content=\"image\/jpeg\" \/>\n<meta name=\"author\" content=\"Helen Guardian\" \/>\n<meta name=\"twitter:card\" content=\"summary_large_image\" \/>\n<meta name=\"twitter:label1\" content=\"Napsal(a)\" \/>\n\t<meta name=\"twitter:data1\" content=\"Helen Guardian\" \/>\n\t<meta name=\"twitter:label2\" content=\"Odhadovan\u00e1 doba \u010dten\u00ed\" \/>\n\t<meta name=\"twitter:data2\" content=\"5 minut\" \/>\n<script type=\"application\/ld+json\" class=\"yoast-schema-graph\">{\"@context\":\"https:\/\/schema.org\",\"@graph\":[{\"@type\":\"Article\",\"@id\":\"https:\/\/celebrityhouse.cz\/index.php\/2026\/03\/11\/nejvetsi-transport-zubru-v-historii-18-zvirat-vcetne-ceskych-samic-dorazilo-na-kavkaz\/#article\",\"isPartOf\":{\"@id\":\"https:\/\/celebrityhouse.cz\/index.php\/2026\/03\/11\/nejvetsi-transport-zubru-v-historii-18-zvirat-vcetne-ceskych-samic-dorazilo-na-kavkaz\/\"},\"author\":{\"name\":\"Helen Guardian\",\"@id\":\"https:\/\/celebrityhouse.cz\/#\/schema\/person\/bd8317bbfad32bdb6e4bb66ad0065f09\"},\"headline\":\"Nejv\u011bt\u0161\u00ed transport zubr\u016f v historii: 18 zv\u00ed\u0159at v\u010detn\u011b \u010desk\u00fdch samic dorazilo na Kavkaz\",\"datePublished\":\"2026-03-10T23:01:00+00:00\",\"dateModified\":\"2026-03-07T03:41:49+00:00\",\"mainEntityOfPage\":{\"@id\":\"https:\/\/celebrityhouse.cz\/index.php\/2026\/03\/11\/nejvetsi-transport-zubru-v-historii-18-zvirat-vcetne-ceskych-samic-dorazilo-na-kavkaz\/\"},\"wordCount\":1003,\"publisher\":{\"@id\":\"https:\/\/celebrityhouse.cz\/#organization\"},\"articleSection\":[\"NEWS\",\"PRA\u017dSK\u00c1 ZOO\"],\"inLanguage\":\"cs\"},{\"@type\":\"WebPage\",\"@id\":\"https:\/\/celebrityhouse.cz\/index.php\/2026\/03\/11\/nejvetsi-transport-zubru-v-historii-18-zvirat-vcetne-ceskych-samic-dorazilo-na-kavkaz\/\",\"url\":\"https:\/\/celebrityhouse.cz\/index.php\/2026\/03\/11\/nejvetsi-transport-zubru-v-historii-18-zvirat-vcetne-ceskych-samic-dorazilo-na-kavkaz\/\",\"name\":\"Nejv\u011bt\u0161\u00ed transport zubr\u016f v historii: 18 zv\u00ed\u0159at v\u010detn\u011b \u010desk\u00fdch samic dorazilo na Kavkaz - CELEBRITYHOUSE.cz\",\"isPartOf\":{\"@id\":\"https:\/\/celebrityhouse.cz\/#website\"},\"datePublished\":\"2026-03-10T23:01:00+00:00\",\"dateModified\":\"2026-03-07T03:41:49+00:00\",\"description\":\"Zub\u0159i evrop\u0161t\u00ed ze Zoo Praha a Zoo Olomouc dorazili do\u00a0\u00c1zerb\u00e1jd\u017e\u00e1nu. V\u00a0N\u00e1rodn\u00edm parku Shahdag pos\u00edl\u00ed tamn\u00ed reintrodukovanou populaci\",\"breadcrumb\":{\"@id\":\"https:\/\/celebrityhouse.cz\/index.php\/2026\/03\/11\/nejvetsi-transport-zubru-v-historii-18-zvirat-vcetne-ceskych-samic-dorazilo-na-kavkaz\/#breadcrumb\"},\"inLanguage\":\"cs\",\"potentialAction\":[{\"@type\":\"ReadAction\",\"target\":[\"https:\/\/celebrityhouse.cz\/index.php\/2026\/03\/11\/nejvetsi-transport-zubru-v-historii-18-zvirat-vcetne-ceskych-samic-dorazilo-na-kavkaz\/\"]}]},{\"@type\":\"BreadcrumbList\",\"@id\":\"https:\/\/celebrityhouse.cz\/index.php\/2026\/03\/11\/nejvetsi-transport-zubru-v-historii-18-zvirat-vcetne-ceskych-samic-dorazilo-na-kavkaz\/#breadcrumb\",\"itemListElement\":[{\"@type\":\"ListItem\",\"position\":1,\"name\":\"Dom\u016f\",\"item\":\"https:\/\/celebrityhouse.cz\/\"},{\"@type\":\"ListItem\",\"position\":2,\"name\":\"Nejv\u011bt\u0161\u00ed transport zubr\u016f v historii: 18 zv\u00ed\u0159at v\u010detn\u011b \u010desk\u00fdch samic dorazilo na Kavkaz\"}]},{\"@type\":\"WebSite\",\"@id\":\"https:\/\/celebrityhouse.cz\/#website\",\"url\":\"https:\/\/celebrityhouse.cz\/\",\"name\":\"CELEBRITYHOUSE.cz\",\"description\":\"Port\u00e1l o showbyznysu...\",\"publisher\":{\"@id\":\"https:\/\/celebrityhouse.cz\/#organization\"},\"potentialAction\":[{\"@type\":\"SearchAction\",\"target\":{\"@type\":\"EntryPoint\",\"urlTemplate\":\"https:\/\/celebrityhouse.cz\/?s={search_term_string}\"},\"query-input\":\"required name=search_term_string\"}],\"inLanguage\":\"cs\"},{\"@type\":\"Organization\",\"@id\":\"https:\/\/celebrityhouse.cz\/#organization\",\"name\":\"CELEBRITYHOUSE.cz\",\"url\":\"https:\/\/celebrityhouse.cz\/\",\"logo\":{\"@type\":\"ImageObject\",\"inLanguage\":\"cs\",\"@id\":\"https:\/\/celebrityhouse.cz\/#\/schema\/logo\/image\/\",\"url\":\"https:\/\/celebrityhouse.cz\/wp-content\/uploads\/2024\/12\/cropped-Logo_CelebrityHouse_2.jpg\",\"contentUrl\":\"https:\/\/celebrityhouse.cz\/wp-content\/uploads\/2024\/12\/cropped-Logo_CelebrityHouse_2.jpg\",\"width\":937,\"height\":510,\"caption\":\"CELEBRITYHOUSE.cz\"},\"image\":{\"@id\":\"https:\/\/celebrityhouse.cz\/#\/schema\/logo\/image\/\"}},{\"@type\":\"Person\",\"@id\":\"https:\/\/celebrityhouse.cz\/#\/schema\/person\/bd8317bbfad32bdb6e4bb66ad0065f09\",\"name\":\"Helen Guardian\",\"image\":{\"@type\":\"ImageObject\",\"inLanguage\":\"cs\",\"@id\":\"https:\/\/celebrityhouse.cz\/#\/schema\/person\/image\/\",\"url\":\"https:\/\/secure.gravatar.com\/avatar\/f62c76287ccbbd3f899549a169c0e6aa?s=96&d=mm&r=g\",\"contentUrl\":\"https:\/\/secure.gravatar.com\/avatar\/f62c76287ccbbd3f899549a169c0e6aa?s=96&d=mm&r=g\",\"caption\":\"Helen Guardian\"},\"sameAs\":[\"http:\/\/CELEBRITYHOUSE.cz\"],\"url\":\"https:\/\/celebrityhouse.cz\/index.php\/author\/helgu\/\"}]}<\/script>\n<!-- \/ Yoast SEO plugin. -->","yoast_head_json":{"title":"Nejv\u011bt\u0161\u00ed transport zubr\u016f v historii: 18 zv\u00ed\u0159at v\u010detn\u011b \u010desk\u00fdch samic dorazilo na Kavkaz - CELEBRITYHOUSE.cz","description":"Zub\u0159i evrop\u0161t\u00ed ze Zoo Praha a Zoo Olomouc dorazili do\u00a0\u00c1zerb\u00e1jd\u017e\u00e1nu. V\u00a0N\u00e1rodn\u00edm parku Shahdag pos\u00edl\u00ed tamn\u00ed reintrodukovanou populaci","robots":{"index":"index","follow":"follow","max-snippet":"max-snippet:-1","max-image-preview":"max-image-preview:large","max-video-preview":"max-video-preview:-1"},"canonical":"https:\/\/celebrityhouse.cz\/index.php\/2026\/03\/11\/nejvetsi-transport-zubru-v-historii-18-zvirat-vcetne-ceskych-samic-dorazilo-na-kavkaz\/","og_locale":"cs_CZ","og_type":"article","og_title":"Nejv\u011bt\u0161\u00ed transport zubr\u016f v historii: 18 zv\u00ed\u0159at v\u010detn\u011b \u010desk\u00fdch samic dorazilo na Kavkaz - CELEBRITYHOUSE.cz","og_description":"Zub\u0159i evrop\u0161t\u00ed ze Zoo Praha a Zoo Olomouc dorazili do\u00a0\u00c1zerb\u00e1jd\u017e\u00e1nu. V\u00a0N\u00e1rodn\u00edm parku Shahdag pos\u00edl\u00ed tamn\u00ed reintrodukovanou populaci","og_url":"https:\/\/celebrityhouse.cz\/index.php\/2026\/03\/11\/nejvetsi-transport-zubru-v-historii-18-zvirat-vcetne-ceskych-samic-dorazilo-na-kavkaz\/","og_site_name":"CELEBRITYHOUSE.cz","article_published_time":"2026-03-10T23:01:00+00:00","article_modified_time":"2026-03-07T03:41:49+00:00","og_image":[{"width":1450,"height":967,"url":"https:\/\/celebrityhouse.cz\/wp-content\/uploads\/2026\/02\/Foto-3_ShahdagNP_Arrival_EuropeanBison_cWWF_EmilKhalilov-9.jpg","type":"image\/jpeg"}],"author":"Helen Guardian","twitter_card":"summary_large_image","twitter_misc":{"Napsal(a)":"Helen Guardian","Odhadovan\u00e1 doba \u010dten\u00ed":"5 minut"},"schema":{"@context":"https:\/\/schema.org","@graph":[{"@type":"Article","@id":"https:\/\/celebrityhouse.cz\/index.php\/2026\/03\/11\/nejvetsi-transport-zubru-v-historii-18-zvirat-vcetne-ceskych-samic-dorazilo-na-kavkaz\/#article","isPartOf":{"@id":"https:\/\/celebrityhouse.cz\/index.php\/2026\/03\/11\/nejvetsi-transport-zubru-v-historii-18-zvirat-vcetne-ceskych-samic-dorazilo-na-kavkaz\/"},"author":{"name":"Helen Guardian","@id":"https:\/\/celebrityhouse.cz\/#\/schema\/person\/bd8317bbfad32bdb6e4bb66ad0065f09"},"headline":"Nejv\u011bt\u0161\u00ed transport zubr\u016f v historii: 18 zv\u00ed\u0159at v\u010detn\u011b \u010desk\u00fdch samic dorazilo na Kavkaz","datePublished":"2026-03-10T23:01:00+00:00","dateModified":"2026-03-07T03:41:49+00:00","mainEntityOfPage":{"@id":"https:\/\/celebrityhouse.cz\/index.php\/2026\/03\/11\/nejvetsi-transport-zubru-v-historii-18-zvirat-vcetne-ceskych-samic-dorazilo-na-kavkaz\/"},"wordCount":1003,"publisher":{"@id":"https:\/\/celebrityhouse.cz\/#organization"},"articleSection":["NEWS","PRA\u017dSK\u00c1 ZOO"],"inLanguage":"cs"},{"@type":"WebPage","@id":"https:\/\/celebrityhouse.cz\/index.php\/2026\/03\/11\/nejvetsi-transport-zubru-v-historii-18-zvirat-vcetne-ceskych-samic-dorazilo-na-kavkaz\/","url":"https:\/\/celebrityhouse.cz\/index.php\/2026\/03\/11\/nejvetsi-transport-zubru-v-historii-18-zvirat-vcetne-ceskych-samic-dorazilo-na-kavkaz\/","name":"Nejv\u011bt\u0161\u00ed transport zubr\u016f v historii: 18 zv\u00ed\u0159at v\u010detn\u011b \u010desk\u00fdch samic dorazilo na Kavkaz - CELEBRITYHOUSE.cz","isPartOf":{"@id":"https:\/\/celebrityhouse.cz\/#website"},"datePublished":"2026-03-10T23:01:00+00:00","dateModified":"2026-03-07T03:41:49+00:00","description":"Zub\u0159i evrop\u0161t\u00ed ze Zoo Praha a Zoo Olomouc dorazili do\u00a0\u00c1zerb\u00e1jd\u017e\u00e1nu. V\u00a0N\u00e1rodn\u00edm parku Shahdag pos\u00edl\u00ed tamn\u00ed reintrodukovanou populaci","breadcrumb":{"@id":"https:\/\/celebrityhouse.cz\/index.php\/2026\/03\/11\/nejvetsi-transport-zubru-v-historii-18-zvirat-vcetne-ceskych-samic-dorazilo-na-kavkaz\/#breadcrumb"},"inLanguage":"cs","potentialAction":[{"@type":"ReadAction","target":["https:\/\/celebrityhouse.cz\/index.php\/2026\/03\/11\/nejvetsi-transport-zubru-v-historii-18-zvirat-vcetne-ceskych-samic-dorazilo-na-kavkaz\/"]}]},{"@type":"BreadcrumbList","@id":"https:\/\/celebrityhouse.cz\/index.php\/2026\/03\/11\/nejvetsi-transport-zubru-v-historii-18-zvirat-vcetne-ceskych-samic-dorazilo-na-kavkaz\/#breadcrumb","itemListElement":[{"@type":"ListItem","position":1,"name":"Dom\u016f","item":"https:\/\/celebrityhouse.cz\/"},{"@type":"ListItem","position":2,"name":"Nejv\u011bt\u0161\u00ed transport zubr\u016f v historii: 18 zv\u00ed\u0159at v\u010detn\u011b \u010desk\u00fdch samic dorazilo na Kavkaz"}]},{"@type":"WebSite","@id":"https:\/\/celebrityhouse.cz\/#website","url":"https:\/\/celebrityhouse.cz\/","name":"CELEBRITYHOUSE.cz","description":"Port\u00e1l o showbyznysu...","publisher":{"@id":"https:\/\/celebrityhouse.cz\/#organization"},"potentialAction":[{"@type":"SearchAction","target":{"@type":"EntryPoint","urlTemplate":"https:\/\/celebrityhouse.cz\/?s={search_term_string}"},"query-input":"required name=search_term_string"}],"inLanguage":"cs"},{"@type":"Organization","@id":"https:\/\/celebrityhouse.cz\/#organization","name":"CELEBRITYHOUSE.cz","url":"https:\/\/celebrityhouse.cz\/","logo":{"@type":"ImageObject","inLanguage":"cs","@id":"https:\/\/celebrityhouse.cz\/#\/schema\/logo\/image\/","url":"https:\/\/celebrityhouse.cz\/wp-content\/uploads\/2024\/12\/cropped-Logo_CelebrityHouse_2.jpg","contentUrl":"https:\/\/celebrityhouse.cz\/wp-content\/uploads\/2024\/12\/cropped-Logo_CelebrityHouse_2.jpg","width":937,"height":510,"caption":"CELEBRITYHOUSE.cz"},"image":{"@id":"https:\/\/celebrityhouse.cz\/#\/schema\/logo\/image\/"}},{"@type":"Person","@id":"https:\/\/celebrityhouse.cz\/#\/schema\/person\/bd8317bbfad32bdb6e4bb66ad0065f09","name":"Helen Guardian","image":{"@type":"ImageObject","inLanguage":"cs","@id":"https:\/\/celebrityhouse.cz\/#\/schema\/person\/image\/","url":"https:\/\/secure.gravatar.com\/avatar\/f62c76287ccbbd3f899549a169c0e6aa?s=96&d=mm&r=g","contentUrl":"https:\/\/secure.gravatar.com\/avatar\/f62c76287ccbbd3f899549a169c0e6aa?s=96&d=mm&r=g","caption":"Helen Guardian"},"sameAs":["http:\/\/CELEBRITYHOUSE.cz"],"url":"https:\/\/celebrityhouse.cz\/index.php\/author\/helgu\/"}]}},"_links":{"self":[{"href":"https:\/\/celebrityhouse.cz\/index.php\/wp-json\/wp\/v2\/posts\/13668"}],"collection":[{"href":"https:\/\/celebrityhouse.cz\/index.php\/wp-json\/wp\/v2\/posts"}],"about":[{"href":"https:\/\/celebrityhouse.cz\/index.php\/wp-json\/wp\/v2\/types\/post"}],"author":[{"embeddable":true,"href":"https:\/\/celebrityhouse.cz\/index.php\/wp-json\/wp\/v2\/users\/10"}],"replies":[{"embeddable":true,"href":"https:\/\/celebrityhouse.cz\/index.php\/wp-json\/wp\/v2\/comments?post=13668"}],"version-history":[{"count":1,"href":"https:\/\/celebrityhouse.cz\/index.php\/wp-json\/wp\/v2\/posts\/13668\/revisions"}],"predecessor-version":[{"id":13680,"href":"https:\/\/celebrityhouse.cz\/index.php\/wp-json\/wp\/v2\/posts\/13668\/revisions\/13680"}],"wp:featuredmedia":[{"embeddable":true,"href":"https:\/\/celebrityhouse.cz\/index.php\/wp-json\/wp\/v2\/media\/13672"}],"wp:attachment":[{"href":"https:\/\/celebrityhouse.cz\/index.php\/wp-json\/wp\/v2\/media?parent=13668"}],"wp:term":[{"taxonomy":"category","embeddable":true,"href":"https:\/\/celebrityhouse.cz\/index.php\/wp-json\/wp\/v2\/categories?post=13668"},{"taxonomy":"post_tag","embeddable":true,"href":"https:\/\/celebrityhouse.cz\/index.php\/wp-json\/wp\/v2\/tags?post=13668"}],"curies":[{"name":"wp","href":"https:\/\/api.w.org\/{rel}","templated":true}]}}