{"id":13888,"date":"2026-04-02T00:01:00","date_gmt":"2026-04-01T22:01:00","guid":{"rendered":"https:\/\/celebrityhouse.cz\/?p=13888"},"modified":"2026-04-02T22:54:01","modified_gmt":"2026-04-02T20:54:01","slug":"prazska-zoo-slavnostne-zahajila-svou-95-hlavni-sezonu","status":"publish","type":"post","link":"https:\/\/celebrityhouse.cz\/index.php\/2026\/04\/02\/prazska-zoo-slavnostne-zahajila-svou-95-hlavni-sezonu\/","title":{"rendered":"Pra\u017esk\u00e1 Zoo: Slavnostn\u011b zah\u00e1jila svou 95. hlavn\u00ed sez\u00f3nu"},"content":{"rendered":"\n<div style=\"height:35px\" aria-hidden=\"true\" class=\"wp-block-spacer\"><\/div>\n\n\n\n<p class=\"has-medium-font-size\"><strong>Zoo Praha slavnostn\u011b zah\u00e1jila svou 95. hlavn\u00ed sez\u00f3nu. P\u0159i t\u00e9 p\u0159\u00edle\u017eitosti p\u0159edstavila ve\u0159ejnosti nov\u00e9 druhy zv\u00ed\u0159at, zejm\u00e9na vz\u00e1cn\u011b chovan\u00e9 hmyzo\u017erav\u00e9 \u0161elmy, hyenky h\u0159ivnat\u00e9. Po rekonstrukci otev\u0159ela tak\u00e9 gigantick\u00e9 d\u011btsk\u00e9 h\u0159i\u0161t\u011b Rezervace Bororo. Sou\u010d\u00e1st\u00ed programu byla i vernis\u00e1\u017e v\u00fdstavy <\/strong><em><strong>P\u0159\u00edroda v\u00a0zoo<\/strong><\/em><strong>, kter\u00e1 zachycuje ty nejlep\u0161\u00ed sn\u00edmky voln\u011b \u017eij\u00edc\u00edch \u017eivo\u010dich\u016f z\u00a0trojsk\u00e9ho are\u00e1lu, nebo zakop\u00e1n\u00ed \u010dasov\u00e9 schr\u00e1nky s \u010dasopisem ABC, jej\u00ed\u017e obsah spat\u0159\u00ed sv\u011btlo sv\u011bta a\u017e v\u00a0roce 2050.<\/strong><\/p>\n\n\n\n<div style=\"height:35px\" aria-hidden=\"true\" class=\"wp-block-spacer\"><\/div>\n\n\n<div class=\"wp-block-image\">\n<figure class=\"aligncenter size-large\"><img decoding=\"async\" src=\"https:\/\/vcentru.cz\/wp-content\/uploads\/2026\/03\/Foto-1_Z09_4381-1024x683.jpg\" alt=\"Pra\u017esk\u00e1 Zoo: Slavnostn\u011b zah\u00e1jila svou 95. hlavn\u00ed sez\u00f3nu\" class=\"wp-image-8660\"\/><figcaption class=\"wp-element-caption\"><br><em>Slavnostn\u00ed zah\u00e1jen\u00ed 95. sez\u00f3ny Zoo Praha. Zleva \u0159editelka Zoo Praha Lenka Poliakov\u00e1, n\u00e1m\u011bstkyn\u011b prim\u00e1tora Jana Komrskov\u00e1, prim\u00e1tor hl. m. Prahy Bohuslav Svoboda a moder\u00e1tor Jan Kova\u0159\u00edk. Foto Petr Hamern\u00edk, Zoo Praha<\/em><\/figcaption><\/figure><\/div>\n\n\n<div style=\"height:35px\" aria-hidden=\"true\" class=\"wp-block-spacer\"><\/div>\n\n\n\n<p class=\"has-medium-font-size\">\u201e<em>Stejn\u00e1 busta zakladatele Zoo Praha, profesora Jandy, kterou znaj\u00ed n\u00e1v\u0161t\u011bvn\u00edci ze\u00a0zat\u00e1\u010dky u mravenc\u016f, kouk\u00e1 na m\u011b v\u00a0kancel\u00e1\u0159i, kde pracuji. Dnes jsem se pro zm\u011bnu d\u00edvala j\u00e1 na ni. P\u0159em\u00fd\u0161lela jsem, co by na dne\u0161n\u00ed zoo \u0159\u00edkal. Janda str\u00e1vil t\u0159icet let budov\u00e1n\u00edm a \u0161\u00ed\u0159en\u00edm idey, \u017ee Praha pot\u0159ebuje zoologickou zahradu. J\u00e1\u00a0mysl\u00edm, \u017ee dnes ka\u017ed\u00fd den vid\u00edme, \u017ee m\u011bl tehdy pan profesor pravdu. V\u011b\u0159\u00edm, \u017ee\u00a0i on by byl py\u0161n\u00fd,\u201c <\/em><strong>pronesla v\u00a0\u00favodn\u00ed \u0159e\u010di \u0159editelka Zoo Praha Lenka Poliakov\u00e1.<\/strong><\/p>\n\n\n\n<p class=\"has-medium-font-size\">Nov\u00e1 \u0159editelka p\u0159ipomn\u011bla, \u017ee se chce ve sv\u00e9m mand\u00e1tu soust\u0159edit zejm\u00e9na na&nbsp;zam\u011bstnance a zlep\u0161en\u00ed pracovn\u00edho prost\u0159ed\u00ed. Neopomn\u011bla v\u0161ak i \u0159adu novinek pro n\u00e1v\u0161t\u011bvn\u00edky v&nbsp;are\u00e1lu. Pro jejich stavbu \u010di rekonstrukci vyu\u017eila pra\u017esk\u00e1 zoo uplynulou zimn\u00ed sez\u00f3nu. Zm\u00ednila dnes otev\u0159en\u00fd are\u00e1l Rezervace Bororo, h\u0159i\u0161t\u011b pro men\u0161\u00ed d\u011bti U Hanumana, nov\u00e9 ob\u010derstven\u00ed u vyder \u010di terasu restaurace Oce\u00e1n.<\/p>\n\n\n\n<div style=\"height:35px\" aria-hidden=\"true\" class=\"wp-block-spacer\"><\/div>\n\n\n<div class=\"wp-block-image\">\n<figure class=\"aligncenter size-large\"><img decoding=\"async\" src=\"https:\/\/vcentru.cz\/wp-content\/uploads\/2026\/03\/Foto-2_Z09_4644-1024x683.jpg\" alt=\"Pra\u017esk\u00e1 Zoo: Slavnostn\u011b zah\u00e1jila svou 95. hlavn\u00ed sez\u00f3nu\" class=\"wp-image-8662\"\/><figcaption class=\"wp-element-caption\"><em>P\u0159est\u0159i\u017een\u00ed p\u00e1sky v\u00fdstavy P\u0159\u00edroda v&nbsp;zoo v&nbsp;pod\u00e1n\u00ed kur\u00e1tora savc\u016f Pavla Brandla (nalevo), \u0159editelky Zoo Praha Lenky Poliakov\u00e9 a kur\u00e1tora plaz\u016f a&nbsp;oboj\u017eiveln\u00edk\u016f Petra Velensk\u00e9ho. Foto Petr Hamern\u00edk, Zoo Praha<\/em><\/figcaption><\/figure><\/div>\n\n\n<div style=\"height:35px\" aria-hidden=\"true\" class=\"wp-block-spacer\"><\/div>\n\n\n\n<p class=\"has-medium-font-size\">\u201e<em>Na\u0161e zoologick\u00e1 zahrada je trvale hodnocena jako jedna z\u00a0t\u011bch nejlep\u0161\u00edch na sv\u011bt\u011b. Ka\u017ed\u00fd rok se tak\u00e9 po\u010det n\u00e1v\u0161t\u011bvn\u00edk\u016f Prahy, kte\u0159\u00ed cht\u011bj\u00ed vid\u011bt Zoo Praha, zvy\u0161uje. Ono by se to nem\u011blo \u0159\u00edkat, ale jako prim\u00e1tor Prahy snad mohu. Je to tu stejn\u011b atraktivn\u00ed jako ten Hrad,\u201c <\/em><strong>uvedl na slavnosti prim\u00e1tor hl. m. Prahy Bohuslav Svoboda.<\/strong> \u201e<em>V\u00edt\u00e1m tak\u00e9 novou pan\u00ed \u0159editelku. Douf\u00e1m a v\u011b\u0159\u00edm, \u017ee si dob\u0159e vybrala, ostatn\u011b v\u011bd\u011bla, co si vyb\u00edr\u00e1. To je douf\u00e1n\u00ed, kter\u00e9 kdy\u017e se n\u00e1m spln\u00ed, tak bude p\u0159in\u00e1\u0161et nad\u00e1le kr\u00e1snou zoo, do kter\u00e9 jezd\u00ed lid\u00e9 z\u00a0cel\u00e9ho sv\u011bta,\u201c <\/em><strong>doplnil prim\u00e1tor.<\/strong><\/p>\n\n\n\n<p class=\"has-medium-font-size\">\u201e<em>Zoo Praha je klenot, o kter\u00fd je t\u0159eba pe\u010dovat. My za z\u0159izovatele jsme r\u00e1di, \u017ee t\u00e9 p\u00e9\u010de jsme sou\u010d\u00e1st\u00ed. Pra\u017esk\u00e1 zoo stoj\u00ed na sv\u00fdch zam\u011bstnanc\u00edch a nov\u00e1 \u0159editelka<\/em> <em>Lenka Poliakov\u00e1 je jakousi st\u0159echou nad nimi. Chci v\u0161em pod\u011bkovat za skv\u011blou pr\u00e1ci, obzvl\u00e1\u0161\u0165 po tomto n\u00e1ro\u010dn\u00e9m obdob\u00ed. Nyn\u00ed je v\u0161ak t\u0159eba hled\u011bt do budoucnosti a vyhl\u00ed\u017eet v\u0161echny ty novinky, kter\u00e9 zoo na novou sez\u00f3nu p\u0159ichystala,\u201c <\/em><strong>uvedla n\u00e1m\u011bstkyn\u011b prim\u00e1tora pro oblast \u017eivotn\u00edho prost\u0159ed\u00ed Jana Komrskov\u00e1.<\/strong><\/p>\n\n\n\n<div style=\"height:35px\" aria-hidden=\"true\" class=\"wp-block-spacer\"><\/div>\n\n\n<div class=\"wp-block-image\">\n<figure class=\"aligncenter size-large\"><img decoding=\"async\" src=\"https:\/\/vcentru.cz\/wp-content\/uploads\/2026\/03\/Foto-3_Z09_4780-1024x683.jpg\" alt=\"Pra\u017esk\u00e1 Zoo: Slavnostn\u011b zah\u00e1jila svou 95. hlavn\u00ed sez\u00f3nu\" class=\"wp-image-8661\"\/><figcaption class=\"wp-element-caption\"><em>Fotografick\u00e1 v\u00fdstava P\u0159\u00edroda v&nbsp;zoo bude k&nbsp;vid\u011bn\u00ed v&nbsp;p\u0159\u00ed\u0161t\u00edch m\u011bs\u00edc\u00edch zdarma u Vzd\u011bl\u00e1vac\u00edho centra v&nbsp;Zoo Praha. Foto Petr Hamern\u00edk, Zoo Praha<\/em><\/figcaption><\/figure><\/div>\n\n\n<div style=\"height:35px\" aria-hidden=\"true\" class=\"wp-block-spacer\"><\/div>\n\n\n\n<p class=\"has-medium-font-size\">B\u011bhem \u00favodn\u00ed \u010d\u00e1sti programu byla zah\u00e1jena v\u00fdstava <em>P\u0159\u00edroda v&nbsp;zoo<\/em>, kter\u00e1 ukazuje nejlep\u0161\u00ed sn\u00edmky voln\u011b \u017eij\u00edc\u00edch zv\u00ed\u0159at v&nbsp;are\u00e1lu Zoo Praha. Jejich autory jsou zejm\u00e9na r\u016fzn\u00ed zam\u011bstnanci pra\u017esk\u00e9 zoo. Na unik\u00e1tn\u00edch fotografi\u00edch je zachycena pestr\u00e1 \u0161k\u00e1la metropolitn\u00ed zv\u00ed\u0159eny od volavek popelav\u00fdch, led\u0148\u00e1\u010dk\u016f \u0159\u00ed\u010dn\u00edch a sysl\u016f obecn\u00fdch p\u0159es je\u0161t\u011brky zelen\u00e9 \u010di u\u017eovky podplamat\u00e9 a\u017e po dudka chocholat\u00e9ho a krtka obecn\u00e9ho.<\/p>\n\n\n\n<p class=\"has-medium-font-size\">\u201e<em>Z\u00e1sadn\u00edmi druhy jsou je\u0161t\u011brka zelen\u00e1 a u\u017eovka podplamat\u00e1. Jsou to zv\u00ed\u0159ata, pro\u00a0jejich\u017e prosp\u011bch jsme v\u00a0posledn\u00edch dvaceti letech c\u00edlen\u011b podnikali \u0159adu krok\u016f od\u00a0revitalizace skaln\u00ed str\u00e1n\u011b a\u017e po edukaci ve\u0159ejnosti. Je\u0161t\u011brku zelenou jsme tak dostali z\u00a0pokraje vyhuben\u00ed na \u00farove\u0148 stabiln\u00ed a funk\u010dn\u00ed populace,\u201c <\/em><strong>p\u0159ipomn\u011bl kur\u00e1tor plaz\u016f a oboj\u017eiveln\u00edk\u016f a autor n\u011bkolika sn\u00edmk\u016f z\u00a0v\u00fdstavy Petr Velensk\u00fd.<\/strong><\/p>\n\n\n\n<div style=\"height:35px\" aria-hidden=\"true\" class=\"wp-block-spacer\"><\/div>\n\n\n<div class=\"wp-block-image\">\n<figure class=\"aligncenter size-large\"><img decoding=\"async\" src=\"https:\/\/vcentru.cz\/wp-content\/uploads\/2026\/03\/Foto-4_Z09_5414-1024x683.jpg\" alt=\"Pra\u017esk\u00e1 Zoo: Slavnostn\u011b zah\u00e1jila svou 95. hlavn\u00ed sez\u00f3nu\" class=\"wp-image-8664\"\/><figcaption class=\"wp-element-caption\"><br><em>\u010casov\u00e1 schr\u00e1nka \u010dasopisu ABC m\u00ed\u0159\u00ed do 140 centimetr\u016f hlubok\u00e9 j\u00e1my na&nbsp;Veselovsk\u00e9ho louce v&nbsp;doln\u00ed \u010d\u00e1sti zoo. Foto Petr Hamern\u00edk, Zoo Praha<\/em><\/figcaption><\/figure><\/div>\n\n\n<div style=\"height:35px\" aria-hidden=\"true\" class=\"wp-block-spacer\"><\/div>\n\n\n\n<p class=\"has-medium-font-size\">Dal\u0161\u00edm bodem programu bylo zakop\u00e1n\u00ed \u010dasov\u00e9 schr\u00e1nky \u010dasopisu ABC na&nbsp;Veselovsk\u00e9ho louce v&nbsp;doln\u00ed \u010d\u00e1sti zahrady. Do jej\u00edho nitra byly um\u00edst\u011bny stovky vzkaz\u016f od \u010dten\u00e1\u0159\u016f magaz\u00ednu i n\u00e1v\u0161t\u011bvn\u00edk\u016f pra\u017esk\u00e9 zoo. Zoo Praha do schr\u00e1nky ulo\u017eila mimo jin\u00e9 fotografii sv\u00fdch zam\u011bstnanc\u016f a aktu\u00e1ln\u00ed propaga\u010dn\u00ed p\u0159edm\u011bty.<\/p>\n\n\n\n<p class=\"has-medium-font-size\">\u201e<em>P\u0159edchoz\u00ed schr\u00e1nka vydr\u017eela n\u00e1por dvou masivn\u00edch povodn\u00ed, zvolili jsme proto stejn\u00fd materi\u00e1l i shodn\u00e9 m\u00edsto. A\u017e schr\u00e1nku za \u010dtvrt stolet\u00ed vykopeme, v\u011b\u0159\u00edm, \u017ee\u00a0sv\u011bt bude docela jin\u00fd, ale ABC bude v\u00a0n\u011bjak\u00e9 form\u011b, mo\u017en\u00e1 u\u017e ne pap\u00edrov\u00e9, existovat d\u00e1l. V\u011b\u0159\u00edm tak\u00e9, \u017ee se tady potk\u00e1m s\u00a0\u0159adou z\u00a0v\u00e1s i j\u00e1 s\u00e1m,\u201c <\/em><strong>uvedl dlouholet\u00fd \u0161\u00e9fredaktor \u010dasopisu ABC Zden\u011bk Le\u017e\u00e1k.<\/strong><\/p>\n\n\n\n<p class=\"has-medium-font-size\">Posledn\u00edm bodem programu bylo p\u0159edstaven\u00ed nov\u00fdch druh\u016f zv\u00ed\u0159at. U\u017e nyn\u00ed mohou lid\u00e9 ve v\u00fdb\u011bhu v&nbsp;horn\u00ed \u010d\u00e1sti zoo spat\u0159it hyenky h\u0159ivnat\u00e9. Mlad\u00e1 zv\u00ed\u0159ata z\u00edskala Zoo&nbsp;Praha od koleg\u016f ze Safari Parku Dv\u016fr Kr\u00e1lov\u00e9. Od ostatn\u00edch hyen se hyenka v\u00fdrazn\u011b li\u0161\u00ed zp\u016fsobem \u017eivota. Zat\u00edmco jej\u00ed p\u0159\u00edbuzn\u00ed jsou aktivn\u00ed pred\u00e1to\u0159i nebo mrcho\u017erouti, hyenka h\u0159ivnat\u00e1 se specializuje t\u00e9m\u011b\u0159 v\u00fdhradn\u011b na termity, kter\u00e9 sb\u00edr\u00e1 jazykem p\u0159\u00edmo z povrchu p\u016fdy. D\u00edky v\u00fdborn\u00e9mu \u010dichu a sluchu dok\u00e1\u017ee vyhledat obydlen\u00e9 termiti\u0161t\u011b i ve tm\u011b a b\u011bhem jedin\u00e9 noci poz\u0159e i v\u00edce ne\u017e sto tis\u00edc termit\u016f.<\/p>\n\n\n\n<div style=\"height:35px\" aria-hidden=\"true\" class=\"wp-block-spacer\"><\/div>\n\n\n<div class=\"wp-block-image\">\n<figure class=\"aligncenter size-large\"><img decoding=\"async\" src=\"https:\/\/vcentru.cz\/wp-content\/uploads\/2026\/03\/Foto-5_Z09_7988-1024x683.jpg\" alt=\"Pra\u017esk\u00e1 Zoo: Slavnostn\u011b zah\u00e1jila svou 95. hlavn\u00ed sez\u00f3nu\" class=\"wp-image-8663\"\/><figcaption class=\"wp-element-caption\"><br><em>Hyenka h\u0159ivnat\u00e1 byla v&nbsp;Zoo Praha kr\u00e1tce chov\u00e1na v&nbsp;letech 1958 a\u017e 1959. Nyn\u00ed naleznou lid\u00e9 dvojici t\u011bchto fascinuj\u00edc\u00edch \u0161elem ve v\u00fdb\u011bhu v&nbsp;horn\u00ed \u010d\u00e1sti zoo mezi vlky eurasijsk\u00fdmi a hyenami \u010dabrakov\u00fdmi. Foto Petr Hamern\u00edk, Zoo Praha<\/em><\/figcaption><\/figure><\/div>\n\n\n<div style=\"height:35px\" aria-hidden=\"true\" class=\"wp-block-spacer\"><\/div>\n\n\n\n<p class=\"has-medium-font-size\">Typick\u00fdm znakem hyenky h\u0159ivnat\u00e9 je dlouh\u00e1 h\u0159\u00edva t\u00e1hnouc\u00ed se od \u0161\u00edje a\u017e po ocas. V&nbsp;ohro\u017een\u00ed ji hyenka vzty\u010d\u00ed, \u010d\u00edm\u017e opticky zv\u011bt\u0161\u00ed svou siluetu, aby odradila pred\u00e1tora a vyhnula se p\u0159\u00edpadn\u00e9mu st\u0159etu. Zje\u017een\u00ed srsti v\u0161ak zna\u010d\u00ed tak\u00e9 rozru\u0161en\u00ed a hraje roli p\u0159i komunikaci mezi jedinci. Ob\u00fdv\u00e1 subsaharskou Afriku a v&nbsp;chovech je vz\u00e1cnost\u00ed.<\/p>\n\n\n\n<p class=\"has-medium-font-size\">Dal\u0161\u00ed druhy, o kter\u00fdch dnes byla \u0159e\u010d, p\u0159edstav\u00ed Zoo Praha postupn\u011b b\u011bhem jarn\u00edch m\u011bs\u00edc\u016f. Jde mimo jin\u00e9 o kunovit\u00e9 \u0161elmy zorily mal\u00e9, pt\u00e1ky kukalku modrou a tyrana bentevi nebo papu\u00e1nsk\u00e9ho hrozn\u00fd\u0161ovit\u00e9ho hada kandoju smrtono\u0161ovitou.<\/p>\n\n\n\n<p class=\"has-medium-font-size\"><strong>Do are\u00e1lu v den zah\u00e1jen\u00ed zav\u00edtalo p\u0159es 6\u00a0000 n\u00e1v\u0161t\u011bvn\u00edk\u016f. Vedle u\u017e zm\u00edn\u011bn\u00e9ho je bavila t\u0159eba v\u00fdroba hmyz\u00edch hotel\u016f, malov\u00e1n\u00ed na obli\u010dej nebo obl\u00edben\u00e1 komentovan\u00e1 krmen\u00ed.<\/strong><\/p>\n\n\n\n<div style=\"height:35px\" aria-hidden=\"true\" class=\"wp-block-spacer\"><\/div>\n\n\n\n<p class=\"has-medium-font-size\"><a href=\"https:\/\/www.zoopraha.cz\"><strong>https:\/\/www.zoopraha.cz<\/strong><\/a><\/p>\n\n\n\n<div style=\"height:100px\" aria-hidden=\"true\" class=\"wp-block-spacer\"><\/div>\n\n\n\n<figure class=\"wp-block-gallery has-nested-images columns-2 is-cropped wp-block-gallery-1 is-layout-flex wp-block-gallery-is-layout-flex\">\n<figure class=\"wp-block-image size-large\"><img decoding=\"async\" data-id=\"8660\" src=\"https:\/\/vcentru.cz\/wp-content\/uploads\/2026\/03\/Foto-1_Z09_4381-1024x683.jpg\" alt=\"Pra\u017esk\u00e1 Zoo: Slavnostn\u011b zah\u00e1jila svou 95. hlavn\u00ed sez\u00f3nu\" class=\"wp-image-8660\"\/><\/figure>\n\n\n\n<figure class=\"wp-block-image size-large\"><img decoding=\"async\" data-id=\"8662\" src=\"https:\/\/vcentru.cz\/wp-content\/uploads\/2026\/03\/Foto-2_Z09_4644-1024x683.jpg\" alt=\"Pra\u017esk\u00e1 Zoo: Slavnostn\u011b zah\u00e1jila svou 95. hlavn\u00ed sez\u00f3nu\" class=\"wp-image-8662\"\/><\/figure>\n\n\n\n<figure class=\"wp-block-image size-large\"><img decoding=\"async\" data-id=\"8661\" src=\"https:\/\/vcentru.cz\/wp-content\/uploads\/2026\/03\/Foto-3_Z09_4780-1024x683.jpg\" alt=\"Pra\u017esk\u00e1 Zoo: Slavnostn\u011b zah\u00e1jila svou 95. hlavn\u00ed sez\u00f3nu\" class=\"wp-image-8661\"\/><\/figure>\n\n\n\n<figure class=\"wp-block-image size-large\"><img decoding=\"async\" data-id=\"8664\" src=\"https:\/\/vcentru.cz\/wp-content\/uploads\/2026\/03\/Foto-4_Z09_5414-1024x683.jpg\" alt=\"Pra\u017esk\u00e1 Zoo: Slavnostn\u011b zah\u00e1jila svou 95. hlavn\u00ed sez\u00f3nu\" class=\"wp-image-8664\"\/><\/figure>\n\n\n\n<figure class=\"wp-block-image size-large\"><img decoding=\"async\" data-id=\"8663\" src=\"https:\/\/vcentru.cz\/wp-content\/uploads\/2026\/03\/Foto-5_Z09_7988-1024x683.jpg\" alt=\"Pra\u017esk\u00e1 Zoo: Slavnostn\u011b zah\u00e1jila svou 95. hlavn\u00ed sez\u00f3nu\" class=\"wp-image-8663\"\/><\/figure>\n<\/figure>\n\n\n\n<div style=\"height:35px\" aria-hidden=\"true\" class=\"wp-block-spacer\"><\/div>\n\n\n\n<p class=\"has-medium-font-size\"><strong>Zdroj foto: <\/strong>ZOO PRAHA<\/p>\n\n\n\n<div style=\"height:65px\" aria-hidden=\"true\" class=\"wp-block-spacer\"><\/div>\n","protected":false},"excerpt":{"rendered":"<p>Zoo Praha slavnostn\u011b zah\u00e1jila svou 95. hlavn\u00ed sez\u00f3nu. P\u0159i t\u00e9 p\u0159\u00edle\u017eitosti p\u0159edstavila ve\u0159ejnosti nov\u00e9 druhy zv\u00ed\u0159at, zejm\u00e9na vz\u00e1cn\u011b chovan\u00e9 hmyzo\u017erav\u00e9 \u0161elmy, hyenky h\u0159ivnat\u00e9. Po rekonstrukci otev\u0159ela tak\u00e9 gigantick\u00e9 d\u011btsk\u00e9 h\u0159i\u0161t\u011b Rezervace Bororo. Sou\u010d\u00e1st\u00ed programu&#46;&#46;&#46;<\/p>\n","protected":false},"author":10,"featured_media":13889,"comment_status":"closed","ping_status":"closed","sticky":false,"template":"","format":"standard","meta":{"_monsterinsights_skip_tracking":false,"_monsterinsights_sitenote_active":false,"_monsterinsights_sitenote_note":"","_monsterinsights_sitenote_category":0,"footnotes":""},"categories":[19,2,167],"tags":[],"yoast_head":"<!-- This site is optimized with the Yoast SEO plugin v21.5 - https:\/\/yoast.com\/wordpress\/plugins\/seo\/ -->\n<title>Pra\u017esk\u00e1 Zoo: Slavnostn\u011b zah\u00e1jila svou 95. hlavn\u00ed sez\u00f3nu - CELEBRITYHOUSE.cz<\/title>\n<meta name=\"description\" content=\"Zoo Praha dnes slavnostn\u011b zah\u00e1jila svou 95. hlavn\u00ed sez\u00f3nu. P\u0159i t\u00e9 p\u0159\u00edle\u017eitosti p\u0159edstavila ve\u0159ejnosti nov\u00e9 druhy zv\u00ed\u0159at\" \/>\n<meta name=\"robots\" content=\"index, follow, max-snippet:-1, max-image-preview:large, max-video-preview:-1\" \/>\n<link rel=\"canonical\" href=\"https:\/\/celebrityhouse.cz\/index.php\/2026\/04\/02\/prazska-zoo-slavnostne-zahajila-svou-95-hlavni-sezonu\/\" \/>\n<meta property=\"og:locale\" content=\"cs_CZ\" \/>\n<meta property=\"og:type\" content=\"article\" \/>\n<meta property=\"og:title\" content=\"Pra\u017esk\u00e1 Zoo: Slavnostn\u011b zah\u00e1jila svou 95. hlavn\u00ed sez\u00f3nu - CELEBRITYHOUSE.cz\" \/>\n<meta property=\"og:description\" content=\"Zoo Praha dnes slavnostn\u011b zah\u00e1jila svou 95. hlavn\u00ed sez\u00f3nu. P\u0159i t\u00e9 p\u0159\u00edle\u017eitosti p\u0159edstavila ve\u0159ejnosti nov\u00e9 druhy zv\u00ed\u0159at\" \/>\n<meta property=\"og:url\" content=\"https:\/\/celebrityhouse.cz\/index.php\/2026\/04\/02\/prazska-zoo-slavnostne-zahajila-svou-95-hlavni-sezonu\/\" \/>\n<meta property=\"og:site_name\" content=\"CELEBRITYHOUSE.cz\" \/>\n<meta property=\"article:published_time\" content=\"2026-04-01T22:01:00+00:00\" \/>\n<meta property=\"article:modified_time\" content=\"2026-04-02T20:54:01+00:00\" \/>\n<meta property=\"og:image\" content=\"https:\/\/celebrityhouse.cz\/wp-content\/uploads\/2026\/03\/Foto-4_Z09_5414.jpg\" \/>\n\t<meta property=\"og:image:width\" content=\"1450\" \/>\n\t<meta property=\"og:image:height\" content=\"967\" \/>\n\t<meta property=\"og:image:type\" content=\"image\/jpeg\" \/>\n<meta name=\"author\" content=\"Helen Guardian\" \/>\n<meta name=\"twitter:card\" content=\"summary_large_image\" \/>\n<meta name=\"twitter:label1\" content=\"Napsal(a)\" \/>\n\t<meta name=\"twitter:data1\" content=\"Helen Guardian\" \/>\n\t<meta name=\"twitter:label2\" content=\"Odhadovan\u00e1 doba \u010dten\u00ed\" \/>\n\t<meta name=\"twitter:data2\" content=\"8 minut\" \/>\n<script type=\"application\/ld+json\" class=\"yoast-schema-graph\">{\"@context\":\"https:\/\/schema.org\",\"@graph\":[{\"@type\":\"Article\",\"@id\":\"https:\/\/celebrityhouse.cz\/index.php\/2026\/04\/02\/prazska-zoo-slavnostne-zahajila-svou-95-hlavni-sezonu\/#article\",\"isPartOf\":{\"@id\":\"https:\/\/celebrityhouse.cz\/index.php\/2026\/04\/02\/prazska-zoo-slavnostne-zahajila-svou-95-hlavni-sezonu\/\"},\"author\":{\"name\":\"Helen Guardian\",\"@id\":\"https:\/\/celebrityhouse.cz\/#\/schema\/person\/bd8317bbfad32bdb6e4bb66ad0065f09\"},\"headline\":\"Pra\u017esk\u00e1 Zoo: Slavnostn\u011b zah\u00e1jila svou 95. hlavn\u00ed sez\u00f3nu\",\"datePublished\":\"2026-04-01T22:01:00+00:00\",\"dateModified\":\"2026-04-02T20:54:01+00:00\",\"mainEntityOfPage\":{\"@id\":\"https:\/\/celebrityhouse.cz\/index.php\/2026\/04\/02\/prazska-zoo-slavnostne-zahajila-svou-95-hlavni-sezonu\/\"},\"wordCount\":1333,\"publisher\":{\"@id\":\"https:\/\/celebrityhouse.cz\/#organization\"},\"articleSection\":[\"AKCE\",\"NEWS\",\"PRA\u017dSK\u00c1 ZOO\"],\"inLanguage\":\"cs\"},{\"@type\":\"WebPage\",\"@id\":\"https:\/\/celebrityhouse.cz\/index.php\/2026\/04\/02\/prazska-zoo-slavnostne-zahajila-svou-95-hlavni-sezonu\/\",\"url\":\"https:\/\/celebrityhouse.cz\/index.php\/2026\/04\/02\/prazska-zoo-slavnostne-zahajila-svou-95-hlavni-sezonu\/\",\"name\":\"Pra\u017esk\u00e1 Zoo: Slavnostn\u011b zah\u00e1jila svou 95. hlavn\u00ed sez\u00f3nu - CELEBRITYHOUSE.cz\",\"isPartOf\":{\"@id\":\"https:\/\/celebrityhouse.cz\/#website\"},\"datePublished\":\"2026-04-01T22:01:00+00:00\",\"dateModified\":\"2026-04-02T20:54:01+00:00\",\"description\":\"Zoo Praha dnes slavnostn\u011b zah\u00e1jila svou 95. hlavn\u00ed sez\u00f3nu. P\u0159i t\u00e9 p\u0159\u00edle\u017eitosti p\u0159edstavila ve\u0159ejnosti nov\u00e9 druhy zv\u00ed\u0159at\",\"breadcrumb\":{\"@id\":\"https:\/\/celebrityhouse.cz\/index.php\/2026\/04\/02\/prazska-zoo-slavnostne-zahajila-svou-95-hlavni-sezonu\/#breadcrumb\"},\"inLanguage\":\"cs\",\"potentialAction\":[{\"@type\":\"ReadAction\",\"target\":[\"https:\/\/celebrityhouse.cz\/index.php\/2026\/04\/02\/prazska-zoo-slavnostne-zahajila-svou-95-hlavni-sezonu\/\"]}]},{\"@type\":\"BreadcrumbList\",\"@id\":\"https:\/\/celebrityhouse.cz\/index.php\/2026\/04\/02\/prazska-zoo-slavnostne-zahajila-svou-95-hlavni-sezonu\/#breadcrumb\",\"itemListElement\":[{\"@type\":\"ListItem\",\"position\":1,\"name\":\"Dom\u016f\",\"item\":\"https:\/\/celebrityhouse.cz\/\"},{\"@type\":\"ListItem\",\"position\":2,\"name\":\"Pra\u017esk\u00e1 Zoo: Slavnostn\u011b zah\u00e1jila svou 95. hlavn\u00ed sez\u00f3nu\"}]},{\"@type\":\"WebSite\",\"@id\":\"https:\/\/celebrityhouse.cz\/#website\",\"url\":\"https:\/\/celebrityhouse.cz\/\",\"name\":\"CELEBRITYHOUSE.cz\",\"description\":\"Port\u00e1l o showbyznysu...\",\"publisher\":{\"@id\":\"https:\/\/celebrityhouse.cz\/#organization\"},\"potentialAction\":[{\"@type\":\"SearchAction\",\"target\":{\"@type\":\"EntryPoint\",\"urlTemplate\":\"https:\/\/celebrityhouse.cz\/?s={search_term_string}\"},\"query-input\":\"required name=search_term_string\"}],\"inLanguage\":\"cs\"},{\"@type\":\"Organization\",\"@id\":\"https:\/\/celebrityhouse.cz\/#organization\",\"name\":\"CELEBRITYHOUSE.cz\",\"url\":\"https:\/\/celebrityhouse.cz\/\",\"logo\":{\"@type\":\"ImageObject\",\"inLanguage\":\"cs\",\"@id\":\"https:\/\/celebrityhouse.cz\/#\/schema\/logo\/image\/\",\"url\":\"https:\/\/celebrityhouse.cz\/wp-content\/uploads\/2024\/12\/cropped-Logo_CelebrityHouse_2.jpg\",\"contentUrl\":\"https:\/\/celebrityhouse.cz\/wp-content\/uploads\/2024\/12\/cropped-Logo_CelebrityHouse_2.jpg\",\"width\":937,\"height\":510,\"caption\":\"CELEBRITYHOUSE.cz\"},\"image\":{\"@id\":\"https:\/\/celebrityhouse.cz\/#\/schema\/logo\/image\/\"}},{\"@type\":\"Person\",\"@id\":\"https:\/\/celebrityhouse.cz\/#\/schema\/person\/bd8317bbfad32bdb6e4bb66ad0065f09\",\"name\":\"Helen Guardian\",\"image\":{\"@type\":\"ImageObject\",\"inLanguage\":\"cs\",\"@id\":\"https:\/\/celebrityhouse.cz\/#\/schema\/person\/image\/\",\"url\":\"https:\/\/secure.gravatar.com\/avatar\/f62c76287ccbbd3f899549a169c0e6aa?s=96&d=mm&r=g\",\"contentUrl\":\"https:\/\/secure.gravatar.com\/avatar\/f62c76287ccbbd3f899549a169c0e6aa?s=96&d=mm&r=g\",\"caption\":\"Helen Guardian\"},\"sameAs\":[\"http:\/\/CELEBRITYHOUSE.cz\"],\"url\":\"https:\/\/celebrityhouse.cz\/index.php\/author\/helgu\/\"}]}<\/script>\n<!-- \/ Yoast SEO plugin. -->","yoast_head_json":{"title":"Pra\u017esk\u00e1 Zoo: Slavnostn\u011b zah\u00e1jila svou 95. hlavn\u00ed sez\u00f3nu - CELEBRITYHOUSE.cz","description":"Zoo Praha dnes slavnostn\u011b zah\u00e1jila svou 95. hlavn\u00ed sez\u00f3nu. P\u0159i t\u00e9 p\u0159\u00edle\u017eitosti p\u0159edstavila ve\u0159ejnosti nov\u00e9 druhy zv\u00ed\u0159at","robots":{"index":"index","follow":"follow","max-snippet":"max-snippet:-1","max-image-preview":"max-image-preview:large","max-video-preview":"max-video-preview:-1"},"canonical":"https:\/\/celebrityhouse.cz\/index.php\/2026\/04\/02\/prazska-zoo-slavnostne-zahajila-svou-95-hlavni-sezonu\/","og_locale":"cs_CZ","og_type":"article","og_title":"Pra\u017esk\u00e1 Zoo: Slavnostn\u011b zah\u00e1jila svou 95. hlavn\u00ed sez\u00f3nu - CELEBRITYHOUSE.cz","og_description":"Zoo Praha dnes slavnostn\u011b zah\u00e1jila svou 95. hlavn\u00ed sez\u00f3nu. P\u0159i t\u00e9 p\u0159\u00edle\u017eitosti p\u0159edstavila ve\u0159ejnosti nov\u00e9 druhy zv\u00ed\u0159at","og_url":"https:\/\/celebrityhouse.cz\/index.php\/2026\/04\/02\/prazska-zoo-slavnostne-zahajila-svou-95-hlavni-sezonu\/","og_site_name":"CELEBRITYHOUSE.cz","article_published_time":"2026-04-01T22:01:00+00:00","article_modified_time":"2026-04-02T20:54:01+00:00","og_image":[{"width":1450,"height":967,"url":"https:\/\/celebrityhouse.cz\/wp-content\/uploads\/2026\/03\/Foto-4_Z09_5414.jpg","type":"image\/jpeg"}],"author":"Helen Guardian","twitter_card":"summary_large_image","twitter_misc":{"Napsal(a)":"Helen Guardian","Odhadovan\u00e1 doba \u010dten\u00ed":"8 minut"},"schema":{"@context":"https:\/\/schema.org","@graph":[{"@type":"Article","@id":"https:\/\/celebrityhouse.cz\/index.php\/2026\/04\/02\/prazska-zoo-slavnostne-zahajila-svou-95-hlavni-sezonu\/#article","isPartOf":{"@id":"https:\/\/celebrityhouse.cz\/index.php\/2026\/04\/02\/prazska-zoo-slavnostne-zahajila-svou-95-hlavni-sezonu\/"},"author":{"name":"Helen Guardian","@id":"https:\/\/celebrityhouse.cz\/#\/schema\/person\/bd8317bbfad32bdb6e4bb66ad0065f09"},"headline":"Pra\u017esk\u00e1 Zoo: Slavnostn\u011b zah\u00e1jila svou 95. hlavn\u00ed sez\u00f3nu","datePublished":"2026-04-01T22:01:00+00:00","dateModified":"2026-04-02T20:54:01+00:00","mainEntityOfPage":{"@id":"https:\/\/celebrityhouse.cz\/index.php\/2026\/04\/02\/prazska-zoo-slavnostne-zahajila-svou-95-hlavni-sezonu\/"},"wordCount":1333,"publisher":{"@id":"https:\/\/celebrityhouse.cz\/#organization"},"articleSection":["AKCE","NEWS","PRA\u017dSK\u00c1 ZOO"],"inLanguage":"cs"},{"@type":"WebPage","@id":"https:\/\/celebrityhouse.cz\/index.php\/2026\/04\/02\/prazska-zoo-slavnostne-zahajila-svou-95-hlavni-sezonu\/","url":"https:\/\/celebrityhouse.cz\/index.php\/2026\/04\/02\/prazska-zoo-slavnostne-zahajila-svou-95-hlavni-sezonu\/","name":"Pra\u017esk\u00e1 Zoo: Slavnostn\u011b zah\u00e1jila svou 95. hlavn\u00ed sez\u00f3nu - CELEBRITYHOUSE.cz","isPartOf":{"@id":"https:\/\/celebrityhouse.cz\/#website"},"datePublished":"2026-04-01T22:01:00+00:00","dateModified":"2026-04-02T20:54:01+00:00","description":"Zoo Praha dnes slavnostn\u011b zah\u00e1jila svou 95. hlavn\u00ed sez\u00f3nu. P\u0159i t\u00e9 p\u0159\u00edle\u017eitosti p\u0159edstavila ve\u0159ejnosti nov\u00e9 druhy zv\u00ed\u0159at","breadcrumb":{"@id":"https:\/\/celebrityhouse.cz\/index.php\/2026\/04\/02\/prazska-zoo-slavnostne-zahajila-svou-95-hlavni-sezonu\/#breadcrumb"},"inLanguage":"cs","potentialAction":[{"@type":"ReadAction","target":["https:\/\/celebrityhouse.cz\/index.php\/2026\/04\/02\/prazska-zoo-slavnostne-zahajila-svou-95-hlavni-sezonu\/"]}]},{"@type":"BreadcrumbList","@id":"https:\/\/celebrityhouse.cz\/index.php\/2026\/04\/02\/prazska-zoo-slavnostne-zahajila-svou-95-hlavni-sezonu\/#breadcrumb","itemListElement":[{"@type":"ListItem","position":1,"name":"Dom\u016f","item":"https:\/\/celebrityhouse.cz\/"},{"@type":"ListItem","position":2,"name":"Pra\u017esk\u00e1 Zoo: Slavnostn\u011b zah\u00e1jila svou 95. hlavn\u00ed sez\u00f3nu"}]},{"@type":"WebSite","@id":"https:\/\/celebrityhouse.cz\/#website","url":"https:\/\/celebrityhouse.cz\/","name":"CELEBRITYHOUSE.cz","description":"Port\u00e1l o showbyznysu...","publisher":{"@id":"https:\/\/celebrityhouse.cz\/#organization"},"potentialAction":[{"@type":"SearchAction","target":{"@type":"EntryPoint","urlTemplate":"https:\/\/celebrityhouse.cz\/?s={search_term_string}"},"query-input":"required name=search_term_string"}],"inLanguage":"cs"},{"@type":"Organization","@id":"https:\/\/celebrityhouse.cz\/#organization","name":"CELEBRITYHOUSE.cz","url":"https:\/\/celebrityhouse.cz\/","logo":{"@type":"ImageObject","inLanguage":"cs","@id":"https:\/\/celebrityhouse.cz\/#\/schema\/logo\/image\/","url":"https:\/\/celebrityhouse.cz\/wp-content\/uploads\/2024\/12\/cropped-Logo_CelebrityHouse_2.jpg","contentUrl":"https:\/\/celebrityhouse.cz\/wp-content\/uploads\/2024\/12\/cropped-Logo_CelebrityHouse_2.jpg","width":937,"height":510,"caption":"CELEBRITYHOUSE.cz"},"image":{"@id":"https:\/\/celebrityhouse.cz\/#\/schema\/logo\/image\/"}},{"@type":"Person","@id":"https:\/\/celebrityhouse.cz\/#\/schema\/person\/bd8317bbfad32bdb6e4bb66ad0065f09","name":"Helen Guardian","image":{"@type":"ImageObject","inLanguage":"cs","@id":"https:\/\/celebrityhouse.cz\/#\/schema\/person\/image\/","url":"https:\/\/secure.gravatar.com\/avatar\/f62c76287ccbbd3f899549a169c0e6aa?s=96&d=mm&r=g","contentUrl":"https:\/\/secure.gravatar.com\/avatar\/f62c76287ccbbd3f899549a169c0e6aa?s=96&d=mm&r=g","caption":"Helen Guardian"},"sameAs":["http:\/\/CELEBRITYHOUSE.cz"],"url":"https:\/\/celebrityhouse.cz\/index.php\/author\/helgu\/"}]}},"_links":{"self":[{"href":"https:\/\/celebrityhouse.cz\/index.php\/wp-json\/wp\/v2\/posts\/13888"}],"collection":[{"href":"https:\/\/celebrityhouse.cz\/index.php\/wp-json\/wp\/v2\/posts"}],"about":[{"href":"https:\/\/celebrityhouse.cz\/index.php\/wp-json\/wp\/v2\/types\/post"}],"author":[{"embeddable":true,"href":"https:\/\/celebrityhouse.cz\/index.php\/wp-json\/wp\/v2\/users\/10"}],"replies":[{"embeddable":true,"href":"https:\/\/celebrityhouse.cz\/index.php\/wp-json\/wp\/v2\/comments?post=13888"}],"version-history":[{"count":2,"href":"https:\/\/celebrityhouse.cz\/index.php\/wp-json\/wp\/v2\/posts\/13888\/revisions"}],"predecessor-version":[{"id":13917,"href":"https:\/\/celebrityhouse.cz\/index.php\/wp-json\/wp\/v2\/posts\/13888\/revisions\/13917"}],"wp:featuredmedia":[{"embeddable":true,"href":"https:\/\/celebrityhouse.cz\/index.php\/wp-json\/wp\/v2\/media\/13889"}],"wp:attachment":[{"href":"https:\/\/celebrityhouse.cz\/index.php\/wp-json\/wp\/v2\/media?parent=13888"}],"wp:term":[{"taxonomy":"category","embeddable":true,"href":"https:\/\/celebrityhouse.cz\/index.php\/wp-json\/wp\/v2\/categories?post=13888"},{"taxonomy":"post_tag","embeddable":true,"href":"https:\/\/celebrityhouse.cz\/index.php\/wp-json\/wp\/v2\/tags?post=13888"}],"curies":[{"name":"wp","href":"https:\/\/api.w.org\/{rel}","templated":true}]}}