{"id":14086,"date":"2026-04-16T15:15:00","date_gmt":"2026-04-16T13:15:00","guid":{"rendered":"https:\/\/celebrityhouse.cz\/?p=14086"},"modified":"2026-05-02T02:34:35","modified_gmt":"2026-05-02T00:34:35","slug":"uz-zase-mame-kralika-projekt-tady-chutna-predstavuje-jarni-menu-plne-tradice-i-moderni-lehkosti","status":"publish","type":"post","link":"https:\/\/celebrityhouse.cz\/index.php\/2026\/04\/16\/uz-zase-mame-kralika-projekt-tady-chutna-predstavuje-jarni-menu-plne-tradice-i-moderni-lehkosti\/","title":{"rendered":"U\u017e zase m\u00e1me kr\u00e1l\u00edka! Projekt Tady chutn\u00e1 p\u0159edstavuje jarn\u00ed menu pln\u00e9 tradice i modern\u00ed lehkosti"},"content":{"rendered":"\n<div style=\"height:39px\" aria-hidden=\"true\" class=\"wp-block-spacer\"><\/div>\n\n\n\n<p class=\"has-medium-font-size\"><strong>Pra\u017esk\u00e9 restaurace projektu <a href=\"https:\/\/tadychutna.cz\/\">Tady chutn\u00e1<\/a> vstupuj\u00ed do jara s menu, kter\u00e9 s lehkou nads\u00e1zkou odkazuje na zn\u00e1mou filmovou hl\u00e1\u0161ku \u2013 u\u017e zase m\u00e1me kr\u00e1l\u00edka. Tentokr\u00e1t ale v podob\u011b, kter\u00e1 ct\u00ed tradici \u010desk\u00e9 kuchyn\u011b a z\u00e1rove\u0148 pracuje s modern\u00edmi technikami i lehkost\u00ed sou\u010dasn\u00e9 gastronomie.<\/strong><\/p>\n\n\n\n<div style=\"height:39px\" aria-hidden=\"true\" class=\"wp-block-spacer\"><\/div>\n\n\n<div class=\"wp-block-image\">\n<figure class=\"aligncenter size-large\"><img decoding=\"async\" src=\"https:\/\/vcentru.cz\/wp-content\/uploads\/2026\/05\/A7R09809_V_TTL-1024x706.jpg\" alt=\"U\u017e zase m\u00e1me kr\u00e1l\u00edka! Projekt Tady chutn\u00e1 p\u0159edstavuje jarn\u00ed menu pln\u00e9 tradice i modern\u00ed lehkosti\" class=\"wp-image-9505\"\/><\/figure><\/div>\n\n\n<div style=\"height:39px\" aria-hidden=\"true\" class=\"wp-block-spacer\"><\/div>\n\n\n\n<p class=\"has-medium-font-size\">Jarn\u00ed nab\u00eddka stoj\u00ed na sezonn\u00edch surovin\u00e1ch, precizn\u00ed p\u0159\u00edprav\u011b a promy\u0161len\u00e9 skladb\u011b jednotliv\u00fdch chod\u016f. D\u016fle\u017eitou sou\u010d\u00e1st\u00ed p\u0159\u00edpravy nov\u00e9ho menu je tak\u00e9 pr\u00e1ce s t\u00fdmem \u2013 ka\u017ed\u00fd pokrm se nejprve p\u0159edstavuje obsluze, kter\u00e1 jej ochutn\u00e1v\u00e1 a seznamuje se s detaily jeho p\u0159\u00edpravy i servisu.<\/p>\n\n\n\n<p class=\"has-medium-font-size\">\u201eObsluha mus\u00ed p\u0159esn\u011b v\u011bd\u011bt, co host\u016fm nab\u00edz\u00ed. Kdy\u017e pochop\u00ed ka\u017ed\u00fd detail pokrmu \u2013 od surovin a\u017e po zp\u016fsob p\u0159\u00edpravy \u2013 dok\u00e1\u017ee ho p\u0159irozen\u011b doporu\u010dit a vysv\u011btlit,\u201c \u0159\u00edk\u00e1 \u0161\u00e9fkucha\u0159 projektu Tady chutn\u00e1&nbsp;<strong>David Kalina<\/strong>.<\/p>\n\n\n\n<div style=\"height:39px\" aria-hidden=\"true\" class=\"wp-block-spacer\"><\/div>\n\n\n\n<figure class=\"wp-block-gallery has-nested-images columns-default is-cropped wp-block-gallery-1 is-layout-flex wp-block-gallery-is-layout-flex\">\n<figure class=\"wp-block-image size-large\"><img decoding=\"async\" data-id=\"9492\" src=\"https:\/\/vcentru.cz\/wp-content\/uploads\/2026\/05\/A7R08894-683x1024.jpg\" alt=\"U\u017e zase m\u00e1me kr\u00e1l\u00edka! Projekt Tady chutn\u00e1 p\u0159edstavuje jarn\u00ed menu pln\u00e9 tradice i modern\u00ed lehkosti\" class=\"wp-image-9492\"\/><\/figure>\n\n\n\n<figure class=\"wp-block-image size-large\"><img decoding=\"async\" data-id=\"9499\" src=\"https:\/\/vcentru.cz\/wp-content\/uploads\/2026\/05\/A7R09158-683x1024.jpg\" alt=\"U\u017e zase m\u00e1me kr\u00e1l\u00edka! Projekt Tady chutn\u00e1 p\u0159edstavuje jarn\u00ed menu pln\u00e9 tradice i modern\u00ed lehkosti\" class=\"wp-image-9499\"\/><\/figure>\n\n\n\n<figure class=\"wp-block-image size-large\"><img decoding=\"async\" data-id=\"9487\" src=\"https:\/\/vcentru.cz\/wp-content\/uploads\/2026\/05\/A7R09006-683x1024.jpg\" alt=\"U\u017e zase m\u00e1me kr\u00e1l\u00edka! Projekt Tady chutn\u00e1 p\u0159edstavuje jarn\u00ed menu pln\u00e9 tradice i modern\u00ed lehkosti\" class=\"wp-image-9487\"\/><\/figure>\n<\/figure>\n\n\n\n<div style=\"height:39px\" aria-hidden=\"true\" class=\"wp-block-spacer\"><\/div>\n\n\n\n<h2 class=\"wp-block-heading\">Vitello tonnato: lehkost klasiky<\/h2>\n\n\n\n<div style=\"height:39px\" aria-hidden=\"true\" class=\"wp-block-spacer\"><\/div>\n\n\n\n<p class=\"has-medium-font-size\">\u00davod menu pat\u0159\u00ed vitello tonnato, kter\u00e9 se dr\u017e\u00ed tradi\u010dn\u00edho z\u00e1kladu, ale pracuje s leh\u010d\u00ed strukturou i v\u00fdrazn\u011bj\u0161\u00ed chut\u00ed. Telec\u00ed maso p\u0159ipraven\u00e9 metodou sous-vide si zachov\u00e1v\u00e1 \u0161\u0165avnatost a jemnou r\u016f\u017eovou barvu, p\u0159ed servisem je kr\u00e1tce ope\u010den\u00e9, aby z\u00edskalo v\u00fdrazn\u011bj\u0161\u00ed chu\u0165 i jemn\u011b karamelizovan\u00fd povrch. Tu\u0148\u00e1kov\u00e1 om\u00e1\u010dka zde nep\u016fsob\u00ed t\u011b\u017ece \u2013 d\u00edky pou\u017eit\u00ed sifonu m\u00e1 nad\u00fdchanou konzistenci a lehk\u00fd charakter. V jej\u00ed chuti se propojuje \u010derstv\u00fd tu\u0148\u00e1k, va\u0159en\u00e9 \u017eloutky, v\u00fdvar i jemn\u00e1 sladkost \u0161alotky. Celek dopl\u0148uj\u00ed kapary, ho\u0159\u010di\u010dn\u00e1 sem\u00ednka a fermentovan\u00fd dlouh\u00fd pep\u0159 Pippali, kter\u00fd p\u0159in\u00e1\u0161\u00ed lehce exotick\u00fd t\u00f3n. <\/p>\n\n\n\n<p class=\"has-medium-font-size\">\u201eVitello tonnato p\u0159ipravujeme poctiv\u011b od za\u010d\u00e1tku do konce. Kvalitn\u00ed suroviny a postup, kter\u00fd d\u00e1v\u00e1 masu \u0161\u0165avnatost a om\u00e1\u010dce lehkost,\u201c <strong>dopl\u0148uje<\/strong>&nbsp;<strong>David Kalina<\/strong>.<\/p>\n\n\n\n<div style=\"height:39px\" aria-hidden=\"true\" class=\"wp-block-spacer\"><\/div>\n\n\n<div class=\"wp-block-image\">\n<figure class=\"aligncenter size-large\"><img decoding=\"async\" src=\"https:\/\/vcentru.cz\/wp-content\/uploads\/2026\/05\/A7R09096_V-1024x790.jpg\" alt=\"U\u017e zase m\u00e1me kr\u00e1l\u00edka! Projekt Tady chutn\u00e1 p\u0159edstavuje jarn\u00ed menu pln\u00e9 tradice i modern\u00ed lehkosti\" class=\"wp-image-9506\"\/><\/figure><\/div>\n\n\n<div style=\"height:39px\" aria-hidden=\"true\" class=\"wp-block-spacer\"><\/div>\n\n\n\n<h2 class=\"wp-block-heading\">Cand\u00e1t ve vaj\u00ed\u010dku: n\u00e1vrat ke ko\u0159en\u016fm<\/h2>\n\n\n\n<h2 class=\"wp-block-heading\">(Nejnov\u011bj\u0161\u00ed kucha\u0159sk\u00e1 kniha, Luisa Ondr\u00e1\u010dkov\u00e1, 1914)<\/h2>\n\n\n\n<div style=\"height:39px\" aria-hidden=\"true\" class=\"wp-block-spacer\"><\/div>\n\n\n\n<p class=\"has-medium-font-size\">Dal\u0161\u00ed chod p\u0159in\u00e1\u0161\u00ed filet z cand\u00e1ta ve vaj\u00ed\u010dku, inspirovan\u00fd kucha\u0159kou Luisa Ondr\u00e1\u010dkov\u00e1, 1914. Ryba je ope\u010den\u00e1 na m\u00e1sle, co\u017e zv\u00fdraz\u0148uje jej\u00ed p\u0159irozenou chu\u0165 i jemnost masa. Pod\u00e1v\u00e1 se na kapust\u011b dopln\u011bn\u00e9 smr\u017eemi \u2013 aromatick\u00fdmi jarn\u00edmi houbami, kter\u00e9 dod\u00e1vaj\u00ed pokrmu hloubku a lehce zemit\u00fd charakter.<\/p>\n\n\n\n<p class=\"has-medium-font-size\">V\u00fdraznou slo\u017ekou cel\u00e9ho tal\u00ed\u0159e je om\u00e1\u010dka z kysan\u00e9ho zel\u00ed, postaven\u00e1 na siln\u00e9m dr\u016fbe\u017e\u00edm v\u00fdvaru a zjemn\u011bn\u00e1 m\u00e1slem. Jemn\u00e1 kyselost zel\u00ed zde funguje jako kontrast k m\u00e1slov\u00e9mu charakteru ryby a z\u00e1rove\u0148 propojuje jednotliv\u00e9 slo\u017eky pokrmu. Kyselost om\u00e1\u010dky z kysan\u00e9ho zel\u00ed s rybou funguje p\u0159ekvapiv\u011b p\u0159irozen\u011b,\u201c <strong>vysv\u011btluje<\/strong>&nbsp;<strong>David Kalina<\/strong>.<\/p>\n\n\n\n<p class=\"has-medium-font-size\">Specifick\u00fdm detailem tohoto chodu je slan\u00e1 kynut\u00e1 buchta se \u0161kvarky. <\/p>\n\n\n\n<p class=\"has-medium-font-size\">\u201eSlan\u00e1 buchta je inspirac\u00ed t\u00edm, co d\u011blaly na\u0161e babi\u010dky ve sladk\u00e9 kuchyni. Jen jsme ji p\u0159evedli do slan\u00e9 podoby. Nejl\u00e9pe chutn\u00e1, kdy\u017e ji utrhnete rukou a nech\u00e1te nas\u00e1knout om\u00e1\u010dkou,\u201c <strong>dod\u00e1v\u00e1<\/strong>&nbsp;<strong>David Kalina<\/strong>.<\/p>\n\n\n\n<div style=\"height:39px\" aria-hidden=\"true\" class=\"wp-block-spacer\"><\/div>\n\n\n\n<figure class=\"wp-block-gallery has-nested-images columns-default is-cropped wp-block-gallery-2 is-layout-flex wp-block-gallery-is-layout-flex\">\n<figure class=\"wp-block-image size-large\"><img decoding=\"async\" data-id=\"9497\" src=\"https:\/\/vcentru.cz\/wp-content\/uploads\/2026\/05\/A7R08953-683x1024.jpg\" alt=\"U\u017e zase m\u00e1me kr\u00e1l\u00edka! Projekt Tady chutn\u00e1 p\u0159edstavuje jarn\u00ed menu pln\u00e9 tradice i modern\u00ed lehkosti\" class=\"wp-image-9497\"\/><\/figure>\n\n\n\n<figure class=\"wp-block-image size-large\"><img decoding=\"async\" data-id=\"9504\" src=\"https:\/\/vcentru.cz\/wp-content\/uploads\/2026\/05\/A7R09809-683x1024.jpg\" alt=\"U\u017e zase m\u00e1me kr\u00e1l\u00edka! Projekt Tady chutn\u00e1 p\u0159edstavuje jarn\u00ed menu pln\u00e9 tradice i modern\u00ed lehkosti\" class=\"wp-image-9504\"\/><\/figure>\n<\/figure>\n\n\n\n<div style=\"height:39px\" aria-hidden=\"true\" class=\"wp-block-spacer\"><\/div>\n\n\n\n<h2 class=\"wp-block-heading\">Kr\u00e1l\u00edk s jarn\u00ed sv\u011b\u017eest\u00ed<\/h2>\n\n\n\n<div style=\"height:39px\" aria-hidden=\"true\" class=\"wp-block-spacer\"><\/div>\n\n\n\n<p class=\"has-medium-font-size\">Jedn\u00edm z hlavn\u00edch chod\u016f je sma\u017een\u00fd kr\u00e1l\u00edk dopln\u011bn\u00fd m\u00e1slem z medv\u011bd\u00edho \u010desneku. Maso si zachov\u00e1v\u00e1 \u0161\u0165avnatost a d\u00edky jemn\u00e9mu bylinkov\u00e9mu t\u00f3nu z\u00edsk\u00e1v\u00e1 sv\u011b\u017e\u00ed jarn\u00ed charakter. Sal\u00e1t- kombinace lehk\u00e9 kyselosti jogurtu, sv\u011b\u017e\u00edch \u0159edkvi\u010dek a aromatick\u00e9ho kopru vytv\u00e1\u0159\u00ed kontrast k pln\u011bj\u0161\u00ed chuti sma\u017een\u00e9ho masa a udr\u017euje pokrm v lehk\u00e9, sezonn\u00ed rovin\u011b. \u201eJarn\u00ed menu v\u017edy stav\u00edme na sezonn\u00edch surovin\u00e1ch a na tom, co d\u00e1v\u00e1 host\u016fm smysl v dan\u00e9m obdob\u00ed,\u201c \u0159\u00edk\u00e1 mana\u017eer restaurac\u00ed projektu Tady chutn\u00e1&nbsp;<strong>Petr Paulus<\/strong>.<\/p>\n\n\n\n<div style=\"height:39px\" aria-hidden=\"true\" class=\"wp-block-spacer\"><\/div>\n\n\n\n<figure class=\"wp-block-gallery has-nested-images columns-default is-cropped wp-block-gallery-3 is-layout-flex wp-block-gallery-is-layout-flex\">\n<figure class=\"wp-block-image size-large\"><img decoding=\"async\" data-id=\"9490\" src=\"https:\/\/vcentru.cz\/wp-content\/uploads\/2026\/05\/A7R08873-683x1024.jpg\" alt=\"U\u017e zase m\u00e1me kr\u00e1l\u00edka! Projekt Tady chutn\u00e1 p\u0159edstavuje jarn\u00ed menu pln\u00e9 tradice i modern\u00ed lehkosti\" class=\"wp-image-9490\"\/><\/figure>\n\n\n\n<figure class=\"wp-block-image size-large\"><img decoding=\"async\" data-id=\"9495\" src=\"https:\/\/vcentru.cz\/wp-content\/uploads\/2026\/05\/A7R09357-683x1024.jpg\" alt=\"U\u017e zase m\u00e1me kr\u00e1l\u00edka! Projekt Tady chutn\u00e1 p\u0159edstavuje jarn\u00ed menu pln\u00e9 tradice i modern\u00ed lehkosti\" class=\"wp-image-9495\"\/><\/figure>\n<\/figure>\n\n\n\n<div style=\"height:39px\" aria-hidden=\"true\" class=\"wp-block-spacer\"><\/div>\n\n\n\n<h2 class=\"wp-block-heading\">Dezert, kter\u00fd uzav\u00edr\u00e1 p\u0159\u00edb\u011bh<\/h2>\n\n\n\n<div style=\"height:39px\" aria-hidden=\"true\" class=\"wp-block-spacer\"><\/div>\n\n\n\n<p class=\"has-medium-font-size\">Z\u00e1v\u011br menu pat\u0159\u00ed dezertu ve tvaru vejce s meru\u0148kovou om\u00e1\u010dkou a jemn\u00fdm ke\u0161u kr\u00e9mem. Vizu\u00e1ln\u011b hrav\u00fd dezert pracuje s jarn\u00ed symbolikou a z\u00e1rove\u0148 zachov\u00e1v\u00e1 lehkost, kter\u00e1 je pro sezonn\u00ed menu typick\u00e1. \u201eHost by m\u011bl odch\u00e1zet s pocitem, \u017ee ochutnal promy\u0161len\u00fd celek,\u201c dopl\u0148uje&nbsp;<strong>Diana cukr\u00e1\u0159ka.<\/strong><\/p>\n\n\n\n<div style=\"height:121px\" aria-hidden=\"true\" class=\"wp-block-spacer\"><\/div>\n\n\n\n<figure class=\"wp-block-gallery has-nested-images columns-2 is-cropped wp-block-gallery-4 is-layout-flex wp-block-gallery-is-layout-flex\">\n<figure class=\"wp-block-image size-large\"><img decoding=\"async\" data-id=\"9504\" src=\"https:\/\/vcentru.cz\/wp-content\/uploads\/2026\/05\/A7R09809-683x1024.jpg\" alt=\"U\u017e zase m\u00e1me kr\u00e1l\u00edka! Projekt Tady chutn\u00e1 p\u0159edstavuje jarn\u00ed menu pln\u00e9 tradice i modern\u00ed lehkosti\" class=\"wp-image-9504\"\/><\/figure>\n\n\n\n<figure class=\"wp-block-image size-large\"><img decoding=\"async\" data-id=\"9488\" src=\"https:\/\/vcentru.cz\/wp-content\/uploads\/2026\/05\/A7R09530-683x1024.jpg\" alt=\"U\u017e zase m\u00e1me kr\u00e1l\u00edka! Projekt Tady chutn\u00e1 p\u0159edstavuje jarn\u00ed menu pln\u00e9 tradice i modern\u00ed lehkosti\" class=\"wp-image-9488\"\/><\/figure>\n\n\n\n<figure class=\"wp-block-image size-large\"><img decoding=\"async\" data-id=\"9490\" src=\"https:\/\/vcentru.cz\/wp-content\/uploads\/2026\/05\/A7R08873-683x1024.jpg\" alt=\"U\u017e zase m\u00e1me kr\u00e1l\u00edka! Projekt Tady chutn\u00e1 p\u0159edstavuje jarn\u00ed menu pln\u00e9 tradice i modern\u00ed lehkosti\" class=\"wp-image-9490\"\/><\/figure>\n\n\n\n<figure class=\"wp-block-image size-large\"><img decoding=\"async\" data-id=\"9500\" src=\"https:\/\/vcentru.cz\/wp-content\/uploads\/2026\/05\/A7R09096-683x1024.jpg\" alt=\"U\u017e zase m\u00e1me kr\u00e1l\u00edka! Projekt Tady chutn\u00e1 p\u0159edstavuje jarn\u00ed menu pln\u00e9 tradice i modern\u00ed lehkosti\" class=\"wp-image-9500\"\/><\/figure>\n\n\n\n<figure class=\"wp-block-image size-large\"><img decoding=\"async\" data-id=\"9492\" src=\"https:\/\/vcentru.cz\/wp-content\/uploads\/2026\/05\/A7R08894-683x1024.jpg\" alt=\"U\u017e zase m\u00e1me kr\u00e1l\u00edka! Projekt Tady chutn\u00e1 p\u0159edstavuje jarn\u00ed menu pln\u00e9 tradice i modern\u00ed lehkosti\" class=\"wp-image-9492\"\/><\/figure>\n\n\n\n<figure class=\"wp-block-image size-large\"><img decoding=\"async\" data-id=\"9497\" src=\"https:\/\/vcentru.cz\/wp-content\/uploads\/2026\/05\/A7R08953-683x1024.jpg\" alt=\"U\u017e zase m\u00e1me kr\u00e1l\u00edka! Projekt Tady chutn\u00e1 p\u0159edstavuje jarn\u00ed menu pln\u00e9 tradice i modern\u00ed lehkosti\" class=\"wp-image-9497\"\/><\/figure>\n\n\n\n<figure class=\"wp-block-image size-large\"><img decoding=\"async\" data-id=\"9493\" src=\"https:\/\/vcentru.cz\/wp-content\/uploads\/2026\/05\/A7R09142-683x1024.jpg\" alt=\"U\u017e zase m\u00e1me kr\u00e1l\u00edka! Projekt Tady chutn\u00e1 p\u0159edstavuje jarn\u00ed menu pln\u00e9 tradice i modern\u00ed lehkosti\" class=\"wp-image-9493\"\/><\/figure>\n\n\n\n<figure class=\"wp-block-image size-large\"><img decoding=\"async\" data-id=\"9495\" src=\"https:\/\/vcentru.cz\/wp-content\/uploads\/2026\/05\/A7R09357-683x1024.jpg\" alt=\"U\u017e zase m\u00e1me kr\u00e1l\u00edka! Projekt Tady chutn\u00e1 p\u0159edstavuje jarn\u00ed menu pln\u00e9 tradice i modern\u00ed lehkosti\" class=\"wp-image-9495\"\/><\/figure>\n\n\n\n<figure class=\"wp-block-image size-large\"><img decoding=\"async\" data-id=\"9487\" src=\"https:\/\/vcentru.cz\/wp-content\/uploads\/2026\/05\/A7R09006-683x1024.jpg\" alt=\"U\u017e zase m\u00e1me kr\u00e1l\u00edka! Projekt Tady chutn\u00e1 p\u0159edstavuje jarn\u00ed menu pln\u00e9 tradice i modern\u00ed lehkosti\" class=\"wp-image-9487\"\/><\/figure>\n\n\n\n<figure class=\"wp-block-image size-large\"><img decoding=\"async\" data-id=\"9499\" src=\"https:\/\/vcentru.cz\/wp-content\/uploads\/2026\/05\/A7R09158-683x1024.jpg\" alt=\"U\u017e zase m\u00e1me kr\u00e1l\u00edka! Projekt Tady chutn\u00e1 p\u0159edstavuje jarn\u00ed menu pln\u00e9 tradice i modern\u00ed lehkosti\" class=\"wp-image-9499\"\/><\/figure>\n\n\n\n<figure class=\"wp-block-image size-large\"><img decoding=\"async\" data-id=\"9496\" src=\"https:\/\/vcentru.cz\/wp-content\/uploads\/2026\/05\/A7R09260-683x1024.jpg\" alt=\"U\u017e zase m\u00e1me kr\u00e1l\u00edka! Projekt Tady chutn\u00e1 p\u0159edstavuje jarn\u00ed menu pln\u00e9 tradice i modern\u00ed lehkosti\" class=\"wp-image-9496\"\/><\/figure>\n\n\n\n<figure class=\"wp-block-image size-large\"><img decoding=\"async\" data-id=\"9489\" src=\"https:\/\/vcentru.cz\/wp-content\/uploads\/2026\/05\/A7R08946-683x1024.jpg\" alt=\"U\u017e zase m\u00e1me kr\u00e1l\u00edka! Projekt Tady chutn\u00e1 p\u0159edstavuje jarn\u00ed menu pln\u00e9 tradice i modern\u00ed lehkosti\" class=\"wp-image-9489\"\/><\/figure>\n\n\n\n<figure class=\"wp-block-image size-large\"><img decoding=\"async\" data-id=\"9501\" src=\"https:\/\/vcentru.cz\/wp-content\/uploads\/2026\/05\/A7R08894_V-1024x743.jpg\" alt=\"U\u017e zase m\u00e1me kr\u00e1l\u00edka! Projekt Tady chutn\u00e1 p\u0159edstavuje jarn\u00ed menu pln\u00e9 tradice i modern\u00ed lehkosti\" class=\"wp-image-9501\"\/><\/figure>\n\n\n\n<figure class=\"wp-block-image size-large\"><img decoding=\"async\" data-id=\"9502\" src=\"https:\/\/vcentru.cz\/wp-content\/uploads\/2026\/05\/A7R09142_V-1024x777.jpg\" alt=\"U\u017e zase m\u00e1me kr\u00e1l\u00edka! Projekt Tady chutn\u00e1 p\u0159edstavuje jarn\u00ed menu pln\u00e9 tradice i modern\u00ed lehkosti\" class=\"wp-image-9502\"\/><\/figure>\n\n\n\n<figure class=\"wp-block-image size-large\"><img decoding=\"async\" data-id=\"9494\" src=\"https:\/\/vcentru.cz\/wp-content\/uploads\/2026\/05\/A7R09821-683x1024.jpg\" alt=\"U\u017e zase m\u00e1me kr\u00e1l\u00edka! Projekt Tady chutn\u00e1 p\u0159edstavuje jarn\u00ed menu pln\u00e9 tradice i modern\u00ed lehkosti\" class=\"wp-image-9494\"\/><\/figure>\n\n\n\n<figure class=\"wp-block-image size-large\"><img decoding=\"async\" data-id=\"9498\" src=\"https:\/\/vcentru.cz\/wp-content\/uploads\/2026\/05\/A7R09013-683x1024.jpg\" alt=\"U\u017e zase m\u00e1me kr\u00e1l\u00edka! Projekt Tady chutn\u00e1 p\u0159edstavuje jarn\u00ed menu pln\u00e9 tradice i modern\u00ed lehkosti\" class=\"wp-image-9498\"\/><\/figure>\n\n\n\n<figure class=\"wp-block-image size-large\"><img decoding=\"async\" data-id=\"9507\" src=\"https:\/\/vcentru.cz\/wp-content\/uploads\/2026\/05\/A7R09006_V-1024x727.jpg\" alt=\"U\u017e zase m\u00e1me kr\u00e1l\u00edka! Projekt Tady chutn\u00e1 p\u0159edstavuje jarn\u00ed menu pln\u00e9 tradice i modern\u00ed lehkosti\" class=\"wp-image-9507\"\/><\/figure>\n\n\n\n<figure class=\"wp-block-image size-large\"><img decoding=\"async\" data-id=\"9506\" src=\"https:\/\/vcentru.cz\/wp-content\/uploads\/2026\/05\/A7R09096_V-1024x790.jpg\" alt=\"U\u017e zase m\u00e1me kr\u00e1l\u00edka! Projekt Tady chutn\u00e1 p\u0159edstavuje jarn\u00ed menu pln\u00e9 tradice i modern\u00ed lehkosti\" class=\"wp-image-9506\"\/><\/figure>\n\n\n\n<figure class=\"wp-block-image size-large\"><img decoding=\"async\" data-id=\"9505\" src=\"https:\/\/vcentru.cz\/wp-content\/uploads\/2026\/05\/A7R09809_V_TTL-1024x706.jpg\" alt=\"U\u017e zase m\u00e1me kr\u00e1l\u00edka! Projekt Tady chutn\u00e1 p\u0159edstavuje jarn\u00ed menu pln\u00e9 tradice i modern\u00ed lehkosti\" class=\"wp-image-9505\"\/><\/figure>\n\n\n\n<figure class=\"wp-block-image size-large\"><img decoding=\"async\" data-id=\"9491\" src=\"https:\/\/vcentru.cz\/wp-content\/uploads\/2026\/05\/A7R09868-683x1024.jpg\" alt=\"U\u017e zase m\u00e1me kr\u00e1l\u00edka! Projekt Tady chutn\u00e1 p\u0159edstavuje jarn\u00ed menu pln\u00e9 tradice i modern\u00ed lehkosti\" class=\"wp-image-9491\"\/><\/figure>\n\n\n\n<figure class=\"wp-block-image size-large\"><img decoding=\"async\" data-id=\"9503\" src=\"https:\/\/vcentru.cz\/wp-content\/uploads\/2026\/05\/A7R09809_TTL-1024x759.jpg\" alt=\"U\u017e zase m\u00e1me kr\u00e1l\u00edka! Projekt Tady chutn\u00e1 p\u0159edstavuje jarn\u00ed menu pln\u00e9 tradice i modern\u00ed lehkosti\" class=\"wp-image-9503\"\/><\/figure>\n<\/figure>\n\n\n\n<div style=\"height:35px\" aria-hidden=\"true\" class=\"wp-block-spacer\"><\/div>\n\n\n\n<p class=\"has-medium-font-size\"><strong>Zdroj foto: <\/strong>Tady chutn\u00e1<\/p>\n\n\n\n<div style=\"height:60px\" aria-hidden=\"true\" class=\"wp-block-spacer\"><\/div>\n","protected":false},"excerpt":{"rendered":"<p>Pra\u017esk\u00e9 restaurace projektu Tady chutn\u00e1 vstupuj\u00ed do jara s menu, kter\u00e9 s lehkou nads\u00e1zkou odkazuje na zn\u00e1mou filmovou hl\u00e1\u0161ku \u2013 u\u017e zase m\u00e1me kr\u00e1l\u00edka. Tentokr\u00e1t ale v podob\u011b, kter\u00e1 ct\u00ed tradici \u010desk\u00e9 kuchyn\u011b a&#46;&#46;&#46;<\/p>\n","protected":false},"author":3,"featured_media":14087,"comment_status":"closed","ping_status":"closed","sticky":false,"template":"","format":"standard","meta":{"_monsterinsights_skip_tracking":false,"_monsterinsights_sitenote_active":false,"_monsterinsights_sitenote_note":"","_monsterinsights_sitenote_category":0,"footnotes":""},"categories":[18,175,163,166,177,10],"tags":[40,259,55,128,38,39,258,257],"yoast_head":"<!-- This site is optimized with the Yoast SEO plugin v21.5 - https:\/\/yoast.com\/wordpress\/plugins\/seo\/ -->\n<title>U\u017e zase m\u00e1me kr\u00e1l\u00edka! Projekt Tady chutn\u00e1 p\u0159edstavuje jarn\u00ed menu pln\u00e9 tradice i modern\u00ed lehkosti - CELEBRITYHOUSE.cz<\/title>\n<meta name=\"description\" content=\"Pra\u017esk\u00e9 restaurace projektu Tady chutn\u00e1 vstupuj\u00ed do jara s menu, kter\u00e9 s lehkou nads\u00e1zkou odkazuje na zn\u00e1mou filmovou hl\u00e1\u0161ku \u2013 zase m\u00e1me kr\u00e1l\u00edka.\" \/>\n<meta name=\"robots\" content=\"index, follow, max-snippet:-1, max-image-preview:large, max-video-preview:-1\" \/>\n<link rel=\"canonical\" href=\"https:\/\/celebrityhouse.cz\/index.php\/2026\/04\/16\/uz-zase-mame-kralika-projekt-tady-chutna-predstavuje-jarni-menu-plne-tradice-i-moderni-lehkosti\/\" \/>\n<meta property=\"og:locale\" content=\"cs_CZ\" \/>\n<meta property=\"og:type\" content=\"article\" \/>\n<meta property=\"og:title\" content=\"U\u017e zase m\u00e1me kr\u00e1l\u00edka! Projekt Tady chutn\u00e1 p\u0159edstavuje jarn\u00ed menu pln\u00e9 tradice i modern\u00ed lehkosti - CELEBRITYHOUSE.cz\" \/>\n<meta property=\"og:description\" content=\"Pra\u017esk\u00e9 restaurace projektu Tady chutn\u00e1 vstupuj\u00ed do jara s menu, kter\u00e9 s lehkou nads\u00e1zkou odkazuje na zn\u00e1mou filmovou hl\u00e1\u0161ku \u2013 zase m\u00e1me kr\u00e1l\u00edka.\" \/>\n<meta property=\"og:url\" content=\"https:\/\/celebrityhouse.cz\/index.php\/2026\/04\/16\/uz-zase-mame-kralika-projekt-tady-chutna-predstavuje-jarni-menu-plne-tradice-i-moderni-lehkosti\/\" \/>\n<meta property=\"og:site_name\" content=\"CELEBRITYHOUSE.cz\" \/>\n<meta property=\"article:published_time\" content=\"2026-04-16T13:15:00+00:00\" \/>\n<meta property=\"article:modified_time\" content=\"2026-05-02T00:34:35+00:00\" \/>\n<meta property=\"og:image\" content=\"https:\/\/celebrityhouse.cz\/wp-content\/uploads\/2026\/05\/A7R09809_TTL-1024x759.jpg\" \/>\n\t<meta property=\"og:image:width\" content=\"1024\" \/>\n\t<meta property=\"og:image:height\" content=\"759\" \/>\n\t<meta property=\"og:image:type\" content=\"image\/jpeg\" \/>\n<meta name=\"author\" content=\"Miroslav Van\u011bk\" \/>\n<meta name=\"twitter:card\" content=\"summary_large_image\" \/>\n<meta name=\"twitter:label1\" content=\"Napsal(a)\" \/>\n\t<meta name=\"twitter:data1\" content=\"Miroslav Van\u011bk\" \/>\n\t<meta name=\"twitter:label2\" content=\"Odhadovan\u00e1 doba \u010dten\u00ed\" \/>\n\t<meta name=\"twitter:data2\" content=\"9 minut\" \/>\n<script type=\"application\/ld+json\" class=\"yoast-schema-graph\">{\"@context\":\"https:\/\/schema.org\",\"@graph\":[{\"@type\":\"Article\",\"@id\":\"https:\/\/celebrityhouse.cz\/index.php\/2026\/04\/16\/uz-zase-mame-kralika-projekt-tady-chutna-predstavuje-jarni-menu-plne-tradice-i-moderni-lehkosti\/#article\",\"isPartOf\":{\"@id\":\"https:\/\/celebrityhouse.cz\/index.php\/2026\/04\/16\/uz-zase-mame-kralika-projekt-tady-chutna-predstavuje-jarni-menu-plne-tradice-i-moderni-lehkosti\/\"},\"author\":{\"name\":\"Miroslav Van\u011bk\",\"@id\":\"https:\/\/celebrityhouse.cz\/#\/schema\/person\/1992a6067146966eda9f9e469a57f163\"},\"headline\":\"U\u017e zase m\u00e1me kr\u00e1l\u00edka! Projekt Tady chutn\u00e1 p\u0159edstavuje jarn\u00ed menu pln\u00e9 tradice i modern\u00ed lehkosti\",\"datePublished\":\"2026-04-16T13:15:00+00:00\",\"dateModified\":\"2026-05-02T00:34:35+00:00\",\"mainEntityOfPage\":{\"@id\":\"https:\/\/celebrityhouse.cz\/index.php\/2026\/04\/16\/uz-zase-mame-kralika-projekt-tady-chutna-predstavuje-jarni-menu-plne-tradice-i-moderni-lehkosti\/\"},\"wordCount\":707,\"publisher\":{\"@id\":\"https:\/\/celebrityhouse.cz\/#organization\"},\"keywords\":[\"centrum Prahy\",\"Metropole\",\"Praha\",\"Pra\u017esk\u00e1 Metropole\",\"Pra\u017esk\u00e9 P\u0159\u00edkopy\",\"P\u0159\u00edkopy\",\"Restaurace\",\"Tady chutn\u00e1\"],\"articleSection\":[\"LIFESTYLE\",\"NA DOVOLENOU DO PRAHY\",\"PRA\u017dSK\u00c1 METROPOLE\",\"PRA\u017dSK\u00c9 P\u0158\u00cdKOPY\",\"PRA\u017dSK\u00dd V\u00c1CLAV\u00c1K\",\"TIPY &amp; TRENDY\"],\"inLanguage\":\"cs\"},{\"@type\":\"WebPage\",\"@id\":\"https:\/\/celebrityhouse.cz\/index.php\/2026\/04\/16\/uz-zase-mame-kralika-projekt-tady-chutna-predstavuje-jarni-menu-plne-tradice-i-moderni-lehkosti\/\",\"url\":\"https:\/\/celebrityhouse.cz\/index.php\/2026\/04\/16\/uz-zase-mame-kralika-projekt-tady-chutna-predstavuje-jarni-menu-plne-tradice-i-moderni-lehkosti\/\",\"name\":\"U\u017e zase m\u00e1me kr\u00e1l\u00edka! Projekt Tady chutn\u00e1 p\u0159edstavuje jarn\u00ed menu pln\u00e9 tradice i modern\u00ed lehkosti - CELEBRITYHOUSE.cz\",\"isPartOf\":{\"@id\":\"https:\/\/celebrityhouse.cz\/#website\"},\"datePublished\":\"2026-04-16T13:15:00+00:00\",\"dateModified\":\"2026-05-02T00:34:35+00:00\",\"description\":\"Pra\u017esk\u00e9 restaurace projektu Tady chutn\u00e1 vstupuj\u00ed do jara s menu, kter\u00e9 s lehkou nads\u00e1zkou odkazuje na zn\u00e1mou filmovou hl\u00e1\u0161ku \u2013 zase m\u00e1me kr\u00e1l\u00edka.\",\"breadcrumb\":{\"@id\":\"https:\/\/celebrityhouse.cz\/index.php\/2026\/04\/16\/uz-zase-mame-kralika-projekt-tady-chutna-predstavuje-jarni-menu-plne-tradice-i-moderni-lehkosti\/#breadcrumb\"},\"inLanguage\":\"cs\",\"potentialAction\":[{\"@type\":\"ReadAction\",\"target\":[\"https:\/\/celebrityhouse.cz\/index.php\/2026\/04\/16\/uz-zase-mame-kralika-projekt-tady-chutna-predstavuje-jarni-menu-plne-tradice-i-moderni-lehkosti\/\"]}]},{\"@type\":\"BreadcrumbList\",\"@id\":\"https:\/\/celebrityhouse.cz\/index.php\/2026\/04\/16\/uz-zase-mame-kralika-projekt-tady-chutna-predstavuje-jarni-menu-plne-tradice-i-moderni-lehkosti\/#breadcrumb\",\"itemListElement\":[{\"@type\":\"ListItem\",\"position\":1,\"name\":\"Dom\u016f\",\"item\":\"https:\/\/celebrityhouse.cz\/\"},{\"@type\":\"ListItem\",\"position\":2,\"name\":\"U\u017e zase m\u00e1me kr\u00e1l\u00edka! Projekt Tady chutn\u00e1 p\u0159edstavuje jarn\u00ed menu pln\u00e9 tradice i modern\u00ed lehkosti\"}]},{\"@type\":\"WebSite\",\"@id\":\"https:\/\/celebrityhouse.cz\/#website\",\"url\":\"https:\/\/celebrityhouse.cz\/\",\"name\":\"CELEBRITYHOUSE.cz\",\"description\":\"Port\u00e1l o showbyznysu...\",\"publisher\":{\"@id\":\"https:\/\/celebrityhouse.cz\/#organization\"},\"potentialAction\":[{\"@type\":\"SearchAction\",\"target\":{\"@type\":\"EntryPoint\",\"urlTemplate\":\"https:\/\/celebrityhouse.cz\/?s={search_term_string}\"},\"query-input\":\"required name=search_term_string\"}],\"inLanguage\":\"cs\"},{\"@type\":\"Organization\",\"@id\":\"https:\/\/celebrityhouse.cz\/#organization\",\"name\":\"CELEBRITYHOUSE.cz\",\"url\":\"https:\/\/celebrityhouse.cz\/\",\"logo\":{\"@type\":\"ImageObject\",\"inLanguage\":\"cs\",\"@id\":\"https:\/\/celebrityhouse.cz\/#\/schema\/logo\/image\/\",\"url\":\"https:\/\/celebrityhouse.cz\/wp-content\/uploads\/2024\/12\/cropped-Logo_CelebrityHouse_2.jpg\",\"contentUrl\":\"https:\/\/celebrityhouse.cz\/wp-content\/uploads\/2024\/12\/cropped-Logo_CelebrityHouse_2.jpg\",\"width\":937,\"height\":510,\"caption\":\"CELEBRITYHOUSE.cz\"},\"image\":{\"@id\":\"https:\/\/celebrityhouse.cz\/#\/schema\/logo\/image\/\"}},{\"@type\":\"Person\",\"@id\":\"https:\/\/celebrityhouse.cz\/#\/schema\/person\/1992a6067146966eda9f9e469a57f163\",\"name\":\"Miroslav Van\u011bk\",\"image\":{\"@type\":\"ImageObject\",\"inLanguage\":\"cs\",\"@id\":\"https:\/\/celebrityhouse.cz\/#\/schema\/person\/image\/\",\"url\":\"https:\/\/secure.gravatar.com\/avatar\/cc93dbecbfc820d69a964ea4a1c72377?s=96&d=mm&r=g\",\"contentUrl\":\"https:\/\/secure.gravatar.com\/avatar\/cc93dbecbfc820d69a964ea4a1c72377?s=96&d=mm&r=g\",\"caption\":\"Miroslav Van\u011bk\"},\"sameAs\":[\"http:\/\/wwww.celebrityhouse.cz\"],\"url\":\"https:\/\/celebrityhouse.cz\/index.php\/author\/mirvan\/\"}]}<\/script>\n<!-- \/ Yoast SEO plugin. -->","yoast_head_json":{"title":"U\u017e zase m\u00e1me kr\u00e1l\u00edka! Projekt Tady chutn\u00e1 p\u0159edstavuje jarn\u00ed menu pln\u00e9 tradice i modern\u00ed lehkosti - CELEBRITYHOUSE.cz","description":"Pra\u017esk\u00e9 restaurace projektu Tady chutn\u00e1 vstupuj\u00ed do jara s menu, kter\u00e9 s lehkou nads\u00e1zkou odkazuje na zn\u00e1mou filmovou hl\u00e1\u0161ku \u2013 zase m\u00e1me kr\u00e1l\u00edka.","robots":{"index":"index","follow":"follow","max-snippet":"max-snippet:-1","max-image-preview":"max-image-preview:large","max-video-preview":"max-video-preview:-1"},"canonical":"https:\/\/celebrityhouse.cz\/index.php\/2026\/04\/16\/uz-zase-mame-kralika-projekt-tady-chutna-predstavuje-jarni-menu-plne-tradice-i-moderni-lehkosti\/","og_locale":"cs_CZ","og_type":"article","og_title":"U\u017e zase m\u00e1me kr\u00e1l\u00edka! Projekt Tady chutn\u00e1 p\u0159edstavuje jarn\u00ed menu pln\u00e9 tradice i modern\u00ed lehkosti - CELEBRITYHOUSE.cz","og_description":"Pra\u017esk\u00e9 restaurace projektu Tady chutn\u00e1 vstupuj\u00ed do jara s menu, kter\u00e9 s lehkou nads\u00e1zkou odkazuje na zn\u00e1mou filmovou hl\u00e1\u0161ku \u2013 zase m\u00e1me kr\u00e1l\u00edka.","og_url":"https:\/\/celebrityhouse.cz\/index.php\/2026\/04\/16\/uz-zase-mame-kralika-projekt-tady-chutna-predstavuje-jarni-menu-plne-tradice-i-moderni-lehkosti\/","og_site_name":"CELEBRITYHOUSE.cz","article_published_time":"2026-04-16T13:15:00+00:00","article_modified_time":"2026-05-02T00:34:35+00:00","og_image":[{"width":1024,"height":759,"url":"https:\/\/celebrityhouse.cz\/wp-content\/uploads\/2026\/05\/A7R09809_TTL-1024x759.jpg","type":"image\/jpeg"}],"author":"Miroslav Van\u011bk","twitter_card":"summary_large_image","twitter_misc":{"Napsal(a)":"Miroslav Van\u011bk","Odhadovan\u00e1 doba \u010dten\u00ed":"9 minut"},"schema":{"@context":"https:\/\/schema.org","@graph":[{"@type":"Article","@id":"https:\/\/celebrityhouse.cz\/index.php\/2026\/04\/16\/uz-zase-mame-kralika-projekt-tady-chutna-predstavuje-jarni-menu-plne-tradice-i-moderni-lehkosti\/#article","isPartOf":{"@id":"https:\/\/celebrityhouse.cz\/index.php\/2026\/04\/16\/uz-zase-mame-kralika-projekt-tady-chutna-predstavuje-jarni-menu-plne-tradice-i-moderni-lehkosti\/"},"author":{"name":"Miroslav Van\u011bk","@id":"https:\/\/celebrityhouse.cz\/#\/schema\/person\/1992a6067146966eda9f9e469a57f163"},"headline":"U\u017e zase m\u00e1me kr\u00e1l\u00edka! Projekt Tady chutn\u00e1 p\u0159edstavuje jarn\u00ed menu pln\u00e9 tradice i modern\u00ed lehkosti","datePublished":"2026-04-16T13:15:00+00:00","dateModified":"2026-05-02T00:34:35+00:00","mainEntityOfPage":{"@id":"https:\/\/celebrityhouse.cz\/index.php\/2026\/04\/16\/uz-zase-mame-kralika-projekt-tady-chutna-predstavuje-jarni-menu-plne-tradice-i-moderni-lehkosti\/"},"wordCount":707,"publisher":{"@id":"https:\/\/celebrityhouse.cz\/#organization"},"keywords":["centrum Prahy","Metropole","Praha","Pra\u017esk\u00e1 Metropole","Pra\u017esk\u00e9 P\u0159\u00edkopy","P\u0159\u00edkopy","Restaurace","Tady chutn\u00e1"],"articleSection":["LIFESTYLE","NA DOVOLENOU DO PRAHY","PRA\u017dSK\u00c1 METROPOLE","PRA\u017dSK\u00c9 P\u0158\u00cdKOPY","PRA\u017dSK\u00dd V\u00c1CLAV\u00c1K","TIPY &amp; TRENDY"],"inLanguage":"cs"},{"@type":"WebPage","@id":"https:\/\/celebrityhouse.cz\/index.php\/2026\/04\/16\/uz-zase-mame-kralika-projekt-tady-chutna-predstavuje-jarni-menu-plne-tradice-i-moderni-lehkosti\/","url":"https:\/\/celebrityhouse.cz\/index.php\/2026\/04\/16\/uz-zase-mame-kralika-projekt-tady-chutna-predstavuje-jarni-menu-plne-tradice-i-moderni-lehkosti\/","name":"U\u017e zase m\u00e1me kr\u00e1l\u00edka! Projekt Tady chutn\u00e1 p\u0159edstavuje jarn\u00ed menu pln\u00e9 tradice i modern\u00ed lehkosti - CELEBRITYHOUSE.cz","isPartOf":{"@id":"https:\/\/celebrityhouse.cz\/#website"},"datePublished":"2026-04-16T13:15:00+00:00","dateModified":"2026-05-02T00:34:35+00:00","description":"Pra\u017esk\u00e9 restaurace projektu Tady chutn\u00e1 vstupuj\u00ed do jara s menu, kter\u00e9 s lehkou nads\u00e1zkou odkazuje na zn\u00e1mou filmovou hl\u00e1\u0161ku \u2013 zase m\u00e1me kr\u00e1l\u00edka.","breadcrumb":{"@id":"https:\/\/celebrityhouse.cz\/index.php\/2026\/04\/16\/uz-zase-mame-kralika-projekt-tady-chutna-predstavuje-jarni-menu-plne-tradice-i-moderni-lehkosti\/#breadcrumb"},"inLanguage":"cs","potentialAction":[{"@type":"ReadAction","target":["https:\/\/celebrityhouse.cz\/index.php\/2026\/04\/16\/uz-zase-mame-kralika-projekt-tady-chutna-predstavuje-jarni-menu-plne-tradice-i-moderni-lehkosti\/"]}]},{"@type":"BreadcrumbList","@id":"https:\/\/celebrityhouse.cz\/index.php\/2026\/04\/16\/uz-zase-mame-kralika-projekt-tady-chutna-predstavuje-jarni-menu-plne-tradice-i-moderni-lehkosti\/#breadcrumb","itemListElement":[{"@type":"ListItem","position":1,"name":"Dom\u016f","item":"https:\/\/celebrityhouse.cz\/"},{"@type":"ListItem","position":2,"name":"U\u017e zase m\u00e1me kr\u00e1l\u00edka! Projekt Tady chutn\u00e1 p\u0159edstavuje jarn\u00ed menu pln\u00e9 tradice i modern\u00ed lehkosti"}]},{"@type":"WebSite","@id":"https:\/\/celebrityhouse.cz\/#website","url":"https:\/\/celebrityhouse.cz\/","name":"CELEBRITYHOUSE.cz","description":"Port\u00e1l o showbyznysu...","publisher":{"@id":"https:\/\/celebrityhouse.cz\/#organization"},"potentialAction":[{"@type":"SearchAction","target":{"@type":"EntryPoint","urlTemplate":"https:\/\/celebrityhouse.cz\/?s={search_term_string}"},"query-input":"required name=search_term_string"}],"inLanguage":"cs"},{"@type":"Organization","@id":"https:\/\/celebrityhouse.cz\/#organization","name":"CELEBRITYHOUSE.cz","url":"https:\/\/celebrityhouse.cz\/","logo":{"@type":"ImageObject","inLanguage":"cs","@id":"https:\/\/celebrityhouse.cz\/#\/schema\/logo\/image\/","url":"https:\/\/celebrityhouse.cz\/wp-content\/uploads\/2024\/12\/cropped-Logo_CelebrityHouse_2.jpg","contentUrl":"https:\/\/celebrityhouse.cz\/wp-content\/uploads\/2024\/12\/cropped-Logo_CelebrityHouse_2.jpg","width":937,"height":510,"caption":"CELEBRITYHOUSE.cz"},"image":{"@id":"https:\/\/celebrityhouse.cz\/#\/schema\/logo\/image\/"}},{"@type":"Person","@id":"https:\/\/celebrityhouse.cz\/#\/schema\/person\/1992a6067146966eda9f9e469a57f163","name":"Miroslav Van\u011bk","image":{"@type":"ImageObject","inLanguage":"cs","@id":"https:\/\/celebrityhouse.cz\/#\/schema\/person\/image\/","url":"https:\/\/secure.gravatar.com\/avatar\/cc93dbecbfc820d69a964ea4a1c72377?s=96&d=mm&r=g","contentUrl":"https:\/\/secure.gravatar.com\/avatar\/cc93dbecbfc820d69a964ea4a1c72377?s=96&d=mm&r=g","caption":"Miroslav Van\u011bk"},"sameAs":["http:\/\/wwww.celebrityhouse.cz"],"url":"https:\/\/celebrityhouse.cz\/index.php\/author\/mirvan\/"}]}},"_links":{"self":[{"href":"https:\/\/celebrityhouse.cz\/index.php\/wp-json\/wp\/v2\/posts\/14086"}],"collection":[{"href":"https:\/\/celebrityhouse.cz\/index.php\/wp-json\/wp\/v2\/posts"}],"about":[{"href":"https:\/\/celebrityhouse.cz\/index.php\/wp-json\/wp\/v2\/types\/post"}],"author":[{"embeddable":true,"href":"https:\/\/celebrityhouse.cz\/index.php\/wp-json\/wp\/v2\/users\/3"}],"replies":[{"embeddable":true,"href":"https:\/\/celebrityhouse.cz\/index.php\/wp-json\/wp\/v2\/comments?post=14086"}],"version-history":[{"count":1,"href":"https:\/\/celebrityhouse.cz\/index.php\/wp-json\/wp\/v2\/posts\/14086\/revisions"}],"predecessor-version":[{"id":14088,"href":"https:\/\/celebrityhouse.cz\/index.php\/wp-json\/wp\/v2\/posts\/14086\/revisions\/14088"}],"wp:featuredmedia":[{"embeddable":true,"href":"https:\/\/celebrityhouse.cz\/index.php\/wp-json\/wp\/v2\/media\/14087"}],"wp:attachment":[{"href":"https:\/\/celebrityhouse.cz\/index.php\/wp-json\/wp\/v2\/media?parent=14086"}],"wp:term":[{"taxonomy":"category","embeddable":true,"href":"https:\/\/celebrityhouse.cz\/index.php\/wp-json\/wp\/v2\/categories?post=14086"},{"taxonomy":"post_tag","embeddable":true,"href":"https:\/\/celebrityhouse.cz\/index.php\/wp-json\/wp\/v2\/tags?post=14086"}],"curies":[{"name":"wp","href":"https:\/\/api.w.org\/{rel}","templated":true}]}}