{"id":14489,"date":"2026-08-25T00:27:00","date_gmt":"2026-08-24T22:27:00","guid":{"rendered":"https:\/\/celebrityhouse.cz\/?p=14489"},"modified":"2026-09-03T20:56:56","modified_gmt":"2026-09-03T18:56:56","slug":"nove-poledni-menu-v-centru-prahy-the-piano-bar-prague-laka-na-letni-obedy-na-nadherne-terase-v-palaci-savarin","status":"publish","type":"post","link":"https:\/\/celebrityhouse.cz\/index.php\/2026\/08\/25\/nove-poledni-menu-v-centru-prahy-the-piano-bar-prague-laka-na-letni-obedy-na-nadherne-terase-v-palaci-savarin\/","title":{"rendered":"Nov\u00e9 Poledn\u00ed menu v centru Prahy. The Piano Bar Prague l\u00e1k\u00e1 na letn\u00ed ob\u011bdy na n\u00e1dhern\u00e9 terase v Pal\u00e1ci Savarin"},"content":{"rendered":"\n<div style=\"height:45px\" aria-hidden=\"true\" class=\"wp-block-spacer\"><\/div>\n\n\n\n<p class=\"has-medium-font-size\"><strong>Hled\u00e1te m\u00edsto, kde si vychutn\u00e1te v\u00fdjime\u010dn\u00fd ob\u011bd v sam\u00e9m srdci hlavn\u00edho m\u011bsta? M\u00e1me pro v\u00e1s skv\u011bl\u00fd tip. V historick\u00e9m <a href=\"https:\/\/thepianobarprague.com\/cs\/palac-savarin-cz\/\" type=\"link\" id=\"https:\/\/thepianobarprague.com\/cs\/palac-savarin-cz\/\">Pal\u00e1ci Savarin<\/a> na <a href=\"https:\/\/prazskeprikopy.cz\/\" type=\"link\" id=\"https:\/\/prazskeprikopy.cz\/\">Pra\u017esk\u00fdch P\u0159\u00edkopech<\/a> nov\u011b startuje atraktivn\u00ed <a href=\"https:\/\/prazskeprikopy.cz\/poledni-menu\/\" type=\"link\" id=\"https:\/\/prazskeprikopy.cz\/poledni-menu\/\">poledn\u00ed menu<\/a>, kter\u00e9 spojuje prvot\u0159\u00eddn\u00ed gastronomii, p\u0159\u00edjemn\u00e9 prost\u0159ed\u00ed a jedine\u010dnou letn\u00ed atmosf\u00e9ru. <a href=\"https:\/\/thepianobarprague.com\/cs\/piano-bar-praha\/\" type=\"link\" id=\"https:\/\/thepianobarprague.com\/cs\/piano-bar-praha\/\">The Piano Bar Prague<\/a> zve hosty ka\u017ed\u00fd den krom\u011b pond\u011bl\u00ed od 11:30 hodin na pestrou ob\u011bdovou nab\u00eddku, kterou si m\u016f\u017eete vychutnat i o v\u00edkendech, a to na nov\u011b otev\u0159en\u00e9 letn\u00ed terase ukryt\u00e9 ve vnitrobloku historick\u00e9ho pal\u00e1ce.<\/strong><\/p>\n\n\n\n<div style=\"height:45px\" aria-hidden=\"true\" class=\"wp-block-spacer\"><\/div>\n\n\n<div class=\"wp-block-image\">\n<figure class=\"aligncenter size-large\"><img decoding=\"async\" src=\"https:\/\/vcentruprahy.cz\/wp-content\/uploads\/2026\/08\/A1S03345_TTL-1024x724.jpg\" alt=\"Nov\u00e9 Poledn\u00ed menu v centru Prahy. The Piano Bar Prague l\u00e1k\u00e1 na letn\u00ed ob\u011bdy na n\u00e1dhern\u00e9 terase v Pal\u00e1ci Savarin\" class=\"wp-image-9333\"\/><\/figure><\/div>\n\n\n<div style=\"height:45px\" aria-hidden=\"true\" class=\"wp-block-spacer\"><\/div>\n\n\n\n<h2 class=\"wp-block-heading\" style=\"font-size:28px\">Ob\u011bdy v centru Prahy dost\u00e1vaj\u00ed nov\u00fd rozm\u011br<\/h2>\n\n\n\n<div style=\"height:45px\" aria-hidden=\"true\" class=\"wp-block-spacer\"><\/div>\n\n\n\n<p class=\"has-medium-font-size\">Pokud hled\u00e1te kvalitn\u00ed <strong><a href=\"https:\/\/naprikopeulice.cz\/nove-poledni-menu-v-centru-prahy-the-piano-bar-prague-laka-na-letni-obedy-na-nadherne-terase-v-palaci-savarin\/\" type=\"link\" id=\"https:\/\/naprikopeulice.cz\/nove-poledni-menu-v-centru-prahy-the-piano-bar-prague-laka-na-letni-obedy-na-nadherne-terase-v-palaci-savarin\/\">Ob\u011bdy v centru Prahy<\/a><\/strong>, pr\u00e1v\u011b jste je na\u0161li. <strong><a href=\"https:\/\/thepianobarprague.com\/cs\/restaurace\/\" type=\"link\" id=\"https:\/\/thepianobarprague.com\/cs\/restaurace\/\">Ob\u011bdy v The Piano Baru Prague<\/a><\/strong> jsou ide\u00e1ln\u00ed volbou pro pracovn\u00ed sch\u016fzky, klidn\u00fd ob\u011bd s kolegy i v\u00edkendov\u00e9 posezen\u00ed s rodinou. Restaurace se nach\u00e1z\u00ed doslova <strong><a href=\"https:\/\/vsrdciprahy.cz\/\" type=\"link\" id=\"https:\/\/vsrdciprahy.cz\/\">V srdci Prahy<\/a><\/strong>, jen p\u00e1r krok\u016f od ru\u0161n\u00e9 <strong><a href=\"https:\/\/naprikopeulice.cz\/\" type=\"link\" id=\"https:\/\/naprikopeulice.cz\/\">ulici Na P\u0159\u00edkop\u011b<\/a><\/strong>, p\u0159esto nab\u00edz\u00ed p\u0159\u00edjemn\u00fd klid a elegantn\u00ed prost\u0159ed\u00ed, kter\u00e9 si zamilujete.<\/p>\n\n\n\n<p class=\"has-medium-font-size\">Za novou nab\u00eddkou stoj\u00ed <strong>\u0161\u00e9fkucha\u0159 Ari Munandar<\/strong>, kter\u00fd p\u0159ipravil letn\u00ed menu inspirovan\u00e9 evropskou i asijskou kuchyn\u00ed. V\u00fdsledkem je pestr\u00e1 kombinace sv\u011b\u017e\u00edch chut\u00ed, kvalitn\u00edch surovin a precizn\u00edho zpracov\u00e1n\u00ed.<\/p>\n\n\n\n<div style=\"height:45px\" aria-hidden=\"true\" class=\"wp-block-spacer\"><\/div>\n\n\n<div class=\"wp-block-image\">\n<figure class=\"aligncenter size-large\"><img decoding=\"async\" src=\"https:\/\/vcentruprahy.cz\/wp-content\/uploads\/2026\/08\/A1S03354_V-1024x675.jpg\" alt=\"Nov\u00e9 Poledn\u00ed menu v centru Prahy. The Piano Bar Prague l\u00e1k\u00e1 na letn\u00ed ob\u011bdy na n\u00e1dhern\u00e9 terase v Pal\u00e1ci Savarin\" class=\"wp-image-9329\"\/><\/figure><\/div>\n\n\n<div style=\"height:45px\" aria-hidden=\"true\" class=\"wp-block-spacer\"><\/div>\n\n\n\n<h2 class=\"wp-block-heading\" style=\"font-size:28px\">Letn\u00ed menu pln\u00e9 \u010derstv\u00fdch chut\u00ed<\/h2>\n\n\n\n<div style=\"height:45px\" aria-hidden=\"true\" class=\"wp-block-spacer\"><\/div>\n\n\n\n<p class=\"has-medium-font-size\">Na \u00favod si m\u016f\u017eete dop\u0159\u00e1t lehk\u00e9 sal\u00e1ty a p\u0159edkrmy. Velkou pozornost si v posledn\u00ed poledn\u00ed nab\u00eddce z\u00edskal mangov\u00fd sal\u00e1t s krevetami, m\u00e1tou, koriandrem a pikantn\u00edm thajsk\u00fdm dresinkem. Milovn\u00edky st\u0159edomo\u0159sk\u00fdch chut\u00ed zase pot\u011b\u0161il sal\u00e1t s vodn\u00edm melounem a s\u00fdrem feta, dopln\u011bn\u00fd okurkou, olivami, bazalkov\u00fdm olejem a vinaigrette.<\/p>\n\n\n\n<p class=\"has-medium-font-size\"><strong>V hlavn\u00edch chodech nechyb\u011bla klasika ani exotick\u00e9 speciality<\/strong>. Skv\u011blou volbou, kterou jsme ochutnali bylo Telec\u00ed Milanese s parmaz\u00e1nem a bramborov\u00fdm sal\u00e1tem nebo tagliatelle s tyg\u0159\u00edmi krevetami, cherry raj\u010daty a \u010derstvou bazalkou. Pro ty, co maj\u00ed r\u00e1di v\u00fdrazn\u011bj\u0161\u00ed asijsk\u00e9 speciality, bylo v nab\u00eddce k\u0159upav\u00e9 vep\u0159ov\u00e9 na sladkokyselo s jasm\u00ednovou r\u00fd\u017e\u00ed nebo balijsk\u00e9 grilovan\u00e9 ku\u0159ec\u00ed stehno s pikantn\u00edm zeln\u00fdm sal\u00e1tem a du\u0161enou r\u00fd\u017e\u00ed.<\/p>\n\n\n\n<p class=\"has-medium-font-size\">A co <strong>\u0161\u00e9fkucha\u0159 Ari Munandar<\/strong> p\u0159iprav\u00ed na poledn\u00ed menu pro dal\u0161\u00ed t\u00fdden? P\u0159ij\u010fte to zjistit a ochutnat!<\/p>\n\n\n\n<div style=\"height:45px\" aria-hidden=\"true\" class=\"wp-block-spacer\"><\/div>\n\n\n\n<figure class=\"wp-block-gallery has-nested-images columns-default is-cropped wp-block-gallery-1 is-layout-flex wp-block-gallery-is-layout-flex\">\n<figure class=\"wp-block-image size-large\"><img decoding=\"async\" data-id=\"9313\" src=\"https:\/\/vcentruprahy.cz\/wp-content\/uploads\/2026\/08\/A1S03370-683x1024.jpg\" alt=\"Nov\u00e9 Poledn\u00ed menu v centru Prahy. The Piano Bar Prague l\u00e1k\u00e1 na letn\u00ed ob\u011bdy na n\u00e1dhern\u00e9 terase v Pal\u00e1ci Savarin\" class=\"wp-image-9313\"\/><\/figure>\n\n\n\n<figure class=\"wp-block-image size-large\"><img decoding=\"async\" data-id=\"9336\" src=\"https:\/\/vcentruprahy.cz\/wp-content\/uploads\/2026\/08\/A1S03292-683x1024.jpg\" alt=\"Nov\u00e9 Poledn\u00ed menu v centru Prahy. The Piano Bar Prague l\u00e1k\u00e1 na letn\u00ed ob\u011bdy na n\u00e1dhern\u00e9 terase v Pal\u00e1ci Savarin\" class=\"wp-image-9336\"\/><\/figure>\n\n\n\n<figure class=\"wp-block-image size-large\"><img decoding=\"async\" data-id=\"9317\" src=\"https:\/\/vcentruprahy.cz\/wp-content\/uploads\/2026\/08\/A1S03348-683x1024.jpg\" alt=\"Nov\u00e9 Poledn\u00ed menu v centru Prahy. The Piano Bar Prague l\u00e1k\u00e1 na letn\u00ed ob\u011bdy na n\u00e1dhern\u00e9 terase v Pal\u00e1ci Savarin\" class=\"wp-image-9317\"\/><\/figure>\n<\/figure>\n\n\n\n<div style=\"height:45px\" aria-hidden=\"true\" class=\"wp-block-spacer\"><\/div>\n\n\n\n<h2 class=\"wp-block-heading\" style=\"font-size:28px\">Letn\u00ed terasa The Piano Bar Prague zve k posezen\u00ed<\/h2>\n\n\n\n<div style=\"height:45px\" aria-hidden=\"true\" class=\"wp-block-spacer\"><\/div>\n\n\n\n<p class=\"has-medium-font-size\">Velk\u00fdm l\u00e1kadlem je tak\u00e9 nov\u00e1 <strong>Letn\u00ed terasa The Piano Baru Prague<\/strong>, kter\u00e1 nab\u00edz\u00ed jedine\u010dn\u00e9 prost\u0159ed\u00ed uprost\u0159ed historick\u00e9ho <strong><a href=\"https:\/\/thepianobarprague.com\/cs\/palac-savarin-cz\/\" type=\"link\" id=\"https:\/\/thepianobarprague.com\/cs\/palac-savarin-cz\/\">Pal\u00e1ce Savarin<\/a><\/strong>. Jen m\u00e1lokde <strong><a href=\"https:\/\/vcentruprahy.cz\/\" type=\"link\" id=\"https:\/\/vcentruprahy.cz\/\">v centrum Prahy<\/a><\/strong> najdete tak p\u0159\u00edjemnou kombinaci klidn\u00e9 atmosf\u00e9ry, elegantn\u00edho prost\u0159ed\u00ed a \u0161pi\u010dkov\u00e9 gastronomie. V letn\u00edch m\u011bs\u00edc\u00edch jde o ide\u00e1ln\u00ed m\u00edsto pro pohodov\u00fd ob\u011bd, pracovn\u00ed sch\u016fzku i v\u00edkendov\u00e9 rodinn\u00e9 posezen\u00ed.<\/p>\n\n\n\n<p class=\"has-medium-font-size\">Pr\u00e1v\u011b spojen\u00ed v\u00fdborn\u00e9 kuchyn\u011b, profesion\u00e1ln\u00ed obsluhy a kr\u00e1sn\u00e9ho prost\u0159ed\u00ed d\u011bl\u00e1 z <strong><a href=\"https:\/\/thepianobarprague.com\/cs\/palac-savarin-cz\/\" type=\"link\" id=\"https:\/\/thepianobarprague.com\/cs\/palac-savarin-cz\/\">The Piano Baru v Pal\u00e1ci Savarin<\/a><\/strong> jeden z nejzaj\u00edmav\u011bj\u0161\u00edch gastronomick\u00fdch tip\u016f, kter\u00e9 dnes <strong><a href=\"https:\/\/prazskametropole.cz\/\" type=\"link\" id=\"https:\/\/prazskametropole.cz\/\">Pra\u017esk\u00e1 Metropole<\/a><\/strong> nab\u00edz\u00ed.<\/p>\n\n\n\n<div style=\"height:45px\" aria-hidden=\"true\" class=\"wp-block-spacer\"><\/div>\n\n\n<div class=\"wp-block-image\">\n<figure class=\"aligncenter size-large\"><img decoding=\"async\" src=\"https:\/\/vcentruprahy.cz\/wp-content\/uploads\/2026\/08\/627350334_122145007448980931_8646284648838403554_n-1024x683.jpg\" alt=\"Nov\u00e9 Poledn\u00ed menu v centru Prahy. The Piano Bar Prague l\u00e1k\u00e1 na letn\u00ed ob\u011bdy na n\u00e1dhern\u00e9 terase v Pal\u00e1ci Savarin\" class=\"wp-image-9327\"\/><figcaption class=\"wp-element-caption\">The Piano bar Prague, Na P\u0159\u00edkop\u011b 852\/10<\/figcaption><\/figure><\/div>\n\n\n<div style=\"height:45px\" aria-hidden=\"true\" class=\"wp-block-spacer\"><\/div>\n\n\n\n<h2 class=\"wp-block-heading\" style=\"font-size:28px\">Kam vyrazit na poledn\u00ed menu?<\/h2>\n\n\n\n<div style=\"height:45px\" aria-hidden=\"true\" class=\"wp-block-spacer\"><\/div>\n\n\n\n<p class=\"has-medium-font-size\">Pokud p\u0159em\u00fd\u0161l\u00edte, kam zaj\u00edt na kvalitn\u00ed <strong><a href=\"https:\/\/prazskeprikopy.cz\/poledni-menu\/\" type=\"link\" id=\"https:\/\/prazskeprikopy.cz\/poledni-menu\/\">poledn\u00ed menu<\/a><\/strong> nebo hled\u00e1te nov\u00e9 <strong><a href=\"https:\/\/prazskeprikopy.cz\/poledni-menu\/\" type=\"link\" id=\"https:\/\/prazskeprikopy.cz\/poledni-menu\/\">ob\u011bdy v centru Prahy<\/a><\/strong>, rozhodn\u011b za\u0159a\u010fte <strong><a href=\"https:\/\/thepianobarprague.com\/cs\/piano-bar-praha\/\" type=\"link\" id=\"https:\/\/thepianobarprague.com\/cs\/piano-bar-praha\/\">The Piano Bar Prague<\/a><\/strong> na sv\u016fj seznam. D\u00edky poloze na <strong><a href=\"https:\/\/prazskeprikopy.cz\/\" type=\"link\" id=\"https:\/\/prazskeprikopy.cz\/\">P\u0159\u00edkopech<\/a><\/strong>, origin\u00e1ln\u00ed kuchyni a p\u0159\u00edjemn\u00e9 letn\u00ed terase jde o m\u00edsto, kam se budete r\u00e1di vracet.<\/p>\n\n\n\n<div style=\"height:45px\" aria-hidden=\"true\" class=\"wp-block-spacer\"><\/div>\n\n\n\n<h2 class=\"wp-block-heading\" style=\"font-size:27px\"><strong>The Piano Bar Prague <\/strong>(Pal\u00e1c Savarin v centru Prahy)<\/h2>\n\n\n\n<p style=\"font-size:25px\">Na P\u0159\u00edkop\u011b 852\/10<br>110 00 Praha 1 \u2013 Nov\u00e9 M\u011bsto<\/p>\n\n\n\n<div style=\"height:45px\" aria-hidden=\"true\" class=\"wp-block-spacer\"><\/div>\n\n\n\n<p class=\"has-medium-font-size\"><strong>Kompletn\u00ed informace o The Piano Baru Prague, jeho restauraci, aktu\u00e1ln\u00ed ob\u011bdovou nab\u00eddku i dal\u0161\u00ed novinky a akce naleznete na webu <a href=\"https:\/\/thepianobarprague.com\/\">https:\/\/thepianobarprague.com\/<\/a>.<\/strong><\/p>\n\n\n\n<div style=\"height:130px\" aria-hidden=\"true\" class=\"wp-block-spacer\"><\/div>\n\n\n\n<figure class=\"wp-block-gallery has-nested-images columns-2 is-cropped wp-block-gallery-2 is-layout-flex wp-block-gallery-is-layout-flex\">\n<figure class=\"wp-block-image size-large\"><img decoding=\"async\" data-id=\"9334\" src=\"https:\/\/vcentruprahy.cz\/wp-content\/uploads\/2026\/08\/A1S03399_TTL-1024x765.jpg\" alt=\"Nov\u00e9 Poledn\u00ed menu v centru Prahy. The Piano Bar Prague l\u00e1k\u00e1 na letn\u00ed ob\u011bdy na n\u00e1dhern\u00e9 terase v Pal\u00e1ci Savarin\" class=\"wp-image-9334\"\/><\/figure>\n\n\n\n<figure class=\"wp-block-image size-large\"><img decoding=\"async\" data-id=\"9333\" src=\"https:\/\/vcentruprahy.cz\/wp-content\/uploads\/2026\/08\/A1S03345_TTL-1024x724.jpg\" alt=\"Nov\u00e9 Poledn\u00ed menu v centru Prahy. The Piano Bar Prague l\u00e1k\u00e1 na letn\u00ed ob\u011bdy na n\u00e1dhern\u00e9 terase v Pal\u00e1ci Savarin\" class=\"wp-image-9333\"\/><\/figure>\n\n\n\n<figure class=\"wp-block-image size-large\"><img decoding=\"async\" data-id=\"9312\" src=\"https:\/\/vcentruprahy.cz\/wp-content\/uploads\/2026\/08\/A1S03296_V-1024x696.jpg\" alt=\"Nov\u00e9 Poledn\u00ed menu v centru Prahy. The Piano Bar Prague l\u00e1k\u00e1 na letn\u00ed ob\u011bdy na n\u00e1dhern\u00e9 terase v Pal\u00e1ci Savarin\" class=\"wp-image-9312\"\/><\/figure>\n\n\n\n<figure class=\"wp-block-image size-large\"><img decoding=\"async\" data-id=\"9332\" src=\"https:\/\/vcentruprahy.cz\/wp-content\/uploads\/2026\/08\/A1S03379_V-1024x707.jpg\" alt=\"Nov\u00e9 Poledn\u00ed menu v centru Prahy. The Piano Bar Prague l\u00e1k\u00e1 na letn\u00ed ob\u011bdy na n\u00e1dhern\u00e9 terase v Pal\u00e1ci Savarin\" class=\"wp-image-9332\"\/><\/figure>\n\n\n\n<figure class=\"wp-block-image size-large\"><img decoding=\"async\" data-id=\"9331\" src=\"https:\/\/vcentruprahy.cz\/wp-content\/uploads\/2026\/08\/A1S03321_V-1024x702.jpg\" alt=\"Nov\u00e9 Poledn\u00ed menu v centru Prahy. The Piano Bar Prague l\u00e1k\u00e1 na letn\u00ed ob\u011bdy na n\u00e1dhern\u00e9 terase v Pal\u00e1ci Savarin\" class=\"wp-image-9331\"\/><\/figure>\n\n\n\n<figure class=\"wp-block-image size-large\"><img decoding=\"async\" data-id=\"9314\" src=\"https:\/\/vcentruprahy.cz\/wp-content\/uploads\/2026\/08\/A1S03404_V-1024x677.jpg\" alt=\"Nov\u00e9 Poledn\u00ed menu v centru Prahy. The Piano Bar Prague l\u00e1k\u00e1 na letn\u00ed ob\u011bdy na n\u00e1dhern\u00e9 terase v Pal\u00e1ci Savarin\" class=\"wp-image-9314\"\/><\/figure>\n\n\n\n<figure class=\"wp-block-image size-large\"><img decoding=\"async\" data-id=\"9324\" src=\"https:\/\/vcentruprahy.cz\/wp-content\/uploads\/2026\/08\/A1S03345-683x1024.jpg\" alt=\"Nov\u00e9 Poledn\u00ed menu v centru Prahy. The Piano Bar Prague l\u00e1k\u00e1 na letn\u00ed ob\u011bdy na n\u00e1dhern\u00e9 terase v Pal\u00e1ci Savarin\" class=\"wp-image-9324\"\/><\/figure>\n\n\n\n<figure class=\"wp-block-image size-large\"><img decoding=\"async\" data-id=\"9326\" src=\"https:\/\/vcentruprahy.cz\/wp-content\/uploads\/2026\/08\/A1S03308-683x1024.jpg\" alt=\"Nov\u00e9 Poledn\u00ed menu v centru Prahy. The Piano Bar Prague l\u00e1k\u00e1 na letn\u00ed ob\u011bdy na n\u00e1dhern\u00e9 terase v Pal\u00e1ci Savarin\" class=\"wp-image-9326\"\/><\/figure>\n\n\n\n<figure class=\"wp-block-image size-large\"><img decoding=\"async\" data-id=\"9330\" src=\"https:\/\/vcentruprahy.cz\/wp-content\/uploads\/2026\/08\/A1S03404-683x1024.jpg\" alt=\"Nov\u00e9 Poledn\u00ed menu v centru Prahy. The Piano Bar Prague l\u00e1k\u00e1 na letn\u00ed ob\u011bdy na n\u00e1dhern\u00e9 terase v Pal\u00e1ci Savarin\" class=\"wp-image-9330\"\/><\/figure>\n\n\n\n<figure class=\"wp-block-image size-large\"><img decoding=\"async\" data-id=\"9336\" src=\"https:\/\/vcentruprahy.cz\/wp-content\/uploads\/2026\/08\/A1S03292-683x1024.jpg\" alt=\"Nov\u00e9 Poledn\u00ed menu v centru Prahy. The Piano Bar Prague l\u00e1k\u00e1 na letn\u00ed ob\u011bdy na n\u00e1dhern\u00e9 terase v Pal\u00e1ci Savarin\" class=\"wp-image-9336\"\/><\/figure>\n\n\n\n<figure class=\"wp-block-image size-large\"><img decoding=\"async\" data-id=\"9311\" src=\"https:\/\/vcentruprahy.cz\/wp-content\/uploads\/2026\/08\/A1S03296-683x1024.jpg\" alt=\"Nov\u00e9 Poledn\u00ed menu v centru Prahy. The Piano Bar Prague l\u00e1k\u00e1 na letn\u00ed ob\u011bdy na n\u00e1dhern\u00e9 terase v Pal\u00e1ci Savarin\" class=\"wp-image-9311\"\/><\/figure>\n\n\n\n<figure class=\"wp-block-image size-large\"><img decoding=\"async\" data-id=\"9328\" src=\"https:\/\/vcentruprahy.cz\/wp-content\/uploads\/2026\/08\/A1S03321-683x1024.jpg\" alt=\"Nov\u00e9 Poledn\u00ed menu v centru Prahy. The Piano Bar Prague l\u00e1k\u00e1 na letn\u00ed ob\u011bdy na n\u00e1dhern\u00e9 terase v Pal\u00e1ci Savarin\" class=\"wp-image-9328\"\/><\/figure>\n\n\n\n<figure class=\"wp-block-image size-large\"><img decoding=\"async\" data-id=\"9323\" src=\"https:\/\/vcentruprahy.cz\/wp-content\/uploads\/2026\/08\/A1S03307-683x1024.jpg\" alt=\"Nov\u00e9 Poledn\u00ed menu v centru Prahy. The Piano Bar Prague l\u00e1k\u00e1 na letn\u00ed ob\u011bdy na n\u00e1dhern\u00e9 terase v Pal\u00e1ci Savarin\" class=\"wp-image-9323\"\/><\/figure>\n\n\n\n<figure class=\"wp-block-image size-large\"><img decoding=\"async\" data-id=\"9337\" src=\"https:\/\/vcentruprahy.cz\/wp-content\/uploads\/2026\/08\/A1S03323-683x1024.jpg\" alt=\"Nov\u00e9 Poledn\u00ed menu v centru Prahy. The Piano Bar Prague l\u00e1k\u00e1 na letn\u00ed ob\u011bdy na n\u00e1dhern\u00e9 terase v Pal\u00e1ci Savarin\" class=\"wp-image-9337\"\/><\/figure>\n\n\n\n<figure class=\"wp-block-image size-large\"><img decoding=\"async\" data-id=\"9322\" src=\"https:\/\/vcentruprahy.cz\/wp-content\/uploads\/2026\/08\/A1S03331-683x1024.jpg\" alt=\"Nov\u00e9 Poledn\u00ed menu v centru Prahy. The Piano Bar Prague l\u00e1k\u00e1 na letn\u00ed ob\u011bdy na n\u00e1dhern\u00e9 terase v Pal\u00e1ci Savarin\" class=\"wp-image-9322\"\/><\/figure>\n\n\n\n<figure class=\"wp-block-image size-large\"><img decoding=\"async\" data-id=\"9320\" src=\"https:\/\/vcentruprahy.cz\/wp-content\/uploads\/2026\/08\/A1S03354-683x1024.jpg\" alt=\"Nov\u00e9 Poledn\u00ed menu v centru Prahy. The Piano Bar Prague l\u00e1k\u00e1 na letn\u00ed ob\u011bdy na n\u00e1dhern\u00e9 terase v Pal\u00e1ci Savarin\" class=\"wp-image-9320\"\/><\/figure>\n\n\n\n<figure class=\"wp-block-image size-large\"><img decoding=\"async\" data-id=\"9325\" src=\"https:\/\/vcentruprahy.cz\/wp-content\/uploads\/2026\/08\/A1S03339-Copy1-683x1024.jpg\" alt=\"Nov\u00e9 Poledn\u00ed menu v centru Prahy. The Piano Bar Prague l\u00e1k\u00e1 na letn\u00ed ob\u011bdy na n\u00e1dhern\u00e9 terase v Pal\u00e1ci Savarin\" class=\"wp-image-9325\"\/><\/figure>\n\n\n\n<figure class=\"wp-block-image size-large\"><img decoding=\"async\" data-id=\"9335\" src=\"https:\/\/vcentruprahy.cz\/wp-content\/uploads\/2026\/08\/A1S03364-683x1024.jpg\" alt=\"Nov\u00e9 Poledn\u00ed menu v centru Prahy. The Piano Bar Prague l\u00e1k\u00e1 na letn\u00ed ob\u011bdy na n\u00e1dhern\u00e9 terase v Pal\u00e1ci Savarin\" class=\"wp-image-9335\"\/><\/figure>\n\n\n\n<figure class=\"wp-block-image size-large\"><img decoding=\"async\" data-id=\"9316\" src=\"https:\/\/vcentruprahy.cz\/wp-content\/uploads\/2026\/08\/A1S03379-683x1024.jpg\" alt=\"Nov\u00e9 Poledn\u00ed menu v centru Prahy. The Piano Bar Prague l\u00e1k\u00e1 na letn\u00ed ob\u011bdy na n\u00e1dhern\u00e9 terase v Pal\u00e1ci Savarin\" class=\"wp-image-9316\"\/><\/figure>\n\n\n\n<figure class=\"wp-block-image size-large\"><img decoding=\"async\" data-id=\"9317\" src=\"https:\/\/vcentruprahy.cz\/wp-content\/uploads\/2026\/08\/A1S03348-683x1024.jpg\" alt=\"Nov\u00e9 Poledn\u00ed menu v centru Prahy. The Piano Bar Prague l\u00e1k\u00e1 na letn\u00ed ob\u011bdy na n\u00e1dhern\u00e9 terase v Pal\u00e1ci Savarin\" class=\"wp-image-9317\"\/><\/figure>\n\n\n\n<figure class=\"wp-block-image size-large\"><img decoding=\"async\" data-id=\"9329\" src=\"https:\/\/vcentruprahy.cz\/wp-content\/uploads\/2026\/08\/A1S03354_V-1024x675.jpg\" alt=\"Nov\u00e9 Poledn\u00ed menu v centru Prahy. The Piano Bar Prague l\u00e1k\u00e1 na letn\u00ed ob\u011bdy na n\u00e1dhern\u00e9 terase v Pal\u00e1ci Savarin\" class=\"wp-image-9329\"\/><\/figure>\n\n\n\n<figure class=\"wp-block-image size-large\"><img decoding=\"async\" data-id=\"9321\" src=\"https:\/\/vcentruprahy.cz\/wp-content\/uploads\/2026\/08\/A1S03410-683x1024.jpg\" alt=\"Nov\u00e9 Poledn\u00ed menu v centru Prahy. The Piano Bar Prague l\u00e1k\u00e1 na letn\u00ed ob\u011bdy na n\u00e1dhern\u00e9 terase v Pal\u00e1ci Savarin\" class=\"wp-image-9321\"\/><\/figure>\n\n\n\n<figure class=\"wp-block-image size-large\"><img decoding=\"async\" data-id=\"9318\" src=\"https:\/\/vcentruprahy.cz\/wp-content\/uploads\/2026\/08\/A1S03367-683x1024.jpg\" alt=\"Nov\u00e9 Poledn\u00ed menu v centru Prahy. The Piano Bar Prague l\u00e1k\u00e1 na letn\u00ed ob\u011bdy na n\u00e1dhern\u00e9 terase v Pal\u00e1ci Savarin\" class=\"wp-image-9318\"\/><\/figure>\n\n\n\n<figure class=\"wp-block-image size-large\"><img decoding=\"async\" data-id=\"9319\" src=\"https:\/\/vcentruprahy.cz\/wp-content\/uploads\/2026\/08\/A1S03383-683x1024.jpg\" alt=\"Nov\u00e9 Poledn\u00ed menu v centru Prahy. The Piano Bar Prague l\u00e1k\u00e1 na letn\u00ed ob\u011bdy na n\u00e1dhern\u00e9 terase v Pal\u00e1ci Savarin\" class=\"wp-image-9319\"\/><\/figure>\n\n\n\n<figure class=\"wp-block-image size-large\"><img decoding=\"async\" data-id=\"9313\" src=\"https:\/\/vcentruprahy.cz\/wp-content\/uploads\/2026\/08\/A1S03370-683x1024.jpg\" alt=\"Nov\u00e9 Poledn\u00ed menu v centru Prahy. The Piano Bar Prague l\u00e1k\u00e1 na letn\u00ed ob\u011bdy na n\u00e1dhern\u00e9 terase v Pal\u00e1ci Savarin\" class=\"wp-image-9313\"\/><\/figure>\n\n\n\n<figure class=\"wp-block-image size-large\"><img decoding=\"async\" data-id=\"9315\" src=\"https:\/\/vcentruprahy.cz\/wp-content\/uploads\/2026\/08\/A1S03399-683x1024.jpg\" alt=\"Nov\u00e9 Poledn\u00ed menu v centru Prahy. The Piano Bar Prague l\u00e1k\u00e1 na letn\u00ed ob\u011bdy na n\u00e1dhern\u00e9 terase v Pal\u00e1ci Savarin\" class=\"wp-image-9315\"\/><\/figure>\n\n\n\n<figure class=\"wp-block-image size-large\"><img decoding=\"async\" data-id=\"9327\" src=\"https:\/\/vcentruprahy.cz\/wp-content\/uploads\/2026\/08\/627350334_122145007448980931_8646284648838403554_n-1024x683.jpg\" alt=\"Nov\u00e9 Poledn\u00ed menu v centru Prahy. The Piano Bar Prague l\u00e1k\u00e1 na letn\u00ed ob\u011bdy na n\u00e1dhern\u00e9 terase v Pal\u00e1ci Savarin\" class=\"wp-image-9327\"\/><figcaption class=\"wp-element-caption\">The Piano bar<\/figcaption><\/figure>\n<\/figure>\n\n\n\n<div style=\"height:45px\" aria-hidden=\"true\" class=\"wp-block-spacer\"><\/div>\n\n\n\n<p class=\"has-medium-font-size\"><strong>Zdroj foto: <\/strong>The Piano Bar Prague<\/p>\n\n\n\n<div style=\"height:100px\" aria-hidden=\"true\" class=\"wp-block-spacer\"><\/div>\n\n\n\n<p class=\"has-medium-font-size\"><\/p>\n","protected":false},"excerpt":{"rendered":"<p>Hled\u00e1te m\u00edsto, kde si vychutn\u00e1te v\u00fdjime\u010dn\u00fd ob\u011bd v sam\u00e9m srdci hlavn\u00edho m\u011bsta? M\u00e1me pro v\u00e1s skv\u011bl\u00fd tip. V historick\u00e9m Pal\u00e1ci Savarin na Pra\u017esk\u00fdch P\u0159\u00edkopech nov\u011b startuje atraktivn\u00ed poledn\u00ed menu, kter\u00e9 spojuje prvot\u0159\u00eddn\u00ed gastronomii, p\u0159\u00edjemn\u00e9&#46;&#46;&#46;<\/p>\n","protected":false},"author":3,"featured_media":14490,"comment_status":"closed","ping_status":"closed","sticky":false,"template":"","format":"standard","meta":{"_monsterinsights_skip_tracking":false,"_monsterinsights_sitenote_active":false,"_monsterinsights_sitenote_note":"","_monsterinsights_sitenote_category":0,"footnotes":""},"categories":[18,2,163,166,10,21],"tags":[],"yoast_head":"<!-- This site is optimized with the Yoast SEO plugin v21.5 - https:\/\/yoast.com\/wordpress\/plugins\/seo\/ -->\n<title>Nov\u00e9 Poledn\u00ed menu v centru Prahy. The Piano Bar Prague l\u00e1k\u00e1 na letn\u00ed ob\u011bdy na n\u00e1dhern\u00e9 terase v Pal\u00e1ci Savarin - CELEBRITYHOUSE.cz<\/title>\n<meta name=\"description\" content=\"The Piano Bar Prague zve hosty ka\u017ed\u00fd den od 11:30 hodin na pestrou ob\u011bdovou nab\u00eddku, kterou si m\u016f\u017eete vychutnat i o v\u00edkendech.\" \/>\n<meta name=\"robots\" content=\"index, follow, max-snippet:-1, max-image-preview:large, max-video-preview:-1\" \/>\n<link rel=\"canonical\" href=\"https:\/\/celebrityhouse.cz\/index.php\/2026\/08\/25\/nove-poledni-menu-v-centru-prahy-the-piano-bar-prague-laka-na-letni-obedy-na-nadherne-terase-v-palaci-savarin\/\" \/>\n<meta property=\"og:locale\" content=\"cs_CZ\" \/>\n<meta property=\"og:type\" content=\"article\" \/>\n<meta property=\"og:title\" content=\"Nov\u00e9 Poledn\u00ed menu v centru Prahy. The Piano Bar Prague l\u00e1k\u00e1 na letn\u00ed ob\u011bdy na n\u00e1dhern\u00e9 terase v Pal\u00e1ci Savarin - CELEBRITYHOUSE.cz\" \/>\n<meta property=\"og:description\" content=\"The Piano Bar Prague zve hosty ka\u017ed\u00fd den od 11:30 hodin na pestrou ob\u011bdovou nab\u00eddku, kterou si m\u016f\u017eete vychutnat i o v\u00edkendech.\" \/>\n<meta property=\"og:url\" content=\"https:\/\/celebrityhouse.cz\/index.php\/2026\/08\/25\/nove-poledni-menu-v-centru-prahy-the-piano-bar-prague-laka-na-letni-obedy-na-nadherne-terase-v-palaci-savarin\/\" \/>\n<meta property=\"og:site_name\" content=\"CELEBRITYHOUSE.cz\" \/>\n<meta property=\"article:published_time\" content=\"2026-08-24T22:27:00+00:00\" \/>\n<meta property=\"article:modified_time\" content=\"2026-09-03T18:56:56+00:00\" \/>\n<meta property=\"og:image\" content=\"https:\/\/celebrityhouse.cz\/wp-content\/uploads\/2026\/09\/A1S03399_TTL.jpg\" \/>\n\t<meta property=\"og:image:width\" content=\"2048\" \/>\n\t<meta property=\"og:image:height\" content=\"1529\" \/>\n\t<meta property=\"og:image:type\" content=\"image\/jpeg\" \/>\n<meta name=\"author\" content=\"Miroslav Van\u011bk\" \/>\n<meta name=\"twitter:card\" content=\"summary_large_image\" \/>\n<meta name=\"twitter:label1\" content=\"Napsal(a)\" \/>\n\t<meta name=\"twitter:data1\" content=\"Miroslav Van\u011bk\" \/>\n\t<meta name=\"twitter:label2\" content=\"Odhadovan\u00e1 doba \u010dten\u00ed\" \/>\n\t<meta name=\"twitter:data2\" content=\"10 minut\" \/>\n<script type=\"application\/ld+json\" class=\"yoast-schema-graph\">{\"@context\":\"https:\/\/schema.org\",\"@graph\":[{\"@type\":\"Article\",\"@id\":\"https:\/\/celebrityhouse.cz\/index.php\/2026\/08\/25\/nove-poledni-menu-v-centru-prahy-the-piano-bar-prague-laka-na-letni-obedy-na-nadherne-terase-v-palaci-savarin\/#article\",\"isPartOf\":{\"@id\":\"https:\/\/celebrityhouse.cz\/index.php\/2026\/08\/25\/nove-poledni-menu-v-centru-prahy-the-piano-bar-prague-laka-na-letni-obedy-na-nadherne-terase-v-palaci-savarin\/\"},\"author\":{\"name\":\"Miroslav Van\u011bk\",\"@id\":\"https:\/\/celebrityhouse.cz\/#\/schema\/person\/1992a6067146966eda9f9e469a57f163\"},\"headline\":\"Nov\u00e9 Poledn\u00ed menu v centru Prahy. The Piano Bar Prague l\u00e1k\u00e1 na letn\u00ed ob\u011bdy na n\u00e1dhern\u00e9 terase v Pal\u00e1ci Savarin\",\"datePublished\":\"2026-08-24T22:27:00+00:00\",\"dateModified\":\"2026-09-03T18:56:56+00:00\",\"mainEntityOfPage\":{\"@id\":\"https:\/\/celebrityhouse.cz\/index.php\/2026\/08\/25\/nove-poledni-menu-v-centru-prahy-the-piano-bar-prague-laka-na-letni-obedy-na-nadherne-terase-v-palaci-savarin\/\"},\"wordCount\":666,\"publisher\":{\"@id\":\"https:\/\/celebrityhouse.cz\/#organization\"},\"articleSection\":[\"LIFESTYLE\",\"NEWS\",\"PRA\u017dSK\u00c1 METROPOLE\",\"PRA\u017dSK\u00c9 P\u0158\u00cdKOPY\",\"TIPY &amp; TRENDY\",\"VA\u0158EN\u00cd &amp; RECEPTY &amp; GASTRO\"],\"inLanguage\":\"cs\"},{\"@type\":\"WebPage\",\"@id\":\"https:\/\/celebrityhouse.cz\/index.php\/2026\/08\/25\/nove-poledni-menu-v-centru-prahy-the-piano-bar-prague-laka-na-letni-obedy-na-nadherne-terase-v-palaci-savarin\/\",\"url\":\"https:\/\/celebrityhouse.cz\/index.php\/2026\/08\/25\/nove-poledni-menu-v-centru-prahy-the-piano-bar-prague-laka-na-letni-obedy-na-nadherne-terase-v-palaci-savarin\/\",\"name\":\"Nov\u00e9 Poledn\u00ed menu v centru Prahy. The Piano Bar Prague l\u00e1k\u00e1 na letn\u00ed ob\u011bdy na n\u00e1dhern\u00e9 terase v Pal\u00e1ci Savarin - CELEBRITYHOUSE.cz\",\"isPartOf\":{\"@id\":\"https:\/\/celebrityhouse.cz\/#website\"},\"datePublished\":\"2026-08-24T22:27:00+00:00\",\"dateModified\":\"2026-09-03T18:56:56+00:00\",\"description\":\"The Piano Bar Prague zve hosty ka\u017ed\u00fd den od 11:30 hodin na pestrou ob\u011bdovou nab\u00eddku, kterou si m\u016f\u017eete vychutnat i o v\u00edkendech.\",\"breadcrumb\":{\"@id\":\"https:\/\/celebrityhouse.cz\/index.php\/2026\/08\/25\/nove-poledni-menu-v-centru-prahy-the-piano-bar-prague-laka-na-letni-obedy-na-nadherne-terase-v-palaci-savarin\/#breadcrumb\"},\"inLanguage\":\"cs\",\"potentialAction\":[{\"@type\":\"ReadAction\",\"target\":[\"https:\/\/celebrityhouse.cz\/index.php\/2026\/08\/25\/nove-poledni-menu-v-centru-prahy-the-piano-bar-prague-laka-na-letni-obedy-na-nadherne-terase-v-palaci-savarin\/\"]}]},{\"@type\":\"BreadcrumbList\",\"@id\":\"https:\/\/celebrityhouse.cz\/index.php\/2026\/08\/25\/nove-poledni-menu-v-centru-prahy-the-piano-bar-prague-laka-na-letni-obedy-na-nadherne-terase-v-palaci-savarin\/#breadcrumb\",\"itemListElement\":[{\"@type\":\"ListItem\",\"position\":1,\"name\":\"Dom\u016f\",\"item\":\"https:\/\/celebrityhouse.cz\/\"},{\"@type\":\"ListItem\",\"position\":2,\"name\":\"Nov\u00e9 Poledn\u00ed menu v centru Prahy. The Piano Bar Prague l\u00e1k\u00e1 na letn\u00ed ob\u011bdy na n\u00e1dhern\u00e9 terase v Pal\u00e1ci Savarin\"}]},{\"@type\":\"WebSite\",\"@id\":\"https:\/\/celebrityhouse.cz\/#website\",\"url\":\"https:\/\/celebrityhouse.cz\/\",\"name\":\"CELEBRITYHOUSE.cz\",\"description\":\"Port\u00e1l o showbyznysu...\",\"publisher\":{\"@id\":\"https:\/\/celebrityhouse.cz\/#organization\"},\"potentialAction\":[{\"@type\":\"SearchAction\",\"target\":{\"@type\":\"EntryPoint\",\"urlTemplate\":\"https:\/\/celebrityhouse.cz\/?s={search_term_string}\"},\"query-input\":\"required name=search_term_string\"}],\"inLanguage\":\"cs\"},{\"@type\":\"Organization\",\"@id\":\"https:\/\/celebrityhouse.cz\/#organization\",\"name\":\"CELEBRITYHOUSE.cz\",\"url\":\"https:\/\/celebrityhouse.cz\/\",\"logo\":{\"@type\":\"ImageObject\",\"inLanguage\":\"cs\",\"@id\":\"https:\/\/celebrityhouse.cz\/#\/schema\/logo\/image\/\",\"url\":\"https:\/\/celebrityhouse.cz\/wp-content\/uploads\/2024\/12\/cropped-Logo_CelebrityHouse_2.jpg\",\"contentUrl\":\"https:\/\/celebrityhouse.cz\/wp-content\/uploads\/2024\/12\/cropped-Logo_CelebrityHouse_2.jpg\",\"width\":937,\"height\":510,\"caption\":\"CELEBRITYHOUSE.cz\"},\"image\":{\"@id\":\"https:\/\/celebrityhouse.cz\/#\/schema\/logo\/image\/\"}},{\"@type\":\"Person\",\"@id\":\"https:\/\/celebrityhouse.cz\/#\/schema\/person\/1992a6067146966eda9f9e469a57f163\",\"name\":\"Miroslav Van\u011bk\",\"image\":{\"@type\":\"ImageObject\",\"inLanguage\":\"cs\",\"@id\":\"https:\/\/celebrityhouse.cz\/#\/schema\/person\/image\/\",\"url\":\"https:\/\/secure.gravatar.com\/avatar\/cc93dbecbfc820d69a964ea4a1c72377?s=96&d=mm&r=g\",\"contentUrl\":\"https:\/\/secure.gravatar.com\/avatar\/cc93dbecbfc820d69a964ea4a1c72377?s=96&d=mm&r=g\",\"caption\":\"Miroslav Van\u011bk\"},\"sameAs\":[\"http:\/\/wwww.celebrityhouse.cz\"],\"url\":\"https:\/\/celebrityhouse.cz\/index.php\/author\/mirvan\/\"}]}<\/script>\n<!-- \/ Yoast SEO plugin. -->","yoast_head_json":{"title":"Nov\u00e9 Poledn\u00ed menu v centru Prahy. The Piano Bar Prague l\u00e1k\u00e1 na letn\u00ed ob\u011bdy na n\u00e1dhern\u00e9 terase v Pal\u00e1ci Savarin - CELEBRITYHOUSE.cz","description":"The Piano Bar Prague zve hosty ka\u017ed\u00fd den od 11:30 hodin na pestrou ob\u011bdovou nab\u00eddku, kterou si m\u016f\u017eete vychutnat i o v\u00edkendech.","robots":{"index":"index","follow":"follow","max-snippet":"max-snippet:-1","max-image-preview":"max-image-preview:large","max-video-preview":"max-video-preview:-1"},"canonical":"https:\/\/celebrityhouse.cz\/index.php\/2026\/08\/25\/nove-poledni-menu-v-centru-prahy-the-piano-bar-prague-laka-na-letni-obedy-na-nadherne-terase-v-palaci-savarin\/","og_locale":"cs_CZ","og_type":"article","og_title":"Nov\u00e9 Poledn\u00ed menu v centru Prahy. The Piano Bar Prague l\u00e1k\u00e1 na letn\u00ed ob\u011bdy na n\u00e1dhern\u00e9 terase v Pal\u00e1ci Savarin - CELEBRITYHOUSE.cz","og_description":"The Piano Bar Prague zve hosty ka\u017ed\u00fd den od 11:30 hodin na pestrou ob\u011bdovou nab\u00eddku, kterou si m\u016f\u017eete vychutnat i o v\u00edkendech.","og_url":"https:\/\/celebrityhouse.cz\/index.php\/2026\/08\/25\/nove-poledni-menu-v-centru-prahy-the-piano-bar-prague-laka-na-letni-obedy-na-nadherne-terase-v-palaci-savarin\/","og_site_name":"CELEBRITYHOUSE.cz","article_published_time":"2026-08-24T22:27:00+00:00","article_modified_time":"2026-09-03T18:56:56+00:00","og_image":[{"width":2048,"height":1529,"url":"https:\/\/celebrityhouse.cz\/wp-content\/uploads\/2026\/09\/A1S03399_TTL.jpg","type":"image\/jpeg"}],"author":"Miroslav Van\u011bk","twitter_card":"summary_large_image","twitter_misc":{"Napsal(a)":"Miroslav Van\u011bk","Odhadovan\u00e1 doba \u010dten\u00ed":"10 minut"},"schema":{"@context":"https:\/\/schema.org","@graph":[{"@type":"Article","@id":"https:\/\/celebrityhouse.cz\/index.php\/2026\/08\/25\/nove-poledni-menu-v-centru-prahy-the-piano-bar-prague-laka-na-letni-obedy-na-nadherne-terase-v-palaci-savarin\/#article","isPartOf":{"@id":"https:\/\/celebrityhouse.cz\/index.php\/2026\/08\/25\/nove-poledni-menu-v-centru-prahy-the-piano-bar-prague-laka-na-letni-obedy-na-nadherne-terase-v-palaci-savarin\/"},"author":{"name":"Miroslav Van\u011bk","@id":"https:\/\/celebrityhouse.cz\/#\/schema\/person\/1992a6067146966eda9f9e469a57f163"},"headline":"Nov\u00e9 Poledn\u00ed menu v centru Prahy. The Piano Bar Prague l\u00e1k\u00e1 na letn\u00ed ob\u011bdy na n\u00e1dhern\u00e9 terase v Pal\u00e1ci Savarin","datePublished":"2026-08-24T22:27:00+00:00","dateModified":"2026-09-03T18:56:56+00:00","mainEntityOfPage":{"@id":"https:\/\/celebrityhouse.cz\/index.php\/2026\/08\/25\/nove-poledni-menu-v-centru-prahy-the-piano-bar-prague-laka-na-letni-obedy-na-nadherne-terase-v-palaci-savarin\/"},"wordCount":666,"publisher":{"@id":"https:\/\/celebrityhouse.cz\/#organization"},"articleSection":["LIFESTYLE","NEWS","PRA\u017dSK\u00c1 METROPOLE","PRA\u017dSK\u00c9 P\u0158\u00cdKOPY","TIPY &amp; TRENDY","VA\u0158EN\u00cd &amp; RECEPTY &amp; GASTRO"],"inLanguage":"cs"},{"@type":"WebPage","@id":"https:\/\/celebrityhouse.cz\/index.php\/2026\/08\/25\/nove-poledni-menu-v-centru-prahy-the-piano-bar-prague-laka-na-letni-obedy-na-nadherne-terase-v-palaci-savarin\/","url":"https:\/\/celebrityhouse.cz\/index.php\/2026\/08\/25\/nove-poledni-menu-v-centru-prahy-the-piano-bar-prague-laka-na-letni-obedy-na-nadherne-terase-v-palaci-savarin\/","name":"Nov\u00e9 Poledn\u00ed menu v centru Prahy. The Piano Bar Prague l\u00e1k\u00e1 na letn\u00ed ob\u011bdy na n\u00e1dhern\u00e9 terase v Pal\u00e1ci Savarin - CELEBRITYHOUSE.cz","isPartOf":{"@id":"https:\/\/celebrityhouse.cz\/#website"},"datePublished":"2026-08-24T22:27:00+00:00","dateModified":"2026-09-03T18:56:56+00:00","description":"The Piano Bar Prague zve hosty ka\u017ed\u00fd den od 11:30 hodin na pestrou ob\u011bdovou nab\u00eddku, kterou si m\u016f\u017eete vychutnat i o v\u00edkendech.","breadcrumb":{"@id":"https:\/\/celebrityhouse.cz\/index.php\/2026\/08\/25\/nove-poledni-menu-v-centru-prahy-the-piano-bar-prague-laka-na-letni-obedy-na-nadherne-terase-v-palaci-savarin\/#breadcrumb"},"inLanguage":"cs","potentialAction":[{"@type":"ReadAction","target":["https:\/\/celebrityhouse.cz\/index.php\/2026\/08\/25\/nove-poledni-menu-v-centru-prahy-the-piano-bar-prague-laka-na-letni-obedy-na-nadherne-terase-v-palaci-savarin\/"]}]},{"@type":"BreadcrumbList","@id":"https:\/\/celebrityhouse.cz\/index.php\/2026\/08\/25\/nove-poledni-menu-v-centru-prahy-the-piano-bar-prague-laka-na-letni-obedy-na-nadherne-terase-v-palaci-savarin\/#breadcrumb","itemListElement":[{"@type":"ListItem","position":1,"name":"Dom\u016f","item":"https:\/\/celebrityhouse.cz\/"},{"@type":"ListItem","position":2,"name":"Nov\u00e9 Poledn\u00ed menu v centru Prahy. The Piano Bar Prague l\u00e1k\u00e1 na letn\u00ed ob\u011bdy na n\u00e1dhern\u00e9 terase v Pal\u00e1ci Savarin"}]},{"@type":"WebSite","@id":"https:\/\/celebrityhouse.cz\/#website","url":"https:\/\/celebrityhouse.cz\/","name":"CELEBRITYHOUSE.cz","description":"Port\u00e1l o showbyznysu...","publisher":{"@id":"https:\/\/celebrityhouse.cz\/#organization"},"potentialAction":[{"@type":"SearchAction","target":{"@type":"EntryPoint","urlTemplate":"https:\/\/celebrityhouse.cz\/?s={search_term_string}"},"query-input":"required name=search_term_string"}],"inLanguage":"cs"},{"@type":"Organization","@id":"https:\/\/celebrityhouse.cz\/#organization","name":"CELEBRITYHOUSE.cz","url":"https:\/\/celebrityhouse.cz\/","logo":{"@type":"ImageObject","inLanguage":"cs","@id":"https:\/\/celebrityhouse.cz\/#\/schema\/logo\/image\/","url":"https:\/\/celebrityhouse.cz\/wp-content\/uploads\/2024\/12\/cropped-Logo_CelebrityHouse_2.jpg","contentUrl":"https:\/\/celebrityhouse.cz\/wp-content\/uploads\/2024\/12\/cropped-Logo_CelebrityHouse_2.jpg","width":937,"height":510,"caption":"CELEBRITYHOUSE.cz"},"image":{"@id":"https:\/\/celebrityhouse.cz\/#\/schema\/logo\/image\/"}},{"@type":"Person","@id":"https:\/\/celebrityhouse.cz\/#\/schema\/person\/1992a6067146966eda9f9e469a57f163","name":"Miroslav Van\u011bk","image":{"@type":"ImageObject","inLanguage":"cs","@id":"https:\/\/celebrityhouse.cz\/#\/schema\/person\/image\/","url":"https:\/\/secure.gravatar.com\/avatar\/cc93dbecbfc820d69a964ea4a1c72377?s=96&d=mm&r=g","contentUrl":"https:\/\/secure.gravatar.com\/avatar\/cc93dbecbfc820d69a964ea4a1c72377?s=96&d=mm&r=g","caption":"Miroslav Van\u011bk"},"sameAs":["http:\/\/wwww.celebrityhouse.cz"],"url":"https:\/\/celebrityhouse.cz\/index.php\/author\/mirvan\/"}]}},"_links":{"self":[{"href":"https:\/\/celebrityhouse.cz\/index.php\/wp-json\/wp\/v2\/posts\/14489"}],"collection":[{"href":"https:\/\/celebrityhouse.cz\/index.php\/wp-json\/wp\/v2\/posts"}],"about":[{"href":"https:\/\/celebrityhouse.cz\/index.php\/wp-json\/wp\/v2\/types\/post"}],"author":[{"embeddable":true,"href":"https:\/\/celebrityhouse.cz\/index.php\/wp-json\/wp\/v2\/users\/3"}],"replies":[{"embeddable":true,"href":"https:\/\/celebrityhouse.cz\/index.php\/wp-json\/wp\/v2\/comments?post=14489"}],"version-history":[{"count":1,"href":"https:\/\/celebrityhouse.cz\/index.php\/wp-json\/wp\/v2\/posts\/14489\/revisions"}],"predecessor-version":[{"id":14491,"href":"https:\/\/celebrityhouse.cz\/index.php\/wp-json\/wp\/v2\/posts\/14489\/revisions\/14491"}],"wp:featuredmedia":[{"embeddable":true,"href":"https:\/\/celebrityhouse.cz\/index.php\/wp-json\/wp\/v2\/media\/14490"}],"wp:attachment":[{"href":"https:\/\/celebrityhouse.cz\/index.php\/wp-json\/wp\/v2\/media?parent=14489"}],"wp:term":[{"taxonomy":"category","embeddable":true,"href":"https:\/\/celebrityhouse.cz\/index.php\/wp-json\/wp\/v2\/categories?post=14489"},{"taxonomy":"post_tag","embeddable":true,"href":"https:\/\/celebrityhouse.cz\/index.php\/wp-json\/wp\/v2\/tags?post=14489"}],"curies":[{"name":"wp","href":"https:\/\/api.w.org\/{rel}","templated":true}]}}