{"id":14498,"date":"2026-09-04T02:21:56","date_gmt":"2026-09-04T00:21:56","guid":{"rendered":"https:\/\/celebrityhouse.cz\/?p=14498"},"modified":"2026-09-05T02:29:17","modified_gmt":"2026-09-05T00:29:17","slug":"prahu-ceka-nocni-bezecky-svatek-metropole-se-v-sobotu-vecer-promeni-v-centrum-svetoveho-vytrvalostniho-behu","status":"publish","type":"post","link":"https:\/\/celebrityhouse.cz\/index.php\/2026\/09\/04\/prahu-ceka-nocni-bezecky-svatek-metropole-se-v-sobotu-vecer-promeni-v-centrum-svetoveho-vytrvalostniho-behu\/","title":{"rendered":"Prahu \u010dek\u00e1 no\u010dn\u00ed b\u011b\u017eeck\u00fd sv\u00e1tek: Metropole se v sobotu ve\u010der prom\u011bn\u00ed v centrum sv\u011btov\u00e9ho vytrvalostn\u00edho b\u011bhu"},"content":{"rendered":"\n<div style=\"height:44px\" aria-hidden=\"true\" class=\"wp-block-spacer\"><\/div>\n\n\n\n<p class=\"has-medium-font-size\"><strong>T\u0159et\u00ed nejv\u011bt\u0161\u00ed b\u011b\u017eeck\u00e1 ud\u00e1lost roku v \u010cesk\u00e9 republice, Birell Grand Prix 2026 a jej\u00ed hlavn\u00ed h\u0159eb Birell Ve\u010dern\u00ed B\u011bh na 10 Km, p\u0159il\u00e1kala na start t\u00e9m\u011b\u0159 14 tis\u00edc b\u011b\u017ec\u016f z 98 zem\u00ed sv\u011bta. Mezi nimi se p\u0159edstav\u00ed 42 elitn\u00edch atlet\u016f z 16 st\u00e1t\u016f, kte\u0159\u00ed budou \u00fato\u010dit na rekordn\u00ed \u010dasy v kulis\u00e1ch ve\u010dern\u00ed <a href=\"https:\/\/prazskametropole.cz\/\" type=\"link\" id=\"https:\/\/prazskametropole.cz\/\">Pra\u017esk\u00e9 Metropole<\/a>.<\/strong><\/p>\n\n\n\n<div style=\"height:44px\" aria-hidden=\"true\" class=\"wp-block-spacer\"><\/div>\n\n\n<div class=\"wp-block-image\">\n<figure class=\"aligncenter size-large\"><img decoding=\"async\" src=\"https:\/\/vcentru.cz\/wp-content\/uploads\/2026\/09\/1c134ea4-4c0e-4f99-9d44-6da310a38bc1-1024x683.jpeg\" alt=\"Prahu \u010dek\u00e1 no\u010dn\u00ed b\u011b\u017eeck\u00fd sv\u00e1tek: Metropole se v sobotu ve\u010der prom\u011bn\u00ed v centrum sv\u011btov\u00e9ho vytrvalostn\u00edho b\u011bhu\" class=\"wp-image-10934\"\/><\/figure><\/div>\n\n\n<div style=\"height:44px\" aria-hidden=\"true\" class=\"wp-block-spacer\"><\/div>\n\n\n\n<p class=\"has-medium-font-size\">Je\u0161t\u011b p\u0159ed samotn\u00fdm startem se v p\u00e1te\u010dn\u00edm dopoledni konala tiskov\u00e1 konference v pra\u017esk\u00e9m hotelu Hilton Atrium, kde na dotazy novin\u00e1\u0159\u016f a moder\u00e1torky odpov\u00eddali z\u00e1stupci instituc\u00ed a samoz\u0159ejm\u011b nejv\u011bt\u0161\u00ed \u010desk\u00e9 i zahrani\u010dn\u00ed hv\u011bzdy z\u00e1vodu. Mezi mu\u017ei pat\u0159\u00ed k absolutn\u00edm favorit\u016fm dr\u017eitel tra\u0165ov\u00e9ho rekordu pra\u017esk\u00e9ho p\u016flmaratonu <strong>Rodrigue Kwizera<\/strong> s osobn\u00edm maximem 26:54. <\/p>\n\n\n\n<p class=\"has-medium-font-size\"><em>\u201eDo Prahy se vrac\u00edm nesm\u00edrn\u011b r\u00e1d. Moje forma je velmi dobr\u00e1 a m\u00fdm c\u00edlem je zab\u011bhnout co nejlep\u0161\u00ed \u010das, ide\u00e1ln\u011b pod 27 minut. V\u011b\u0159\u00edm si na p\u0159ekon\u00e1n\u00ed sv\u00e9ho osobn\u00edho rekordu. Sv\u011btov\u00fd rekord tentokr\u00e1t v pl\u00e1nu nem\u00e1m, ale v budoucnu bych r\u00e1d za\u00fato\u010dil na hranici 26:30,\u201c<\/em> <strong>uvedl rod\u00e1k z Burundi, kter\u00fd <a href=\"https:\/\/prazskametropole.cz\/\" type=\"link\" id=\"https:\/\/prazskametropole.cz\/\">v Praze<\/a> poprv\u00e9 pob\u011b\u017e\u00ed pod \u0161pan\u011blskou vlajkou.<\/strong><\/p>\n\n\n\n<p class=\"has-medium-font-size\">\u017densk\u00e9mu startovn\u00edmu poli dominuje <strong>Clare Chemtai Ndiwa<\/strong>, jej\u00ed\u017e osobn\u00ed rekord 29:49 zaost\u00e1v\u00e1 za platn\u00fdm rekordem z\u00e1vodu o pouh\u00fdch \u0161est sekund. <em>\u201eVelmi d\u011bkuji po\u0159adatel\u016fm za pozv\u00e1n\u00ed. C\u00edt\u00edm se skv\u011ble p\u0159ipraven\u00e1 a ud\u011bl\u00e1m v\u0161e pro to, abych na rekord z\u00e1vodu za\u00fato\u010dila,\u201c<\/em> potvrdila sv\u00e9 vysok\u00e9 ambice Ndiwa.<\/p>\n\n\n\n<div style=\"height:44px\" aria-hidden=\"true\" class=\"wp-block-spacer\"><\/div>\n\n\n<div class=\"wp-block-image\">\n<figure class=\"aligncenter size-large\"><img decoding=\"async\" src=\"https:\/\/vcentru.cz\/wp-content\/uploads\/2026\/09\/jakob-wiesinger-prague-2395108_1280-1024x714.jpg\" alt=\"Prahu \u010dek\u00e1 no\u010dn\u00ed b\u011b\u017eeck\u00fd sv\u00e1tek: Metropole se v sobotu ve\u010der prom\u011bn\u00ed v centrum sv\u011btov\u00e9ho vytrvalostn\u00edho b\u011bhu\" class=\"wp-image-10939\"\/><\/figure><\/div>\n\n\n<div style=\"height:44px\" aria-hidden=\"true\" class=\"wp-block-spacer\"><\/div>\n\n\n\n<p class=\"has-medium-font-size\">Siln\u00e9 zastoupen\u00ed m\u00e1 i dom\u00e1c\u00ed sc\u00e9na. <strong>Dami\u00e1n V\u00edch<\/strong> se bude sna\u017eit o n\u00e1vrat \u010desk\u00e9ho rekordu do sv\u00fdch rukou. <\/p>\n\n\n\n<p class=\"has-medium-font-size\"><em>\u201eNerad si d\u00e1v\u00e1m konkr\u00e9tn\u00ed \u010dasov\u00e9 c\u00edle. Pob\u011b\u017e\u00edm na sto procent a uvid\u00edme, jak\u00e9 \u010d\u00edslo bude v c\u00edli sv\u00edtit. Bylo by samoz\u0159ejm\u011b skv\u011bl\u00e9 vz\u00edt si \u010desk\u00fd rekord na silni\u010dn\u00ed des\u00edtce zp\u00e1tky p\u0159ed dom\u00e1c\u00edmi fanou\u0161ky.\u201d<\/em> Z\u00e1rove\u0148 dal tak\u00e9 nahl\u00e9dnout do sv\u00fdch p\u0159\u00edprav p\u0159\u00edmo v den z\u00e1vodu.<em>\u201eZ\u00e1vodn\u00ed den p\u0159ed ve\u010dern\u00edm b\u011bhem b\u00fdv\u00e1 hodn\u011b dlouh\u00fd \u2013 v podstat\u011b jen le\u017e\u00edte na posteli s nohama naho\u0159e a \u010dek\u00e1te.\u201d<\/em> <\/p>\n\n\n\n<p class=\"has-medium-font-size\">Na z\u00e1v\u011br pak zavzpom\u00ednal na sv\u00e9 lo\u0148sk\u00e9 v\u00edt\u011bzstv\u00ed, kdy p\u0159iznal, \u017ee posledn\u00edch 5 kilometr\u016f m\u011bl v \u00fapln\u00e9 mlze.<\/p>\n\n\n\n<div style=\"height:44px\" aria-hidden=\"true\" class=\"wp-block-spacer\"><\/div>\n\n\n<div class=\"wp-block-image\">\n<figure class=\"aligncenter size-large\"><img decoding=\"async\" src=\"https:\/\/vcentru.cz\/wp-content\/uploads\/2026\/09\/969d7827-0b99-4c64-9b64-4dcbd3fdba70-1024x683.jpeg\" alt=\"Prahu \u010dek\u00e1 no\u010dn\u00ed b\u011b\u017eeck\u00fd sv\u00e1tek: Metropole se v sobotu ve\u010der prom\u011bn\u00ed v centrum sv\u011btov\u00e9ho vytrvalostn\u00edho b\u011bhu\" class=\"wp-image-10936\"\/><\/figure><\/div>\n\n\n<div style=\"height:44px\" aria-hidden=\"true\" class=\"wp-block-spacer\"><\/div>\n\n\n\n<p class=\"has-medium-font-size\"><em>\u201eP\u0159i samotn\u00e9m b\u011bhu ve vysok\u00e9m tempu si kr\u00e1sy Prahy ani nesta\u010d\u00edte u\u017e\u00edt, vn\u00edm\u00e1te jen vodic\u00ed auto. Soust\u0159edil jsem se jen na sebe. A v posledn\u00edch t\u0159ech kilometrech tak\u00e9 na to, abych hned v c\u00edli nezm\u00e1\u010dkl hodinky a nezkazil v\u00edt\u011bznou fotku,\u201c<\/em> <strong>dodal s \u00fasm\u011bvem V\u00edch.<\/strong><\/p>\n\n\n\n<p class=\"has-medium-font-size\">Mezi \u017eenami bude poutat pozornost <strong>Tereza Hrochov\u00e1<\/strong>, kter\u00e1 startuje necel\u00e9 t\u0159i t\u00fddny po n\u00e1ro\u010dn\u00e9m maratonu na ME v Birminghamu, kde skon\u010dila na vynikaj\u00edc\u00edm dev\u00e1t\u00e9m m\u00edst\u011b. <\/p>\n\n\n\n<p class=\"has-medium-font-size\">\u201e<em>Po evropsk\u00e9m \u0161ampion\u00e1tu jsem absolvovala vysokohorsk\u00e9 soust\u0159ed\u011bn\u00ed v Rakousku. Tr\u00e9ninky prob\u00edhaly dob\u0159e, i kdy\u017e ur\u010ditou \u00fanavu v noh\u00e1ch st\u00e1le c\u00edt\u00edm. R\u00e1da bych c\u00edlila na \u010das, kter\u00fd jsem zde zab\u011bhla loni, ale uvid\u00edme, jak mi z\u00e1vod sedne,\u201c<\/em> <strong>shrnula Hrochov\u00e1.<\/strong> V roce 2025 vyhr\u00e1la mezi \u010desk\u00fdmi \u017eenami s \u010dasem 31:38.<\/p>\n\n\n\n<p class=\"has-medium-font-size\">Z\u00e1vod je pro leto\u0161n\u00ed ro\u010dn\u00edk kompletn\u011b vyprod\u00e1n. <\/p>\n\n\n\n<p class=\"has-medium-font-size\"><em>\u201eBirell Grand Prix se kon\u00e1 ji\u017e po dev\u011btadvac\u00e1t\u00e9. Na start se postav\u00ed neuv\u011b\u0159iteln\u00fdch 13,5 tis\u00edce lid\u00ed 98 r\u016fzn\u00fdch n\u00e1rodnost\u00ed. P\u0159ipravena je ikonick\u00e1 ve\u010dern\u00ed trasa s kr\u00e1sn\u00fdmi v\u00fdhledy na Vltavu i <a href=\"https:\/\/prazskyhrad.cz\/\" type=\"link\" id=\"https:\/\/prazskyhrad.cz\/\">Pra\u017esk\u00fd hrad<\/a>,\u201c<\/em> <strong>vyzdvihl Ji\u0159\u00ed Ne\u010d\u00e1sek, \u0159editel marketingu a komunikace po\u0159adatelsk\u00e9 organizace RunCzech.<\/strong><\/p>\n\n\n\n<div style=\"height:44px\" aria-hidden=\"true\" class=\"wp-block-spacer\"><\/div>\n\n\n<div class=\"wp-block-image\">\n<figure class=\"aligncenter size-large\"><img decoding=\"async\" src=\"https:\/\/vcentru.cz\/wp-content\/uploads\/2026\/09\/exis-prague-913261_1280-1024x681.jpg\" alt=\"Prahu \u010dek\u00e1 no\u010dn\u00ed b\u011b\u017eeck\u00fd sv\u00e1tek: Metropole se v sobotu ve\u010der prom\u011bn\u00ed v centrum sv\u011btov\u00e9ho vytrvalostn\u00edho b\u011bhu\" class=\"wp-image-10940\"\/><\/figure><\/div>\n\n\n<div style=\"height:44px\" aria-hidden=\"true\" class=\"wp-block-spacer\"><\/div>\n\n\n\n<p class=\"has-medium-font-size\">Akce se t\u011b\u0161\u00ed dlouhodob\u00e9 podpo\u0159e ze strany m\u011bsta, atletick\u00e9ho svazu i partner\u016f. <\/p>\n\n\n\n<p class=\"has-medium-font-size\"><em>\u201ePraha m\u00e1 dlouhodob\u00e9 strategie zam\u011b\u0159en\u00e9 na podporu turistick\u00e9ho ruchu a akce tohoto typu do nich p\u0159esn\u011b zapadaj\u00ed. Spole\u010densk\u00e1 i ekonomick\u00e1 n\u00e1vratnost takto v\u00fdznamn\u00fdch mezin\u00e1rodn\u00edch ud\u00e1lost\u00ed je vysok\u00e1,\u201c<\/em> <strong>uvedl Tom\u00e1\u0161 Slabihoudek, radn\u00ed hlavn\u00edho m\u011bsta Prahy. <\/strong><\/p>\n\n\n\n<p class=\"has-medium-font-size\">Podle Libora Varhan\u00edka, p\u0159edsedy \u010cesk\u00e9ho atletick\u00e9ho svazu, upev\u0148uj\u00ed silni\u010dn\u00ed b\u011bhy pozici \u010cR na sv\u011btov\u00e9 map\u011b: <em>\u201eD\u00edky RunCzech je \u010cesk\u00e1 republika v\u00fdznamn\u00fdm hr\u00e1\u010dem a ocen\u011bn\u00ed od Sv\u011btov\u00e9 atletiky to potvrzuj\u00ed. Atletika mimo stadiony hraje kl\u00ed\u010dovou roli v propojov\u00e1n\u00ed lid\u00ed.\u201c<\/em><\/p>\n\n\n\n<p class=\"has-medium-font-size\">Tradi\u010dn\u00edm z\u00e1zem\u00edm akce je hotel Hilton Prague. <\/p>\n\n\n\n<p class=\"has-medium-font-size\"><em>\u201eD\u00edky t\u011bmto akc\u00edm p\u0159ij\u00ed\u017ed\u00ed do \u010ceska tis\u00edce b\u011b\u017ec\u016f a vytv\u00e1\u0159ej\u00ed jedine\u010dnou atmosf\u00e9ru. Praha se d\u00edky spolupr\u00e1ci s RunCzech m\u011bn\u00ed v centrum sv\u011btov\u00e9ho b\u011bhu a t\u00e9to v\u00fdsady si nesm\u00edrn\u011b v\u00e1\u017e\u00edme,\u201c<\/em> <strong>popsala obchodn\u00ed \u0159editelka hotelu Dagmar Vr\u00e1nov\u00e1.<\/strong><\/p>\n\n\n\n<div style=\"height:44px\" aria-hidden=\"true\" class=\"wp-block-spacer\"><\/div>\n\n\n<div class=\"wp-block-image\">\n<figure class=\"aligncenter size-large\"><img decoding=\"async\" src=\"https:\/\/vcentru.cz\/wp-content\/uploads\/2026\/09\/felix-mittermeier-prague-3540898_1280-682x1024.jpg\" alt=\"Prahu \u010dek\u00e1 no\u010dn\u00ed b\u011b\u017eeck\u00fd sv\u00e1tek: Metropole se v sobotu ve\u010der prom\u011bn\u00ed v centrum sv\u011btov\u00e9ho vytrvalostn\u00edho b\u011bhu\" class=\"wp-image-10938\"\/><\/figure><\/div>\n\n\n<div style=\"height:44px\" aria-hidden=\"true\" class=\"wp-block-spacer\"><\/div>\n\n\n\n<p class=\"has-medium-font-size\">Titul\u00e1rn\u00ed partner Birell spolupracuje s organiz\u00e1tory ji\u017e 11. rokem. <\/p>\n\n\n\n<p class=\"has-medium-font-size\"><em>\u201eBirell Grand Prix je n\u00e1\u0161 nejobl\u00edben\u011bj\u0161\u00ed z\u00e1vod roku. Letos se \u00fa\u010dastn\u00edci mohou t\u011b\u0161it na novou Birell Music Point z\u00f3nu a z\u00e1rove\u0148 se p\u0159\u00edmo na trati objev\u00ed zhruba 30 \u010dlen\u016f na\u0161eho Pilsner Urquell t\u00fdmu,\u201c<\/em> <strong>nechala se sly\u0161et Michaela Vyhnal\u00edkov\u00e1 z Birellu. <\/strong><\/p>\n\n\n\n<p class=\"has-medium-font-size\">Podobn\u011b to vid\u011bla tak\u00e9 Michaela Hal\u00e1sov\u00e1, sportovn\u00ed marketingov\u00e1 mana\u017eerka firmy Adidas, kter\u00e1 je titul\u00e1rn\u00edm partnerem B\u011bhu pro \u017eeny na 5 km, kter\u00fd p\u0159edch\u00e1z\u00ed hlavn\u00edmu z\u00e1vodu. <\/p>\n\n\n\n<p class=\"has-medium-font-size\"><em>\u201eJsme velmi \u0161\u0165astn\u00ed, \u017ee jsme dlouholet\u00fdmi partnery RunCzech a douf\u00e1me, \u017ee tomu tak bude i nad\u00e1le. Sezona se pro n\u00e1s vyv\u00edj\u00ed skv\u011ble snad v ka\u017ed\u00e9m z\u00e1vod\u011b. Z\u00e1rove\u0148 vn\u00edm\u00e1me plno pozitivn\u00edch emoc\u00ed a p\u0159\u00edb\u011bh\u016f, kter\u00e9 kolem z\u00e1vod\u016f jsou u elitn\u00edch i rekrea\u010dn\u00edch b\u011bh\u016f.<\/em><\/p>\n\n\n\n<div style=\"height:44px\" aria-hidden=\"true\" class=\"wp-block-spacer\"><\/div>\n\n\n<div class=\"wp-block-image\">\n<figure class=\"aligncenter size-large\"><img decoding=\"async\" src=\"https:\/\/vcentru.cz\/wp-content\/uploads\/2026\/09\/bfed9359-34a9-4e02-87cc-99549e400ede-1024x683.jpeg\" alt=\"Prahu \u010dek\u00e1 no\u010dn\u00ed b\u011b\u017eeck\u00fd sv\u00e1tek: Metropole se v sobotu ve\u010der prom\u011bn\u00ed v centrum sv\u011btov\u00e9ho vytrvalostn\u00edho b\u011bhu\" class=\"wp-image-10935\"\/><\/figure><\/div>\n\n\n<div style=\"height:44px\" aria-hidden=\"true\" class=\"wp-block-spacer\"><\/div>\n\n\n\n<p class=\"has-medium-font-size\">Z\u00e1vod m\u00e1 rovn\u011b\u017e charitativn\u00ed rozm\u011br. Organiza\u010dn\u00ed t\u00fdm spolupracuje s nadac\u00ed Pink Bubble, pom\u00e1haj\u00edc\u00ed mlad\u00fdm onkologick\u00fdm pacient\u016fm, a organizac\u00ed Cesta za snem, kter\u00e1 zapojuje do pohybu handicapovan\u00e9 sportovce i s jejich rodinami.<\/p>\n\n\n\n<p class=\"has-medium-font-size\">Z\u00e1vodn\u00ed ve\u010der odstartuje v 18 hodin adidas B\u011bhem pro \u017eeny na 5 km a pokra\u010duje v 19:30 startovn\u00edm v\u00fdst\u0159elem Birell No\u010dn\u00edm B\u011bhem na 10 km. P\u0159enos z\u00e1vodu bude mo\u017en\u00e9 sledovat od 19:10 na Oneplay, p\u0159\u00edpadn\u011b na webov\u00fdch str\u00e1nk\u00e1ch a webu worldathletics.com tak\u00e9 s anglick\u00fdm koment\u00e1\u0159em. <\/p>\n\n\n\n<p class=\"has-medium-font-size\"><strong>Kompletn\u00ed event guide k akci si m\u016f\u017eete p\u0159e\u010d\u00edst <a href=\"https:\/\/runczech.acemlnb.com\/lt.php?x=4lZy~GE4KaOc6835yN9OgxKf2HMgutMgkegwXnTMKXadDa_8zky7x.Vr234Rzk~w_x6yXnPHJGGc6X7-2N1GW~Fv1HEoi8\" target=\"_blank\" rel=\"noreferrer noopener\">zde<\/a>.<\/strong><\/p>\n\n\n\n<div style=\"height:136px\" aria-hidden=\"true\" class=\"wp-block-spacer\"><\/div>\n\n\n\n<figure class=\"wp-block-gallery has-nested-images columns-2 is-cropped wp-block-gallery-1 is-layout-flex wp-block-gallery-is-layout-flex\">\n<figure class=\"wp-block-image size-large\"><img decoding=\"async\" data-id=\"10937\" src=\"https:\/\/vcentru.cz\/wp-content\/uploads\/2026\/09\/husnerova-the-national-museum-of-4544977_1280-1024x683.jpg\" alt=\"Prahu \u010dek\u00e1 no\u010dn\u00ed b\u011b\u017eeck\u00fd sv\u00e1tek: Metropole se v sobotu ve\u010der prom\u011bn\u00ed v centrum sv\u011btov\u00e9ho vytrvalostn\u00edho b\u011bhu\" class=\"wp-image-10937\"\/><\/figure>\n\n\n\n<figure class=\"wp-block-image size-large\"><img decoding=\"async\" data-id=\"10934\" src=\"https:\/\/vcentru.cz\/wp-content\/uploads\/2026\/09\/1c134ea4-4c0e-4f99-9d44-6da310a38bc1-1024x683.jpeg\" alt=\"Prahu \u010dek\u00e1 no\u010dn\u00ed b\u011b\u017eeck\u00fd sv\u00e1tek: Metropole se v sobotu ve\u010der prom\u011bn\u00ed v centrum sv\u011btov\u00e9ho vytrvalostn\u00edho b\u011bhu\" class=\"wp-image-10934\"\/><\/figure>\n\n\n\n<figure class=\"wp-block-image size-large\"><img decoding=\"async\" data-id=\"10939\" src=\"https:\/\/vcentru.cz\/wp-content\/uploads\/2026\/09\/jakob-wiesinger-prague-2395108_1280-1024x714.jpg\" alt=\"Prahu \u010dek\u00e1 no\u010dn\u00ed b\u011b\u017eeck\u00fd sv\u00e1tek: Metropole se v sobotu ve\u010der prom\u011bn\u00ed v centrum sv\u011btov\u00e9ho vytrvalostn\u00edho b\u011bhu\" class=\"wp-image-10939\"\/><\/figure>\n\n\n\n<figure class=\"wp-block-image size-large\"><img decoding=\"async\" data-id=\"10936\" src=\"https:\/\/vcentru.cz\/wp-content\/uploads\/2026\/09\/969d7827-0b99-4c64-9b64-4dcbd3fdba70-1024x683.jpeg\" alt=\"Prahu \u010dek\u00e1 no\u010dn\u00ed b\u011b\u017eeck\u00fd sv\u00e1tek: Metropole se v sobotu ve\u010der prom\u011bn\u00ed v centrum sv\u011btov\u00e9ho vytrvalostn\u00edho b\u011bhu\" class=\"wp-image-10936\"\/><\/figure>\n\n\n\n<figure class=\"wp-block-image size-large\"><img decoding=\"async\" data-id=\"10938\" src=\"https:\/\/vcentru.cz\/wp-content\/uploads\/2026\/09\/felix-mittermeier-prague-3540898_1280-682x1024.jpg\" alt=\"Prahu \u010dek\u00e1 no\u010dn\u00ed b\u011b\u017eeck\u00fd sv\u00e1tek: Metropole se v sobotu ve\u010der prom\u011bn\u00ed v centrum sv\u011btov\u00e9ho vytrvalostn\u00edho b\u011bhu\" class=\"wp-image-10938\"\/><\/figure>\n\n\n\n<figure class=\"wp-block-image size-large\"><img decoding=\"async\" data-id=\"10935\" src=\"https:\/\/vcentru.cz\/wp-content\/uploads\/2026\/09\/bfed9359-34a9-4e02-87cc-99549e400ede-1024x683.jpeg\" alt=\"Prahu \u010dek\u00e1 no\u010dn\u00ed b\u011b\u017eeck\u00fd sv\u00e1tek: Metropole se v sobotu ve\u010der prom\u011bn\u00ed v centrum sv\u011btov\u00e9ho vytrvalostn\u00edho b\u011bhu\" class=\"wp-image-10935\"\/><\/figure>\n\n\n\n<figure class=\"wp-block-image size-large\"><img decoding=\"async\" data-id=\"10940\" src=\"https:\/\/vcentru.cz\/wp-content\/uploads\/2026\/09\/exis-prague-913261_1280-1024x681.jpg\" alt=\"Prahu \u010dek\u00e1 no\u010dn\u00ed b\u011b\u017eeck\u00fd sv\u00e1tek: Metropole se v sobotu ve\u010der prom\u011bn\u00ed v centrum sv\u011btov\u00e9ho vytrvalostn\u00edho b\u011bhu\" class=\"wp-image-10940\"\/><\/figure>\n<\/figure>\n\n\n\n<div style=\"height:45px\" aria-hidden=\"true\" class=\"wp-block-spacer\"><\/div>\n\n\n\n<p class=\"has-medium-font-size\"><strong>Zdroj foto: <\/strong>Birell Grand Prix 2026, Pixabay.com<\/p>\n\n\n\n<div style=\"height:100px\" aria-hidden=\"true\" class=\"wp-block-spacer\"><\/div>\n\n\n\n<p class=\"has-medium-font-size\"><\/p>\n","protected":false},"excerpt":{"rendered":"<p>T\u0159et\u00ed nejv\u011bt\u0161\u00ed b\u011b\u017eeck\u00e1 ud\u00e1lost roku v \u010cesk\u00e9 republice, Birell Grand Prix 2026 a jej\u00ed hlavn\u00ed h\u0159eb Birell Ve\u010dern\u00ed B\u011bh na 10 Km, p\u0159il\u00e1kala na start t\u00e9m\u011b\u0159 14 tis\u00edc b\u011b\u017ec\u016f z 98 zem\u00ed sv\u011bta. Mezi&#46;&#46;&#46;<\/p>\n","protected":false},"author":11,"featured_media":14499,"comment_status":"closed","ping_status":"closed","sticky":false,"template":"","format":"standard","meta":{"_monsterinsights_skip_tracking":false,"_monsterinsights_sitenote_active":false,"_monsterinsights_sitenote_note":"","_monsterinsights_sitenote_category":0,"footnotes":""},"categories":[19,18,175,2,163,166,168,177,10],"tags":[],"yoast_head":"<!-- This site is optimized with the Yoast SEO plugin v21.5 - https:\/\/yoast.com\/wordpress\/plugins\/seo\/ -->\n<title>Prahu \u010dek\u00e1 no\u010dn\u00ed b\u011b\u017eeck\u00fd sv\u00e1tek: Metropole se v sobotu ve\u010der prom\u011bn\u00ed v centrum sv\u011btov\u00e9ho vytrvalostn\u00edho b\u011bhu - CELEBRITYHOUSE.cz<\/title>\n<meta name=\"description\" content=\"T\u0159et\u00ed nejv\u011bt\u0161\u00ed b\u011b\u017eeck\u00e1 ud\u00e1lost roku v \u010cesk\u00e9 republice, Birell Grand Prix 2026 a jej\u00ed hlavn\u00ed h\u0159eb Birell Ve\u010dern\u00ed B\u011bh na 10 Km.\" \/>\n<meta name=\"robots\" content=\"index, follow, max-snippet:-1, max-image-preview:large, max-video-preview:-1\" \/>\n<link rel=\"canonical\" href=\"https:\/\/celebrityhouse.cz\/index.php\/2026\/09\/04\/prahu-ceka-nocni-bezecky-svatek-metropole-se-v-sobotu-vecer-promeni-v-centrum-svetoveho-vytrvalostniho-behu\/\" \/>\n<meta property=\"og:locale\" content=\"cs_CZ\" \/>\n<meta property=\"og:type\" content=\"article\" \/>\n<meta property=\"og:title\" content=\"Prahu \u010dek\u00e1 no\u010dn\u00ed b\u011b\u017eeck\u00fd sv\u00e1tek: Metropole se v sobotu ve\u010der prom\u011bn\u00ed v centrum sv\u011btov\u00e9ho vytrvalostn\u00edho b\u011bhu - CELEBRITYHOUSE.cz\" \/>\n<meta property=\"og:description\" content=\"T\u0159et\u00ed nejv\u011bt\u0161\u00ed b\u011b\u017eeck\u00e1 ud\u00e1lost roku v \u010cesk\u00e9 republice, Birell Grand Prix 2026 a jej\u00ed hlavn\u00ed h\u0159eb Birell Ve\u010dern\u00ed B\u011bh na 10 Km.\" \/>\n<meta property=\"og:url\" content=\"https:\/\/celebrityhouse.cz\/index.php\/2026\/09\/04\/prahu-ceka-nocni-bezecky-svatek-metropole-se-v-sobotu-vecer-promeni-v-centrum-svetoveho-vytrvalostniho-behu\/\" \/>\n<meta property=\"og:site_name\" content=\"CELEBRITYHOUSE.cz\" \/>\n<meta property=\"article:published_time\" content=\"2026-09-04T00:21:56+00:00\" \/>\n<meta property=\"article:modified_time\" content=\"2026-09-05T00:29:17+00:00\" \/>\n<meta property=\"og:image\" content=\"https:\/\/celebrityhouse.cz\/wp-content\/uploads\/2026\/09\/husnerova-the-national-museum-of-4544977_1280.jpg\" \/>\n\t<meta property=\"og:image:width\" content=\"1280\" \/>\n\t<meta property=\"og:image:height\" content=\"854\" \/>\n\t<meta property=\"og:image:type\" content=\"image\/jpeg\" \/>\n<meta name=\"author\" content=\"Jan \u0160m\u00edd\" \/>\n<meta name=\"twitter:card\" content=\"summary_large_image\" \/>\n<meta name=\"twitter:label1\" content=\"Napsal(a)\" \/>\n\t<meta name=\"twitter:data1\" content=\"Jan \u0160m\u00edd\" \/>\n\t<meta name=\"twitter:label2\" content=\"Odhadovan\u00e1 doba \u010dten\u00ed\" \/>\n\t<meta name=\"twitter:data2\" content=\"7 minut\" \/>\n<script type=\"application\/ld+json\" class=\"yoast-schema-graph\">{\"@context\":\"https:\/\/schema.org\",\"@graph\":[{\"@type\":\"Article\",\"@id\":\"https:\/\/celebrityhouse.cz\/index.php\/2026\/09\/04\/prahu-ceka-nocni-bezecky-svatek-metropole-se-v-sobotu-vecer-promeni-v-centrum-svetoveho-vytrvalostniho-behu\/#article\",\"isPartOf\":{\"@id\":\"https:\/\/celebrityhouse.cz\/index.php\/2026\/09\/04\/prahu-ceka-nocni-bezecky-svatek-metropole-se-v-sobotu-vecer-promeni-v-centrum-svetoveho-vytrvalostniho-behu\/\"},\"author\":{\"name\":\"Jan \u0160m\u00edd\",\"@id\":\"https:\/\/celebrityhouse.cz\/#\/schema\/person\/6056184ccce6e1f9bd2bd0750a5831f4\"},\"headline\":\"Prahu \u010dek\u00e1 no\u010dn\u00ed b\u011b\u017eeck\u00fd sv\u00e1tek: Metropole se v sobotu ve\u010der prom\u011bn\u00ed v centrum sv\u011btov\u00e9ho vytrvalostn\u00edho b\u011bhu\",\"datePublished\":\"2026-09-04T00:21:56+00:00\",\"dateModified\":\"2026-09-05T00:29:17+00:00\",\"mainEntityOfPage\":{\"@id\":\"https:\/\/celebrityhouse.cz\/index.php\/2026\/09\/04\/prahu-ceka-nocni-bezecky-svatek-metropole-se-v-sobotu-vecer-promeni-v-centrum-svetoveho-vytrvalostniho-behu\/\"},\"wordCount\":1144,\"publisher\":{\"@id\":\"https:\/\/celebrityhouse.cz\/#organization\"},\"articleSection\":[\"AKCE\",\"LIFESTYLE\",\"NA DOVOLENOU DO PRAHY\",\"NEWS\",\"PRA\u017dSK\u00c1 METROPOLE\",\"PRA\u017dSK\u00c9 P\u0158\u00cdKOPY\",\"PRA\u017dSK\u00dd HRAD\",\"PRA\u017dSK\u00dd V\u00c1CLAV\u00c1K\",\"TIPY &amp; TRENDY\"],\"inLanguage\":\"cs\"},{\"@type\":\"WebPage\",\"@id\":\"https:\/\/celebrityhouse.cz\/index.php\/2026\/09\/04\/prahu-ceka-nocni-bezecky-svatek-metropole-se-v-sobotu-vecer-promeni-v-centrum-svetoveho-vytrvalostniho-behu\/\",\"url\":\"https:\/\/celebrityhouse.cz\/index.php\/2026\/09\/04\/prahu-ceka-nocni-bezecky-svatek-metropole-se-v-sobotu-vecer-promeni-v-centrum-svetoveho-vytrvalostniho-behu\/\",\"name\":\"Prahu \u010dek\u00e1 no\u010dn\u00ed b\u011b\u017eeck\u00fd sv\u00e1tek: Metropole se v sobotu ve\u010der prom\u011bn\u00ed v centrum sv\u011btov\u00e9ho vytrvalostn\u00edho b\u011bhu - CELEBRITYHOUSE.cz\",\"isPartOf\":{\"@id\":\"https:\/\/celebrityhouse.cz\/#website\"},\"datePublished\":\"2026-09-04T00:21:56+00:00\",\"dateModified\":\"2026-09-05T00:29:17+00:00\",\"description\":\"T\u0159et\u00ed nejv\u011bt\u0161\u00ed b\u011b\u017eeck\u00e1 ud\u00e1lost roku v \u010cesk\u00e9 republice, Birell Grand Prix 2026 a jej\u00ed hlavn\u00ed h\u0159eb Birell Ve\u010dern\u00ed B\u011bh na 10 Km.\",\"breadcrumb\":{\"@id\":\"https:\/\/celebrityhouse.cz\/index.php\/2026\/09\/04\/prahu-ceka-nocni-bezecky-svatek-metropole-se-v-sobotu-vecer-promeni-v-centrum-svetoveho-vytrvalostniho-behu\/#breadcrumb\"},\"inLanguage\":\"cs\",\"potentialAction\":[{\"@type\":\"ReadAction\",\"target\":[\"https:\/\/celebrityhouse.cz\/index.php\/2026\/09\/04\/prahu-ceka-nocni-bezecky-svatek-metropole-se-v-sobotu-vecer-promeni-v-centrum-svetoveho-vytrvalostniho-behu\/\"]}]},{\"@type\":\"BreadcrumbList\",\"@id\":\"https:\/\/celebrityhouse.cz\/index.php\/2026\/09\/04\/prahu-ceka-nocni-bezecky-svatek-metropole-se-v-sobotu-vecer-promeni-v-centrum-svetoveho-vytrvalostniho-behu\/#breadcrumb\",\"itemListElement\":[{\"@type\":\"ListItem\",\"position\":1,\"name\":\"Dom\u016f\",\"item\":\"https:\/\/celebrityhouse.cz\/\"},{\"@type\":\"ListItem\",\"position\":2,\"name\":\"Prahu \u010dek\u00e1 no\u010dn\u00ed b\u011b\u017eeck\u00fd sv\u00e1tek: Metropole se v sobotu ve\u010der prom\u011bn\u00ed v centrum sv\u011btov\u00e9ho vytrvalostn\u00edho b\u011bhu\"}]},{\"@type\":\"WebSite\",\"@id\":\"https:\/\/celebrityhouse.cz\/#website\",\"url\":\"https:\/\/celebrityhouse.cz\/\",\"name\":\"CELEBRITYHOUSE.cz\",\"description\":\"Port\u00e1l o showbyznysu...\",\"publisher\":{\"@id\":\"https:\/\/celebrityhouse.cz\/#organization\"},\"potentialAction\":[{\"@type\":\"SearchAction\",\"target\":{\"@type\":\"EntryPoint\",\"urlTemplate\":\"https:\/\/celebrityhouse.cz\/?s={search_term_string}\"},\"query-input\":\"required name=search_term_string\"}],\"inLanguage\":\"cs\"},{\"@type\":\"Organization\",\"@id\":\"https:\/\/celebrityhouse.cz\/#organization\",\"name\":\"CELEBRITYHOUSE.cz\",\"url\":\"https:\/\/celebrityhouse.cz\/\",\"logo\":{\"@type\":\"ImageObject\",\"inLanguage\":\"cs\",\"@id\":\"https:\/\/celebrityhouse.cz\/#\/schema\/logo\/image\/\",\"url\":\"https:\/\/celebrityhouse.cz\/wp-content\/uploads\/2024\/12\/cropped-Logo_CelebrityHouse_2.jpg\",\"contentUrl\":\"https:\/\/celebrityhouse.cz\/wp-content\/uploads\/2024\/12\/cropped-Logo_CelebrityHouse_2.jpg\",\"width\":937,\"height\":510,\"caption\":\"CELEBRITYHOUSE.cz\"},\"image\":{\"@id\":\"https:\/\/celebrityhouse.cz\/#\/schema\/logo\/image\/\"}},{\"@type\":\"Person\",\"@id\":\"https:\/\/celebrityhouse.cz\/#\/schema\/person\/6056184ccce6e1f9bd2bd0750a5831f4\",\"name\":\"Jan \u0160m\u00edd\",\"image\":{\"@type\":\"ImageObject\",\"inLanguage\":\"cs\",\"@id\":\"https:\/\/celebrityhouse.cz\/#\/schema\/person\/image\/\",\"url\":\"https:\/\/secure.gravatar.com\/avatar\/70f8b575525c369952d0b7a7cdfa779b?s=96&d=mm&r=g\",\"contentUrl\":\"https:\/\/secure.gravatar.com\/avatar\/70f8b575525c369952d0b7a7cdfa779b?s=96&d=mm&r=g\",\"caption\":\"Jan \u0160m\u00edd\"},\"sameAs\":[\"http:\/\/CINEMAHOUSE.cz\"],\"url\":\"https:\/\/celebrityhouse.cz\/index.php\/author\/sjan\/\"}]}<\/script>\n<!-- \/ Yoast SEO plugin. -->","yoast_head_json":{"title":"Prahu \u010dek\u00e1 no\u010dn\u00ed b\u011b\u017eeck\u00fd sv\u00e1tek: Metropole se v sobotu ve\u010der prom\u011bn\u00ed v centrum sv\u011btov\u00e9ho vytrvalostn\u00edho b\u011bhu - CELEBRITYHOUSE.cz","description":"T\u0159et\u00ed nejv\u011bt\u0161\u00ed b\u011b\u017eeck\u00e1 ud\u00e1lost roku v \u010cesk\u00e9 republice, Birell Grand Prix 2026 a jej\u00ed hlavn\u00ed h\u0159eb Birell Ve\u010dern\u00ed B\u011bh na 10 Km.","robots":{"index":"index","follow":"follow","max-snippet":"max-snippet:-1","max-image-preview":"max-image-preview:large","max-video-preview":"max-video-preview:-1"},"canonical":"https:\/\/celebrityhouse.cz\/index.php\/2026\/09\/04\/prahu-ceka-nocni-bezecky-svatek-metropole-se-v-sobotu-vecer-promeni-v-centrum-svetoveho-vytrvalostniho-behu\/","og_locale":"cs_CZ","og_type":"article","og_title":"Prahu \u010dek\u00e1 no\u010dn\u00ed b\u011b\u017eeck\u00fd sv\u00e1tek: Metropole se v sobotu ve\u010der prom\u011bn\u00ed v centrum sv\u011btov\u00e9ho vytrvalostn\u00edho b\u011bhu - CELEBRITYHOUSE.cz","og_description":"T\u0159et\u00ed nejv\u011bt\u0161\u00ed b\u011b\u017eeck\u00e1 ud\u00e1lost roku v \u010cesk\u00e9 republice, Birell Grand Prix 2026 a jej\u00ed hlavn\u00ed h\u0159eb Birell Ve\u010dern\u00ed B\u011bh na 10 Km.","og_url":"https:\/\/celebrityhouse.cz\/index.php\/2026\/09\/04\/prahu-ceka-nocni-bezecky-svatek-metropole-se-v-sobotu-vecer-promeni-v-centrum-svetoveho-vytrvalostniho-behu\/","og_site_name":"CELEBRITYHOUSE.cz","article_published_time":"2026-09-04T00:21:56+00:00","article_modified_time":"2026-09-05T00:29:17+00:00","og_image":[{"width":1280,"height":854,"url":"https:\/\/celebrityhouse.cz\/wp-content\/uploads\/2026\/09\/husnerova-the-national-museum-of-4544977_1280.jpg","type":"image\/jpeg"}],"author":"Jan \u0160m\u00edd","twitter_card":"summary_large_image","twitter_misc":{"Napsal(a)":"Jan \u0160m\u00edd","Odhadovan\u00e1 doba \u010dten\u00ed":"7 minut"},"schema":{"@context":"https:\/\/schema.org","@graph":[{"@type":"Article","@id":"https:\/\/celebrityhouse.cz\/index.php\/2026\/09\/04\/prahu-ceka-nocni-bezecky-svatek-metropole-se-v-sobotu-vecer-promeni-v-centrum-svetoveho-vytrvalostniho-behu\/#article","isPartOf":{"@id":"https:\/\/celebrityhouse.cz\/index.php\/2026\/09\/04\/prahu-ceka-nocni-bezecky-svatek-metropole-se-v-sobotu-vecer-promeni-v-centrum-svetoveho-vytrvalostniho-behu\/"},"author":{"name":"Jan \u0160m\u00edd","@id":"https:\/\/celebrityhouse.cz\/#\/schema\/person\/6056184ccce6e1f9bd2bd0750a5831f4"},"headline":"Prahu \u010dek\u00e1 no\u010dn\u00ed b\u011b\u017eeck\u00fd sv\u00e1tek: Metropole se v sobotu ve\u010der prom\u011bn\u00ed v centrum sv\u011btov\u00e9ho vytrvalostn\u00edho b\u011bhu","datePublished":"2026-09-04T00:21:56+00:00","dateModified":"2026-09-05T00:29:17+00:00","mainEntityOfPage":{"@id":"https:\/\/celebrityhouse.cz\/index.php\/2026\/09\/04\/prahu-ceka-nocni-bezecky-svatek-metropole-se-v-sobotu-vecer-promeni-v-centrum-svetoveho-vytrvalostniho-behu\/"},"wordCount":1144,"publisher":{"@id":"https:\/\/celebrityhouse.cz\/#organization"},"articleSection":["AKCE","LIFESTYLE","NA DOVOLENOU DO PRAHY","NEWS","PRA\u017dSK\u00c1 METROPOLE","PRA\u017dSK\u00c9 P\u0158\u00cdKOPY","PRA\u017dSK\u00dd HRAD","PRA\u017dSK\u00dd V\u00c1CLAV\u00c1K","TIPY &amp; TRENDY"],"inLanguage":"cs"},{"@type":"WebPage","@id":"https:\/\/celebrityhouse.cz\/index.php\/2026\/09\/04\/prahu-ceka-nocni-bezecky-svatek-metropole-se-v-sobotu-vecer-promeni-v-centrum-svetoveho-vytrvalostniho-behu\/","url":"https:\/\/celebrityhouse.cz\/index.php\/2026\/09\/04\/prahu-ceka-nocni-bezecky-svatek-metropole-se-v-sobotu-vecer-promeni-v-centrum-svetoveho-vytrvalostniho-behu\/","name":"Prahu \u010dek\u00e1 no\u010dn\u00ed b\u011b\u017eeck\u00fd sv\u00e1tek: Metropole se v sobotu ve\u010der prom\u011bn\u00ed v centrum sv\u011btov\u00e9ho vytrvalostn\u00edho b\u011bhu - CELEBRITYHOUSE.cz","isPartOf":{"@id":"https:\/\/celebrityhouse.cz\/#website"},"datePublished":"2026-09-04T00:21:56+00:00","dateModified":"2026-09-05T00:29:17+00:00","description":"T\u0159et\u00ed nejv\u011bt\u0161\u00ed b\u011b\u017eeck\u00e1 ud\u00e1lost roku v \u010cesk\u00e9 republice, Birell Grand Prix 2026 a jej\u00ed hlavn\u00ed h\u0159eb Birell Ve\u010dern\u00ed B\u011bh na 10 Km.","breadcrumb":{"@id":"https:\/\/celebrityhouse.cz\/index.php\/2026\/09\/04\/prahu-ceka-nocni-bezecky-svatek-metropole-se-v-sobotu-vecer-promeni-v-centrum-svetoveho-vytrvalostniho-behu\/#breadcrumb"},"inLanguage":"cs","potentialAction":[{"@type":"ReadAction","target":["https:\/\/celebrityhouse.cz\/index.php\/2026\/09\/04\/prahu-ceka-nocni-bezecky-svatek-metropole-se-v-sobotu-vecer-promeni-v-centrum-svetoveho-vytrvalostniho-behu\/"]}]},{"@type":"BreadcrumbList","@id":"https:\/\/celebrityhouse.cz\/index.php\/2026\/09\/04\/prahu-ceka-nocni-bezecky-svatek-metropole-se-v-sobotu-vecer-promeni-v-centrum-svetoveho-vytrvalostniho-behu\/#breadcrumb","itemListElement":[{"@type":"ListItem","position":1,"name":"Dom\u016f","item":"https:\/\/celebrityhouse.cz\/"},{"@type":"ListItem","position":2,"name":"Prahu \u010dek\u00e1 no\u010dn\u00ed b\u011b\u017eeck\u00fd sv\u00e1tek: Metropole se v sobotu ve\u010der prom\u011bn\u00ed v centrum sv\u011btov\u00e9ho vytrvalostn\u00edho b\u011bhu"}]},{"@type":"WebSite","@id":"https:\/\/celebrityhouse.cz\/#website","url":"https:\/\/celebrityhouse.cz\/","name":"CELEBRITYHOUSE.cz","description":"Port\u00e1l o showbyznysu...","publisher":{"@id":"https:\/\/celebrityhouse.cz\/#organization"},"potentialAction":[{"@type":"SearchAction","target":{"@type":"EntryPoint","urlTemplate":"https:\/\/celebrityhouse.cz\/?s={search_term_string}"},"query-input":"required name=search_term_string"}],"inLanguage":"cs"},{"@type":"Organization","@id":"https:\/\/celebrityhouse.cz\/#organization","name":"CELEBRITYHOUSE.cz","url":"https:\/\/celebrityhouse.cz\/","logo":{"@type":"ImageObject","inLanguage":"cs","@id":"https:\/\/celebrityhouse.cz\/#\/schema\/logo\/image\/","url":"https:\/\/celebrityhouse.cz\/wp-content\/uploads\/2024\/12\/cropped-Logo_CelebrityHouse_2.jpg","contentUrl":"https:\/\/celebrityhouse.cz\/wp-content\/uploads\/2024\/12\/cropped-Logo_CelebrityHouse_2.jpg","width":937,"height":510,"caption":"CELEBRITYHOUSE.cz"},"image":{"@id":"https:\/\/celebrityhouse.cz\/#\/schema\/logo\/image\/"}},{"@type":"Person","@id":"https:\/\/celebrityhouse.cz\/#\/schema\/person\/6056184ccce6e1f9bd2bd0750a5831f4","name":"Jan \u0160m\u00edd","image":{"@type":"ImageObject","inLanguage":"cs","@id":"https:\/\/celebrityhouse.cz\/#\/schema\/person\/image\/","url":"https:\/\/secure.gravatar.com\/avatar\/70f8b575525c369952d0b7a7cdfa779b?s=96&d=mm&r=g","contentUrl":"https:\/\/secure.gravatar.com\/avatar\/70f8b575525c369952d0b7a7cdfa779b?s=96&d=mm&r=g","caption":"Jan \u0160m\u00edd"},"sameAs":["http:\/\/CINEMAHOUSE.cz"],"url":"https:\/\/celebrityhouse.cz\/index.php\/author\/sjan\/"}]}},"_links":{"self":[{"href":"https:\/\/celebrityhouse.cz\/index.php\/wp-json\/wp\/v2\/posts\/14498"}],"collection":[{"href":"https:\/\/celebrityhouse.cz\/index.php\/wp-json\/wp\/v2\/posts"}],"about":[{"href":"https:\/\/celebrityhouse.cz\/index.php\/wp-json\/wp\/v2\/types\/post"}],"author":[{"embeddable":true,"href":"https:\/\/celebrityhouse.cz\/index.php\/wp-json\/wp\/v2\/users\/11"}],"replies":[{"embeddable":true,"href":"https:\/\/celebrityhouse.cz\/index.php\/wp-json\/wp\/v2\/comments?post=14498"}],"version-history":[{"count":1,"href":"https:\/\/celebrityhouse.cz\/index.php\/wp-json\/wp\/v2\/posts\/14498\/revisions"}],"predecessor-version":[{"id":14500,"href":"https:\/\/celebrityhouse.cz\/index.php\/wp-json\/wp\/v2\/posts\/14498\/revisions\/14500"}],"wp:featuredmedia":[{"embeddable":true,"href":"https:\/\/celebrityhouse.cz\/index.php\/wp-json\/wp\/v2\/media\/14499"}],"wp:attachment":[{"href":"https:\/\/celebrityhouse.cz\/index.php\/wp-json\/wp\/v2\/media?parent=14498"}],"wp:term":[{"taxonomy":"category","embeddable":true,"href":"https:\/\/celebrityhouse.cz\/index.php\/wp-json\/wp\/v2\/categories?post=14498"},{"taxonomy":"post_tag","embeddable":true,"href":"https:\/\/celebrityhouse.cz\/index.php\/wp-json\/wp\/v2\/tags?post=14498"}],"curies":[{"name":"wp","href":"https:\/\/api.w.org\/{rel}","templated":true}]}}