{"id":1768,"date":"2020-01-24T01:19:13","date_gmt":"2020-01-24T00:19:13","guid":{"rendered":"http:\/\/celebrityhouse.cz\/?p=1768"},"modified":"2020-01-24T01:19:15","modified_gmt":"2020-01-24T00:19:15","slug":"atrium-flora-prinese-dalsi-rocnik-akce-den-kdy-se-mam-rada","status":"publish","type":"post","link":"https:\/\/celebrityhouse.cz\/index.php\/2020\/01\/24\/atrium-flora-prinese-dalsi-rocnik-akce-den-kdy-se-mam-rada\/","title":{"rendered":"Atrium Flora p\u0159inese dal\u0161\u00ed ro\u010dn\u00edk akce Den, kdy se m\u00e1m r\u00e1da"},"content":{"rendered":"\n<p><strong>V\u00a0Atriu Flora prob\u011bhne 25. ledna od 12 do 18 hodin ji\u017e p\u00e1t\u00fd ro\u010dn\u00edk akce Den, kdy se m\u00e1m r\u00e1da, ur\u010den\u00e9 pro v\u0161echny \u017eeny. Tento den na podporu \u017eensk\u00e9ho sebev\u011bdom\u00ed p\u0159inese bohat\u00fd program v\u00a0podob\u011b workshop\u016f, poradensk\u00fdch koutk\u016f, nejr\u016fzn\u011bj\u0161\u00edch st\u00e1nk\u016f, ale i d\u00e1rk\u016f pro \u017eeny. Akc\u00ed n\u00e1v\u0161t\u011bvn\u00edky provede moder\u00e1torka G\u00e1bina Party\u0161ov\u00e1.<\/strong><\/p>\n\n\n\n<figure class=\"wp-block-image\"><img loading=\"lazy\" decoding=\"async\" width=\"1024\" height=\"682\" src=\"http:\/\/celebrityhouse.cz\/wp-content\/uploads\/2020\/01\/foto1-1024x682.jpg\" alt=\"\" class=\"wp-image-1769\" srcset=\"https:\/\/celebrityhouse.cz\/wp-content\/uploads\/2020\/01\/foto1-1024x682.jpg 1024w, https:\/\/celebrityhouse.cz\/wp-content\/uploads\/2020\/01\/foto1-300x200.jpg 300w, https:\/\/celebrityhouse.cz\/wp-content\/uploads\/2020\/01\/foto1-768x512.jpg 768w, https:\/\/celebrityhouse.cz\/wp-content\/uploads\/2020\/01\/foto1.jpg 1712w\" sizes=\"(max-width: 1024px) 100vw, 1024px\" \/><\/figure>\n\n\n\n<p> Ji\u017e v\u00a0sobotu 25. ledna \u010dek\u00e1 na v\u0161echny \u017eeny od 12 do 18 hodin pestr\u00fd program v\u00a0obchodn\u00edm centru Atrium Flora v\u00a0r\u00e1mci ud\u00e1losti Den, kdy se m\u00e1m r\u00e1da. Nechte se h\u00fd\u010dkat od 70 odborn\u00edk\u016f a z\u00edskejte nov\u00e9 znalosti na n\u011bkter\u00e9m z 20 workshop\u016f. Na v\u0161echny z\u00fa\u010dastn\u011bn\u00e9 \u017eeny bude \u010dekat dohromady na 10\u00a0000 d\u00e1rk\u016f. Tento ji\u017e p\u00e1t\u00fd ro\u010dn\u00edk dne na podporu \u017eensk\u00e9ho sebev\u011bdom\u00ed bude opravdu nabit\u00fd pestr\u00fdm programem, kter\u00fd pot\u011b\u0161\u00ed v\u0161echny n\u00e1v\u0161t\u011bvnice. Sou\u010d\u00e1st\u00ed akce budou i tv\u016fr\u010d\u00ed koutky po\u0159\u00e1dan\u00e9 ve spolupr\u00e1ci s\u00a0po\u0159adem \u010cT 1 V\u0161echno, co m\u00e1m r\u00e1da.<\/p>\n\n\n\n<figure class=\"wp-block-image\"><img loading=\"lazy\" decoding=\"async\" width=\"1024\" height=\"684\" src=\"http:\/\/celebrityhouse.cz\/wp-content\/uploads\/2020\/01\/foto3-1024x684.jpg\" alt=\"\" class=\"wp-image-1771\" srcset=\"https:\/\/celebrityhouse.cz\/wp-content\/uploads\/2020\/01\/foto3-1024x684.jpg 1024w, https:\/\/celebrityhouse.cz\/wp-content\/uploads\/2020\/01\/foto3-300x200.jpg 300w, https:\/\/celebrityhouse.cz\/wp-content\/uploads\/2020\/01\/foto3-768x513.jpg 768w, https:\/\/celebrityhouse.cz\/wp-content\/uploads\/2020\/01\/foto3.jpg 1709w\" sizes=\"(max-width: 1024px) 100vw, 1024px\" \/><\/figure>\n\n\n\n<p>\nCel\u00fdm\nodpolednem v\u00e1s bude prov\u00e1zet moder\u00e1torka G\u00e1bina Party\u0161ov\u00e1.\nTv\u00e1\u0159emi akce jsou nap\u0159\u00edklad \u00fasp\u011b\u0161n\u00e1 mentorka a kou\u010dka Janka\nChudl\u00edkov\u00e1 \u010di zakladatelka projektu \u017deny s.r.o. Eva \u010cejkov\u00e1\nVa\u0161kov\u00e1, kter\u00e1 je z\u00e1rove\u0148 moder\u00e1torkou po\u0159adu V\u0161echno, co m\u00e1m\nr\u00e1da od \u010cT 1. Na p\u00f3diu v\u00e1s \u010dek\u00e1 tak\u00e9 vystoupen\u00ed Martiny\nP\u00e1rtlov\u00e9 s&nbsp;kapelou a zn\u00e1m\u00e9ho muzik\u00e1lov\u00e9ho zp\u011bv\u00e1ka Petra\nMach\u00e1\u010dka.<\/p>\n\n\n\n<p> Ke st\u00e1le obl\u00edben\u011bj\u0161\u00ed akci pat\u0159\u00ed opravdu pestr\u00fd program, d\u00edky kter\u00e9mu si ka\u017ed\u00e1 \u017eena najde n\u011bco pro sebe. Bohat\u00e1 nab\u00eddka zahrnuje rozmazlov\u00e1n\u00ed od profesion\u00e1ln\u00edch stylist\u016f, kte\u0159\u00ed v\u00e1m r\u00e1di porad\u00ed v\u00a0oblasti m\u00f3dy, od zku\u0161en\u00fdch viz\u00e1\u017eist\u016f, abyste se i vy mohla st\u00e1t hv\u011bzdou, \u010di od mas\u00e9r\u016f a terapeut\u016f, kte\u0159\u00ed v\u00e1s zaslou\u017een\u011b uvoln\u00ed a ulev\u00ed v\u00e1m od nap\u011bt\u00ed i stresu. Spolu s\u00a0odborn\u00edky na \u017eivotn\u00ed harmonii si budete moci vyzkou\u0161et tai-\u010di, j\u00f3gu nebo relaxa\u010dn\u00ed cvi\u010den\u00ed, dietologov\u00e9 v\u00e1m porad\u00ed, jak zredukovat v\u00e1hu \u010di zdrav\u011b pro\u010distit va\u0161e t\u011blo, a spiritu\u00e1ln\u00ed m\u00fazy v\u00e1s provedou duchovn\u00edm sv\u011btem mandal \u010di osobn\u00ed v\u011b\u0161tby. T\u011b\u0161it se m\u016f\u017eete i na poradce z\u00a0oblasti zdrav\u00e9ho \u017eivotn\u00edho stylu, kte\u0159\u00ed v\u00e1m spo\u010d\u00edtaj\u00ed va\u0161e BMI a zodpov\u011bd\u00ed va\u0161e ot\u00e1zky ohledn\u011b v\u00fd\u017eivy a sportu. Krom\u011b toho na v\u00e1s \u010dek\u00e1 spousta dal\u0161\u00edch inspirativn\u00edch profesion\u00e1l\u016f.  <\/p>\n\n\n\n<figure class=\"wp-block-image\"><img loading=\"lazy\" decoding=\"async\" width=\"1024\" height=\"1024\" src=\"http:\/\/celebrityhouse.cz\/wp-content\/uploads\/2020\/01\/vizual2-1-1024x1024.jpg\" alt=\"\" class=\"wp-image-1773\" srcset=\"https:\/\/celebrityhouse.cz\/wp-content\/uploads\/2020\/01\/vizual2-1-1024x1024.jpg 1024w, https:\/\/celebrityhouse.cz\/wp-content\/uploads\/2020\/01\/vizual2-1-150x150.jpg 150w, https:\/\/celebrityhouse.cz\/wp-content\/uploads\/2020\/01\/vizual2-1-300x300.jpg 300w, https:\/\/celebrityhouse.cz\/wp-content\/uploads\/2020\/01\/vizual2-1-768x768.jpg 768w, https:\/\/celebrityhouse.cz\/wp-content\/uploads\/2020\/01\/vizual2-1-160x160.jpg 160w, https:\/\/celebrityhouse.cz\/wp-content\/uploads\/2020\/01\/vizual2-1-320x320.jpg 320w, https:\/\/celebrityhouse.cz\/wp-content\/uploads\/2020\/01\/vizual2-1.jpg 1200w\" sizes=\"(max-width: 1024px) 100vw, 1024px\" \/><\/figure>\n\n\n\n<p><strong>P\u0159ij\u010fte se nechat h\u00fd\u010dkat ji\u017e 25. ledna od 12 hodin do Atria Flora. Bli\u017e\u0161\u00ed informace najdete na <\/strong><a href=\"http:\/\/www.atrium-flora.cz\/\"><strong>www.atrium-flora.cz<\/strong><\/a><strong> a <\/strong><a href=\"http:\/\/www.zenysro.cz\/\"><strong>www.zenysro.cz<\/strong><\/a><strong> nebo na facebookov\u00fdch str\u00e1nk\u00e1ch obchodn\u00edho centra Atrium Flora a ud\u00e1losti Den, kdy se m\u00e1m r\u00e1da v Praze.<\/strong><\/p>\n\n\n\n<ul class=\"wp-block-gallery columns-3 is-cropped wp-block-gallery-1 is-layout-flex wp-block-gallery-is-layout-flex\"><li class=\"blocks-gallery-item\"><figure><img loading=\"lazy\" decoding=\"async\" width=\"1024\" height=\"682\" src=\"http:\/\/celebrityhouse.cz\/wp-content\/uploads\/2020\/01\/foto1-1024x682.jpg\" alt=\"\" data-id=\"1769\" data-link=\"http:\/\/celebrityhouse.cz\/?attachment_id=1769\" class=\"wp-image-1769\" srcset=\"https:\/\/celebrityhouse.cz\/wp-content\/uploads\/2020\/01\/foto1-1024x682.jpg 1024w, https:\/\/celebrityhouse.cz\/wp-content\/uploads\/2020\/01\/foto1-300x200.jpg 300w, https:\/\/celebrityhouse.cz\/wp-content\/uploads\/2020\/01\/foto1-768x512.jpg 768w, https:\/\/celebrityhouse.cz\/wp-content\/uploads\/2020\/01\/foto1.jpg 1712w\" sizes=\"(max-width: 1024px) 100vw, 1024px\" \/><\/figure><\/li><li class=\"blocks-gallery-item\"><figure><img loading=\"lazy\" decoding=\"async\" width=\"1024\" height=\"682\" src=\"http:\/\/celebrityhouse.cz\/wp-content\/uploads\/2020\/01\/foto2-1-1024x682.jpg\" alt=\"\" data-id=\"1770\" data-link=\"http:\/\/celebrityhouse.cz\/?attachment_id=1770\" class=\"wp-image-1770\" srcset=\"https:\/\/celebrityhouse.cz\/wp-content\/uploads\/2020\/01\/foto2-1-1024x682.jpg 1024w, https:\/\/celebrityhouse.cz\/wp-content\/uploads\/2020\/01\/foto2-1-300x200.jpg 300w, https:\/\/celebrityhouse.cz\/wp-content\/uploads\/2020\/01\/foto2-1-768x512.jpg 768w, https:\/\/celebrityhouse.cz\/wp-content\/uploads\/2020\/01\/foto2-1.jpg 1712w\" sizes=\"(max-width: 1024px) 100vw, 1024px\" \/><\/figure><\/li><li class=\"blocks-gallery-item\"><figure><img loading=\"lazy\" decoding=\"async\" width=\"1024\" height=\"684\" src=\"http:\/\/celebrityhouse.cz\/wp-content\/uploads\/2020\/01\/foto3-1024x684.jpg\" alt=\"\" data-id=\"1771\" data-link=\"http:\/\/celebrityhouse.cz\/?attachment_id=1771\" class=\"wp-image-1771\" srcset=\"https:\/\/celebrityhouse.cz\/wp-content\/uploads\/2020\/01\/foto3-1024x684.jpg 1024w, https:\/\/celebrityhouse.cz\/wp-content\/uploads\/2020\/01\/foto3-300x200.jpg 300w, https:\/\/celebrityhouse.cz\/wp-content\/uploads\/2020\/01\/foto3-768x513.jpg 768w, https:\/\/celebrityhouse.cz\/wp-content\/uploads\/2020\/01\/foto3.jpg 1709w\" sizes=\"(max-width: 1024px) 100vw, 1024px\" \/><\/figure><\/li><li class=\"blocks-gallery-item\"><figure><img loading=\"lazy\" decoding=\"async\" width=\"576\" height=\"1024\" src=\"http:\/\/celebrityhouse.cz\/wp-content\/uploads\/2020\/01\/vizual1-1-576x1024.jpg\" alt=\"\" data-id=\"1772\" data-link=\"http:\/\/celebrityhouse.cz\/?attachment_id=1772\" class=\"wp-image-1772\" srcset=\"https:\/\/celebrityhouse.cz\/wp-content\/uploads\/2020\/01\/vizual1-1-576x1024.jpg 576w, https:\/\/celebrityhouse.cz\/wp-content\/uploads\/2020\/01\/vizual1-1-169x300.jpg 169w, https:\/\/celebrityhouse.cz\/wp-content\/uploads\/2020\/01\/vizual1-1-768x1365.jpg 768w, https:\/\/celebrityhouse.cz\/wp-content\/uploads\/2020\/01\/vizual1-1.jpg 1080w\" sizes=\"(max-width: 576px) 100vw, 576px\" \/><\/figure><\/li><\/ul>\n","protected":false},"excerpt":{"rendered":"<p>V\u00a0Atriu Flora prob\u011bhne 25. ledna od 12 do 18 hodin ji\u017e p\u00e1t\u00fd ro\u010dn\u00edk akce Den, kdy se m\u00e1m r\u00e1da, ur\u010den\u00e9 pro v\u0161echny \u017eeny. Tento den na podporu \u017eensk\u00e9ho sebev\u011bdom\u00ed p\u0159inese bohat\u00fd program v\u00a0podob\u011b workshop\u016f,&#46;&#46;&#46;<\/p>\n","protected":false},"author":2,"featured_media":1770,"comment_status":"closed","ping_status":"closed","sticky":false,"template":"","format":"standard","meta":{"_monsterinsights_skip_tracking":false,"_monsterinsights_sitenote_active":false,"_monsterinsights_sitenote_note":"","_monsterinsights_sitenote_category":0,"footnotes":""},"categories":[19,3,2],"tags":[],"yoast_head":"<!-- This site is optimized with the Yoast SEO plugin v21.5 - https:\/\/yoast.com\/wordpress\/plugins\/seo\/ -->\n<title>Atrium Flora p\u0159inese dal\u0161\u00ed ro\u010dn\u00edk akce Den, kdy se m\u00e1m r\u00e1da - CELEBRITYHOUSE.cz<\/title>\n<meta name=\"robots\" content=\"index, follow, max-snippet:-1, max-image-preview:large, max-video-preview:-1\" \/>\n<link rel=\"canonical\" href=\"https:\/\/celebrityhouse.cz\/index.php\/2020\/01\/24\/atrium-flora-prinese-dalsi-rocnik-akce-den-kdy-se-mam-rada\/\" \/>\n<meta property=\"og:locale\" content=\"cs_CZ\" \/>\n<meta property=\"og:type\" content=\"article\" \/>\n<meta property=\"og:title\" content=\"Atrium Flora p\u0159inese dal\u0161\u00ed ro\u010dn\u00edk akce Den, kdy se m\u00e1m r\u00e1da - CELEBRITYHOUSE.cz\" \/>\n<meta property=\"og:description\" content=\"V\u00a0Atriu Flora prob\u011bhne 25. ledna od 12 do 18 hodin ji\u017e p\u00e1t\u00fd ro\u010dn\u00edk akce Den, kdy se m\u00e1m r\u00e1da, ur\u010den\u00e9 pro v\u0161echny \u017eeny. Tento den na podporu \u017eensk\u00e9ho sebev\u011bdom\u00ed p\u0159inese bohat\u00fd program v\u00a0podob\u011b workshop\u016f,&#046;&#046;&#046;\" \/>\n<meta property=\"og:url\" content=\"https:\/\/celebrityhouse.cz\/index.php\/2020\/01\/24\/atrium-flora-prinese-dalsi-rocnik-akce-den-kdy-se-mam-rada\/\" \/>\n<meta property=\"og:site_name\" content=\"CELEBRITYHOUSE.cz\" \/>\n<meta property=\"article:published_time\" content=\"2020-01-24T00:19:13+00:00\" \/>\n<meta property=\"article:modified_time\" content=\"2020-01-24T00:19:15+00:00\" \/>\n<meta property=\"og:image\" content=\"https:\/\/celebrityhouse.cz\/wp-content\/uploads\/2020\/01\/foto2-1.jpg\" \/>\n\t<meta property=\"og:image:width\" content=\"1712\" \/>\n\t<meta property=\"og:image:height\" content=\"1141\" \/>\n\t<meta property=\"og:image:type\" content=\"image\/jpeg\" \/>\n<meta name=\"author\" content=\"Jolana Hol\u00e1\u0148ov\u00e1\" \/>\n<meta name=\"twitter:card\" content=\"summary_large_image\" \/>\n<meta name=\"twitter:label1\" content=\"Napsal(a)\" \/>\n\t<meta name=\"twitter:data1\" content=\"Jolana Hol\u00e1\u0148ov\u00e1\" \/>\n\t<meta name=\"twitter:label2\" content=\"Odhadovan\u00e1 doba \u010dten\u00ed\" \/>\n\t<meta name=\"twitter:data2\" content=\"3 minuty\" \/>\n<script type=\"application\/ld+json\" class=\"yoast-schema-graph\">{\"@context\":\"https:\/\/schema.org\",\"@graph\":[{\"@type\":\"Article\",\"@id\":\"https:\/\/celebrityhouse.cz\/index.php\/2020\/01\/24\/atrium-flora-prinese-dalsi-rocnik-akce-den-kdy-se-mam-rada\/#article\",\"isPartOf\":{\"@id\":\"https:\/\/celebrityhouse.cz\/index.php\/2020\/01\/24\/atrium-flora-prinese-dalsi-rocnik-akce-den-kdy-se-mam-rada\/\"},\"author\":{\"name\":\"Jolana Hol\u00e1\u0148ov\u00e1\",\"@id\":\"https:\/\/celebrityhouse.cz\/#\/schema\/person\/d017015938d4512794986427eb23a2e9\"},\"headline\":\"Atrium Flora p\u0159inese dal\u0161\u00ed ro\u010dn\u00edk akce Den, kdy se m\u00e1m r\u00e1da\",\"datePublished\":\"2020-01-24T00:19:13+00:00\",\"dateModified\":\"2020-01-24T00:19:15+00:00\",\"mainEntityOfPage\":{\"@id\":\"https:\/\/celebrityhouse.cz\/index.php\/2020\/01\/24\/atrium-flora-prinese-dalsi-rocnik-akce-den-kdy-se-mam-rada\/\"},\"wordCount\":519,\"publisher\":{\"@id\":\"https:\/\/celebrityhouse.cz\/#organization\"},\"articleSection\":[\"AKCE\",\"\u010cESK\u00c9 CELEBRITY\",\"NEWS\"],\"inLanguage\":\"cs\"},{\"@type\":\"WebPage\",\"@id\":\"https:\/\/celebrityhouse.cz\/index.php\/2020\/01\/24\/atrium-flora-prinese-dalsi-rocnik-akce-den-kdy-se-mam-rada\/\",\"url\":\"https:\/\/celebrityhouse.cz\/index.php\/2020\/01\/24\/atrium-flora-prinese-dalsi-rocnik-akce-den-kdy-se-mam-rada\/\",\"name\":\"Atrium Flora p\u0159inese dal\u0161\u00ed ro\u010dn\u00edk akce Den, kdy se m\u00e1m r\u00e1da - CELEBRITYHOUSE.cz\",\"isPartOf\":{\"@id\":\"https:\/\/celebrityhouse.cz\/#website\"},\"datePublished\":\"2020-01-24T00:19:13+00:00\",\"dateModified\":\"2020-01-24T00:19:15+00:00\",\"breadcrumb\":{\"@id\":\"https:\/\/celebrityhouse.cz\/index.php\/2020\/01\/24\/atrium-flora-prinese-dalsi-rocnik-akce-den-kdy-se-mam-rada\/#breadcrumb\"},\"inLanguage\":\"cs\",\"potentialAction\":[{\"@type\":\"ReadAction\",\"target\":[\"https:\/\/celebrityhouse.cz\/index.php\/2020\/01\/24\/atrium-flora-prinese-dalsi-rocnik-akce-den-kdy-se-mam-rada\/\"]}]},{\"@type\":\"BreadcrumbList\",\"@id\":\"https:\/\/celebrityhouse.cz\/index.php\/2020\/01\/24\/atrium-flora-prinese-dalsi-rocnik-akce-den-kdy-se-mam-rada\/#breadcrumb\",\"itemListElement\":[{\"@type\":\"ListItem\",\"position\":1,\"name\":\"Dom\u016f\",\"item\":\"https:\/\/celebrityhouse.cz\/\"},{\"@type\":\"ListItem\",\"position\":2,\"name\":\"Atrium Flora p\u0159inese dal\u0161\u00ed ro\u010dn\u00edk akce Den, kdy se m\u00e1m r\u00e1da\"}]},{\"@type\":\"WebSite\",\"@id\":\"https:\/\/celebrityhouse.cz\/#website\",\"url\":\"https:\/\/celebrityhouse.cz\/\",\"name\":\"CELEBRITYHOUSE.cz\",\"description\":\"Port\u00e1l o showbyznysu...\",\"publisher\":{\"@id\":\"https:\/\/celebrityhouse.cz\/#organization\"},\"potentialAction\":[{\"@type\":\"SearchAction\",\"target\":{\"@type\":\"EntryPoint\",\"urlTemplate\":\"https:\/\/celebrityhouse.cz\/?s={search_term_string}\"},\"query-input\":\"required name=search_term_string\"}],\"inLanguage\":\"cs\"},{\"@type\":\"Organization\",\"@id\":\"https:\/\/celebrityhouse.cz\/#organization\",\"name\":\"CELEBRITYHOUSE.cz\",\"url\":\"https:\/\/celebrityhouse.cz\/\",\"logo\":{\"@type\":\"ImageObject\",\"inLanguage\":\"cs\",\"@id\":\"https:\/\/celebrityhouse.cz\/#\/schema\/logo\/image\/\",\"url\":\"https:\/\/celebrityhouse.cz\/wp-content\/uploads\/2024\/12\/cropped-Logo_CelebrityHouse_2.jpg\",\"contentUrl\":\"https:\/\/celebrityhouse.cz\/wp-content\/uploads\/2024\/12\/cropped-Logo_CelebrityHouse_2.jpg\",\"width\":937,\"height\":510,\"caption\":\"CELEBRITYHOUSE.cz\"},\"image\":{\"@id\":\"https:\/\/celebrityhouse.cz\/#\/schema\/logo\/image\/\"}},{\"@type\":\"Person\",\"@id\":\"https:\/\/celebrityhouse.cz\/#\/schema\/person\/d017015938d4512794986427eb23a2e9\",\"name\":\"Jolana Hol\u00e1\u0148ov\u00e1\",\"image\":{\"@type\":\"ImageObject\",\"inLanguage\":\"cs\",\"@id\":\"https:\/\/celebrityhouse.cz\/#\/schema\/person\/image\/\",\"url\":\"https:\/\/secure.gravatar.com\/avatar\/5863c504ed89cd419ff3a5e812c722ff?s=96&d=mm&r=g\",\"contentUrl\":\"https:\/\/secure.gravatar.com\/avatar\/5863c504ed89cd419ff3a5e812c722ff?s=96&d=mm&r=g\",\"caption\":\"Jolana Hol\u00e1\u0148ov\u00e1\"},\"sameAs\":[\"http:\/\/www.celebrityhouse.cz\"],\"url\":\"https:\/\/celebrityhouse.cz\/index.php\/author\/jolhol\/\"}]}<\/script>\n<!-- \/ Yoast SEO plugin. -->","yoast_head_json":{"title":"Atrium Flora p\u0159inese dal\u0161\u00ed ro\u010dn\u00edk akce Den, kdy se m\u00e1m r\u00e1da - CELEBRITYHOUSE.cz","robots":{"index":"index","follow":"follow","max-snippet":"max-snippet:-1","max-image-preview":"max-image-preview:large","max-video-preview":"max-video-preview:-1"},"canonical":"https:\/\/celebrityhouse.cz\/index.php\/2020\/01\/24\/atrium-flora-prinese-dalsi-rocnik-akce-den-kdy-se-mam-rada\/","og_locale":"cs_CZ","og_type":"article","og_title":"Atrium Flora p\u0159inese dal\u0161\u00ed ro\u010dn\u00edk akce Den, kdy se m\u00e1m r\u00e1da - CELEBRITYHOUSE.cz","og_description":"V\u00a0Atriu Flora prob\u011bhne 25. ledna od 12 do 18 hodin ji\u017e p\u00e1t\u00fd ro\u010dn\u00edk akce Den, kdy se m\u00e1m r\u00e1da, ur\u010den\u00e9 pro v\u0161echny \u017eeny. Tento den na podporu \u017eensk\u00e9ho sebev\u011bdom\u00ed p\u0159inese bohat\u00fd program v\u00a0podob\u011b workshop\u016f,&#46;&#46;&#46;","og_url":"https:\/\/celebrityhouse.cz\/index.php\/2020\/01\/24\/atrium-flora-prinese-dalsi-rocnik-akce-den-kdy-se-mam-rada\/","og_site_name":"CELEBRITYHOUSE.cz","article_published_time":"2020-01-24T00:19:13+00:00","article_modified_time":"2020-01-24T00:19:15+00:00","og_image":[{"width":1712,"height":1141,"url":"https:\/\/celebrityhouse.cz\/wp-content\/uploads\/2020\/01\/foto2-1.jpg","type":"image\/jpeg"}],"author":"Jolana Hol\u00e1\u0148ov\u00e1","twitter_card":"summary_large_image","twitter_misc":{"Napsal(a)":"Jolana Hol\u00e1\u0148ov\u00e1","Odhadovan\u00e1 doba \u010dten\u00ed":"3 minuty"},"schema":{"@context":"https:\/\/schema.org","@graph":[{"@type":"Article","@id":"https:\/\/celebrityhouse.cz\/index.php\/2020\/01\/24\/atrium-flora-prinese-dalsi-rocnik-akce-den-kdy-se-mam-rada\/#article","isPartOf":{"@id":"https:\/\/celebrityhouse.cz\/index.php\/2020\/01\/24\/atrium-flora-prinese-dalsi-rocnik-akce-den-kdy-se-mam-rada\/"},"author":{"name":"Jolana Hol\u00e1\u0148ov\u00e1","@id":"https:\/\/celebrityhouse.cz\/#\/schema\/person\/d017015938d4512794986427eb23a2e9"},"headline":"Atrium Flora p\u0159inese dal\u0161\u00ed ro\u010dn\u00edk akce Den, kdy se m\u00e1m r\u00e1da","datePublished":"2020-01-24T00:19:13+00:00","dateModified":"2020-01-24T00:19:15+00:00","mainEntityOfPage":{"@id":"https:\/\/celebrityhouse.cz\/index.php\/2020\/01\/24\/atrium-flora-prinese-dalsi-rocnik-akce-den-kdy-se-mam-rada\/"},"wordCount":519,"publisher":{"@id":"https:\/\/celebrityhouse.cz\/#organization"},"articleSection":["AKCE","\u010cESK\u00c9 CELEBRITY","NEWS"],"inLanguage":"cs"},{"@type":"WebPage","@id":"https:\/\/celebrityhouse.cz\/index.php\/2020\/01\/24\/atrium-flora-prinese-dalsi-rocnik-akce-den-kdy-se-mam-rada\/","url":"https:\/\/celebrityhouse.cz\/index.php\/2020\/01\/24\/atrium-flora-prinese-dalsi-rocnik-akce-den-kdy-se-mam-rada\/","name":"Atrium Flora p\u0159inese dal\u0161\u00ed ro\u010dn\u00edk akce Den, kdy se m\u00e1m r\u00e1da - CELEBRITYHOUSE.cz","isPartOf":{"@id":"https:\/\/celebrityhouse.cz\/#website"},"datePublished":"2020-01-24T00:19:13+00:00","dateModified":"2020-01-24T00:19:15+00:00","breadcrumb":{"@id":"https:\/\/celebrityhouse.cz\/index.php\/2020\/01\/24\/atrium-flora-prinese-dalsi-rocnik-akce-den-kdy-se-mam-rada\/#breadcrumb"},"inLanguage":"cs","potentialAction":[{"@type":"ReadAction","target":["https:\/\/celebrityhouse.cz\/index.php\/2020\/01\/24\/atrium-flora-prinese-dalsi-rocnik-akce-den-kdy-se-mam-rada\/"]}]},{"@type":"BreadcrumbList","@id":"https:\/\/celebrityhouse.cz\/index.php\/2020\/01\/24\/atrium-flora-prinese-dalsi-rocnik-akce-den-kdy-se-mam-rada\/#breadcrumb","itemListElement":[{"@type":"ListItem","position":1,"name":"Dom\u016f","item":"https:\/\/celebrityhouse.cz\/"},{"@type":"ListItem","position":2,"name":"Atrium Flora p\u0159inese dal\u0161\u00ed ro\u010dn\u00edk akce Den, kdy se m\u00e1m r\u00e1da"}]},{"@type":"WebSite","@id":"https:\/\/celebrityhouse.cz\/#website","url":"https:\/\/celebrityhouse.cz\/","name":"CELEBRITYHOUSE.cz","description":"Port\u00e1l o showbyznysu...","publisher":{"@id":"https:\/\/celebrityhouse.cz\/#organization"},"potentialAction":[{"@type":"SearchAction","target":{"@type":"EntryPoint","urlTemplate":"https:\/\/celebrityhouse.cz\/?s={search_term_string}"},"query-input":"required name=search_term_string"}],"inLanguage":"cs"},{"@type":"Organization","@id":"https:\/\/celebrityhouse.cz\/#organization","name":"CELEBRITYHOUSE.cz","url":"https:\/\/celebrityhouse.cz\/","logo":{"@type":"ImageObject","inLanguage":"cs","@id":"https:\/\/celebrityhouse.cz\/#\/schema\/logo\/image\/","url":"https:\/\/celebrityhouse.cz\/wp-content\/uploads\/2024\/12\/cropped-Logo_CelebrityHouse_2.jpg","contentUrl":"https:\/\/celebrityhouse.cz\/wp-content\/uploads\/2024\/12\/cropped-Logo_CelebrityHouse_2.jpg","width":937,"height":510,"caption":"CELEBRITYHOUSE.cz"},"image":{"@id":"https:\/\/celebrityhouse.cz\/#\/schema\/logo\/image\/"}},{"@type":"Person","@id":"https:\/\/celebrityhouse.cz\/#\/schema\/person\/d017015938d4512794986427eb23a2e9","name":"Jolana Hol\u00e1\u0148ov\u00e1","image":{"@type":"ImageObject","inLanguage":"cs","@id":"https:\/\/celebrityhouse.cz\/#\/schema\/person\/image\/","url":"https:\/\/secure.gravatar.com\/avatar\/5863c504ed89cd419ff3a5e812c722ff?s=96&d=mm&r=g","contentUrl":"https:\/\/secure.gravatar.com\/avatar\/5863c504ed89cd419ff3a5e812c722ff?s=96&d=mm&r=g","caption":"Jolana Hol\u00e1\u0148ov\u00e1"},"sameAs":["http:\/\/www.celebrityhouse.cz"],"url":"https:\/\/celebrityhouse.cz\/index.php\/author\/jolhol\/"}]}},"_links":{"self":[{"href":"https:\/\/celebrityhouse.cz\/index.php\/wp-json\/wp\/v2\/posts\/1768"}],"collection":[{"href":"https:\/\/celebrityhouse.cz\/index.php\/wp-json\/wp\/v2\/posts"}],"about":[{"href":"https:\/\/celebrityhouse.cz\/index.php\/wp-json\/wp\/v2\/types\/post"}],"author":[{"embeddable":true,"href":"https:\/\/celebrityhouse.cz\/index.php\/wp-json\/wp\/v2\/users\/2"}],"replies":[{"embeddable":true,"href":"https:\/\/celebrityhouse.cz\/index.php\/wp-json\/wp\/v2\/comments?post=1768"}],"version-history":[{"count":1,"href":"https:\/\/celebrityhouse.cz\/index.php\/wp-json\/wp\/v2\/posts\/1768\/revisions"}],"predecessor-version":[{"id":1774,"href":"https:\/\/celebrityhouse.cz\/index.php\/wp-json\/wp\/v2\/posts\/1768\/revisions\/1774"}],"wp:featuredmedia":[{"embeddable":true,"href":"https:\/\/celebrityhouse.cz\/index.php\/wp-json\/wp\/v2\/media\/1770"}],"wp:attachment":[{"href":"https:\/\/celebrityhouse.cz\/index.php\/wp-json\/wp\/v2\/media?parent=1768"}],"wp:term":[{"taxonomy":"category","embeddable":true,"href":"https:\/\/celebrityhouse.cz\/index.php\/wp-json\/wp\/v2\/categories?post=1768"},{"taxonomy":"post_tag","embeddable":true,"href":"https:\/\/celebrityhouse.cz\/index.php\/wp-json\/wp\/v2\/tags?post=1768"}],"curies":[{"name":"wp","href":"https:\/\/api.w.org\/{rel}","templated":true}]}}