{"id":1950,"date":"2020-02-29T00:01:08","date_gmt":"2020-02-28T23:01:08","guid":{"rendered":"http:\/\/celebrityhouse.cz\/?p=1950"},"modified":"2020-02-27T00:25:28","modified_gmt":"2020-02-26T23:25:28","slug":"galavecer-iaf-2-uvede-na-ceskou-bojovou-scenu-noveho-profesionalniho-zapasnika","status":"publish","type":"post","link":"https:\/\/celebrityhouse.cz\/index.php\/2020\/02\/29\/galavecer-iaf-2-uvede-na-ceskou-bojovou-scenu-noveho-profesionalniho-zapasnika\/","title":{"rendered":"Galave\u010der IAF 2 uvede na \u010deskou bojovou sc\u00e9nu nov\u00e9ho profesion\u00e1ln\u00edho z\u00e1pasn\u00edka"},"content":{"rendered":"\n<p><strong>V p\u00e1tek 6. b\u0159ezna 2020 prob\u011bhne v&nbsp;O2 Universum od 18 hodin ji\u017e druh\u00fd galave\u010der IAF 2 a z\u00e1rove\u0148 vyvrcholen\u00ed prvn\u00ed \u0159ady sportovn\u00ed MMA reality show s&nbsp;n\u00e1zvem I Am Fighter, kterou m\u016f\u017eete aktu\u00e1ln\u011b sledovat ka\u017ed\u00e9 pond\u011bl\u00ed ve\u010der na Prima Cool.<\/strong><\/p>\n\n\n\n<figure class=\"wp-block-image\"><img decoding=\"async\" src=\"https:\/\/www.menhouse.cz\/tmp\/16025_0_800_1582754859.jpg\" alt=\"\"\/><\/figure>\n\n\n\n<p>Krom\u011b fin\u00e1le reality show se m\u016f\u017eete t\u011b\u0161it i na zvu\u010dn\u00fdmi jm\u00e9ny nabitou fight card. Mezi z\u00e1pasn\u00edky galave\u010dera uvid\u00edme zvu\u010dn\u00e1 jm\u00e9na, jako je Tom\u00e1\u0161 Fid\u017ei Fiala, Tade\u00e1\u0161 R\u016f\u017ei\u010dka, Vladim\u00edr Leng\u00e1l, Ond\u0159ej Petr\u00e1\u0161ek, Alexander Cverna, Martin Prs\u00ed\u010dko Horsk\u00fd, Daniel Bruno Bruncl\u00edk, Bob Voves, Peter Gabal, Denis Farka\u0161, Jakub Ironkap Studen\u00fd v&nbsp;doprovodu podporovatele a kolegy Marpa z&nbsp;kapely TroubleGang a mnoz\u00ed dal\u0161\u00ed. Na akci rovn\u011b\u017e uvid\u00edme jednu z&nbsp;nejv\u011bt\u0161\u00edch slovensk\u00fdch hv\u011bzd, kter\u00e1 aktu\u00e1ln\u011b dr\u017e\u00ed titul v organizaci OKTAGON MMA. Nab\u00eddku na hlavn\u00ed z\u00e1pas ve\u010dera toti\u017e p\u0159ijal sb\u011bratel titulov\u00fdch opask\u016f a neskute\u010dn\u00fd profesion\u00e1l Tom\u00e1\u0161 De\u00e1k. Na sc\u00e9n\u011b uvid\u00edte tak\u00e9 \u010desk\u00e9ho rappera Renneho Danga ze st\u00e1je Blakkwood Records, ten se ale v&nbsp;oktagonu neuk\u00e1\u017ee v&nbsp;rukavic\u00edch, n\u00fdbr\u017e s&nbsp;mikrofonem v ruce.<\/p>\n\n\n\n<figure class=\"wp-block-image\"><img decoding=\"async\" src=\"https:\/\/www.menhouse.cz\/tmp\/16023_0_800_1582754778.jpg\" alt=\"\"\/><\/figure>\n\n\n\n<p><strong>IAF je nov\u00e1 \u010desk\u00e1 organizace, kter\u00e1 se v\u011bnuje bojov\u00fdm sport\u016fm a kter\u00e1 krom\u011b galave\u010der\u016f a zam\u011b\u0159en\u00ed se na mlad\u00e9 talenty p\u0159i\u0161la i s&nbsp;vlastn\u00ed nap\u00ednavou MMA reality show.&nbsp;<\/strong>Od 6. ledna 2020 div\u00e1ci na TV Prima Cool napjat\u011b sleduj\u00ed dlouhou a t\u011b\u017ekou cestu 16 odv\u00e1\u017elivc\u016f za jejich snem st\u00e1t se profi z\u00e1pasn\u00edkem. Tito nad\u0161en\u00ed amat\u00e9\u0159i proch\u00e1zej\u00ed v&nbsp;reality show velkou prom\u011bnou a hodn\u011b tvrd\u00fdmi zkou\u0161kami, po celou dobu je hodnot\u00ed porota ve slo\u017een\u00ed Petr P\u00edno Ondru\u0161, Ond\u0159ej P\u00e1la, Petr Khru Mach\u00e1\u010dek a Lucas Blakk. V pr\u016fb\u011bhu sout\u011b\u017ee jsou fighte\u0159i pod dohledem profesion\u00e1ln\u00edch tren\u00e9r\u016f, kte\u0159\u00ed moment\u00e1ln\u011b p\u0159edstavuj\u00ed \u0161pi\u010dku v&nbsp;\u010cR \u2013 Andr\u00e9ho Reinderse, Petra Monstera Kn\u00ed\u017eete, Martina Karvi\u0148\u00e1ka Burkota a Daniela Bart\u00e1ka.<\/p>\n\n\n\n<figure class=\"wp-block-image\"><img decoding=\"async\" src=\"https:\/\/www.menhouse.cz\/tmp\/16026_0_800_1582754860.jpg\" alt=\"\"\/><\/figure>\n\n\n\n<p>Na v\u0161echny n\u00e1v\u0161t\u011bvn\u00edky galave\u010dera \u010dekaj\u00ed krom\u011b jeden\u00e1cti drsn\u00fdch profi z\u00e1pas\u016f tak\u00e9 dva fin\u00e1lov\u00e9 z\u00e1pasy posledn\u00edch \u010dty\u0159 finalist\u016f reality show I Am Fighter, kte\u0159\u00ed se mezi ostatn\u00edmi po n\u011bkolika m\u011bs\u00edc\u00edch probojovali a\u017e na vrchol pyramidy a kte\u0159\u00ed se neb\u00e1li na sob\u011b opravdu zapracovat a jdou si tak za sv\u00fdm snem st\u00e1t se slavn\u00fdm MMA z\u00e1pasn\u00edkem.&nbsp;O v\u00edt\u011bzi z&nbsp;posledn\u00ed dvojice budou hlasovat p\u0159\u00edmo div\u00e1ci, tento \u0161ampion&nbsp;si pak odnese nejen p\u016fl milionu korun, ale zejm\u00e9na nedoceniteln\u00e9 zku\u0161enosti a profesion\u00e1ln\u00ed smlouvu s&nbsp;organizac\u00ed IAF. Z\u00edskan\u00e9 zku\u0161enosti a profesion\u00e1ln\u00ed smlouva posunou v\u00edt\u011bze bl\u00ed\u017ee a rychleji k&nbsp;MMA vrcholu.<\/p>\n\n\n\n<figure class=\"wp-block-image\"><img decoding=\"async\" src=\"https:\/\/www.menhouse.cz\/tmp\/16027_0_800_1582754860.jpg\" alt=\"\"\/><\/figure>\n\n\n\n<p><strong>V\u00edce informac\u00ed najdete na&nbsp;<a href=\"http:\/\/www.iamfighter.cz\/\">www.iamfighter.cz<\/a>.<\/strong><\/p>\n\n\n\n<p><strong>Vstupenky zakoup\u00edte na&nbsp;<a href=\"http:\/\/www.ticketmaster.cz\/\">www.ticketmaster.cz<\/a>&nbsp;ji\u017e od 490 K\u010d<\/strong><\/p>\n","protected":false},"excerpt":{"rendered":"<p>V p\u00e1tek 6. b\u0159ezna 2020 prob\u011bhne v&nbsp;O2 Universum od 18 hodin ji\u017e druh\u00fd galave\u010der IAF 2 a z\u00e1rove\u0148 vyvrcholen\u00ed prvn\u00ed \u0159ady sportovn\u00ed MMA reality show s&nbsp;n\u00e1zvem I Am Fighter, kterou m\u016f\u017eete aktu\u00e1ln\u011b sledovat ka\u017ed\u00e9&#46;&#46;&#46;<\/p>\n","protected":false},"author":1,"featured_media":1951,"comment_status":"closed","ping_status":"closed","sticky":false,"template":"","format":"standard","meta":{"_monsterinsights_skip_tracking":false,"_monsterinsights_sitenote_active":false,"_monsterinsights_sitenote_note":"","_monsterinsights_sitenote_category":0,"footnotes":""},"categories":[19,18,2],"tags":[],"yoast_head":"<!-- This site is optimized with the Yoast SEO plugin v21.5 - https:\/\/yoast.com\/wordpress\/plugins\/seo\/ -->\n<title>Galave\u010der IAF 2 uvede na \u010deskou bojovou sc\u00e9nu nov\u00e9ho profesion\u00e1ln\u00edho z\u00e1pasn\u00edka - CELEBRITYHOUSE.cz<\/title>\n<meta name=\"robots\" content=\"index, follow, max-snippet:-1, max-image-preview:large, max-video-preview:-1\" \/>\n<link rel=\"canonical\" href=\"https:\/\/celebrityhouse.cz\/index.php\/2020\/02\/29\/galavecer-iaf-2-uvede-na-ceskou-bojovou-scenu-noveho-profesionalniho-zapasnika\/\" \/>\n<meta property=\"og:locale\" content=\"cs_CZ\" \/>\n<meta property=\"og:type\" content=\"article\" \/>\n<meta property=\"og:title\" content=\"Galave\u010der IAF 2 uvede na \u010deskou bojovou sc\u00e9nu nov\u00e9ho profesion\u00e1ln\u00edho z\u00e1pasn\u00edka - CELEBRITYHOUSE.cz\" \/>\n<meta property=\"og:description\" content=\"V p\u00e1tek 6. b\u0159ezna 2020 prob\u011bhne v&nbsp;O2 Universum od 18 hodin ji\u017e druh\u00fd galave\u010der IAF 2 a z\u00e1rove\u0148 vyvrcholen\u00ed prvn\u00ed \u0159ady sportovn\u00ed MMA reality show s&nbsp;n\u00e1zvem I Am Fighter, kterou m\u016f\u017eete aktu\u00e1ln\u011b sledovat ka\u017ed\u00e9&#046;&#046;&#046;\" \/>\n<meta property=\"og:url\" content=\"https:\/\/celebrityhouse.cz\/index.php\/2020\/02\/29\/galavecer-iaf-2-uvede-na-ceskou-bojovou-scenu-noveho-profesionalniho-zapasnika\/\" \/>\n<meta property=\"og:site_name\" content=\"CELEBRITYHOUSE.cz\" \/>\n<meta property=\"article:published_time\" content=\"2020-02-28T23:01:08+00:00\" \/>\n<meta property=\"article:modified_time\" content=\"2020-02-26T23:25:28+00:00\" \/>\n<meta property=\"og:image\" content=\"https:\/\/celebrityhouse.cz\/wp-content\/uploads\/2020\/02\/iaf-foto3.jpg\" \/>\n\t<meta property=\"og:image:width\" content=\"1553\" \/>\n\t<meta property=\"og:image:height\" content=\"1035\" \/>\n\t<meta property=\"og:image:type\" content=\"image\/jpeg\" \/>\n<meta name=\"author\" content=\"Ivomik\" \/>\n<meta name=\"twitter:card\" content=\"summary_large_image\" \/>\n<meta name=\"twitter:label1\" content=\"Napsal(a)\" \/>\n\t<meta name=\"twitter:data1\" content=\"Ivomik\" \/>\n\t<meta name=\"twitter:label2\" content=\"Odhadovan\u00e1 doba \u010dten\u00ed\" \/>\n\t<meta name=\"twitter:data2\" content=\"3 minuty\" \/>\n<script type=\"application\/ld+json\" class=\"yoast-schema-graph\">{\"@context\":\"https:\/\/schema.org\",\"@graph\":[{\"@type\":\"Article\",\"@id\":\"https:\/\/celebrityhouse.cz\/index.php\/2020\/02\/29\/galavecer-iaf-2-uvede-na-ceskou-bojovou-scenu-noveho-profesionalniho-zapasnika\/#article\",\"isPartOf\":{\"@id\":\"https:\/\/celebrityhouse.cz\/index.php\/2020\/02\/29\/galavecer-iaf-2-uvede-na-ceskou-bojovou-scenu-noveho-profesionalniho-zapasnika\/\"},\"author\":{\"name\":\"Ivomik\",\"@id\":\"https:\/\/celebrityhouse.cz\/#\/schema\/person\/e56175be839ff28d67accd2c9d44d8e9\"},\"headline\":\"Galave\u010der IAF 2 uvede na \u010deskou bojovou sc\u00e9nu nov\u00e9ho profesion\u00e1ln\u00edho z\u00e1pasn\u00edka\",\"datePublished\":\"2020-02-28T23:01:08+00:00\",\"dateModified\":\"2020-02-26T23:25:28+00:00\",\"mainEntityOfPage\":{\"@id\":\"https:\/\/celebrityhouse.cz\/index.php\/2020\/02\/29\/galavecer-iaf-2-uvede-na-ceskou-bojovou-scenu-noveho-profesionalniho-zapasnika\/\"},\"wordCount\":541,\"publisher\":{\"@id\":\"https:\/\/celebrityhouse.cz\/#organization\"},\"articleSection\":[\"AKCE\",\"LIFESTYLE\",\"NEWS\"],\"inLanguage\":\"cs\"},{\"@type\":\"WebPage\",\"@id\":\"https:\/\/celebrityhouse.cz\/index.php\/2020\/02\/29\/galavecer-iaf-2-uvede-na-ceskou-bojovou-scenu-noveho-profesionalniho-zapasnika\/\",\"url\":\"https:\/\/celebrityhouse.cz\/index.php\/2020\/02\/29\/galavecer-iaf-2-uvede-na-ceskou-bojovou-scenu-noveho-profesionalniho-zapasnika\/\",\"name\":\"Galave\u010der IAF 2 uvede na \u010deskou bojovou sc\u00e9nu nov\u00e9ho profesion\u00e1ln\u00edho z\u00e1pasn\u00edka - CELEBRITYHOUSE.cz\",\"isPartOf\":{\"@id\":\"https:\/\/celebrityhouse.cz\/#website\"},\"datePublished\":\"2020-02-28T23:01:08+00:00\",\"dateModified\":\"2020-02-26T23:25:28+00:00\",\"breadcrumb\":{\"@id\":\"https:\/\/celebrityhouse.cz\/index.php\/2020\/02\/29\/galavecer-iaf-2-uvede-na-ceskou-bojovou-scenu-noveho-profesionalniho-zapasnika\/#breadcrumb\"},\"inLanguage\":\"cs\",\"potentialAction\":[{\"@type\":\"ReadAction\",\"target\":[\"https:\/\/celebrityhouse.cz\/index.php\/2020\/02\/29\/galavecer-iaf-2-uvede-na-ceskou-bojovou-scenu-noveho-profesionalniho-zapasnika\/\"]}]},{\"@type\":\"BreadcrumbList\",\"@id\":\"https:\/\/celebrityhouse.cz\/index.php\/2020\/02\/29\/galavecer-iaf-2-uvede-na-ceskou-bojovou-scenu-noveho-profesionalniho-zapasnika\/#breadcrumb\",\"itemListElement\":[{\"@type\":\"ListItem\",\"position\":1,\"name\":\"Dom\u016f\",\"item\":\"https:\/\/celebrityhouse.cz\/\"},{\"@type\":\"ListItem\",\"position\":2,\"name\":\"Galave\u010der IAF 2 uvede na \u010deskou bojovou sc\u00e9nu nov\u00e9ho profesion\u00e1ln\u00edho z\u00e1pasn\u00edka\"}]},{\"@type\":\"WebSite\",\"@id\":\"https:\/\/celebrityhouse.cz\/#website\",\"url\":\"https:\/\/celebrityhouse.cz\/\",\"name\":\"CELEBRITYHOUSE.cz\",\"description\":\"Port\u00e1l o showbyznysu...\",\"publisher\":{\"@id\":\"https:\/\/celebrityhouse.cz\/#organization\"},\"potentialAction\":[{\"@type\":\"SearchAction\",\"target\":{\"@type\":\"EntryPoint\",\"urlTemplate\":\"https:\/\/celebrityhouse.cz\/?s={search_term_string}\"},\"query-input\":\"required name=search_term_string\"}],\"inLanguage\":\"cs\"},{\"@type\":\"Organization\",\"@id\":\"https:\/\/celebrityhouse.cz\/#organization\",\"name\":\"CELEBRITYHOUSE.cz\",\"url\":\"https:\/\/celebrityhouse.cz\/\",\"logo\":{\"@type\":\"ImageObject\",\"inLanguage\":\"cs\",\"@id\":\"https:\/\/celebrityhouse.cz\/#\/schema\/logo\/image\/\",\"url\":\"https:\/\/celebrityhouse.cz\/wp-content\/uploads\/2024\/12\/cropped-Logo_CelebrityHouse_2.jpg\",\"contentUrl\":\"https:\/\/celebrityhouse.cz\/wp-content\/uploads\/2024\/12\/cropped-Logo_CelebrityHouse_2.jpg\",\"width\":937,\"height\":510,\"caption\":\"CELEBRITYHOUSE.cz\"},\"image\":{\"@id\":\"https:\/\/celebrityhouse.cz\/#\/schema\/logo\/image\/\"}},{\"@type\":\"Person\",\"@id\":\"https:\/\/celebrityhouse.cz\/#\/schema\/person\/e56175be839ff28d67accd2c9d44d8e9\",\"name\":\"Ivomik\",\"image\":{\"@type\":\"ImageObject\",\"inLanguage\":\"cs\",\"@id\":\"https:\/\/celebrityhouse.cz\/#\/schema\/person\/image\/\",\"url\":\"https:\/\/secure.gravatar.com\/avatar\/1c8a35f186d8baabb0513b2bdd8e53cd?s=96&d=mm&r=g\",\"contentUrl\":\"https:\/\/secure.gravatar.com\/avatar\/1c8a35f186d8baabb0513b2bdd8e53cd?s=96&d=mm&r=g\",\"caption\":\"Ivomik\"},\"url\":\"https:\/\/celebrityhouse.cz\/index.php\/author\/ivomik\/\"}]}<\/script>\n<!-- \/ Yoast SEO plugin. -->","yoast_head_json":{"title":"Galave\u010der IAF 2 uvede na \u010deskou bojovou sc\u00e9nu nov\u00e9ho profesion\u00e1ln\u00edho z\u00e1pasn\u00edka - CELEBRITYHOUSE.cz","robots":{"index":"index","follow":"follow","max-snippet":"max-snippet:-1","max-image-preview":"max-image-preview:large","max-video-preview":"max-video-preview:-1"},"canonical":"https:\/\/celebrityhouse.cz\/index.php\/2020\/02\/29\/galavecer-iaf-2-uvede-na-ceskou-bojovou-scenu-noveho-profesionalniho-zapasnika\/","og_locale":"cs_CZ","og_type":"article","og_title":"Galave\u010der IAF 2 uvede na \u010deskou bojovou sc\u00e9nu nov\u00e9ho profesion\u00e1ln\u00edho z\u00e1pasn\u00edka - CELEBRITYHOUSE.cz","og_description":"V p\u00e1tek 6. b\u0159ezna 2020 prob\u011bhne v&nbsp;O2 Universum od 18 hodin ji\u017e druh\u00fd galave\u010der IAF 2 a z\u00e1rove\u0148 vyvrcholen\u00ed prvn\u00ed \u0159ady sportovn\u00ed MMA reality show s&nbsp;n\u00e1zvem I Am Fighter, kterou m\u016f\u017eete aktu\u00e1ln\u011b sledovat ka\u017ed\u00e9&#46;&#46;&#46;","og_url":"https:\/\/celebrityhouse.cz\/index.php\/2020\/02\/29\/galavecer-iaf-2-uvede-na-ceskou-bojovou-scenu-noveho-profesionalniho-zapasnika\/","og_site_name":"CELEBRITYHOUSE.cz","article_published_time":"2020-02-28T23:01:08+00:00","article_modified_time":"2020-02-26T23:25:28+00:00","og_image":[{"width":1553,"height":1035,"url":"https:\/\/celebrityhouse.cz\/wp-content\/uploads\/2020\/02\/iaf-foto3.jpg","type":"image\/jpeg"}],"author":"Ivomik","twitter_card":"summary_large_image","twitter_misc":{"Napsal(a)":"Ivomik","Odhadovan\u00e1 doba \u010dten\u00ed":"3 minuty"},"schema":{"@context":"https:\/\/schema.org","@graph":[{"@type":"Article","@id":"https:\/\/celebrityhouse.cz\/index.php\/2020\/02\/29\/galavecer-iaf-2-uvede-na-ceskou-bojovou-scenu-noveho-profesionalniho-zapasnika\/#article","isPartOf":{"@id":"https:\/\/celebrityhouse.cz\/index.php\/2020\/02\/29\/galavecer-iaf-2-uvede-na-ceskou-bojovou-scenu-noveho-profesionalniho-zapasnika\/"},"author":{"name":"Ivomik","@id":"https:\/\/celebrityhouse.cz\/#\/schema\/person\/e56175be839ff28d67accd2c9d44d8e9"},"headline":"Galave\u010der IAF 2 uvede na \u010deskou bojovou sc\u00e9nu nov\u00e9ho profesion\u00e1ln\u00edho z\u00e1pasn\u00edka","datePublished":"2020-02-28T23:01:08+00:00","dateModified":"2020-02-26T23:25:28+00:00","mainEntityOfPage":{"@id":"https:\/\/celebrityhouse.cz\/index.php\/2020\/02\/29\/galavecer-iaf-2-uvede-na-ceskou-bojovou-scenu-noveho-profesionalniho-zapasnika\/"},"wordCount":541,"publisher":{"@id":"https:\/\/celebrityhouse.cz\/#organization"},"articleSection":["AKCE","LIFESTYLE","NEWS"],"inLanguage":"cs"},{"@type":"WebPage","@id":"https:\/\/celebrityhouse.cz\/index.php\/2020\/02\/29\/galavecer-iaf-2-uvede-na-ceskou-bojovou-scenu-noveho-profesionalniho-zapasnika\/","url":"https:\/\/celebrityhouse.cz\/index.php\/2020\/02\/29\/galavecer-iaf-2-uvede-na-ceskou-bojovou-scenu-noveho-profesionalniho-zapasnika\/","name":"Galave\u010der IAF 2 uvede na \u010deskou bojovou sc\u00e9nu nov\u00e9ho profesion\u00e1ln\u00edho z\u00e1pasn\u00edka - CELEBRITYHOUSE.cz","isPartOf":{"@id":"https:\/\/celebrityhouse.cz\/#website"},"datePublished":"2020-02-28T23:01:08+00:00","dateModified":"2020-02-26T23:25:28+00:00","breadcrumb":{"@id":"https:\/\/celebrityhouse.cz\/index.php\/2020\/02\/29\/galavecer-iaf-2-uvede-na-ceskou-bojovou-scenu-noveho-profesionalniho-zapasnika\/#breadcrumb"},"inLanguage":"cs","potentialAction":[{"@type":"ReadAction","target":["https:\/\/celebrityhouse.cz\/index.php\/2020\/02\/29\/galavecer-iaf-2-uvede-na-ceskou-bojovou-scenu-noveho-profesionalniho-zapasnika\/"]}]},{"@type":"BreadcrumbList","@id":"https:\/\/celebrityhouse.cz\/index.php\/2020\/02\/29\/galavecer-iaf-2-uvede-na-ceskou-bojovou-scenu-noveho-profesionalniho-zapasnika\/#breadcrumb","itemListElement":[{"@type":"ListItem","position":1,"name":"Dom\u016f","item":"https:\/\/celebrityhouse.cz\/"},{"@type":"ListItem","position":2,"name":"Galave\u010der IAF 2 uvede na \u010deskou bojovou sc\u00e9nu nov\u00e9ho profesion\u00e1ln\u00edho z\u00e1pasn\u00edka"}]},{"@type":"WebSite","@id":"https:\/\/celebrityhouse.cz\/#website","url":"https:\/\/celebrityhouse.cz\/","name":"CELEBRITYHOUSE.cz","description":"Port\u00e1l o showbyznysu...","publisher":{"@id":"https:\/\/celebrityhouse.cz\/#organization"},"potentialAction":[{"@type":"SearchAction","target":{"@type":"EntryPoint","urlTemplate":"https:\/\/celebrityhouse.cz\/?s={search_term_string}"},"query-input":"required name=search_term_string"}],"inLanguage":"cs"},{"@type":"Organization","@id":"https:\/\/celebrityhouse.cz\/#organization","name":"CELEBRITYHOUSE.cz","url":"https:\/\/celebrityhouse.cz\/","logo":{"@type":"ImageObject","inLanguage":"cs","@id":"https:\/\/celebrityhouse.cz\/#\/schema\/logo\/image\/","url":"https:\/\/celebrityhouse.cz\/wp-content\/uploads\/2024\/12\/cropped-Logo_CelebrityHouse_2.jpg","contentUrl":"https:\/\/celebrityhouse.cz\/wp-content\/uploads\/2024\/12\/cropped-Logo_CelebrityHouse_2.jpg","width":937,"height":510,"caption":"CELEBRITYHOUSE.cz"},"image":{"@id":"https:\/\/celebrityhouse.cz\/#\/schema\/logo\/image\/"}},{"@type":"Person","@id":"https:\/\/celebrityhouse.cz\/#\/schema\/person\/e56175be839ff28d67accd2c9d44d8e9","name":"Ivomik","image":{"@type":"ImageObject","inLanguage":"cs","@id":"https:\/\/celebrityhouse.cz\/#\/schema\/person\/image\/","url":"https:\/\/secure.gravatar.com\/avatar\/1c8a35f186d8baabb0513b2bdd8e53cd?s=96&d=mm&r=g","contentUrl":"https:\/\/secure.gravatar.com\/avatar\/1c8a35f186d8baabb0513b2bdd8e53cd?s=96&d=mm&r=g","caption":"Ivomik"},"url":"https:\/\/celebrityhouse.cz\/index.php\/author\/ivomik\/"}]}},"_links":{"self":[{"href":"https:\/\/celebrityhouse.cz\/index.php\/wp-json\/wp\/v2\/posts\/1950"}],"collection":[{"href":"https:\/\/celebrityhouse.cz\/index.php\/wp-json\/wp\/v2\/posts"}],"about":[{"href":"https:\/\/celebrityhouse.cz\/index.php\/wp-json\/wp\/v2\/types\/post"}],"author":[{"embeddable":true,"href":"https:\/\/celebrityhouse.cz\/index.php\/wp-json\/wp\/v2\/users\/1"}],"replies":[{"embeddable":true,"href":"https:\/\/celebrityhouse.cz\/index.php\/wp-json\/wp\/v2\/comments?post=1950"}],"version-history":[{"count":1,"href":"https:\/\/celebrityhouse.cz\/index.php\/wp-json\/wp\/v2\/posts\/1950\/revisions"}],"predecessor-version":[{"id":1952,"href":"https:\/\/celebrityhouse.cz\/index.php\/wp-json\/wp\/v2\/posts\/1950\/revisions\/1952"}],"wp:featuredmedia":[{"embeddable":true,"href":"https:\/\/celebrityhouse.cz\/index.php\/wp-json\/wp\/v2\/media\/1951"}],"wp:attachment":[{"href":"https:\/\/celebrityhouse.cz\/index.php\/wp-json\/wp\/v2\/media?parent=1950"}],"wp:term":[{"taxonomy":"category","embeddable":true,"href":"https:\/\/celebrityhouse.cz\/index.php\/wp-json\/wp\/v2\/categories?post=1950"},{"taxonomy":"post_tag","embeddable":true,"href":"https:\/\/celebrityhouse.cz\/index.php\/wp-json\/wp\/v2\/tags?post=1950"}],"curies":[{"name":"wp","href":"https:\/\/api.w.org\/{rel}","templated":true}]}}