{"id":3545,"date":"2021-04-19T03:08:40","date_gmt":"2021-04-19T01:08:40","guid":{"rendered":"https:\/\/celebrityhouse.cz\/?p=3545"},"modified":"2021-04-19T03:08:41","modified_gmt":"2021-04-19T01:08:41","slug":"co-uvidite-v-show-jana-krause-ve-stredu-21-4-2021","status":"publish","type":"post","link":"https:\/\/celebrityhouse.cz\/index.php\/2021\/04\/19\/co-uvidite-v-show-jana-krause-ve-stredu-21-4-2021\/","title":{"rendered":"Co uvid\u00edte v Show Jana Krause: Ve st\u0159edu 21. 4. 2021"},"content":{"rendered":"\n<p><strong>Herec Martin Zounar, etnobotanik Ladislav Koko\u0161ka a d\u011bt\u0161t\u00ed herci Viktor Sekanina a Theo Schaefer se&nbsp;p\u0159edstav\u00ed v Show Jana Krause.<\/strong><\/p>\n\n\n\n<p><strong>Premi\u00e9ru dal\u0161\u00edho d\u00edlu Show Jana Krause uvid\u00edte ve st\u0159edu 21. dubna ve\u00a021.35 na Prim\u011b.<\/strong><\/p>\n\n\n\n<figure class=\"wp-block-image size-large\"><img loading=\"lazy\" decoding=\"async\" width=\"931\" height=\"524\" src=\"https:\/\/celebrityhouse.cz\/wp-content\/uploads\/2021\/03\/SJK-foto-TTL-1.jpg\" alt=\"\" class=\"wp-image-3450\" srcset=\"https:\/\/celebrityhouse.cz\/wp-content\/uploads\/2021\/03\/SJK-foto-TTL-1.jpg 931w, https:\/\/celebrityhouse.cz\/wp-content\/uploads\/2021\/03\/SJK-foto-TTL-1-300x169.jpg 300w, https:\/\/celebrityhouse.cz\/wp-content\/uploads\/2021\/03\/SJK-foto-TTL-1-768x432.jpg 768w\" sizes=\"(max-width: 931px) 100vw, 931px\" \/><\/figure>\n\n\n\n<p><strong>Martin Zounar<\/strong> \u2013 o nedostatek pr\u00e1ce se popul\u00e1rn\u00ed herec strachovat nemus\u00ed. Obavy, kter\u00e9 v&nbsp;posledn\u00ed dob\u011b m\u00e1, jsou na\u0161t\u011bst\u00ed p\u0159\u00edjemn\u011bj\u0161\u00edho r\u00e1zu. Kv\u016fli sou\u010dasn\u00e9 situaci toti\u017e musel odlo\u017eit svatbu s psycholo\u017ekou Kate\u0159inou. \u201eU\u017e jsme m\u011bli v\u0161echno napl\u00e1novan\u00e9. \u0160aty u\u017e se m\u011bly zkou\u0161et, svatebn\u00ed diskot\u00e9ka napl\u00e1novan\u00e1, prost\u011b v\u0161echno. A dva dny p\u0159ed t\u00edm, ne\u017e jsme odeslali pozv\u00e1nky, tak to p\u00edskli,\u201c popisuje Martin vyhl\u00e1\u0161en\u00ed nouzov\u00e9ho stavu, kter\u00fd zastavil p\u0159\u00edpravy jejich dne D. Ani p\u0159echodn\u00e9 rozvoln\u011bn\u00ed v l\u00e9t\u011b p\u00e1ru bohu\u017eel nep\u0159\u00e1lo. \u201eZjistili jsme, \u017ee bychom tam mohli m\u00edt dva psy, dcery, ale sv\u011bdkov\u00e9 u\u017e by se tam neve\u0161li a odd\u00e1vaj\u00edc\u00ed by m\u011bl gumov\u00e9 rukavice. A j\u00e1 bych m\u011bl pocit, \u017ee jsem sp\u00ed\u0161 na vy\u0161et\u0159en\u00ed prostaty. Nejd\u0159\u00edv jsme to cht\u011bli ud\u011blat takhle, pak jsme ale \u0159ekli ne! V\u017edy\u0165 je to poprv\u00e9. A j\u00e1 u\u017e se pak rozv\u00e1d\u011bt nebudu,\u201c vtipkuje herec, kter\u00fd st\u00e1le douf\u00e1, \u017ee si dle tradice do roka a do dne od z\u00e1snub stihne svou vyvolenou vz\u00edt. Do Show doraz\u00ed s&nbsp;jin\u00fdm v\u011brn\u00fdm par\u0165\u00e1kem \u2013 s dogou, o n\u00ed\u017e si naposledy s Janem Krausem pov\u00eddal.<\/p>\n\n\n\n<p><strong>Ladislav Koko\u0161ka<\/strong> \u2013 etnobotanik a etnofarmakolog je vysoko\u0161kolsk\u00fdm profesorem. Okusil n\u011bkolik velmi omamn\u00fdch exotick\u00fdch n\u00e1poj\u016f, kter\u00e9 jej dost\u00e1vaj\u00ed do jin\u00fdch dimenz\u00ed v\u011bdom\u00ed. Tyto dv\u011b \u010dinnosti se nemus\u00ed vylu\u010dovat, pokud je \u010dlov\u011bk v\u011bdcem a pr\u00e1ci v ter\u00e9nu dok\u00e1\u017eete z\u00faro\u010dit v&nbsp;b\u00e1d\u00e1n\u00ed. Ladislav stoj\u00ed jednou nohou v jihov\u00fdchodn\u00ed Asii a na ostrovech v Pacifiku, druhou ve v\u00fdzkumech v&nbsp;pra\u017esk\u00fdch laborato\u0159\u00edch, kde se sna\u017e\u00ed sv\u00e9 poznatky z cest vyu\u017e\u00edt mimo jin\u00e9 pro farmaceutick\u00fd pr\u016fmysl. \u201eVypad\u00e1 to, \u017ee jsme velmi bl\u00edzko \u00fasp\u011bchu,\u201c \u0159\u00edk\u00e1 Ladislav o vyhl\u00eddce na patent nov\u00e9 formy antibiotik, je\u017e by se inhalovala p\u0159\u00edmo do plic. \u201eSna\u017e\u00edme se vyvinout t\u011bkav\u00e9 antibiotikum \u00fa\u010dinn\u00e9 v plynn\u00e9 f\u00e1zi pro l\u00e9\u010dbu plicn\u00edch infekc\u00ed, i kdy\u017e se zat\u00edm inhala\u010dn\u00ed aplikace v&nbsp;modern\u00ed medic\u00edn\u011b zas tolik nevyu\u017e\u00edv\u00e1. Trouf\u00e1m si \u0159\u00edct, \u017ee v tomto oboru pat\u0159\u00edme k vedouc\u00edm laborato\u0159\u00edm nejen v Evrop\u011b, ale mo\u017en\u00e1 na sv\u011bt\u011b,\u201c dod\u00e1v\u00e1 k p\u0159evratn\u00e9mu objevu v\u011bdec-dobrodruh, kter\u00fd v&nbsp;SJK ur\u010dit\u011b povypr\u00e1v\u00ed i o z\u00e1\u017eitc\u00edch spojen\u00fdch s konzumac\u00ed omamn\u00e9ho n\u00e1poje kava-kava, jen\u017e p\u0159ipom\u00edn\u00e1 pivo a marihuanu, ov\u0161em bez n\u00e1sledn\u00e9 kocoviny.<\/p>\n\n\n\n<p><strong>Viktor Sekanina<\/strong> a <strong>Theo Schaefer<\/strong> \u2013 d\u011bt\u0161t\u00ed herci, kter\u00fdm je teprve sedm a dev\u011bt, ale u\u017e je na ulici pozn\u00e1 spousta lid\u00ed. Viktor a Theo toti\u017e nedali div\u00e1k\u016fm jednoho seri\u00e1lu jinou \u0161anci ne\u017e se do nich zamilovat. Tak uv\u011b\u0159iteln\u011b a roztomile toti\u017e role d\u011bt\u00ed zam\u011bn\u011bn\u00fdch v porodnici hr\u00e1li. \u201eNa seri\u00e1l se d\u00edv\u00e1m. N\u011bkdy, kdy\u017e se vid\u00edm, tak si \u0159\u00edk\u00e1m, \u017ee jsem to mohl zahr\u00e1t i l\u00e9pe,\u201c \u0159\u00edk\u00e1 Theo a p\u0159ipom\u00edn\u00e1 sc\u00e9nu, kde musel plakat. \u201eDali mi um\u011bl\u00e9 slzy. Zahr\u00e1t to, \u017ee jsi smutn\u00fd, je jednoduch\u00e9. Jen na sob\u011b ned\u00e1\u0161 zn\u00e1t, \u017ee jsi \u0161\u0165astn\u00fd,\u201c popisuje bezelstn\u011b. Viktor k tomu kriticky dod\u00e1v\u00e1: \u201eTak\u00e9 se mi zd\u00e1, \u017ee svoje sc\u00e9ny bych mohl zahr\u00e1t l\u00edp,\u201c \u0159\u00edk\u00e1 s t\u00edm, \u017ee kdy\u017e se sly\u0161\u00ed v televizi, v\u016fbec se mu nel\u00edb\u00ed vlastn\u00ed hlas. I z\u00e1b\u011bry, v nich\u017e m\u00e1 ve sv\u00e9 roli kv\u016fli Aspergerov\u011b syndromu z\u00e1chvaty, se mu nesleduj\u00ed nejl\u00e9pe. \u201eNen\u00ed mi to moc p\u0159\u00edjemn\u00e9 se na to koukat. Poradkyn\u011b mi p\u0159ed nat\u00e1\u010den\u00edm vysv\u011btlila, \u017ee takov\u00ed lid\u00e9 se nap\u0159\u00edklad ned\u00edvaj\u00ed do o\u010d\u00ed,\u201c vzpom\u00edn\u00e1 na sv\u016fj hereck\u00fd debut.<\/p>\n\n\n\n<div style=\"height:20px\" aria-hidden=\"true\" class=\"wp-block-spacer\"><\/div>\n\n\n\n<figure class=\"wp-block-gallery columns-3 is-cropped wp-block-gallery-1 is-layout-flex wp-block-gallery-is-layout-flex\"><ul class=\"blocks-gallery-grid\"><li class=\"blocks-gallery-item\"><figure><img loading=\"lazy\" decoding=\"async\" width=\"931\" height=\"524\" src=\"https:\/\/celebrityhouse.cz\/wp-content\/uploads\/2021\/03\/SJK-foto-TTL-1.jpg\" alt=\"\" data-id=\"3450\" data-full-url=\"https:\/\/celebrityhouse.cz\/wp-content\/uploads\/2021\/03\/SJK-foto-TTL-1.jpg\" data-link=\"https:\/\/celebrityhouse.cz\/index.php\/2021\/03\/21\/co-uvidite-v-show-jana-krause-24-3-2021\/sjk-foto-ttl-1\/\" class=\"wp-image-3450\" srcset=\"https:\/\/celebrityhouse.cz\/wp-content\/uploads\/2021\/03\/SJK-foto-TTL-1.jpg 931w, https:\/\/celebrityhouse.cz\/wp-content\/uploads\/2021\/03\/SJK-foto-TTL-1-300x169.jpg 300w, https:\/\/celebrityhouse.cz\/wp-content\/uploads\/2021\/03\/SJK-foto-TTL-1-768x432.jpg 768w\" sizes=\"(max-width: 931px) 100vw, 931px\" \/><\/figure><\/li><li class=\"blocks-gallery-item\"><figure><img loading=\"lazy\" decoding=\"async\" width=\"980\" height=\"552\" src=\"https:\/\/celebrityhouse.cz\/wp-content\/uploads\/2021\/03\/sjk-menu_dlazdice_back-stage_kraus-1.png\" alt=\"\" data-id=\"3447\" data-full-url=\"https:\/\/celebrityhouse.cz\/wp-content\/uploads\/2021\/03\/sjk-menu_dlazdice_back-stage_kraus-1.png\" data-link=\"https:\/\/celebrityhouse.cz\/index.php\/2021\/03\/30\/co-uvidite-v-show-jana-krause-ve-stredu-31-3-2021\/sjk-menu_dlazdice_back-stage_kraus-1\/\" class=\"wp-image-3447\" srcset=\"https:\/\/celebrityhouse.cz\/wp-content\/uploads\/2021\/03\/sjk-menu_dlazdice_back-stage_kraus-1.png 980w, https:\/\/celebrityhouse.cz\/wp-content\/uploads\/2021\/03\/sjk-menu_dlazdice_back-stage_kraus-1-300x169.png 300w, https:\/\/celebrityhouse.cz\/wp-content\/uploads\/2021\/03\/sjk-menu_dlazdice_back-stage_kraus-1-768x433.png 768w\" sizes=\"(max-width: 980px) 100vw, 980px\" \/><\/figure><\/li><li class=\"blocks-gallery-item\"><figure><img loading=\"lazy\" decoding=\"async\" width=\"600\" height=\"600\" src=\"https:\/\/celebrityhouse.cz\/wp-content\/uploads\/2021\/03\/orig_SHOW_JANA_KRAUSE___1_9____ARCHA.jpg\" alt=\"\" data-id=\"3444\" data-full-url=\"https:\/\/celebrityhouse.cz\/wp-content\/uploads\/2021\/03\/orig_SHOW_JANA_KRAUSE___1_9____ARCHA.jpg\" data-link=\"https:\/\/celebrityhouse.cz\/index.php\/2021\/03\/30\/co-uvidite-v-show-jana-krause-ve-stredu-31-3-2021\/orig_show_jana_krause___1_9____archa\/\" class=\"wp-image-3444\" srcset=\"https:\/\/celebrityhouse.cz\/wp-content\/uploads\/2021\/03\/orig_SHOW_JANA_KRAUSE___1_9____ARCHA.jpg 600w, https:\/\/celebrityhouse.cz\/wp-content\/uploads\/2021\/03\/orig_SHOW_JANA_KRAUSE___1_9____ARCHA-300x300.jpg 300w, https:\/\/celebrityhouse.cz\/wp-content\/uploads\/2021\/03\/orig_SHOW_JANA_KRAUSE___1_9____ARCHA-150x150.jpg 150w, https:\/\/celebrityhouse.cz\/wp-content\/uploads\/2021\/03\/orig_SHOW_JANA_KRAUSE___1_9____ARCHA-80x80.jpg 80w, https:\/\/celebrityhouse.cz\/wp-content\/uploads\/2021\/03\/orig_SHOW_JANA_KRAUSE___1_9____ARCHA-320x320.jpg 320w\" sizes=\"(max-width: 600px) 100vw, 600px\" \/><\/figure><\/li><li class=\"blocks-gallery-item\"><figure><img loading=\"lazy\" decoding=\"async\" width=\"933\" height=\"521\" src=\"https:\/\/celebrityhouse.cz\/wp-content\/uploads\/2021\/03\/SJK-foto-1.jpg\" alt=\"\" data-id=\"3446\" data-full-url=\"https:\/\/celebrityhouse.cz\/wp-content\/uploads\/2021\/03\/SJK-foto-1.jpg\" data-link=\"https:\/\/celebrityhouse.cz\/index.php\/2021\/03\/30\/co-uvidite-v-show-jana-krause-ve-stredu-31-3-2021\/sjk-foto-1\/\" class=\"wp-image-3446\" srcset=\"https:\/\/celebrityhouse.cz\/wp-content\/uploads\/2021\/03\/SJK-foto-1.jpg 933w, https:\/\/celebrityhouse.cz\/wp-content\/uploads\/2021\/03\/SJK-foto-1-300x168.jpg 300w, https:\/\/celebrityhouse.cz\/wp-content\/uploads\/2021\/03\/SJK-foto-1-768x429.jpg 768w\" sizes=\"(max-width: 933px) 100vw, 933px\" \/><\/figure><\/li><\/ul><\/figure>\n\n\n\n<div style=\"height:100px\" aria-hidden=\"true\" class=\"wp-block-spacer\"><\/div>\n","protected":false},"excerpt":{"rendered":"<p>Herec Martin Zounar, etnobotanik Ladislav Koko\u0161ka a d\u011bt\u0161t\u00ed herci Viktor Sekanina a Theo Schaefer se&nbsp;p\u0159edstav\u00ed v Show Jana Krause. Premi\u00e9ru dal\u0161\u00edho d\u00edlu Show Jana Krause uvid\u00edte ve st\u0159edu 21. dubna ve\u00a021.35 na Prim\u011b. Martin&#46;&#46;&#46;<\/p>\n","protected":false},"author":2,"featured_media":3450,"comment_status":"closed","ping_status":"closed","sticky":false,"template":"","format":"standard","meta":{"_monsterinsights_skip_tracking":false,"_monsterinsights_sitenote_active":false,"_monsterinsights_sitenote_note":"","_monsterinsights_sitenote_category":0,"footnotes":""},"categories":[19,3,6,2],"tags":[],"yoast_head":"<!-- This site is optimized with the Yoast SEO plugin v21.5 - https:\/\/yoast.com\/wordpress\/plugins\/seo\/ -->\n<title>Co uvid\u00edte v Show Jana Krause: Ve st\u0159edu 21. 4. 2021 - CELEBRITYHOUSE.cz<\/title>\n<meta name=\"robots\" content=\"index, follow, max-snippet:-1, max-image-preview:large, max-video-preview:-1\" \/>\n<link rel=\"canonical\" href=\"https:\/\/celebrityhouse.cz\/index.php\/2021\/04\/19\/co-uvidite-v-show-jana-krause-ve-stredu-21-4-2021\/\" \/>\n<meta property=\"og:locale\" content=\"cs_CZ\" \/>\n<meta property=\"og:type\" content=\"article\" \/>\n<meta property=\"og:title\" content=\"Co uvid\u00edte v Show Jana Krause: Ve st\u0159edu 21. 4. 2021 - CELEBRITYHOUSE.cz\" \/>\n<meta property=\"og:description\" content=\"Herec Martin Zounar, etnobotanik Ladislav Koko\u0161ka a d\u011bt\u0161t\u00ed herci Viktor Sekanina a Theo Schaefer se&nbsp;p\u0159edstav\u00ed v Show Jana Krause. Premi\u00e9ru dal\u0161\u00edho d\u00edlu Show Jana Krause uvid\u00edte ve st\u0159edu 21. dubna ve\u00a021.35 na Prim\u011b. Martin&#046;&#046;&#046;\" \/>\n<meta property=\"og:url\" content=\"https:\/\/celebrityhouse.cz\/index.php\/2021\/04\/19\/co-uvidite-v-show-jana-krause-ve-stredu-21-4-2021\/\" \/>\n<meta property=\"og:site_name\" content=\"CELEBRITYHOUSE.cz\" \/>\n<meta property=\"article:published_time\" content=\"2021-04-19T01:08:40+00:00\" \/>\n<meta property=\"article:modified_time\" content=\"2021-04-19T01:08:41+00:00\" \/>\n<meta property=\"og:image\" content=\"https:\/\/celebrityhouse.cz\/wp-content\/uploads\/2021\/03\/SJK-foto-TTL-1.jpg\" \/>\n\t<meta property=\"og:image:width\" content=\"931\" \/>\n\t<meta property=\"og:image:height\" content=\"524\" \/>\n\t<meta property=\"og:image:type\" content=\"image\/jpeg\" \/>\n<meta name=\"author\" content=\"Jolana Hol\u00e1\u0148ov\u00e1\" \/>\n<meta name=\"twitter:card\" content=\"summary_large_image\" \/>\n<meta name=\"twitter:label1\" content=\"Napsal(a)\" \/>\n\t<meta name=\"twitter:data1\" content=\"Jolana Hol\u00e1\u0148ov\u00e1\" \/>\n\t<meta name=\"twitter:label2\" content=\"Odhadovan\u00e1 doba \u010dten\u00ed\" \/>\n\t<meta name=\"twitter:data2\" content=\"4 minuty\" \/>\n<script type=\"application\/ld+json\" class=\"yoast-schema-graph\">{\"@context\":\"https:\/\/schema.org\",\"@graph\":[{\"@type\":\"Article\",\"@id\":\"https:\/\/celebrityhouse.cz\/index.php\/2021\/04\/19\/co-uvidite-v-show-jana-krause-ve-stredu-21-4-2021\/#article\",\"isPartOf\":{\"@id\":\"https:\/\/celebrityhouse.cz\/index.php\/2021\/04\/19\/co-uvidite-v-show-jana-krause-ve-stredu-21-4-2021\/\"},\"author\":{\"name\":\"Jolana Hol\u00e1\u0148ov\u00e1\",\"@id\":\"https:\/\/celebrityhouse.cz\/#\/schema\/person\/d017015938d4512794986427eb23a2e9\"},\"headline\":\"Co uvid\u00edte v Show Jana Krause: Ve st\u0159edu 21. 4. 2021\",\"datePublished\":\"2021-04-19T01:08:40+00:00\",\"dateModified\":\"2021-04-19T01:08:41+00:00\",\"mainEntityOfPage\":{\"@id\":\"https:\/\/celebrityhouse.cz\/index.php\/2021\/04\/19\/co-uvidite-v-show-jana-krause-ve-stredu-21-4-2021\/\"},\"wordCount\":726,\"publisher\":{\"@id\":\"https:\/\/celebrityhouse.cz\/#organization\"},\"articleSection\":[\"AKCE\",\"\u010cESK\u00c9 CELEBRITY\",\"FILMY, SERI\u00c1LY, TV a KINO\",\"NEWS\"],\"inLanguage\":\"cs\"},{\"@type\":\"WebPage\",\"@id\":\"https:\/\/celebrityhouse.cz\/index.php\/2021\/04\/19\/co-uvidite-v-show-jana-krause-ve-stredu-21-4-2021\/\",\"url\":\"https:\/\/celebrityhouse.cz\/index.php\/2021\/04\/19\/co-uvidite-v-show-jana-krause-ve-stredu-21-4-2021\/\",\"name\":\"Co uvid\u00edte v Show Jana Krause: Ve st\u0159edu 21. 4. 2021 - CELEBRITYHOUSE.cz\",\"isPartOf\":{\"@id\":\"https:\/\/celebrityhouse.cz\/#website\"},\"datePublished\":\"2021-04-19T01:08:40+00:00\",\"dateModified\":\"2021-04-19T01:08:41+00:00\",\"breadcrumb\":{\"@id\":\"https:\/\/celebrityhouse.cz\/index.php\/2021\/04\/19\/co-uvidite-v-show-jana-krause-ve-stredu-21-4-2021\/#breadcrumb\"},\"inLanguage\":\"cs\",\"potentialAction\":[{\"@type\":\"ReadAction\",\"target\":[\"https:\/\/celebrityhouse.cz\/index.php\/2021\/04\/19\/co-uvidite-v-show-jana-krause-ve-stredu-21-4-2021\/\"]}]},{\"@type\":\"BreadcrumbList\",\"@id\":\"https:\/\/celebrityhouse.cz\/index.php\/2021\/04\/19\/co-uvidite-v-show-jana-krause-ve-stredu-21-4-2021\/#breadcrumb\",\"itemListElement\":[{\"@type\":\"ListItem\",\"position\":1,\"name\":\"Dom\u016f\",\"item\":\"https:\/\/celebrityhouse.cz\/\"},{\"@type\":\"ListItem\",\"position\":2,\"name\":\"Co uvid\u00edte v Show Jana Krause: Ve st\u0159edu 21. 4. 2021\"}]},{\"@type\":\"WebSite\",\"@id\":\"https:\/\/celebrityhouse.cz\/#website\",\"url\":\"https:\/\/celebrityhouse.cz\/\",\"name\":\"CELEBRITYHOUSE.cz\",\"description\":\"Port\u00e1l o showbyznysu...\",\"publisher\":{\"@id\":\"https:\/\/celebrityhouse.cz\/#organization\"},\"potentialAction\":[{\"@type\":\"SearchAction\",\"target\":{\"@type\":\"EntryPoint\",\"urlTemplate\":\"https:\/\/celebrityhouse.cz\/?s={search_term_string}\"},\"query-input\":\"required name=search_term_string\"}],\"inLanguage\":\"cs\"},{\"@type\":\"Organization\",\"@id\":\"https:\/\/celebrityhouse.cz\/#organization\",\"name\":\"CELEBRITYHOUSE.cz\",\"url\":\"https:\/\/celebrityhouse.cz\/\",\"logo\":{\"@type\":\"ImageObject\",\"inLanguage\":\"cs\",\"@id\":\"https:\/\/celebrityhouse.cz\/#\/schema\/logo\/image\/\",\"url\":\"https:\/\/celebrityhouse.cz\/wp-content\/uploads\/2024\/12\/cropped-Logo_CelebrityHouse_2.jpg\",\"contentUrl\":\"https:\/\/celebrityhouse.cz\/wp-content\/uploads\/2024\/12\/cropped-Logo_CelebrityHouse_2.jpg\",\"width\":937,\"height\":510,\"caption\":\"CELEBRITYHOUSE.cz\"},\"image\":{\"@id\":\"https:\/\/celebrityhouse.cz\/#\/schema\/logo\/image\/\"}},{\"@type\":\"Person\",\"@id\":\"https:\/\/celebrityhouse.cz\/#\/schema\/person\/d017015938d4512794986427eb23a2e9\",\"name\":\"Jolana Hol\u00e1\u0148ov\u00e1\",\"image\":{\"@type\":\"ImageObject\",\"inLanguage\":\"cs\",\"@id\":\"https:\/\/celebrityhouse.cz\/#\/schema\/person\/image\/\",\"url\":\"https:\/\/secure.gravatar.com\/avatar\/5863c504ed89cd419ff3a5e812c722ff?s=96&d=mm&r=g\",\"contentUrl\":\"https:\/\/secure.gravatar.com\/avatar\/5863c504ed89cd419ff3a5e812c722ff?s=96&d=mm&r=g\",\"caption\":\"Jolana Hol\u00e1\u0148ov\u00e1\"},\"sameAs\":[\"http:\/\/www.celebrityhouse.cz\"],\"url\":\"https:\/\/celebrityhouse.cz\/index.php\/author\/jolhol\/\"}]}<\/script>\n<!-- \/ Yoast SEO plugin. -->","yoast_head_json":{"title":"Co uvid\u00edte v Show Jana Krause: Ve st\u0159edu 21. 4. 2021 - CELEBRITYHOUSE.cz","robots":{"index":"index","follow":"follow","max-snippet":"max-snippet:-1","max-image-preview":"max-image-preview:large","max-video-preview":"max-video-preview:-1"},"canonical":"https:\/\/celebrityhouse.cz\/index.php\/2021\/04\/19\/co-uvidite-v-show-jana-krause-ve-stredu-21-4-2021\/","og_locale":"cs_CZ","og_type":"article","og_title":"Co uvid\u00edte v Show Jana Krause: Ve st\u0159edu 21. 4. 2021 - CELEBRITYHOUSE.cz","og_description":"Herec Martin Zounar, etnobotanik Ladislav Koko\u0161ka a d\u011bt\u0161t\u00ed herci Viktor Sekanina a Theo Schaefer se&nbsp;p\u0159edstav\u00ed v Show Jana Krause. Premi\u00e9ru dal\u0161\u00edho d\u00edlu Show Jana Krause uvid\u00edte ve st\u0159edu 21. dubna ve\u00a021.35 na Prim\u011b. Martin&#46;&#46;&#46;","og_url":"https:\/\/celebrityhouse.cz\/index.php\/2021\/04\/19\/co-uvidite-v-show-jana-krause-ve-stredu-21-4-2021\/","og_site_name":"CELEBRITYHOUSE.cz","article_published_time":"2021-04-19T01:08:40+00:00","article_modified_time":"2021-04-19T01:08:41+00:00","og_image":[{"width":931,"height":524,"url":"https:\/\/celebrityhouse.cz\/wp-content\/uploads\/2021\/03\/SJK-foto-TTL-1.jpg","type":"image\/jpeg"}],"author":"Jolana Hol\u00e1\u0148ov\u00e1","twitter_card":"summary_large_image","twitter_misc":{"Napsal(a)":"Jolana Hol\u00e1\u0148ov\u00e1","Odhadovan\u00e1 doba \u010dten\u00ed":"4 minuty"},"schema":{"@context":"https:\/\/schema.org","@graph":[{"@type":"Article","@id":"https:\/\/celebrityhouse.cz\/index.php\/2021\/04\/19\/co-uvidite-v-show-jana-krause-ve-stredu-21-4-2021\/#article","isPartOf":{"@id":"https:\/\/celebrityhouse.cz\/index.php\/2021\/04\/19\/co-uvidite-v-show-jana-krause-ve-stredu-21-4-2021\/"},"author":{"name":"Jolana Hol\u00e1\u0148ov\u00e1","@id":"https:\/\/celebrityhouse.cz\/#\/schema\/person\/d017015938d4512794986427eb23a2e9"},"headline":"Co uvid\u00edte v Show Jana Krause: Ve st\u0159edu 21. 4. 2021","datePublished":"2021-04-19T01:08:40+00:00","dateModified":"2021-04-19T01:08:41+00:00","mainEntityOfPage":{"@id":"https:\/\/celebrityhouse.cz\/index.php\/2021\/04\/19\/co-uvidite-v-show-jana-krause-ve-stredu-21-4-2021\/"},"wordCount":726,"publisher":{"@id":"https:\/\/celebrityhouse.cz\/#organization"},"articleSection":["AKCE","\u010cESK\u00c9 CELEBRITY","FILMY, SERI\u00c1LY, TV a KINO","NEWS"],"inLanguage":"cs"},{"@type":"WebPage","@id":"https:\/\/celebrityhouse.cz\/index.php\/2021\/04\/19\/co-uvidite-v-show-jana-krause-ve-stredu-21-4-2021\/","url":"https:\/\/celebrityhouse.cz\/index.php\/2021\/04\/19\/co-uvidite-v-show-jana-krause-ve-stredu-21-4-2021\/","name":"Co uvid\u00edte v Show Jana Krause: Ve st\u0159edu 21. 4. 2021 - CELEBRITYHOUSE.cz","isPartOf":{"@id":"https:\/\/celebrityhouse.cz\/#website"},"datePublished":"2021-04-19T01:08:40+00:00","dateModified":"2021-04-19T01:08:41+00:00","breadcrumb":{"@id":"https:\/\/celebrityhouse.cz\/index.php\/2021\/04\/19\/co-uvidite-v-show-jana-krause-ve-stredu-21-4-2021\/#breadcrumb"},"inLanguage":"cs","potentialAction":[{"@type":"ReadAction","target":["https:\/\/celebrityhouse.cz\/index.php\/2021\/04\/19\/co-uvidite-v-show-jana-krause-ve-stredu-21-4-2021\/"]}]},{"@type":"BreadcrumbList","@id":"https:\/\/celebrityhouse.cz\/index.php\/2021\/04\/19\/co-uvidite-v-show-jana-krause-ve-stredu-21-4-2021\/#breadcrumb","itemListElement":[{"@type":"ListItem","position":1,"name":"Dom\u016f","item":"https:\/\/celebrityhouse.cz\/"},{"@type":"ListItem","position":2,"name":"Co uvid\u00edte v Show Jana Krause: Ve st\u0159edu 21. 4. 2021"}]},{"@type":"WebSite","@id":"https:\/\/celebrityhouse.cz\/#website","url":"https:\/\/celebrityhouse.cz\/","name":"CELEBRITYHOUSE.cz","description":"Port\u00e1l o showbyznysu...","publisher":{"@id":"https:\/\/celebrityhouse.cz\/#organization"},"potentialAction":[{"@type":"SearchAction","target":{"@type":"EntryPoint","urlTemplate":"https:\/\/celebrityhouse.cz\/?s={search_term_string}"},"query-input":"required name=search_term_string"}],"inLanguage":"cs"},{"@type":"Organization","@id":"https:\/\/celebrityhouse.cz\/#organization","name":"CELEBRITYHOUSE.cz","url":"https:\/\/celebrityhouse.cz\/","logo":{"@type":"ImageObject","inLanguage":"cs","@id":"https:\/\/celebrityhouse.cz\/#\/schema\/logo\/image\/","url":"https:\/\/celebrityhouse.cz\/wp-content\/uploads\/2024\/12\/cropped-Logo_CelebrityHouse_2.jpg","contentUrl":"https:\/\/celebrityhouse.cz\/wp-content\/uploads\/2024\/12\/cropped-Logo_CelebrityHouse_2.jpg","width":937,"height":510,"caption":"CELEBRITYHOUSE.cz"},"image":{"@id":"https:\/\/celebrityhouse.cz\/#\/schema\/logo\/image\/"}},{"@type":"Person","@id":"https:\/\/celebrityhouse.cz\/#\/schema\/person\/d017015938d4512794986427eb23a2e9","name":"Jolana Hol\u00e1\u0148ov\u00e1","image":{"@type":"ImageObject","inLanguage":"cs","@id":"https:\/\/celebrityhouse.cz\/#\/schema\/person\/image\/","url":"https:\/\/secure.gravatar.com\/avatar\/5863c504ed89cd419ff3a5e812c722ff?s=96&d=mm&r=g","contentUrl":"https:\/\/secure.gravatar.com\/avatar\/5863c504ed89cd419ff3a5e812c722ff?s=96&d=mm&r=g","caption":"Jolana Hol\u00e1\u0148ov\u00e1"},"sameAs":["http:\/\/www.celebrityhouse.cz"],"url":"https:\/\/celebrityhouse.cz\/index.php\/author\/jolhol\/"}]}},"_links":{"self":[{"href":"https:\/\/celebrityhouse.cz\/index.php\/wp-json\/wp\/v2\/posts\/3545"}],"collection":[{"href":"https:\/\/celebrityhouse.cz\/index.php\/wp-json\/wp\/v2\/posts"}],"about":[{"href":"https:\/\/celebrityhouse.cz\/index.php\/wp-json\/wp\/v2\/types\/post"}],"author":[{"embeddable":true,"href":"https:\/\/celebrityhouse.cz\/index.php\/wp-json\/wp\/v2\/users\/2"}],"replies":[{"embeddable":true,"href":"https:\/\/celebrityhouse.cz\/index.php\/wp-json\/wp\/v2\/comments?post=3545"}],"version-history":[{"count":1,"href":"https:\/\/celebrityhouse.cz\/index.php\/wp-json\/wp\/v2\/posts\/3545\/revisions"}],"predecessor-version":[{"id":3546,"href":"https:\/\/celebrityhouse.cz\/index.php\/wp-json\/wp\/v2\/posts\/3545\/revisions\/3546"}],"wp:featuredmedia":[{"embeddable":true,"href":"https:\/\/celebrityhouse.cz\/index.php\/wp-json\/wp\/v2\/media\/3450"}],"wp:attachment":[{"href":"https:\/\/celebrityhouse.cz\/index.php\/wp-json\/wp\/v2\/media?parent=3545"}],"wp:term":[{"taxonomy":"category","embeddable":true,"href":"https:\/\/celebrityhouse.cz\/index.php\/wp-json\/wp\/v2\/categories?post=3545"},{"taxonomy":"post_tag","embeddable":true,"href":"https:\/\/celebrityhouse.cz\/index.php\/wp-json\/wp\/v2\/tags?post=3545"}],"curies":[{"name":"wp","href":"https:\/\/api.w.org\/{rel}","templated":true}]}}