{"id":359,"date":"2019-04-14T23:12:27","date_gmt":"2019-04-14T21:12:27","guid":{"rendered":"http:\/\/celebrityhouse.cz\/?p=359"},"modified":"2019-04-15T16:48:45","modified_gmt":"2019-04-15T14:48:45","slug":"co-privedlo-hvezdy-do-parize-nejnovejsi-fashion-smartphone","status":"publish","type":"post","link":"https:\/\/celebrityhouse.cz\/index.php\/2019\/04\/14\/co-privedlo-hvezdy-do-parize-nejnovejsi-fashion-smartphone\/","title":{"rendered":"Co p\u0159ivedlo hv\u011bzdy do Pa\u0159\u00ed\u017ee? Nejnov\u011bj\u0161\u00ed fashion smartphone"},"content":{"rendered":"\n<p><strong>\u010cesko-Slovensk\u00e1 hv\u011bzdn\u00e1 \u010dtve\u0159ice celebrit se vydala do m\u011bsta m\u00f3dy a rozz\u00e1\u0159ila pa\u0159\u00ed\u017esk\u00e9 bulv\u00e1ry i tamn\u00ed podniky. Po \u010dase se op\u011bt spole\u010dn\u011b se\u0161ly celebrity ve slo\u017een\u00ed zp\u011bva\u010dka Dara Rolins, akrobatick\u00fd letec Martin \u0160onka, stylista Filip Van\u011bk a modelka Nikol \u0160vantnerov\u00e1. A d\u00edky \u010demu se toto kvarteto se\u0161lo p\u0159\u00edmo pod Eiffelovou v\u011b\u017e\u00ed?<\/strong><\/p>\n\n\n\n<figure class=\"wp-block-image\"><img loading=\"lazy\" decoding=\"async\" width=\"1024\" height=\"1024\" src=\"http:\/\/celebrityhouse.cz\/wp-content\/uploads\/2019\/04\/6R5so7gk-1024x1024.jpeg\" alt=\"\" class=\"wp-image-360\" srcset=\"https:\/\/celebrityhouse.cz\/wp-content\/uploads\/2019\/04\/6R5so7gk-1024x1024.jpeg 1024w, https:\/\/celebrityhouse.cz\/wp-content\/uploads\/2019\/04\/6R5so7gk-150x150.jpeg 150w, https:\/\/celebrityhouse.cz\/wp-content\/uploads\/2019\/04\/6R5so7gk-300x300.jpeg 300w, https:\/\/celebrityhouse.cz\/wp-content\/uploads\/2019\/04\/6R5so7gk-768x768.jpeg 768w, https:\/\/celebrityhouse.cz\/wp-content\/uploads\/2019\/04\/6R5so7gk-160x160.jpeg 160w, https:\/\/celebrityhouse.cz\/wp-content\/uploads\/2019\/04\/6R5so7gk-320x320.jpeg 320w, https:\/\/celebrityhouse.cz\/wp-content\/uploads\/2019\/04\/6R5so7gk.jpeg 1781w\" sizes=\"(max-width: 1024px) 100vw, 1024px\" \/><\/figure>\n\n\n\n<p>Kdy\u017e se \u0159ekne Pa\u0159\u00ed\u017e, t\u00e9m\u011b\u0159 ka\u017ed\u00e9mu se vybav\u00ed m\u00f3da. A sv\u00fdm zp\u016fsobem to byl i d\u016fvod, pro\u010d se v&nbsp;jeden moment, na jednom m\u00edst\u011b, se\u0161ly hv\u011bzdn\u00e9 celebrity. V&nbsp;Pa\u0159\u00ed\u017ei se toti\u017e uv\u00e1d\u011bla na trh nejnov\u011bj\u0161\u00ed fashion s\u00e9rie smartphon\u016f od Huawei s&nbsp;nep\u0159\u00edli\u0161 m\u00f3dn\u00edm ozna\u010den\u00edm P30. A proto\u017ee se o nejnov\u011bj\u0161\u00edm p\u0159\u00edr\u016fstku mezi smartphony te\u010fka v\u0161ude mluv\u00ed, zji\u0161\u0165ovali jsme, co si o n\u011bm pr\u00e1v\u011b zn\u00e1m\u00e9 tv\u00e1\u0159e mysl\u00ed.<\/p>\n\n\n\n<figure class=\"wp-block-image\"><img decoding=\"async\" src=\"http:\/\/www.luxuryhouse.cz\/tmp\/11940_0_800_1555272892.jpg\" alt=\"\"\/><\/figure>\n\n\n\n<p>T\u0159eba zp\u011bva\u010dka Dara Rolins moc dob\u0159e v\u00ed, jak to chod\u00ed v&nbsp;marketingu, a proto je ji\u017e na r\u016fzn\u00e1 hesla oslavuj\u00edc\u00ed p\u0159ich\u00e1zej\u00edc\u00ed novinky zvykl\u00e1. Up\u0159\u00edmn\u011b se ale p\u0159iznala, \u017ee v&nbsp;p\u0159\u00edpad\u011b Huawei P30 Pro, nebylo nic p\u0159ehnan\u00e9.&nbsp;<em>\u201eMusela jsem nev\u011b\u0159\u00edcn\u011b kroutit hlavou a usm\u00edvat se nad dokonal\u00fdm fo\u0165\u00e1kem, kter\u00fd del\u00e1 par\u00e1dn\u00ed fotky v noci a d\u00edky superzoomu m\u00e1te v\u0161echno bl\u00ed\u017e. O dokonal\u00e9m designu ani nemluv\u011b. Fakt \u00falet. U\u017e dlouho m\u011b nic tak \u2018ne\u017eiv\u00e9ho\u2018 tak nenadchlo,\u201c<\/em>&nbsp;p\u0159iznala se Dara ke sv\u00e9 nov\u00e9 v\u00e1\u0161ni.<\/p>\n\n\n\n<div class=\"wp-block-image\"><figure class=\"aligncenter\"><img decoding=\"async\" src=\"http:\/\/www.luxuryhouse.cz\/tmp\/11937_0_800_1555272889.jpg\" alt=\"\"\/><\/figure><\/div>\n\n\n\n<p>N\u00e1\u0161 nejlep\u0161\u00ed akrobatick\u00fd letec Martin \u0160onka m\u00e1 zrak jako ost\u0159\u00ed\u017e. Nen\u00ed proto divu, \u017ee to, co vid\u00ed pouh\u00fdm okem, si \u010dastokr\u00e1t nemohl p\u0159ibl\u00ed\u017eit na sv\u00e9m smartphonu.&nbsp;<em>\u201eStejn\u011b jako u p\u0159edchoz\u00edch model\u016f m\u011b zase hodn\u011b bav\u00ed design. Znovu m\u011b tak\u00e9 p\u0159ekvapilo, kam a\u017e se d\u00e1 posouvat kvalita fotek, zvl\u00e1\u0161t\u011b v&nbsp;\u0161eru nebo v&nbsp;noci je to \u00fa\u017easn\u00e9. U\u017e se t\u011b\u0161\u00edm, a\u017e po\u0159\u00e1dn\u011b vyzkou\u0161\u00edm superzoom, to je v\u011bc, kter\u00e1 mi v&nbsp;minulosti p\u00e1rkr\u00e1t chyb\u011bla a ur\u010dit\u011b se bude hodit,\u201c<\/em>&nbsp;neskr\u00fdval nad\u0161en\u00ed Martin \u0160onka.<\/p>\n\n\n\n<figure class=\"wp-block-image\"><img decoding=\"async\" src=\"http:\/\/www.luxuryhouse.cz\/tmp\/11944_0_800_1555272932.jpg\" alt=\"\"\/><\/figure>\n\n\n\n<p>Stylista Filip Van\u011bk oce\u0148uje hlavn\u011b mo\u017enost, jak jednodu\u0161e v&nbsp;noci po\u0159\u00eddit skv\u011blou fotografii a t\u011b\u0161\u00ed se, \u017ee nebude muset cestovat s&nbsp;nab\u00edje\u010dkou.&nbsp;<em>\u201eNejv\u00edc m\u011b bav\u00ed no\u010dn\u00ed focen\u00ed, te\u010f prost\u011b jen cvaknu i ve tm\u011b a je to perfektn\u00ed. V&nbsp;neposledn\u00ed \u0159ad\u011b na telefonech Huawei oce\u0148uji v\u00fddr\u017e baterie, neum\u00edm si p\u0159edstavit telefon, kter\u00fd nevydr\u017e\u00ed dva dny provozu v&nbsp;kuse. Dokonce kdy\u017e let\u00edm na oto\u010dku, nikdy s&nbsp;sebou neberu nab\u00edje\u010dku,\u201c<\/em>&nbsp;vychrlil ze sebe zn\u00e1m\u00fd stylista cestou na leti\u0161t\u011b.<\/p>\n\n\n\n<div class=\"wp-block-image\"><figure class=\"aligncenter\"><img decoding=\"async\" src=\"http:\/\/www.luxuryhouse.cz\/tmp\/11945_0_800_1555272933.jpg\" alt=\"\"\/><\/figure><\/div>\n\n\n\n<p>Holky miluj\u00ed kr\u00e1sn\u00e9 barvy a cht\u011bj\u00ed se obklopovat designov\u00fdmi v\u011bci\u010dkami. Nejinak tomu je i u na\u0161\u00ed b\u00fdval\u00e9 Miss a sou\u010dasn\u00e9 modelky Nikol \u0160vantnerov\u00e9.\u00a0<em>\u201eM\u011b, jako \u017eenskou, na prvn\u00ed pohled zaujal nov\u00fd design a hlavn\u011b ty barvy. Miluju focen\u00ed a mus\u00edm \u0159\u00edct, \u017ee fotky dost\u00e1vaj\u00ed \u00fapln\u011b jin\u00fd rozm\u011br. A pak ten zoom, j\u00e1 nevid\u00edm na d\u00e1lku, tak si te\u010f m\u016f\u017eu p\u0159ibl\u00ed\u017eit \u00fapln\u011b v\u0161e,\u201c<\/em>\u00a0rozpl\u00fdvala se nad nov\u011b nabit\u00fdmi mo\u017enostmi \u010desk\u00e1 kr\u00e1ska.<\/p>\n\n\n\n<figure><iframe loading=\"lazy\" width=\"720\" height=\"383\" src=\"https:\/\/www.youtube.com\/embed\/t8YL7oxUYAQ\" allowfullscreen=\"\"><\/iframe><\/figure>\n\n\n\n<p><strong>GALERIE:<\/strong><\/p>\n\n\n\n<ul class=\"wp-block-gallery columns-3 is-cropped wp-block-gallery-1 is-layout-flex wp-block-gallery-is-layout-flex\"><li class=\"blocks-gallery-item\"><figure><img loading=\"lazy\" decoding=\"async\" width=\"1024\" height=\"1024\" src=\"http:\/\/celebrityhouse.cz\/wp-content\/uploads\/2019\/04\/6R5so7gk-1-1024x1024.jpeg\" alt=\"\" data-id=\"363\" data-link=\"http:\/\/celebrityhouse.cz\/index.php\/2019\/04\/14\/co-privedlo-hvezdy-do-parize-nejnovejsi-fashion-smartphone\/6r5so7gk-2\/\" class=\"wp-image-363\" srcset=\"https:\/\/celebrityhouse.cz\/wp-content\/uploads\/2019\/04\/6R5so7gk-1-1024x1024.jpeg 1024w, https:\/\/celebrityhouse.cz\/wp-content\/uploads\/2019\/04\/6R5so7gk-1-150x150.jpeg 150w, https:\/\/celebrityhouse.cz\/wp-content\/uploads\/2019\/04\/6R5so7gk-1-300x300.jpeg 300w, https:\/\/celebrityhouse.cz\/wp-content\/uploads\/2019\/04\/6R5so7gk-1-768x768.jpeg 768w, https:\/\/celebrityhouse.cz\/wp-content\/uploads\/2019\/04\/6R5so7gk-1-160x160.jpeg 160w, https:\/\/celebrityhouse.cz\/wp-content\/uploads\/2019\/04\/6R5so7gk-1-320x320.jpeg 320w, https:\/\/celebrityhouse.cz\/wp-content\/uploads\/2019\/04\/6R5so7gk-1.jpeg 1781w\" sizes=\"(max-width: 1024px) 100vw, 1024px\" \/><\/figure><\/li><li class=\"blocks-gallery-item\"><figure><img loading=\"lazy\" decoding=\"async\" width=\"768\" height=\"1024\" src=\"http:\/\/celebrityhouse.cz\/wp-content\/uploads\/2019\/04\/65edrqg0-768x1024.jpeg\" alt=\"\" data-id=\"364\" data-link=\"http:\/\/celebrityhouse.cz\/index.php\/2019\/04\/14\/co-privedlo-hvezdy-do-parize-nejnovejsi-fashion-smartphone\/65edrqg0\/\" class=\"wp-image-364\" srcset=\"https:\/\/celebrityhouse.cz\/wp-content\/uploads\/2019\/04\/65edrqg0-768x1024.jpeg 768w, https:\/\/celebrityhouse.cz\/wp-content\/uploads\/2019\/04\/65edrqg0-225x300.jpeg 225w, https:\/\/celebrityhouse.cz\/wp-content\/uploads\/2019\/04\/65edrqg0.jpeg 1336w\" sizes=\"(max-width: 768px) 100vw, 768px\" \/><\/figure><\/li><li class=\"blocks-gallery-item\"><figure><img loading=\"lazy\" decoding=\"async\" width=\"1024\" height=\"1024\" src=\"http:\/\/celebrityhouse.cz\/wp-content\/uploads\/2019\/04\/b6npQ_bc-1024x1024.jpeg\" alt=\"\" data-id=\"365\" data-link=\"http:\/\/celebrityhouse.cz\/index.php\/2019\/04\/14\/co-privedlo-hvezdy-do-parize-nejnovejsi-fashion-smartphone\/b6npq_bc\/\" class=\"wp-image-365\" srcset=\"https:\/\/celebrityhouse.cz\/wp-content\/uploads\/2019\/04\/b6npQ_bc-1024x1024.jpeg 1024w, https:\/\/celebrityhouse.cz\/wp-content\/uploads\/2019\/04\/b6npQ_bc-150x150.jpeg 150w, https:\/\/celebrityhouse.cz\/wp-content\/uploads\/2019\/04\/b6npQ_bc-300x300.jpeg 300w, https:\/\/celebrityhouse.cz\/wp-content\/uploads\/2019\/04\/b6npQ_bc-768x768.jpeg 768w, https:\/\/celebrityhouse.cz\/wp-content\/uploads\/2019\/04\/b6npQ_bc-160x160.jpeg 160w, https:\/\/celebrityhouse.cz\/wp-content\/uploads\/2019\/04\/b6npQ_bc-320x320.jpeg 320w, https:\/\/celebrityhouse.cz\/wp-content\/uploads\/2019\/04\/b6npQ_bc.jpeg 1781w\" sizes=\"(max-width: 1024px) 100vw, 1024px\" \/><\/figure><\/li><li class=\"blocks-gallery-item\"><figure><img loading=\"lazy\" decoding=\"async\" width=\"768\" height=\"1024\" src=\"http:\/\/celebrityhouse.cz\/wp-content\/uploads\/2019\/04\/DU9KLE2I-768x1024.jpeg\" alt=\"\" data-id=\"366\" data-link=\"http:\/\/celebrityhouse.cz\/index.php\/2019\/04\/14\/co-privedlo-hvezdy-do-parize-nejnovejsi-fashion-smartphone\/du9kle2i\/\" class=\"wp-image-366\" srcset=\"https:\/\/celebrityhouse.cz\/wp-content\/uploads\/2019\/04\/DU9KLE2I-768x1024.jpeg 768w, https:\/\/celebrityhouse.cz\/wp-content\/uploads\/2019\/04\/DU9KLE2I-225x300.jpeg 225w, https:\/\/celebrityhouse.cz\/wp-content\/uploads\/2019\/04\/DU9KLE2I.jpeg 1336w\" sizes=\"(max-width: 768px) 100vw, 768px\" \/><\/figure><\/li><li class=\"blocks-gallery-item\"><figure><img loading=\"lazy\" decoding=\"async\" width=\"768\" height=\"1024\" src=\"http:\/\/celebrityhouse.cz\/wp-content\/uploads\/2019\/04\/eKZ6C4H0-768x1024.jpeg\" alt=\"\" data-id=\"367\" data-link=\"http:\/\/celebrityhouse.cz\/index.php\/2019\/04\/14\/co-privedlo-hvezdy-do-parize-nejnovejsi-fashion-smartphone\/ekz6c4h0\/\" class=\"wp-image-367\" srcset=\"https:\/\/celebrityhouse.cz\/wp-content\/uploads\/2019\/04\/eKZ6C4H0-768x1024.jpeg 768w, https:\/\/celebrityhouse.cz\/wp-content\/uploads\/2019\/04\/eKZ6C4H0-225x300.jpeg 225w, https:\/\/celebrityhouse.cz\/wp-content\/uploads\/2019\/04\/eKZ6C4H0.jpeg 1336w\" sizes=\"(max-width: 768px) 100vw, 768px\" \/><\/figure><\/li><li class=\"blocks-gallery-item\"><figure><img loading=\"lazy\" decoding=\"async\" width=\"1024\" height=\"683\" src=\"http:\/\/celebrityhouse.cz\/wp-content\/uploads\/2019\/04\/ffpUxWm4-1024x683.jpeg\" alt=\"\" data-id=\"368\" data-link=\"http:\/\/celebrityhouse.cz\/index.php\/2019\/04\/14\/co-privedlo-hvezdy-do-parize-nejnovejsi-fashion-smartphone\/ffpuxwm4\/\" class=\"wp-image-368\" srcset=\"https:\/\/celebrityhouse.cz\/wp-content\/uploads\/2019\/04\/ffpUxWm4-1024x683.jpeg 1024w, https:\/\/celebrityhouse.cz\/wp-content\/uploads\/2019\/04\/ffpUxWm4-300x200.jpeg 300w, https:\/\/celebrityhouse.cz\/wp-content\/uploads\/2019\/04\/ffpUxWm4-768x512.jpeg 768w, https:\/\/celebrityhouse.cz\/wp-content\/uploads\/2019\/04\/ffpUxWm4.jpeg 1950w\" sizes=\"(max-width: 1024px) 100vw, 1024px\" \/><\/figure><\/li><li class=\"blocks-gallery-item\"><figure><img loading=\"lazy\" decoding=\"async\" width=\"1024\" height=\"1024\" src=\"http:\/\/celebrityhouse.cz\/wp-content\/uploads\/2019\/04\/I9WECshc-1024x1024.jpeg\" alt=\"\" data-id=\"369\" data-link=\"http:\/\/celebrityhouse.cz\/index.php\/2019\/04\/14\/co-privedlo-hvezdy-do-parize-nejnovejsi-fashion-smartphone\/i9wecshc\/\" class=\"wp-image-369\" srcset=\"https:\/\/celebrityhouse.cz\/wp-content\/uploads\/2019\/04\/I9WECshc-1024x1024.jpeg 1024w, https:\/\/celebrityhouse.cz\/wp-content\/uploads\/2019\/04\/I9WECshc-150x150.jpeg 150w, https:\/\/celebrityhouse.cz\/wp-content\/uploads\/2019\/04\/I9WECshc-300x300.jpeg 300w, https:\/\/celebrityhouse.cz\/wp-content\/uploads\/2019\/04\/I9WECshc-768x768.jpeg 768w, https:\/\/celebrityhouse.cz\/wp-content\/uploads\/2019\/04\/I9WECshc-160x160.jpeg 160w, https:\/\/celebrityhouse.cz\/wp-content\/uploads\/2019\/04\/I9WECshc-320x320.jpeg 320w, https:\/\/celebrityhouse.cz\/wp-content\/uploads\/2019\/04\/I9WECshc.jpeg 1782w\" sizes=\"(max-width: 1024px) 100vw, 1024px\" \/><\/figure><\/li><li class=\"blocks-gallery-item\"><figure><img loading=\"lazy\" decoding=\"async\" width=\"768\" height=\"1024\" src=\"http:\/\/celebrityhouse.cz\/wp-content\/uploads\/2019\/04\/kskKezxA-768x1024.jpeg\" alt=\"\" data-id=\"370\" data-link=\"http:\/\/celebrityhouse.cz\/index.php\/2019\/04\/14\/co-privedlo-hvezdy-do-parize-nejnovejsi-fashion-smartphone\/kskkezxa\/\" class=\"wp-image-370\" srcset=\"https:\/\/celebrityhouse.cz\/wp-content\/uploads\/2019\/04\/kskKezxA-768x1024.jpeg 768w, https:\/\/celebrityhouse.cz\/wp-content\/uploads\/2019\/04\/kskKezxA-225x300.jpeg 225w, https:\/\/celebrityhouse.cz\/wp-content\/uploads\/2019\/04\/kskKezxA.jpeg 1336w\" sizes=\"(max-width: 768px) 100vw, 768px\" \/><\/figure><\/li><li class=\"blocks-gallery-item\"><figure><img loading=\"lazy\" decoding=\"async\" width=\"768\" height=\"1024\" src=\"http:\/\/celebrityhouse.cz\/wp-content\/uploads\/2019\/04\/odGCL8Uk-768x1024.jpeg\" alt=\"\" data-id=\"371\" data-link=\"http:\/\/celebrityhouse.cz\/index.php\/2019\/04\/14\/co-privedlo-hvezdy-do-parize-nejnovejsi-fashion-smartphone\/odgcl8uk\/\" class=\"wp-image-371\" srcset=\"https:\/\/celebrityhouse.cz\/wp-content\/uploads\/2019\/04\/odGCL8Uk-768x1024.jpeg 768w, https:\/\/celebrityhouse.cz\/wp-content\/uploads\/2019\/04\/odGCL8Uk-225x300.jpeg 225w, https:\/\/celebrityhouse.cz\/wp-content\/uploads\/2019\/04\/odGCL8Uk.jpeg 1336w\" sizes=\"(max-width: 768px) 100vw, 768px\" \/><\/figure><\/li><li class=\"blocks-gallery-item\"><figure><img loading=\"lazy\" decoding=\"async\" width=\"1024\" height=\"683\" src=\"http:\/\/celebrityhouse.cz\/wp-content\/uploads\/2019\/04\/tjPne2fw-1024x683.jpeg\" alt=\"\" data-id=\"372\" data-link=\"http:\/\/celebrityhouse.cz\/index.php\/2019\/04\/14\/co-privedlo-hvezdy-do-parize-nejnovejsi-fashion-smartphone\/tjpne2fw\/\" class=\"wp-image-372\" srcset=\"https:\/\/celebrityhouse.cz\/wp-content\/uploads\/2019\/04\/tjPne2fw-1024x683.jpeg 1024w, https:\/\/celebrityhouse.cz\/wp-content\/uploads\/2019\/04\/tjPne2fw-300x200.jpeg 300w, https:\/\/celebrityhouse.cz\/wp-content\/uploads\/2019\/04\/tjPne2fw-768x512.jpeg 768w, https:\/\/celebrityhouse.cz\/wp-content\/uploads\/2019\/04\/tjPne2fw.jpeg 1950w\" sizes=\"(max-width: 1024px) 100vw, 1024px\" \/><\/figure><\/li><li class=\"blocks-gallery-item\"><figure><img loading=\"lazy\" decoding=\"async\" width=\"1024\" height=\"1024\" src=\"http:\/\/celebrityhouse.cz\/wp-content\/uploads\/2019\/04\/xgViaGGc-1024x1024.jpeg\" alt=\"\" data-id=\"373\" data-link=\"http:\/\/celebrityhouse.cz\/index.php\/2019\/04\/14\/co-privedlo-hvezdy-do-parize-nejnovejsi-fashion-smartphone\/xgviaggc\/\" class=\"wp-image-373\" srcset=\"https:\/\/celebrityhouse.cz\/wp-content\/uploads\/2019\/04\/xgViaGGc-1024x1024.jpeg 1024w, https:\/\/celebrityhouse.cz\/wp-content\/uploads\/2019\/04\/xgViaGGc-150x150.jpeg 150w, https:\/\/celebrityhouse.cz\/wp-content\/uploads\/2019\/04\/xgViaGGc-300x300.jpeg 300w, https:\/\/celebrityhouse.cz\/wp-content\/uploads\/2019\/04\/xgViaGGc-768x768.jpeg 768w, https:\/\/celebrityhouse.cz\/wp-content\/uploads\/2019\/04\/xgViaGGc-160x160.jpeg 160w, https:\/\/celebrityhouse.cz\/wp-content\/uploads\/2019\/04\/xgViaGGc-320x320.jpeg 320w, https:\/\/celebrityhouse.cz\/wp-content\/uploads\/2019\/04\/xgViaGGc.jpeg 1781w\" sizes=\"(max-width: 1024px) 100vw, 1024px\" \/><\/figure><\/li><\/ul>\n","protected":false},"excerpt":{"rendered":"<p>\u010cesko-Slovensk\u00e1 hv\u011bzdn\u00e1 \u010dtve\u0159ice celebrit se vydala do m\u011bsta m\u00f3dy a rozz\u00e1\u0159ila pa\u0159\u00ed\u017esk\u00e9 bulv\u00e1ry i tamn\u00ed podniky. Po \u010dase se op\u011bt spole\u010dn\u011b se\u0161ly celebrity ve slo\u017een\u00ed zp\u011bva\u010dka Dara Rolins, akrobatick\u00fd letec Martin \u0160onka, stylista Filip&#46;&#46;&#46;<\/p>\n","protected":false},"author":2,"featured_media":360,"comment_status":"closed","ping_status":"closed","sticky":false,"template":"","format":"standard","meta":{"_monsterinsights_skip_tracking":false,"_monsterinsights_sitenote_active":false,"_monsterinsights_sitenote_note":"","_monsterinsights_sitenote_category":0,"footnotes":""},"categories":[3,13,18,10],"tags":[],"yoast_head":"<!-- This site is optimized with the Yoast SEO plugin v21.5 - https:\/\/yoast.com\/wordpress\/plugins\/seo\/ -->\n<title>Co p\u0159ivedlo hv\u011bzdy do Pa\u0159\u00ed\u017ee? Nejnov\u011bj\u0161\u00ed fashion smartphone - CELEBRITYHOUSE.cz<\/title>\n<meta name=\"robots\" content=\"index, follow, max-snippet:-1, max-image-preview:large, max-video-preview:-1\" \/>\n<link rel=\"canonical\" href=\"https:\/\/celebrityhouse.cz\/index.php\/2019\/04\/14\/co-privedlo-hvezdy-do-parize-nejnovejsi-fashion-smartphone\/\" \/>\n<meta property=\"og:locale\" content=\"cs_CZ\" \/>\n<meta property=\"og:type\" content=\"article\" \/>\n<meta property=\"og:title\" content=\"Co p\u0159ivedlo hv\u011bzdy do Pa\u0159\u00ed\u017ee? Nejnov\u011bj\u0161\u00ed fashion smartphone - CELEBRITYHOUSE.cz\" \/>\n<meta property=\"og:description\" content=\"\u010cesko-Slovensk\u00e1 hv\u011bzdn\u00e1 \u010dtve\u0159ice celebrit se vydala do m\u011bsta m\u00f3dy a rozz\u00e1\u0159ila pa\u0159\u00ed\u017esk\u00e9 bulv\u00e1ry i tamn\u00ed podniky. Po \u010dase se op\u011bt spole\u010dn\u011b se\u0161ly celebrity ve slo\u017een\u00ed zp\u011bva\u010dka Dara Rolins, akrobatick\u00fd letec Martin \u0160onka, stylista Filip&#046;&#046;&#046;\" \/>\n<meta property=\"og:url\" content=\"https:\/\/celebrityhouse.cz\/index.php\/2019\/04\/14\/co-privedlo-hvezdy-do-parize-nejnovejsi-fashion-smartphone\/\" \/>\n<meta property=\"og:site_name\" content=\"CELEBRITYHOUSE.cz\" \/>\n<meta property=\"article:published_time\" content=\"2019-04-14T21:12:27+00:00\" \/>\n<meta property=\"article:modified_time\" content=\"2019-04-15T14:48:45+00:00\" \/>\n<meta property=\"og:image\" content=\"https:\/\/celebrityhouse.cz\/wp-content\/uploads\/2019\/04\/6R5so7gk.jpeg\" \/>\n\t<meta property=\"og:image:width\" content=\"1781\" \/>\n\t<meta property=\"og:image:height\" content=\"1781\" \/>\n\t<meta property=\"og:image:type\" content=\"image\/jpeg\" \/>\n<meta name=\"author\" content=\"Jolana Hol\u00e1\u0148ov\u00e1\" \/>\n<meta name=\"twitter:card\" content=\"summary_large_image\" \/>\n<meta name=\"twitter:label1\" content=\"Napsal(a)\" \/>\n\t<meta name=\"twitter:data1\" content=\"Jolana Hol\u00e1\u0148ov\u00e1\" \/>\n\t<meta name=\"twitter:label2\" content=\"Odhadovan\u00e1 doba \u010dten\u00ed\" \/>\n\t<meta name=\"twitter:data2\" content=\"3 minuty\" \/>\n<script type=\"application\/ld+json\" class=\"yoast-schema-graph\">{\"@context\":\"https:\/\/schema.org\",\"@graph\":[{\"@type\":\"Article\",\"@id\":\"https:\/\/celebrityhouse.cz\/index.php\/2019\/04\/14\/co-privedlo-hvezdy-do-parize-nejnovejsi-fashion-smartphone\/#article\",\"isPartOf\":{\"@id\":\"https:\/\/celebrityhouse.cz\/index.php\/2019\/04\/14\/co-privedlo-hvezdy-do-parize-nejnovejsi-fashion-smartphone\/\"},\"author\":{\"name\":\"Jolana Hol\u00e1\u0148ov\u00e1\",\"@id\":\"https:\/\/celebrityhouse.cz\/#\/schema\/person\/d017015938d4512794986427eb23a2e9\"},\"headline\":\"Co p\u0159ivedlo hv\u011bzdy do Pa\u0159\u00ed\u017ee? Nejnov\u011bj\u0161\u00ed fashion smartphone\",\"datePublished\":\"2019-04-14T21:12:27+00:00\",\"dateModified\":\"2019-04-15T14:48:45+00:00\",\"mainEntityOfPage\":{\"@id\":\"https:\/\/celebrityhouse.cz\/index.php\/2019\/04\/14\/co-privedlo-hvezdy-do-parize-nejnovejsi-fashion-smartphone\/\"},\"wordCount\":590,\"publisher\":{\"@id\":\"https:\/\/celebrityhouse.cz\/#organization\"},\"articleSection\":[\"\u010cESK\u00c9 CELEBRITY\",\"FOTOREPORTY\",\"LIFESTYLE\",\"TIPY &amp; TRENDY\"],\"inLanguage\":\"cs\"},{\"@type\":\"WebPage\",\"@id\":\"https:\/\/celebrityhouse.cz\/index.php\/2019\/04\/14\/co-privedlo-hvezdy-do-parize-nejnovejsi-fashion-smartphone\/\",\"url\":\"https:\/\/celebrityhouse.cz\/index.php\/2019\/04\/14\/co-privedlo-hvezdy-do-parize-nejnovejsi-fashion-smartphone\/\",\"name\":\"Co p\u0159ivedlo hv\u011bzdy do Pa\u0159\u00ed\u017ee? Nejnov\u011bj\u0161\u00ed fashion smartphone - CELEBRITYHOUSE.cz\",\"isPartOf\":{\"@id\":\"https:\/\/celebrityhouse.cz\/#website\"},\"datePublished\":\"2019-04-14T21:12:27+00:00\",\"dateModified\":\"2019-04-15T14:48:45+00:00\",\"breadcrumb\":{\"@id\":\"https:\/\/celebrityhouse.cz\/index.php\/2019\/04\/14\/co-privedlo-hvezdy-do-parize-nejnovejsi-fashion-smartphone\/#breadcrumb\"},\"inLanguage\":\"cs\",\"potentialAction\":[{\"@type\":\"ReadAction\",\"target\":[\"https:\/\/celebrityhouse.cz\/index.php\/2019\/04\/14\/co-privedlo-hvezdy-do-parize-nejnovejsi-fashion-smartphone\/\"]}]},{\"@type\":\"BreadcrumbList\",\"@id\":\"https:\/\/celebrityhouse.cz\/index.php\/2019\/04\/14\/co-privedlo-hvezdy-do-parize-nejnovejsi-fashion-smartphone\/#breadcrumb\",\"itemListElement\":[{\"@type\":\"ListItem\",\"position\":1,\"name\":\"Dom\u016f\",\"item\":\"https:\/\/celebrityhouse.cz\/\"},{\"@type\":\"ListItem\",\"position\":2,\"name\":\"Co p\u0159ivedlo hv\u011bzdy do Pa\u0159\u00ed\u017ee? Nejnov\u011bj\u0161\u00ed fashion smartphone\"}]},{\"@type\":\"WebSite\",\"@id\":\"https:\/\/celebrityhouse.cz\/#website\",\"url\":\"https:\/\/celebrityhouse.cz\/\",\"name\":\"CELEBRITYHOUSE.cz\",\"description\":\"Port\u00e1l o showbyznysu...\",\"publisher\":{\"@id\":\"https:\/\/celebrityhouse.cz\/#organization\"},\"potentialAction\":[{\"@type\":\"SearchAction\",\"target\":{\"@type\":\"EntryPoint\",\"urlTemplate\":\"https:\/\/celebrityhouse.cz\/?s={search_term_string}\"},\"query-input\":\"required name=search_term_string\"}],\"inLanguage\":\"cs\"},{\"@type\":\"Organization\",\"@id\":\"https:\/\/celebrityhouse.cz\/#organization\",\"name\":\"CELEBRITYHOUSE.cz\",\"url\":\"https:\/\/celebrityhouse.cz\/\",\"logo\":{\"@type\":\"ImageObject\",\"inLanguage\":\"cs\",\"@id\":\"https:\/\/celebrityhouse.cz\/#\/schema\/logo\/image\/\",\"url\":\"https:\/\/celebrityhouse.cz\/wp-content\/uploads\/2024\/12\/cropped-Logo_CelebrityHouse_2.jpg\",\"contentUrl\":\"https:\/\/celebrityhouse.cz\/wp-content\/uploads\/2024\/12\/cropped-Logo_CelebrityHouse_2.jpg\",\"width\":937,\"height\":510,\"caption\":\"CELEBRITYHOUSE.cz\"},\"image\":{\"@id\":\"https:\/\/celebrityhouse.cz\/#\/schema\/logo\/image\/\"}},{\"@type\":\"Person\",\"@id\":\"https:\/\/celebrityhouse.cz\/#\/schema\/person\/d017015938d4512794986427eb23a2e9\",\"name\":\"Jolana Hol\u00e1\u0148ov\u00e1\",\"image\":{\"@type\":\"ImageObject\",\"inLanguage\":\"cs\",\"@id\":\"https:\/\/celebrityhouse.cz\/#\/schema\/person\/image\/\",\"url\":\"https:\/\/secure.gravatar.com\/avatar\/5863c504ed89cd419ff3a5e812c722ff?s=96&d=mm&r=g\",\"contentUrl\":\"https:\/\/secure.gravatar.com\/avatar\/5863c504ed89cd419ff3a5e812c722ff?s=96&d=mm&r=g\",\"caption\":\"Jolana Hol\u00e1\u0148ov\u00e1\"},\"sameAs\":[\"http:\/\/www.celebrityhouse.cz\"],\"url\":\"https:\/\/celebrityhouse.cz\/index.php\/author\/jolhol\/\"}]}<\/script>\n<!-- \/ Yoast SEO plugin. -->","yoast_head_json":{"title":"Co p\u0159ivedlo hv\u011bzdy do Pa\u0159\u00ed\u017ee? Nejnov\u011bj\u0161\u00ed fashion smartphone - CELEBRITYHOUSE.cz","robots":{"index":"index","follow":"follow","max-snippet":"max-snippet:-1","max-image-preview":"max-image-preview:large","max-video-preview":"max-video-preview:-1"},"canonical":"https:\/\/celebrityhouse.cz\/index.php\/2019\/04\/14\/co-privedlo-hvezdy-do-parize-nejnovejsi-fashion-smartphone\/","og_locale":"cs_CZ","og_type":"article","og_title":"Co p\u0159ivedlo hv\u011bzdy do Pa\u0159\u00ed\u017ee? Nejnov\u011bj\u0161\u00ed fashion smartphone - CELEBRITYHOUSE.cz","og_description":"\u010cesko-Slovensk\u00e1 hv\u011bzdn\u00e1 \u010dtve\u0159ice celebrit se vydala do m\u011bsta m\u00f3dy a rozz\u00e1\u0159ila pa\u0159\u00ed\u017esk\u00e9 bulv\u00e1ry i tamn\u00ed podniky. Po \u010dase se op\u011bt spole\u010dn\u011b se\u0161ly celebrity ve slo\u017een\u00ed zp\u011bva\u010dka Dara Rolins, akrobatick\u00fd letec Martin \u0160onka, stylista Filip&#46;&#46;&#46;","og_url":"https:\/\/celebrityhouse.cz\/index.php\/2019\/04\/14\/co-privedlo-hvezdy-do-parize-nejnovejsi-fashion-smartphone\/","og_site_name":"CELEBRITYHOUSE.cz","article_published_time":"2019-04-14T21:12:27+00:00","article_modified_time":"2019-04-15T14:48:45+00:00","og_image":[{"width":1781,"height":1781,"url":"https:\/\/celebrityhouse.cz\/wp-content\/uploads\/2019\/04\/6R5so7gk.jpeg","type":"image\/jpeg"}],"author":"Jolana Hol\u00e1\u0148ov\u00e1","twitter_card":"summary_large_image","twitter_misc":{"Napsal(a)":"Jolana Hol\u00e1\u0148ov\u00e1","Odhadovan\u00e1 doba \u010dten\u00ed":"3 minuty"},"schema":{"@context":"https:\/\/schema.org","@graph":[{"@type":"Article","@id":"https:\/\/celebrityhouse.cz\/index.php\/2019\/04\/14\/co-privedlo-hvezdy-do-parize-nejnovejsi-fashion-smartphone\/#article","isPartOf":{"@id":"https:\/\/celebrityhouse.cz\/index.php\/2019\/04\/14\/co-privedlo-hvezdy-do-parize-nejnovejsi-fashion-smartphone\/"},"author":{"name":"Jolana Hol\u00e1\u0148ov\u00e1","@id":"https:\/\/celebrityhouse.cz\/#\/schema\/person\/d017015938d4512794986427eb23a2e9"},"headline":"Co p\u0159ivedlo hv\u011bzdy do Pa\u0159\u00ed\u017ee? Nejnov\u011bj\u0161\u00ed fashion smartphone","datePublished":"2019-04-14T21:12:27+00:00","dateModified":"2019-04-15T14:48:45+00:00","mainEntityOfPage":{"@id":"https:\/\/celebrityhouse.cz\/index.php\/2019\/04\/14\/co-privedlo-hvezdy-do-parize-nejnovejsi-fashion-smartphone\/"},"wordCount":590,"publisher":{"@id":"https:\/\/celebrityhouse.cz\/#organization"},"articleSection":["\u010cESK\u00c9 CELEBRITY","FOTOREPORTY","LIFESTYLE","TIPY &amp; TRENDY"],"inLanguage":"cs"},{"@type":"WebPage","@id":"https:\/\/celebrityhouse.cz\/index.php\/2019\/04\/14\/co-privedlo-hvezdy-do-parize-nejnovejsi-fashion-smartphone\/","url":"https:\/\/celebrityhouse.cz\/index.php\/2019\/04\/14\/co-privedlo-hvezdy-do-parize-nejnovejsi-fashion-smartphone\/","name":"Co p\u0159ivedlo hv\u011bzdy do Pa\u0159\u00ed\u017ee? Nejnov\u011bj\u0161\u00ed fashion smartphone - CELEBRITYHOUSE.cz","isPartOf":{"@id":"https:\/\/celebrityhouse.cz\/#website"},"datePublished":"2019-04-14T21:12:27+00:00","dateModified":"2019-04-15T14:48:45+00:00","breadcrumb":{"@id":"https:\/\/celebrityhouse.cz\/index.php\/2019\/04\/14\/co-privedlo-hvezdy-do-parize-nejnovejsi-fashion-smartphone\/#breadcrumb"},"inLanguage":"cs","potentialAction":[{"@type":"ReadAction","target":["https:\/\/celebrityhouse.cz\/index.php\/2019\/04\/14\/co-privedlo-hvezdy-do-parize-nejnovejsi-fashion-smartphone\/"]}]},{"@type":"BreadcrumbList","@id":"https:\/\/celebrityhouse.cz\/index.php\/2019\/04\/14\/co-privedlo-hvezdy-do-parize-nejnovejsi-fashion-smartphone\/#breadcrumb","itemListElement":[{"@type":"ListItem","position":1,"name":"Dom\u016f","item":"https:\/\/celebrityhouse.cz\/"},{"@type":"ListItem","position":2,"name":"Co p\u0159ivedlo hv\u011bzdy do Pa\u0159\u00ed\u017ee? Nejnov\u011bj\u0161\u00ed fashion smartphone"}]},{"@type":"WebSite","@id":"https:\/\/celebrityhouse.cz\/#website","url":"https:\/\/celebrityhouse.cz\/","name":"CELEBRITYHOUSE.cz","description":"Port\u00e1l o showbyznysu...","publisher":{"@id":"https:\/\/celebrityhouse.cz\/#organization"},"potentialAction":[{"@type":"SearchAction","target":{"@type":"EntryPoint","urlTemplate":"https:\/\/celebrityhouse.cz\/?s={search_term_string}"},"query-input":"required name=search_term_string"}],"inLanguage":"cs"},{"@type":"Organization","@id":"https:\/\/celebrityhouse.cz\/#organization","name":"CELEBRITYHOUSE.cz","url":"https:\/\/celebrityhouse.cz\/","logo":{"@type":"ImageObject","inLanguage":"cs","@id":"https:\/\/celebrityhouse.cz\/#\/schema\/logo\/image\/","url":"https:\/\/celebrityhouse.cz\/wp-content\/uploads\/2024\/12\/cropped-Logo_CelebrityHouse_2.jpg","contentUrl":"https:\/\/celebrityhouse.cz\/wp-content\/uploads\/2024\/12\/cropped-Logo_CelebrityHouse_2.jpg","width":937,"height":510,"caption":"CELEBRITYHOUSE.cz"},"image":{"@id":"https:\/\/celebrityhouse.cz\/#\/schema\/logo\/image\/"}},{"@type":"Person","@id":"https:\/\/celebrityhouse.cz\/#\/schema\/person\/d017015938d4512794986427eb23a2e9","name":"Jolana Hol\u00e1\u0148ov\u00e1","image":{"@type":"ImageObject","inLanguage":"cs","@id":"https:\/\/celebrityhouse.cz\/#\/schema\/person\/image\/","url":"https:\/\/secure.gravatar.com\/avatar\/5863c504ed89cd419ff3a5e812c722ff?s=96&d=mm&r=g","contentUrl":"https:\/\/secure.gravatar.com\/avatar\/5863c504ed89cd419ff3a5e812c722ff?s=96&d=mm&r=g","caption":"Jolana Hol\u00e1\u0148ov\u00e1"},"sameAs":["http:\/\/www.celebrityhouse.cz"],"url":"https:\/\/celebrityhouse.cz\/index.php\/author\/jolhol\/"}]}},"_links":{"self":[{"href":"https:\/\/celebrityhouse.cz\/index.php\/wp-json\/wp\/v2\/posts\/359"}],"collection":[{"href":"https:\/\/celebrityhouse.cz\/index.php\/wp-json\/wp\/v2\/posts"}],"about":[{"href":"https:\/\/celebrityhouse.cz\/index.php\/wp-json\/wp\/v2\/types\/post"}],"author":[{"embeddable":true,"href":"https:\/\/celebrityhouse.cz\/index.php\/wp-json\/wp\/v2\/users\/2"}],"replies":[{"embeddable":true,"href":"https:\/\/celebrityhouse.cz\/index.php\/wp-json\/wp\/v2\/comments?post=359"}],"version-history":[{"count":4,"href":"https:\/\/celebrityhouse.cz\/index.php\/wp-json\/wp\/v2\/posts\/359\/revisions"}],"predecessor-version":[{"id":387,"href":"https:\/\/celebrityhouse.cz\/index.php\/wp-json\/wp\/v2\/posts\/359\/revisions\/387"}],"wp:featuredmedia":[{"embeddable":true,"href":"https:\/\/celebrityhouse.cz\/index.php\/wp-json\/wp\/v2\/media\/360"}],"wp:attachment":[{"href":"https:\/\/celebrityhouse.cz\/index.php\/wp-json\/wp\/v2\/media?parent=359"}],"wp:term":[{"taxonomy":"category","embeddable":true,"href":"https:\/\/celebrityhouse.cz\/index.php\/wp-json\/wp\/v2\/categories?post=359"},{"taxonomy":"post_tag","embeddable":true,"href":"https:\/\/celebrityhouse.cz\/index.php\/wp-json\/wp\/v2\/tags?post=359"}],"curies":[{"name":"wp","href":"https:\/\/api.w.org\/{rel}","templated":true}]}}