{"id":3750,"date":"2021-05-17T00:02:00","date_gmt":"2021-05-16T22:02:00","guid":{"rendered":"https:\/\/celebrityhouse.cz\/?p=3750"},"modified":"2021-05-15T15:05:44","modified_gmt":"2021-05-15T13:05:44","slug":"nova-mladata-v-zoo-praha-jaka-mladata-v-techto-dnech-muzete-videt","status":"publish","type":"post","link":"https:\/\/celebrityhouse.cz\/index.php\/2021\/05\/17\/nova-mladata-v-zoo-praha-jaka-mladata-v-techto-dnech-muzete-videt\/","title":{"rendered":"Nov\u00e1 ml\u00e1\u010fata v Zoo Praha: Jak\u00e1 ml\u00e1\u010fata v t\u011bchto dnech m\u016f\u017eete vid\u011bt?"},"content":{"rendered":"\n<p><strong>P\u0159esn\u011b 272 ml\u00e1\u010fat p\u0159i\u0161lo v&nbsp;Zoo Praha na sv\u011bt od za\u010d\u00e1tku leto\u0161n\u00edho roku. Mnoh\u00e9 z 82 druh\u016f savc\u016f, pt\u00e1k\u016f a plaz\u016f mohou n\u00e1v\u0161t\u011bvn\u00edci v&nbsp;t\u011bchto dnech sledovat i ve venkovn\u00edch expozic\u00edch. Mezi nezaj\u00edmav\u011bj\u0161\u00ed ml\u00e1\u010fata, kter\u00e1 se narodila teprve p\u0159edned\u00e1vnem, pat\u0159\u00ed tap\u00edr jihoamerick\u00fd, pekari Wagner\u016fv nebo je\u0159\u00e1bi mand\u017eu\u0161t\u00ed.<\/strong><\/p>\n\n\n\n<figure class=\"wp-block-image size-large\"><img decoding=\"async\" src=\"https:\/\/letniservis.cz\/wp-content\/uploads\/2021\/05\/Foto-1_Z07_6660_export-1024x1024.jpg\" alt=\"\" class=\"wp-image-926\"\/><figcaption>Porod tap\u00edra jihoamerick\u00e9ho prob\u011bhl velmi rychle, podle chovatel\u016f dokonce mezi dv\u011bma jejich kontrolami samice. Ml\u00e1d\u011b je v&nbsp;p\u00e9\u010di matky, kter\u00e1 ho pravideln\u011b koj\u00ed. Autor: Petr Hamern\u00edk, Zoo Praha<\/figcaption><\/figure>\n\n\n\n<p>Pr\u00e1v\u011b t\u00fdden je dnes ml\u00e1d\u011bti <strong>tap\u00edra jihoamerick\u00e9ho<\/strong>, kter\u00e9 n\u00e1v\u0161t\u011bvn\u00edky bezpochyby upout\u00e1 sv\u00fdm prou\u017ekovan\u00fdm zbarven\u00edm.<\/p>\n\n\n\n<p>\u201e<em>Toto tap\u00ed\u0159\u00ed ml\u00e1d\u011b je v\u00fdznamn\u00e9 t\u00edm, \u017ee jde o prvn\u00edho potomka samice Taluen,\u201c<\/em> popisuje kur\u00e1tor savc\u016f Pavel Brandl. <em>\u201eTu jsme v&nbsp;r\u00e1mci chovn\u00e9ho programu Evropsk\u00e9 asociace zoologick\u00fdch zahrad z\u00edskali v&nbsp;roce 2019 z&nbsp;Francouzsk\u00e9 Guyany. Je tedy nositelkou jedine\u010dn\u00fdch gen\u016f, kter\u00e9 dosud v&nbsp;evropsk\u00e9m chovu nejsou. Otcem ml\u00e1d\u011bte je samec Tex, kter\u00fd m\u00e1 tak\u00e9 velmi zaj\u00edmav\u00fd neevropsk\u00fd p\u016fvod.\u201c<\/em><\/p>\n\n\n\n<p>Pokud to po\u010das\u00ed dovol\u00ed, mal\u00fd tap\u00edr se se do venkovn\u00edho v\u00fdb\u011bhu poprv\u00e9 pod\u00edv\u00e1 ji\u017e tuto sobotu, by\u0165 nejprve na kr\u00e1tkou dobu, aby si zvykal na intenzivn\u00ed slune\u010dn\u00ed z\u00e1\u0159en\u00ed a venkovn\u00ed teploty. Tap\u00edry jihoamerick\u00e9 v&nbsp;Zoo Praha n\u00e1v\u0161t\u011bvn\u00edci uvid\u00ed v&nbsp;expozici naproti Darwinov\u011b kr\u00e1teru.<\/p>\n\n\n\n<p>Nov\u00fd p\u0159\u00edr\u016fstek mohou n\u00e1v\u0161t\u011bvn\u00edci v&nbsp;t\u011bchto dnech sledovat tak\u00e9 v&nbsp;horn\u00ed \u010d\u00e1sti are\u00e1lu, kde se p\u0159ed p\u00e1r dny narodil <strong>pekari Wagner\u016fv<\/strong>.<\/p>\n\n\n\n<figure class=\"wp-block-image size-large\"><img decoding=\"async\" src=\"https:\/\/letniservis.cz\/wp-content\/uploads\/2021\/05\/Foto-2_D81_9414_export-1024x684.jpg\" alt=\"\" class=\"wp-image-927\"\/><figcaption>Pohlav\u00ed \u010derstv\u00e9ho ml\u00e1d\u011bte pekariho Wagnerova budou zn\u00e1t chovatel\u00e9 zhruba za t\u0159i t\u00fddny. Rodi\u010de se o n\u011bj zat\u00edm vzorn\u011b staraj\u00ed a n\u00e1v\u0161t\u011bvn\u00edci jej mohou vid\u011bt v\u011bt\u0161inu dne s&nbsp;celou skupinou ve venkovn\u00edm v\u00fdb\u011bhu. Autor: Petr Hamern\u00edk, Zoo Praha<\/figcaption><\/figure>\n\n\n\n<p>\u201e<em>Jde o osm\u00e9 ml\u00e1d\u011b tohoto ohro\u017een\u00e9ho druhu v&nbsp;Zoo Praha. Jeho matkou je v\u0161ak jin\u00e1 samice, ne\u017e tomu bylo u p\u0159edchoz\u00edch ml\u00e1\u010fat, a o to je pro n\u00e1s v\u00fdznamn\u011bj\u0161\u00ed,\u201c <\/em>uv\u00e1d\u00ed kur\u00e1tor kopytn\u00edk\u016f Jan Mengr.<\/p>\n\n\n\n<p>Z\u00e1chranu pekariho Wagnerova podporuje Zoo Praha i v&nbsp;oblasti jeho p\u0159irozen\u00e9ho v\u00fdskytu v&nbsp;oblasti Gran Chaca.<\/p>\n\n\n\n<p>Ji\u017e dva t\u00fddny jsou star\u00e1 dv\u011b ml\u00e1\u010fata <strong>je\u0159\u00e1ba mand\u017eusk\u00e9ho.<\/strong> P\u0159esto\u017ee ve sv\u00e9 domovin\u011b je symbolem dlouhov\u011bkosti, pat\u0159\u00ed mezi nejohro\u017een\u011bj\u0161\u00ed druhy pt\u00e1k\u016f s&nbsp;celosv\u011btovou populac\u00ed kolem t\u0159\u00ed tis\u00edc jedinc\u016f. V&nbsp;Zoo Praha se da\u0159\u00ed je\u0159\u00e1by pravideln\u011b odchov\u00e1vat od roku 2011.<\/p>\n\n\n\n<figure class=\"wp-block-image size-large\"><img decoding=\"async\" src=\"https:\/\/letniservis.cz\/wp-content\/uploads\/2021\/05\/Foto-3_D85_0373_export-1024x683.jpg\" alt=\"\" class=\"wp-image-928\"\/><figcaption>O ob\u011b ml\u00e1\u010fata je\u0159\u00e1b\u016f mand\u017eusk\u00fdch se jejich zku\u0161en\u00ed rodi\u010de Am\u00e1lka a Albert vzorn\u011b staraj\u00ed. Ml\u00e1\u010fata dost\u00e1vaj\u00ed t\u0159ikr\u00e1t denn\u011b m\u00edchanici a hmyz, kter\u00fd jim rodi\u010de nos\u00ed&nbsp;na \u0161pi\u010dce zob\u00e1ku, odkud ho&nbsp;ml\u00e1\u010fata sezob\u00e1vaj\u00ed. Autor: Petr Hamern\u00edk, Zoo Praha<\/figcaption><\/figure>\n\n\n\n<p>\u201e<em>Rodi\u010dovsk\u00fd p\u00e1r m\u00e1 vz\u00e1cn\u00fd p\u016fvod. Samec Albert poch\u00e1z\u00ed ze Zoo Saitama v&nbsp;Japonsku. Samice Am\u00e1lka je p\u016fvodem z \u010d\u00ednsk\u00e9ho Pekingu a&nbsp;je&nbsp;od&nbsp;roku 1998 nejd\u00e9le \u017eij\u00edc\u00edm je\u0159\u00e1bem mand\u017eusk\u00fdm v&nbsp;Zoo Praha,\u201c<\/em> popisuje d\u016fvod vz\u00e1cn\u00e9ho odchovu kur\u00e1tor pt\u00e1k\u016f Anton\u00edn Vaidl.<\/p>\n\n\n\n<p>N\u00e1v\u0161t\u011bvn\u00edci mohou ml\u00e1\u010fata je\u0159\u00e1b\u016f vid\u011bt v&nbsp;expozici Pta\u010d\u00edch mok\u0159ad\u016f.<\/p>\n\n\n\n<p>V t\u011bchto dnech se ve\u0159ejnost p\u0159i n\u00e1v\u0161t\u011bv\u011b Zoo Praha m\u016f\u017ee t\u011b\u0161it nap\u0159\u00edklad tak\u00e9 na&nbsp;ml\u00e1\u010fata klokan\u016f obrovsk\u00fdch a rudokrk\u00fdch v&nbsp;Darwinov\u011b kr\u00e1teru, na \u017eelvy pard\u00e1l\u00ed ve skaln\u00edm labyrintu Afriky zbl\u00edzka nebo na surikaty u Africk\u00e9ho domu.<\/p>\n\n\n\n<p>Zoo Praha m\u00e1 za posledn\u00ed \u010dty\u0159i m\u011bs\u00edce na sv\u00e9m kont\u011b tak\u00e9 n\u011bkolik v\u00fdznamn\u00fdch odchov\u016f, kter\u00e9 v&nbsp;sou\u010dasn\u00e9 dob\u011b vid\u011bt nejsou a chovatel\u00e9 o n\u011b pe\u010duj\u00ed v&nbsp;z\u00e1zem\u00ed. Jde nap\u0159\u00edklad o \u017eelvy Smithovy, kakadu palmov\u00e9ho, nos\u00e1ly b\u011blohub\u00e9 nebo trichy orl\u00ed.<\/p>\n\n\n\n<div style=\"height:20px\" aria-hidden=\"true\" class=\"wp-block-spacer\"><\/div>\n\n\n\n<figure class=\"wp-block-gallery columns-2 is-cropped wp-block-gallery-1 is-layout-flex wp-block-gallery-is-layout-flex\"><ul class=\"blocks-gallery-grid\"><li class=\"blocks-gallery-item\"><figure><img decoding=\"async\" src=\"https:\/\/letniservis.cz\/wp-content\/uploads\/2021\/05\/Foto-1_Z07_6660_export-1024x1024.jpg\" alt=\"\" data-id=\"926\" data-full-url=\"https:\/\/letniservis.cz\/wp-content\/uploads\/2021\/05\/Foto-1_Z07_6660_export-scaled.jpg\" data-link=\"https:\/\/letniservis.cz\/?attachment_id=926\" class=\"wp-image-926\"\/><\/figure><\/li><li class=\"blocks-gallery-item\"><figure><img decoding=\"async\" src=\"https:\/\/letniservis.cz\/wp-content\/uploads\/2021\/05\/Foto-2_D81_9414_export-1024x684.jpg\" alt=\"\" data-id=\"927\" data-full-url=\"https:\/\/letniservis.cz\/wp-content\/uploads\/2021\/05\/Foto-2_D81_9414_export.jpg\" data-link=\"https:\/\/letniservis.cz\/?attachment_id=927\" class=\"wp-image-927\"\/><\/figure><\/li><li class=\"blocks-gallery-item\"><figure><img decoding=\"async\" src=\"https:\/\/letniservis.cz\/wp-content\/uploads\/2021\/05\/Foto-3_D85_0373_export-1024x683.jpg\" alt=\"\" data-id=\"928\" data-full-url=\"https:\/\/letniservis.cz\/wp-content\/uploads\/2021\/05\/Foto-3_D85_0373_export-scaled.jpg\" data-link=\"https:\/\/letniservis.cz\/?attachment_id=928\" class=\"wp-image-928\"\/><\/figure><\/li><\/ul><\/figure>\n\n\n\n<div style=\"height:36px\" aria-hidden=\"true\" class=\"wp-block-spacer\"><\/div>\n","protected":false},"excerpt":{"rendered":"<p>P\u0159esn\u011b 272 ml\u00e1\u010fat p\u0159i\u0161lo v&nbsp;Zoo Praha na sv\u011bt od za\u010d\u00e1tku leto\u0161n\u00edho roku. Mnoh\u00e9 z 82 druh\u016f savc\u016f, pt\u00e1k\u016f a plaz\u016f mohou n\u00e1v\u0161t\u011bvn\u00edci v&nbsp;t\u011bchto dnech sledovat i ve venkovn\u00edch expozic\u00edch. Mezi nezaj\u00edmav\u011bj\u0161\u00ed ml\u00e1\u010fata, kter\u00e1 se&#46;&#46;&#46;<\/p>\n","protected":false},"author":1,"featured_media":3751,"comment_status":"closed","ping_status":"closed","sticky":false,"template":"","format":"standard","meta":{"_monsterinsights_skip_tracking":false,"_monsterinsights_sitenote_active":false,"_monsterinsights_sitenote_note":"","_monsterinsights_sitenote_category":0,"footnotes":""},"categories":[19,18,2],"tags":[],"yoast_head":"<!-- This site is optimized with the Yoast SEO plugin v21.5 - https:\/\/yoast.com\/wordpress\/plugins\/seo\/ -->\n<title>Nov\u00e1 ml\u00e1\u010fata v Zoo Praha: Jak\u00e1 ml\u00e1\u010fata v t\u011bchto dnech m\u016f\u017eete vid\u011bt? - CELEBRITYHOUSE.cz<\/title>\n<meta name=\"robots\" content=\"index, follow, max-snippet:-1, max-image-preview:large, max-video-preview:-1\" \/>\n<link rel=\"canonical\" href=\"https:\/\/celebrityhouse.cz\/index.php\/2021\/05\/17\/nova-mladata-v-zoo-praha-jaka-mladata-v-techto-dnech-muzete-videt\/\" \/>\n<meta property=\"og:locale\" content=\"cs_CZ\" \/>\n<meta property=\"og:type\" content=\"article\" \/>\n<meta property=\"og:title\" content=\"Nov\u00e1 ml\u00e1\u010fata v Zoo Praha: Jak\u00e1 ml\u00e1\u010fata v t\u011bchto dnech m\u016f\u017eete vid\u011bt? - CELEBRITYHOUSE.cz\" \/>\n<meta property=\"og:description\" content=\"P\u0159esn\u011b 272 ml\u00e1\u010fat p\u0159i\u0161lo v&nbsp;Zoo Praha na sv\u011bt od za\u010d\u00e1tku leto\u0161n\u00edho roku. Mnoh\u00e9 z 82 druh\u016f savc\u016f, pt\u00e1k\u016f a plaz\u016f mohou n\u00e1v\u0161t\u011bvn\u00edci v&nbsp;t\u011bchto dnech sledovat i ve venkovn\u00edch expozic\u00edch. Mezi nezaj\u00edmav\u011bj\u0161\u00ed ml\u00e1\u010fata, kter\u00e1 se&#046;&#046;&#046;\" \/>\n<meta property=\"og:url\" content=\"https:\/\/celebrityhouse.cz\/index.php\/2021\/05\/17\/nova-mladata-v-zoo-praha-jaka-mladata-v-techto-dnech-muzete-videt\/\" \/>\n<meta property=\"og:site_name\" content=\"CELEBRITYHOUSE.cz\" \/>\n<meta property=\"article:published_time\" content=\"2021-05-16T22:02:00+00:00\" \/>\n<meta property=\"article:modified_time\" content=\"2021-05-15T13:05:44+00:00\" \/>\n<meta property=\"og:image\" content=\"https:\/\/celebrityhouse.cz\/wp-content\/uploads\/2021\/05\/Foto-1_Z07_6660_export-scaled.jpg\" \/>\n\t<meta property=\"og:image:width\" content=\"2560\" \/>\n\t<meta property=\"og:image:height\" content=\"2560\" \/>\n\t<meta property=\"og:image:type\" content=\"image\/jpeg\" \/>\n<meta name=\"author\" content=\"Ivomik\" \/>\n<meta name=\"twitter:card\" content=\"summary_large_image\" \/>\n<meta name=\"twitter:label1\" content=\"Napsal(a)\" \/>\n\t<meta name=\"twitter:data1\" content=\"Ivomik\" \/>\n\t<meta name=\"twitter:label2\" content=\"Odhadovan\u00e1 doba \u010dten\u00ed\" \/>\n\t<meta name=\"twitter:data2\" content=\"4 minuty\" \/>\n<script type=\"application\/ld+json\" class=\"yoast-schema-graph\">{\"@context\":\"https:\/\/schema.org\",\"@graph\":[{\"@type\":\"Article\",\"@id\":\"https:\/\/celebrityhouse.cz\/index.php\/2021\/05\/17\/nova-mladata-v-zoo-praha-jaka-mladata-v-techto-dnech-muzete-videt\/#article\",\"isPartOf\":{\"@id\":\"https:\/\/celebrityhouse.cz\/index.php\/2021\/05\/17\/nova-mladata-v-zoo-praha-jaka-mladata-v-techto-dnech-muzete-videt\/\"},\"author\":{\"name\":\"Ivomik\",\"@id\":\"https:\/\/celebrityhouse.cz\/#\/schema\/person\/e56175be839ff28d67accd2c9d44d8e9\"},\"headline\":\"Nov\u00e1 ml\u00e1\u010fata v Zoo Praha: Jak\u00e1 ml\u00e1\u010fata v t\u011bchto dnech m\u016f\u017eete vid\u011bt?\",\"datePublished\":\"2021-05-16T22:02:00+00:00\",\"dateModified\":\"2021-05-15T13:05:44+00:00\",\"mainEntityOfPage\":{\"@id\":\"https:\/\/celebrityhouse.cz\/index.php\/2021\/05\/17\/nova-mladata-v-zoo-praha-jaka-mladata-v-techto-dnech-muzete-videt\/\"},\"wordCount\":759,\"publisher\":{\"@id\":\"https:\/\/celebrityhouse.cz\/#organization\"},\"articleSection\":[\"AKCE\",\"LIFESTYLE\",\"NEWS\"],\"inLanguage\":\"cs\"},{\"@type\":\"WebPage\",\"@id\":\"https:\/\/celebrityhouse.cz\/index.php\/2021\/05\/17\/nova-mladata-v-zoo-praha-jaka-mladata-v-techto-dnech-muzete-videt\/\",\"url\":\"https:\/\/celebrityhouse.cz\/index.php\/2021\/05\/17\/nova-mladata-v-zoo-praha-jaka-mladata-v-techto-dnech-muzete-videt\/\",\"name\":\"Nov\u00e1 ml\u00e1\u010fata v Zoo Praha: Jak\u00e1 ml\u00e1\u010fata v t\u011bchto dnech m\u016f\u017eete vid\u011bt? - CELEBRITYHOUSE.cz\",\"isPartOf\":{\"@id\":\"https:\/\/celebrityhouse.cz\/#website\"},\"datePublished\":\"2021-05-16T22:02:00+00:00\",\"dateModified\":\"2021-05-15T13:05:44+00:00\",\"breadcrumb\":{\"@id\":\"https:\/\/celebrityhouse.cz\/index.php\/2021\/05\/17\/nova-mladata-v-zoo-praha-jaka-mladata-v-techto-dnech-muzete-videt\/#breadcrumb\"},\"inLanguage\":\"cs\",\"potentialAction\":[{\"@type\":\"ReadAction\",\"target\":[\"https:\/\/celebrityhouse.cz\/index.php\/2021\/05\/17\/nova-mladata-v-zoo-praha-jaka-mladata-v-techto-dnech-muzete-videt\/\"]}]},{\"@type\":\"BreadcrumbList\",\"@id\":\"https:\/\/celebrityhouse.cz\/index.php\/2021\/05\/17\/nova-mladata-v-zoo-praha-jaka-mladata-v-techto-dnech-muzete-videt\/#breadcrumb\",\"itemListElement\":[{\"@type\":\"ListItem\",\"position\":1,\"name\":\"Dom\u016f\",\"item\":\"https:\/\/celebrityhouse.cz\/\"},{\"@type\":\"ListItem\",\"position\":2,\"name\":\"Nov\u00e1 ml\u00e1\u010fata v Zoo Praha: Jak\u00e1 ml\u00e1\u010fata v t\u011bchto dnech m\u016f\u017eete vid\u011bt?\"}]},{\"@type\":\"WebSite\",\"@id\":\"https:\/\/celebrityhouse.cz\/#website\",\"url\":\"https:\/\/celebrityhouse.cz\/\",\"name\":\"CELEBRITYHOUSE.cz\",\"description\":\"Port\u00e1l o showbyznysu...\",\"publisher\":{\"@id\":\"https:\/\/celebrityhouse.cz\/#organization\"},\"potentialAction\":[{\"@type\":\"SearchAction\",\"target\":{\"@type\":\"EntryPoint\",\"urlTemplate\":\"https:\/\/celebrityhouse.cz\/?s={search_term_string}\"},\"query-input\":\"required name=search_term_string\"}],\"inLanguage\":\"cs\"},{\"@type\":\"Organization\",\"@id\":\"https:\/\/celebrityhouse.cz\/#organization\",\"name\":\"CELEBRITYHOUSE.cz\",\"url\":\"https:\/\/celebrityhouse.cz\/\",\"logo\":{\"@type\":\"ImageObject\",\"inLanguage\":\"cs\",\"@id\":\"https:\/\/celebrityhouse.cz\/#\/schema\/logo\/image\/\",\"url\":\"https:\/\/celebrityhouse.cz\/wp-content\/uploads\/2024\/12\/cropped-Logo_CelebrityHouse_2.jpg\",\"contentUrl\":\"https:\/\/celebrityhouse.cz\/wp-content\/uploads\/2024\/12\/cropped-Logo_CelebrityHouse_2.jpg\",\"width\":937,\"height\":510,\"caption\":\"CELEBRITYHOUSE.cz\"},\"image\":{\"@id\":\"https:\/\/celebrityhouse.cz\/#\/schema\/logo\/image\/\"}},{\"@type\":\"Person\",\"@id\":\"https:\/\/celebrityhouse.cz\/#\/schema\/person\/e56175be839ff28d67accd2c9d44d8e9\",\"name\":\"Ivomik\",\"image\":{\"@type\":\"ImageObject\",\"inLanguage\":\"cs\",\"@id\":\"https:\/\/celebrityhouse.cz\/#\/schema\/person\/image\/\",\"url\":\"https:\/\/secure.gravatar.com\/avatar\/1c8a35f186d8baabb0513b2bdd8e53cd?s=96&d=mm&r=g\",\"contentUrl\":\"https:\/\/secure.gravatar.com\/avatar\/1c8a35f186d8baabb0513b2bdd8e53cd?s=96&d=mm&r=g\",\"caption\":\"Ivomik\"},\"url\":\"https:\/\/celebrityhouse.cz\/index.php\/author\/ivomik\/\"}]}<\/script>\n<!-- \/ Yoast SEO plugin. -->","yoast_head_json":{"title":"Nov\u00e1 ml\u00e1\u010fata v Zoo Praha: Jak\u00e1 ml\u00e1\u010fata v t\u011bchto dnech m\u016f\u017eete vid\u011bt? - CELEBRITYHOUSE.cz","robots":{"index":"index","follow":"follow","max-snippet":"max-snippet:-1","max-image-preview":"max-image-preview:large","max-video-preview":"max-video-preview:-1"},"canonical":"https:\/\/celebrityhouse.cz\/index.php\/2021\/05\/17\/nova-mladata-v-zoo-praha-jaka-mladata-v-techto-dnech-muzete-videt\/","og_locale":"cs_CZ","og_type":"article","og_title":"Nov\u00e1 ml\u00e1\u010fata v Zoo Praha: Jak\u00e1 ml\u00e1\u010fata v t\u011bchto dnech m\u016f\u017eete vid\u011bt? - CELEBRITYHOUSE.cz","og_description":"P\u0159esn\u011b 272 ml\u00e1\u010fat p\u0159i\u0161lo v&nbsp;Zoo Praha na sv\u011bt od za\u010d\u00e1tku leto\u0161n\u00edho roku. Mnoh\u00e9 z 82 druh\u016f savc\u016f, pt\u00e1k\u016f a plaz\u016f mohou n\u00e1v\u0161t\u011bvn\u00edci v&nbsp;t\u011bchto dnech sledovat i ve venkovn\u00edch expozic\u00edch. Mezi nezaj\u00edmav\u011bj\u0161\u00ed ml\u00e1\u010fata, kter\u00e1 se&#46;&#46;&#46;","og_url":"https:\/\/celebrityhouse.cz\/index.php\/2021\/05\/17\/nova-mladata-v-zoo-praha-jaka-mladata-v-techto-dnech-muzete-videt\/","og_site_name":"CELEBRITYHOUSE.cz","article_published_time":"2021-05-16T22:02:00+00:00","article_modified_time":"2021-05-15T13:05:44+00:00","og_image":[{"width":2560,"height":2560,"url":"https:\/\/celebrityhouse.cz\/wp-content\/uploads\/2021\/05\/Foto-1_Z07_6660_export-scaled.jpg","type":"image\/jpeg"}],"author":"Ivomik","twitter_card":"summary_large_image","twitter_misc":{"Napsal(a)":"Ivomik","Odhadovan\u00e1 doba \u010dten\u00ed":"4 minuty"},"schema":{"@context":"https:\/\/schema.org","@graph":[{"@type":"Article","@id":"https:\/\/celebrityhouse.cz\/index.php\/2021\/05\/17\/nova-mladata-v-zoo-praha-jaka-mladata-v-techto-dnech-muzete-videt\/#article","isPartOf":{"@id":"https:\/\/celebrityhouse.cz\/index.php\/2021\/05\/17\/nova-mladata-v-zoo-praha-jaka-mladata-v-techto-dnech-muzete-videt\/"},"author":{"name":"Ivomik","@id":"https:\/\/celebrityhouse.cz\/#\/schema\/person\/e56175be839ff28d67accd2c9d44d8e9"},"headline":"Nov\u00e1 ml\u00e1\u010fata v Zoo Praha: Jak\u00e1 ml\u00e1\u010fata v t\u011bchto dnech m\u016f\u017eete vid\u011bt?","datePublished":"2021-05-16T22:02:00+00:00","dateModified":"2021-05-15T13:05:44+00:00","mainEntityOfPage":{"@id":"https:\/\/celebrityhouse.cz\/index.php\/2021\/05\/17\/nova-mladata-v-zoo-praha-jaka-mladata-v-techto-dnech-muzete-videt\/"},"wordCount":759,"publisher":{"@id":"https:\/\/celebrityhouse.cz\/#organization"},"articleSection":["AKCE","LIFESTYLE","NEWS"],"inLanguage":"cs"},{"@type":"WebPage","@id":"https:\/\/celebrityhouse.cz\/index.php\/2021\/05\/17\/nova-mladata-v-zoo-praha-jaka-mladata-v-techto-dnech-muzete-videt\/","url":"https:\/\/celebrityhouse.cz\/index.php\/2021\/05\/17\/nova-mladata-v-zoo-praha-jaka-mladata-v-techto-dnech-muzete-videt\/","name":"Nov\u00e1 ml\u00e1\u010fata v Zoo Praha: Jak\u00e1 ml\u00e1\u010fata v t\u011bchto dnech m\u016f\u017eete vid\u011bt? - CELEBRITYHOUSE.cz","isPartOf":{"@id":"https:\/\/celebrityhouse.cz\/#website"},"datePublished":"2021-05-16T22:02:00+00:00","dateModified":"2021-05-15T13:05:44+00:00","breadcrumb":{"@id":"https:\/\/celebrityhouse.cz\/index.php\/2021\/05\/17\/nova-mladata-v-zoo-praha-jaka-mladata-v-techto-dnech-muzete-videt\/#breadcrumb"},"inLanguage":"cs","potentialAction":[{"@type":"ReadAction","target":["https:\/\/celebrityhouse.cz\/index.php\/2021\/05\/17\/nova-mladata-v-zoo-praha-jaka-mladata-v-techto-dnech-muzete-videt\/"]}]},{"@type":"BreadcrumbList","@id":"https:\/\/celebrityhouse.cz\/index.php\/2021\/05\/17\/nova-mladata-v-zoo-praha-jaka-mladata-v-techto-dnech-muzete-videt\/#breadcrumb","itemListElement":[{"@type":"ListItem","position":1,"name":"Dom\u016f","item":"https:\/\/celebrityhouse.cz\/"},{"@type":"ListItem","position":2,"name":"Nov\u00e1 ml\u00e1\u010fata v Zoo Praha: Jak\u00e1 ml\u00e1\u010fata v t\u011bchto dnech m\u016f\u017eete vid\u011bt?"}]},{"@type":"WebSite","@id":"https:\/\/celebrityhouse.cz\/#website","url":"https:\/\/celebrityhouse.cz\/","name":"CELEBRITYHOUSE.cz","description":"Port\u00e1l o showbyznysu...","publisher":{"@id":"https:\/\/celebrityhouse.cz\/#organization"},"potentialAction":[{"@type":"SearchAction","target":{"@type":"EntryPoint","urlTemplate":"https:\/\/celebrityhouse.cz\/?s={search_term_string}"},"query-input":"required name=search_term_string"}],"inLanguage":"cs"},{"@type":"Organization","@id":"https:\/\/celebrityhouse.cz\/#organization","name":"CELEBRITYHOUSE.cz","url":"https:\/\/celebrityhouse.cz\/","logo":{"@type":"ImageObject","inLanguage":"cs","@id":"https:\/\/celebrityhouse.cz\/#\/schema\/logo\/image\/","url":"https:\/\/celebrityhouse.cz\/wp-content\/uploads\/2024\/12\/cropped-Logo_CelebrityHouse_2.jpg","contentUrl":"https:\/\/celebrityhouse.cz\/wp-content\/uploads\/2024\/12\/cropped-Logo_CelebrityHouse_2.jpg","width":937,"height":510,"caption":"CELEBRITYHOUSE.cz"},"image":{"@id":"https:\/\/celebrityhouse.cz\/#\/schema\/logo\/image\/"}},{"@type":"Person","@id":"https:\/\/celebrityhouse.cz\/#\/schema\/person\/e56175be839ff28d67accd2c9d44d8e9","name":"Ivomik","image":{"@type":"ImageObject","inLanguage":"cs","@id":"https:\/\/celebrityhouse.cz\/#\/schema\/person\/image\/","url":"https:\/\/secure.gravatar.com\/avatar\/1c8a35f186d8baabb0513b2bdd8e53cd?s=96&d=mm&r=g","contentUrl":"https:\/\/secure.gravatar.com\/avatar\/1c8a35f186d8baabb0513b2bdd8e53cd?s=96&d=mm&r=g","caption":"Ivomik"},"url":"https:\/\/celebrityhouse.cz\/index.php\/author\/ivomik\/"}]}},"_links":{"self":[{"href":"https:\/\/celebrityhouse.cz\/index.php\/wp-json\/wp\/v2\/posts\/3750"}],"collection":[{"href":"https:\/\/celebrityhouse.cz\/index.php\/wp-json\/wp\/v2\/posts"}],"about":[{"href":"https:\/\/celebrityhouse.cz\/index.php\/wp-json\/wp\/v2\/types\/post"}],"author":[{"embeddable":true,"href":"https:\/\/celebrityhouse.cz\/index.php\/wp-json\/wp\/v2\/users\/1"}],"replies":[{"embeddable":true,"href":"https:\/\/celebrityhouse.cz\/index.php\/wp-json\/wp\/v2\/comments?post=3750"}],"version-history":[{"count":1,"href":"https:\/\/celebrityhouse.cz\/index.php\/wp-json\/wp\/v2\/posts\/3750\/revisions"}],"predecessor-version":[{"id":3752,"href":"https:\/\/celebrityhouse.cz\/index.php\/wp-json\/wp\/v2\/posts\/3750\/revisions\/3752"}],"wp:featuredmedia":[{"embeddable":true,"href":"https:\/\/celebrityhouse.cz\/index.php\/wp-json\/wp\/v2\/media\/3751"}],"wp:attachment":[{"href":"https:\/\/celebrityhouse.cz\/index.php\/wp-json\/wp\/v2\/media?parent=3750"}],"wp:term":[{"taxonomy":"category","embeddable":true,"href":"https:\/\/celebrityhouse.cz\/index.php\/wp-json\/wp\/v2\/categories?post=3750"},{"taxonomy":"post_tag","embeddable":true,"href":"https:\/\/celebrityhouse.cz\/index.php\/wp-json\/wp\/v2\/tags?post=3750"}],"curies":[{"name":"wp","href":"https:\/\/api.w.org\/{rel}","templated":true}]}}