{"id":3831,"date":"2021-05-17T00:16:00","date_gmt":"2021-05-16T22:16:00","guid":{"rendered":"https:\/\/celebrityhouse.cz\/?p=3831"},"modified":"2021-05-31T19:33:54","modified_gmt":"2021-05-31T17:33:54","slug":"soutez-o-darkove-balicky-cokolady-milka","status":"publish","type":"post","link":"https:\/\/celebrityhouse.cz\/index.php\/2021\/05\/17\/soutez-o-darkove-balicky-cokolady-milka\/","title":{"rendered":"Sout\u011b\u017e o d\u00e1rkov\u00e9 bal\u00ed\u010dky \u010dokol\u00e1dy Milka"},"content":{"rendered":"\n<p><strong>P\u011bt z v\u00e1s m\u00e1 mo\u017enost vyhr\u00e1t<\/strong>&nbsp;<strong>d\u00e1rkov\u00fd bal\u00ed\u010dek Milka k jej\u00edmu v\u00fdro\u010d\u00ed 120 let od okam\u017eiku, kdy se za\u010dala prod\u00e1vat \u010dokol\u00e1da Milka.<\/strong><\/p>\n\n\n\n<h3 class=\"wp-block-heading\">Sout\u011b\u017en\u00ed ot\u00e1zka:<\/h3>\n\n\n\n<h4 class=\"wp-block-heading\"><strong>Na kter\u00fd datum p\u0159ipadaj\u00ed narozeniny zna\u010dky Milka?<\/strong><\/h4>\n\n\n\n<p><strong>a)&nbsp;12. dubna<\/strong><\/p>\n\n\n\n<p><strong>b)&nbsp;24. dubna<\/strong><\/p>\n\n\n\n<p><strong>c) 12. kv\u011btna<\/strong><\/p>\n\n\n\n<p>N\u00e1pov\u011bdu naleznete na webu <strong><a href=\"http:\/\/www.milka.cz\">www.milka.cz<\/a><\/strong>.<\/p>\n\n\n\n<div style=\"height:20px\" aria-hidden=\"true\" class=\"wp-block-spacer\"><\/div>\n\n\n\n<p><strong>Po\u0161lete n\u00e1m spr\u00e1vnou odpov\u011b\u010f, sv\u00e9 jm\u00e9no, adresu a telefon na e-mail: soutez@hmg.cz. Do p\u0159edm\u011btu zpr\u00e1vy napi\u0161te: CELEBRITYHOUSE \u2013&nbsp;<strong>Milka slav\u00ed 120. narozeniny a rozd\u00e1v\u00e1 d\u00e1rky<\/strong>.&nbsp;<\/strong>Ze v\u0161ech do\u0161l\u00fdch e-mail\u016f vyhr\u00e1v\u00e1 spr\u00e1vn\u00e1 odpov\u011b\u010f: 100, 200, 300, 400 a 500, tyto e-maily od n\u00e1s obdr\u017e\u00ed v\u00fdhru.<\/p>\n\n\n\n<h5 class=\"wp-block-heading\"><strong>Sout\u011b\u017e trv\u00e1 od 17.5. \u2013 30.5. 2021.<\/strong><\/h5>\n\n\n\n<div style=\"height:20px\" aria-hidden=\"true\" class=\"wp-block-spacer\"><\/div>\n\n\n\n<figure class=\"wp-block-image size-large\"><img loading=\"lazy\" decoding=\"async\" width=\"1024\" height=\"576\" src=\"https:\/\/celebrityhouse.cz\/wp-content\/uploads\/2021\/05\/Milka120-1024x576.jpg\" alt=\"\" class=\"wp-image-3834\" srcset=\"https:\/\/celebrityhouse.cz\/wp-content\/uploads\/2021\/05\/Milka120-1024x576.jpg 1024w, https:\/\/celebrityhouse.cz\/wp-content\/uploads\/2021\/05\/Milka120-300x169.jpg 300w, https:\/\/celebrityhouse.cz\/wp-content\/uploads\/2021\/05\/Milka120-768x432.jpg 768w, https:\/\/celebrityhouse.cz\/wp-content\/uploads\/2021\/05\/Milka120-1536x864.jpg 1536w, https:\/\/celebrityhouse.cz\/wp-content\/uploads\/2021\/05\/Milka120.jpg 1920w\" sizes=\"(max-width: 1024px) 100vw, 1024px\" \/><\/figure>\n\n\n\n<h2 class=\"wp-block-heading\"><strong>Milka slav\u00ed 120. narozeniny a rozd\u00e1v\u00e1 d\u00e1rky<\/strong><\/h2>\n\n\n\n<p><strong>Zna\u010dka \u010dokol\u00e1dMilka letos slav\u00ed sv\u00e9 120. narozeniny a vyu\u017e\u00edv\u00e1 tuto p\u0159\u00edle\u017eitost k rozd\u00e1v\u00e1n\u00ed d\u00e1rk\u016f. I kdy\u017e je sama oslavencem, sv\u00e9 fanou\u0161ky odm\u011bn\u00ed b\u011bhem dubna a kv\u011btna celkem t\u0159ikr\u00e1t \u010d\u00e1stkou 120 000 K\u010d, za kterou si v\u00fdherci mohou splnit sv\u00e1 vlastn\u00ed p\u0159\u00e1n\u00ed. U p\u0159\u00edle\u017eitosti tohoto jubilea Milka p\u0159ipom\u00edn\u00e1 d\u016fle\u017eit\u00e9 momenty sv\u00e9 historie. Jak vznikl jej\u00ed n\u00e1zev a kde se na obalu vzala fialov\u00e1 kravi\u010dka?<\/strong><\/p>\n\n\n\n<p>Narozeniny Milky p\u0159ipadaj\u00ed na 24. dubna, kdy byla zna\u010dka registrov\u00e1na v&nbsp;N\u011bmecku. V&nbsp;r\u00e1mci oslav leto\u0161n\u00edho jubilea se mohou \u010de\u0161t\u00ed fanou\u0161ci t\u00e9to \u010dokol\u00e1dy zapojit do sout\u011b\u017ee o \u0161t\u011bdr\u00e9 finan\u010dn\u00ed v\u00fdhry. Sta\u010d\u00ed koupit jak\u00fdkoliv Milka produkt a nahr\u00e1t \u00fa\u010dtenku z&nbsp;n\u00e1kupu na <a href=\"http:\/\/www.milka.cz\/\">www.milka.cz<\/a>. Na t\u0159i vylosovan\u00e9 \u010dek\u00e1 v\u00fdhra ve v\u00fd\u0161i 120&nbsp;000 K\u010d, za kterou si v\u00edt\u011bzov\u00e9 mohou splnit sv\u00e1 p\u0159\u00e1n\u00ed a sny. Sout\u011b\u017e prob\u00edh\u00e1 od 12. dubna do 30. kv\u011btna.<\/p>\n\n\n\n<p>Stodvac\u00e1t\u00e9 narozeniny jsou tak\u00e9 ide\u00e1ln\u00ed p\u0159\u00edle\u017eitost\u00ed ohl\u00e9dnout se zp\u011btn\u011b na nejv\u00fdznamn\u011bj\u0161\u00ed miln\u00edky t\u00e9to zna\u010dky \u010dokol\u00e1d. V\u011bd\u011bli jste, \u017ee n\u00e1zev Milka vznikl kombinac\u00ed dvou n\u011bmeck\u00fdch slov? Konkr\u00e9tn\u011b slova \u201eMilch\u201c a \u201eKakao\u201c, tedy spojen\u00edm ml\u00e9ka a kakaa, co\u017e odkazuje na slo\u017een\u00ed \u010dokol\u00e1d. Ty jsou vyr\u00e1b\u011bny z&nbsp;lahodn\u00e9ho alpsk\u00e9ho ml\u00e9ka a kakaa, kter\u00e9 je produkov\u00e1no prost\u0159ednictv\u00edm udr\u017eiteln\u00e9ho programu Cocoa Life.<\/p>\n\n\n\n<figure class=\"wp-block-image size-large\"><img loading=\"lazy\" decoding=\"async\" width=\"800\" height=\"383\" src=\"https:\/\/celebrityhouse.cz\/wp-content\/uploads\/2021\/05\/Milka_obal_1901.jpg\" alt=\"\" class=\"wp-image-3832\" srcset=\"https:\/\/celebrityhouse.cz\/wp-content\/uploads\/2021\/05\/Milka_obal_1901.jpg 800w, https:\/\/celebrityhouse.cz\/wp-content\/uploads\/2021\/05\/Milka_obal_1901-300x144.jpg 300w, https:\/\/celebrityhouse.cz\/wp-content\/uploads\/2021\/05\/Milka_obal_1901-768x368.jpg 768w\" sizes=\"(max-width: 800px) 100vw, 800px\" \/><\/figure>\n\n\n\n<h3 class=\"wp-block-heading\"><strong>Od prvn\u00ed tabulky k&nbsp;\u0161irok\u00e9 nab\u00eddce \u010dokol\u00e1dov\u00fdch dobrot<\/strong><\/h3>\n\n\n\n<p>Za zakladatele Milky je pova\u017eov\u00e1n \u0160v\u00fdcar Philippe Suchard, kter\u00fd si v&nbsp;roce 1826 otev\u0159el tov\u00e1rnu na v\u00fdrobu \u010dokol\u00e1dy. Kdy\u017e v&nbsp;roce 1901 za\u010dala tov\u00e1rna vyr\u00e1b\u011bt \u010dokol\u00e1du pod zna\u010dkou Milka, objevovalo se jm\u00e9no majitele i na jej\u00edch obalech. P\u016fvodn\u011b velk\u00fdm zlat\u00fdm p\u00edsmem ve st\u0159edu tabulky, pozd\u011bji tuto dominantn\u00ed pozici z\u00edskalo slovo Milka.<\/p>\n\n\n\n<p>\u00dapln\u011b prvn\u00ed tabulka Milka \u010dokol\u00e1dy byla prod\u00e1na v&nbsp;roce 1901 v&nbsp;N\u011bmecku. Od t\u00e9 doby se tyto \u010dokol\u00e1dy, a dal\u0161\u00ed produkty zabalen\u00e9 v&nbsp;typicky fialov\u00e9 lila barv\u011b, postupn\u011b staly jedn\u011bmi z&nbsp;nejpopul\u00e1rn\u011bj\u0161\u00edch \u010dokol\u00e1dov\u00fdch pochoutek. Aktu\u00e1ln\u011b si je mohou koupit lid\u00e9 v&nbsp;52 zem\u00edch po&nbsp;cel\u00e9m sv\u011bt\u011b a ka\u017ed\u00fd den se b\u011bhem jedin\u00e9 hodiny prod\u00e1 pr\u016fm\u011brn\u011b 150&nbsp;000 kus\u016f Milka produkt\u016f!<\/p>\n\n\n\n<p>Na prvn\u00edm pap\u00edrov\u00e9m obalu fialov\u00e9 barvy z roku 1901 byl vyobrazen pastevec s&nbsp;kr\u00e1vou v&nbsp;kopcovit\u00e9 krajin\u011b. Kr\u00e1va je tak sou\u010d\u00e1st\u00ed zna\u010dky od \u00fapln\u00e9ho za\u010d\u00e1tku. Sou\u010dasnou podobu, a p\u0159edev\u0161\u00edm roli v&nbsp;komunikaci Milky, v\u0161ak z\u00edskala a\u017e pozd\u011bji. Fialov\u00e1 kravi\u010dka se tak, jak ji zn\u00e1me dnes, poprv\u00e9 objevila v&nbsp;reklam\u011b b\u011bhem roku 1972. O rok pozd\u011bji se ji\u017e stala \u00fast\u0159edn\u00ed postavou zna\u010dky a objevila se poprv\u00e9 i v&nbsp;televizi.<\/p>\n\n\n\n<figure class=\"wp-block-image size-large\"><img loading=\"lazy\" decoding=\"async\" width=\"800\" height=\"395\" src=\"https:\/\/celebrityhouse.cz\/wp-content\/uploads\/2021\/05\/Milka_obal_1901_2.jpg\" alt=\"\" class=\"wp-image-3833\" srcset=\"https:\/\/celebrityhouse.cz\/wp-content\/uploads\/2021\/05\/Milka_obal_1901_2.jpg 800w, https:\/\/celebrityhouse.cz\/wp-content\/uploads\/2021\/05\/Milka_obal_1901_2-300x148.jpg 300w, https:\/\/celebrityhouse.cz\/wp-content\/uploads\/2021\/05\/Milka_obal_1901_2-768x379.jpg 768w\" sizes=\"(max-width: 800px) 100vw, 800px\" \/><\/figure>\n\n\n\n<p>Popul\u00e1rn\u00ed Milka kravi\u010dku u\u017e d\u00e1vno nenajdeme jen na tabulkov\u00fdch \u010dokol\u00e1d\u00e1ch. Prvn\u00ed roz\u0161\u00ed\u0159en\u00ed nab\u00eddky p\u0159i\u0161lo v roce 1926, kdy p\u0159ibyly tak\u00e9 speci\u00e1ln\u00ed v\u00e1no\u010dn\u00ed a velikono\u010dn\u00ed produkty. Od roku 1977 se za\u010daly vyr\u00e1b\u011bt tabulkov\u00e9 \u010dokol\u00e1dy tak\u00e9 ve vy\u0161\u0161\u00edch gram\u00e1\u017e\u00edch ne\u017e dosavadn\u00edch 100 gram\u016f. O deset let pozd\u011bji, v&nbsp;roce 1987, se poprv\u00e9 objevily \u010dokol\u00e1dov\u00e9 pralinky ve tvaru srdce. Tyto bonboni\u00e9ry, kter\u00e9 se dnes t\u011b\u0161\u00ed oblib\u011b nap\u0159\u00edklad b\u011bhem Valent\u00fdna, doplnily postupn\u011b i dal\u0161\u00ed tvary ur\u010den\u00e9 pro speci\u00e1ln\u00ed p\u0159\u00edle\u017eitosti.<\/p>\n\n\n\n<p>Kdy\u017e se pod\u00edv\u00e1me do ned\u00e1vn\u00e9 minulosti, zjist\u00edme, \u017ee roku 2007 se rozrostla nab\u00eddka produkt\u016f o kategorii su\u0161enek a jemn\u00e9ho pe\u010diva v\u00a0kombinaci s\u00a0nejjemn\u011bj\u0161\u00ed Milka \u010dokol\u00e1dou. V\u00a0dal\u0161\u00edch letech se portfolio Milky ka\u017edoro\u010dn\u011b rozr\u016fstalo o dal\u0161\u00ed a dal\u0161\u00ed novinky. V\u00a0roce 2010 se tak nap\u0159\u00edklad poprv\u00e9 objevily Milka Choco Wafer, oplatky s\u00a0kakaovou n\u00e1pln\u00ed p\u0159elit\u00e9 \u010dokol\u00e1dou. \u017de v\u00e1m n\u011bco p\u0159ipom\u00ednaj\u00ed? Nen\u00ed tajemstv\u00edm, \u017ee inspirac\u00ed jim byla popul\u00e1rn\u00ed \u010desk\u00e1 Fidorka!<\/p>\n\n\n\n<p><strong>V\u00edce informac\u00ed naleznete na <a href=\"http:\/\/www.milka.cz\/\">www.milka.cz<\/a>.<\/strong><\/p>\n\n\n\n<div style=\"height:20px\" aria-hidden=\"true\" class=\"wp-block-spacer\"><\/div>\n\n\n\n<figure class=\"wp-block-gallery columns-2 is-cropped wp-block-gallery-1 is-layout-flex wp-block-gallery-is-layout-flex\"><ul class=\"blocks-gallery-grid\"><li class=\"blocks-gallery-item\"><figure><img loading=\"lazy\" decoding=\"async\" width=\"800\" height=\"383\" src=\"https:\/\/celebrityhouse.cz\/wp-content\/uploads\/2021\/05\/Milka_obal_1901.jpg\" alt=\"\" data-id=\"3832\" data-full-url=\"https:\/\/celebrityhouse.cz\/wp-content\/uploads\/2021\/05\/Milka_obal_1901.jpg\" data-link=\"https:\/\/celebrityhouse.cz\/?attachment_id=3832\" class=\"wp-image-3832\" srcset=\"https:\/\/celebrityhouse.cz\/wp-content\/uploads\/2021\/05\/Milka_obal_1901.jpg 800w, https:\/\/celebrityhouse.cz\/wp-content\/uploads\/2021\/05\/Milka_obal_1901-300x144.jpg 300w, https:\/\/celebrityhouse.cz\/wp-content\/uploads\/2021\/05\/Milka_obal_1901-768x368.jpg 768w\" sizes=\"(max-width: 800px) 100vw, 800px\" \/><\/figure><\/li><li class=\"blocks-gallery-item\"><figure><img loading=\"lazy\" decoding=\"async\" width=\"800\" height=\"395\" src=\"https:\/\/celebrityhouse.cz\/wp-content\/uploads\/2021\/05\/Milka_obal_1901_2.jpg\" alt=\"\" data-id=\"3833\" data-full-url=\"https:\/\/celebrityhouse.cz\/wp-content\/uploads\/2021\/05\/Milka_obal_1901_2.jpg\" data-link=\"https:\/\/celebrityhouse.cz\/?attachment_id=3833\" class=\"wp-image-3833\" srcset=\"https:\/\/celebrityhouse.cz\/wp-content\/uploads\/2021\/05\/Milka_obal_1901_2.jpg 800w, https:\/\/celebrityhouse.cz\/wp-content\/uploads\/2021\/05\/Milka_obal_1901_2-300x148.jpg 300w, https:\/\/celebrityhouse.cz\/wp-content\/uploads\/2021\/05\/Milka_obal_1901_2-768x379.jpg 768w\" sizes=\"(max-width: 800px) 100vw, 800px\" \/><\/figure><\/li><li class=\"blocks-gallery-item\"><figure><img loading=\"lazy\" decoding=\"async\" width=\"1024\" height=\"576\" src=\"https:\/\/celebrityhouse.cz\/wp-content\/uploads\/2021\/05\/Milka120-1024x576.jpg\" alt=\"\" data-id=\"3834\" data-full-url=\"https:\/\/celebrityhouse.cz\/wp-content\/uploads\/2021\/05\/Milka120.jpg\" data-link=\"https:\/\/celebrityhouse.cz\/?attachment_id=3834\" class=\"wp-image-3834\" srcset=\"https:\/\/celebrityhouse.cz\/wp-content\/uploads\/2021\/05\/Milka120-1024x576.jpg 1024w, https:\/\/celebrityhouse.cz\/wp-content\/uploads\/2021\/05\/Milka120-300x169.jpg 300w, https:\/\/celebrityhouse.cz\/wp-content\/uploads\/2021\/05\/Milka120-768x432.jpg 768w, https:\/\/celebrityhouse.cz\/wp-content\/uploads\/2021\/05\/Milka120-1536x864.jpg 1536w, https:\/\/celebrityhouse.cz\/wp-content\/uploads\/2021\/05\/Milka120.jpg 1920w\" sizes=\"(max-width: 1024px) 100vw, 1024px\" \/><\/figure><\/li><\/ul><\/figure>\n\n\n\n<div style=\"height:100px\" aria-hidden=\"true\" class=\"wp-block-spacer\"><\/div>\n\n\n\n<p><\/p>\n","protected":false},"excerpt":{"rendered":"<p>P\u011bt z v\u00e1s m\u00e1 mo\u017enost vyhr\u00e1t&nbsp;d\u00e1rkov\u00fd bal\u00ed\u010dek Milka k jej\u00edmu v\u00fdro\u010d\u00ed 120 let od okam\u017eiku, kdy se za\u010dala prod\u00e1vat \u010dokol\u00e1da Milka. Sout\u011b\u017en\u00ed ot\u00e1zka: Na kter\u00fd datum p\u0159ipadaj\u00ed narozeniny zna\u010dky Milka? a)&nbsp;12. dubna b)&nbsp;24. dubna&#46;&#46;&#46;<\/p>\n","protected":false},"author":5,"featured_media":3834,"comment_status":"closed","ping_status":"closed","sticky":false,"template":"","format":"standard","meta":{"_monsterinsights_skip_tracking":false,"_monsterinsights_sitenote_active":false,"_monsterinsights_sitenote_note":"","_monsterinsights_sitenote_category":0,"footnotes":""},"categories":[2,14],"tags":[],"yoast_head":"<!-- This site is optimized with the Yoast SEO plugin v21.5 - https:\/\/yoast.com\/wordpress\/plugins\/seo\/ -->\n<title>Sout\u011b\u017e o d\u00e1rkov\u00e9 bal\u00ed\u010dky \u010dokol\u00e1dy Milka - CELEBRITYHOUSE.cz<\/title>\n<meta name=\"robots\" content=\"index, follow, max-snippet:-1, max-image-preview:large, max-video-preview:-1\" \/>\n<link rel=\"canonical\" href=\"https:\/\/celebrityhouse.cz\/index.php\/2021\/05\/17\/soutez-o-darkove-balicky-cokolady-milka\/\" \/>\n<meta property=\"og:locale\" content=\"cs_CZ\" \/>\n<meta property=\"og:type\" content=\"article\" \/>\n<meta property=\"og:title\" content=\"Sout\u011b\u017e o d\u00e1rkov\u00e9 bal\u00ed\u010dky \u010dokol\u00e1dy Milka - CELEBRITYHOUSE.cz\" \/>\n<meta property=\"og:description\" content=\"P\u011bt z v\u00e1s m\u00e1 mo\u017enost vyhr\u00e1t&nbsp;d\u00e1rkov\u00fd bal\u00ed\u010dek Milka k jej\u00edmu v\u00fdro\u010d\u00ed 120 let od okam\u017eiku, kdy se za\u010dala prod\u00e1vat \u010dokol\u00e1da Milka. Sout\u011b\u017en\u00ed ot\u00e1zka: Na kter\u00fd datum p\u0159ipadaj\u00ed narozeniny zna\u010dky Milka? a)&nbsp;12. dubna b)&nbsp;24. dubna&#046;&#046;&#046;\" \/>\n<meta property=\"og:url\" content=\"https:\/\/celebrityhouse.cz\/index.php\/2021\/05\/17\/soutez-o-darkove-balicky-cokolady-milka\/\" \/>\n<meta property=\"og:site_name\" content=\"CELEBRITYHOUSE.cz\" \/>\n<meta property=\"article:published_time\" content=\"2021-05-16T22:16:00+00:00\" \/>\n<meta property=\"article:modified_time\" content=\"2021-05-31T17:33:54+00:00\" \/>\n<meta property=\"og:image\" content=\"https:\/\/celebrityhouse.cz\/wp-content\/uploads\/2021\/05\/Milka120.jpg\" \/>\n\t<meta property=\"og:image:width\" content=\"1920\" \/>\n\t<meta property=\"og:image:height\" content=\"1080\" \/>\n\t<meta property=\"og:image:type\" content=\"image\/jpeg\" \/>\n<meta name=\"author\" content=\"Tereza Ol\u0161ansk\u00e1\" \/>\n<meta name=\"twitter:card\" content=\"summary_large_image\" \/>\n<meta name=\"twitter:label1\" content=\"Napsal(a)\" \/>\n\t<meta name=\"twitter:data1\" content=\"Tereza Ol\u0161ansk\u00e1\" \/>\n\t<meta name=\"twitter:label2\" content=\"Odhadovan\u00e1 doba \u010dten\u00ed\" \/>\n\t<meta name=\"twitter:data2\" content=\"4 minuty\" \/>\n<script type=\"application\/ld+json\" class=\"yoast-schema-graph\">{\"@context\":\"https:\/\/schema.org\",\"@graph\":[{\"@type\":\"Article\",\"@id\":\"https:\/\/celebrityhouse.cz\/index.php\/2021\/05\/17\/soutez-o-darkove-balicky-cokolady-milka\/#article\",\"isPartOf\":{\"@id\":\"https:\/\/celebrityhouse.cz\/index.php\/2021\/05\/17\/soutez-o-darkove-balicky-cokolady-milka\/\"},\"author\":{\"name\":\"Tereza Ol\u0161ansk\u00e1\",\"@id\":\"https:\/\/celebrityhouse.cz\/#\/schema\/person\/5ab20bf54d96105d4fd20c13c8dc68d6\"},\"headline\":\"Sout\u011b\u017e o d\u00e1rkov\u00e9 bal\u00ed\u010dky \u010dokol\u00e1dy Milka\",\"datePublished\":\"2021-05-16T22:16:00+00:00\",\"dateModified\":\"2021-05-31T17:33:54+00:00\",\"mainEntityOfPage\":{\"@id\":\"https:\/\/celebrityhouse.cz\/index.php\/2021\/05\/17\/soutez-o-darkove-balicky-cokolady-milka\/\"},\"wordCount\":875,\"publisher\":{\"@id\":\"https:\/\/celebrityhouse.cz\/#organization\"},\"articleSection\":[\"NEWS\",\"SOUT\u011a\u017dE\"],\"inLanguage\":\"cs\"},{\"@type\":\"WebPage\",\"@id\":\"https:\/\/celebrityhouse.cz\/index.php\/2021\/05\/17\/soutez-o-darkove-balicky-cokolady-milka\/\",\"url\":\"https:\/\/celebrityhouse.cz\/index.php\/2021\/05\/17\/soutez-o-darkove-balicky-cokolady-milka\/\",\"name\":\"Sout\u011b\u017e o d\u00e1rkov\u00e9 bal\u00ed\u010dky \u010dokol\u00e1dy Milka - CELEBRITYHOUSE.cz\",\"isPartOf\":{\"@id\":\"https:\/\/celebrityhouse.cz\/#website\"},\"datePublished\":\"2021-05-16T22:16:00+00:00\",\"dateModified\":\"2021-05-31T17:33:54+00:00\",\"breadcrumb\":{\"@id\":\"https:\/\/celebrityhouse.cz\/index.php\/2021\/05\/17\/soutez-o-darkove-balicky-cokolady-milka\/#breadcrumb\"},\"inLanguage\":\"cs\",\"potentialAction\":[{\"@type\":\"ReadAction\",\"target\":[\"https:\/\/celebrityhouse.cz\/index.php\/2021\/05\/17\/soutez-o-darkove-balicky-cokolady-milka\/\"]}]},{\"@type\":\"BreadcrumbList\",\"@id\":\"https:\/\/celebrityhouse.cz\/index.php\/2021\/05\/17\/soutez-o-darkove-balicky-cokolady-milka\/#breadcrumb\",\"itemListElement\":[{\"@type\":\"ListItem\",\"position\":1,\"name\":\"Dom\u016f\",\"item\":\"https:\/\/celebrityhouse.cz\/\"},{\"@type\":\"ListItem\",\"position\":2,\"name\":\"Sout\u011b\u017e o d\u00e1rkov\u00e9 bal\u00ed\u010dky \u010dokol\u00e1dy Milka\"}]},{\"@type\":\"WebSite\",\"@id\":\"https:\/\/celebrityhouse.cz\/#website\",\"url\":\"https:\/\/celebrityhouse.cz\/\",\"name\":\"CELEBRITYHOUSE.cz\",\"description\":\"Port\u00e1l o showbyznysu...\",\"publisher\":{\"@id\":\"https:\/\/celebrityhouse.cz\/#organization\"},\"potentialAction\":[{\"@type\":\"SearchAction\",\"target\":{\"@type\":\"EntryPoint\",\"urlTemplate\":\"https:\/\/celebrityhouse.cz\/?s={search_term_string}\"},\"query-input\":\"required name=search_term_string\"}],\"inLanguage\":\"cs\"},{\"@type\":\"Organization\",\"@id\":\"https:\/\/celebrityhouse.cz\/#organization\",\"name\":\"CELEBRITYHOUSE.cz\",\"url\":\"https:\/\/celebrityhouse.cz\/\",\"logo\":{\"@type\":\"ImageObject\",\"inLanguage\":\"cs\",\"@id\":\"https:\/\/celebrityhouse.cz\/#\/schema\/logo\/image\/\",\"url\":\"https:\/\/celebrityhouse.cz\/wp-content\/uploads\/2024\/12\/cropped-Logo_CelebrityHouse_2.jpg\",\"contentUrl\":\"https:\/\/celebrityhouse.cz\/wp-content\/uploads\/2024\/12\/cropped-Logo_CelebrityHouse_2.jpg\",\"width\":937,\"height\":510,\"caption\":\"CELEBRITYHOUSE.cz\"},\"image\":{\"@id\":\"https:\/\/celebrityhouse.cz\/#\/schema\/logo\/image\/\"}},{\"@type\":\"Person\",\"@id\":\"https:\/\/celebrityhouse.cz\/#\/schema\/person\/5ab20bf54d96105d4fd20c13c8dc68d6\",\"name\":\"Tereza Ol\u0161ansk\u00e1\",\"image\":{\"@type\":\"ImageObject\",\"inLanguage\":\"cs\",\"@id\":\"https:\/\/celebrityhouse.cz\/#\/schema\/person\/image\/\",\"url\":\"https:\/\/secure.gravatar.com\/avatar\/efbb750e7c0752b6b532473c64b21881?s=96&d=mm&r=g\",\"contentUrl\":\"https:\/\/secure.gravatar.com\/avatar\/efbb750e7c0752b6b532473c64b21881?s=96&d=mm&r=g\",\"caption\":\"Tereza Ol\u0161ansk\u00e1\"},\"sameAs\":[\"http:\/\/wwww.celebrityhouse.cz\"],\"url\":\"https:\/\/celebrityhouse.cz\/index.php\/author\/olsat\/\"}]}<\/script>\n<!-- \/ Yoast SEO plugin. -->","yoast_head_json":{"title":"Sout\u011b\u017e o d\u00e1rkov\u00e9 bal\u00ed\u010dky \u010dokol\u00e1dy Milka - CELEBRITYHOUSE.cz","robots":{"index":"index","follow":"follow","max-snippet":"max-snippet:-1","max-image-preview":"max-image-preview:large","max-video-preview":"max-video-preview:-1"},"canonical":"https:\/\/celebrityhouse.cz\/index.php\/2021\/05\/17\/soutez-o-darkove-balicky-cokolady-milka\/","og_locale":"cs_CZ","og_type":"article","og_title":"Sout\u011b\u017e o d\u00e1rkov\u00e9 bal\u00ed\u010dky \u010dokol\u00e1dy Milka - CELEBRITYHOUSE.cz","og_description":"P\u011bt z v\u00e1s m\u00e1 mo\u017enost vyhr\u00e1t&nbsp;d\u00e1rkov\u00fd bal\u00ed\u010dek Milka k jej\u00edmu v\u00fdro\u010d\u00ed 120 let od okam\u017eiku, kdy se za\u010dala prod\u00e1vat \u010dokol\u00e1da Milka. Sout\u011b\u017en\u00ed ot\u00e1zka: Na kter\u00fd datum p\u0159ipadaj\u00ed narozeniny zna\u010dky Milka? a)&nbsp;12. dubna b)&nbsp;24. dubna&#46;&#46;&#46;","og_url":"https:\/\/celebrityhouse.cz\/index.php\/2021\/05\/17\/soutez-o-darkove-balicky-cokolady-milka\/","og_site_name":"CELEBRITYHOUSE.cz","article_published_time":"2021-05-16T22:16:00+00:00","article_modified_time":"2021-05-31T17:33:54+00:00","og_image":[{"width":1920,"height":1080,"url":"https:\/\/celebrityhouse.cz\/wp-content\/uploads\/2021\/05\/Milka120.jpg","type":"image\/jpeg"}],"author":"Tereza Ol\u0161ansk\u00e1","twitter_card":"summary_large_image","twitter_misc":{"Napsal(a)":"Tereza Ol\u0161ansk\u00e1","Odhadovan\u00e1 doba \u010dten\u00ed":"4 minuty"},"schema":{"@context":"https:\/\/schema.org","@graph":[{"@type":"Article","@id":"https:\/\/celebrityhouse.cz\/index.php\/2021\/05\/17\/soutez-o-darkove-balicky-cokolady-milka\/#article","isPartOf":{"@id":"https:\/\/celebrityhouse.cz\/index.php\/2021\/05\/17\/soutez-o-darkove-balicky-cokolady-milka\/"},"author":{"name":"Tereza Ol\u0161ansk\u00e1","@id":"https:\/\/celebrityhouse.cz\/#\/schema\/person\/5ab20bf54d96105d4fd20c13c8dc68d6"},"headline":"Sout\u011b\u017e o d\u00e1rkov\u00e9 bal\u00ed\u010dky \u010dokol\u00e1dy Milka","datePublished":"2021-05-16T22:16:00+00:00","dateModified":"2021-05-31T17:33:54+00:00","mainEntityOfPage":{"@id":"https:\/\/celebrityhouse.cz\/index.php\/2021\/05\/17\/soutez-o-darkove-balicky-cokolady-milka\/"},"wordCount":875,"publisher":{"@id":"https:\/\/celebrityhouse.cz\/#organization"},"articleSection":["NEWS","SOUT\u011a\u017dE"],"inLanguage":"cs"},{"@type":"WebPage","@id":"https:\/\/celebrityhouse.cz\/index.php\/2021\/05\/17\/soutez-o-darkove-balicky-cokolady-milka\/","url":"https:\/\/celebrityhouse.cz\/index.php\/2021\/05\/17\/soutez-o-darkove-balicky-cokolady-milka\/","name":"Sout\u011b\u017e o d\u00e1rkov\u00e9 bal\u00ed\u010dky \u010dokol\u00e1dy Milka - CELEBRITYHOUSE.cz","isPartOf":{"@id":"https:\/\/celebrityhouse.cz\/#website"},"datePublished":"2021-05-16T22:16:00+00:00","dateModified":"2021-05-31T17:33:54+00:00","breadcrumb":{"@id":"https:\/\/celebrityhouse.cz\/index.php\/2021\/05\/17\/soutez-o-darkove-balicky-cokolady-milka\/#breadcrumb"},"inLanguage":"cs","potentialAction":[{"@type":"ReadAction","target":["https:\/\/celebrityhouse.cz\/index.php\/2021\/05\/17\/soutez-o-darkove-balicky-cokolady-milka\/"]}]},{"@type":"BreadcrumbList","@id":"https:\/\/celebrityhouse.cz\/index.php\/2021\/05\/17\/soutez-o-darkove-balicky-cokolady-milka\/#breadcrumb","itemListElement":[{"@type":"ListItem","position":1,"name":"Dom\u016f","item":"https:\/\/celebrityhouse.cz\/"},{"@type":"ListItem","position":2,"name":"Sout\u011b\u017e o d\u00e1rkov\u00e9 bal\u00ed\u010dky \u010dokol\u00e1dy Milka"}]},{"@type":"WebSite","@id":"https:\/\/celebrityhouse.cz\/#website","url":"https:\/\/celebrityhouse.cz\/","name":"CELEBRITYHOUSE.cz","description":"Port\u00e1l o showbyznysu...","publisher":{"@id":"https:\/\/celebrityhouse.cz\/#organization"},"potentialAction":[{"@type":"SearchAction","target":{"@type":"EntryPoint","urlTemplate":"https:\/\/celebrityhouse.cz\/?s={search_term_string}"},"query-input":"required name=search_term_string"}],"inLanguage":"cs"},{"@type":"Organization","@id":"https:\/\/celebrityhouse.cz\/#organization","name":"CELEBRITYHOUSE.cz","url":"https:\/\/celebrityhouse.cz\/","logo":{"@type":"ImageObject","inLanguage":"cs","@id":"https:\/\/celebrityhouse.cz\/#\/schema\/logo\/image\/","url":"https:\/\/celebrityhouse.cz\/wp-content\/uploads\/2024\/12\/cropped-Logo_CelebrityHouse_2.jpg","contentUrl":"https:\/\/celebrityhouse.cz\/wp-content\/uploads\/2024\/12\/cropped-Logo_CelebrityHouse_2.jpg","width":937,"height":510,"caption":"CELEBRITYHOUSE.cz"},"image":{"@id":"https:\/\/celebrityhouse.cz\/#\/schema\/logo\/image\/"}},{"@type":"Person","@id":"https:\/\/celebrityhouse.cz\/#\/schema\/person\/5ab20bf54d96105d4fd20c13c8dc68d6","name":"Tereza Ol\u0161ansk\u00e1","image":{"@type":"ImageObject","inLanguage":"cs","@id":"https:\/\/celebrityhouse.cz\/#\/schema\/person\/image\/","url":"https:\/\/secure.gravatar.com\/avatar\/efbb750e7c0752b6b532473c64b21881?s=96&d=mm&r=g","contentUrl":"https:\/\/secure.gravatar.com\/avatar\/efbb750e7c0752b6b532473c64b21881?s=96&d=mm&r=g","caption":"Tereza Ol\u0161ansk\u00e1"},"sameAs":["http:\/\/wwww.celebrityhouse.cz"],"url":"https:\/\/celebrityhouse.cz\/index.php\/author\/olsat\/"}]}},"_links":{"self":[{"href":"https:\/\/celebrityhouse.cz\/index.php\/wp-json\/wp\/v2\/posts\/3831"}],"collection":[{"href":"https:\/\/celebrityhouse.cz\/index.php\/wp-json\/wp\/v2\/posts"}],"about":[{"href":"https:\/\/celebrityhouse.cz\/index.php\/wp-json\/wp\/v2\/types\/post"}],"author":[{"embeddable":true,"href":"https:\/\/celebrityhouse.cz\/index.php\/wp-json\/wp\/v2\/users\/5"}],"replies":[{"embeddable":true,"href":"https:\/\/celebrityhouse.cz\/index.php\/wp-json\/wp\/v2\/comments?post=3831"}],"version-history":[{"count":2,"href":"https:\/\/celebrityhouse.cz\/index.php\/wp-json\/wp\/v2\/posts\/3831\/revisions"}],"predecessor-version":[{"id":3836,"href":"https:\/\/celebrityhouse.cz\/index.php\/wp-json\/wp\/v2\/posts\/3831\/revisions\/3836"}],"wp:featuredmedia":[{"embeddable":true,"href":"https:\/\/celebrityhouse.cz\/index.php\/wp-json\/wp\/v2\/media\/3834"}],"wp:attachment":[{"href":"https:\/\/celebrityhouse.cz\/index.php\/wp-json\/wp\/v2\/media?parent=3831"}],"wp:term":[{"taxonomy":"category","embeddable":true,"href":"https:\/\/celebrityhouse.cz\/index.php\/wp-json\/wp\/v2\/categories?post=3831"},{"taxonomy":"post_tag","embeddable":true,"href":"https:\/\/celebrityhouse.cz\/index.php\/wp-json\/wp\/v2\/tags?post=3831"}],"curies":[{"name":"wp","href":"https:\/\/api.w.org\/{rel}","templated":true}]}}