{"id":4341,"date":"2021-09-17T01:00:00","date_gmt":"2021-09-16T23:00:00","guid":{"rendered":"https:\/\/celebrityhouse.cz\/?p=4341"},"modified":"2021-09-21T01:56:20","modified_gmt":"2021-09-20T23:56:20","slug":"neni-cas-zemrit-je-cas-vyhrat-bondovsky-vikend-v-rakousku","status":"publish","type":"post","link":"https:\/\/celebrityhouse.cz\/index.php\/2021\/09\/17\/neni-cas-zemrit-je-cas-vyhrat-bondovsky-vikend-v-rakousku\/","title":{"rendered":"Nen\u00ed \u010das zem\u0159\u00edt, je \u010das vyhr\u00e1t bondovsk\u00fd v\u00edkend v Rakousku"},"content":{"rendered":"\n<p id=\"block-4d8892b2-2cc7-41b1-927c-8ffc02a9baaf\"><strong>Oslavte s n\u00e1mi, \u017ee jsme se kone\u010dn\u011b do\u010dkali premi\u00e9ry 25. bondovky s&nbsp;n\u00e1zvem Nen\u00ed \u010das zem\u0159\u00edt! Cinema City si toti\u017e pro v\u00e1s p\u0159ipravilo exkluzivn\u00ed sout\u011b\u017e o speci\u00e1ln\u00ed v\u00edkend, b\u011bhem kter\u00e9ho se vyd\u00e1te po stop\u00e1ch nejslavn\u011bj\u0161\u00edho \u0161pion\u00e1\u017en\u00edho p\u0159\u00edb\u011bhu v\u0161ech dob. Zkuste sv\u00e9 \u0161t\u011bst\u00ed a zahrajte si o bondovsk\u00fd v\u00edkend pro dva v&nbsp;Rakousku, jeho\u017e sou\u010d\u00e1st\u00ed jsou i vstupenky do muzea v&nbsp;S\u00f6ldenu<\/strong> <strong>kter\u00e9 je v\u011bnovan\u00e9 slavn\u00e9mu agentovi. Nav\u00edc z\u00edsk\u00e1te i vstupenky na slavnostn\u00ed premi\u00e9ru v&nbsp;IMAX.<\/strong><\/p>\n\n\n\n<div id=\"block-68dda017-7a7e-4018-b315-80fa3a2d4cf1\" class=\"wp-block-image\"><figure class=\"aligncenter\"><img decoding=\"async\" src=\"https:\/\/cinemahouse.cz\/wp-content\/uploads\/2021\/09\/Neni-cas-zemrit_soutez-724x1024.jpg\" alt=\"Tento obr\u00e1zek nem\u00e1 vypln\u011bn\u00fd atribut alt; n\u00e1zev souboru je Neni-cas-zemrit_soutez-724x1024.jpg.\"\/><\/figure><\/div>\n\n\n\n<p id=\"block-6b414525-6f05-42c2-b8ae-c635245cbeeb\">V&nbsp;po\u0159ad\u00ed ji\u017e dvac\u00e1t\u00fd p\u00e1t\u00fd film ze s\u00e9rie Jamese Bonda s&nbsp;n\u00e1zvem Nen\u00ed \u010das zem\u0159\u00edt, vtrhne do kin 30. z\u00e1\u0159\u00ed. V hlavn\u00ed roli agenta 007 se op\u011bt p\u0159edstav\u00ed Daniel Craig. Podle Craigov\u00fdch slov se jedn\u00e1 o jeho posledn\u00ed bondovsk\u00fd film. Padoucha ztv\u00e1rn\u00ed div\u00e1ky obl\u00edben\u00fd Rami Malek.Sn\u00edmek bude pln\u00fd ak\u010dn\u00edch sc\u00e9n, n\u00e1dhern\u00fdch \u017een, charismatick\u00fdch mu\u017e\u016f, nejdra\u017e\u0161\u00edch aut, tentokr\u00e1t v okouzluj\u00edc\u00edm Lond\u00fdn\u011b \u2013 p\u0159esn\u011b jak je u Bonda zvykem. Ve sn\u00edmku se vr\u00e1t\u00ed star\u00e9 zn\u00e1m\u00e9 tv\u00e1\u0159e jako ji\u017e zm\u00edn\u011bn\u00fd Daniel Graig, d\u00e1le Ben Whishaw, Ralph Fiennes nebo L\u00e9a Seydoux, kter\u00e1 bude teprve druhou here\u010dkou, jen\u017e si zopakuje roli Bondgirl. Poprv\u00e9 od sv\u00e9ho prvn\u00edho oscarov\u00e9 v\u00edt\u011bzstv\u00ed se na pl\u00e1tnech kin objev\u00ed Rami Malek.<\/p>\n\n\n\n<div id=\"block-7314f60a-4aae-48a3-a0f0-533fd8486821\" class=\"wp-block-image\"><figure class=\"aligncenter is-resized\"><img loading=\"lazy\" decoding=\"async\" src=\"https:\/\/cinemahouse.cz\/wp-content\/uploads\/2021\/09\/BONDNTTD_HMG_399x332_CZ.jpg\" alt=\"Tento obr\u00e1zek nem\u00e1 vypln\u011bn\u00fd atribut alt; n\u00e1zev souboru je BONDNTTD_HMG_399x332_CZ.jpg.\" width=\"538\" height=\"448\"\/><\/figure><\/div>\n\n\n\n<p id=\"block-7b716675-4304-4b11-a104-3207130fc731\">Pro v\u0161echny fanou\u0161ky, kte\u0159\u00ed se u\u017e nem\u016f\u017eou nov\u00e9ho filmu Jamese Bonda do\u010dkat, si Cinema City p\u0159ipravilo skv\u011blou sout\u011b\u017e. Ka\u017ed\u00fd, kdo si koup\u00ed jakoukoliv vstupenku na tento film v&nbsp;p\u0159edprodeji do 23. z\u00e1\u0159\u00ed, se m\u016f\u017ee registrovat na str\u00e1nce bond25.cinemacity.cz a automaticky se tak zapoj\u00ed do sout\u011b\u017ee o bondovsk\u00fd v\u00edkend pro 2 osoby v&nbsp;Rakousku. V\u00fdhra obsahuje zap\u016fj\u010den\u00ed vozu Land Rover Defender na v\u00edkend, 2 vstupenky do muzea 007 Elements v&nbsp;rakousk\u00e9m S\u00f6ldenu, ubytov\u00e1n\u00ed pro 2 osoby v&nbsp;hotelu v S\u00f6ldenu a 2 vstupenky na slavnostn\u00ed IMAX premi\u00e9ru v&nbsp;Cinema City Flora.<\/p>\n\n\n\n<div id=\"block-687d1593-e80a-4599-b094-4ddf413db265\" class=\"wp-block-image\"><figure class=\"aligncenter is-resized\"><img loading=\"lazy\" decoding=\"async\" src=\"https:\/\/cinemahouse.cz\/wp-content\/uploads\/2021\/09\/BONDNTTD_HMG_745x100_CZ.jpg\" alt=\"Tento obr\u00e1zek nem\u00e1 vypln\u011bn\u00fd atribut alt; n\u00e1zev souboru je BONDNTTD_HMG_745x100_CZ.jpg.\" width=\"827\" height=\"111\"\/><\/figure><\/div>\n\n\n\n<p id=\"block-0febd29e-0e84-4f34-9770-f7db04853a56\">P\u0159edprodej vstupenek byl ji\u017e zah\u00e1jen, pokud se tedy chcete pod\u00edvat do bondovsk\u00e9ho muzea, a nav\u00edc si u\u017e\u00edt par\u00e1dn\u00ed v\u00edkend ve dvou v&nbsp;Rakousku, nen\u00ed nic snaz\u0161\u00edho ne\u017e zkusit sv\u00e9 \u0161t\u011bst\u00ed.<\/p>\n\n\n\n<div style=\"height:20px\" aria-hidden=\"true\" class=\"wp-block-spacer\"><\/div>\n\n\n\n<p id=\"block-8a85db57-7a37-4ceb-96cf-a622b7712448\"><strong>Link na p\u0159edprodej: <a href=\"https:\/\/www.cinemacity.cz\/films\/neni-cas-zemrit\/3818s2r\">www.cinemacity.cz\/films\/neni-cas-zemrit\/3818s2r<\/a><\/strong><\/p>\n\n\n\n<div style=\"height:20px\" aria-hidden=\"true\" class=\"wp-block-spacer\"><\/div>\n\n\n\n<figure class=\"wp-block-embed-youtube aligncenter wp-block-embed is-type-rich is-provider-embed-handler wp-embed-aspect-16-9 wp-has-aspect-ratio\"><div class=\"wp-block-embed__wrapper\">\n<div class=\"video-container\"><iframe loading=\"lazy\" title=\"Cinema City sout\u011b\u017e s filmem Nen\u00ed \u010das zem\u0159\u00edt\" width=\"500\" height=\"281\" src=\"https:\/\/www.youtube.com\/embed\/Dtb7Fg6M3hc?feature=oembed&#038;wmode=opaque\" frameborder=\"0\" allow=\"accelerometer; autoplay; clipboard-write; encrypted-media; gyroscope; picture-in-picture\" allowfullscreen><\/iframe><\/div>\n<\/div><\/figure>\n\n\n\n<div style=\"height:100px\" aria-hidden=\"true\" class=\"wp-block-spacer\"><\/div>\n","protected":false},"excerpt":{"rendered":"<p>Oslavte s n\u00e1mi, \u017ee jsme se kone\u010dn\u011b do\u010dkali premi\u00e9ry 25. bondovky s&nbsp;n\u00e1zvem Nen\u00ed \u010das zem\u0159\u00edt! Cinema City si toti\u017e pro v\u00e1s p\u0159ipravilo exkluzivn\u00ed sout\u011b\u017e o speci\u00e1ln\u00ed v\u00edkend, b\u011bhem kter\u00e9ho se vyd\u00e1te po stop\u00e1ch nejslavn\u011bj\u0161\u00edho&#46;&#46;&#46;<\/p>\n","protected":false},"author":3,"featured_media":4342,"comment_status":"closed","ping_status":"closed","sticky":false,"template":"","format":"standard","meta":{"_monsterinsights_skip_tracking":false,"_monsterinsights_sitenote_active":false,"_monsterinsights_sitenote_note":"","_monsterinsights_sitenote_category":0,"footnotes":""},"categories":[19,6,18,2,12],"tags":[],"yoast_head":"<!-- This site is optimized with the Yoast SEO plugin v21.5 - https:\/\/yoast.com\/wordpress\/plugins\/seo\/ -->\n<title>Nen\u00ed \u010das zem\u0159\u00edt, je \u010das vyhr\u00e1t bondovsk\u00fd v\u00edkend v Rakousku - CELEBRITYHOUSE.cz<\/title>\n<meta name=\"robots\" content=\"index, follow, max-snippet:-1, max-image-preview:large, max-video-preview:-1\" \/>\n<link rel=\"canonical\" href=\"https:\/\/celebrityhouse.cz\/index.php\/2021\/09\/17\/neni-cas-zemrit-je-cas-vyhrat-bondovsky-vikend-v-rakousku\/\" \/>\n<meta property=\"og:locale\" content=\"cs_CZ\" \/>\n<meta property=\"og:type\" content=\"article\" \/>\n<meta property=\"og:title\" content=\"Nen\u00ed \u010das zem\u0159\u00edt, je \u010das vyhr\u00e1t bondovsk\u00fd v\u00edkend v Rakousku - CELEBRITYHOUSE.cz\" \/>\n<meta property=\"og:description\" content=\"Oslavte s n\u00e1mi, \u017ee jsme se kone\u010dn\u011b do\u010dkali premi\u00e9ry 25. bondovky s&nbsp;n\u00e1zvem Nen\u00ed \u010das zem\u0159\u00edt! Cinema City si toti\u017e pro v\u00e1s p\u0159ipravilo exkluzivn\u00ed sout\u011b\u017e o speci\u00e1ln\u00ed v\u00edkend, b\u011bhem kter\u00e9ho se vyd\u00e1te po stop\u00e1ch nejslavn\u011bj\u0161\u00edho&#046;&#046;&#046;\" \/>\n<meta property=\"og:url\" content=\"https:\/\/celebrityhouse.cz\/index.php\/2021\/09\/17\/neni-cas-zemrit-je-cas-vyhrat-bondovsky-vikend-v-rakousku\/\" \/>\n<meta property=\"og:site_name\" content=\"CELEBRITYHOUSE.cz\" \/>\n<meta property=\"article:published_time\" content=\"2021-09-16T23:00:00+00:00\" \/>\n<meta property=\"article:modified_time\" content=\"2021-09-20T23:56:20+00:00\" \/>\n<meta property=\"og:image\" content=\"https:\/\/celebrityhouse.cz\/wp-content\/uploads\/2021\/09\/Neni-cas-zemrit_soutez_TTL.jpg\" \/>\n\t<meta property=\"og:image:width\" content=\"1089\" \/>\n\t<meta property=\"og:image:height\" content=\"937\" \/>\n\t<meta property=\"og:image:type\" content=\"image\/jpeg\" \/>\n<meta name=\"author\" content=\"Miroslav Van\u011bk\" \/>\n<meta name=\"twitter:card\" content=\"summary_large_image\" \/>\n<meta name=\"twitter:label1\" content=\"Napsal(a)\" \/>\n\t<meta name=\"twitter:data1\" content=\"Miroslav Van\u011bk\" \/>\n\t<meta name=\"twitter:label2\" content=\"Odhadovan\u00e1 doba \u010dten\u00ed\" \/>\n\t<meta name=\"twitter:data2\" content=\"2 minuty\" \/>\n<script type=\"application\/ld+json\" class=\"yoast-schema-graph\">{\"@context\":\"https:\/\/schema.org\",\"@graph\":[{\"@type\":\"Article\",\"@id\":\"https:\/\/celebrityhouse.cz\/index.php\/2021\/09\/17\/neni-cas-zemrit-je-cas-vyhrat-bondovsky-vikend-v-rakousku\/#article\",\"isPartOf\":{\"@id\":\"https:\/\/celebrityhouse.cz\/index.php\/2021\/09\/17\/neni-cas-zemrit-je-cas-vyhrat-bondovsky-vikend-v-rakousku\/\"},\"author\":{\"name\":\"Miroslav Van\u011bk\",\"@id\":\"https:\/\/celebrityhouse.cz\/#\/schema\/person\/1992a6067146966eda9f9e469a57f163\"},\"headline\":\"Nen\u00ed \u010das zem\u0159\u00edt, je \u010das vyhr\u00e1t bondovsk\u00fd v\u00edkend v Rakousku\",\"datePublished\":\"2021-09-16T23:00:00+00:00\",\"dateModified\":\"2021-09-20T23:56:20+00:00\",\"mainEntityOfPage\":{\"@id\":\"https:\/\/celebrityhouse.cz\/index.php\/2021\/09\/17\/neni-cas-zemrit-je-cas-vyhrat-bondovsky-vikend-v-rakousku\/\"},\"wordCount\":445,\"publisher\":{\"@id\":\"https:\/\/celebrityhouse.cz\/#organization\"},\"articleSection\":[\"AKCE\",\"FILMY, SERI\u00c1LY, TV a KINO\",\"LIFESTYLE\",\"NEWS\",\"TIPY NA KINO\"],\"inLanguage\":\"cs\"},{\"@type\":\"WebPage\",\"@id\":\"https:\/\/celebrityhouse.cz\/index.php\/2021\/09\/17\/neni-cas-zemrit-je-cas-vyhrat-bondovsky-vikend-v-rakousku\/\",\"url\":\"https:\/\/celebrityhouse.cz\/index.php\/2021\/09\/17\/neni-cas-zemrit-je-cas-vyhrat-bondovsky-vikend-v-rakousku\/\",\"name\":\"Nen\u00ed \u010das zem\u0159\u00edt, je \u010das vyhr\u00e1t bondovsk\u00fd v\u00edkend v Rakousku - CELEBRITYHOUSE.cz\",\"isPartOf\":{\"@id\":\"https:\/\/celebrityhouse.cz\/#website\"},\"datePublished\":\"2021-09-16T23:00:00+00:00\",\"dateModified\":\"2021-09-20T23:56:20+00:00\",\"breadcrumb\":{\"@id\":\"https:\/\/celebrityhouse.cz\/index.php\/2021\/09\/17\/neni-cas-zemrit-je-cas-vyhrat-bondovsky-vikend-v-rakousku\/#breadcrumb\"},\"inLanguage\":\"cs\",\"potentialAction\":[{\"@type\":\"ReadAction\",\"target\":[\"https:\/\/celebrityhouse.cz\/index.php\/2021\/09\/17\/neni-cas-zemrit-je-cas-vyhrat-bondovsky-vikend-v-rakousku\/\"]}]},{\"@type\":\"BreadcrumbList\",\"@id\":\"https:\/\/celebrityhouse.cz\/index.php\/2021\/09\/17\/neni-cas-zemrit-je-cas-vyhrat-bondovsky-vikend-v-rakousku\/#breadcrumb\",\"itemListElement\":[{\"@type\":\"ListItem\",\"position\":1,\"name\":\"Dom\u016f\",\"item\":\"https:\/\/celebrityhouse.cz\/\"},{\"@type\":\"ListItem\",\"position\":2,\"name\":\"Nen\u00ed \u010das zem\u0159\u00edt, je \u010das vyhr\u00e1t bondovsk\u00fd v\u00edkend v Rakousku\"}]},{\"@type\":\"WebSite\",\"@id\":\"https:\/\/celebrityhouse.cz\/#website\",\"url\":\"https:\/\/celebrityhouse.cz\/\",\"name\":\"CELEBRITYHOUSE.cz\",\"description\":\"Port\u00e1l o showbyznysu...\",\"publisher\":{\"@id\":\"https:\/\/celebrityhouse.cz\/#organization\"},\"potentialAction\":[{\"@type\":\"SearchAction\",\"target\":{\"@type\":\"EntryPoint\",\"urlTemplate\":\"https:\/\/celebrityhouse.cz\/?s={search_term_string}\"},\"query-input\":\"required name=search_term_string\"}],\"inLanguage\":\"cs\"},{\"@type\":\"Organization\",\"@id\":\"https:\/\/celebrityhouse.cz\/#organization\",\"name\":\"CELEBRITYHOUSE.cz\",\"url\":\"https:\/\/celebrityhouse.cz\/\",\"logo\":{\"@type\":\"ImageObject\",\"inLanguage\":\"cs\",\"@id\":\"https:\/\/celebrityhouse.cz\/#\/schema\/logo\/image\/\",\"url\":\"https:\/\/celebrityhouse.cz\/wp-content\/uploads\/2024\/12\/cropped-Logo_CelebrityHouse_2.jpg\",\"contentUrl\":\"https:\/\/celebrityhouse.cz\/wp-content\/uploads\/2024\/12\/cropped-Logo_CelebrityHouse_2.jpg\",\"width\":937,\"height\":510,\"caption\":\"CELEBRITYHOUSE.cz\"},\"image\":{\"@id\":\"https:\/\/celebrityhouse.cz\/#\/schema\/logo\/image\/\"}},{\"@type\":\"Person\",\"@id\":\"https:\/\/celebrityhouse.cz\/#\/schema\/person\/1992a6067146966eda9f9e469a57f163\",\"name\":\"Miroslav Van\u011bk\",\"image\":{\"@type\":\"ImageObject\",\"inLanguage\":\"cs\",\"@id\":\"https:\/\/celebrityhouse.cz\/#\/schema\/person\/image\/\",\"url\":\"https:\/\/secure.gravatar.com\/avatar\/cc93dbecbfc820d69a964ea4a1c72377?s=96&d=mm&r=g\",\"contentUrl\":\"https:\/\/secure.gravatar.com\/avatar\/cc93dbecbfc820d69a964ea4a1c72377?s=96&d=mm&r=g\",\"caption\":\"Miroslav Van\u011bk\"},\"sameAs\":[\"http:\/\/wwww.celebrityhouse.cz\"],\"url\":\"https:\/\/celebrityhouse.cz\/index.php\/author\/mirvan\/\"}]}<\/script>\n<!-- \/ Yoast SEO plugin. -->","yoast_head_json":{"title":"Nen\u00ed \u010das zem\u0159\u00edt, je \u010das vyhr\u00e1t bondovsk\u00fd v\u00edkend v Rakousku - CELEBRITYHOUSE.cz","robots":{"index":"index","follow":"follow","max-snippet":"max-snippet:-1","max-image-preview":"max-image-preview:large","max-video-preview":"max-video-preview:-1"},"canonical":"https:\/\/celebrityhouse.cz\/index.php\/2021\/09\/17\/neni-cas-zemrit-je-cas-vyhrat-bondovsky-vikend-v-rakousku\/","og_locale":"cs_CZ","og_type":"article","og_title":"Nen\u00ed \u010das zem\u0159\u00edt, je \u010das vyhr\u00e1t bondovsk\u00fd v\u00edkend v Rakousku - CELEBRITYHOUSE.cz","og_description":"Oslavte s n\u00e1mi, \u017ee jsme se kone\u010dn\u011b do\u010dkali premi\u00e9ry 25. bondovky s&nbsp;n\u00e1zvem Nen\u00ed \u010das zem\u0159\u00edt! Cinema City si toti\u017e pro v\u00e1s p\u0159ipravilo exkluzivn\u00ed sout\u011b\u017e o speci\u00e1ln\u00ed v\u00edkend, b\u011bhem kter\u00e9ho se vyd\u00e1te po stop\u00e1ch nejslavn\u011bj\u0161\u00edho&#46;&#46;&#46;","og_url":"https:\/\/celebrityhouse.cz\/index.php\/2021\/09\/17\/neni-cas-zemrit-je-cas-vyhrat-bondovsky-vikend-v-rakousku\/","og_site_name":"CELEBRITYHOUSE.cz","article_published_time":"2021-09-16T23:00:00+00:00","article_modified_time":"2021-09-20T23:56:20+00:00","og_image":[{"width":1089,"height":937,"url":"https:\/\/celebrityhouse.cz\/wp-content\/uploads\/2021\/09\/Neni-cas-zemrit_soutez_TTL.jpg","type":"image\/jpeg"}],"author":"Miroslav Van\u011bk","twitter_card":"summary_large_image","twitter_misc":{"Napsal(a)":"Miroslav Van\u011bk","Odhadovan\u00e1 doba \u010dten\u00ed":"2 minuty"},"schema":{"@context":"https:\/\/schema.org","@graph":[{"@type":"Article","@id":"https:\/\/celebrityhouse.cz\/index.php\/2021\/09\/17\/neni-cas-zemrit-je-cas-vyhrat-bondovsky-vikend-v-rakousku\/#article","isPartOf":{"@id":"https:\/\/celebrityhouse.cz\/index.php\/2021\/09\/17\/neni-cas-zemrit-je-cas-vyhrat-bondovsky-vikend-v-rakousku\/"},"author":{"name":"Miroslav Van\u011bk","@id":"https:\/\/celebrityhouse.cz\/#\/schema\/person\/1992a6067146966eda9f9e469a57f163"},"headline":"Nen\u00ed \u010das zem\u0159\u00edt, je \u010das vyhr\u00e1t bondovsk\u00fd v\u00edkend v Rakousku","datePublished":"2021-09-16T23:00:00+00:00","dateModified":"2021-09-20T23:56:20+00:00","mainEntityOfPage":{"@id":"https:\/\/celebrityhouse.cz\/index.php\/2021\/09\/17\/neni-cas-zemrit-je-cas-vyhrat-bondovsky-vikend-v-rakousku\/"},"wordCount":445,"publisher":{"@id":"https:\/\/celebrityhouse.cz\/#organization"},"articleSection":["AKCE","FILMY, SERI\u00c1LY, TV a KINO","LIFESTYLE","NEWS","TIPY NA KINO"],"inLanguage":"cs"},{"@type":"WebPage","@id":"https:\/\/celebrityhouse.cz\/index.php\/2021\/09\/17\/neni-cas-zemrit-je-cas-vyhrat-bondovsky-vikend-v-rakousku\/","url":"https:\/\/celebrityhouse.cz\/index.php\/2021\/09\/17\/neni-cas-zemrit-je-cas-vyhrat-bondovsky-vikend-v-rakousku\/","name":"Nen\u00ed \u010das zem\u0159\u00edt, je \u010das vyhr\u00e1t bondovsk\u00fd v\u00edkend v Rakousku - CELEBRITYHOUSE.cz","isPartOf":{"@id":"https:\/\/celebrityhouse.cz\/#website"},"datePublished":"2021-09-16T23:00:00+00:00","dateModified":"2021-09-20T23:56:20+00:00","breadcrumb":{"@id":"https:\/\/celebrityhouse.cz\/index.php\/2021\/09\/17\/neni-cas-zemrit-je-cas-vyhrat-bondovsky-vikend-v-rakousku\/#breadcrumb"},"inLanguage":"cs","potentialAction":[{"@type":"ReadAction","target":["https:\/\/celebrityhouse.cz\/index.php\/2021\/09\/17\/neni-cas-zemrit-je-cas-vyhrat-bondovsky-vikend-v-rakousku\/"]}]},{"@type":"BreadcrumbList","@id":"https:\/\/celebrityhouse.cz\/index.php\/2021\/09\/17\/neni-cas-zemrit-je-cas-vyhrat-bondovsky-vikend-v-rakousku\/#breadcrumb","itemListElement":[{"@type":"ListItem","position":1,"name":"Dom\u016f","item":"https:\/\/celebrityhouse.cz\/"},{"@type":"ListItem","position":2,"name":"Nen\u00ed \u010das zem\u0159\u00edt, je \u010das vyhr\u00e1t bondovsk\u00fd v\u00edkend v Rakousku"}]},{"@type":"WebSite","@id":"https:\/\/celebrityhouse.cz\/#website","url":"https:\/\/celebrityhouse.cz\/","name":"CELEBRITYHOUSE.cz","description":"Port\u00e1l o showbyznysu...","publisher":{"@id":"https:\/\/celebrityhouse.cz\/#organization"},"potentialAction":[{"@type":"SearchAction","target":{"@type":"EntryPoint","urlTemplate":"https:\/\/celebrityhouse.cz\/?s={search_term_string}"},"query-input":"required name=search_term_string"}],"inLanguage":"cs"},{"@type":"Organization","@id":"https:\/\/celebrityhouse.cz\/#organization","name":"CELEBRITYHOUSE.cz","url":"https:\/\/celebrityhouse.cz\/","logo":{"@type":"ImageObject","inLanguage":"cs","@id":"https:\/\/celebrityhouse.cz\/#\/schema\/logo\/image\/","url":"https:\/\/celebrityhouse.cz\/wp-content\/uploads\/2024\/12\/cropped-Logo_CelebrityHouse_2.jpg","contentUrl":"https:\/\/celebrityhouse.cz\/wp-content\/uploads\/2024\/12\/cropped-Logo_CelebrityHouse_2.jpg","width":937,"height":510,"caption":"CELEBRITYHOUSE.cz"},"image":{"@id":"https:\/\/celebrityhouse.cz\/#\/schema\/logo\/image\/"}},{"@type":"Person","@id":"https:\/\/celebrityhouse.cz\/#\/schema\/person\/1992a6067146966eda9f9e469a57f163","name":"Miroslav Van\u011bk","image":{"@type":"ImageObject","inLanguage":"cs","@id":"https:\/\/celebrityhouse.cz\/#\/schema\/person\/image\/","url":"https:\/\/secure.gravatar.com\/avatar\/cc93dbecbfc820d69a964ea4a1c72377?s=96&d=mm&r=g","contentUrl":"https:\/\/secure.gravatar.com\/avatar\/cc93dbecbfc820d69a964ea4a1c72377?s=96&d=mm&r=g","caption":"Miroslav Van\u011bk"},"sameAs":["http:\/\/wwww.celebrityhouse.cz"],"url":"https:\/\/celebrityhouse.cz\/index.php\/author\/mirvan\/"}]}},"_links":{"self":[{"href":"https:\/\/celebrityhouse.cz\/index.php\/wp-json\/wp\/v2\/posts\/4341"}],"collection":[{"href":"https:\/\/celebrityhouse.cz\/index.php\/wp-json\/wp\/v2\/posts"}],"about":[{"href":"https:\/\/celebrityhouse.cz\/index.php\/wp-json\/wp\/v2\/types\/post"}],"author":[{"embeddable":true,"href":"https:\/\/celebrityhouse.cz\/index.php\/wp-json\/wp\/v2\/users\/3"}],"replies":[{"embeddable":true,"href":"https:\/\/celebrityhouse.cz\/index.php\/wp-json\/wp\/v2\/comments?post=4341"}],"version-history":[{"count":2,"href":"https:\/\/celebrityhouse.cz\/index.php\/wp-json\/wp\/v2\/posts\/4341\/revisions"}],"predecessor-version":[{"id":4345,"href":"https:\/\/celebrityhouse.cz\/index.php\/wp-json\/wp\/v2\/posts\/4341\/revisions\/4345"}],"wp:featuredmedia":[{"embeddable":true,"href":"https:\/\/celebrityhouse.cz\/index.php\/wp-json\/wp\/v2\/media\/4342"}],"wp:attachment":[{"href":"https:\/\/celebrityhouse.cz\/index.php\/wp-json\/wp\/v2\/media?parent=4341"}],"wp:term":[{"taxonomy":"category","embeddable":true,"href":"https:\/\/celebrityhouse.cz\/index.php\/wp-json\/wp\/v2\/categories?post=4341"},{"taxonomy":"post_tag","embeddable":true,"href":"https:\/\/celebrityhouse.cz\/index.php\/wp-json\/wp\/v2\/tags?post=4341"}],"curies":[{"name":"wp","href":"https:\/\/api.w.org\/{rel}","templated":true}]}}