{"id":4663,"date":"2021-11-23T00:01:00","date_gmt":"2021-11-22T23:01:00","guid":{"rendered":"https:\/\/celebrityhouse.cz\/?p=4663"},"modified":"2021-11-22T17:44:16","modified_gmt":"2021-11-22T16:44:16","slug":"adventni-kalendar-od-milky-to-nejjemnejsi-cekani","status":"publish","type":"post","link":"https:\/\/celebrityhouse.cz\/index.php\/2021\/11\/23\/adventni-kalendar-od-milky-to-nejjemnejsi-cekani\/","title":{"rendered":"Adventn\u00ed kalend\u00e1\u0159 od Milky: To nejjemn\u011bj\u0161\u00ed \u010dek\u00e1n\u00ed"},"content":{"rendered":"\n<p><strong>Adventn\u00ed kalend\u00e1\u0159e neodmysliteln\u011b pat\u0159\u00ed k&nbsp;V\u00e1noc\u016fm a v&nbsp;oblib\u011b je maj\u00ed hlavn\u011b ti nejmen\u0161\u00ed. P\u0159ipom\u00ednaj\u00ed toti\u017e bl\u00ed\u017e\u00edc\u00ed se kouzeln\u00fd den pln\u00fd d\u00e1rk\u016f. Odpo\u010d\u00edt\u00e1v\u00e1n\u00ed dn\u00ed se stane p\u0159\u00edjemn\u011bj\u0161\u00edm d\u00edky \u010dokol\u00e1dov\u00fdm postavi\u010dk\u00e1m, kter\u00e9 se ukr\u00fdvaj\u00ed v&nbsp;Milka adventn\u00edm kalend\u00e1\u0159i.<\/strong><\/p>\n\n\n\n<p><strong>Jsou vyrobeny z&nbsp;t\u00e9 nejjemn\u011bj\u0161\u00ed \u010dokol\u00e1dy z alpsk\u00e9ho ml\u00e9ka, kter\u00e9 zp\u0159\u00edjemn\u00ed adventn\u00ed \u010das cel\u00e9 rodin\u011b.<\/strong><\/p>\n\n\n\n<figure class=\"wp-block-image\"><img decoding=\"async\" src=\"https:\/\/kidshouse.cz\/wp-content\/uploads\/2021\/11\/Adventni-kalendar-sane-200g-1024x717.jpg\" alt=\"\" class=\"wp-image-2126\"\/><\/figure>\n\n\n\n<h4 class=\"wp-block-heading\"><strong>Milka Adventn\u00ed kalend\u00e1\u0159<\/strong><\/h4>\n\n\n\n<p>(<a href=\"https:\/\/www.milka.cz\/produkty\/milka-adventn-kalend-200g\">odkaz na produkt zde<\/a>)<\/p>\n\n\n\n<p><strong>Gram\u00e1\u017e:<\/strong>&nbsp;200 g<\/p>\n\n\n\n<p><strong>Doporu\u010den\u00e1 cena vyobrazen\u00e9ho kalend\u00e1\u0159e:<\/strong>\u00a0179,90 K\u010d \/ 5,99 \u20ac<\/p>\n\n\n\n<div style=\"height:63px\" aria-hidden=\"true\" class=\"wp-block-spacer\"><\/div>\n\n\n\n<p>V\u00edce informac\u00ed naleznete na\u00a0<a href=\"http:\/\/www.milka.cz\/\"><strong>www.milka.cz<\/strong><\/a>.<\/p>\n\n\n\n<div style=\"height:100px\" aria-hidden=\"true\" class=\"wp-block-spacer\"><\/div>\n","protected":false},"excerpt":{"rendered":"<p>Adventn\u00ed kalend\u00e1\u0159e neodmysliteln\u011b pat\u0159\u00ed k&nbsp;V\u00e1noc\u016fm a v&nbsp;oblib\u011b je maj\u00ed hlavn\u011b ti nejmen\u0161\u00ed. P\u0159ipom\u00ednaj\u00ed toti\u017e bl\u00ed\u017e\u00edc\u00ed se kouzeln\u00fd den pln\u00fd d\u00e1rk\u016f. Odpo\u010d\u00edt\u00e1v\u00e1n\u00ed dn\u00ed se stane p\u0159\u00edjemn\u011bj\u0161\u00edm d\u00edky \u010dokol\u00e1dov\u00fdm postavi\u010dk\u00e1m, kter\u00e9 se ukr\u00fdvaj\u00ed v&nbsp;Milka adventn\u00edm kalend\u00e1\u0159i.&#46;&#46;&#46;<\/p>\n","protected":false},"author":2,"featured_media":4664,"comment_status":"closed","ping_status":"closed","sticky":false,"template":"","format":"standard","meta":{"_monsterinsights_skip_tracking":false,"_monsterinsights_sitenote_active":false,"_monsterinsights_sitenote_note":"","_monsterinsights_sitenote_category":0,"footnotes":""},"categories":[18,2,10],"tags":[],"yoast_head":"<!-- This site is optimized with the Yoast SEO plugin v21.5 - https:\/\/yoast.com\/wordpress\/plugins\/seo\/ -->\n<title>Adventn\u00ed kalend\u00e1\u0159 od Milky: To nejjemn\u011bj\u0161\u00ed \u010dek\u00e1n\u00ed - CELEBRITYHOUSE.cz<\/title>\n<meta name=\"robots\" content=\"index, follow, max-snippet:-1, max-image-preview:large, max-video-preview:-1\" \/>\n<link rel=\"canonical\" href=\"https:\/\/celebrityhouse.cz\/index.php\/2021\/11\/23\/adventni-kalendar-od-milky-to-nejjemnejsi-cekani\/\" \/>\n<meta property=\"og:locale\" content=\"cs_CZ\" \/>\n<meta property=\"og:type\" content=\"article\" \/>\n<meta property=\"og:title\" content=\"Adventn\u00ed kalend\u00e1\u0159 od Milky: To nejjemn\u011bj\u0161\u00ed \u010dek\u00e1n\u00ed - CELEBRITYHOUSE.cz\" \/>\n<meta property=\"og:description\" content=\"Adventn\u00ed kalend\u00e1\u0159e neodmysliteln\u011b pat\u0159\u00ed k&nbsp;V\u00e1noc\u016fm a v&nbsp;oblib\u011b je maj\u00ed hlavn\u011b ti nejmen\u0161\u00ed. P\u0159ipom\u00ednaj\u00ed toti\u017e bl\u00ed\u017e\u00edc\u00ed se kouzeln\u00fd den pln\u00fd d\u00e1rk\u016f. Odpo\u010d\u00edt\u00e1v\u00e1n\u00ed dn\u00ed se stane p\u0159\u00edjemn\u011bj\u0161\u00edm d\u00edky \u010dokol\u00e1dov\u00fdm postavi\u010dk\u00e1m, kter\u00e9 se ukr\u00fdvaj\u00ed v&nbsp;Milka adventn\u00edm kalend\u00e1\u0159i.&#046;&#046;&#046;\" \/>\n<meta property=\"og:url\" content=\"https:\/\/celebrityhouse.cz\/index.php\/2021\/11\/23\/adventni-kalendar-od-milky-to-nejjemnejsi-cekani\/\" \/>\n<meta property=\"og:site_name\" content=\"CELEBRITYHOUSE.cz\" \/>\n<meta property=\"article:published_time\" content=\"2021-11-22T23:01:00+00:00\" \/>\n<meta property=\"article:modified_time\" content=\"2021-11-22T16:44:16+00:00\" \/>\n<meta property=\"og:image\" content=\"https:\/\/celebrityhouse.cz\/wp-content\/uploads\/2021\/11\/Adventni-kalendar-sane-200g.jpg\" \/>\n\t<meta property=\"og:image:width\" content=\"1714\" \/>\n\t<meta property=\"og:image:height\" content=\"1200\" \/>\n\t<meta property=\"og:image:type\" content=\"image\/jpeg\" \/>\n<meta name=\"author\" content=\"Jolana Hol\u00e1\u0148ov\u00e1\" \/>\n<meta name=\"twitter:card\" content=\"summary_large_image\" \/>\n<meta name=\"twitter:label1\" content=\"Napsal(a)\" \/>\n\t<meta name=\"twitter:data1\" content=\"Jolana Hol\u00e1\u0148ov\u00e1\" \/>\n\t<meta name=\"twitter:label2\" content=\"Odhadovan\u00e1 doba \u010dten\u00ed\" \/>\n\t<meta name=\"twitter:data2\" content=\"1 minuta\" \/>\n<script type=\"application\/ld+json\" class=\"yoast-schema-graph\">{\"@context\":\"https:\/\/schema.org\",\"@graph\":[{\"@type\":\"Article\",\"@id\":\"https:\/\/celebrityhouse.cz\/index.php\/2021\/11\/23\/adventni-kalendar-od-milky-to-nejjemnejsi-cekani\/#article\",\"isPartOf\":{\"@id\":\"https:\/\/celebrityhouse.cz\/index.php\/2021\/11\/23\/adventni-kalendar-od-milky-to-nejjemnejsi-cekani\/\"},\"author\":{\"name\":\"Jolana Hol\u00e1\u0148ov\u00e1\",\"@id\":\"https:\/\/celebrityhouse.cz\/#\/schema\/person\/d017015938d4512794986427eb23a2e9\"},\"headline\":\"Adventn\u00ed kalend\u00e1\u0159 od Milky: To nejjemn\u011bj\u0161\u00ed \u010dek\u00e1n\u00ed\",\"datePublished\":\"2021-11-22T23:01:00+00:00\",\"dateModified\":\"2021-11-22T16:44:16+00:00\",\"mainEntityOfPage\":{\"@id\":\"https:\/\/celebrityhouse.cz\/index.php\/2021\/11\/23\/adventni-kalendar-od-milky-to-nejjemnejsi-cekani\/\"},\"wordCount\":117,\"publisher\":{\"@id\":\"https:\/\/celebrityhouse.cz\/#organization\"},\"articleSection\":[\"LIFESTYLE\",\"NEWS\",\"TIPY &amp; TRENDY\"],\"inLanguage\":\"cs\"},{\"@type\":\"WebPage\",\"@id\":\"https:\/\/celebrityhouse.cz\/index.php\/2021\/11\/23\/adventni-kalendar-od-milky-to-nejjemnejsi-cekani\/\",\"url\":\"https:\/\/celebrityhouse.cz\/index.php\/2021\/11\/23\/adventni-kalendar-od-milky-to-nejjemnejsi-cekani\/\",\"name\":\"Adventn\u00ed kalend\u00e1\u0159 od Milky: To nejjemn\u011bj\u0161\u00ed \u010dek\u00e1n\u00ed - CELEBRITYHOUSE.cz\",\"isPartOf\":{\"@id\":\"https:\/\/celebrityhouse.cz\/#website\"},\"datePublished\":\"2021-11-22T23:01:00+00:00\",\"dateModified\":\"2021-11-22T16:44:16+00:00\",\"breadcrumb\":{\"@id\":\"https:\/\/celebrityhouse.cz\/index.php\/2021\/11\/23\/adventni-kalendar-od-milky-to-nejjemnejsi-cekani\/#breadcrumb\"},\"inLanguage\":\"cs\",\"potentialAction\":[{\"@type\":\"ReadAction\",\"target\":[\"https:\/\/celebrityhouse.cz\/index.php\/2021\/11\/23\/adventni-kalendar-od-milky-to-nejjemnejsi-cekani\/\"]}]},{\"@type\":\"BreadcrumbList\",\"@id\":\"https:\/\/celebrityhouse.cz\/index.php\/2021\/11\/23\/adventni-kalendar-od-milky-to-nejjemnejsi-cekani\/#breadcrumb\",\"itemListElement\":[{\"@type\":\"ListItem\",\"position\":1,\"name\":\"Dom\u016f\",\"item\":\"https:\/\/celebrityhouse.cz\/\"},{\"@type\":\"ListItem\",\"position\":2,\"name\":\"Adventn\u00ed kalend\u00e1\u0159 od Milky: To nejjemn\u011bj\u0161\u00ed \u010dek\u00e1n\u00ed\"}]},{\"@type\":\"WebSite\",\"@id\":\"https:\/\/celebrityhouse.cz\/#website\",\"url\":\"https:\/\/celebrityhouse.cz\/\",\"name\":\"CELEBRITYHOUSE.cz\",\"description\":\"Port\u00e1l o showbyznysu...\",\"publisher\":{\"@id\":\"https:\/\/celebrityhouse.cz\/#organization\"},\"potentialAction\":[{\"@type\":\"SearchAction\",\"target\":{\"@type\":\"EntryPoint\",\"urlTemplate\":\"https:\/\/celebrityhouse.cz\/?s={search_term_string}\"},\"query-input\":\"required name=search_term_string\"}],\"inLanguage\":\"cs\"},{\"@type\":\"Organization\",\"@id\":\"https:\/\/celebrityhouse.cz\/#organization\",\"name\":\"CELEBRITYHOUSE.cz\",\"url\":\"https:\/\/celebrityhouse.cz\/\",\"logo\":{\"@type\":\"ImageObject\",\"inLanguage\":\"cs\",\"@id\":\"https:\/\/celebrityhouse.cz\/#\/schema\/logo\/image\/\",\"url\":\"https:\/\/celebrityhouse.cz\/wp-content\/uploads\/2024\/12\/cropped-Logo_CelebrityHouse_2.jpg\",\"contentUrl\":\"https:\/\/celebrityhouse.cz\/wp-content\/uploads\/2024\/12\/cropped-Logo_CelebrityHouse_2.jpg\",\"width\":937,\"height\":510,\"caption\":\"CELEBRITYHOUSE.cz\"},\"image\":{\"@id\":\"https:\/\/celebrityhouse.cz\/#\/schema\/logo\/image\/\"}},{\"@type\":\"Person\",\"@id\":\"https:\/\/celebrityhouse.cz\/#\/schema\/person\/d017015938d4512794986427eb23a2e9\",\"name\":\"Jolana Hol\u00e1\u0148ov\u00e1\",\"image\":{\"@type\":\"ImageObject\",\"inLanguage\":\"cs\",\"@id\":\"https:\/\/celebrityhouse.cz\/#\/schema\/person\/image\/\",\"url\":\"https:\/\/secure.gravatar.com\/avatar\/5863c504ed89cd419ff3a5e812c722ff?s=96&d=mm&r=g\",\"contentUrl\":\"https:\/\/secure.gravatar.com\/avatar\/5863c504ed89cd419ff3a5e812c722ff?s=96&d=mm&r=g\",\"caption\":\"Jolana Hol\u00e1\u0148ov\u00e1\"},\"sameAs\":[\"http:\/\/www.celebrityhouse.cz\"],\"url\":\"https:\/\/celebrityhouse.cz\/index.php\/author\/jolhol\/\"}]}<\/script>\n<!-- \/ Yoast SEO plugin. -->","yoast_head_json":{"title":"Adventn\u00ed kalend\u00e1\u0159 od Milky: To nejjemn\u011bj\u0161\u00ed \u010dek\u00e1n\u00ed - CELEBRITYHOUSE.cz","robots":{"index":"index","follow":"follow","max-snippet":"max-snippet:-1","max-image-preview":"max-image-preview:large","max-video-preview":"max-video-preview:-1"},"canonical":"https:\/\/celebrityhouse.cz\/index.php\/2021\/11\/23\/adventni-kalendar-od-milky-to-nejjemnejsi-cekani\/","og_locale":"cs_CZ","og_type":"article","og_title":"Adventn\u00ed kalend\u00e1\u0159 od Milky: To nejjemn\u011bj\u0161\u00ed \u010dek\u00e1n\u00ed - CELEBRITYHOUSE.cz","og_description":"Adventn\u00ed kalend\u00e1\u0159e neodmysliteln\u011b pat\u0159\u00ed k&nbsp;V\u00e1noc\u016fm a v&nbsp;oblib\u011b je maj\u00ed hlavn\u011b ti nejmen\u0161\u00ed. P\u0159ipom\u00ednaj\u00ed toti\u017e bl\u00ed\u017e\u00edc\u00ed se kouzeln\u00fd den pln\u00fd d\u00e1rk\u016f. Odpo\u010d\u00edt\u00e1v\u00e1n\u00ed dn\u00ed se stane p\u0159\u00edjemn\u011bj\u0161\u00edm d\u00edky \u010dokol\u00e1dov\u00fdm postavi\u010dk\u00e1m, kter\u00e9 se ukr\u00fdvaj\u00ed v&nbsp;Milka adventn\u00edm kalend\u00e1\u0159i.&#46;&#46;&#46;","og_url":"https:\/\/celebrityhouse.cz\/index.php\/2021\/11\/23\/adventni-kalendar-od-milky-to-nejjemnejsi-cekani\/","og_site_name":"CELEBRITYHOUSE.cz","article_published_time":"2021-11-22T23:01:00+00:00","article_modified_time":"2021-11-22T16:44:16+00:00","og_image":[{"width":1714,"height":1200,"url":"https:\/\/celebrityhouse.cz\/wp-content\/uploads\/2021\/11\/Adventni-kalendar-sane-200g.jpg","type":"image\/jpeg"}],"author":"Jolana Hol\u00e1\u0148ov\u00e1","twitter_card":"summary_large_image","twitter_misc":{"Napsal(a)":"Jolana Hol\u00e1\u0148ov\u00e1","Odhadovan\u00e1 doba \u010dten\u00ed":"1 minuta"},"schema":{"@context":"https:\/\/schema.org","@graph":[{"@type":"Article","@id":"https:\/\/celebrityhouse.cz\/index.php\/2021\/11\/23\/adventni-kalendar-od-milky-to-nejjemnejsi-cekani\/#article","isPartOf":{"@id":"https:\/\/celebrityhouse.cz\/index.php\/2021\/11\/23\/adventni-kalendar-od-milky-to-nejjemnejsi-cekani\/"},"author":{"name":"Jolana Hol\u00e1\u0148ov\u00e1","@id":"https:\/\/celebrityhouse.cz\/#\/schema\/person\/d017015938d4512794986427eb23a2e9"},"headline":"Adventn\u00ed kalend\u00e1\u0159 od Milky: To nejjemn\u011bj\u0161\u00ed \u010dek\u00e1n\u00ed","datePublished":"2021-11-22T23:01:00+00:00","dateModified":"2021-11-22T16:44:16+00:00","mainEntityOfPage":{"@id":"https:\/\/celebrityhouse.cz\/index.php\/2021\/11\/23\/adventni-kalendar-od-milky-to-nejjemnejsi-cekani\/"},"wordCount":117,"publisher":{"@id":"https:\/\/celebrityhouse.cz\/#organization"},"articleSection":["LIFESTYLE","NEWS","TIPY &amp; TRENDY"],"inLanguage":"cs"},{"@type":"WebPage","@id":"https:\/\/celebrityhouse.cz\/index.php\/2021\/11\/23\/adventni-kalendar-od-milky-to-nejjemnejsi-cekani\/","url":"https:\/\/celebrityhouse.cz\/index.php\/2021\/11\/23\/adventni-kalendar-od-milky-to-nejjemnejsi-cekani\/","name":"Adventn\u00ed kalend\u00e1\u0159 od Milky: To nejjemn\u011bj\u0161\u00ed \u010dek\u00e1n\u00ed - CELEBRITYHOUSE.cz","isPartOf":{"@id":"https:\/\/celebrityhouse.cz\/#website"},"datePublished":"2021-11-22T23:01:00+00:00","dateModified":"2021-11-22T16:44:16+00:00","breadcrumb":{"@id":"https:\/\/celebrityhouse.cz\/index.php\/2021\/11\/23\/adventni-kalendar-od-milky-to-nejjemnejsi-cekani\/#breadcrumb"},"inLanguage":"cs","potentialAction":[{"@type":"ReadAction","target":["https:\/\/celebrityhouse.cz\/index.php\/2021\/11\/23\/adventni-kalendar-od-milky-to-nejjemnejsi-cekani\/"]}]},{"@type":"BreadcrumbList","@id":"https:\/\/celebrityhouse.cz\/index.php\/2021\/11\/23\/adventni-kalendar-od-milky-to-nejjemnejsi-cekani\/#breadcrumb","itemListElement":[{"@type":"ListItem","position":1,"name":"Dom\u016f","item":"https:\/\/celebrityhouse.cz\/"},{"@type":"ListItem","position":2,"name":"Adventn\u00ed kalend\u00e1\u0159 od Milky: To nejjemn\u011bj\u0161\u00ed \u010dek\u00e1n\u00ed"}]},{"@type":"WebSite","@id":"https:\/\/celebrityhouse.cz\/#website","url":"https:\/\/celebrityhouse.cz\/","name":"CELEBRITYHOUSE.cz","description":"Port\u00e1l o showbyznysu...","publisher":{"@id":"https:\/\/celebrityhouse.cz\/#organization"},"potentialAction":[{"@type":"SearchAction","target":{"@type":"EntryPoint","urlTemplate":"https:\/\/celebrityhouse.cz\/?s={search_term_string}"},"query-input":"required name=search_term_string"}],"inLanguage":"cs"},{"@type":"Organization","@id":"https:\/\/celebrityhouse.cz\/#organization","name":"CELEBRITYHOUSE.cz","url":"https:\/\/celebrityhouse.cz\/","logo":{"@type":"ImageObject","inLanguage":"cs","@id":"https:\/\/celebrityhouse.cz\/#\/schema\/logo\/image\/","url":"https:\/\/celebrityhouse.cz\/wp-content\/uploads\/2024\/12\/cropped-Logo_CelebrityHouse_2.jpg","contentUrl":"https:\/\/celebrityhouse.cz\/wp-content\/uploads\/2024\/12\/cropped-Logo_CelebrityHouse_2.jpg","width":937,"height":510,"caption":"CELEBRITYHOUSE.cz"},"image":{"@id":"https:\/\/celebrityhouse.cz\/#\/schema\/logo\/image\/"}},{"@type":"Person","@id":"https:\/\/celebrityhouse.cz\/#\/schema\/person\/d017015938d4512794986427eb23a2e9","name":"Jolana Hol\u00e1\u0148ov\u00e1","image":{"@type":"ImageObject","inLanguage":"cs","@id":"https:\/\/celebrityhouse.cz\/#\/schema\/person\/image\/","url":"https:\/\/secure.gravatar.com\/avatar\/5863c504ed89cd419ff3a5e812c722ff?s=96&d=mm&r=g","contentUrl":"https:\/\/secure.gravatar.com\/avatar\/5863c504ed89cd419ff3a5e812c722ff?s=96&d=mm&r=g","caption":"Jolana Hol\u00e1\u0148ov\u00e1"},"sameAs":["http:\/\/www.celebrityhouse.cz"],"url":"https:\/\/celebrityhouse.cz\/index.php\/author\/jolhol\/"}]}},"_links":{"self":[{"href":"https:\/\/celebrityhouse.cz\/index.php\/wp-json\/wp\/v2\/posts\/4663"}],"collection":[{"href":"https:\/\/celebrityhouse.cz\/index.php\/wp-json\/wp\/v2\/posts"}],"about":[{"href":"https:\/\/celebrityhouse.cz\/index.php\/wp-json\/wp\/v2\/types\/post"}],"author":[{"embeddable":true,"href":"https:\/\/celebrityhouse.cz\/index.php\/wp-json\/wp\/v2\/users\/2"}],"replies":[{"embeddable":true,"href":"https:\/\/celebrityhouse.cz\/index.php\/wp-json\/wp\/v2\/comments?post=4663"}],"version-history":[{"count":1,"href":"https:\/\/celebrityhouse.cz\/index.php\/wp-json\/wp\/v2\/posts\/4663\/revisions"}],"predecessor-version":[{"id":4665,"href":"https:\/\/celebrityhouse.cz\/index.php\/wp-json\/wp\/v2\/posts\/4663\/revisions\/4665"}],"wp:featuredmedia":[{"embeddable":true,"href":"https:\/\/celebrityhouse.cz\/index.php\/wp-json\/wp\/v2\/media\/4664"}],"wp:attachment":[{"href":"https:\/\/celebrityhouse.cz\/index.php\/wp-json\/wp\/v2\/media?parent=4663"}],"wp:term":[{"taxonomy":"category","embeddable":true,"href":"https:\/\/celebrityhouse.cz\/index.php\/wp-json\/wp\/v2\/categories?post=4663"},{"taxonomy":"post_tag","embeddable":true,"href":"https:\/\/celebrityhouse.cz\/index.php\/wp-json\/wp\/v2\/tags?post=4663"}],"curies":[{"name":"wp","href":"https:\/\/api.w.org\/{rel}","templated":true}]}}