{"id":5736,"date":"2022-08-29T01:29:00","date_gmt":"2022-08-28T23:29:00","guid":{"rendered":"https:\/\/celebrityhouse.cz\/?p=5736"},"modified":"2022-08-30T01:31:12","modified_gmt":"2022-08-29T23:31:12","slug":"avenue-optik-pruvodci-svetem-ocni-optiky","status":"publish","type":"post","link":"https:\/\/celebrityhouse.cz\/index.php\/2022\/08\/29\/avenue-optik-pruvodci-svetem-ocni-optiky\/","title":{"rendered":"Avenue Optik: Pr\u016fvodci sv\u011btem o\u010dn\u00ed optiky"},"content":{"rendered":"\n<div style=\"height:35px\" aria-hidden=\"true\" class=\"wp-block-spacer\"><\/div>\n\n\n\n<p><strong>Zdrav\u00ed o\u010d\u00ed ovliv\u0148uje n\u00e1\u0161 ka\u017edodenn\u00ed \u017eivot. Zhor\u0161en\u00e9 vid\u011bn\u00ed m\u016f\u017ee \u010dlov\u011bka nep\u0159\u00edjemn\u011b omezovat nejen v&nbsp;pracovn\u00edm, ale i v&nbsp;osobn\u00edm \u017eivot\u011b. N\u011bkte\u0159\u00ed lid\u00e9 poci\u0165uj\u00ed probl\u00e9my a\u017e s&nbsp;p\u0159ib\u00fdvaj\u00edc\u00edm v\u011bkem, jin\u00ed se s&nbsp;nimi pot\u00fdkaj\u00ed ji\u017e od \u00fatl\u00e9ho d\u011btstv\u00ed.<\/strong><\/p>\n\n\n\n<div style=\"height:9px\" aria-hidden=\"true\" class=\"wp-block-spacer\"><\/div>\n\n\n\n<div class=\"wp-block-image\"><figure class=\"aligncenter size-large is-resized\"><img loading=\"lazy\" decoding=\"async\" src=\"https:\/\/womenhouse.cz\/wp-content\/uploads\/2022\/08\/Avenue-Optik-1024x683.jpg\" alt=\"\" class=\"wp-image-8073\" width=\"840\" height=\"560\"\/><\/figure><\/div>\n\n\n\n<div style=\"height:9px\" aria-hidden=\"true\" class=\"wp-block-spacer\"><\/div>\n\n\n\n<p>D\u016fle\u017eitou roli pro komfort va\u0161eho vid\u011bn\u00ed sehr\u00e1v\u00e1 volba o\u010dn\u00ed optiky. V\u00fdb\u011br optiky by nem\u011bl b\u00fdt zam\u011b\u0159en na jednor\u00e1zov\u00fd n\u00e1kup, m\u011bl by b\u00fdt spojen s&nbsp;budov\u00e1n\u00edm dlouhodob\u00e9ho vztahu, zalo\u017een\u00e9m na vz\u00e1jemn\u00e9 d\u016fv\u011b\u0159e, spokojenosti a partnerstv\u00ed. Optika by m\u011bla b\u00fdt m\u00edstem, kam se r\u00e1di vrac\u00edte, proto\u017ee v\u00edte, \u017ee jsou zde specialist\u00e9, kte\u0159\u00ed v\u00e1m dop\u0159ej\u00ed p\u00e9\u010di na nejvy\u0161\u0161\u00ed mo\u017en\u00e9 \u00farovni, kvalifikovan\u00ed odborn\u00edci, kte\u0159\u00ed se v\u011bnuj\u00ed prevenci, pracuj\u00ed s&nbsp;kvalitn\u00edm technick\u00fdm vybaven\u00edm, vzd\u011bl\u00e1vaj\u00ed se v&nbsp;oboru a pro n\u011b\u017e se st\u00e1v\u00e1te od prvn\u00edho okam\u017eiku t\u00edm nejd\u016fle\u017eit\u011bj\u0161\u00edm \u010dlov\u011bkem.<\/p>\n\n\n\n<div style=\"height:8px\" aria-hidden=\"true\" class=\"wp-block-spacer\"><\/div>\n\n\n\n<figure class=\"wp-block-image size-large\"><img decoding=\"async\" src=\"https:\/\/womenhouse.cz\/wp-content\/uploads\/2022\/08\/MAR08841-2-1024x682.jpg\" alt=\"\" class=\"wp-image-8077\"\/><\/figure>\n\n\n\n<div style=\"height:9px\" aria-hidden=\"true\" class=\"wp-block-spacer\"><\/div>\n\n\n\n<p><a href=\"https:\/\/avenueoptik.cz\/\"><strong>Avenue Optik<\/strong><\/a> toto v\u0161e sv\u00fdm z\u00e1kazn\u00edk\u016fm nab\u00edz\u00ed. Jedn\u00e1 se o nov\u00fd koncept o\u010dn\u00ed optiky, kterou najdete v&nbsp;sam\u00e9m srdci Prahy. Optici a optometrist\u00e9, ale i spolupracuj\u00edc\u00ed o\u010dn\u00ed l\u00e9ka\u0159i, v\u00e1m zde nab\u00eddnou maxim\u00e1ln\u00ed p\u00e9\u010di a komfort. Jsou zam\u011b\u0159eni na prevenci, o\u010dn\u00ed vy\u0161et\u0159en\u00ed, konzultaci a poradenstv\u00ed, t\u00fdkaj\u00edc\u00ed se va\u0161\u00ed o\u010dn\u00ed vady. Vyberou s&nbsp;v\u00e1mi vhodn\u00e9 br\u00fdle, br\u00fdlov\u00e9 i kontaktn\u00ed \u010do\u010dky, zajist\u00ed n\u00e1slednou p\u00e9\u010di a servis o v\u00e1\u0161 zrak i br\u00fdle. Cel\u00fd t\u00fdm se stane va\u0161\u00edm pr\u016fvodcem sv\u011btem o\u010dn\u00ed optiky a v\u0161edn\u00ed n\u00e1kup br\u00fdl\u00ed pro v\u00e1s prom\u011bn\u00ed v&nbsp;p\u0159\u00edjemn\u00fd, nadstandardn\u00ed z\u00e1\u017eitek.<\/p>\n\n\n\n<div style=\"height:9px\" aria-hidden=\"true\" class=\"wp-block-spacer\"><\/div>\n\n\n\n<figure class=\"wp-block-gallery columns-2 is-cropped wp-block-gallery-1 is-layout-flex wp-block-gallery-is-layout-flex\"><ul class=\"blocks-gallery-grid\"><li class=\"blocks-gallery-item\"><figure><img decoding=\"async\" src=\"https:\/\/womenhouse.cz\/wp-content\/uploads\/2022\/08\/TAL-23-1-684x1024.jpg\" alt=\"\" data-id=\"8079\" data-full-url=\"https:\/\/womenhouse.cz\/wp-content\/uploads\/2022\/08\/TAL-23-1.jpg\" data-link=\"https:\/\/womenhouse.cz\/?attachment_id=8079\" class=\"wp-image-8079\"\/><\/figure><\/li><li class=\"blocks-gallery-item\"><figure><img decoding=\"async\" src=\"https:\/\/womenhouse.cz\/wp-content\/uploads\/2022\/08\/SHAKER_149_2-684x1024.jpg\" alt=\"\" data-id=\"8078\" data-full-url=\"https:\/\/womenhouse.cz\/wp-content\/uploads\/2022\/08\/SHAKER_149_2.jpg\" data-link=\"https:\/\/womenhouse.cz\/?attachment_id=8078\" class=\"wp-image-8078\"\/><\/figure><\/li><\/ul><\/figure>\n\n\n\n<div style=\"height:9px\" aria-hidden=\"true\" class=\"wp-block-spacer\"><\/div>\n\n\n\n<p>Krom\u011b toho se m\u016f\u017eete v&nbsp;p\u0159\u00edjemn\u00e9m interi\u00e9ru i exteri\u00e9ru \u00fa\u010dastnit spole\u010densk\u00fdch akc\u00ed nebo <a href=\"https:\/\/avenueoptik.cz\/edukacni-centrum-avenue-optik\/\"><strong>eduka\u010dn\u00edch semin\u00e1\u0159\u016f a p\u0159edn\u00e1\u0161ek<\/strong><\/a> na zaj\u00edmav\u00e1 t\u00e9mata, kter\u00fdmi jsou nap\u0159\u00edklad nov\u00e9 technologie a materi\u00e1ly, ze&nbsp;kter\u00fdch se br\u00fdle vyr\u00e1b\u011bj\u00ed, novinky v&nbsp;kontaktn\u00edch \u010do\u010dk\u00e1ch nebo l\u00e9\u010dba d\u011btsk\u00e9 kr\u00e1tkozrakosti. T\u00fdm Avenue Optik vynik\u00e1 dlouholet\u00fdmi zku\u0161enostmi a znalostmi v&nbsp;oboru, citliv\u00fdm osobn\u00edm p\u0159\u00edstupem, l\u00e1skou k&nbsp;br\u00fdl\u00edm i lidem a otev\u0159enou komunikac\u00ed.<\/p>\n\n\n\n<p>V&nbsp;optice naleznete nejen kvalitn\u00ed br\u00fdle od sv\u011btozn\u00e1m\u00fdch zna\u010dek Christian Dior, Tom Ford, Fendi, Balenciaga, Yves Saint Laurent, Max Mara, Trussardi, Zadic&amp;Voltaire ale i designov\u00e9, technicky perfektn\u011b zpracovan\u00e9 nebo ru\u010dn\u011b vyr\u00e1b\u011bn\u00e9 kousky z&nbsp;limitovan\u00fdch edic od n\u00e1vrh\u00e1\u0159\u016f z&nbsp;It\u00e1lie \u2013 Lamarca, Four Seasons, z&nbsp;Francie &#8211; Caroline Abram, Talla, J.F.Rey, z D\u00e1nska &#8211; Bellinger a Blac nebo z&nbsp;Rakouska zna\u010dka Silhouette. Pro milovn\u00edky ko\u017een\u00fdch dopl\u0148k\u016f je p\u0159ipravena n\u011bmeck\u00e1 kolekce Any D\u00ed, kter\u00e1 prezentuje hrav\u00fd design, originalitu a nad\u010dasovost. V\u00fdrobky z jemn\u00e9 k\u016f\u017ee, kvalitn\u00ed \u0161it\u00ed, pozlacen\u00e9 kovov\u00e9 dopl\u0148ky v d\u00e1rkov\u00e9m balen\u00ed. V&nbsp;nab\u00eddce jsou origin\u00e1ln\u00ed pouzdra na br\u00fdle a mobily, ale i p\u00e1sky, na kter\u00e9 lze pouzdra i dal\u0161\u00ed dopl\u0148ky jako ta\u0161ti\u010dky a pen\u011b\u017eenky p\u0159ipnout.<\/p>\n\n\n\n<div style=\"height:9px\" aria-hidden=\"true\" class=\"wp-block-spacer\"><\/div>\n\n\n\n<figure class=\"wp-block-gallery columns-2 is-cropped wp-block-gallery-2 is-layout-flex wp-block-gallery-is-layout-flex\"><ul class=\"blocks-gallery-grid\"><li class=\"blocks-gallery-item\"><figure><img decoding=\"async\" src=\"https:\/\/womenhouse.cz\/wp-content\/uploads\/2022\/08\/CA-HERMINE-757-1-683x1024.jpg\" alt=\"\" data-id=\"8075\" data-full-url=\"https:\/\/womenhouse.cz\/wp-content\/uploads\/2022\/08\/CA-HERMINE-757-1.jpg\" data-link=\"https:\/\/womenhouse.cz\/?attachment_id=8075\" class=\"wp-image-8075\"\/><\/figure><\/li><li class=\"blocks-gallery-item\"><figure><img decoding=\"async\" src=\"https:\/\/womenhouse.cz\/wp-content\/uploads\/2022\/08\/CA-HELENA-758-1-683x1024.jpg\" alt=\"\" data-id=\"8074\" data-full-url=\"https:\/\/womenhouse.cz\/wp-content\/uploads\/2022\/08\/CA-HELENA-758-1.jpg\" data-link=\"https:\/\/womenhouse.cz\/?attachment_id=8074\" class=\"wp-image-8074\"\/><\/figure><\/li><\/ul><\/figure>\n\n\n\n<div style=\"height:10px\" aria-hidden=\"true\" class=\"wp-block-spacer\"><\/div>\n\n\n\n<p>M\u011b\u0159en\u00edm o\u010d\u00ed to v&nbsp;<a href=\"https:\/\/avenueoptik.cz\/potrebuji-zmerit-zrak\/\">Avenue Optik<\/a> nekon\u010d\u00ed. T\u00edm se v&nbsp;t\u00e9to unik\u00e1tn\u00ed pra\u017esk\u00e9 optice za\u010d\u00edn\u00e1\u2026 Konzultace, poradenstv\u00ed a v\u00fdb\u011br br\u00fdl\u00ed, ve kter\u00fdch se budete l\u00edbit sami sob\u011b a p\u0159edev\u0161\u00edm dob\u0159e uvid\u00edte. Slova jako \u201eTakhle skv\u011ble mi je\u0161t\u011b nikdy br\u00fdle nesedly, l\u00edb\u00edm se s\u00e1m sob\u011b nebo v&nbsp;\u017eivot\u011b jsem takhle dob\u0159e a jasn\u011b nevid\u011bl \u201c jsou pro optika tou nejlep\u0161\u00ed zp\u011btnou vazbou. Vyberte si optiku, kde se budete c\u00edtit jako v&nbsp;ob\u00fdv\u00e1ku se slu\u017ebami od A do Z!<\/p>\n\n\n\n<div style=\"height:39px\" aria-hidden=\"true\" class=\"wp-block-spacer\"><\/div>\n\n\n\n<h2 class=\"wp-block-heading\">Avenue Optik<\/h2>\n\n\n\n<p><strong>Korunn\u00ed 65, Praha 2 \u2013 Vinohrady<\/strong><\/p>\n\n\n\n<p><a href=\"http:\/\/www.avenueoptik.cz\/\"><strong>www.avenueoptik.cz<\/strong><\/a> <\/p>\n\n\n\n<div style=\"height:100px\" aria-hidden=\"true\" class=\"wp-block-spacer\"><\/div>\n\n\n\n<figure class=\"wp-block-gallery columns-2 is-cropped wp-block-gallery-3 is-layout-flex wp-block-gallery-is-layout-flex\"><ul class=\"blocks-gallery-grid\"><li class=\"blocks-gallery-item\"><figure><img decoding=\"async\" src=\"https:\/\/womenhouse.cz\/wp-content\/uploads\/2022\/08\/CA-HELENA-758-1-683x1024.jpg\" alt=\"\" data-id=\"8074\" data-full-url=\"https:\/\/womenhouse.cz\/wp-content\/uploads\/2022\/08\/CA-HELENA-758-1.jpg\" data-link=\"https:\/\/womenhouse.cz\/?attachment_id=8074\" class=\"wp-image-8074\"\/><\/figure><\/li><li class=\"blocks-gallery-item\"><figure><img decoding=\"async\" src=\"https:\/\/womenhouse.cz\/wp-content\/uploads\/2022\/08\/CA-HERMINE-757-1-683x1024.jpg\" alt=\"\" data-id=\"8075\" data-full-url=\"https:\/\/womenhouse.cz\/wp-content\/uploads\/2022\/08\/CA-HERMINE-757-1.jpg\" data-link=\"https:\/\/womenhouse.cz\/?attachment_id=8075\" class=\"wp-image-8075\"\/><\/figure><\/li><li class=\"blocks-gallery-item\"><figure><img decoding=\"async\" src=\"https:\/\/womenhouse.cz\/wp-content\/uploads\/2022\/08\/SHAKER_149_2-684x1024.jpg\" alt=\"\" data-id=\"8078\" data-full-url=\"https:\/\/womenhouse.cz\/wp-content\/uploads\/2022\/08\/SHAKER_149_2.jpg\" data-link=\"https:\/\/womenhouse.cz\/?attachment_id=8078\" class=\"wp-image-8078\"\/><\/figure><\/li><li class=\"blocks-gallery-item\"><figure><img decoding=\"async\" src=\"https:\/\/womenhouse.cz\/wp-content\/uploads\/2022\/08\/TAL-23-1-684x1024.jpg\" alt=\"\" data-id=\"8079\" data-full-url=\"https:\/\/womenhouse.cz\/wp-content\/uploads\/2022\/08\/TAL-23-1.jpg\" data-link=\"https:\/\/womenhouse.cz\/?attachment_id=8079\" class=\"wp-image-8079\"\/><\/figure><\/li><li class=\"blocks-gallery-item\"><figure><img decoding=\"async\" src=\"https:\/\/womenhouse.cz\/wp-content\/uploads\/2022\/08\/MAR08841-2-1024x682.jpg\" alt=\"\" data-id=\"8077\" data-full-url=\"https:\/\/womenhouse.cz\/wp-content\/uploads\/2022\/08\/MAR08841-2.jpg\" data-link=\"https:\/\/womenhouse.cz\/?attachment_id=8077\" class=\"wp-image-8077\"\/><\/figure><\/li><li class=\"blocks-gallery-item\"><figure><img decoding=\"async\" src=\"https:\/\/womenhouse.cz\/wp-content\/uploads\/2022\/08\/MAR08591-Edit-Edit-4-1024x682.jpg\" alt=\"\" data-id=\"8076\" data-full-url=\"https:\/\/womenhouse.cz\/wp-content\/uploads\/2022\/08\/MAR08591-Edit-Edit-4.jpg\" data-link=\"https:\/\/womenhouse.cz\/?attachment_id=8076\" class=\"wp-image-8076\"\/><\/figure><\/li><\/ul><\/figure>\n\n\n\n<p><strong>Zdroj foto:<\/strong> Avenue Optik<\/p>\n\n\n\n<div style=\"height:100px\" aria-hidden=\"true\" class=\"wp-block-spacer\"><\/div>\n","protected":false},"excerpt":{"rendered":"<p>Zdrav\u00ed o\u010d\u00ed ovliv\u0148uje n\u00e1\u0161 ka\u017edodenn\u00ed \u017eivot. Zhor\u0161en\u00e9 vid\u011bn\u00ed m\u016f\u017ee \u010dlov\u011bka nep\u0159\u00edjemn\u011b omezovat nejen v&nbsp;pracovn\u00edm, ale i v&nbsp;osobn\u00edm \u017eivot\u011b. N\u011bkte\u0159\u00ed lid\u00e9 poci\u0165uj\u00ed probl\u00e9my a\u017e s&nbsp;p\u0159ib\u00fdvaj\u00edc\u00edm v\u011bkem, jin\u00ed se s&nbsp;nimi pot\u00fdkaj\u00ed ji\u017e od \u00fatl\u00e9ho d\u011btstv\u00ed. D\u016fle\u017eitou&#46;&#46;&#46;<\/p>\n","protected":false},"author":2,"featured_media":5737,"comment_status":"closed","ping_status":"closed","sticky":false,"template":"","format":"standard","meta":{"_monsterinsights_skip_tracking":false,"_monsterinsights_sitenote_active":false,"_monsterinsights_sitenote_note":"","_monsterinsights_sitenote_category":0,"footnotes":""},"categories":[18,5,2,10],"tags":[],"yoast_head":"<!-- This site is optimized with the Yoast SEO plugin v21.5 - https:\/\/yoast.com\/wordpress\/plugins\/seo\/ -->\n<title>Avenue Optik: Pr\u016fvodci sv\u011btem o\u010dn\u00ed optiky - CELEBRITYHOUSE.cz<\/title>\n<meta name=\"robots\" content=\"index, follow, max-snippet:-1, max-image-preview:large, max-video-preview:-1\" \/>\n<link rel=\"canonical\" href=\"https:\/\/celebrityhouse.cz\/index.php\/2022\/08\/29\/avenue-optik-pruvodci-svetem-ocni-optiky\/\" \/>\n<meta property=\"og:locale\" content=\"cs_CZ\" \/>\n<meta property=\"og:type\" content=\"article\" \/>\n<meta property=\"og:title\" content=\"Avenue Optik: Pr\u016fvodci sv\u011btem o\u010dn\u00ed optiky - CELEBRITYHOUSE.cz\" \/>\n<meta property=\"og:description\" content=\"Zdrav\u00ed o\u010d\u00ed ovliv\u0148uje n\u00e1\u0161 ka\u017edodenn\u00ed \u017eivot. Zhor\u0161en\u00e9 vid\u011bn\u00ed m\u016f\u017ee \u010dlov\u011bka nep\u0159\u00edjemn\u011b omezovat nejen v&nbsp;pracovn\u00edm, ale i v&nbsp;osobn\u00edm \u017eivot\u011b. N\u011bkte\u0159\u00ed lid\u00e9 poci\u0165uj\u00ed probl\u00e9my a\u017e s&nbsp;p\u0159ib\u00fdvaj\u00edc\u00edm v\u011bkem, jin\u00ed se s&nbsp;nimi pot\u00fdkaj\u00ed ji\u017e od \u00fatl\u00e9ho d\u011btstv\u00ed. D\u016fle\u017eitou&#046;&#046;&#046;\" \/>\n<meta property=\"og:url\" content=\"https:\/\/celebrityhouse.cz\/index.php\/2022\/08\/29\/avenue-optik-pruvodci-svetem-ocni-optiky\/\" \/>\n<meta property=\"og:site_name\" content=\"CELEBRITYHOUSE.cz\" \/>\n<meta property=\"article:published_time\" content=\"2022-08-28T23:29:00+00:00\" \/>\n<meta property=\"article:modified_time\" content=\"2022-08-29T23:31:12+00:00\" \/>\n<meta property=\"og:image\" content=\"https:\/\/celebrityhouse.cz\/wp-content\/uploads\/2022\/08\/Avenue-Optik.jpg\" \/>\n\t<meta property=\"og:image:width\" content=\"1386\" \/>\n\t<meta property=\"og:image:height\" content=\"924\" \/>\n\t<meta property=\"og:image:type\" content=\"image\/jpeg\" \/>\n<meta name=\"author\" content=\"Jolana Hol\u00e1\u0148ov\u00e1\" \/>\n<meta name=\"twitter:card\" content=\"summary_large_image\" \/>\n<meta name=\"twitter:label1\" content=\"Napsal(a)\" \/>\n\t<meta name=\"twitter:data1\" content=\"Jolana Hol\u00e1\u0148ov\u00e1\" \/>\n\t<meta name=\"twitter:label2\" content=\"Odhadovan\u00e1 doba \u010dten\u00ed\" \/>\n\t<meta name=\"twitter:data2\" content=\"4 minuty\" \/>\n<script type=\"application\/ld+json\" class=\"yoast-schema-graph\">{\"@context\":\"https:\/\/schema.org\",\"@graph\":[{\"@type\":\"Article\",\"@id\":\"https:\/\/celebrityhouse.cz\/index.php\/2022\/08\/29\/avenue-optik-pruvodci-svetem-ocni-optiky\/#article\",\"isPartOf\":{\"@id\":\"https:\/\/celebrityhouse.cz\/index.php\/2022\/08\/29\/avenue-optik-pruvodci-svetem-ocni-optiky\/\"},\"author\":{\"name\":\"Jolana Hol\u00e1\u0148ov\u00e1\",\"@id\":\"https:\/\/celebrityhouse.cz\/#\/schema\/person\/d017015938d4512794986427eb23a2e9\"},\"headline\":\"Avenue Optik: Pr\u016fvodci sv\u011btem o\u010dn\u00ed optiky\",\"datePublished\":\"2022-08-28T23:29:00+00:00\",\"dateModified\":\"2022-08-29T23:31:12+00:00\",\"mainEntityOfPage\":{\"@id\":\"https:\/\/celebrityhouse.cz\/index.php\/2022\/08\/29\/avenue-optik-pruvodci-svetem-ocni-optiky\/\"},\"wordCount\":720,\"publisher\":{\"@id\":\"https:\/\/celebrityhouse.cz\/#organization\"},\"articleSection\":[\"LIFESTYLE\",\"M\u00d3DN\u00cd V\u00ddST\u0158ELKY\",\"NEWS\",\"TIPY &amp; TRENDY\"],\"inLanguage\":\"cs\"},{\"@type\":\"WebPage\",\"@id\":\"https:\/\/celebrityhouse.cz\/index.php\/2022\/08\/29\/avenue-optik-pruvodci-svetem-ocni-optiky\/\",\"url\":\"https:\/\/celebrityhouse.cz\/index.php\/2022\/08\/29\/avenue-optik-pruvodci-svetem-ocni-optiky\/\",\"name\":\"Avenue Optik: Pr\u016fvodci sv\u011btem o\u010dn\u00ed optiky - CELEBRITYHOUSE.cz\",\"isPartOf\":{\"@id\":\"https:\/\/celebrityhouse.cz\/#website\"},\"datePublished\":\"2022-08-28T23:29:00+00:00\",\"dateModified\":\"2022-08-29T23:31:12+00:00\",\"breadcrumb\":{\"@id\":\"https:\/\/celebrityhouse.cz\/index.php\/2022\/08\/29\/avenue-optik-pruvodci-svetem-ocni-optiky\/#breadcrumb\"},\"inLanguage\":\"cs\",\"potentialAction\":[{\"@type\":\"ReadAction\",\"target\":[\"https:\/\/celebrityhouse.cz\/index.php\/2022\/08\/29\/avenue-optik-pruvodci-svetem-ocni-optiky\/\"]}]},{\"@type\":\"BreadcrumbList\",\"@id\":\"https:\/\/celebrityhouse.cz\/index.php\/2022\/08\/29\/avenue-optik-pruvodci-svetem-ocni-optiky\/#breadcrumb\",\"itemListElement\":[{\"@type\":\"ListItem\",\"position\":1,\"name\":\"Dom\u016f\",\"item\":\"https:\/\/celebrityhouse.cz\/\"},{\"@type\":\"ListItem\",\"position\":2,\"name\":\"Avenue Optik: Pr\u016fvodci sv\u011btem o\u010dn\u00ed optiky\"}]},{\"@type\":\"WebSite\",\"@id\":\"https:\/\/celebrityhouse.cz\/#website\",\"url\":\"https:\/\/celebrityhouse.cz\/\",\"name\":\"CELEBRITYHOUSE.cz\",\"description\":\"Port\u00e1l o showbyznysu...\",\"publisher\":{\"@id\":\"https:\/\/celebrityhouse.cz\/#organization\"},\"potentialAction\":[{\"@type\":\"SearchAction\",\"target\":{\"@type\":\"EntryPoint\",\"urlTemplate\":\"https:\/\/celebrityhouse.cz\/?s={search_term_string}\"},\"query-input\":\"required name=search_term_string\"}],\"inLanguage\":\"cs\"},{\"@type\":\"Organization\",\"@id\":\"https:\/\/celebrityhouse.cz\/#organization\",\"name\":\"CELEBRITYHOUSE.cz\",\"url\":\"https:\/\/celebrityhouse.cz\/\",\"logo\":{\"@type\":\"ImageObject\",\"inLanguage\":\"cs\",\"@id\":\"https:\/\/celebrityhouse.cz\/#\/schema\/logo\/image\/\",\"url\":\"https:\/\/celebrityhouse.cz\/wp-content\/uploads\/2024\/12\/cropped-Logo_CelebrityHouse_2.jpg\",\"contentUrl\":\"https:\/\/celebrityhouse.cz\/wp-content\/uploads\/2024\/12\/cropped-Logo_CelebrityHouse_2.jpg\",\"width\":937,\"height\":510,\"caption\":\"CELEBRITYHOUSE.cz\"},\"image\":{\"@id\":\"https:\/\/celebrityhouse.cz\/#\/schema\/logo\/image\/\"}},{\"@type\":\"Person\",\"@id\":\"https:\/\/celebrityhouse.cz\/#\/schema\/person\/d017015938d4512794986427eb23a2e9\",\"name\":\"Jolana Hol\u00e1\u0148ov\u00e1\",\"image\":{\"@type\":\"ImageObject\",\"inLanguage\":\"cs\",\"@id\":\"https:\/\/celebrityhouse.cz\/#\/schema\/person\/image\/\",\"url\":\"https:\/\/secure.gravatar.com\/avatar\/5863c504ed89cd419ff3a5e812c722ff?s=96&d=mm&r=g\",\"contentUrl\":\"https:\/\/secure.gravatar.com\/avatar\/5863c504ed89cd419ff3a5e812c722ff?s=96&d=mm&r=g\",\"caption\":\"Jolana Hol\u00e1\u0148ov\u00e1\"},\"sameAs\":[\"http:\/\/www.celebrityhouse.cz\"],\"url\":\"https:\/\/celebrityhouse.cz\/index.php\/author\/jolhol\/\"}]}<\/script>\n<!-- \/ Yoast SEO plugin. -->","yoast_head_json":{"title":"Avenue Optik: Pr\u016fvodci sv\u011btem o\u010dn\u00ed optiky - CELEBRITYHOUSE.cz","robots":{"index":"index","follow":"follow","max-snippet":"max-snippet:-1","max-image-preview":"max-image-preview:large","max-video-preview":"max-video-preview:-1"},"canonical":"https:\/\/celebrityhouse.cz\/index.php\/2022\/08\/29\/avenue-optik-pruvodci-svetem-ocni-optiky\/","og_locale":"cs_CZ","og_type":"article","og_title":"Avenue Optik: Pr\u016fvodci sv\u011btem o\u010dn\u00ed optiky - CELEBRITYHOUSE.cz","og_description":"Zdrav\u00ed o\u010d\u00ed ovliv\u0148uje n\u00e1\u0161 ka\u017edodenn\u00ed \u017eivot. Zhor\u0161en\u00e9 vid\u011bn\u00ed m\u016f\u017ee \u010dlov\u011bka nep\u0159\u00edjemn\u011b omezovat nejen v&nbsp;pracovn\u00edm, ale i v&nbsp;osobn\u00edm \u017eivot\u011b. N\u011bkte\u0159\u00ed lid\u00e9 poci\u0165uj\u00ed probl\u00e9my a\u017e s&nbsp;p\u0159ib\u00fdvaj\u00edc\u00edm v\u011bkem, jin\u00ed se s&nbsp;nimi pot\u00fdkaj\u00ed ji\u017e od \u00fatl\u00e9ho d\u011btstv\u00ed. D\u016fle\u017eitou&#46;&#46;&#46;","og_url":"https:\/\/celebrityhouse.cz\/index.php\/2022\/08\/29\/avenue-optik-pruvodci-svetem-ocni-optiky\/","og_site_name":"CELEBRITYHOUSE.cz","article_published_time":"2022-08-28T23:29:00+00:00","article_modified_time":"2022-08-29T23:31:12+00:00","og_image":[{"width":1386,"height":924,"url":"https:\/\/celebrityhouse.cz\/wp-content\/uploads\/2022\/08\/Avenue-Optik.jpg","type":"image\/jpeg"}],"author":"Jolana Hol\u00e1\u0148ov\u00e1","twitter_card":"summary_large_image","twitter_misc":{"Napsal(a)":"Jolana Hol\u00e1\u0148ov\u00e1","Odhadovan\u00e1 doba \u010dten\u00ed":"4 minuty"},"schema":{"@context":"https:\/\/schema.org","@graph":[{"@type":"Article","@id":"https:\/\/celebrityhouse.cz\/index.php\/2022\/08\/29\/avenue-optik-pruvodci-svetem-ocni-optiky\/#article","isPartOf":{"@id":"https:\/\/celebrityhouse.cz\/index.php\/2022\/08\/29\/avenue-optik-pruvodci-svetem-ocni-optiky\/"},"author":{"name":"Jolana Hol\u00e1\u0148ov\u00e1","@id":"https:\/\/celebrityhouse.cz\/#\/schema\/person\/d017015938d4512794986427eb23a2e9"},"headline":"Avenue Optik: Pr\u016fvodci sv\u011btem o\u010dn\u00ed optiky","datePublished":"2022-08-28T23:29:00+00:00","dateModified":"2022-08-29T23:31:12+00:00","mainEntityOfPage":{"@id":"https:\/\/celebrityhouse.cz\/index.php\/2022\/08\/29\/avenue-optik-pruvodci-svetem-ocni-optiky\/"},"wordCount":720,"publisher":{"@id":"https:\/\/celebrityhouse.cz\/#organization"},"articleSection":["LIFESTYLE","M\u00d3DN\u00cd V\u00ddST\u0158ELKY","NEWS","TIPY &amp; TRENDY"],"inLanguage":"cs"},{"@type":"WebPage","@id":"https:\/\/celebrityhouse.cz\/index.php\/2022\/08\/29\/avenue-optik-pruvodci-svetem-ocni-optiky\/","url":"https:\/\/celebrityhouse.cz\/index.php\/2022\/08\/29\/avenue-optik-pruvodci-svetem-ocni-optiky\/","name":"Avenue Optik: Pr\u016fvodci sv\u011btem o\u010dn\u00ed optiky - CELEBRITYHOUSE.cz","isPartOf":{"@id":"https:\/\/celebrityhouse.cz\/#website"},"datePublished":"2022-08-28T23:29:00+00:00","dateModified":"2022-08-29T23:31:12+00:00","breadcrumb":{"@id":"https:\/\/celebrityhouse.cz\/index.php\/2022\/08\/29\/avenue-optik-pruvodci-svetem-ocni-optiky\/#breadcrumb"},"inLanguage":"cs","potentialAction":[{"@type":"ReadAction","target":["https:\/\/celebrityhouse.cz\/index.php\/2022\/08\/29\/avenue-optik-pruvodci-svetem-ocni-optiky\/"]}]},{"@type":"BreadcrumbList","@id":"https:\/\/celebrityhouse.cz\/index.php\/2022\/08\/29\/avenue-optik-pruvodci-svetem-ocni-optiky\/#breadcrumb","itemListElement":[{"@type":"ListItem","position":1,"name":"Dom\u016f","item":"https:\/\/celebrityhouse.cz\/"},{"@type":"ListItem","position":2,"name":"Avenue Optik: Pr\u016fvodci sv\u011btem o\u010dn\u00ed optiky"}]},{"@type":"WebSite","@id":"https:\/\/celebrityhouse.cz\/#website","url":"https:\/\/celebrityhouse.cz\/","name":"CELEBRITYHOUSE.cz","description":"Port\u00e1l o showbyznysu...","publisher":{"@id":"https:\/\/celebrityhouse.cz\/#organization"},"potentialAction":[{"@type":"SearchAction","target":{"@type":"EntryPoint","urlTemplate":"https:\/\/celebrityhouse.cz\/?s={search_term_string}"},"query-input":"required name=search_term_string"}],"inLanguage":"cs"},{"@type":"Organization","@id":"https:\/\/celebrityhouse.cz\/#organization","name":"CELEBRITYHOUSE.cz","url":"https:\/\/celebrityhouse.cz\/","logo":{"@type":"ImageObject","inLanguage":"cs","@id":"https:\/\/celebrityhouse.cz\/#\/schema\/logo\/image\/","url":"https:\/\/celebrityhouse.cz\/wp-content\/uploads\/2024\/12\/cropped-Logo_CelebrityHouse_2.jpg","contentUrl":"https:\/\/celebrityhouse.cz\/wp-content\/uploads\/2024\/12\/cropped-Logo_CelebrityHouse_2.jpg","width":937,"height":510,"caption":"CELEBRITYHOUSE.cz"},"image":{"@id":"https:\/\/celebrityhouse.cz\/#\/schema\/logo\/image\/"}},{"@type":"Person","@id":"https:\/\/celebrityhouse.cz\/#\/schema\/person\/d017015938d4512794986427eb23a2e9","name":"Jolana Hol\u00e1\u0148ov\u00e1","image":{"@type":"ImageObject","inLanguage":"cs","@id":"https:\/\/celebrityhouse.cz\/#\/schema\/person\/image\/","url":"https:\/\/secure.gravatar.com\/avatar\/5863c504ed89cd419ff3a5e812c722ff?s=96&d=mm&r=g","contentUrl":"https:\/\/secure.gravatar.com\/avatar\/5863c504ed89cd419ff3a5e812c722ff?s=96&d=mm&r=g","caption":"Jolana Hol\u00e1\u0148ov\u00e1"},"sameAs":["http:\/\/www.celebrityhouse.cz"],"url":"https:\/\/celebrityhouse.cz\/index.php\/author\/jolhol\/"}]}},"_links":{"self":[{"href":"https:\/\/celebrityhouse.cz\/index.php\/wp-json\/wp\/v2\/posts\/5736"}],"collection":[{"href":"https:\/\/celebrityhouse.cz\/index.php\/wp-json\/wp\/v2\/posts"}],"about":[{"href":"https:\/\/celebrityhouse.cz\/index.php\/wp-json\/wp\/v2\/types\/post"}],"author":[{"embeddable":true,"href":"https:\/\/celebrityhouse.cz\/index.php\/wp-json\/wp\/v2\/users\/2"}],"replies":[{"embeddable":true,"href":"https:\/\/celebrityhouse.cz\/index.php\/wp-json\/wp\/v2\/comments?post=5736"}],"version-history":[{"count":1,"href":"https:\/\/celebrityhouse.cz\/index.php\/wp-json\/wp\/v2\/posts\/5736\/revisions"}],"predecessor-version":[{"id":5738,"href":"https:\/\/celebrityhouse.cz\/index.php\/wp-json\/wp\/v2\/posts\/5736\/revisions\/5738"}],"wp:featuredmedia":[{"embeddable":true,"href":"https:\/\/celebrityhouse.cz\/index.php\/wp-json\/wp\/v2\/media\/5737"}],"wp:attachment":[{"href":"https:\/\/celebrityhouse.cz\/index.php\/wp-json\/wp\/v2\/media?parent=5736"}],"wp:term":[{"taxonomy":"category","embeddable":true,"href":"https:\/\/celebrityhouse.cz\/index.php\/wp-json\/wp\/v2\/categories?post=5736"},{"taxonomy":"post_tag","embeddable":true,"href":"https:\/\/celebrityhouse.cz\/index.php\/wp-json\/wp\/v2\/tags?post=5736"}],"curies":[{"name":"wp","href":"https:\/\/api.w.org\/{rel}","templated":true}]}}