{"id":6117,"date":"2022-12-07T15:30:04","date_gmt":"2022-12-07T14:30:04","guid":{"rendered":"https:\/\/celebrityhouse.cz\/?p=6117"},"modified":"2022-12-07T15:31:39","modified_gmt":"2022-12-07T14:31:39","slug":"podcast-nova-ds-7-predstavena-v-palaci-lucerna","status":"publish","type":"post","link":"https:\/\/celebrityhouse.cz\/index.php\/2022\/12\/07\/podcast-nova-ds-7-predstavena-v-palaci-lucerna\/","title":{"rendered":"PODCAST: Nov\u00e1 DS 7 p\u0159edstavena v Pal\u00e1ci Lucerna"},"content":{"rendered":"\n<div style=\"height:40px\" aria-hidden=\"true\" class=\"wp-block-spacer\"><\/div>\n\n\n\n<p><strong>Minul\u00fd t\u00fdden se v&nbsp;Praze konalo novin\u00e1\u0159sk\u00e9 p\u0159edstaven\u00ed nov\u00e9ho modelu DS&nbsp;7 v&nbsp;prostor\u00e1ch Pal\u00e1ce Lucerna v&nbsp;r\u00e1mci Festivalu francouzsk\u00e9ho filmu. A&nbsp;tento n\u00e1dhern\u00fd automobilov\u00fd skvost v&nbsp;podob\u011b pr\u00e9miov\u00e9ho SUV si mohli prohl\u00e9dnout nejen novin\u00e1\u0159i, ale i v\u0161ichni p\u0159\u00edchoz\u00ed, ji\u017e dorazili zhl\u00e9dnout to nejlep\u0161\u00ed z&nbsp;francouzsk\u00e9 kinematografie.<\/strong><\/p>\n\n\n\n<figure class=\"wp-block-image size-large\"><img decoding=\"async\" src=\"https:\/\/luxurymagazine.cz\/wp-content\/uploads\/2022\/12\/20221128_174717-1024x768.jpg\" alt=\"\" class=\"wp-image-3097\"\/><\/figure>\n\n\n\n<p>P\u0159i t\u00e9to p\u0159\u00edle\u017eitosti jsme si na m\u00edst\u011b k&nbsp;mikrofonu pozvali z\u00e1stupkyn\u011b pr\u00e9miov\u00e9 francouzsk\u00e9 automobilky DS za \u010ceskou republiku, abychom je vyzpov\u00eddali a&nbsp;mohli p\u0159in\u00e9st zaj\u00edmav\u00e9 informace formou audio podcastu i pro v\u00e1s.<\/p>\n\n\n\n<p><strong>V n\u00e1sleduj\u00edc\u00edm podcastu v\u00e1m Martina Bedrnov\u00e1<\/strong>, marketingov\u00e1 \u0159editelka automobilky DS, a&nbsp;<strong>Kamila Amisov\u00e1<\/strong>, produktov\u00e1 mana\u017eerka zna\u010dky, v&nbsp;rozhovoru p\u0159ibl\u00ed\u017e\u00ed, pro\u010d byste si nov\u00fd model DS&nbsp;7 m\u011bli koupit i vy!<\/p>\n\n\n\n<div style=\"height:50px\" aria-hidden=\"true\" class=\"wp-block-spacer\"><\/div>\n\n\n\n<h4 class=\"wp-block-heading\">PODCAST: Nov\u00e1 DS 7 p\u0159edstavena v Pal\u00e1ci Lucerna<\/h4>\n\n\n\n<div style=\"height:40px\" aria-hidden=\"true\" class=\"wp-block-spacer\"><\/div>\n\n\n\n<figure class=\"wp-block-audio\"><audio controls src=\"https:\/\/podcasthouse.cz\/wp-content\/uploads\/2022\/12\/PODCAST_DS_7_Predstaveni_1.mp3\"><\/audio><\/figure>\n\n\n\n<div style=\"height:66px\" aria-hidden=\"true\" class=\"wp-block-spacer\"><\/div>\n\n\n\n<p>Nov\u00fd model DS&nbsp;7 si lze nyn\u00ed v&nbsp;\u010cR ji\u017e nejen objednat, ale rovnou i vyzkou\u0161et. Model DS&nbsp;7 je nyn\u00ed p\u0159ipraven k&nbsp;p\u0159edveden\u00ed z\u00e1kazn\u00edk\u016fm na <strong>DS STORE Praha<\/strong> a&nbsp;takt\u00e9\u017e u&nbsp;partner\u016f <strong>DS v&nbsp;Brn\u011b<\/strong> a&nbsp;<strong>Ostrav\u011b<\/strong>.<\/p>\n\n\n\n<figure class=\"wp-block-image size-large\"><img decoding=\"async\" src=\"https:\/\/luxurymagazine.cz\/wp-content\/uploads\/2022\/12\/20221128_162422-1024x768.jpg\" alt=\"\" class=\"wp-image-3099\"\/><\/figure>\n\n\n\n<p>Pr\u00e9miov\u00e9 SUV DS 7 p\u0159ich\u00e1z\u00ed s&nbsp;nov\u00fdm, dynami\u010dt\u011bj\u0161\u00edm designem a&nbsp;je vybaven modern\u00edmi technologiemi, jako nap\u0159\u00edklad nov\u00fdmi prvky infotainmentu \u010di sv\u011btly DS Light Veil nebo nejv\u00fdkonn\u011bj\u0161\u00edm plug-in hybridn\u00edm motorem o&nbsp;s\u00edle 360&nbsp;k a&nbsp;s&nbsp;pohonem v\u0161ech \u010dty\u0159 kol. Nav\u00edc prodejn\u00ed cena v&nbsp;\u010cR za\u010d\u00edn\u00e1 na 1&nbsp;100&nbsp;000&nbsp;K\u010d.<\/p>\n\n\n\n<figure class=\"wp-block-image size-large\"><img decoding=\"async\" src=\"https:\/\/luxurymagazine.cz\/wp-content\/uploads\/2022\/12\/20221128_174443-1024x768.jpg\" alt=\"\" class=\"wp-image-3100\"\/><\/figure>\n\n\n\n<p><strong>Dal\u0161\u00ed podrobnosti o tomto modelu, ale i dal\u0161\u00edch vozech zna\u010dky DS, najdete n<\/strong>a <strong><a href=\"http:\/\/www.DSautomobiles.cz\" data-type=\"URL\" data-id=\"www.DSautomobiles.cz\">www.DSautomobiles.cz<\/a><\/strong>.<\/p>\n\n\n\n<div style=\"height:22px\" aria-hidden=\"true\" class=\"wp-block-spacer\"><\/div>\n\n\n\n<figure class=\"wp-block-embed-youtube wp-block-embed is-type-video is-provider-youtube wp-embed-aspect-16-9 wp-has-aspect-ratio\"><div class=\"wp-block-embed__wrapper\">\n<div class=\"video-container\"><iframe loading=\"lazy\" title=\"NOV\u00c1 DS 7\" width=\"500\" height=\"281\" src=\"https:\/\/www.youtube.com\/embed\/ln2GFLwakqs?feature=oembed&#038;wmode=opaque\" frameborder=\"0\" allow=\"accelerometer; autoplay; clipboard-write; encrypted-media; gyroscope; picture-in-picture\" allowfullscreen><\/iframe><\/div>\n<\/div><\/figure>\n\n\n\n<div style=\"height:20px\" aria-hidden=\"true\" class=\"wp-block-spacer\"><\/div>\n\n\n\n<p><strong>V\u00edce informac\u00ed i fotografi\u00ed k&nbsp;nov\u00e9mu modelu DS&nbsp;7 v\u00e1m p\u0159ineseme je\u0161t\u011b tento t\u00fdden v&nbsp;dal\u0161\u00edm \u010dl\u00e1nku.<\/strong><\/p>\n\n\n\n<div style=\"height:40px\" aria-hidden=\"true\" class=\"wp-block-spacer\"><\/div>\n\n\n\n<figure class=\"wp-block-gallery columns-2 is-cropped wp-block-gallery-1 is-layout-flex wp-block-gallery-is-layout-flex\"><ul class=\"blocks-gallery-grid\"><li class=\"blocks-gallery-item\"><figure><img decoding=\"async\" src=\"https:\/\/podcasthouse.cz\/wp-content\/uploads\/2022\/12\/20221128_162445-768x1024.jpg\" alt=\"\" data-id=\"595\" data-full-url=\"https:\/\/podcasthouse.cz\/wp-content\/uploads\/2022\/12\/20221128_162445-rotated.jpg\" data-link=\"https:\/\/podcasthouse.cz\/?attachment_id=595\" class=\"wp-image-595\"\/><\/figure><\/li><li class=\"blocks-gallery-item\"><figure><img decoding=\"async\" src=\"https:\/\/podcasthouse.cz\/wp-content\/uploads\/2022\/12\/20221128_174443-1024x768.jpg\" alt=\"\" data-id=\"596\" data-full-url=\"https:\/\/podcasthouse.cz\/wp-content\/uploads\/2022\/12\/20221128_174443.jpg\" data-link=\"https:\/\/podcasthouse.cz\/?attachment_id=596\" class=\"wp-image-596\"\/><\/figure><\/li><li class=\"blocks-gallery-item\"><figure><img decoding=\"async\" src=\"https:\/\/podcasthouse.cz\/wp-content\/uploads\/2022\/12\/20221128_174717-1024x768.jpg\" alt=\"\" data-id=\"597\" data-full-url=\"https:\/\/podcasthouse.cz\/wp-content\/uploads\/2022\/12\/20221128_174717.jpg\" data-link=\"https:\/\/podcasthouse.cz\/?attachment_id=597\" class=\"wp-image-597\"\/><\/figure><\/li><li class=\"blocks-gallery-item\"><figure><img decoding=\"async\" src=\"https:\/\/podcasthouse.cz\/wp-content\/uploads\/2022\/12\/20221128_162422-1024x768.jpg\" alt=\"\" data-id=\"594\" data-full-url=\"https:\/\/podcasthouse.cz\/wp-content\/uploads\/2022\/12\/20221128_162422.jpg\" data-link=\"https:\/\/podcasthouse.cz\/?attachment_id=594\" class=\"wp-image-594\"\/><\/figure><\/li><\/ul><\/figure>\n\n\n\n<p><strong>Zdroj foto: <\/strong>DS Automobiles<\/p>\n\n\n\n<div style=\"height:38px\" aria-hidden=\"true\" class=\"wp-block-spacer\"><\/div>\n","protected":false},"excerpt":{"rendered":"<p>Minul\u00fd t\u00fdden se v&nbsp;Praze konalo novin\u00e1\u0159sk\u00e9 p\u0159edstaven\u00ed nov\u00e9ho modelu DS&nbsp;7 v&nbsp;prostor\u00e1ch Pal\u00e1ce Lucerna v&nbsp;r\u00e1mci Festivalu francouzsk\u00e9ho filmu. A&nbsp;tento n\u00e1dhern\u00fd automobilov\u00fd skvost v&nbsp;podob\u011b pr\u00e9miov\u00e9ho SUV si mohli prohl\u00e9dnout nejen novin\u00e1\u0159i, ale i v\u0161ichni p\u0159\u00edchoz\u00ed, ji\u017e&#46;&#46;&#46;<\/p>\n","protected":false},"author":1,"featured_media":6118,"comment_status":"closed","ping_status":"closed","sticky":false,"template":"","format":"standard","meta":{"_monsterinsights_skip_tracking":false,"_monsterinsights_sitenote_active":false,"_monsterinsights_sitenote_note":"","_monsterinsights_sitenote_category":0,"footnotes":""},"categories":[19,13,18,2,7,10],"tags":[],"yoast_head":"<!-- This site is optimized with the Yoast SEO plugin v21.5 - https:\/\/yoast.com\/wordpress\/plugins\/seo\/ -->\n<title>PODCAST: Nov\u00e1 DS 7 p\u0159edstavena v Pal\u00e1ci Lucerna - CELEBRITYHOUSE.cz<\/title>\n<meta name=\"robots\" content=\"index, follow, max-snippet:-1, max-image-preview:large, max-video-preview:-1\" \/>\n<link rel=\"canonical\" href=\"https:\/\/celebrityhouse.cz\/index.php\/2022\/12\/07\/podcast-nova-ds-7-predstavena-v-palaci-lucerna\/\" \/>\n<meta property=\"og:locale\" content=\"cs_CZ\" \/>\n<meta property=\"og:type\" content=\"article\" \/>\n<meta property=\"og:title\" content=\"PODCAST: Nov\u00e1 DS 7 p\u0159edstavena v Pal\u00e1ci Lucerna - CELEBRITYHOUSE.cz\" \/>\n<meta property=\"og:description\" content=\"Minul\u00fd t\u00fdden se v&nbsp;Praze konalo novin\u00e1\u0159sk\u00e9 p\u0159edstaven\u00ed nov\u00e9ho modelu DS&nbsp;7 v&nbsp;prostor\u00e1ch Pal\u00e1ce Lucerna v&nbsp;r\u00e1mci Festivalu francouzsk\u00e9ho filmu. A&nbsp;tento n\u00e1dhern\u00fd automobilov\u00fd skvost v&nbsp;podob\u011b pr\u00e9miov\u00e9ho SUV si mohli prohl\u00e9dnout nejen novin\u00e1\u0159i, ale i v\u0161ichni p\u0159\u00edchoz\u00ed, ji\u017e&#046;&#046;&#046;\" \/>\n<meta property=\"og:url\" content=\"https:\/\/celebrityhouse.cz\/index.php\/2022\/12\/07\/podcast-nova-ds-7-predstavena-v-palaci-lucerna\/\" \/>\n<meta property=\"og:site_name\" content=\"CELEBRITYHOUSE.cz\" \/>\n<meta property=\"article:published_time\" content=\"2022-12-07T14:30:04+00:00\" \/>\n<meta property=\"article:modified_time\" content=\"2022-12-07T14:31:39+00:00\" \/>\n<meta property=\"og:image\" content=\"https:\/\/celebrityhouse.cz\/wp-content\/uploads\/2022\/12\/20221128_174717.jpg\" \/>\n\t<meta property=\"og:image:width\" content=\"2016\" \/>\n\t<meta property=\"og:image:height\" content=\"1512\" \/>\n\t<meta property=\"og:image:type\" content=\"image\/jpeg\" \/>\n<meta name=\"author\" content=\"Ivomik\" \/>\n<meta name=\"twitter:card\" content=\"summary_large_image\" \/>\n<meta name=\"twitter:label1\" content=\"Napsal(a)\" \/>\n\t<meta name=\"twitter:data1\" content=\"Ivomik\" \/>\n\t<meta name=\"twitter:label2\" content=\"Odhadovan\u00e1 doba \u010dten\u00ed\" \/>\n\t<meta name=\"twitter:data2\" content=\"2 minuty\" \/>\n<script type=\"application\/ld+json\" class=\"yoast-schema-graph\">{\"@context\":\"https:\/\/schema.org\",\"@graph\":[{\"@type\":\"Article\",\"@id\":\"https:\/\/celebrityhouse.cz\/index.php\/2022\/12\/07\/podcast-nova-ds-7-predstavena-v-palaci-lucerna\/#article\",\"isPartOf\":{\"@id\":\"https:\/\/celebrityhouse.cz\/index.php\/2022\/12\/07\/podcast-nova-ds-7-predstavena-v-palaci-lucerna\/\"},\"author\":{\"name\":\"Ivomik\",\"@id\":\"https:\/\/celebrityhouse.cz\/#\/schema\/person\/e56175be839ff28d67accd2c9d44d8e9\"},\"headline\":\"PODCAST: Nov\u00e1 DS 7 p\u0159edstavena v Pal\u00e1ci Lucerna\",\"datePublished\":\"2022-12-07T14:30:04+00:00\",\"dateModified\":\"2022-12-07T14:31:39+00:00\",\"mainEntityOfPage\":{\"@id\":\"https:\/\/celebrityhouse.cz\/index.php\/2022\/12\/07\/podcast-nova-ds-7-predstavena-v-palaci-lucerna\/\"},\"wordCount\":351,\"publisher\":{\"@id\":\"https:\/\/celebrityhouse.cz\/#organization\"},\"articleSection\":[\"AKCE\",\"FOTOREPORTY\",\"LIFESTYLE\",\"NEWS\",\"ROZHOVORY &amp; PODCASTY\",\"TIPY &amp; TRENDY\"],\"inLanguage\":\"cs\"},{\"@type\":\"WebPage\",\"@id\":\"https:\/\/celebrityhouse.cz\/index.php\/2022\/12\/07\/podcast-nova-ds-7-predstavena-v-palaci-lucerna\/\",\"url\":\"https:\/\/celebrityhouse.cz\/index.php\/2022\/12\/07\/podcast-nova-ds-7-predstavena-v-palaci-lucerna\/\",\"name\":\"PODCAST: Nov\u00e1 DS 7 p\u0159edstavena v Pal\u00e1ci Lucerna - CELEBRITYHOUSE.cz\",\"isPartOf\":{\"@id\":\"https:\/\/celebrityhouse.cz\/#website\"},\"datePublished\":\"2022-12-07T14:30:04+00:00\",\"dateModified\":\"2022-12-07T14:31:39+00:00\",\"breadcrumb\":{\"@id\":\"https:\/\/celebrityhouse.cz\/index.php\/2022\/12\/07\/podcast-nova-ds-7-predstavena-v-palaci-lucerna\/#breadcrumb\"},\"inLanguage\":\"cs\",\"potentialAction\":[{\"@type\":\"ReadAction\",\"target\":[\"https:\/\/celebrityhouse.cz\/index.php\/2022\/12\/07\/podcast-nova-ds-7-predstavena-v-palaci-lucerna\/\"]}]},{\"@type\":\"BreadcrumbList\",\"@id\":\"https:\/\/celebrityhouse.cz\/index.php\/2022\/12\/07\/podcast-nova-ds-7-predstavena-v-palaci-lucerna\/#breadcrumb\",\"itemListElement\":[{\"@type\":\"ListItem\",\"position\":1,\"name\":\"Dom\u016f\",\"item\":\"https:\/\/celebrityhouse.cz\/\"},{\"@type\":\"ListItem\",\"position\":2,\"name\":\"PODCAST: Nov\u00e1 DS 7 p\u0159edstavena v Pal\u00e1ci Lucerna\"}]},{\"@type\":\"WebSite\",\"@id\":\"https:\/\/celebrityhouse.cz\/#website\",\"url\":\"https:\/\/celebrityhouse.cz\/\",\"name\":\"CELEBRITYHOUSE.cz\",\"description\":\"Port\u00e1l o showbyznysu...\",\"publisher\":{\"@id\":\"https:\/\/celebrityhouse.cz\/#organization\"},\"potentialAction\":[{\"@type\":\"SearchAction\",\"target\":{\"@type\":\"EntryPoint\",\"urlTemplate\":\"https:\/\/celebrityhouse.cz\/?s={search_term_string}\"},\"query-input\":\"required name=search_term_string\"}],\"inLanguage\":\"cs\"},{\"@type\":\"Organization\",\"@id\":\"https:\/\/celebrityhouse.cz\/#organization\",\"name\":\"CELEBRITYHOUSE.cz\",\"url\":\"https:\/\/celebrityhouse.cz\/\",\"logo\":{\"@type\":\"ImageObject\",\"inLanguage\":\"cs\",\"@id\":\"https:\/\/celebrityhouse.cz\/#\/schema\/logo\/image\/\",\"url\":\"https:\/\/celebrityhouse.cz\/wp-content\/uploads\/2024\/12\/cropped-Logo_CelebrityHouse_2.jpg\",\"contentUrl\":\"https:\/\/celebrityhouse.cz\/wp-content\/uploads\/2024\/12\/cropped-Logo_CelebrityHouse_2.jpg\",\"width\":937,\"height\":510,\"caption\":\"CELEBRITYHOUSE.cz\"},\"image\":{\"@id\":\"https:\/\/celebrityhouse.cz\/#\/schema\/logo\/image\/\"}},{\"@type\":\"Person\",\"@id\":\"https:\/\/celebrityhouse.cz\/#\/schema\/person\/e56175be839ff28d67accd2c9d44d8e9\",\"name\":\"Ivomik\",\"image\":{\"@type\":\"ImageObject\",\"inLanguage\":\"cs\",\"@id\":\"https:\/\/celebrityhouse.cz\/#\/schema\/person\/image\/\",\"url\":\"https:\/\/secure.gravatar.com\/avatar\/1c8a35f186d8baabb0513b2bdd8e53cd?s=96&d=mm&r=g\",\"contentUrl\":\"https:\/\/secure.gravatar.com\/avatar\/1c8a35f186d8baabb0513b2bdd8e53cd?s=96&d=mm&r=g\",\"caption\":\"Ivomik\"},\"url\":\"https:\/\/celebrityhouse.cz\/index.php\/author\/ivomik\/\"}]}<\/script>\n<!-- \/ Yoast SEO plugin. -->","yoast_head_json":{"title":"PODCAST: Nov\u00e1 DS 7 p\u0159edstavena v Pal\u00e1ci Lucerna - CELEBRITYHOUSE.cz","robots":{"index":"index","follow":"follow","max-snippet":"max-snippet:-1","max-image-preview":"max-image-preview:large","max-video-preview":"max-video-preview:-1"},"canonical":"https:\/\/celebrityhouse.cz\/index.php\/2022\/12\/07\/podcast-nova-ds-7-predstavena-v-palaci-lucerna\/","og_locale":"cs_CZ","og_type":"article","og_title":"PODCAST: Nov\u00e1 DS 7 p\u0159edstavena v Pal\u00e1ci Lucerna - CELEBRITYHOUSE.cz","og_description":"Minul\u00fd t\u00fdden se v&nbsp;Praze konalo novin\u00e1\u0159sk\u00e9 p\u0159edstaven\u00ed nov\u00e9ho modelu DS&nbsp;7 v&nbsp;prostor\u00e1ch Pal\u00e1ce Lucerna v&nbsp;r\u00e1mci Festivalu francouzsk\u00e9ho filmu. A&nbsp;tento n\u00e1dhern\u00fd automobilov\u00fd skvost v&nbsp;podob\u011b pr\u00e9miov\u00e9ho SUV si mohli prohl\u00e9dnout nejen novin\u00e1\u0159i, ale i v\u0161ichni p\u0159\u00edchoz\u00ed, ji\u017e&#46;&#46;&#46;","og_url":"https:\/\/celebrityhouse.cz\/index.php\/2022\/12\/07\/podcast-nova-ds-7-predstavena-v-palaci-lucerna\/","og_site_name":"CELEBRITYHOUSE.cz","article_published_time":"2022-12-07T14:30:04+00:00","article_modified_time":"2022-12-07T14:31:39+00:00","og_image":[{"width":2016,"height":1512,"url":"https:\/\/celebrityhouse.cz\/wp-content\/uploads\/2022\/12\/20221128_174717.jpg","type":"image\/jpeg"}],"author":"Ivomik","twitter_card":"summary_large_image","twitter_misc":{"Napsal(a)":"Ivomik","Odhadovan\u00e1 doba \u010dten\u00ed":"2 minuty"},"schema":{"@context":"https:\/\/schema.org","@graph":[{"@type":"Article","@id":"https:\/\/celebrityhouse.cz\/index.php\/2022\/12\/07\/podcast-nova-ds-7-predstavena-v-palaci-lucerna\/#article","isPartOf":{"@id":"https:\/\/celebrityhouse.cz\/index.php\/2022\/12\/07\/podcast-nova-ds-7-predstavena-v-palaci-lucerna\/"},"author":{"name":"Ivomik","@id":"https:\/\/celebrityhouse.cz\/#\/schema\/person\/e56175be839ff28d67accd2c9d44d8e9"},"headline":"PODCAST: Nov\u00e1 DS 7 p\u0159edstavena v Pal\u00e1ci Lucerna","datePublished":"2022-12-07T14:30:04+00:00","dateModified":"2022-12-07T14:31:39+00:00","mainEntityOfPage":{"@id":"https:\/\/celebrityhouse.cz\/index.php\/2022\/12\/07\/podcast-nova-ds-7-predstavena-v-palaci-lucerna\/"},"wordCount":351,"publisher":{"@id":"https:\/\/celebrityhouse.cz\/#organization"},"articleSection":["AKCE","FOTOREPORTY","LIFESTYLE","NEWS","ROZHOVORY &amp; PODCASTY","TIPY &amp; TRENDY"],"inLanguage":"cs"},{"@type":"WebPage","@id":"https:\/\/celebrityhouse.cz\/index.php\/2022\/12\/07\/podcast-nova-ds-7-predstavena-v-palaci-lucerna\/","url":"https:\/\/celebrityhouse.cz\/index.php\/2022\/12\/07\/podcast-nova-ds-7-predstavena-v-palaci-lucerna\/","name":"PODCAST: Nov\u00e1 DS 7 p\u0159edstavena v Pal\u00e1ci Lucerna - CELEBRITYHOUSE.cz","isPartOf":{"@id":"https:\/\/celebrityhouse.cz\/#website"},"datePublished":"2022-12-07T14:30:04+00:00","dateModified":"2022-12-07T14:31:39+00:00","breadcrumb":{"@id":"https:\/\/celebrityhouse.cz\/index.php\/2022\/12\/07\/podcast-nova-ds-7-predstavena-v-palaci-lucerna\/#breadcrumb"},"inLanguage":"cs","potentialAction":[{"@type":"ReadAction","target":["https:\/\/celebrityhouse.cz\/index.php\/2022\/12\/07\/podcast-nova-ds-7-predstavena-v-palaci-lucerna\/"]}]},{"@type":"BreadcrumbList","@id":"https:\/\/celebrityhouse.cz\/index.php\/2022\/12\/07\/podcast-nova-ds-7-predstavena-v-palaci-lucerna\/#breadcrumb","itemListElement":[{"@type":"ListItem","position":1,"name":"Dom\u016f","item":"https:\/\/celebrityhouse.cz\/"},{"@type":"ListItem","position":2,"name":"PODCAST: Nov\u00e1 DS 7 p\u0159edstavena v Pal\u00e1ci Lucerna"}]},{"@type":"WebSite","@id":"https:\/\/celebrityhouse.cz\/#website","url":"https:\/\/celebrityhouse.cz\/","name":"CELEBRITYHOUSE.cz","description":"Port\u00e1l o showbyznysu...","publisher":{"@id":"https:\/\/celebrityhouse.cz\/#organization"},"potentialAction":[{"@type":"SearchAction","target":{"@type":"EntryPoint","urlTemplate":"https:\/\/celebrityhouse.cz\/?s={search_term_string}"},"query-input":"required name=search_term_string"}],"inLanguage":"cs"},{"@type":"Organization","@id":"https:\/\/celebrityhouse.cz\/#organization","name":"CELEBRITYHOUSE.cz","url":"https:\/\/celebrityhouse.cz\/","logo":{"@type":"ImageObject","inLanguage":"cs","@id":"https:\/\/celebrityhouse.cz\/#\/schema\/logo\/image\/","url":"https:\/\/celebrityhouse.cz\/wp-content\/uploads\/2024\/12\/cropped-Logo_CelebrityHouse_2.jpg","contentUrl":"https:\/\/celebrityhouse.cz\/wp-content\/uploads\/2024\/12\/cropped-Logo_CelebrityHouse_2.jpg","width":937,"height":510,"caption":"CELEBRITYHOUSE.cz"},"image":{"@id":"https:\/\/celebrityhouse.cz\/#\/schema\/logo\/image\/"}},{"@type":"Person","@id":"https:\/\/celebrityhouse.cz\/#\/schema\/person\/e56175be839ff28d67accd2c9d44d8e9","name":"Ivomik","image":{"@type":"ImageObject","inLanguage":"cs","@id":"https:\/\/celebrityhouse.cz\/#\/schema\/person\/image\/","url":"https:\/\/secure.gravatar.com\/avatar\/1c8a35f186d8baabb0513b2bdd8e53cd?s=96&d=mm&r=g","contentUrl":"https:\/\/secure.gravatar.com\/avatar\/1c8a35f186d8baabb0513b2bdd8e53cd?s=96&d=mm&r=g","caption":"Ivomik"},"url":"https:\/\/celebrityhouse.cz\/index.php\/author\/ivomik\/"}]}},"_links":{"self":[{"href":"https:\/\/celebrityhouse.cz\/index.php\/wp-json\/wp\/v2\/posts\/6117"}],"collection":[{"href":"https:\/\/celebrityhouse.cz\/index.php\/wp-json\/wp\/v2\/posts"}],"about":[{"href":"https:\/\/celebrityhouse.cz\/index.php\/wp-json\/wp\/v2\/types\/post"}],"author":[{"embeddable":true,"href":"https:\/\/celebrityhouse.cz\/index.php\/wp-json\/wp\/v2\/users\/1"}],"replies":[{"embeddable":true,"href":"https:\/\/celebrityhouse.cz\/index.php\/wp-json\/wp\/v2\/comments?post=6117"}],"version-history":[{"count":1,"href":"https:\/\/celebrityhouse.cz\/index.php\/wp-json\/wp\/v2\/posts\/6117\/revisions"}],"predecessor-version":[{"id":6119,"href":"https:\/\/celebrityhouse.cz\/index.php\/wp-json\/wp\/v2\/posts\/6117\/revisions\/6119"}],"wp:featuredmedia":[{"embeddable":true,"href":"https:\/\/celebrityhouse.cz\/index.php\/wp-json\/wp\/v2\/media\/6118"}],"wp:attachment":[{"href":"https:\/\/celebrityhouse.cz\/index.php\/wp-json\/wp\/v2\/media?parent=6117"}],"wp:term":[{"taxonomy":"category","embeddable":true,"href":"https:\/\/celebrityhouse.cz\/index.php\/wp-json\/wp\/v2\/categories?post=6117"},{"taxonomy":"post_tag","embeddable":true,"href":"https:\/\/celebrityhouse.cz\/index.php\/wp-json\/wp\/v2\/tags?post=6117"}],"curies":[{"name":"wp","href":"https:\/\/api.w.org\/{rel}","templated":true}]}}