{"id":6222,"date":"2023-01-05T00:46:00","date_gmt":"2023-01-04T23:46:00","guid":{"rendered":"https:\/\/celebrityhouse.cz\/?p=6222"},"modified":"2023-01-06T01:00:40","modified_gmt":"2023-01-06T00:00:40","slug":"asterix-a-obelix-s-hlasy-michala-suchanka-a-michala-novotneho-miri-za-dobrodruzstvim-do-rise-stredu","status":"publish","type":"post","link":"https:\/\/celebrityhouse.cz\/index.php\/2023\/01\/05\/asterix-a-obelix-s-hlasy-michala-suchanka-a-michala-novotneho-miri-za-dobrodruzstvim-do-rise-stredu\/","title":{"rendered":"Asterix a Obelix s hlasy Michala Such\u00e1nka a Michala Novotn\u00e9ho m\u00ed\u0159\u00ed za dobrodru\u017estv\u00edm do \u0158\u00ed\u0161e st\u0159edu"},"content":{"rendered":"\n<div style=\"height:43px\" aria-hidden=\"true\" class=\"wp-block-spacer\"><\/div>\n\n\n\n<p><strong>Po v\u00edce ne\u017e 10 letech se vracej\u00ed hran\u00ed Asterix a Obelix na pl\u00e1tna kin v\u00a0p\u00e1t\u00e9m celove\u010dern\u00edm sn\u00edmku. Tentokr\u00e1t se vyd\u00e1vaj\u00ed a\u017e do dalek\u00e9 \u010c\u00edny, kde dvojice nerozlu\u010dn\u00fdch Gal\u016f zachra\u0148uje c\u00edsa\u0159ovnu i celou zemi.<\/strong><\/p>\n\n\n\n<div class=\"wp-block-image\"><figure class=\"aligncenter size-large\"><img loading=\"lazy\" decoding=\"async\" width=\"1024\" height=\"615\" src=\"https:\/\/celebrityhouse.cz\/wp-content\/uploads\/2023\/01\/Asterix-a-Obelix_Rise-stredu_finalni-plakat_1413x2000_TTL-1024x615.jpg\" alt=\"\" class=\"wp-image-6223\" srcset=\"https:\/\/celebrityhouse.cz\/wp-content\/uploads\/2023\/01\/Asterix-a-Obelix_Rise-stredu_finalni-plakat_1413x2000_TTL-1024x615.jpg 1024w, https:\/\/celebrityhouse.cz\/wp-content\/uploads\/2023\/01\/Asterix-a-Obelix_Rise-stredu_finalni-plakat_1413x2000_TTL-300x180.jpg 300w, https:\/\/celebrityhouse.cz\/wp-content\/uploads\/2023\/01\/Asterix-a-Obelix_Rise-stredu_finalni-plakat_1413x2000_TTL-768x461.jpg 768w, https:\/\/celebrityhouse.cz\/wp-content\/uploads\/2023\/01\/Asterix-a-Obelix_Rise-stredu_finalni-plakat_1413x2000_TTL.jpg 1413w\" sizes=\"(max-width: 1024px) 100vw, 1024px\" \/><\/figure><\/div>\n\n\n\n<p>Nov\u00e9 hereck\u00e9 obsazen\u00ed sn\u00edmku si vy\u017e\u00e1dalo i nov\u00fd \u010desk\u00fd dabing. Tuzem\u0161t\u00ed div\u00e1ci tak poprv\u00e9 jako Asterixe usly\u0161\u00ed <strong>Michala Such\u00e1nka<\/strong> a jako Obelixe <strong>Michala Novotn\u00e9ho<\/strong>. Jako Julius Caesar promluv\u00ed <strong>Martin Str\u00e1nsk\u00fd<\/strong> a jednu z\u00a0nov\u00fdch hlavn\u00edch rol\u00ed Popkornise nadaboval <strong>Jakub Koh\u00e1k<\/strong>.<\/p>\n\n\n\n<div class=\"wp-block-image\"><figure class=\"aligncenter size-large is-resized\"><img loading=\"lazy\" decoding=\"async\" src=\"https:\/\/celebrityhouse.cz\/wp-content\/uploads\/2023\/01\/Asterix-a-Obelix_Rise-stredu_finalni-plakat_1413x2000-723x1024.jpg\" alt=\"\" class=\"wp-image-6224\" width=\"792\" height=\"1122\" srcset=\"https:\/\/celebrityhouse.cz\/wp-content\/uploads\/2023\/01\/Asterix-a-Obelix_Rise-stredu_finalni-plakat_1413x2000-723x1024.jpg 723w, https:\/\/celebrityhouse.cz\/wp-content\/uploads\/2023\/01\/Asterix-a-Obelix_Rise-stredu_finalni-plakat_1413x2000-212x300.jpg 212w, https:\/\/celebrityhouse.cz\/wp-content\/uploads\/2023\/01\/Asterix-a-Obelix_Rise-stredu_finalni-plakat_1413x2000-768x1087.jpg 768w, https:\/\/celebrityhouse.cz\/wp-content\/uploads\/2023\/01\/Asterix-a-Obelix_Rise-stredu_finalni-plakat_1413x2000-1085x1536.jpg 1085w, https:\/\/celebrityhouse.cz\/wp-content\/uploads\/2023\/01\/Asterix-a-Obelix_Rise-stredu_finalni-plakat_1413x2000.jpg 1413w\" sizes=\"(max-width: 792px) 100vw, 792px\" \/><\/figure><\/div>\n\n\n\n<h3 class=\"wp-block-heading\"><strong>Synopse:<\/strong><\/h3>\n\n\n\n<p>P\u00ed\u0161e se rok 50 p\u0159. n. l. Proradn\u00fd princ Deng Tsin Ruin pr\u00e1v\u011b nechal uv\u011bznit \u010d\u00ednskou c\u00edsa\u0159ovnu. Jeho jedinou touhou je ovl\u00e1dnut\u00ed \u0159\u00ed\u0161e.<\/p>\n\n\n\n<p>Princezna Sass-Yi prch\u00e1 do Galie, kde po\u017e\u00e1d\u00e1 o pomoc udatn\u00e9 v\u00e1le\u010dn\u00edky, Asterixe a Obelixe, kte\u0159\u00ed jsou d\u00edky sv\u00e9mu kouzeln\u00e9mu lektvaru obda\u0159eni nadlidskou silou.<\/p>\n\n\n\n<p>Na\u0161i dva nerozlu\u010dn\u00ed hrdinov\u00e9 se s princeznou vyd\u00e1vaj\u00ed na dobrodru\u017enou v\u00fdpravu za z\u00e1chranou c\u00edsa\u0159ovny i cel\u00e9 \u010c\u00edny\u2026<\/p>\n\n\n\n<p>Re\u017eii p\u00e1t\u00e9ho dobrodru\u017estv\u00ed dvou nezdoln\u00fdch Gal\u016f dostal na starost Guillaume Canet, kter\u00fd se sou\u010dasn\u011b ujal i role Asterixe. Jeho nemotorn\u00e9ho p\u0159\u00edtele Obelixe tentokr\u00e1t ztv\u00e1rnil Gilles Lellouche.<\/p>\n\n\n\n<p><strong>Do \u010desk\u00fdch kin sn\u00edmek doraz\u00ed 2. 2. 2023.<\/strong> Distributorem je spole\u010dnost Bioscop.<\/p>\n\n\n\n<div style=\"height:40px\" aria-hidden=\"true\" class=\"wp-block-spacer\"><\/div>\n\n\n\n<figure class=\"wp-block-embed-youtube wp-block-embed is-type-video is-provider-youtube wp-embed-aspect-16-9 wp-has-aspect-ratio\"><div class=\"wp-block-embed__wrapper\">\n<div class=\"video-container\"><iframe loading=\"lazy\" title=\"Asterix a Obelix: \u0158\u00ed\u0161e st\u0159edu (2023) HD Trailer CZ Dabing\" width=\"500\" height=\"281\" src=\"https:\/\/www.youtube.com\/embed\/9DytmFcz-o8?feature=oembed&#038;wmode=opaque\" frameborder=\"0\" allow=\"accelerometer; autoplay; clipboard-write; encrypted-media; gyroscope; picture-in-picture; web-share\" allowfullscreen><\/iframe><\/div>\n<\/div><\/figure>\n\n\n\n<p><strong>Zdroj foto a video:<\/strong> Bioscop<\/p>\n\n\n\n<div style=\"height:100px\" aria-hidden=\"true\" class=\"wp-block-spacer\"><\/div>\n","protected":false},"excerpt":{"rendered":"<p>Po v\u00edce ne\u017e 10 letech se vracej\u00ed hran\u00ed Asterix a Obelix na pl\u00e1tna kin v\u00a0p\u00e1t\u00e9m celove\u010dern\u00edm sn\u00edmku. Tentokr\u00e1t se vyd\u00e1vaj\u00ed a\u017e do dalek\u00e9 \u010c\u00edny, kde dvojice nerozlu\u010dn\u00fdch Gal\u016f zachra\u0148uje c\u00edsa\u0159ovnu i celou zemi. Nov\u00e9&#46;&#46;&#46;<\/p>\n","protected":false},"author":2,"featured_media":6223,"comment_status":"closed","ping_status":"closed","sticky":false,"template":"","format":"standard","meta":{"_monsterinsights_skip_tracking":false,"_monsterinsights_sitenote_active":false,"_monsterinsights_sitenote_note":"","_monsterinsights_sitenote_category":0,"footnotes":""},"categories":[3,6,2,12,8],"tags":[],"yoast_head":"<!-- This site is optimized with the Yoast SEO plugin v21.5 - https:\/\/yoast.com\/wordpress\/plugins\/seo\/ -->\n<title>Asterix a Obelix s hlasy Michala Such\u00e1nka a Michala Novotn\u00e9ho m\u00ed\u0159\u00ed za dobrodru\u017estv\u00edm do \u0158\u00ed\u0161e st\u0159edu - CELEBRITYHOUSE.cz<\/title>\n<meta name=\"robots\" content=\"index, follow, max-snippet:-1, max-image-preview:large, max-video-preview:-1\" \/>\n<link rel=\"canonical\" href=\"https:\/\/celebrityhouse.cz\/index.php\/2023\/01\/05\/asterix-a-obelix-s-hlasy-michala-suchanka-a-michala-novotneho-miri-za-dobrodruzstvim-do-rise-stredu\/\" \/>\n<meta property=\"og:locale\" content=\"cs_CZ\" \/>\n<meta property=\"og:type\" content=\"article\" \/>\n<meta property=\"og:title\" content=\"Asterix a Obelix s hlasy Michala Such\u00e1nka a Michala Novotn\u00e9ho m\u00ed\u0159\u00ed za dobrodru\u017estv\u00edm do \u0158\u00ed\u0161e st\u0159edu - CELEBRITYHOUSE.cz\" \/>\n<meta property=\"og:description\" content=\"Po v\u00edce ne\u017e 10 letech se vracej\u00ed hran\u00ed Asterix a Obelix na pl\u00e1tna kin v\u00a0p\u00e1t\u00e9m celove\u010dern\u00edm sn\u00edmku. Tentokr\u00e1t se vyd\u00e1vaj\u00ed a\u017e do dalek\u00e9 \u010c\u00edny, kde dvojice nerozlu\u010dn\u00fdch Gal\u016f zachra\u0148uje c\u00edsa\u0159ovnu i celou zemi. Nov\u00e9&#046;&#046;&#046;\" \/>\n<meta property=\"og:url\" content=\"https:\/\/celebrityhouse.cz\/index.php\/2023\/01\/05\/asterix-a-obelix-s-hlasy-michala-suchanka-a-michala-novotneho-miri-za-dobrodruzstvim-do-rise-stredu\/\" \/>\n<meta property=\"og:site_name\" content=\"CELEBRITYHOUSE.cz\" \/>\n<meta property=\"article:published_time\" content=\"2023-01-04T23:46:00+00:00\" \/>\n<meta property=\"article:modified_time\" content=\"2023-01-06T00:00:40+00:00\" \/>\n<meta property=\"og:image\" content=\"https:\/\/celebrityhouse.cz\/wp-content\/uploads\/2023\/01\/Asterix-a-Obelix_Rise-stredu_finalni-plakat_1413x2000_TTL.jpg\" \/>\n\t<meta property=\"og:image:width\" content=\"1413\" \/>\n\t<meta property=\"og:image:height\" content=\"849\" \/>\n\t<meta property=\"og:image:type\" content=\"image\/jpeg\" \/>\n<meta name=\"author\" content=\"Jolana Hol\u00e1\u0148ov\u00e1\" \/>\n<meta name=\"twitter:card\" content=\"summary_large_image\" \/>\n<meta name=\"twitter:label1\" content=\"Napsal(a)\" \/>\n\t<meta name=\"twitter:data1\" content=\"Jolana Hol\u00e1\u0148ov\u00e1\" \/>\n\t<meta name=\"twitter:label2\" content=\"Odhadovan\u00e1 doba \u010dten\u00ed\" \/>\n\t<meta name=\"twitter:data2\" content=\"1 minuta\" \/>\n<script type=\"application\/ld+json\" class=\"yoast-schema-graph\">{\"@context\":\"https:\/\/schema.org\",\"@graph\":[{\"@type\":\"Article\",\"@id\":\"https:\/\/celebrityhouse.cz\/index.php\/2023\/01\/05\/asterix-a-obelix-s-hlasy-michala-suchanka-a-michala-novotneho-miri-za-dobrodruzstvim-do-rise-stredu\/#article\",\"isPartOf\":{\"@id\":\"https:\/\/celebrityhouse.cz\/index.php\/2023\/01\/05\/asterix-a-obelix-s-hlasy-michala-suchanka-a-michala-novotneho-miri-za-dobrodruzstvim-do-rise-stredu\/\"},\"author\":{\"name\":\"Jolana Hol\u00e1\u0148ov\u00e1\",\"@id\":\"https:\/\/celebrityhouse.cz\/#\/schema\/person\/d017015938d4512794986427eb23a2e9\"},\"headline\":\"Asterix a Obelix s hlasy Michala Such\u00e1nka a Michala Novotn\u00e9ho m\u00ed\u0159\u00ed za dobrodru\u017estv\u00edm do \u0158\u00ed\u0161e st\u0159edu\",\"datePublished\":\"2023-01-04T23:46:00+00:00\",\"dateModified\":\"2023-01-06T00:00:40+00:00\",\"mainEntityOfPage\":{\"@id\":\"https:\/\/celebrityhouse.cz\/index.php\/2023\/01\/05\/asterix-a-obelix-s-hlasy-michala-suchanka-a-michala-novotneho-miri-za-dobrodruzstvim-do-rise-stredu\/\"},\"wordCount\":260,\"publisher\":{\"@id\":\"https:\/\/celebrityhouse.cz\/#organization\"},\"articleSection\":[\"\u010cESK\u00c9 CELEBRITY\",\"FILMY, SERI\u00c1LY, TV a KINO\",\"NEWS\",\"TIPY NA KINO\",\"VIDEO\"],\"inLanguage\":\"cs\"},{\"@type\":\"WebPage\",\"@id\":\"https:\/\/celebrityhouse.cz\/index.php\/2023\/01\/05\/asterix-a-obelix-s-hlasy-michala-suchanka-a-michala-novotneho-miri-za-dobrodruzstvim-do-rise-stredu\/\",\"url\":\"https:\/\/celebrityhouse.cz\/index.php\/2023\/01\/05\/asterix-a-obelix-s-hlasy-michala-suchanka-a-michala-novotneho-miri-za-dobrodruzstvim-do-rise-stredu\/\",\"name\":\"Asterix a Obelix s hlasy Michala Such\u00e1nka a Michala Novotn\u00e9ho m\u00ed\u0159\u00ed za dobrodru\u017estv\u00edm do \u0158\u00ed\u0161e st\u0159edu - CELEBRITYHOUSE.cz\",\"isPartOf\":{\"@id\":\"https:\/\/celebrityhouse.cz\/#website\"},\"datePublished\":\"2023-01-04T23:46:00+00:00\",\"dateModified\":\"2023-01-06T00:00:40+00:00\",\"breadcrumb\":{\"@id\":\"https:\/\/celebrityhouse.cz\/index.php\/2023\/01\/05\/asterix-a-obelix-s-hlasy-michala-suchanka-a-michala-novotneho-miri-za-dobrodruzstvim-do-rise-stredu\/#breadcrumb\"},\"inLanguage\":\"cs\",\"potentialAction\":[{\"@type\":\"ReadAction\",\"target\":[\"https:\/\/celebrityhouse.cz\/index.php\/2023\/01\/05\/asterix-a-obelix-s-hlasy-michala-suchanka-a-michala-novotneho-miri-za-dobrodruzstvim-do-rise-stredu\/\"]}]},{\"@type\":\"BreadcrumbList\",\"@id\":\"https:\/\/celebrityhouse.cz\/index.php\/2023\/01\/05\/asterix-a-obelix-s-hlasy-michala-suchanka-a-michala-novotneho-miri-za-dobrodruzstvim-do-rise-stredu\/#breadcrumb\",\"itemListElement\":[{\"@type\":\"ListItem\",\"position\":1,\"name\":\"Dom\u016f\",\"item\":\"https:\/\/celebrityhouse.cz\/\"},{\"@type\":\"ListItem\",\"position\":2,\"name\":\"Asterix a Obelix s hlasy Michala Such\u00e1nka a Michala Novotn\u00e9ho m\u00ed\u0159\u00ed za dobrodru\u017estv\u00edm do \u0158\u00ed\u0161e st\u0159edu\"}]},{\"@type\":\"WebSite\",\"@id\":\"https:\/\/celebrityhouse.cz\/#website\",\"url\":\"https:\/\/celebrityhouse.cz\/\",\"name\":\"CELEBRITYHOUSE.cz\",\"description\":\"Port\u00e1l o showbyznysu...\",\"publisher\":{\"@id\":\"https:\/\/celebrityhouse.cz\/#organization\"},\"potentialAction\":[{\"@type\":\"SearchAction\",\"target\":{\"@type\":\"EntryPoint\",\"urlTemplate\":\"https:\/\/celebrityhouse.cz\/?s={search_term_string}\"},\"query-input\":\"required name=search_term_string\"}],\"inLanguage\":\"cs\"},{\"@type\":\"Organization\",\"@id\":\"https:\/\/celebrityhouse.cz\/#organization\",\"name\":\"CELEBRITYHOUSE.cz\",\"url\":\"https:\/\/celebrityhouse.cz\/\",\"logo\":{\"@type\":\"ImageObject\",\"inLanguage\":\"cs\",\"@id\":\"https:\/\/celebrityhouse.cz\/#\/schema\/logo\/image\/\",\"url\":\"https:\/\/celebrityhouse.cz\/wp-content\/uploads\/2024\/12\/cropped-Logo_CelebrityHouse_2.jpg\",\"contentUrl\":\"https:\/\/celebrityhouse.cz\/wp-content\/uploads\/2024\/12\/cropped-Logo_CelebrityHouse_2.jpg\",\"width\":937,\"height\":510,\"caption\":\"CELEBRITYHOUSE.cz\"},\"image\":{\"@id\":\"https:\/\/celebrityhouse.cz\/#\/schema\/logo\/image\/\"}},{\"@type\":\"Person\",\"@id\":\"https:\/\/celebrityhouse.cz\/#\/schema\/person\/d017015938d4512794986427eb23a2e9\",\"name\":\"Jolana Hol\u00e1\u0148ov\u00e1\",\"image\":{\"@type\":\"ImageObject\",\"inLanguage\":\"cs\",\"@id\":\"https:\/\/celebrityhouse.cz\/#\/schema\/person\/image\/\",\"url\":\"https:\/\/secure.gravatar.com\/avatar\/5863c504ed89cd419ff3a5e812c722ff?s=96&d=mm&r=g\",\"contentUrl\":\"https:\/\/secure.gravatar.com\/avatar\/5863c504ed89cd419ff3a5e812c722ff?s=96&d=mm&r=g\",\"caption\":\"Jolana Hol\u00e1\u0148ov\u00e1\"},\"sameAs\":[\"http:\/\/www.celebrityhouse.cz\"],\"url\":\"https:\/\/celebrityhouse.cz\/index.php\/author\/jolhol\/\"}]}<\/script>\n<!-- \/ Yoast SEO plugin. -->","yoast_head_json":{"title":"Asterix a Obelix s hlasy Michala Such\u00e1nka a Michala Novotn\u00e9ho m\u00ed\u0159\u00ed za dobrodru\u017estv\u00edm do \u0158\u00ed\u0161e st\u0159edu - CELEBRITYHOUSE.cz","robots":{"index":"index","follow":"follow","max-snippet":"max-snippet:-1","max-image-preview":"max-image-preview:large","max-video-preview":"max-video-preview:-1"},"canonical":"https:\/\/celebrityhouse.cz\/index.php\/2023\/01\/05\/asterix-a-obelix-s-hlasy-michala-suchanka-a-michala-novotneho-miri-za-dobrodruzstvim-do-rise-stredu\/","og_locale":"cs_CZ","og_type":"article","og_title":"Asterix a Obelix s hlasy Michala Such\u00e1nka a Michala Novotn\u00e9ho m\u00ed\u0159\u00ed za dobrodru\u017estv\u00edm do \u0158\u00ed\u0161e st\u0159edu - CELEBRITYHOUSE.cz","og_description":"Po v\u00edce ne\u017e 10 letech se vracej\u00ed hran\u00ed Asterix a Obelix na pl\u00e1tna kin v\u00a0p\u00e1t\u00e9m celove\u010dern\u00edm sn\u00edmku. Tentokr\u00e1t se vyd\u00e1vaj\u00ed a\u017e do dalek\u00e9 \u010c\u00edny, kde dvojice nerozlu\u010dn\u00fdch Gal\u016f zachra\u0148uje c\u00edsa\u0159ovnu i celou zemi. Nov\u00e9&#46;&#46;&#46;","og_url":"https:\/\/celebrityhouse.cz\/index.php\/2023\/01\/05\/asterix-a-obelix-s-hlasy-michala-suchanka-a-michala-novotneho-miri-za-dobrodruzstvim-do-rise-stredu\/","og_site_name":"CELEBRITYHOUSE.cz","article_published_time":"2023-01-04T23:46:00+00:00","article_modified_time":"2023-01-06T00:00:40+00:00","og_image":[{"width":1413,"height":849,"url":"https:\/\/celebrityhouse.cz\/wp-content\/uploads\/2023\/01\/Asterix-a-Obelix_Rise-stredu_finalni-plakat_1413x2000_TTL.jpg","type":"image\/jpeg"}],"author":"Jolana Hol\u00e1\u0148ov\u00e1","twitter_card":"summary_large_image","twitter_misc":{"Napsal(a)":"Jolana Hol\u00e1\u0148ov\u00e1","Odhadovan\u00e1 doba \u010dten\u00ed":"1 minuta"},"schema":{"@context":"https:\/\/schema.org","@graph":[{"@type":"Article","@id":"https:\/\/celebrityhouse.cz\/index.php\/2023\/01\/05\/asterix-a-obelix-s-hlasy-michala-suchanka-a-michala-novotneho-miri-za-dobrodruzstvim-do-rise-stredu\/#article","isPartOf":{"@id":"https:\/\/celebrityhouse.cz\/index.php\/2023\/01\/05\/asterix-a-obelix-s-hlasy-michala-suchanka-a-michala-novotneho-miri-za-dobrodruzstvim-do-rise-stredu\/"},"author":{"name":"Jolana Hol\u00e1\u0148ov\u00e1","@id":"https:\/\/celebrityhouse.cz\/#\/schema\/person\/d017015938d4512794986427eb23a2e9"},"headline":"Asterix a Obelix s hlasy Michala Such\u00e1nka a Michala Novotn\u00e9ho m\u00ed\u0159\u00ed za dobrodru\u017estv\u00edm do \u0158\u00ed\u0161e st\u0159edu","datePublished":"2023-01-04T23:46:00+00:00","dateModified":"2023-01-06T00:00:40+00:00","mainEntityOfPage":{"@id":"https:\/\/celebrityhouse.cz\/index.php\/2023\/01\/05\/asterix-a-obelix-s-hlasy-michala-suchanka-a-michala-novotneho-miri-za-dobrodruzstvim-do-rise-stredu\/"},"wordCount":260,"publisher":{"@id":"https:\/\/celebrityhouse.cz\/#organization"},"articleSection":["\u010cESK\u00c9 CELEBRITY","FILMY, SERI\u00c1LY, TV a KINO","NEWS","TIPY NA KINO","VIDEO"],"inLanguage":"cs"},{"@type":"WebPage","@id":"https:\/\/celebrityhouse.cz\/index.php\/2023\/01\/05\/asterix-a-obelix-s-hlasy-michala-suchanka-a-michala-novotneho-miri-za-dobrodruzstvim-do-rise-stredu\/","url":"https:\/\/celebrityhouse.cz\/index.php\/2023\/01\/05\/asterix-a-obelix-s-hlasy-michala-suchanka-a-michala-novotneho-miri-za-dobrodruzstvim-do-rise-stredu\/","name":"Asterix a Obelix s hlasy Michala Such\u00e1nka a Michala Novotn\u00e9ho m\u00ed\u0159\u00ed za dobrodru\u017estv\u00edm do \u0158\u00ed\u0161e st\u0159edu - CELEBRITYHOUSE.cz","isPartOf":{"@id":"https:\/\/celebrityhouse.cz\/#website"},"datePublished":"2023-01-04T23:46:00+00:00","dateModified":"2023-01-06T00:00:40+00:00","breadcrumb":{"@id":"https:\/\/celebrityhouse.cz\/index.php\/2023\/01\/05\/asterix-a-obelix-s-hlasy-michala-suchanka-a-michala-novotneho-miri-za-dobrodruzstvim-do-rise-stredu\/#breadcrumb"},"inLanguage":"cs","potentialAction":[{"@type":"ReadAction","target":["https:\/\/celebrityhouse.cz\/index.php\/2023\/01\/05\/asterix-a-obelix-s-hlasy-michala-suchanka-a-michala-novotneho-miri-za-dobrodruzstvim-do-rise-stredu\/"]}]},{"@type":"BreadcrumbList","@id":"https:\/\/celebrityhouse.cz\/index.php\/2023\/01\/05\/asterix-a-obelix-s-hlasy-michala-suchanka-a-michala-novotneho-miri-za-dobrodruzstvim-do-rise-stredu\/#breadcrumb","itemListElement":[{"@type":"ListItem","position":1,"name":"Dom\u016f","item":"https:\/\/celebrityhouse.cz\/"},{"@type":"ListItem","position":2,"name":"Asterix a Obelix s hlasy Michala Such\u00e1nka a Michala Novotn\u00e9ho m\u00ed\u0159\u00ed za dobrodru\u017estv\u00edm do \u0158\u00ed\u0161e st\u0159edu"}]},{"@type":"WebSite","@id":"https:\/\/celebrityhouse.cz\/#website","url":"https:\/\/celebrityhouse.cz\/","name":"CELEBRITYHOUSE.cz","description":"Port\u00e1l o showbyznysu...","publisher":{"@id":"https:\/\/celebrityhouse.cz\/#organization"},"potentialAction":[{"@type":"SearchAction","target":{"@type":"EntryPoint","urlTemplate":"https:\/\/celebrityhouse.cz\/?s={search_term_string}"},"query-input":"required name=search_term_string"}],"inLanguage":"cs"},{"@type":"Organization","@id":"https:\/\/celebrityhouse.cz\/#organization","name":"CELEBRITYHOUSE.cz","url":"https:\/\/celebrityhouse.cz\/","logo":{"@type":"ImageObject","inLanguage":"cs","@id":"https:\/\/celebrityhouse.cz\/#\/schema\/logo\/image\/","url":"https:\/\/celebrityhouse.cz\/wp-content\/uploads\/2024\/12\/cropped-Logo_CelebrityHouse_2.jpg","contentUrl":"https:\/\/celebrityhouse.cz\/wp-content\/uploads\/2024\/12\/cropped-Logo_CelebrityHouse_2.jpg","width":937,"height":510,"caption":"CELEBRITYHOUSE.cz"},"image":{"@id":"https:\/\/celebrityhouse.cz\/#\/schema\/logo\/image\/"}},{"@type":"Person","@id":"https:\/\/celebrityhouse.cz\/#\/schema\/person\/d017015938d4512794986427eb23a2e9","name":"Jolana Hol\u00e1\u0148ov\u00e1","image":{"@type":"ImageObject","inLanguage":"cs","@id":"https:\/\/celebrityhouse.cz\/#\/schema\/person\/image\/","url":"https:\/\/secure.gravatar.com\/avatar\/5863c504ed89cd419ff3a5e812c722ff?s=96&d=mm&r=g","contentUrl":"https:\/\/secure.gravatar.com\/avatar\/5863c504ed89cd419ff3a5e812c722ff?s=96&d=mm&r=g","caption":"Jolana Hol\u00e1\u0148ov\u00e1"},"sameAs":["http:\/\/www.celebrityhouse.cz"],"url":"https:\/\/celebrityhouse.cz\/index.php\/author\/jolhol\/"}]}},"_links":{"self":[{"href":"https:\/\/celebrityhouse.cz\/index.php\/wp-json\/wp\/v2\/posts\/6222"}],"collection":[{"href":"https:\/\/celebrityhouse.cz\/index.php\/wp-json\/wp\/v2\/posts"}],"about":[{"href":"https:\/\/celebrityhouse.cz\/index.php\/wp-json\/wp\/v2\/types\/post"}],"author":[{"embeddable":true,"href":"https:\/\/celebrityhouse.cz\/index.php\/wp-json\/wp\/v2\/users\/2"}],"replies":[{"embeddable":true,"href":"https:\/\/celebrityhouse.cz\/index.php\/wp-json\/wp\/v2\/comments?post=6222"}],"version-history":[{"count":1,"href":"https:\/\/celebrityhouse.cz\/index.php\/wp-json\/wp\/v2\/posts\/6222\/revisions"}],"predecessor-version":[{"id":6225,"href":"https:\/\/celebrityhouse.cz\/index.php\/wp-json\/wp\/v2\/posts\/6222\/revisions\/6225"}],"wp:featuredmedia":[{"embeddable":true,"href":"https:\/\/celebrityhouse.cz\/index.php\/wp-json\/wp\/v2\/media\/6223"}],"wp:attachment":[{"href":"https:\/\/celebrityhouse.cz\/index.php\/wp-json\/wp\/v2\/media?parent=6222"}],"wp:term":[{"taxonomy":"category","embeddable":true,"href":"https:\/\/celebrityhouse.cz\/index.php\/wp-json\/wp\/v2\/categories?post=6222"},{"taxonomy":"post_tag","embeddable":true,"href":"https:\/\/celebrityhouse.cz\/index.php\/wp-json\/wp\/v2\/tags?post=6222"}],"curies":[{"name":"wp","href":"https:\/\/api.w.org\/{rel}","templated":true}]}}