{"id":6400,"date":"2023-02-28T00:01:00","date_gmt":"2023-02-27T23:01:00","guid":{"rendered":"https:\/\/celebrityhouse.cz\/?p=6400"},"modified":"2023-02-25T16:13:35","modified_gmt":"2023-02-25T15:13:35","slug":"shein-predstavuje-kolekci-sheinforall-pro-jaro-leto-2023","status":"publish","type":"post","link":"https:\/\/celebrityhouse.cz\/index.php\/2023\/02\/28\/shein-predstavuje-kolekci-sheinforall-pro-jaro-leto-2023\/","title":{"rendered":"Shein p\u0159edstavuje kolekci #SHEINforAll pro jaro\/l\u00e9to 2023"},"content":{"rendered":"\n<div style=\"height:35px\" aria-hidden=\"true\" class=\"wp-block-spacer\"><\/div>\n\n\n\n<p><strong>Na SHEIN.com si vybere ka\u017ed\u00fd. Objevujte sv\u016fj styl bez hranic.<\/strong><\/p>\n\n\n\n<p><strong>Spole\u010dnost SHEIN, celosv\u011btov\u00fd internetov\u00fd prodejce m\u00f3dn\u00edch, kosmetick\u00fdch a lifestylov\u00fdch produkt\u016f, dnes na str\u00e1nk\u00e1ch SHEIN.com p\u0159edstavila kolekci #SHEINforAll pro jaro\/l\u00e9to 2023. #SHEINforAll m\u00e1 pro v\u00e1s stylov\u00e9 kousky pro jakoukoli p\u0159\u00edle\u017eitost a destinaci. A\u0165 u\u017e se toul\u00e1te tropickou n\u00e1dherou, odpo\u010d\u00edv\u00e1te na pl\u00e1\u017ei nebo vyr\u00e1\u017e\u00edte na celodenn\u00ed v\u00fdlet \u2013 kolekce SHEIN pro jaro\/l\u00e9to v\u00e1m dod\u00e1 to prav\u00e9 sebev\u011bdom\u00ed.<\/strong><\/p>\n\n\n\n<div style=\"height:24px\" aria-hidden=\"true\" class=\"wp-block-spacer\"><\/div>\n\n\n\n<div class=\"wp-block-image\"><figure class=\"aligncenter size-large\"><img decoding=\"async\" src=\"https:\/\/womenhouse.cz\/wp-content\/uploads\/2023\/02\/SHEINforAll_Spring_Summer_2023-1024x536.jpg\" alt=\"\" class=\"wp-image-9286\"\/><\/figure><\/div>\n\n\n\n<div style=\"height:24px\" aria-hidden=\"true\" class=\"wp-block-spacer\"><\/div>\n\n\n\n<p>Nov\u00e9 kolekce se p\u0159edstav\u00ed v \u0159ad\u00e1ch SHEIN BAE, SHEIN BASICS, SHEIN Belle, SHEIN BIZwear, SHEIN DAZY, SHEIN EZwear, SHEIN FIT+, SHEIN Frenchy, SHEIN ICON, SHEIN MOD, SHEIN Modely, SHEIN SXY, SHEIN VCAY, Emery Rose, MOTF, and ROMWE. Najd\u011bte se SHEIN styl, kter\u00fd v\u00e1m opravdu sed\u00ed!<\/p>\n\n\n\n<div style=\"height:30px\" aria-hidden=\"true\" class=\"wp-block-spacer\"><\/div>\n\n\n\n<p><strong>\u2022 SHEIN BAE:<\/strong>&nbsp;Bu\u010fte hv\u011bzdou spole\u010dnosti<\/p>\n\n\n\n<p><strong>\u2022 SHEIN BASICS:<\/strong>&nbsp;Spolehliv\u00fd z\u00e1klad \u0161atn\u00edku<\/p>\n\n\n\n<p><strong>\u2022 SHEIN Belle:<\/strong>&nbsp;M\u00f3da pro slavnostn\u00ed okam\u017eiky<\/p>\n\n\n\n<p><strong>\u2022 SHEIN BIZwear:<\/strong>&nbsp;Sou\u010dasn\u00e1 kancel\u00e1\u0159sk\u00e1 elegance<\/p>\n\n\n\n<p><strong>\u2022 SHEIN DAZY:<\/strong>&nbsp;Nenucen\u00e1. Cool. P\u016fsobiv\u00e1.<\/p>\n\n\n\n<p><strong>\u2022 SHEIN EZwear:<\/strong>&nbsp;Pohodov\u00e9 obl\u00e9k\u00e1n\u00ed. Pohodov\u00fd \u017eivot.<\/p>\n\n\n\n<p><strong>\u2022 SHEIN FIT+:<\/strong>&nbsp;Sledujte trendy. Za\u017eijte Fit+<\/p>\n\n\n\n<p><strong>\u2022 SHEIN Frenchy:<\/strong>&nbsp;M\u00faza stylu s francouzsk\u00fdm \u0161armem<\/p>\n\n\n\n<p><strong>\u2022 SHEIN ICON:<\/strong>&nbsp;V\u00fdbava budouc\u00ed ikony<\/p>\n\n\n\n<p><strong>\u2022 SHEIN MOD:<\/strong>&nbsp;Pestrost. Retro. Z\u00e1bava.<\/p>\n\n\n\n<p><strong>\u2022 SHEIN Modely:<\/strong>&nbsp;Moderna s dotekem elegance<\/p>\n\n\n\n<p><strong>\u2022 SHEIN SXY:<\/strong>&nbsp;K\u0159ivky. Sv\u016fdnost. Sebev\u011bdom\u00ed.<\/p>\n\n\n\n<p><strong>\u2022 SHEIN VACAY:<\/strong>&nbsp;Prvn\u00ed volba pro m\u00f3du na dovolenou<\/p>\n\n\n\n<p><strong>\u2022 Emery Rose:<\/strong>&nbsp;Jednoduch\u00e1. Pohodln\u00e1. Svobodn\u00e1.<\/p>\n\n\n\n<p><strong>\u2022 MOTF:<\/strong>&nbsp;P\u0159irozen\u011b chic<\/p>\n\n\n\n<p><strong>\u2022 ROMWE:<\/strong>&nbsp;Styl bez chybi\u010dky<\/p>\n\n\n\n<div style=\"height:17px\" aria-hidden=\"true\" class=\"wp-block-spacer\"><\/div>\n\n\n\n<p><strong>Z nov\u00fdch kolekc\u00ed ji\u017e m\u016f\u017eete vyb\u00edrat na str\u00e1nce SHEIN.com.<\/strong><\/p>\n\n\n\n<p><strong>#SHEINforAll #SHEINss23<\/strong><\/p>\n\n\n\n<div style=\"height:45px\" aria-hidden=\"true\" class=\"wp-block-spacer\"><\/div>\n\n\n\n<h2 class=\"wp-block-heading\"><strong>O spole\u010dnosti SHEIN<\/strong><\/h2>\n\n\n\n<p>SHEIN je glob\u00e1ln\u00ed e-shop pro m\u00f3du a \u017eivotn\u00ed styl, kter\u00fd se sna\u017e\u00ed zp\u0159\u00edstupnit kr\u00e1su m\u00f3dy v\u0161em. Vyu\u017e\u00edv\u00e1me technologii v\u00fdroby na vy\u017e\u00e1d\u00e1n\u00ed, abychom jej\u00edm prost\u0159ednictv\u00edm propojili dodavatele s na\u0161\u00edm agiln\u00edm dodavatelsk\u00fdm \u0159et\u011bzcem. T\u00edm sni\u017eujeme nutnost zbyte\u010dn\u00e9ho hromad\u011bn\u00ed z\u00e1sob a m\u00e1me tak mo\u017enost dod\u00e1vat z\u00e1kazn\u00edk\u016fm po cel\u00e9m sv\u011bt\u011b celou \u0159adu cenov\u011b dostupn\u00fdch v\u00fdrobk\u016f. Z na\u0161eho glob\u00e1ln\u00edho s\u00eddla oslovujeme z\u00e1kazn\u00edky ve v\u00edce ne\u017e 150 zem\u00edch. <\/p>\n\n\n\n<p><strong>Dal\u0161\u00ed informace o spole\u010dnosti SHEIN najdete na adrese&nbsp;<a href=\"https:\/\/c212.net\/c\/link\/?t=0&amp;l=cs&amp;o=3787597-2&amp;h=1950778064&amp;u=https%3A%2F%2Fc212.net%2Fc%2Flink%2F%3Ft%3D0%26l%3Den%26o%3D3787597-2%26h%3D3346134196%26u%3Dhttp%253A%252F%252Fwww.shein.com%252F%26a%3Dhttp%253A%252F%252Fwww.SHEIN.com&amp;a=http%3A%2F%2Fwww.SHEIN.com\">http:\/\/www.SHEIN.com<\/a>.<\/strong><\/p>\n\n\n\n<div style=\"height:38px\" aria-hidden=\"true\" class=\"wp-block-spacer\"><\/div>\n","protected":false},"excerpt":{"rendered":"<p>Na SHEIN.com si vybere ka\u017ed\u00fd. Objevujte sv\u016fj styl bez hranic. Spole\u010dnost SHEIN, celosv\u011btov\u00fd internetov\u00fd prodejce m\u00f3dn\u00edch, kosmetick\u00fdch a lifestylov\u00fdch produkt\u016f, dnes na str\u00e1nk\u00e1ch SHEIN.com p\u0159edstavila kolekci #SHEINforAll pro jaro\/l\u00e9to 2023. #SHEINforAll m\u00e1 pro v\u00e1s&#46;&#46;&#46;<\/p>\n","protected":false},"author":2,"featured_media":6401,"comment_status":"closed","ping_status":"closed","sticky":false,"template":"","format":"standard","meta":{"_monsterinsights_skip_tracking":false,"_monsterinsights_sitenote_active":false,"_monsterinsights_sitenote_note":"","_monsterinsights_sitenote_category":0,"footnotes":""},"categories":[18,5,2,10],"tags":[],"yoast_head":"<!-- This site is optimized with the Yoast SEO plugin v21.5 - https:\/\/yoast.com\/wordpress\/plugins\/seo\/ -->\n<title>Shein p\u0159edstavuje kolekci #SHEINforAll pro jaro\/l\u00e9to 2023 - CELEBRITYHOUSE.cz<\/title>\n<meta name=\"robots\" content=\"index, follow, max-snippet:-1, max-image-preview:large, max-video-preview:-1\" \/>\n<link rel=\"canonical\" href=\"https:\/\/celebrityhouse.cz\/index.php\/2023\/02\/28\/shein-predstavuje-kolekci-sheinforall-pro-jaro-leto-2023\/\" \/>\n<meta property=\"og:locale\" content=\"cs_CZ\" \/>\n<meta property=\"og:type\" content=\"article\" \/>\n<meta property=\"og:title\" content=\"Shein p\u0159edstavuje kolekci #SHEINforAll pro jaro\/l\u00e9to 2023 - CELEBRITYHOUSE.cz\" \/>\n<meta property=\"og:description\" content=\"Na SHEIN.com si vybere ka\u017ed\u00fd. Objevujte sv\u016fj styl bez hranic. Spole\u010dnost SHEIN, celosv\u011btov\u00fd internetov\u00fd prodejce m\u00f3dn\u00edch, kosmetick\u00fdch a lifestylov\u00fdch produkt\u016f, dnes na str\u00e1nk\u00e1ch SHEIN.com p\u0159edstavila kolekci #SHEINforAll pro jaro\/l\u00e9to 2023. #SHEINforAll m\u00e1 pro v\u00e1s&#046;&#046;&#046;\" \/>\n<meta property=\"og:url\" content=\"https:\/\/celebrityhouse.cz\/index.php\/2023\/02\/28\/shein-predstavuje-kolekci-sheinforall-pro-jaro-leto-2023\/\" \/>\n<meta property=\"og:site_name\" content=\"CELEBRITYHOUSE.cz\" \/>\n<meta property=\"article:published_time\" content=\"2023-02-27T23:01:00+00:00\" \/>\n<meta property=\"article:modified_time\" content=\"2023-02-25T15:13:35+00:00\" \/>\n<meta property=\"og:image\" content=\"https:\/\/celebrityhouse.cz\/wp-content\/uploads\/2023\/02\/SHEINforAll_Spring_Summer_2023.jpg\" \/>\n\t<meta property=\"og:image:width\" content=\"1200\" \/>\n\t<meta property=\"og:image:height\" content=\"628\" \/>\n\t<meta property=\"og:image:type\" content=\"image\/jpeg\" \/>\n<meta name=\"author\" content=\"Jolana Hol\u00e1\u0148ov\u00e1\" \/>\n<meta name=\"twitter:card\" content=\"summary_large_image\" \/>\n<meta name=\"twitter:label1\" content=\"Napsal(a)\" \/>\n\t<meta name=\"twitter:data1\" content=\"Jolana Hol\u00e1\u0148ov\u00e1\" \/>\n\t<meta name=\"twitter:label2\" content=\"Odhadovan\u00e1 doba \u010dten\u00ed\" \/>\n\t<meta name=\"twitter:data2\" content=\"2 minuty\" \/>\n<script type=\"application\/ld+json\" class=\"yoast-schema-graph\">{\"@context\":\"https:\/\/schema.org\",\"@graph\":[{\"@type\":\"Article\",\"@id\":\"https:\/\/celebrityhouse.cz\/index.php\/2023\/02\/28\/shein-predstavuje-kolekci-sheinforall-pro-jaro-leto-2023\/#article\",\"isPartOf\":{\"@id\":\"https:\/\/celebrityhouse.cz\/index.php\/2023\/02\/28\/shein-predstavuje-kolekci-sheinforall-pro-jaro-leto-2023\/\"},\"author\":{\"name\":\"Jolana Hol\u00e1\u0148ov\u00e1\",\"@id\":\"https:\/\/celebrityhouse.cz\/#\/schema\/person\/d017015938d4512794986427eb23a2e9\"},\"headline\":\"Shein p\u0159edstavuje kolekci #SHEINforAll pro jaro\/l\u00e9to 2023\",\"datePublished\":\"2023-02-27T23:01:00+00:00\",\"dateModified\":\"2023-02-25T15:13:35+00:00\",\"mainEntityOfPage\":{\"@id\":\"https:\/\/celebrityhouse.cz\/index.php\/2023\/02\/28\/shein-predstavuje-kolekci-sheinforall-pro-jaro-leto-2023\/\"},\"wordCount\":412,\"publisher\":{\"@id\":\"https:\/\/celebrityhouse.cz\/#organization\"},\"articleSection\":[\"LIFESTYLE\",\"M\u00d3DN\u00cd V\u00ddST\u0158ELKY\",\"NEWS\",\"TIPY &amp; TRENDY\"],\"inLanguage\":\"cs\"},{\"@type\":\"WebPage\",\"@id\":\"https:\/\/celebrityhouse.cz\/index.php\/2023\/02\/28\/shein-predstavuje-kolekci-sheinforall-pro-jaro-leto-2023\/\",\"url\":\"https:\/\/celebrityhouse.cz\/index.php\/2023\/02\/28\/shein-predstavuje-kolekci-sheinforall-pro-jaro-leto-2023\/\",\"name\":\"Shein p\u0159edstavuje kolekci #SHEINforAll pro jaro\/l\u00e9to 2023 - CELEBRITYHOUSE.cz\",\"isPartOf\":{\"@id\":\"https:\/\/celebrityhouse.cz\/#website\"},\"datePublished\":\"2023-02-27T23:01:00+00:00\",\"dateModified\":\"2023-02-25T15:13:35+00:00\",\"breadcrumb\":{\"@id\":\"https:\/\/celebrityhouse.cz\/index.php\/2023\/02\/28\/shein-predstavuje-kolekci-sheinforall-pro-jaro-leto-2023\/#breadcrumb\"},\"inLanguage\":\"cs\",\"potentialAction\":[{\"@type\":\"ReadAction\",\"target\":[\"https:\/\/celebrityhouse.cz\/index.php\/2023\/02\/28\/shein-predstavuje-kolekci-sheinforall-pro-jaro-leto-2023\/\"]}]},{\"@type\":\"BreadcrumbList\",\"@id\":\"https:\/\/celebrityhouse.cz\/index.php\/2023\/02\/28\/shein-predstavuje-kolekci-sheinforall-pro-jaro-leto-2023\/#breadcrumb\",\"itemListElement\":[{\"@type\":\"ListItem\",\"position\":1,\"name\":\"Dom\u016f\",\"item\":\"https:\/\/celebrityhouse.cz\/\"},{\"@type\":\"ListItem\",\"position\":2,\"name\":\"Shein p\u0159edstavuje kolekci #SHEINforAll pro jaro\/l\u00e9to 2023\"}]},{\"@type\":\"WebSite\",\"@id\":\"https:\/\/celebrityhouse.cz\/#website\",\"url\":\"https:\/\/celebrityhouse.cz\/\",\"name\":\"CELEBRITYHOUSE.cz\",\"description\":\"Port\u00e1l o showbyznysu...\",\"publisher\":{\"@id\":\"https:\/\/celebrityhouse.cz\/#organization\"},\"potentialAction\":[{\"@type\":\"SearchAction\",\"target\":{\"@type\":\"EntryPoint\",\"urlTemplate\":\"https:\/\/celebrityhouse.cz\/?s={search_term_string}\"},\"query-input\":\"required name=search_term_string\"}],\"inLanguage\":\"cs\"},{\"@type\":\"Organization\",\"@id\":\"https:\/\/celebrityhouse.cz\/#organization\",\"name\":\"CELEBRITYHOUSE.cz\",\"url\":\"https:\/\/celebrityhouse.cz\/\",\"logo\":{\"@type\":\"ImageObject\",\"inLanguage\":\"cs\",\"@id\":\"https:\/\/celebrityhouse.cz\/#\/schema\/logo\/image\/\",\"url\":\"https:\/\/celebrityhouse.cz\/wp-content\/uploads\/2024\/12\/cropped-Logo_CelebrityHouse_2.jpg\",\"contentUrl\":\"https:\/\/celebrityhouse.cz\/wp-content\/uploads\/2024\/12\/cropped-Logo_CelebrityHouse_2.jpg\",\"width\":937,\"height\":510,\"caption\":\"CELEBRITYHOUSE.cz\"},\"image\":{\"@id\":\"https:\/\/celebrityhouse.cz\/#\/schema\/logo\/image\/\"}},{\"@type\":\"Person\",\"@id\":\"https:\/\/celebrityhouse.cz\/#\/schema\/person\/d017015938d4512794986427eb23a2e9\",\"name\":\"Jolana Hol\u00e1\u0148ov\u00e1\",\"image\":{\"@type\":\"ImageObject\",\"inLanguage\":\"cs\",\"@id\":\"https:\/\/celebrityhouse.cz\/#\/schema\/person\/image\/\",\"url\":\"https:\/\/secure.gravatar.com\/avatar\/5863c504ed89cd419ff3a5e812c722ff?s=96&d=mm&r=g\",\"contentUrl\":\"https:\/\/secure.gravatar.com\/avatar\/5863c504ed89cd419ff3a5e812c722ff?s=96&d=mm&r=g\",\"caption\":\"Jolana Hol\u00e1\u0148ov\u00e1\"},\"sameAs\":[\"http:\/\/www.celebrityhouse.cz\"],\"url\":\"https:\/\/celebrityhouse.cz\/index.php\/author\/jolhol\/\"}]}<\/script>\n<!-- \/ Yoast SEO plugin. -->","yoast_head_json":{"title":"Shein p\u0159edstavuje kolekci #SHEINforAll pro jaro\/l\u00e9to 2023 - CELEBRITYHOUSE.cz","robots":{"index":"index","follow":"follow","max-snippet":"max-snippet:-1","max-image-preview":"max-image-preview:large","max-video-preview":"max-video-preview:-1"},"canonical":"https:\/\/celebrityhouse.cz\/index.php\/2023\/02\/28\/shein-predstavuje-kolekci-sheinforall-pro-jaro-leto-2023\/","og_locale":"cs_CZ","og_type":"article","og_title":"Shein p\u0159edstavuje kolekci #SHEINforAll pro jaro\/l\u00e9to 2023 - CELEBRITYHOUSE.cz","og_description":"Na SHEIN.com si vybere ka\u017ed\u00fd. Objevujte sv\u016fj styl bez hranic. Spole\u010dnost SHEIN, celosv\u011btov\u00fd internetov\u00fd prodejce m\u00f3dn\u00edch, kosmetick\u00fdch a lifestylov\u00fdch produkt\u016f, dnes na str\u00e1nk\u00e1ch SHEIN.com p\u0159edstavila kolekci #SHEINforAll pro jaro\/l\u00e9to 2023. #SHEINforAll m\u00e1 pro v\u00e1s&#46;&#46;&#46;","og_url":"https:\/\/celebrityhouse.cz\/index.php\/2023\/02\/28\/shein-predstavuje-kolekci-sheinforall-pro-jaro-leto-2023\/","og_site_name":"CELEBRITYHOUSE.cz","article_published_time":"2023-02-27T23:01:00+00:00","article_modified_time":"2023-02-25T15:13:35+00:00","og_image":[{"width":1200,"height":628,"url":"https:\/\/celebrityhouse.cz\/wp-content\/uploads\/2023\/02\/SHEINforAll_Spring_Summer_2023.jpg","type":"image\/jpeg"}],"author":"Jolana Hol\u00e1\u0148ov\u00e1","twitter_card":"summary_large_image","twitter_misc":{"Napsal(a)":"Jolana Hol\u00e1\u0148ov\u00e1","Odhadovan\u00e1 doba \u010dten\u00ed":"2 minuty"},"schema":{"@context":"https:\/\/schema.org","@graph":[{"@type":"Article","@id":"https:\/\/celebrityhouse.cz\/index.php\/2023\/02\/28\/shein-predstavuje-kolekci-sheinforall-pro-jaro-leto-2023\/#article","isPartOf":{"@id":"https:\/\/celebrityhouse.cz\/index.php\/2023\/02\/28\/shein-predstavuje-kolekci-sheinforall-pro-jaro-leto-2023\/"},"author":{"name":"Jolana Hol\u00e1\u0148ov\u00e1","@id":"https:\/\/celebrityhouse.cz\/#\/schema\/person\/d017015938d4512794986427eb23a2e9"},"headline":"Shein p\u0159edstavuje kolekci #SHEINforAll pro jaro\/l\u00e9to 2023","datePublished":"2023-02-27T23:01:00+00:00","dateModified":"2023-02-25T15:13:35+00:00","mainEntityOfPage":{"@id":"https:\/\/celebrityhouse.cz\/index.php\/2023\/02\/28\/shein-predstavuje-kolekci-sheinforall-pro-jaro-leto-2023\/"},"wordCount":412,"publisher":{"@id":"https:\/\/celebrityhouse.cz\/#organization"},"articleSection":["LIFESTYLE","M\u00d3DN\u00cd V\u00ddST\u0158ELKY","NEWS","TIPY &amp; TRENDY"],"inLanguage":"cs"},{"@type":"WebPage","@id":"https:\/\/celebrityhouse.cz\/index.php\/2023\/02\/28\/shein-predstavuje-kolekci-sheinforall-pro-jaro-leto-2023\/","url":"https:\/\/celebrityhouse.cz\/index.php\/2023\/02\/28\/shein-predstavuje-kolekci-sheinforall-pro-jaro-leto-2023\/","name":"Shein p\u0159edstavuje kolekci #SHEINforAll pro jaro\/l\u00e9to 2023 - CELEBRITYHOUSE.cz","isPartOf":{"@id":"https:\/\/celebrityhouse.cz\/#website"},"datePublished":"2023-02-27T23:01:00+00:00","dateModified":"2023-02-25T15:13:35+00:00","breadcrumb":{"@id":"https:\/\/celebrityhouse.cz\/index.php\/2023\/02\/28\/shein-predstavuje-kolekci-sheinforall-pro-jaro-leto-2023\/#breadcrumb"},"inLanguage":"cs","potentialAction":[{"@type":"ReadAction","target":["https:\/\/celebrityhouse.cz\/index.php\/2023\/02\/28\/shein-predstavuje-kolekci-sheinforall-pro-jaro-leto-2023\/"]}]},{"@type":"BreadcrumbList","@id":"https:\/\/celebrityhouse.cz\/index.php\/2023\/02\/28\/shein-predstavuje-kolekci-sheinforall-pro-jaro-leto-2023\/#breadcrumb","itemListElement":[{"@type":"ListItem","position":1,"name":"Dom\u016f","item":"https:\/\/celebrityhouse.cz\/"},{"@type":"ListItem","position":2,"name":"Shein p\u0159edstavuje kolekci #SHEINforAll pro jaro\/l\u00e9to 2023"}]},{"@type":"WebSite","@id":"https:\/\/celebrityhouse.cz\/#website","url":"https:\/\/celebrityhouse.cz\/","name":"CELEBRITYHOUSE.cz","description":"Port\u00e1l o showbyznysu...","publisher":{"@id":"https:\/\/celebrityhouse.cz\/#organization"},"potentialAction":[{"@type":"SearchAction","target":{"@type":"EntryPoint","urlTemplate":"https:\/\/celebrityhouse.cz\/?s={search_term_string}"},"query-input":"required name=search_term_string"}],"inLanguage":"cs"},{"@type":"Organization","@id":"https:\/\/celebrityhouse.cz\/#organization","name":"CELEBRITYHOUSE.cz","url":"https:\/\/celebrityhouse.cz\/","logo":{"@type":"ImageObject","inLanguage":"cs","@id":"https:\/\/celebrityhouse.cz\/#\/schema\/logo\/image\/","url":"https:\/\/celebrityhouse.cz\/wp-content\/uploads\/2024\/12\/cropped-Logo_CelebrityHouse_2.jpg","contentUrl":"https:\/\/celebrityhouse.cz\/wp-content\/uploads\/2024\/12\/cropped-Logo_CelebrityHouse_2.jpg","width":937,"height":510,"caption":"CELEBRITYHOUSE.cz"},"image":{"@id":"https:\/\/celebrityhouse.cz\/#\/schema\/logo\/image\/"}},{"@type":"Person","@id":"https:\/\/celebrityhouse.cz\/#\/schema\/person\/d017015938d4512794986427eb23a2e9","name":"Jolana Hol\u00e1\u0148ov\u00e1","image":{"@type":"ImageObject","inLanguage":"cs","@id":"https:\/\/celebrityhouse.cz\/#\/schema\/person\/image\/","url":"https:\/\/secure.gravatar.com\/avatar\/5863c504ed89cd419ff3a5e812c722ff?s=96&d=mm&r=g","contentUrl":"https:\/\/secure.gravatar.com\/avatar\/5863c504ed89cd419ff3a5e812c722ff?s=96&d=mm&r=g","caption":"Jolana Hol\u00e1\u0148ov\u00e1"},"sameAs":["http:\/\/www.celebrityhouse.cz"],"url":"https:\/\/celebrityhouse.cz\/index.php\/author\/jolhol\/"}]}},"_links":{"self":[{"href":"https:\/\/celebrityhouse.cz\/index.php\/wp-json\/wp\/v2\/posts\/6400"}],"collection":[{"href":"https:\/\/celebrityhouse.cz\/index.php\/wp-json\/wp\/v2\/posts"}],"about":[{"href":"https:\/\/celebrityhouse.cz\/index.php\/wp-json\/wp\/v2\/types\/post"}],"author":[{"embeddable":true,"href":"https:\/\/celebrityhouse.cz\/index.php\/wp-json\/wp\/v2\/users\/2"}],"replies":[{"embeddable":true,"href":"https:\/\/celebrityhouse.cz\/index.php\/wp-json\/wp\/v2\/comments?post=6400"}],"version-history":[{"count":1,"href":"https:\/\/celebrityhouse.cz\/index.php\/wp-json\/wp\/v2\/posts\/6400\/revisions"}],"predecessor-version":[{"id":6402,"href":"https:\/\/celebrityhouse.cz\/index.php\/wp-json\/wp\/v2\/posts\/6400\/revisions\/6402"}],"wp:featuredmedia":[{"embeddable":true,"href":"https:\/\/celebrityhouse.cz\/index.php\/wp-json\/wp\/v2\/media\/6401"}],"wp:attachment":[{"href":"https:\/\/celebrityhouse.cz\/index.php\/wp-json\/wp\/v2\/media?parent=6400"}],"wp:term":[{"taxonomy":"category","embeddable":true,"href":"https:\/\/celebrityhouse.cz\/index.php\/wp-json\/wp\/v2\/categories?post=6400"},{"taxonomy":"post_tag","embeddable":true,"href":"https:\/\/celebrityhouse.cz\/index.php\/wp-json\/wp\/v2\/tags?post=6400"}],"curies":[{"name":"wp","href":"https:\/\/api.w.org\/{rel}","templated":true}]}}