{"id":8394,"date":"2024-03-26T00:01:00","date_gmt":"2024-03-25T23:01:00","guid":{"rendered":"https:\/\/celebrityhouse.cz\/?p=8394"},"modified":"2024-03-23T02:03:04","modified_gmt":"2024-03-23T01:03:04","slug":"v-obecnim-dome-v-praze-zazni-nejvetsi-svetove-popove-hity-v-jedinecne-koncertni-show-se-symfonickym-orchestrem","status":"publish","type":"post","link":"https:\/\/celebrityhouse.cz\/index.php\/2024\/03\/26\/v-obecnim-dome-v-praze-zazni-nejvetsi-svetove-popove-hity-v-jedinecne-koncertni-show-se-symfonickym-orchestrem\/","title":{"rendered":"V Obecn\u00edm dom\u011b v Praze zazn\u00ed nejv\u011bt\u0161\u00ed sv\u011btov\u00e9 popov\u00e9 hity v\u00a0jedine\u010dn\u00e9 koncertn\u00ed show se symfonick\u00fdm orchestrem"},"content":{"rendered":"\n<div style=\"height:52px\" aria-hidden=\"true\" class=\"wp-block-spacer\"><\/div>\n\n\n\n<p><strong>Na <a href=\"https:\/\/prazskeprikopy.cz\/\">Pra\u017esk\u00fdch P\u0159\u00edkopech<\/a> v Obecn\u00edm dom\u011b se 22. dubna uskute\u010dn\u00ed koncert POP IN SYMPHONY: THE EPIC SYMPHONIC SHOW.<\/strong><\/p>\n\n\n\n<p><strong>U\u017eijte si neopakovatelnou koncertn\u00ed show a vychutnejte si ty nejv\u011bt\u0161\u00ed a nejslavn\u011bj\u0161\u00ed popov\u00e9 hity hv\u011bzd jako jsou Madonna, Adele, ABBA, Beyonc\u00e9, Rihanna, Bruno, Mars nebo Lady Gaga a dal\u0161\u00edch! Ji\u017e 22. dubna za\u017eije Obecn\u00ed d\u016fm jedine\u010dnou koncertn\u00ed j\u00edzdu a rozezn\u00ed se v&nbsp;duchu nejv\u011bt\u0161\u00edch popov\u00fdch hit\u016f v\u0161ech dob. <\/strong><\/p>\n\n\n\n<div style=\"height:49px\" aria-hidden=\"true\" class=\"wp-block-spacer\"><\/div>\n\n\n\n<figure class=\"wp-block-image size-large\"><img decoding=\"async\" src=\"https:\/\/prazskeprikopy.cz\/wp-content\/uploads\/2024\/03\/DIV_5082-1024x683.jpg\" alt=\"V Obecn\u00edm dom\u011b zazn\u00ed nejv\u011bt\u0161\u00ed sv\u011btov\u00e9 popov\u00e9 hity v\u00a0jedine\u010dn\u00e9 koncertn\u00ed show se symfonick\u00fdm orchestrem\" class=\"wp-image-4470\"\/><\/figure>\n\n\n\n<div style=\"height:49px\" aria-hidden=\"true\" class=\"wp-block-spacer\"><\/div>\n\n\n\n<p><strong>To v\u0161e v&nbsp;pod\u00e1n\u00ed 60\u010dlenn\u00e9ho symfonick\u00e9ho orchestru Bohemian Symphony Orchestra Prague, kter\u00fd cel\u00fd z\u00e1\u017eitek je\u0161t\u011b umocn\u00ed a umo\u017en\u00ed div\u00e1k\u016fm vychutnat si ten prav\u00fd rozm\u011br a skute\u010dnou hudebn\u00ed \u0161\u00ed\u0159i popov\u00fdch superhit\u016f.<\/strong><\/p>\n\n\n\n<div style=\"height:49px\" aria-hidden=\"true\" class=\"wp-block-spacer\"><\/div>\n\n\n<div class=\"wp-block-image\">\n<figure class=\"aligncenter size-large\"><img decoding=\"async\" src=\"https:\/\/prazskeprikopy.cz\/wp-content\/uploads\/2024\/03\/DIV_5487-1024x683.jpg\" alt=\"V Obecn\u00edm dom\u011b zazn\u00ed nejv\u011bt\u0161\u00ed sv\u011btov\u00e9 popov\u00e9 hity v\u00a0jedine\u010dn\u00e9 koncertn\u00ed show se symfonick\u00fdm orchestrem\" class=\"wp-image-4464\"\/><\/figure><\/div>\n\n\n<div style=\"height:49px\" aria-hidden=\"true\" class=\"wp-block-spacer\"><\/div>\n\n\n\n<p>B\u011bhem 90minutov\u00e9 koncertn\u00ed show se div\u00e1ci mohou t\u011b\u0161it na ty nejv\u011bt\u0161\u00ed a neslavn\u011bj\u0161\u00ed popov\u00e9 melodie, jak\u00e9 kdy vznikly! V&nbsp;pod\u00e1n\u00ed symfonick\u00e9ho orchestru <strong>Bohemian Symphony Orchestra Prague <\/strong>pod veden\u00edm <strong>dirigenta Martina \u0160andy <\/strong>a v&nbsp;\u010dele se <strong>s\u00f3listkou Letici\u00ed Krotkou<\/strong>, si vychutnaj\u00ed hity <strong>Madonny<\/strong>, <strong>Adele<\/strong>, <strong>Beyonc\u00e9,<\/strong> <strong>Rihanny, Britney Spears, Bruno Marse, Imagine Dragons<\/strong>, ale i zp\u011bva\u010dky <strong>Sia<\/strong> nebo legend\u00e1rn\u00ed kapely <strong>ABBA<\/strong>. To v\u0161e v&nbsp;jedine\u010dn\u00e9 atmosf\u00e9\u0159e Smetanovy s\u00edn\u011b Obecn\u00edho domu, a p\u0159edev\u0161\u00edm v origin\u00e1ln\u00ed orchestr\u00e1ln\u00ed \u00faprav\u011b 60\u010dlenn\u00e9ho symfonick\u00e9ho orchestru. Speci\u00e1ln\u00edm hostem nav\u00edc bude i \u010desk\u00e1 kapela <strong>Poetika <\/strong>nebo <strong>Michal Penk!<\/strong><\/p>\n\n\n\n<div style=\"height:49px\" aria-hidden=\"true\" class=\"wp-block-spacer\"><\/div>\n\n\n<div class=\"wp-block-image\">\n<figure class=\"aligncenter size-large\"><img decoding=\"async\" src=\"https:\/\/prazskeprikopy.cz\/wp-content\/uploads\/2024\/03\/DIV_5809-1024x683.jpg\" alt=\"V Obecn\u00edm dom\u011b zazn\u00ed nejv\u011bt\u0161\u00ed sv\u011btov\u00e9 popov\u00e9 hity v\u00a0jedine\u010dn\u00e9 koncertn\u00ed show se symfonick\u00fdm orchestrem\" class=\"wp-image-4466\"\/><\/figure><\/div>\n\n\n<div style=\"height:49px\" aria-hidden=\"true\" class=\"wp-block-spacer\"><\/div>\n\n\n\n<p>\u201e<em>U\u017e te\u010f se nem\u016f\u017eeme do\u010dkat a\u017e se Obecn\u00ed d\u016fm rozezn\u00ed v&nbsp;duchu t\u011bch nejzn\u00e1m\u011bj\u0161\u00edch popov\u00fdch hit\u016f v\u0161ech dob, nav\u00edc ve speci\u00e1ln\u00ed orchestr\u00e1ln\u00ed \u00faprav\u011b a propojen\u00ed s&nbsp;Bohemian Symphony Orchestra Prague. Popov\u00e9 hity milovan\u00e9 nap\u0159\u00ed\u010d generacemi tak z\u00edskaj\u00ed nov\u00fd rozm\u011br a poslucha\u010di si v&nbsp;r\u00e1mci koncertn\u00ed show budou moci u\u017e\u00edt tu pravou \u0161\u00ed\u0159i v\u0161ech skladeb a vychutnaj\u00ed si doslova ka\u017ed\u00fd t\u00f3n,\u201c<\/em><strong> \u0159\u00edk\u00e1<\/strong> <strong>Martin \u0160anda<\/strong>, <strong>\u0161\u00e9fdirigent a \u0159editel Bohemian Symphony Orchestra Prague a dod\u00e1v\u00e1<\/strong>, \u017ee na koncertech propojuj\u00edc\u00edch popov\u00e9 melodie s&nbsp;orchestrem jej t\u011b\u0161\u00ed p\u0159edev\u0161\u00edm to, \u017ee poslucha\u010d, kter\u00fd p\u0159ich\u00e1z\u00ed jako milovn\u00edk popov\u00fdch skladeb, odch\u00e1z\u00ed v\u011bt\u0161inou jako fanou\u0161ek symfonick\u00e9ho orchestru.<\/p>\n\n\n\n<div style=\"height:49px\" aria-hidden=\"true\" class=\"wp-block-spacer\"><\/div>\n\n\n\n<figure class=\"wp-block-gallery has-nested-images columns-default is-cropped wp-block-gallery-1 is-layout-flex wp-block-gallery-is-layout-flex\">\n<figure class=\"wp-block-image size-large\"><img decoding=\"async\" data-id=\"4465\" src=\"https:\/\/prazskeprikopy.cz\/wp-content\/uploads\/2024\/03\/DIV_5599-1024x683.jpg\" alt=\"V Obecn\u00edm dom\u011b zazn\u00ed nejv\u011bt\u0161\u00ed sv\u011btov\u00e9 popov\u00e9 hity v\u00a0jedine\u010dn\u00e9 koncertn\u00ed show se symfonick\u00fdm orchestrem\" class=\"wp-image-4465\"\/><\/figure>\n\n\n\n<figure class=\"wp-block-image size-large\"><img decoding=\"async\" data-id=\"4468\" src=\"https:\/\/prazskeprikopy.cz\/wp-content\/uploads\/2024\/03\/DIV_5396-1024x683.jpg\" alt=\"V Obecn\u00edm dom\u011b zazn\u00ed nejv\u011bt\u0161\u00ed sv\u011btov\u00e9 popov\u00e9 hity v\u00a0jedine\u010dn\u00e9 koncertn\u00ed show se symfonick\u00fdm orchestrem\" class=\"wp-image-4468\"\/><\/figure>\n<\/figure>\n\n\n\n<div style=\"height:49px\" aria-hidden=\"true\" class=\"wp-block-spacer\"><\/div>\n\n\n\n<p>Dopl\u0148me, \u017ee koncert <strong>Pop in Symphony<\/strong> bude pro div\u00e1ky skute\u010dn\u011b 100% hudebn\u00edm z\u00e1\u017eitkem, b\u011bhem n\u011bho\u017e si u\u017eij\u00ed nejslavn\u011bj\u0161\u00ed popov\u00e9 hity v&nbsp;cel\u00e9 jejich \u0161\u00ed\u0159i a kr\u00e1se. Jedine\u010dn\u00e1 koncertn\u00ed show nadchne poslucha\u010de nap\u0159\u00ed\u010d generacemi.<\/p>\n\n\n\n<div style=\"height:49px\" aria-hidden=\"true\" class=\"wp-block-spacer\"><\/div>\n\n\n<div class=\"wp-block-image\">\n<figure class=\"aligncenter size-full\"><img decoding=\"async\" src=\"https:\/\/prazskeprikopy.cz\/wp-content\/uploads\/2024\/03\/Pop-in-Symphony_22.4._Obecni-dum.jpg\" alt=\"V Obecn\u00edm dom\u011b zazn\u00ed nejv\u011bt\u0161\u00ed sv\u011btov\u00e9 popov\u00e9 hity v\u00a0jedine\u010dn\u00e9 koncertn\u00ed show se symfonick\u00fdm orchestrem\" class=\"wp-image-4467\"\/><\/figure><\/div>\n\n\n<div style=\"height:49px\" aria-hidden=\"true\" class=\"wp-block-spacer\"><\/div>\n\n\n\n<h2 class=\"wp-block-heading\"><strong>POP IN SYMPHONY: THE EPIC SYMPHONIC SHOW<\/strong><\/h2>\n\n\n\n<div style=\"height:22px\" aria-hidden=\"true\" class=\"wp-block-spacer\"><\/div>\n\n\n\n<h4 class=\"wp-block-heading\"><strong><br>22. 4. Obecn\u00ed d\u016fm, Bohemian Symphony Orchestra Prague a nejv\u011bt\u0161\u00ed popov\u00e9 hity<\/strong><\/h4>\n\n\n\n<h4 class=\"wp-block-heading\"><strong>Vstupenky k dost\u00e1n\u00ed na str\u00e1nk\u00e1ch orchestru na <\/strong><a href=\"https:\/\/tickets.bsop.eu\/bso\/standard\/Hall\/Index\/2331717\/5iOppLRpt3QJu6K_plu_uxxKWQ_rov__rov__xcodex_AGA1gFbU4wiXGCsRzd8EFZN_com_6atJLDAcB3BiQA__?\"><strong>www.bsop.eu<\/strong><\/a><\/h4>\n\n\n\n<h4 class=\"wp-block-heading\"><strong>Cena: od 1 090 K\u010d<\/strong><\/h4>\n\n\n\n<h4 class=\"wp-block-heading\">V\u00edce na <a href=\"https:\/\/www.bsop.eu\/projekty\/pop-in-symphony-the-epic-symphonic-show\/\">www.bsop.eu<\/a><\/h4>\n\n\n\n<div style=\"height:100px\" aria-hidden=\"true\" class=\"wp-block-spacer\"><\/div>\n\n\n\n<figure class=\"wp-block-gallery has-nested-images columns-2 is-cropped wp-block-gallery-2 is-layout-flex wp-block-gallery-is-layout-flex\">\n<figure class=\"wp-block-image size-large\"><img decoding=\"async\" data-id=\"4470\" src=\"https:\/\/prazskeprikopy.cz\/wp-content\/uploads\/2024\/03\/DIV_5082-1024x683.jpg\" alt=\"V Obecn\u00edm dom\u011b zazn\u00ed nejv\u011bt\u0161\u00ed sv\u011btov\u00e9 popov\u00e9 hity v\u00a0jedine\u010dn\u00e9 koncertn\u00ed show se symfonick\u00fdm orchestrem\" class=\"wp-image-4470\"\/><\/figure>\n\n\n\n<figure class=\"wp-block-image size-large\"><img decoding=\"async\" data-id=\"4464\" src=\"https:\/\/prazskeprikopy.cz\/wp-content\/uploads\/2024\/03\/DIV_5487-1024x683.jpg\" alt=\"V Obecn\u00edm dom\u011b zazn\u00ed nejv\u011bt\u0161\u00ed sv\u011btov\u00e9 popov\u00e9 hity v\u00a0jedine\u010dn\u00e9 koncertn\u00ed show se symfonick\u00fdm orchestrem\" class=\"wp-image-4464\"\/><\/figure>\n\n\n\n<figure class=\"wp-block-image size-large\"><img decoding=\"async\" data-id=\"4468\" src=\"https:\/\/prazskeprikopy.cz\/wp-content\/uploads\/2024\/03\/DIV_5396-1024x683.jpg\" alt=\"V Obecn\u00edm dom\u011b zazn\u00ed nejv\u011bt\u0161\u00ed sv\u011btov\u00e9 popov\u00e9 hity v\u00a0jedine\u010dn\u00e9 koncertn\u00ed show se symfonick\u00fdm orchestrem\" class=\"wp-image-4468\"\/><\/figure>\n\n\n\n<figure class=\"wp-block-image size-large\"><img decoding=\"async\" data-id=\"4465\" src=\"https:\/\/prazskeprikopy.cz\/wp-content\/uploads\/2024\/03\/DIV_5599-1024x683.jpg\" alt=\"V Obecn\u00edm dom\u011b zazn\u00ed nejv\u011bt\u0161\u00ed sv\u011btov\u00e9 popov\u00e9 hity v\u00a0jedine\u010dn\u00e9 koncertn\u00ed show se symfonick\u00fdm orchestrem\" class=\"wp-image-4465\"\/><\/figure>\n\n\n\n<figure class=\"wp-block-image size-large\"><img decoding=\"async\" data-id=\"4466\" src=\"https:\/\/prazskeprikopy.cz\/wp-content\/uploads\/2024\/03\/DIV_5809-1024x683.jpg\" alt=\"V Obecn\u00edm dom\u011b zazn\u00ed nejv\u011bt\u0161\u00ed sv\u011btov\u00e9 popov\u00e9 hity v\u00a0jedine\u010dn\u00e9 koncertn\u00ed show se symfonick\u00fdm orchestrem\" class=\"wp-image-4466\"\/><\/figure>\n\n\n\n<figure class=\"wp-block-image size-large\"><img decoding=\"async\" data-id=\"4463\" src=\"https:\/\/prazskeprikopy.cz\/wp-content\/uploads\/2024\/03\/DIV_5690-1024x683.jpg\" alt=\"V Obecn\u00edm dom\u011b zazn\u00ed nejv\u011bt\u0161\u00ed sv\u011btov\u00e9 popov\u00e9 hity v\u00a0jedine\u010dn\u00e9 koncertn\u00ed show se symfonick\u00fdm orchestrem\" class=\"wp-image-4463\"\/><\/figure>\n\n\n\n<figure class=\"wp-block-image size-large\"><img decoding=\"async\" data-id=\"4469\" src=\"https:\/\/prazskeprikopy.cz\/wp-content\/uploads\/2024\/03\/DIV_5123-1024x683.jpg\" alt=\"V Obecn\u00edm dom\u011b zazn\u00ed nejv\u011bt\u0161\u00ed sv\u011btov\u00e9 popov\u00e9 hity v\u00a0jedine\u010dn\u00e9 koncertn\u00ed show se symfonick\u00fdm orchestrem\" class=\"wp-image-4469\"\/><\/figure>\n<\/figure>\n\n\n\n<div style=\"height:22px\" aria-hidden=\"true\" class=\"wp-block-spacer\"><\/div>\n\n\n\n<figure class=\"wp-block-image size-full\"><img decoding=\"async\" src=\"https:\/\/prazskeprikopy.cz\/wp-content\/uploads\/2024\/03\/Pop-in-Symphony_22.4._Obecni-dum.jpg\" alt=\"V Obecn\u00edm dom\u011b zazn\u00ed nejv\u011bt\u0161\u00ed sv\u011btov\u00e9 popov\u00e9 hity v\u00a0jedine\u010dn\u00e9 koncertn\u00ed show se symfonick\u00fdm orchestrem\" class=\"wp-image-4467\"\/><\/figure>\n\n\n\n<div style=\"height:25px\" aria-hidden=\"true\" class=\"wp-block-spacer\"><\/div>\n\n\n\n<p><strong>Zdroj foto: <\/strong>Bohemian Symphony Orchestra Prague<\/p>\n\n\n\n<div style=\"height:100px\" aria-hidden=\"true\" class=\"wp-block-spacer\"><\/div>\n","protected":false},"excerpt":{"rendered":"<p>Na Pra\u017esk\u00fdch P\u0159\u00edkopech v Obecn\u00edm dom\u011b se 22. dubna uskute\u010dn\u00ed koncert POP IN SYMPHONY: THE EPIC SYMPHONIC SHOW. U\u017eijte si neopakovatelnou koncertn\u00ed show a vychutnejte si ty nejv\u011bt\u0161\u00ed a nejslavn\u011bj\u0161\u00ed popov\u00e9 hity hv\u011bzd jako&#46;&#46;&#46;<\/p>\n","protected":false},"author":6,"featured_media":8395,"comment_status":"closed","ping_status":"closed","sticky":false,"template":"","format":"standard","meta":{"_monsterinsights_skip_tracking":false,"_monsterinsights_sitenote_active":false,"_monsterinsights_sitenote_note":"","_monsterinsights_sitenote_category":0,"footnotes":""},"categories":[19,18,2,10,4],"tags":[],"yoast_head":"<!-- This site is optimized with the Yoast SEO plugin v21.5 - https:\/\/yoast.com\/wordpress\/plugins\/seo\/ -->\n<title>V Obecn\u00edm dom\u011b v Praze zazn\u00ed nejv\u011bt\u0161\u00ed sv\u011btov\u00e9 popov\u00e9 hity v\u00a0jedine\u010dn\u00e9 koncertn\u00ed show se symfonick\u00fdm orchestrem - CELEBRITYHOUSE.cz<\/title>\n<meta name=\"description\" content=\"U\u017eijte si neopakovatelnou koncertn\u00ed show a vychutnejte si ty nejv\u011bt\u0161\u00ed a nejslavn\u011bj\u0161\u00ed popov\u00e9 hity hv\u011bzd jako jsou Madonna, Adele, ABBA, Beyonc\u00e9, Rihanna, Bruno, Mars nebo Lady Gaga a dal\u0161\u00edch! Ji\u017e 22. dubna za\u017eije Obecn\u00ed d\u016fm jedine\u010dnou koncertn\u00ed j\u00edzdu a rozezn\u00ed se v duchu nejv\u011bt\u0161\u00edch popov\u00fdch hit\u016f v\u0161ech dob.\" \/>\n<meta name=\"robots\" content=\"index, follow, max-snippet:-1, max-image-preview:large, max-video-preview:-1\" \/>\n<link rel=\"canonical\" href=\"https:\/\/celebrityhouse.cz\/index.php\/2024\/03\/26\/v-obecnim-dome-v-praze-zazni-nejvetsi-svetove-popove-hity-v-jedinecne-koncertni-show-se-symfonickym-orchestrem\/\" \/>\n<meta property=\"og:locale\" content=\"cs_CZ\" \/>\n<meta property=\"og:type\" content=\"article\" \/>\n<meta property=\"og:title\" content=\"V Obecn\u00edm dom\u011b v Praze zazn\u00ed nejv\u011bt\u0161\u00ed sv\u011btov\u00e9 popov\u00e9 hity v\u00a0jedine\u010dn\u00e9 koncertn\u00ed show se symfonick\u00fdm orchestrem - CELEBRITYHOUSE.cz\" \/>\n<meta property=\"og:description\" content=\"U\u017eijte si neopakovatelnou koncertn\u00ed show a vychutnejte si ty nejv\u011bt\u0161\u00ed a nejslavn\u011bj\u0161\u00ed popov\u00e9 hity hv\u011bzd jako jsou Madonna, Adele, ABBA, Beyonc\u00e9, Rihanna, Bruno, Mars nebo Lady Gaga a dal\u0161\u00edch! Ji\u017e 22. dubna za\u017eije Obecn\u00ed d\u016fm jedine\u010dnou koncertn\u00ed j\u00edzdu a rozezn\u00ed se v duchu nejv\u011bt\u0161\u00edch popov\u00fdch hit\u016f v\u0161ech dob.\" \/>\n<meta property=\"og:url\" content=\"https:\/\/celebrityhouse.cz\/index.php\/2024\/03\/26\/v-obecnim-dome-v-praze-zazni-nejvetsi-svetove-popove-hity-v-jedinecne-koncertni-show-se-symfonickym-orchestrem\/\" \/>\n<meta property=\"og:site_name\" content=\"CELEBRITYHOUSE.cz\" \/>\n<meta property=\"article:published_time\" content=\"2024-03-25T23:01:00+00:00\" \/>\n<meta property=\"article:modified_time\" content=\"2024-03-23T01:03:04+00:00\" \/>\n<meta property=\"og:image\" content=\"https:\/\/celebrityhouse.cz\/wp-content\/uploads\/2024\/03\/DIV_5123.jpg\" \/>\n\t<meta property=\"og:image:width\" content=\"1378\" \/>\n\t<meta property=\"og:image:height\" content=\"919\" \/>\n\t<meta property=\"og:image:type\" content=\"image\/jpeg\" \/>\n<meta name=\"author\" content=\"Petra Kub\u00edkov\u00e1\" \/>\n<meta name=\"twitter:card\" content=\"summary_large_image\" \/>\n<meta name=\"twitter:label1\" content=\"Napsal(a)\" \/>\n\t<meta name=\"twitter:data1\" content=\"Petra Kub\u00edkov\u00e1\" \/>\n\t<meta name=\"twitter:label2\" content=\"Odhadovan\u00e1 doba \u010dten\u00ed\" \/>\n\t<meta name=\"twitter:data2\" content=\"5 minut\" \/>\n<script type=\"application\/ld+json\" class=\"yoast-schema-graph\">{\"@context\":\"https:\/\/schema.org\",\"@graph\":[{\"@type\":\"Article\",\"@id\":\"https:\/\/celebrityhouse.cz\/index.php\/2024\/03\/26\/v-obecnim-dome-v-praze-zazni-nejvetsi-svetove-popove-hity-v-jedinecne-koncertni-show-se-symfonickym-orchestrem\/#article\",\"isPartOf\":{\"@id\":\"https:\/\/celebrityhouse.cz\/index.php\/2024\/03\/26\/v-obecnim-dome-v-praze-zazni-nejvetsi-svetove-popove-hity-v-jedinecne-koncertni-show-se-symfonickym-orchestrem\/\"},\"author\":{\"name\":\"Petra Kub\u00edkov\u00e1\",\"@id\":\"https:\/\/celebrityhouse.cz\/#\/schema\/person\/91fc6a2bd574f7b7c97db353cb97f0be\"},\"headline\":\"V Obecn\u00edm dom\u011b v Praze zazn\u00ed nejv\u011bt\u0161\u00ed sv\u011btov\u00e9 popov\u00e9 hity v\u00a0jedine\u010dn\u00e9 koncertn\u00ed show se symfonick\u00fdm orchestrem\",\"datePublished\":\"2024-03-25T23:01:00+00:00\",\"dateModified\":\"2024-03-23T01:03:04+00:00\",\"mainEntityOfPage\":{\"@id\":\"https:\/\/celebrityhouse.cz\/index.php\/2024\/03\/26\/v-obecnim-dome-v-praze-zazni-nejvetsi-svetove-popove-hity-v-jedinecne-koncertni-show-se-symfonickym-orchestrem\/\"},\"wordCount\":493,\"publisher\":{\"@id\":\"https:\/\/celebrityhouse.cz\/#organization\"},\"articleSection\":[\"AKCE\",\"LIFESTYLE\",\"NEWS\",\"TIPY &amp; TRENDY\",\"ZAHRANI\u010cN\u00cd CELEBRITY\"],\"inLanguage\":\"cs\"},{\"@type\":\"WebPage\",\"@id\":\"https:\/\/celebrityhouse.cz\/index.php\/2024\/03\/26\/v-obecnim-dome-v-praze-zazni-nejvetsi-svetove-popove-hity-v-jedinecne-koncertni-show-se-symfonickym-orchestrem\/\",\"url\":\"https:\/\/celebrityhouse.cz\/index.php\/2024\/03\/26\/v-obecnim-dome-v-praze-zazni-nejvetsi-svetove-popove-hity-v-jedinecne-koncertni-show-se-symfonickym-orchestrem\/\",\"name\":\"V Obecn\u00edm dom\u011b v Praze zazn\u00ed nejv\u011bt\u0161\u00ed sv\u011btov\u00e9 popov\u00e9 hity v\u00a0jedine\u010dn\u00e9 koncertn\u00ed show se symfonick\u00fdm orchestrem - CELEBRITYHOUSE.cz\",\"isPartOf\":{\"@id\":\"https:\/\/celebrityhouse.cz\/#website\"},\"datePublished\":\"2024-03-25T23:01:00+00:00\",\"dateModified\":\"2024-03-23T01:03:04+00:00\",\"description\":\"U\u017eijte si neopakovatelnou koncertn\u00ed show a vychutnejte si ty nejv\u011bt\u0161\u00ed a nejslavn\u011bj\u0161\u00ed popov\u00e9 hity hv\u011bzd jako jsou Madonna, Adele, ABBA, Beyonc\u00e9, Rihanna, Bruno, Mars nebo Lady Gaga a dal\u0161\u00edch! Ji\u017e 22. dubna za\u017eije Obecn\u00ed d\u016fm jedine\u010dnou koncertn\u00ed j\u00edzdu a rozezn\u00ed se v duchu nejv\u011bt\u0161\u00edch popov\u00fdch hit\u016f v\u0161ech dob.\",\"breadcrumb\":{\"@id\":\"https:\/\/celebrityhouse.cz\/index.php\/2024\/03\/26\/v-obecnim-dome-v-praze-zazni-nejvetsi-svetove-popove-hity-v-jedinecne-koncertni-show-se-symfonickym-orchestrem\/#breadcrumb\"},\"inLanguage\":\"cs\",\"potentialAction\":[{\"@type\":\"ReadAction\",\"target\":[\"https:\/\/celebrityhouse.cz\/index.php\/2024\/03\/26\/v-obecnim-dome-v-praze-zazni-nejvetsi-svetove-popove-hity-v-jedinecne-koncertni-show-se-symfonickym-orchestrem\/\"]}]},{\"@type\":\"BreadcrumbList\",\"@id\":\"https:\/\/celebrityhouse.cz\/index.php\/2024\/03\/26\/v-obecnim-dome-v-praze-zazni-nejvetsi-svetove-popove-hity-v-jedinecne-koncertni-show-se-symfonickym-orchestrem\/#breadcrumb\",\"itemListElement\":[{\"@type\":\"ListItem\",\"position\":1,\"name\":\"Dom\u016f\",\"item\":\"https:\/\/celebrityhouse.cz\/\"},{\"@type\":\"ListItem\",\"position\":2,\"name\":\"V Obecn\u00edm dom\u011b v Praze zazn\u00ed nejv\u011bt\u0161\u00ed sv\u011btov\u00e9 popov\u00e9 hity v\u00a0jedine\u010dn\u00e9 koncertn\u00ed show se symfonick\u00fdm orchestrem\"}]},{\"@type\":\"WebSite\",\"@id\":\"https:\/\/celebrityhouse.cz\/#website\",\"url\":\"https:\/\/celebrityhouse.cz\/\",\"name\":\"CELEBRITYHOUSE.cz\",\"description\":\"Port\u00e1l o showbyznysu...\",\"publisher\":{\"@id\":\"https:\/\/celebrityhouse.cz\/#organization\"},\"potentialAction\":[{\"@type\":\"SearchAction\",\"target\":{\"@type\":\"EntryPoint\",\"urlTemplate\":\"https:\/\/celebrityhouse.cz\/?s={search_term_string}\"},\"query-input\":\"required name=search_term_string\"}],\"inLanguage\":\"cs\"},{\"@type\":\"Organization\",\"@id\":\"https:\/\/celebrityhouse.cz\/#organization\",\"name\":\"CELEBRITYHOUSE.cz\",\"url\":\"https:\/\/celebrityhouse.cz\/\",\"logo\":{\"@type\":\"ImageObject\",\"inLanguage\":\"cs\",\"@id\":\"https:\/\/celebrityhouse.cz\/#\/schema\/logo\/image\/\",\"url\":\"https:\/\/celebrityhouse.cz\/wp-content\/uploads\/2024\/12\/cropped-Logo_CelebrityHouse_2.jpg\",\"contentUrl\":\"https:\/\/celebrityhouse.cz\/wp-content\/uploads\/2024\/12\/cropped-Logo_CelebrityHouse_2.jpg\",\"width\":937,\"height\":510,\"caption\":\"CELEBRITYHOUSE.cz\"},\"image\":{\"@id\":\"https:\/\/celebrityhouse.cz\/#\/schema\/logo\/image\/\"}},{\"@type\":\"Person\",\"@id\":\"https:\/\/celebrityhouse.cz\/#\/schema\/person\/91fc6a2bd574f7b7c97db353cb97f0be\",\"name\":\"Petra Kub\u00edkov\u00e1\",\"image\":{\"@type\":\"ImageObject\",\"inLanguage\":\"cs\",\"@id\":\"https:\/\/celebrityhouse.cz\/#\/schema\/person\/image\/\",\"url\":\"https:\/\/secure.gravatar.com\/avatar\/b73acd1265062ae3b93da9908474de40?s=96&d=mm&r=g\",\"contentUrl\":\"https:\/\/secure.gravatar.com\/avatar\/b73acd1265062ae3b93da9908474de40?s=96&d=mm&r=g\",\"caption\":\"Petra Kub\u00edkov\u00e1\"},\"sameAs\":[\"http:\/\/CELEBRITYHOUSE.cz\"],\"url\":\"https:\/\/celebrityhouse.cz\/index.php\/author\/kubip\/\"}]}<\/script>\n<!-- \/ Yoast SEO plugin. -->","yoast_head_json":{"title":"V Obecn\u00edm dom\u011b v Praze zazn\u00ed nejv\u011bt\u0161\u00ed sv\u011btov\u00e9 popov\u00e9 hity v\u00a0jedine\u010dn\u00e9 koncertn\u00ed show se symfonick\u00fdm orchestrem - CELEBRITYHOUSE.cz","description":"U\u017eijte si neopakovatelnou koncertn\u00ed show a vychutnejte si ty nejv\u011bt\u0161\u00ed a nejslavn\u011bj\u0161\u00ed popov\u00e9 hity hv\u011bzd jako jsou Madonna, Adele, ABBA, Beyonc\u00e9, Rihanna, Bruno, Mars nebo Lady Gaga a dal\u0161\u00edch! Ji\u017e 22. dubna za\u017eije Obecn\u00ed d\u016fm jedine\u010dnou koncertn\u00ed j\u00edzdu a rozezn\u00ed se v duchu nejv\u011bt\u0161\u00edch popov\u00fdch hit\u016f v\u0161ech dob.","robots":{"index":"index","follow":"follow","max-snippet":"max-snippet:-1","max-image-preview":"max-image-preview:large","max-video-preview":"max-video-preview:-1"},"canonical":"https:\/\/celebrityhouse.cz\/index.php\/2024\/03\/26\/v-obecnim-dome-v-praze-zazni-nejvetsi-svetove-popove-hity-v-jedinecne-koncertni-show-se-symfonickym-orchestrem\/","og_locale":"cs_CZ","og_type":"article","og_title":"V Obecn\u00edm dom\u011b v Praze zazn\u00ed nejv\u011bt\u0161\u00ed sv\u011btov\u00e9 popov\u00e9 hity v\u00a0jedine\u010dn\u00e9 koncertn\u00ed show se symfonick\u00fdm orchestrem - CELEBRITYHOUSE.cz","og_description":"U\u017eijte si neopakovatelnou koncertn\u00ed show a vychutnejte si ty nejv\u011bt\u0161\u00ed a nejslavn\u011bj\u0161\u00ed popov\u00e9 hity hv\u011bzd jako jsou Madonna, Adele, ABBA, Beyonc\u00e9, Rihanna, Bruno, Mars nebo Lady Gaga a dal\u0161\u00edch! Ji\u017e 22. dubna za\u017eije Obecn\u00ed d\u016fm jedine\u010dnou koncertn\u00ed j\u00edzdu a rozezn\u00ed se v duchu nejv\u011bt\u0161\u00edch popov\u00fdch hit\u016f v\u0161ech dob.","og_url":"https:\/\/celebrityhouse.cz\/index.php\/2024\/03\/26\/v-obecnim-dome-v-praze-zazni-nejvetsi-svetove-popove-hity-v-jedinecne-koncertni-show-se-symfonickym-orchestrem\/","og_site_name":"CELEBRITYHOUSE.cz","article_published_time":"2024-03-25T23:01:00+00:00","article_modified_time":"2024-03-23T01:03:04+00:00","og_image":[{"width":1378,"height":919,"url":"https:\/\/celebrityhouse.cz\/wp-content\/uploads\/2024\/03\/DIV_5123.jpg","type":"image\/jpeg"}],"author":"Petra Kub\u00edkov\u00e1","twitter_card":"summary_large_image","twitter_misc":{"Napsal(a)":"Petra Kub\u00edkov\u00e1","Odhadovan\u00e1 doba \u010dten\u00ed":"5 minut"},"schema":{"@context":"https:\/\/schema.org","@graph":[{"@type":"Article","@id":"https:\/\/celebrityhouse.cz\/index.php\/2024\/03\/26\/v-obecnim-dome-v-praze-zazni-nejvetsi-svetove-popove-hity-v-jedinecne-koncertni-show-se-symfonickym-orchestrem\/#article","isPartOf":{"@id":"https:\/\/celebrityhouse.cz\/index.php\/2024\/03\/26\/v-obecnim-dome-v-praze-zazni-nejvetsi-svetove-popove-hity-v-jedinecne-koncertni-show-se-symfonickym-orchestrem\/"},"author":{"name":"Petra Kub\u00edkov\u00e1","@id":"https:\/\/celebrityhouse.cz\/#\/schema\/person\/91fc6a2bd574f7b7c97db353cb97f0be"},"headline":"V Obecn\u00edm dom\u011b v Praze zazn\u00ed nejv\u011bt\u0161\u00ed sv\u011btov\u00e9 popov\u00e9 hity v\u00a0jedine\u010dn\u00e9 koncertn\u00ed show se symfonick\u00fdm orchestrem","datePublished":"2024-03-25T23:01:00+00:00","dateModified":"2024-03-23T01:03:04+00:00","mainEntityOfPage":{"@id":"https:\/\/celebrityhouse.cz\/index.php\/2024\/03\/26\/v-obecnim-dome-v-praze-zazni-nejvetsi-svetove-popove-hity-v-jedinecne-koncertni-show-se-symfonickym-orchestrem\/"},"wordCount":493,"publisher":{"@id":"https:\/\/celebrityhouse.cz\/#organization"},"articleSection":["AKCE","LIFESTYLE","NEWS","TIPY &amp; TRENDY","ZAHRANI\u010cN\u00cd CELEBRITY"],"inLanguage":"cs"},{"@type":"WebPage","@id":"https:\/\/celebrityhouse.cz\/index.php\/2024\/03\/26\/v-obecnim-dome-v-praze-zazni-nejvetsi-svetove-popove-hity-v-jedinecne-koncertni-show-se-symfonickym-orchestrem\/","url":"https:\/\/celebrityhouse.cz\/index.php\/2024\/03\/26\/v-obecnim-dome-v-praze-zazni-nejvetsi-svetove-popove-hity-v-jedinecne-koncertni-show-se-symfonickym-orchestrem\/","name":"V Obecn\u00edm dom\u011b v Praze zazn\u00ed nejv\u011bt\u0161\u00ed sv\u011btov\u00e9 popov\u00e9 hity v\u00a0jedine\u010dn\u00e9 koncertn\u00ed show se symfonick\u00fdm orchestrem - CELEBRITYHOUSE.cz","isPartOf":{"@id":"https:\/\/celebrityhouse.cz\/#website"},"datePublished":"2024-03-25T23:01:00+00:00","dateModified":"2024-03-23T01:03:04+00:00","description":"U\u017eijte si neopakovatelnou koncertn\u00ed show a vychutnejte si ty nejv\u011bt\u0161\u00ed a nejslavn\u011bj\u0161\u00ed popov\u00e9 hity hv\u011bzd jako jsou Madonna, Adele, ABBA, Beyonc\u00e9, Rihanna, Bruno, Mars nebo Lady Gaga a dal\u0161\u00edch! Ji\u017e 22. dubna za\u017eije Obecn\u00ed d\u016fm jedine\u010dnou koncertn\u00ed j\u00edzdu a rozezn\u00ed se v duchu nejv\u011bt\u0161\u00edch popov\u00fdch hit\u016f v\u0161ech dob.","breadcrumb":{"@id":"https:\/\/celebrityhouse.cz\/index.php\/2024\/03\/26\/v-obecnim-dome-v-praze-zazni-nejvetsi-svetove-popove-hity-v-jedinecne-koncertni-show-se-symfonickym-orchestrem\/#breadcrumb"},"inLanguage":"cs","potentialAction":[{"@type":"ReadAction","target":["https:\/\/celebrityhouse.cz\/index.php\/2024\/03\/26\/v-obecnim-dome-v-praze-zazni-nejvetsi-svetove-popove-hity-v-jedinecne-koncertni-show-se-symfonickym-orchestrem\/"]}]},{"@type":"BreadcrumbList","@id":"https:\/\/celebrityhouse.cz\/index.php\/2024\/03\/26\/v-obecnim-dome-v-praze-zazni-nejvetsi-svetove-popove-hity-v-jedinecne-koncertni-show-se-symfonickym-orchestrem\/#breadcrumb","itemListElement":[{"@type":"ListItem","position":1,"name":"Dom\u016f","item":"https:\/\/celebrityhouse.cz\/"},{"@type":"ListItem","position":2,"name":"V Obecn\u00edm dom\u011b v Praze zazn\u00ed nejv\u011bt\u0161\u00ed sv\u011btov\u00e9 popov\u00e9 hity v\u00a0jedine\u010dn\u00e9 koncertn\u00ed show se symfonick\u00fdm orchestrem"}]},{"@type":"WebSite","@id":"https:\/\/celebrityhouse.cz\/#website","url":"https:\/\/celebrityhouse.cz\/","name":"CELEBRITYHOUSE.cz","description":"Port\u00e1l o showbyznysu...","publisher":{"@id":"https:\/\/celebrityhouse.cz\/#organization"},"potentialAction":[{"@type":"SearchAction","target":{"@type":"EntryPoint","urlTemplate":"https:\/\/celebrityhouse.cz\/?s={search_term_string}"},"query-input":"required name=search_term_string"}],"inLanguage":"cs"},{"@type":"Organization","@id":"https:\/\/celebrityhouse.cz\/#organization","name":"CELEBRITYHOUSE.cz","url":"https:\/\/celebrityhouse.cz\/","logo":{"@type":"ImageObject","inLanguage":"cs","@id":"https:\/\/celebrityhouse.cz\/#\/schema\/logo\/image\/","url":"https:\/\/celebrityhouse.cz\/wp-content\/uploads\/2024\/12\/cropped-Logo_CelebrityHouse_2.jpg","contentUrl":"https:\/\/celebrityhouse.cz\/wp-content\/uploads\/2024\/12\/cropped-Logo_CelebrityHouse_2.jpg","width":937,"height":510,"caption":"CELEBRITYHOUSE.cz"},"image":{"@id":"https:\/\/celebrityhouse.cz\/#\/schema\/logo\/image\/"}},{"@type":"Person","@id":"https:\/\/celebrityhouse.cz\/#\/schema\/person\/91fc6a2bd574f7b7c97db353cb97f0be","name":"Petra Kub\u00edkov\u00e1","image":{"@type":"ImageObject","inLanguage":"cs","@id":"https:\/\/celebrityhouse.cz\/#\/schema\/person\/image\/","url":"https:\/\/secure.gravatar.com\/avatar\/b73acd1265062ae3b93da9908474de40?s=96&d=mm&r=g","contentUrl":"https:\/\/secure.gravatar.com\/avatar\/b73acd1265062ae3b93da9908474de40?s=96&d=mm&r=g","caption":"Petra Kub\u00edkov\u00e1"},"sameAs":["http:\/\/CELEBRITYHOUSE.cz"],"url":"https:\/\/celebrityhouse.cz\/index.php\/author\/kubip\/"}]}},"_links":{"self":[{"href":"https:\/\/celebrityhouse.cz\/index.php\/wp-json\/wp\/v2\/posts\/8394"}],"collection":[{"href":"https:\/\/celebrityhouse.cz\/index.php\/wp-json\/wp\/v2\/posts"}],"about":[{"href":"https:\/\/celebrityhouse.cz\/index.php\/wp-json\/wp\/v2\/types\/post"}],"author":[{"embeddable":true,"href":"https:\/\/celebrityhouse.cz\/index.php\/wp-json\/wp\/v2\/users\/6"}],"replies":[{"embeddable":true,"href":"https:\/\/celebrityhouse.cz\/index.php\/wp-json\/wp\/v2\/comments?post=8394"}],"version-history":[{"count":1,"href":"https:\/\/celebrityhouse.cz\/index.php\/wp-json\/wp\/v2\/posts\/8394\/revisions"}],"predecessor-version":[{"id":8396,"href":"https:\/\/celebrityhouse.cz\/index.php\/wp-json\/wp\/v2\/posts\/8394\/revisions\/8396"}],"wp:featuredmedia":[{"embeddable":true,"href":"https:\/\/celebrityhouse.cz\/index.php\/wp-json\/wp\/v2\/media\/8395"}],"wp:attachment":[{"href":"https:\/\/celebrityhouse.cz\/index.php\/wp-json\/wp\/v2\/media?parent=8394"}],"wp:term":[{"taxonomy":"category","embeddable":true,"href":"https:\/\/celebrityhouse.cz\/index.php\/wp-json\/wp\/v2\/categories?post=8394"},{"taxonomy":"post_tag","embeddable":true,"href":"https:\/\/celebrityhouse.cz\/index.php\/wp-json\/wp\/v2\/tags?post=8394"}],"curies":[{"name":"wp","href":"https:\/\/api.w.org\/{rel}","templated":true}]}}