{"id":8640,"date":"2024-05-27T00:01:00","date_gmt":"2024-05-26T22:01:00","guid":{"rendered":"https:\/\/celebrityhouse.cz\/?p=8640"},"modified":"2024-06-05T17:25:49","modified_gmt":"2024-06-05T15:25:49","slug":"detska-opera-praha-slavi-25-let-slavnostni-koncert-v-obecnim-dome-11-6-od-1900-hodin","status":"publish","type":"post","link":"https:\/\/celebrityhouse.cz\/index.php\/2024\/05\/27\/detska-opera-praha-slavi-25-let-slavnostni-koncert-v-obecnim-dome-11-6-od-1900-hodin\/","title":{"rendered":"D\u011btsk\u00e1 opera Praha slav\u00ed 25 let: Slavnostn\u00ed koncert v Obecn\u00edm dom\u011b 11.6. od 19:00 hodin"},"content":{"rendered":"\n<div style=\"height:45px\" aria-hidden=\"true\" class=\"wp-block-spacer\"><\/div>\n\n\n\n<p><strong>D\u011btsk\u00e1 opera Praha (DOP) p\u0159in\u00e1\u0161\u00ed nezapomenuteln\u00fd ve\u010der pln\u00fd hudby a emoc\u00ed. P\u0159i p\u0159\u00edle\u017eitosti sv\u00e9ho 25. v\u00fdro\u010d\u00ed zve ve\u0159ejnost na slavnostn\u00ed koncert, kter\u00fd se uskute\u010dn\u00ed dne 11. \u010dervna 2024 od 19 hodin v Obecn\u00edm dom\u011b v Praze.<\/strong><\/p>\n\n\n\n<div style=\"height:43px\" aria-hidden=\"true\" class=\"wp-block-spacer\"><\/div>\n\n\n<div class=\"wp-block-image\">\n<figure class=\"aligncenter size-large\"><img decoding=\"async\" src=\"https:\/\/letniservis.cz\/wp-content\/uploads\/2024\/05\/1715346473_2-1024x677.png\" alt=\"D\u011btsk\u00e1 opera Praha slav\u00ed 25 let: Slavnostn\u00ed koncert v Obecn\u00edm dom\u011b\" class=\"wp-image-2825\"\/><\/figure><\/div>\n\n\n<div style=\"height:45px\" aria-hidden=\"true\" class=\"wp-block-spacer\"><\/div>\n\n\n\n<p><strong>Akce se kon\u00e1 pod z\u00e1\u0161titou prim\u00e1tora hlavn\u00edho m\u011bsta Prahy doc. MUDr. Bohuslava Svobody, CSc. a starostky m\u011bstsk\u00e9 \u010d\u00e1sti Praha 1 Mgr. Terezie Radom\u011b\u0159sk\u00e9.<\/strong><\/p>\n\n\n\n<div style=\"height:45px\" aria-hidden=\"true\" class=\"wp-block-spacer\"><\/div>\n\n\n<div class=\"wp-block-image\">\n<figure class=\"aligncenter size-large\"><img decoding=\"async\" src=\"https:\/\/prazskeprikopy.cz\/wp-content\/uploads\/2024\/05\/1715346515_5-1024x679.png\" alt=\"D\u011btsk\u00e1 opera Praha slav\u00ed 25 let: Slavnostn\u00ed koncert v Obecn\u00edm dom\u011b\" class=\"wp-image-5755\"\/><\/figure><\/div>\n\n\n<div style=\"height:45px\" aria-hidden=\"true\" class=\"wp-block-spacer\"><\/div>\n\n\n\n<p>Vrcholem ve\u010dera bude p\u0159edstaven\u00ed Brundib\u00e1ra od Hanse Kr\u00e1sy, kter\u00e9 p\u0159ipom\u00edn\u00e1 osudy \u017eidovsk\u00fdch d\u011bt\u00ed z obdob\u00ed 2. sv\u011btov\u00e9 v\u00e1lky. Soubor D\u011btsk\u00e9 opery Praha p\u0159edstav\u00ed tento titul v p\u016fvodn\u00edm pra\u017esk\u00e9m nastudov\u00e1n\u00ed, kter\u00fd od sv\u00e9ho zalo\u017een\u00ed uv\u00e1d\u00ed jako st\u011b\u017eejn\u00ed p\u0159edstaven\u00ed, a to v\u010detn\u011b b\u00fdval\u00fdch \u010dlen\u016f souboru. P\u0159ed samotn\u00fdm p\u0159edstaven\u00edm zazn\u00ed zn\u00e1m\u00e9 opern\u00ed \u00e1rie od p\u0159edn\u00edch s\u00f3list\u016f \u010desk\u00fdch opern\u00edch sc\u00e9n, zazp\u00edv\u00e1 Ale\u0161 Briscein, Daniel Matou\u0161ek, Barbora Pern\u00e1, Michaela Zajmi a Ji\u0159\u00ed H\u00e1jek za doprovodu \u010dlen\u016f orchestru N\u00e1rodn\u00edho divadla.<\/p>\n\n\n\n<div style=\"height:45px\" aria-hidden=\"true\" class=\"wp-block-spacer\"><\/div>\n\n\n\n<figure class=\"wp-block-gallery has-nested-images columns-default is-cropped wp-block-gallery-1 is-layout-flex wp-block-gallery-is-layout-flex\">\n<figure class=\"wp-block-image size-large\"><img decoding=\"async\" data-id=\"5758\" src=\"https:\/\/prazskeprikopy.cz\/wp-content\/uploads\/2024\/05\/1715346488_3-1024x676.png\" alt=\"D\u011btsk\u00e1 opera Praha slav\u00ed 25 let: Slavnostn\u00ed koncert v Obecn\u00edm dom\u011b\" class=\"wp-image-5758\"\/><\/figure>\n\n\n\n<figure class=\"wp-block-image size-large\"><img decoding=\"async\" data-id=\"5757\" src=\"https:\/\/prazskeprikopy.cz\/wp-content\/uploads\/2024\/05\/1715346530_6-1024x584.png\" alt=\"D\u011btsk\u00e1 opera Praha slav\u00ed 25 let: Slavnostn\u00ed koncert v Obecn\u00edm dom\u011b\" class=\"wp-image-5757\"\/><\/figure>\n<\/figure>\n\n\n\n<div style=\"height:45px\" aria-hidden=\"true\" class=\"wp-block-spacer\"><\/div>\n\n\n\n<p>Hudebn\u00edho nastudov\u00e1n\u00ed se pro tento ve\u010der ujmou \u0161\u00e9fdirigent N\u00e1rodn\u00edho divadla Robert Jindra a sbormistr D\u011btsk\u00e9 opery Praha Martin Vydra, to v\u0161e v re\u017eii \u0159editelky DOP Ji\u0159iny Markov\u00e9 Krystl\u00edkov\u00e9 v p\u016fvodn\u00ed choreografii Josefa Kot\u011b\u0161ovsk\u00e9ho. P\u011bveck\u00fdch rol\u00ed se zhost\u00ed sou\u010dasn\u00ed \u010dlenov\u00e9 DOP, ve sborov\u00fdch \u010d\u00e1stech dopln\u00ed soubor b\u00fdval\u00ed \u010dlenov\u00e9 souboru, nap\u0159\u00edklad Barbora Pern\u00e1, Karol\u00edna \u017dmol\u00edkov\u00e1 Cingro\u0161ov\u00e1, Jakub Hlin\u011bnsk\u00fd, dirigentka Anna Novotn\u00e1 Pe\u0161kov\u00e1 nebo herec Ond\u0159ej Havel.<\/p>\n\n\n\n<p>D\u011btsk\u00e1 opera Praha, zalo\u017een\u00e1 v roce 1999, se stala nezbytnou sou\u010d\u00e1st\u00ed pra\u017esk\u00e9 opern\u00ed sc\u00e9ny. S reperto\u00e1rem roz\u0161\u00ed\u0159en\u00fdm i do ital\u0161tiny a n\u011bm\u010diny a dev\u00edti vydan\u00fdmi CD, nab\u00edz\u00ed DOP nejen kvalitn\u00ed hudbu, vzd\u011bl\u00e1vac\u00ed programy, ale i poutav\u00e9 inscenace pro v\u0161echny v\u011bkov\u00e9 skupiny.<\/p>\n\n\n\n<div style=\"height:45px\" aria-hidden=\"true\" class=\"wp-block-spacer\"><\/div>\n\n\n<div class=\"wp-block-image\">\n<figure class=\"aligncenter size-large\"><img decoding=\"async\" src=\"https:\/\/prazskeprikopy.cz\/wp-content\/uploads\/2024\/05\/1715346458_1-725x1024.jpg\" alt=\"D\u011btsk\u00e1 opera Praha slav\u00ed 25 let: Slavnostn\u00ed koncert v Obecn\u00edm dom\u011b\" class=\"wp-image-5760\"\/><\/figure><\/div>\n\n\n<div style=\"height:45px\" aria-hidden=\"true\" class=\"wp-block-spacer\"><\/div>\n\n\n\n<h2 class=\"wp-block-heading\">Vstupenky:<\/h2>\n\n\n\n<div style=\"height:15px\" aria-hidden=\"true\" class=\"wp-block-spacer\"><\/div>\n\n\n\n<p><strong>V prodeji na:&nbsp;<a href=\"https:\/\/www.ticketportal.cz\/event\/Detska-opera-Praha-25-let\">https:\/\/www.ticketportal.cz\/event\/Detska-opera-Praha-25-let<\/a><\/strong><\/p>\n\n\n\n<p><strong>Poskytov\u00e1ny slevy pro rezidenty Prahy 1, studenty a seniory.<\/strong><\/p>\n\n\n\n<p><strong>Na akci bude zaji\u0161t\u011bn\u00e9 vstupn\u00e9 pro voz\u00ed\u010dk\u00e1\u0159e.<\/strong><\/p>\n\n\n\n<div style=\"height:15px\" aria-hidden=\"true\" class=\"wp-block-spacer\"><\/div>\n\n\n\n<p><strong>V\u00edce informac\u00ed na:&nbsp;<a href=\"http:\/\/www.detskaoperapraha.cz\/\">http:\/\/www.detskaoperapraha.cz\/<\/a><\/strong><\/p>\n\n\n\n<div style=\"height:45px\" aria-hidden=\"true\" class=\"wp-block-spacer\"><\/div>\n\n\n\n<figure class=\"wp-block-gallery has-nested-images columns-2 is-cropped wp-block-gallery-2 is-layout-flex wp-block-gallery-is-layout-flex\">\n<figure class=\"wp-block-image size-large\"><img decoding=\"async\" data-id=\"5756\" src=\"https:\/\/prazskeprikopy.cz\/wp-content\/uploads\/2024\/05\/1715346473_2-1024x677.png\" alt=\"D\u011btsk\u00e1 opera Praha slav\u00ed 25 let: Slavnostn\u00ed koncert v Obecn\u00edm dom\u011b\" class=\"wp-image-5756\"\/><\/figure>\n\n\n\n<figure class=\"wp-block-image size-large\"><img decoding=\"async\" data-id=\"5758\" src=\"https:\/\/prazskeprikopy.cz\/wp-content\/uploads\/2024\/05\/1715346488_3-1024x676.png\" alt=\"D\u011btsk\u00e1 opera Praha slav\u00ed 25 let: Slavnostn\u00ed koncert v Obecn\u00edm dom\u011b\" class=\"wp-image-5758\"\/><\/figure>\n\n\n\n<figure class=\"wp-block-image size-large\"><img decoding=\"async\" data-id=\"5759\" src=\"https:\/\/prazskeprikopy.cz\/wp-content\/uploads\/2024\/05\/1715346502_4-1024x684.png\" alt=\"D\u011btsk\u00e1 opera Praha slav\u00ed 25 let: Slavnostn\u00ed koncert v Obecn\u00edm dom\u011b\" class=\"wp-image-5759\"\/><\/figure>\n\n\n\n<figure class=\"wp-block-image size-large\"><img decoding=\"async\" data-id=\"5755\" src=\"https:\/\/prazskeprikopy.cz\/wp-content\/uploads\/2024\/05\/1715346515_5-1024x679.png\" alt=\"D\u011btsk\u00e1 opera Praha slav\u00ed 25 let: Slavnostn\u00ed koncert v Obecn\u00edm dom\u011b\" class=\"wp-image-5755\"\/><\/figure>\n\n\n\n<figure class=\"wp-block-image size-large\"><img decoding=\"async\" data-id=\"5757\" src=\"https:\/\/prazskeprikopy.cz\/wp-content\/uploads\/2024\/05\/1715346530_6-1024x584.png\" alt=\"D\u011btsk\u00e1 opera Praha slav\u00ed 25 let: Slavnostn\u00ed koncert v Obecn\u00edm dom\u011b\" class=\"wp-image-5757\"\/><\/figure>\n<\/figure>\n\n\n\n<div style=\"height:29px\" aria-hidden=\"true\" class=\"wp-block-spacer\"><\/div>\n\n\n\n<figure class=\"wp-block-image size-large is-resized\"><img decoding=\"async\" src=\"https:\/\/prazskeprikopy.cz\/wp-content\/uploads\/2024\/05\/1715346458_1-725x1024.jpg\" alt=\"D\u011btsk\u00e1 opera Praha slav\u00ed 25 let: Slavnostn\u00ed koncert v Obecn\u00edm dom\u011b\" class=\"wp-image-5760\" style=\"width:790px;height:1116px\"\/><\/figure>\n\n\n\n<div style=\"height:45px\" aria-hidden=\"true\" class=\"wp-block-spacer\"><\/div>\n\n\n\n<p><strong>Zdroj foto: <\/strong>Obecn\u00ed d\u016fm, D\u011btsk\u00e1 opera Praha<\/p>\n\n\n\n<div style=\"height:45px\" aria-hidden=\"true\" class=\"wp-block-spacer\"><\/div>\n","protected":false},"excerpt":{"rendered":"<p>D\u011btsk\u00e1 opera Praha (DOP) p\u0159in\u00e1\u0161\u00ed nezapomenuteln\u00fd ve\u010der pln\u00fd hudby a emoc\u00ed. P\u0159i p\u0159\u00edle\u017eitosti sv\u00e9ho 25. v\u00fdro\u010d\u00ed zve ve\u0159ejnost na slavnostn\u00ed koncert, kter\u00fd se uskute\u010dn\u00ed dne 11. \u010dervna 2024 od 19 hodin v Obecn\u00edm dom\u011b&#46;&#46;&#46;<\/p>\n","protected":false},"author":2,"featured_media":8641,"comment_status":"closed","ping_status":"closed","sticky":false,"template":"","format":"standard","meta":{"_monsterinsights_skip_tracking":false,"_monsterinsights_sitenote_active":false,"_monsterinsights_sitenote_note":"","_monsterinsights_sitenote_category":0,"footnotes":""},"categories":[19,3,18,2,17],"tags":[],"yoast_head":"<!-- This site is optimized with the Yoast SEO plugin v21.5 - https:\/\/yoast.com\/wordpress\/plugins\/seo\/ -->\n<title>D\u011btsk\u00e1 opera Praha slav\u00ed 25 let: Slavnostn\u00ed koncert v Obecn\u00edm dom\u011b 11.6. od 19:00 hodin - CELEBRITYHOUSE.cz<\/title>\n<meta name=\"description\" content=\"P\u0159i p\u0159\u00edle\u017eitosti 25. v\u00fdro\u010d\u00ed zve ve\u0159ejnost na slavnostn\u00ed koncert, kter\u00fd se uskute\u010dn\u00ed dne 11. \u010dervna 2024 od 19 hodin v Obecn\u00edm dom\u011b v Praze.\" \/>\n<meta name=\"robots\" content=\"index, follow, max-snippet:-1, max-image-preview:large, max-video-preview:-1\" \/>\n<link rel=\"canonical\" href=\"https:\/\/celebrityhouse.cz\/index.php\/2024\/05\/27\/detska-opera-praha-slavi-25-let-slavnostni-koncert-v-obecnim-dome-11-6-od-1900-hodin\/\" \/>\n<meta property=\"og:locale\" content=\"cs_CZ\" \/>\n<meta property=\"og:type\" content=\"article\" \/>\n<meta property=\"og:title\" content=\"D\u011btsk\u00e1 opera Praha slav\u00ed 25 let: Slavnostn\u00ed koncert v Obecn\u00edm dom\u011b 11.6. od 19:00 hodin - CELEBRITYHOUSE.cz\" \/>\n<meta property=\"og:description\" content=\"P\u0159i p\u0159\u00edle\u017eitosti 25. v\u00fdro\u010d\u00ed zve ve\u0159ejnost na slavnostn\u00ed koncert, kter\u00fd se uskute\u010dn\u00ed dne 11. \u010dervna 2024 od 19 hodin v Obecn\u00edm dom\u011b v Praze.\" \/>\n<meta property=\"og:url\" content=\"https:\/\/celebrityhouse.cz\/index.php\/2024\/05\/27\/detska-opera-praha-slavi-25-let-slavnostni-koncert-v-obecnim-dome-11-6-od-1900-hodin\/\" \/>\n<meta property=\"og:site_name\" content=\"CELEBRITYHOUSE.cz\" \/>\n<meta property=\"article:published_time\" content=\"2024-05-26T22:01:00+00:00\" \/>\n<meta property=\"article:modified_time\" content=\"2024-06-05T15:25:49+00:00\" \/>\n<meta property=\"og:image\" content=\"https:\/\/celebrityhouse.cz\/wp-content\/uploads\/2024\/05\/1715346473_2.png\" \/>\n\t<meta property=\"og:image:width\" content=\"1450\" \/>\n\t<meta property=\"og:image:height\" content=\"959\" \/>\n\t<meta property=\"og:image:type\" content=\"image\/png\" \/>\n<meta name=\"author\" content=\"Jolana Hol\u00e1\u0148ov\u00e1\" \/>\n<meta name=\"twitter:card\" content=\"summary_large_image\" \/>\n<meta name=\"twitter:label1\" content=\"Napsal(a)\" \/>\n\t<meta name=\"twitter:data1\" content=\"Jolana Hol\u00e1\u0148ov\u00e1\" \/>\n\t<meta name=\"twitter:label2\" content=\"Odhadovan\u00e1 doba \u010dten\u00ed\" \/>\n\t<meta name=\"twitter:data2\" content=\"4 minuty\" \/>\n<script type=\"application\/ld+json\" class=\"yoast-schema-graph\">{\"@context\":\"https:\/\/schema.org\",\"@graph\":[{\"@type\":\"Article\",\"@id\":\"https:\/\/celebrityhouse.cz\/index.php\/2024\/05\/27\/detska-opera-praha-slavi-25-let-slavnostni-koncert-v-obecnim-dome-11-6-od-1900-hodin\/#article\",\"isPartOf\":{\"@id\":\"https:\/\/celebrityhouse.cz\/index.php\/2024\/05\/27\/detska-opera-praha-slavi-25-let-slavnostni-koncert-v-obecnim-dome-11-6-od-1900-hodin\/\"},\"author\":{\"name\":\"Jolana Hol\u00e1\u0148ov\u00e1\",\"@id\":\"https:\/\/celebrityhouse.cz\/#\/schema\/person\/d017015938d4512794986427eb23a2e9\"},\"headline\":\"D\u011btsk\u00e1 opera Praha slav\u00ed 25 let: Slavnostn\u00ed koncert v Obecn\u00edm dom\u011b 11.6. od 19:00 hodin\",\"datePublished\":\"2024-05-26T22:01:00+00:00\",\"dateModified\":\"2024-06-05T15:25:49+00:00\",\"mainEntityOfPage\":{\"@id\":\"https:\/\/celebrityhouse.cz\/index.php\/2024\/05\/27\/detska-opera-praha-slavi-25-let-slavnostni-koncert-v-obecnim-dome-11-6-od-1900-hodin\/\"},\"wordCount\":396,\"publisher\":{\"@id\":\"https:\/\/celebrityhouse.cz\/#organization\"},\"articleSection\":[\"AKCE\",\"\u010cESK\u00c9 CELEBRITY\",\"LIFESTYLE\",\"NEWS\",\"TIPY NA DIVADLO\"],\"inLanguage\":\"cs\"},{\"@type\":\"WebPage\",\"@id\":\"https:\/\/celebrityhouse.cz\/index.php\/2024\/05\/27\/detska-opera-praha-slavi-25-let-slavnostni-koncert-v-obecnim-dome-11-6-od-1900-hodin\/\",\"url\":\"https:\/\/celebrityhouse.cz\/index.php\/2024\/05\/27\/detska-opera-praha-slavi-25-let-slavnostni-koncert-v-obecnim-dome-11-6-od-1900-hodin\/\",\"name\":\"D\u011btsk\u00e1 opera Praha slav\u00ed 25 let: Slavnostn\u00ed koncert v Obecn\u00edm dom\u011b 11.6. od 19:00 hodin - CELEBRITYHOUSE.cz\",\"isPartOf\":{\"@id\":\"https:\/\/celebrityhouse.cz\/#website\"},\"datePublished\":\"2024-05-26T22:01:00+00:00\",\"dateModified\":\"2024-06-05T15:25:49+00:00\",\"description\":\"P\u0159i p\u0159\u00edle\u017eitosti 25. v\u00fdro\u010d\u00ed zve ve\u0159ejnost na slavnostn\u00ed koncert, kter\u00fd se uskute\u010dn\u00ed dne 11. \u010dervna 2024 od 19 hodin v Obecn\u00edm dom\u011b v Praze.\",\"breadcrumb\":{\"@id\":\"https:\/\/celebrityhouse.cz\/index.php\/2024\/05\/27\/detska-opera-praha-slavi-25-let-slavnostni-koncert-v-obecnim-dome-11-6-od-1900-hodin\/#breadcrumb\"},\"inLanguage\":\"cs\",\"potentialAction\":[{\"@type\":\"ReadAction\",\"target\":[\"https:\/\/celebrityhouse.cz\/index.php\/2024\/05\/27\/detska-opera-praha-slavi-25-let-slavnostni-koncert-v-obecnim-dome-11-6-od-1900-hodin\/\"]}]},{\"@type\":\"BreadcrumbList\",\"@id\":\"https:\/\/celebrityhouse.cz\/index.php\/2024\/05\/27\/detska-opera-praha-slavi-25-let-slavnostni-koncert-v-obecnim-dome-11-6-od-1900-hodin\/#breadcrumb\",\"itemListElement\":[{\"@type\":\"ListItem\",\"position\":1,\"name\":\"Dom\u016f\",\"item\":\"https:\/\/celebrityhouse.cz\/\"},{\"@type\":\"ListItem\",\"position\":2,\"name\":\"D\u011btsk\u00e1 opera Praha slav\u00ed 25 let: Slavnostn\u00ed koncert v Obecn\u00edm dom\u011b 11.6. od 19:00 hodin\"}]},{\"@type\":\"WebSite\",\"@id\":\"https:\/\/celebrityhouse.cz\/#website\",\"url\":\"https:\/\/celebrityhouse.cz\/\",\"name\":\"CELEBRITYHOUSE.cz\",\"description\":\"Port\u00e1l o showbyznysu...\",\"publisher\":{\"@id\":\"https:\/\/celebrityhouse.cz\/#organization\"},\"potentialAction\":[{\"@type\":\"SearchAction\",\"target\":{\"@type\":\"EntryPoint\",\"urlTemplate\":\"https:\/\/celebrityhouse.cz\/?s={search_term_string}\"},\"query-input\":\"required name=search_term_string\"}],\"inLanguage\":\"cs\"},{\"@type\":\"Organization\",\"@id\":\"https:\/\/celebrityhouse.cz\/#organization\",\"name\":\"CELEBRITYHOUSE.cz\",\"url\":\"https:\/\/celebrityhouse.cz\/\",\"logo\":{\"@type\":\"ImageObject\",\"inLanguage\":\"cs\",\"@id\":\"https:\/\/celebrityhouse.cz\/#\/schema\/logo\/image\/\",\"url\":\"https:\/\/celebrityhouse.cz\/wp-content\/uploads\/2024\/12\/cropped-Logo_CelebrityHouse_2.jpg\",\"contentUrl\":\"https:\/\/celebrityhouse.cz\/wp-content\/uploads\/2024\/12\/cropped-Logo_CelebrityHouse_2.jpg\",\"width\":937,\"height\":510,\"caption\":\"CELEBRITYHOUSE.cz\"},\"image\":{\"@id\":\"https:\/\/celebrityhouse.cz\/#\/schema\/logo\/image\/\"}},{\"@type\":\"Person\",\"@id\":\"https:\/\/celebrityhouse.cz\/#\/schema\/person\/d017015938d4512794986427eb23a2e9\",\"name\":\"Jolana Hol\u00e1\u0148ov\u00e1\",\"image\":{\"@type\":\"ImageObject\",\"inLanguage\":\"cs\",\"@id\":\"https:\/\/celebrityhouse.cz\/#\/schema\/person\/image\/\",\"url\":\"https:\/\/secure.gravatar.com\/avatar\/5863c504ed89cd419ff3a5e812c722ff?s=96&d=mm&r=g\",\"contentUrl\":\"https:\/\/secure.gravatar.com\/avatar\/5863c504ed89cd419ff3a5e812c722ff?s=96&d=mm&r=g\",\"caption\":\"Jolana Hol\u00e1\u0148ov\u00e1\"},\"sameAs\":[\"http:\/\/www.celebrityhouse.cz\"],\"url\":\"https:\/\/celebrityhouse.cz\/index.php\/author\/jolhol\/\"}]}<\/script>\n<!-- \/ Yoast SEO plugin. -->","yoast_head_json":{"title":"D\u011btsk\u00e1 opera Praha slav\u00ed 25 let: Slavnostn\u00ed koncert v Obecn\u00edm dom\u011b 11.6. od 19:00 hodin - CELEBRITYHOUSE.cz","description":"P\u0159i p\u0159\u00edle\u017eitosti 25. v\u00fdro\u010d\u00ed zve ve\u0159ejnost na slavnostn\u00ed koncert, kter\u00fd se uskute\u010dn\u00ed dne 11. \u010dervna 2024 od 19 hodin v Obecn\u00edm dom\u011b v Praze.","robots":{"index":"index","follow":"follow","max-snippet":"max-snippet:-1","max-image-preview":"max-image-preview:large","max-video-preview":"max-video-preview:-1"},"canonical":"https:\/\/celebrityhouse.cz\/index.php\/2024\/05\/27\/detska-opera-praha-slavi-25-let-slavnostni-koncert-v-obecnim-dome-11-6-od-1900-hodin\/","og_locale":"cs_CZ","og_type":"article","og_title":"D\u011btsk\u00e1 opera Praha slav\u00ed 25 let: Slavnostn\u00ed koncert v Obecn\u00edm dom\u011b 11.6. od 19:00 hodin - CELEBRITYHOUSE.cz","og_description":"P\u0159i p\u0159\u00edle\u017eitosti 25. v\u00fdro\u010d\u00ed zve ve\u0159ejnost na slavnostn\u00ed koncert, kter\u00fd se uskute\u010dn\u00ed dne 11. \u010dervna 2024 od 19 hodin v Obecn\u00edm dom\u011b v Praze.","og_url":"https:\/\/celebrityhouse.cz\/index.php\/2024\/05\/27\/detska-opera-praha-slavi-25-let-slavnostni-koncert-v-obecnim-dome-11-6-od-1900-hodin\/","og_site_name":"CELEBRITYHOUSE.cz","article_published_time":"2024-05-26T22:01:00+00:00","article_modified_time":"2024-06-05T15:25:49+00:00","og_image":[{"width":1450,"height":959,"url":"https:\/\/celebrityhouse.cz\/wp-content\/uploads\/2024\/05\/1715346473_2.png","type":"image\/png"}],"author":"Jolana Hol\u00e1\u0148ov\u00e1","twitter_card":"summary_large_image","twitter_misc":{"Napsal(a)":"Jolana Hol\u00e1\u0148ov\u00e1","Odhadovan\u00e1 doba \u010dten\u00ed":"4 minuty"},"schema":{"@context":"https:\/\/schema.org","@graph":[{"@type":"Article","@id":"https:\/\/celebrityhouse.cz\/index.php\/2024\/05\/27\/detska-opera-praha-slavi-25-let-slavnostni-koncert-v-obecnim-dome-11-6-od-1900-hodin\/#article","isPartOf":{"@id":"https:\/\/celebrityhouse.cz\/index.php\/2024\/05\/27\/detska-opera-praha-slavi-25-let-slavnostni-koncert-v-obecnim-dome-11-6-od-1900-hodin\/"},"author":{"name":"Jolana Hol\u00e1\u0148ov\u00e1","@id":"https:\/\/celebrityhouse.cz\/#\/schema\/person\/d017015938d4512794986427eb23a2e9"},"headline":"D\u011btsk\u00e1 opera Praha slav\u00ed 25 let: Slavnostn\u00ed koncert v Obecn\u00edm dom\u011b 11.6. od 19:00 hodin","datePublished":"2024-05-26T22:01:00+00:00","dateModified":"2024-06-05T15:25:49+00:00","mainEntityOfPage":{"@id":"https:\/\/celebrityhouse.cz\/index.php\/2024\/05\/27\/detska-opera-praha-slavi-25-let-slavnostni-koncert-v-obecnim-dome-11-6-od-1900-hodin\/"},"wordCount":396,"publisher":{"@id":"https:\/\/celebrityhouse.cz\/#organization"},"articleSection":["AKCE","\u010cESK\u00c9 CELEBRITY","LIFESTYLE","NEWS","TIPY NA DIVADLO"],"inLanguage":"cs"},{"@type":"WebPage","@id":"https:\/\/celebrityhouse.cz\/index.php\/2024\/05\/27\/detska-opera-praha-slavi-25-let-slavnostni-koncert-v-obecnim-dome-11-6-od-1900-hodin\/","url":"https:\/\/celebrityhouse.cz\/index.php\/2024\/05\/27\/detska-opera-praha-slavi-25-let-slavnostni-koncert-v-obecnim-dome-11-6-od-1900-hodin\/","name":"D\u011btsk\u00e1 opera Praha slav\u00ed 25 let: Slavnostn\u00ed koncert v Obecn\u00edm dom\u011b 11.6. od 19:00 hodin - CELEBRITYHOUSE.cz","isPartOf":{"@id":"https:\/\/celebrityhouse.cz\/#website"},"datePublished":"2024-05-26T22:01:00+00:00","dateModified":"2024-06-05T15:25:49+00:00","description":"P\u0159i p\u0159\u00edle\u017eitosti 25. v\u00fdro\u010d\u00ed zve ve\u0159ejnost na slavnostn\u00ed koncert, kter\u00fd se uskute\u010dn\u00ed dne 11. \u010dervna 2024 od 19 hodin v Obecn\u00edm dom\u011b v Praze.","breadcrumb":{"@id":"https:\/\/celebrityhouse.cz\/index.php\/2024\/05\/27\/detska-opera-praha-slavi-25-let-slavnostni-koncert-v-obecnim-dome-11-6-od-1900-hodin\/#breadcrumb"},"inLanguage":"cs","potentialAction":[{"@type":"ReadAction","target":["https:\/\/celebrityhouse.cz\/index.php\/2024\/05\/27\/detska-opera-praha-slavi-25-let-slavnostni-koncert-v-obecnim-dome-11-6-od-1900-hodin\/"]}]},{"@type":"BreadcrumbList","@id":"https:\/\/celebrityhouse.cz\/index.php\/2024\/05\/27\/detska-opera-praha-slavi-25-let-slavnostni-koncert-v-obecnim-dome-11-6-od-1900-hodin\/#breadcrumb","itemListElement":[{"@type":"ListItem","position":1,"name":"Dom\u016f","item":"https:\/\/celebrityhouse.cz\/"},{"@type":"ListItem","position":2,"name":"D\u011btsk\u00e1 opera Praha slav\u00ed 25 let: Slavnostn\u00ed koncert v Obecn\u00edm dom\u011b 11.6. od 19:00 hodin"}]},{"@type":"WebSite","@id":"https:\/\/celebrityhouse.cz\/#website","url":"https:\/\/celebrityhouse.cz\/","name":"CELEBRITYHOUSE.cz","description":"Port\u00e1l o showbyznysu...","publisher":{"@id":"https:\/\/celebrityhouse.cz\/#organization"},"potentialAction":[{"@type":"SearchAction","target":{"@type":"EntryPoint","urlTemplate":"https:\/\/celebrityhouse.cz\/?s={search_term_string}"},"query-input":"required name=search_term_string"}],"inLanguage":"cs"},{"@type":"Organization","@id":"https:\/\/celebrityhouse.cz\/#organization","name":"CELEBRITYHOUSE.cz","url":"https:\/\/celebrityhouse.cz\/","logo":{"@type":"ImageObject","inLanguage":"cs","@id":"https:\/\/celebrityhouse.cz\/#\/schema\/logo\/image\/","url":"https:\/\/celebrityhouse.cz\/wp-content\/uploads\/2024\/12\/cropped-Logo_CelebrityHouse_2.jpg","contentUrl":"https:\/\/celebrityhouse.cz\/wp-content\/uploads\/2024\/12\/cropped-Logo_CelebrityHouse_2.jpg","width":937,"height":510,"caption":"CELEBRITYHOUSE.cz"},"image":{"@id":"https:\/\/celebrityhouse.cz\/#\/schema\/logo\/image\/"}},{"@type":"Person","@id":"https:\/\/celebrityhouse.cz\/#\/schema\/person\/d017015938d4512794986427eb23a2e9","name":"Jolana Hol\u00e1\u0148ov\u00e1","image":{"@type":"ImageObject","inLanguage":"cs","@id":"https:\/\/celebrityhouse.cz\/#\/schema\/person\/image\/","url":"https:\/\/secure.gravatar.com\/avatar\/5863c504ed89cd419ff3a5e812c722ff?s=96&d=mm&r=g","contentUrl":"https:\/\/secure.gravatar.com\/avatar\/5863c504ed89cd419ff3a5e812c722ff?s=96&d=mm&r=g","caption":"Jolana Hol\u00e1\u0148ov\u00e1"},"sameAs":["http:\/\/www.celebrityhouse.cz"],"url":"https:\/\/celebrityhouse.cz\/index.php\/author\/jolhol\/"}]}},"_links":{"self":[{"href":"https:\/\/celebrityhouse.cz\/index.php\/wp-json\/wp\/v2\/posts\/8640"}],"collection":[{"href":"https:\/\/celebrityhouse.cz\/index.php\/wp-json\/wp\/v2\/posts"}],"about":[{"href":"https:\/\/celebrityhouse.cz\/index.php\/wp-json\/wp\/v2\/types\/post"}],"author":[{"embeddable":true,"href":"https:\/\/celebrityhouse.cz\/index.php\/wp-json\/wp\/v2\/users\/2"}],"replies":[{"embeddable":true,"href":"https:\/\/celebrityhouse.cz\/index.php\/wp-json\/wp\/v2\/comments?post=8640"}],"version-history":[{"count":2,"href":"https:\/\/celebrityhouse.cz\/index.php\/wp-json\/wp\/v2\/posts\/8640\/revisions"}],"predecessor-version":[{"id":8723,"href":"https:\/\/celebrityhouse.cz\/index.php\/wp-json\/wp\/v2\/posts\/8640\/revisions\/8723"}],"wp:featuredmedia":[{"embeddable":true,"href":"https:\/\/celebrityhouse.cz\/index.php\/wp-json\/wp\/v2\/media\/8641"}],"wp:attachment":[{"href":"https:\/\/celebrityhouse.cz\/index.php\/wp-json\/wp\/v2\/media?parent=8640"}],"wp:term":[{"taxonomy":"category","embeddable":true,"href":"https:\/\/celebrityhouse.cz\/index.php\/wp-json\/wp\/v2\/categories?post=8640"},{"taxonomy":"post_tag","embeddable":true,"href":"https:\/\/celebrityhouse.cz\/index.php\/wp-json\/wp\/v2\/tags?post=8640"}],"curies":[{"name":"wp","href":"https:\/\/api.w.org\/{rel}","templated":true}]}}