{"id":8694,"date":"2024-05-30T01:51:43","date_gmt":"2024-05-29T23:51:43","guid":{"rendered":"https:\/\/celebrityhouse.cz\/?p=8694"},"modified":"2024-06-05T17:22:24","modified_gmt":"2024-06-05T15:22:24","slug":"detsky-vikend-v-cinema-city-slovansky-dum","status":"publish","type":"post","link":"https:\/\/celebrityhouse.cz\/index.php\/2024\/05\/30\/detsky-vikend-v-cinema-city-slovansky-dum\/","title":{"rendered":"D\u011btsk\u00fd v\u00edkend v Cinema City Slovansk\u00fd d\u016fm"},"content":{"rendered":"\n<div style=\"height:45px\" aria-hidden=\"true\" class=\"wp-block-spacer\"><\/div>\n\n\n\n<p><strong>P\u0159\u00edmo v samotn\u00e9m centru Prahy <a href=\"https:\/\/naprikopeulice.cz\/\">na Pra\u017esk\u00fdch P\u0159\u00edkopech<\/a> si m\u016f\u017eete o v\u00edkendu u\u017e\u00edt filmov\u00fd v\u00edkend spolu s d\u011btmi&#8230;<\/strong><\/p>\n\n\n\n<div style=\"height:45px\" aria-hidden=\"true\" class=\"wp-block-spacer\"><\/div>\n\n\n<div class=\"wp-block-image\">\n<figure class=\"aligncenter size-full\"><img loading=\"lazy\" decoding=\"async\" width=\"851\" height=\"315\" src=\"https:\/\/celebrityhouse.cz\/wp-content\/uploads\/2024\/05\/445181951_827618096080617_4641471175503664568_n.jpg\" alt=\"D\u011btsk\u00fd v\u00edkend v Cinema City Slovansk\u00fd d\u016fm\" class=\"wp-image-8695\" srcset=\"https:\/\/celebrityhouse.cz\/wp-content\/uploads\/2024\/05\/445181951_827618096080617_4641471175503664568_n.jpg 851w, https:\/\/celebrityhouse.cz\/wp-content\/uploads\/2024\/05\/445181951_827618096080617_4641471175503664568_n-300x111.jpg 300w, https:\/\/celebrityhouse.cz\/wp-content\/uploads\/2024\/05\/445181951_827618096080617_4641471175503664568_n-768x284.jpg 768w\" sizes=\"(max-width: 851px) 100vw, 851px\" \/><\/figure><\/div>\n\n\n<div style=\"height:45px\" aria-hidden=\"true\" class=\"wp-block-spacer\"><\/div>\n\n\n\n<p><strong>V sobotu a ned\u011bli 1. a 2. \u010dervna prob\u011bhne v <a href=\"https:\/\/www.cinemacity.cz\/cinemas\/slovanskydum\/\">Cinema City Slovansk\u00fd d\u016fm<\/a> d\u011btsk\u00fd v\u00edkend. <\/strong><\/p>\n\n\n\n<div style=\"height:45px\" aria-hidden=\"true\" class=\"wp-block-spacer\"><\/div>\n\n\n<div class=\"wp-block-image\">\n<figure class=\"aligncenter size-large\"><img decoding=\"async\" src=\"https:\/\/prazskeprikopy.cz\/wp-content\/uploads\/2024\/05\/1080x1080-CZ-1024x1024.jpg\" alt=\"D\u011btsk\u00fd v\u00edkend v Cinema City Slovansk\u00fd d\u016fm\" class=\"wp-image-6187\"\/><\/figure><\/div>\n\n\n<div style=\"height:45px\" aria-hidden=\"true\" class=\"wp-block-spacer\"><\/div>\n\n\n\n<p><strong>Sta\u0148te se na chv\u00edli znovu d\u00edt\u011btem a u\u017eijte si vybran\u00e9 filmy za stejnou cenu jako va\u0161e d\u011bti. <\/strong><\/p>\n\n\n\n<div style=\"height:12px\" aria-hidden=\"true\" class=\"wp-block-spacer\"><\/div>\n\n\n\n<p><strong>Vstupenky koup\u00edte na <a href=\"https:\/\/www.cinemacity.cz\">https:\/\/www.cinemacity.cz<\/a> nebo p\u0159\u00edmo na pokladn\u011b <a href=\"https:\/\/slovanskydum.cz\/cs_CZ\/restaurace\/advivum\">ve Slovansk\u00e9m dom\u011b<\/a>.<\/strong><\/p>\n\n\n\n<div style=\"height:12px\" aria-hidden=\"true\" class=\"wp-block-spacer\"><\/div>\n\n\n\n<p>T\u011b\u0161it se m\u016f\u017eete i na v\u00fdhodn\u00e9 d\u011btsk\u00e9 menu s popcornem, n\u00e1pojem a obl\u00edbenou sladkost\u00ed<\/p>\n\n\n\n<div style=\"height:45px\" aria-hidden=\"true\" class=\"wp-block-spacer\"><\/div>\n\n\n\n<figure class=\"wp-block-gallery has-nested-images columns-2 is-cropped wp-block-gallery-1 is-layout-flex wp-block-gallery-is-layout-flex\">\n<figure class=\"wp-block-image size-large\"><img decoding=\"async\" data-id=\"6188\" src=\"https:\/\/prazskeprikopy.cz\/wp-content\/uploads\/2024\/05\/detsky-den-1080x1920-1-576x1024.jpg\" alt=\"D\u011btsk\u00fd v\u00edkend v Cinema City Slovansk\u00fd d\u016fm\" class=\"wp-image-6188\"\/><\/figure>\n\n\n\n<figure class=\"wp-block-image size-large\"><img decoding=\"async\" data-id=\"6187\" src=\"https:\/\/prazskeprikopy.cz\/wp-content\/uploads\/2024\/05\/1080x1080-CZ-1024x1024.jpg\" alt=\"D\u011btsk\u00fd v\u00edkend v Cinema City Slovansk\u00fd d\u016fm\" class=\"wp-image-6187\"\/><\/figure>\n\n\n\n<figure class=\"wp-block-image size-large\"><img decoding=\"async\" data-id=\"6189\" src=\"https:\/\/prazskeprikopy.cz\/wp-content\/uploads\/2024\/05\/445181951_827618096080617_4641471175503664568_n.jpg\" alt=\"D\u011btsk\u00fd v\u00edkend v Cinema City Slovansk\u00fd d\u016fm\" class=\"wp-image-6189\"\/><\/figure>\n<\/figure>\n\n\n\n<div style=\"height:45px\" aria-hidden=\"true\" class=\"wp-block-spacer\"><\/div>\n\n\n\n<p><strong>Zdroj foto: <\/strong>Cinema City, Slovansk\u00fd d\u016fm<\/p>\n\n\n\n<div style=\"height:45px\" aria-hidden=\"true\" class=\"wp-block-spacer\"><\/div>\n","protected":false},"excerpt":{"rendered":"<p>P\u0159\u00edmo v samotn\u00e9m centru Prahy na Pra\u017esk\u00fdch P\u0159\u00edkopech si m\u016f\u017eete o v\u00edkendu u\u017e\u00edt filmov\u00fd v\u00edkend spolu s d\u011btmi&#8230; V sobotu a ned\u011bli 1. a 2. \u010dervna prob\u011bhne v Cinema City Slovansk\u00fd d\u016fm d\u011btsk\u00fd v\u00edkend.&#46;&#46;&#46;<\/p>\n","protected":false},"author":6,"featured_media":8695,"comment_status":"closed","ping_status":"closed","sticky":false,"template":"","format":"standard","meta":{"_monsterinsights_skip_tracking":false,"_monsterinsights_sitenote_active":false,"_monsterinsights_sitenote_note":"","_monsterinsights_sitenote_category":0,"footnotes":""},"categories":[1],"tags":[122,105,38,104],"yoast_head":"<!-- This site is optimized with the Yoast SEO plugin v21.5 - https:\/\/yoast.com\/wordpress\/plugins\/seo\/ -->\n<title>D\u011btsk\u00fd v\u00edkend v Cinema City Slovansk\u00fd d\u016fm - CELEBRITYHOUSE.cz<\/title>\n<meta name=\"description\" content=\"Na Pra\u017esk\u00fdch P\u0159\u00edkopech si m\u016f\u017eete o v\u00edkendu u\u017e\u00edt filmov\u00fd v\u00edkend. 1. a 2. \u010dervna prob\u011bhne v Cinema City Slovansk\u00fd d\u016fm d\u011btsk\u00fd v\u00edkend.\" \/>\n<meta name=\"robots\" content=\"index, follow, max-snippet:-1, max-image-preview:large, max-video-preview:-1\" \/>\n<link rel=\"canonical\" href=\"https:\/\/celebrityhouse.cz\/index.php\/2024\/05\/30\/detsky-vikend-v-cinema-city-slovansky-dum\/\" \/>\n<meta property=\"og:locale\" content=\"cs_CZ\" \/>\n<meta property=\"og:type\" content=\"article\" \/>\n<meta property=\"og:title\" content=\"D\u011btsk\u00fd v\u00edkend v Cinema City Slovansk\u00fd d\u016fm - CELEBRITYHOUSE.cz\" \/>\n<meta property=\"og:description\" content=\"Na Pra\u017esk\u00fdch P\u0159\u00edkopech si m\u016f\u017eete o v\u00edkendu u\u017e\u00edt filmov\u00fd v\u00edkend. 1. a 2. \u010dervna prob\u011bhne v Cinema City Slovansk\u00fd d\u016fm d\u011btsk\u00fd v\u00edkend.\" \/>\n<meta property=\"og:url\" content=\"https:\/\/celebrityhouse.cz\/index.php\/2024\/05\/30\/detsky-vikend-v-cinema-city-slovansky-dum\/\" \/>\n<meta property=\"og:site_name\" content=\"CELEBRITYHOUSE.cz\" \/>\n<meta property=\"article:published_time\" content=\"2024-05-29T23:51:43+00:00\" \/>\n<meta property=\"article:modified_time\" content=\"2024-06-05T15:22:24+00:00\" \/>\n<meta property=\"og:image\" content=\"https:\/\/celebrityhouse.cz\/wp-content\/uploads\/2024\/05\/445181951_827618096080617_4641471175503664568_n.jpg\" \/>\n\t<meta property=\"og:image:width\" content=\"851\" \/>\n\t<meta property=\"og:image:height\" content=\"315\" \/>\n\t<meta property=\"og:image:type\" content=\"image\/jpeg\" \/>\n<meta name=\"author\" content=\"Petra Kub\u00edkov\u00e1\" \/>\n<meta name=\"twitter:card\" content=\"summary_large_image\" \/>\n<meta name=\"twitter:label1\" content=\"Napsal(a)\" \/>\n\t<meta name=\"twitter:data1\" content=\"Petra Kub\u00edkov\u00e1\" \/>\n\t<meta name=\"twitter:label2\" content=\"Odhadovan\u00e1 doba \u010dten\u00ed\" \/>\n\t<meta name=\"twitter:data2\" content=\"2 minuty\" \/>\n<script type=\"application\/ld+json\" class=\"yoast-schema-graph\">{\"@context\":\"https:\/\/schema.org\",\"@graph\":[{\"@type\":\"Article\",\"@id\":\"https:\/\/celebrityhouse.cz\/index.php\/2024\/05\/30\/detsky-vikend-v-cinema-city-slovansky-dum\/#article\",\"isPartOf\":{\"@id\":\"https:\/\/celebrityhouse.cz\/index.php\/2024\/05\/30\/detsky-vikend-v-cinema-city-slovansky-dum\/\"},\"author\":{\"name\":\"Petra Kub\u00edkov\u00e1\",\"@id\":\"https:\/\/celebrityhouse.cz\/#\/schema\/person\/91fc6a2bd574f7b7c97db353cb97f0be\"},\"headline\":\"D\u011btsk\u00fd v\u00edkend v Cinema City Slovansk\u00fd d\u016fm\",\"datePublished\":\"2024-05-29T23:51:43+00:00\",\"dateModified\":\"2024-06-05T15:22:24+00:00\",\"mainEntityOfPage\":{\"@id\":\"https:\/\/celebrityhouse.cz\/index.php\/2024\/05\/30\/detsky-vikend-v-cinema-city-slovansky-dum\/\"},\"wordCount\":125,\"publisher\":{\"@id\":\"https:\/\/celebrityhouse.cz\/#organization\"},\"keywords\":[\"Cinema City\",\"Cinema City Slovansk\u00fd d\u016fm\",\"Pra\u017esk\u00e9 P\u0159\u00edkopy\",\"Slovansk\u00fd d\u016fm\"],\"inLanguage\":\"cs\"},{\"@type\":\"WebPage\",\"@id\":\"https:\/\/celebrityhouse.cz\/index.php\/2024\/05\/30\/detsky-vikend-v-cinema-city-slovansky-dum\/\",\"url\":\"https:\/\/celebrityhouse.cz\/index.php\/2024\/05\/30\/detsky-vikend-v-cinema-city-slovansky-dum\/\",\"name\":\"D\u011btsk\u00fd v\u00edkend v Cinema City Slovansk\u00fd d\u016fm - CELEBRITYHOUSE.cz\",\"isPartOf\":{\"@id\":\"https:\/\/celebrityhouse.cz\/#website\"},\"datePublished\":\"2024-05-29T23:51:43+00:00\",\"dateModified\":\"2024-06-05T15:22:24+00:00\",\"description\":\"Na Pra\u017esk\u00fdch P\u0159\u00edkopech si m\u016f\u017eete o v\u00edkendu u\u017e\u00edt filmov\u00fd v\u00edkend. 1. a 2. \u010dervna prob\u011bhne v Cinema City Slovansk\u00fd d\u016fm d\u011btsk\u00fd v\u00edkend.\",\"breadcrumb\":{\"@id\":\"https:\/\/celebrityhouse.cz\/index.php\/2024\/05\/30\/detsky-vikend-v-cinema-city-slovansky-dum\/#breadcrumb\"},\"inLanguage\":\"cs\",\"potentialAction\":[{\"@type\":\"ReadAction\",\"target\":[\"https:\/\/celebrityhouse.cz\/index.php\/2024\/05\/30\/detsky-vikend-v-cinema-city-slovansky-dum\/\"]}]},{\"@type\":\"BreadcrumbList\",\"@id\":\"https:\/\/celebrityhouse.cz\/index.php\/2024\/05\/30\/detsky-vikend-v-cinema-city-slovansky-dum\/#breadcrumb\",\"itemListElement\":[{\"@type\":\"ListItem\",\"position\":1,\"name\":\"Dom\u016f\",\"item\":\"https:\/\/celebrityhouse.cz\/\"},{\"@type\":\"ListItem\",\"position\":2,\"name\":\"D\u011btsk\u00fd v\u00edkend v Cinema City Slovansk\u00fd d\u016fm\"}]},{\"@type\":\"WebSite\",\"@id\":\"https:\/\/celebrityhouse.cz\/#website\",\"url\":\"https:\/\/celebrityhouse.cz\/\",\"name\":\"CELEBRITYHOUSE.cz\",\"description\":\"Port\u00e1l o showbyznysu...\",\"publisher\":{\"@id\":\"https:\/\/celebrityhouse.cz\/#organization\"},\"potentialAction\":[{\"@type\":\"SearchAction\",\"target\":{\"@type\":\"EntryPoint\",\"urlTemplate\":\"https:\/\/celebrityhouse.cz\/?s={search_term_string}\"},\"query-input\":\"required name=search_term_string\"}],\"inLanguage\":\"cs\"},{\"@type\":\"Organization\",\"@id\":\"https:\/\/celebrityhouse.cz\/#organization\",\"name\":\"CELEBRITYHOUSE.cz\",\"url\":\"https:\/\/celebrityhouse.cz\/\",\"logo\":{\"@type\":\"ImageObject\",\"inLanguage\":\"cs\",\"@id\":\"https:\/\/celebrityhouse.cz\/#\/schema\/logo\/image\/\",\"url\":\"https:\/\/celebrityhouse.cz\/wp-content\/uploads\/2024\/12\/cropped-Logo_CelebrityHouse_2.jpg\",\"contentUrl\":\"https:\/\/celebrityhouse.cz\/wp-content\/uploads\/2024\/12\/cropped-Logo_CelebrityHouse_2.jpg\",\"width\":937,\"height\":510,\"caption\":\"CELEBRITYHOUSE.cz\"},\"image\":{\"@id\":\"https:\/\/celebrityhouse.cz\/#\/schema\/logo\/image\/\"}},{\"@type\":\"Person\",\"@id\":\"https:\/\/celebrityhouse.cz\/#\/schema\/person\/91fc6a2bd574f7b7c97db353cb97f0be\",\"name\":\"Petra Kub\u00edkov\u00e1\",\"image\":{\"@type\":\"ImageObject\",\"inLanguage\":\"cs\",\"@id\":\"https:\/\/celebrityhouse.cz\/#\/schema\/person\/image\/\",\"url\":\"https:\/\/secure.gravatar.com\/avatar\/b73acd1265062ae3b93da9908474de40?s=96&d=mm&r=g\",\"contentUrl\":\"https:\/\/secure.gravatar.com\/avatar\/b73acd1265062ae3b93da9908474de40?s=96&d=mm&r=g\",\"caption\":\"Petra Kub\u00edkov\u00e1\"},\"sameAs\":[\"http:\/\/CELEBRITYHOUSE.cz\"],\"url\":\"https:\/\/celebrityhouse.cz\/index.php\/author\/kubip\/\"}]}<\/script>\n<!-- \/ Yoast SEO plugin. -->","yoast_head_json":{"title":"D\u011btsk\u00fd v\u00edkend v Cinema City Slovansk\u00fd d\u016fm - CELEBRITYHOUSE.cz","description":"Na Pra\u017esk\u00fdch P\u0159\u00edkopech si m\u016f\u017eete o v\u00edkendu u\u017e\u00edt filmov\u00fd v\u00edkend. 1. a 2. \u010dervna prob\u011bhne v Cinema City Slovansk\u00fd d\u016fm d\u011btsk\u00fd v\u00edkend.","robots":{"index":"index","follow":"follow","max-snippet":"max-snippet:-1","max-image-preview":"max-image-preview:large","max-video-preview":"max-video-preview:-1"},"canonical":"https:\/\/celebrityhouse.cz\/index.php\/2024\/05\/30\/detsky-vikend-v-cinema-city-slovansky-dum\/","og_locale":"cs_CZ","og_type":"article","og_title":"D\u011btsk\u00fd v\u00edkend v Cinema City Slovansk\u00fd d\u016fm - CELEBRITYHOUSE.cz","og_description":"Na Pra\u017esk\u00fdch P\u0159\u00edkopech si m\u016f\u017eete o v\u00edkendu u\u017e\u00edt filmov\u00fd v\u00edkend. 1. a 2. \u010dervna prob\u011bhne v Cinema City Slovansk\u00fd d\u016fm d\u011btsk\u00fd v\u00edkend.","og_url":"https:\/\/celebrityhouse.cz\/index.php\/2024\/05\/30\/detsky-vikend-v-cinema-city-slovansky-dum\/","og_site_name":"CELEBRITYHOUSE.cz","article_published_time":"2024-05-29T23:51:43+00:00","article_modified_time":"2024-06-05T15:22:24+00:00","og_image":[{"width":851,"height":315,"url":"https:\/\/celebrityhouse.cz\/wp-content\/uploads\/2024\/05\/445181951_827618096080617_4641471175503664568_n.jpg","type":"image\/jpeg"}],"author":"Petra Kub\u00edkov\u00e1","twitter_card":"summary_large_image","twitter_misc":{"Napsal(a)":"Petra Kub\u00edkov\u00e1","Odhadovan\u00e1 doba \u010dten\u00ed":"2 minuty"},"schema":{"@context":"https:\/\/schema.org","@graph":[{"@type":"Article","@id":"https:\/\/celebrityhouse.cz\/index.php\/2024\/05\/30\/detsky-vikend-v-cinema-city-slovansky-dum\/#article","isPartOf":{"@id":"https:\/\/celebrityhouse.cz\/index.php\/2024\/05\/30\/detsky-vikend-v-cinema-city-slovansky-dum\/"},"author":{"name":"Petra Kub\u00edkov\u00e1","@id":"https:\/\/celebrityhouse.cz\/#\/schema\/person\/91fc6a2bd574f7b7c97db353cb97f0be"},"headline":"D\u011btsk\u00fd v\u00edkend v Cinema City Slovansk\u00fd d\u016fm","datePublished":"2024-05-29T23:51:43+00:00","dateModified":"2024-06-05T15:22:24+00:00","mainEntityOfPage":{"@id":"https:\/\/celebrityhouse.cz\/index.php\/2024\/05\/30\/detsky-vikend-v-cinema-city-slovansky-dum\/"},"wordCount":125,"publisher":{"@id":"https:\/\/celebrityhouse.cz\/#organization"},"keywords":["Cinema City","Cinema City Slovansk\u00fd d\u016fm","Pra\u017esk\u00e9 P\u0159\u00edkopy","Slovansk\u00fd d\u016fm"],"inLanguage":"cs"},{"@type":"WebPage","@id":"https:\/\/celebrityhouse.cz\/index.php\/2024\/05\/30\/detsky-vikend-v-cinema-city-slovansky-dum\/","url":"https:\/\/celebrityhouse.cz\/index.php\/2024\/05\/30\/detsky-vikend-v-cinema-city-slovansky-dum\/","name":"D\u011btsk\u00fd v\u00edkend v Cinema City Slovansk\u00fd d\u016fm - CELEBRITYHOUSE.cz","isPartOf":{"@id":"https:\/\/celebrityhouse.cz\/#website"},"datePublished":"2024-05-29T23:51:43+00:00","dateModified":"2024-06-05T15:22:24+00:00","description":"Na Pra\u017esk\u00fdch P\u0159\u00edkopech si m\u016f\u017eete o v\u00edkendu u\u017e\u00edt filmov\u00fd v\u00edkend. 1. a 2. \u010dervna prob\u011bhne v Cinema City Slovansk\u00fd d\u016fm d\u011btsk\u00fd v\u00edkend.","breadcrumb":{"@id":"https:\/\/celebrityhouse.cz\/index.php\/2024\/05\/30\/detsky-vikend-v-cinema-city-slovansky-dum\/#breadcrumb"},"inLanguage":"cs","potentialAction":[{"@type":"ReadAction","target":["https:\/\/celebrityhouse.cz\/index.php\/2024\/05\/30\/detsky-vikend-v-cinema-city-slovansky-dum\/"]}]},{"@type":"BreadcrumbList","@id":"https:\/\/celebrityhouse.cz\/index.php\/2024\/05\/30\/detsky-vikend-v-cinema-city-slovansky-dum\/#breadcrumb","itemListElement":[{"@type":"ListItem","position":1,"name":"Dom\u016f","item":"https:\/\/celebrityhouse.cz\/"},{"@type":"ListItem","position":2,"name":"D\u011btsk\u00fd v\u00edkend v Cinema City Slovansk\u00fd d\u016fm"}]},{"@type":"WebSite","@id":"https:\/\/celebrityhouse.cz\/#website","url":"https:\/\/celebrityhouse.cz\/","name":"CELEBRITYHOUSE.cz","description":"Port\u00e1l o showbyznysu...","publisher":{"@id":"https:\/\/celebrityhouse.cz\/#organization"},"potentialAction":[{"@type":"SearchAction","target":{"@type":"EntryPoint","urlTemplate":"https:\/\/celebrityhouse.cz\/?s={search_term_string}"},"query-input":"required name=search_term_string"}],"inLanguage":"cs"},{"@type":"Organization","@id":"https:\/\/celebrityhouse.cz\/#organization","name":"CELEBRITYHOUSE.cz","url":"https:\/\/celebrityhouse.cz\/","logo":{"@type":"ImageObject","inLanguage":"cs","@id":"https:\/\/celebrityhouse.cz\/#\/schema\/logo\/image\/","url":"https:\/\/celebrityhouse.cz\/wp-content\/uploads\/2024\/12\/cropped-Logo_CelebrityHouse_2.jpg","contentUrl":"https:\/\/celebrityhouse.cz\/wp-content\/uploads\/2024\/12\/cropped-Logo_CelebrityHouse_2.jpg","width":937,"height":510,"caption":"CELEBRITYHOUSE.cz"},"image":{"@id":"https:\/\/celebrityhouse.cz\/#\/schema\/logo\/image\/"}},{"@type":"Person","@id":"https:\/\/celebrityhouse.cz\/#\/schema\/person\/91fc6a2bd574f7b7c97db353cb97f0be","name":"Petra Kub\u00edkov\u00e1","image":{"@type":"ImageObject","inLanguage":"cs","@id":"https:\/\/celebrityhouse.cz\/#\/schema\/person\/image\/","url":"https:\/\/secure.gravatar.com\/avatar\/b73acd1265062ae3b93da9908474de40?s=96&d=mm&r=g","contentUrl":"https:\/\/secure.gravatar.com\/avatar\/b73acd1265062ae3b93da9908474de40?s=96&d=mm&r=g","caption":"Petra Kub\u00edkov\u00e1"},"sameAs":["http:\/\/CELEBRITYHOUSE.cz"],"url":"https:\/\/celebrityhouse.cz\/index.php\/author\/kubip\/"}]}},"_links":{"self":[{"href":"https:\/\/celebrityhouse.cz\/index.php\/wp-json\/wp\/v2\/posts\/8694"}],"collection":[{"href":"https:\/\/celebrityhouse.cz\/index.php\/wp-json\/wp\/v2\/posts"}],"about":[{"href":"https:\/\/celebrityhouse.cz\/index.php\/wp-json\/wp\/v2\/types\/post"}],"author":[{"embeddable":true,"href":"https:\/\/celebrityhouse.cz\/index.php\/wp-json\/wp\/v2\/users\/6"}],"replies":[{"embeddable":true,"href":"https:\/\/celebrityhouse.cz\/index.php\/wp-json\/wp\/v2\/comments?post=8694"}],"version-history":[{"count":2,"href":"https:\/\/celebrityhouse.cz\/index.php\/wp-json\/wp\/v2\/posts\/8694\/revisions"}],"predecessor-version":[{"id":8721,"href":"https:\/\/celebrityhouse.cz\/index.php\/wp-json\/wp\/v2\/posts\/8694\/revisions\/8721"}],"wp:featuredmedia":[{"embeddable":true,"href":"https:\/\/celebrityhouse.cz\/index.php\/wp-json\/wp\/v2\/media\/8695"}],"wp:attachment":[{"href":"https:\/\/celebrityhouse.cz\/index.php\/wp-json\/wp\/v2\/media?parent=8694"}],"wp:term":[{"taxonomy":"category","embeddable":true,"href":"https:\/\/celebrityhouse.cz\/index.php\/wp-json\/wp\/v2\/categories?post=8694"},{"taxonomy":"post_tag","embeddable":true,"href":"https:\/\/celebrityhouse.cz\/index.php\/wp-json\/wp\/v2\/tags?post=8694"}],"curies":[{"name":"wp","href":"https:\/\/api.w.org\/{rel}","templated":true}]}}