{"id":8991,"date":"2024-08-01T00:01:00","date_gmt":"2024-07-31T22:01:00","guid":{"rendered":"https:\/\/celebrityhouse.cz\/?p=8991"},"modified":"2024-08-01T15:56:35","modified_gmt":"2024-08-01T13:56:35","slug":"filmove-vlny-rozvlni-regiony-divacky-ocenovany-snimek-jiriho-madla-vyrazi-na-predpremierovou-filmtour-po-ceske-republice","status":"publish","type":"post","link":"https:\/\/celebrityhouse.cz\/index.php\/2024\/08\/01\/filmove-vlny-rozvlni-regiony-divacky-ocenovany-snimek-jiriho-madla-vyrazi-na-predpremierovou-filmtour-po-ceske-republice\/","title":{"rendered":"Filmov\u00e9 Vlny rozvln\u00ed regiony : Div\u00e1cky oce\u0148ovan\u00fd sn\u00edmek Ji\u0159\u00edho M\u00e1dla vyr\u00e1\u017e\u00ed na p\u0159edpremi\u00e9rovou filmtour po \u010cesk\u00e9 republice"},"content":{"rendered":"\n<div style=\"height:45px\" aria-hidden=\"true\" class=\"wp-block-spacer\"><\/div>\n\n\n\n<p><strong>Vlny, jejich\u017e sv\u011btovou premi\u00e9ru na karlovarsk\u00e9m filmov\u00e9m festivalu prov\u00e1zel desetiminutov\u00fd potlesk, a staly se div\u00e1cky nej\u00fasp\u011b\u0161n\u011bj\u0161\u00edm filmem 58. ro\u010dn\u00edku, m\u00ed\u0159\u00ed do&nbsp;letn\u00edch kin v Ostrav\u011b, Plzni, \u010cesk\u00fdch Bud\u011bjovic\u00edch a Boskovic\u00edch. Sou\u010d\u00e1st\u00ed s\u00e9rie p\u0159edpremi\u00e9r bude talkshow s herci a tv\u016frci, autogrami\u00e1da nebo&nbsp;fashion pop-up s origin\u00e1ln\u00ed kolekc\u00ed filmov\u00e9ho oble\u010den\u00ed a dopl\u0148k\u016f od second handu 1981. Vlnami se tak filmov\u00ed fanou\u0161ci budou moct nechat un\u00e9st je\u0161t\u011b p\u0159ed t\u00edm, ne\u017e 15. srpna vstoup\u00ed do kin.<\/strong><\/p>\n\n\n\n<div style=\"height:45px\" aria-hidden=\"true\" class=\"wp-block-spacer\"><\/div>\n\n\n<div class=\"wp-block-image\">\n<figure class=\"aligncenter size-full\"><img decoding=\"async\" src=\"https:\/\/cinemahouse.cz\/wp-content\/uploads\/2024\/07\/Svetova-premiera-Vln-na-58.-rocniku-MFF-KV-foto-Bontonfilm.jpg\" alt=\"Vlny \" class=\"wp-image-7864\" \/><\/figure><\/div>\n\n\n<div style=\"height:45px\" aria-hidden=\"true\" class=\"wp-block-spacer\"><\/div>\n\n\n\n<p>Filmtour Vlny se zastav\u00ed 3. srpna na Letn\u00ed sc\u00e9n\u011b Amfi v Ostrav\u011b-Porub\u011b, 8. srpna v plze\u0148sk\u00e9m amfite\u00e1tru Lochot\u00edn, 9. srpna v \u010deskobud\u011bjovick\u00e9m letn\u00edm kin\u011b H\u00e1je\u010dek a 10. srpna v letn\u00edm kin\u011b Boskovice. Program je pl\u00e1novan\u00fd od 19:00 a n\u00e1v\u0161t\u011bvn\u00edci se v r\u00e1mci n\u011bj m\u016f\u017eou t\u011b\u0161it na autogrami\u00e1du s herci a tv\u016frci, stylov\u00fd fotokoutek, informa\u010dn\u00ed panely, kter\u00e9 z\u00e1jemc\u016fm o historii p\u0159ibl\u00ed\u017e\u00ed fakta a ud\u00e1losti Redakce mezin\u00e1rodn\u00edho \u017eivota \u010ceskoslovensk\u00e9ho rozhlasu, nebo na fashion pop-up second handu 1981, kter\u00fd k filmu vytvo\u0159il kolekci oble\u010den\u00ed a dopl\u0148k\u016f inspirovanou m\u00f3dou 60. letech. P\u0159ed projekc\u00ed Vln prob\u011bhne na p\u00f3diu talkshow s re\u017eis\u00e9rem a scen\u00e1ristou Ji\u0159\u00edm M\u00e1dlem, herci, tv\u016frci nebo speci\u00e1ln\u00edmi hosty.&nbsp;<\/p>\n\n\n\n<div style=\"height:45px\" aria-hidden=\"true\" class=\"wp-block-spacer\"><\/div>\n\n\n\n<figure class=\"wp-block-embed aligncenter is-type-video is-provider-youtube wp-block-embed-youtube wp-embed-aspect-16-9 wp-has-aspect-ratio\"><div class=\"wp-block-embed__wrapper\">\n<div class=\"video-container\"><iframe loading=\"lazy\" title=\"Vlny (2024) - HD TRAILER\" width=\"500\" height=\"281\" src=\"https:\/\/www.youtube.com\/embed\/BLZcKmZQqV8?feature=oembed&#038;wmode=opaque\" frameborder=\"0\" allow=\"accelerometer; autoplay; clipboard-write; encrypted-media; gyroscope; picture-in-picture; web-share\" referrerpolicy=\"strict-origin-when-cross-origin\" allowfullscreen><\/iframe><\/div>\n<\/div><\/figure>\n\n\n\n<div style=\"height:45px\" aria-hidden=\"true\" class=\"wp-block-spacer\"><\/div>\n\n\n\n<p>\u201e<em>Nep\u0159eh\u00e1n\u00edm, kdy\u017e \u0159eknu, \u017ee Jirka M\u00e1dl nato\u010dil velkofilm a vid\u011bt ho na velk\u00e9m pl\u00e1tn\u011b je jedn\u00edm slovem z\u00e1\u017eitek. R\u00e1di bychom ho zprost\u0159edkovali co nejv\u011bt\u0161\u00edmu po\u010dtu div\u00e1k\u016f, proto s n\u00edm&nbsp;vyz\u00e1\u0159\u00edme do nejv\u011bt\u0161\u00edch let\u0148\u00e1k\u016f nap\u0159\u00ed\u010d \u010ceskou republikou, aby na Vlny mohl zaj\u00edt ka\u017ed\u00fd s kamar\u00e1dy, rodinou nebo d\u011btmi a spole\u010dn\u011b pro\u017e\u00edt p\u0159\u00edb\u011bh, kter\u00fd je tak trochu o n\u00e1s v\u0161ech,<\/em>\u201c zve na filmtour Robert \u0160vec, \u0161\u00e9f distribuce Bontonfilmu. Prvn\u00edch sto div\u00e1k\u016f, kte\u0159\u00ed zakoup\u00ed vstupenky v p\u0159edprodeji, je nav\u00edc z\u00edsk\u00e1 za zv\u00fdhodn\u011bn\u00fdch 150 K\u010d, dal\u0161\u00ed pak za cenu 200 K\u010d. V nab\u00eddce bude tak\u00e9 skupinov\u00e9 vstupn\u00e9 pro \u010dty\u0159i osoby za 600 K\u010d.<\/p>\n\n\n\n<div style=\"height:45px\" aria-hidden=\"true\" class=\"wp-block-spacer\"><\/div>\n\n\n<div class=\"wp-block-image\">\n<figure class=\"aligncenter size-full\"><img decoding=\"async\" src=\"https:\/\/cinemahouse.cz\/wp-content\/uploads\/2024\/07\/Producentka-Monika-Kristl-s-dcerou-a-reriser-Jiri-Madl-s-partnerkou-na-cervenem-koberci-foto-Bontonfilm.jpg\" alt=\"Vlny\" class=\"wp-image-7863\" \/><\/figure><\/div>\n\n\n<div style=\"height:45px\" aria-hidden=\"true\" class=\"wp-block-spacer\"><\/div>\n\n\n\n<p>\u201e<em>Za Vlnami stoj\u00ed spoustu let n\u00e1ro\u010dn\u00fdch p\u0159\u00edprav a re\u0161er\u0161\u00ed, p\u0159i kter\u00fdch k n\u00e1m dobr\u00e9 i \u0161patn\u00e9 zpr\u00e1vy p\u0159ich\u00e1zely taky ve vln\u00e1ch. V\u0161echno jsme nakonec p\u0159ekonali a te\u010f, kdy\u017e je kone\u010dn\u011b hotovo, se t\u011b\u0161\u00edme, a\u017e se o na\u0161e historky z nat\u00e1\u010den\u00ed i skute\u010dn\u00e9 ud\u00e1losti, ze kter\u00fdch jsme \u010derpali, budeme moct b\u011bhem na\u0161\u00ed filmtour pod\u011blit s div\u00e1ky a popov\u00eddat si s nimi o tom, co je zaj\u00edm\u00e1,\u201c <\/em>\u0159\u00edk\u00e1 producentka filmu Monika Kristl.<\/p>\n\n\n\n<p>Sn\u00edmek Vlny vt\u00e1hne div\u00e1ky do Prahy 60. let. Z rozhlasov\u00fdch p\u0159ij\u00edma\u010d\u016f hraje rokenrol, studentsk\u00e9 revolty m\u011bn\u00ed sv\u011bt a v proslul\u00e9 redakci \u010ceskoslovensk\u00e9ho rozhlasu p\u016fsob\u00ed pod veden\u00edm Milana Weinera novin\u00e1\u0159sk\u00e9 celebrity sv\u00e9 doby, jejich\u017e plak\u00e1ty zdob\u00ed zdi mnoha dom\u00e1cnost\u00ed. Mezi tehdej\u0161\u00ed \u017eurnalistick\u00e9 ikony Ji\u0159\u00edho Dienstbiera, V\u011bru \u0160\u0165ov\u00ed\u010dkovou nebo Lubo\u0161e Dobrovsk\u00e9ho se dost\u00e1v\u00e1 mlad\u00edk Tom\u00e1\u0161. Vlastn\u011b tak trochu omylem, m\u00edsto v redakci bylo snem jeho mlad\u0161\u00edho bratra Pavla. Tom\u00e1\u0161 se dosud staral hlavn\u011b o to, aby byli oba v bezpe\u010d\u00ed. Netu\u0161\u00ed ale, \u017ee m\u00edstn\u00ed redakto\u0159i jsou v hled\u00e1\u010dku tajn\u00fdch slu\u017eeb. Ty se o jejich \u010dinnost za\u010dnou zaj\u00edmat o to v\u00edc, kdy\u017e se objev\u00ed nahr\u00e1vka, jej\u00ed\u017e odvys\u00edl\u00e1n\u00ed by mohlo zm\u011bnit osudy mnoh\u00fdch. \u010cas se kr\u00e1t\u00ed, nap\u011bt\u00ed nar\u016fst\u00e1, je t\u0159eba jednat. Stane se Tom\u00e1\u0161 jedn\u00edm z t\u011bch, kdo se zap\u00ed\u0161\u00ed do historie, nebo bude chr\u00e1nit nezletil\u00e9ho sourozence, toho posledn\u00edho, kdo mu po smrti rodi\u010d\u016f zbyl? Nap\u00ednav\u00fd sn\u00edmek Ji\u0159\u00edho M\u00e1dla o d\u016fle\u017eitosti rodiny, boji za svobodu a jedn\u00e9 nahr\u00e1vce, kter\u00e1 m\u016f\u017ee zm\u011bnit b\u011bh d\u011bjin, bude premi\u00e9rov\u011b uveden na Mezin\u00e1rodn\u00edm filmov\u00e9m festivalu Karlovy Vary. Do kin Vlny vpluj\u00ed 15. srpna.<\/p>\n\n\n\n<div style=\"height:45px\" aria-hidden=\"true\" class=\"wp-block-spacer\"><\/div>\n\n\n<div class=\"wp-block-image\">\n<figure class=\"aligncenter size-full\"><img decoding=\"async\" src=\"https:\/\/cinemahouse.cz\/wp-content\/uploads\/2024\/07\/Ovace-a-radost-tvurcu-po-uvedeni-filmu-na-karlovarskem-festivalu-foto-Bontonfilm.jpg\" alt=\"Vlny\" class=\"wp-image-7862\" \/><\/figure><\/div>\n\n\n<div style=\"height:45px\" aria-hidden=\"true\" class=\"wp-block-spacer\"><\/div>\n\n\n\n<p>Do filmu re\u017eis\u00e9r obsadil Vojt\u011bcha Vodochodsk\u00e9ho, Tatianu Pauhofovou, Stanislava Majera, Vojt\u011bcha Kotka, Mariku \u0160oposkou, Petra Ln\u011bni\u010dku, Maty\u00e1\u0161e \u0158ezn\u00ed\u010dka, Petra Hal\u00ed\u010dka, Martina Hofmanna, Jacoba Erftemeijera, Jana Nedbala, Tom\u00e1\u0161e Ma\u0161tal\u00edra nebo Igora Bare\u0161e. Vlny produkuje spole\u010dnost Dawson Films. Distribuci m\u00e1 na starosti Bontonfilm. Koproducenty jsou \u010cesk\u00fd rozhlas, \u010cesk\u00e1 televize, Barrandov Studio a.s., innogy, Wandal Production a RTVS. Film vznik\u00e1 za podpory St\u00e1tn\u00edho fondu kinematografie, Pra\u017esk\u00e9ho audiovizu\u00e1ln\u00edho nada\u010dn\u00edho fondu, Plze\u0148sk\u00e9ho kraje a Audiovizu\u00e1lneho fondu.<\/p>\n\n\n\n<div style=\"height:45px\" aria-hidden=\"true\" class=\"wp-block-spacer\"><\/div>\n\n\n\n<h2 class=\"wp-block-heading\">VLNY FILMTOUR<\/h2>\n\n\n\n<div style=\"height:21px\" aria-hidden=\"true\" class=\"wp-block-spacer\"><\/div>\n\n\n\n<p>Sobota 3.8. Letn\u00ed sc\u00e9na Amfi, <strong>Ostrava<\/strong> (vstupenky v p\u0159edprodeji v s\u00edt\u00ed Ticketstream &#8211; <a href=\"https:\/\/www.ticketstream.cz\/akce\/vlny-film-tour-exkluzivni-predpremiera-filmu-a-setkani-s-herci-a-tvurci-v-ostrave-176923\">zde<\/a>)<\/p>\n\n\n\n<p>\u010ctvrtek 8.8. Amfite\u00e1tr Lochot\u00edn, <strong>Plze\u0148 <\/strong>(vstupenky v p\u0159edprodeji v s\u00edt\u00ed Ticketstream &#8211; <a href=\"https:\/\/www.ticketstream.cz\/akce\/vlny-film-tour-exkluzivni-predpremiera-filmu-a-setkani-s-herci-a-tvurci-v-plzni-177102\">zde<\/a>)<\/p>\n\n\n\n<p>P\u00e1tek 9.8. Kino H\u00e1je\u010dek, <strong>\u010cesk\u00e9 Bud\u011bjovice<\/strong> (vstupenky v p\u0159edprodeji v kin\u011b H\u00e1je\u010dek &#8211; <a href=\"http:\/\/www.kinohajecek.cz\/klient-3350\/kino-491\/stranka-16101\/film-726626\">zde<\/a>)<\/p>\n\n\n\n<p>Sobota 10.8. Letn\u00ed kino <strong>Boskovice<\/strong> (vstupenky v p\u0159edprodeji v s\u00edt\u00ed Ticketstream &#8211; <a href=\"https:\/\/www.ticketstream.cz\/akce\/vlny-film-tour-exkluzivni-predpremiera-filmu-a-setkani-s-herci-a-tvurci-v-boskovicich-176942\">zde<\/a>)<\/p>\n\n\n\n<div style=\"height:45px\" aria-hidden=\"true\" class=\"wp-block-spacer\"><\/div>\n\n\n\n<h2 class=\"wp-block-heading\">O FILMU&nbsp;<\/h2>\n\n\n\n<div style=\"height:21px\" aria-hidden=\"true\" class=\"wp-block-spacer\"><\/div>\n\n\n\n<p>Dobov\u00fd film Vlny re\u017eis\u00e9ra Ji\u0159\u00edho M\u00e1dla uk\u00e1\u017ee nap\u00ednav\u00e9 a doposud utajen\u00e9 p\u0159\u00edb\u011bhy novin\u00e1\u0159\u016f \u010ceskoslovensk\u00e9ho rozhlasu. Na konci 60. let, kdy zn\u011bl z r\u00e1diov\u00fdch vln rokenrol a studentsk\u00e9 revolty m\u011bnily sv\u011bt, nastoup\u00ed star\u0161\u00ed z bratr\u016f do presti\u017en\u00ed redakce rozhlasu. Z\u00e1hy se ocitne v&nbsp;nebezpe\u010dn\u00e9m souboji redaktor\u016f a tajn\u00fdch slu\u017eeb. Ve v\u00edru ud\u00e1lost\u00ed p\u016fjde brzy v\u0161em o \u017eivot a hlavn\u00ed hrdina stoj\u00ed p\u0159ed drsnou volbou: ochr\u00e1nit bratra, nebo pravdu a kolegy? Film je inspirov\u00e1n skute\u010dn\u00fdm p\u0159\u00edb\u011bhem skupiny novin\u00e1\u0159\u016f mezin\u00e1rodn\u00ed redakce \u010ceskoslovensk\u00e9ho rozhlasu a jejich odhodl\u00e1n\u00edm p\u0159in\u00e1\u0161et nez\u00e1visl\u00e9 zpr\u00e1vy za ka\u017edou cenu.<\/p>\n\n\n\n<div style=\"height:45px\" aria-hidden=\"true\" class=\"wp-block-spacer\"><\/div>\n\n\n<div class=\"wp-block-image\">\n<figure class=\"aligncenter size-large\"><img decoding=\"async\" src=\"https:\/\/cinemahouse.cz\/wp-content\/uploads\/2024\/07\/Tatiana-Pauhofova-a-Vojtech-Vodochodsky-jako-zamestnanci-Ceskoslovenskeho-rozhlasu-foto-Dawson-Films-1024x683.jpg\" alt=\"Vlny \" class=\"wp-image-7865\" \/><\/figure><\/div>\n\n\n<div style=\"height:45px\" aria-hidden=\"true\" class=\"wp-block-spacer\"><\/div>\n\n\n\n<h2 class=\"wp-block-heading\">Vlny<\/h2>\n\n\n\n<div style=\"height:45px\" aria-hidden=\"true\" class=\"wp-block-spacer\"><\/div>\n\n\n\n<p><strong>Premi\u00e9ra<\/strong>: 15.8. 2025<\/p>\n\n\n\n<p><strong>Sc\u00e9n\u00e1\u0159 a re\u017eie:<\/strong> Ji\u0159\u00ed M\u00e1dl<\/p>\n\n\n\n<p><strong>Kamera:<\/strong> Martin \u017diaran<\/p>\n\n\n\n<p><strong>St\u0159ih:<\/strong> Filip Mal\u00e1sek<\/p>\n\n\n\n<p><strong>Hudba:<\/strong> Simon Goff<\/p>\n\n\n\n<p><strong>Zvuk:<\/strong> Viktor Ekrt<\/p>\n\n\n\n<p><strong>Dramaturgov\u00e9:<\/strong> Marcela Pittermanov\u00e1, Jack Sidey<\/p>\n\n\n\n<p><strong>Producentka:<\/strong> Dawson Films \u2013 Monika Kristl<\/p>\n\n\n\n<p><strong>Slovensk\u00e1 producentka:<\/strong> Wandal Production \u2013 Wanda Adam\u00edk Hrycov\u00e1<\/p>\n\n\n\n<p><strong>Koproducenti:<\/strong> \u010cesk\u00fd rozhlas, \u010cesk\u00e1 televize \u2013 kreativn\u00ed producent Jaroslav Sedl\u00e1\u010dek, Barrandov Studio a.s., innogy a RTVS (SK)<\/p>\n\n\n\n<p><strong>Za podpory:<\/strong> St\u00e1tn\u00ed fond kinematografie, Pra\u017esk\u00fd audiovizu\u00e1ln\u00ed nada\u010dn\u00ed fond, Plze\u0148sk\u00fd kraje a Audiovizu\u00e1lny fond (SK)<\/p>\n\n\n\n<div style=\"height:45px\" aria-hidden=\"true\" class=\"wp-block-spacer\"><\/div>\n\n\n\n<figure class=\"wp-block-gallery has-nested-images columns-2 is-cropped wp-block-gallery-1 is-layout-flex wp-block-gallery-is-layout-flex\">\n<figure class=\"wp-block-image size-large\"><img decoding=\"async\" data-id=\"7864\" src=\"https:\/\/cinemahouse.cz\/wp-content\/uploads\/2024\/07\/Svetova-premiera-Vln-na-58.-rocniku-MFF-KV-foto-Bontonfilm.jpg\" alt=\"Vlny\" class=\"wp-image-7864\" \/><\/figure>\n\n\n\n<figure class=\"wp-block-image size-large\"><img decoding=\"async\" data-id=\"7863\" src=\"https:\/\/cinemahouse.cz\/wp-content\/uploads\/2024\/07\/Producentka-Monika-Kristl-s-dcerou-a-reriser-Jiri-Madl-s-partnerkou-na-cervenem-koberci-foto-Bontonfilm.jpg\" alt=\"Vlny\" class=\"wp-image-7863\" \/><\/figure>\n\n\n\n<figure class=\"wp-block-image size-large\"><img decoding=\"async\" data-id=\"7862\" src=\"https:\/\/cinemahouse.cz\/wp-content\/uploads\/2024\/07\/Ovace-a-radost-tvurcu-po-uvedeni-filmu-na-karlovarskem-festivalu-foto-Bontonfilm.jpg\" alt=\"Vlny\" class=\"wp-image-7862\" \/><\/figure>\n\n\n\n<figure class=\"wp-block-image size-large\"><img decoding=\"async\" data-id=\"7865\" src=\"https:\/\/cinemahouse.cz\/wp-content\/uploads\/2024\/07\/Tatiana-Pauhofova-a-Vojtech-Vodochodsky-jako-zamestnanci-Ceskoslovenskeho-rozhlasu-foto-Dawson-Films-1024x683.jpg\" alt=\"Vlny\" class=\"wp-image-7865\" \/><\/figure>\n\n\n\n<figure class=\"wp-block-image size-large\"><img decoding=\"async\" data-id=\"7861\" src=\"https:\/\/cinemahouse.cz\/wp-content\/uploads\/2024\/07\/Vlny-plakat-zdroj-Bontonfilm.jpg\" alt=\"Vlny\" class=\"wp-image-7861\" \/><\/figure>\n\n\n\n<figure class=\"wp-block-image size-large\"><img decoding=\"async\" data-id=\"7860\" src=\"https:\/\/cinemahouse.cz\/wp-content\/uploads\/2024\/07\/Vlny-filmtour-zdroj__-Bontonfilm.png\" alt=\"Vlny\" class=\"wp-image-7860\" \/><\/figure>\n<\/figure>\n\n\n\n<div style=\"height:45px\" aria-hidden=\"true\" class=\"wp-block-spacer\"><\/div>\n\n\n\n<p><strong>Zdroj foto a video:&nbsp;<\/strong>Bontonfilm<\/p>\n\n\n\n<div style=\"height:45px\" aria-hidden=\"true\" class=\"wp-block-spacer\"><\/div>\n","protected":false},"excerpt":{"rendered":"<p>Vlny, jejich\u017e sv\u011btovou premi\u00e9ru na karlovarsk\u00e9m filmov\u00e9m festivalu prov\u00e1zel desetiminutov\u00fd potlesk, a staly se div\u00e1cky nej\u00fasp\u011b\u0161n\u011bj\u0161\u00edm filmem 58. ro\u010dn\u00edku, m\u00ed\u0159\u00ed do&nbsp;letn\u00edch kin v Ostrav\u011b, Plzni, \u010cesk\u00fdch Bud\u011bjovic\u00edch a Boskovic\u00edch. Sou\u010d\u00e1st\u00ed s\u00e9rie p\u0159edpremi\u00e9r bude talkshow&#46;&#46;&#46;<\/p>\n","protected":false},"author":8,"featured_media":8994,"comment_status":"closed","ping_status":"closed","sticky":false,"template":"","format":"standard","meta":{"_monsterinsights_skip_tracking":false,"_monsterinsights_sitenote_active":false,"_monsterinsights_sitenote_note":"","_monsterinsights_sitenote_category":0,"footnotes":""},"categories":[3,6,2,12],"tags":[],"yoast_head":"<!-- This site is optimized with the Yoast SEO plugin v21.5 - https:\/\/yoast.com\/wordpress\/plugins\/seo\/ -->\n<title>Filmov\u00e9 Vlny rozvln\u00ed regiony : Div\u00e1cky oce\u0148ovan\u00fd sn\u00edmek Ji\u0159\u00edho M\u00e1dla vyr\u00e1\u017e\u00ed na p\u0159edpremi\u00e9rovou filmtour po \u010cesk\u00e9 republice - CELEBRITYHOUSE.cz<\/title>\n<meta name=\"description\" content=\"Vlny, jejich\u017e sv\u011btovou premi\u00e9ru na karlovarsk\u00e9m filmov\u00e9m festivalu prov\u00e1zel desetiminutov\u00fd potlesk m\u00ed\u0159\u00ed do\u00a0letn\u00edch kin.\" \/>\n<meta name=\"robots\" content=\"index, follow, max-snippet:-1, max-image-preview:large, max-video-preview:-1\" \/>\n<link rel=\"canonical\" href=\"https:\/\/celebrityhouse.cz\/index.php\/2024\/08\/01\/filmove-vlny-rozvlni-regiony-divacky-ocenovany-snimek-jiriho-madla-vyrazi-na-predpremierovou-filmtour-po-ceske-republice\/\" \/>\n<meta property=\"og:locale\" content=\"cs_CZ\" \/>\n<meta property=\"og:type\" content=\"article\" \/>\n<meta property=\"og:title\" content=\"Filmov\u00e9 Vlny rozvln\u00ed regiony : Div\u00e1cky oce\u0148ovan\u00fd sn\u00edmek Ji\u0159\u00edho M\u00e1dla vyr\u00e1\u017e\u00ed na p\u0159edpremi\u00e9rovou filmtour po \u010cesk\u00e9 republice - CELEBRITYHOUSE.cz\" \/>\n<meta property=\"og:description\" content=\"Vlny, jejich\u017e sv\u011btovou premi\u00e9ru na karlovarsk\u00e9m filmov\u00e9m festivalu prov\u00e1zel desetiminutov\u00fd potlesk m\u00ed\u0159\u00ed do\u00a0letn\u00edch kin.\" \/>\n<meta property=\"og:url\" content=\"https:\/\/celebrityhouse.cz\/index.php\/2024\/08\/01\/filmove-vlny-rozvlni-regiony-divacky-ocenovany-snimek-jiriho-madla-vyrazi-na-predpremierovou-filmtour-po-ceske-republice\/\" \/>\n<meta property=\"og:site_name\" content=\"CELEBRITYHOUSE.cz\" \/>\n<meta property=\"article:published_time\" content=\"2024-07-31T22:01:00+00:00\" \/>\n<meta property=\"article:modified_time\" content=\"2024-08-01T13:56:35+00:00\" \/>\n<meta property=\"og:image\" content=\"https:\/\/celebrityhouse.cz\/wp-content\/uploads\/2024\/07\/Svetova-premiera-Vln-na-58.-rocniku-MFF-KV-foto-Bontonfilm.jpg\" \/>\n\t<meta property=\"og:image:width\" content=\"900\" \/>\n\t<meta property=\"og:image:height\" content=\"600\" \/>\n\t<meta property=\"og:image:type\" content=\"image\/jpeg\" \/>\n<meta name=\"author\" content=\"Martina Pechov\u00e1\" \/>\n<meta name=\"twitter:card\" content=\"summary_large_image\" \/>\n<meta name=\"twitter:label1\" content=\"Napsal(a)\" \/>\n\t<meta name=\"twitter:data1\" content=\"Martina Pechov\u00e1\" \/>\n\t<meta name=\"twitter:label2\" content=\"Odhadovan\u00e1 doba \u010dten\u00ed\" \/>\n\t<meta name=\"twitter:data2\" content=\"7 minut\" \/>\n<script type=\"application\/ld+json\" class=\"yoast-schema-graph\">{\"@context\":\"https:\/\/schema.org\",\"@graph\":[{\"@type\":\"Article\",\"@id\":\"https:\/\/celebrityhouse.cz\/index.php\/2024\/08\/01\/filmove-vlny-rozvlni-regiony-divacky-ocenovany-snimek-jiriho-madla-vyrazi-na-predpremierovou-filmtour-po-ceske-republice\/#article\",\"isPartOf\":{\"@id\":\"https:\/\/celebrityhouse.cz\/index.php\/2024\/08\/01\/filmove-vlny-rozvlni-regiony-divacky-ocenovany-snimek-jiriho-madla-vyrazi-na-predpremierovou-filmtour-po-ceske-republice\/\"},\"author\":{\"name\":\"Martina Pechov\u00e1\",\"@id\":\"https:\/\/celebrityhouse.cz\/#\/schema\/person\/b97cee16a2caa8cf7a55df6bcaff5d8c\"},\"headline\":\"Filmov\u00e9 Vlny rozvln\u00ed regiony : Div\u00e1cky oce\u0148ovan\u00fd sn\u00edmek Ji\u0159\u00edho M\u00e1dla vyr\u00e1\u017e\u00ed na p\u0159edpremi\u00e9rovou filmtour po \u010cesk\u00e9 republice\",\"datePublished\":\"2024-07-31T22:01:00+00:00\",\"dateModified\":\"2024-08-01T13:56:35+00:00\",\"mainEntityOfPage\":{\"@id\":\"https:\/\/celebrityhouse.cz\/index.php\/2024\/08\/01\/filmove-vlny-rozvlni-regiony-divacky-ocenovany-snimek-jiriho-madla-vyrazi-na-predpremierovou-filmtour-po-ceske-republice\/\"},\"wordCount\":1127,\"publisher\":{\"@id\":\"https:\/\/celebrityhouse.cz\/#organization\"},\"articleSection\":[\"\u010cESK\u00c9 CELEBRITY\",\"FILMY, SERI\u00c1LY, TV a KINO\",\"NEWS\",\"TIPY NA KINO\"],\"inLanguage\":\"cs\"},{\"@type\":\"WebPage\",\"@id\":\"https:\/\/celebrityhouse.cz\/index.php\/2024\/08\/01\/filmove-vlny-rozvlni-regiony-divacky-ocenovany-snimek-jiriho-madla-vyrazi-na-predpremierovou-filmtour-po-ceske-republice\/\",\"url\":\"https:\/\/celebrityhouse.cz\/index.php\/2024\/08\/01\/filmove-vlny-rozvlni-regiony-divacky-ocenovany-snimek-jiriho-madla-vyrazi-na-predpremierovou-filmtour-po-ceske-republice\/\",\"name\":\"Filmov\u00e9 Vlny rozvln\u00ed regiony : Div\u00e1cky oce\u0148ovan\u00fd sn\u00edmek Ji\u0159\u00edho M\u00e1dla vyr\u00e1\u017e\u00ed na p\u0159edpremi\u00e9rovou filmtour po \u010cesk\u00e9 republice - CELEBRITYHOUSE.cz\",\"isPartOf\":{\"@id\":\"https:\/\/celebrityhouse.cz\/#website\"},\"datePublished\":\"2024-07-31T22:01:00+00:00\",\"dateModified\":\"2024-08-01T13:56:35+00:00\",\"description\":\"Vlny, jejich\u017e sv\u011btovou premi\u00e9ru na karlovarsk\u00e9m filmov\u00e9m festivalu prov\u00e1zel desetiminutov\u00fd potlesk m\u00ed\u0159\u00ed do\u00a0letn\u00edch kin.\",\"breadcrumb\":{\"@id\":\"https:\/\/celebrityhouse.cz\/index.php\/2024\/08\/01\/filmove-vlny-rozvlni-regiony-divacky-ocenovany-snimek-jiriho-madla-vyrazi-na-predpremierovou-filmtour-po-ceske-republice\/#breadcrumb\"},\"inLanguage\":\"cs\",\"potentialAction\":[{\"@type\":\"ReadAction\",\"target\":[\"https:\/\/celebrityhouse.cz\/index.php\/2024\/08\/01\/filmove-vlny-rozvlni-regiony-divacky-ocenovany-snimek-jiriho-madla-vyrazi-na-predpremierovou-filmtour-po-ceske-republice\/\"]}]},{\"@type\":\"BreadcrumbList\",\"@id\":\"https:\/\/celebrityhouse.cz\/index.php\/2024\/08\/01\/filmove-vlny-rozvlni-regiony-divacky-ocenovany-snimek-jiriho-madla-vyrazi-na-predpremierovou-filmtour-po-ceske-republice\/#breadcrumb\",\"itemListElement\":[{\"@type\":\"ListItem\",\"position\":1,\"name\":\"Dom\u016f\",\"item\":\"https:\/\/celebrityhouse.cz\/\"},{\"@type\":\"ListItem\",\"position\":2,\"name\":\"Filmov\u00e9 Vlny rozvln\u00ed regiony : Div\u00e1cky oce\u0148ovan\u00fd sn\u00edmek Ji\u0159\u00edho M\u00e1dla vyr\u00e1\u017e\u00ed na p\u0159edpremi\u00e9rovou filmtour po \u010cesk\u00e9 republice\"}]},{\"@type\":\"WebSite\",\"@id\":\"https:\/\/celebrityhouse.cz\/#website\",\"url\":\"https:\/\/celebrityhouse.cz\/\",\"name\":\"CELEBRITYHOUSE.cz\",\"description\":\"Port\u00e1l o showbyznysu...\",\"publisher\":{\"@id\":\"https:\/\/celebrityhouse.cz\/#organization\"},\"potentialAction\":[{\"@type\":\"SearchAction\",\"target\":{\"@type\":\"EntryPoint\",\"urlTemplate\":\"https:\/\/celebrityhouse.cz\/?s={search_term_string}\"},\"query-input\":\"required name=search_term_string\"}],\"inLanguage\":\"cs\"},{\"@type\":\"Organization\",\"@id\":\"https:\/\/celebrityhouse.cz\/#organization\",\"name\":\"CELEBRITYHOUSE.cz\",\"url\":\"https:\/\/celebrityhouse.cz\/\",\"logo\":{\"@type\":\"ImageObject\",\"inLanguage\":\"cs\",\"@id\":\"https:\/\/celebrityhouse.cz\/#\/schema\/logo\/image\/\",\"url\":\"https:\/\/celebrityhouse.cz\/wp-content\/uploads\/2024\/12\/cropped-Logo_CelebrityHouse_2.jpg\",\"contentUrl\":\"https:\/\/celebrityhouse.cz\/wp-content\/uploads\/2024\/12\/cropped-Logo_CelebrityHouse_2.jpg\",\"width\":937,\"height\":510,\"caption\":\"CELEBRITYHOUSE.cz\"},\"image\":{\"@id\":\"https:\/\/celebrityhouse.cz\/#\/schema\/logo\/image\/\"}},{\"@type\":\"Person\",\"@id\":\"https:\/\/celebrityhouse.cz\/#\/schema\/person\/b97cee16a2caa8cf7a55df6bcaff5d8c\",\"name\":\"Martina Pechov\u00e1\",\"image\":{\"@type\":\"ImageObject\",\"inLanguage\":\"cs\",\"@id\":\"https:\/\/celebrityhouse.cz\/#\/schema\/person\/image\/\",\"url\":\"https:\/\/secure.gravatar.com\/avatar\/d3ad7f43789eed68b221d01c6d7ac4e5?s=96&d=mm&r=g\",\"contentUrl\":\"https:\/\/secure.gravatar.com\/avatar\/d3ad7f43789eed68b221d01c6d7ac4e5?s=96&d=mm&r=g\",\"caption\":\"Martina Pechov\u00e1\"},\"sameAs\":[\"http:\/\/CELEBRITYHOUSE.cz\"],\"url\":\"https:\/\/celebrityhouse.cz\/index.php\/author\/marpech\/\"}]}<\/script>\n<!-- \/ Yoast SEO plugin. -->","yoast_head_json":{"title":"Filmov\u00e9 Vlny rozvln\u00ed regiony : Div\u00e1cky oce\u0148ovan\u00fd sn\u00edmek Ji\u0159\u00edho M\u00e1dla vyr\u00e1\u017e\u00ed na p\u0159edpremi\u00e9rovou filmtour po \u010cesk\u00e9 republice - CELEBRITYHOUSE.cz","description":"Vlny, jejich\u017e sv\u011btovou premi\u00e9ru na karlovarsk\u00e9m filmov\u00e9m festivalu prov\u00e1zel desetiminutov\u00fd potlesk m\u00ed\u0159\u00ed do\u00a0letn\u00edch kin.","robots":{"index":"index","follow":"follow","max-snippet":"max-snippet:-1","max-image-preview":"max-image-preview:large","max-video-preview":"max-video-preview:-1"},"canonical":"https:\/\/celebrityhouse.cz\/index.php\/2024\/08\/01\/filmove-vlny-rozvlni-regiony-divacky-ocenovany-snimek-jiriho-madla-vyrazi-na-predpremierovou-filmtour-po-ceske-republice\/","og_locale":"cs_CZ","og_type":"article","og_title":"Filmov\u00e9 Vlny rozvln\u00ed regiony : Div\u00e1cky oce\u0148ovan\u00fd sn\u00edmek Ji\u0159\u00edho M\u00e1dla vyr\u00e1\u017e\u00ed na p\u0159edpremi\u00e9rovou filmtour po \u010cesk\u00e9 republice - CELEBRITYHOUSE.cz","og_description":"Vlny, jejich\u017e sv\u011btovou premi\u00e9ru na karlovarsk\u00e9m filmov\u00e9m festivalu prov\u00e1zel desetiminutov\u00fd potlesk m\u00ed\u0159\u00ed do\u00a0letn\u00edch kin.","og_url":"https:\/\/celebrityhouse.cz\/index.php\/2024\/08\/01\/filmove-vlny-rozvlni-regiony-divacky-ocenovany-snimek-jiriho-madla-vyrazi-na-predpremierovou-filmtour-po-ceske-republice\/","og_site_name":"CELEBRITYHOUSE.cz","article_published_time":"2024-07-31T22:01:00+00:00","article_modified_time":"2024-08-01T13:56:35+00:00","og_image":[{"width":900,"height":600,"url":"https:\/\/celebrityhouse.cz\/wp-content\/uploads\/2024\/07\/Svetova-premiera-Vln-na-58.-rocniku-MFF-KV-foto-Bontonfilm.jpg","type":"image\/jpeg"}],"author":"Martina Pechov\u00e1","twitter_card":"summary_large_image","twitter_misc":{"Napsal(a)":"Martina Pechov\u00e1","Odhadovan\u00e1 doba \u010dten\u00ed":"7 minut"},"schema":{"@context":"https:\/\/schema.org","@graph":[{"@type":"Article","@id":"https:\/\/celebrityhouse.cz\/index.php\/2024\/08\/01\/filmove-vlny-rozvlni-regiony-divacky-ocenovany-snimek-jiriho-madla-vyrazi-na-predpremierovou-filmtour-po-ceske-republice\/#article","isPartOf":{"@id":"https:\/\/celebrityhouse.cz\/index.php\/2024\/08\/01\/filmove-vlny-rozvlni-regiony-divacky-ocenovany-snimek-jiriho-madla-vyrazi-na-predpremierovou-filmtour-po-ceske-republice\/"},"author":{"name":"Martina Pechov\u00e1","@id":"https:\/\/celebrityhouse.cz\/#\/schema\/person\/b97cee16a2caa8cf7a55df6bcaff5d8c"},"headline":"Filmov\u00e9 Vlny rozvln\u00ed regiony : Div\u00e1cky oce\u0148ovan\u00fd sn\u00edmek Ji\u0159\u00edho M\u00e1dla vyr\u00e1\u017e\u00ed na p\u0159edpremi\u00e9rovou filmtour po \u010cesk\u00e9 republice","datePublished":"2024-07-31T22:01:00+00:00","dateModified":"2024-08-01T13:56:35+00:00","mainEntityOfPage":{"@id":"https:\/\/celebrityhouse.cz\/index.php\/2024\/08\/01\/filmove-vlny-rozvlni-regiony-divacky-ocenovany-snimek-jiriho-madla-vyrazi-na-predpremierovou-filmtour-po-ceske-republice\/"},"wordCount":1127,"publisher":{"@id":"https:\/\/celebrityhouse.cz\/#organization"},"articleSection":["\u010cESK\u00c9 CELEBRITY","FILMY, SERI\u00c1LY, TV a KINO","NEWS","TIPY NA KINO"],"inLanguage":"cs"},{"@type":"WebPage","@id":"https:\/\/celebrityhouse.cz\/index.php\/2024\/08\/01\/filmove-vlny-rozvlni-regiony-divacky-ocenovany-snimek-jiriho-madla-vyrazi-na-predpremierovou-filmtour-po-ceske-republice\/","url":"https:\/\/celebrityhouse.cz\/index.php\/2024\/08\/01\/filmove-vlny-rozvlni-regiony-divacky-ocenovany-snimek-jiriho-madla-vyrazi-na-predpremierovou-filmtour-po-ceske-republice\/","name":"Filmov\u00e9 Vlny rozvln\u00ed regiony : Div\u00e1cky oce\u0148ovan\u00fd sn\u00edmek Ji\u0159\u00edho M\u00e1dla vyr\u00e1\u017e\u00ed na p\u0159edpremi\u00e9rovou filmtour po \u010cesk\u00e9 republice - CELEBRITYHOUSE.cz","isPartOf":{"@id":"https:\/\/celebrityhouse.cz\/#website"},"datePublished":"2024-07-31T22:01:00+00:00","dateModified":"2024-08-01T13:56:35+00:00","description":"Vlny, jejich\u017e sv\u011btovou premi\u00e9ru na karlovarsk\u00e9m filmov\u00e9m festivalu prov\u00e1zel desetiminutov\u00fd potlesk m\u00ed\u0159\u00ed do\u00a0letn\u00edch kin.","breadcrumb":{"@id":"https:\/\/celebrityhouse.cz\/index.php\/2024\/08\/01\/filmove-vlny-rozvlni-regiony-divacky-ocenovany-snimek-jiriho-madla-vyrazi-na-predpremierovou-filmtour-po-ceske-republice\/#breadcrumb"},"inLanguage":"cs","potentialAction":[{"@type":"ReadAction","target":["https:\/\/celebrityhouse.cz\/index.php\/2024\/08\/01\/filmove-vlny-rozvlni-regiony-divacky-ocenovany-snimek-jiriho-madla-vyrazi-na-predpremierovou-filmtour-po-ceske-republice\/"]}]},{"@type":"BreadcrumbList","@id":"https:\/\/celebrityhouse.cz\/index.php\/2024\/08\/01\/filmove-vlny-rozvlni-regiony-divacky-ocenovany-snimek-jiriho-madla-vyrazi-na-predpremierovou-filmtour-po-ceske-republice\/#breadcrumb","itemListElement":[{"@type":"ListItem","position":1,"name":"Dom\u016f","item":"https:\/\/celebrityhouse.cz\/"},{"@type":"ListItem","position":2,"name":"Filmov\u00e9 Vlny rozvln\u00ed regiony : Div\u00e1cky oce\u0148ovan\u00fd sn\u00edmek Ji\u0159\u00edho M\u00e1dla vyr\u00e1\u017e\u00ed na p\u0159edpremi\u00e9rovou filmtour po \u010cesk\u00e9 republice"}]},{"@type":"WebSite","@id":"https:\/\/celebrityhouse.cz\/#website","url":"https:\/\/celebrityhouse.cz\/","name":"CELEBRITYHOUSE.cz","description":"Port\u00e1l o showbyznysu...","publisher":{"@id":"https:\/\/celebrityhouse.cz\/#organization"},"potentialAction":[{"@type":"SearchAction","target":{"@type":"EntryPoint","urlTemplate":"https:\/\/celebrityhouse.cz\/?s={search_term_string}"},"query-input":"required name=search_term_string"}],"inLanguage":"cs"},{"@type":"Organization","@id":"https:\/\/celebrityhouse.cz\/#organization","name":"CELEBRITYHOUSE.cz","url":"https:\/\/celebrityhouse.cz\/","logo":{"@type":"ImageObject","inLanguage":"cs","@id":"https:\/\/celebrityhouse.cz\/#\/schema\/logo\/image\/","url":"https:\/\/celebrityhouse.cz\/wp-content\/uploads\/2024\/12\/cropped-Logo_CelebrityHouse_2.jpg","contentUrl":"https:\/\/celebrityhouse.cz\/wp-content\/uploads\/2024\/12\/cropped-Logo_CelebrityHouse_2.jpg","width":937,"height":510,"caption":"CELEBRITYHOUSE.cz"},"image":{"@id":"https:\/\/celebrityhouse.cz\/#\/schema\/logo\/image\/"}},{"@type":"Person","@id":"https:\/\/celebrityhouse.cz\/#\/schema\/person\/b97cee16a2caa8cf7a55df6bcaff5d8c","name":"Martina Pechov\u00e1","image":{"@type":"ImageObject","inLanguage":"cs","@id":"https:\/\/celebrityhouse.cz\/#\/schema\/person\/image\/","url":"https:\/\/secure.gravatar.com\/avatar\/d3ad7f43789eed68b221d01c6d7ac4e5?s=96&d=mm&r=g","contentUrl":"https:\/\/secure.gravatar.com\/avatar\/d3ad7f43789eed68b221d01c6d7ac4e5?s=96&d=mm&r=g","caption":"Martina Pechov\u00e1"},"sameAs":["http:\/\/CELEBRITYHOUSE.cz"],"url":"https:\/\/celebrityhouse.cz\/index.php\/author\/marpech\/"}]}},"_links":{"self":[{"href":"https:\/\/celebrityhouse.cz\/index.php\/wp-json\/wp\/v2\/posts\/8991"}],"collection":[{"href":"https:\/\/celebrityhouse.cz\/index.php\/wp-json\/wp\/v2\/posts"}],"about":[{"href":"https:\/\/celebrityhouse.cz\/index.php\/wp-json\/wp\/v2\/types\/post"}],"author":[{"embeddable":true,"href":"https:\/\/celebrityhouse.cz\/index.php\/wp-json\/wp\/v2\/users\/8"}],"replies":[{"embeddable":true,"href":"https:\/\/celebrityhouse.cz\/index.php\/wp-json\/wp\/v2\/comments?post=8991"}],"version-history":[{"count":1,"href":"https:\/\/celebrityhouse.cz\/index.php\/wp-json\/wp\/v2\/posts\/8991\/revisions"}],"predecessor-version":[{"id":8998,"href":"https:\/\/celebrityhouse.cz\/index.php\/wp-json\/wp\/v2\/posts\/8991\/revisions\/8998"}],"wp:featuredmedia":[{"embeddable":true,"href":"https:\/\/celebrityhouse.cz\/index.php\/wp-json\/wp\/v2\/media\/8994"}],"wp:attachment":[{"href":"https:\/\/celebrityhouse.cz\/index.php\/wp-json\/wp\/v2\/media?parent=8991"}],"wp:term":[{"taxonomy":"category","embeddable":true,"href":"https:\/\/celebrityhouse.cz\/index.php\/wp-json\/wp\/v2\/categories?post=8991"},{"taxonomy":"post_tag","embeddable":true,"href":"https:\/\/celebrityhouse.cz\/index.php\/wp-json\/wp\/v2\/tags?post=8991"}],"curies":[{"name":"wp","href":"https:\/\/api.w.org\/{rel}","templated":true}]}}