{"id":9434,"date":"2024-09-14T00:01:00","date_gmt":"2024-09-13T22:01:00","guid":{"rendered":"https:\/\/celebrityhouse.cz\/?p=9434"},"modified":"2024-09-14T20:18:50","modified_gmt":"2024-09-14T18:18:50","slug":"z-holesovicke-trznice-se-na-par-dni-stane-centrum-komiksu-a-ilustrace-lustr-festival-zacina-20-zari","status":"publish","type":"post","link":"https:\/\/celebrityhouse.cz\/index.php\/2024\/09\/14\/z-holesovicke-trznice-se-na-par-dni-stane-centrum-komiksu-a-ilustrace-lustr-festival-zacina-20-zari\/","title":{"rendered":"Z Hole\u0161ovick\u00e9 tr\u017enice se na p\u00e1r dn\u00ed stane centrum komiksu a ilustrace. Lustr festival za\u010d\u00edn\u00e1 20. z\u00e1\u0159\u00ed"},"content":{"rendered":"\n<div style=\"height:45px\" aria-hidden=\"true\" class=\"wp-block-spacer\"><\/div>\n\n\n\n<p><strong>Festival ilustrace a komiksu Lustr, nejv\u011bt\u0161\u00ed p\u0159ehl\u00eddka sv\u00e9ho druhu v&nbsp;\u010cesku, p\u0159edstav\u00ed \u0161pi\u010dkov\u00e9 \u010desk\u00e9 i sv\u011btov\u00e9 ilustr\u00e1tory a ilustr\u00e1torky v r\u00e1mci 11. ro\u010dn\u00edku festivalu. Podruh\u00e9 se zabydl\u00ed Hole\u0161ovick\u00e9 tr\u017enice, tentokr\u00e1t v hal\u00e1ch \u010d\u00edslo 13 a 17. Festival dve\u0159e sv\u00fdch hal otev\u00edr\u00e1 20. z\u00e1\u0159\u00ed v&nbsp;18:00 a potrv\u00e1 a\u017e do 28. 9. N\u00e1v\u0161t\u011bvn\u00edci se mohou t\u011b\u0161it na Newyorsk\u00fd salonek, Showcase, v\u00fdb\u011br z jarn\u00edho ilustr\u00e1torsk\u00e9ho sympozia v Broumov\u011b, mlad\u00e9 ukrajinsk\u00e9 ilustr\u00e1tory a ilustr\u00e1torky tematizuj\u00edc\u00ed budoucnost kultury ve sv\u00e9 zemi a jednu z hlavn\u00edch v\u00fdstav Mimo proud, kter\u00e1 sk\u00fdt\u00e1 pohled na deset okrajov\u00fdch komiksov\u00fdch \u017e\u00e1nr\u016f. V\u00fdstavn\u00ed program bude dopln\u011bn\u00fd o workshopy, p\u0159edn\u00e1\u0161ky a setk\u00e1n\u00ed s tv\u016frci a tv\u016frkyn\u011bmi. Vstupenky jsou k dost\u00e1n\u00ed na platform\u011b GoOut.<\/strong><\/p>\n\n\n\n<div style=\"height:45px\" aria-hidden=\"true\" class=\"wp-block-spacer\"><\/div>\n\n\n<div class=\"wp-block-image\">\n<figure class=\"aligncenter size-large\"><img decoding=\"async\" src=\"https:\/\/bookhouse.cz\/wp-content\/uploads\/2024\/09\/LUSTR_2023_photos_Adriana_Vancova_DSC02113-1024x683.jpg\" alt=\"Z Hole\u0161ovick\u00e9 tr\u017enice se na p\u00e1r dn\u00ed stane centrum komiksu a ilustrace\" class=\"wp-image-7504\" \/><\/figure><\/div>\n\n\n<div style=\"height:45px\" aria-hidden=\"true\" class=\"wp-block-spacer\"><\/div>\n\n\n\n<p>Leto\u0161n\u00edmu programu v\u00e9vod\u00ed v\u00fdstava s n\u00e1zvem <strong>Mimo proud<\/strong>, kter\u00e1 n\u00e1v\u0161t\u011bvn\u00edky <strong>zve do sv\u011bta deseti okrajov\u00fdch komiksov\u00fdch \u017e\u00e1nr\u016f<\/strong>. \u201e<em>Komiks m\u011bl dosud na Lustru v\u017edycky tro\u0161ku popelkovskou roli. Samostatn\u00e1 komiksov\u00e1 sekce v Showcase vznikla a\u017e v roce 2020 a hlavn\u00ed v\u00fdstavy se zat\u00edm v\u017edy t\u00fdkaly p\u0159edev\u0161\u00edm nesekven\u010dn\u00ed ilustrace. Pr\u00e1v\u011b proto jsem se rozhodla p\u0159in\u00e9st letos do na\u0161eho v\u00fdstavn\u00edho programu trochu v\u00edce rovnov\u00e1hy a v\u011bnovat hlavn\u00ed expozici pr\u00e1v\u011b tomuto m\u00e9diu,\u201d <\/em>\u0159\u00edk\u00e1 kur\u00e1torka t\u00e9to v\u00fdstavn\u00ed sekce, B\u00e1ra M\u00fcllerov\u00e1. V\u00fdstava p\u0159edstav\u00ed komiksov\u00e9 \u017e\u00e1nry, kter\u00e9 v \u010cesk\u00e9 republice tak\u0159ka nevych\u00e1zej\u00ed. Pat\u0159\u00ed mezi n\u011b nap\u0159\u00edklad komiksy z \u017e\u00e1nru fantasy, den\u00edkov\u00e9, poezie, edukativn\u00ed, ale i snov\u00e9 a surrealistick\u00e9 a dal\u0161\u00ed. Mezi autory jsou i velk\u00e9 mezin\u00e1rodn\u00ed hv\u011bzdy jako <strong>Anna Haifisch, Mikael Ross, Zhenya Oliinyk, <\/strong><a href=\"https:\/\/puiupo.pw\/\"><strong>Ivo Puiupo<\/strong><\/a><strong>&nbsp;<\/strong>a<strong>&nbsp;Ana Margarida Matos<\/strong>.<\/p>\n\n\n\n<div style=\"height:45px\" aria-hidden=\"true\" class=\"wp-block-spacer\"><\/div>\n\n\n<div class=\"wp-block-image\">\n<figure class=\"aligncenter size-large\"><img decoding=\"async\" src=\"https:\/\/bookhouse.cz\/wp-content\/uploads\/2024\/09\/LUSTR_2023_photos_Adriana_Vancova_DSC03259-1024x683.jpg\" alt=\"Z Hole\u0161ovick\u00e9 tr\u017enice se na p\u00e1r dn\u00ed stane centrum komiksu a ilustrace\" class=\"wp-image-7497\" \/><\/figure><\/div>\n\n\n<div style=\"height:45px\" aria-hidden=\"true\" class=\"wp-block-spacer\"><\/div>\n\n\n\n<p>Dal\u0161\u00ed v\u00fdraznou v\u00fdstavn\u00ed sekc\u00ed bude <strong>Newyorsk\u00fd salonek<\/strong>, kter\u00fd nab\u00eddne to nejlep\u0161\u00ed z tamn\u00ed sc\u00e9ny d\u00edky v\u00fdb\u011bru <strong>americk\u00e9ho ilustr\u00e1tora Davida Huanga<\/strong>. D\u00edky bohat\u00e9 historii \u017eurnalistiky, v\u00fdtvarn\u00e9ho um\u011bn\u00ed a reklamy p\u016fsob\u00ed v New Yorku lid\u00e9 z cel\u00e9ho sv\u011bta a v\u0161ichni maj\u00ed vlastn\u00ed jazyk a unik\u00e1tn\u00ed zp\u016fsob vizu\u00e1ln\u00edho vyj\u00e1d\u0159en\u00ed. Stejn\u011b tak to bude vypadat i v hole\u0161ovick\u00e9m Newyorsk\u00e9m salonku. N\u00e1v\u0161t\u011bvn\u00edci tak nap\u0159\u00edklad uvid\u00ed tvorbu popul\u00e1rn\u00ed <strong>Karlotty Freier<\/strong>&nbsp;zn\u00e1m\u00e9 taky pod p\u0159ezd\u00edvkou <strong>Karllikesotto<\/strong>.<\/p>\n\n\n\n<div style=\"height:45px\" aria-hidden=\"true\" class=\"wp-block-spacer\"><\/div>\n\n\n<div class=\"wp-block-image\">\n<figure class=\"aligncenter size-large\"><img decoding=\"async\" src=\"https:\/\/bookhouse.cz\/wp-content\/uploads\/2024\/09\/Copy-of__-AnnaSarvira_Bomb_Shelter-724x1024.jpg\" alt=\"Z Hole\u0161ovick\u00e9 tr\u017enice se na p\u00e1r dn\u00ed stane centrum komiksu a ilustrace\" class=\"wp-image-7489\" \/><\/figure><\/div>\n\n\n<div style=\"height:45px\" aria-hidden=\"true\" class=\"wp-block-spacer\"><\/div>\n\n\n\n<p>Ji\u017e p\u0159ed festivalem v Praze v r\u00e1mci um\u011bleck\u00e9 rezidence tvo\u0159\u00ed mlad\u00ed ukrajin\u0161t\u00ed ilustr\u00e1to\u0159i a ilustr\u00e1torky. V\u00fdstupem na Lustru bude v\u00fdstava s titulem <strong>Zmina:\u00a0Budoucnost pro Ukrajinu<\/strong>. Pod kur\u00e1torsk\u00fdm veden\u00edm ilustr\u00e1torky <strong>Anny Sarviry<\/strong>\u00a0tv\u016frci tematizuj\u00ed ve sv\u00fdch d\u00edlech vizi budoucnosti kulturn\u00ed obnovy na Ukrajin\u011b v dob\u011b prob\u00edhaj\u00edc\u00ed v\u00e1lky. <em>\u201eMy\u0161lenka na budoucnost je pro Ukrajince a Ukrajinky permanentn\u00ed ot\u00e1zkou, kter\u00e1 ov\u0161em nesm\u011b\u0159uje k z\u00e1\u0159n\u00fdm z\u00edt\u0159k\u016fm v dalek\u00e9 budoucnosti. My\u0161lenka na budoucnost na Ukrajin\u011b se t\u00fdk\u00e1 nejbli\u017e\u0161\u00edch hodin a dn\u00ed. M\u00e1me nabit\u00e9 powerbanky, kdyby p\u0159i\u0161el blackout? M\u00e1me doma dostatek vody pro p\u0159\u00edpad n\u00e1hl\u00e9ho z\u00e1kazu vych\u00e1zen\u00ed? Kde je nejbli\u017e\u0161\u00ed kryt a jak se do n\u011bj moje d\u011bti dostanou z h\u0159i\u0161t\u011b? My\u0161lenka na budoucnost vzd\u00e1lenou n\u011bkolik let se stala vz\u00e1cn\u00fdm artiklem,\u201d <\/em>pt\u00e1 se a \u0159\u00edk\u00e1 <strong>kur\u00e1torka a ilustr\u00e1torka Anna Sarvira<\/strong>. Dal\u0161\u00ed ot\u00e1zky s t\u00edmto t\u00e9matem spojen\u00e9 budou m\u00edt mo\u017enost polo\u017eit i samotn\u00ed n\u00e1v\u0161t\u011bvn\u00edci festivalu, nap\u0159\u00edklad v r\u00e1mci chystan\u00e9 s\u00e9rie diskus\u00ed <strong>21. z\u00e1\u0159\u00ed od 12:00 v hale 13<\/strong>. Tito a dal\u0161\u00ed ukrajin\u0161t\u00ed tv\u016frci p\u0159edstav\u00ed sv\u00e1 d\u00edla tak\u00e9 ve v\u00fdstav\u011b s n\u00e1zvem <strong>Yellow &amp; Blue<\/strong>.<\/p>\n\n\n\n<div style=\"height:45px\" aria-hidden=\"true\" class=\"wp-block-spacer\"><\/div>\n\n\n<div class=\"wp-block-image\">\n<figure class=\"aligncenter size-large\"><img decoding=\"async\" src=\"https:\/\/bookhouse.cz\/wp-content\/uploads\/2024\/09\/LUSTR-2023_nikola-logosova_fotografie-LUSTR-team-768x1024.jpg\" alt=\"Z Hole\u0161ovick\u00e9 tr\u017enice se na p\u00e1r dn\u00ed stane centrum komiksu a ilustrace\" class=\"wp-image-7506\" \/><\/figure><\/div>\n\n\n<div style=\"height:45px\" aria-hidden=\"true\" class=\"wp-block-spacer\"><\/div>\n\n\n\n<p><strong>Hole\u0161ovickou halu 13<\/strong>&nbsp;si podman\u00ed mlad\u00ed talentovan\u00ed tv\u016frci z cel\u00e9ho sv\u011bta, od Taiwanu p\u0159es Evropu a\u017e po New York. Sv\u00e1 d\u00edla p\u0159edstav\u00ed v r\u00e1mci <strong>Showcase<\/strong>. Showcase&nbsp;je jedinou v\u00fdstavou na festivalu LUSTR, kter\u00e1 se skl\u00e1d\u00e1 pouze z v\u00fdtvarn\u00edk\u016f a v\u00fdtvarnic vybran\u00fdch z mezin\u00e1rodn\u00edho open callu, a t\u00edm p\u00e1dem prezentuje pom\u011brn\u011b \u0161irok\u00fd a rozmanit\u00fd v\u00fdb\u011br toho, co sou\u010dasn\u00fd sv\u011bt ilustrace nab\u00edz\u00ed. Neobvykl\u00fd z\u00e1jem se objevil v \u017e\u00e1nru komiks a poprv\u00e9 se tak\u00e9 mohly p\u0159ihl\u00e1sit autorsk\u00e9 kolektivy, nikoliv pouze jednotlivci. <strong>Z v\u00edce ne\u017e p\u011bti set p\u0159ihl\u00e1\u0161en\u00fdch<\/strong>&nbsp;porota slo\u017een\u00e1 z dvan\u00e1cti \u010dlen\u016f <strong>vybrala celkem 57 vystavuj\u00edc\u00edch<\/strong>, v kategori\u00edch voln\u00e1 ilustrace, komiks&nbsp;a kolektivy.<\/p>\n\n\n\n<div style=\"height:45px\" aria-hidden=\"true\" class=\"wp-block-spacer\"><\/div>\n\n\n<div class=\"wp-block-image\">\n<figure class=\"aligncenter size-large\"><img decoding=\"async\" src=\"https:\/\/bookhouse.cz\/wp-content\/uploads\/2024\/09\/LUSTR_2023_photos_Adriana_Vancova_DSC03204-1024x683.jpg\" alt=\"Z Hole\u0161ovick\u00e9 tr\u017enice se na p\u00e1r dn\u00ed stane centrum komiksu a ilustrace\" class=\"wp-image-7494\" \/><\/figure><\/div>\n\n\n<div style=\"height:45px\" aria-hidden=\"true\" class=\"wp-block-spacer\"><\/div>\n\n\n\n<p>V dubnu leto\u0161n\u00edho roku prob\u011bhlo v Broumov\u011b ji\u017e \u0161est\u00e9 <strong>Sympozium ilustrace<\/strong>. V programu Lustru tak nesm\u00ed chyb\u011bt ani tato sekce, jej\u00ed\u017e <strong>kur\u00e1torkou je V\u011bra Vesel\u00e1<\/strong>&nbsp;ze spolku Czech Illustrators.<\/p>\n\n\n\n<div style=\"height:45px\" aria-hidden=\"true\" class=\"wp-block-spacer\"><\/div>\n\n\n<div class=\"wp-block-image\">\n<figure class=\"aligncenter size-large\"><img decoding=\"async\" src=\"https:\/\/bookhouse.cz\/wp-content\/uploads\/2024\/09\/LUSTR_2023_photos_Adriana_Vancova_DSC04344-1024x683.jpg\" alt=\"Z Hole\u0161ovick\u00e9 tr\u017enice se na p\u00e1r dn\u00ed stane centrum komiksu a ilustrace\" class=\"wp-image-7490\" \/><\/figure><\/div>\n\n\n<div style=\"height:45px\" aria-hidden=\"true\" class=\"wp-block-spacer\"><\/div>\n\n\n\n<p>Krom\u011b v\u00fdstav \u010dek\u00e1 n\u00e1v\u0161t\u011bvn\u00edky jeden\u00e1ct\u00e9ho Lustr festivalu tak\u00e9 doprovodn\u00fd program zahrnuj\u00edc\u00ed workshopy, p\u0159edn\u00e1\u0161ky, setk\u00e1n\u00ed s tv\u016frci a tv\u016frkyn\u011bmi, organiz\u00e1torkami i kur\u00e1torstvem. Highlightem jsou ka\u017edoro\u010dn\u011b tak\u00e9 tzv. <strong>Lustr Talks<\/strong>, s\u00e9rie kr\u00e1tk\u00fdch prezentac\u00ed, d\u00edky kter\u00fdm m\u016f\u017ee div\u00e1ctvo nahl\u00e9dnout za zav\u0159en\u00e9 dve\u0159e ateli\u00e9r\u016f a pod desky skic\u00e1k\u016f. <strong>Prvn\u00ed ve\u010der Lustr Talks (21. 9.)<\/strong>&nbsp;<strong>bude v\u011bnov\u00e1n zahrani\u010dn\u00edm um\u011blc\u016fm a um\u011blkyn\u00edm,<\/strong>&nbsp;<strong>druh\u00fd (22. 9.) pak t\u011bm \u010desk\u00fdm a t\u0159et\u00ed (28. 9.) \u010desk\u00fdm i zahrani\u010dn\u00edm v r\u00e1mci kter\u00e9ho se p\u0159edstav\u00ed nap\u0159\u00edklad Anna Haifisch, kter\u00e1 p\u0159ed svou p\u0159edn\u00e1\u0161kou zve na \u017eiv\u00e9 komiksov\u00e9 \u010dten\u00ed<\/strong>. Sv\u00e9 si v programu najdou i rodiny s d\u011btmi, p\u0159ipraven\u00e9 jsou mnoh\u00e9 tv\u016fr\u010d\u00ed workshopy a d\u00edlny, taiwan\u0161t\u00ed ilustr\u00e1to\u0159i nap\u0159\u00edklad zvou na s\u00edtotiskov\u00fd workshop a ilustr\u00e1tor Ning Ho uk\u00e1\u017ee, jak portr\u00e9tovat dom\u00e1c\u00ed mazl\u00ed\u010dky. Sou\u010d\u00e1st\u00ed doprovodn\u00e9ho programu budou i komentovan\u00e9 prohl\u00eddky.<\/p>\n\n\n\n<div style=\"height:45px\" aria-hidden=\"true\" class=\"wp-block-spacer\"><\/div>\n\n\n<div class=\"wp-block-image\">\n<figure class=\"aligncenter size-large\"><img decoding=\"async\" src=\"https:\/\/bookhouse.cz\/wp-content\/uploads\/2024\/09\/LUSTR_2023_photos_Adriana_Vancova_DSC01995-1024x683.jpg\" alt=\"Z Hole\u0161ovick\u00e9 tr\u017enice se na p\u00e1r dn\u00ed stane centrum komiksu a ilustrace\" class=\"wp-image-7501\" \/><\/figure><\/div>\n\n\n<div style=\"height:45px\" aria-hidden=\"true\" class=\"wp-block-spacer\"><\/div>\n\n\n\n<p>V pr\u016fb\u011bhu festivalu prob\u011bhne tak\u00e9 <strong>26. z\u00e1\u0159\u00ed dernis\u00e1\u017e<\/strong>&nbsp;v\u00fdstavy <strong>Zahrady rajsk\u00e9, \u0161t\u011bpn\u00e9 a zpustl\u00e9: P\u0159\u00edroda a krajina v historick\u00e9 i sou\u010dasn\u00e9 ilustraci<\/strong>&nbsp;v Galerii Klementinum na Praze 1. Sou\u010d\u00e1st\u00ed bude <strong>od 17.30 komentovan\u00e1 prohl\u00eddka<\/strong>, v\u00fdstavou provede jej\u00ed kur\u00e1torka Barbora M\u00fcllerov\u00e1, v 18:00 pak nav\u00e1\u017ee dal\u0161\u00ed program dernis\u00e1\u017ee. &nbsp;P\u0159edt\u00edm si ale mohou n\u00e1v\u0161t\u011bvn\u00edci u\u017e\u00edt cel\u00fdch dev\u011bt dn\u00ed pln\u00fdch ilustrac\u00ed, komiks\u016f a dal\u0161\u00edch kulturn\u00edch z\u00e1\u017eitk\u016f. 11. LUSTR festival prob\u011bhne od 20. do 28. z\u00e1\u0159\u00ed v Hole\u0161ovick\u00e9 tr\u017enici, v <strong>hal\u00e1ch 13 a 17<\/strong>. <strong>Otev\u0159en\u00ed festivalu prob\u011bhne 20. z\u00e1\u0159\u00ed v&nbsp;18:00<\/strong>&nbsp;a prvn\u00ed festivalov\u00fd den budou v\u00fdstavy otev\u0159en\u00e9 a\u017e do 22:00. Vstupenky na festival jsou k dost\u00e1n\u00ed na platform\u011b <a href=\"https:\/\/goout.net\/cs\/lustr-2024\/szsdngx\/\"><strong><u>GoOut<\/u><\/strong><\/a>&nbsp;a informace na <a href=\"https:\/\/lustrfestival.cz\/\"><strong><u>webu<\/u><\/strong><\/a>&nbsp;festivalu.<\/p>\n\n\n\n<hr class=\"wp-block-separator has-alpha-channel-opacity is-style-wide\" \/>\n\n\n\n<h2 class=\"wp-block-heading\">11 Lustr festival | 20.\u201328. z\u00e1\u0159\u00ed<\/h2>\n\n\n\n<div style=\"height:21px\" aria-hidden=\"true\" class=\"wp-block-spacer\"><\/div>\n\n\n\n<p>Lustr festival je nejv\u011bt\u0161\u00ed p\u0159ehl\u00eddka ilustrace a komiksu u n\u00e1s a jedine\u010dn\u00e1 p\u0159\u00edle\u017eitost vid\u011bt to nejlep\u0161\u00ed a nej\u010derstv\u011bj\u0161\u00ed ze sou\u010dasn\u00e9 ilustra\u010dn\u00ed tvorby na jednom m\u00edst\u011b v Praze. <strong>Letos prob\u011bhne ji\u017e 11. ro\u010dn\u00edk, a to od 20. do 28. z\u00e1\u0159\u00ed, a op\u011bt do vybran\u00fdch hal Hole\u0161ovick\u00e9 tr\u017enice.<\/strong>&nbsp;Na festivalu jsou zastoupeni \u010de\u0161t\u00ed i zahrani\u010dn\u00ed tv\u016frci a prezentuj\u00ed sv\u00e1 d\u00edla formou individu\u00e1ln\u00edch instalac\u00ed, ze kter\u00fdch vystupuj\u00ed ilustrace do dal\u0161\u00edch rozm\u011br\u016f. Sou\u010d\u00e1st\u00ed programu je \u0159ada workshop\u016f a p\u0159edn\u00e1\u0161ek, ur\u010den\u00fdch pro profesion\u00e1ly, laiky i rodiny s d\u011btmi.<\/p>\n\n\n\n<div style=\"height:45px\" aria-hidden=\"true\" class=\"wp-block-spacer\"><\/div>\n\n\n<div class=\"wp-block-image\">\n<figure class=\"aligncenter size-large\"><img decoding=\"async\" src=\"https:\/\/bookhouse.cz\/wp-content\/uploads\/2024\/09\/LUSTR_2023_photos_Adriana_Vancova_DSC01734-1024x683.jpg\" alt=\"Z Hole\u0161ovick\u00e9 tr\u017enice se na p\u00e1r dn\u00ed stane centrum komiksu a ilustrace\" class=\"wp-image-7496\" \/><\/figure><\/div>\n\n\n<div style=\"height:45px\" aria-hidden=\"true\" class=\"wp-block-spacer\"><\/div>\n\n\n\n<h2 class=\"wp-block-heading\">V\u00fdstava | Galerie Klementinum | 16. 8.\u201329. 9.<\/h2>\n\n\n\n<div style=\"height:21px\" aria-hidden=\"true\" class=\"wp-block-spacer\"><\/div>\n\n\n\n<p><strong>Zahrady rajsk\u00e9, \u0161t\u011bpn\u00e9 a zpustl\u00e9: P\u0159\u00edroda a krajina v historick\u00e9 i sou\u010dasn\u00e9 ilustraci<\/strong><\/p>\n\n\n\n<p>Jak vypadaly ran\u011b novov\u011bk\u00e9 herb\u00e1\u0159e, atlasy a lapid\u00e1\u0159e, a jak vypadaj\u00ed ty nejhez\u010d\u00ed dnes? V\u00fdstava, realizov\u00e1na ve spolupr\u00e1ci s N\u00e1rodn\u00ed knihovnou \u010cR, prov\u00e1d\u00ed bohatou kni\u017en\u00ed kulturou zobrazuj\u00edc\u00ed p\u0159\u00edrodu a krajinu od pozdn\u011b st\u0159edov\u011bk\u00fdch herb\u00e1\u0159\u016f p\u0159es bohat\u011b ilustrovan\u00e9 kabinety kuriozit vysoce u\u010den\u00fdch doktor\u016f a\u017e k sou\u010dasn\u00fdm ilustr\u00e1tor\u016fm a ilustr\u00e1tork\u00e1m, kte\u0159\u00ed svou tvorbou vzd\u00e1vaj\u00ed hold st\u0159edov\u011bk\u00fdm iluminac\u00edm i star\u00fdm tisk\u016fm. Sedm osobnost\u00ed \u010desk\u00e9 ilustrace nahl\u00e9dlo do archiv\u016f N\u00e1rodn\u00ed knihovny a vylovilo z nich knihy, kter\u00e9 je v\u00fdtvarn\u011b oslovily. Ve vizu\u00e1ln\u00edch dialoz\u00edch mezi knihami pozdn\u00edho st\u0159edov\u011bku \u010di ran\u00e9ho novov\u011bku a sou\u010dasnou ilustrac\u00ed se tu potk\u00e1vaj\u00ed kresl\u00ed\u0159i a kresl\u00ed\u0159ky s grafiky a grafi\u010dkami s podobn\u00fdm okem a v\u00e1\u0161n\u011bmi nap\u0159\u00ed\u010d stalet\u00edmi. Vizu\u00e1ln\u00ed oslava zahrad p\u011bst\u011bn\u00fdch i zpustl\u00fdch, od sem\u00ednka k p\u00e1su hor, od st\u0159edov\u011bku po dnes.<\/p>\n\n\n\n<div style=\"height:45px\" aria-hidden=\"true\" class=\"wp-block-spacer\"><\/div>\n\n\n<div class=\"wp-block-image\">\n<figure class=\"aligncenter size-large\"><img decoding=\"async\" src=\"https:\/\/bookhouse.cz\/wp-content\/uploads\/2024\/09\/LUSTR-Talks_2023_photos_Adriana_Vancova_DSC03527-2-1024x683.jpg\" alt=\"Z Hole\u0161ovick\u00e9 tr\u017enice se na p\u00e1r dn\u00ed stane centrum komiksu a ilustrace\" class=\"wp-image-7493\" \/><\/figure><\/div>\n\n\n<div style=\"height:45px\" aria-hidden=\"true\" class=\"wp-block-spacer\"><\/div>\n\n\n\n<p><strong>Vstupenky<\/strong>| <a href=\"https:\/\/goout.net\/cs\/lustr-2024\/szsdngx\/\"><u><strong>GoOut<\/strong><\/u><\/a><\/p>\n\n\n\n<p><strong>Facebook<\/strong>| <a href=\"http:\/\/facebook.com\/lustrfestival\"><u><strong>facebook.com\/lustrfestival<\/strong><\/u><\/a><\/p>\n\n\n\n<p><strong>Instagram<\/strong>| <a href=\"http:\/\/instagram.com\/lustrfestival\/\"><u><strong>instagram.com\/lustrfestival<\/strong><\/u><\/a><\/p>\n\n\n\n<p><strong>Web|<\/strong>&nbsp;<a href=\"http:\/\/www.lustrfestival.cz\"><u><strong>www.lustrfestival.cz<\/strong><\/u><\/a><\/p>\n\n\n\n<div style=\"height:45px\" aria-hidden=\"true\" class=\"wp-block-spacer\"><\/div>\n\n\n\n<figure class=\"wp-block-gallery has-nested-images columns-2 is-cropped wp-block-gallery-1 is-layout-flex wp-block-gallery-is-layout-flex\">\n<figure class=\"wp-block-image size-large\"><img decoding=\"async\" data-id=\"7507\" src=\"https:\/\/bookhouse.cz\/wp-content\/uploads\/2024\/09\/atmo_LUSTR_\u00a9Adriana-Vancova2-1024x683.jpg\" alt=\"Z Hole\u0161ovick\u00e9 tr\u017enice se na p\u00e1r dn\u00ed stane centrum komiksu a ilustrace\" class=\"wp-image-7507\" \/><\/figure>\n\n\n\n<figure class=\"wp-block-image size-large\"><img decoding=\"async\" data-id=\"7509\" src=\"https:\/\/bookhouse.cz\/wp-content\/uploads\/2024\/09\/atmo_LUSTR_\u00a9Adriana-Vancova3-1024x683.jpg\" alt=\"Z Hole\u0161ovick\u00e9 tr\u017enice se na p\u00e1r dn\u00ed stane centrum komiksu a ilustrace\" class=\"wp-image-7509\" \/><\/figure>\n\n\n\n<figure class=\"wp-block-image size-large\"><img decoding=\"async\" data-id=\"7505\" src=\"https:\/\/bookhouse.cz\/wp-content\/uploads\/2024\/09\/atmo_LUSTR_\u00a9Adriana-Vancova1-1024x683.jpg\" alt=\"Z Hole\u0161ovick\u00e9 tr\u017enice se na p\u00e1r dn\u00ed stane centrum komiksu a ilustrace\" class=\"wp-image-7505\" \/><\/figure>\n\n\n\n<figure class=\"wp-block-image size-large\"><img decoding=\"async\" data-id=\"7504\" src=\"https:\/\/bookhouse.cz\/wp-content\/uploads\/2024\/09\/LUSTR_2023_photos_Adriana_Vancova_DSC02113-1024x683.jpg\" alt=\"Z Hole\u0161ovick\u00e9 tr\u017enice se na p\u00e1r dn\u00ed stane centrum komiksu a ilustrace\" class=\"wp-image-7504\" \/><\/figure>\n\n\n\n<figure class=\"wp-block-image size-large\"><img decoding=\"async\" data-id=\"7502\" src=\"https:\/\/bookhouse.cz\/wp-content\/uploads\/2024\/09\/LUSTR_2023_photos_Adriana_Vancova_DSC01715-1024x683.jpg\" alt=\"Z Hole\u0161ovick\u00e9 tr\u017enice se na p\u00e1r dn\u00ed stane centrum komiksu a ilustrace\" class=\"wp-image-7502\" \/><\/figure>\n\n\n\n<figure class=\"wp-block-image size-large\"><img decoding=\"async\" data-id=\"7503\" src=\"https:\/\/bookhouse.cz\/wp-content\/uploads\/2024\/09\/LUSTR_2023_photos_Adriana_Vancova_DSC01880-1024x683.jpg\" alt=\"Z Hole\u0161ovick\u00e9 tr\u017enice se na p\u00e1r dn\u00ed stane centrum komiksu a ilustrace\" class=\"wp-image-7503\" \/><\/figure>\n\n\n\n<figure class=\"wp-block-image size-large\"><img decoding=\"async\" data-id=\"7506\" src=\"https:\/\/bookhouse.cz\/wp-content\/uploads\/2024\/09\/LUSTR-2023_nikola-logosova_fotografie-LUSTR-team-768x1024.jpg\" alt=\"Z Hole\u0161ovick\u00e9 tr\u017enice se na p\u00e1r dn\u00ed stane centrum komiksu a ilustrace\" class=\"wp-image-7506\" \/><\/figure>\n\n\n\n<figure class=\"wp-block-image size-large\"><img decoding=\"async\" data-id=\"7489\" src=\"https:\/\/bookhouse.cz\/wp-content\/uploads\/2024\/09\/Copy-of__-AnnaSarvira_Bomb_Shelter-724x1024.jpg\" alt=\"Z Hole\u0161ovick\u00e9 tr\u017enice se na p\u00e1r dn\u00ed stane centrum komiksu a ilustrace\" class=\"wp-image-7489\" \/><\/figure>\n\n\n\n<figure class=\"wp-block-image size-large\"><img decoding=\"async\" data-id=\"7501\" src=\"https:\/\/bookhouse.cz\/wp-content\/uploads\/2024\/09\/LUSTR_2023_photos_Adriana_Vancova_DSC01995-1024x683.jpg\" alt=\"Z Hole\u0161ovick\u00e9 tr\u017enice se na p\u00e1r dn\u00ed stane centrum komiksu a ilustrace\" class=\"wp-image-7501\" \/><\/figure>\n\n\n\n<figure class=\"wp-block-image size-large\"><img decoding=\"async\" data-id=\"7500\" src=\"https:\/\/bookhouse.cz\/wp-content\/uploads\/2024\/09\/LUSTR_2023_photos_Adriana_Vancova_DSC01736-1024x683.jpg\" alt=\"Z Hole\u0161ovick\u00e9 tr\u017enice se na p\u00e1r dn\u00ed stane centrum komiksu a ilustrace\" class=\"wp-image-7500\" \/><\/figure>\n\n\n\n<figure class=\"wp-block-image size-large\"><img decoding=\"async\" data-id=\"7498\" src=\"https:\/\/bookhouse.cz\/wp-content\/uploads\/2024\/09\/LUSTR_2023_photos_Adriana_Vancova_DSC03201-1024x683.jpg\" alt=\"Z Hole\u0161ovick\u00e9 tr\u017enice se na p\u00e1r dn\u00ed stane centrum komiksu a ilustrace\" class=\"wp-image-7498\" \/><\/figure>\n\n\n\n<figure class=\"wp-block-image size-large\"><img decoding=\"async\" data-id=\"7499\" src=\"https:\/\/bookhouse.cz\/wp-content\/uploads\/2024\/09\/LUSTR_2023_photos_Adriana_Vancova_DSC01769-1024x683.jpg\" alt=\"Z Hole\u0161ovick\u00e9 tr\u017enice se na p\u00e1r dn\u00ed stane centrum komiksu a ilustrace\" class=\"wp-image-7499\" \/><\/figure>\n\n\n\n<figure class=\"wp-block-image size-large\"><img decoding=\"async\" data-id=\"7497\" src=\"https:\/\/bookhouse.cz\/wp-content\/uploads\/2024\/09\/LUSTR_2023_photos_Adriana_Vancova_DSC03259-1024x683.jpg\" alt=\"Z Hole\u0161ovick\u00e9 tr\u017enice se na p\u00e1r dn\u00ed stane centrum komiksu a ilustrace\" class=\"wp-image-7497\" \/><\/figure>\n\n\n\n<figure class=\"wp-block-image size-large\"><img decoding=\"async\" data-id=\"7496\" src=\"https:\/\/bookhouse.cz\/wp-content\/uploads\/2024\/09\/LUSTR_2023_photos_Adriana_Vancova_DSC01734-1024x683.jpg\" alt=\"Z Hole\u0161ovick\u00e9 tr\u017enice se na p\u00e1r dn\u00ed stane centrum komiksu a ilustrace\" class=\"wp-image-7496\" \/><\/figure>\n\n\n\n<figure class=\"wp-block-image size-large\"><img decoding=\"async\" data-id=\"7495\" src=\"https:\/\/bookhouse.cz\/wp-content\/uploads\/2024\/09\/LUSTR_2023_photos_Adriana_Vancova_DSC03128-1024x683.jpg\" alt=\"Z Hole\u0161ovick\u00e9 tr\u017enice se na p\u00e1r dn\u00ed stane centrum komiksu a ilustrace\" class=\"wp-image-7495\" \/><\/figure>\n\n\n\n<figure class=\"wp-block-image size-large\"><img decoding=\"async\" data-id=\"7494\" src=\"https:\/\/bookhouse.cz\/wp-content\/uploads\/2024\/09\/LUSTR_2023_photos_Adriana_Vancova_DSC03204-1024x683.jpg\" alt=\"Z Hole\u0161ovick\u00e9 tr\u017enice se na p\u00e1r dn\u00ed stane centrum komiksu a ilustrace\" class=\"wp-image-7494\" \/><\/figure>\n\n\n\n<figure class=\"wp-block-image size-large\"><img decoding=\"async\" data-id=\"7493\" src=\"https:\/\/bookhouse.cz\/wp-content\/uploads\/2024\/09\/LUSTR-Talks_2023_photos_Adriana_Vancova_DSC03527-2-1024x683.jpg\" alt=\"Z Hole\u0161ovick\u00e9 tr\u017enice se na p\u00e1r dn\u00ed stane centrum komiksu a ilustrace\" class=\"wp-image-7493\" \/><\/figure>\n\n\n\n<figure class=\"wp-block-image size-large\"><img decoding=\"async\" data-id=\"7492\" src=\"https:\/\/bookhouse.cz\/wp-content\/uploads\/2024\/09\/Copy-of-AnnaSarvira_2-1024x683.jpg\" alt=\"Z Hole\u0161ovick\u00e9 tr\u017enice se na p\u00e1r dn\u00ed stane centrum komiksu a ilustrace\" class=\"wp-image-7492\" \/><\/figure>\n\n\n\n<figure class=\"wp-block-image size-large\"><img decoding=\"async\" data-id=\"7490\" src=\"https:\/\/bookhouse.cz\/wp-content\/uploads\/2024\/09\/LUSTR_2023_photos_Adriana_Vancova_DSC04344-1024x683.jpg\" alt=\"Z Hole\u0161ovick\u00e9 tr\u017enice se na p\u00e1r dn\u00ed stane centrum komiksu a ilustrace\" class=\"wp-image-7490\" \/><\/figure>\n\n\n\n<figure class=\"wp-block-image size-large\"><img decoding=\"async\" data-id=\"7491\" src=\"https:\/\/bookhouse.cz\/wp-content\/uploads\/2024\/09\/LUSTR_2023_photos_Adriana_Vancova_DSC01592-1024x683.jpg\" alt=\"Z Hole\u0161ovick\u00e9 tr\u017enice se na p\u00e1r dn\u00ed stane centrum komiksu a ilustrace\" class=\"wp-image-7491\" \/><\/figure>\n\n\n\n<figure class=\"wp-block-image size-large\"><img decoding=\"async\" data-id=\"7508\" src=\"https:\/\/bookhouse.cz\/wp-content\/uploads\/2024\/09\/LUSTR-nahled-721x1024.jpg\" alt=\"Z Hole\u0161ovick\u00e9 tr\u017enice se na p\u00e1r dn\u00ed stane centrum komiksu a ilustrace\" class=\"wp-image-7508\" \/><\/figure>\n<\/figure>\n\n\n\n<div style=\"height:45px\" aria-hidden=\"true\" class=\"wp-block-spacer\"><\/div>\n\n\n\n<p><strong>Zdroj foto:<\/strong> Lustr Festival, Piaristi<\/p>\n","protected":false},"excerpt":{"rendered":"<p>Festival ilustrace a komiksu Lustr, nejv\u011bt\u0161\u00ed p\u0159ehl\u00eddka sv\u00e9ho druhu v&nbsp;\u010cesku, p\u0159edstav\u00ed \u0161pi\u010dkov\u00e9 \u010desk\u00e9 i sv\u011btov\u00e9 ilustr\u00e1tory a ilustr\u00e1torky v r\u00e1mci 11. ro\u010dn\u00edku festivalu. Podruh\u00e9 se zabydl\u00ed Hole\u0161ovick\u00e9 tr\u017enice, tentokr\u00e1t v hal\u00e1ch \u010d\u00edslo 13 a&#46;&#46;&#46;<\/p>\n","protected":false},"author":8,"featured_media":9441,"comment_status":"closed","ping_status":"closed","sticky":false,"template":"","format":"standard","meta":{"_monsterinsights_skip_tracking":false,"_monsterinsights_sitenote_active":false,"_monsterinsights_sitenote_note":"","_monsterinsights_sitenote_category":0,"footnotes":""},"categories":[19,2],"tags":[],"yoast_head":"<!-- This site is optimized with the Yoast SEO plugin v21.5 - https:\/\/yoast.com\/wordpress\/plugins\/seo\/ -->\n<title>Z Hole\u0161ovick\u00e9 tr\u017enice se na p\u00e1r dn\u00ed stane centrum komiksu a ilustrace. Lustr festival za\u010d\u00edn\u00e1 20. z\u00e1\u0159\u00ed - CELEBRITYHOUSE.cz<\/title>\n<meta name=\"description\" content=\"Festival ilustrace a komiksu LUSTR, nejv\u011bt\u0161\u00ed p\u0159ehl\u00eddka sv\u00e9ho druhu v\u00a0\u010cesku, p\u0159edstav\u00ed \u0161pi\u010dkov\u00e9 \u010desk\u00e9 i sv\u011btov\u00e9 ilustr\u00e1tory.\" \/>\n<meta name=\"robots\" content=\"index, follow, max-snippet:-1, max-image-preview:large, max-video-preview:-1\" \/>\n<link rel=\"canonical\" href=\"https:\/\/celebrityhouse.cz\/index.php\/2024\/09\/14\/z-holesovicke-trznice-se-na-par-dni-stane-centrum-komiksu-a-ilustrace-lustr-festival-zacina-20-zari\/\" \/>\n<meta property=\"og:locale\" content=\"cs_CZ\" \/>\n<meta property=\"og:type\" content=\"article\" \/>\n<meta property=\"og:title\" content=\"Z Hole\u0161ovick\u00e9 tr\u017enice se na p\u00e1r dn\u00ed stane centrum komiksu a ilustrace. Lustr festival za\u010d\u00edn\u00e1 20. z\u00e1\u0159\u00ed - CELEBRITYHOUSE.cz\" \/>\n<meta property=\"og:description\" content=\"Festival ilustrace a komiksu LUSTR, nejv\u011bt\u0161\u00ed p\u0159ehl\u00eddka sv\u00e9ho druhu v\u00a0\u010cesku, p\u0159edstav\u00ed \u0161pi\u010dkov\u00e9 \u010desk\u00e9 i sv\u011btov\u00e9 ilustr\u00e1tory.\" \/>\n<meta property=\"og:url\" content=\"https:\/\/celebrityhouse.cz\/index.php\/2024\/09\/14\/z-holesovicke-trznice-se-na-par-dni-stane-centrum-komiksu-a-ilustrace-lustr-festival-zacina-20-zari\/\" \/>\n<meta property=\"og:site_name\" content=\"CELEBRITYHOUSE.cz\" \/>\n<meta property=\"article:published_time\" content=\"2024-09-13T22:01:00+00:00\" \/>\n<meta property=\"article:modified_time\" content=\"2024-09-14T18:18:50+00:00\" \/>\n<meta property=\"og:image\" content=\"https:\/\/celebrityhouse.cz\/wp-content\/uploads\/2024\/09\/LUSTR_2023_photos_Adriana_Vancova_DSC02113.jpg\" \/>\n\t<meta property=\"og:image:width\" content=\"2048\" \/>\n\t<meta property=\"og:image:height\" content=\"1365\" \/>\n\t<meta property=\"og:image:type\" content=\"image\/jpeg\" \/>\n<meta name=\"author\" content=\"Martina Pechov\u00e1\" \/>\n<meta name=\"twitter:card\" content=\"summary_large_image\" \/>\n<meta name=\"twitter:label1\" content=\"Napsal(a)\" \/>\n\t<meta name=\"twitter:data1\" content=\"Martina Pechov\u00e1\" \/>\n\t<meta name=\"twitter:label2\" content=\"Odhadovan\u00e1 doba \u010dten\u00ed\" \/>\n\t<meta name=\"twitter:data2\" content=\"12 minut\" \/>\n<script type=\"application\/ld+json\" class=\"yoast-schema-graph\">{\"@context\":\"https:\/\/schema.org\",\"@graph\":[{\"@type\":\"Article\",\"@id\":\"https:\/\/celebrityhouse.cz\/index.php\/2024\/09\/14\/z-holesovicke-trznice-se-na-par-dni-stane-centrum-komiksu-a-ilustrace-lustr-festival-zacina-20-zari\/#article\",\"isPartOf\":{\"@id\":\"https:\/\/celebrityhouse.cz\/index.php\/2024\/09\/14\/z-holesovicke-trznice-se-na-par-dni-stane-centrum-komiksu-a-ilustrace-lustr-festival-zacina-20-zari\/\"},\"author\":{\"name\":\"Martina Pechov\u00e1\",\"@id\":\"https:\/\/celebrityhouse.cz\/#\/schema\/person\/b97cee16a2caa8cf7a55df6bcaff5d8c\"},\"headline\":\"Z Hole\u0161ovick\u00e9 tr\u017enice se na p\u00e1r dn\u00ed stane centrum komiksu a ilustrace. Lustr festival za\u010d\u00edn\u00e1 20. z\u00e1\u0159\u00ed\",\"datePublished\":\"2024-09-13T22:01:00+00:00\",\"dateModified\":\"2024-09-14T18:18:50+00:00\",\"mainEntityOfPage\":{\"@id\":\"https:\/\/celebrityhouse.cz\/index.php\/2024\/09\/14\/z-holesovicke-trznice-se-na-par-dni-stane-centrum-komiksu-a-ilustrace-lustr-festival-zacina-20-zari\/\"},\"wordCount\":1529,\"publisher\":{\"@id\":\"https:\/\/celebrityhouse.cz\/#organization\"},\"articleSection\":[\"AKCE\",\"NEWS\"],\"inLanguage\":\"cs\"},{\"@type\":\"WebPage\",\"@id\":\"https:\/\/celebrityhouse.cz\/index.php\/2024\/09\/14\/z-holesovicke-trznice-se-na-par-dni-stane-centrum-komiksu-a-ilustrace-lustr-festival-zacina-20-zari\/\",\"url\":\"https:\/\/celebrityhouse.cz\/index.php\/2024\/09\/14\/z-holesovicke-trznice-se-na-par-dni-stane-centrum-komiksu-a-ilustrace-lustr-festival-zacina-20-zari\/\",\"name\":\"Z Hole\u0161ovick\u00e9 tr\u017enice se na p\u00e1r dn\u00ed stane centrum komiksu a ilustrace. Lustr festival za\u010d\u00edn\u00e1 20. z\u00e1\u0159\u00ed - CELEBRITYHOUSE.cz\",\"isPartOf\":{\"@id\":\"https:\/\/celebrityhouse.cz\/#website\"},\"datePublished\":\"2024-09-13T22:01:00+00:00\",\"dateModified\":\"2024-09-14T18:18:50+00:00\",\"description\":\"Festival ilustrace a komiksu LUSTR, nejv\u011bt\u0161\u00ed p\u0159ehl\u00eddka sv\u00e9ho druhu v\u00a0\u010cesku, p\u0159edstav\u00ed \u0161pi\u010dkov\u00e9 \u010desk\u00e9 i sv\u011btov\u00e9 ilustr\u00e1tory.\",\"breadcrumb\":{\"@id\":\"https:\/\/celebrityhouse.cz\/index.php\/2024\/09\/14\/z-holesovicke-trznice-se-na-par-dni-stane-centrum-komiksu-a-ilustrace-lustr-festival-zacina-20-zari\/#breadcrumb\"},\"inLanguage\":\"cs\",\"potentialAction\":[{\"@type\":\"ReadAction\",\"target\":[\"https:\/\/celebrityhouse.cz\/index.php\/2024\/09\/14\/z-holesovicke-trznice-se-na-par-dni-stane-centrum-komiksu-a-ilustrace-lustr-festival-zacina-20-zari\/\"]}]},{\"@type\":\"BreadcrumbList\",\"@id\":\"https:\/\/celebrityhouse.cz\/index.php\/2024\/09\/14\/z-holesovicke-trznice-se-na-par-dni-stane-centrum-komiksu-a-ilustrace-lustr-festival-zacina-20-zari\/#breadcrumb\",\"itemListElement\":[{\"@type\":\"ListItem\",\"position\":1,\"name\":\"Dom\u016f\",\"item\":\"https:\/\/celebrityhouse.cz\/\"},{\"@type\":\"ListItem\",\"position\":2,\"name\":\"Z Hole\u0161ovick\u00e9 tr\u017enice se na p\u00e1r dn\u00ed stane centrum komiksu a ilustrace. Lustr festival za\u010d\u00edn\u00e1 20. z\u00e1\u0159\u00ed\"}]},{\"@type\":\"WebSite\",\"@id\":\"https:\/\/celebrityhouse.cz\/#website\",\"url\":\"https:\/\/celebrityhouse.cz\/\",\"name\":\"CELEBRITYHOUSE.cz\",\"description\":\"Port\u00e1l o showbyznysu...\",\"publisher\":{\"@id\":\"https:\/\/celebrityhouse.cz\/#organization\"},\"potentialAction\":[{\"@type\":\"SearchAction\",\"target\":{\"@type\":\"EntryPoint\",\"urlTemplate\":\"https:\/\/celebrityhouse.cz\/?s={search_term_string}\"},\"query-input\":\"required name=search_term_string\"}],\"inLanguage\":\"cs\"},{\"@type\":\"Organization\",\"@id\":\"https:\/\/celebrityhouse.cz\/#organization\",\"name\":\"CELEBRITYHOUSE.cz\",\"url\":\"https:\/\/celebrityhouse.cz\/\",\"logo\":{\"@type\":\"ImageObject\",\"inLanguage\":\"cs\",\"@id\":\"https:\/\/celebrityhouse.cz\/#\/schema\/logo\/image\/\",\"url\":\"https:\/\/celebrityhouse.cz\/wp-content\/uploads\/2024\/12\/cropped-Logo_CelebrityHouse_2.jpg\",\"contentUrl\":\"https:\/\/celebrityhouse.cz\/wp-content\/uploads\/2024\/12\/cropped-Logo_CelebrityHouse_2.jpg\",\"width\":937,\"height\":510,\"caption\":\"CELEBRITYHOUSE.cz\"},\"image\":{\"@id\":\"https:\/\/celebrityhouse.cz\/#\/schema\/logo\/image\/\"}},{\"@type\":\"Person\",\"@id\":\"https:\/\/celebrityhouse.cz\/#\/schema\/person\/b97cee16a2caa8cf7a55df6bcaff5d8c\",\"name\":\"Martina Pechov\u00e1\",\"image\":{\"@type\":\"ImageObject\",\"inLanguage\":\"cs\",\"@id\":\"https:\/\/celebrityhouse.cz\/#\/schema\/person\/image\/\",\"url\":\"https:\/\/secure.gravatar.com\/avatar\/d3ad7f43789eed68b221d01c6d7ac4e5?s=96&d=mm&r=g\",\"contentUrl\":\"https:\/\/secure.gravatar.com\/avatar\/d3ad7f43789eed68b221d01c6d7ac4e5?s=96&d=mm&r=g\",\"caption\":\"Martina Pechov\u00e1\"},\"sameAs\":[\"http:\/\/CELEBRITYHOUSE.cz\"],\"url\":\"https:\/\/celebrityhouse.cz\/index.php\/author\/marpech\/\"}]}<\/script>\n<!-- \/ Yoast SEO plugin. -->","yoast_head_json":{"title":"Z Hole\u0161ovick\u00e9 tr\u017enice se na p\u00e1r dn\u00ed stane centrum komiksu a ilustrace. Lustr festival za\u010d\u00edn\u00e1 20. z\u00e1\u0159\u00ed - CELEBRITYHOUSE.cz","description":"Festival ilustrace a komiksu LUSTR, nejv\u011bt\u0161\u00ed p\u0159ehl\u00eddka sv\u00e9ho druhu v\u00a0\u010cesku, p\u0159edstav\u00ed \u0161pi\u010dkov\u00e9 \u010desk\u00e9 i sv\u011btov\u00e9 ilustr\u00e1tory.","robots":{"index":"index","follow":"follow","max-snippet":"max-snippet:-1","max-image-preview":"max-image-preview:large","max-video-preview":"max-video-preview:-1"},"canonical":"https:\/\/celebrityhouse.cz\/index.php\/2024\/09\/14\/z-holesovicke-trznice-se-na-par-dni-stane-centrum-komiksu-a-ilustrace-lustr-festival-zacina-20-zari\/","og_locale":"cs_CZ","og_type":"article","og_title":"Z Hole\u0161ovick\u00e9 tr\u017enice se na p\u00e1r dn\u00ed stane centrum komiksu a ilustrace. Lustr festival za\u010d\u00edn\u00e1 20. z\u00e1\u0159\u00ed - CELEBRITYHOUSE.cz","og_description":"Festival ilustrace a komiksu LUSTR, nejv\u011bt\u0161\u00ed p\u0159ehl\u00eddka sv\u00e9ho druhu v\u00a0\u010cesku, p\u0159edstav\u00ed \u0161pi\u010dkov\u00e9 \u010desk\u00e9 i sv\u011btov\u00e9 ilustr\u00e1tory.","og_url":"https:\/\/celebrityhouse.cz\/index.php\/2024\/09\/14\/z-holesovicke-trznice-se-na-par-dni-stane-centrum-komiksu-a-ilustrace-lustr-festival-zacina-20-zari\/","og_site_name":"CELEBRITYHOUSE.cz","article_published_time":"2024-09-13T22:01:00+00:00","article_modified_time":"2024-09-14T18:18:50+00:00","og_image":[{"width":2048,"height":1365,"url":"https:\/\/celebrityhouse.cz\/wp-content\/uploads\/2024\/09\/LUSTR_2023_photos_Adriana_Vancova_DSC02113.jpg","type":"image\/jpeg"}],"author":"Martina Pechov\u00e1","twitter_card":"summary_large_image","twitter_misc":{"Napsal(a)":"Martina Pechov\u00e1","Odhadovan\u00e1 doba \u010dten\u00ed":"12 minut"},"schema":{"@context":"https:\/\/schema.org","@graph":[{"@type":"Article","@id":"https:\/\/celebrityhouse.cz\/index.php\/2024\/09\/14\/z-holesovicke-trznice-se-na-par-dni-stane-centrum-komiksu-a-ilustrace-lustr-festival-zacina-20-zari\/#article","isPartOf":{"@id":"https:\/\/celebrityhouse.cz\/index.php\/2024\/09\/14\/z-holesovicke-trznice-se-na-par-dni-stane-centrum-komiksu-a-ilustrace-lustr-festival-zacina-20-zari\/"},"author":{"name":"Martina Pechov\u00e1","@id":"https:\/\/celebrityhouse.cz\/#\/schema\/person\/b97cee16a2caa8cf7a55df6bcaff5d8c"},"headline":"Z Hole\u0161ovick\u00e9 tr\u017enice se na p\u00e1r dn\u00ed stane centrum komiksu a ilustrace. Lustr festival za\u010d\u00edn\u00e1 20. z\u00e1\u0159\u00ed","datePublished":"2024-09-13T22:01:00+00:00","dateModified":"2024-09-14T18:18:50+00:00","mainEntityOfPage":{"@id":"https:\/\/celebrityhouse.cz\/index.php\/2024\/09\/14\/z-holesovicke-trznice-se-na-par-dni-stane-centrum-komiksu-a-ilustrace-lustr-festival-zacina-20-zari\/"},"wordCount":1529,"publisher":{"@id":"https:\/\/celebrityhouse.cz\/#organization"},"articleSection":["AKCE","NEWS"],"inLanguage":"cs"},{"@type":"WebPage","@id":"https:\/\/celebrityhouse.cz\/index.php\/2024\/09\/14\/z-holesovicke-trznice-se-na-par-dni-stane-centrum-komiksu-a-ilustrace-lustr-festival-zacina-20-zari\/","url":"https:\/\/celebrityhouse.cz\/index.php\/2024\/09\/14\/z-holesovicke-trznice-se-na-par-dni-stane-centrum-komiksu-a-ilustrace-lustr-festival-zacina-20-zari\/","name":"Z Hole\u0161ovick\u00e9 tr\u017enice se na p\u00e1r dn\u00ed stane centrum komiksu a ilustrace. Lustr festival za\u010d\u00edn\u00e1 20. z\u00e1\u0159\u00ed - CELEBRITYHOUSE.cz","isPartOf":{"@id":"https:\/\/celebrityhouse.cz\/#website"},"datePublished":"2024-09-13T22:01:00+00:00","dateModified":"2024-09-14T18:18:50+00:00","description":"Festival ilustrace a komiksu LUSTR, nejv\u011bt\u0161\u00ed p\u0159ehl\u00eddka sv\u00e9ho druhu v\u00a0\u010cesku, p\u0159edstav\u00ed \u0161pi\u010dkov\u00e9 \u010desk\u00e9 i sv\u011btov\u00e9 ilustr\u00e1tory.","breadcrumb":{"@id":"https:\/\/celebrityhouse.cz\/index.php\/2024\/09\/14\/z-holesovicke-trznice-se-na-par-dni-stane-centrum-komiksu-a-ilustrace-lustr-festival-zacina-20-zari\/#breadcrumb"},"inLanguage":"cs","potentialAction":[{"@type":"ReadAction","target":["https:\/\/celebrityhouse.cz\/index.php\/2024\/09\/14\/z-holesovicke-trznice-se-na-par-dni-stane-centrum-komiksu-a-ilustrace-lustr-festival-zacina-20-zari\/"]}]},{"@type":"BreadcrumbList","@id":"https:\/\/celebrityhouse.cz\/index.php\/2024\/09\/14\/z-holesovicke-trznice-se-na-par-dni-stane-centrum-komiksu-a-ilustrace-lustr-festival-zacina-20-zari\/#breadcrumb","itemListElement":[{"@type":"ListItem","position":1,"name":"Dom\u016f","item":"https:\/\/celebrityhouse.cz\/"},{"@type":"ListItem","position":2,"name":"Z Hole\u0161ovick\u00e9 tr\u017enice se na p\u00e1r dn\u00ed stane centrum komiksu a ilustrace. Lustr festival za\u010d\u00edn\u00e1 20. z\u00e1\u0159\u00ed"}]},{"@type":"WebSite","@id":"https:\/\/celebrityhouse.cz\/#website","url":"https:\/\/celebrityhouse.cz\/","name":"CELEBRITYHOUSE.cz","description":"Port\u00e1l o showbyznysu...","publisher":{"@id":"https:\/\/celebrityhouse.cz\/#organization"},"potentialAction":[{"@type":"SearchAction","target":{"@type":"EntryPoint","urlTemplate":"https:\/\/celebrityhouse.cz\/?s={search_term_string}"},"query-input":"required name=search_term_string"}],"inLanguage":"cs"},{"@type":"Organization","@id":"https:\/\/celebrityhouse.cz\/#organization","name":"CELEBRITYHOUSE.cz","url":"https:\/\/celebrityhouse.cz\/","logo":{"@type":"ImageObject","inLanguage":"cs","@id":"https:\/\/celebrityhouse.cz\/#\/schema\/logo\/image\/","url":"https:\/\/celebrityhouse.cz\/wp-content\/uploads\/2024\/12\/cropped-Logo_CelebrityHouse_2.jpg","contentUrl":"https:\/\/celebrityhouse.cz\/wp-content\/uploads\/2024\/12\/cropped-Logo_CelebrityHouse_2.jpg","width":937,"height":510,"caption":"CELEBRITYHOUSE.cz"},"image":{"@id":"https:\/\/celebrityhouse.cz\/#\/schema\/logo\/image\/"}},{"@type":"Person","@id":"https:\/\/celebrityhouse.cz\/#\/schema\/person\/b97cee16a2caa8cf7a55df6bcaff5d8c","name":"Martina Pechov\u00e1","image":{"@type":"ImageObject","inLanguage":"cs","@id":"https:\/\/celebrityhouse.cz\/#\/schema\/person\/image\/","url":"https:\/\/secure.gravatar.com\/avatar\/d3ad7f43789eed68b221d01c6d7ac4e5?s=96&d=mm&r=g","contentUrl":"https:\/\/secure.gravatar.com\/avatar\/d3ad7f43789eed68b221d01c6d7ac4e5?s=96&d=mm&r=g","caption":"Martina Pechov\u00e1"},"sameAs":["http:\/\/CELEBRITYHOUSE.cz"],"url":"https:\/\/celebrityhouse.cz\/index.php\/author\/marpech\/"}]}},"_links":{"self":[{"href":"https:\/\/celebrityhouse.cz\/index.php\/wp-json\/wp\/v2\/posts\/9434"}],"collection":[{"href":"https:\/\/celebrityhouse.cz\/index.php\/wp-json\/wp\/v2\/posts"}],"about":[{"href":"https:\/\/celebrityhouse.cz\/index.php\/wp-json\/wp\/v2\/types\/post"}],"author":[{"embeddable":true,"href":"https:\/\/celebrityhouse.cz\/index.php\/wp-json\/wp\/v2\/users\/8"}],"replies":[{"embeddable":true,"href":"https:\/\/celebrityhouse.cz\/index.php\/wp-json\/wp\/v2\/comments?post=9434"}],"version-history":[{"count":3,"href":"https:\/\/celebrityhouse.cz\/index.php\/wp-json\/wp\/v2\/posts\/9434\/revisions"}],"predecessor-version":[{"id":9444,"href":"https:\/\/celebrityhouse.cz\/index.php\/wp-json\/wp\/v2\/posts\/9434\/revisions\/9444"}],"wp:featuredmedia":[{"embeddable":true,"href":"https:\/\/celebrityhouse.cz\/index.php\/wp-json\/wp\/v2\/media\/9441"}],"wp:attachment":[{"href":"https:\/\/celebrityhouse.cz\/index.php\/wp-json\/wp\/v2\/media?parent=9434"}],"wp:term":[{"taxonomy":"category","embeddable":true,"href":"https:\/\/celebrityhouse.cz\/index.php\/wp-json\/wp\/v2\/categories?post=9434"},{"taxonomy":"post_tag","embeddable":true,"href":"https:\/\/celebrityhouse.cz\/index.php\/wp-json\/wp\/v2\/tags?post=9434"}],"curies":[{"name":"wp","href":"https:\/\/api.w.org\/{rel}","templated":true}]}}