{"id":9576,"date":"2024-10-04T00:01:00","date_gmt":"2024-10-03T22:01:00","guid":{"rendered":"https:\/\/celebrityhouse.cz\/?p=9576"},"modified":"2024-10-04T03:10:07","modified_gmt":"2024-10-04T01:10:07","slug":"hvezdy-pop-opery-il-volo-jiz-brzy-vystoupi-v-praze-doprovodi-je-vehlasny-bohemian-symphony-orchestra-prague","status":"publish","type":"post","link":"https:\/\/celebrityhouse.cz\/index.php\/2024\/10\/04\/hvezdy-pop-opery-il-volo-jiz-brzy-vystoupi-v-praze-doprovodi-je-vehlasny-bohemian-symphony-orchestra-prague\/","title":{"rendered":"Hv\u011bzdy pop-opery Il Volo ji\u017e brzy vystoup\u00ed v\u00a0Praze, doprovod\u00ed je v\u011bhlasn\u00fd Bohemian Symphony Orchestra Prague"},"content":{"rendered":"\n<div style=\"height:45px\" aria-hidden=\"true\" class=\"wp-block-spacer\"><\/div>\n\n\n\n<p><strong>Sv\u011btozn\u00e1m\u00e9 italsk\u00e9 pop-opern\u00ed trio Il Volo, tvo\u0159en\u00e9 Pierem Barone, Ignaziem Boschettem a Gianlucou Ginoblem, m\u00ed\u0159\u00ed do pra\u017esk\u00e9 O2 areny, kde vystoup\u00ed 12. \u0159\u00edjna 2024. P\u0159ed \u010desk\u00fdm publikem vystoup\u00ed v\u00a0doprovodu v\u011bhlasn\u00e9ho Bohemian Symphony Orchestra Prague. Posledn\u00ed vstupenky na koncert jsou v prodeji v s\u00edt\u00edch Ticketmaster a Ticketportal.<\/strong><\/p>\n\n\n\n<div style=\"height:45px\" aria-hidden=\"true\" class=\"wp-block-spacer\"><\/div>\n\n\n<div class=\"wp-block-image\">\n<figure class=\"aligncenter size-large\"><img loading=\"lazy\" decoding=\"async\" width=\"1024\" height=\"683\" src=\"https:\/\/celebrityhouse.cz\/wp-content\/uploads\/2024\/10\/BSOP_foto-1024x683.jpg\" alt=\"Hv\u011bzdy pop-opery Il Volo ji\u017e brzy vystoup\u00ed v\u00a0Praze, doprovod\u00ed je v\u011bhlasn\u00fd Bohemian Symphony Orchestra Prague\" class=\"wp-image-9582\" srcset=\"https:\/\/celebrityhouse.cz\/wp-content\/uploads\/2024\/10\/BSOP_foto-1024x683.jpg 1024w, https:\/\/celebrityhouse.cz\/wp-content\/uploads\/2024\/10\/BSOP_foto-300x200.jpg 300w, https:\/\/celebrityhouse.cz\/wp-content\/uploads\/2024\/10\/BSOP_foto-768x512.jpg 768w, https:\/\/celebrityhouse.cz\/wp-content\/uploads\/2024\/10\/BSOP_foto-1536x1024.jpg 1536w, https:\/\/celebrityhouse.cz\/wp-content\/uploads\/2024\/10\/BSOP_foto-2048x1365.jpg 2048w\" sizes=\"(max-width: 1024px) 100vw, 1024px\" \/><\/figure><\/div>\n\n\n<div style=\"height:45px\" aria-hidden=\"true\" class=\"wp-block-spacer\"><\/div>\n\n\n\n<p>\u201e<em>Il Volo se sna\u017e\u00ed o tot\u00e9\u017e, co my, tedy popularizovat klasiku. Proto na\u0161e spolupr\u00e1ce d\u00e1v\u00e1 smysl,\u201c<\/em> \u0159\u00edk\u00e1 \u0161\u00e9f \u010desk\u00e9ho orchestru Martin \u0160anda. Jako jedni z nejv\u00fdznamn\u011bj\u0161\u00edch z\u00e1stupc\u016f \u017e\u00e1nru lyrick\u00e9ho popu, dob\u00fdvaj\u00ed Il Volo p\u00f3dia po cel\u00e9m sv\u011bt\u011b v\u00edce ne\u017e desetilet\u00ed. Jejich reperto\u00e1r sah\u00e1 od klasick\u00fdch italsk\u00fdch melodi\u00ed po modern\u00ed pop-operu.<\/p>\n\n\n\n<div style=\"height:45px\" aria-hidden=\"true\" class=\"wp-block-spacer\"><\/div>\n\n\n\n<figure class=\"wp-block-embed aligncenter is-type-video is-provider-youtube wp-block-embed-youtube wp-embed-aspect-16-9 wp-has-aspect-ratio\"><div class=\"wp-block-embed__wrapper\">\n<div class=\"video-container\"><iframe loading=\"lazy\" title=\"IL VOLO - O2 ARENA, PRAGUE - 12 OCTOBER 2024\" width=\"500\" height=\"281\" src=\"https:\/\/www.youtube.com\/embed\/A3roBUFLA-Y?feature=oembed&#038;wmode=opaque\" frameborder=\"0\" allow=\"accelerometer; autoplay; clipboard-write; encrypted-media; gyroscope; picture-in-picture; web-share\" referrerpolicy=\"strict-origin-when-cross-origin\" allowfullscreen><\/iframe><\/div>\n<\/div><\/figure>\n\n\n\n<div style=\"height:45px\" aria-hidden=\"true\" class=\"wp-block-spacer\"><\/div>\n\n\n\n<p>\u201e<em>Je to pro n\u00e1s zcela jin\u00e1 zku\u0161enost, s&nbsp;tradi\u010dn\u00edm opern\u00edm koncertem se vystoupen\u00ed Il Volo ned\u00e1 srovn\u00e1vat. Dok\u00e1\u017e\u00ed oslovit daleko \u0161ir\u0161\u00ed publikum,\u201c<\/em> \u0159\u00edk\u00e1 \u0161\u00e9fdirigent a zakladatel Bohemian Symphony Orchestra Prague (BSOP) \u0160anda, kter\u00fd se do spolupr\u00e1ce s&nbsp;italsk\u00fdmi p\u011bvci pou\u0161t\u00ed ji\u017e podruh\u00e9. Il Volo toti\u017e loni poprv\u00e9 nav\u0161t\u00edvilo \u010ceskou republiku a fanou\u0161ci je za ve\u010der odm\u011bnili potleskem vestoje, speci\u00e1ln\u00edm hostem koncertu byla i zp\u011bva\u010dka a obdivovatelka tria, Tereza Ma\u0161kov\u00e1.<\/p>\n\n\n\n<div style=\"height:45px\" aria-hidden=\"true\" class=\"wp-block-spacer\"><\/div>\n\n\n<div class=\"wp-block-image\">\n<figure class=\"aligncenter size-large\"><img loading=\"lazy\" decoding=\"async\" width=\"1024\" height=\"683\" src=\"https:\/\/celebrityhouse.cz\/wp-content\/uploads\/2024\/10\/Il-Volo-v-Praze-1024x683.jpg\" alt=\"Hv\u011bzdy pop-opery Il Volo ji\u017e brzy vystoup\u00ed v\u00a0Praze, doprovod\u00ed je v\u011bhlasn\u00fd Bohemian Symphony Orchestra Prague\" class=\"wp-image-9585\" srcset=\"https:\/\/celebrityhouse.cz\/wp-content\/uploads\/2024\/10\/Il-Volo-v-Praze-1024x683.jpg 1024w, https:\/\/celebrityhouse.cz\/wp-content\/uploads\/2024\/10\/Il-Volo-v-Praze-300x200.jpg 300w, https:\/\/celebrityhouse.cz\/wp-content\/uploads\/2024\/10\/Il-Volo-v-Praze-768x512.jpg 768w, https:\/\/celebrityhouse.cz\/wp-content\/uploads\/2024\/10\/Il-Volo-v-Praze-1536x1024.jpg 1536w, https:\/\/celebrityhouse.cz\/wp-content\/uploads\/2024\/10\/Il-Volo-v-Praze-2048x1365.jpg 2048w\" sizes=\"(max-width: 1024px) 100vw, 1024px\" \/><\/figure><\/div>\n\n\n<div style=\"height:45px\" aria-hidden=\"true\" class=\"wp-block-spacer\"><\/div>\n\n\n\n<p>V&nbsp;reperto\u00e1ru Il Volo se nach\u00e1zej\u00ed zn\u00e1m\u00e9 opern\u00ed melodie, kter\u00e9 hudebn\u00edci z&nbsp;BSOP, ale i milovn\u00edci klasiky velice dob\u0159e znaj\u00ed, ov\u0161em v&nbsp;pod\u00e1n\u00ed tria zazn\u00ed ve zcela origin\u00e1ln\u00edch popov\u011b lad\u011bn\u00fdch \u00faprav\u00e1ch. <em>\u201eD\u0159\u00edve jsme tady m\u011bli t\u0159i nejv\u011bt\u0161\u00ed tenory Jos\u00e9 Carrerase, Luciana Pavarottiho a Pl\u00e1cida Dominga. Ti zp\u00edvali klasickou hudbu klasicky. Il Volo p\u0159edstavuj\u00ed sou\u010dasnost, kter\u00e1 ale klasickou hudbu popularizuje, aby se mohla dostat i k&nbsp;t\u011bm, kte\u0159\u00ed nejsou typi\u010dt\u00ed milovn\u00edci tohoto \u017e\u00e1nru,\u201c <\/em>je p\u0159esv\u011bd\u010den\u00fd \u0160anda.<\/p>\n\n\n\n<div style=\"height:45px\" aria-hidden=\"true\" class=\"wp-block-spacer\"><\/div>\n\n\n<div class=\"wp-block-image\">\n<figure class=\"aligncenter size-large\"><img loading=\"lazy\" decoding=\"async\" width=\"1024\" height=\"683\" src=\"https:\/\/celebrityhouse.cz\/wp-content\/uploads\/2024\/10\/BSOP_Pan-dirigent-Sanda-1024x683.jpg\" alt=\"Hv\u011bzdy pop-opery Il Volo ji\u017e brzy vystoup\u00ed v\u00a0Praze, doprovod\u00ed je v\u011bhlasn\u00fd Bohemian Symphony Orchestra Prague\" class=\"wp-image-9580\" srcset=\"https:\/\/celebrityhouse.cz\/wp-content\/uploads\/2024\/10\/BSOP_Pan-dirigent-Sanda-1024x683.jpg 1024w, https:\/\/celebrityhouse.cz\/wp-content\/uploads\/2024\/10\/BSOP_Pan-dirigent-Sanda-300x200.jpg 300w, https:\/\/celebrityhouse.cz\/wp-content\/uploads\/2024\/10\/BSOP_Pan-dirigent-Sanda-768x512.jpg 768w, https:\/\/celebrityhouse.cz\/wp-content\/uploads\/2024\/10\/BSOP_Pan-dirigent-Sanda-1536x1024.jpg 1536w, https:\/\/celebrityhouse.cz\/wp-content\/uploads\/2024\/10\/BSOP_Pan-dirigent-Sanda-2048x1366.jpg 2048w\" sizes=\"(max-width: 1024px) 100vw, 1024px\" \/><\/figure><\/div>\n\n\n<div style=\"height:45px\" aria-hidden=\"true\" class=\"wp-block-spacer\"><\/div>\n\n\n\n<p>Bohemian Symphony Orchestra Prague si od sv\u00e9ho zalo\u017een\u00ed v&nbsp;roce 2002 p\u0159ipsal na konto ji\u017e nespo\u010det \u00fasp\u011bch\u016f, jako nap\u0159\u00edklad n\u011bkolik evropsk\u00fdch turn\u00e9 s rockov\u00fdmi legendami kapel: Deep Purple, Nazareth, Europe, Alice Cooper, Toto, Survivor, Foreigner, Journey, Bonnie Tyler, Uriah Heep a dal\u0161\u00edmi.<\/p>\n\n\n\n<p>Velkolep\u00e1 show pln\u00e1 italsk\u00e9 v\u00e1\u0161n\u011b v&nbsp;pod\u00e1n\u00ed Il Volo se uskute\u010dn\u00ed v&nbsp;sobotu 12. \u0159\u00edjna 2024 v&nbsp;O2 aren\u011b.<\/p>\n\n\n\n<p><strong>P\u0159edprodej vstupenek: <a href=\"https:\/\/www.ticketportal.cz\/event\/IL-VOLO\">https:\/\/www.ticketportal.cz\/event\/IL-VOLO<\/a> a <a href=\"https:\/\/www.ticketmaster.cz\/artist\/il-volo-vstupenky\/863308\">https:\/\/www.ticketmaster.cz\/artist\/il-volo-vstupenky\/863308<\/a><\/strong><\/p>\n\n\n\n<div style=\"height:45px\" aria-hidden=\"true\" class=\"wp-block-spacer\"><\/div>\n\n\n<div class=\"wp-block-image\">\n<figure class=\"aligncenter size-large\"><img loading=\"lazy\" decoding=\"async\" width=\"1024\" height=\"683\" src=\"https:\/\/celebrityhouse.cz\/wp-content\/uploads\/2024\/10\/Il-Volo-a-Tereza-Maskova--1024x683.jpg\" alt=\"Hv\u011bzdy pop-opery Il Volo ji\u017e brzy vystoup\u00ed v\u00a0Praze, doprovod\u00ed je v\u011bhlasn\u00fd Bohemian Symphony Orchestra Prague\" class=\"wp-image-9583\" srcset=\"https:\/\/celebrityhouse.cz\/wp-content\/uploads\/2024\/10\/Il-Volo-a-Tereza-Maskova--1024x683.jpg 1024w, https:\/\/celebrityhouse.cz\/wp-content\/uploads\/2024\/10\/Il-Volo-a-Tereza-Maskova--300x200.jpg 300w, https:\/\/celebrityhouse.cz\/wp-content\/uploads\/2024\/10\/Il-Volo-a-Tereza-Maskova--768x512.jpg 768w, https:\/\/celebrityhouse.cz\/wp-content\/uploads\/2024\/10\/Il-Volo-a-Tereza-Maskova--1536x1024.jpg 1536w, https:\/\/celebrityhouse.cz\/wp-content\/uploads\/2024\/10\/Il-Volo-a-Tereza-Maskova--2048x1365.jpg 2048w\" sizes=\"(max-width: 1024px) 100vw, 1024px\" \/><\/figure><\/div>\n\n\n<div style=\"height:45px\" aria-hidden=\"true\" class=\"wp-block-spacer\"><\/div>\n\n\n\n<p>Skupina Il Volo se dala dohromady v roce 2009 b\u011bhem \u00fa\u010dasti v\u0161ech zp\u011bv\u00e1k\u016f v televizn\u00ed talentov\u00e9 sout\u011b\u017ei Ti lascio una canzone na italsk\u00e9 televizi. N\u00e1sledn\u011b zaznamenala raketov\u00fd vzestup na mezin\u00e1rodn\u00ed sc\u00e9n\u011b, kde se proslavila sv\u00fdm jedine\u010dn\u00fdm stylem, kter\u00fd kombinuje tradi\u010dn\u00ed italskou operu s modern\u00edmi popov\u00fdmi prvky, \u010dasto ozna\u010dovan\u00fdm jako pop-opera. Jejich reperto\u00e1r zahrnuje klasick\u00e9 italsk\u00e9 p\u00edsn\u011b, ale tak\u00e9 modern\u011bj\u0161\u00ed skladby. Il Volo jsou zn\u00e1m\u00ed sv\u00fdmi siln\u00fdmi a emotivn\u00edmi v\u00fdkony, jen\u017e \u010dasto obsahuj\u00ed harmonick\u00e9 trojhlasy. V pr\u016fb\u011bhu sv\u00e9 kari\u00e9ry skupina vydala n\u011bkolik \u00fasp\u011b\u0161n\u00fdch alb, kter\u00e9 byly ocen\u011bn\u00e9 i na mezin\u00e1rodn\u00ed \u00farovni.<\/p>\n\n\n\n<div style=\"height:45px\" aria-hidden=\"true\" class=\"wp-block-spacer\"><\/div>\n\n\n\n<figure class=\"wp-block-gallery has-nested-images columns-2 is-cropped wp-block-gallery-1 is-layout-flex wp-block-gallery-is-layout-flex\">\n<figure class=\"wp-block-image size-large\"><img loading=\"lazy\" decoding=\"async\" width=\"1024\" height=\"683\" data-id=\"9582\" src=\"https:\/\/celebrityhouse.cz\/wp-content\/uploads\/2024\/10\/BSOP_foto-1024x683.jpg\" alt=\"Hv\u011bzdy pop-opery Il Volo ji\u017e brzy vystoup\u00ed v\u00a0Praze, doprovod\u00ed je v\u011bhlasn\u00fd Bohemian Symphony Orchestra Prague\" class=\"wp-image-9582\" srcset=\"https:\/\/celebrityhouse.cz\/wp-content\/uploads\/2024\/10\/BSOP_foto-1024x683.jpg 1024w, https:\/\/celebrityhouse.cz\/wp-content\/uploads\/2024\/10\/BSOP_foto-300x200.jpg 300w, https:\/\/celebrityhouse.cz\/wp-content\/uploads\/2024\/10\/BSOP_foto-768x512.jpg 768w, https:\/\/celebrityhouse.cz\/wp-content\/uploads\/2024\/10\/BSOP_foto-1536x1024.jpg 1536w, https:\/\/celebrityhouse.cz\/wp-content\/uploads\/2024\/10\/BSOP_foto-2048x1365.jpg 2048w\" sizes=\"(max-width: 1024px) 100vw, 1024px\" \/><\/figure>\n\n\n\n<figure class=\"wp-block-image size-large\"><img loading=\"lazy\" decoding=\"async\" width=\"1024\" height=\"683\" data-id=\"9585\" src=\"https:\/\/celebrityhouse.cz\/wp-content\/uploads\/2024\/10\/Il-Volo-v-Praze-1024x683.jpg\" alt=\"Hv\u011bzdy pop-opery Il Volo ji\u017e brzy vystoup\u00ed v\u00a0Praze, doprovod\u00ed je v\u011bhlasn\u00fd Bohemian Symphony Orchestra Prague\" class=\"wp-image-9585\" srcset=\"https:\/\/celebrityhouse.cz\/wp-content\/uploads\/2024\/10\/Il-Volo-v-Praze-1024x683.jpg 1024w, https:\/\/celebrityhouse.cz\/wp-content\/uploads\/2024\/10\/Il-Volo-v-Praze-300x200.jpg 300w, https:\/\/celebrityhouse.cz\/wp-content\/uploads\/2024\/10\/Il-Volo-v-Praze-768x512.jpg 768w, https:\/\/celebrityhouse.cz\/wp-content\/uploads\/2024\/10\/Il-Volo-v-Praze-1536x1024.jpg 1536w, https:\/\/celebrityhouse.cz\/wp-content\/uploads\/2024\/10\/Il-Volo-v-Praze-2048x1365.jpg 2048w\" sizes=\"(max-width: 1024px) 100vw, 1024px\" \/><\/figure>\n\n\n\n<figure class=\"wp-block-image size-large\"><img loading=\"lazy\" decoding=\"async\" width=\"823\" height=\"1024\" data-id=\"9586\" src=\"https:\/\/celebrityhouse.cz\/wp-content\/uploads\/2024\/10\/Il-Volo-823x1024.jpg\" alt=\"Hv\u011bzdy pop-opery Il Volo ji\u017e brzy vystoup\u00ed v\u00a0Praze, doprovod\u00ed je v\u011bhlasn\u00fd Bohemian Symphony Orchestra Prague\" class=\"wp-image-9586\" srcset=\"https:\/\/celebrityhouse.cz\/wp-content\/uploads\/2024\/10\/Il-Volo-823x1024.jpg 823w, https:\/\/celebrityhouse.cz\/wp-content\/uploads\/2024\/10\/Il-Volo-241x300.jpg 241w, https:\/\/celebrityhouse.cz\/wp-content\/uploads\/2024\/10\/Il-Volo-768x956.jpg 768w, https:\/\/celebrityhouse.cz\/wp-content\/uploads\/2024\/10\/Il-Volo-1234x1536.jpg 1234w, https:\/\/celebrityhouse.cz\/wp-content\/uploads\/2024\/10\/Il-Volo-1646x2048.jpg 1646w\" sizes=\"(max-width: 823px) 100vw, 823px\" \/><\/figure>\n\n\n\n<figure class=\"wp-block-image size-large\"><img loading=\"lazy\" decoding=\"async\" width=\"1024\" height=\"683\" data-id=\"9580\" src=\"https:\/\/celebrityhouse.cz\/wp-content\/uploads\/2024\/10\/BSOP_Pan-dirigent-Sanda-1024x683.jpg\" alt=\"Hv\u011bzdy pop-opery Il Volo ji\u017e brzy vystoup\u00ed v\u00a0Praze, doprovod\u00ed je v\u011bhlasn\u00fd Bohemian Symphony Orchestra Prague\" class=\"wp-image-9580\" srcset=\"https:\/\/celebrityhouse.cz\/wp-content\/uploads\/2024\/10\/BSOP_Pan-dirigent-Sanda-1024x683.jpg 1024w, https:\/\/celebrityhouse.cz\/wp-content\/uploads\/2024\/10\/BSOP_Pan-dirigent-Sanda-300x200.jpg 300w, https:\/\/celebrityhouse.cz\/wp-content\/uploads\/2024\/10\/BSOP_Pan-dirigent-Sanda-768x512.jpg 768w, https:\/\/celebrityhouse.cz\/wp-content\/uploads\/2024\/10\/BSOP_Pan-dirigent-Sanda-1536x1024.jpg 1536w, https:\/\/celebrityhouse.cz\/wp-content\/uploads\/2024\/10\/BSOP_Pan-dirigent-Sanda-2048x1366.jpg 2048w\" sizes=\"(max-width: 1024px) 100vw, 1024px\" \/><\/figure>\n\n\n\n<figure class=\"wp-block-image size-large\"><img loading=\"lazy\" decoding=\"async\" width=\"1024\" height=\"683\" data-id=\"9584\" src=\"https:\/\/celebrityhouse.cz\/wp-content\/uploads\/2024\/10\/Il-Volo-v-O2-arene-1024x683.jpg\" alt=\"Hv\u011bzdy pop-opery Il Volo ji\u017e brzy vystoup\u00ed v\u00a0Praze, doprovod\u00ed je v\u011bhlasn\u00fd Bohemian Symphony Orchestra Prague\" class=\"wp-image-9584\" srcset=\"https:\/\/celebrityhouse.cz\/wp-content\/uploads\/2024\/10\/Il-Volo-v-O2-arene-1024x683.jpg 1024w, https:\/\/celebrityhouse.cz\/wp-content\/uploads\/2024\/10\/Il-Volo-v-O2-arene-300x200.jpg 300w, https:\/\/celebrityhouse.cz\/wp-content\/uploads\/2024\/10\/Il-Volo-v-O2-arene-768x512.jpg 768w, https:\/\/celebrityhouse.cz\/wp-content\/uploads\/2024\/10\/Il-Volo-v-O2-arene-1536x1024.jpg 1536w, https:\/\/celebrityhouse.cz\/wp-content\/uploads\/2024\/10\/Il-Volo-v-O2-arene-2048x1365.jpg 2048w\" sizes=\"(max-width: 1024px) 100vw, 1024px\" \/><\/figure>\n\n\n\n<figure class=\"wp-block-image size-large\"><img loading=\"lazy\" decoding=\"async\" width=\"1024\" height=\"683\" data-id=\"9583\" src=\"https:\/\/celebrityhouse.cz\/wp-content\/uploads\/2024\/10\/Il-Volo-a-Tereza-Maskova--1024x683.jpg\" alt=\"Hv\u011bzdy pop-opery Il Volo ji\u017e brzy vystoup\u00ed v\u00a0Praze, doprovod\u00ed je v\u011bhlasn\u00fd Bohemian Symphony Orchestra Prague\" class=\"wp-image-9583\" srcset=\"https:\/\/celebrityhouse.cz\/wp-content\/uploads\/2024\/10\/Il-Volo-a-Tereza-Maskova--1024x683.jpg 1024w, https:\/\/celebrityhouse.cz\/wp-content\/uploads\/2024\/10\/Il-Volo-a-Tereza-Maskova--300x200.jpg 300w, https:\/\/celebrityhouse.cz\/wp-content\/uploads\/2024\/10\/Il-Volo-a-Tereza-Maskova--768x512.jpg 768w, https:\/\/celebrityhouse.cz\/wp-content\/uploads\/2024\/10\/Il-Volo-a-Tereza-Maskova--1536x1024.jpg 1536w, https:\/\/celebrityhouse.cz\/wp-content\/uploads\/2024\/10\/Il-Volo-a-Tereza-Maskova--2048x1365.jpg 2048w\" sizes=\"(max-width: 1024px) 100vw, 1024px\" \/><\/figure>\n\n\n\n<figure class=\"wp-block-image size-large\"><img loading=\"lazy\" decoding=\"async\" width=\"1024\" height=\"1024\" data-id=\"9579\" src=\"https:\/\/celebrityhouse.cz\/wp-content\/uploads\/2024\/10\/IL-VOLO-plakat--1024x1024.png\" alt=\"Hv\u011bzdy pop-opery Il Volo ji\u017e brzy vystoup\u00ed v\u00a0Praze, doprovod\u00ed je v\u011bhlasn\u00fd Bohemian Symphony Orchestra Prague\" class=\"wp-image-9579\" srcset=\"https:\/\/celebrityhouse.cz\/wp-content\/uploads\/2024\/10\/IL-VOLO-plakat--1024x1024.png 1024w, https:\/\/celebrityhouse.cz\/wp-content\/uploads\/2024\/10\/IL-VOLO-plakat--300x300.png 300w, https:\/\/celebrityhouse.cz\/wp-content\/uploads\/2024\/10\/IL-VOLO-plakat--150x150.png 150w, https:\/\/celebrityhouse.cz\/wp-content\/uploads\/2024\/10\/IL-VOLO-plakat--768x768.png 768w, https:\/\/celebrityhouse.cz\/wp-content\/uploads\/2024\/10\/IL-VOLO-plakat--80x80.png 80w, https:\/\/celebrityhouse.cz\/wp-content\/uploads\/2024\/10\/IL-VOLO-plakat--320x320.png 320w, https:\/\/celebrityhouse.cz\/wp-content\/uploads\/2024\/10\/IL-VOLO-plakat-.png 1080w\" sizes=\"(max-width: 1024px) 100vw, 1024px\" \/><\/figure>\n<\/figure>\n\n\n\n<div style=\"height:45px\" aria-hidden=\"true\" class=\"wp-block-spacer\"><\/div>\n\n\n\n<p><strong>Zdroj foto a video: <\/strong>Bohemian Symphony Orchestra Prague<\/p>\n\n\n\n<div style=\"height:45px\" aria-hidden=\"true\" class=\"wp-block-spacer\"><\/div>\n","protected":false},"excerpt":{"rendered":"<p>Sv\u011btozn\u00e1m\u00e9 italsk\u00e9 pop-opern\u00ed trio Il Volo, tvo\u0159en\u00e9 Pierem Barone, Ignaziem Boschettem a Gianlucou Ginoblem, m\u00ed\u0159\u00ed do pra\u017esk\u00e9 O2 areny, kde vystoup\u00ed 12. \u0159\u00edjna 2024. P\u0159ed \u010desk\u00fdm publikem vystoup\u00ed v\u00a0doprovodu v\u011bhlasn\u00e9ho Bohemian Symphony Orchestra Prague.&#46;&#46;&#46;<\/p>\n","protected":false},"author":8,"featured_media":9582,"comment_status":"closed","ping_status":"closed","sticky":false,"template":"","format":"standard","meta":{"_monsterinsights_skip_tracking":false,"_monsterinsights_sitenote_active":false,"_monsterinsights_sitenote_note":"","_monsterinsights_sitenote_category":0,"footnotes":""},"categories":[19,13,2,4],"tags":[],"yoast_head":"<!-- This site is optimized with the Yoast SEO plugin v21.5 - https:\/\/yoast.com\/wordpress\/plugins\/seo\/ -->\n<title>Hv\u011bzdy pop-opery Il Volo ji\u017e brzy vystoup\u00ed v\u00a0Praze, doprovod\u00ed je v\u011bhlasn\u00fd Bohemian Symphony Orchestra Prague - CELEBRITYHOUSE.cz<\/title>\n<meta name=\"description\" content=\"Sv\u011btozn\u00e1m\u00e9 italsk\u00e9 pop-opern\u00ed trio Il Volo, tvo\u0159en\u00e9 Pierem Barone, Ignaziem Boschettem a Gianlucou Ginoblem, m\u00ed\u0159\u00ed do pra\u017esk\u00e9 O2 areny.\" \/>\n<meta name=\"robots\" content=\"index, follow, max-snippet:-1, max-image-preview:large, max-video-preview:-1\" \/>\n<link rel=\"canonical\" href=\"https:\/\/celebrityhouse.cz\/index.php\/2024\/10\/04\/hvezdy-pop-opery-il-volo-jiz-brzy-vystoupi-v-praze-doprovodi-je-vehlasny-bohemian-symphony-orchestra-prague\/\" \/>\n<meta property=\"og:locale\" content=\"cs_CZ\" \/>\n<meta property=\"og:type\" content=\"article\" \/>\n<meta property=\"og:title\" content=\"Hv\u011bzdy pop-opery Il Volo ji\u017e brzy vystoup\u00ed v\u00a0Praze, doprovod\u00ed je v\u011bhlasn\u00fd Bohemian Symphony Orchestra Prague - CELEBRITYHOUSE.cz\" \/>\n<meta property=\"og:description\" content=\"Sv\u011btozn\u00e1m\u00e9 italsk\u00e9 pop-opern\u00ed trio Il Volo, tvo\u0159en\u00e9 Pierem Barone, Ignaziem Boschettem a Gianlucou Ginoblem, m\u00ed\u0159\u00ed do pra\u017esk\u00e9 O2 areny.\" \/>\n<meta property=\"og:url\" content=\"https:\/\/celebrityhouse.cz\/index.php\/2024\/10\/04\/hvezdy-pop-opery-il-volo-jiz-brzy-vystoupi-v-praze-doprovodi-je-vehlasny-bohemian-symphony-orchestra-prague\/\" \/>\n<meta property=\"og:site_name\" content=\"CELEBRITYHOUSE.cz\" \/>\n<meta property=\"article:published_time\" content=\"2024-10-03T22:01:00+00:00\" \/>\n<meta property=\"article:modified_time\" content=\"2024-10-04T01:10:07+00:00\" \/>\n<meta property=\"og:image\" content=\"https:\/\/celebrityhouse.cz\/wp-content\/uploads\/2024\/10\/BSOP_foto-scaled.jpg\" \/>\n\t<meta property=\"og:image:width\" content=\"2560\" \/>\n\t<meta property=\"og:image:height\" content=\"1707\" \/>\n\t<meta property=\"og:image:type\" content=\"image\/jpeg\" \/>\n<meta name=\"author\" content=\"Martina Pechov\u00e1\" \/>\n<meta name=\"twitter:card\" content=\"summary_large_image\" \/>\n<meta name=\"twitter:label1\" content=\"Napsal(a)\" \/>\n\t<meta name=\"twitter:data1\" content=\"Martina Pechov\u00e1\" \/>\n\t<meta name=\"twitter:label2\" content=\"Odhadovan\u00e1 doba \u010dten\u00ed\" \/>\n\t<meta name=\"twitter:data2\" content=\"5 minut\" \/>\n<script type=\"application\/ld+json\" class=\"yoast-schema-graph\">{\"@context\":\"https:\/\/schema.org\",\"@graph\":[{\"@type\":\"Article\",\"@id\":\"https:\/\/celebrityhouse.cz\/index.php\/2024\/10\/04\/hvezdy-pop-opery-il-volo-jiz-brzy-vystoupi-v-praze-doprovodi-je-vehlasny-bohemian-symphony-orchestra-prague\/#article\",\"isPartOf\":{\"@id\":\"https:\/\/celebrityhouse.cz\/index.php\/2024\/10\/04\/hvezdy-pop-opery-il-volo-jiz-brzy-vystoupi-v-praze-doprovodi-je-vehlasny-bohemian-symphony-orchestra-prague\/\"},\"author\":{\"name\":\"Martina Pechov\u00e1\",\"@id\":\"https:\/\/celebrityhouse.cz\/#\/schema\/person\/b97cee16a2caa8cf7a55df6bcaff5d8c\"},\"headline\":\"Hv\u011bzdy pop-opery Il Volo ji\u017e brzy vystoup\u00ed v\u00a0Praze, doprovod\u00ed je v\u011bhlasn\u00fd Bohemian Symphony Orchestra Prague\",\"datePublished\":\"2024-10-03T22:01:00+00:00\",\"dateModified\":\"2024-10-04T01:10:07+00:00\",\"mainEntityOfPage\":{\"@id\":\"https:\/\/celebrityhouse.cz\/index.php\/2024\/10\/04\/hvezdy-pop-opery-il-volo-jiz-brzy-vystoupi-v-praze-doprovodi-je-vehlasny-bohemian-symphony-orchestra-prague\/\"},\"wordCount\":562,\"publisher\":{\"@id\":\"https:\/\/celebrityhouse.cz\/#organization\"},\"articleSection\":[\"AKCE\",\"FOTOREPORTY\",\"NEWS\",\"ZAHRANI\u010cN\u00cd CELEBRITY\"],\"inLanguage\":\"cs\"},{\"@type\":\"WebPage\",\"@id\":\"https:\/\/celebrityhouse.cz\/index.php\/2024\/10\/04\/hvezdy-pop-opery-il-volo-jiz-brzy-vystoupi-v-praze-doprovodi-je-vehlasny-bohemian-symphony-orchestra-prague\/\",\"url\":\"https:\/\/celebrityhouse.cz\/index.php\/2024\/10\/04\/hvezdy-pop-opery-il-volo-jiz-brzy-vystoupi-v-praze-doprovodi-je-vehlasny-bohemian-symphony-orchestra-prague\/\",\"name\":\"Hv\u011bzdy pop-opery Il Volo ji\u017e brzy vystoup\u00ed v\u00a0Praze, doprovod\u00ed je v\u011bhlasn\u00fd Bohemian Symphony Orchestra Prague - CELEBRITYHOUSE.cz\",\"isPartOf\":{\"@id\":\"https:\/\/celebrityhouse.cz\/#website\"},\"datePublished\":\"2024-10-03T22:01:00+00:00\",\"dateModified\":\"2024-10-04T01:10:07+00:00\",\"description\":\"Sv\u011btozn\u00e1m\u00e9 italsk\u00e9 pop-opern\u00ed trio Il Volo, tvo\u0159en\u00e9 Pierem Barone, Ignaziem Boschettem a Gianlucou Ginoblem, m\u00ed\u0159\u00ed do pra\u017esk\u00e9 O2 areny.\",\"breadcrumb\":{\"@id\":\"https:\/\/celebrityhouse.cz\/index.php\/2024\/10\/04\/hvezdy-pop-opery-il-volo-jiz-brzy-vystoupi-v-praze-doprovodi-je-vehlasny-bohemian-symphony-orchestra-prague\/#breadcrumb\"},\"inLanguage\":\"cs\",\"potentialAction\":[{\"@type\":\"ReadAction\",\"target\":[\"https:\/\/celebrityhouse.cz\/index.php\/2024\/10\/04\/hvezdy-pop-opery-il-volo-jiz-brzy-vystoupi-v-praze-doprovodi-je-vehlasny-bohemian-symphony-orchestra-prague\/\"]}]},{\"@type\":\"BreadcrumbList\",\"@id\":\"https:\/\/celebrityhouse.cz\/index.php\/2024\/10\/04\/hvezdy-pop-opery-il-volo-jiz-brzy-vystoupi-v-praze-doprovodi-je-vehlasny-bohemian-symphony-orchestra-prague\/#breadcrumb\",\"itemListElement\":[{\"@type\":\"ListItem\",\"position\":1,\"name\":\"Dom\u016f\",\"item\":\"https:\/\/celebrityhouse.cz\/\"},{\"@type\":\"ListItem\",\"position\":2,\"name\":\"Hv\u011bzdy pop-opery Il Volo ji\u017e brzy vystoup\u00ed v\u00a0Praze, doprovod\u00ed je v\u011bhlasn\u00fd Bohemian Symphony Orchestra Prague\"}]},{\"@type\":\"WebSite\",\"@id\":\"https:\/\/celebrityhouse.cz\/#website\",\"url\":\"https:\/\/celebrityhouse.cz\/\",\"name\":\"CELEBRITYHOUSE.cz\",\"description\":\"Port\u00e1l o showbyznysu...\",\"publisher\":{\"@id\":\"https:\/\/celebrityhouse.cz\/#organization\"},\"potentialAction\":[{\"@type\":\"SearchAction\",\"target\":{\"@type\":\"EntryPoint\",\"urlTemplate\":\"https:\/\/celebrityhouse.cz\/?s={search_term_string}\"},\"query-input\":\"required name=search_term_string\"}],\"inLanguage\":\"cs\"},{\"@type\":\"Organization\",\"@id\":\"https:\/\/celebrityhouse.cz\/#organization\",\"name\":\"CELEBRITYHOUSE.cz\",\"url\":\"https:\/\/celebrityhouse.cz\/\",\"logo\":{\"@type\":\"ImageObject\",\"inLanguage\":\"cs\",\"@id\":\"https:\/\/celebrityhouse.cz\/#\/schema\/logo\/image\/\",\"url\":\"https:\/\/celebrityhouse.cz\/wp-content\/uploads\/2024\/12\/cropped-Logo_CelebrityHouse_2.jpg\",\"contentUrl\":\"https:\/\/celebrityhouse.cz\/wp-content\/uploads\/2024\/12\/cropped-Logo_CelebrityHouse_2.jpg\",\"width\":937,\"height\":510,\"caption\":\"CELEBRITYHOUSE.cz\"},\"image\":{\"@id\":\"https:\/\/celebrityhouse.cz\/#\/schema\/logo\/image\/\"}},{\"@type\":\"Person\",\"@id\":\"https:\/\/celebrityhouse.cz\/#\/schema\/person\/b97cee16a2caa8cf7a55df6bcaff5d8c\",\"name\":\"Martina Pechov\u00e1\",\"image\":{\"@type\":\"ImageObject\",\"inLanguage\":\"cs\",\"@id\":\"https:\/\/celebrityhouse.cz\/#\/schema\/person\/image\/\",\"url\":\"https:\/\/secure.gravatar.com\/avatar\/d3ad7f43789eed68b221d01c6d7ac4e5?s=96&d=mm&r=g\",\"contentUrl\":\"https:\/\/secure.gravatar.com\/avatar\/d3ad7f43789eed68b221d01c6d7ac4e5?s=96&d=mm&r=g\",\"caption\":\"Martina Pechov\u00e1\"},\"sameAs\":[\"http:\/\/CELEBRITYHOUSE.cz\"],\"url\":\"https:\/\/celebrityhouse.cz\/index.php\/author\/marpech\/\"}]}<\/script>\n<!-- \/ Yoast SEO plugin. -->","yoast_head_json":{"title":"Hv\u011bzdy pop-opery Il Volo ji\u017e brzy vystoup\u00ed v\u00a0Praze, doprovod\u00ed je v\u011bhlasn\u00fd Bohemian Symphony Orchestra Prague - CELEBRITYHOUSE.cz","description":"Sv\u011btozn\u00e1m\u00e9 italsk\u00e9 pop-opern\u00ed trio Il Volo, tvo\u0159en\u00e9 Pierem Barone, Ignaziem Boschettem a Gianlucou Ginoblem, m\u00ed\u0159\u00ed do pra\u017esk\u00e9 O2 areny.","robots":{"index":"index","follow":"follow","max-snippet":"max-snippet:-1","max-image-preview":"max-image-preview:large","max-video-preview":"max-video-preview:-1"},"canonical":"https:\/\/celebrityhouse.cz\/index.php\/2024\/10\/04\/hvezdy-pop-opery-il-volo-jiz-brzy-vystoupi-v-praze-doprovodi-je-vehlasny-bohemian-symphony-orchestra-prague\/","og_locale":"cs_CZ","og_type":"article","og_title":"Hv\u011bzdy pop-opery Il Volo ji\u017e brzy vystoup\u00ed v\u00a0Praze, doprovod\u00ed je v\u011bhlasn\u00fd Bohemian Symphony Orchestra Prague - CELEBRITYHOUSE.cz","og_description":"Sv\u011btozn\u00e1m\u00e9 italsk\u00e9 pop-opern\u00ed trio Il Volo, tvo\u0159en\u00e9 Pierem Barone, Ignaziem Boschettem a Gianlucou Ginoblem, m\u00ed\u0159\u00ed do pra\u017esk\u00e9 O2 areny.","og_url":"https:\/\/celebrityhouse.cz\/index.php\/2024\/10\/04\/hvezdy-pop-opery-il-volo-jiz-brzy-vystoupi-v-praze-doprovodi-je-vehlasny-bohemian-symphony-orchestra-prague\/","og_site_name":"CELEBRITYHOUSE.cz","article_published_time":"2024-10-03T22:01:00+00:00","article_modified_time":"2024-10-04T01:10:07+00:00","og_image":[{"width":2560,"height":1707,"url":"https:\/\/celebrityhouse.cz\/wp-content\/uploads\/2024\/10\/BSOP_foto-scaled.jpg","type":"image\/jpeg"}],"author":"Martina Pechov\u00e1","twitter_card":"summary_large_image","twitter_misc":{"Napsal(a)":"Martina Pechov\u00e1","Odhadovan\u00e1 doba \u010dten\u00ed":"5 minut"},"schema":{"@context":"https:\/\/schema.org","@graph":[{"@type":"Article","@id":"https:\/\/celebrityhouse.cz\/index.php\/2024\/10\/04\/hvezdy-pop-opery-il-volo-jiz-brzy-vystoupi-v-praze-doprovodi-je-vehlasny-bohemian-symphony-orchestra-prague\/#article","isPartOf":{"@id":"https:\/\/celebrityhouse.cz\/index.php\/2024\/10\/04\/hvezdy-pop-opery-il-volo-jiz-brzy-vystoupi-v-praze-doprovodi-je-vehlasny-bohemian-symphony-orchestra-prague\/"},"author":{"name":"Martina Pechov\u00e1","@id":"https:\/\/celebrityhouse.cz\/#\/schema\/person\/b97cee16a2caa8cf7a55df6bcaff5d8c"},"headline":"Hv\u011bzdy pop-opery Il Volo ji\u017e brzy vystoup\u00ed v\u00a0Praze, doprovod\u00ed je v\u011bhlasn\u00fd Bohemian Symphony Orchestra Prague","datePublished":"2024-10-03T22:01:00+00:00","dateModified":"2024-10-04T01:10:07+00:00","mainEntityOfPage":{"@id":"https:\/\/celebrityhouse.cz\/index.php\/2024\/10\/04\/hvezdy-pop-opery-il-volo-jiz-brzy-vystoupi-v-praze-doprovodi-je-vehlasny-bohemian-symphony-orchestra-prague\/"},"wordCount":562,"publisher":{"@id":"https:\/\/celebrityhouse.cz\/#organization"},"articleSection":["AKCE","FOTOREPORTY","NEWS","ZAHRANI\u010cN\u00cd CELEBRITY"],"inLanguage":"cs"},{"@type":"WebPage","@id":"https:\/\/celebrityhouse.cz\/index.php\/2024\/10\/04\/hvezdy-pop-opery-il-volo-jiz-brzy-vystoupi-v-praze-doprovodi-je-vehlasny-bohemian-symphony-orchestra-prague\/","url":"https:\/\/celebrityhouse.cz\/index.php\/2024\/10\/04\/hvezdy-pop-opery-il-volo-jiz-brzy-vystoupi-v-praze-doprovodi-je-vehlasny-bohemian-symphony-orchestra-prague\/","name":"Hv\u011bzdy pop-opery Il Volo ji\u017e brzy vystoup\u00ed v\u00a0Praze, doprovod\u00ed je v\u011bhlasn\u00fd Bohemian Symphony Orchestra Prague - CELEBRITYHOUSE.cz","isPartOf":{"@id":"https:\/\/celebrityhouse.cz\/#website"},"datePublished":"2024-10-03T22:01:00+00:00","dateModified":"2024-10-04T01:10:07+00:00","description":"Sv\u011btozn\u00e1m\u00e9 italsk\u00e9 pop-opern\u00ed trio Il Volo, tvo\u0159en\u00e9 Pierem Barone, Ignaziem Boschettem a Gianlucou Ginoblem, m\u00ed\u0159\u00ed do pra\u017esk\u00e9 O2 areny.","breadcrumb":{"@id":"https:\/\/celebrityhouse.cz\/index.php\/2024\/10\/04\/hvezdy-pop-opery-il-volo-jiz-brzy-vystoupi-v-praze-doprovodi-je-vehlasny-bohemian-symphony-orchestra-prague\/#breadcrumb"},"inLanguage":"cs","potentialAction":[{"@type":"ReadAction","target":["https:\/\/celebrityhouse.cz\/index.php\/2024\/10\/04\/hvezdy-pop-opery-il-volo-jiz-brzy-vystoupi-v-praze-doprovodi-je-vehlasny-bohemian-symphony-orchestra-prague\/"]}]},{"@type":"BreadcrumbList","@id":"https:\/\/celebrityhouse.cz\/index.php\/2024\/10\/04\/hvezdy-pop-opery-il-volo-jiz-brzy-vystoupi-v-praze-doprovodi-je-vehlasny-bohemian-symphony-orchestra-prague\/#breadcrumb","itemListElement":[{"@type":"ListItem","position":1,"name":"Dom\u016f","item":"https:\/\/celebrityhouse.cz\/"},{"@type":"ListItem","position":2,"name":"Hv\u011bzdy pop-opery Il Volo ji\u017e brzy vystoup\u00ed v\u00a0Praze, doprovod\u00ed je v\u011bhlasn\u00fd Bohemian Symphony Orchestra Prague"}]},{"@type":"WebSite","@id":"https:\/\/celebrityhouse.cz\/#website","url":"https:\/\/celebrityhouse.cz\/","name":"CELEBRITYHOUSE.cz","description":"Port\u00e1l o showbyznysu...","publisher":{"@id":"https:\/\/celebrityhouse.cz\/#organization"},"potentialAction":[{"@type":"SearchAction","target":{"@type":"EntryPoint","urlTemplate":"https:\/\/celebrityhouse.cz\/?s={search_term_string}"},"query-input":"required name=search_term_string"}],"inLanguage":"cs"},{"@type":"Organization","@id":"https:\/\/celebrityhouse.cz\/#organization","name":"CELEBRITYHOUSE.cz","url":"https:\/\/celebrityhouse.cz\/","logo":{"@type":"ImageObject","inLanguage":"cs","@id":"https:\/\/celebrityhouse.cz\/#\/schema\/logo\/image\/","url":"https:\/\/celebrityhouse.cz\/wp-content\/uploads\/2024\/12\/cropped-Logo_CelebrityHouse_2.jpg","contentUrl":"https:\/\/celebrityhouse.cz\/wp-content\/uploads\/2024\/12\/cropped-Logo_CelebrityHouse_2.jpg","width":937,"height":510,"caption":"CELEBRITYHOUSE.cz"},"image":{"@id":"https:\/\/celebrityhouse.cz\/#\/schema\/logo\/image\/"}},{"@type":"Person","@id":"https:\/\/celebrityhouse.cz\/#\/schema\/person\/b97cee16a2caa8cf7a55df6bcaff5d8c","name":"Martina Pechov\u00e1","image":{"@type":"ImageObject","inLanguage":"cs","@id":"https:\/\/celebrityhouse.cz\/#\/schema\/person\/image\/","url":"https:\/\/secure.gravatar.com\/avatar\/d3ad7f43789eed68b221d01c6d7ac4e5?s=96&d=mm&r=g","contentUrl":"https:\/\/secure.gravatar.com\/avatar\/d3ad7f43789eed68b221d01c6d7ac4e5?s=96&d=mm&r=g","caption":"Martina Pechov\u00e1"},"sameAs":["http:\/\/CELEBRITYHOUSE.cz"],"url":"https:\/\/celebrityhouse.cz\/index.php\/author\/marpech\/"}]}},"_links":{"self":[{"href":"https:\/\/celebrityhouse.cz\/index.php\/wp-json\/wp\/v2\/posts\/9576"}],"collection":[{"href":"https:\/\/celebrityhouse.cz\/index.php\/wp-json\/wp\/v2\/posts"}],"about":[{"href":"https:\/\/celebrityhouse.cz\/index.php\/wp-json\/wp\/v2\/types\/post"}],"author":[{"embeddable":true,"href":"https:\/\/celebrityhouse.cz\/index.php\/wp-json\/wp\/v2\/users\/8"}],"replies":[{"embeddable":true,"href":"https:\/\/celebrityhouse.cz\/index.php\/wp-json\/wp\/v2\/comments?post=9576"}],"version-history":[{"count":3,"href":"https:\/\/celebrityhouse.cz\/index.php\/wp-json\/wp\/v2\/posts\/9576\/revisions"}],"predecessor-version":[{"id":9596,"href":"https:\/\/celebrityhouse.cz\/index.php\/wp-json\/wp\/v2\/posts\/9576\/revisions\/9596"}],"wp:featuredmedia":[{"embeddable":true,"href":"https:\/\/celebrityhouse.cz\/index.php\/wp-json\/wp\/v2\/media\/9582"}],"wp:attachment":[{"href":"https:\/\/celebrityhouse.cz\/index.php\/wp-json\/wp\/v2\/media?parent=9576"}],"wp:term":[{"taxonomy":"category","embeddable":true,"href":"https:\/\/celebrityhouse.cz\/index.php\/wp-json\/wp\/v2\/categories?post=9576"},{"taxonomy":"post_tag","embeddable":true,"href":"https:\/\/celebrityhouse.cz\/index.php\/wp-json\/wp\/v2\/tags?post=9576"}],"curies":[{"name":"wp","href":"https:\/\/api.w.org\/{rel}","templated":true}]}}