{"id":9722,"date":"2024-10-28T00:01:00","date_gmt":"2024-10-27T23:01:00","guid":{"rendered":"https:\/\/celebrityhouse.cz\/?p=9722"},"modified":"2024-10-09T16:12:00","modified_gmt":"2024-10-09T14:12:00","slug":"olomoucke-tvaruzky-se-dokutalely-do-lidlu-jsou-dostupne-po-celem-cesku","status":"publish","type":"post","link":"https:\/\/celebrityhouse.cz\/index.php\/2024\/10\/28\/olomoucke-tvaruzky-se-dokutalely-do-lidlu-jsou-dostupne-po-celem-cesku\/","title":{"rendered":"Olomouck\u00e9 tvar\u016f\u017eky se dokut\u00e1lely do Lidlu. Jsou dostupn\u00e9 po cel\u00e9m \u010cesku"},"content":{"rendered":"\n<div style=\"height:45px\" aria-hidden=\"true\" class=\"wp-block-spacer\"><\/div>\n\n\n\n<p><strong>Olomouck\u00e9 tvar\u016f\u017eky, jedin\u00fd \u010desk\u00fd p\u016fvodn\u00ed s\u00fdr, jsou nyn\u00ed dostupn\u00e9 ve v\u0161ech prodejn\u00e1ch obchodn\u00edho \u0159et\u011bzce Lidl v \u010cesk\u00e9 republice. Z\u00e1kazn\u00edci si mohou v r\u00e1mci st\u00e1l\u00e9 nab\u00eddky vychutnat men\u0161\u00ed variantu, zat\u00edmco v\u011bt\u0161\u00ed balen\u00ed tohoto tradi\u010dn\u00edho s\u00fdra bude dostupn\u00e9 p\u0159i speci\u00e1ln\u00edch akc\u00edch.<\/strong><\/p>\n\n\n\n<div style=\"height:45px\" aria-hidden=\"true\" class=\"wp-block-spacer\"><\/div>\n\n\n<div class=\"wp-block-image\">\n<figure class=\"aligncenter size-large\"><img decoding=\"async\" src=\"https:\/\/womenhouse.cz\/wp-content\/uploads\/2024\/10\/Ilustracni-foto_Olomoucke-tvaruzky_1-1024x683.jpg\" alt=\"Olomouck\u00e9 tvar\u016f\u017eky se dokut\u00e1lely do Lidlu. Jsou dostupn\u00e9 po cel\u00e9m \u010cesku\" class=\"wp-image-14059\" \/><\/figure><\/div>\n\n\n<div style=\"height:45px\" aria-hidden=\"true\" class=\"wp-block-spacer\"><\/div>\n\n\n\n<p>Vstup Olomouck\u00fdch tvar\u016f\u017ek\u016f do \u0159et\u011bzce Lidl p\u0159edstavuje v\u00fdznamn\u00fd krok v roz\u0161i\u0159ov\u00e1n\u00ed dostupnosti tradi\u010dn\u00edho \u010desk\u00e9ho s\u00fdra, kter\u00fd se vyr\u00e1b\u00ed v&nbsp;Lo\u0161tic\u00edch ji\u017e od roku 1876.<\/p>\n\n\n\n<p>\u201e<em>M\u00e1me radost, \u017ee nyn\u00ed m\u016f\u017eeme Olomouck\u00e9 tvar\u016f\u017eky p\u0159ibl\u00ed\u017eit \u0161irok\u00e9mu spektru z\u00e1kazn\u00edk\u016f ve stovk\u00e1ch prodejen Lidlu. V b\u011b\u017en\u00e9 nab\u00eddce najdou z\u00e1kazn\u00edci men\u0161\u00ed variantu, zat\u00edmco b\u011bhem ak\u010dn\u00edch nab\u00eddek budou k dispozici i v\u011bt\u0161\u00ed balen\u00ed. Podle z\u00e1jmu m\u016f\u017eeme nab\u00eddku roz\u0161\u00ed\u0159it, nap\u0159\u00edklad o v\u00e1no\u010dn\u00ed speciality,&#8220;<\/em> uvedl <strong>Michal Pavelka, gener\u00e1ln\u00ed \u0159editel a CEO spole\u010dnosti A. W. spol. s r. o.,<\/strong><strong> v\u00fdrobce tvar\u016f\u017ek\u016f pod zna\u010dkou Olomouck\u00e9 tvar\u016f\u017eky<\/strong>.<\/p>\n\n\n\n<div style=\"height:45px\" aria-hidden=\"true\" class=\"wp-block-spacer\"><\/div>\n\n\n<div class=\"wp-block-image\">\n<figure class=\"aligncenter size-large\"><img decoding=\"async\" src=\"https:\/\/womenhouse.cz\/wp-content\/uploads\/2024\/10\/Ilustracni-foto_Olomoucke-tvaruzky_6-1024x683.jpg\" alt=\"Olomouck\u00e9 tvar\u016f\u017eky se dokut\u00e1lely do Lidlu. Jsou dostupn\u00e9 po cel\u00e9m \u010cesku\" class=\"wp-image-14057\" \/><\/figure><\/div>\n\n\n<div style=\"height:45px\" aria-hidden=\"true\" class=\"wp-block-spacer\"><\/div>\n\n\n\n<p>Olomouck\u00e9 tvar\u016f\u017eky se vyr\u00e1b\u011bj\u00ed z netu\u010dn\u00e9ho kysel\u00e9ho tvarohu. D\u00edky kvalitn\u00edm surovin\u00e1m a tradi\u010dn\u00edmu postupu v\u00fdroby se vytv\u00e1\u0159\u00ed jejich charakteristick\u00e1 chu\u0165 a v\u016fn\u011b. P\u0159i v\u00fdrob\u011b Olomouck\u00fdch tvar\u016f\u017ek\u016f se nepou\u017e\u00edvaj\u00ed sy\u0159idla, barviva ani stabiliz\u00e1tory, tak\u017ee jsou vhodnou s\u00fdrovou volbou i pro ty, kte\u0159\u00ed dodr\u017euj\u00ed bezlepkovou dietu.<\/p>\n\n\n\n<p>\u201e<em>Z roz\u0161\u00ed\u0159en\u00ed na\u0161\u00ed st\u00e1l\u00e9 nab\u00eddky o Olomouck\u00e9 tvar\u016f\u017eky m\u00e1me radost. Dokonale toti\u017e snoub\u00ed to, na co se v&nbsp;Lidlu zam\u011b\u0159ujeme \u2013 podporu dom\u00e1c\u00edch dodavatel\u016f a z\u00e1rove\u0148 zaji\u0161t\u011bn\u00ed t\u00e9 nejvy\u0161\u0161\u00ed kvality za dostupn\u00e9 ceny pro na\u0161e z\u00e1kazn\u00edky. V\u011b\u0159\u00edme, \u017ee na\u0161i spolupr\u00e1ci ocen\u00ed i milovn\u00edci tvar\u016f\u017ek\u016f,\u201c<\/em> <strong>\u0159ekla Eli\u0161ka Froschov\u00e1 Stehl\u00edkov\u00e1, mluv\u010d\u00ed spole\u010dnosti Lidl \u010cesk\u00e1 republika.<\/strong><\/p>\n\n\n\n<div style=\"height:45px\" aria-hidden=\"true\" class=\"wp-block-spacer\"><\/div>\n\n\n<div class=\"wp-block-image\">\n<figure class=\"aligncenter size-large\"><img decoding=\"async\" src=\"https:\/\/womenhouse.cz\/wp-content\/uploads\/2024\/10\/Ilustracni-foto_Olomoucke-tvaruzky_2-1024x828.jpg\" alt=\"Olomouck\u00e9 tvar\u016f\u017eky se dokut\u00e1lely do Lidlu. Jsou dostupn\u00e9 po cel\u00e9m \u010cesku\" class=\"wp-image-14056\" \/><\/figure><\/div>\n\n\n<div style=\"height:45px\" aria-hidden=\"true\" class=\"wp-block-spacer\"><\/div>\n\n\n\n<p>\u201e<em>Vysok\u00fd obsah b\u00edlkovin a n\u00edzk\u00fd obsah tuku \u010din\u00ed z tvar\u016f\u017ek\u016f ide\u00e1ln\u00ed pochutinu pro ty, kdo hledaj\u00ed lehk\u00fd a zdrav\u00fd pokrm a z\u00e1rove\u0148 necht\u011bj\u00ed slevit ze sv\u00fdch chu\u0165ov\u00fdch n\u00e1rok\u016f<\/em><em>,\u201c <\/em>doplnil <strong>Leo\u0161 Kalandra<\/strong>.<strong> Leo\u0161 Kalandra, vedouc\u00ed obchodu a marketingu spole\u010dnosti <\/strong><strong>A. W. spol. s r. o.,<\/strong><strong> v\u00fdrobce tvar\u016f\u017ek\u016f pod zna\u010dkou Olomouck\u00e9 tvar\u016f\u017eky<\/strong>.<\/p>\n\n\n\n<p>Olomouck\u00e9 tvar\u016f\u017eky jako jedine\u010dn\u00fd tuzemsk\u00fd produkt z\u00edskal v roce 2010 chr\u00e1n\u011bn\u00e9 ozna\u010den\u00ed p\u016fvodu od Evropsk\u00e9 komise, co\u017e potvrzuje jeho v\u00fdjime\u010dnou kvalitu a region\u00e1ln\u00ed p\u016fvod.<\/p>\n\n\n\n<p>Olomouck\u00e9 tvar\u016f\u017eky jsou krom\u011b Lidlu k dost\u00e1n\u00ed tak\u00e9 v&nbsp;kamenn\u00fdch prodejn\u00e1ch Tesco, Penny, Kaufland, Globus, Albert, Billa, Hru\u0161ka a dal\u0161\u00edch obchodn\u00edch \u0159et\u011bzc\u00edch, v\u010detn\u011b velkoobchod\u016f JIP, MAKRO \u010di Bidfood.<\/p>\n\n\n\n<div style=\"height:45px\" aria-hidden=\"true\" class=\"wp-block-spacer\"><\/div>\n\n\n<div class=\"wp-block-image\">\n<figure class=\"aligncenter size-large\"><img decoding=\"async\" src=\"https:\/\/womenhouse.cz\/wp-content\/uploads\/2024\/10\/Ilustracni-foto_Olomoucke-tvaruzky_5-1024x683.jpg\" alt=\"Olomouck\u00e9 tvar\u016f\u017eky se dokut\u00e1lely do Lidlu. Jsou dostupn\u00e9 po cel\u00e9m \u010cesku\" class=\"wp-image-14061\" \/><\/figure><\/div>\n\n\n<div style=\"height:45px\" aria-hidden=\"true\" class=\"wp-block-spacer\"><\/div>\n\n\n\n<p><strong>V\u00edce na: <a href=\"http:\/\/www.tvaruzky.cz\">www.tvaruzky.cz<\/a><\/strong><\/p>\n\n\n\n<div style=\"height:45px\" aria-hidden=\"true\" class=\"wp-block-spacer\"><\/div>\n\n\n\n<figure class=\"wp-block-gallery has-nested-images columns-2 is-cropped wp-block-gallery-1 is-layout-flex wp-block-gallery-is-layout-flex\">\n<figure class=\"wp-block-image size-large\"><img decoding=\"async\" data-id=\"14059\" src=\"https:\/\/womenhouse.cz\/wp-content\/uploads\/2024\/10\/Ilustracni-foto_Olomoucke-tvaruzky_1-1024x683.jpg\" alt=\"Olomouck\u00e9 tvar\u016f\u017eky se dokut\u00e1lely do Lidlu. Jsou dostupn\u00e9 po cel\u00e9m \u010cesku\" class=\"wp-image-14059\" \/><\/figure>\n\n\n\n<figure class=\"wp-block-image size-large\"><img decoding=\"async\" data-id=\"14060\" src=\"https:\/\/womenhouse.cz\/wp-content\/uploads\/2024\/10\/Ilustracni-foto_Olomoucke-tvaruzky_3-1024x683.jpg\" alt=\"Olomouck\u00e9 tvar\u016f\u017eky se dokut\u00e1lely do Lidlu. Jsou dostupn\u00e9 po cel\u00e9m \u010cesku\" class=\"wp-image-14060\" \/><\/figure>\n\n\n\n<figure class=\"wp-block-image size-large\"><img decoding=\"async\" data-id=\"14058\" src=\"https:\/\/womenhouse.cz\/wp-content\/uploads\/2024\/10\/Ilustracni-foto_Olomoucke-tvaruzky_4-1024x683.jpg\" alt=\"Olomouck\u00e9 tvar\u016f\u017eky se dokut\u00e1lely do Lidlu. Jsou dostupn\u00e9 po cel\u00e9m \u010cesku\" class=\"wp-image-14058\" \/><\/figure>\n\n\n\n<figure class=\"wp-block-image size-large\"><img decoding=\"async\" data-id=\"14061\" src=\"https:\/\/womenhouse.cz\/wp-content\/uploads\/2024\/10\/Ilustracni-foto_Olomoucke-tvaruzky_5-1024x683.jpg\" alt=\"Olomouck\u00e9 tvar\u016f\u017eky se dokut\u00e1lely do Lidlu. Jsou dostupn\u00e9 po cel\u00e9m \u010cesku\" class=\"wp-image-14061\" \/><\/figure>\n\n\n\n<figure class=\"wp-block-image size-large\"><img decoding=\"async\" data-id=\"14057\" src=\"https:\/\/womenhouse.cz\/wp-content\/uploads\/2024\/10\/Ilustracni-foto_Olomoucke-tvaruzky_6-1024x683.jpg\" alt=\"Olomouck\u00e9 tvar\u016f\u017eky se dokut\u00e1lely do Lidlu. Jsou dostupn\u00e9 po cel\u00e9m \u010cesku\" class=\"wp-image-14057\" \/><\/figure>\n\n\n\n<figure class=\"wp-block-image size-large\"><img decoding=\"async\" data-id=\"14056\" src=\"https:\/\/womenhouse.cz\/wp-content\/uploads\/2024\/10\/Ilustracni-foto_Olomoucke-tvaruzky_2-1024x828.jpg\" alt=\"Olomouck\u00e9 tvar\u016f\u017eky se dokut\u00e1lely do Lidlu. Jsou dostupn\u00e9 po cel\u00e9m \u010cesku\" class=\"wp-image-14056\" \/><\/figure>\n<\/figure>\n\n\n\n<div style=\"height:45px\" aria-hidden=\"true\" class=\"wp-block-spacer\"><\/div>\n\n\n\n<p><strong>Zdroj foto: <\/strong>A.W. Olomouck\u00e9 tvar\u016f\u017eky<\/p>\n\n\n\n<div style=\"height:45px\" aria-hidden=\"true\" class=\"wp-block-spacer\"><\/div>\n","protected":false},"excerpt":{"rendered":"<p>Olomouck\u00e9 tvar\u016f\u017eky, jedin\u00fd \u010desk\u00fd p\u016fvodn\u00ed s\u00fdr, jsou nyn\u00ed dostupn\u00e9 ve v\u0161ech prodejn\u00e1ch obchodn\u00edho \u0159et\u011bzce Lidl v \u010cesk\u00e9 republice. Z\u00e1kazn\u00edci si mohou v r\u00e1mci st\u00e1l\u00e9 nab\u00eddky vychutnat men\u0161\u00ed variantu, zat\u00edmco v\u011bt\u0161\u00ed balen\u00ed tohoto tradi\u010dn\u00edho s\u00fdra&#46;&#46;&#46;<\/p>\n","protected":false},"author":8,"featured_media":9723,"comment_status":"closed","ping_status":"closed","sticky":false,"template":"","format":"standard","meta":{"_monsterinsights_skip_tracking":false,"_monsterinsights_sitenote_active":false,"_monsterinsights_sitenote_note":"","_monsterinsights_sitenote_category":0,"footnotes":""},"categories":[19,13,2,21],"tags":[],"yoast_head":"<!-- This site is optimized with the Yoast SEO plugin v21.5 - https:\/\/yoast.com\/wordpress\/plugins\/seo\/ -->\n<title>Olomouck\u00e9 tvar\u016f\u017eky se dokut\u00e1lely do Lidlu. Jsou dostupn\u00e9 po cel\u00e9m \u010cesku - CELEBRITYHOUSE.cz<\/title>\n<meta name=\"description\" content=\"Olomouck\u00e9 tvar\u016f\u017eky, jedin\u00fd \u010desk\u00fd p\u016fvodn\u00ed s\u00fdr, jsou nyn\u00ed dostupn\u00e9 ve v\u0161ech prodejn\u00e1ch obchodn\u00edho \u0159et\u011bzce Lidl v \u010cesk\u00e9 republice.\" \/>\n<meta name=\"robots\" content=\"index, follow, max-snippet:-1, max-image-preview:large, max-video-preview:-1\" \/>\n<link rel=\"canonical\" href=\"https:\/\/celebrityhouse.cz\/index.php\/2024\/10\/28\/olomoucke-tvaruzky-se-dokutalely-do-lidlu-jsou-dostupne-po-celem-cesku\/\" \/>\n<meta property=\"og:locale\" content=\"cs_CZ\" \/>\n<meta property=\"og:type\" content=\"article\" \/>\n<meta property=\"og:title\" content=\"Olomouck\u00e9 tvar\u016f\u017eky se dokut\u00e1lely do Lidlu. Jsou dostupn\u00e9 po cel\u00e9m \u010cesku - CELEBRITYHOUSE.cz\" \/>\n<meta property=\"og:description\" content=\"Olomouck\u00e9 tvar\u016f\u017eky, jedin\u00fd \u010desk\u00fd p\u016fvodn\u00ed s\u00fdr, jsou nyn\u00ed dostupn\u00e9 ve v\u0161ech prodejn\u00e1ch obchodn\u00edho \u0159et\u011bzce Lidl v \u010cesk\u00e9 republice.\" \/>\n<meta property=\"og:url\" content=\"https:\/\/celebrityhouse.cz\/index.php\/2024\/10\/28\/olomoucke-tvaruzky-se-dokutalely-do-lidlu-jsou-dostupne-po-celem-cesku\/\" \/>\n<meta property=\"og:site_name\" content=\"CELEBRITYHOUSE.cz\" \/>\n<meta property=\"article:published_time\" content=\"2024-10-27T23:01:00+00:00\" \/>\n<meta property=\"article:modified_time\" content=\"2024-10-09T14:12:00+00:00\" \/>\n<meta property=\"og:image\" content=\"https:\/\/celebrityhouse.cz\/wp-content\/uploads\/2024\/10\/Ilustracni-foto_Olomoucke-tvaruzky_1.jpg\" \/>\n\t<meta property=\"og:image:width\" content=\"2097\" \/>\n\t<meta property=\"og:image:height\" content=\"1398\" \/>\n\t<meta property=\"og:image:type\" content=\"image\/jpeg\" \/>\n<meta name=\"author\" content=\"Martina Pechov\u00e1\" \/>\n<meta name=\"twitter:card\" content=\"summary_large_image\" \/>\n<meta name=\"twitter:label1\" content=\"Napsal(a)\" \/>\n\t<meta name=\"twitter:data1\" content=\"Martina Pechov\u00e1\" \/>\n\t<meta name=\"twitter:label2\" content=\"Odhadovan\u00e1 doba \u010dten\u00ed\" \/>\n\t<meta name=\"twitter:data2\" content=\"4 minuty\" \/>\n<script type=\"application\/ld+json\" class=\"yoast-schema-graph\">{\"@context\":\"https:\/\/schema.org\",\"@graph\":[{\"@type\":\"Article\",\"@id\":\"https:\/\/celebrityhouse.cz\/index.php\/2024\/10\/28\/olomoucke-tvaruzky-se-dokutalely-do-lidlu-jsou-dostupne-po-celem-cesku\/#article\",\"isPartOf\":{\"@id\":\"https:\/\/celebrityhouse.cz\/index.php\/2024\/10\/28\/olomoucke-tvaruzky-se-dokutalely-do-lidlu-jsou-dostupne-po-celem-cesku\/\"},\"author\":{\"name\":\"Martina Pechov\u00e1\",\"@id\":\"https:\/\/celebrityhouse.cz\/#\/schema\/person\/b97cee16a2caa8cf7a55df6bcaff5d8c\"},\"headline\":\"Olomouck\u00e9 tvar\u016f\u017eky se dokut\u00e1lely do Lidlu. Jsou dostupn\u00e9 po cel\u00e9m \u010cesku\",\"datePublished\":\"2024-10-27T23:01:00+00:00\",\"dateModified\":\"2024-10-09T14:12:00+00:00\",\"mainEntityOfPage\":{\"@id\":\"https:\/\/celebrityhouse.cz\/index.php\/2024\/10\/28\/olomoucke-tvaruzky-se-dokutalely-do-lidlu-jsou-dostupne-po-celem-cesku\/\"},\"wordCount\":499,\"publisher\":{\"@id\":\"https:\/\/celebrityhouse.cz\/#organization\"},\"articleSection\":[\"AKCE\",\"FOTOREPORTY\",\"NEWS\",\"VA\u0158EN\u00cd &amp; RECEPTY &amp; GASTRO\"],\"inLanguage\":\"cs\"},{\"@type\":\"WebPage\",\"@id\":\"https:\/\/celebrityhouse.cz\/index.php\/2024\/10\/28\/olomoucke-tvaruzky-se-dokutalely-do-lidlu-jsou-dostupne-po-celem-cesku\/\",\"url\":\"https:\/\/celebrityhouse.cz\/index.php\/2024\/10\/28\/olomoucke-tvaruzky-se-dokutalely-do-lidlu-jsou-dostupne-po-celem-cesku\/\",\"name\":\"Olomouck\u00e9 tvar\u016f\u017eky se dokut\u00e1lely do Lidlu. Jsou dostupn\u00e9 po cel\u00e9m \u010cesku - CELEBRITYHOUSE.cz\",\"isPartOf\":{\"@id\":\"https:\/\/celebrityhouse.cz\/#website\"},\"datePublished\":\"2024-10-27T23:01:00+00:00\",\"dateModified\":\"2024-10-09T14:12:00+00:00\",\"description\":\"Olomouck\u00e9 tvar\u016f\u017eky, jedin\u00fd \u010desk\u00fd p\u016fvodn\u00ed s\u00fdr, jsou nyn\u00ed dostupn\u00e9 ve v\u0161ech prodejn\u00e1ch obchodn\u00edho \u0159et\u011bzce Lidl v \u010cesk\u00e9 republice.\",\"breadcrumb\":{\"@id\":\"https:\/\/celebrityhouse.cz\/index.php\/2024\/10\/28\/olomoucke-tvaruzky-se-dokutalely-do-lidlu-jsou-dostupne-po-celem-cesku\/#breadcrumb\"},\"inLanguage\":\"cs\",\"potentialAction\":[{\"@type\":\"ReadAction\",\"target\":[\"https:\/\/celebrityhouse.cz\/index.php\/2024\/10\/28\/olomoucke-tvaruzky-se-dokutalely-do-lidlu-jsou-dostupne-po-celem-cesku\/\"]}]},{\"@type\":\"BreadcrumbList\",\"@id\":\"https:\/\/celebrityhouse.cz\/index.php\/2024\/10\/28\/olomoucke-tvaruzky-se-dokutalely-do-lidlu-jsou-dostupne-po-celem-cesku\/#breadcrumb\",\"itemListElement\":[{\"@type\":\"ListItem\",\"position\":1,\"name\":\"Dom\u016f\",\"item\":\"https:\/\/celebrityhouse.cz\/\"},{\"@type\":\"ListItem\",\"position\":2,\"name\":\"Olomouck\u00e9 tvar\u016f\u017eky se dokut\u00e1lely do Lidlu. Jsou dostupn\u00e9 po cel\u00e9m \u010cesku\"}]},{\"@type\":\"WebSite\",\"@id\":\"https:\/\/celebrityhouse.cz\/#website\",\"url\":\"https:\/\/celebrityhouse.cz\/\",\"name\":\"CELEBRITYHOUSE.cz\",\"description\":\"Port\u00e1l o showbyznysu...\",\"publisher\":{\"@id\":\"https:\/\/celebrityhouse.cz\/#organization\"},\"potentialAction\":[{\"@type\":\"SearchAction\",\"target\":{\"@type\":\"EntryPoint\",\"urlTemplate\":\"https:\/\/celebrityhouse.cz\/?s={search_term_string}\"},\"query-input\":\"required name=search_term_string\"}],\"inLanguage\":\"cs\"},{\"@type\":\"Organization\",\"@id\":\"https:\/\/celebrityhouse.cz\/#organization\",\"name\":\"CELEBRITYHOUSE.cz\",\"url\":\"https:\/\/celebrityhouse.cz\/\",\"logo\":{\"@type\":\"ImageObject\",\"inLanguage\":\"cs\",\"@id\":\"https:\/\/celebrityhouse.cz\/#\/schema\/logo\/image\/\",\"url\":\"https:\/\/celebrityhouse.cz\/wp-content\/uploads\/2024\/12\/cropped-Logo_CelebrityHouse_2.jpg\",\"contentUrl\":\"https:\/\/celebrityhouse.cz\/wp-content\/uploads\/2024\/12\/cropped-Logo_CelebrityHouse_2.jpg\",\"width\":937,\"height\":510,\"caption\":\"CELEBRITYHOUSE.cz\"},\"image\":{\"@id\":\"https:\/\/celebrityhouse.cz\/#\/schema\/logo\/image\/\"}},{\"@type\":\"Person\",\"@id\":\"https:\/\/celebrityhouse.cz\/#\/schema\/person\/b97cee16a2caa8cf7a55df6bcaff5d8c\",\"name\":\"Martina Pechov\u00e1\",\"image\":{\"@type\":\"ImageObject\",\"inLanguage\":\"cs\",\"@id\":\"https:\/\/celebrityhouse.cz\/#\/schema\/person\/image\/\",\"url\":\"https:\/\/secure.gravatar.com\/avatar\/d3ad7f43789eed68b221d01c6d7ac4e5?s=96&d=mm&r=g\",\"contentUrl\":\"https:\/\/secure.gravatar.com\/avatar\/d3ad7f43789eed68b221d01c6d7ac4e5?s=96&d=mm&r=g\",\"caption\":\"Martina Pechov\u00e1\"},\"sameAs\":[\"http:\/\/CELEBRITYHOUSE.cz\"],\"url\":\"https:\/\/celebrityhouse.cz\/index.php\/author\/marpech\/\"}]}<\/script>\n<!-- \/ Yoast SEO plugin. -->","yoast_head_json":{"title":"Olomouck\u00e9 tvar\u016f\u017eky se dokut\u00e1lely do Lidlu. Jsou dostupn\u00e9 po cel\u00e9m \u010cesku - CELEBRITYHOUSE.cz","description":"Olomouck\u00e9 tvar\u016f\u017eky, jedin\u00fd \u010desk\u00fd p\u016fvodn\u00ed s\u00fdr, jsou nyn\u00ed dostupn\u00e9 ve v\u0161ech prodejn\u00e1ch obchodn\u00edho \u0159et\u011bzce Lidl v \u010cesk\u00e9 republice.","robots":{"index":"index","follow":"follow","max-snippet":"max-snippet:-1","max-image-preview":"max-image-preview:large","max-video-preview":"max-video-preview:-1"},"canonical":"https:\/\/celebrityhouse.cz\/index.php\/2024\/10\/28\/olomoucke-tvaruzky-se-dokutalely-do-lidlu-jsou-dostupne-po-celem-cesku\/","og_locale":"cs_CZ","og_type":"article","og_title":"Olomouck\u00e9 tvar\u016f\u017eky se dokut\u00e1lely do Lidlu. Jsou dostupn\u00e9 po cel\u00e9m \u010cesku - CELEBRITYHOUSE.cz","og_description":"Olomouck\u00e9 tvar\u016f\u017eky, jedin\u00fd \u010desk\u00fd p\u016fvodn\u00ed s\u00fdr, jsou nyn\u00ed dostupn\u00e9 ve v\u0161ech prodejn\u00e1ch obchodn\u00edho \u0159et\u011bzce Lidl v \u010cesk\u00e9 republice.","og_url":"https:\/\/celebrityhouse.cz\/index.php\/2024\/10\/28\/olomoucke-tvaruzky-se-dokutalely-do-lidlu-jsou-dostupne-po-celem-cesku\/","og_site_name":"CELEBRITYHOUSE.cz","article_published_time":"2024-10-27T23:01:00+00:00","article_modified_time":"2024-10-09T14:12:00+00:00","og_image":[{"width":2097,"height":1398,"url":"https:\/\/celebrityhouse.cz\/wp-content\/uploads\/2024\/10\/Ilustracni-foto_Olomoucke-tvaruzky_1.jpg","type":"image\/jpeg"}],"author":"Martina Pechov\u00e1","twitter_card":"summary_large_image","twitter_misc":{"Napsal(a)":"Martina Pechov\u00e1","Odhadovan\u00e1 doba \u010dten\u00ed":"4 minuty"},"schema":{"@context":"https:\/\/schema.org","@graph":[{"@type":"Article","@id":"https:\/\/celebrityhouse.cz\/index.php\/2024\/10\/28\/olomoucke-tvaruzky-se-dokutalely-do-lidlu-jsou-dostupne-po-celem-cesku\/#article","isPartOf":{"@id":"https:\/\/celebrityhouse.cz\/index.php\/2024\/10\/28\/olomoucke-tvaruzky-se-dokutalely-do-lidlu-jsou-dostupne-po-celem-cesku\/"},"author":{"name":"Martina Pechov\u00e1","@id":"https:\/\/celebrityhouse.cz\/#\/schema\/person\/b97cee16a2caa8cf7a55df6bcaff5d8c"},"headline":"Olomouck\u00e9 tvar\u016f\u017eky se dokut\u00e1lely do Lidlu. Jsou dostupn\u00e9 po cel\u00e9m \u010cesku","datePublished":"2024-10-27T23:01:00+00:00","dateModified":"2024-10-09T14:12:00+00:00","mainEntityOfPage":{"@id":"https:\/\/celebrityhouse.cz\/index.php\/2024\/10\/28\/olomoucke-tvaruzky-se-dokutalely-do-lidlu-jsou-dostupne-po-celem-cesku\/"},"wordCount":499,"publisher":{"@id":"https:\/\/celebrityhouse.cz\/#organization"},"articleSection":["AKCE","FOTOREPORTY","NEWS","VA\u0158EN\u00cd &amp; RECEPTY &amp; GASTRO"],"inLanguage":"cs"},{"@type":"WebPage","@id":"https:\/\/celebrityhouse.cz\/index.php\/2024\/10\/28\/olomoucke-tvaruzky-se-dokutalely-do-lidlu-jsou-dostupne-po-celem-cesku\/","url":"https:\/\/celebrityhouse.cz\/index.php\/2024\/10\/28\/olomoucke-tvaruzky-se-dokutalely-do-lidlu-jsou-dostupne-po-celem-cesku\/","name":"Olomouck\u00e9 tvar\u016f\u017eky se dokut\u00e1lely do Lidlu. Jsou dostupn\u00e9 po cel\u00e9m \u010cesku - CELEBRITYHOUSE.cz","isPartOf":{"@id":"https:\/\/celebrityhouse.cz\/#website"},"datePublished":"2024-10-27T23:01:00+00:00","dateModified":"2024-10-09T14:12:00+00:00","description":"Olomouck\u00e9 tvar\u016f\u017eky, jedin\u00fd \u010desk\u00fd p\u016fvodn\u00ed s\u00fdr, jsou nyn\u00ed dostupn\u00e9 ve v\u0161ech prodejn\u00e1ch obchodn\u00edho \u0159et\u011bzce Lidl v \u010cesk\u00e9 republice.","breadcrumb":{"@id":"https:\/\/celebrityhouse.cz\/index.php\/2024\/10\/28\/olomoucke-tvaruzky-se-dokutalely-do-lidlu-jsou-dostupne-po-celem-cesku\/#breadcrumb"},"inLanguage":"cs","potentialAction":[{"@type":"ReadAction","target":["https:\/\/celebrityhouse.cz\/index.php\/2024\/10\/28\/olomoucke-tvaruzky-se-dokutalely-do-lidlu-jsou-dostupne-po-celem-cesku\/"]}]},{"@type":"BreadcrumbList","@id":"https:\/\/celebrityhouse.cz\/index.php\/2024\/10\/28\/olomoucke-tvaruzky-se-dokutalely-do-lidlu-jsou-dostupne-po-celem-cesku\/#breadcrumb","itemListElement":[{"@type":"ListItem","position":1,"name":"Dom\u016f","item":"https:\/\/celebrityhouse.cz\/"},{"@type":"ListItem","position":2,"name":"Olomouck\u00e9 tvar\u016f\u017eky se dokut\u00e1lely do Lidlu. Jsou dostupn\u00e9 po cel\u00e9m \u010cesku"}]},{"@type":"WebSite","@id":"https:\/\/celebrityhouse.cz\/#website","url":"https:\/\/celebrityhouse.cz\/","name":"CELEBRITYHOUSE.cz","description":"Port\u00e1l o showbyznysu...","publisher":{"@id":"https:\/\/celebrityhouse.cz\/#organization"},"potentialAction":[{"@type":"SearchAction","target":{"@type":"EntryPoint","urlTemplate":"https:\/\/celebrityhouse.cz\/?s={search_term_string}"},"query-input":"required name=search_term_string"}],"inLanguage":"cs"},{"@type":"Organization","@id":"https:\/\/celebrityhouse.cz\/#organization","name":"CELEBRITYHOUSE.cz","url":"https:\/\/celebrityhouse.cz\/","logo":{"@type":"ImageObject","inLanguage":"cs","@id":"https:\/\/celebrityhouse.cz\/#\/schema\/logo\/image\/","url":"https:\/\/celebrityhouse.cz\/wp-content\/uploads\/2024\/12\/cropped-Logo_CelebrityHouse_2.jpg","contentUrl":"https:\/\/celebrityhouse.cz\/wp-content\/uploads\/2024\/12\/cropped-Logo_CelebrityHouse_2.jpg","width":937,"height":510,"caption":"CELEBRITYHOUSE.cz"},"image":{"@id":"https:\/\/celebrityhouse.cz\/#\/schema\/logo\/image\/"}},{"@type":"Person","@id":"https:\/\/celebrityhouse.cz\/#\/schema\/person\/b97cee16a2caa8cf7a55df6bcaff5d8c","name":"Martina Pechov\u00e1","image":{"@type":"ImageObject","inLanguage":"cs","@id":"https:\/\/celebrityhouse.cz\/#\/schema\/person\/image\/","url":"https:\/\/secure.gravatar.com\/avatar\/d3ad7f43789eed68b221d01c6d7ac4e5?s=96&d=mm&r=g","contentUrl":"https:\/\/secure.gravatar.com\/avatar\/d3ad7f43789eed68b221d01c6d7ac4e5?s=96&d=mm&r=g","caption":"Martina Pechov\u00e1"},"sameAs":["http:\/\/CELEBRITYHOUSE.cz"],"url":"https:\/\/celebrityhouse.cz\/index.php\/author\/marpech\/"}]}},"_links":{"self":[{"href":"https:\/\/celebrityhouse.cz\/index.php\/wp-json\/wp\/v2\/posts\/9722"}],"collection":[{"href":"https:\/\/celebrityhouse.cz\/index.php\/wp-json\/wp\/v2\/posts"}],"about":[{"href":"https:\/\/celebrityhouse.cz\/index.php\/wp-json\/wp\/v2\/types\/post"}],"author":[{"embeddable":true,"href":"https:\/\/celebrityhouse.cz\/index.php\/wp-json\/wp\/v2\/users\/8"}],"replies":[{"embeddable":true,"href":"https:\/\/celebrityhouse.cz\/index.php\/wp-json\/wp\/v2\/comments?post=9722"}],"version-history":[{"count":1,"href":"https:\/\/celebrityhouse.cz\/index.php\/wp-json\/wp\/v2\/posts\/9722\/revisions"}],"predecessor-version":[{"id":9730,"href":"https:\/\/celebrityhouse.cz\/index.php\/wp-json\/wp\/v2\/posts\/9722\/revisions\/9730"}],"wp:featuredmedia":[{"embeddable":true,"href":"https:\/\/celebrityhouse.cz\/index.php\/wp-json\/wp\/v2\/media\/9723"}],"wp:attachment":[{"href":"https:\/\/celebrityhouse.cz\/index.php\/wp-json\/wp\/v2\/media?parent=9722"}],"wp:term":[{"taxonomy":"category","embeddable":true,"href":"https:\/\/celebrityhouse.cz\/index.php\/wp-json\/wp\/v2\/categories?post=9722"},{"taxonomy":"post_tag","embeddable":true,"href":"https:\/\/celebrityhouse.cz\/index.php\/wp-json\/wp\/v2\/tags?post=9722"}],"curies":[{"name":"wp","href":"https:\/\/api.w.org\/{rel}","templated":true}]}}